{"id":573593,"date":"2024-09-02T14:04:47","date_gmt":"2024-09-02T17:04:47","guid":{"rendered":"https:\/\/www.suno.com.br\/noticias\/?p=573593"},"modified":"2024-09-02T18:22:11","modified_gmt":"2024-09-02T21:22:11","slug":"maiores-altas-ibovespa-2024-embraer-embr3-evm","status":"publish","type":"post","link":"https:\/\/www.suno.com.br\/noticias\/maiores-altas-ibovespa-2024-embraer-embr3-evm\/","title":{"rendered":"Embraer (EMBR3) dispara 107%; veja as maiores altas do Ibovespa em 2024 at\u00e9 agora"},"content":{"rendered":"<p>As a\u00e7\u00f5es da <a class=\"suno-keyword\" data-force=\"yes\" data-priority=\"2\" href=\"https:\/\/www.suno.com.br\/acoes\/EMBR3\/\" target=\"_blank\" rel=\"noopener\"><strong>Embraer<\/strong> (EMBR3)<\/a>, que integram o <strong>Ibovespa<\/strong>, acumulam uma rentabilidade de 107% no acumulado de 2024.<\/p>\t<div class=\"wrapper-featured-image\">\n\t\t<figure class=\"spotlightImg\">\n\n\t\t\t<picture>\n\t\t\t\t<source media=\"(max-width: 768px)\" srcset=\"https:\/\/files.sunoresearch.com.br\/n\/uploads\/2023\/10\/Embraer-Phenom-300-400x200.jpg\">\n\t\t\t\t<img loading=\"lazy\" decoding=\"async\" class=\"newsContent__article__imgCapa lazyloadDisabled \" src=\"https:\/\/files.sunoresearch.com.br\/n\/uploads\/2023\/10\/Embraer-Phenom-300-800x450.jpg\" width=\"800\" height=\"450\" alt=\"Embraer (EMBR3) dispara 107%; veja as maiores altas do Ibovespa em 2024 at\u00e9 agora\" fetchpriority=high \/>\n\t\t\t<\/picture>\n\n\t\t\t<figcaption class=\"wp-caption-text wp-caption-text--show\">Embraer Phenom 300 - Foto: Aktug Ates\/Wikimedia Commons<\/figcaption>\n\t\t<\/figure>\n\t<\/div>\n\n\n\n\n\n\t<p>\n\t\t<a href=\"https:\/\/lp.suno.com.br\/planilha-da-vida-financeira\/\" target=\"_blank\" data-element=\"shortcode-suno-banner\" title=\"Banner SUNO, clique e saiba mais\">\n\t\t\t<picture>\n\t\t\t\t<source media=\"(max-width: 500px)\" srcset=\"https:\/\/files.sunoresearch.com.br\/n\/uploads\/2023\/04\/400x300-Planilha-vida-financeira-true.png\">\n\t\t\t\t<img class=\"newsContent__article__imgCapa newsContent__article__imgCapa--banner\"\n\t\t\t\t\tsrc=\"https:\/\/files.sunoresearch.com.br\/n\/uploads\/2023\/04\/1420x240-Planilha-vida-financeira-true.png\"\n\t\t\t\t\tdata-promo-id=\"106682\"\t\t\t\t\t\t\t\t\t\twidth='1420' height='240'\t\t\t\t\talt=\"https:\/\/files.sunoresearch.com.br\/n\/uploads\/2023\/04\/1420x240-Planilha-vida-financeira-true.png\"\n\t\t\t\t>\n\t\t\t<\/picture>\n\t\t<\/a>\n\t<\/p>\n\n\n\n\n\n\n\n<p>Com isso, <a href=\"https:\/\/statusinvest.com.br\/acoes\/embr3\">os pap\u00e9is da Embraer<\/a> figuram como <strong>a maior alta do Ibovespa<\/strong> no ano at\u00e9 ent\u00e3o. Logo em seguida aparecem <a class=\"suno-keyword\" data-force=\"yes\" data-priority=\"2\" href=\"https:\/\/www.suno.com.br\/acoes\/BRFS3\/\" target=\"_blank\" rel=\"noopener\">BRF (BRFS3)<\/a> e <a class=\"suno-keyword\" data-force=\"yes\" data-priority=\"2\" href=\"https:\/\/www.suno.com.br\/acoes\/WEGE3\/\" target=\"_blank\" rel=\"noopener\">WEG (WEGE3)<\/a>, com altas de 79% e 45%, respectivamente.<\/p>\n\n\n\n<p>No caso da Embraer, a alta das a\u00e7\u00f5es est\u00e1 atrelada ao fato de que os analistas enxergam maiores tend\u00eancias de crescimento para a companhia.<\/p>\n\n\n\n<p>Isso foi transparecido nos \u00faltimos <a class=\"suno-keyword\" target=\"_blank\" data-force=\"no\" data-priority=\"1\" href=\"https:\/\/www.suno.com.br\/artigos\/resultados-trimestrais\/\" rel=\"noopener\">resultados trimestrais<\/a> da companhia, assim como em relat\u00f3rios de <a class=\"suno-keyword\" target=\"_blank\" data-force=\"no\" data-priority=\"1\" href=\"https:\/\/www.suno.com.br\/artigos\/sell-side\/\" rel=\"noopener\">sell side<\/a> em que analistas destacaram otimismo com a empresa &#8211; esperando uma continuidade no rali mesmo ap\u00f3s as a\u00e7\u00f5es mais do que dobrarem no ano de 2024.<\/p>\n\n\n\n<p>No caso da BRF, a alta est\u00e1 atrelada a motivos semelhantes ao de outras companhias do segmento de frigor\u00edficos que tamb\u00e9m aparecem no ranking de <strong>maiores altas do Ibovespa em 2024<\/strong>.<\/p>\n\n\n\n<p>&#8220;A BRF continua sobre performando, o que levou a outra revis\u00e3o para cima de nossas estimativas. Nosso <a class=\"suno-keyword\" target=\"_blank\" data-force=\"no\" data-priority=\"1\" href=\"https:\/\/www.suno.com.br\/artigos\/ebitda-ajustado\/\" rel=\"noopener\">EBITDA ajustado<\/a> est\u00e1 agora 14% e 15% acima do consenso para 2024 e 2025, respectivamente. Desde que a nova gest\u00e3o iniciou uma reforma da opera\u00e7\u00e3o no 3T22, as a\u00e7\u00f5es passaram por uma reavalia\u00e7\u00e3o, que esperamos que persista, j\u00e1 que o ciclo ainda n\u00e3o atingiu o pico&#8221;, diz a XP sobre os pap\u00e9is.<\/p>\n\n\n\n<p>No caso da <a class=\"suno-keyword\" target=\"_blank\" data-force=\"yes\" data-priority=\"2\" href=\"https:\/\/www.suno.com.br\/acoes\/JBSS3\/\" rel=\"noopener\">JBS (JBSS3)<\/a>, outra companhia que aparece na lista de maiores altas do Ibovespa em 2024, a XP tamb\u00e9m destaca um rali de 18% nos pap\u00e9is ap\u00f3s a divulga\u00e7\u00e3o de resultados referentes ao primeiro trimestre do ano.<\/p>\n\n\n\t<p>\n\t\t<a href=\"https:\/\/lp.suno.com.br\/ebook-como-analisar-uma-acao\/\" target=\"_blank\" data-element=\"shortcode-suno-banner\" title=\"Banner SUNO, clique e saiba mais\">\n\t\t\t<picture>\n\t\t\t\t<source media=\"(max-width: 500px)\" srcset=\"https:\/\/files.sunoresearch.com.br\/n\/uploads\/2023\/03\/Ebook-Acoes-Mobile.jpg\">\n\t\t\t\t<img class=\"newsContent__article__imgCapa newsContent__article__imgCapa--banner\"\n\t\t\t\t\tsrc=\"https:\/\/files.sunoresearch.com.br\/n\/uploads\/2023\/03\/Ebook-Acoes-Desktop.jpg\"\n\t\t\t\t\tdata-promo-id=\"378302\"\t\t\t\t\t\t\t\t\t\twidth='1420' height='286'\t\t\t\t\talt=\"https:\/\/files.sunoresearch.com.br\/n\/uploads\/2023\/03\/Ebook-Acoes-Desktop.jpg\"\n\t\t\t\t>\n\t\t\t<\/picture>\n\t\t<\/a>\n\t<\/p>\n\n\n\n\n\n<p>&#8220;As a\u00e7\u00f5es subiram refletindo  resultados robustos do primeiro trimestre e a indica\u00e7\u00e3o da administra\u00e7\u00e3o de que seu processo de desalavancagem pode acelerar, visando um indicador DFL\/EBITDA de 2,5x (ex-leasing) ao final de 2024&#8221;, diz a casa.<\/p>\n\n\n\n<p>&#8220;O potencial para upside adicional \u00e9 a principal preocupa\u00e7\u00e3o entre os investidores agora. A diversifica\u00e7\u00e3o geogr\u00e1fica e de prote\u00ednas continua a produzir benef\u00edcios, mitigando efetivamente o desafiador mercado de carne bovina dos EUA, com desempenhos s\u00f3lidos nas opera\u00e7\u00f5es de aves e su\u00ednos nos EUA e no Brasil, que dever\u00e3o impulsionar a recupera\u00e7\u00e3o dos lucros&#8221;, completa.<\/p>\n\n\n\n<h2 class=\"wp-block-heading\">Veja as maiores altas do Ibovespa em 2024<\/h2>\n\n\n\n<ul class=\"wp-block-list\">\n<li>Embraer: 107%<\/li>\n\n\n\n<li>BRF: 79%<\/li>\n\n\n\n<li>WEG: 45%<\/li>\n\n\n\n<li>JBS: 44%<\/li>\n\n\n\n<li>Marfrig: 43%<\/li>\n\n\n\n<li>Cemig: 43%<\/li>\n\n\n\n<li>Sabesp: 26%<\/li>\n\n\n\n<li>Petz: 25%<\/li>\n\n\n\n<li>Petrobras (PETR3, ordin\u00e1rias): 22%<\/li>\n\n\n\n<li>Petrobras (PETR4, preferenciais): 18%<\/li>\n<\/ul>\n\n\n\n<h2 class=\"wp-block-heading\">Desempenho do \u00edndice<\/h2>\n\n\n\n<p>O \u00edndice &#8211; <a href=\"https:\/\/www.suno.com.br\/noticias\/ibovespa-nova-carteira-atualizada-novas-acoes-evm\/\">que teve sua carteira atualizada hoje<\/a> &#8211; opera em queda de 0,9% nesta segunda-feira (2), por volta das 14h, aos 134.731 pontos.<\/p>\n\n\n\n<p>No ano, o <strong>Ibovespa<\/strong> acumula alta de 1,5%, contudo, com uma renova\u00e7\u00e3o das m\u00e1ximas hist\u00f3ricas recentemente.<\/p>\n\n\n\t<p>\n\t\t<a href=\"https:\/\/lp.suno.com.br\/planilha-da-vida-financeira\/\" target=\"_blank\" data-element=\"shortcode-suno-banner\" title=\"Banner SUNO, clique e saiba mais\">\n\t\t\t<picture>\n\t\t\t\t<source media=\"(max-width: 500px)\" srcset=\"https:\/\/files.sunoresearch.com.br\/n\/uploads\/2023\/04\/400x300-Planilha-vida-financeira-true.png\">\n\t\t\t\t<img class=\"newsContent__article__imgCapa newsContent__article__imgCapa--banner\"\n\t\t\t\t\tsrc=\"https:\/\/files.sunoresearch.com.br\/n\/uploads\/2023\/04\/1420x240-Planilha-vida-financeira-true.png\"\n\t\t\t\t\tdata-promo-id=\"383123\"\t\t\t\t\t\t\t\t\t\twidth='1420' height='240'\t\t\t\t\talt=\"https:\/\/files.sunoresearch.com.br\/n\/uploads\/2023\/04\/1420x240-Planilha-vida-financeira-true.png\"\n\t\t\t\t>\n\t\t\t<\/picture>\n\t\t<\/a>\n\t<\/p>\n\n\n","protected":false},"excerpt":{"rendered":"<p>As a\u00e7\u00f5es da Embraer (EMBR3), que integram o Ibovespa, acumulam uma rentabilidade de 107% no acumulado de 2024. Embraer Phenom 300 &#8211; Foto: Aktug Ates\/Wikimedia Commons Com isso, os pap\u00e9is da Embraer figuram como a maior alta do Ibovespa no ano at\u00e9 ent\u00e3o. Logo em seguida aparecem BRF (BRFS3) e WEG (WEGE3), com altas de [&hellip;]<\/p>\n","protected":false},"author":73,"featured_media":471351,"comment_status":"closed","ping_status":"closed","sticky":false,"template":"","format":"standard","meta":[],"categories":[60],"tags":[460,105816,721],"suno_strategy":[],"class_list":["post-573593","post","type-post","status-publish","format-standard","has-post-thumbnail","hentry","category-mercado","tag-embraer-embr3","tag-especialistas","tag-ibovespa"],"yoast_head":"<!-- This site is optimized with the Yoast SEO plugin v24.4 - https:\/\/yoast.com\/wordpress\/plugins\/seo\/ -->\n<title>Embraer (EMBR3) salta 107%; veja maiores altas do Ibovespa em 2024<\/title>\n<meta name=\"description\" content=\"Com isso, os pap\u00e9is da Embraer figuram como a maior alta do Ibovespa no ano at\u00e9 ent\u00e3o; frigor\u00edficos como BRF e JBS aparecem no ranking\" \/>\n<meta name=\"robots\" content=\"index, follow, max-snippet:-1, max-image-preview:large, max-video-preview:-1\" \/>\n<link rel=\"canonical\" href=\"https:\/\/www.suno.com.br\/noticias\/maiores-altas-ibovespa-2024-embraer-embr3-evm\/\" \/>\n<meta property=\"og:locale\" content=\"pt_BR\" \/>\n<meta property=\"og:type\" content=\"article\" \/>\n<meta property=\"og:title\" content=\"Embraer (EMBR3) salta 107%; veja maiores altas do Ibovespa em 2024\" \/>\n<meta property=\"og:description\" content=\"Com isso, os pap\u00e9is da Embraer figuram como a maior alta do Ibovespa no ano at\u00e9 ent\u00e3o; frigor\u00edficos como BRF e JBS aparecem no ranking\" \/>\n<meta property=\"og:url\" content=\"https:\/\/www.suno.com.br\/noticias\/maiores-altas-ibovespa-2024-embraer-embr3-evm\/\" \/>\n<meta property=\"og:site_name\" content=\"Suno Not\u00edcias\" \/>\n<meta property=\"article:publisher\" content=\"https:\/\/facebook.com\/sunoresearch\" \/>\n<meta property=\"og:image\" content=\"https:\/\/files.sunoresearch.com.br\/n\/uploads\/2023\/10\/Embraer-Phenom-300.jpg\" \/>\n\t<meta property=\"og:image:width\" content=\"1200\" \/>\n\t<meta property=\"og:image:height\" content=\"800\" \/>\n\t<meta property=\"og:image:type\" content=\"image\/jpeg\" \/>\n<meta name=\"author\" content=\"Eduardo Vargas\" \/>\n<meta name=\"twitter:card\" content=\"summary_large_image\" \/>\n<meta name=\"twitter:creator\" content=\"@sunoresearch\" \/>\n<meta name=\"twitter:site\" content=\"@sunoresearch\" \/>\n<meta name=\"twitter:label1\" content=\"Escrito por\" \/>\n\t<meta name=\"twitter:data1\" content=\"Eduardo Vargas\" \/>\n\t<meta name=\"twitter:label2\" content=\"Est. tempo de leitura\" \/>\n\t<meta name=\"twitter:data2\" content=\"3 minutos\" \/>\n<script type=\"application\/ld+json\" class=\"yoast-schema-graph\">{\"@context\":\"https:\/\/schema.org\",\"@graph\":[{\"@type\":\"NewsArticle\",\"@id\":\"https:\/\/www.suno.com.br\/noticias\/maiores-altas-ibovespa-2024-embraer-embr3-evm\/#article\",\"isPartOf\":{\"@id\":\"https:\/\/www.suno.com.br\/noticias\/maiores-altas-ibovespa-2024-embraer-embr3-evm\/\"},\"author\":{\"name\":\"Eduardo Vargas\",\"@id\":\"https:\/\/www.suno.com.br\/noticias\/#\/schema\/person\/7f4d362bf3518e76090143ae77bb49a5\"},\"headline\":\"Embraer (EMBR3) dispara 107%; veja as maiores altas do Ibovespa em 2024 at\u00e9 agora\",\"datePublished\":\"2024-09-02T17:04:47+00:00\",\"dateModified\":\"2024-09-02T21:22:11+00:00\",\"mainEntityOfPage\":{\"@id\":\"https:\/\/www.suno.com.br\/noticias\/maiores-altas-ibovespa-2024-embraer-embr3-evm\/\"},\"wordCount\":454,\"publisher\":{\"@id\":\"https:\/\/www.suno.com.br\/noticias\/#organization\"},\"image\":{\"@id\":\"https:\/\/www.suno.com.br\/noticias\/maiores-altas-ibovespa-2024-embraer-embr3-evm\/#primaryimage\"},\"thumbnailUrl\":\"https:\/\/files.sunoresearch.com.br\/n\/uploads\/2023\/10\/Embraer-Phenom-300.jpg\",\"keywords\":[\"Embraer (EMBR3)\",\"Especialistas\",\"Ibovespa\"],\"articleSection\":[\"Mercado\"],\"inLanguage\":\"pt-BR\"},{\"@type\":\"WebPage\",\"@id\":\"https:\/\/www.suno.com.br\/noticias\/maiores-altas-ibovespa-2024-embraer-embr3-evm\/\",\"url\":\"https:\/\/www.suno.com.br\/noticias\/maiores-altas-ibovespa-2024-embraer-embr3-evm\/\",\"name\":\"Embraer (EMBR3) salta 107%; veja maiores altas do Ibovespa em 2024\",\"isPartOf\":{\"@id\":\"https:\/\/www.suno.com.br\/noticias\/#website\"},\"primaryImageOfPage\":{\"@id\":\"https:\/\/www.suno.com.br\/noticias\/maiores-altas-ibovespa-2024-embraer-embr3-evm\/#primaryimage\"},\"image\":{\"@id\":\"https:\/\/www.suno.com.br\/noticias\/maiores-altas-ibovespa-2024-embraer-embr3-evm\/#primaryimage\"},\"thumbnailUrl\":\"https:\/\/files.sunoresearch.com.br\/n\/uploads\/2023\/10\/Embraer-Phenom-300.jpg\",\"datePublished\":\"2024-09-02T17:04:47+00:00\",\"dateModified\":\"2024-09-02T21:22:11+00:00\",\"description\":\"Com isso, os pap\u00e9is da Embraer figuram como a maior alta do Ibovespa no ano at\u00e9 ent\u00e3o; frigor\u00edficos como BRF e JBS aparecem no ranking\",\"breadcrumb\":{\"@id\":\"https:\/\/www.suno.com.br\/noticias\/maiores-altas-ibovespa-2024-embraer-embr3-evm\/#breadcrumb\"},\"inLanguage\":\"pt-BR\",\"potentialAction\":[{\"@type\":\"ReadAction\",\"target\":[\"https:\/\/www.suno.com.br\/noticias\/maiores-altas-ibovespa-2024-embraer-embr3-evm\/\"]}]},{\"@type\":\"ImageObject\",\"inLanguage\":\"pt-BR\",\"@id\":\"https:\/\/www.suno.com.br\/noticias\/maiores-altas-ibovespa-2024-embraer-embr3-evm\/#primaryimage\",\"url\":\"https:\/\/files.sunoresearch.com.br\/n\/uploads\/2023\/10\/Embraer-Phenom-300.jpg\",\"contentUrl\":\"https:\/\/files.sunoresearch.com.br\/n\/uploads\/2023\/10\/Embraer-Phenom-300.jpg\",\"width\":1200,\"height\":800,\"caption\":\"Embraer Phenom 300 - Foto: Aktug Ates\/Wikimedia Commons\"},{\"@type\":\"BreadcrumbList\",\"@id\":\"https:\/\/www.suno.com.br\/noticias\/maiores-altas-ibovespa-2024-embraer-embr3-evm\/#breadcrumb\",\"itemListElement\":[{\"@type\":\"ListItem\",\"position\":1,\"name\":\"Not\u00edcias\",\"item\":\"https:\/\/www.suno.com.br\/noticias\/\"},{\"@type\":\"ListItem\",\"position\":2,\"name\":\"Mercado\",\"item\":\"https:\/\/www.suno.com.br\/noticias\/mercado\/\"},{\"@type\":\"ListItem\",\"position\":3,\"name\":\"Embraer (EMBR3) dispara 107%; veja as maiores altas do Ibovespa em 2024 at\u00e9 agora\"}]},{\"@type\":\"WebSite\",\"@id\":\"https:\/\/www.suno.com.br\/noticias\/#website\",\"url\":\"https:\/\/www.suno.com.br\/noticias\/\",\"name\":\"Suno Not\u00edcias\",\"description\":\"Seu portal de informa\u00e7\u00e3o sobre o mundo dos investimentos\",\"publisher\":{\"@id\":\"https:\/\/www.suno.com.br\/noticias\/#organization\"},\"potentialAction\":[{\"@type\":\"SearchAction\",\"target\":{\"@type\":\"EntryPoint\",\"urlTemplate\":\"https:\/\/www.suno.com.br\/noticias\/?s={search_term_string}\"},\"query-input\":{\"@type\":\"PropertyValueSpecification\",\"valueRequired\":true,\"valueName\":\"search_term_string\"}}],\"inLanguage\":\"pt-BR\"},{\"@type\":\"Organization\",\"@id\":\"https:\/\/www.suno.com.br\/noticias\/#organization\",\"name\":\"Suno Not\u00edcias\",\"url\":\"https:\/\/www.suno.com.br\/noticias\/\",\"logo\":{\"@type\":\"ImageObject\",\"inLanguage\":\"pt-BR\",\"@id\":\"https:\/\/www.suno.com.br\/noticias\/#\/schema\/logo\/image\/\",\"url\":\"https:\/\/files.sunoresearch.com.br\/n\/uploads\/2021\/09\/suno-logo.png\",\"contentUrl\":\"https:\/\/files.sunoresearch.com.br\/n\/uploads\/2021\/09\/suno-logo.png\",\"width\":180,\"height\":180,\"caption\":\"Suno Not\u00edcias\"},\"image\":{\"@id\":\"https:\/\/www.suno.com.br\/noticias\/#\/schema\/logo\/image\/\"},\"sameAs\":[\"https:\/\/facebook.com\/sunoresearch\",\"https:\/\/x.com\/sunoresearch\",\"https:\/\/www.instagram.com\/suno\",\"https:\/\/www.linkedin.com\/company\/suno-research\/\",\"https:\/\/www.youtube.com\/c\/sunoresearch\"]},{\"@type\":\"Person\",\"@id\":\"https:\/\/www.suno.com.br\/noticias\/#\/schema\/person\/7f4d362bf3518e76090143ae77bb49a5\",\"name\":\"Eduardo Vargas\",\"image\":{\"@type\":\"ImageObject\",\"inLanguage\":\"pt-BR\",\"@id\":\"https:\/\/www.suno.com.br\/noticias\/#\/schema\/person\/image\/\",\"url\":\"https:\/\/secure.gravatar.com\/avatar\/dac340933427a22924c9f99d1eb2e3f2?s=96&r=g\",\"contentUrl\":\"https:\/\/secure.gravatar.com\/avatar\/dac340933427a22924c9f99d1eb2e3f2?s=96&r=g\",\"caption\":\"Eduardo Vargas\"},\"description\":\"Jornalista formado pela UFSC, cobre macroeconomia, neg\u00f3cios e startups para o Suno Not\u00edcias, escrevendo principalmente not\u00edcias sobre o mercado financeiro e a bolsa de valores. No YouTube e no Instagram, \u00e9 respons\u00e1vel pela produ\u00e7\u00e3o de Reels e Shorts do Suno Not\u00edcias. Anteriormente, trabalhou cobrindo economia e cotidiano no ND+ e para o ND, maior jornal impresso de Santa Catarina. Cursou um semestre letivo de Estudos de M\u00eddia na Universidad de Buenos Aires.\",\"url\":\"https:\/\/www.suno.com.br\/noticias\/author\/eduardo-vargas\/\"}]}<\/script>\n<!-- \/ Yoast SEO plugin. -->","yoast_head_json":{"title":"Embraer (EMBR3) salta 107%; veja maiores altas do Ibovespa em 2024","description":"Com isso, os pap\u00e9is da Embraer figuram como a maior alta do Ibovespa no ano at\u00e9 ent\u00e3o; frigor\u00edficos como BRF e JBS aparecem no ranking","robots":{"index":"index","follow":"follow","max-snippet":"max-snippet:-1","max-image-preview":"max-image-preview:large","max-video-preview":"max-video-preview:-1"},"canonical":"https:\/\/www.suno.com.br\/noticias\/maiores-altas-ibovespa-2024-embraer-embr3-evm\/","og_locale":"pt_BR","og_type":"article","og_title":"Embraer (EMBR3) salta 107%; veja maiores altas do Ibovespa em 2024","og_description":"Com isso, os pap\u00e9is da Embraer figuram como a maior alta do Ibovespa no ano at\u00e9 ent\u00e3o; frigor\u00edficos como BRF e JBS aparecem no ranking","og_url":"https:\/\/www.suno.com.br\/noticias\/maiores-altas-ibovespa-2024-embraer-embr3-evm\/","og_site_name":"Suno Not\u00edcias","article_publisher":"https:\/\/facebook.com\/sunoresearch","og_image":[{"width":1200,"height":800,"url":"https:\/\/files.sunoresearch.com.br\/n\/uploads\/2023\/10\/Embraer-Phenom-300.jpg","type":"image\/jpeg"}],"author":"Eduardo Vargas","twitter_card":"summary_large_image","twitter_creator":"@sunoresearch","twitter_site":"@sunoresearch","twitter_misc":{"Escrito por":"Eduardo Vargas","Est. tempo de leitura":"3 minutos"},"schema":{"@context":"https:\/\/schema.org","@graph":[{"@type":"NewsArticle","@id":"https:\/\/www.suno.com.br\/noticias\/maiores-altas-ibovespa-2024-embraer-embr3-evm\/#article","isPartOf":{"@id":"https:\/\/www.suno.com.br\/noticias\/maiores-altas-ibovespa-2024-embraer-embr3-evm\/"},"author":{"name":"Eduardo Vargas","@id":"https:\/\/www.suno.com.br\/noticias\/#\/schema\/person\/7f4d362bf3518e76090143ae77bb49a5"},"headline":"Embraer (EMBR3) dispara 107%; veja as maiores altas do Ibovespa em 2024 at\u00e9 agora","datePublished":"2024-09-02T17:04:47+00:00","dateModified":"2024-09-02T21:22:11+00:00","mainEntityOfPage":{"@id":"https:\/\/www.suno.com.br\/noticias\/maiores-altas-ibovespa-2024-embraer-embr3-evm\/"},"wordCount":454,"publisher":{"@id":"https:\/\/www.suno.com.br\/noticias\/#organization"},"image":{"@id":"https:\/\/www.suno.com.br\/noticias\/maiores-altas-ibovespa-2024-embraer-embr3-evm\/#primaryimage"},"thumbnailUrl":"https:\/\/files.sunoresearch.com.br\/n\/uploads\/2023\/10\/Embraer-Phenom-300.jpg","keywords":["Embraer (EMBR3)","Especialistas","Ibovespa"],"articleSection":["Mercado"],"inLanguage":"pt-BR"},{"@type":"WebPage","@id":"https:\/\/www.suno.com.br\/noticias\/maiores-altas-ibovespa-2024-embraer-embr3-evm\/","url":"https:\/\/www.suno.com.br\/noticias\/maiores-altas-ibovespa-2024-embraer-embr3-evm\/","name":"Embraer (EMBR3) salta 107%; veja maiores altas do Ibovespa em 2024","isPartOf":{"@id":"https:\/\/www.suno.com.br\/noticias\/#website"},"primaryImageOfPage":{"@id":"https:\/\/www.suno.com.br\/noticias\/maiores-altas-ibovespa-2024-embraer-embr3-evm\/#primaryimage"},"image":{"@id":"https:\/\/www.suno.com.br\/noticias\/maiores-altas-ibovespa-2024-embraer-embr3-evm\/#primaryimage"},"thumbnailUrl":"https:\/\/files.sunoresearch.com.br\/n\/uploads\/2023\/10\/Embraer-Phenom-300.jpg","datePublished":"2024-09-02T17:04:47+00:00","dateModified":"2024-09-02T21:22:11+00:00","description":"Com isso, os pap\u00e9is da Embraer figuram como a maior alta do Ibovespa no ano at\u00e9 ent\u00e3o; frigor\u00edficos como BRF e JBS aparecem no ranking","breadcrumb":{"@id":"https:\/\/www.suno.com.br\/noticias\/maiores-altas-ibovespa-2024-embraer-embr3-evm\/#breadcrumb"},"inLanguage":"pt-BR","potentialAction":[{"@type":"ReadAction","target":["https:\/\/www.suno.com.br\/noticias\/maiores-altas-ibovespa-2024-embraer-embr3-evm\/"]}]},{"@type":"ImageObject","inLanguage":"pt-BR","@id":"https:\/\/www.suno.com.br\/noticias\/maiores-altas-ibovespa-2024-embraer-embr3-evm\/#primaryimage","url":"https:\/\/files.sunoresearch.com.br\/n\/uploads\/2023\/10\/Embraer-Phenom-300.jpg","contentUrl":"https:\/\/files.sunoresearch.com.br\/n\/uploads\/2023\/10\/Embraer-Phenom-300.jpg","width":1200,"height":800,"caption":"Embraer Phenom 300 - Foto: Aktug Ates\/Wikimedia Commons"},{"@type":"BreadcrumbList","@id":"https:\/\/www.suno.com.br\/noticias\/maiores-altas-ibovespa-2024-embraer-embr3-evm\/#breadcrumb","itemListElement":[{"@type":"ListItem","position":1,"name":"Not\u00edcias","item":"https:\/\/www.suno.com.br\/noticias\/"},{"@type":"ListItem","position":2,"name":"Mercado","item":"https:\/\/www.suno.com.br\/noticias\/mercado\/"},{"@type":"ListItem","position":3,"name":"Embraer (EMBR3) dispara 107%; veja as maiores altas do Ibovespa em 2024 at\u00e9 agora"}]},{"@type":"WebSite","@id":"https:\/\/www.suno.com.br\/noticias\/#website","url":"https:\/\/www.suno.com.br\/noticias\/","name":"Suno Not\u00edcias","description":"Seu portal de informa\u00e7\u00e3o sobre o mundo dos investimentos","publisher":{"@id":"https:\/\/www.suno.com.br\/noticias\/#organization"},"potentialAction":[{"@type":"SearchAction","target":{"@type":"EntryPoint","urlTemplate":"https:\/\/www.suno.com.br\/noticias\/?s={search_term_string}"},"query-input":{"@type":"PropertyValueSpecification","valueRequired":true,"valueName":"search_term_string"}}],"inLanguage":"pt-BR"},{"@type":"Organization","@id":"https:\/\/www.suno.com.br\/noticias\/#organization","name":"Suno Not\u00edcias","url":"https:\/\/www.suno.com.br\/noticias\/","logo":{"@type":"ImageObject","inLanguage":"pt-BR","@id":"https:\/\/www.suno.com.br\/noticias\/#\/schema\/logo\/image\/","url":"https:\/\/files.sunoresearch.com.br\/n\/uploads\/2021\/09\/suno-logo.png","contentUrl":"https:\/\/files.sunoresearch.com.br\/n\/uploads\/2021\/09\/suno-logo.png","width":180,"height":180,"caption":"Suno Not\u00edcias"},"image":{"@id":"https:\/\/www.suno.com.br\/noticias\/#\/schema\/logo\/image\/"},"sameAs":["https:\/\/facebook.com\/sunoresearch","https:\/\/x.com\/sunoresearch","https:\/\/www.instagram.com\/suno","https:\/\/www.linkedin.com\/company\/suno-research\/","https:\/\/www.youtube.com\/c\/sunoresearch"]},{"@type":"Person","@id":"https:\/\/www.suno.com.br\/noticias\/#\/schema\/person\/7f4d362bf3518e76090143ae77bb49a5","name":"Eduardo Vargas","image":{"@type":"ImageObject","inLanguage":"pt-BR","@id":"https:\/\/www.suno.com.br\/noticias\/#\/schema\/person\/image\/","url":"https:\/\/secure.gravatar.com\/avatar\/dac340933427a22924c9f99d1eb2e3f2?s=96&r=g","contentUrl":"https:\/\/secure.gravatar.com\/avatar\/dac340933427a22924c9f99d1eb2e3f2?s=96&r=g","caption":"Eduardo Vargas"},"description":"Jornalista formado pela UFSC, cobre macroeconomia, neg\u00f3cios e startups para o Suno Not\u00edcias, escrevendo principalmente not\u00edcias sobre o mercado financeiro e a bolsa de valores. No YouTube e no Instagram, \u00e9 respons\u00e1vel pela produ\u00e7\u00e3o de Reels e Shorts do Suno Not\u00edcias. Anteriormente, trabalhou cobrindo economia e cotidiano no ND+ e para o ND, maior jornal impresso de Santa Catarina. Cursou um semestre letivo de Estudos de M\u00eddia na Universidad de Buenos Aires.","url":"https:\/\/www.suno.com.br\/noticias\/author\/eduardo-vargas\/"}]}},"default_loop_html":"<div class=\"cardsPage__listCard__boxs\"><div class=\"cardsPage__listCard__boxs__img\"><a href=\"https:\/\/www.suno.com.br\/noticias\/maiores-altas-ibovespa-2024-embraer-embr3-evm\/\"><img class=\"mask\" src=\"https:\/\/www.suno.com.br\/noticias\/wp-content\/themes\/suno\/resources\/images\/spotlight\/spotlight1img\/bg-mask.png\" alt=\"Image Mask\"\/><img src=\"https:\/\/files.sunoresearch.com.br\/n\/uploads\/2023\/10\/Embraer-Phenom-300-400x200.jpg\" alt=\"Embraer (EMBR3) dispara 107%; veja as maiores altas do Ibovespa em 2024 at\u00e9 agora\"\/><\/a><span class=\"spotlightCategory\"><a href=\"https:\/\/www.suno.com.br\/noticias\/mercado\/\">Mercado<\/a><\/span><\/div><div class=\"cardsPage__listCard__boxs__content\"><a href=\"https:\/\/www.suno.com.br\/noticias\/maiores-altas-ibovespa-2024-embraer-embr3-evm\/\"><h2 class=\"content__title\">Embraer (EMBR3) dispara 107%; veja as maiores altas do Ibovespa em 2024 at\u00e9 agora<\/h2><\/a><div class=\"newsContent__article__meta\"><div class=\"newsContent__article__meta__authorBox\"><a href=\"https:\/\/www.suno.com.br\/noticias\/author\/eduardo-vargas\/\" class=\"authorBox__avatar noMobi\"><img src=\"https:\/\/secure.gravatar.com\/avatar\/dac340933427a22924c9f99d1eb2e3f2?s=96&#038;r=g\" alt=\"Eduardo Vargas\"><\/a><div class=\"authorBox__name\"><span>por\n\t\t\t<a href=\"https:\/\/www.suno.com.br\/noticias\/author\/eduardo-vargas\/\"><span itemprop=\"author\">Eduardo Vargas<\/span><\/a><\/span><time datetime=\"2024-09-02T14:04:47-03:00\" itemprop=\"datePublished\">02\/09\/2024 14:04<\/time><\/div><\/div><\/div><\/div><\/div>","single_layout":"posts","amp_enabled":true,"_links":{"self":[{"href":"https:\/\/www.suno.com.br\/noticias\/wp-json\/wp\/v2\/posts\/573593"}],"collection":[{"href":"https:\/\/www.suno.com.br\/noticias\/wp-json\/wp\/v2\/posts"}],"about":[{"href":"https:\/\/www.suno.com.br\/noticias\/wp-json\/wp\/v2\/types\/post"}],"author":[{"embeddable":true,"href":"https:\/\/www.suno.com.br\/noticias\/wp-json\/wp\/v2\/users\/73"}],"replies":[{"embeddable":true,"href":"https:\/\/www.suno.com.br\/noticias\/wp-json\/wp\/v2\/comments?post=573593"}],"version-history":[{"count":3,"href":"https:\/\/www.suno.com.br\/noticias\/wp-json\/wp\/v2\/posts\/573593\/revisions"}],"predecessor-version":[{"id":573694,"href":"https:\/\/www.suno.com.br\/noticias\/wp-json\/wp\/v2\/posts\/573593\/revisions\/573694"}],"wp:featuredmedia":[{"embeddable":true,"href":"https:\/\/www.suno.com.br\/noticias\/wp-json\/wp\/v2\/media\/471351"}],"wp:attachment":[{"href":"https:\/\/www.suno.com.br\/noticias\/wp-json\/wp\/v2\/media?parent=573593"}],"wp:term":[{"taxonomy":"category","embeddable":true,"href":"https:\/\/www.suno.com.br\/noticias\/wp-json\/wp\/v2\/categories?post=573593"},{"taxonomy":"post_tag","embeddable":true,"href":"https:\/\/www.suno.com.br\/noticias\/wp-json\/wp\/v2\/tags?post=573593"},{"taxonomy":"suno_strategy","embeddable":true,"href":"https:\/\/www.suno.com.br\/noticias\/wp-json\/wp\/v2\/suno_strategy?post=573593"}],"curies":[{"name":"wp","href":"https:\/\/api.w.org\/{rel}","templated":true}]}}