{"id":573435,"date":"2024-08-31T09:05:14","date_gmt":"2024-08-31T12:05:14","guid":{"rendered":"https:\/\/www.suno.com.br\/noticias\/?p=573435"},"modified":"2024-08-31T09:05:21","modified_gmt":"2024-08-31T12:05:21","slug":"snel11-preve-aumento-receita-com-nova-bandeira-tarifaria-va","status":"publish","type":"post","link":"https:\/\/www.suno.com.br\/noticias\/snel11-preve-aumento-receita-com-nova-bandeira-tarifaria-va\/","title":{"rendered":"SNEL11 atinge R$ 1,5 milh\u00e3o em julho e prev\u00ea aumento de receita com nova bandeira tarif\u00e1ria"},"content":{"rendered":"<p>Em julho, o <strong>SNEL11 <\/strong>alcan\u00e7ou um resultado de R$ 1,5 milh\u00e3o, segundo o relat\u00f3rio mais recente, proporcionando aos investidores uma distribui\u00e7\u00e3o de R$ 0,10 por cota em rendimentos. <\/p>\t<div class=\"wrapper-featured-image\">\n\t\t<figure class=\"spotlightImg\">\n\n\t\t\t<picture>\n\t\t\t\t<source media=\"(max-width: 768px)\" srcset=\"https:\/\/files.sunoresearch.com.br\/n\/uploads\/2023\/12\/pexels-pixabay-159397-400x200.jpg\">\n\t\t\t\t<img loading=\"lazy\" decoding=\"async\" class=\"newsContent__article__imgCapa lazyloadDisabled \" src=\"https:\/\/files.sunoresearch.com.br\/n\/uploads\/2023\/12\/pexels-pixabay-159397-800x450.jpg\" width=\"800\" height=\"450\" alt=\"SNEL11 atinge R$ 1,5 milh\u00e3o em julho e prev\u00ea aumento de receita com nova bandeira tarif\u00e1ria\" fetchpriority=high \/>\n\t\t\t<\/picture>\n\n\t\t\t<figcaption class=\"wp-caption-text wp-caption-text--show\">SNEL11. Foto: Pixabay.<\/figcaption>\n\t\t<\/figure>\n\t<\/div>\n\n\n\n\n\n\t<p>\n\t\t<a href=\"\" target=\"_blank\" data-element=\"shortcode-suno-banner\" title=\"Banner SUNO, clique e saiba mais\">\n\t\t\t<picture>\n\t\t\t\t<source media=\"(max-width: 500px)\" srcset=\"\">\n\t\t\t\t<img class=\"newsContent__article__imgCapa newsContent__article__imgCapa--banner\"\n\t\t\t\t\tsrc=\"\"\n\t\t\t\t\tdata-promo-id=\"494026\"\t\t\t\t\t\t\t\t\t\t\t\t\t\t\talt=\"\"\n\t\t\t\t>\n\t\t\t<\/picture>\n\t\t<\/a>\n\t<\/p>\n\n\n\n\n\n<p>O retorno mensal corresponde a 1,06%, o que, anualizado, representa uma taxa de 13,52%, considerando o pre\u00e7o da cota ao final de julho, que era de R$ 9,41.<\/p>\n\n\n\n<p>Conforme j\u00e1 relatado nos meses de maio e junho, a Unidade Fotovoltaica (UFV) San Remo 2 come\u00e7ou a gerar receita de loca\u00e7\u00e3o para o fundo. Contudo, a <strong>gestora do SNEL11<\/strong> informou que o valor recebido em julho ainda estava abaixo do potencial da usina, em raz\u00e3o do per\u00edodo de ramp-up do empreendimento. <\/p>\n\n\n\n<p>Quanto aos recursos captados na segunda emiss\u00e3o, o fundo relatou que as obras dos projetos est\u00e3o progredindo, com duas das tr\u00eas obras j\u00e1 ultrapassando 60% de avan\u00e7o f\u00edsico. A maioria dessas novas usinas deve ser conectada \u00e0 rede das distribuidoras locais at\u00e9 dezembro de 2024.<\/p>\n\n\n\n<p>Al\u00e9m disso, a partir de julho, foi acionada a bandeira tarif\u00e1ria amarela devido \u00e0s previs\u00f5es de chuvas e ao aumento esperado no consumo de <a href=\"https:\/\/www.suno.com.br\/noticias\/energia-solar-safra-fip-evm\/\">energia<\/a>, o que deve contribuir para um crescimento na receita do fundo nos pr\u00f3ximos meses.<\/p>\n\n\n\n<p>Guido Andrade, analista da Suno Asset, explica que, com o aumento das tarifas de energia, o custo de aluguel das usinas tamb\u00e9m sobe, resultando em retornos maiores para o fundo. \u201cEm resumo, tarifas mais altas aumentam o valor do aluguel das usinas,\u201d destaca Andrade.<\/p>\n\n\n\n<p>O <a class=\"suno-keyword\" target=\"_blank\" data-force=\"no\" data-priority=\"1\" href=\"https:\/\/www.suno.com.br\/artigos\/retorno-total\/\" rel=\"noopener\">retorno total<\/a> no per\u00edodo foi de 3,71%, em compara\u00e7\u00e3o com o CDI de 0,91%, o IPCA de 0,38%, e o benchmark do fundo (IPCA + 7,00% ao ano), que foi de aproximadamente 0,95%. Dessa forma, o retorno total representou 409% do CDI, 976% do IPCA, e 392% do benchmark.<\/p>\n\n\n\n<p>No que diz respeito ao volume, foram negociados R$ 11,5 milh\u00f5es no m\u00eas, com uma m\u00e9dia di\u00e1ria de R$ 500.120,99. \u201cO volume m\u00e9dio de negocia\u00e7\u00f5es di\u00e1rias manteve-se est\u00e1vel em rela\u00e7\u00e3o aos meses anteriores, mas acreditamos que esse indicador tende a crescer gradualmente nos pr\u00f3ximos per\u00edodos,\u201d afirma a gestora.<\/p>\n\n\n\n\t<div data-element=\"shortcode-read-more\" class=\"readToo\">\n\t\t\t\t<span class=\"readToo__title\">Leia mais<\/span>\n\t\t\t\t<ul class=\"readToo__list\">\n\t\t\t<li><a href=\"https:\/\/www.suno.com.br\/noticias\/ibovespa-fechamento-300824-go\/\">Ibovespa fecha perto da estabilidade e sobe mais de 6% no m\u00eas; Vale (VALE3) e Petrobras (PETR4) avan\u00e7am<\/a><\/li><li><a href=\"https:\/\/www.suno.com.br\/noticias\/tesouro-direto-consultor-responde-suno-consultoria-gss\/\">Tesouro direto vale a pena? Seu Consultor Responde<\/a><\/li>\t\t<\/ul>\n\t<\/div>\n\n\n\n\n<h2 class=\"wp-block-heading\">Saiba mais sobre o SNEL11<\/h2>\n\n\n\n<p>O <strong>fundo imobili\u00e1rio Suno Energias Limpas <\/strong>foi criado ap\u00f3s o fechamento de uma parceria com o Centro Brasileiro de Infra-estrutura (CBIE), se tornando o primeiro FII a atuar no mercado com a estrat\u00e9gia de investir principalmente em ativos relacionados a energias limpas e renov\u00e1veis.<\/p>\n\n\n\n<p>No segmento, o\u00a0fundo <strong>SNEL11<\/strong>\u00a0poder\u00e1 aderir a projetos desde suas fases de desenvolvimento, conforme eles tenham potencial para trazer rentabilidade ao FII por meio da comercializa\u00e7\u00e3o de energia el\u00e9trica.<\/p>\n\n\n\n\n\t<p>\n\t\t<a href=\"https:\/\/lp.suno.com.br\/minicurso-investindo-fiis\/\" target=\"_blank\" data-element=\"shortcode-suno-banner\" title=\"Banner SUNO, clique e saiba mais\">\n\t\t\t<picture>\n\t\t\t\t<source media=\"(max-width: 500px)\" srcset=\"https:\/\/files.sunoresearch.com.br\/n\/uploads\/2023\/03\/400x300-Minicurso-FIIS.png\">\n\t\t\t\t<img class=\"newsContent__article__imgCapa newsContent__article__imgCapa--banner\"\n\t\t\t\t\tsrc=\"https:\/\/files.sunoresearch.com.br\/n\/uploads\/2023\/03\/1420x240-Minicurso-FIIS.png\"\n\t\t\t\t\tdata-promo-id=\"383125\"\t\t\t\t\t\t\t\t\t\twidth='1420' height='240'\t\t\t\t\talt=\"https:\/\/files.sunoresearch.com.br\/n\/uploads\/2023\/03\/1420x240-Minicurso-FIIS.png\"\n\t\t\t\t>\n\t\t\t<\/picture>\n\t\t<\/a>\n\t<\/p>\n\n\n","protected":false},"excerpt":{"rendered":"<p>Em julho, o SNEL11 alcan\u00e7ou um resultado de R$ 1,5 milh\u00e3o, segundo o relat\u00f3rio mais recente, proporcionando aos investidores uma distribui\u00e7\u00e3o de R$ 0,10 por cota em rendimentos. SNEL11. Foto: Pixabay. O retorno mensal corresponde a 1,06%, o que, anualizado, representa uma taxa de 13,52%, considerando o pre\u00e7o da cota ao final de julho, que [&hellip;]<\/p>\n","protected":false},"author":301,"featured_media":493937,"comment_status":"closed","ping_status":"closed","sticky":false,"template":"","format":"standard","meta":[],"categories":[64],"tags":[107095],"suno_strategy":[],"class_list":["post-573435","post","type-post","status-publish","format-standard","has-post-thumbnail","hentry","category-negocios","tag-snel11"],"yoast_head":"<!-- This site is optimized with the Yoast SEO plugin v24.4 - https:\/\/yoast.com\/wordpress\/plugins\/seo\/ -->\n<title>SNEL11 atinge R$ 1,5 milh\u00e3o em julho e prev\u00ea aumento de receita<\/title>\n<meta name=\"description\" content=\"O SNEL11 alcan\u00e7ou um resultado de R$ 1,5 mi, segundo o relat\u00f3rio mais recente, proporcionando aos investidores uma distribui\u00e7\u00e3o de R$ 0,10\" \/>\n<meta name=\"robots\" content=\"index, follow, max-snippet:-1, max-image-preview:large, max-video-preview:-1\" \/>\n<link rel=\"canonical\" href=\"https:\/\/www.suno.com.br\/noticias\/snel11-preve-aumento-receita-com-nova-bandeira-tarifaria-va\/\" \/>\n<meta property=\"og:locale\" content=\"pt_BR\" \/>\n<meta property=\"og:type\" content=\"article\" \/>\n<meta property=\"og:title\" content=\"SNEL11 atinge R$ 1,5 milh\u00e3o em julho e prev\u00ea aumento de receita\" \/>\n<meta property=\"og:description\" content=\"O SNEL11 alcan\u00e7ou um resultado de R$ 1,5 mi, segundo o relat\u00f3rio mais recente, proporcionando aos investidores uma distribui\u00e7\u00e3o de R$ 0,10\" \/>\n<meta property=\"og:url\" content=\"https:\/\/www.suno.com.br\/noticias\/snel11-preve-aumento-receita-com-nova-bandeira-tarifaria-va\/\" \/>\n<meta property=\"og:site_name\" content=\"Suno Not\u00edcias\" \/>\n<meta property=\"article:publisher\" content=\"https:\/\/facebook.com\/sunoresearch\" \/>\n<meta property=\"og:image\" content=\"https:\/\/files.sunoresearch.com.br\/n\/uploads\/2023\/12\/pexels-pixabay-159397.jpg\" \/>\n\t<meta property=\"og:image:width\" content=\"1920\" \/>\n\t<meta property=\"og:image:height\" content=\"1080\" \/>\n\t<meta property=\"og:image:type\" content=\"image\/jpeg\" \/>\n<meta name=\"author\" content=\"Vin\u00edcius Alves\" \/>\n<meta name=\"twitter:card\" content=\"summary_large_image\" \/>\n<meta name=\"twitter:creator\" content=\"@sunoresearch\" \/>\n<meta name=\"twitter:site\" content=\"@sunoresearch\" \/>\n<meta name=\"twitter:label1\" content=\"Escrito por\" \/>\n\t<meta name=\"twitter:data1\" content=\"Vin\u00edcius Alves\" \/>\n\t<meta name=\"twitter:label2\" content=\"Est. tempo de leitura\" \/>\n\t<meta name=\"twitter:data2\" content=\"3 minutos\" \/>\n<script type=\"application\/ld+json\" class=\"yoast-schema-graph\">{\"@context\":\"https:\/\/schema.org\",\"@graph\":[{\"@type\":\"NewsArticle\",\"@id\":\"https:\/\/www.suno.com.br\/noticias\/snel11-preve-aumento-receita-com-nova-bandeira-tarifaria-va\/#article\",\"isPartOf\":{\"@id\":\"https:\/\/www.suno.com.br\/noticias\/snel11-preve-aumento-receita-com-nova-bandeira-tarifaria-va\/\"},\"author\":{\"name\":\"Vin\u00edcius Alves\",\"@id\":\"https:\/\/www.suno.com.br\/noticias\/#\/schema\/person\/4a180549702d0e236b3e420862bcded3\"},\"headline\":\"SNEL11 atinge R$ 1,5 milh\u00e3o em julho e prev\u00ea aumento de receita com nova bandeira tarif\u00e1ria\",\"datePublished\":\"2024-08-31T12:05:14+00:00\",\"dateModified\":\"2024-08-31T12:05:21+00:00\",\"mainEntityOfPage\":{\"@id\":\"https:\/\/www.suno.com.br\/noticias\/snel11-preve-aumento-receita-com-nova-bandeira-tarifaria-va\/\"},\"wordCount\":454,\"publisher\":{\"@id\":\"https:\/\/www.suno.com.br\/noticias\/#organization\"},\"image\":{\"@id\":\"https:\/\/www.suno.com.br\/noticias\/snel11-preve-aumento-receita-com-nova-bandeira-tarifaria-va\/#primaryimage\"},\"thumbnailUrl\":\"https:\/\/files.sunoresearch.com.br\/n\/uploads\/2023\/12\/pexels-pixabay-159397.jpg\",\"keywords\":[\"SNEL11\"],\"articleSection\":[\"Neg\u00f3cios\"],\"inLanguage\":\"pt-BR\"},{\"@type\":\"WebPage\",\"@id\":\"https:\/\/www.suno.com.br\/noticias\/snel11-preve-aumento-receita-com-nova-bandeira-tarifaria-va\/\",\"url\":\"https:\/\/www.suno.com.br\/noticias\/snel11-preve-aumento-receita-com-nova-bandeira-tarifaria-va\/\",\"name\":\"SNEL11 atinge R$ 1,5 milh\u00e3o em julho e prev\u00ea aumento de receita\",\"isPartOf\":{\"@id\":\"https:\/\/www.suno.com.br\/noticias\/#website\"},\"primaryImageOfPage\":{\"@id\":\"https:\/\/www.suno.com.br\/noticias\/snel11-preve-aumento-receita-com-nova-bandeira-tarifaria-va\/#primaryimage\"},\"image\":{\"@id\":\"https:\/\/www.suno.com.br\/noticias\/snel11-preve-aumento-receita-com-nova-bandeira-tarifaria-va\/#primaryimage\"},\"thumbnailUrl\":\"https:\/\/files.sunoresearch.com.br\/n\/uploads\/2023\/12\/pexels-pixabay-159397.jpg\",\"datePublished\":\"2024-08-31T12:05:14+00:00\",\"dateModified\":\"2024-08-31T12:05:21+00:00\",\"description\":\"O SNEL11 alcan\u00e7ou um resultado de R$ 1,5 mi, segundo o relat\u00f3rio mais recente, proporcionando aos investidores uma distribui\u00e7\u00e3o de R$ 0,10\",\"breadcrumb\":{\"@id\":\"https:\/\/www.suno.com.br\/noticias\/snel11-preve-aumento-receita-com-nova-bandeira-tarifaria-va\/#breadcrumb\"},\"inLanguage\":\"pt-BR\",\"potentialAction\":[{\"@type\":\"ReadAction\",\"target\":[\"https:\/\/www.suno.com.br\/noticias\/snel11-preve-aumento-receita-com-nova-bandeira-tarifaria-va\/\"]}]},{\"@type\":\"ImageObject\",\"inLanguage\":\"pt-BR\",\"@id\":\"https:\/\/www.suno.com.br\/noticias\/snel11-preve-aumento-receita-com-nova-bandeira-tarifaria-va\/#primaryimage\",\"url\":\"https:\/\/files.sunoresearch.com.br\/n\/uploads\/2023\/12\/pexels-pixabay-159397.jpg\",\"contentUrl\":\"https:\/\/files.sunoresearch.com.br\/n\/uploads\/2023\/12\/pexels-pixabay-159397.jpg\",\"width\":1920,\"height\":1080,\"caption\":\"SNEL11. Foto: Pixabay.\"},{\"@type\":\"BreadcrumbList\",\"@id\":\"https:\/\/www.suno.com.br\/noticias\/snel11-preve-aumento-receita-com-nova-bandeira-tarifaria-va\/#breadcrumb\",\"itemListElement\":[{\"@type\":\"ListItem\",\"position\":1,\"name\":\"Not\u00edcias\",\"item\":\"https:\/\/www.suno.com.br\/noticias\/\"},{\"@type\":\"ListItem\",\"position\":2,\"name\":\"Neg\u00f3cios\",\"item\":\"https:\/\/www.suno.com.br\/noticias\/negocios\/\"},{\"@type\":\"ListItem\",\"position\":3,\"name\":\"SNEL11 atinge R$ 1,5 milh\u00e3o em julho e prev\u00ea aumento de receita com nova bandeira tarif\u00e1ria\"}]},{\"@type\":\"WebSite\",\"@id\":\"https:\/\/www.suno.com.br\/noticias\/#website\",\"url\":\"https:\/\/www.suno.com.br\/noticias\/\",\"name\":\"Suno Not\u00edcias\",\"description\":\"Seu portal de informa\u00e7\u00e3o sobre o mundo dos investimentos\",\"publisher\":{\"@id\":\"https:\/\/www.suno.com.br\/noticias\/#organization\"},\"potentialAction\":[{\"@type\":\"SearchAction\",\"target\":{\"@type\":\"EntryPoint\",\"urlTemplate\":\"https:\/\/www.suno.com.br\/noticias\/?s={search_term_string}\"},\"query-input\":{\"@type\":\"PropertyValueSpecification\",\"valueRequired\":true,\"valueName\":\"search_term_string\"}}],\"inLanguage\":\"pt-BR\"},{\"@type\":\"Organization\",\"@id\":\"https:\/\/www.suno.com.br\/noticias\/#organization\",\"name\":\"Suno Not\u00edcias\",\"url\":\"https:\/\/www.suno.com.br\/noticias\/\",\"logo\":{\"@type\":\"ImageObject\",\"inLanguage\":\"pt-BR\",\"@id\":\"https:\/\/www.suno.com.br\/noticias\/#\/schema\/logo\/image\/\",\"url\":\"https:\/\/files.sunoresearch.com.br\/n\/uploads\/2021\/09\/suno-logo.png\",\"contentUrl\":\"https:\/\/files.sunoresearch.com.br\/n\/uploads\/2021\/09\/suno-logo.png\",\"width\":180,\"height\":180,\"caption\":\"Suno Not\u00edcias\"},\"image\":{\"@id\":\"https:\/\/www.suno.com.br\/noticias\/#\/schema\/logo\/image\/\"},\"sameAs\":[\"https:\/\/facebook.com\/sunoresearch\",\"https:\/\/x.com\/sunoresearch\",\"https:\/\/www.instagram.com\/suno\",\"https:\/\/www.linkedin.com\/company\/suno-research\/\",\"https:\/\/www.youtube.com\/c\/sunoresearch\"]},{\"@type\":\"Person\",\"@id\":\"https:\/\/www.suno.com.br\/noticias\/#\/schema\/person\/4a180549702d0e236b3e420862bcded3\",\"name\":\"Vin\u00edcius Alves\",\"image\":{\"@type\":\"ImageObject\",\"inLanguage\":\"pt-BR\",\"@id\":\"https:\/\/www.suno.com.br\/noticias\/#\/schema\/person\/image\/\",\"url\":\"https:\/\/secure.gravatar.com\/avatar\/a95b7fe6d1b813f7907d4f476d5a39e1?s=96&r=g\",\"contentUrl\":\"https:\/\/secure.gravatar.com\/avatar\/a95b7fe6d1b813f7907d4f476d5a39e1?s=96&r=g\",\"caption\":\"Vin\u00edcius Alves\"},\"description\":\"Jornalista formado na Faculdade C\u00e1sper L\u00edbero. Com passagens pela Ag\u00eancia Estado, InfoMoney e Editora Globo.\",\"url\":\"https:\/\/www.suno.com.br\/noticias\/author\/vini08correiagmail-com\/\"}]}<\/script>\n<!-- \/ Yoast SEO plugin. -->","yoast_head_json":{"title":"SNEL11 atinge R$ 1,5 milh\u00e3o em julho e prev\u00ea aumento de receita","description":"O SNEL11 alcan\u00e7ou um resultado de R$ 1,5 mi, segundo o relat\u00f3rio mais recente, proporcionando aos investidores uma distribui\u00e7\u00e3o de R$ 0,10","robots":{"index":"index","follow":"follow","max-snippet":"max-snippet:-1","max-image-preview":"max-image-preview:large","max-video-preview":"max-video-preview:-1"},"canonical":"https:\/\/www.suno.com.br\/noticias\/snel11-preve-aumento-receita-com-nova-bandeira-tarifaria-va\/","og_locale":"pt_BR","og_type":"article","og_title":"SNEL11 atinge R$ 1,5 milh\u00e3o em julho e prev\u00ea aumento de receita","og_description":"O SNEL11 alcan\u00e7ou um resultado de R$ 1,5 mi, segundo o relat\u00f3rio mais recente, proporcionando aos investidores uma distribui\u00e7\u00e3o de R$ 0,10","og_url":"https:\/\/www.suno.com.br\/noticias\/snel11-preve-aumento-receita-com-nova-bandeira-tarifaria-va\/","og_site_name":"Suno Not\u00edcias","article_publisher":"https:\/\/facebook.com\/sunoresearch","og_image":[{"width":1920,"height":1080,"url":"https:\/\/files.sunoresearch.com.br\/n\/uploads\/2023\/12\/pexels-pixabay-159397.jpg","type":"image\/jpeg"}],"author":"Vin\u00edcius Alves","twitter_card":"summary_large_image","twitter_creator":"@sunoresearch","twitter_site":"@sunoresearch","twitter_misc":{"Escrito por":"Vin\u00edcius Alves","Est. tempo de leitura":"3 minutos"},"schema":{"@context":"https:\/\/schema.org","@graph":[{"@type":"NewsArticle","@id":"https:\/\/www.suno.com.br\/noticias\/snel11-preve-aumento-receita-com-nova-bandeira-tarifaria-va\/#article","isPartOf":{"@id":"https:\/\/www.suno.com.br\/noticias\/snel11-preve-aumento-receita-com-nova-bandeira-tarifaria-va\/"},"author":{"name":"Vin\u00edcius Alves","@id":"https:\/\/www.suno.com.br\/noticias\/#\/schema\/person\/4a180549702d0e236b3e420862bcded3"},"headline":"SNEL11 atinge R$ 1,5 milh\u00e3o em julho e prev\u00ea aumento de receita com nova bandeira tarif\u00e1ria","datePublished":"2024-08-31T12:05:14+00:00","dateModified":"2024-08-31T12:05:21+00:00","mainEntityOfPage":{"@id":"https:\/\/www.suno.com.br\/noticias\/snel11-preve-aumento-receita-com-nova-bandeira-tarifaria-va\/"},"wordCount":454,"publisher":{"@id":"https:\/\/www.suno.com.br\/noticias\/#organization"},"image":{"@id":"https:\/\/www.suno.com.br\/noticias\/snel11-preve-aumento-receita-com-nova-bandeira-tarifaria-va\/#primaryimage"},"thumbnailUrl":"https:\/\/files.sunoresearch.com.br\/n\/uploads\/2023\/12\/pexels-pixabay-159397.jpg","keywords":["SNEL11"],"articleSection":["Neg\u00f3cios"],"inLanguage":"pt-BR"},{"@type":"WebPage","@id":"https:\/\/www.suno.com.br\/noticias\/snel11-preve-aumento-receita-com-nova-bandeira-tarifaria-va\/","url":"https:\/\/www.suno.com.br\/noticias\/snel11-preve-aumento-receita-com-nova-bandeira-tarifaria-va\/","name":"SNEL11 atinge R$ 1,5 milh\u00e3o em julho e prev\u00ea aumento de receita","isPartOf":{"@id":"https:\/\/www.suno.com.br\/noticias\/#website"},"primaryImageOfPage":{"@id":"https:\/\/www.suno.com.br\/noticias\/snel11-preve-aumento-receita-com-nova-bandeira-tarifaria-va\/#primaryimage"},"image":{"@id":"https:\/\/www.suno.com.br\/noticias\/snel11-preve-aumento-receita-com-nova-bandeira-tarifaria-va\/#primaryimage"},"thumbnailUrl":"https:\/\/files.sunoresearch.com.br\/n\/uploads\/2023\/12\/pexels-pixabay-159397.jpg","datePublished":"2024-08-31T12:05:14+00:00","dateModified":"2024-08-31T12:05:21+00:00","description":"O SNEL11 alcan\u00e7ou um resultado de R$ 1,5 mi, segundo o relat\u00f3rio mais recente, proporcionando aos investidores uma distribui\u00e7\u00e3o de R$ 0,10","breadcrumb":{"@id":"https:\/\/www.suno.com.br\/noticias\/snel11-preve-aumento-receita-com-nova-bandeira-tarifaria-va\/#breadcrumb"},"inLanguage":"pt-BR","potentialAction":[{"@type":"ReadAction","target":["https:\/\/www.suno.com.br\/noticias\/snel11-preve-aumento-receita-com-nova-bandeira-tarifaria-va\/"]}]},{"@type":"ImageObject","inLanguage":"pt-BR","@id":"https:\/\/www.suno.com.br\/noticias\/snel11-preve-aumento-receita-com-nova-bandeira-tarifaria-va\/#primaryimage","url":"https:\/\/files.sunoresearch.com.br\/n\/uploads\/2023\/12\/pexels-pixabay-159397.jpg","contentUrl":"https:\/\/files.sunoresearch.com.br\/n\/uploads\/2023\/12\/pexels-pixabay-159397.jpg","width":1920,"height":1080,"caption":"SNEL11. Foto: Pixabay."},{"@type":"BreadcrumbList","@id":"https:\/\/www.suno.com.br\/noticias\/snel11-preve-aumento-receita-com-nova-bandeira-tarifaria-va\/#breadcrumb","itemListElement":[{"@type":"ListItem","position":1,"name":"Not\u00edcias","item":"https:\/\/www.suno.com.br\/noticias\/"},{"@type":"ListItem","position":2,"name":"Neg\u00f3cios","item":"https:\/\/www.suno.com.br\/noticias\/negocios\/"},{"@type":"ListItem","position":3,"name":"SNEL11 atinge R$ 1,5 milh\u00e3o em julho e prev\u00ea aumento de receita com nova bandeira tarif\u00e1ria"}]},{"@type":"WebSite","@id":"https:\/\/www.suno.com.br\/noticias\/#website","url":"https:\/\/www.suno.com.br\/noticias\/","name":"Suno Not\u00edcias","description":"Seu portal de informa\u00e7\u00e3o sobre o mundo dos investimentos","publisher":{"@id":"https:\/\/www.suno.com.br\/noticias\/#organization"},"potentialAction":[{"@type":"SearchAction","target":{"@type":"EntryPoint","urlTemplate":"https:\/\/www.suno.com.br\/noticias\/?s={search_term_string}"},"query-input":{"@type":"PropertyValueSpecification","valueRequired":true,"valueName":"search_term_string"}}],"inLanguage":"pt-BR"},{"@type":"Organization","@id":"https:\/\/www.suno.com.br\/noticias\/#organization","name":"Suno Not\u00edcias","url":"https:\/\/www.suno.com.br\/noticias\/","logo":{"@type":"ImageObject","inLanguage":"pt-BR","@id":"https:\/\/www.suno.com.br\/noticias\/#\/schema\/logo\/image\/","url":"https:\/\/files.sunoresearch.com.br\/n\/uploads\/2021\/09\/suno-logo.png","contentUrl":"https:\/\/files.sunoresearch.com.br\/n\/uploads\/2021\/09\/suno-logo.png","width":180,"height":180,"caption":"Suno Not\u00edcias"},"image":{"@id":"https:\/\/www.suno.com.br\/noticias\/#\/schema\/logo\/image\/"},"sameAs":["https:\/\/facebook.com\/sunoresearch","https:\/\/x.com\/sunoresearch","https:\/\/www.instagram.com\/suno","https:\/\/www.linkedin.com\/company\/suno-research\/","https:\/\/www.youtube.com\/c\/sunoresearch"]},{"@type":"Person","@id":"https:\/\/www.suno.com.br\/noticias\/#\/schema\/person\/4a180549702d0e236b3e420862bcded3","name":"Vin\u00edcius Alves","image":{"@type":"ImageObject","inLanguage":"pt-BR","@id":"https:\/\/www.suno.com.br\/noticias\/#\/schema\/person\/image\/","url":"https:\/\/secure.gravatar.com\/avatar\/a95b7fe6d1b813f7907d4f476d5a39e1?s=96&r=g","contentUrl":"https:\/\/secure.gravatar.com\/avatar\/a95b7fe6d1b813f7907d4f476d5a39e1?s=96&r=g","caption":"Vin\u00edcius Alves"},"description":"Jornalista formado na Faculdade C\u00e1sper L\u00edbero. Com passagens pela Ag\u00eancia Estado, InfoMoney e Editora Globo.","url":"https:\/\/www.suno.com.br\/noticias\/author\/vini08correiagmail-com\/"}]}},"default_loop_html":"<div class=\"cardsPage__listCard__boxs\"><div class=\"cardsPage__listCard__boxs__img\"><a href=\"https:\/\/www.suno.com.br\/noticias\/snel11-preve-aumento-receita-com-nova-bandeira-tarifaria-va\/\"><img class=\"mask\" src=\"https:\/\/www.suno.com.br\/noticias\/wp-content\/themes\/suno\/resources\/images\/spotlight\/spotlight1img\/bg-mask.png\" alt=\"Image Mask\"\/><img src=\"https:\/\/files.sunoresearch.com.br\/n\/uploads\/2023\/12\/pexels-pixabay-159397-400x200.jpg\" alt=\"SNEL11 atinge R$ 1,5 milh\u00e3o em julho e prev\u00ea aumento de receita com nova bandeira tarif\u00e1ria\"\/><\/a><span class=\"spotlightCategory\"><a href=\"https:\/\/www.suno.com.br\/noticias\/negocios\/\">Neg\u00f3cios<\/a><\/span><\/div><div class=\"cardsPage__listCard__boxs__content\"><a href=\"https:\/\/www.suno.com.br\/noticias\/snel11-preve-aumento-receita-com-nova-bandeira-tarifaria-va\/\"><h2 class=\"content__title\">SNEL11 atinge R$ 1,5 milh\u00e3o em julho e prev\u00ea aumento de receita com nova bandeira tarif\u00e1ria<\/h2><\/a><div class=\"newsContent__article__meta\"><div class=\"newsContent__article__meta__authorBox\"><a href=\"https:\/\/www.suno.com.br\/noticias\/author\/seu-consultor-responde\/\" class=\"authorBox__avatar noMobi\"><img src=\"https:\/\/files.sunoresearch.com.br\/n\/uploads\/2024\/05\/iStock-1395651817-150x150.jpg\" alt=\"Seu Consultor Responde\"><\/a><div class=\"authorBox__name\"><span>por\n\t\t\t<a href=\"https:\/\/www.suno.com.br\/noticias\/author\/seu-consultor-responde\/\"><span itemprop=\"author\">Seu Consultor Responde<\/span><\/a><\/span><time datetime=\"2024-08-31T09:05:14-03:00\" itemprop=\"datePublished\">31\/08\/2024 09:05<\/time><\/div><\/div><\/div><\/div><\/div>","single_layout":"posts","amp_enabled":true,"_links":{"self":[{"href":"https:\/\/www.suno.com.br\/noticias\/wp-json\/wp\/v2\/posts\/573435"}],"collection":[{"href":"https:\/\/www.suno.com.br\/noticias\/wp-json\/wp\/v2\/posts"}],"about":[{"href":"https:\/\/www.suno.com.br\/noticias\/wp-json\/wp\/v2\/types\/post"}],"author":[{"embeddable":true,"href":"https:\/\/www.suno.com.br\/noticias\/wp-json\/wp\/v2\/users\/301"}],"replies":[{"embeddable":true,"href":"https:\/\/www.suno.com.br\/noticias\/wp-json\/wp\/v2\/comments?post=573435"}],"version-history":[{"count":3,"href":"https:\/\/www.suno.com.br\/noticias\/wp-json\/wp\/v2\/posts\/573435\/revisions"}],"predecessor-version":[{"id":573441,"href":"https:\/\/www.suno.com.br\/noticias\/wp-json\/wp\/v2\/posts\/573435\/revisions\/573441"}],"wp:featuredmedia":[{"embeddable":true,"href":"https:\/\/www.suno.com.br\/noticias\/wp-json\/wp\/v2\/media\/493937"}],"wp:attachment":[{"href":"https:\/\/www.suno.com.br\/noticias\/wp-json\/wp\/v2\/media?parent=573435"}],"wp:term":[{"taxonomy":"category","embeddable":true,"href":"https:\/\/www.suno.com.br\/noticias\/wp-json\/wp\/v2\/categories?post=573435"},{"taxonomy":"post_tag","embeddable":true,"href":"https:\/\/www.suno.com.br\/noticias\/wp-json\/wp\/v2\/tags?post=573435"},{"taxonomy":"suno_strategy","embeddable":true,"href":"https:\/\/www.suno.com.br\/noticias\/wp-json\/wp\/v2\/suno_strategy?post=573435"}],"curies":[{"name":"wp","href":"https:\/\/api.w.org\/{rel}","templated":true}]}}