{"id":573309,"date":"2024-08-30T20:41:07","date_gmt":"2024-08-30T23:41:07","guid":{"rendered":"https:\/\/www.suno.com.br\/noticias\/?p=573309"},"modified":"2024-08-30T20:41:14","modified_gmt":"2024-08-30T23:41:14","slug":"pix-dos-investimentos-burocracia-presidente-cvm-evm","status":"publish","type":"post","link":"https:\/\/www.suno.com.br\/noticias\/pix-dos-investimentos-burocracia-presidente-cvm-evm\/","title":{"rendered":"Pix dos investimentos ser\u00e1 semelhante a portabilidade de operadora, diz presidente da CVM"},"content":{"rendered":"<p>A portabilidade dos investimentos &#8211; conhecida como <strong>Pix dos Investimentos<\/strong> &#8211; deve ser simples, pr\u00e1tica e com poucas burocracias, assim como a portabilidade de operadoras de celular &#8211; segundo o atual presidente da <a href=\"https:\/\/www.gov.br\/cvm\/pt-br\">Comiss\u00e3o de Valores Mobili\u00e1rios (CVM)<\/a>, Jo\u00e3o Pedro Nascimento.<\/p><div class=\"videoFull \">\n\t\t\t<div class=\"videoWrapper yt-lazyload center\"\n\t\t\t\tdata-width=\"960\"\n\t\t\t\tdata-height=\"540\"\n\t\t\t\tdata-id=\"5XI5g0RsP6Y\"\n\t\t\t\tdata-alt=\"V\u00eddeo do YouTube - clique para reproduzir\"\n\t\t\t\tdata-logo=\"3\"\n\t\t\t\tdata-imagequality=\"maxres\">\n\t\t\t<\/div>\n\t\t<\/div><script type=\"application\/ld+json\">{\"@context\":\"https:\/\/schema.org\",\"@type\":\"VideoObject\",\"name\":\"\ud83d\udd34A\u00c7\u00c3O DE DESPEJO DA AMERICANAS (AMER3) | Ibovespa est\u00e1vel | X bloqueado por Alexandre de Moraes\",\"description\":\"\ud83d\udd34TENHA UMA CARTEIRA PERSONALIZADA: https:\/\/lp.suno.com.br\/ao\/consultoria-de-investimentos\/?utm_source=suno-noticias&utm_medium=live&utm_campaign=seuconsultorresponde&utm_content=30082024 00:00 In\u00edcio do v\u00eddeo 01:15 Fechamento de preg\u00e3o 04:08 Alexandre de Moraes bloqueia o X 07:21 BC faz interven\u00e7\u00e3o no mercado de c\u00e2mbio 09:55 Despejo da Americanas 12:06 Mais IPOs? 14:43 Indicadores do dia & agenda \ud83d\udd34\ud835\udc08\ud835\udc0d\ud835\udc12\ud835\udc02\ud835\udc11\ud835\udc04\ud835\udc15\ud835\udc00-\ud835\udc12\ud835\udc04 \ud835\udc0d\ud835\udc0e \ud835\udc02\ud835\udc00\ud835\udc0d\ud835\udc00\ud835\udc0b \ud835\udc04 \ud835\udc00\ud835\udc13\ud835\udc08\ud835\udc15\ud835\udc04 \ud835\udc0e \ud835\udc12\ud835\udc08\ud835\udc0d\ud835\udc0e \ud83d\udc47 https:\/\/bit.ly\/INSCREVA-SEATIVEOSINO \ud83d\udc47 \ud835\udc12\ud835\udc22\ud835\udc20\ud835\udc1a \ud835\udc27\ud835\udc28\ud835\udc2c\ud835\udc2c\ud835\udc1a\ud835\udc2c r\ud835\udc1e\ud835\udc1d\ud835\udc1e\ud835\udc2c \ud835\udc2c\ud835\udc28\ud835\udc1c\ud835\udc22\ud835\udc1ai\ud835\udc2c:\u2026\",\"duration\":\"PT17M49S\",\"embedUrl\":\"https:\/\/www.youtube.com\/embed\/5XI5g0RsP6Y\",\"regionsAllowed\":\"en-US\",\"interactionStatistic\":{\"@type\":\"InteractionCounter\",\"interactionType\":{\"@type\":\"WatchAction\"},\"userInteractionCount\":5579},\"thumbnailUrl\":\"https:\/\/i.ytimg.com\/vi\/5XI5g0RsP6Y\/default.jpg\",\"uploadDate\":\"2024-08-30T22:23:34Z\"}<\/script>\n\n\n\n\n\t<p>\n\t\t<a href=\"https:\/\/lp.suno.com.br\/planilha-da-vida-financeira\/\" target=\"_blank\" data-element=\"shortcode-suno-banner\" title=\"Banner SUNO, clique e saiba mais\">\n\t\t\t<picture>\n\t\t\t\t<source media=\"(max-width: 500px)\" srcset=\"https:\/\/files.sunoresearch.com.br\/n\/uploads\/2023\/04\/400x300-Planilha-vida-financeira-true.png\">\n\t\t\t\t<img class=\"newsContent__article__imgCapa newsContent__article__imgCapa--banner\"\n\t\t\t\t\tsrc=\"https:\/\/files.sunoresearch.com.br\/n\/uploads\/2023\/04\/1420x240-Planilha-vida-financeira-true.png\"\n\t\t\t\t\tdata-promo-id=\"106682\"\t\t\t\t\t\t\t\t\t\twidth='1420' height='240'\t\t\t\t\talt=\"https:\/\/files.sunoresearch.com.br\/n\/uploads\/2023\/04\/1420x240-Planilha-vida-financeira-true.png\"\n\t\t\t\t>\n\t\t\t<\/picture>\n\t\t<\/a>\n\t<\/p>\n\n\n\n\n\n\n\n<p>O presidente da autarquia participou de painel na Expert XP 2024 e declarou que o Pix dos Investimentos, que entra em vigor em 2025, ser\u00e1 solicitado na corretora a qual o investidor quer trazer seus ativos, e n\u00e3o a que ele quer sair.<\/p>\n\n\n\n<p>\u201cNo passado, o investidor que queria transferir a cust\u00f3dia de uma corretora para outra tinha que solicitar na corretora de origem, o que criava entraves burocr\u00e1ticos e um esfor\u00e7o da empresa para que a mudan\u00e7a n\u00e3o ocorresse\u201d, disse.<\/p>\n\n\n\n<p>&#8220;Agora, a nova din\u00e2mica tem regras de conduta e de transpar\u00eancia e o principal, que \u00e9 a solicita\u00e7\u00e3o, na casa de destino. Com isso, o procedimento deve empoderar os investidores, principalmente os de varejo\u201d, completou.<\/p>\n\n\n\n<p>Roberto Campos Neto, presidente do Banco Central, tamb\u00e9m integrou o mesmo painel.<\/p>\n\n\n\n<p>O presidente da autoridade monet\u00e1ria declarou que ambas as autarquias trabalham juntos, com uma agenda de moderniza\u00e7\u00e3o e digitaliza\u00e7\u00e3o.<\/p>\n\n\n\n<p>\u201cO objetivo \u00e9 chegar em uma plataforma \u00fanica, com os projetos conectados. Estamos caminhando para um mundo em que a <a class=\"suno-keyword\" target=\"_blank\" data-force=\"no\" data-priority=\"1\" href=\"https:\/\/www.suno.com.br\/artigos\/intermediacao-financeira\/\" rel=\"noopener\">intermedia\u00e7\u00e3o financeira<\/a> vai ser completamente digitalizada, tokenizada, em linha com o avan\u00e7o que \u00e9 visto na intermedia\u00e7\u00e3o banc\u00e1ria\u201d, disse.<\/p>\n\n\n\n<h2 class=\"wp-block-heading\">Pix dos investimentos \u00e9 regulamentado pela CVM; veja como funciona<\/h2>\n\n\n\n<p>A <a class=\"suno-keyword\" data-force=\"no\" data-priority=\"2\" href=\"https:\/\/www.suno.com.br\/artigos\/cvm\/\" target=\"_blank\" rel=\"noopener\">Comiss\u00e3o de Valores Mobili\u00e1rios (CVM)<\/a> editou, nesta segunda (26), a Resolu\u00e7\u00e3o CVM 210 &#8211; respons\u00e1vel por regulamentar portabilidade das <a class=\"suno-keyword\" data-force=\"no\" data-priority=\"1\" href=\"https:\/\/www.suno.com.br\/artigos\/aplicacoes-financeiras\/\" target=\"_blank\" rel=\"noopener\">aplica\u00e7\u00f5es financeiras<\/a>.<\/p>\n\n\n\n<p>Al\u00e9m do Pix dos investimentos, a <strong>CVM<\/strong> tamb\u00e9m editou a Resolu\u00e7\u00e3o CVM 209, que por sua vez complementa as medidas da resolu\u00e7\u00e3o 210.<\/p>\n\n\n\n<p>\u201cAs regras de portabilidade de valores mobili\u00e1rios fazem parte da materializa\u00e7\u00e3o do Open Capital Markets no arcabou\u00e7o regulat\u00f3rio da CVM, como forma de empoderamento dos investidores e de moderniza\u00e7\u00e3o do ecossistema do <a class=\"suno-keyword\" data-force=\"no\" data-priority=\"1\" href=\"https:\/\/www.suno.com.br\/artigos\/mercado-de-capitais-conceito\/\" target=\"_blank\" rel=\"noopener\">Mercado de Capitais<\/a>&#8220;, declara Jo\u00e3o Pedro Nascimento, <a href=\"https:\/\/www.gov.br\/cvm\/pt-br\">Presidente da CVM<\/a>.<\/p>\n\n\n\n<p>&#8220;Por meio das Finan\u00e7as Digitais, estamos aperfei\u00e7oando a din\u00e2mica relativa \u00e0 <a class=\"suno-keyword\" data-force=\"no\" data-priority=\"1\" href=\"https:\/\/www.suno.com.br\/artigos\/transferencia-de-custodia\/\" target=\"_blank\" rel=\"noopener\">transfer\u00eancia de cust\u00f3dia<\/a> de investimentos, com regras de conduta e de transpar\u00eancia aplic\u00e1veis a custodiantes, intermedi\u00e1rios, deposit\u00e1rios centrais, entidades registradoras e administradores de carteiras de valores mobili\u00e1rios. Temos a expectativa de fomentar um saud\u00e1vel ambiente de competi\u00e7\u00e3o pela simplifica\u00e7\u00e3o e desburocratiza\u00e7\u00e3o das regras de transfer\u00eancia de cust\u00f3dia&#8221;, completa.<\/p>\n\n\n\t<p>\n\t\t<a href=\"https:\/\/lp.suno.com.br\/ebook-como-analisar-uma-acao\/\" target=\"_blank\" data-element=\"shortcode-suno-banner\" title=\"Banner SUNO, clique e saiba mais\">\n\t\t\t<picture>\n\t\t\t\t<source media=\"(max-width: 500px)\" srcset=\"https:\/\/files.sunoresearch.com.br\/n\/uploads\/2023\/03\/Ebook-Acoes-Mobile.jpg\">\n\t\t\t\t<img class=\"newsContent__article__imgCapa newsContent__article__imgCapa--banner\"\n\t\t\t\t\tsrc=\"https:\/\/files.sunoresearch.com.br\/n\/uploads\/2023\/03\/Ebook-Acoes-Desktop.jpg\"\n\t\t\t\t\tdata-promo-id=\"378302\"\t\t\t\t\t\t\t\t\t\twidth='1420' height='286'\t\t\t\t\talt=\"https:\/\/files.sunoresearch.com.br\/n\/uploads\/2023\/03\/Ebook-Acoes-Desktop.jpg\"\n\t\t\t\t>\n\t\t\t<\/picture>\n\t\t<\/a>\n\t<\/p>\n\n\n\n\n\n<p>Conforme nota explicativa da CVM, as mudan\u00e7as com a edi\u00e7\u00e3o nas duas resolu\u00e7\u00f5es implicam em:<\/p>\n\n\n\n<ul class=\"wp-block-list\">\n<li>Interface digital para a solicita\u00e7\u00e3o de portabilidade, que dispensa o preenchimento de formul\u00e1rios f\u00edsicos ou o reconhecimento de assinaturas em cart\u00f3rio<\/li>\n\n\n\n<li>Possibilidade de o investidor escolher o ponto de solicita\u00e7\u00e3o da portabilidade: na origem, no destino ou junto ao deposit\u00e1rio central<\/li>\n\n\n\n<li>Transpar\u00eancia nos prazos estimados para conclus\u00e3o da portabilidade<\/li>\n\n\n\n<li>Possibilidade de o investidor acompanhar o andamento do processo em tempo real<\/li>\n\n\n\n<li>Escalonamento de prazos para efetiva\u00e7\u00e3o da portabilidade, em fun\u00e7\u00e3o da complexidade operacional de cada grupo de valores mobili\u00e1rios<\/li>\n\n\n\n<li>Disponibiliza\u00e7\u00e3o de dados quantitativos sobre a portabilidade \u00e0 CVM e \u00e0s entidades autorreguladoras, permitindo a identifica\u00e7\u00e3o de institui\u00e7\u00f5es que apresentem atrasos reiterados na efetiva\u00e7\u00e3o da portabilidade ou n\u00famero elevado de recusas \u00e0s solicita\u00e7\u00f5es de portabilidade<\/li>\n\n\n\n<li>Caracteriza\u00e7\u00e3o como infra\u00e7\u00e3o grave nos casos de descumprimento sistem\u00e1tico de prazos para efetiva\u00e7\u00e3o da portabilidade, ou de represamento injustificado do processamento da portabilidade<\/li>\n<\/ul>\n\n\n\n<p>Os avan\u00e7os introduzidos pela norma de <strong>portabilidade<\/strong> de valores mobili\u00e1rios ser\u00e3o potencializados com a utiliza\u00e7\u00e3o do Open Finance, segundo a autarquia.<\/p>\n\n\n\n<p>Isso, visto que as institui\u00e7\u00f5es participantes podem realizar consultas automatizadas entre si sobre dados cadastrais dos investidores e sobre suas posi\u00e7\u00f5es em investimentos de valores mobili\u00e1rios, mediante autoriza\u00e7\u00e3o pr\u00e9via de cada investidor. <\/p>\n\n\n\n<p>As interfaces de programa\u00e7\u00e3o de aplica\u00e7\u00f5es (API) padronizadas do Open Finance facilitar\u00e3o a supera\u00e7\u00e3o de impedimentos \u00e0 efetiva\u00e7\u00e3o da portabilidade. <\/p>\n\n\n\n<p>Tamb\u00e9m criar\u00e3o oportunidades de prospec\u00e7\u00e3o de clientes, fomentando a concorr\u00eancia na presta\u00e7\u00e3o de servi\u00e7os no mercado de capitais. <\/p>\n\n\n\n<p>&#8220;Paralelamente \u00e0 edi\u00e7\u00e3o da norma de portabilidade, a CVM iniciou tratativas com o Banco Central do Brasil para desenvolver servi\u00e7o de portabilidade de valores mobili\u00e1rios integrado ao Open Finance, que aumentar\u00e1 o grau de automatiza\u00e7\u00e3o do processo, refor\u00e7ando o compromisso da CVM de aprimorar a experi\u00eancia de usu\u00e1rio com a portabilidade, rumo a um mercado de capitais mais aberto&#8221;, diz a autarquia.<\/p>\n\n\n\n<p>O <strong>Pix dos Investimentos<\/strong> entrar\u00e1 em vigor no dia 1\u00ba de julho do ano de 2025.<\/p>\n\n\n\t<p>\n\t\t<a href=\"https:\/\/lp.suno.com.br\/planilha-da-vida-financeira\/\" target=\"_blank\" data-element=\"shortcode-suno-banner\" title=\"Banner SUNO, clique e saiba mais\">\n\t\t\t<picture>\n\t\t\t\t<source media=\"(max-width: 500px)\" srcset=\"https:\/\/files.sunoresearch.com.br\/n\/uploads\/2023\/04\/400x300-Planilha-vida-financeira-true.png\">\n\t\t\t\t<img class=\"newsContent__article__imgCapa newsContent__article__imgCapa--banner\"\n\t\t\t\t\tsrc=\"https:\/\/files.sunoresearch.com.br\/n\/uploads\/2023\/04\/1420x240-Planilha-vida-financeira-true.png\"\n\t\t\t\t\tdata-promo-id=\"383123\"\t\t\t\t\t\t\t\t\t\twidth='1420' height='240'\t\t\t\t\talt=\"https:\/\/files.sunoresearch.com.br\/n\/uploads\/2023\/04\/1420x240-Planilha-vida-financeira-true.png\"\n\t\t\t\t>\n\t\t\t<\/picture>\n\t\t<\/a>\n\t<\/p>\n\n\n","protected":false},"excerpt":{"rendered":"<p>A portabilidade dos investimentos &#8211; conhecida como Pix dos Investimentos &#8211; deve ser simples, pr\u00e1tica e com poucas burocracias, assim como a portabilidade de operadoras de celular &#8211; segundo o atual presidente da Comiss\u00e3o de Valores Mobili\u00e1rios (CVM), Jo\u00e3o Pedro Nascimento. O presidente da autarquia participou de painel na Expert XP 2024 e declarou que [&hellip;]<\/p>\n","protected":false},"author":73,"featured_media":283039,"comment_status":"closed","ping_status":"closed","sticky":false,"template":"","format":"standard","meta":[],"categories":[60],"tags":[902,2637],"suno_strategy":[],"class_list":["post-573309","post","type-post","status-publish","format-standard","has-post-thumbnail","hentry","category-mercado","tag-comissao-de-valores-mobiliarios-cvm","tag-pix"],"yoast_head":"<!-- This site is optimized with the Yoast SEO plugin v24.4 - https:\/\/yoast.com\/wordpress\/plugins\/seo\/ -->\n<title>Pix dos investimentos ser\u00e1 similar a portabilidade de operadora<\/title>\n<meta name=\"description\" content=\"Com o Pix dos Investimentos, investidores pedir\u00e3o portabilidade na corretora para qual querem trazer seus ativos, disse o presidente da CVM\" \/>\n<meta name=\"robots\" content=\"index, follow, max-snippet:-1, max-image-preview:large, max-video-preview:-1\" \/>\n<link rel=\"canonical\" href=\"https:\/\/www.suno.com.br\/noticias\/pix-dos-investimentos-burocracia-presidente-cvm-evm\/\" \/>\n<meta property=\"og:locale\" content=\"pt_BR\" \/>\n<meta property=\"og:type\" content=\"article\" \/>\n<meta property=\"og:title\" content=\"Pix dos investimentos ser\u00e1 similar a portabilidade de operadora\" \/>\n<meta property=\"og:description\" content=\"Com o Pix dos Investimentos, investidores pedir\u00e3o portabilidade na corretora para qual querem trazer seus ativos, disse o presidente da CVM\" \/>\n<meta property=\"og:url\" content=\"https:\/\/www.suno.com.br\/noticias\/pix-dos-investimentos-burocracia-presidente-cvm-evm\/\" \/>\n<meta property=\"og:site_name\" content=\"Suno Not\u00edcias\" \/>\n<meta property=\"article:publisher\" content=\"https:\/\/facebook.com\/sunoresearch\" \/>\n<meta property=\"og:image\" content=\"https:\/\/files.sunoresearch.com.br\/n\/uploads\/2022\/08\/cvm-presidente-Joao-Pedro-Nascimento.jpg\" \/>\n\t<meta property=\"og:image:width\" content=\"2047\" \/>\n\t<meta property=\"og:image:height\" content=\"1365\" \/>\n\t<meta property=\"og:image:type\" content=\"image\/jpeg\" \/>\n<meta name=\"author\" content=\"Eduardo Vargas\" \/>\n<meta name=\"twitter:card\" content=\"summary_large_image\" \/>\n<meta name=\"twitter:creator\" content=\"@sunoresearch\" \/>\n<meta name=\"twitter:site\" content=\"@sunoresearch\" \/>\n<meta name=\"twitter:label1\" content=\"Escrito por\" \/>\n\t<meta name=\"twitter:data1\" content=\"Eduardo Vargas\" \/>\n\t<meta name=\"twitter:label2\" content=\"Est. tempo de leitura\" \/>\n\t<meta name=\"twitter:data2\" content=\"4 minutos\" \/>\n<script type=\"application\/ld+json\" class=\"yoast-schema-graph\">{\"@context\":\"https:\/\/schema.org\",\"@graph\":[{\"@type\":\"NewsArticle\",\"@id\":\"https:\/\/www.suno.com.br\/noticias\/pix-dos-investimentos-burocracia-presidente-cvm-evm\/#article\",\"isPartOf\":{\"@id\":\"https:\/\/www.suno.com.br\/noticias\/pix-dos-investimentos-burocracia-presidente-cvm-evm\/\"},\"author\":{\"name\":\"Eduardo Vargas\",\"@id\":\"https:\/\/www.suno.com.br\/noticias\/#\/schema\/person\/7f4d362bf3518e76090143ae77bb49a5\"},\"headline\":\"Pix dos investimentos ser\u00e1 semelhante a portabilidade de operadora, diz presidente da CVM\",\"datePublished\":\"2024-08-30T23:41:07+00:00\",\"dateModified\":\"2024-08-30T23:41:14+00:00\",\"mainEntityOfPage\":{\"@id\":\"https:\/\/www.suno.com.br\/noticias\/pix-dos-investimentos-burocracia-presidente-cvm-evm\/\"},\"wordCount\":813,\"publisher\":{\"@id\":\"https:\/\/www.suno.com.br\/noticias\/#organization\"},\"image\":{\"@id\":\"https:\/\/www.suno.com.br\/noticias\/pix-dos-investimentos-burocracia-presidente-cvm-evm\/#primaryimage\"},\"thumbnailUrl\":\"https:\/\/files.sunoresearch.com.br\/n\/uploads\/2022\/08\/cvm-presidente-Joao-Pedro-Nascimento.jpg\",\"keywords\":[\"Comiss\u00e3o de Valores Mobili\u00e1rios (CVM)\",\"PIX\"],\"articleSection\":[\"Mercado\"],\"inLanguage\":\"pt-BR\"},{\"@type\":\"WebPage\",\"@id\":\"https:\/\/www.suno.com.br\/noticias\/pix-dos-investimentos-burocracia-presidente-cvm-evm\/\",\"url\":\"https:\/\/www.suno.com.br\/noticias\/pix-dos-investimentos-burocracia-presidente-cvm-evm\/\",\"name\":\"Pix dos investimentos ser\u00e1 similar a portabilidade de operadora\",\"isPartOf\":{\"@id\":\"https:\/\/www.suno.com.br\/noticias\/#website\"},\"primaryImageOfPage\":{\"@id\":\"https:\/\/www.suno.com.br\/noticias\/pix-dos-investimentos-burocracia-presidente-cvm-evm\/#primaryimage\"},\"image\":{\"@id\":\"https:\/\/www.suno.com.br\/noticias\/pix-dos-investimentos-burocracia-presidente-cvm-evm\/#primaryimage\"},\"thumbnailUrl\":\"https:\/\/files.sunoresearch.com.br\/n\/uploads\/2022\/08\/cvm-presidente-Joao-Pedro-Nascimento.jpg\",\"datePublished\":\"2024-08-30T23:41:07+00:00\",\"dateModified\":\"2024-08-30T23:41:14+00:00\",\"description\":\"Com o Pix dos Investimentos, investidores pedir\u00e3o portabilidade na corretora para qual querem trazer seus ativos, disse o presidente da CVM\",\"breadcrumb\":{\"@id\":\"https:\/\/www.suno.com.br\/noticias\/pix-dos-investimentos-burocracia-presidente-cvm-evm\/#breadcrumb\"},\"inLanguage\":\"pt-BR\",\"potentialAction\":[{\"@type\":\"ReadAction\",\"target\":[\"https:\/\/www.suno.com.br\/noticias\/pix-dos-investimentos-burocracia-presidente-cvm-evm\/\"]}]},{\"@type\":\"ImageObject\",\"inLanguage\":\"pt-BR\",\"@id\":\"https:\/\/www.suno.com.br\/noticias\/pix-dos-investimentos-burocracia-presidente-cvm-evm\/#primaryimage\",\"url\":\"https:\/\/files.sunoresearch.com.br\/n\/uploads\/2022\/08\/cvm-presidente-Joao-Pedro-Nascimento.jpg\",\"contentUrl\":\"https:\/\/files.sunoresearch.com.br\/n\/uploads\/2022\/08\/cvm-presidente-Joao-Pedro-Nascimento.jpg\",\"width\":2047,\"height\":1365,\"caption\":\"Jo\u00e3o Pedro Barroso do Nascimento, atual presidente da CVM, em sabatina no Senado para receber o aval para exercer seu cargo - Foto: Geraldo Magela\/Ag\u00eancia Senado\"},{\"@type\":\"BreadcrumbList\",\"@id\":\"https:\/\/www.suno.com.br\/noticias\/pix-dos-investimentos-burocracia-presidente-cvm-evm\/#breadcrumb\",\"itemListElement\":[{\"@type\":\"ListItem\",\"position\":1,\"name\":\"Not\u00edcias\",\"item\":\"https:\/\/www.suno.com.br\/noticias\/\"},{\"@type\":\"ListItem\",\"position\":2,\"name\":\"Mercado\",\"item\":\"https:\/\/www.suno.com.br\/noticias\/mercado\/\"},{\"@type\":\"ListItem\",\"position\":3,\"name\":\"Pix dos investimentos ser\u00e1 semelhante a portabilidade de operadora, diz presidente da CVM\"}]},{\"@type\":\"WebSite\",\"@id\":\"https:\/\/www.suno.com.br\/noticias\/#website\",\"url\":\"https:\/\/www.suno.com.br\/noticias\/\",\"name\":\"Suno Not\u00edcias\",\"description\":\"Seu portal de informa\u00e7\u00e3o sobre o mundo dos investimentos\",\"publisher\":{\"@id\":\"https:\/\/www.suno.com.br\/noticias\/#organization\"},\"potentialAction\":[{\"@type\":\"SearchAction\",\"target\":{\"@type\":\"EntryPoint\",\"urlTemplate\":\"https:\/\/www.suno.com.br\/noticias\/?s={search_term_string}\"},\"query-input\":{\"@type\":\"PropertyValueSpecification\",\"valueRequired\":true,\"valueName\":\"search_term_string\"}}],\"inLanguage\":\"pt-BR\"},{\"@type\":\"Organization\",\"@id\":\"https:\/\/www.suno.com.br\/noticias\/#organization\",\"name\":\"Suno Not\u00edcias\",\"url\":\"https:\/\/www.suno.com.br\/noticias\/\",\"logo\":{\"@type\":\"ImageObject\",\"inLanguage\":\"pt-BR\",\"@id\":\"https:\/\/www.suno.com.br\/noticias\/#\/schema\/logo\/image\/\",\"url\":\"https:\/\/files.sunoresearch.com.br\/n\/uploads\/2021\/09\/suno-logo.png\",\"contentUrl\":\"https:\/\/files.sunoresearch.com.br\/n\/uploads\/2021\/09\/suno-logo.png\",\"width\":180,\"height\":180,\"caption\":\"Suno Not\u00edcias\"},\"image\":{\"@id\":\"https:\/\/www.suno.com.br\/noticias\/#\/schema\/logo\/image\/\"},\"sameAs\":[\"https:\/\/facebook.com\/sunoresearch\",\"https:\/\/x.com\/sunoresearch\",\"https:\/\/www.instagram.com\/suno\",\"https:\/\/www.linkedin.com\/company\/suno-research\/\",\"https:\/\/www.youtube.com\/c\/sunoresearch\"]},{\"@type\":\"Person\",\"@id\":\"https:\/\/www.suno.com.br\/noticias\/#\/schema\/person\/7f4d362bf3518e76090143ae77bb49a5\",\"name\":\"Eduardo Vargas\",\"image\":{\"@type\":\"ImageObject\",\"inLanguage\":\"pt-BR\",\"@id\":\"https:\/\/www.suno.com.br\/noticias\/#\/schema\/person\/image\/\",\"url\":\"https:\/\/secure.gravatar.com\/avatar\/dac340933427a22924c9f99d1eb2e3f2?s=96&r=g\",\"contentUrl\":\"https:\/\/secure.gravatar.com\/avatar\/dac340933427a22924c9f99d1eb2e3f2?s=96&r=g\",\"caption\":\"Eduardo Vargas\"},\"description\":\"Jornalista formado pela UFSC, cobre macroeconomia, neg\u00f3cios e startups para o Suno Not\u00edcias, escrevendo principalmente not\u00edcias sobre o mercado financeiro e a bolsa de valores. No YouTube e no Instagram, \u00e9 respons\u00e1vel pela produ\u00e7\u00e3o de Reels e Shorts do Suno Not\u00edcias. Anteriormente, trabalhou cobrindo economia e cotidiano no ND+ e para o ND, maior jornal impresso de Santa Catarina. Cursou um semestre letivo de Estudos de M\u00eddia na Universidad de Buenos Aires.\",\"url\":\"https:\/\/www.suno.com.br\/noticias\/author\/eduardo-vargas\/\"}]}<\/script>\n<!-- \/ Yoast SEO plugin. -->","yoast_head_json":{"title":"Pix dos investimentos ser\u00e1 similar a portabilidade de operadora","description":"Com o Pix dos Investimentos, investidores pedir\u00e3o portabilidade na corretora para qual querem trazer seus ativos, disse o presidente da CVM","robots":{"index":"index","follow":"follow","max-snippet":"max-snippet:-1","max-image-preview":"max-image-preview:large","max-video-preview":"max-video-preview:-1"},"canonical":"https:\/\/www.suno.com.br\/noticias\/pix-dos-investimentos-burocracia-presidente-cvm-evm\/","og_locale":"pt_BR","og_type":"article","og_title":"Pix dos investimentos ser\u00e1 similar a portabilidade de operadora","og_description":"Com o Pix dos Investimentos, investidores pedir\u00e3o portabilidade na corretora para qual querem trazer seus ativos, disse o presidente da CVM","og_url":"https:\/\/www.suno.com.br\/noticias\/pix-dos-investimentos-burocracia-presidente-cvm-evm\/","og_site_name":"Suno Not\u00edcias","article_publisher":"https:\/\/facebook.com\/sunoresearch","og_image":[{"width":2047,"height":1365,"url":"https:\/\/files.sunoresearch.com.br\/n\/uploads\/2022\/08\/cvm-presidente-Joao-Pedro-Nascimento.jpg","type":"image\/jpeg"}],"author":"Eduardo Vargas","twitter_card":"summary_large_image","twitter_creator":"@sunoresearch","twitter_site":"@sunoresearch","twitter_misc":{"Escrito por":"Eduardo Vargas","Est. tempo de leitura":"4 minutos"},"schema":{"@context":"https:\/\/schema.org","@graph":[{"@type":"NewsArticle","@id":"https:\/\/www.suno.com.br\/noticias\/pix-dos-investimentos-burocracia-presidente-cvm-evm\/#article","isPartOf":{"@id":"https:\/\/www.suno.com.br\/noticias\/pix-dos-investimentos-burocracia-presidente-cvm-evm\/"},"author":{"name":"Eduardo Vargas","@id":"https:\/\/www.suno.com.br\/noticias\/#\/schema\/person\/7f4d362bf3518e76090143ae77bb49a5"},"headline":"Pix dos investimentos ser\u00e1 semelhante a portabilidade de operadora, diz presidente da CVM","datePublished":"2024-08-30T23:41:07+00:00","dateModified":"2024-08-30T23:41:14+00:00","mainEntityOfPage":{"@id":"https:\/\/www.suno.com.br\/noticias\/pix-dos-investimentos-burocracia-presidente-cvm-evm\/"},"wordCount":813,"publisher":{"@id":"https:\/\/www.suno.com.br\/noticias\/#organization"},"image":{"@id":"https:\/\/www.suno.com.br\/noticias\/pix-dos-investimentos-burocracia-presidente-cvm-evm\/#primaryimage"},"thumbnailUrl":"https:\/\/files.sunoresearch.com.br\/n\/uploads\/2022\/08\/cvm-presidente-Joao-Pedro-Nascimento.jpg","keywords":["Comiss\u00e3o de Valores Mobili\u00e1rios (CVM)","PIX"],"articleSection":["Mercado"],"inLanguage":"pt-BR"},{"@type":"WebPage","@id":"https:\/\/www.suno.com.br\/noticias\/pix-dos-investimentos-burocracia-presidente-cvm-evm\/","url":"https:\/\/www.suno.com.br\/noticias\/pix-dos-investimentos-burocracia-presidente-cvm-evm\/","name":"Pix dos investimentos ser\u00e1 similar a portabilidade de operadora","isPartOf":{"@id":"https:\/\/www.suno.com.br\/noticias\/#website"},"primaryImageOfPage":{"@id":"https:\/\/www.suno.com.br\/noticias\/pix-dos-investimentos-burocracia-presidente-cvm-evm\/#primaryimage"},"image":{"@id":"https:\/\/www.suno.com.br\/noticias\/pix-dos-investimentos-burocracia-presidente-cvm-evm\/#primaryimage"},"thumbnailUrl":"https:\/\/files.sunoresearch.com.br\/n\/uploads\/2022\/08\/cvm-presidente-Joao-Pedro-Nascimento.jpg","datePublished":"2024-08-30T23:41:07+00:00","dateModified":"2024-08-30T23:41:14+00:00","description":"Com o Pix dos Investimentos, investidores pedir\u00e3o portabilidade na corretora para qual querem trazer seus ativos, disse o presidente da CVM","breadcrumb":{"@id":"https:\/\/www.suno.com.br\/noticias\/pix-dos-investimentos-burocracia-presidente-cvm-evm\/#breadcrumb"},"inLanguage":"pt-BR","potentialAction":[{"@type":"ReadAction","target":["https:\/\/www.suno.com.br\/noticias\/pix-dos-investimentos-burocracia-presidente-cvm-evm\/"]}]},{"@type":"ImageObject","inLanguage":"pt-BR","@id":"https:\/\/www.suno.com.br\/noticias\/pix-dos-investimentos-burocracia-presidente-cvm-evm\/#primaryimage","url":"https:\/\/files.sunoresearch.com.br\/n\/uploads\/2022\/08\/cvm-presidente-Joao-Pedro-Nascimento.jpg","contentUrl":"https:\/\/files.sunoresearch.com.br\/n\/uploads\/2022\/08\/cvm-presidente-Joao-Pedro-Nascimento.jpg","width":2047,"height":1365,"caption":"Jo\u00e3o Pedro Barroso do Nascimento, atual presidente da CVM, em sabatina no Senado para receber o aval para exercer seu cargo - Foto: Geraldo Magela\/Ag\u00eancia Senado"},{"@type":"BreadcrumbList","@id":"https:\/\/www.suno.com.br\/noticias\/pix-dos-investimentos-burocracia-presidente-cvm-evm\/#breadcrumb","itemListElement":[{"@type":"ListItem","position":1,"name":"Not\u00edcias","item":"https:\/\/www.suno.com.br\/noticias\/"},{"@type":"ListItem","position":2,"name":"Mercado","item":"https:\/\/www.suno.com.br\/noticias\/mercado\/"},{"@type":"ListItem","position":3,"name":"Pix dos investimentos ser\u00e1 semelhante a portabilidade de operadora, diz presidente da CVM"}]},{"@type":"WebSite","@id":"https:\/\/www.suno.com.br\/noticias\/#website","url":"https:\/\/www.suno.com.br\/noticias\/","name":"Suno Not\u00edcias","description":"Seu portal de informa\u00e7\u00e3o sobre o mundo dos investimentos","publisher":{"@id":"https:\/\/www.suno.com.br\/noticias\/#organization"},"potentialAction":[{"@type":"SearchAction","target":{"@type":"EntryPoint","urlTemplate":"https:\/\/www.suno.com.br\/noticias\/?s={search_term_string}"},"query-input":{"@type":"PropertyValueSpecification","valueRequired":true,"valueName":"search_term_string"}}],"inLanguage":"pt-BR"},{"@type":"Organization","@id":"https:\/\/www.suno.com.br\/noticias\/#organization","name":"Suno Not\u00edcias","url":"https:\/\/www.suno.com.br\/noticias\/","logo":{"@type":"ImageObject","inLanguage":"pt-BR","@id":"https:\/\/www.suno.com.br\/noticias\/#\/schema\/logo\/image\/","url":"https:\/\/files.sunoresearch.com.br\/n\/uploads\/2021\/09\/suno-logo.png","contentUrl":"https:\/\/files.sunoresearch.com.br\/n\/uploads\/2021\/09\/suno-logo.png","width":180,"height":180,"caption":"Suno Not\u00edcias"},"image":{"@id":"https:\/\/www.suno.com.br\/noticias\/#\/schema\/logo\/image\/"},"sameAs":["https:\/\/facebook.com\/sunoresearch","https:\/\/x.com\/sunoresearch","https:\/\/www.instagram.com\/suno","https:\/\/www.linkedin.com\/company\/suno-research\/","https:\/\/www.youtube.com\/c\/sunoresearch"]},{"@type":"Person","@id":"https:\/\/www.suno.com.br\/noticias\/#\/schema\/person\/7f4d362bf3518e76090143ae77bb49a5","name":"Eduardo Vargas","image":{"@type":"ImageObject","inLanguage":"pt-BR","@id":"https:\/\/www.suno.com.br\/noticias\/#\/schema\/person\/image\/","url":"https:\/\/secure.gravatar.com\/avatar\/dac340933427a22924c9f99d1eb2e3f2?s=96&r=g","contentUrl":"https:\/\/secure.gravatar.com\/avatar\/dac340933427a22924c9f99d1eb2e3f2?s=96&r=g","caption":"Eduardo Vargas"},"description":"Jornalista formado pela UFSC, cobre macroeconomia, neg\u00f3cios e startups para o Suno Not\u00edcias, escrevendo principalmente not\u00edcias sobre o mercado financeiro e a bolsa de valores. No YouTube e no Instagram, \u00e9 respons\u00e1vel pela produ\u00e7\u00e3o de Reels e Shorts do Suno Not\u00edcias. Anteriormente, trabalhou cobrindo economia e cotidiano no ND+ e para o ND, maior jornal impresso de Santa Catarina. Cursou um semestre letivo de Estudos de M\u00eddia na Universidad de Buenos Aires.","url":"https:\/\/www.suno.com.br\/noticias\/author\/eduardo-vargas\/"}]}},"default_loop_html":"<div class=\"cardsPage__listCard__boxs\"><div class=\"cardsPage__listCard__boxs__img\"><a href=\"https:\/\/www.suno.com.br\/noticias\/pix-dos-investimentos-burocracia-presidente-cvm-evm\/\"><img class=\"mask\" src=\"https:\/\/www.suno.com.br\/noticias\/wp-content\/themes\/suno\/resources\/images\/spotlight\/spotlight1img\/bg-mask.png\" alt=\"Image Mask\"\/><img src=\"https:\/\/files.sunoresearch.com.br\/n\/uploads\/2022\/08\/cvm-presidente-Joao-Pedro-Nascimento-400x200.jpg\" alt=\"Pix dos investimentos ser\u00e1 semelhante a portabilidade de operadora, diz presidente da CVM\"\/><\/a><span class=\"spotlightCategory\"><a href=\"https:\/\/www.suno.com.br\/noticias\/mercado\/\">Mercado<\/a><\/span><\/div><div class=\"cardsPage__listCard__boxs__content\"><a href=\"https:\/\/www.suno.com.br\/noticias\/pix-dos-investimentos-burocracia-presidente-cvm-evm\/\"><h2 class=\"content__title\">Pix dos investimentos ser\u00e1 semelhante a portabilidade de operadora, diz presidente da CVM<\/h2><\/a><div class=\"newsContent__article__meta\"><div class=\"newsContent__article__meta__authorBox\"><a href=\"https:\/\/www.suno.com.br\/noticias\/author\/eduardo-vargas\/\" class=\"authorBox__avatar noMobi\"><img src=\"https:\/\/secure.gravatar.com\/avatar\/dac340933427a22924c9f99d1eb2e3f2?s=96&#038;r=g\" alt=\"Eduardo Vargas\"><\/a><div class=\"authorBox__name\"><span>por\n\t\t\t<a href=\"https:\/\/www.suno.com.br\/noticias\/author\/eduardo-vargas\/\"><span itemprop=\"author\">Eduardo Vargas<\/span><\/a><\/span><time datetime=\"2024-08-30T20:41:07-03:00\" itemprop=\"datePublished\">30\/08\/2024 20:41<\/time><\/div><\/div><\/div><\/div><\/div>","single_layout":"posts","amp_enabled":true,"_links":{"self":[{"href":"https:\/\/www.suno.com.br\/noticias\/wp-json\/wp\/v2\/posts\/573309"}],"collection":[{"href":"https:\/\/www.suno.com.br\/noticias\/wp-json\/wp\/v2\/posts"}],"about":[{"href":"https:\/\/www.suno.com.br\/noticias\/wp-json\/wp\/v2\/types\/post"}],"author":[{"embeddable":true,"href":"https:\/\/www.suno.com.br\/noticias\/wp-json\/wp\/v2\/users\/73"}],"replies":[{"embeddable":true,"href":"https:\/\/www.suno.com.br\/noticias\/wp-json\/wp\/v2\/comments?post=573309"}],"version-history":[{"count":3,"href":"https:\/\/www.suno.com.br\/noticias\/wp-json\/wp\/v2\/posts\/573309\/revisions"}],"predecessor-version":[{"id":573334,"href":"https:\/\/www.suno.com.br\/noticias\/wp-json\/wp\/v2\/posts\/573309\/revisions\/573334"}],"wp:featuredmedia":[{"embeddable":true,"href":"https:\/\/www.suno.com.br\/noticias\/wp-json\/wp\/v2\/media\/283039"}],"wp:attachment":[{"href":"https:\/\/www.suno.com.br\/noticias\/wp-json\/wp\/v2\/media?parent=573309"}],"wp:term":[{"taxonomy":"category","embeddable":true,"href":"https:\/\/www.suno.com.br\/noticias\/wp-json\/wp\/v2\/categories?post=573309"},{"taxonomy":"post_tag","embeddable":true,"href":"https:\/\/www.suno.com.br\/noticias\/wp-json\/wp\/v2\/tags?post=573309"},{"taxonomy":"suno_strategy","embeddable":true,"href":"https:\/\/www.suno.com.br\/noticias\/wp-json\/wp\/v2\/suno_strategy?post=573309"}],"curies":[{"name":"wp","href":"https:\/\/api.w.org\/{rel}","templated":true}]}}