{"id":57299,"date":"2020-03-18T10:22:54","date_gmt":"2020-03-18T13:22:54","guid":{"rendered":"https:\/\/www.suno.com.br\/noticias\/?p=57299"},"modified":"2020-03-18T10:31:59","modified_gmt":"2020-03-18T13:31:59","slug":"ibovespa-coronavirus-copom-18032020","status":"publish","type":"post","link":"https:\/\/www.suno.com.br\/noticias\/ibovespa-coronavirus-copom-18032020\/","title":{"rendered":"Ibovespa abre em forte queda com pessimismo sobre o coronav\u00edrus"},"content":{"rendered":"<p>O <a href=\"https:\/\/www.suno.com.br\/artigos\/ibovespa\/\"><strong>Ibovespa<\/strong><\/a> abre abriu em forte queda nesta quarta-feira (18), ap\u00f3s ensaiar uma recupera\u00e7\u00e3o na \u00faltima ter\u00e7a-feira (17). O mercado segue apreensivo com as novas informa\u00e7\u00f5es sobre o <strong>coronav\u00edrus<\/strong> (Covid-19), seguindo as bolsas no exterior.<\/p>\t<div class=\"wrapper-featured-image\">\n\t\t<figure class=\"spotlightImg\">\n\n\t\t\t<picture>\n\t\t\t\t<source media=\"(max-width: 768px)\" srcset=\"https:\/\/files.sunoresearch.com.br\/n\/uploads\/2020\/02\/37cd5ae4-ibovespa-400x200.webp\">\n\t\t\t\t<img loading=\"lazy\" decoding=\"async\" class=\"newsContent__article__imgCapa lazyloadDisabled newsContent__article__imgCapa--noCaption\" src=\"https:\/\/files.sunoresearch.com.br\/n\/uploads\/2020\/02\/37cd5ae4-ibovespa-800x450.webp\" width=\"800\" height=\"450\" alt=\"Ibovespa abre em forte queda com pessimismo sobre o coronav\u00edrus\" fetchpriority=high \/>\n\t\t\t<\/picture>\n\n\t\t\t<figcaption class=\"wp-caption-text wp-caption-text--hide\">IBOVESPA<\/figcaption>\n\t\t<\/figure>\n\t<\/div>\n\n\n\n<p>Por volta das 10h20, o Ibovespa variava negativamente a 7,04%, a 69.328,02 pontos. O governo solicitar\u00e1 ao Congresso Nacional o reconhecimento de calamidade p\u00fablica devido \u00e0 doen\u00e7a. As restri\u00e7\u00f5es de tr\u00e2nsito entre as pessoas tem impactado a <strong>economia<\/strong>, fechando escolas e shoppings.<\/p>\n<p>Al\u00e9m disso, os investidores seguem atentos \u00e0 reuni\u00e3o do <strong>Copom<\/strong>, existindo a possibilidade de mais um corte na Selic.<\/p>\n<h2>Covid-19<\/h2>\n<p>A Secretaria Especial de Comunica\u00e7\u00e3o Social da Presid\u00eancia da Rep\u00fablica informou na \u00faltima ter\u00e7a-feira (17) que o governo ir\u00e1 solicitar ao Congresso Nacional o reconhecimento de <a href=\"https:\/\/www.youtube.com\/watch?v=3isdrLdIEdM&amp;t=846s\">estado de<strong> calamidade p\u00fablica<\/strong><\/a> em raz\u00e3o dos efeitos da crise provocada pela pandemia do novo coronav\u00edrus.<\/p>\n\t<p>\n\t\t<a href=\"https:\/\/lp.suno.com.br\/ao\/cadastro-whatsapp\/\" target=\"_blank\" data-element=\"shortcode-suno-banner\" title=\"Banner SUNO, clique e saiba mais\">\n\t\t\t<picture>\n\t\t\t\t<source media=\"(max-width: 500px)\" srcset=\"https:\/\/files.sunoresearch.com.br\/n\/uploads\/2024\/02\/400x300-Mobile-Artigos-7.png\">\n\t\t\t\t<img class=\"newsContent__article__imgCapa newsContent__article__imgCapa--banner\"\n\t\t\t\t\tsrc=\"https:\/\/files.sunoresearch.com.br\/n\/uploads\/2024\/01\/1420x240-Banner-Artigos-1-_-Banner-Materias-8.png\"\n\t\t\t\t\tdata-promo-id=\"517344\"\t\t\t\t\t\t\t\t\t\twidth='1420' height='240'\t\t\t\t\talt=\"https:\/\/files.sunoresearch.com.br\/n\/uploads\/2024\/01\/1420x240-Banner-Artigos-1-_-Banner-Materias-8.png\"\n\t\t\t\t>\n\t\t\t<\/picture>\n\t\t<\/a>\n\t<\/p>\n\n\n<p>De acordo com a nota, se o Congresso reconhecer o estado de calamidade, a Uni\u00e3o n\u00e3o precisar\u00e1 cumprir a <strong>meta fiscal<\/strong> prevista para este ano de um d\u00e9ficit prim\u00e1rio de R$ 124,1 bilh\u00f5es, sancionada pelo presidente Jair Bolsonaro.<\/p>\n<p>Na \u00faltima ter\u00e7a-feira, a C\u00e2mara dos Deputados aprovou um projeto que autoriza os gestores a usar os saldos de a\u00e7\u00e3o em sa\u00fade para combater a pandemia da Covid-19. O projeto foi votado com urg\u00eancia, com 261 votos. O texto agora segue pra o Senado, onde dever\u00e1 haver uma nova tramita\u00e7\u00e3o.<\/p>\n<p>Al\u00e9m disso, o pacote de est\u00edmulos \u00e0 economia, anunciado pelo ministro <a href=\"https:\/\/www.suno.com.br\/tudo-sobre\/paulo-guedes\/\">Paulo Guedes<\/a>, injetar\u00e1 cerca de R$ 147 bilh\u00f5es na economia brasileira, com o foco nos mais vulner\u00e1veis, com o risco de contrair a doen\u00e7a, e no mercado de trabalho.<\/p>\n<h2>Copom<\/h2>\n<p>O Comit\u00ea de Pol\u00edtica Monet\u00e1ria (Copom) ir\u00e1 se reunir nesta quarta-feira. O mercado est\u00e1 atento \u00e0 expectativa de mais um corte na taxa b\u00e1sica de juros da economia (Selic), como forma de flexibiliza\u00e7\u00e3o da pol\u00edtica monet\u00e1ria em prol da conten\u00e7\u00e3o do avan\u00e7o do coronav\u00edrus no Pa\u00eds.<\/p>\n<p><a href=\"https:\/\/www.suno.com.br\/noticias\/bolsonaro-segundo-teste-coronavirus\/\">Veja tamb\u00e9m: Bolsonaro informa que seu segundo teste do coronav\u00edrus deu negativo<\/a><\/p>\n<p>No \u00faltimo domingo (15), ap\u00f3s uma reuni\u00e3o extraordin\u00e1ria, o Federal Reserve (Fed), autoridade monet\u00e1ria central nos Estados Unidos, cortou novamente sua taxa de juros, mantendo-a entre 0% e 0,25%. O presidente norte-americano Donald Trump vinha criticando sistematicamente o banco central dos Estados Unidos por n\u00e3o acelerar os cortes.<\/p>\n<h2>Bolsas no mundo<\/h2>\n<p>As bolsas de valores asi\u00e1ticas fecharam em queda. Na <strong>Coreia do Sul<\/strong>, uma das na\u00e7\u00f5es mais impactadas pela doen\u00e7a, o \u00edndice Kospi fechou em queda de 4,86%. Recentemente, a autoridade monet\u00e1ria coreana cortou sua taxa de juros para a m\u00ednima hist\u00f3rica.<\/p>\n<p><a href=\"https:\/\/www.suno.com.br\/nossas-assinaturas\/suno-premium\/\">Coronav\u00edrus e Mercado Financeiro | Saiba quais oportunidades voc\u00ea pode estar perdendo<\/a><\/p>\n<p>A <strong>Nikkei 225<\/strong>, principal \u00edndice acion\u00e1rio do Jap\u00e3o, terceira maior economia do mundo, fechou em queda de 1,68%. O <strong>Hang Seng<\/strong>, em Hong Kong, fechou em baixa de 4,03%, enquanto a Bolsa de Valores de Xangai encerrou a sess\u00e3o com um recuo de 1,83%.<\/p>\n<p>Por outro lado, as bolsas europeias est\u00e3o registrando os seguintes resultados, \u00e0s 9h50 (hor\u00e1rio de Bras\u00edlia):<\/p>\n<ul>\n<li>It\u00e1lia: FTSE MIB -2,58%<\/li>\n<li>Alemanha: <a href=\"https:\/\/www.suno.com.br\/artigos\/dax-30\/\">DAX 30<\/a> -5,40%<\/li>\n<li>Reino Unido: <a href=\"https:\/\/www.suno.com.br\/artigos\/ftse-100\/\">FTSE 100<\/a> -4,67%<\/li>\n<li>Fran\u00e7a: <a href=\"https:\/\/www.suno.com.br\/artigos\/cac-40\/#:~:text=O%20CAC%2040%20foi%20criado,(antigamente%20chamada%20Paris%20Bourse).\">CAC 40<\/a> -5,97%<\/li>\n<li><a href=\"https:\/\/www.suno.com.br\/artigos\/euro-stoxx-50\/\">Euro Stoxx 50<\/a> -5,95%<\/li>\n<\/ul>\n<h2>\u00daltima cota\u00e7\u00e3o do Ibovespa<\/h2>\n<p>No \u00faltimo preg\u00e3o, na ter\u00e7a-feira, o <strong>Ibovespa<\/strong> fechou em alta de 4,85%, a 74.617,24 pontos.<\/p>\n\n","protected":false},"excerpt":{"rendered":"<p>O Ibovespa abre abriu em forte queda nesta quarta-feira (18), ap\u00f3s ensaiar uma recupera\u00e7\u00e3o na \u00faltima ter\u00e7a-feira (17). O mercado segue apreensivo com as novas informa\u00e7\u00f5es sobre o coronav\u00edrus (Covid-19), seguindo as bolsas no exterior. IBOVESPA Por volta das 10h20, o Ibovespa variava negativamente a 7,04%, a 69.328,02 pontos. O governo solicitar\u00e1 ao Congresso Nacional [&hellip;]<\/p>\n","protected":false},"author":24,"featured_media":54134,"comment_status":"closed","ping_status":"closed","sticky":false,"template":"","format":"standard","meta":[],"categories":[60],"tags":[1104,2487,8236,721],"suno_strategy":[],"class_list":["post-57299","post","type-post","status-publish","format-standard","has-post-thumbnail","hentry","category-mercado","tag-copom","tag-coronavirus","tag-euro-stoxx-50","tag-ibovespa"],"yoast_head":"<!-- This site is optimized with the Yoast SEO plugin v24.4 - https:\/\/yoast.com\/wordpress\/plugins\/seo\/ -->\n<title>Ibovespa abre em forte queda com pessimismo sobre o coronav\u00edrus<\/title>\n<meta name=\"description\" content=\"O Ibovespa abriu em queda nesta quarta-feira, seguindo as bolsas do exterior pessimistas com o coronav\u00edrus. Clique aqui e saiba mais.\" \/>\n<meta name=\"robots\" content=\"index, follow, max-snippet:-1, max-image-preview:large, max-video-preview:-1\" \/>\n<link rel=\"canonical\" href=\"https:\/\/www.suno.com.br\/noticias\/ibovespa-coronavirus-copom-18032020\/\" \/>\n<meta property=\"og:locale\" content=\"pt_BR\" \/>\n<meta property=\"og:type\" content=\"article\" \/>\n<meta property=\"og:title\" content=\"Ibovespa abre em forte queda com pessimismo sobre o coronav\u00edrus\" \/>\n<meta property=\"og:description\" content=\"O Ibovespa abriu em queda nesta quarta-feira, seguindo as bolsas do exterior pessimistas com o coronav\u00edrus. Clique aqui e saiba mais.\" \/>\n<meta property=\"og:url\" content=\"https:\/\/www.suno.com.br\/noticias\/ibovespa-coronavirus-copom-18032020\/\" \/>\n<meta property=\"og:site_name\" content=\"Suno Not\u00edcias\" \/>\n<meta property=\"article:publisher\" content=\"https:\/\/facebook.com\/sunoresearch\" \/>\n<meta property=\"og:image\" content=\"https:\/\/files.sunoresearch.com.br\/n\/uploads\/2020\/02\/37cd5ae4-ibovespa.jpg\" \/>\n\t<meta property=\"og:image:width\" content=\"1380\" \/>\n\t<meta property=\"og:image:height\" content=\"920\" \/>\n\t<meta property=\"og:image:type\" content=\"image\/jpeg\" \/>\n<meta name=\"author\" content=\"Jader Lazarini\" \/>\n<meta name=\"twitter:card\" content=\"summary_large_image\" \/>\n<meta name=\"twitter:creator\" content=\"@sunoresearch\" \/>\n<meta name=\"twitter:site\" content=\"@sunoresearch\" \/>\n<meta name=\"twitter:label1\" content=\"Escrito por\" \/>\n\t<meta name=\"twitter:data1\" content=\"Jader Lazarini\" \/>\n\t<meta name=\"twitter:label2\" content=\"Est. tempo de leitura\" \/>\n\t<meta name=\"twitter:data2\" content=\"3 minutos\" \/>\n<script type=\"application\/ld+json\" class=\"yoast-schema-graph\">{\"@context\":\"https:\/\/schema.org\",\"@graph\":[{\"@type\":\"NewsArticle\",\"@id\":\"https:\/\/www.suno.com.br\/noticias\/ibovespa-coronavirus-copom-18032020\/#article\",\"isPartOf\":{\"@id\":\"https:\/\/www.suno.com.br\/noticias\/ibovespa-coronavirus-copom-18032020\/\"},\"author\":{\"name\":\"Jader Lazarini\",\"@id\":\"https:\/\/www.suno.com.br\/noticias\/#\/schema\/person\/918d79de1f0281f01599b93f9ea6e23f\"},\"headline\":\"Ibovespa abre em forte queda com pessimismo sobre o coronav\u00edrus\",\"datePublished\":\"2020-03-18T13:22:54+00:00\",\"dateModified\":\"2020-03-18T13:31:59+00:00\",\"mainEntityOfPage\":{\"@id\":\"https:\/\/www.suno.com.br\/noticias\/ibovespa-coronavirus-copom-18032020\/\"},\"wordCount\":594,\"publisher\":{\"@id\":\"https:\/\/www.suno.com.br\/noticias\/#organization\"},\"image\":{\"@id\":\"https:\/\/www.suno.com.br\/noticias\/ibovespa-coronavirus-copom-18032020\/#primaryimage\"},\"thumbnailUrl\":\"https:\/\/files.sunoresearch.com.br\/n\/uploads\/2020\/02\/37cd5ae4-ibovespa-jpg.webp\",\"keywords\":[\"Copom\",\"coronav\u00edrus\",\"Euro Stoxx 50\",\"Ibovespa\"],\"articleSection\":[\"Mercado\"],\"inLanguage\":\"pt-BR\"},{\"@type\":\"WebPage\",\"@id\":\"https:\/\/www.suno.com.br\/noticias\/ibovespa-coronavirus-copom-18032020\/\",\"url\":\"https:\/\/www.suno.com.br\/noticias\/ibovespa-coronavirus-copom-18032020\/\",\"name\":\"Ibovespa abre em forte queda com pessimismo sobre o coronav\u00edrus\",\"isPartOf\":{\"@id\":\"https:\/\/www.suno.com.br\/noticias\/#website\"},\"primaryImageOfPage\":{\"@id\":\"https:\/\/www.suno.com.br\/noticias\/ibovespa-coronavirus-copom-18032020\/#primaryimage\"},\"image\":{\"@id\":\"https:\/\/www.suno.com.br\/noticias\/ibovespa-coronavirus-copom-18032020\/#primaryimage\"},\"thumbnailUrl\":\"https:\/\/files.sunoresearch.com.br\/n\/uploads\/2020\/02\/37cd5ae4-ibovespa-jpg.webp\",\"datePublished\":\"2020-03-18T13:22:54+00:00\",\"dateModified\":\"2020-03-18T13:31:59+00:00\",\"description\":\"O Ibovespa abriu em queda nesta quarta-feira, seguindo as bolsas do exterior pessimistas com o coronav\u00edrus. Clique aqui e saiba mais.\",\"breadcrumb\":{\"@id\":\"https:\/\/www.suno.com.br\/noticias\/ibovespa-coronavirus-copom-18032020\/#breadcrumb\"},\"inLanguage\":\"pt-BR\",\"potentialAction\":[{\"@type\":\"ReadAction\",\"target\":[\"https:\/\/www.suno.com.br\/noticias\/ibovespa-coronavirus-copom-18032020\/\"]}]},{\"@type\":\"ImageObject\",\"inLanguage\":\"pt-BR\",\"@id\":\"https:\/\/www.suno.com.br\/noticias\/ibovespa-coronavirus-copom-18032020\/#primaryimage\",\"url\":\"https:\/\/files.sunoresearch.com.br\/n\/uploads\/2020\/02\/37cd5ae4-ibovespa-jpg.webp\",\"contentUrl\":\"https:\/\/files.sunoresearch.com.br\/n\/uploads\/2020\/02\/37cd5ae4-ibovespa-jpg.webp\",\"width\":1380,\"height\":920,\"caption\":\"IBOVESPA\"},{\"@type\":\"BreadcrumbList\",\"@id\":\"https:\/\/www.suno.com.br\/noticias\/ibovespa-coronavirus-copom-18032020\/#breadcrumb\",\"itemListElement\":[{\"@type\":\"ListItem\",\"position\":1,\"name\":\"Not\u00edcias\",\"item\":\"https:\/\/www.suno.com.br\/noticias\/\"},{\"@type\":\"ListItem\",\"position\":2,\"name\":\"Mercado\",\"item\":\"https:\/\/www.suno.com.br\/noticias\/mercado\/\"},{\"@type\":\"ListItem\",\"position\":3,\"name\":\"Ibovespa abre em forte queda com pessimismo sobre o coronav\u00edrus\"}]},{\"@type\":\"WebSite\",\"@id\":\"https:\/\/www.suno.com.br\/noticias\/#website\",\"url\":\"https:\/\/www.suno.com.br\/noticias\/\",\"name\":\"Suno Not\u00edcias\",\"description\":\"Seu portal de informa\u00e7\u00e3o sobre o mundo dos investimentos\",\"publisher\":{\"@id\":\"https:\/\/www.suno.com.br\/noticias\/#organization\"},\"potentialAction\":[{\"@type\":\"SearchAction\",\"target\":{\"@type\":\"EntryPoint\",\"urlTemplate\":\"https:\/\/www.suno.com.br\/noticias\/?s={search_term_string}\"},\"query-input\":{\"@type\":\"PropertyValueSpecification\",\"valueRequired\":true,\"valueName\":\"search_term_string\"}}],\"inLanguage\":\"pt-BR\"},{\"@type\":\"Organization\",\"@id\":\"https:\/\/www.suno.com.br\/noticias\/#organization\",\"name\":\"Suno Not\u00edcias\",\"url\":\"https:\/\/www.suno.com.br\/noticias\/\",\"logo\":{\"@type\":\"ImageObject\",\"inLanguage\":\"pt-BR\",\"@id\":\"https:\/\/www.suno.com.br\/noticias\/#\/schema\/logo\/image\/\",\"url\":\"https:\/\/files.sunoresearch.com.br\/n\/uploads\/2021\/09\/suno-logo.png\",\"contentUrl\":\"https:\/\/files.sunoresearch.com.br\/n\/uploads\/2021\/09\/suno-logo.png\",\"width\":180,\"height\":180,\"caption\":\"Suno Not\u00edcias\"},\"image\":{\"@id\":\"https:\/\/www.suno.com.br\/noticias\/#\/schema\/logo\/image\/\"},\"sameAs\":[\"https:\/\/facebook.com\/sunoresearch\",\"https:\/\/x.com\/sunoresearch\",\"https:\/\/www.instagram.com\/suno\",\"https:\/\/www.linkedin.com\/company\/suno-research\/\",\"https:\/\/www.youtube.com\/c\/sunoresearch\"]},{\"@type\":\"Person\",\"@id\":\"https:\/\/www.suno.com.br\/noticias\/#\/schema\/person\/918d79de1f0281f01599b93f9ea6e23f\",\"name\":\"Jader Lazarini\",\"image\":{\"@type\":\"ImageObject\",\"inLanguage\":\"pt-BR\",\"@id\":\"https:\/\/www.suno.com.br\/noticias\/#\/schema\/person\/image\/\",\"url\":\"https:\/\/secure.gravatar.com\/avatar\/3c1ad8caa51589841baeb923fcddea97?s=96&r=g\",\"contentUrl\":\"https:\/\/secure.gravatar.com\/avatar\/3c1ad8caa51589841baeb923fcddea97?s=96&r=g\",\"caption\":\"Jader Lazarini\"},\"description\":\"Jader Lazarini escreve sobre investimentos, finan\u00e7as, economia e neg\u00f3cios. \u00c9 bacharel em Rela\u00e7\u00f5es Internacionais e analista CNPI (2619).\",\"url\":\"https:\/\/www.suno.com.br\/noticias\/author\/jader-lazarini\/\"}]}<\/script>\n<!-- \/ Yoast SEO plugin. -->","yoast_head_json":{"title":"Ibovespa abre em forte queda com pessimismo sobre o coronav\u00edrus","description":"O Ibovespa abriu em queda nesta quarta-feira, seguindo as bolsas do exterior pessimistas com o coronav\u00edrus. Clique aqui e saiba mais.","robots":{"index":"index","follow":"follow","max-snippet":"max-snippet:-1","max-image-preview":"max-image-preview:large","max-video-preview":"max-video-preview:-1"},"canonical":"https:\/\/www.suno.com.br\/noticias\/ibovespa-coronavirus-copom-18032020\/","og_locale":"pt_BR","og_type":"article","og_title":"Ibovespa abre em forte queda com pessimismo sobre o coronav\u00edrus","og_description":"O Ibovespa abriu em queda nesta quarta-feira, seguindo as bolsas do exterior pessimistas com o coronav\u00edrus. Clique aqui e saiba mais.","og_url":"https:\/\/www.suno.com.br\/noticias\/ibovespa-coronavirus-copom-18032020\/","og_site_name":"Suno Not\u00edcias","article_publisher":"https:\/\/facebook.com\/sunoresearch","og_image":[{"width":1380,"height":920,"url":"https:\/\/files.sunoresearch.com.br\/n\/uploads\/2020\/02\/37cd5ae4-ibovespa.jpg","type":"image\/jpeg"}],"author":"Jader Lazarini","twitter_card":"summary_large_image","twitter_creator":"@sunoresearch","twitter_site":"@sunoresearch","twitter_misc":{"Escrito por":"Jader Lazarini","Est. tempo de leitura":"3 minutos"},"schema":{"@context":"https:\/\/schema.org","@graph":[{"@type":"NewsArticle","@id":"https:\/\/www.suno.com.br\/noticias\/ibovespa-coronavirus-copom-18032020\/#article","isPartOf":{"@id":"https:\/\/www.suno.com.br\/noticias\/ibovespa-coronavirus-copom-18032020\/"},"author":{"name":"Jader Lazarini","@id":"https:\/\/www.suno.com.br\/noticias\/#\/schema\/person\/918d79de1f0281f01599b93f9ea6e23f"},"headline":"Ibovespa abre em forte queda com pessimismo sobre o coronav\u00edrus","datePublished":"2020-03-18T13:22:54+00:00","dateModified":"2020-03-18T13:31:59+00:00","mainEntityOfPage":{"@id":"https:\/\/www.suno.com.br\/noticias\/ibovespa-coronavirus-copom-18032020\/"},"wordCount":594,"publisher":{"@id":"https:\/\/www.suno.com.br\/noticias\/#organization"},"image":{"@id":"https:\/\/www.suno.com.br\/noticias\/ibovespa-coronavirus-copom-18032020\/#primaryimage"},"thumbnailUrl":"https:\/\/files.sunoresearch.com.br\/n\/uploads\/2020\/02\/37cd5ae4-ibovespa-jpg.webp","keywords":["Copom","coronav\u00edrus","Euro Stoxx 50","Ibovespa"],"articleSection":["Mercado"],"inLanguage":"pt-BR"},{"@type":"WebPage","@id":"https:\/\/www.suno.com.br\/noticias\/ibovespa-coronavirus-copom-18032020\/","url":"https:\/\/www.suno.com.br\/noticias\/ibovespa-coronavirus-copom-18032020\/","name":"Ibovespa abre em forte queda com pessimismo sobre o coronav\u00edrus","isPartOf":{"@id":"https:\/\/www.suno.com.br\/noticias\/#website"},"primaryImageOfPage":{"@id":"https:\/\/www.suno.com.br\/noticias\/ibovespa-coronavirus-copom-18032020\/#primaryimage"},"image":{"@id":"https:\/\/www.suno.com.br\/noticias\/ibovespa-coronavirus-copom-18032020\/#primaryimage"},"thumbnailUrl":"https:\/\/files.sunoresearch.com.br\/n\/uploads\/2020\/02\/37cd5ae4-ibovespa-jpg.webp","datePublished":"2020-03-18T13:22:54+00:00","dateModified":"2020-03-18T13:31:59+00:00","description":"O Ibovespa abriu em queda nesta quarta-feira, seguindo as bolsas do exterior pessimistas com o coronav\u00edrus. Clique aqui e saiba mais.","breadcrumb":{"@id":"https:\/\/www.suno.com.br\/noticias\/ibovespa-coronavirus-copom-18032020\/#breadcrumb"},"inLanguage":"pt-BR","potentialAction":[{"@type":"ReadAction","target":["https:\/\/www.suno.com.br\/noticias\/ibovespa-coronavirus-copom-18032020\/"]}]},{"@type":"ImageObject","inLanguage":"pt-BR","@id":"https:\/\/www.suno.com.br\/noticias\/ibovespa-coronavirus-copom-18032020\/#primaryimage","url":"https:\/\/files.sunoresearch.com.br\/n\/uploads\/2020\/02\/37cd5ae4-ibovespa-jpg.webp","contentUrl":"https:\/\/files.sunoresearch.com.br\/n\/uploads\/2020\/02\/37cd5ae4-ibovespa-jpg.webp","width":1380,"height":920,"caption":"IBOVESPA"},{"@type":"BreadcrumbList","@id":"https:\/\/www.suno.com.br\/noticias\/ibovespa-coronavirus-copom-18032020\/#breadcrumb","itemListElement":[{"@type":"ListItem","position":1,"name":"Not\u00edcias","item":"https:\/\/www.suno.com.br\/noticias\/"},{"@type":"ListItem","position":2,"name":"Mercado","item":"https:\/\/www.suno.com.br\/noticias\/mercado\/"},{"@type":"ListItem","position":3,"name":"Ibovespa abre em forte queda com pessimismo sobre o coronav\u00edrus"}]},{"@type":"WebSite","@id":"https:\/\/www.suno.com.br\/noticias\/#website","url":"https:\/\/www.suno.com.br\/noticias\/","name":"Suno Not\u00edcias","description":"Seu portal de informa\u00e7\u00e3o sobre o mundo dos investimentos","publisher":{"@id":"https:\/\/www.suno.com.br\/noticias\/#organization"},"potentialAction":[{"@type":"SearchAction","target":{"@type":"EntryPoint","urlTemplate":"https:\/\/www.suno.com.br\/noticias\/?s={search_term_string}"},"query-input":{"@type":"PropertyValueSpecification","valueRequired":true,"valueName":"search_term_string"}}],"inLanguage":"pt-BR"},{"@type":"Organization","@id":"https:\/\/www.suno.com.br\/noticias\/#organization","name":"Suno Not\u00edcias","url":"https:\/\/www.suno.com.br\/noticias\/","logo":{"@type":"ImageObject","inLanguage":"pt-BR","@id":"https:\/\/www.suno.com.br\/noticias\/#\/schema\/logo\/image\/","url":"https:\/\/files.sunoresearch.com.br\/n\/uploads\/2021\/09\/suno-logo.png","contentUrl":"https:\/\/files.sunoresearch.com.br\/n\/uploads\/2021\/09\/suno-logo.png","width":180,"height":180,"caption":"Suno Not\u00edcias"},"image":{"@id":"https:\/\/www.suno.com.br\/noticias\/#\/schema\/logo\/image\/"},"sameAs":["https:\/\/facebook.com\/sunoresearch","https:\/\/x.com\/sunoresearch","https:\/\/www.instagram.com\/suno","https:\/\/www.linkedin.com\/company\/suno-research\/","https:\/\/www.youtube.com\/c\/sunoresearch"]},{"@type":"Person","@id":"https:\/\/www.suno.com.br\/noticias\/#\/schema\/person\/918d79de1f0281f01599b93f9ea6e23f","name":"Jader Lazarini","image":{"@type":"ImageObject","inLanguage":"pt-BR","@id":"https:\/\/www.suno.com.br\/noticias\/#\/schema\/person\/image\/","url":"https:\/\/secure.gravatar.com\/avatar\/3c1ad8caa51589841baeb923fcddea97?s=96&r=g","contentUrl":"https:\/\/secure.gravatar.com\/avatar\/3c1ad8caa51589841baeb923fcddea97?s=96&r=g","caption":"Jader Lazarini"},"description":"Jader Lazarini escreve sobre investimentos, finan\u00e7as, economia e neg\u00f3cios. \u00c9 bacharel em Rela\u00e7\u00f5es Internacionais e analista CNPI (2619).","url":"https:\/\/www.suno.com.br\/noticias\/author\/jader-lazarini\/"}]}},"default_loop_html":"<div class=\"cardsPage__listCard__boxs\"><div class=\"cardsPage__listCard__boxs__img\"><a href=\"https:\/\/www.suno.com.br\/noticias\/ibovespa-coronavirus-copom-18032020\/\"><img class=\"mask\" src=\"https:\/\/www.suno.com.br\/noticias\/wp-content\/themes\/suno\/resources\/images\/spotlight\/spotlight1img\/bg-mask.png\" alt=\"Image Mask\"\/><img src=\"https:\/\/files.sunoresearch.com.br\/n\/uploads\/2020\/02\/37cd5ae4-ibovespa-400x200.webp\" alt=\"Ibovespa abre em forte queda com pessimismo sobre o coronav\u00edrus\"\/><\/a><span class=\"spotlightCategory\"><a href=\"https:\/\/www.suno.com.br\/noticias\/mercado\/\">Mercado<\/a><\/span><\/div><div class=\"cardsPage__listCard__boxs__content\"><a href=\"https:\/\/www.suno.com.br\/noticias\/ibovespa-coronavirus-copom-18032020\/\"><h2 class=\"content__title\">Ibovespa abre em forte queda com pessimismo sobre o coronav\u00edrus<\/h2><\/a><div class=\"newsContent__article__meta\"><div class=\"newsContent__article__meta__authorBox\"><a href=\"https:\/\/www.suno.com.br\/noticias\/author\/jader-lazarini\/\" class=\"authorBox__avatar noMobi\"><img src=\"https:\/\/files.sunoresearch.com.br\/n\/uploads\/2021\/01\/178e6598-foto-perfil-2-150x150.jpg\" alt=\"Jader Lazarini\"><\/a><div class=\"authorBox__name\"><span>por\n\t\t\t<a href=\"https:\/\/www.suno.com.br\/noticias\/author\/jader-lazarini\/\"><span itemprop=\"author\">Jader Lazarini<\/span><\/a><\/span><time datetime=\"2020-03-18T10:22:54-03:00\" itemprop=\"datePublished\">18\/03\/2020 10:22<\/time><\/div><\/div><\/div><\/div><\/div>","single_layout":"posts","amp_enabled":true,"_links":{"self":[{"href":"https:\/\/www.suno.com.br\/noticias\/wp-json\/wp\/v2\/posts\/57299"}],"collection":[{"href":"https:\/\/www.suno.com.br\/noticias\/wp-json\/wp\/v2\/posts"}],"about":[{"href":"https:\/\/www.suno.com.br\/noticias\/wp-json\/wp\/v2\/types\/post"}],"author":[{"embeddable":true,"href":"https:\/\/www.suno.com.br\/noticias\/wp-json\/wp\/v2\/users\/24"}],"replies":[{"embeddable":true,"href":"https:\/\/www.suno.com.br\/noticias\/wp-json\/wp\/v2\/comments?post=57299"}],"version-history":[{"count":0,"href":"https:\/\/www.suno.com.br\/noticias\/wp-json\/wp\/v2\/posts\/57299\/revisions"}],"wp:featuredmedia":[{"embeddable":true,"href":"https:\/\/www.suno.com.br\/noticias\/wp-json\/wp\/v2\/media\/54134"}],"wp:attachment":[{"href":"https:\/\/www.suno.com.br\/noticias\/wp-json\/wp\/v2\/media?parent=57299"}],"wp:term":[{"taxonomy":"category","embeddable":true,"href":"https:\/\/www.suno.com.br\/noticias\/wp-json\/wp\/v2\/categories?post=57299"},{"taxonomy":"post_tag","embeddable":true,"href":"https:\/\/www.suno.com.br\/noticias\/wp-json\/wp\/v2\/tags?post=57299"},{"taxonomy":"suno_strategy","embeddable":true,"href":"https:\/\/www.suno.com.br\/noticias\/wp-json\/wp\/v2\/suno_strategy?post=57299"}],"curies":[{"name":"wp","href":"https:\/\/api.w.org\/{rel}","templated":true}]}}