{"id":572960,"date":"2024-08-29T11:55:56","date_gmt":"2024-08-29T14:55:56","guid":{"rendered":"https:\/\/www.suno.com.br\/noticias\/?p=572960"},"modified":"2024-08-29T11:56:02","modified_gmt":"2024-08-29T14:56:02","slug":"azul-azul4-acoes-caem-recuperacao-judicial-evm","status":"publish","type":"post","link":"https:\/\/www.suno.com.br\/noticias\/azul-azul4-acoes-caem-recuperacao-judicial-evm\/","title":{"rendered":"Azul (AZUL4) em recupera\u00e7\u00e3o judicial? Entenda queda de 25% nas a\u00e7\u00f5es"},"content":{"rendered":"<p>As a\u00e7\u00f5es da <a class=\"suno-keyword\" data-force=\"yes\" data-priority=\"2\" href=\"https:\/\/www.suno.com.br\/acoes\/AZUL4\/\" target=\"_blank\" rel=\"noopener\"><strong>Azul<\/strong> (AZUL4)<\/a> desabam 25% por volta das 11h40 desta quinta-feira (29), com o mercado digerindo rumores sobre uma renegocia\u00e7\u00e3o de d\u00edvidas da companhia.<\/p><div class=\"videoFull \">\n\t\t\t<div class=\"videoWrapper yt-lazyload center\"\n\t\t\t\tdata-width=\"960\"\n\t\t\t\tdata-height=\"540\"\n\t\t\t\tdata-id=\"Puhytdhb58c\"\n\t\t\t\tdata-alt=\"V\u00eddeo do YouTube - clique para reproduzir\"\n\t\t\t\tdata-logo=\"3\"\n\t\t\t\tdata-imagequality=\"maxres\">\n\t\t\t<\/div>\n\t\t<\/div><script type=\"application\/ld+json\">{\"@context\":\"https:\/\/schema.org\",\"@type\":\"VideoObject\",\"name\":\"\ud83d\udd34DIVIDENDOS EXTRAORDIN\u00c1RIOS DA PETROBRAS (PETR4)? | RECORDE do Ibovespa | Gal\u00edpolo indicado ao BC\",\"description\":\"\ud83d\udd34TENHA UMA CARTEIRA PERSONALIZADA: https:\/\/lp.suno.com.br\/ao\/consultoria-de-investimentos\/?utm_source=suno-noticias&utm_medium=live&utm_campaign=seuconsultorresponde&utm_content=28082024 00:00 In\u00edcio do v\u00eddeo 01:40 Fechamento de preg\u00e3o 05:28 Santander aumenta otimismo com Petrobras 10:43 Gal\u00edpolo indicado para o BC 14:12 Governo quer taxar big techs 16:11 Berkshire Hathaway ultrapassa US$ 1 trilh\u00e3o de valor de mercado 19:18 WEG \u00e9 'f\u00e1brica de bilion\u00e1rios' 22:16 Indicadores do dia & agenda \ud83d\udd34\ud835\udc08\ud835\udc0d\ud835\udc12\ud835\udc02\ud835\udc11\ud835\udc04\ud835\udc15\ud835\udc00-\ud835\udc12\ud835\udc04\u2026\",\"duration\":\"PT25M8S\",\"embedUrl\":\"https:\/\/www.youtube.com\/embed\/Puhytdhb58c\",\"regionsAllowed\":\"en-US\",\"interactionStatistic\":{\"@type\":\"InteractionCounter\",\"interactionType\":{\"@type\":\"WatchAction\"},\"userInteractionCount\":9494},\"thumbnailUrl\":\"https:\/\/i.ytimg.com\/vi\/Puhytdhb58c\/default.jpg\",\"uploadDate\":\"2024-08-28T22:30:04Z\"}<\/script>\n\n\n\n\n\t<p>\n\t\t<a href=\"\" target=\"_blank\" data-element=\"shortcode-suno-banner\" title=\"Banner SUNO, clique e saiba mais\">\n\t\t\t<picture>\n\t\t\t\t<source media=\"(max-width: 500px)\" srcset=\"\">\n\t\t\t\t<img class=\"newsContent__article__imgCapa newsContent__article__imgCapa--banner\"\n\t\t\t\t\tsrc=\"\"\n\t\t\t\t\tdata-promo-id=\"265410\"\t\t\t\t\t\t\t\t\t\t\t\t\t\t\talt=\"\"\n\t\t\t\t>\n\t\t\t<\/picture>\n\t\t<\/a>\n\t<\/p>\n\n\n\n\n\n<p>Uma not\u00edcia da Bloomberg com fontes an\u00f4nimas a par do tema cita que a Azul avalia possibilidades que v\u00e3o de uma <strong>oferta de a\u00e7\u00f5es<\/strong> ou at\u00e9 mesmo uma recupera\u00e7\u00e3o judicial nos Estados Unidos &#8211; procedimento conhecido como Chapter 11, o mesmo no qual a <a class=\"suno-keyword\" target=\"_blank\" data-force=\"yes\" data-priority=\"2\" href=\"https:\/\/www.suno.com.br\/acoes\/GOLL4\/\" rel=\"noopener\">GOL (GOLL4)<\/a> se encontra.<\/p>\n\n\n\n<p>Segundo as fontes ouvidas pelo ve\u00edculo, isso se d\u00e1 por conta de as <strong>d\u00edvidas da Azul<\/strong> terem, em um volume relevante, vencimentos de <a class=\"suno-keyword\" target=\"_blank\" data-force=\"no\" data-priority=\"1\" href=\"https:\/\/www.suno.com.br\/artigos\/curto-prazo\/\" rel=\"noopener\">curto prazo<\/a>.<\/p>\n\n\n\n<p>A <strong>oferta de a\u00e7\u00f5es da Azul<\/strong> j\u00e1 estaria sendo discutida junto ao Citi, que deve assessorar a companhia a\u00e9rea.<\/p>\n\n\n\n<div class=\"pluginQuotation\">\n  <p class=\"ticker\">\n    Cota\u00e7\u00e3o <span>azul4<\/span>\n  <\/p>\n  <div class=\"info\">\n    <div class=\"leftSide\">\n      Gr\u00e1fico gerado em: 29\/08\/2024    <\/div>\n\t\t\t\t\t<div class=\"rightSide\">\n\t\t\t\t\t<span class=\"period\">\n\t\t\t\t\t\t1 M\u00eas\t\t\t\t\t<\/span>\n\t\t\t<\/div>\n\t\t  <\/div>\n\n  <div id=\"chart-f7664c2a2f88666f3b47cd6971427659\" data-block-hash=\"f7664c2a2f88666f3b47cd6971427659\"  class=\"chart\" style=\"width:100%;height:400px;\"><\/div>\n\n  <div class=\"pluginQuotation__footer\">\n    <div class=\"dataChart\">\n\n      <div class=\"dataChart__div1 variation\">\n        <div class=\"value-negative\">\n          -30,92 (-2,52%)        <\/div>\n        <div class=\"text\">\n          Varia\u00e7\u00e3o do per\u00edodo\n        <\/div>\n      <\/div>\n\n      <div class=\"dataChart__div2 minMax\">\n        <div class=\"value\">\n          R$\u00a05,63        <\/div>\n        <div class=\"text\">\n          M\u00ednima\n        <\/div>\n      <\/div>\n\n      <div class=\"dataChart__div3 minMax\">\n        <div class=\"value\">\n          R$\u00a08,15        <\/div>\n        <div class=\"text\">\n          M\u00e1xima\n        <\/div>\n      <\/div>\n\n\t\t\t<div class=\"dataChart__div4 rightSide\">\n\t\t\t\t<div class=\"analiticaSource\">\n\t\t\t\t\t<span>\n\t\t\t\t\t\tFonte:\n\t\t\t\t\t<\/span>\n\t\t\t\t\t<img decoding=\"async\" class=\"analiticaLogo\" src=\"https:\/\/www.suno.com.br\/noticias\/wp-content\/plugins\/suno-block-ticker-quotation\/src\/suno-analitica-logo.png\" alt=\"Logo Suno Anal\u00edtica\" \/>\n\t\t\t\t<\/div>\n\n\t\t\t\t<a href=\"https:\/\/www.suno.com.br\/analitica\/acoes\/azul4\" target=\"_blank\">\n\t\t\t\t\t<span>\n\t\t\t\t\t\tVer mais cota\u00e7\u00f5es\n\t\t\t\t\t<\/span>\n\t\t\t\t\t<svg xmlns=\"http:\/\/www.w3.org\/2000\/svg\" width=\"9\" height=\"8\" viewBox=\"0 0 9 8\" fill=\"none\">\n\t\t\t\t\t\t<path d=\"M4.20996 0L3.50496 0.705L6.29496 3.5H0.209961V4.5H6.29496L3.50496 7.295L4.20996 8L8.20996 4L4.20996 0Z\" fill=\"#D42126\" \/>\n\t\t\t\t\t<\/svg>\n\t\t\t\t<\/a>\n    <\/div>\n\n    <\/div>\n  <\/div>\n<\/div>\n\n\n<script type=\"text\/javascript\">\n  let chart_f7664c2a2f88666f3b47cd6971427659 = document.getElementById('chart-f7664c2a2f88666f3b47cd6971427659');\n  let data_json_f7664c2a2f88666f3b47cd6971427659 = \"[{\\\"date\\\":\\\"30\\\\\\\/07\\\\\\\/24 \\\",\\\"value\\\":8.15},{\\\"date\\\":\\\"31\\\\\\\/07\\\\\\\/24 \\\",\\\"value\\\":8},{\\\"date\\\":\\\"01\\\\\\\/08\\\\\\\/24 \\\",\\\"value\\\":7.86},{\\\"date\\\":\\\"02\\\\\\\/08\\\\\\\/24 \\\",\\\"value\\\":7.95},{\\\"date\\\":\\\"05\\\\\\\/08\\\\\\\/24 \\\",\\\"value\\\":7.73},{\\\"date\\\":\\\"06\\\\\\\/08\\\\\\\/24 \\\",\\\"value\\\":7.78},{\\\"date\\\":\\\"07\\\\\\\/08\\\\\\\/24 \\\",\\\"value\\\":7.78},{\\\"date\\\":\\\"08\\\\\\\/08\\\\\\\/24 \\\",\\\"value\\\":7.66},{\\\"date\\\":\\\"09\\\\\\\/08\\\\\\\/24 \\\",\\\"value\\\":7.95},{\\\"date\\\":\\\"12\\\\\\\/08\\\\\\\/24 \\\",\\\"value\\\":7},{\\\"date\\\":\\\"13\\\\\\\/08\\\\\\\/24 \\\",\\\"value\\\":7.28},{\\\"date\\\":\\\"14\\\\\\\/08\\\\\\\/24 \\\",\\\"value\\\":7.75},{\\\"date\\\":\\\"15\\\\\\\/08\\\\\\\/24 \\\",\\\"value\\\":7.74},{\\\"date\\\":\\\"16\\\\\\\/08\\\\\\\/24 \\\",\\\"value\\\":7.41},{\\\"date\\\":\\\"19\\\\\\\/08\\\\\\\/24 \\\",\\\"value\\\":7.82},{\\\"date\\\":\\\"20\\\\\\\/08\\\\\\\/24 \\\",\\\"value\\\":7.69},{\\\"date\\\":\\\"21\\\\\\\/08\\\\\\\/24 \\\",\\\"value\\\":7.78},{\\\"date\\\":\\\"22\\\\\\\/08\\\\\\\/24 \\\",\\\"value\\\":7.45},{\\\"date\\\":\\\"23\\\\\\\/08\\\\\\\/24 \\\",\\\"value\\\":7.6},{\\\"date\\\":\\\"26\\\\\\\/08\\\\\\\/24 \\\",\\\"value\\\":7.59},{\\\"date\\\":\\\"27\\\\\\\/08\\\\\\\/24 \\\",\\\"value\\\":7.45},{\\\"date\\\":\\\"28\\\\\\\/08\\\\\\\/24 \\\",\\\"value\\\":7.25},{\\\"date\\\":\\\"29\\\\\\\/08\\\\\\\/24 \\\",\\\"value\\\":5.63}]\";\n  let isPositive_f7664c2a2f88666f3b47cd6971427659 = \"\";\n\n  let color_f7664c2a2f88666f3b47cd6971427659 = isPositive_f7664c2a2f88666f3b47cd6971427659 ? '#3AB53A' : '#D92C2D';\n\n  let data_f7664c2a2f88666f3b47cd6971427659 = JSON.parse(data_json_f7664c2a2f88666f3b47cd6971427659);\n\n  const result_f7664c2a2f88666f3b47cd6971427659 = {\n    date: [],\n    value: [],\n  };\n\n  data_f7664c2a2f88666f3b47cd6971427659.forEach((item) => {\n    result_f7664c2a2f88666f3b47cd6971427659.date.push(item.date);\n    result_f7664c2a2f88666f3b47cd6971427659.value.push(Number(item.value));\n  });\n\n  let option_f7664c2a2f88666f3b47cd6971427659 = {\n    \/\/ variavel de cor global\n    color: [color_f7664c2a2f88666f3b47cd6971427659],\n    title: {\n      text: '',\n    },\n    tooltip: {\n      trigger: 'axis',\n      axisPointer: {\n        type: 'cross',\n        label: {\n          \/\/ cor dos valores em X e Y\n          backgroundColor: color_f7664c2a2f88666f3b47cd6971427659,\n          formatter: (value) => {\n            if (typeof value.value === 'number') {\n              return Number(value.value).toLocaleString('pt-br', {\n                style: 'currency',\n                currency: 'BRL'\n              });\n            }\n            return value.value;\n          },\n        },\n      },\n      valueFormatter: (value) => Number(value).toLocaleString('pt-br', {\n        style: 'currency',\n        currency: 'BRL'\n      }),\n    },\n    legend: {\n      \/\/ data: ['Valor de Fechamento'],\n      show: false,\n    },\n    toolbox: {\n      feature: {\n        saveAsImage: {\n          show: false,\n        },\n      },\n    },\n    grid: {\n      left: '0px',\n      right: '0px',\n      bottom: '0px',\n      containLabel: true,\n    },\n    xAxis: [{\n      type: 'category',\n      data: result_f7664c2a2f88666f3b47cd6971427659.date,\n      boundaryGap: true,\n    }],\n    yAxis: [{\n      type: 'value',\n      min: Math.min(...result_f7664c2a2f88666f3b47cd6971427659.value),\n      max: Math.max(...result_f7664c2a2f88666f3b47cd6971427659.value),\n      axisLabel: {\n        formatter: (value) => value.toLocaleString('pt-br', {\n          style: 'currency',\n          currency: 'BRL'\n        }),\n      },\n    }],\n    series: [{\n      name: 'Valor de Fechamento',\n      type: 'line',\n      stack: 'Total',\n      \/\/ cor do grafico\n      areaStyle: {},\n      emphasis: {\n        focus: 'series',\n      },\n      data: result_f7664c2a2f88666f3b47cd6971427659.value,\n      \/\/ cor da linha\n      lineStyle: {\n        color: color_f7664c2a2f88666f3b47cd6971427659,\n      },\n    }, ],\n  };\n\n\twindow.chart_f7664c2a2f88666f3b47cd6971427659 = {\n\t\tel: chart_f7664c2a2f88666f3b47cd6971427659,\n\t\toption: option_f7664c2a2f88666f3b47cd6971427659\t};\n\n\n<\/script>\n\n\n\n<p>Outra hip\u00f3tese no radar da <strong>AZUL4<\/strong> seria uma emiss\u00e3o de novas d\u00edvidas por meio da unidade de carga da companhia.<\/p>\n\n\n\n<p>Em simult\u00e2neo, a empresa segue em di\u00e1logo com <a class=\"suno-keyword\" target=\"_blank\" data-force=\"no\" data-priority=\"1\" href=\"https:\/\/www.suno.com.br\/artigos\/agentes-do-mercado\/\" rel=\"noopener\">agentes do mercado<\/a> para uma eventual fus\u00e3o com a GOL.<\/p>\n\n\n\n<p>A possibilidade passou a ser aventada desde o pedido de <strong>recupera\u00e7\u00e3o judicial<\/strong> da GOL no in\u00edcio deste ano.<\/p>\n\n\n\n<p>As companhias j\u00e1 comunicaram que dialogam sobre o tema e <a href=\"https:\/\/www.suno.com.br\/noticias\/gol-goll4-azul-azul4-fusao-240524-mm\/\">chegaram a firmar um acordo de codeshare<\/a>. Todavia, nenhuma decis\u00e3o concreta foi tomada at\u00e9 ent\u00e3o.<\/p>\n\n\n\t<p>\n\t\t<a href=\"https:\/\/lp.suno.com.br\/ebook-como-analisar-uma-acao\/\" target=\"_blank\" data-element=\"shortcode-suno-banner\" title=\"Banner SUNO, clique e saiba mais\">\n\t\t\t<picture>\n\t\t\t\t<source media=\"(max-width: 500px)\" srcset=\"https:\/\/files.sunoresearch.com.br\/n\/uploads\/2023\/03\/Ebook-Acoes-Mobile.jpg\">\n\t\t\t\t<img class=\"newsContent__article__imgCapa newsContent__article__imgCapa--banner\"\n\t\t\t\t\tsrc=\"https:\/\/files.sunoresearch.com.br\/n\/uploads\/2023\/03\/Ebook-Acoes-Desktop.jpg\"\n\t\t\t\t\tdata-promo-id=\"378302\"\t\t\t\t\t\t\t\t\t\twidth='1420' height='286'\t\t\t\t\talt=\"https:\/\/files.sunoresearch.com.br\/n\/uploads\/2023\/03\/Ebook-Acoes-Desktop.jpg\"\n\t\t\t\t>\n\t\t\t<\/picture>\n\t\t<\/a>\n\t<\/p>\n\n\n\n\n\n<h2 class=\"wp-block-heading\">De quanto \u00e9 a d\u00edvida da Azul?<\/h2>\n\n\n\n<p>Conforme o \u00faltimo resultado da companhia, referente ao segundo trimestre de 2024, a <a class=\"suno-keyword\" target=\"_blank\" data-force=\"no\" data-priority=\"1\" href=\"https:\/\/www.suno.com.br\/artigos\/divida-liquida\/\" rel=\"noopener\">d\u00edvida l\u00edquida<\/a> da empresa soma R$ 24,6 bilh\u00f5es.<\/p>\n\n\n\n<p>A d\u00edvida cresceu 18% ante o trimestre anterior, quando era de R$ 20,8 bilh\u00f5es.<\/p>\n\n\n\n<p>Com isso, em termos de alavancagem, a d\u00edvida da companhia a\u00e9rea representa 4,5 vezes o seu Ebitda &#8211; um salto de 0,8 vez ante os 3,7 registrados no trimestre imediatamente anterior.<\/p>\n\n\n\n<p>A <a class=\"suno-keyword\" target=\"_blank\" data-force=\"no\" data-priority=\"1\" href=\"https:\/\/www.suno.com.br\/artigos\/divida-bruta\/\" rel=\"noopener\">d\u00edvida bruta<\/a> da empresa fechou em R$ 28,1 bilh\u00f5es no segundo trimestre de 2024.<\/p>\n\n\n<div class=\"wp-block-image\">\n<figure class=\"aligncenter size-large\"><img loading=\"lazy\" decoding=\"async\" width=\"1024\" height=\"484\" src=\"https:\/\/files.sunoresearch.com.br\/n\/uploads\/2024\/08\/divida-azul-azul4-1024x484.jpg\" alt=\"Amortiza\u00e7\u00e3o de empr\u00e9stimos e financiamentos - Foto: Reprodu\u00e7\u00e3o\/RI\/Azul\" class=\"wp-image-572967\" srcset=\"https:\/\/files.sunoresearch.com.br\/n\/uploads\/2024\/08\/divida-azul-azul4-1024x484.jpg 1024w, https:\/\/files.sunoresearch.com.br\/n\/uploads\/2024\/08\/divida-azul-azul4-300x142.jpg 300w, https:\/\/files.sunoresearch.com.br\/n\/uploads\/2024\/08\/divida-azul-azul4-768x363.jpg 768w, https:\/\/files.sunoresearch.com.br\/n\/uploads\/2024\/08\/divida-azul-azul4-150x71.jpg 150w, https:\/\/files.sunoresearch.com.br\/n\/uploads\/2024\/08\/divida-azul-azul4.jpg 1339w\" sizes=\"(max-width: 1024px) 100vw, 1024px\" \/><figcaption class=\"wp-element-caption\">Amortiza\u00e7\u00e3o de empr\u00e9stimos e financiamentos &#8211; Foto: Reprodu\u00e7\u00e3o\/RI\/Azul<\/figcaption><\/figure><\/div>\n\n\n<p>&#8220;Em compara\u00e7\u00e3o com o 1T24, a d\u00edvida bruta aumentou R$3.722,6 milh\u00f5es para R$28.106,7 milh\u00f5es, principalmente devido \u00e0 deprecia\u00e7\u00e3o de 11,7% no final do per\u00edodo do real em rela\u00e7\u00e3o ao d\u00f3lar americano no trimestre, resultando em um aumento nos passivos de arrendamento e empr\u00e9stimos denominados em moeda estrangeira, al\u00e9m da emiss\u00e3o de deb\u00eantures locais, parcialmente compensados pelo nosso processo cont\u00ednuo de desalavancagem com R$ 1,5 bilh\u00e3o em amortiza\u00e7\u00e3o de d\u00edvidas e arrendamento&#8221;, disse a empresa <a href=\"https:\/\/api.mziq.com\/mzfilemanager\/v2\/d\/ed78542a-4e01-429a-8926-03d69ccfa307\/7e846230-826c-19b8-60df-7503add462ed?origin=1\">em seu release de resultados<\/a>.<\/p>\n\n\n\n\n\n<p>&#8220;Em 30 de junho de 2024, o vencimento m\u00e9dio da d\u00edvida da Azul excluindo passivos de arrendamento e <a class=\"suno-keyword\" target=\"_blank\" data-force=\"no\" data-priority=\"1\" href=\"https:\/\/www.suno.com.br\/artigos\/debentures-conversiveis\/\" rel=\"noopener\">deb\u00eantures convers\u00edveis<\/a> era de 4,1 anos, com uma taxa de juros m\u00e9dia de 11,0%. A <a class=\"suno-keyword\" target=\"_blank\" data-force=\"no\" data-priority=\"1\" href=\"https:\/\/www.suno.com.br\/artigos\/taxa-media-de-juros\/\" rel=\"noopener\">taxa m\u00e9dia de juros<\/a> das obriga\u00e7\u00f5es denominadas em moeda local e em d\u00f3lar era equivalente a CDI +4% e 10,5%, respectivamente&#8221;, completou a <strong>Azul<\/strong> no documento.<\/p>\n\n\n\t<p>\n\t\t<a href=\"https:\/\/lp.suno.com.br\/plataforma-de-controle-de-investimentos\/\" target=\"_blank\" data-element=\"shortcode-suno-banner\" title=\"Banner SUNO, clique e saiba mais\">\n\t\t\t<picture>\n\t\t\t\t<source media=\"(max-width: 500px)\" srcset=\"https:\/\/files.sunoresearch.com.br\/n\/uploads\/2023\/03\/400x300-Controle-de-Investimentos.png\">\n\t\t\t\t<img class=\"newsContent__article__imgCapa newsContent__article__imgCapa--banner\"\n\t\t\t\t\tsrc=\"https:\/\/files.sunoresearch.com.br\/n\/uploads\/2023\/03\/1420x240-Controle-de-Investimentos.png\"\n\t\t\t\t\tdata-promo-id=\"383162\"\t\t\t\t\t\t\t\t\t\twidth='1420' height='240'\t\t\t\t\talt=\"https:\/\/files.sunoresearch.com.br\/n\/uploads\/2023\/03\/1420x240-Controle-de-Investimentos.png\"\n\t\t\t\t>\n\t\t\t<\/picture>\n\t\t<\/a>\n\t<\/p>\n\n\n","protected":false},"excerpt":{"rendered":"<p>As a\u00e7\u00f5es da Azul (AZUL4) desabam 25% por volta das 11h40 desta quinta-feira (29), com o mercado digerindo rumores sobre uma renegocia\u00e7\u00e3o de d\u00edvidas da companhia. Uma not\u00edcia da Bloomberg com fontes an\u00f4nimas a par do tema cita que a Azul avalia possibilidades que v\u00e3o de uma oferta de a\u00e7\u00f5es ou at\u00e9 mesmo uma recupera\u00e7\u00e3o [&hellip;]<\/p>\n","protected":false},"author":73,"featured_media":100564,"comment_status":"closed","ping_status":"closed","sticky":false,"template":"","format":"standard","meta":[],"categories":[60],"tags":[106932,2457,314],"suno_strategy":[],"class_list":["post-572960","post","type-post","status-publish","format-standard","has-post-thumbnail","hentry","category-mercado","tag-azul-azul4","tag-azul4","tag-recuperacao-judicial"],"yoast_head":"<!-- This site is optimized with the Yoast SEO plugin v24.4 - https:\/\/yoast.com\/wordpress\/plugins\/seo\/ -->\n<title>Azul (AZUL4) em recupera\u00e7\u00e3o judicial? Entenda queda de 25% nas a\u00e7\u00f5es<\/title>\n<meta name=\"description\" content=\"Fontes ouvidas pela Bloomberg comentaram que a Azul avalia de oferta de a\u00e7\u00f5es a recupera\u00e7\u00e3o judicial para sanar problemas com d\u00edvidas\" \/>\n<meta name=\"robots\" content=\"index, follow, max-snippet:-1, max-image-preview:large, max-video-preview:-1\" \/>\n<link rel=\"canonical\" href=\"https:\/\/www.suno.com.br\/noticias\/azul-azul4-acoes-caem-recuperacao-judicial-evm\/\" \/>\n<meta property=\"og:locale\" content=\"pt_BR\" \/>\n<meta property=\"og:type\" content=\"article\" \/>\n<meta property=\"og:title\" content=\"Azul (AZUL4) em recupera\u00e7\u00e3o judicial? Entenda queda de 25% nas a\u00e7\u00f5es\" \/>\n<meta property=\"og:description\" content=\"Fontes ouvidas pela Bloomberg comentaram que a Azul avalia de oferta de a\u00e7\u00f5es a recupera\u00e7\u00e3o judicial para sanar problemas com d\u00edvidas\" \/>\n<meta property=\"og:url\" content=\"https:\/\/www.suno.com.br\/noticias\/azul-azul4-acoes-caem-recuperacao-judicial-evm\/\" \/>\n<meta property=\"og:site_name\" content=\"Suno Not\u00edcias\" \/>\n<meta property=\"article:publisher\" content=\"https:\/\/facebook.com\/sunoresearch\" \/>\n<meta property=\"og:image\" content=\"https:\/\/files.sunoresearch.com.br\/n\/uploads\/2020\/11\/6ca221d1-266a59d64d81f2976c97782d271ad014.jpg\" \/>\n\t<meta property=\"og:image:width\" content=\"1400\" \/>\n\t<meta property=\"og:image:height\" content=\"956\" \/>\n\t<meta property=\"og:image:type\" content=\"image\/jpeg\" \/>\n<meta name=\"author\" content=\"Eduardo Vargas\" \/>\n<meta name=\"twitter:card\" content=\"summary_large_image\" \/>\n<meta name=\"twitter:creator\" content=\"@sunoresearch\" \/>\n<meta name=\"twitter:site\" content=\"@sunoresearch\" \/>\n<meta name=\"twitter:label1\" content=\"Escrito por\" \/>\n\t<meta name=\"twitter:data1\" content=\"Eduardo Vargas\" \/>\n\t<meta name=\"twitter:label2\" content=\"Est. tempo de leitura\" \/>\n\t<meta name=\"twitter:data2\" content=\"3 minutos\" \/>\n<script type=\"application\/ld+json\" class=\"yoast-schema-graph\">{\"@context\":\"https:\/\/schema.org\",\"@graph\":[{\"@type\":\"NewsArticle\",\"@id\":\"https:\/\/www.suno.com.br\/noticias\/azul-azul4-acoes-caem-recuperacao-judicial-evm\/#article\",\"isPartOf\":{\"@id\":\"https:\/\/www.suno.com.br\/noticias\/azul-azul4-acoes-caem-recuperacao-judicial-evm\/\"},\"author\":{\"name\":\"Eduardo Vargas\",\"@id\":\"https:\/\/www.suno.com.br\/noticias\/#\/schema\/person\/7f4d362bf3518e76090143ae77bb49a5\"},\"headline\":\"Azul (AZUL4) em recupera\u00e7\u00e3o judicial? Entenda queda de 25% nas a\u00e7\u00f5es\",\"datePublished\":\"2024-08-29T14:55:56+00:00\",\"dateModified\":\"2024-08-29T14:56:02+00:00\",\"mainEntityOfPage\":{\"@id\":\"https:\/\/www.suno.com.br\/noticias\/azul-azul4-acoes-caem-recuperacao-judicial-evm\/\"},\"wordCount\":493,\"publisher\":{\"@id\":\"https:\/\/www.suno.com.br\/noticias\/#organization\"},\"image\":{\"@id\":\"https:\/\/www.suno.com.br\/noticias\/azul-azul4-acoes-caem-recuperacao-judicial-evm\/#primaryimage\"},\"thumbnailUrl\":\"https:\/\/files.sunoresearch.com.br\/n\/uploads\/2020\/11\/6ca221d1-266a59d64d81f2976c97782d271ad014-jpg.webp\",\"keywords\":[\"Azul (AZUL4)\",\"AZUL4\",\"recupera\u00e7\u00e3o judicial\"],\"articleSection\":[\"Mercado\"],\"inLanguage\":\"pt-BR\"},{\"@type\":\"WebPage\",\"@id\":\"https:\/\/www.suno.com.br\/noticias\/azul-azul4-acoes-caem-recuperacao-judicial-evm\/\",\"url\":\"https:\/\/www.suno.com.br\/noticias\/azul-azul4-acoes-caem-recuperacao-judicial-evm\/\",\"name\":\"Azul (AZUL4) em recupera\u00e7\u00e3o judicial? Entenda queda de 25% nas a\u00e7\u00f5es\",\"isPartOf\":{\"@id\":\"https:\/\/www.suno.com.br\/noticias\/#website\"},\"primaryImageOfPage\":{\"@id\":\"https:\/\/www.suno.com.br\/noticias\/azul-azul4-acoes-caem-recuperacao-judicial-evm\/#primaryimage\"},\"image\":{\"@id\":\"https:\/\/www.suno.com.br\/noticias\/azul-azul4-acoes-caem-recuperacao-judicial-evm\/#primaryimage\"},\"thumbnailUrl\":\"https:\/\/files.sunoresearch.com.br\/n\/uploads\/2020\/11\/6ca221d1-266a59d64d81f2976c97782d271ad014-jpg.webp\",\"datePublished\":\"2024-08-29T14:55:56+00:00\",\"dateModified\":\"2024-08-29T14:56:02+00:00\",\"description\":\"Fontes ouvidas pela Bloomberg comentaram que a Azul avalia de oferta de a\u00e7\u00f5es a recupera\u00e7\u00e3o judicial para sanar problemas com d\u00edvidas\",\"breadcrumb\":{\"@id\":\"https:\/\/www.suno.com.br\/noticias\/azul-azul4-acoes-caem-recuperacao-judicial-evm\/#breadcrumb\"},\"inLanguage\":\"pt-BR\",\"potentialAction\":[{\"@type\":\"ReadAction\",\"target\":[\"https:\/\/www.suno.com.br\/noticias\/azul-azul4-acoes-caem-recuperacao-judicial-evm\/\"]}]},{\"@type\":\"ImageObject\",\"inLanguage\":\"pt-BR\",\"@id\":\"https:\/\/www.suno.com.br\/noticias\/azul-azul4-acoes-caem-recuperacao-judicial-evm\/#primaryimage\",\"url\":\"https:\/\/files.sunoresearch.com.br\/n\/uploads\/2020\/11\/6ca221d1-266a59d64d81f2976c97782d271ad014-jpg.webp\",\"contentUrl\":\"https:\/\/files.sunoresearch.com.br\/n\/uploads\/2020\/11\/6ca221d1-266a59d64d81f2976c97782d271ad014-jpg.webp\",\"width\":1400,\"height\":956,\"caption\":\"As a\u00e7\u00f5es da Azul (AZUL4) operam em forte alta nesta segunda-feira. Por volta das 11h, os pap\u00e9is da empresa subiam 4%.\"},{\"@type\":\"BreadcrumbList\",\"@id\":\"https:\/\/www.suno.com.br\/noticias\/azul-azul4-acoes-caem-recuperacao-judicial-evm\/#breadcrumb\",\"itemListElement\":[{\"@type\":\"ListItem\",\"position\":1,\"name\":\"Not\u00edcias\",\"item\":\"https:\/\/www.suno.com.br\/noticias\/\"},{\"@type\":\"ListItem\",\"position\":2,\"name\":\"Mercado\",\"item\":\"https:\/\/www.suno.com.br\/noticias\/mercado\/\"},{\"@type\":\"ListItem\",\"position\":3,\"name\":\"Azul (AZUL4) em recupera\u00e7\u00e3o judicial? Entenda queda de 25% nas a\u00e7\u00f5es\"}]},{\"@type\":\"WebSite\",\"@id\":\"https:\/\/www.suno.com.br\/noticias\/#website\",\"url\":\"https:\/\/www.suno.com.br\/noticias\/\",\"name\":\"Suno Not\u00edcias\",\"description\":\"Seu portal de informa\u00e7\u00e3o sobre o mundo dos investimentos\",\"publisher\":{\"@id\":\"https:\/\/www.suno.com.br\/noticias\/#organization\"},\"potentialAction\":[{\"@type\":\"SearchAction\",\"target\":{\"@type\":\"EntryPoint\",\"urlTemplate\":\"https:\/\/www.suno.com.br\/noticias\/?s={search_term_string}\"},\"query-input\":{\"@type\":\"PropertyValueSpecification\",\"valueRequired\":true,\"valueName\":\"search_term_string\"}}],\"inLanguage\":\"pt-BR\"},{\"@type\":\"Organization\",\"@id\":\"https:\/\/www.suno.com.br\/noticias\/#organization\",\"name\":\"Suno Not\u00edcias\",\"url\":\"https:\/\/www.suno.com.br\/noticias\/\",\"logo\":{\"@type\":\"ImageObject\",\"inLanguage\":\"pt-BR\",\"@id\":\"https:\/\/www.suno.com.br\/noticias\/#\/schema\/logo\/image\/\",\"url\":\"https:\/\/files.sunoresearch.com.br\/n\/uploads\/2021\/09\/suno-logo.png\",\"contentUrl\":\"https:\/\/files.sunoresearch.com.br\/n\/uploads\/2021\/09\/suno-logo.png\",\"width\":180,\"height\":180,\"caption\":\"Suno Not\u00edcias\"},\"image\":{\"@id\":\"https:\/\/www.suno.com.br\/noticias\/#\/schema\/logo\/image\/\"},\"sameAs\":[\"https:\/\/facebook.com\/sunoresearch\",\"https:\/\/x.com\/sunoresearch\",\"https:\/\/www.instagram.com\/suno\",\"https:\/\/www.linkedin.com\/company\/suno-research\/\",\"https:\/\/www.youtube.com\/c\/sunoresearch\"]},{\"@type\":\"Person\",\"@id\":\"https:\/\/www.suno.com.br\/noticias\/#\/schema\/person\/7f4d362bf3518e76090143ae77bb49a5\",\"name\":\"Eduardo Vargas\",\"image\":{\"@type\":\"ImageObject\",\"inLanguage\":\"pt-BR\",\"@id\":\"https:\/\/www.suno.com.br\/noticias\/#\/schema\/person\/image\/\",\"url\":\"https:\/\/secure.gravatar.com\/avatar\/dac340933427a22924c9f99d1eb2e3f2?s=96&r=g\",\"contentUrl\":\"https:\/\/secure.gravatar.com\/avatar\/dac340933427a22924c9f99d1eb2e3f2?s=96&r=g\",\"caption\":\"Eduardo Vargas\"},\"description\":\"Jornalista formado pela UFSC, cobre macroeconomia, neg\u00f3cios e startups para o Suno Not\u00edcias, escrevendo principalmente not\u00edcias sobre o mercado financeiro e a bolsa de valores. No YouTube e no Instagram, \u00e9 respons\u00e1vel pela produ\u00e7\u00e3o de Reels e Shorts do Suno Not\u00edcias. Anteriormente, trabalhou cobrindo economia e cotidiano no ND+ e para o ND, maior jornal impresso de Santa Catarina. Cursou um semestre letivo de Estudos de M\u00eddia na Universidad de Buenos Aires.\",\"url\":\"https:\/\/www.suno.com.br\/noticias\/author\/eduardo-vargas\/\"}]}<\/script>\n<!-- \/ Yoast SEO plugin. -->","yoast_head_json":{"title":"Azul (AZUL4) em recupera\u00e7\u00e3o judicial? Entenda queda de 25% nas a\u00e7\u00f5es","description":"Fontes ouvidas pela Bloomberg comentaram que a Azul avalia de oferta de a\u00e7\u00f5es a recupera\u00e7\u00e3o judicial para sanar problemas com d\u00edvidas","robots":{"index":"index","follow":"follow","max-snippet":"max-snippet:-1","max-image-preview":"max-image-preview:large","max-video-preview":"max-video-preview:-1"},"canonical":"https:\/\/www.suno.com.br\/noticias\/azul-azul4-acoes-caem-recuperacao-judicial-evm\/","og_locale":"pt_BR","og_type":"article","og_title":"Azul (AZUL4) em recupera\u00e7\u00e3o judicial? Entenda queda de 25% nas a\u00e7\u00f5es","og_description":"Fontes ouvidas pela Bloomberg comentaram que a Azul avalia de oferta de a\u00e7\u00f5es a recupera\u00e7\u00e3o judicial para sanar problemas com d\u00edvidas","og_url":"https:\/\/www.suno.com.br\/noticias\/azul-azul4-acoes-caem-recuperacao-judicial-evm\/","og_site_name":"Suno Not\u00edcias","article_publisher":"https:\/\/facebook.com\/sunoresearch","og_image":[{"width":1400,"height":956,"url":"https:\/\/files.sunoresearch.com.br\/n\/uploads\/2020\/11\/6ca221d1-266a59d64d81f2976c97782d271ad014.jpg","type":"image\/jpeg"}],"author":"Eduardo Vargas","twitter_card":"summary_large_image","twitter_creator":"@sunoresearch","twitter_site":"@sunoresearch","twitter_misc":{"Escrito por":"Eduardo Vargas","Est. tempo de leitura":"3 minutos"},"schema":{"@context":"https:\/\/schema.org","@graph":[{"@type":"NewsArticle","@id":"https:\/\/www.suno.com.br\/noticias\/azul-azul4-acoes-caem-recuperacao-judicial-evm\/#article","isPartOf":{"@id":"https:\/\/www.suno.com.br\/noticias\/azul-azul4-acoes-caem-recuperacao-judicial-evm\/"},"author":{"name":"Eduardo Vargas","@id":"https:\/\/www.suno.com.br\/noticias\/#\/schema\/person\/7f4d362bf3518e76090143ae77bb49a5"},"headline":"Azul (AZUL4) em recupera\u00e7\u00e3o judicial? Entenda queda de 25% nas a\u00e7\u00f5es","datePublished":"2024-08-29T14:55:56+00:00","dateModified":"2024-08-29T14:56:02+00:00","mainEntityOfPage":{"@id":"https:\/\/www.suno.com.br\/noticias\/azul-azul4-acoes-caem-recuperacao-judicial-evm\/"},"wordCount":493,"publisher":{"@id":"https:\/\/www.suno.com.br\/noticias\/#organization"},"image":{"@id":"https:\/\/www.suno.com.br\/noticias\/azul-azul4-acoes-caem-recuperacao-judicial-evm\/#primaryimage"},"thumbnailUrl":"https:\/\/files.sunoresearch.com.br\/n\/uploads\/2020\/11\/6ca221d1-266a59d64d81f2976c97782d271ad014-jpg.webp","keywords":["Azul (AZUL4)","AZUL4","recupera\u00e7\u00e3o judicial"],"articleSection":["Mercado"],"inLanguage":"pt-BR"},{"@type":"WebPage","@id":"https:\/\/www.suno.com.br\/noticias\/azul-azul4-acoes-caem-recuperacao-judicial-evm\/","url":"https:\/\/www.suno.com.br\/noticias\/azul-azul4-acoes-caem-recuperacao-judicial-evm\/","name":"Azul (AZUL4) em recupera\u00e7\u00e3o judicial? Entenda queda de 25% nas a\u00e7\u00f5es","isPartOf":{"@id":"https:\/\/www.suno.com.br\/noticias\/#website"},"primaryImageOfPage":{"@id":"https:\/\/www.suno.com.br\/noticias\/azul-azul4-acoes-caem-recuperacao-judicial-evm\/#primaryimage"},"image":{"@id":"https:\/\/www.suno.com.br\/noticias\/azul-azul4-acoes-caem-recuperacao-judicial-evm\/#primaryimage"},"thumbnailUrl":"https:\/\/files.sunoresearch.com.br\/n\/uploads\/2020\/11\/6ca221d1-266a59d64d81f2976c97782d271ad014-jpg.webp","datePublished":"2024-08-29T14:55:56+00:00","dateModified":"2024-08-29T14:56:02+00:00","description":"Fontes ouvidas pela Bloomberg comentaram que a Azul avalia de oferta de a\u00e7\u00f5es a recupera\u00e7\u00e3o judicial para sanar problemas com d\u00edvidas","breadcrumb":{"@id":"https:\/\/www.suno.com.br\/noticias\/azul-azul4-acoes-caem-recuperacao-judicial-evm\/#breadcrumb"},"inLanguage":"pt-BR","potentialAction":[{"@type":"ReadAction","target":["https:\/\/www.suno.com.br\/noticias\/azul-azul4-acoes-caem-recuperacao-judicial-evm\/"]}]},{"@type":"ImageObject","inLanguage":"pt-BR","@id":"https:\/\/www.suno.com.br\/noticias\/azul-azul4-acoes-caem-recuperacao-judicial-evm\/#primaryimage","url":"https:\/\/files.sunoresearch.com.br\/n\/uploads\/2020\/11\/6ca221d1-266a59d64d81f2976c97782d271ad014-jpg.webp","contentUrl":"https:\/\/files.sunoresearch.com.br\/n\/uploads\/2020\/11\/6ca221d1-266a59d64d81f2976c97782d271ad014-jpg.webp","width":1400,"height":956,"caption":"As a\u00e7\u00f5es da Azul (AZUL4) operam em forte alta nesta segunda-feira. Por volta das 11h, os pap\u00e9is da empresa subiam 4%."},{"@type":"BreadcrumbList","@id":"https:\/\/www.suno.com.br\/noticias\/azul-azul4-acoes-caem-recuperacao-judicial-evm\/#breadcrumb","itemListElement":[{"@type":"ListItem","position":1,"name":"Not\u00edcias","item":"https:\/\/www.suno.com.br\/noticias\/"},{"@type":"ListItem","position":2,"name":"Mercado","item":"https:\/\/www.suno.com.br\/noticias\/mercado\/"},{"@type":"ListItem","position":3,"name":"Azul (AZUL4) em recupera\u00e7\u00e3o judicial? Entenda queda de 25% nas a\u00e7\u00f5es"}]},{"@type":"WebSite","@id":"https:\/\/www.suno.com.br\/noticias\/#website","url":"https:\/\/www.suno.com.br\/noticias\/","name":"Suno Not\u00edcias","description":"Seu portal de informa\u00e7\u00e3o sobre o mundo dos investimentos","publisher":{"@id":"https:\/\/www.suno.com.br\/noticias\/#organization"},"potentialAction":[{"@type":"SearchAction","target":{"@type":"EntryPoint","urlTemplate":"https:\/\/www.suno.com.br\/noticias\/?s={search_term_string}"},"query-input":{"@type":"PropertyValueSpecification","valueRequired":true,"valueName":"search_term_string"}}],"inLanguage":"pt-BR"},{"@type":"Organization","@id":"https:\/\/www.suno.com.br\/noticias\/#organization","name":"Suno Not\u00edcias","url":"https:\/\/www.suno.com.br\/noticias\/","logo":{"@type":"ImageObject","inLanguage":"pt-BR","@id":"https:\/\/www.suno.com.br\/noticias\/#\/schema\/logo\/image\/","url":"https:\/\/files.sunoresearch.com.br\/n\/uploads\/2021\/09\/suno-logo.png","contentUrl":"https:\/\/files.sunoresearch.com.br\/n\/uploads\/2021\/09\/suno-logo.png","width":180,"height":180,"caption":"Suno Not\u00edcias"},"image":{"@id":"https:\/\/www.suno.com.br\/noticias\/#\/schema\/logo\/image\/"},"sameAs":["https:\/\/facebook.com\/sunoresearch","https:\/\/x.com\/sunoresearch","https:\/\/www.instagram.com\/suno","https:\/\/www.linkedin.com\/company\/suno-research\/","https:\/\/www.youtube.com\/c\/sunoresearch"]},{"@type":"Person","@id":"https:\/\/www.suno.com.br\/noticias\/#\/schema\/person\/7f4d362bf3518e76090143ae77bb49a5","name":"Eduardo Vargas","image":{"@type":"ImageObject","inLanguage":"pt-BR","@id":"https:\/\/www.suno.com.br\/noticias\/#\/schema\/person\/image\/","url":"https:\/\/secure.gravatar.com\/avatar\/dac340933427a22924c9f99d1eb2e3f2?s=96&r=g","contentUrl":"https:\/\/secure.gravatar.com\/avatar\/dac340933427a22924c9f99d1eb2e3f2?s=96&r=g","caption":"Eduardo Vargas"},"description":"Jornalista formado pela UFSC, cobre macroeconomia, neg\u00f3cios e startups para o Suno Not\u00edcias, escrevendo principalmente not\u00edcias sobre o mercado financeiro e a bolsa de valores. No YouTube e no Instagram, \u00e9 respons\u00e1vel pela produ\u00e7\u00e3o de Reels e Shorts do Suno Not\u00edcias. Anteriormente, trabalhou cobrindo economia e cotidiano no ND+ e para o ND, maior jornal impresso de Santa Catarina. Cursou um semestre letivo de Estudos de M\u00eddia na Universidad de Buenos Aires.","url":"https:\/\/www.suno.com.br\/noticias\/author\/eduardo-vargas\/"}]}},"default_loop_html":"<div class=\"cardsPage__listCard__boxs\"><div class=\"cardsPage__listCard__boxs__img\"><a href=\"https:\/\/www.suno.com.br\/noticias\/azul-azul4-acoes-caem-recuperacao-judicial-evm\/\"><img class=\"mask\" src=\"https:\/\/www.suno.com.br\/noticias\/wp-content\/themes\/suno\/resources\/images\/spotlight\/spotlight1img\/bg-mask.png\" alt=\"Image Mask\"\/><img src=\"https:\/\/files.sunoresearch.com.br\/n\/uploads\/2020\/11\/6ca221d1-266a59d64d81f2976c97782d271ad014-400x200.webp\" alt=\"Azul (AZUL4) em recupera\u00e7\u00e3o judicial? Entenda queda de 25% nas a\u00e7\u00f5es\"\/><\/a><span class=\"spotlightCategory\"><a href=\"https:\/\/www.suno.com.br\/noticias\/mercado\/\">Mercado<\/a><\/span><\/div><div class=\"cardsPage__listCard__boxs__content\"><a href=\"https:\/\/www.suno.com.br\/noticias\/azul-azul4-acoes-caem-recuperacao-judicial-evm\/\"><h2 class=\"content__title\">Azul (AZUL4) em recupera\u00e7\u00e3o judicial? Entenda queda de 25% nas a\u00e7\u00f5es<\/h2><\/a><div class=\"newsContent__article__meta\"><div class=\"newsContent__article__meta__authorBox\"><a href=\"https:\/\/www.suno.com.br\/noticias\/author\/eduardo-vargas\/\" class=\"authorBox__avatar noMobi\"><img src=\"https:\/\/secure.gravatar.com\/avatar\/dac340933427a22924c9f99d1eb2e3f2?s=96&#038;r=g\" alt=\"Eduardo Vargas\"><\/a><div class=\"authorBox__name\"><span>por\n\t\t\t<a href=\"https:\/\/www.suno.com.br\/noticias\/author\/eduardo-vargas\/\"><span itemprop=\"author\">Eduardo Vargas<\/span><\/a><\/span><time datetime=\"2024-08-29T11:55:56-03:00\" itemprop=\"datePublished\">29\/08\/2024 11:55<\/time><\/div><\/div><\/div><\/div><\/div>","single_layout":"posts","amp_enabled":true,"_links":{"self":[{"href":"https:\/\/www.suno.com.br\/noticias\/wp-json\/wp\/v2\/posts\/572960"}],"collection":[{"href":"https:\/\/www.suno.com.br\/noticias\/wp-json\/wp\/v2\/posts"}],"about":[{"href":"https:\/\/www.suno.com.br\/noticias\/wp-json\/wp\/v2\/types\/post"}],"author":[{"embeddable":true,"href":"https:\/\/www.suno.com.br\/noticias\/wp-json\/wp\/v2\/users\/73"}],"replies":[{"embeddable":true,"href":"https:\/\/www.suno.com.br\/noticias\/wp-json\/wp\/v2\/comments?post=572960"}],"version-history":[{"count":3,"href":"https:\/\/www.suno.com.br\/noticias\/wp-json\/wp\/v2\/posts\/572960\/revisions"}],"predecessor-version":[{"id":572970,"href":"https:\/\/www.suno.com.br\/noticias\/wp-json\/wp\/v2\/posts\/572960\/revisions\/572970"}],"wp:featuredmedia":[{"embeddable":true,"href":"https:\/\/www.suno.com.br\/noticias\/wp-json\/wp\/v2\/media\/100564"}],"wp:attachment":[{"href":"https:\/\/www.suno.com.br\/noticias\/wp-json\/wp\/v2\/media?parent=572960"}],"wp:term":[{"taxonomy":"category","embeddable":true,"href":"https:\/\/www.suno.com.br\/noticias\/wp-json\/wp\/v2\/categories?post=572960"},{"taxonomy":"post_tag","embeddable":true,"href":"https:\/\/www.suno.com.br\/noticias\/wp-json\/wp\/v2\/tags?post=572960"},{"taxonomy":"suno_strategy","embeddable":true,"href":"https:\/\/www.suno.com.br\/noticias\/wp-json\/wp\/v2\/suno_strategy?post=572960"}],"curies":[{"name":"wp","href":"https:\/\/api.w.org\/{rel}","templated":true}]}}