{"id":572529,"date":"2024-08-27T16:28:31","date_gmt":"2024-08-27T19:28:31","guid":{"rendered":"https:\/\/www.suno.com.br\/noticias\/?p=572529"},"modified":"2024-08-27T16:28:36","modified_gmt":"2024-08-27T19:28:36","slug":"energia-solar-safra-fip-evm","status":"publish","type":"post","link":"https:\/\/www.suno.com.br\/noticias\/energia-solar-safra-fip-evm\/","title":{"rendered":"Energia solar: Safra inicia negocia\u00e7\u00e3o de FIP de R$ 250 milh\u00f5es"},"content":{"rendered":"<p>Com foco em <strong>energia solar<\/strong> para redu\u00e7\u00e3o dos impactos nas mudan\u00e7as clim\u00e1ticas, o Banco Safra lan\u00e7a nesta ter\u00e7a (27), na bolsa de valoreso seu primeiro <a href=\"https:\/\/www.suno.com.br\/guias\/fip-fundo-de-investimento-em-participacoes\/\">Fundo de Investimentos em Participa\u00e7\u00f5es (FIP)<\/a> de infraestrutura da Safra Asset. <\/p><div class=\"videoFull \">\n\t\t\t<div class=\"videoWrapper yt-lazyload center\"\n\t\t\t\tdata-width=\"960\"\n\t\t\t\tdata-height=\"540\"\n\t\t\t\tdata-id=\"UVZ26g1gZTA\"\n\t\t\t\tdata-alt=\"V\u00eddeo do YouTube - clique para reproduzir\"\n\t\t\t\tdata-logo=\"3\"\n\t\t\t\tdata-imagequality=\"maxres\">\n\t\t\t<\/div>\n\t\t<\/div><script type=\"application\/ld+json\">{\"@context\":\"https:\/\/schema.org\",\"@type\":\"VideoObject\",\"name\":\"\ud83d\udd34PETROBRAS (PETR4) DISPARA COM PETR\u00d3LEO E DIVIDENDOS | Ibovespa sobe | JCP Banco do Brasil (BBAS3)\",\"description\":\"\ud83d\udd34TENHA UMA CARTEIRA PERSONALIZADA: https:\/\/lp.suno.com.br\/ao\/consultoria-de-investimentos\/?utm_source=suno-noticias&utm_medium=live&utm_campaign=seuconsultorresponde&utm_content=26082024 00:00 In\u00edcio do v\u00eddeo 01:38 Fechamento de preg\u00e3o 04:18 PETR4 dispara 09:16 VALE3 sobe com alta do min\u00e9rio 13:16 Petrobras proibida de vender ativos de refino? 16:49 BBAS3 JCP antecipado 19:34 Grupamento de a\u00e7\u00f5es da Americanas 21:41 Ministro antecipa Caged 24:54 Agenda de dividendos da semana 27:07 Indicadores do dia\u2026\",\"duration\":\"PT33M14S\",\"embedUrl\":\"https:\/\/www.youtube.com\/embed\/UVZ26g1gZTA\",\"regionsAllowed\":\"en-US\",\"interactionStatistic\":{\"@type\":\"InteractionCounter\",\"interactionType\":{\"@type\":\"WatchAction\"},\"userInteractionCount\":5047},\"thumbnailUrl\":\"https:\/\/i.ytimg.com\/vi\/UVZ26g1gZTA\/default.jpg\",\"uploadDate\":\"2024-08-26T22:37:03Z\"}<\/script>\n\n\n\n\n\t<p>\n\t\t<a href=\"https:\/\/lp.suno.com.br\/planilha-da-vida-financeira\/\" target=\"_blank\" data-element=\"shortcode-suno-banner\" title=\"Banner SUNO, clique e saiba mais\">\n\t\t\t<picture>\n\t\t\t\t<source media=\"(max-width: 500px)\" srcset=\"https:\/\/files.sunoresearch.com.br\/n\/uploads\/2023\/04\/400x300-Planilha-vida-financeira-true.png\">\n\t\t\t\t<img class=\"newsContent__article__imgCapa newsContent__article__imgCapa--banner\"\n\t\t\t\t\tsrc=\"https:\/\/files.sunoresearch.com.br\/n\/uploads\/2023\/04\/1420x240-Planilha-vida-financeira-true.png\"\n\t\t\t\t\tdata-promo-id=\"106682\"\t\t\t\t\t\t\t\t\t\twidth='1420' height='240'\t\t\t\t\talt=\"https:\/\/files.sunoresearch.com.br\/n\/uploads\/2023\/04\/1420x240-Planilha-vida-financeira-true.png\"\n\t\t\t\t>\n\t\t\t<\/picture>\n\t\t<\/a>\n\t<\/p>\n\n\n\n\n\n\n\n<p>A capta\u00e7\u00e3o do FIP Cop\u00e9rnico (COPN11) ocorreu durante o m\u00eas de julho, atingindo o lote adicional e conseguindo um montante de R$ 250 milh\u00f5es. O fundo investir\u00e1 em <strong>usinas de energia solar<\/strong> e teve uma demanda 40% acima do limite da oferta.<\/p>\n\n\n\n<p>De acordo com comunicado do banco, o objetivo do fundo \u00e9 aplicar no subsetor de gera\u00e7\u00e3o distribu\u00edda dentro do setor de energia solar.<\/p>\n\n\n\n<p>&#8220;Atualmente, as usinas em opera\u00e7\u00e3o do fundo geram aproximadamente 31 MWp de energia (megawatt peak, unidade de medida usada em energia solar). As usinas do FIP Cop\u00e9rnico Safra economizam aproximadamente 15 toneladas de CO2 de emiss\u00e3o de gases&#8221;, explica, em nota.<\/p>\n\n\n\t<p>\n\t\t<a href=\"https:\/\/lp.suno.com.br\/ebook-como-analisar-uma-acao\/\" target=\"_blank\" data-element=\"shortcode-suno-banner\" title=\"Banner SUNO, clique e saiba mais\">\n\t\t\t<picture>\n\t\t\t\t<source media=\"(max-width: 500px)\" srcset=\"https:\/\/files.sunoresearch.com.br\/n\/uploads\/2023\/03\/Ebook-Acoes-Mobile.jpg\">\n\t\t\t\t<img class=\"newsContent__article__imgCapa newsContent__article__imgCapa--banner\"\n\t\t\t\t\tsrc=\"https:\/\/files.sunoresearch.com.br\/n\/uploads\/2023\/03\/Ebook-Acoes-Desktop.jpg\"\n\t\t\t\t\tdata-promo-id=\"378302\"\t\t\t\t\t\t\t\t\t\twidth='1420' height='286'\t\t\t\t\talt=\"https:\/\/files.sunoresearch.com.br\/n\/uploads\/2023\/03\/Ebook-Acoes-Desktop.jpg\"\n\t\t\t\t>\n\t\t\t<\/picture>\n\t\t<\/a>\n\t<\/p>\n\n\n\n\n\n<h2 class=\"wp-block-heading\">Fundo de energia solar do safra \u00e9 &#8216;produto alternativo&#8217;<\/h2>\n\n\n\n<p>O <strong>COPN11<\/strong> \u00e9 tido como uma op\u00e7\u00e3o da Safra Asset para elevar participa\u00e7\u00e3o em produtos alternativos e oferece aos investidores residentes no Brasil isen\u00e7\u00e3o de <a class=\"suno-keyword\" target=\"_blank\" data-force=\"no\" data-priority=\"2\" href=\"https:\/\/www.suno.com.br\/guias\/imposto-de-renda-guia\/\" rel=\"noopener\">imposto de renda<\/a> no rendimento e no <a class=\"suno-keyword\" target=\"_blank\" data-force=\"no\" data-priority=\"1\" href=\"https:\/\/www.suno.com.br\/artigos\/ganho-de-capital\/\" rel=\"noopener\">ganho de capital<\/a>, com distribui\u00e7\u00e3o de <a class=\"suno-keyword\" target=\"_blank\" data-force=\"no\" data-priority=\"1\" href=\"https:\/\/www.suno.com.br\/guias\/dividendos\/\" rel=\"noopener\">dividendos<\/a> a partir de 2025.<\/p>\n\n\n\n<p>Al\u00e9m disso, o FIP possui expectativa de retorno de IPCA mais taxa entre 9,5% e 10,5%, segundo a Safra Asset. <\/p>\n\n\n\n<p>Al\u00e9m deste fundo de <strong>energia solar<\/strong>, a Safra Asset lan\u00e7ou em julho seu primeiro fundo de <a class=\"suno-keyword\" target=\"_blank\" data-force=\"no\" data-priority=\"1\" href=\"https:\/\/www.suno.com.br\/artigos\/certificados-recebiveis-imobiliarios\/\" rel=\"noopener\">Certificados de Receb\u00edveis Imobili\u00e1rios<\/a> (CRIs), o JSCR1.<\/p>\n\n\n\n<p>Com Estad\u00e3o Conte\u00fado<\/p>\n\n\n\t<p>\n\t\t<a href=\"https:\/\/lp.suno.com.br\/planilha-da-vida-financeira\/\" target=\"_blank\" data-element=\"shortcode-suno-banner\" title=\"Banner SUNO, clique e saiba mais\">\n\t\t\t<picture>\n\t\t\t\t<source media=\"(max-width: 500px)\" srcset=\"https:\/\/files.sunoresearch.com.br\/n\/uploads\/2023\/04\/400x300-Planilha-vida-financeira-true.png\">\n\t\t\t\t<img class=\"newsContent__article__imgCapa newsContent__article__imgCapa--banner\"\n\t\t\t\t\tsrc=\"https:\/\/files.sunoresearch.com.br\/n\/uploads\/2023\/04\/1420x240-Planilha-vida-financeira-true.png\"\n\t\t\t\t\tdata-promo-id=\"383123\"\t\t\t\t\t\t\t\t\t\twidth='1420' height='240'\t\t\t\t\talt=\"https:\/\/files.sunoresearch.com.br\/n\/uploads\/2023\/04\/1420x240-Planilha-vida-financeira-true.png\"\n\t\t\t\t>\n\t\t\t<\/picture>\n\t\t<\/a>\n\t<\/p>\n\n\n","protected":false},"excerpt":{"rendered":"<p>Com foco em energia solar para redu\u00e7\u00e3o dos impactos nas mudan\u00e7as clim\u00e1ticas, o Banco Safra lan\u00e7a nesta ter\u00e7a (27), na bolsa de valoreso seu primeiro Fundo de Investimentos em Participa\u00e7\u00f5es (FIP) de infraestrutura da Safra Asset. A capta\u00e7\u00e3o do FIP Cop\u00e9rnico (COPN11) ocorreu durante o m\u00eas de julho, atingindo o lote adicional e conseguindo um [&hellip;]<\/p>\n","protected":false},"author":73,"featured_media":316711,"comment_status":"closed","ping_status":"closed","sticky":false,"template":"","format":"standard","meta":[],"categories":[60],"tags":[106444,750,313],"suno_strategy":[],"class_list":["post-572529","post","type-post","status-publish","format-standard","has-post-thumbnail","hentry","category-mercado","tag-agencias","tag-energia-solar","tag-fundos-de-investimento"],"yoast_head":"<!-- This site is optimized with the Yoast SEO plugin v24.4 - https:\/\/yoast.com\/wordpress\/plugins\/seo\/ -->\n<title>Energia solar: Safra inicia negocia\u00e7\u00e3o de FIP de R$ 250 milh\u00f5es<\/title>\n<meta name=\"description\" content=\"O Fundo de Investimentos em Participa\u00e7\u00f5es (FIP) investir\u00e1 em usinas de energia solar e teve uma demanda 40% acima do limite da oferta\" \/>\n<meta name=\"robots\" content=\"index, follow, max-snippet:-1, max-image-preview:large, max-video-preview:-1\" \/>\n<link rel=\"canonical\" href=\"https:\/\/www.suno.com.br\/noticias\/energia-solar-safra-fip-evm\/\" \/>\n<meta property=\"og:locale\" content=\"pt_BR\" \/>\n<meta property=\"og:type\" content=\"article\" \/>\n<meta property=\"og:title\" content=\"Energia solar: Safra inicia negocia\u00e7\u00e3o de FIP de R$ 250 milh\u00f5es\" \/>\n<meta property=\"og:description\" content=\"O Fundo de Investimentos em Participa\u00e7\u00f5es (FIP) investir\u00e1 em usinas de energia solar e teve uma demanda 40% acima do limite da oferta\" \/>\n<meta property=\"og:url\" content=\"https:\/\/www.suno.com.br\/noticias\/energia-solar-safra-fip-evm\/\" \/>\n<meta property=\"og:site_name\" content=\"Suno Not\u00edcias\" \/>\n<meta property=\"article:publisher\" content=\"https:\/\/facebook.com\/sunoresearch\" \/>\n<meta property=\"og:image\" content=\"https:\/\/files.sunoresearch.com.br\/n\/uploads\/2022\/11\/nuno-marques-0GbrjL3vZF4-unsplash-scaled.jpg\" \/>\n\t<meta property=\"og:image:width\" content=\"2560\" \/>\n\t<meta property=\"og:image:height\" content=\"1732\" \/>\n\t<meta property=\"og:image:type\" content=\"image\/jpeg\" \/>\n<meta name=\"author\" content=\"Eduardo Vargas\" \/>\n<meta name=\"twitter:card\" content=\"summary_large_image\" \/>\n<meta name=\"twitter:creator\" content=\"@sunoresearch\" \/>\n<meta name=\"twitter:site\" content=\"@sunoresearch\" \/>\n<meta name=\"twitter:label1\" content=\"Escrito por\" \/>\n\t<meta name=\"twitter:data1\" content=\"Eduardo Vargas\" \/>\n\t<meta name=\"twitter:label2\" content=\"Est. tempo de leitura\" \/>\n\t<meta name=\"twitter:data2\" content=\"2 minutos\" \/>\n<script type=\"application\/ld+json\" class=\"yoast-schema-graph\">{\"@context\":\"https:\/\/schema.org\",\"@graph\":[{\"@type\":\"NewsArticle\",\"@id\":\"https:\/\/www.suno.com.br\/noticias\/energia-solar-safra-fip-evm\/#article\",\"isPartOf\":{\"@id\":\"https:\/\/www.suno.com.br\/noticias\/energia-solar-safra-fip-evm\/\"},\"author\":{\"name\":\"Eduardo Vargas\",\"@id\":\"https:\/\/www.suno.com.br\/noticias\/#\/schema\/person\/7f4d362bf3518e76090143ae77bb49a5\"},\"headline\":\"Energia solar: Safra inicia negocia\u00e7\u00e3o de FIP de R$ 250 milh\u00f5es\",\"datePublished\":\"2024-08-27T19:28:31+00:00\",\"dateModified\":\"2024-08-27T19:28:36+00:00\",\"mainEntityOfPage\":{\"@id\":\"https:\/\/www.suno.com.br\/noticias\/energia-solar-safra-fip-evm\/\"},\"wordCount\":276,\"publisher\":{\"@id\":\"https:\/\/www.suno.com.br\/noticias\/#organization\"},\"image\":{\"@id\":\"https:\/\/www.suno.com.br\/noticias\/energia-solar-safra-fip-evm\/#primaryimage\"},\"thumbnailUrl\":\"https:\/\/files.sunoresearch.com.br\/n\/uploads\/2022\/11\/nuno-marques-0GbrjL3vZF4-unsplash-scaled.jpg\",\"keywords\":[\"Ag\u00eancias\",\"energia solar\",\"Fundos de investimento\"],\"articleSection\":[\"Mercado\"],\"inLanguage\":\"pt-BR\"},{\"@type\":\"WebPage\",\"@id\":\"https:\/\/www.suno.com.br\/noticias\/energia-solar-safra-fip-evm\/\",\"url\":\"https:\/\/www.suno.com.br\/noticias\/energia-solar-safra-fip-evm\/\",\"name\":\"Energia solar: Safra inicia negocia\u00e7\u00e3o de FIP de R$ 250 milh\u00f5es\",\"isPartOf\":{\"@id\":\"https:\/\/www.suno.com.br\/noticias\/#website\"},\"primaryImageOfPage\":{\"@id\":\"https:\/\/www.suno.com.br\/noticias\/energia-solar-safra-fip-evm\/#primaryimage\"},\"image\":{\"@id\":\"https:\/\/www.suno.com.br\/noticias\/energia-solar-safra-fip-evm\/#primaryimage\"},\"thumbnailUrl\":\"https:\/\/files.sunoresearch.com.br\/n\/uploads\/2022\/11\/nuno-marques-0GbrjL3vZF4-unsplash-scaled.jpg\",\"datePublished\":\"2024-08-27T19:28:31+00:00\",\"dateModified\":\"2024-08-27T19:28:36+00:00\",\"description\":\"O Fundo de Investimentos em Participa\u00e7\u00f5es (FIP) investir\u00e1 em usinas de energia solar e teve uma demanda 40% acima do limite da oferta\",\"breadcrumb\":{\"@id\":\"https:\/\/www.suno.com.br\/noticias\/energia-solar-safra-fip-evm\/#breadcrumb\"},\"inLanguage\":\"pt-BR\",\"potentialAction\":[{\"@type\":\"ReadAction\",\"target\":[\"https:\/\/www.suno.com.br\/noticias\/energia-solar-safra-fip-evm\/\"]}]},{\"@type\":\"ImageObject\",\"inLanguage\":\"pt-BR\",\"@id\":\"https:\/\/www.suno.com.br\/noticias\/energia-solar-safra-fip-evm\/#primaryimage\",\"url\":\"https:\/\/files.sunoresearch.com.br\/n\/uploads\/2022\/11\/nuno-marques-0GbrjL3vZF4-unsplash-scaled.jpg\",\"contentUrl\":\"https:\/\/files.sunoresearch.com.br\/n\/uploads\/2022\/11\/nuno-marques-0GbrjL3vZF4-unsplash-scaled.jpg\",\"width\":2560,\"height\":1732,\"caption\":\"Energia renov\u00e1vel Solar (imagem ilustrativa). Foto: Unsplash\"},{\"@type\":\"BreadcrumbList\",\"@id\":\"https:\/\/www.suno.com.br\/noticias\/energia-solar-safra-fip-evm\/#breadcrumb\",\"itemListElement\":[{\"@type\":\"ListItem\",\"position\":1,\"name\":\"Not\u00edcias\",\"item\":\"https:\/\/www.suno.com.br\/noticias\/\"},{\"@type\":\"ListItem\",\"position\":2,\"name\":\"Mercado\",\"item\":\"https:\/\/www.suno.com.br\/noticias\/mercado\/\"},{\"@type\":\"ListItem\",\"position\":3,\"name\":\"Energia solar: Safra inicia negocia\u00e7\u00e3o de FIP de R$ 250 milh\u00f5es\"}]},{\"@type\":\"WebSite\",\"@id\":\"https:\/\/www.suno.com.br\/noticias\/#website\",\"url\":\"https:\/\/www.suno.com.br\/noticias\/\",\"name\":\"Suno Not\u00edcias\",\"description\":\"Seu portal de informa\u00e7\u00e3o sobre o mundo dos investimentos\",\"publisher\":{\"@id\":\"https:\/\/www.suno.com.br\/noticias\/#organization\"},\"potentialAction\":[{\"@type\":\"SearchAction\",\"target\":{\"@type\":\"EntryPoint\",\"urlTemplate\":\"https:\/\/www.suno.com.br\/noticias\/?s={search_term_string}\"},\"query-input\":{\"@type\":\"PropertyValueSpecification\",\"valueRequired\":true,\"valueName\":\"search_term_string\"}}],\"inLanguage\":\"pt-BR\"},{\"@type\":\"Organization\",\"@id\":\"https:\/\/www.suno.com.br\/noticias\/#organization\",\"name\":\"Suno Not\u00edcias\",\"url\":\"https:\/\/www.suno.com.br\/noticias\/\",\"logo\":{\"@type\":\"ImageObject\",\"inLanguage\":\"pt-BR\",\"@id\":\"https:\/\/www.suno.com.br\/noticias\/#\/schema\/logo\/image\/\",\"url\":\"https:\/\/files.sunoresearch.com.br\/n\/uploads\/2021\/09\/suno-logo.png\",\"contentUrl\":\"https:\/\/files.sunoresearch.com.br\/n\/uploads\/2021\/09\/suno-logo.png\",\"width\":180,\"height\":180,\"caption\":\"Suno Not\u00edcias\"},\"image\":{\"@id\":\"https:\/\/www.suno.com.br\/noticias\/#\/schema\/logo\/image\/\"},\"sameAs\":[\"https:\/\/facebook.com\/sunoresearch\",\"https:\/\/x.com\/sunoresearch\",\"https:\/\/www.instagram.com\/suno\",\"https:\/\/www.linkedin.com\/company\/suno-research\/\",\"https:\/\/www.youtube.com\/c\/sunoresearch\"]},{\"@type\":\"Person\",\"@id\":\"https:\/\/www.suno.com.br\/noticias\/#\/schema\/person\/7f4d362bf3518e76090143ae77bb49a5\",\"name\":\"Eduardo Vargas\",\"image\":{\"@type\":\"ImageObject\",\"inLanguage\":\"pt-BR\",\"@id\":\"https:\/\/www.suno.com.br\/noticias\/#\/schema\/person\/image\/\",\"url\":\"https:\/\/secure.gravatar.com\/avatar\/dac340933427a22924c9f99d1eb2e3f2?s=96&r=g\",\"contentUrl\":\"https:\/\/secure.gravatar.com\/avatar\/dac340933427a22924c9f99d1eb2e3f2?s=96&r=g\",\"caption\":\"Eduardo Vargas\"},\"description\":\"Jornalista formado pela UFSC, cobre macroeconomia, neg\u00f3cios e startups para o Suno Not\u00edcias, escrevendo principalmente not\u00edcias sobre o mercado financeiro e a bolsa de valores. No YouTube e no Instagram, \u00e9 respons\u00e1vel pela produ\u00e7\u00e3o de Reels e Shorts do Suno Not\u00edcias. Anteriormente, trabalhou cobrindo economia e cotidiano no ND+ e para o ND, maior jornal impresso de Santa Catarina. Cursou um semestre letivo de Estudos de M\u00eddia na Universidad de Buenos Aires.\",\"url\":\"https:\/\/www.suno.com.br\/noticias\/author\/eduardo-vargas\/\"}]}<\/script>\n<!-- \/ Yoast SEO plugin. -->","yoast_head_json":{"title":"Energia solar: Safra inicia negocia\u00e7\u00e3o de FIP de R$ 250 milh\u00f5es","description":"O Fundo de Investimentos em Participa\u00e7\u00f5es (FIP) investir\u00e1 em usinas de energia solar e teve uma demanda 40% acima do limite da oferta","robots":{"index":"index","follow":"follow","max-snippet":"max-snippet:-1","max-image-preview":"max-image-preview:large","max-video-preview":"max-video-preview:-1"},"canonical":"https:\/\/www.suno.com.br\/noticias\/energia-solar-safra-fip-evm\/","og_locale":"pt_BR","og_type":"article","og_title":"Energia solar: Safra inicia negocia\u00e7\u00e3o de FIP de R$ 250 milh\u00f5es","og_description":"O Fundo de Investimentos em Participa\u00e7\u00f5es (FIP) investir\u00e1 em usinas de energia solar e teve uma demanda 40% acima do limite da oferta","og_url":"https:\/\/www.suno.com.br\/noticias\/energia-solar-safra-fip-evm\/","og_site_name":"Suno Not\u00edcias","article_publisher":"https:\/\/facebook.com\/sunoresearch","og_image":[{"width":2560,"height":1732,"url":"https:\/\/files.sunoresearch.com.br\/n\/uploads\/2022\/11\/nuno-marques-0GbrjL3vZF4-unsplash-scaled.jpg","type":"image\/jpeg"}],"author":"Eduardo Vargas","twitter_card":"summary_large_image","twitter_creator":"@sunoresearch","twitter_site":"@sunoresearch","twitter_misc":{"Escrito por":"Eduardo Vargas","Est. tempo de leitura":"2 minutos"},"schema":{"@context":"https:\/\/schema.org","@graph":[{"@type":"NewsArticle","@id":"https:\/\/www.suno.com.br\/noticias\/energia-solar-safra-fip-evm\/#article","isPartOf":{"@id":"https:\/\/www.suno.com.br\/noticias\/energia-solar-safra-fip-evm\/"},"author":{"name":"Eduardo Vargas","@id":"https:\/\/www.suno.com.br\/noticias\/#\/schema\/person\/7f4d362bf3518e76090143ae77bb49a5"},"headline":"Energia solar: Safra inicia negocia\u00e7\u00e3o de FIP de R$ 250 milh\u00f5es","datePublished":"2024-08-27T19:28:31+00:00","dateModified":"2024-08-27T19:28:36+00:00","mainEntityOfPage":{"@id":"https:\/\/www.suno.com.br\/noticias\/energia-solar-safra-fip-evm\/"},"wordCount":276,"publisher":{"@id":"https:\/\/www.suno.com.br\/noticias\/#organization"},"image":{"@id":"https:\/\/www.suno.com.br\/noticias\/energia-solar-safra-fip-evm\/#primaryimage"},"thumbnailUrl":"https:\/\/files.sunoresearch.com.br\/n\/uploads\/2022\/11\/nuno-marques-0GbrjL3vZF4-unsplash-scaled.jpg","keywords":["Ag\u00eancias","energia solar","Fundos de investimento"],"articleSection":["Mercado"],"inLanguage":"pt-BR"},{"@type":"WebPage","@id":"https:\/\/www.suno.com.br\/noticias\/energia-solar-safra-fip-evm\/","url":"https:\/\/www.suno.com.br\/noticias\/energia-solar-safra-fip-evm\/","name":"Energia solar: Safra inicia negocia\u00e7\u00e3o de FIP de R$ 250 milh\u00f5es","isPartOf":{"@id":"https:\/\/www.suno.com.br\/noticias\/#website"},"primaryImageOfPage":{"@id":"https:\/\/www.suno.com.br\/noticias\/energia-solar-safra-fip-evm\/#primaryimage"},"image":{"@id":"https:\/\/www.suno.com.br\/noticias\/energia-solar-safra-fip-evm\/#primaryimage"},"thumbnailUrl":"https:\/\/files.sunoresearch.com.br\/n\/uploads\/2022\/11\/nuno-marques-0GbrjL3vZF4-unsplash-scaled.jpg","datePublished":"2024-08-27T19:28:31+00:00","dateModified":"2024-08-27T19:28:36+00:00","description":"O Fundo de Investimentos em Participa\u00e7\u00f5es (FIP) investir\u00e1 em usinas de energia solar e teve uma demanda 40% acima do limite da oferta","breadcrumb":{"@id":"https:\/\/www.suno.com.br\/noticias\/energia-solar-safra-fip-evm\/#breadcrumb"},"inLanguage":"pt-BR","potentialAction":[{"@type":"ReadAction","target":["https:\/\/www.suno.com.br\/noticias\/energia-solar-safra-fip-evm\/"]}]},{"@type":"ImageObject","inLanguage":"pt-BR","@id":"https:\/\/www.suno.com.br\/noticias\/energia-solar-safra-fip-evm\/#primaryimage","url":"https:\/\/files.sunoresearch.com.br\/n\/uploads\/2022\/11\/nuno-marques-0GbrjL3vZF4-unsplash-scaled.jpg","contentUrl":"https:\/\/files.sunoresearch.com.br\/n\/uploads\/2022\/11\/nuno-marques-0GbrjL3vZF4-unsplash-scaled.jpg","width":2560,"height":1732,"caption":"Energia renov\u00e1vel Solar (imagem ilustrativa). Foto: Unsplash"},{"@type":"BreadcrumbList","@id":"https:\/\/www.suno.com.br\/noticias\/energia-solar-safra-fip-evm\/#breadcrumb","itemListElement":[{"@type":"ListItem","position":1,"name":"Not\u00edcias","item":"https:\/\/www.suno.com.br\/noticias\/"},{"@type":"ListItem","position":2,"name":"Mercado","item":"https:\/\/www.suno.com.br\/noticias\/mercado\/"},{"@type":"ListItem","position":3,"name":"Energia solar: Safra inicia negocia\u00e7\u00e3o de FIP de R$ 250 milh\u00f5es"}]},{"@type":"WebSite","@id":"https:\/\/www.suno.com.br\/noticias\/#website","url":"https:\/\/www.suno.com.br\/noticias\/","name":"Suno Not\u00edcias","description":"Seu portal de informa\u00e7\u00e3o sobre o mundo dos investimentos","publisher":{"@id":"https:\/\/www.suno.com.br\/noticias\/#organization"},"potentialAction":[{"@type":"SearchAction","target":{"@type":"EntryPoint","urlTemplate":"https:\/\/www.suno.com.br\/noticias\/?s={search_term_string}"},"query-input":{"@type":"PropertyValueSpecification","valueRequired":true,"valueName":"search_term_string"}}],"inLanguage":"pt-BR"},{"@type":"Organization","@id":"https:\/\/www.suno.com.br\/noticias\/#organization","name":"Suno Not\u00edcias","url":"https:\/\/www.suno.com.br\/noticias\/","logo":{"@type":"ImageObject","inLanguage":"pt-BR","@id":"https:\/\/www.suno.com.br\/noticias\/#\/schema\/logo\/image\/","url":"https:\/\/files.sunoresearch.com.br\/n\/uploads\/2021\/09\/suno-logo.png","contentUrl":"https:\/\/files.sunoresearch.com.br\/n\/uploads\/2021\/09\/suno-logo.png","width":180,"height":180,"caption":"Suno Not\u00edcias"},"image":{"@id":"https:\/\/www.suno.com.br\/noticias\/#\/schema\/logo\/image\/"},"sameAs":["https:\/\/facebook.com\/sunoresearch","https:\/\/x.com\/sunoresearch","https:\/\/www.instagram.com\/suno","https:\/\/www.linkedin.com\/company\/suno-research\/","https:\/\/www.youtube.com\/c\/sunoresearch"]},{"@type":"Person","@id":"https:\/\/www.suno.com.br\/noticias\/#\/schema\/person\/7f4d362bf3518e76090143ae77bb49a5","name":"Eduardo Vargas","image":{"@type":"ImageObject","inLanguage":"pt-BR","@id":"https:\/\/www.suno.com.br\/noticias\/#\/schema\/person\/image\/","url":"https:\/\/secure.gravatar.com\/avatar\/dac340933427a22924c9f99d1eb2e3f2?s=96&r=g","contentUrl":"https:\/\/secure.gravatar.com\/avatar\/dac340933427a22924c9f99d1eb2e3f2?s=96&r=g","caption":"Eduardo Vargas"},"description":"Jornalista formado pela UFSC, cobre macroeconomia, neg\u00f3cios e startups para o Suno Not\u00edcias, escrevendo principalmente not\u00edcias sobre o mercado financeiro e a bolsa de valores. No YouTube e no Instagram, \u00e9 respons\u00e1vel pela produ\u00e7\u00e3o de Reels e Shorts do Suno Not\u00edcias. Anteriormente, trabalhou cobrindo economia e cotidiano no ND+ e para o ND, maior jornal impresso de Santa Catarina. Cursou um semestre letivo de Estudos de M\u00eddia na Universidad de Buenos Aires.","url":"https:\/\/www.suno.com.br\/noticias\/author\/eduardo-vargas\/"}]}},"default_loop_html":"<div class=\"cardsPage__listCard__boxs\"><div class=\"cardsPage__listCard__boxs__img\"><a href=\"https:\/\/www.suno.com.br\/noticias\/energia-solar-safra-fip-evm\/\"><img class=\"mask\" src=\"https:\/\/www.suno.com.br\/noticias\/wp-content\/themes\/suno\/resources\/images\/spotlight\/spotlight1img\/bg-mask.png\" alt=\"Image Mask\"\/><img src=\"https:\/\/files.sunoresearch.com.br\/n\/uploads\/2022\/11\/nuno-marques-0GbrjL3vZF4-unsplash-400x200.jpg\" alt=\"Energia solar: Safra inicia negocia\u00e7\u00e3o de FIP de R$ 250 milh\u00f5es\"\/><\/a><span class=\"spotlightCategory\"><a href=\"https:\/\/www.suno.com.br\/noticias\/mercado\/\">Mercado<\/a><\/span><\/div><div class=\"cardsPage__listCard__boxs__content\"><a href=\"https:\/\/www.suno.com.br\/noticias\/energia-solar-safra-fip-evm\/\"><h2 class=\"content__title\">Energia solar: Safra inicia negocia\u00e7\u00e3o de FIP de R$ 250 milh\u00f5es<\/h2><\/a><div class=\"newsContent__article__meta\"><div class=\"newsContent__article__meta__authorBox\"><a href=\"https:\/\/www.suno.com.br\/noticias\/author\/eduardo-vargas\/\" class=\"authorBox__avatar noMobi\"><img src=\"https:\/\/secure.gravatar.com\/avatar\/dac340933427a22924c9f99d1eb2e3f2?s=96&#038;r=g\" alt=\"Eduardo Vargas\"><\/a><div class=\"authorBox__name\"><span>por\n\t\t\t<a href=\"https:\/\/www.suno.com.br\/noticias\/author\/eduardo-vargas\/\"><span itemprop=\"author\">Eduardo Vargas<\/span><\/a><\/span><time datetime=\"2024-08-27T16:28:31-03:00\" itemprop=\"datePublished\">27\/08\/2024 16:28<\/time><\/div><\/div><\/div><\/div><\/div>","single_layout":"posts","amp_enabled":true,"_links":{"self":[{"href":"https:\/\/www.suno.com.br\/noticias\/wp-json\/wp\/v2\/posts\/572529"}],"collection":[{"href":"https:\/\/www.suno.com.br\/noticias\/wp-json\/wp\/v2\/posts"}],"about":[{"href":"https:\/\/www.suno.com.br\/noticias\/wp-json\/wp\/v2\/types\/post"}],"author":[{"embeddable":true,"href":"https:\/\/www.suno.com.br\/noticias\/wp-json\/wp\/v2\/users\/73"}],"replies":[{"embeddable":true,"href":"https:\/\/www.suno.com.br\/noticias\/wp-json\/wp\/v2\/comments?post=572529"}],"version-history":[{"count":3,"href":"https:\/\/www.suno.com.br\/noticias\/wp-json\/wp\/v2\/posts\/572529\/revisions"}],"predecessor-version":[{"id":572555,"href":"https:\/\/www.suno.com.br\/noticias\/wp-json\/wp\/v2\/posts\/572529\/revisions\/572555"}],"wp:featuredmedia":[{"embeddable":true,"href":"https:\/\/www.suno.com.br\/noticias\/wp-json\/wp\/v2\/media\/316711"}],"wp:attachment":[{"href":"https:\/\/www.suno.com.br\/noticias\/wp-json\/wp\/v2\/media?parent=572529"}],"wp:term":[{"taxonomy":"category","embeddable":true,"href":"https:\/\/www.suno.com.br\/noticias\/wp-json\/wp\/v2\/categories?post=572529"},{"taxonomy":"post_tag","embeddable":true,"href":"https:\/\/www.suno.com.br\/noticias\/wp-json\/wp\/v2\/tags?post=572529"},{"taxonomy":"suno_strategy","embeddable":true,"href":"https:\/\/www.suno.com.br\/noticias\/wp-json\/wp\/v2\/suno_strategy?post=572529"}],"curies":[{"name":"wp","href":"https:\/\/api.w.org\/{rel}","templated":true}]}}