{"id":572463,"date":"2024-08-27T11:44:29","date_gmt":"2024-08-27T14:44:29","guid":{"rendered":"https:\/\/www.suno.com.br\/noticias\/?p=572463"},"modified":"2024-08-27T11:44:33","modified_gmt":"2024-08-27T14:44:33","slug":"cielo-ciel3-sai-b3-ec-suno-consultoria-gss","status":"publish","type":"post","link":"https:\/\/www.suno.com.br\/noticias\/cielo-ciel3-sai-b3-ec-suno-consultoria-gss\/","title":{"rendered":"A\u00e7\u00f5es da Cielo (CIEL3) deixam de ser negociadas na B3; veja detalhes"},"content":{"rendered":"<p>A <strong>Cielo<\/strong> (<a class=\"suno-keyword\" target=\"_blank\" data-force=\"yes\" data-priority=\"2\" href=\"https:\/\/www.suno.com.br\/analitica\/acoes\/ciel3\/\" rel=\"noopener\">CIEL3<\/a>) informou que a Comiss\u00e3o de Valores Mobili\u00e1rios (CVM) deferiu na segunda-feira, 26, a convers\u00e3o do registro de companhia aberta da empresa da categoria &#8220;A&#8221; para categoria &#8220;B&#8221;. Assim, as a\u00e7\u00f5es de emiss\u00e3o da Cielo deixam de ser negociadas na B3.<\/p>\t<div class=\"wrapper-featured-image\">\n\t\t<figure class=\"spotlightImg\">\n\n\t\t\t<picture>\n\t\t\t\t<source media=\"(max-width: 768px)\" srcset=\"https:\/\/files.sunoresearch.com.br\/n\/uploads\/2019\/09\/60fb7999-cielo-400x200.webp\">\n\t\t\t\t<img loading=\"lazy\" decoding=\"async\" class=\"newsContent__article__imgCapa lazyloadDisabled \" src=\"https:\/\/files.sunoresearch.com.br\/n\/uploads\/2019\/09\/60fb7999-cielo-800x450.webp\" width=\"800\" height=\"450\" alt=\"A\u00e7\u00f5es da Cielo (CIEL3) deixam de ser negociadas na B3; veja detalhes\" fetchpriority=high \/>\n\t\t\t<\/picture>\n\n\t\t\t<figcaption class=\"wp-caption-text wp-caption-text--show\">Cielo (CIEL3). - Foto: Divulga\u00e7\u00e3o<\/figcaption>\n\t\t<\/figure>\n\t<\/div>\n\n\n\n\n\n\n\t<p>\n\t\t<a href=\"\" target=\"_blank\" data-element=\"shortcode-suno-banner\" title=\"Banner SUNO, clique e saiba mais\">\n\t\t\t<picture>\n\t\t\t\t<source media=\"(max-width: 500px)\" srcset=\"\">\n\t\t\t\t<img class=\"newsContent__article__imgCapa newsContent__article__imgCapa--banner\"\n\t\t\t\t\tsrc=\"\"\n\t\t\t\t\tdata-promo-id=\"572007\"\t\t\t\t\t\t\t\t\t\t\t\t\t\t\talt=\"\"\n\t\t\t\t>\n\t\t\t<\/picture>\n\t\t<\/a>\n\t<\/p>\n\n\n\n\n\n<p>Em <a class=\"suno-keyword\" target=\"_blank\" data-force=\"no\" data-priority=\"1\" href=\"https:\/\/www.suno.com.br\/artigos\/fato-relevante\/\" rel=\"noopener\">fato relevante<\/a>, a empresa diz que os acionistas remanescentes seguem podendo alienar suas a\u00e7\u00f5es mediante pedido apresentado ao escriturador das a\u00e7\u00f5es de emiss\u00e3o da companhia, conforme prazos e procedimentos detalhados no aviso aos acionistas divulgado em 14 de agosto de 2024.<\/p>\n\n\n\n<p>A empresa diz ainda que ser\u00e3o adotadas as medidas necess\u00e1rias para convocar oportunamente uma Assembleia Geral Extraordin\u00e1ria (AGE) a fim de deliberar sobre o resgate compuls\u00f3rio da totalidade das a\u00e7\u00f5es da companhia em circula\u00e7\u00e3o remanescentes, de forma que, caso o Resgate Compuls\u00f3rio seja aprovado, o per\u00edodo de Aquisi\u00e7\u00f5es Supervenientes ser\u00e1 automaticamente encerrado na data da AGE.<\/p>\n\n\n\n<p><em>Com Estad\u00e3o Conte\u00fado<\/em><\/p>\n\n\n\n<figure class=\"wp-block-embed is-type-video is-provider-youtube wp-block-embed-youtube wp-embed-aspect-16-9 wp-has-aspect-ratio\"><div class=\"wp-block-embed__wrapper\">\n<iframe loading=\"lazy\" title=\"Cielo (CIEL3) saiu da bolsa de valores; como fica quem tem a\u00e7\u00f5es?\" width=\"1080\" height=\"608\" src=\"https:\/\/www.youtube.com\/embed\/5Rl9K3VIsZo?feature=oembed&#038;enablejsapi=1&#038;origin=https:\/\/www.suno.com.br\" frameborder=\"0\" allow=\"accelerometer; autoplay; clipboard-write; encrypted-media; gyroscope; picture-in-picture; web-share\" referrerpolicy=\"strict-origin-when-cross-origin\" allowfullscreen><\/iframe>\n<\/div><\/figure>\n\n\n\n<p>Durante participa\u00e7\u00e3o na live do Suno Not\u00edcias no YouTube, Luiz Fernando Grubert, consultor na <strong>Suno Consultoria<\/strong>, explicou o que acontece agora com as <strong>a\u00e7\u00f5es da Cielo<\/strong> (<strong>CIEL3<\/strong>). Confira:<\/p>\n\n\n\n<p>Assim como n\u00f3s temos o IPO, que \u00e9 a abertura de capital, temos a <strong>OPA<\/strong>, que \u00e9 o fechamento de capital. Ent\u00e3o, como o pr\u00f3prio nome j\u00e1 diz, a empresa est\u00e1 fechando o capital, ela vai deixar de ser listada em Bolsa.<\/p>\n\n\n\n<p>Ent\u00e3o, essas a\u00e7\u00f5es v\u00e3o perder liquidez. A empresa faz uma proposta para os atuais acionistas para recomprar essas a\u00e7\u00f5es. Ent\u00e3o, os acionistas votam isso em assembleia: o pre\u00e7o que vai ser aprovado, o prazo\u2026e recebem essa proposta para terem as suas a\u00e7\u00f5es recompradas.<\/p>\n\n\n\t<div data-element=\"shortcode-read-more\" class=\"knowMore\">\n\t\t\t\t<span class=\"knowMore__title\">Leia mais<\/span>\n\t\t\t\t<a class=\"knowMore__link\" href=\"https:\/\/www.suno.com.br\/noticias\/cielo-ciel3-saiu-bolsa-suno-consultoria-gss\/\">\n\t\t\tCielo (CIEL3) saiu da Bolsa. O que acontece com quem tinha as a\u00e7\u00f5es?\t\t<\/a>\n\t<\/div>\n\n\n\n\n<p>Aqueles que aceitarem receber\u00e3o o valor equivalente, o valor acordado. Aqueles que, por algum motivo, n\u00e3o aceitarem, podem, at\u00e9 em alguns casos, permanecer com as a\u00e7\u00f5es em carteira, s\u00f3 que essas a\u00e7\u00f5es perdem liquidez. Elas perdem disponibilidade de informa\u00e7\u00f5es tamb\u00e9m.<\/p>\n\n\n\n<p>Ent\u00e3o, esses relat\u00f3rios trimestrais que as empresas divulgam, por exemplo, deixam de existir. Por isso que \u00e9 muito importante o investidor estar atento a essas movimenta\u00e7\u00f5es, ter algu\u00e9m que fa\u00e7a isso para ele, assim como n\u00f3s fazemos aqui na consultoria.<\/p>\n\n\n\n<p>\u00c9 importante a ajuda desse profissional para o investidor n\u00e3o perder esses prazos de vota\u00e7\u00e3o, n\u00e3o perder o prazo para fazer essa sinaliza\u00e7\u00e3o para a corretora, para que ele possa, eventualmente, vender essas a\u00e7\u00f5es e conseguir dar sa\u00edda no fechamento de capital.<\/p>\n\n\n\n<h2 class=\"wp-block-heading\">Saiba mais sobre a Suno Consultoria<\/h2>\n\n\n\n<p>Quer ter um profissional qualificado para te auxiliar em situa\u00e7\u00f5es como a OPA da <strong>Cielo<\/strong>? A Suno Consultoria pode te ajudar nesse e em outros assuntos, atrav\u00e9s de um atendimento qualificado e personalizado. Para saber mais, <a href=\"https:\/\/lp.suno.com.br\/ao\/consultoria-de-investimentos-medicos\/?utm_source=suno-noticias&amp;utm_medium=noticia&amp;utm_campaign=opacielo&amp;utm_content=230802024\">clique aqui e entre em contato<\/a> com os nossos profissionais.<\/p>\n\n\n\n\t<p>\n\t\t<a href=\"\" target=\"_blank\" data-element=\"shortcode-suno-banner\" title=\"Banner SUNO, clique e saiba mais\">\n\t\t\t<picture>\n\t\t\t\t<source media=\"(max-width: 500px)\" srcset=\"\">\n\t\t\t\t<img class=\"newsContent__article__imgCapa newsContent__article__imgCapa--banner\"\n\t\t\t\t\tsrc=\"\"\n\t\t\t\t\tdata-promo-id=\"572007\"\t\t\t\t\t\t\t\t\t\t\t\t\t\t\talt=\"\"\n\t\t\t\t>\n\t\t\t<\/picture>\n\t\t<\/a>\n\t<\/p>\n\n\n","protected":false},"excerpt":{"rendered":"<p>A Cielo (CIEL3) informou que a Comiss\u00e3o de Valores Mobili\u00e1rios (CVM) deferiu na segunda-feira, 26, a convers\u00e3o do registro de companhia aberta da empresa da categoria &#8220;A&#8221; para categoria &#8220;B&#8221;. Assim, as a\u00e7\u00f5es de emiss\u00e3o da Cielo deixam de ser negociadas na B3. Cielo (CIEL3). &#8211; Foto: Divulga\u00e7\u00e3o Em fato relevante, a empresa diz que [&hellip;]<\/p>\n","protected":false},"author":376,"featured_media":38318,"comment_status":"closed","ping_status":"closed","sticky":false,"template":"","format":"standard","meta":[],"categories":[64],"tags":[423,107166],"suno_strategy":[],"class_list":["post-572463","post","type-post","status-publish","format-standard","has-post-thumbnail","hentry","category-negocios","tag-cielo-ciel3","tag-suno-consultoria"],"yoast_head":"<!-- This site is optimized with the Yoast SEO plugin v24.4 - https:\/\/yoast.com\/wordpress\/plugins\/seo\/ -->\n<title>A\u00e7\u00f5es da Cielo (CIEL3) deixam de ser negociadas na B3<\/title>\n<meta name=\"description\" content=\"As a\u00e7\u00f5es da Cielo (CIEL3) deixaram oficialmente de ser negociadas na B3. Clique para saber mais sobre o que muda.\" \/>\n<meta name=\"robots\" content=\"index, follow, max-snippet:-1, max-image-preview:large, max-video-preview:-1\" \/>\n<link rel=\"canonical\" href=\"https:\/\/www.suno.com.br\/noticias\/cielo-ciel3-sai-b3-ec-suno-consultoria-gss\/\" \/>\n<meta property=\"og:locale\" content=\"pt_BR\" \/>\n<meta property=\"og:type\" content=\"article\" \/>\n<meta property=\"og:title\" content=\"A\u00e7\u00f5es da Cielo (CIEL3) deixam de ser negociadas na B3\" \/>\n<meta property=\"og:description\" content=\"As a\u00e7\u00f5es da Cielo (CIEL3) deixaram oficialmente de ser negociadas na B3. Clique para saber mais sobre o que muda.\" \/>\n<meta property=\"og:url\" content=\"https:\/\/www.suno.com.br\/noticias\/cielo-ciel3-sai-b3-ec-suno-consultoria-gss\/\" \/>\n<meta property=\"og:site_name\" content=\"Suno Not\u00edcias\" \/>\n<meta property=\"article:publisher\" content=\"https:\/\/facebook.com\/sunoresearch\" \/>\n<meta property=\"og:image\" content=\"https:\/\/files.sunoresearch.com.br\/n\/uploads\/2019\/09\/60fb7999-cielo.jpg\" \/>\n\t<meta property=\"og:image:width\" content=\"1920\" \/>\n\t<meta property=\"og:image:height\" content=\"1280\" \/>\n\t<meta property=\"og:image:type\" content=\"image\/jpeg\" \/>\n<meta name=\"author\" content=\"Guilherme Serrano\" \/>\n<meta name=\"twitter:card\" content=\"summary_large_image\" \/>\n<meta name=\"twitter:creator\" content=\"@sunoresearch\" \/>\n<meta name=\"twitter:site\" content=\"@sunoresearch\" \/>\n<meta name=\"twitter:label1\" content=\"Escrito por\" \/>\n\t<meta name=\"twitter:data1\" content=\"Guilherme Serrano\" \/>\n\t<meta name=\"twitter:label2\" content=\"Est. tempo de leitura\" \/>\n\t<meta name=\"twitter:data2\" content=\"3 minutos\" \/>\n<script type=\"application\/ld+json\" class=\"yoast-schema-graph\">{\"@context\":\"https:\/\/schema.org\",\"@graph\":[{\"@type\":\"NewsArticle\",\"@id\":\"https:\/\/www.suno.com.br\/noticias\/cielo-ciel3-sai-b3-ec-suno-consultoria-gss\/#article\",\"isPartOf\":{\"@id\":\"https:\/\/www.suno.com.br\/noticias\/cielo-ciel3-sai-b3-ec-suno-consultoria-gss\/\"},\"author\":{\"name\":\"Guilherme Serrano\",\"@id\":\"https:\/\/www.suno.com.br\/noticias\/#\/schema\/person\/d0f07e64bce64aa671feadfb844f04ca\"},\"headline\":\"A\u00e7\u00f5es da Cielo (CIEL3) deixam de ser negociadas na B3; veja detalhes\",\"datePublished\":\"2024-08-27T14:44:29+00:00\",\"dateModified\":\"2024-08-27T14:44:33+00:00\",\"mainEntityOfPage\":{\"@id\":\"https:\/\/www.suno.com.br\/noticias\/cielo-ciel3-sai-b3-ec-suno-consultoria-gss\/\"},\"wordCount\":502,\"publisher\":{\"@id\":\"https:\/\/www.suno.com.br\/noticias\/#organization\"},\"image\":{\"@id\":\"https:\/\/www.suno.com.br\/noticias\/cielo-ciel3-sai-b3-ec-suno-consultoria-gss\/#primaryimage\"},\"thumbnailUrl\":\"https:\/\/files.sunoresearch.com.br\/n\/uploads\/2019\/09\/60fb7999-cielo-jpg.webp\",\"keywords\":[\"Cielo (CIEL3)\",\"Suno Consultoria\"],\"articleSection\":[\"Neg\u00f3cios\"],\"inLanguage\":\"pt-BR\"},{\"@type\":\"WebPage\",\"@id\":\"https:\/\/www.suno.com.br\/noticias\/cielo-ciel3-sai-b3-ec-suno-consultoria-gss\/\",\"url\":\"https:\/\/www.suno.com.br\/noticias\/cielo-ciel3-sai-b3-ec-suno-consultoria-gss\/\",\"name\":\"A\u00e7\u00f5es da Cielo (CIEL3) deixam de ser negociadas na B3\",\"isPartOf\":{\"@id\":\"https:\/\/www.suno.com.br\/noticias\/#website\"},\"primaryImageOfPage\":{\"@id\":\"https:\/\/www.suno.com.br\/noticias\/cielo-ciel3-sai-b3-ec-suno-consultoria-gss\/#primaryimage\"},\"image\":{\"@id\":\"https:\/\/www.suno.com.br\/noticias\/cielo-ciel3-sai-b3-ec-suno-consultoria-gss\/#primaryimage\"},\"thumbnailUrl\":\"https:\/\/files.sunoresearch.com.br\/n\/uploads\/2019\/09\/60fb7999-cielo-jpg.webp\",\"datePublished\":\"2024-08-27T14:44:29+00:00\",\"dateModified\":\"2024-08-27T14:44:33+00:00\",\"description\":\"As a\u00e7\u00f5es da Cielo (CIEL3) deixaram oficialmente de ser negociadas na B3. Clique para saber mais sobre o que muda.\",\"breadcrumb\":{\"@id\":\"https:\/\/www.suno.com.br\/noticias\/cielo-ciel3-sai-b3-ec-suno-consultoria-gss\/#breadcrumb\"},\"inLanguage\":\"pt-BR\",\"potentialAction\":[{\"@type\":\"ReadAction\",\"target\":[\"https:\/\/www.suno.com.br\/noticias\/cielo-ciel3-sai-b3-ec-suno-consultoria-gss\/\"]}]},{\"@type\":\"ImageObject\",\"inLanguage\":\"pt-BR\",\"@id\":\"https:\/\/www.suno.com.br\/noticias\/cielo-ciel3-sai-b3-ec-suno-consultoria-gss\/#primaryimage\",\"url\":\"https:\/\/files.sunoresearch.com.br\/n\/uploads\/2019\/09\/60fb7999-cielo-jpg.webp\",\"contentUrl\":\"https:\/\/files.sunoresearch.com.br\/n\/uploads\/2019\/09\/60fb7999-cielo-jpg.webp\",\"width\":1920,\"height\":1280,\"caption\":\"Cielo (CIEL3). - Foto: Divulga\u00e7\u00e3o\"},{\"@type\":\"BreadcrumbList\",\"@id\":\"https:\/\/www.suno.com.br\/noticias\/cielo-ciel3-sai-b3-ec-suno-consultoria-gss\/#breadcrumb\",\"itemListElement\":[{\"@type\":\"ListItem\",\"position\":1,\"name\":\"Not\u00edcias\",\"item\":\"https:\/\/www.suno.com.br\/noticias\/\"},{\"@type\":\"ListItem\",\"position\":2,\"name\":\"Neg\u00f3cios\",\"item\":\"https:\/\/www.suno.com.br\/noticias\/negocios\/\"},{\"@type\":\"ListItem\",\"position\":3,\"name\":\"A\u00e7\u00f5es da Cielo (CIEL3) deixam de ser negociadas na B3; veja detalhes\"}]},{\"@type\":\"WebSite\",\"@id\":\"https:\/\/www.suno.com.br\/noticias\/#website\",\"url\":\"https:\/\/www.suno.com.br\/noticias\/\",\"name\":\"Suno Not\u00edcias\",\"description\":\"Seu portal de informa\u00e7\u00e3o sobre o mundo dos investimentos\",\"publisher\":{\"@id\":\"https:\/\/www.suno.com.br\/noticias\/#organization\"},\"potentialAction\":[{\"@type\":\"SearchAction\",\"target\":{\"@type\":\"EntryPoint\",\"urlTemplate\":\"https:\/\/www.suno.com.br\/noticias\/?s={search_term_string}\"},\"query-input\":{\"@type\":\"PropertyValueSpecification\",\"valueRequired\":true,\"valueName\":\"search_term_string\"}}],\"inLanguage\":\"pt-BR\"},{\"@type\":\"Organization\",\"@id\":\"https:\/\/www.suno.com.br\/noticias\/#organization\",\"name\":\"Suno Not\u00edcias\",\"url\":\"https:\/\/www.suno.com.br\/noticias\/\",\"logo\":{\"@type\":\"ImageObject\",\"inLanguage\":\"pt-BR\",\"@id\":\"https:\/\/www.suno.com.br\/noticias\/#\/schema\/logo\/image\/\",\"url\":\"https:\/\/files.sunoresearch.com.br\/n\/uploads\/2021\/09\/suno-logo.png\",\"contentUrl\":\"https:\/\/files.sunoresearch.com.br\/n\/uploads\/2021\/09\/suno-logo.png\",\"width\":180,\"height\":180,\"caption\":\"Suno Not\u00edcias\"},\"image\":{\"@id\":\"https:\/\/www.suno.com.br\/noticias\/#\/schema\/logo\/image\/\"},\"sameAs\":[\"https:\/\/facebook.com\/sunoresearch\",\"https:\/\/x.com\/sunoresearch\",\"https:\/\/www.instagram.com\/suno\",\"https:\/\/www.linkedin.com\/company\/suno-research\/\",\"https:\/\/www.youtube.com\/c\/sunoresearch\"]},{\"@type\":\"Person\",\"@id\":\"https:\/\/www.suno.com.br\/noticias\/#\/schema\/person\/d0f07e64bce64aa671feadfb844f04ca\",\"name\":\"Guilherme Serrano\",\"image\":{\"@type\":\"ImageObject\",\"inLanguage\":\"pt-BR\",\"@id\":\"https:\/\/www.suno.com.br\/noticias\/#\/schema\/person\/image\/\",\"url\":\"https:\/\/secure.gravatar.com\/avatar\/a90be19d8c67bef61497e4522de30ac4?s=96&r=g\",\"contentUrl\":\"https:\/\/secure.gravatar.com\/avatar\/a90be19d8c67bef61497e4522de30ac4?s=96&r=g\",\"caption\":\"Guilherme Serrano\"},\"description\":\"Jornalista formado pela Faculdade C\u00e1sper L\u00edbero e p\u00f3s-graduado em Can\u00e7\u00e3o Popular pela Faculdade Santa Marcelina. Passagens por R\u00e1dio Gazeta AM, gazetaesportiva.com e TC R\u00e1dio.\",\"url\":\"https:\/\/www.suno.com.br\/noticias\/author\/guilherme-silvasuno-com-br\/\"}]}<\/script>\n<!-- \/ Yoast SEO plugin. -->","yoast_head_json":{"title":"A\u00e7\u00f5es da Cielo (CIEL3) deixam de ser negociadas na B3","description":"As a\u00e7\u00f5es da Cielo (CIEL3) deixaram oficialmente de ser negociadas na B3. Clique para saber mais sobre o que muda.","robots":{"index":"index","follow":"follow","max-snippet":"max-snippet:-1","max-image-preview":"max-image-preview:large","max-video-preview":"max-video-preview:-1"},"canonical":"https:\/\/www.suno.com.br\/noticias\/cielo-ciel3-sai-b3-ec-suno-consultoria-gss\/","og_locale":"pt_BR","og_type":"article","og_title":"A\u00e7\u00f5es da Cielo (CIEL3) deixam de ser negociadas na B3","og_description":"As a\u00e7\u00f5es da Cielo (CIEL3) deixaram oficialmente de ser negociadas na B3. Clique para saber mais sobre o que muda.","og_url":"https:\/\/www.suno.com.br\/noticias\/cielo-ciel3-sai-b3-ec-suno-consultoria-gss\/","og_site_name":"Suno Not\u00edcias","article_publisher":"https:\/\/facebook.com\/sunoresearch","og_image":[{"width":1920,"height":1280,"url":"https:\/\/files.sunoresearch.com.br\/n\/uploads\/2019\/09\/60fb7999-cielo.jpg","type":"image\/jpeg"}],"author":"Guilherme Serrano","twitter_card":"summary_large_image","twitter_creator":"@sunoresearch","twitter_site":"@sunoresearch","twitter_misc":{"Escrito por":"Guilherme Serrano","Est. tempo de leitura":"3 minutos"},"schema":{"@context":"https:\/\/schema.org","@graph":[{"@type":"NewsArticle","@id":"https:\/\/www.suno.com.br\/noticias\/cielo-ciel3-sai-b3-ec-suno-consultoria-gss\/#article","isPartOf":{"@id":"https:\/\/www.suno.com.br\/noticias\/cielo-ciel3-sai-b3-ec-suno-consultoria-gss\/"},"author":{"name":"Guilherme Serrano","@id":"https:\/\/www.suno.com.br\/noticias\/#\/schema\/person\/d0f07e64bce64aa671feadfb844f04ca"},"headline":"A\u00e7\u00f5es da Cielo (CIEL3) deixam de ser negociadas na B3; veja detalhes","datePublished":"2024-08-27T14:44:29+00:00","dateModified":"2024-08-27T14:44:33+00:00","mainEntityOfPage":{"@id":"https:\/\/www.suno.com.br\/noticias\/cielo-ciel3-sai-b3-ec-suno-consultoria-gss\/"},"wordCount":502,"publisher":{"@id":"https:\/\/www.suno.com.br\/noticias\/#organization"},"image":{"@id":"https:\/\/www.suno.com.br\/noticias\/cielo-ciel3-sai-b3-ec-suno-consultoria-gss\/#primaryimage"},"thumbnailUrl":"https:\/\/files.sunoresearch.com.br\/n\/uploads\/2019\/09\/60fb7999-cielo-jpg.webp","keywords":["Cielo (CIEL3)","Suno Consultoria"],"articleSection":["Neg\u00f3cios"],"inLanguage":"pt-BR"},{"@type":"WebPage","@id":"https:\/\/www.suno.com.br\/noticias\/cielo-ciel3-sai-b3-ec-suno-consultoria-gss\/","url":"https:\/\/www.suno.com.br\/noticias\/cielo-ciel3-sai-b3-ec-suno-consultoria-gss\/","name":"A\u00e7\u00f5es da Cielo (CIEL3) deixam de ser negociadas na B3","isPartOf":{"@id":"https:\/\/www.suno.com.br\/noticias\/#website"},"primaryImageOfPage":{"@id":"https:\/\/www.suno.com.br\/noticias\/cielo-ciel3-sai-b3-ec-suno-consultoria-gss\/#primaryimage"},"image":{"@id":"https:\/\/www.suno.com.br\/noticias\/cielo-ciel3-sai-b3-ec-suno-consultoria-gss\/#primaryimage"},"thumbnailUrl":"https:\/\/files.sunoresearch.com.br\/n\/uploads\/2019\/09\/60fb7999-cielo-jpg.webp","datePublished":"2024-08-27T14:44:29+00:00","dateModified":"2024-08-27T14:44:33+00:00","description":"As a\u00e7\u00f5es da Cielo (CIEL3) deixaram oficialmente de ser negociadas na B3. Clique para saber mais sobre o que muda.","breadcrumb":{"@id":"https:\/\/www.suno.com.br\/noticias\/cielo-ciel3-sai-b3-ec-suno-consultoria-gss\/#breadcrumb"},"inLanguage":"pt-BR","potentialAction":[{"@type":"ReadAction","target":["https:\/\/www.suno.com.br\/noticias\/cielo-ciel3-sai-b3-ec-suno-consultoria-gss\/"]}]},{"@type":"ImageObject","inLanguage":"pt-BR","@id":"https:\/\/www.suno.com.br\/noticias\/cielo-ciel3-sai-b3-ec-suno-consultoria-gss\/#primaryimage","url":"https:\/\/files.sunoresearch.com.br\/n\/uploads\/2019\/09\/60fb7999-cielo-jpg.webp","contentUrl":"https:\/\/files.sunoresearch.com.br\/n\/uploads\/2019\/09\/60fb7999-cielo-jpg.webp","width":1920,"height":1280,"caption":"Cielo (CIEL3). - Foto: Divulga\u00e7\u00e3o"},{"@type":"BreadcrumbList","@id":"https:\/\/www.suno.com.br\/noticias\/cielo-ciel3-sai-b3-ec-suno-consultoria-gss\/#breadcrumb","itemListElement":[{"@type":"ListItem","position":1,"name":"Not\u00edcias","item":"https:\/\/www.suno.com.br\/noticias\/"},{"@type":"ListItem","position":2,"name":"Neg\u00f3cios","item":"https:\/\/www.suno.com.br\/noticias\/negocios\/"},{"@type":"ListItem","position":3,"name":"A\u00e7\u00f5es da Cielo (CIEL3) deixam de ser negociadas na B3; veja detalhes"}]},{"@type":"WebSite","@id":"https:\/\/www.suno.com.br\/noticias\/#website","url":"https:\/\/www.suno.com.br\/noticias\/","name":"Suno Not\u00edcias","description":"Seu portal de informa\u00e7\u00e3o sobre o mundo dos investimentos","publisher":{"@id":"https:\/\/www.suno.com.br\/noticias\/#organization"},"potentialAction":[{"@type":"SearchAction","target":{"@type":"EntryPoint","urlTemplate":"https:\/\/www.suno.com.br\/noticias\/?s={search_term_string}"},"query-input":{"@type":"PropertyValueSpecification","valueRequired":true,"valueName":"search_term_string"}}],"inLanguage":"pt-BR"},{"@type":"Organization","@id":"https:\/\/www.suno.com.br\/noticias\/#organization","name":"Suno Not\u00edcias","url":"https:\/\/www.suno.com.br\/noticias\/","logo":{"@type":"ImageObject","inLanguage":"pt-BR","@id":"https:\/\/www.suno.com.br\/noticias\/#\/schema\/logo\/image\/","url":"https:\/\/files.sunoresearch.com.br\/n\/uploads\/2021\/09\/suno-logo.png","contentUrl":"https:\/\/files.sunoresearch.com.br\/n\/uploads\/2021\/09\/suno-logo.png","width":180,"height":180,"caption":"Suno Not\u00edcias"},"image":{"@id":"https:\/\/www.suno.com.br\/noticias\/#\/schema\/logo\/image\/"},"sameAs":["https:\/\/facebook.com\/sunoresearch","https:\/\/x.com\/sunoresearch","https:\/\/www.instagram.com\/suno","https:\/\/www.linkedin.com\/company\/suno-research\/","https:\/\/www.youtube.com\/c\/sunoresearch"]},{"@type":"Person","@id":"https:\/\/www.suno.com.br\/noticias\/#\/schema\/person\/d0f07e64bce64aa671feadfb844f04ca","name":"Guilherme Serrano","image":{"@type":"ImageObject","inLanguage":"pt-BR","@id":"https:\/\/www.suno.com.br\/noticias\/#\/schema\/person\/image\/","url":"https:\/\/secure.gravatar.com\/avatar\/a90be19d8c67bef61497e4522de30ac4?s=96&r=g","contentUrl":"https:\/\/secure.gravatar.com\/avatar\/a90be19d8c67bef61497e4522de30ac4?s=96&r=g","caption":"Guilherme Serrano"},"description":"Jornalista formado pela Faculdade C\u00e1sper L\u00edbero e p\u00f3s-graduado em Can\u00e7\u00e3o Popular pela Faculdade Santa Marcelina. Passagens por R\u00e1dio Gazeta AM, gazetaesportiva.com e TC R\u00e1dio.","url":"https:\/\/www.suno.com.br\/noticias\/author\/guilherme-silvasuno-com-br\/"}]}},"default_loop_html":"<div class=\"cardsPage__listCard__boxs\"><div class=\"cardsPage__listCard__boxs__img\"><a href=\"https:\/\/www.suno.com.br\/noticias\/cielo-ciel3-sai-b3-ec-suno-consultoria-gss\/\"><img class=\"mask\" src=\"https:\/\/www.suno.com.br\/noticias\/wp-content\/themes\/suno\/resources\/images\/spotlight\/spotlight1img\/bg-mask.png\" alt=\"Image Mask\"\/><img src=\"https:\/\/files.sunoresearch.com.br\/n\/uploads\/2019\/09\/60fb7999-cielo-400x200.webp\" alt=\"A\u00e7\u00f5es da Cielo (CIEL3) deixam de ser negociadas na B3; veja detalhes\"\/><\/a><span class=\"spotlightCategory\"><a href=\"https:\/\/www.suno.com.br\/noticias\/negocios\/\">Neg\u00f3cios<\/a><\/span><\/div><div class=\"cardsPage__listCard__boxs__content\"><a href=\"https:\/\/www.suno.com.br\/noticias\/cielo-ciel3-sai-b3-ec-suno-consultoria-gss\/\"><h2 class=\"content__title\">A\u00e7\u00f5es da Cielo (CIEL3) deixam de ser negociadas na B3; veja detalhes<\/h2><\/a><div class=\"newsContent__article__meta\"><div class=\"newsContent__article__meta__authorBox\"><a href=\"https:\/\/www.suno.com.br\/noticias\/author\/guilherme-silvasuno-com-br\/\" class=\"authorBox__avatar noMobi\"><img src=\"https:\/\/secure.gravatar.com\/avatar\/a90be19d8c67bef61497e4522de30ac4?s=96&#038;r=g\" alt=\"Guilherme Serrano\"><\/a><div class=\"authorBox__name\"><span>por\n\t\t\t<a href=\"https:\/\/www.suno.com.br\/noticias\/author\/guilherme-silvasuno-com-br\/\"><span itemprop=\"author\">Guilherme Serrano<\/span><\/a><\/span><time datetime=\"2024-08-27T11:44:29-03:00\" itemprop=\"datePublished\">27\/08\/2024 11:44<\/time><\/div><\/div><\/div><\/div><\/div>","single_layout":"posts","amp_enabled":true,"_links":{"self":[{"href":"https:\/\/www.suno.com.br\/noticias\/wp-json\/wp\/v2\/posts\/572463"}],"collection":[{"href":"https:\/\/www.suno.com.br\/noticias\/wp-json\/wp\/v2\/posts"}],"about":[{"href":"https:\/\/www.suno.com.br\/noticias\/wp-json\/wp\/v2\/types\/post"}],"author":[{"embeddable":true,"href":"https:\/\/www.suno.com.br\/noticias\/wp-json\/wp\/v2\/users\/376"}],"replies":[{"embeddable":true,"href":"https:\/\/www.suno.com.br\/noticias\/wp-json\/wp\/v2\/comments?post=572463"}],"version-history":[{"count":2,"href":"https:\/\/www.suno.com.br\/noticias\/wp-json\/wp\/v2\/posts\/572463\/revisions"}],"predecessor-version":[{"id":572471,"href":"https:\/\/www.suno.com.br\/noticias\/wp-json\/wp\/v2\/posts\/572463\/revisions\/572471"}],"wp:featuredmedia":[{"embeddable":true,"href":"https:\/\/www.suno.com.br\/noticias\/wp-json\/wp\/v2\/media\/38318"}],"wp:attachment":[{"href":"https:\/\/www.suno.com.br\/noticias\/wp-json\/wp\/v2\/media?parent=572463"}],"wp:term":[{"taxonomy":"category","embeddable":true,"href":"https:\/\/www.suno.com.br\/noticias\/wp-json\/wp\/v2\/categories?post=572463"},{"taxonomy":"post_tag","embeddable":true,"href":"https:\/\/www.suno.com.br\/noticias\/wp-json\/wp\/v2\/tags?post=572463"},{"taxonomy":"suno_strategy","embeddable":true,"href":"https:\/\/www.suno.com.br\/noticias\/wp-json\/wp\/v2\/suno_strategy?post=572463"}],"curies":[{"name":"wp","href":"https:\/\/api.w.org\/{rel}","templated":true}]}}