{"id":572419,"date":"2024-08-27T14:15:16","date_gmt":"2024-08-27T17:15:16","guid":{"rendered":"https:\/\/www.suno.com.br\/noticias\/?p=572419"},"modified":"2024-08-27T14:15:22","modified_gmt":"2024-08-27T17:15:22","slug":"sp-global-rebaixa-minerio-de-ferro-preco-evm","status":"publish","type":"post","link":"https:\/\/www.suno.com.br\/noticias\/sp-global-rebaixa-minerio-de-ferro-preco-evm\/","title":{"rendered":"S&#038;P Global rebaixa proje\u00e7\u00e3o do min\u00e9rio de ferro para US$ 104"},"content":{"rendered":"<p>A S&amp;P Global rebaixou a previs\u00e3o para os pre\u00e7os de <strong><a href=\"https:\/\/www.suno.com.br\/noticias\/vale-vale3-mineradoras-avancam-alta-minerio-de-ferro-evm\/\">min\u00e9rio de ferro<\/a><\/strong> para US$ 104,00 por tonelada m\u00e9trica seca (dmt) no segundo semestre deste ano.<\/p><div class=\"videoFull \">\n\t\t\t<div class=\"videoWrapper yt-lazyload center\"\n\t\t\t\tdata-width=\"960\"\n\t\t\t\tdata-height=\"540\"\n\t\t\t\tdata-id=\"UVZ26g1gZTA\"\n\t\t\t\tdata-alt=\"V\u00eddeo do YouTube - clique para reproduzir\"\n\t\t\t\tdata-logo=\"3\"\n\t\t\t\tdata-imagequality=\"maxres\">\n\t\t\t<\/div>\n\t\t<\/div><script type=\"application\/ld+json\">{\"@context\":\"https:\/\/schema.org\",\"@type\":\"VideoObject\",\"name\":\"\ud83d\udd34PETROBRAS (PETR4) DISPARA COM PETR\u00d3LEO E DIVIDENDOS | Ibovespa sobe | JCP Banco do Brasil (BBAS3)\",\"description\":\"\ud83d\udd34TENHA UMA CARTEIRA PERSONALIZADA: https:\/\/lp.suno.com.br\/ao\/consultoria-de-investimentos\/?utm_source=suno-noticias&utm_medium=live&utm_campaign=seuconsultorresponde&utm_content=26082024 00:00 In\u00edcio do v\u00eddeo 01:38 Fechamento de preg\u00e3o 04:18 PETR4 dispara 09:16 VALE3 sobe com alta do min\u00e9rio 13:16 Petrobras proibida de vender ativos de refino? 16:49 BBAS3 JCP antecipado 19:34 Grupamento de a\u00e7\u00f5es da Americanas 21:41 Ministro antecipa Caged 24:54 Agenda de dividendos da semana 27:07 Indicadores do dia\u2026\",\"duration\":\"PT33M14S\",\"embedUrl\":\"https:\/\/www.youtube.com\/embed\/UVZ26g1gZTA\",\"regionsAllowed\":\"en-US\",\"interactionStatistic\":{\"@type\":\"InteractionCounter\",\"interactionType\":{\"@type\":\"WatchAction\"},\"userInteractionCount\":5047},\"thumbnailUrl\":\"https:\/\/i.ytimg.com\/vi\/UVZ26g1gZTA\/default.jpg\",\"uploadDate\":\"2024-08-26T22:37:03Z\"}<\/script>\n\n\n\n\n\t<p>\n\t\t<a href=\"\" target=\"_blank\" data-element=\"shortcode-suno-banner\" title=\"Banner SUNO, clique e saiba mais\">\n\t\t\t<picture>\n\t\t\t\t<source media=\"(max-width: 500px)\" srcset=\"\">\n\t\t\t\t<img class=\"newsContent__article__imgCapa newsContent__article__imgCapa--banner\"\n\t\t\t\t\tsrc=\"\"\n\t\t\t\t\tdata-promo-id=\"240038\"\t\t\t\t\t\t\t\t\t\t\t\t\t\t\talt=\"\"\n\t\t\t\t>\n\t\t\t<\/picture>\n\t\t<\/a>\n\t<\/p>\n\n\n\n\n\n\n\n<p>A revis\u00e3o da proje\u00e7\u00e3o para o <strong>pre\u00e7o do min\u00e9rio de ferro<\/strong> foi feita com base nas expectativas mais &#8220;frouxas&#8221; em rela\u00e7\u00e3o a commodity nos pr\u00f3ximos meses. <\/p>\n\n\n\n<p>A previs\u00e3o anterior era de US$ 105 dmt no terceiro trimestre e de US$ 110 dmt no quarto trimestre. A m\u00e9dia anual se mant\u00e9m em US$ 110,84\/dmt.<\/p>\n\n\n\n<p>Em agosto, o pre\u00e7o do min\u00e9rio de ferro Platts IODEX 62% Fe caiu para US$ 95,25 por tonelada m\u00e9trica seca, refletindo preocupa\u00e7\u00f5es sobre a <a href=\"https:\/\/www.suno.com.br\/noticias\/bolsas-asiaticas-queda-biden-juros-china-ec-gss\/\">demanda da <strong>China<\/strong><\/a> no contexto de um aumento no fornecimento de min\u00e9rio de ferro por via mar\u00edtima, o que levou a S&amp;P a reavaliar as previs\u00f5es de pre\u00e7o para o pr\u00f3ximo semestre. <\/p>\n\n\n\n<p>A desacelera\u00e7\u00e3o no setor de manufatura da China e problemas no <a class=\"suno-keyword\" target=\"_blank\" data-force=\"no\" data-priority=\"2\" href=\"https:\/\/www.suno.com.br\/artigos\/mercado-imobiliario\/\" rel=\"noopener\">mercado imobili\u00e1rio<\/a> est\u00e3o afetando a demanda de a\u00e7o.<\/p>\n\n\n\t<p>\n\t\t<a href=\"https:\/\/lp.suno.com.br\/ebook-gratuito-investindo-no-exterior\/\" target=\"_blank\" data-element=\"shortcode-suno-banner\" title=\"Banner SUNO, clique e saiba mais\">\n\t\t\t<picture>\n\t\t\t\t<source media=\"(max-width: 500px)\" srcset=\"https:\/\/files.sunoresearch.com.br\/n\/uploads\/2023\/03\/400x300-Investindo-no-exterior.png\">\n\t\t\t\t<img class=\"newsContent__article__imgCapa newsContent__article__imgCapa--banner\"\n\t\t\t\t\tsrc=\"https:\/\/files.sunoresearch.com.br\/n\/uploads\/2023\/03\/1420x240-Investindo-no-exterior.png\"\n\t\t\t\t\tdata-promo-id=\"383161\"\t\t\t\t\t\t\t\t\t\twidth='1420' height='240'\t\t\t\t\talt=\"https:\/\/files.sunoresearch.com.br\/n\/uploads\/2023\/03\/1420x240-Investindo-no-exterior.png\"\n\t\t\t\t>\n\t\t\t<\/picture>\n\t\t<\/a>\n\t<\/p>\n\n\n\n\n\n<h2 class=\"wp-block-heading\">Min\u00e9rio de ferro e &#8216;fator China&#8217;<\/h2>\n\n\n\n<p>A analista s\u00eanior de pesquisa de Metais e Minera\u00e7\u00e3o da S&amp;P Global Commodity Insights, Tamara Thorne, avalia que a produ\u00e7\u00e3o de a\u00e7o na China deve diminuir no segundo semestre, o que vai reduzir as importa\u00e7\u00f5es de min\u00e9rio de ferro para um crescimento anual de 2,2%, alcan\u00e7ando 1.207 milh\u00f5es de toneladas m\u00e9tricas em 2024.<\/p>\n\n\n\n<p>Thorne avalia que embora o apoio do governo chin\u00eas \u00e0 economia do pa\u00eds deva minimizar o impacto na demanda por a\u00e7o, espera-se que exporta\u00e7\u00f5es mais fortes reduzam os pre\u00e7os do min\u00e9rio de ferro no segundo semestre, com uma previs\u00e3o de m\u00e9dia de US$ 104,00 por tonelada m\u00e9trica seca.<\/p>\n\n\n\n<p>Para 2028, a expectativa \u00e9 que o balan\u00e7o comercial global mar\u00edtimo mostre super\u00e1vits crescentes, impulsionados pelo in\u00edcio do projeto de min\u00e9rio de ferro de Simandou na Guin\u00e9 e por aumentos no Brasil e na Austr\u00e1lia, levando os pre\u00e7os a diminuir at\u00e9 US$ 80 por tonelada m\u00e9trica seca.<\/p>\n\n\n\n<p>Sobre importa\u00e7\u00f5es, embora o <strong>min\u00e9rio de ferro<\/strong> da China tenham subido para 102,9 milh\u00f5es de toneladas m\u00e9tricas em julho, a S&amp;P espera uma redu\u00e7\u00e3o devido a cortes na produ\u00e7\u00e3o de a\u00e7o nos pr\u00f3ximos meses.<\/p>\n\n\n\n<p>Com Estad\u00e3o Conte\u00fado<\/p>\n\n\n\t<p>\n\t\t<a href=\"https:\/\/lp.suno.com.br\/planilha-da-vida-financeira\/\" target=\"_blank\" data-element=\"shortcode-suno-banner\" title=\"Banner SUNO, clique e saiba mais\">\n\t\t\t<picture>\n\t\t\t\t<source media=\"(max-width: 500px)\" srcset=\"https:\/\/files.sunoresearch.com.br\/n\/uploads\/2023\/04\/400x300-Planilha-vida-financeira-true.png\">\n\t\t\t\t<img class=\"newsContent__article__imgCapa newsContent__article__imgCapa--banner\"\n\t\t\t\t\tsrc=\"https:\/\/files.sunoresearch.com.br\/n\/uploads\/2023\/04\/1420x240-Planilha-vida-financeira-true.png\"\n\t\t\t\t\tdata-promo-id=\"383123\"\t\t\t\t\t\t\t\t\t\twidth='1420' height='240'\t\t\t\t\talt=\"https:\/\/files.sunoresearch.com.br\/n\/uploads\/2023\/04\/1420x240-Planilha-vida-financeira-true.png\"\n\t\t\t\t>\n\t\t\t<\/picture>\n\t\t<\/a>\n\t<\/p>\n\n\n","protected":false},"excerpt":{"rendered":"<p>A S&amp;P Global rebaixou a previs\u00e3o para os pre\u00e7os de min\u00e9rio de ferro para US$ 104,00 por tonelada m\u00e9trica seca (dmt) no segundo semestre deste ano. A revis\u00e3o da proje\u00e7\u00e3o para o pre\u00e7o do min\u00e9rio de ferro foi feita com base nas expectativas mais &#8220;frouxas&#8221; em rela\u00e7\u00e3o a commodity nos pr\u00f3ximos meses. A previs\u00e3o anterior [&hellip;]<\/p>\n","protected":false},"author":73,"featured_media":140478,"comment_status":"closed","ping_status":"closed","sticky":false,"template":"","format":"standard","meta":[],"categories":[63],"tags":[106444,94403,825,107149],"suno_strategy":[],"class_list":["post-572419","post","type-post","status-publish","format-standard","has-post-thumbnail","hentry","category-internacional","tag-agencias","tag-commodities","tag-minerio-de-ferro","tag-sp"],"yoast_head":"<!-- This site is optimized with the Yoast SEO plugin v24.4 - https:\/\/yoast.com\/wordpress\/plugins\/seo\/ -->\n<title>S&amp;P Global rebaixa proje\u00e7\u00e3o do min\u00e9rio de ferro para US$ 104<\/title>\n<meta name=\"description\" content=\"A revis\u00e3o da proje\u00e7\u00e3o para o pre\u00e7o do min\u00e9rio de ferro foi feita com base nas expectativas mais &quot;frouxas&quot; em rela\u00e7\u00e3o a commodity\" \/>\n<meta name=\"robots\" content=\"index, follow, max-snippet:-1, max-image-preview:large, max-video-preview:-1\" \/>\n<link rel=\"canonical\" href=\"https:\/\/www.suno.com.br\/noticias\/sp-global-rebaixa-minerio-de-ferro-preco-evm\/\" \/>\n<meta property=\"og:locale\" content=\"pt_BR\" \/>\n<meta property=\"og:type\" content=\"article\" \/>\n<meta property=\"og:title\" content=\"S&amp;P Global rebaixa proje\u00e7\u00e3o do min\u00e9rio de ferro para US$ 104\" \/>\n<meta property=\"og:description\" content=\"A revis\u00e3o da proje\u00e7\u00e3o para o pre\u00e7o do min\u00e9rio de ferro foi feita com base nas expectativas mais &quot;frouxas&quot; em rela\u00e7\u00e3o a commodity\" \/>\n<meta property=\"og:url\" content=\"https:\/\/www.suno.com.br\/noticias\/sp-global-rebaixa-minerio-de-ferro-preco-evm\/\" \/>\n<meta property=\"og:site_name\" content=\"Suno Not\u00edcias\" \/>\n<meta property=\"article:publisher\" content=\"https:\/\/facebook.com\/sunoresearch\" \/>\n<meta property=\"og:image\" content=\"https:\/\/files.sunoresearch.com.br\/n\/uploads\/2021\/04\/6e02ba8b-nature-3341112_1280.jpg\" \/>\n\t<meta property=\"og:image:width\" content=\"1280\" \/>\n\t<meta property=\"og:image:height\" content=\"853\" \/>\n\t<meta property=\"og:image:type\" content=\"image\/jpeg\" \/>\n<meta name=\"author\" content=\"Eduardo Vargas\" \/>\n<meta name=\"twitter:card\" content=\"summary_large_image\" \/>\n<meta name=\"twitter:creator\" content=\"@sunoresearch\" \/>\n<meta name=\"twitter:site\" content=\"@sunoresearch\" \/>\n<meta name=\"twitter:label1\" content=\"Escrito por\" \/>\n\t<meta name=\"twitter:data1\" content=\"Eduardo Vargas\" \/>\n\t<meta name=\"twitter:label2\" content=\"Est. tempo de leitura\" \/>\n\t<meta name=\"twitter:data2\" content=\"2 minutos\" \/>\n<script type=\"application\/ld+json\" class=\"yoast-schema-graph\">{\"@context\":\"https:\/\/schema.org\",\"@graph\":[{\"@type\":\"NewsArticle\",\"@id\":\"https:\/\/www.suno.com.br\/noticias\/sp-global-rebaixa-minerio-de-ferro-preco-evm\/#article\",\"isPartOf\":{\"@id\":\"https:\/\/www.suno.com.br\/noticias\/sp-global-rebaixa-minerio-de-ferro-preco-evm\/\"},\"author\":{\"name\":\"Eduardo Vargas\",\"@id\":\"https:\/\/www.suno.com.br\/noticias\/#\/schema\/person\/7f4d362bf3518e76090143ae77bb49a5\"},\"headline\":\"S&#038;P Global rebaixa proje\u00e7\u00e3o do min\u00e9rio de ferro para US$ 104\",\"datePublished\":\"2024-08-27T17:15:16+00:00\",\"dateModified\":\"2024-08-27T17:15:22+00:00\",\"mainEntityOfPage\":{\"@id\":\"https:\/\/www.suno.com.br\/noticias\/sp-global-rebaixa-minerio-de-ferro-preco-evm\/\"},\"wordCount\":424,\"publisher\":{\"@id\":\"https:\/\/www.suno.com.br\/noticias\/#organization\"},\"image\":{\"@id\":\"https:\/\/www.suno.com.br\/noticias\/sp-global-rebaixa-minerio-de-ferro-preco-evm\/#primaryimage\"},\"thumbnailUrl\":\"https:\/\/files.sunoresearch.com.br\/n\/uploads\/2021\/04\/6e02ba8b-nature-3341112_1280-jpg.webp\",\"keywords\":[\"Ag\u00eancias\",\"commodities\",\"min\u00e9rio de ferro\",\"S&amp;P\"],\"articleSection\":[\"Internacional\"],\"inLanguage\":\"pt-BR\"},{\"@type\":\"WebPage\",\"@id\":\"https:\/\/www.suno.com.br\/noticias\/sp-global-rebaixa-minerio-de-ferro-preco-evm\/\",\"url\":\"https:\/\/www.suno.com.br\/noticias\/sp-global-rebaixa-minerio-de-ferro-preco-evm\/\",\"name\":\"S&P Global rebaixa proje\u00e7\u00e3o do min\u00e9rio de ferro para US$ 104\",\"isPartOf\":{\"@id\":\"https:\/\/www.suno.com.br\/noticias\/#website\"},\"primaryImageOfPage\":{\"@id\":\"https:\/\/www.suno.com.br\/noticias\/sp-global-rebaixa-minerio-de-ferro-preco-evm\/#primaryimage\"},\"image\":{\"@id\":\"https:\/\/www.suno.com.br\/noticias\/sp-global-rebaixa-minerio-de-ferro-preco-evm\/#primaryimage\"},\"thumbnailUrl\":\"https:\/\/files.sunoresearch.com.br\/n\/uploads\/2021\/04\/6e02ba8b-nature-3341112_1280-jpg.webp\",\"datePublished\":\"2024-08-27T17:15:16+00:00\",\"dateModified\":\"2024-08-27T17:15:22+00:00\",\"description\":\"A revis\u00e3o da proje\u00e7\u00e3o para o pre\u00e7o do min\u00e9rio de ferro foi feita com base nas expectativas mais \\\"frouxas\\\" em rela\u00e7\u00e3o a commodity\",\"breadcrumb\":{\"@id\":\"https:\/\/www.suno.com.br\/noticias\/sp-global-rebaixa-minerio-de-ferro-preco-evm\/#breadcrumb\"},\"inLanguage\":\"pt-BR\",\"potentialAction\":[{\"@type\":\"ReadAction\",\"target\":[\"https:\/\/www.suno.com.br\/noticias\/sp-global-rebaixa-minerio-de-ferro-preco-evm\/\"]}]},{\"@type\":\"ImageObject\",\"inLanguage\":\"pt-BR\",\"@id\":\"https:\/\/www.suno.com.br\/noticias\/sp-global-rebaixa-minerio-de-ferro-preco-evm\/#primaryimage\",\"url\":\"https:\/\/files.sunoresearch.com.br\/n\/uploads\/2021\/04\/6e02ba8b-nature-3341112_1280-jpg.webp\",\"contentUrl\":\"https:\/\/files.sunoresearch.com.br\/n\/uploads\/2021\/04\/6e02ba8b-nature-3341112_1280-jpg.webp\",\"width\":1280,\"height\":853,\"caption\":\"Min\u00e9rio de ferro. Foto: Vined, por Pixabay\"},{\"@type\":\"BreadcrumbList\",\"@id\":\"https:\/\/www.suno.com.br\/noticias\/sp-global-rebaixa-minerio-de-ferro-preco-evm\/#breadcrumb\",\"itemListElement\":[{\"@type\":\"ListItem\",\"position\":1,\"name\":\"Not\u00edcias\",\"item\":\"https:\/\/www.suno.com.br\/noticias\/\"},{\"@type\":\"ListItem\",\"position\":2,\"name\":\"Internacional\",\"item\":\"https:\/\/www.suno.com.br\/noticias\/internacional\/\"},{\"@type\":\"ListItem\",\"position\":3,\"name\":\"S&#038;P Global rebaixa proje\u00e7\u00e3o do min\u00e9rio de ferro para US$ 104\"}]},{\"@type\":\"WebSite\",\"@id\":\"https:\/\/www.suno.com.br\/noticias\/#website\",\"url\":\"https:\/\/www.suno.com.br\/noticias\/\",\"name\":\"Suno Not\u00edcias\",\"description\":\"Seu portal de informa\u00e7\u00e3o sobre o mundo dos investimentos\",\"publisher\":{\"@id\":\"https:\/\/www.suno.com.br\/noticias\/#organization\"},\"potentialAction\":[{\"@type\":\"SearchAction\",\"target\":{\"@type\":\"EntryPoint\",\"urlTemplate\":\"https:\/\/www.suno.com.br\/noticias\/?s={search_term_string}\"},\"query-input\":{\"@type\":\"PropertyValueSpecification\",\"valueRequired\":true,\"valueName\":\"search_term_string\"}}],\"inLanguage\":\"pt-BR\"},{\"@type\":\"Organization\",\"@id\":\"https:\/\/www.suno.com.br\/noticias\/#organization\",\"name\":\"Suno Not\u00edcias\",\"url\":\"https:\/\/www.suno.com.br\/noticias\/\",\"logo\":{\"@type\":\"ImageObject\",\"inLanguage\":\"pt-BR\",\"@id\":\"https:\/\/www.suno.com.br\/noticias\/#\/schema\/logo\/image\/\",\"url\":\"https:\/\/files.sunoresearch.com.br\/n\/uploads\/2021\/09\/suno-logo.png\",\"contentUrl\":\"https:\/\/files.sunoresearch.com.br\/n\/uploads\/2021\/09\/suno-logo.png\",\"width\":180,\"height\":180,\"caption\":\"Suno Not\u00edcias\"},\"image\":{\"@id\":\"https:\/\/www.suno.com.br\/noticias\/#\/schema\/logo\/image\/\"},\"sameAs\":[\"https:\/\/facebook.com\/sunoresearch\",\"https:\/\/x.com\/sunoresearch\",\"https:\/\/www.instagram.com\/suno\",\"https:\/\/www.linkedin.com\/company\/suno-research\/\",\"https:\/\/www.youtube.com\/c\/sunoresearch\"]},{\"@type\":\"Person\",\"@id\":\"https:\/\/www.suno.com.br\/noticias\/#\/schema\/person\/7f4d362bf3518e76090143ae77bb49a5\",\"name\":\"Eduardo Vargas\",\"image\":{\"@type\":\"ImageObject\",\"inLanguage\":\"pt-BR\",\"@id\":\"https:\/\/www.suno.com.br\/noticias\/#\/schema\/person\/image\/\",\"url\":\"https:\/\/secure.gravatar.com\/avatar\/dac340933427a22924c9f99d1eb2e3f2?s=96&r=g\",\"contentUrl\":\"https:\/\/secure.gravatar.com\/avatar\/dac340933427a22924c9f99d1eb2e3f2?s=96&r=g\",\"caption\":\"Eduardo Vargas\"},\"description\":\"Jornalista formado pela UFSC, cobre macroeconomia, neg\u00f3cios e startups para o Suno Not\u00edcias, escrevendo principalmente not\u00edcias sobre o mercado financeiro e a bolsa de valores. No YouTube e no Instagram, \u00e9 respons\u00e1vel pela produ\u00e7\u00e3o de Reels e Shorts do Suno Not\u00edcias. Anteriormente, trabalhou cobrindo economia e cotidiano no ND+ e para o ND, maior jornal impresso de Santa Catarina. Cursou um semestre letivo de Estudos de M\u00eddia na Universidad de Buenos Aires.\",\"url\":\"https:\/\/www.suno.com.br\/noticias\/author\/eduardo-vargas\/\"}]}<\/script>\n<!-- \/ Yoast SEO plugin. -->","yoast_head_json":{"title":"S&P Global rebaixa proje\u00e7\u00e3o do min\u00e9rio de ferro para US$ 104","description":"A revis\u00e3o da proje\u00e7\u00e3o para o pre\u00e7o do min\u00e9rio de ferro foi feita com base nas expectativas mais \"frouxas\" em rela\u00e7\u00e3o a commodity","robots":{"index":"index","follow":"follow","max-snippet":"max-snippet:-1","max-image-preview":"max-image-preview:large","max-video-preview":"max-video-preview:-1"},"canonical":"https:\/\/www.suno.com.br\/noticias\/sp-global-rebaixa-minerio-de-ferro-preco-evm\/","og_locale":"pt_BR","og_type":"article","og_title":"S&P Global rebaixa proje\u00e7\u00e3o do min\u00e9rio de ferro para US$ 104","og_description":"A revis\u00e3o da proje\u00e7\u00e3o para o pre\u00e7o do min\u00e9rio de ferro foi feita com base nas expectativas mais \"frouxas\" em rela\u00e7\u00e3o a commodity","og_url":"https:\/\/www.suno.com.br\/noticias\/sp-global-rebaixa-minerio-de-ferro-preco-evm\/","og_site_name":"Suno Not\u00edcias","article_publisher":"https:\/\/facebook.com\/sunoresearch","og_image":[{"width":1280,"height":853,"url":"https:\/\/files.sunoresearch.com.br\/n\/uploads\/2021\/04\/6e02ba8b-nature-3341112_1280.jpg","type":"image\/jpeg"}],"author":"Eduardo Vargas","twitter_card":"summary_large_image","twitter_creator":"@sunoresearch","twitter_site":"@sunoresearch","twitter_misc":{"Escrito por":"Eduardo Vargas","Est. tempo de leitura":"2 minutos"},"schema":{"@context":"https:\/\/schema.org","@graph":[{"@type":"NewsArticle","@id":"https:\/\/www.suno.com.br\/noticias\/sp-global-rebaixa-minerio-de-ferro-preco-evm\/#article","isPartOf":{"@id":"https:\/\/www.suno.com.br\/noticias\/sp-global-rebaixa-minerio-de-ferro-preco-evm\/"},"author":{"name":"Eduardo Vargas","@id":"https:\/\/www.suno.com.br\/noticias\/#\/schema\/person\/7f4d362bf3518e76090143ae77bb49a5"},"headline":"S&#038;P Global rebaixa proje\u00e7\u00e3o do min\u00e9rio de ferro para US$ 104","datePublished":"2024-08-27T17:15:16+00:00","dateModified":"2024-08-27T17:15:22+00:00","mainEntityOfPage":{"@id":"https:\/\/www.suno.com.br\/noticias\/sp-global-rebaixa-minerio-de-ferro-preco-evm\/"},"wordCount":424,"publisher":{"@id":"https:\/\/www.suno.com.br\/noticias\/#organization"},"image":{"@id":"https:\/\/www.suno.com.br\/noticias\/sp-global-rebaixa-minerio-de-ferro-preco-evm\/#primaryimage"},"thumbnailUrl":"https:\/\/files.sunoresearch.com.br\/n\/uploads\/2021\/04\/6e02ba8b-nature-3341112_1280-jpg.webp","keywords":["Ag\u00eancias","commodities","min\u00e9rio de ferro","S&amp;P"],"articleSection":["Internacional"],"inLanguage":"pt-BR"},{"@type":"WebPage","@id":"https:\/\/www.suno.com.br\/noticias\/sp-global-rebaixa-minerio-de-ferro-preco-evm\/","url":"https:\/\/www.suno.com.br\/noticias\/sp-global-rebaixa-minerio-de-ferro-preco-evm\/","name":"S&P Global rebaixa proje\u00e7\u00e3o do min\u00e9rio de ferro para US$ 104","isPartOf":{"@id":"https:\/\/www.suno.com.br\/noticias\/#website"},"primaryImageOfPage":{"@id":"https:\/\/www.suno.com.br\/noticias\/sp-global-rebaixa-minerio-de-ferro-preco-evm\/#primaryimage"},"image":{"@id":"https:\/\/www.suno.com.br\/noticias\/sp-global-rebaixa-minerio-de-ferro-preco-evm\/#primaryimage"},"thumbnailUrl":"https:\/\/files.sunoresearch.com.br\/n\/uploads\/2021\/04\/6e02ba8b-nature-3341112_1280-jpg.webp","datePublished":"2024-08-27T17:15:16+00:00","dateModified":"2024-08-27T17:15:22+00:00","description":"A revis\u00e3o da proje\u00e7\u00e3o para o pre\u00e7o do min\u00e9rio de ferro foi feita com base nas expectativas mais \"frouxas\" em rela\u00e7\u00e3o a commodity","breadcrumb":{"@id":"https:\/\/www.suno.com.br\/noticias\/sp-global-rebaixa-minerio-de-ferro-preco-evm\/#breadcrumb"},"inLanguage":"pt-BR","potentialAction":[{"@type":"ReadAction","target":["https:\/\/www.suno.com.br\/noticias\/sp-global-rebaixa-minerio-de-ferro-preco-evm\/"]}]},{"@type":"ImageObject","inLanguage":"pt-BR","@id":"https:\/\/www.suno.com.br\/noticias\/sp-global-rebaixa-minerio-de-ferro-preco-evm\/#primaryimage","url":"https:\/\/files.sunoresearch.com.br\/n\/uploads\/2021\/04\/6e02ba8b-nature-3341112_1280-jpg.webp","contentUrl":"https:\/\/files.sunoresearch.com.br\/n\/uploads\/2021\/04\/6e02ba8b-nature-3341112_1280-jpg.webp","width":1280,"height":853,"caption":"Min\u00e9rio de ferro. Foto: Vined, por Pixabay"},{"@type":"BreadcrumbList","@id":"https:\/\/www.suno.com.br\/noticias\/sp-global-rebaixa-minerio-de-ferro-preco-evm\/#breadcrumb","itemListElement":[{"@type":"ListItem","position":1,"name":"Not\u00edcias","item":"https:\/\/www.suno.com.br\/noticias\/"},{"@type":"ListItem","position":2,"name":"Internacional","item":"https:\/\/www.suno.com.br\/noticias\/internacional\/"},{"@type":"ListItem","position":3,"name":"S&#038;P Global rebaixa proje\u00e7\u00e3o do min\u00e9rio de ferro para US$ 104"}]},{"@type":"WebSite","@id":"https:\/\/www.suno.com.br\/noticias\/#website","url":"https:\/\/www.suno.com.br\/noticias\/","name":"Suno Not\u00edcias","description":"Seu portal de informa\u00e7\u00e3o sobre o mundo dos investimentos","publisher":{"@id":"https:\/\/www.suno.com.br\/noticias\/#organization"},"potentialAction":[{"@type":"SearchAction","target":{"@type":"EntryPoint","urlTemplate":"https:\/\/www.suno.com.br\/noticias\/?s={search_term_string}"},"query-input":{"@type":"PropertyValueSpecification","valueRequired":true,"valueName":"search_term_string"}}],"inLanguage":"pt-BR"},{"@type":"Organization","@id":"https:\/\/www.suno.com.br\/noticias\/#organization","name":"Suno Not\u00edcias","url":"https:\/\/www.suno.com.br\/noticias\/","logo":{"@type":"ImageObject","inLanguage":"pt-BR","@id":"https:\/\/www.suno.com.br\/noticias\/#\/schema\/logo\/image\/","url":"https:\/\/files.sunoresearch.com.br\/n\/uploads\/2021\/09\/suno-logo.png","contentUrl":"https:\/\/files.sunoresearch.com.br\/n\/uploads\/2021\/09\/suno-logo.png","width":180,"height":180,"caption":"Suno Not\u00edcias"},"image":{"@id":"https:\/\/www.suno.com.br\/noticias\/#\/schema\/logo\/image\/"},"sameAs":["https:\/\/facebook.com\/sunoresearch","https:\/\/x.com\/sunoresearch","https:\/\/www.instagram.com\/suno","https:\/\/www.linkedin.com\/company\/suno-research\/","https:\/\/www.youtube.com\/c\/sunoresearch"]},{"@type":"Person","@id":"https:\/\/www.suno.com.br\/noticias\/#\/schema\/person\/7f4d362bf3518e76090143ae77bb49a5","name":"Eduardo Vargas","image":{"@type":"ImageObject","inLanguage":"pt-BR","@id":"https:\/\/www.suno.com.br\/noticias\/#\/schema\/person\/image\/","url":"https:\/\/secure.gravatar.com\/avatar\/dac340933427a22924c9f99d1eb2e3f2?s=96&r=g","contentUrl":"https:\/\/secure.gravatar.com\/avatar\/dac340933427a22924c9f99d1eb2e3f2?s=96&r=g","caption":"Eduardo Vargas"},"description":"Jornalista formado pela UFSC, cobre macroeconomia, neg\u00f3cios e startups para o Suno Not\u00edcias, escrevendo principalmente not\u00edcias sobre o mercado financeiro e a bolsa de valores. No YouTube e no Instagram, \u00e9 respons\u00e1vel pela produ\u00e7\u00e3o de Reels e Shorts do Suno Not\u00edcias. Anteriormente, trabalhou cobrindo economia e cotidiano no ND+ e para o ND, maior jornal impresso de Santa Catarina. Cursou um semestre letivo de Estudos de M\u00eddia na Universidad de Buenos Aires.","url":"https:\/\/www.suno.com.br\/noticias\/author\/eduardo-vargas\/"}]}},"default_loop_html":"<div class=\"cardsPage__listCard__boxs\"><div class=\"cardsPage__listCard__boxs__img\"><a href=\"https:\/\/www.suno.com.br\/noticias\/sp-global-rebaixa-minerio-de-ferro-preco-evm\/\"><img class=\"mask\" src=\"https:\/\/www.suno.com.br\/noticias\/wp-content\/themes\/suno\/resources\/images\/spotlight\/spotlight1img\/bg-mask.png\" alt=\"Image Mask\"\/><img src=\"https:\/\/files.sunoresearch.com.br\/n\/uploads\/2021\/04\/6e02ba8b-nature-3341112_1280-400x200.webp\" alt=\"S&#038;P Global rebaixa proje\u00e7\u00e3o do min\u00e9rio de ferro para US$ 104\"\/><\/a><span class=\"spotlightCategory\"><a href=\"https:\/\/www.suno.com.br\/noticias\/internacional\/\">Internacional<\/a><\/span><\/div><div class=\"cardsPage__listCard__boxs__content\"><a href=\"https:\/\/www.suno.com.br\/noticias\/sp-global-rebaixa-minerio-de-ferro-preco-evm\/\"><h2 class=\"content__title\">S&#038;P Global rebaixa proje\u00e7\u00e3o do min\u00e9rio de ferro para US$ 104<\/h2><\/a><div class=\"newsContent__article__meta\"><div class=\"newsContent__article__meta__authorBox\"><a href=\"https:\/\/www.suno.com.br\/noticias\/author\/eduardo-vargas\/\" class=\"authorBox__avatar noMobi\"><img src=\"https:\/\/secure.gravatar.com\/avatar\/dac340933427a22924c9f99d1eb2e3f2?s=96&#038;r=g\" alt=\"Eduardo Vargas\"><\/a><div class=\"authorBox__name\"><span>por\n\t\t\t<a href=\"https:\/\/www.suno.com.br\/noticias\/author\/eduardo-vargas\/\"><span itemprop=\"author\">Eduardo Vargas<\/span><\/a><\/span><time datetime=\"2024-08-27T14:15:16-03:00\" itemprop=\"datePublished\">27\/08\/2024 14:15<\/time><\/div><\/div><\/div><\/div><\/div>","single_layout":"posts","amp_enabled":true,"_links":{"self":[{"href":"https:\/\/www.suno.com.br\/noticias\/wp-json\/wp\/v2\/posts\/572419"}],"collection":[{"href":"https:\/\/www.suno.com.br\/noticias\/wp-json\/wp\/v2\/posts"}],"about":[{"href":"https:\/\/www.suno.com.br\/noticias\/wp-json\/wp\/v2\/types\/post"}],"author":[{"embeddable":true,"href":"https:\/\/www.suno.com.br\/noticias\/wp-json\/wp\/v2\/users\/73"}],"replies":[{"embeddable":true,"href":"https:\/\/www.suno.com.br\/noticias\/wp-json\/wp\/v2\/comments?post=572419"}],"version-history":[{"count":3,"href":"https:\/\/www.suno.com.br\/noticias\/wp-json\/wp\/v2\/posts\/572419\/revisions"}],"predecessor-version":[{"id":572511,"href":"https:\/\/www.suno.com.br\/noticias\/wp-json\/wp\/v2\/posts\/572419\/revisions\/572511"}],"wp:featuredmedia":[{"embeddable":true,"href":"https:\/\/www.suno.com.br\/noticias\/wp-json\/wp\/v2\/media\/140478"}],"wp:attachment":[{"href":"https:\/\/www.suno.com.br\/noticias\/wp-json\/wp\/v2\/media?parent=572419"}],"wp:term":[{"taxonomy":"category","embeddable":true,"href":"https:\/\/www.suno.com.br\/noticias\/wp-json\/wp\/v2\/categories?post=572419"},{"taxonomy":"post_tag","embeddable":true,"href":"https:\/\/www.suno.com.br\/noticias\/wp-json\/wp\/v2\/tags?post=572419"},{"taxonomy":"suno_strategy","embeddable":true,"href":"https:\/\/www.suno.com.br\/noticias\/wp-json\/wp\/v2\/suno_strategy?post=572419"}],"curies":[{"name":"wp","href":"https:\/\/api.w.org\/{rel}","templated":true}]}}