{"id":57241,"date":"2020-03-18T07:41:18","date_gmt":"2020-03-18T10:41:18","guid":{"rendered":"https:\/\/www.suno.com.br\/noticias\/?p=57241"},"modified":"2020-03-18T07:41:18","modified_gmt":"2020-03-18T10:41:18","slug":"bolsonaro-segundo-teste-coronavirus","status":"publish","type":"post","link":"https:\/\/www.suno.com.br\/noticias\/bolsonaro-segundo-teste-coronavirus\/","title":{"rendered":"Bolsonaro informa que seu segundo teste do coronav\u00edrus deu negativo"},"content":{"rendered":"<p>O presidente <strong>Jair Bolsonaro<\/strong> informou, na noite da \u00faltima ter\u00e7a-feira (17), que seu segundo teste em que foi submetido deu negativo para o <strong>coronav\u00edrus<\/strong> (Covid-19).<\/p>\t<div class=\"wrapper-featured-image\">\n\t\t<figure class=\"spotlightImg\">\n\n\t\t\t<picture>\n\t\t\t\t<source media=\"(max-width: 768px)\" srcset=\"https:\/\/files.sunoresearch.com.br\/n\/uploads\/2020\/03\/2f301eb2-bolsonaro-400x200.webp\">\n\t\t\t\t<img loading=\"lazy\" decoding=\"async\" class=\"newsContent__article__imgCapa lazyloadDisabled newsContent__article__imgCapa--noCaption\" src=\"https:\/\/files.sunoresearch.com.br\/n\/uploads\/2020\/03\/2f301eb2-bolsonaro-800x450.webp\" width=\"800\" height=\"450\" alt=\"Bolsonaro informa que seu segundo teste do coronav\u00edrus deu negativo\" fetchpriority=high \/>\n\t\t\t<\/picture>\n\n\t\t\t<figcaption class=\"wp-caption-text wp-caption-text--hide\">Bolsonaro informa que seu segundo teste do coronav\u00edrus deu negativo<\/figcaption>\n\t\t<\/figure>\n\t<\/div>\n\n\n\n<p>Bolsonaro, que j\u00e1 havia feito o primeiro teste do coronav\u00edrus na \u00faltima quinta-feira (12), informou por meio de sua conta pessoal no Twitter que o resultado do teste realizado na \u00faltima ter\u00e7a-feira tamb\u00e9m foi negativo.<\/p>\n<p class=\"twitter-tweet\">\n<p dir=\"ltr\" lang=\"pt\">&#8211; Informo que meu 2\u00b0 teste para COVID-19 deu NEGATIVO.<br \/>\n&#8211; Boa noite a todos.<\/p>\n<p>\u2014 Jair M. Bolsonaro (@jairbolsonaro) <a href=\"https:\/\/twitter.com\/jairbolsonaro\/status\/1240078675179180034?ref_src=twsrc%5Etfw\">March 18, 2020<\/a><\/p>\n<p><script async src=\"https:\/\/platform.twitter.com\/widgets.js\" charset=\"utf-8\"><\/script><\/p>\n<p>Bolsonaro fez parte da comitiva brasileira que esteve presente nos Estados Unidos na \u00faltima semana. De todos os participantes, 15 j\u00e1 foram diagnosticados com a doen\u00e7a.<\/p>\n<p><span data-sheets-value=\"{&quot;1&quot;:2,&quot;2&quot;:&quot;Coronav\u00edrus e Mercado Financeiro | Saiba quais oportunidades voc\u00ea pode estar perdendo&quot;}\" data-sheets-userformat=\"{&quot;2&quot;:513,&quot;3&quot;:{&quot;1&quot;:0},&quot;12&quot;:0}\"><a href=\"https:\/\/www.suno.com.br\/nossas-assinaturas\/suno-premium\/\">Coronav\u00edrus e Mercado Financeiro | Saiba quais oportunidades voc\u00ea pode estar perdendo<\/a><\/span><\/p>\n<p>O secret\u00e1rio da Comunica\u00e7\u00e3o da Presid\u00eancia da Rep\u00fablica, <strong>Fabio Wajngarten<\/strong>, foi o primeiro caso confirmado. Al\u00e9m de Nestor Forster, encarregado dos neg\u00f3cios do Brasil no pa\u00eds norte-americano, os seguran\u00e7as do mandat\u00e1rio tamb\u00e9m testaram positivo.<\/p>\n<h2>Avan\u00e7o do coronav\u00edrus no Brasil<\/h2>\n<p>Na \u00faltima ter\u00e7a-feira, foi confirmada a primeira morte causada pelo coronav\u00edrus no Pa\u00eds. A v\u00edtima era um homem de 62 anos e j\u00e1 possu\u00eda um quadro de hipertens\u00e3o, diabetes e hiperplasia prost\u00e1tica e estava internado em um hospital particular.<\/p>\n\t<p>\n\t\t<a href=\"https:\/\/lp.suno.com.br\/cl\/impacto-tarifas-trump\/?utm_source=sunoresearch&#038;utm_medium=banner.noticias&#038;utm_campaign=_SNC903E88AA_\" target=\"_blank\" data-element=\"shortcode-suno-banner\" title=\"Banner SUNO, clique e saiba mais\">\n\t\t\t<picture>\n\t\t\t\t<source media=\"(max-width: 500px)\" srcset=\"https:\/\/files.sunoresearch.com.br\/n\/uploads\/2025\/07\/trump-mobile.webp\">\n\t\t\t\t<img class=\"newsContent__article__imgCapa newsContent__article__imgCapa--banner\"\n\t\t\t\t\tsrc=\"https:\/\/files.sunoresearch.com.br\/n\/uploads\/2025\/07\/trump-banner-desktop.webp\"\n\t\t\t\t\tdata-promo-id=\"613126\"\t\t\t\t\t\t\t\t\t\twidth='1000' height='325'\t\t\t\t\talt=\"https:\/\/files.sunoresearch.com.br\/n\/uploads\/2025\/07\/trump-banner-desktop.webp\"\n\t\t\t\t>\n\t\t\t<\/picture>\n\t\t<\/a>\n\t<\/p>\n\n\n<p>Em todo o Brasil, s\u00e3o 291 casos confirmados, al\u00e9m de mais de 8 mil suspeitos. O Governo de S\u00e3o Paulo, regi\u00e3o mais afetada com cerca de 152 casos confirmados, estima que o <a href=\"https:\/\/www.youtube.com\/watch?v=3isdrLdIEdM&amp;t=841s\">surto da doen\u00e7a<\/a> deve durar &#8220;de quatro a cinco meses&#8221;. Entretanto, as medidas restritivas adotadas pela administra\u00e7\u00e3o estadual, como a suspens\u00e3o das aulas e a restri\u00e7\u00e3o de eventos, n\u00e3o devem permanecer vigentes por todo esse per\u00edodo.<\/p>\n<p>O ministro da Economia, <a href=\"https:\/\/www.suno.com.br\/tudo-sobre\/paulo-guedes\/\"><strong>Paulo Guedes<\/strong><\/a><strong>,<\/strong> anunciou na \u00faltima segunda-feira (16) um novo pacote de medidas para tentar conter o avan\u00e7o da doen\u00e7a. O programa emergencial deve injetar R$ 147,3 bilh\u00f5es na economia.<\/p>\n<p><a href=\"https:\/\/www.suno.com.br\/noticias\/home-office-ficas-para-trabalhar-produtiva\/\">Saiba mais: Home office: confira sete dicas para trabalhar de forma produtiva<\/a><\/p>\n<p>&#8220;Estamos fazendo um programa emergencial que no total tem quase R$ 150 bilh\u00f5es de recursos injetados em tr\u00eas meses&#8221;, disse Guedes.<\/p>\n<p>O programa reunir\u00e1 medidas emergenciais para frear os efeitos econ\u00f4micos do <strong>coronav\u00edrus<\/strong> no Brasil. Conforme o pronunciamento, ser\u00e3o at\u00e9 R$ 83,4 bilh\u00f5es direcionados \u00e0 popula\u00e7\u00e3o mais vulner\u00e1vel, al\u00e9m de R$ 39,4 bilh\u00f5es para sustenta\u00e7\u00e3o do mercado de trabalho.<\/p>\n\n","protected":false},"excerpt":{"rendered":"<p>O presidente Jair Bolsonaro informou, na noite da \u00faltima ter\u00e7a-feira (17), que seu segundo teste em que foi submetido deu negativo para o coronav\u00edrus (Covid-19). Bolsonaro informa que seu segundo teste do coronav\u00edrus deu negativo Bolsonaro, que j\u00e1 havia feito o primeiro teste do coronav\u00edrus na \u00faltima quinta-feira (12), informou por meio de sua conta [&hellip;]<\/p>\n","protected":false},"author":24,"featured_media":57242,"comment_status":"closed","ping_status":"closed","sticky":false,"template":"","format":"standard","meta":[],"categories":[63],"tags":[2487,719],"suno_strategy":[],"class_list":["post-57241","post","type-post","status-publish","format-standard","has-post-thumbnail","hentry","category-internacional","tag-coronavirus","tag-jair-bolsonaro"],"yoast_head":"<!-- This site is optimized with the Yoast SEO plugin v24.4 - https:\/\/yoast.com\/wordpress\/plugins\/seo\/ -->\n<title>Bolsonaro informa que seu segundo teste do coronav\u00edrus deu negativo<\/title>\n<meta name=\"description\" content=\"O Presidente da Rep\u00fablica Jair Bolsonaro informou, na \u00faltima ter\u00e7a-feira (17), que seu segundo teste do coronav\u00edrus deu negativo. Saiba mais.\" \/>\n<meta name=\"robots\" content=\"index, follow, max-snippet:-1, max-image-preview:large, max-video-preview:-1\" \/>\n<link rel=\"canonical\" href=\"https:\/\/www.suno.com.br\/noticias\/bolsonaro-segundo-teste-coronavirus\/\" \/>\n<meta property=\"og:locale\" content=\"pt_BR\" \/>\n<meta property=\"og:type\" content=\"article\" \/>\n<meta property=\"og:title\" content=\"Bolsonaro informa que seu segundo teste do coronav\u00edrus deu negativo\" \/>\n<meta property=\"og:description\" content=\"O Presidente da Rep\u00fablica Jair Bolsonaro informou, na \u00faltima ter\u00e7a-feira (17), que seu segundo teste do coronav\u00edrus deu negativo. Saiba mais.\" \/>\n<meta property=\"og:url\" content=\"https:\/\/www.suno.com.br\/noticias\/bolsonaro-segundo-teste-coronavirus\/\" \/>\n<meta property=\"og:site_name\" content=\"Suno Not\u00edcias\" \/>\n<meta property=\"article:publisher\" content=\"https:\/\/facebook.com\/sunoresearch\" \/>\n<meta property=\"og:image\" content=\"https:\/\/files.sunoresearch.com.br\/n\/uploads\/2020\/03\/2f301eb2-bolsonaro.jpg\" \/>\n\t<meta property=\"og:image:width\" content=\"1500\" \/>\n\t<meta property=\"og:image:height\" content=\"1000\" \/>\n\t<meta property=\"og:image:type\" content=\"image\/jpeg\" \/>\n<meta name=\"author\" content=\"Jader Lazarini\" \/>\n<meta name=\"twitter:card\" content=\"summary_large_image\" \/>\n<meta name=\"twitter:creator\" content=\"@sunoresearch\" \/>\n<meta name=\"twitter:site\" content=\"@sunoresearch\" \/>\n<meta name=\"twitter:label1\" content=\"Escrito por\" \/>\n\t<meta name=\"twitter:data1\" content=\"Jader Lazarini\" \/>\n\t<meta name=\"twitter:label2\" content=\"Est. tempo de leitura\" \/>\n\t<meta name=\"twitter:data2\" content=\"2 minutos\" \/>\n<script type=\"application\/ld+json\" class=\"yoast-schema-graph\">{\"@context\":\"https:\/\/schema.org\",\"@graph\":[{\"@type\":\"NewsArticle\",\"@id\":\"https:\/\/www.suno.com.br\/noticias\/bolsonaro-segundo-teste-coronavirus\/#article\",\"isPartOf\":{\"@id\":\"https:\/\/www.suno.com.br\/noticias\/bolsonaro-segundo-teste-coronavirus\/\"},\"author\":{\"name\":\"Jader Lazarini\",\"@id\":\"https:\/\/www.suno.com.br\/noticias\/#\/schema\/person\/918d79de1f0281f01599b93f9ea6e23f\"},\"headline\":\"Bolsonaro informa que seu segundo teste do coronav\u00edrus deu negativo\",\"datePublished\":\"2020-03-18T10:41:18+00:00\",\"mainEntityOfPage\":{\"@id\":\"https:\/\/www.suno.com.br\/noticias\/bolsonaro-segundo-teste-coronavirus\/\"},\"wordCount\":425,\"publisher\":{\"@id\":\"https:\/\/www.suno.com.br\/noticias\/#organization\"},\"image\":{\"@id\":\"https:\/\/www.suno.com.br\/noticias\/bolsonaro-segundo-teste-coronavirus\/#primaryimage\"},\"thumbnailUrl\":\"https:\/\/files.sunoresearch.com.br\/n\/uploads\/2020\/03\/2f301eb2-bolsonaro-jpg.webp\",\"keywords\":[\"coronav\u00edrus\",\"Jair Bolsonaro\"],\"articleSection\":[\"Internacional\"],\"inLanguage\":\"pt-BR\"},{\"@type\":\"WebPage\",\"@id\":\"https:\/\/www.suno.com.br\/noticias\/bolsonaro-segundo-teste-coronavirus\/\",\"url\":\"https:\/\/www.suno.com.br\/noticias\/bolsonaro-segundo-teste-coronavirus\/\",\"name\":\"Bolsonaro informa que seu segundo teste do coronav\u00edrus deu negativo\",\"isPartOf\":{\"@id\":\"https:\/\/www.suno.com.br\/noticias\/#website\"},\"primaryImageOfPage\":{\"@id\":\"https:\/\/www.suno.com.br\/noticias\/bolsonaro-segundo-teste-coronavirus\/#primaryimage\"},\"image\":{\"@id\":\"https:\/\/www.suno.com.br\/noticias\/bolsonaro-segundo-teste-coronavirus\/#primaryimage\"},\"thumbnailUrl\":\"https:\/\/files.sunoresearch.com.br\/n\/uploads\/2020\/03\/2f301eb2-bolsonaro-jpg.webp\",\"datePublished\":\"2020-03-18T10:41:18+00:00\",\"description\":\"O Presidente da Rep\u00fablica Jair Bolsonaro informou, na \u00faltima ter\u00e7a-feira (17), que seu segundo teste do coronav\u00edrus deu negativo. Saiba mais.\",\"breadcrumb\":{\"@id\":\"https:\/\/www.suno.com.br\/noticias\/bolsonaro-segundo-teste-coronavirus\/#breadcrumb\"},\"inLanguage\":\"pt-BR\",\"potentialAction\":[{\"@type\":\"ReadAction\",\"target\":[\"https:\/\/www.suno.com.br\/noticias\/bolsonaro-segundo-teste-coronavirus\/\"]}]},{\"@type\":\"ImageObject\",\"inLanguage\":\"pt-BR\",\"@id\":\"https:\/\/www.suno.com.br\/noticias\/bolsonaro-segundo-teste-coronavirus\/#primaryimage\",\"url\":\"https:\/\/files.sunoresearch.com.br\/n\/uploads\/2020\/03\/2f301eb2-bolsonaro-jpg.webp\",\"contentUrl\":\"https:\/\/files.sunoresearch.com.br\/n\/uploads\/2020\/03\/2f301eb2-bolsonaro-jpg.webp\",\"width\":1500,\"height\":1000,\"caption\":\"Bolsonaro informa que seu segundo teste do coronav\u00edrus deu negativo\"},{\"@type\":\"BreadcrumbList\",\"@id\":\"https:\/\/www.suno.com.br\/noticias\/bolsonaro-segundo-teste-coronavirus\/#breadcrumb\",\"itemListElement\":[{\"@type\":\"ListItem\",\"position\":1,\"name\":\"Not\u00edcias\",\"item\":\"https:\/\/www.suno.com.br\/noticias\/\"},{\"@type\":\"ListItem\",\"position\":2,\"name\":\"Internacional\",\"item\":\"https:\/\/www.suno.com.br\/noticias\/internacional\/\"},{\"@type\":\"ListItem\",\"position\":3,\"name\":\"Bolsonaro informa que seu segundo teste do coronav\u00edrus deu negativo\"}]},{\"@type\":\"WebSite\",\"@id\":\"https:\/\/www.suno.com.br\/noticias\/#website\",\"url\":\"https:\/\/www.suno.com.br\/noticias\/\",\"name\":\"Suno Not\u00edcias\",\"description\":\"Seu portal de informa\u00e7\u00e3o sobre o mundo dos investimentos\",\"publisher\":{\"@id\":\"https:\/\/www.suno.com.br\/noticias\/#organization\"},\"potentialAction\":[{\"@type\":\"SearchAction\",\"target\":{\"@type\":\"EntryPoint\",\"urlTemplate\":\"https:\/\/www.suno.com.br\/noticias\/?s={search_term_string}\"},\"query-input\":{\"@type\":\"PropertyValueSpecification\",\"valueRequired\":true,\"valueName\":\"search_term_string\"}}],\"inLanguage\":\"pt-BR\"},{\"@type\":\"Organization\",\"@id\":\"https:\/\/www.suno.com.br\/noticias\/#organization\",\"name\":\"Suno Not\u00edcias\",\"url\":\"https:\/\/www.suno.com.br\/noticias\/\",\"logo\":{\"@type\":\"ImageObject\",\"inLanguage\":\"pt-BR\",\"@id\":\"https:\/\/www.suno.com.br\/noticias\/#\/schema\/logo\/image\/\",\"url\":\"https:\/\/files.sunoresearch.com.br\/n\/uploads\/2021\/09\/suno-logo.png\",\"contentUrl\":\"https:\/\/files.sunoresearch.com.br\/n\/uploads\/2021\/09\/suno-logo.png\",\"width\":180,\"height\":180,\"caption\":\"Suno Not\u00edcias\"},\"image\":{\"@id\":\"https:\/\/www.suno.com.br\/noticias\/#\/schema\/logo\/image\/\"},\"sameAs\":[\"https:\/\/facebook.com\/sunoresearch\",\"https:\/\/x.com\/sunoresearch\",\"https:\/\/www.instagram.com\/suno\",\"https:\/\/www.linkedin.com\/company\/suno-research\/\",\"https:\/\/www.youtube.com\/c\/sunoresearch\"]},{\"@type\":\"Person\",\"@id\":\"https:\/\/www.suno.com.br\/noticias\/#\/schema\/person\/918d79de1f0281f01599b93f9ea6e23f\",\"name\":\"Jader Lazarini\",\"image\":{\"@type\":\"ImageObject\",\"inLanguage\":\"pt-BR\",\"@id\":\"https:\/\/www.suno.com.br\/noticias\/#\/schema\/person\/image\/\",\"url\":\"https:\/\/secure.gravatar.com\/avatar\/3c1ad8caa51589841baeb923fcddea97?s=96&r=g\",\"contentUrl\":\"https:\/\/secure.gravatar.com\/avatar\/3c1ad8caa51589841baeb923fcddea97?s=96&r=g\",\"caption\":\"Jader Lazarini\"},\"description\":\"Jader Lazarini escreve sobre investimentos, finan\u00e7as, economia e neg\u00f3cios. \u00c9 bacharel em Rela\u00e7\u00f5es Internacionais e analista CNPI (2619).\",\"url\":\"https:\/\/www.suno.com.br\/noticias\/author\/jader-lazarini\/\"}]}<\/script>\n<!-- \/ Yoast SEO plugin. -->","yoast_head_json":{"title":"Bolsonaro informa que seu segundo teste do coronav\u00edrus deu negativo","description":"O Presidente da Rep\u00fablica Jair Bolsonaro informou, na \u00faltima ter\u00e7a-feira (17), que seu segundo teste do coronav\u00edrus deu negativo. Saiba mais.","robots":{"index":"index","follow":"follow","max-snippet":"max-snippet:-1","max-image-preview":"max-image-preview:large","max-video-preview":"max-video-preview:-1"},"canonical":"https:\/\/www.suno.com.br\/noticias\/bolsonaro-segundo-teste-coronavirus\/","og_locale":"pt_BR","og_type":"article","og_title":"Bolsonaro informa que seu segundo teste do coronav\u00edrus deu negativo","og_description":"O Presidente da Rep\u00fablica Jair Bolsonaro informou, na \u00faltima ter\u00e7a-feira (17), que seu segundo teste do coronav\u00edrus deu negativo. Saiba mais.","og_url":"https:\/\/www.suno.com.br\/noticias\/bolsonaro-segundo-teste-coronavirus\/","og_site_name":"Suno Not\u00edcias","article_publisher":"https:\/\/facebook.com\/sunoresearch","og_image":[{"width":1500,"height":1000,"url":"https:\/\/files.sunoresearch.com.br\/n\/uploads\/2020\/03\/2f301eb2-bolsonaro.jpg","type":"image\/jpeg"}],"author":"Jader Lazarini","twitter_card":"summary_large_image","twitter_creator":"@sunoresearch","twitter_site":"@sunoresearch","twitter_misc":{"Escrito por":"Jader Lazarini","Est. tempo de leitura":"2 minutos"},"schema":{"@context":"https:\/\/schema.org","@graph":[{"@type":"NewsArticle","@id":"https:\/\/www.suno.com.br\/noticias\/bolsonaro-segundo-teste-coronavirus\/#article","isPartOf":{"@id":"https:\/\/www.suno.com.br\/noticias\/bolsonaro-segundo-teste-coronavirus\/"},"author":{"name":"Jader Lazarini","@id":"https:\/\/www.suno.com.br\/noticias\/#\/schema\/person\/918d79de1f0281f01599b93f9ea6e23f"},"headline":"Bolsonaro informa que seu segundo teste do coronav\u00edrus deu negativo","datePublished":"2020-03-18T10:41:18+00:00","mainEntityOfPage":{"@id":"https:\/\/www.suno.com.br\/noticias\/bolsonaro-segundo-teste-coronavirus\/"},"wordCount":425,"publisher":{"@id":"https:\/\/www.suno.com.br\/noticias\/#organization"},"image":{"@id":"https:\/\/www.suno.com.br\/noticias\/bolsonaro-segundo-teste-coronavirus\/#primaryimage"},"thumbnailUrl":"https:\/\/files.sunoresearch.com.br\/n\/uploads\/2020\/03\/2f301eb2-bolsonaro-jpg.webp","keywords":["coronav\u00edrus","Jair Bolsonaro"],"articleSection":["Internacional"],"inLanguage":"pt-BR"},{"@type":"WebPage","@id":"https:\/\/www.suno.com.br\/noticias\/bolsonaro-segundo-teste-coronavirus\/","url":"https:\/\/www.suno.com.br\/noticias\/bolsonaro-segundo-teste-coronavirus\/","name":"Bolsonaro informa que seu segundo teste do coronav\u00edrus deu negativo","isPartOf":{"@id":"https:\/\/www.suno.com.br\/noticias\/#website"},"primaryImageOfPage":{"@id":"https:\/\/www.suno.com.br\/noticias\/bolsonaro-segundo-teste-coronavirus\/#primaryimage"},"image":{"@id":"https:\/\/www.suno.com.br\/noticias\/bolsonaro-segundo-teste-coronavirus\/#primaryimage"},"thumbnailUrl":"https:\/\/files.sunoresearch.com.br\/n\/uploads\/2020\/03\/2f301eb2-bolsonaro-jpg.webp","datePublished":"2020-03-18T10:41:18+00:00","description":"O Presidente da Rep\u00fablica Jair Bolsonaro informou, na \u00faltima ter\u00e7a-feira (17), que seu segundo teste do coronav\u00edrus deu negativo. Saiba mais.","breadcrumb":{"@id":"https:\/\/www.suno.com.br\/noticias\/bolsonaro-segundo-teste-coronavirus\/#breadcrumb"},"inLanguage":"pt-BR","potentialAction":[{"@type":"ReadAction","target":["https:\/\/www.suno.com.br\/noticias\/bolsonaro-segundo-teste-coronavirus\/"]}]},{"@type":"ImageObject","inLanguage":"pt-BR","@id":"https:\/\/www.suno.com.br\/noticias\/bolsonaro-segundo-teste-coronavirus\/#primaryimage","url":"https:\/\/files.sunoresearch.com.br\/n\/uploads\/2020\/03\/2f301eb2-bolsonaro-jpg.webp","contentUrl":"https:\/\/files.sunoresearch.com.br\/n\/uploads\/2020\/03\/2f301eb2-bolsonaro-jpg.webp","width":1500,"height":1000,"caption":"Bolsonaro informa que seu segundo teste do coronav\u00edrus deu negativo"},{"@type":"BreadcrumbList","@id":"https:\/\/www.suno.com.br\/noticias\/bolsonaro-segundo-teste-coronavirus\/#breadcrumb","itemListElement":[{"@type":"ListItem","position":1,"name":"Not\u00edcias","item":"https:\/\/www.suno.com.br\/noticias\/"},{"@type":"ListItem","position":2,"name":"Internacional","item":"https:\/\/www.suno.com.br\/noticias\/internacional\/"},{"@type":"ListItem","position":3,"name":"Bolsonaro informa que seu segundo teste do coronav\u00edrus deu negativo"}]},{"@type":"WebSite","@id":"https:\/\/www.suno.com.br\/noticias\/#website","url":"https:\/\/www.suno.com.br\/noticias\/","name":"Suno Not\u00edcias","description":"Seu portal de informa\u00e7\u00e3o sobre o mundo dos investimentos","publisher":{"@id":"https:\/\/www.suno.com.br\/noticias\/#organization"},"potentialAction":[{"@type":"SearchAction","target":{"@type":"EntryPoint","urlTemplate":"https:\/\/www.suno.com.br\/noticias\/?s={search_term_string}"},"query-input":{"@type":"PropertyValueSpecification","valueRequired":true,"valueName":"search_term_string"}}],"inLanguage":"pt-BR"},{"@type":"Organization","@id":"https:\/\/www.suno.com.br\/noticias\/#organization","name":"Suno Not\u00edcias","url":"https:\/\/www.suno.com.br\/noticias\/","logo":{"@type":"ImageObject","inLanguage":"pt-BR","@id":"https:\/\/www.suno.com.br\/noticias\/#\/schema\/logo\/image\/","url":"https:\/\/files.sunoresearch.com.br\/n\/uploads\/2021\/09\/suno-logo.png","contentUrl":"https:\/\/files.sunoresearch.com.br\/n\/uploads\/2021\/09\/suno-logo.png","width":180,"height":180,"caption":"Suno Not\u00edcias"},"image":{"@id":"https:\/\/www.suno.com.br\/noticias\/#\/schema\/logo\/image\/"},"sameAs":["https:\/\/facebook.com\/sunoresearch","https:\/\/x.com\/sunoresearch","https:\/\/www.instagram.com\/suno","https:\/\/www.linkedin.com\/company\/suno-research\/","https:\/\/www.youtube.com\/c\/sunoresearch"]},{"@type":"Person","@id":"https:\/\/www.suno.com.br\/noticias\/#\/schema\/person\/918d79de1f0281f01599b93f9ea6e23f","name":"Jader Lazarini","image":{"@type":"ImageObject","inLanguage":"pt-BR","@id":"https:\/\/www.suno.com.br\/noticias\/#\/schema\/person\/image\/","url":"https:\/\/secure.gravatar.com\/avatar\/3c1ad8caa51589841baeb923fcddea97?s=96&r=g","contentUrl":"https:\/\/secure.gravatar.com\/avatar\/3c1ad8caa51589841baeb923fcddea97?s=96&r=g","caption":"Jader Lazarini"},"description":"Jader Lazarini escreve sobre investimentos, finan\u00e7as, economia e neg\u00f3cios. \u00c9 bacharel em Rela\u00e7\u00f5es Internacionais e analista CNPI (2619).","url":"https:\/\/www.suno.com.br\/noticias\/author\/jader-lazarini\/"}]}},"default_loop_html":"<div class=\"cardsPage__listCard__boxs\"><div class=\"cardsPage__listCard__boxs__img\"><a href=\"https:\/\/www.suno.com.br\/noticias\/bolsonaro-segundo-teste-coronavirus\/\"><img class=\"mask\" src=\"https:\/\/www.suno.com.br\/noticias\/wp-content\/themes\/suno\/resources\/images\/spotlight\/spotlight1img\/bg-mask.png\" alt=\"Image Mask\"\/><img src=\"https:\/\/files.sunoresearch.com.br\/n\/uploads\/2020\/03\/2f301eb2-bolsonaro-400x200.webp\" alt=\"Bolsonaro informa que seu segundo teste do coronav\u00edrus deu negativo\"\/><\/a><span class=\"spotlightCategory\"><a href=\"https:\/\/www.suno.com.br\/noticias\/internacional\/\">Internacional<\/a><\/span><\/div><div class=\"cardsPage__listCard__boxs__content\"><a href=\"https:\/\/www.suno.com.br\/noticias\/bolsonaro-segundo-teste-coronavirus\/\"><h2 class=\"content__title\">Bolsonaro informa que seu segundo teste do coronav\u00edrus deu negativo<\/h2><\/a><div class=\"newsContent__article__meta\"><div class=\"newsContent__article__meta__authorBox\"><a href=\"https:\/\/www.suno.com.br\/noticias\/author\/jader-lazarini\/\" class=\"authorBox__avatar noMobi\"><img src=\"https:\/\/files.sunoresearch.com.br\/n\/uploads\/2021\/01\/178e6598-foto-perfil-2-150x150.jpg\" alt=\"Jader Lazarini\"><\/a><div class=\"authorBox__name\"><span>por\n\t\t\t<a href=\"https:\/\/www.suno.com.br\/noticias\/author\/jader-lazarini\/\"><span itemprop=\"author\">Jader Lazarini<\/span><\/a><\/span><time datetime=\"2020-03-18T07:41:18-03:00\" itemprop=\"datePublished\">18\/03\/2020 07:41<\/time><\/div><\/div><\/div><\/div><\/div>","single_layout":"posts","amp_enabled":true,"_links":{"self":[{"href":"https:\/\/www.suno.com.br\/noticias\/wp-json\/wp\/v2\/posts\/57241"}],"collection":[{"href":"https:\/\/www.suno.com.br\/noticias\/wp-json\/wp\/v2\/posts"}],"about":[{"href":"https:\/\/www.suno.com.br\/noticias\/wp-json\/wp\/v2\/types\/post"}],"author":[{"embeddable":true,"href":"https:\/\/www.suno.com.br\/noticias\/wp-json\/wp\/v2\/users\/24"}],"replies":[{"embeddable":true,"href":"https:\/\/www.suno.com.br\/noticias\/wp-json\/wp\/v2\/comments?post=57241"}],"version-history":[{"count":0,"href":"https:\/\/www.suno.com.br\/noticias\/wp-json\/wp\/v2\/posts\/57241\/revisions"}],"wp:featuredmedia":[{"embeddable":true,"href":"https:\/\/www.suno.com.br\/noticias\/wp-json\/wp\/v2\/media\/57242"}],"wp:attachment":[{"href":"https:\/\/www.suno.com.br\/noticias\/wp-json\/wp\/v2\/media?parent=57241"}],"wp:term":[{"taxonomy":"category","embeddable":true,"href":"https:\/\/www.suno.com.br\/noticias\/wp-json\/wp\/v2\/categories?post=57241"},{"taxonomy":"post_tag","embeddable":true,"href":"https:\/\/www.suno.com.br\/noticias\/wp-json\/wp\/v2\/tags?post=57241"},{"taxonomy":"suno_strategy","embeddable":true,"href":"https:\/\/www.suno.com.br\/noticias\/wp-json\/wp\/v2\/suno_strategy?post=57241"}],"curies":[{"name":"wp","href":"https:\/\/api.w.org\/{rel}","templated":true}]}}