{"id":57239,"date":"2020-03-18T06:57:09","date_gmt":"2020-03-18T09:57:09","guid":{"rendered":"https:\/\/www.suno.com.br\/noticias\/?p=57239"},"modified":"2020-03-18T06:57:31","modified_gmt":"2020-03-18T09:57:31","slug":"coronavirus-facebook-doara-us-100-mi-pequenas-empresas","status":"publish","type":"post","link":"https:\/\/www.suno.com.br\/noticias\/coronavirus-facebook-doara-us-100-mi-pequenas-empresas\/","title":{"rendered":"Coronav\u00edrus: Facebook doar\u00e1 at\u00e9 US$ 100 mi para empresas de pequeno porte"},"content":{"rendered":"<p>O <strong>Facebook<\/strong> anunciou, na \u00faltima ter\u00e7a-feira (17), que ir\u00e1 ajudar at\u00e9 30 mil empresas de pequeno porte, de 30 pa\u00edses, com a quantia de US$ 100 milh\u00f5es. Al\u00e9m de um valor em dinheiro, a empresa de<a href=\"https:\/\/www.suno.com.br\/tudo-sobre\/mark-zuckerberg\/\"> <strong>Mark<\/strong> <strong>Zuckerberg<\/strong><\/a> ir\u00e1 oferecer seu site para a divulga\u00e7\u00e3o de an\u00fancios para ajudar essas companhias durante essa quarentena provocada em decorr\u00eancia da pandemia de <strong>coronav\u00edrus<\/strong>.<\/p>\t<div class=\"wrapper-featured-image\">\n\t\t<figure class=\"spotlightImg\">\n\n\t\t\t<picture>\n\t\t\t\t<source media=\"(max-width: 768px)\" srcset=\"https:\/\/files.sunoresearch.com.br\/n\/uploads\/2019\/11\/12afd339-facebook-400x200.webp\">\n\t\t\t\t<img loading=\"lazy\" decoding=\"async\" class=\"newsContent__article__imgCapa lazyloadDisabled newsContent__article__imgCapa--noCaption\" src=\"https:\/\/files.sunoresearch.com.br\/n\/uploads\/2019\/11\/12afd339-facebook-800x450.webp\" width=\"800\" height=\"450\" alt=\"Coronav\u00edrus: Facebook doar\u00e1 at\u00e9 US$ 100 mi para empresas de pequeno porte\" fetchpriority=high \/>\n\t\t\t<\/picture>\n\n\t\t\t<figcaption class=\"wp-caption-text wp-caption-text--hide\">Facebook estende at\u00e9 31 de agosto programa para PMEs.<\/figcaption>\n\t\t<\/figure>\n\t<\/div>\n\n\n\n<p>A empresa n\u00e3o informou como ser\u00e1 dividida as partes para os pa\u00edses que receber\u00e3o essa assist\u00eancia, por\u00e9m comunicou que ir\u00e1 detalhar em breve os passos para a solicita\u00e7\u00e3o da ajuda.<\/p>\n\t<p>\n\t\t<a href=\"https:\/\/www.suno.com.br\/asset\/fundos\/suno-acoes-xp-seg-prev\/\" target=\"_blank\" data-element=\"shortcode-suno-banner\" title=\"Banner SUNO, clique e saiba mais\">\n\t\t\t<picture>\n\t\t\t\t<source media=\"(max-width: 500px)\" srcset=\"https:\/\/files.sunoresearch.com.br\/n\/uploads\/2023\/10\/SUNOPREV-v2-400x300-Mobile-Artigos-3.png\">\n\t\t\t\t<img class=\"newsContent__article__imgCapa newsContent__article__imgCapa--banner\"\n\t\t\t\t\tsrc=\"https:\/\/files.sunoresearch.com.br\/n\/uploads\/2023\/10\/SUNOPREV-v2-1420x240-Banner-Artigos-1-_-Banner-Materias-1.png\"\n\t\t\t\t\tdata-promo-id=\"476311\"\t\t\t\t\t\t\t\t\t\twidth='1420' height='240'\t\t\t\t\talt=\"https:\/\/files.sunoresearch.com.br\/n\/uploads\/2023\/10\/SUNOPREV-v2-1420x240-Banner-Artigos-1-_-Banner-Materias-1.png\"\n\t\t\t\t>\n\t\t\t<\/picture>\n\t\t<\/a>\n\t<\/p>\n\n\n<p>De acordo com uma fala proferida pela vice-presidente de opera\u00e7\u00f5es do Facebook, Sheryl Sandberg, a ruptura econ\u00f4mica que o v\u00edrus est\u00e1 trazendo como uma das consequ\u00eancias pode ser um grande risco para as pequenas empresas.<\/p>\n<p>\u201cOuvimos pequenas empresas para entender como podemos ajud\u00e1-las da melhor maneira. Ouvimos alto e claro que o apoio financeiro pode permitir que as empresas mantenham as luzes acesas e paguem as pessoas que n\u00e3o podem trabalhar\u201d, disse Sandberg.<\/p>\n<h2>Empresas que est\u00e3o aumentando a demanda mesmo com o cen\u00e1rio negativo do coronav\u00edrus:<\/h2>\n<p>O <strong>Rappi\u00a0<\/strong>viu sua demanda triplicar nos \u00faltimos dias devido a crise do novo <strong>coronav\u00edrus<\/strong>. A companhia informou que o n\u00famero de pedidos pelo aplicativo teve uma alta de 30% na Am\u00e9rica Latina. O avan\u00e7o dos n\u00fameros pode ter rela\u00e7\u00e3o com as recomenda\u00e7\u00f5es de quarentena, como medida de prote\u00e7\u00e3o contra o Covid-19.<\/p>\n<p><a href=\"https:\/\/www.suno.com.br\/nossas-assinaturas\/suno-premium\/\">Saiba mais: Oportunidades \u00fanicas surgiram com a queda na bolsa! Aproveite e acesse agora nossos relat\u00f3rios para assinantes.<\/a><\/p>\n<p>O Rappi \u00e9 um aplicativo de servi\u00e7o delivery, que teve sua demanda elevada nos \u00faltimos dias por conta do aumento da procura do servi\u00e7o para entrega de produtos de supermercados, farm\u00e1cias e restaurantes.<\/p>\n<p>Espera-se que, com as determina\u00e7\u00f5es de quarentena, empresas focadas no online, como \u00e9 o caso da <strong>Amazon<\/strong>, do <strong>iFood<\/strong> e da pr\u00f3pria <strong>Rappi<\/strong> comecem a se destacar no mercado, em meio a tantas companhias que est\u00e3o sendo prejudicadas pela pandemia de <strong>coronav\u00edrus<\/strong>, como as a\u00e9reas ao redor do mundo.<\/p>\n\n","protected":false},"excerpt":{"rendered":"<p>O Facebook anunciou, na \u00faltima ter\u00e7a-feira (17), que ir\u00e1 ajudar at\u00e9 30 mil empresas de pequeno porte, de 30 pa\u00edses, com a quantia de US$ 100 milh\u00f5es. Al\u00e9m de um valor em dinheiro, a empresa de Mark Zuckerberg ir\u00e1 oferecer seu site para a divulga\u00e7\u00e3o de an\u00fancios para ajudar essas companhias durante essa quarentena provocada [&hellip;]<\/p>\n","protected":false},"author":19,"featured_media":44803,"comment_status":"closed","ping_status":"closed","sticky":false,"template":"","format":"standard","meta":[],"categories":[64],"tags":[2487,733],"suno_strategy":[],"class_list":["post-57239","post","type-post","status-publish","format-standard","has-post-thumbnail","hentry","category-negocios","tag-coronavirus","tag-facebook-fbok34"],"yoast_head":"<!-- This site is optimized with the Yoast SEO plugin v24.4 - https:\/\/yoast.com\/wordpress\/plugins\/seo\/ -->\n<title>Coronav\u00edrus: Facebook doar\u00e1 at\u00e9 US$ 100 mi para pequenas empresas<\/title>\n<meta name=\"description\" content=\"O Facebook ir\u00e1 ajudar at\u00e9 30 mil pequenas empresas, de 30 pa\u00edses, com a quantia de US$ 100 milh\u00f5es por conta do coronav\u00edrus. Saiba mais.\" \/>\n<meta name=\"robots\" content=\"index, follow, max-snippet:-1, max-image-preview:large, max-video-preview:-1\" \/>\n<link rel=\"canonical\" href=\"https:\/\/www.suno.com.br\/noticias\/coronavirus-facebook-doara-us-100-mi-pequenas-empresas\/\" \/>\n<meta property=\"og:locale\" content=\"pt_BR\" \/>\n<meta property=\"og:type\" content=\"article\" \/>\n<meta property=\"og:title\" content=\"Coronav\u00edrus: Facebook doar\u00e1 at\u00e9 US$ 100 mi para pequenas empresas\" \/>\n<meta property=\"og:description\" content=\"O Facebook ir\u00e1 ajudar at\u00e9 30 mil pequenas empresas, de 30 pa\u00edses, com a quantia de US$ 100 milh\u00f5es por conta do coronav\u00edrus. Saiba mais.\" \/>\n<meta property=\"og:url\" content=\"https:\/\/www.suno.com.br\/noticias\/coronavirus-facebook-doara-us-100-mi-pequenas-empresas\/\" \/>\n<meta property=\"og:site_name\" content=\"Suno Not\u00edcias\" \/>\n<meta property=\"article:publisher\" content=\"https:\/\/facebook.com\/sunoresearch\" \/>\n<meta property=\"og:image\" content=\"https:\/\/files.sunoresearch.com.br\/n\/uploads\/2019\/11\/12afd339-facebook.jpg\" \/>\n\t<meta property=\"og:image:width\" content=\"1200\" \/>\n\t<meta property=\"og:image:height\" content=\"800\" \/>\n\t<meta property=\"og:image:type\" content=\"image\/jpeg\" \/>\n<meta name=\"author\" content=\"Juliano Passaro\" \/>\n<meta name=\"twitter:card\" content=\"summary_large_image\" \/>\n<meta name=\"twitter:creator\" content=\"@sunoresearch\" \/>\n<meta name=\"twitter:site\" content=\"@sunoresearch\" \/>\n<meta name=\"twitter:label1\" content=\"Escrito por\" \/>\n\t<meta name=\"twitter:data1\" content=\"Juliano Passaro\" \/>\n\t<meta name=\"twitter:label2\" content=\"Est. tempo de leitura\" \/>\n\t<meta name=\"twitter:data2\" content=\"2 minutos\" \/>\n<script type=\"application\/ld+json\" class=\"yoast-schema-graph\">{\"@context\":\"https:\/\/schema.org\",\"@graph\":[{\"@type\":\"NewsArticle\",\"@id\":\"https:\/\/www.suno.com.br\/noticias\/coronavirus-facebook-doara-us-100-mi-pequenas-empresas\/#article\",\"isPartOf\":{\"@id\":\"https:\/\/www.suno.com.br\/noticias\/coronavirus-facebook-doara-us-100-mi-pequenas-empresas\/\"},\"author\":{\"name\":\"Juliano Passaro\",\"@id\":\"https:\/\/www.suno.com.br\/noticias\/#\/schema\/person\/1db762f78ffd8919a648a63e425953e3\"},\"headline\":\"Coronav\u00edrus: Facebook doar\u00e1 at\u00e9 US$ 100 mi para empresas de pequeno porte\",\"datePublished\":\"2020-03-18T09:57:09+00:00\",\"dateModified\":\"2020-03-18T09:57:31+00:00\",\"mainEntityOfPage\":{\"@id\":\"https:\/\/www.suno.com.br\/noticias\/coronavirus-facebook-doara-us-100-mi-pequenas-empresas\/\"},\"wordCount\":385,\"publisher\":{\"@id\":\"https:\/\/www.suno.com.br\/noticias\/#organization\"},\"image\":{\"@id\":\"https:\/\/www.suno.com.br\/noticias\/coronavirus-facebook-doara-us-100-mi-pequenas-empresas\/#primaryimage\"},\"thumbnailUrl\":\"https:\/\/files.sunoresearch.com.br\/n\/uploads\/2019\/11\/12afd339-facebook-jpg.webp\",\"keywords\":[\"coronav\u00edrus\",\"Facebook (FBOK34)\"],\"articleSection\":[\"Neg\u00f3cios\"],\"inLanguage\":\"pt-BR\"},{\"@type\":\"WebPage\",\"@id\":\"https:\/\/www.suno.com.br\/noticias\/coronavirus-facebook-doara-us-100-mi-pequenas-empresas\/\",\"url\":\"https:\/\/www.suno.com.br\/noticias\/coronavirus-facebook-doara-us-100-mi-pequenas-empresas\/\",\"name\":\"Coronav\u00edrus: Facebook doar\u00e1 at\u00e9 US$ 100 mi para pequenas empresas\",\"isPartOf\":{\"@id\":\"https:\/\/www.suno.com.br\/noticias\/#website\"},\"primaryImageOfPage\":{\"@id\":\"https:\/\/www.suno.com.br\/noticias\/coronavirus-facebook-doara-us-100-mi-pequenas-empresas\/#primaryimage\"},\"image\":{\"@id\":\"https:\/\/www.suno.com.br\/noticias\/coronavirus-facebook-doara-us-100-mi-pequenas-empresas\/#primaryimage\"},\"thumbnailUrl\":\"https:\/\/files.sunoresearch.com.br\/n\/uploads\/2019\/11\/12afd339-facebook-jpg.webp\",\"datePublished\":\"2020-03-18T09:57:09+00:00\",\"dateModified\":\"2020-03-18T09:57:31+00:00\",\"description\":\"O Facebook ir\u00e1 ajudar at\u00e9 30 mil pequenas empresas, de 30 pa\u00edses, com a quantia de US$ 100 milh\u00f5es por conta do coronav\u00edrus. Saiba mais.\",\"breadcrumb\":{\"@id\":\"https:\/\/www.suno.com.br\/noticias\/coronavirus-facebook-doara-us-100-mi-pequenas-empresas\/#breadcrumb\"},\"inLanguage\":\"pt-BR\",\"potentialAction\":[{\"@type\":\"ReadAction\",\"target\":[\"https:\/\/www.suno.com.br\/noticias\/coronavirus-facebook-doara-us-100-mi-pequenas-empresas\/\"]}]},{\"@type\":\"ImageObject\",\"inLanguage\":\"pt-BR\",\"@id\":\"https:\/\/www.suno.com.br\/noticias\/coronavirus-facebook-doara-us-100-mi-pequenas-empresas\/#primaryimage\",\"url\":\"https:\/\/files.sunoresearch.com.br\/n\/uploads\/2019\/11\/12afd339-facebook-jpg.webp\",\"contentUrl\":\"https:\/\/files.sunoresearch.com.br\/n\/uploads\/2019\/11\/12afd339-facebook-jpg.webp\",\"width\":1200,\"height\":800,\"caption\":\"Facebook estende at\u00e9 31 de agosto programa para PMEs.\"},{\"@type\":\"BreadcrumbList\",\"@id\":\"https:\/\/www.suno.com.br\/noticias\/coronavirus-facebook-doara-us-100-mi-pequenas-empresas\/#breadcrumb\",\"itemListElement\":[{\"@type\":\"ListItem\",\"position\":1,\"name\":\"Not\u00edcias\",\"item\":\"https:\/\/www.suno.com.br\/noticias\/\"},{\"@type\":\"ListItem\",\"position\":2,\"name\":\"Neg\u00f3cios\",\"item\":\"https:\/\/www.suno.com.br\/noticias\/negocios\/\"},{\"@type\":\"ListItem\",\"position\":3,\"name\":\"Coronav\u00edrus: Facebook doar\u00e1 at\u00e9 US$ 100 mi para empresas de pequeno porte\"}]},{\"@type\":\"WebSite\",\"@id\":\"https:\/\/www.suno.com.br\/noticias\/#website\",\"url\":\"https:\/\/www.suno.com.br\/noticias\/\",\"name\":\"Suno Not\u00edcias\",\"description\":\"Seu portal de informa\u00e7\u00e3o sobre o mundo dos investimentos\",\"publisher\":{\"@id\":\"https:\/\/www.suno.com.br\/noticias\/#organization\"},\"potentialAction\":[{\"@type\":\"SearchAction\",\"target\":{\"@type\":\"EntryPoint\",\"urlTemplate\":\"https:\/\/www.suno.com.br\/noticias\/?s={search_term_string}\"},\"query-input\":{\"@type\":\"PropertyValueSpecification\",\"valueRequired\":true,\"valueName\":\"search_term_string\"}}],\"inLanguage\":\"pt-BR\"},{\"@type\":\"Organization\",\"@id\":\"https:\/\/www.suno.com.br\/noticias\/#organization\",\"name\":\"Suno Not\u00edcias\",\"url\":\"https:\/\/www.suno.com.br\/noticias\/\",\"logo\":{\"@type\":\"ImageObject\",\"inLanguage\":\"pt-BR\",\"@id\":\"https:\/\/www.suno.com.br\/noticias\/#\/schema\/logo\/image\/\",\"url\":\"https:\/\/files.sunoresearch.com.br\/n\/uploads\/2021\/09\/suno-logo.png\",\"contentUrl\":\"https:\/\/files.sunoresearch.com.br\/n\/uploads\/2021\/09\/suno-logo.png\",\"width\":180,\"height\":180,\"caption\":\"Suno Not\u00edcias\"},\"image\":{\"@id\":\"https:\/\/www.suno.com.br\/noticias\/#\/schema\/logo\/image\/\"},\"sameAs\":[\"https:\/\/facebook.com\/sunoresearch\",\"https:\/\/x.com\/sunoresearch\",\"https:\/\/www.instagram.com\/suno\",\"https:\/\/www.linkedin.com\/company\/suno-research\/\",\"https:\/\/www.youtube.com\/c\/sunoresearch\"]},{\"@type\":\"Person\",\"@id\":\"https:\/\/www.suno.com.br\/noticias\/#\/schema\/person\/1db762f78ffd8919a648a63e425953e3\",\"name\":\"Juliano Passaro\",\"image\":{\"@type\":\"ImageObject\",\"inLanguage\":\"pt-BR\",\"@id\":\"https:\/\/www.suno.com.br\/noticias\/#\/schema\/person\/image\/\",\"url\":\"https:\/\/secure.gravatar.com\/avatar\/743d4df28eebf6dcc46b4ad03c319e92?s=96&r=g\",\"contentUrl\":\"https:\/\/secure.gravatar.com\/avatar\/743d4df28eebf6dcc46b4ad03c319e92?s=96&r=g\",\"caption\":\"Juliano Passaro\"},\"description\":\"Juliano Passaro escreve sobre pol\u00edtica, economia e neg\u00f3cios para o portal da Suno Research. Antes da Suno, trabalhou no Portal da Band. \u00c9 formado em jornalismo pela Universidade Presbiteriana Mackenzie.\",\"url\":\"https:\/\/www.suno.com.br\/noticias\/author\/juliano\/\"}]}<\/script>\n<!-- \/ Yoast SEO plugin. -->","yoast_head_json":{"title":"Coronav\u00edrus: Facebook doar\u00e1 at\u00e9 US$ 100 mi para pequenas empresas","description":"O Facebook ir\u00e1 ajudar at\u00e9 30 mil pequenas empresas, de 30 pa\u00edses, com a quantia de US$ 100 milh\u00f5es por conta do coronav\u00edrus. Saiba mais.","robots":{"index":"index","follow":"follow","max-snippet":"max-snippet:-1","max-image-preview":"max-image-preview:large","max-video-preview":"max-video-preview:-1"},"canonical":"https:\/\/www.suno.com.br\/noticias\/coronavirus-facebook-doara-us-100-mi-pequenas-empresas\/","og_locale":"pt_BR","og_type":"article","og_title":"Coronav\u00edrus: Facebook doar\u00e1 at\u00e9 US$ 100 mi para pequenas empresas","og_description":"O Facebook ir\u00e1 ajudar at\u00e9 30 mil pequenas empresas, de 30 pa\u00edses, com a quantia de US$ 100 milh\u00f5es por conta do coronav\u00edrus. Saiba mais.","og_url":"https:\/\/www.suno.com.br\/noticias\/coronavirus-facebook-doara-us-100-mi-pequenas-empresas\/","og_site_name":"Suno Not\u00edcias","article_publisher":"https:\/\/facebook.com\/sunoresearch","og_image":[{"width":1200,"height":800,"url":"https:\/\/files.sunoresearch.com.br\/n\/uploads\/2019\/11\/12afd339-facebook.jpg","type":"image\/jpeg"}],"author":"Juliano Passaro","twitter_card":"summary_large_image","twitter_creator":"@sunoresearch","twitter_site":"@sunoresearch","twitter_misc":{"Escrito por":"Juliano Passaro","Est. tempo de leitura":"2 minutos"},"schema":{"@context":"https:\/\/schema.org","@graph":[{"@type":"NewsArticle","@id":"https:\/\/www.suno.com.br\/noticias\/coronavirus-facebook-doara-us-100-mi-pequenas-empresas\/#article","isPartOf":{"@id":"https:\/\/www.suno.com.br\/noticias\/coronavirus-facebook-doara-us-100-mi-pequenas-empresas\/"},"author":{"name":"Juliano Passaro","@id":"https:\/\/www.suno.com.br\/noticias\/#\/schema\/person\/1db762f78ffd8919a648a63e425953e3"},"headline":"Coronav\u00edrus: Facebook doar\u00e1 at\u00e9 US$ 100 mi para empresas de pequeno porte","datePublished":"2020-03-18T09:57:09+00:00","dateModified":"2020-03-18T09:57:31+00:00","mainEntityOfPage":{"@id":"https:\/\/www.suno.com.br\/noticias\/coronavirus-facebook-doara-us-100-mi-pequenas-empresas\/"},"wordCount":385,"publisher":{"@id":"https:\/\/www.suno.com.br\/noticias\/#organization"},"image":{"@id":"https:\/\/www.suno.com.br\/noticias\/coronavirus-facebook-doara-us-100-mi-pequenas-empresas\/#primaryimage"},"thumbnailUrl":"https:\/\/files.sunoresearch.com.br\/n\/uploads\/2019\/11\/12afd339-facebook-jpg.webp","keywords":["coronav\u00edrus","Facebook (FBOK34)"],"articleSection":["Neg\u00f3cios"],"inLanguage":"pt-BR"},{"@type":"WebPage","@id":"https:\/\/www.suno.com.br\/noticias\/coronavirus-facebook-doara-us-100-mi-pequenas-empresas\/","url":"https:\/\/www.suno.com.br\/noticias\/coronavirus-facebook-doara-us-100-mi-pequenas-empresas\/","name":"Coronav\u00edrus: Facebook doar\u00e1 at\u00e9 US$ 100 mi para pequenas empresas","isPartOf":{"@id":"https:\/\/www.suno.com.br\/noticias\/#website"},"primaryImageOfPage":{"@id":"https:\/\/www.suno.com.br\/noticias\/coronavirus-facebook-doara-us-100-mi-pequenas-empresas\/#primaryimage"},"image":{"@id":"https:\/\/www.suno.com.br\/noticias\/coronavirus-facebook-doara-us-100-mi-pequenas-empresas\/#primaryimage"},"thumbnailUrl":"https:\/\/files.sunoresearch.com.br\/n\/uploads\/2019\/11\/12afd339-facebook-jpg.webp","datePublished":"2020-03-18T09:57:09+00:00","dateModified":"2020-03-18T09:57:31+00:00","description":"O Facebook ir\u00e1 ajudar at\u00e9 30 mil pequenas empresas, de 30 pa\u00edses, com a quantia de US$ 100 milh\u00f5es por conta do coronav\u00edrus. Saiba mais.","breadcrumb":{"@id":"https:\/\/www.suno.com.br\/noticias\/coronavirus-facebook-doara-us-100-mi-pequenas-empresas\/#breadcrumb"},"inLanguage":"pt-BR","potentialAction":[{"@type":"ReadAction","target":["https:\/\/www.suno.com.br\/noticias\/coronavirus-facebook-doara-us-100-mi-pequenas-empresas\/"]}]},{"@type":"ImageObject","inLanguage":"pt-BR","@id":"https:\/\/www.suno.com.br\/noticias\/coronavirus-facebook-doara-us-100-mi-pequenas-empresas\/#primaryimage","url":"https:\/\/files.sunoresearch.com.br\/n\/uploads\/2019\/11\/12afd339-facebook-jpg.webp","contentUrl":"https:\/\/files.sunoresearch.com.br\/n\/uploads\/2019\/11\/12afd339-facebook-jpg.webp","width":1200,"height":800,"caption":"Facebook estende at\u00e9 31 de agosto programa para PMEs."},{"@type":"BreadcrumbList","@id":"https:\/\/www.suno.com.br\/noticias\/coronavirus-facebook-doara-us-100-mi-pequenas-empresas\/#breadcrumb","itemListElement":[{"@type":"ListItem","position":1,"name":"Not\u00edcias","item":"https:\/\/www.suno.com.br\/noticias\/"},{"@type":"ListItem","position":2,"name":"Neg\u00f3cios","item":"https:\/\/www.suno.com.br\/noticias\/negocios\/"},{"@type":"ListItem","position":3,"name":"Coronav\u00edrus: Facebook doar\u00e1 at\u00e9 US$ 100 mi para empresas de pequeno porte"}]},{"@type":"WebSite","@id":"https:\/\/www.suno.com.br\/noticias\/#website","url":"https:\/\/www.suno.com.br\/noticias\/","name":"Suno Not\u00edcias","description":"Seu portal de informa\u00e7\u00e3o sobre o mundo dos investimentos","publisher":{"@id":"https:\/\/www.suno.com.br\/noticias\/#organization"},"potentialAction":[{"@type":"SearchAction","target":{"@type":"EntryPoint","urlTemplate":"https:\/\/www.suno.com.br\/noticias\/?s={search_term_string}"},"query-input":{"@type":"PropertyValueSpecification","valueRequired":true,"valueName":"search_term_string"}}],"inLanguage":"pt-BR"},{"@type":"Organization","@id":"https:\/\/www.suno.com.br\/noticias\/#organization","name":"Suno Not\u00edcias","url":"https:\/\/www.suno.com.br\/noticias\/","logo":{"@type":"ImageObject","inLanguage":"pt-BR","@id":"https:\/\/www.suno.com.br\/noticias\/#\/schema\/logo\/image\/","url":"https:\/\/files.sunoresearch.com.br\/n\/uploads\/2021\/09\/suno-logo.png","contentUrl":"https:\/\/files.sunoresearch.com.br\/n\/uploads\/2021\/09\/suno-logo.png","width":180,"height":180,"caption":"Suno Not\u00edcias"},"image":{"@id":"https:\/\/www.suno.com.br\/noticias\/#\/schema\/logo\/image\/"},"sameAs":["https:\/\/facebook.com\/sunoresearch","https:\/\/x.com\/sunoresearch","https:\/\/www.instagram.com\/suno","https:\/\/www.linkedin.com\/company\/suno-research\/","https:\/\/www.youtube.com\/c\/sunoresearch"]},{"@type":"Person","@id":"https:\/\/www.suno.com.br\/noticias\/#\/schema\/person\/1db762f78ffd8919a648a63e425953e3","name":"Juliano Passaro","image":{"@type":"ImageObject","inLanguage":"pt-BR","@id":"https:\/\/www.suno.com.br\/noticias\/#\/schema\/person\/image\/","url":"https:\/\/secure.gravatar.com\/avatar\/743d4df28eebf6dcc46b4ad03c319e92?s=96&r=g","contentUrl":"https:\/\/secure.gravatar.com\/avatar\/743d4df28eebf6dcc46b4ad03c319e92?s=96&r=g","caption":"Juliano Passaro"},"description":"Juliano Passaro escreve sobre pol\u00edtica, economia e neg\u00f3cios para o portal da Suno Research. Antes da Suno, trabalhou no Portal da Band. \u00c9 formado em jornalismo pela Universidade Presbiteriana Mackenzie.","url":"https:\/\/www.suno.com.br\/noticias\/author\/juliano\/"}]}},"default_loop_html":"<div class=\"cardsPage__listCard__boxs\"><div class=\"cardsPage__listCard__boxs__img\"><a href=\"https:\/\/www.suno.com.br\/noticias\/coronavirus-facebook-doara-us-100-mi-pequenas-empresas\/\"><img class=\"mask\" src=\"https:\/\/www.suno.com.br\/noticias\/wp-content\/themes\/suno\/resources\/images\/spotlight\/spotlight1img\/bg-mask.png\" alt=\"Image Mask\"\/><img src=\"https:\/\/files.sunoresearch.com.br\/n\/uploads\/2019\/11\/12afd339-facebook-400x200.webp\" alt=\"Coronav\u00edrus: Facebook doar\u00e1 at\u00e9 US$ 100 mi para empresas de pequeno porte\"\/><\/a><span class=\"spotlightCategory\"><a href=\"https:\/\/www.suno.com.br\/noticias\/negocios\/\">Neg\u00f3cios<\/a><\/span><\/div><div class=\"cardsPage__listCard__boxs__content\"><a href=\"https:\/\/www.suno.com.br\/noticias\/coronavirus-facebook-doara-us-100-mi-pequenas-empresas\/\"><h2 class=\"content__title\">Coronav\u00edrus: Facebook doar\u00e1 at\u00e9 US$ 100 mi para empresas de pequeno porte<\/h2><\/a><div class=\"newsContent__article__meta\"><div class=\"newsContent__article__meta__authorBox\"><a href=\"https:\/\/www.suno.com.br\/noticias\/author\/juliano\/\" class=\"authorBox__avatar noMobi\"><img src=\"https:\/\/files.sunoresearch.com.br\/n\/uploads\/2019\/06\/7cc3efea-whatsapp-image-2019-07-18-at-21.59.33-e1563499821209-150x150.webp\" alt=\"Juliano Passaro\"><\/a><div class=\"authorBox__name\"><span>por\n\t\t\t<a href=\"https:\/\/www.suno.com.br\/noticias\/author\/juliano\/\"><span itemprop=\"author\">Juliano Passaro<\/span><\/a><\/span><time datetime=\"2020-03-18T06:57:09-03:00\" itemprop=\"datePublished\">18\/03\/2020 06:57<\/time><\/div><\/div><\/div><\/div><\/div>","single_layout":"posts","amp_enabled":true,"_links":{"self":[{"href":"https:\/\/www.suno.com.br\/noticias\/wp-json\/wp\/v2\/posts\/57239"}],"collection":[{"href":"https:\/\/www.suno.com.br\/noticias\/wp-json\/wp\/v2\/posts"}],"about":[{"href":"https:\/\/www.suno.com.br\/noticias\/wp-json\/wp\/v2\/types\/post"}],"author":[{"embeddable":true,"href":"https:\/\/www.suno.com.br\/noticias\/wp-json\/wp\/v2\/users\/19"}],"replies":[{"embeddable":true,"href":"https:\/\/www.suno.com.br\/noticias\/wp-json\/wp\/v2\/comments?post=57239"}],"version-history":[{"count":0,"href":"https:\/\/www.suno.com.br\/noticias\/wp-json\/wp\/v2\/posts\/57239\/revisions"}],"wp:featuredmedia":[{"embeddable":true,"href":"https:\/\/www.suno.com.br\/noticias\/wp-json\/wp\/v2\/media\/44803"}],"wp:attachment":[{"href":"https:\/\/www.suno.com.br\/noticias\/wp-json\/wp\/v2\/media?parent=57239"}],"wp:term":[{"taxonomy":"category","embeddable":true,"href":"https:\/\/www.suno.com.br\/noticias\/wp-json\/wp\/v2\/categories?post=57239"},{"taxonomy":"post_tag","embeddable":true,"href":"https:\/\/www.suno.com.br\/noticias\/wp-json\/wp\/v2\/tags?post=57239"},{"taxonomy":"suno_strategy","embeddable":true,"href":"https:\/\/www.suno.com.br\/noticias\/wp-json\/wp\/v2\/suno_strategy?post=57239"}],"curies":[{"name":"wp","href":"https:\/\/api.w.org\/{rel}","templated":true}]}}