{"id":572120,"date":"2024-08-23T17:43:54","date_gmt":"2024-08-23T20:43:54","guid":{"rendered":"https:\/\/www.suno.com.br\/noticias\/?p=572120"},"modified":"2024-08-23T18:02:13","modified_gmt":"2024-08-23T21:02:13","slug":"jerome-powell-corte-de-juros-federal-reserve-fed-evm","status":"publish","type":"post","link":"https:\/\/www.suno.com.br\/noticias\/jerome-powell-corte-de-juros-federal-reserve-fed-evm\/","title":{"rendered":"Powell confirmou corte de juros do Fed?"},"content":{"rendered":"<p>O presidente do <a class=\"suno-keyword\" data-force=\"no\" data-priority=\"2\" href=\"https:\/\/www.suno.com.br\/artigos\/fed\/\" target=\"_blank\" rel=\"noopener\">Federal Reserve (Fed)<\/a>, <a href=\"https:\/\/www.suno.com.br\/noticias\/tags\/jerome-powell\/\">Jerome <strong>Powell<\/strong><\/a>, deu declara\u00e7\u00f5es nesta sexta-feira (23) sinalizando para um poss\u00edvel corte de juros por parte da autoridade monet\u00e1ria americana j\u00e1 na pr\u00f3xima reuni\u00e3o, em setembro.<\/p><div class=\"videoFull \">\n\t\t\t<div class=\"videoWrapper yt-lazyload center\"\n\t\t\t\tdata-width=\"960\"\n\t\t\t\tdata-height=\"540\"\n\t\t\t\tdata-id=\"v3X1PPcGxGQ\"\n\t\t\t\tdata-alt=\"V\u00eddeo do YouTube - clique para reproduzir\"\n\t\t\t\tdata-logo=\"3\"\n\t\t\t\tdata-imagequality=\"maxres\">\n\t\t\t<\/div>\n\t\t<\/div><script type=\"application\/ld+json\">{\"@context\":\"https:\/\/schema.org\",\"@type\":\"VideoObject\",\"name\":\"\ud83d\udd34BUSCA E APREENS\u00c3O NAS CASAS BAHIA (BHIA3) | Ibovespa cai | Dividendos do Banco do Brasil (BBAS3)\",\"description\":\"\ud83d\udd34TENHA UMA CARTEIRA PERSONALIZADA: https:\/\/lp.suno.com.br\/ao\/consultoria-de-investimentos\/?utm_source=suno-noticias&utm_medium=live&utm_campaign=seuconsultorresponde&utm_content=22082024 \ud83d\udd34NOS ACOMPANHE TAMB\u00c9M NO SPOTIFY: https:\/\/open.spotify.com\/show\/3ABZtbDxwfChwiXhYiSZII 00:00 In\u00edcio do v\u00eddeo 01:20 Fechamento de preg\u00e3o 05:37 Busca e apreens\u00e3o nas Casas Bahia 08:13 Caso IRB 10:41 Atualiza\u00e7\u00e3o dividendos BBAS3 13:02 UBS-BB rebaixa ITUB4 15:35 Conselho da Oi aprova aumento de capital 17:20 Seu Consultor responde 26:26 Indicadores do dia & agenda\u2026\",\"duration\":\"PT28M50S\",\"embedUrl\":\"https:\/\/www.youtube.com\/embed\/v3X1PPcGxGQ\",\"regionsAllowed\":\"en-US\",\"interactionStatistic\":{\"@type\":\"InteractionCounter\",\"interactionType\":{\"@type\":\"WatchAction\"},\"userInteractionCount\":4461},\"thumbnailUrl\":\"https:\/\/i.ytimg.com\/vi\/v3X1PPcGxGQ\/default.jpg\",\"uploadDate\":\"2024-08-23T10:30:49Z\"}<\/script>\n\n\n\n\n\t<p>\n\t\t<a href=\"\" target=\"_blank\" data-element=\"shortcode-suno-banner\" title=\"Banner SUNO, clique e saiba mais\">\n\t\t\t<picture>\n\t\t\t\t<source media=\"(max-width: 500px)\" srcset=\"\">\n\t\t\t\t<img class=\"newsContent__article__imgCapa newsContent__article__imgCapa--banner\"\n\t\t\t\t\tsrc=\"\"\n\t\t\t\t\tdata-promo-id=\"240038\"\t\t\t\t\t\t\t\t\t\t\t\t\t\t\talt=\"\"\n\t\t\t\t>\n\t\t\t<\/picture>\n\t\t<\/a>\n\t<\/p>\n\n\n\n\n\n\n\n<p>As declara\u00e7\u00f5es de Powell v\u00eam em meio a uma revis\u00e3o de estimativas nas \u00faltimas semanas. Com os \u00faltimos dados de atividade econ\u00f4mica e de infla\u00e7\u00e3o, o mercado americano passou a projetar mais cortes do que antes, e tamb\u00e9m em datas mais pr\u00f3ximas.<\/p>\n\n\n\n<p>Durante o Simp\u00f3sio de Jackson Hole, o <strong><a href=\"https:\/\/www.federalreserve.gov\/\">presidente do Fed<\/a><\/strong> disse: \u201cOs riscos de alta para a infla\u00e7\u00e3o diminu\u00edram e a amea\u00e7a de queda do n\u00edvel de emprego aumentou. Chegou a hora de ajustarmos a <a class=\"suno-keyword\" data-force=\"no\" data-priority=\"1\" href=\"https:\/\/www.suno.com.br\/artigos\/politica-monetaria\/\" target=\"_blank\" rel=\"noopener\">pol\u00edtica monet\u00e1ria<\/a>&#8220;.<\/p>\n\n\n\n<p>O l\u00edder do <strong>banco central americano<\/strong> ainda acrescentou: \u201cA dire\u00e7\u00e3o a ser seguida \u00e9 clara, o ritmo dos <strong>cortes nos juros<\/strong> depender\u00e3o dos dados que chegarem, da evolu\u00e7\u00e3o das perspectivas e do equil\u00edbrio no balan\u00e7o de riscos&#8221;.<\/p>\n\n\n\n<p>Durante sua fala, ainda disse que a confian\u00e7a de que a infla\u00e7\u00e3o ir\u00e1 convergir para 2% aumentou.<\/p>\n\n\n\t<p>\n\t\t<a href=\"https:\/\/lp.suno.com.br\/ebook-gratuito-investindo-no-exterior\/\" target=\"_blank\" data-element=\"shortcode-suno-banner\" title=\"Banner SUNO, clique e saiba mais\">\n\t\t\t<picture>\n\t\t\t\t<source media=\"(max-width: 500px)\" srcset=\"https:\/\/files.sunoresearch.com.br\/n\/uploads\/2023\/03\/400x300-Investindo-no-exterior.png\">\n\t\t\t\t<img class=\"newsContent__article__imgCapa newsContent__article__imgCapa--banner\"\n\t\t\t\t\tsrc=\"https:\/\/files.sunoresearch.com.br\/n\/uploads\/2023\/03\/1420x240-Investindo-no-exterior.png\"\n\t\t\t\t\tdata-promo-id=\"383161\"\t\t\t\t\t\t\t\t\t\twidth='1420' height='240'\t\t\t\t\talt=\"https:\/\/files.sunoresearch.com.br\/n\/uploads\/2023\/03\/1420x240-Investindo-no-exterior.png\"\n\t\t\t\t>\n\t\t\t<\/picture>\n\t\t<\/a>\n\t<\/p>\n\n\n\n\n\n<h2 class=\"wp-block-heading\">Powell mostrou mudan\u00e7a de foco<\/h2>\n\n\n\n<p>Daniel Siluk, head de Global Short Duration &amp; Liquidity Group da Janus Henderson comenta que Powell explicou, de forma abrangente, a resposta do Fed aos desafios econ\u00f4micos que se apresentaram devido \u00e0 pandemia de Covid-19 e as suas consequ\u00eancias. <\/p>\n\n\n\n<p>&#8220;O discurso mostrou uma mudan\u00e7a de foco na pol\u00edtica monet\u00e1ria de equilibrar a dupla meta de controlar a infla\u00e7\u00e3o e dar apoio \u00e0 cria\u00e7\u00e3o de um <a class=\"suno-keyword\" target=\"_blank\" data-force=\"no\" data-priority=\"2\" href=\"https:\/\/www.suno.com.br\/artigos\/mercado-de-trabalho\/\" rel=\"noopener\">mercado de trabalho<\/a> forte, dando a entender que a era das eleva\u00e7\u00f5es mais dr\u00e1sticas das taxas de juros come\u00e7ar\u00e1 a dar lugar a um per\u00edodo de ajustes mais moderados&#8221;, analisa.<\/p>\n\n\n\n<p>&#8220;<strong>Powell<\/strong> deu \u00eanfase a que ajustes futuros na pol\u00edtica monet\u00e1ria v\u00e3o depender dos dados, refor\u00e7ando a import\u00e2ncia dos <a class=\"suno-keyword\" target=\"_blank\" data-force=\"no\" data-priority=\"1\" href=\"https:\/\/www.suno.com.br\/artigos\/indicadores-economicos\/\" rel=\"noopener\">indicadores econ\u00f4micos<\/a> a serem revelados em breve, em particular aqueles relacionados ao mercado de trabalho, para definir as decis\u00f5es do Fed sobre taxa de juros&#8221;, completa.<\/p>\n\n\n\t<p>\n\t\t<a href=\"https:\/\/lp.suno.com.br\/planilha-da-vida-financeira\/\" target=\"_blank\" data-element=\"shortcode-suno-banner\" title=\"Banner SUNO, clique e saiba mais\">\n\t\t\t<picture>\n\t\t\t\t<source media=\"(max-width: 500px)\" srcset=\"https:\/\/files.sunoresearch.com.br\/n\/uploads\/2023\/04\/400x300-Planilha-vida-financeira-true.png\">\n\t\t\t\t<img class=\"newsContent__article__imgCapa newsContent__article__imgCapa--banner\"\n\t\t\t\t\tsrc=\"https:\/\/files.sunoresearch.com.br\/n\/uploads\/2023\/04\/1420x240-Planilha-vida-financeira-true.png\"\n\t\t\t\t\tdata-promo-id=\"383123\"\t\t\t\t\t\t\t\t\t\twidth='1420' height='240'\t\t\t\t\talt=\"https:\/\/files.sunoresearch.com.br\/n\/uploads\/2023\/04\/1420x240-Planilha-vida-financeira-true.png\"\n\t\t\t\t>\n\t\t\t<\/picture>\n\t\t<\/a>\n\t<\/p>\n\n\n","protected":false},"excerpt":{"rendered":"<p>O presidente do Federal Reserve (Fed), Jerome Powell, deu declara\u00e7\u00f5es nesta sexta-feira (23) sinalizando para um poss\u00edvel corte de juros por parte da autoridade monet\u00e1ria americana j\u00e1 na pr\u00f3xima reuni\u00e3o, em setembro. As declara\u00e7\u00f5es de Powell v\u00eam em meio a uma revis\u00e3o de estimativas nas \u00faltimas semanas. Com os \u00faltimos dados de atividade econ\u00f4mica e [&hellip;]<\/p>\n","protected":false},"author":73,"featured_media":549820,"comment_status":"closed","ping_status":"closed","sticky":false,"template":"","format":"standard","meta":[],"categories":[63],"tags":[105816,776,1899],"suno_strategy":[],"class_list":["post-572120","post","type-post","status-publish","format-standard","has-post-thumbnail","hentry","category-internacional","tag-especialistas","tag-federal-reseve-fed","tag-jerome-powell"],"yoast_head":"<!-- This site is optimized with the Yoast SEO plugin v24.4 - https:\/\/yoast.com\/wordpress\/plugins\/seo\/ -->\n<title>Powell confirmou corte de juros do Fed?<\/title>\n<meta name=\"description\" content=\"As declara\u00e7\u00f5es de Powell v\u00eam em meio a uma revis\u00e3o de estimativas nas \u00faltimas semanas, com novos dados de infla\u00e7\u00e3o e atividade econ\u00f4mica\" \/>\n<meta name=\"robots\" content=\"index, follow, max-snippet:-1, max-image-preview:large, max-video-preview:-1\" \/>\n<link rel=\"canonical\" href=\"https:\/\/www.suno.com.br\/noticias\/jerome-powell-corte-de-juros-federal-reserve-fed-evm\/\" \/>\n<meta property=\"og:locale\" content=\"pt_BR\" \/>\n<meta property=\"og:type\" content=\"article\" \/>\n<meta property=\"og:title\" content=\"Powell confirmou corte de juros do Fed?\" \/>\n<meta property=\"og:description\" content=\"As declara\u00e7\u00f5es de Powell v\u00eam em meio a uma revis\u00e3o de estimativas nas \u00faltimas semanas, com novos dados de infla\u00e7\u00e3o e atividade econ\u00f4mica\" \/>\n<meta property=\"og:url\" content=\"https:\/\/www.suno.com.br\/noticias\/jerome-powell-corte-de-juros-federal-reserve-fed-evm\/\" \/>\n<meta property=\"og:site_name\" content=\"Suno Not\u00edcias\" \/>\n<meta property=\"article:publisher\" content=\"https:\/\/facebook.com\/sunoresearch\" \/>\n<meta property=\"og:image\" content=\"https:\/\/files.sunoresearch.com.br\/n\/uploads\/2024\/05\/Fed-FOMC-juros-Jero-Powell.jpg\" \/>\n\t<meta property=\"og:image:width\" content=\"2048\" \/>\n\t<meta property=\"og:image:height\" content=\"1365\" \/>\n\t<meta property=\"og:image:type\" content=\"image\/jpeg\" \/>\n<meta name=\"author\" content=\"Eduardo Vargas\" \/>\n<meta name=\"twitter:card\" content=\"summary_large_image\" \/>\n<meta name=\"twitter:creator\" content=\"@sunoresearch\" \/>\n<meta name=\"twitter:site\" content=\"@sunoresearch\" \/>\n<meta name=\"twitter:label1\" content=\"Escrito por\" \/>\n\t<meta name=\"twitter:data1\" content=\"Eduardo Vargas\" \/>\n\t<meta name=\"twitter:label2\" content=\"Est. tempo de leitura\" \/>\n\t<meta name=\"twitter:data2\" content=\"2 minutos\" \/>\n<script type=\"application\/ld+json\" class=\"yoast-schema-graph\">{\"@context\":\"https:\/\/schema.org\",\"@graph\":[{\"@type\":\"NewsArticle\",\"@id\":\"https:\/\/www.suno.com.br\/noticias\/jerome-powell-corte-de-juros-federal-reserve-fed-evm\/#article\",\"isPartOf\":{\"@id\":\"https:\/\/www.suno.com.br\/noticias\/jerome-powell-corte-de-juros-federal-reserve-fed-evm\/\"},\"author\":{\"name\":\"Eduardo Vargas\",\"@id\":\"https:\/\/www.suno.com.br\/noticias\/#\/schema\/person\/7f4d362bf3518e76090143ae77bb49a5\"},\"headline\":\"Powell confirmou corte de juros do Fed?\",\"datePublished\":\"2024-08-23T20:43:54+00:00\",\"dateModified\":\"2024-08-23T21:02:13+00:00\",\"mainEntityOfPage\":{\"@id\":\"https:\/\/www.suno.com.br\/noticias\/jerome-powell-corte-de-juros-federal-reserve-fed-evm\/\"},\"wordCount\":366,\"publisher\":{\"@id\":\"https:\/\/www.suno.com.br\/noticias\/#organization\"},\"image\":{\"@id\":\"https:\/\/www.suno.com.br\/noticias\/jerome-powell-corte-de-juros-federal-reserve-fed-evm\/#primaryimage\"},\"thumbnailUrl\":\"https:\/\/files.sunoresearch.com.br\/n\/uploads\/2024\/05\/Fed-FOMC-juros-Jero-Powell.jpg\",\"keywords\":[\"Especialistas\",\"Federal Reserve (FED)\",\"Jerome Powell\"],\"articleSection\":[\"Internacional\"],\"inLanguage\":\"pt-BR\"},{\"@type\":\"WebPage\",\"@id\":\"https:\/\/www.suno.com.br\/noticias\/jerome-powell-corte-de-juros-federal-reserve-fed-evm\/\",\"url\":\"https:\/\/www.suno.com.br\/noticias\/jerome-powell-corte-de-juros-federal-reserve-fed-evm\/\",\"name\":\"Powell confirmou corte de juros do Fed?\",\"isPartOf\":{\"@id\":\"https:\/\/www.suno.com.br\/noticias\/#website\"},\"primaryImageOfPage\":{\"@id\":\"https:\/\/www.suno.com.br\/noticias\/jerome-powell-corte-de-juros-federal-reserve-fed-evm\/#primaryimage\"},\"image\":{\"@id\":\"https:\/\/www.suno.com.br\/noticias\/jerome-powell-corte-de-juros-federal-reserve-fed-evm\/#primaryimage\"},\"thumbnailUrl\":\"https:\/\/files.sunoresearch.com.br\/n\/uploads\/2024\/05\/Fed-FOMC-juros-Jero-Powell.jpg\",\"datePublished\":\"2024-08-23T20:43:54+00:00\",\"dateModified\":\"2024-08-23T21:02:13+00:00\",\"description\":\"As declara\u00e7\u00f5es de Powell v\u00eam em meio a uma revis\u00e3o de estimativas nas \u00faltimas semanas, com novos dados de infla\u00e7\u00e3o e atividade econ\u00f4mica\",\"breadcrumb\":{\"@id\":\"https:\/\/www.suno.com.br\/noticias\/jerome-powell-corte-de-juros-federal-reserve-fed-evm\/#breadcrumb\"},\"inLanguage\":\"pt-BR\",\"potentialAction\":[{\"@type\":\"ReadAction\",\"target\":[\"https:\/\/www.suno.com.br\/noticias\/jerome-powell-corte-de-juros-federal-reserve-fed-evm\/\"]}]},{\"@type\":\"ImageObject\",\"inLanguage\":\"pt-BR\",\"@id\":\"https:\/\/www.suno.com.br\/noticias\/jerome-powell-corte-de-juros-federal-reserve-fed-evm\/#primaryimage\",\"url\":\"https:\/\/files.sunoresearch.com.br\/n\/uploads\/2024\/05\/Fed-FOMC-juros-Jero-Powell.jpg\",\"contentUrl\":\"https:\/\/files.sunoresearch.com.br\/n\/uploads\/2024\/05\/Fed-FOMC-juros-Jero-Powell.jpg\",\"width\":2048,\"height\":1365,\"caption\":\"Super Quarta e decis\u00e3o de juros nos EUA. Foto: Divulga\u00e7\u00e3o Federal Reserve\"},{\"@type\":\"BreadcrumbList\",\"@id\":\"https:\/\/www.suno.com.br\/noticias\/jerome-powell-corte-de-juros-federal-reserve-fed-evm\/#breadcrumb\",\"itemListElement\":[{\"@type\":\"ListItem\",\"position\":1,\"name\":\"Not\u00edcias\",\"item\":\"https:\/\/www.suno.com.br\/noticias\/\"},{\"@type\":\"ListItem\",\"position\":2,\"name\":\"Internacional\",\"item\":\"https:\/\/www.suno.com.br\/noticias\/internacional\/\"},{\"@type\":\"ListItem\",\"position\":3,\"name\":\"Powell confirmou corte de juros do Fed?\"}]},{\"@type\":\"WebSite\",\"@id\":\"https:\/\/www.suno.com.br\/noticias\/#website\",\"url\":\"https:\/\/www.suno.com.br\/noticias\/\",\"name\":\"Suno Not\u00edcias\",\"description\":\"Seu portal de informa\u00e7\u00e3o sobre o mundo dos investimentos\",\"publisher\":{\"@id\":\"https:\/\/www.suno.com.br\/noticias\/#organization\"},\"potentialAction\":[{\"@type\":\"SearchAction\",\"target\":{\"@type\":\"EntryPoint\",\"urlTemplate\":\"https:\/\/www.suno.com.br\/noticias\/?s={search_term_string}\"},\"query-input\":{\"@type\":\"PropertyValueSpecification\",\"valueRequired\":true,\"valueName\":\"search_term_string\"}}],\"inLanguage\":\"pt-BR\"},{\"@type\":\"Organization\",\"@id\":\"https:\/\/www.suno.com.br\/noticias\/#organization\",\"name\":\"Suno Not\u00edcias\",\"url\":\"https:\/\/www.suno.com.br\/noticias\/\",\"logo\":{\"@type\":\"ImageObject\",\"inLanguage\":\"pt-BR\",\"@id\":\"https:\/\/www.suno.com.br\/noticias\/#\/schema\/logo\/image\/\",\"url\":\"https:\/\/files.sunoresearch.com.br\/n\/uploads\/2021\/09\/suno-logo.png\",\"contentUrl\":\"https:\/\/files.sunoresearch.com.br\/n\/uploads\/2021\/09\/suno-logo.png\",\"width\":180,\"height\":180,\"caption\":\"Suno Not\u00edcias\"},\"image\":{\"@id\":\"https:\/\/www.suno.com.br\/noticias\/#\/schema\/logo\/image\/\"},\"sameAs\":[\"https:\/\/facebook.com\/sunoresearch\",\"https:\/\/x.com\/sunoresearch\",\"https:\/\/www.instagram.com\/suno\",\"https:\/\/www.linkedin.com\/company\/suno-research\/\",\"https:\/\/www.youtube.com\/c\/sunoresearch\"]},{\"@type\":\"Person\",\"@id\":\"https:\/\/www.suno.com.br\/noticias\/#\/schema\/person\/7f4d362bf3518e76090143ae77bb49a5\",\"name\":\"Eduardo Vargas\",\"image\":{\"@type\":\"ImageObject\",\"inLanguage\":\"pt-BR\",\"@id\":\"https:\/\/www.suno.com.br\/noticias\/#\/schema\/person\/image\/\",\"url\":\"https:\/\/secure.gravatar.com\/avatar\/dac340933427a22924c9f99d1eb2e3f2?s=96&r=g\",\"contentUrl\":\"https:\/\/secure.gravatar.com\/avatar\/dac340933427a22924c9f99d1eb2e3f2?s=96&r=g\",\"caption\":\"Eduardo Vargas\"},\"description\":\"Jornalista formado pela UFSC, cobre macroeconomia, neg\u00f3cios e startups para o Suno Not\u00edcias, escrevendo principalmente not\u00edcias sobre o mercado financeiro e a bolsa de valores. No YouTube e no Instagram, \u00e9 respons\u00e1vel pela produ\u00e7\u00e3o de Reels e Shorts do Suno Not\u00edcias. Anteriormente, trabalhou cobrindo economia e cotidiano no ND+ e para o ND, maior jornal impresso de Santa Catarina. Cursou um semestre letivo de Estudos de M\u00eddia na Universidad de Buenos Aires.\",\"url\":\"https:\/\/www.suno.com.br\/noticias\/author\/eduardo-vargas\/\"}]}<\/script>\n<!-- \/ Yoast SEO plugin. -->","yoast_head_json":{"title":"Powell confirmou corte de juros do Fed?","description":"As declara\u00e7\u00f5es de Powell v\u00eam em meio a uma revis\u00e3o de estimativas nas \u00faltimas semanas, com novos dados de infla\u00e7\u00e3o e atividade econ\u00f4mica","robots":{"index":"index","follow":"follow","max-snippet":"max-snippet:-1","max-image-preview":"max-image-preview:large","max-video-preview":"max-video-preview:-1"},"canonical":"https:\/\/www.suno.com.br\/noticias\/jerome-powell-corte-de-juros-federal-reserve-fed-evm\/","og_locale":"pt_BR","og_type":"article","og_title":"Powell confirmou corte de juros do Fed?","og_description":"As declara\u00e7\u00f5es de Powell v\u00eam em meio a uma revis\u00e3o de estimativas nas \u00faltimas semanas, com novos dados de infla\u00e7\u00e3o e atividade econ\u00f4mica","og_url":"https:\/\/www.suno.com.br\/noticias\/jerome-powell-corte-de-juros-federal-reserve-fed-evm\/","og_site_name":"Suno Not\u00edcias","article_publisher":"https:\/\/facebook.com\/sunoresearch","og_image":[{"width":2048,"height":1365,"url":"https:\/\/files.sunoresearch.com.br\/n\/uploads\/2024\/05\/Fed-FOMC-juros-Jero-Powell.jpg","type":"image\/jpeg"}],"author":"Eduardo Vargas","twitter_card":"summary_large_image","twitter_creator":"@sunoresearch","twitter_site":"@sunoresearch","twitter_misc":{"Escrito por":"Eduardo Vargas","Est. tempo de leitura":"2 minutos"},"schema":{"@context":"https:\/\/schema.org","@graph":[{"@type":"NewsArticle","@id":"https:\/\/www.suno.com.br\/noticias\/jerome-powell-corte-de-juros-federal-reserve-fed-evm\/#article","isPartOf":{"@id":"https:\/\/www.suno.com.br\/noticias\/jerome-powell-corte-de-juros-federal-reserve-fed-evm\/"},"author":{"name":"Eduardo Vargas","@id":"https:\/\/www.suno.com.br\/noticias\/#\/schema\/person\/7f4d362bf3518e76090143ae77bb49a5"},"headline":"Powell confirmou corte de juros do Fed?","datePublished":"2024-08-23T20:43:54+00:00","dateModified":"2024-08-23T21:02:13+00:00","mainEntityOfPage":{"@id":"https:\/\/www.suno.com.br\/noticias\/jerome-powell-corte-de-juros-federal-reserve-fed-evm\/"},"wordCount":366,"publisher":{"@id":"https:\/\/www.suno.com.br\/noticias\/#organization"},"image":{"@id":"https:\/\/www.suno.com.br\/noticias\/jerome-powell-corte-de-juros-federal-reserve-fed-evm\/#primaryimage"},"thumbnailUrl":"https:\/\/files.sunoresearch.com.br\/n\/uploads\/2024\/05\/Fed-FOMC-juros-Jero-Powell.jpg","keywords":["Especialistas","Federal Reserve (FED)","Jerome Powell"],"articleSection":["Internacional"],"inLanguage":"pt-BR"},{"@type":"WebPage","@id":"https:\/\/www.suno.com.br\/noticias\/jerome-powell-corte-de-juros-federal-reserve-fed-evm\/","url":"https:\/\/www.suno.com.br\/noticias\/jerome-powell-corte-de-juros-federal-reserve-fed-evm\/","name":"Powell confirmou corte de juros do Fed?","isPartOf":{"@id":"https:\/\/www.suno.com.br\/noticias\/#website"},"primaryImageOfPage":{"@id":"https:\/\/www.suno.com.br\/noticias\/jerome-powell-corte-de-juros-federal-reserve-fed-evm\/#primaryimage"},"image":{"@id":"https:\/\/www.suno.com.br\/noticias\/jerome-powell-corte-de-juros-federal-reserve-fed-evm\/#primaryimage"},"thumbnailUrl":"https:\/\/files.sunoresearch.com.br\/n\/uploads\/2024\/05\/Fed-FOMC-juros-Jero-Powell.jpg","datePublished":"2024-08-23T20:43:54+00:00","dateModified":"2024-08-23T21:02:13+00:00","description":"As declara\u00e7\u00f5es de Powell v\u00eam em meio a uma revis\u00e3o de estimativas nas \u00faltimas semanas, com novos dados de infla\u00e7\u00e3o e atividade econ\u00f4mica","breadcrumb":{"@id":"https:\/\/www.suno.com.br\/noticias\/jerome-powell-corte-de-juros-federal-reserve-fed-evm\/#breadcrumb"},"inLanguage":"pt-BR","potentialAction":[{"@type":"ReadAction","target":["https:\/\/www.suno.com.br\/noticias\/jerome-powell-corte-de-juros-federal-reserve-fed-evm\/"]}]},{"@type":"ImageObject","inLanguage":"pt-BR","@id":"https:\/\/www.suno.com.br\/noticias\/jerome-powell-corte-de-juros-federal-reserve-fed-evm\/#primaryimage","url":"https:\/\/files.sunoresearch.com.br\/n\/uploads\/2024\/05\/Fed-FOMC-juros-Jero-Powell.jpg","contentUrl":"https:\/\/files.sunoresearch.com.br\/n\/uploads\/2024\/05\/Fed-FOMC-juros-Jero-Powell.jpg","width":2048,"height":1365,"caption":"Super Quarta e decis\u00e3o de juros nos EUA. Foto: Divulga\u00e7\u00e3o Federal Reserve"},{"@type":"BreadcrumbList","@id":"https:\/\/www.suno.com.br\/noticias\/jerome-powell-corte-de-juros-federal-reserve-fed-evm\/#breadcrumb","itemListElement":[{"@type":"ListItem","position":1,"name":"Not\u00edcias","item":"https:\/\/www.suno.com.br\/noticias\/"},{"@type":"ListItem","position":2,"name":"Internacional","item":"https:\/\/www.suno.com.br\/noticias\/internacional\/"},{"@type":"ListItem","position":3,"name":"Powell confirmou corte de juros do Fed?"}]},{"@type":"WebSite","@id":"https:\/\/www.suno.com.br\/noticias\/#website","url":"https:\/\/www.suno.com.br\/noticias\/","name":"Suno Not\u00edcias","description":"Seu portal de informa\u00e7\u00e3o sobre o mundo dos investimentos","publisher":{"@id":"https:\/\/www.suno.com.br\/noticias\/#organization"},"potentialAction":[{"@type":"SearchAction","target":{"@type":"EntryPoint","urlTemplate":"https:\/\/www.suno.com.br\/noticias\/?s={search_term_string}"},"query-input":{"@type":"PropertyValueSpecification","valueRequired":true,"valueName":"search_term_string"}}],"inLanguage":"pt-BR"},{"@type":"Organization","@id":"https:\/\/www.suno.com.br\/noticias\/#organization","name":"Suno Not\u00edcias","url":"https:\/\/www.suno.com.br\/noticias\/","logo":{"@type":"ImageObject","inLanguage":"pt-BR","@id":"https:\/\/www.suno.com.br\/noticias\/#\/schema\/logo\/image\/","url":"https:\/\/files.sunoresearch.com.br\/n\/uploads\/2021\/09\/suno-logo.png","contentUrl":"https:\/\/files.sunoresearch.com.br\/n\/uploads\/2021\/09\/suno-logo.png","width":180,"height":180,"caption":"Suno Not\u00edcias"},"image":{"@id":"https:\/\/www.suno.com.br\/noticias\/#\/schema\/logo\/image\/"},"sameAs":["https:\/\/facebook.com\/sunoresearch","https:\/\/x.com\/sunoresearch","https:\/\/www.instagram.com\/suno","https:\/\/www.linkedin.com\/company\/suno-research\/","https:\/\/www.youtube.com\/c\/sunoresearch"]},{"@type":"Person","@id":"https:\/\/www.suno.com.br\/noticias\/#\/schema\/person\/7f4d362bf3518e76090143ae77bb49a5","name":"Eduardo Vargas","image":{"@type":"ImageObject","inLanguage":"pt-BR","@id":"https:\/\/www.suno.com.br\/noticias\/#\/schema\/person\/image\/","url":"https:\/\/secure.gravatar.com\/avatar\/dac340933427a22924c9f99d1eb2e3f2?s=96&r=g","contentUrl":"https:\/\/secure.gravatar.com\/avatar\/dac340933427a22924c9f99d1eb2e3f2?s=96&r=g","caption":"Eduardo Vargas"},"description":"Jornalista formado pela UFSC, cobre macroeconomia, neg\u00f3cios e startups para o Suno Not\u00edcias, escrevendo principalmente not\u00edcias sobre o mercado financeiro e a bolsa de valores. No YouTube e no Instagram, \u00e9 respons\u00e1vel pela produ\u00e7\u00e3o de Reels e Shorts do Suno Not\u00edcias. Anteriormente, trabalhou cobrindo economia e cotidiano no ND+ e para o ND, maior jornal impresso de Santa Catarina. Cursou um semestre letivo de Estudos de M\u00eddia na Universidad de Buenos Aires.","url":"https:\/\/www.suno.com.br\/noticias\/author\/eduardo-vargas\/"}]}},"default_loop_html":"<div class=\"cardsPage__listCard__boxs\"><div class=\"cardsPage__listCard__boxs__img\"><a href=\"https:\/\/www.suno.com.br\/noticias\/jerome-powell-corte-de-juros-federal-reserve-fed-evm\/\"><img class=\"mask\" src=\"https:\/\/www.suno.com.br\/noticias\/wp-content\/themes\/suno\/resources\/images\/spotlight\/spotlight1img\/bg-mask.png\" alt=\"Image Mask\"\/><img src=\"https:\/\/files.sunoresearch.com.br\/n\/uploads\/2024\/05\/Fed-FOMC-juros-Jero-Powell-400x200.jpg\" alt=\"Powell confirmou corte de juros do Fed?\"\/><\/a><span class=\"spotlightCategory\"><a href=\"https:\/\/www.suno.com.br\/noticias\/internacional\/\">Internacional<\/a><\/span><\/div><div class=\"cardsPage__listCard__boxs__content\"><a href=\"https:\/\/www.suno.com.br\/noticias\/jerome-powell-corte-de-juros-federal-reserve-fed-evm\/\"><h2 class=\"content__title\">Powell confirmou corte de juros do Fed?<\/h2><\/a><div class=\"newsContent__article__meta\"><div class=\"newsContent__article__meta__authorBox\"><a href=\"https:\/\/www.suno.com.br\/noticias\/author\/eduardo-vargas\/\" class=\"authorBox__avatar noMobi\"><img src=\"https:\/\/secure.gravatar.com\/avatar\/dac340933427a22924c9f99d1eb2e3f2?s=96&#038;r=g\" alt=\"Eduardo Vargas\"><\/a><div class=\"authorBox__name\"><span>por\n\t\t\t<a href=\"https:\/\/www.suno.com.br\/noticias\/author\/eduardo-vargas\/\"><span itemprop=\"author\">Eduardo Vargas<\/span><\/a><\/span><time datetime=\"2024-08-23T17:43:54-03:00\" itemprop=\"datePublished\">23\/08\/2024 17:43<\/time><\/div><\/div><\/div><\/div><\/div>","single_layout":"posts","amp_enabled":true,"_links":{"self":[{"href":"https:\/\/www.suno.com.br\/noticias\/wp-json\/wp\/v2\/posts\/572120"}],"collection":[{"href":"https:\/\/www.suno.com.br\/noticias\/wp-json\/wp\/v2\/posts"}],"about":[{"href":"https:\/\/www.suno.com.br\/noticias\/wp-json\/wp\/v2\/types\/post"}],"author":[{"embeddable":true,"href":"https:\/\/www.suno.com.br\/noticias\/wp-json\/wp\/v2\/users\/73"}],"replies":[{"embeddable":true,"href":"https:\/\/www.suno.com.br\/noticias\/wp-json\/wp\/v2\/comments?post=572120"}],"version-history":[{"count":3,"href":"https:\/\/www.suno.com.br\/noticias\/wp-json\/wp\/v2\/posts\/572120\/revisions"}],"predecessor-version":[{"id":572137,"href":"https:\/\/www.suno.com.br\/noticias\/wp-json\/wp\/v2\/posts\/572120\/revisions\/572137"}],"wp:featuredmedia":[{"embeddable":true,"href":"https:\/\/www.suno.com.br\/noticias\/wp-json\/wp\/v2\/media\/549820"}],"wp:attachment":[{"href":"https:\/\/www.suno.com.br\/noticias\/wp-json\/wp\/v2\/media?parent=572120"}],"wp:term":[{"taxonomy":"category","embeddable":true,"href":"https:\/\/www.suno.com.br\/noticias\/wp-json\/wp\/v2\/categories?post=572120"},{"taxonomy":"post_tag","embeddable":true,"href":"https:\/\/www.suno.com.br\/noticias\/wp-json\/wp\/v2\/tags?post=572120"},{"taxonomy":"suno_strategy","embeddable":true,"href":"https:\/\/www.suno.com.br\/noticias\/wp-json\/wp\/v2\/suno_strategy?post=572120"}],"curies":[{"name":"wp","href":"https:\/\/api.w.org\/{rel}","templated":true}]}}