{"id":572074,"date":"2024-08-23T15:39:10","date_gmt":"2024-08-23T18:39:10","guid":{"rendered":"https:\/\/www.suno.com.br\/noticias\/?p=572074"},"modified":"2024-08-23T15:39:17","modified_gmt":"2024-08-23T18:39:17","slug":"banco-do-brasil-bbas3-bilhao-expointer-evm","status":"publish","type":"post","link":"https:\/\/www.suno.com.br\/noticias\/banco-do-brasil-bbas3-bilhao-expointer-evm\/","title":{"rendered":"Banco do Brasil (BBAS3) espera acolher R$ 1,8 bilh\u00e3o na Expointer"},"content":{"rendered":"<p>O <a class=\"suno-keyword\" data-force=\"yes\" data-priority=\"2\" href=\"https:\/\/www.suno.com.br\/acoes\/BBAS3\/\" target=\"_blank\" rel=\"noopener\"><strong>Banco do Brasil<\/strong> (<\/a><a class=\"suno-keyword\" data-force=\"yes\" data-priority=\"2\" href=\"https:\/\/www.suno.com.br\/analitica\/acoes\/bbas3\/\" target=\"_blank\" rel=\"noopener\">BBAS3<\/a>) tem expectativas de acolher a cifra de R$ 1,8 bilh\u00e3o em propostas na Expointer, feira que ocorre de 24 de agosto a 1\u00ba de setembro em Esteio (RS). <\/p><div class=\"videoFull \">\n\t\t\t<div class=\"videoWrapper yt-lazyload center\"\n\t\t\t\tdata-width=\"960\"\n\t\t\t\tdata-height=\"540\"\n\t\t\t\tdata-id=\"v3X1PPcGxGQ\"\n\t\t\t\tdata-alt=\"V\u00eddeo do YouTube - clique para reproduzir\"\n\t\t\t\tdata-logo=\"3\"\n\t\t\t\tdata-imagequality=\"maxres\">\n\t\t\t<\/div>\n\t\t<\/div><script type=\"application\/ld+json\">{\"@context\":\"https:\/\/schema.org\",\"@type\":\"VideoObject\",\"name\":\"\ud83d\udd34BUSCA E APREENS\u00c3O NAS CASAS BAHIA (BHIA3) | Ibovespa cai | Dividendos do Banco do Brasil (BBAS3)\",\"description\":\"\ud83d\udd34TENHA UMA CARTEIRA PERSONALIZADA: https:\/\/lp.suno.com.br\/ao\/consultoria-de-investimentos\/?utm_source=suno-noticias&utm_medium=live&utm_campaign=seuconsultorresponde&utm_content=22082024 \ud83d\udd34NOS ACOMPANHE TAMB\u00c9M NO SPOTIFY: https:\/\/open.spotify.com\/show\/3ABZtbDxwfChwiXhYiSZII 00:00 In\u00edcio do v\u00eddeo 01:20 Fechamento de preg\u00e3o 05:37 Busca e apreens\u00e3o nas Casas Bahia 08:13 Caso IRB 10:41 Atualiza\u00e7\u00e3o dividendos BBAS3 13:02 UBS-BB rebaixa ITUB4 15:35 Conselho da Oi aprova aumento de capital 17:20 Seu Consultor responde 26:26 Indicadores do dia & agenda\u2026\",\"duration\":\"PT28M50S\",\"embedUrl\":\"https:\/\/www.youtube.com\/embed\/v3X1PPcGxGQ\",\"regionsAllowed\":\"en-US\",\"interactionStatistic\":{\"@type\":\"InteractionCounter\",\"interactionType\":{\"@type\":\"WatchAction\"},\"userInteractionCount\":4461},\"thumbnailUrl\":\"https:\/\/i.ytimg.com\/vi\/v3X1PPcGxGQ\/default.jpg\",\"uploadDate\":\"2024-08-23T10:30:49Z\"}<\/script>\n\n\n\n\n\t<p>\n\t\t<a href=\"\" target=\"_blank\" data-element=\"shortcode-suno-banner\" title=\"Banner SUNO, clique e saiba mais\">\n\t\t\t<picture>\n\t\t\t\t<source media=\"(max-width: 500px)\" srcset=\"\">\n\t\t\t\t<img class=\"newsContent__article__imgCapa newsContent__article__imgCapa--banner\"\n\t\t\t\t\tsrc=\"\"\n\t\t\t\t\tdata-promo-id=\"250678\"\t\t\t\t\t\t\t\t\t\t\t\t\t\t\talt=\"\"\n\t\t\t\t>\n\t\t\t<\/picture>\n\t\t<\/a>\n\t<\/p>\n\n\n\n\n\n<p>Em nota, o Banco do Brasil declara que o valor vem na esteira do <a class=\"suno-keyword\" target=\"_blank\" data-force=\"no\" data-priority=\"1\" href=\"https:\/\/www.suno.com.br\/artigos\/plano-safra\/\" rel=\"noopener\">Plano Safra<\/a>, anunciado em julho.<\/p>\n\n\n\n<p>Na ocasi\u00e3o o BB divulgou plano safra recorde de R$ 260 bilh\u00f5es para o financiamento da safra 2024\/2025, 13% mais que na temporada anterior &#8211; taxas de juros variam de 0,5% a 6,0% ao ano para a agricultura familiar e de 7,0% a 12,0% ao ano para os demais produtores.<\/p>\n\n\n\n<p>&#8220;Vamos participar ativamente da primeira grande feira agro realizada no Rio Grande do Sul desde as enchentes e continuar ao lado do povo ga\u00facho como estamos fazendo desde o an\u00fancio das primeiras medidas de apoio aos atingidos&#8221;, disse a presidente do BB, Tarciana Medeiros.<\/p>\n\n\n\n\t<div data-element=\"shortcode-read-more\" class=\"readToo\">\n\t\t\t\t<span class=\"readToo__title\">Leia mais<\/span>\n\t\t\t\t<ul class=\"readToo__list\">\n\t\t\t<li><a href=\"https:\/\/www.suno.com.br\/noticias\/copel-cple6-maior-pagadora-jcp-ibovespa-ranking-evm\/\">Copel (CPLE6) \u00e9 maior pagadora de JCP do Ibovespa; veja ranking<\/a><\/li><li><a href=\"https:\/\/www.suno.com.br\/noticias\/investimento-filho-consultor-responde-suno-consultoria-gss\/\">&#8220;Qual investimento de longo prazo escolher para o meu filho?&#8221; Seu Consultor Responde<\/a><\/li><li><a href=\"https:\/\/www.suno.com.br\/noticias\/snag11-maiores-rentabilidades-industria-dividendos-recorrentes-evm\/\">SNAG11 tem uma das maiores rentabilidades da ind\u00fastria com dividendos recorrentes<\/a><\/li><li><a href=\"https:\/\/www.suno.com.br\/noticias\/taesa-taee11-quanto-rende-dividendos-10-mil-evm\/\">Taesa (TAEE11): Quanto, em dividendos, rende R$ 10 mil?<\/a><\/li><li><a href=\"https:\/\/www.suno.com.br\/noticias\/acoes-da-nestle-afundam-troca-ceo-evm\/\">A\u00e7\u00f5es da Nestl\u00e9 afundam ap\u00f3s troca de CEO; entenda<\/a><\/li>\t\t<\/ul>\n\t<\/div>\n\n\n\n\n<h2 class=\"wp-block-heading\">Banco do Brasil (BBAS3): Com R$ 10 mil, quanto consigo em dividendos?<\/h2>\n\n\n\n<p>Atualmente o BB est\u00e1 dentre os bancos e <a class=\"suno-keyword\" data-force=\"no\" data-priority=\"1\" href=\"https:\/\/www.suno.com.br\/artigos\/instituicoes-financeiras\/\" target=\"_blank\" rel=\"noopener\">institui\u00e7\u00f5es financeiras<\/a> que mais pagam proventos aos seus acionistas.<\/p>\n\n\n\n\n\n<p>As <strong>a\u00e7\u00f5es do Banco do Brasil<\/strong> deram direito a R$ 2,4957 por papel no acumulado dos \u00faltimos 12 meses.<\/p>\n\n\n\n<p>Desta forma, os <strong>dividendos do Banco do Brasil<\/strong> representam um <a href=\"https:\/\/www.suno.com.br\/guias\/dividend-yield\/\">dividend yield (DY)<\/a> de 8,9%, <a href=\"https:\/\/statusinvest.com.br\/acoes\/bbas3\">conforme dados do Status Invest<\/a>.<\/p>\n\n\n\n<p>Caso um investidor quisesse comprar a\u00e7\u00f5es <strong>BBAS3<\/strong> h\u00e1 12 meses atr\u00e1s, ele pagaria o pre\u00e7o de cota\u00e7\u00e3o da \u00e9poca, R$ 22,60.<\/p>\n\n\n\n<p>Com R$ 10 mil, ele teria conseguido comprar um volume de 442 a\u00e7\u00f5es do BB &#8211; em valores precisos, esse volume de pap\u00e9is teria custado R$ 9.989,20, fazendo com que sobrassem pouco mais de R$ 10 para o investidor.<\/p>\n\n\n\n<p>Assim, essas 442 a\u00e7\u00f5es do banco dariam direito a <a class=\"suno-keyword\" target=\"_blank\" data-force=\"no\" data-priority=\"1\" href=\"https:\/\/www.suno.com.br\/guias\/dividendos\/\" rel=\"noopener\">dividendos<\/a> e <a class=\"suno-keyword\" target=\"_blank\" data-force=\"no\" data-priority=\"1\" href=\"https:\/\/www.suno.com.br\/artigos\/entenda-o-jcp\/\" rel=\"noopener\">juros sobre capital pr\u00f3prio<\/a> (JCP) que totalizariam R$ 1.103.<\/p>\n\n\n\n<p>Ou seja, mais de 10% do valor investido retornaria para o bolso do investidor na forma de <strong>dividendos de BBAS3<\/strong>.<\/p>\n\n\n\t<p>\n\t\t<a href=\"https:\/\/lp.suno.com.br\/ebook-como-analisar-uma-acao\/\" target=\"_blank\" data-element=\"shortcode-suno-banner\" title=\"Banner SUNO, clique e saiba mais\">\n\t\t\t<picture>\n\t\t\t\t<source media=\"(max-width: 500px)\" srcset=\"https:\/\/files.sunoresearch.com.br\/n\/uploads\/2023\/03\/Ebook-Acoes-Mobile.jpg\">\n\t\t\t\t<img class=\"newsContent__article__imgCapa newsContent__article__imgCapa--banner\"\n\t\t\t\t\tsrc=\"https:\/\/files.sunoresearch.com.br\/n\/uploads\/2023\/03\/Ebook-Acoes-Desktop.jpg\"\n\t\t\t\t\tdata-promo-id=\"378302\"\t\t\t\t\t\t\t\t\t\twidth='1420' height='286'\t\t\t\t\talt=\"https:\/\/files.sunoresearch.com.br\/n\/uploads\/2023\/03\/Ebook-Acoes-Desktop.jpg\"\n\t\t\t\t>\n\t\t\t<\/picture>\n\t\t<\/a>\n\t<\/p>\n\n\n\n\n\n<h3 class=\"wp-block-heading\">Dividendos v\u00e3o aumentar?<\/h3>\n\n\n\n<p>Conforme proje\u00e7\u00f5es dos analistas da XP Investimentos, a expectativa \u00e9 de um aumento no dividend yield das a\u00e7\u00f5es da companhia.<\/p>\n\n\n\n<p>A XP projeta que o BB feche o ano de 2024 com um yield de 13%. J\u00e1 para o ano de 2025, a proje\u00e7\u00e3o \u00e9 de um yield de 10,6%.<\/p>\n\n\n\n<p>Se o cen\u00e1rio dos analistas da casa se concretizar, o BB figurar\u00e1 como o banco ou institui\u00e7\u00e3o financeira que mais paga dividendos aos seus acionistas.<\/p>\n\n\n\n<p>Al\u00e9m disso, atualmente a recomenda\u00e7\u00e3o da XP \u00e9 de compra para as a\u00e7\u00f5es da empresa. <\/p>\n\n\n\n<p>Os analistas firmaram um pre\u00e7o-alvo de R$ 36,50 por a\u00e7\u00e3o do banco, ao passo que os pap\u00e9is s\u00e3o negociados a cerca de R$ 28 em bolsa atualmente.<\/p>\n\n\n\n<p>&#8220;Vemos os diferenciais do banco (agroneg\u00f3cio, governo e pessoas) como capazes de manter o banco com uma rentabilidade elevada. Ademais, vemos o <strong>Banco do Brasil<\/strong> com grande capacidade de distribui\u00e7\u00e3o de proventos nos pr\u00f3ximos anos&#8221;, diz a XP.<\/p>\n\n\n\n<p>Com Estad\u00e3o Conte\u00fado<\/p>\n\n\n\t<p>\n\t\t<a href=\"https:\/\/lp.suno.com.br\/plataforma-de-controle-de-investimentos\/\" target=\"_blank\" data-element=\"shortcode-suno-banner\" title=\"Banner SUNO, clique e saiba mais\">\n\t\t\t<picture>\n\t\t\t\t<source media=\"(max-width: 500px)\" srcset=\"https:\/\/files.sunoresearch.com.br\/n\/uploads\/2023\/03\/400x300-Controle-de-Investimentos.png\">\n\t\t\t\t<img class=\"newsContent__article__imgCapa newsContent__article__imgCapa--banner\"\n\t\t\t\t\tsrc=\"https:\/\/files.sunoresearch.com.br\/n\/uploads\/2023\/03\/1420x240-Controle-de-Investimentos.png\"\n\t\t\t\t\tdata-promo-id=\"383162\"\t\t\t\t\t\t\t\t\t\twidth='1420' height='240'\t\t\t\t\talt=\"https:\/\/files.sunoresearch.com.br\/n\/uploads\/2023\/03\/1420x240-Controle-de-Investimentos.png\"\n\t\t\t\t>\n\t\t\t<\/picture>\n\t\t<\/a>\n\t<\/p>\n\n\n","protected":false},"excerpt":{"rendered":"<p>O Banco do Brasil (BBAS3) tem expectativas de acolher a cifra de R$ 1,8 bilh\u00e3o em propostas na Expointer, feira que ocorre de 24 de agosto a 1\u00ba de setembro em Esteio (RS). Em nota, o Banco do Brasil declara que o valor vem na esteira do Plano Safra, anunciado em julho. Na ocasi\u00e3o o [&hellip;]<\/p>\n","protected":false},"author":73,"featured_media":552665,"comment_status":"closed","ping_status":"closed","sticky":false,"template":"","format":"standard","meta":[],"categories":[64],"tags":[106444,732,1460],"suno_strategy":[],"class_list":["post-572074","post","type-post","status-publish","format-standard","has-post-thumbnail","hentry","category-negocios","tag-agencias","tag-banco-do-brasil-bbas3","tag-plano-safra"],"yoast_head":"<!-- This site is optimized with the Yoast SEO plugin v24.4 - https:\/\/yoast.com\/wordpress\/plugins\/seo\/ -->\n<title>Banco do Brasil (BBAS3) espera acolher R$ 1,8bi na Expointer<\/title>\n<meta name=\"description\" content=\"Em nota, o Banco do Brasil (BBAS3) declara que o valor vem na esteira do Plano Safra, anunciado em meados de julho\" \/>\n<meta name=\"robots\" content=\"index, follow, max-snippet:-1, max-image-preview:large, max-video-preview:-1\" \/>\n<link rel=\"canonical\" href=\"https:\/\/www.suno.com.br\/noticias\/banco-do-brasil-bbas3-bilhao-expointer-evm\/\" \/>\n<meta property=\"og:locale\" content=\"pt_BR\" \/>\n<meta property=\"og:type\" content=\"article\" \/>\n<meta property=\"og:title\" content=\"Banco do Brasil (BBAS3) espera acolher R$ 1,8bi na Expointer\" \/>\n<meta property=\"og:description\" content=\"Em nota, o Banco do Brasil (BBAS3) declara que o valor vem na esteira do Plano Safra, anunciado em meados de julho\" \/>\n<meta property=\"og:url\" content=\"https:\/\/www.suno.com.br\/noticias\/banco-do-brasil-bbas3-bilhao-expointer-evm\/\" \/>\n<meta property=\"og:site_name\" content=\"Suno Not\u00edcias\" \/>\n<meta property=\"article:publisher\" content=\"https:\/\/facebook.com\/sunoresearch\" \/>\n<meta property=\"og:image\" content=\"https:\/\/files.sunoresearch.com.br\/n\/uploads\/2024\/05\/Fotos-coletiva-banco-do-brasil-bbas3-4.jpg\" \/>\n\t<meta property=\"og:image:width\" content=\"1280\" \/>\n\t<meta property=\"og:image:height\" content=\"853\" \/>\n\t<meta property=\"og:image:type\" content=\"image\/jpeg\" \/>\n<meta name=\"author\" content=\"Eduardo Vargas\" \/>\n<meta name=\"twitter:card\" content=\"summary_large_image\" \/>\n<meta name=\"twitter:creator\" content=\"@sunoresearch\" \/>\n<meta name=\"twitter:site\" content=\"@sunoresearch\" \/>\n<meta name=\"twitter:label1\" content=\"Escrito por\" \/>\n\t<meta name=\"twitter:data1\" content=\"Eduardo Vargas\" \/>\n\t<meta name=\"twitter:label2\" content=\"Est. tempo de leitura\" \/>\n\t<meta name=\"twitter:data2\" content=\"3 minutos\" \/>\n<script type=\"application\/ld+json\" class=\"yoast-schema-graph\">{\"@context\":\"https:\/\/schema.org\",\"@graph\":[{\"@type\":\"NewsArticle\",\"@id\":\"https:\/\/www.suno.com.br\/noticias\/banco-do-brasil-bbas3-bilhao-expointer-evm\/#article\",\"isPartOf\":{\"@id\":\"https:\/\/www.suno.com.br\/noticias\/banco-do-brasil-bbas3-bilhao-expointer-evm\/\"},\"author\":{\"name\":\"Eduardo Vargas\",\"@id\":\"https:\/\/www.suno.com.br\/noticias\/#\/schema\/person\/7f4d362bf3518e76090143ae77bb49a5\"},\"headline\":\"Banco do Brasil (BBAS3) espera acolher R$ 1,8 bilh\u00e3o na Expointer\",\"datePublished\":\"2024-08-23T18:39:10+00:00\",\"dateModified\":\"2024-08-23T18:39:17+00:00\",\"mainEntityOfPage\":{\"@id\":\"https:\/\/www.suno.com.br\/noticias\/banco-do-brasil-bbas3-bilhao-expointer-evm\/\"},\"wordCount\":496,\"publisher\":{\"@id\":\"https:\/\/www.suno.com.br\/noticias\/#organization\"},\"image\":{\"@id\":\"https:\/\/www.suno.com.br\/noticias\/banco-do-brasil-bbas3-bilhao-expointer-evm\/#primaryimage\"},\"thumbnailUrl\":\"https:\/\/files.sunoresearch.com.br\/n\/uploads\/2024\/05\/Fotos-coletiva-banco-do-brasil-bbas3-4.jpg\",\"keywords\":[\"Ag\u00eancias\",\"Banco do Brasil (BBAS3)\",\"plano safra\"],\"articleSection\":[\"Neg\u00f3cios\"],\"inLanguage\":\"pt-BR\"},{\"@type\":\"WebPage\",\"@id\":\"https:\/\/www.suno.com.br\/noticias\/banco-do-brasil-bbas3-bilhao-expointer-evm\/\",\"url\":\"https:\/\/www.suno.com.br\/noticias\/banco-do-brasil-bbas3-bilhao-expointer-evm\/\",\"name\":\"Banco do Brasil (BBAS3) espera acolher R$ 1,8bi na Expointer\",\"isPartOf\":{\"@id\":\"https:\/\/www.suno.com.br\/noticias\/#website\"},\"primaryImageOfPage\":{\"@id\":\"https:\/\/www.suno.com.br\/noticias\/banco-do-brasil-bbas3-bilhao-expointer-evm\/#primaryimage\"},\"image\":{\"@id\":\"https:\/\/www.suno.com.br\/noticias\/banco-do-brasil-bbas3-bilhao-expointer-evm\/#primaryimage\"},\"thumbnailUrl\":\"https:\/\/files.sunoresearch.com.br\/n\/uploads\/2024\/05\/Fotos-coletiva-banco-do-brasil-bbas3-4.jpg\",\"datePublished\":\"2024-08-23T18:39:10+00:00\",\"dateModified\":\"2024-08-23T18:39:17+00:00\",\"description\":\"Em nota, o Banco do Brasil (BBAS3) declara que o valor vem na esteira do Plano Safra, anunciado em meados de julho\",\"breadcrumb\":{\"@id\":\"https:\/\/www.suno.com.br\/noticias\/banco-do-brasil-bbas3-bilhao-expointer-evm\/#breadcrumb\"},\"inLanguage\":\"pt-BR\",\"potentialAction\":[{\"@type\":\"ReadAction\",\"target\":[\"https:\/\/www.suno.com.br\/noticias\/banco-do-brasil-bbas3-bilhao-expointer-evm\/\"]}]},{\"@type\":\"ImageObject\",\"inLanguage\":\"pt-BR\",\"@id\":\"https:\/\/www.suno.com.br\/noticias\/banco-do-brasil-bbas3-bilhao-expointer-evm\/#primaryimage\",\"url\":\"https:\/\/files.sunoresearch.com.br\/n\/uploads\/2024\/05\/Fotos-coletiva-banco-do-brasil-bbas3-4.jpg\",\"contentUrl\":\"https:\/\/files.sunoresearch.com.br\/n\/uploads\/2024\/05\/Fotos-coletiva-banco-do-brasil-bbas3-4.jpg\",\"width\":1280,\"height\":853,\"caption\":\"Coletiva de Imprensa do Banco do Brasil (BBAS3) - Foto: Nilton Fukuda\/Banco do Brasil\"},{\"@type\":\"BreadcrumbList\",\"@id\":\"https:\/\/www.suno.com.br\/noticias\/banco-do-brasil-bbas3-bilhao-expointer-evm\/#breadcrumb\",\"itemListElement\":[{\"@type\":\"ListItem\",\"position\":1,\"name\":\"Not\u00edcias\",\"item\":\"https:\/\/www.suno.com.br\/noticias\/\"},{\"@type\":\"ListItem\",\"position\":2,\"name\":\"Neg\u00f3cios\",\"item\":\"https:\/\/www.suno.com.br\/noticias\/negocios\/\"},{\"@type\":\"ListItem\",\"position\":3,\"name\":\"Banco do Brasil (BBAS3) espera acolher R$ 1,8 bilh\u00e3o na Expointer\"}]},{\"@type\":\"WebSite\",\"@id\":\"https:\/\/www.suno.com.br\/noticias\/#website\",\"url\":\"https:\/\/www.suno.com.br\/noticias\/\",\"name\":\"Suno Not\u00edcias\",\"description\":\"Seu portal de informa\u00e7\u00e3o sobre o mundo dos investimentos\",\"publisher\":{\"@id\":\"https:\/\/www.suno.com.br\/noticias\/#organization\"},\"potentialAction\":[{\"@type\":\"SearchAction\",\"target\":{\"@type\":\"EntryPoint\",\"urlTemplate\":\"https:\/\/www.suno.com.br\/noticias\/?s={search_term_string}\"},\"query-input\":{\"@type\":\"PropertyValueSpecification\",\"valueRequired\":true,\"valueName\":\"search_term_string\"}}],\"inLanguage\":\"pt-BR\"},{\"@type\":\"Organization\",\"@id\":\"https:\/\/www.suno.com.br\/noticias\/#organization\",\"name\":\"Suno Not\u00edcias\",\"url\":\"https:\/\/www.suno.com.br\/noticias\/\",\"logo\":{\"@type\":\"ImageObject\",\"inLanguage\":\"pt-BR\",\"@id\":\"https:\/\/www.suno.com.br\/noticias\/#\/schema\/logo\/image\/\",\"url\":\"https:\/\/files.sunoresearch.com.br\/n\/uploads\/2021\/09\/suno-logo.png\",\"contentUrl\":\"https:\/\/files.sunoresearch.com.br\/n\/uploads\/2021\/09\/suno-logo.png\",\"width\":180,\"height\":180,\"caption\":\"Suno Not\u00edcias\"},\"image\":{\"@id\":\"https:\/\/www.suno.com.br\/noticias\/#\/schema\/logo\/image\/\"},\"sameAs\":[\"https:\/\/facebook.com\/sunoresearch\",\"https:\/\/x.com\/sunoresearch\",\"https:\/\/www.instagram.com\/suno\",\"https:\/\/www.linkedin.com\/company\/suno-research\/\",\"https:\/\/www.youtube.com\/c\/sunoresearch\"]},{\"@type\":\"Person\",\"@id\":\"https:\/\/www.suno.com.br\/noticias\/#\/schema\/person\/7f4d362bf3518e76090143ae77bb49a5\",\"name\":\"Eduardo Vargas\",\"image\":{\"@type\":\"ImageObject\",\"inLanguage\":\"pt-BR\",\"@id\":\"https:\/\/www.suno.com.br\/noticias\/#\/schema\/person\/image\/\",\"url\":\"https:\/\/secure.gravatar.com\/avatar\/dac340933427a22924c9f99d1eb2e3f2?s=96&r=g\",\"contentUrl\":\"https:\/\/secure.gravatar.com\/avatar\/dac340933427a22924c9f99d1eb2e3f2?s=96&r=g\",\"caption\":\"Eduardo Vargas\"},\"description\":\"Jornalista formado pela UFSC, cobre macroeconomia, neg\u00f3cios e startups para o Suno Not\u00edcias, escrevendo principalmente not\u00edcias sobre o mercado financeiro e a bolsa de valores. No YouTube e no Instagram, \u00e9 respons\u00e1vel pela produ\u00e7\u00e3o de Reels e Shorts do Suno Not\u00edcias. Anteriormente, trabalhou cobrindo economia e cotidiano no ND+ e para o ND, maior jornal impresso de Santa Catarina. Cursou um semestre letivo de Estudos de M\u00eddia na Universidad de Buenos Aires.\",\"url\":\"https:\/\/www.suno.com.br\/noticias\/author\/eduardo-vargas\/\"}]}<\/script>\n<!-- \/ Yoast SEO plugin. -->","yoast_head_json":{"title":"Banco do Brasil (BBAS3) espera acolher R$ 1,8bi na Expointer","description":"Em nota, o Banco do Brasil (BBAS3) declara que o valor vem na esteira do Plano Safra, anunciado em meados de julho","robots":{"index":"index","follow":"follow","max-snippet":"max-snippet:-1","max-image-preview":"max-image-preview:large","max-video-preview":"max-video-preview:-1"},"canonical":"https:\/\/www.suno.com.br\/noticias\/banco-do-brasil-bbas3-bilhao-expointer-evm\/","og_locale":"pt_BR","og_type":"article","og_title":"Banco do Brasil (BBAS3) espera acolher R$ 1,8bi na Expointer","og_description":"Em nota, o Banco do Brasil (BBAS3) declara que o valor vem na esteira do Plano Safra, anunciado em meados de julho","og_url":"https:\/\/www.suno.com.br\/noticias\/banco-do-brasil-bbas3-bilhao-expointer-evm\/","og_site_name":"Suno Not\u00edcias","article_publisher":"https:\/\/facebook.com\/sunoresearch","og_image":[{"width":1280,"height":853,"url":"https:\/\/files.sunoresearch.com.br\/n\/uploads\/2024\/05\/Fotos-coletiva-banco-do-brasil-bbas3-4.jpg","type":"image\/jpeg"}],"author":"Eduardo Vargas","twitter_card":"summary_large_image","twitter_creator":"@sunoresearch","twitter_site":"@sunoresearch","twitter_misc":{"Escrito por":"Eduardo Vargas","Est. tempo de leitura":"3 minutos"},"schema":{"@context":"https:\/\/schema.org","@graph":[{"@type":"NewsArticle","@id":"https:\/\/www.suno.com.br\/noticias\/banco-do-brasil-bbas3-bilhao-expointer-evm\/#article","isPartOf":{"@id":"https:\/\/www.suno.com.br\/noticias\/banco-do-brasil-bbas3-bilhao-expointer-evm\/"},"author":{"name":"Eduardo Vargas","@id":"https:\/\/www.suno.com.br\/noticias\/#\/schema\/person\/7f4d362bf3518e76090143ae77bb49a5"},"headline":"Banco do Brasil (BBAS3) espera acolher R$ 1,8 bilh\u00e3o na Expointer","datePublished":"2024-08-23T18:39:10+00:00","dateModified":"2024-08-23T18:39:17+00:00","mainEntityOfPage":{"@id":"https:\/\/www.suno.com.br\/noticias\/banco-do-brasil-bbas3-bilhao-expointer-evm\/"},"wordCount":496,"publisher":{"@id":"https:\/\/www.suno.com.br\/noticias\/#organization"},"image":{"@id":"https:\/\/www.suno.com.br\/noticias\/banco-do-brasil-bbas3-bilhao-expointer-evm\/#primaryimage"},"thumbnailUrl":"https:\/\/files.sunoresearch.com.br\/n\/uploads\/2024\/05\/Fotos-coletiva-banco-do-brasil-bbas3-4.jpg","keywords":["Ag\u00eancias","Banco do Brasil (BBAS3)","plano safra"],"articleSection":["Neg\u00f3cios"],"inLanguage":"pt-BR"},{"@type":"WebPage","@id":"https:\/\/www.suno.com.br\/noticias\/banco-do-brasil-bbas3-bilhao-expointer-evm\/","url":"https:\/\/www.suno.com.br\/noticias\/banco-do-brasil-bbas3-bilhao-expointer-evm\/","name":"Banco do Brasil (BBAS3) espera acolher R$ 1,8bi na Expointer","isPartOf":{"@id":"https:\/\/www.suno.com.br\/noticias\/#website"},"primaryImageOfPage":{"@id":"https:\/\/www.suno.com.br\/noticias\/banco-do-brasil-bbas3-bilhao-expointer-evm\/#primaryimage"},"image":{"@id":"https:\/\/www.suno.com.br\/noticias\/banco-do-brasil-bbas3-bilhao-expointer-evm\/#primaryimage"},"thumbnailUrl":"https:\/\/files.sunoresearch.com.br\/n\/uploads\/2024\/05\/Fotos-coletiva-banco-do-brasil-bbas3-4.jpg","datePublished":"2024-08-23T18:39:10+00:00","dateModified":"2024-08-23T18:39:17+00:00","description":"Em nota, o Banco do Brasil (BBAS3) declara que o valor vem na esteira do Plano Safra, anunciado em meados de julho","breadcrumb":{"@id":"https:\/\/www.suno.com.br\/noticias\/banco-do-brasil-bbas3-bilhao-expointer-evm\/#breadcrumb"},"inLanguage":"pt-BR","potentialAction":[{"@type":"ReadAction","target":["https:\/\/www.suno.com.br\/noticias\/banco-do-brasil-bbas3-bilhao-expointer-evm\/"]}]},{"@type":"ImageObject","inLanguage":"pt-BR","@id":"https:\/\/www.suno.com.br\/noticias\/banco-do-brasil-bbas3-bilhao-expointer-evm\/#primaryimage","url":"https:\/\/files.sunoresearch.com.br\/n\/uploads\/2024\/05\/Fotos-coletiva-banco-do-brasil-bbas3-4.jpg","contentUrl":"https:\/\/files.sunoresearch.com.br\/n\/uploads\/2024\/05\/Fotos-coletiva-banco-do-brasil-bbas3-4.jpg","width":1280,"height":853,"caption":"Coletiva de Imprensa do Banco do Brasil (BBAS3) - Foto: Nilton Fukuda\/Banco do Brasil"},{"@type":"BreadcrumbList","@id":"https:\/\/www.suno.com.br\/noticias\/banco-do-brasil-bbas3-bilhao-expointer-evm\/#breadcrumb","itemListElement":[{"@type":"ListItem","position":1,"name":"Not\u00edcias","item":"https:\/\/www.suno.com.br\/noticias\/"},{"@type":"ListItem","position":2,"name":"Neg\u00f3cios","item":"https:\/\/www.suno.com.br\/noticias\/negocios\/"},{"@type":"ListItem","position":3,"name":"Banco do Brasil (BBAS3) espera acolher R$ 1,8 bilh\u00e3o na Expointer"}]},{"@type":"WebSite","@id":"https:\/\/www.suno.com.br\/noticias\/#website","url":"https:\/\/www.suno.com.br\/noticias\/","name":"Suno Not\u00edcias","description":"Seu portal de informa\u00e7\u00e3o sobre o mundo dos investimentos","publisher":{"@id":"https:\/\/www.suno.com.br\/noticias\/#organization"},"potentialAction":[{"@type":"SearchAction","target":{"@type":"EntryPoint","urlTemplate":"https:\/\/www.suno.com.br\/noticias\/?s={search_term_string}"},"query-input":{"@type":"PropertyValueSpecification","valueRequired":true,"valueName":"search_term_string"}}],"inLanguage":"pt-BR"},{"@type":"Organization","@id":"https:\/\/www.suno.com.br\/noticias\/#organization","name":"Suno Not\u00edcias","url":"https:\/\/www.suno.com.br\/noticias\/","logo":{"@type":"ImageObject","inLanguage":"pt-BR","@id":"https:\/\/www.suno.com.br\/noticias\/#\/schema\/logo\/image\/","url":"https:\/\/files.sunoresearch.com.br\/n\/uploads\/2021\/09\/suno-logo.png","contentUrl":"https:\/\/files.sunoresearch.com.br\/n\/uploads\/2021\/09\/suno-logo.png","width":180,"height":180,"caption":"Suno Not\u00edcias"},"image":{"@id":"https:\/\/www.suno.com.br\/noticias\/#\/schema\/logo\/image\/"},"sameAs":["https:\/\/facebook.com\/sunoresearch","https:\/\/x.com\/sunoresearch","https:\/\/www.instagram.com\/suno","https:\/\/www.linkedin.com\/company\/suno-research\/","https:\/\/www.youtube.com\/c\/sunoresearch"]},{"@type":"Person","@id":"https:\/\/www.suno.com.br\/noticias\/#\/schema\/person\/7f4d362bf3518e76090143ae77bb49a5","name":"Eduardo Vargas","image":{"@type":"ImageObject","inLanguage":"pt-BR","@id":"https:\/\/www.suno.com.br\/noticias\/#\/schema\/person\/image\/","url":"https:\/\/secure.gravatar.com\/avatar\/dac340933427a22924c9f99d1eb2e3f2?s=96&r=g","contentUrl":"https:\/\/secure.gravatar.com\/avatar\/dac340933427a22924c9f99d1eb2e3f2?s=96&r=g","caption":"Eduardo Vargas"},"description":"Jornalista formado pela UFSC, cobre macroeconomia, neg\u00f3cios e startups para o Suno Not\u00edcias, escrevendo principalmente not\u00edcias sobre o mercado financeiro e a bolsa de valores. No YouTube e no Instagram, \u00e9 respons\u00e1vel pela produ\u00e7\u00e3o de Reels e Shorts do Suno Not\u00edcias. Anteriormente, trabalhou cobrindo economia e cotidiano no ND+ e para o ND, maior jornal impresso de Santa Catarina. Cursou um semestre letivo de Estudos de M\u00eddia na Universidad de Buenos Aires.","url":"https:\/\/www.suno.com.br\/noticias\/author\/eduardo-vargas\/"}]}},"default_loop_html":"<div class=\"cardsPage__listCard__boxs\"><div class=\"cardsPage__listCard__boxs__img\"><a href=\"https:\/\/www.suno.com.br\/noticias\/banco-do-brasil-bbas3-bilhao-expointer-evm\/\"><img class=\"mask\" src=\"https:\/\/www.suno.com.br\/noticias\/wp-content\/themes\/suno\/resources\/images\/spotlight\/spotlight1img\/bg-mask.png\" alt=\"Image Mask\"\/><img src=\"https:\/\/files.sunoresearch.com.br\/n\/uploads\/2024\/05\/Fotos-coletiva-banco-do-brasil-bbas3-4-400x200.jpg\" alt=\"Banco do Brasil (BBAS3) espera acolher R$ 1,8 bilh\u00e3o na Expointer\"\/><\/a><span class=\"spotlightCategory\"><a href=\"https:\/\/www.suno.com.br\/noticias\/negocios\/\">Neg\u00f3cios<\/a><\/span><\/div><div class=\"cardsPage__listCard__boxs__content\"><a href=\"https:\/\/www.suno.com.br\/noticias\/banco-do-brasil-bbas3-bilhao-expointer-evm\/\"><h2 class=\"content__title\">Banco do Brasil (BBAS3) espera acolher R$ 1,8 bilh\u00e3o na Expointer<\/h2><\/a><div class=\"newsContent__article__meta\"><div class=\"newsContent__article__meta__authorBox\"><a href=\"https:\/\/www.suno.com.br\/noticias\/author\/eduardo-vargas\/\" class=\"authorBox__avatar noMobi\"><img src=\"https:\/\/secure.gravatar.com\/avatar\/dac340933427a22924c9f99d1eb2e3f2?s=96&#038;r=g\" alt=\"Eduardo Vargas\"><\/a><div class=\"authorBox__name\"><span>por\n\t\t\t<a href=\"https:\/\/www.suno.com.br\/noticias\/author\/eduardo-vargas\/\"><span itemprop=\"author\">Eduardo Vargas<\/span><\/a><\/span><time datetime=\"2024-08-23T15:39:10-03:00\" itemprop=\"datePublished\">23\/08\/2024 15:39<\/time><\/div><\/div><\/div><\/div><\/div>","single_layout":"posts","amp_enabled":true,"_links":{"self":[{"href":"https:\/\/www.suno.com.br\/noticias\/wp-json\/wp\/v2\/posts\/572074"}],"collection":[{"href":"https:\/\/www.suno.com.br\/noticias\/wp-json\/wp\/v2\/posts"}],"about":[{"href":"https:\/\/www.suno.com.br\/noticias\/wp-json\/wp\/v2\/types\/post"}],"author":[{"embeddable":true,"href":"https:\/\/www.suno.com.br\/noticias\/wp-json\/wp\/v2\/users\/73"}],"replies":[{"embeddable":true,"href":"https:\/\/www.suno.com.br\/noticias\/wp-json\/wp\/v2\/comments?post=572074"}],"version-history":[{"count":3,"href":"https:\/\/www.suno.com.br\/noticias\/wp-json\/wp\/v2\/posts\/572074\/revisions"}],"predecessor-version":[{"id":572087,"href":"https:\/\/www.suno.com.br\/noticias\/wp-json\/wp\/v2\/posts\/572074\/revisions\/572087"}],"wp:featuredmedia":[{"embeddable":true,"href":"https:\/\/www.suno.com.br\/noticias\/wp-json\/wp\/v2\/media\/552665"}],"wp:attachment":[{"href":"https:\/\/www.suno.com.br\/noticias\/wp-json\/wp\/v2\/media?parent=572074"}],"wp:term":[{"taxonomy":"category","embeddable":true,"href":"https:\/\/www.suno.com.br\/noticias\/wp-json\/wp\/v2\/categories?post=572074"},{"taxonomy":"post_tag","embeddable":true,"href":"https:\/\/www.suno.com.br\/noticias\/wp-json\/wp\/v2\/tags?post=572074"},{"taxonomy":"suno_strategy","embeddable":true,"href":"https:\/\/www.suno.com.br\/noticias\/wp-json\/wp\/v2\/suno_strategy?post=572074"}],"curies":[{"name":"wp","href":"https:\/\/api.w.org\/{rel}","templated":true}]}}