{"id":571800,"date":"2024-08-22T11:30:25","date_gmt":"2024-08-22T14:30:25","guid":{"rendered":"https:\/\/www.suno.com.br\/noticias\/?p=571800"},"modified":"2024-08-22T11:30:29","modified_gmt":"2024-08-22T14:30:29","slug":"irb-irbr3-ceo-eletrobras-elet3-fraude-gss","status":"publish","type":"post","link":"https:\/\/www.suno.com.br\/noticias\/irb-irbr3-ceo-eletrobras-elet3-fraude-gss\/","title":{"rendered":"CEO da Eletrobras (ELET3) e ex-presidente da Caixa s\u00e3o acusados pela CVM por fraude no IRB (IRBR3)"},"content":{"rendered":"<p>A <a class=\"suno-keyword\" data-force=\"no\" data-priority=\"2\" href=\"https:\/\/www.suno.com.br\/artigos\/cvm\/\" target=\"_blank\" rel=\"noopener\">Comiss\u00e3o de Valores Mobili\u00e1rios (CVM)<\/a> encerrou o principal processo sobre o caso de fraude cont\u00e1bil no <strong>IRB<\/strong> (<a class=\"suno-keyword\" data-force=\"yes\" data-priority=\"2\" href=\"https:\/\/www.suno.com.br\/analitica\/acoes\/irbr3\/\" target=\"_blank\" rel=\"noopener\">IRBR3<\/a>). Com isso, 11 ex-diretores e conselheiros da empresa foram acusados, segundo o jornal O Globo.<\/p>\t<div class=\"wrapper-featured-image\">\n\t\t<figure class=\"spotlightImg\">\n\n\t\t\t<picture>\n\t\t\t\t<source media=\"(max-width: 768px)\" srcset=\"https:\/\/files.sunoresearch.com.br\/n\/uploads\/2023\/04\/irb-brasil-irbr3-acoes-logo-foto-divulgacao-400x200.webp\">\n\t\t\t\t<img loading=\"lazy\" decoding=\"async\" class=\"newsContent__article__imgCapa lazyloadDisabled \" src=\"https:\/\/files.sunoresearch.com.br\/n\/uploads\/2023\/04\/irb-brasil-irbr3-acoes-logo-foto-divulgacao-800x450.webp\" width=\"800\" height=\"450\" alt=\"CEO da Eletrobras (ELET3) e ex-presidente da Caixa s\u00e3o acusados pela CVM por fraude no IRB (IRBR3)\" fetchpriority=high \/>\n\t\t\t<\/picture>\n\n\t\t\t<figcaption class=\"wp-caption-text wp-caption-text--show\">IRB Brasil (IRBR3). Foto: Divulga\u00e7\u00e3o.<\/figcaption>\n\t\t<\/figure>\n\t<\/div>\n\n\n\n\n\n\n\n\t<p>\n\t\t<a href=\"https:\/\/lp.suno.com.br\/planilha-da-vida-financeira\/\" target=\"_blank\" data-element=\"shortcode-suno-banner\" title=\"Banner SUNO, clique e saiba mais\">\n\t\t\t<picture>\n\t\t\t\t<source media=\"(max-width: 500px)\" srcset=\"https:\/\/files.sunoresearch.com.br\/n\/uploads\/2023\/04\/400x300-Planilha-vida-financeira-true.png\">\n\t\t\t\t<img class=\"newsContent__article__imgCapa newsContent__article__imgCapa--banner\"\n\t\t\t\t\tsrc=\"https:\/\/files.sunoresearch.com.br\/n\/uploads\/2023\/04\/1420x240-Planilha-vida-financeira-true.png\"\n\t\t\t\t\tdata-promo-id=\"106682\"\t\t\t\t\t\t\t\t\t\twidth='1420' height='240'\t\t\t\t\talt=\"https:\/\/files.sunoresearch.com.br\/n\/uploads\/2023\/04\/1420x240-Planilha-vida-financeira-true.png\"\n\t\t\t\t>\n\t\t\t<\/picture>\n\t\t<\/a>\n\t<\/p>\n\n\n\n\n\n<p>Um dos destaques da lista \u00e9 <strong>Ivan Monteiro<\/strong>, presidente da <a class=\"suno-keyword\" data-force=\"yes\" data-priority=\"2\" href=\"https:\/\/www.suno.com.br\/acoes\/ELET3\/\" target=\"_blank\" rel=\"noopener\">Eletrobras (ELET3)<\/a>, ex-CEO da <a class=\"suno-keyword\" data-force=\"yes\" data-priority=\"2\" href=\"https:\/\/www.suno.com.br\/acoes\/PETR4\/\" target=\"_blank\" rel=\"noopener\">Petrobras (PETR4)<\/a> e ex-presidente do <a class=\"suno-keyword\" data-force=\"no\" data-priority=\"1\" href=\"https:\/\/www.suno.com.br\/artigos\/conselho-administracao\/\" target=\"_blank\" rel=\"noopener\">conselho de administra\u00e7\u00e3o<\/a> do IRB.<\/p>\n\n\n\n<p><strong>Pedro Guimar\u00e3es<\/strong>, ex-presidente da Caixa Econ\u00f4mica Federal e ex-conselheiro da companhia tamb\u00e9m aparece entre os nomes acusados. <\/p>\n\n\n\n<p>Os demais r\u00e9us no caso, de acordo com o jornal O Globo, s\u00e3o:<\/p>\n\n\n\n<ul class=\"wp-block-list\">\n<li>Fernando Passos, ex-CFO do IRB<\/li>\n\n\n\n<li>Jos\u00e9 Carlos Cardoso, ex-presidente do IRB<\/li>\n\n\n\n<li>Lucia Maria da Silva Valle, vice-presidente executiva de riscos<\/li>\n\n\n\n<li>Werner Suffert, vice-presidente Executivo Financeiro e de Rela\u00e7\u00f5es com Investidores<\/li>\n\n\n\n<li>Alexsadro Broedel Lopes, ex-conselheiro<\/li>\n\n\n\n<li>Marcos Bastos Rocha, ex-conselheiro<\/li>\n\n\n\n<li>Maria Elena Bidino, ex-conselheira<\/li>\n\n\n\n<li>Roberto Dagnoni, ex-conselheiro<\/li>\n\n\n\n<li>Vinicius Albernaz, ex-conselheiro<\/li>\n<\/ul>\n\n\n\t<p>\n\t\t<a href=\"https:\/\/lp.suno.com.br\/ebook-como-analisar-uma-acao\/\" target=\"_blank\" data-element=\"shortcode-suno-banner\" title=\"Banner SUNO, clique e saiba mais\">\n\t\t\t<picture>\n\t\t\t\t<source media=\"(max-width: 500px)\" srcset=\"https:\/\/files.sunoresearch.com.br\/n\/uploads\/2023\/03\/Ebook-Acoes-Mobile.jpg\">\n\t\t\t\t<img class=\"newsContent__article__imgCapa newsContent__article__imgCapa--banner\"\n\t\t\t\t\tsrc=\"https:\/\/files.sunoresearch.com.br\/n\/uploads\/2023\/03\/Ebook-Acoes-Desktop.jpg\"\n\t\t\t\t\tdata-promo-id=\"378302\"\t\t\t\t\t\t\t\t\t\twidth='1420' height='286'\t\t\t\t\talt=\"https:\/\/files.sunoresearch.com.br\/n\/uploads\/2023\/03\/Ebook-Acoes-Desktop.jpg\"\n\t\t\t\t>\n\t\t\t<\/picture>\n\t\t<\/a>\n\t<\/p>\n\n\n\n\n\n<p>No in\u00edcio deste m\u00eas, a pe\u00e7a acusat\u00f3ria do caso de <strong>fraude cont\u00e1bil no IRB<\/strong> foi enviada pela \u00e1rea t\u00e9cnica da <strong>CVM<\/strong> para a Ger\u00eancia de Controle de Processos Sancionadores (GCP), que iniciou a cita\u00e7\u00e3o dos acusados.<\/p>\n\n\n\n<p>A <strong>fraude no IRB<\/strong> come\u00e7ou a ganhar visibilidade no mercado em fevereiro de 2020, quando a gestora Squadra publicou uma carta aberta questionando a transpar\u00eancia dos resultados financeiros da empresa.<\/p>\n\n\n\n<p>\u00c0 \u00e9poca, a gestora indicou que o IRB estava inflando os lucros por meio de manobras cont\u00e1beis, o que resultou em uma alta artificial no pre\u00e7o das a\u00e7\u00f5es.<\/p>\n\n\n\n<p>Logo depois, a administra\u00e7\u00e3o da empresa afirmou que a <a class=\"suno-keyword\" data-force=\"no\" data-priority=\"2\" href=\"https:\/\/www.suno.com.br\/artigos\/berkshire-hathaway\/\" target=\"_blank\" rel=\"noopener\">Berkshire Hathaway<\/a>, de Warren Buffett, comprou a\u00e7\u00f5es da empresa, a fim de passar uma imagem de confian\u00e7a ao mercado. Posteriormente, contudo, a Berkshire veio \u00e0 p\u00fablico desmentir a informa\u00e7\u00e3o.<\/p>\n\n\n\n<p>Com isso, as <strong>a\u00e7\u00f5es do IRB<\/strong> despencaram, e a crise culminou na ren\u00fancia do CCEO e do CFO da empresa, dentre outros membros da alta administra\u00e7\u00e3o. <\/p>\n\n\n\n<p>Desde ent\u00e3o, o caso vem sendo investigado pela CVM e pelo Minist\u00e9rio P\u00fablico, que buscam apurar responsabilidades sobre a divulga\u00e7\u00e3o de informa\u00e7\u00f5es falsas do <strong>IRB<\/strong> ao mercado.<\/p>\n\n\n\t<p>\n\t\t<a href=\"https:\/\/lp.suno.com.br\/planilha-da-vida-financeira\/\" target=\"_blank\" data-element=\"shortcode-suno-banner\" title=\"Banner SUNO, clique e saiba mais\">\n\t\t\t<picture>\n\t\t\t\t<source media=\"(max-width: 500px)\" srcset=\"https:\/\/files.sunoresearch.com.br\/n\/uploads\/2023\/04\/400x300-Planilha-vida-financeira-true.png\">\n\t\t\t\t<img class=\"newsContent__article__imgCapa newsContent__article__imgCapa--banner\"\n\t\t\t\t\tsrc=\"https:\/\/files.sunoresearch.com.br\/n\/uploads\/2023\/04\/1420x240-Planilha-vida-financeira-true.png\"\n\t\t\t\t\tdata-promo-id=\"383123\"\t\t\t\t\t\t\t\t\t\twidth='1420' height='240'\t\t\t\t\talt=\"https:\/\/files.sunoresearch.com.br\/n\/uploads\/2023\/04\/1420x240-Planilha-vida-financeira-true.png\"\n\t\t\t\t>\n\t\t\t<\/picture>\n\t\t<\/a>\n\t<\/p>\n\n\n","protected":false},"excerpt":{"rendered":"<p>A Comiss\u00e3o de Valores Mobili\u00e1rios (CVM) encerrou o principal processo sobre o caso de fraude cont\u00e1bil no IRB (IRBR3). Com isso, 11 ex-diretores e conselheiros da empresa foram acusados, segundo o jornal O Globo. IRB Brasil (IRBR3). Foto: Divulga\u00e7\u00e3o. Um dos destaques da lista \u00e9 Ivan Monteiro, presidente da Eletrobras (ELET3), ex-CEO da Petrobras (PETR4) [&hellip;]<\/p>\n","protected":false},"author":376,"featured_media":395093,"comment_status":"closed","ping_status":"closed","sticky":false,"template":"","format":"standard","meta":[],"categories":[64],"tags":[1199,455,1813],"suno_strategy":[],"class_list":["post-571800","post","type-post","status-publish","format-standard","has-post-thumbnail","hentry","category-negocios","tag-caixa-economica-federal-cef","tag-eletrobras-elet3-elet5-elet6","tag-irb-brasil-irbr3"],"yoast_head":"<!-- This site is optimized with the Yoast SEO plugin v24.4 - https:\/\/yoast.com\/wordpress\/plugins\/seo\/ -->\n<title>IRB (IRBR3): CEO da Eletrobras (ELET3) \u00e9 acusado por fraude<\/title>\n<meta name=\"description\" content=\"De acordo com o jornal O Globo, o CEO da Eletrobras e o presidente da Caixa est\u00e3o entre os acusados pela fraude no IRB. Saiba mais.\" \/>\n<meta name=\"robots\" content=\"index, follow, max-snippet:-1, max-image-preview:large, max-video-preview:-1\" \/>\n<link rel=\"canonical\" href=\"https:\/\/www.suno.com.br\/noticias\/irb-irbr3-ceo-eletrobras-elet3-fraude-gss\/\" \/>\n<meta property=\"og:locale\" content=\"pt_BR\" \/>\n<meta property=\"og:type\" content=\"article\" \/>\n<meta property=\"og:title\" content=\"IRB (IRBR3): CEO da Eletrobras (ELET3) \u00e9 acusado por fraude\" \/>\n<meta property=\"og:description\" content=\"De acordo com o jornal O Globo, o CEO da Eletrobras e o presidente da Caixa est\u00e3o entre os acusados pela fraude no IRB. Saiba mais.\" \/>\n<meta property=\"og:url\" content=\"https:\/\/www.suno.com.br\/noticias\/irb-irbr3-ceo-eletrobras-elet3-fraude-gss\/\" \/>\n<meta property=\"og:site_name\" content=\"Suno Not\u00edcias\" \/>\n<meta property=\"article:publisher\" content=\"https:\/\/facebook.com\/sunoresearch\" \/>\n<meta property=\"og:image\" content=\"https:\/\/files.sunoresearch.com.br\/n\/uploads\/2023\/04\/irb-brasil-irbr3-acoes-logo-foto-divulgacao.webp\" \/>\n\t<meta property=\"og:image:width\" content=\"1200\" \/>\n\t<meta property=\"og:image:height\" content=\"675\" \/>\n\t<meta property=\"og:image:type\" content=\"image\/webp\" \/>\n<meta name=\"author\" content=\"Guilherme Serrano\" \/>\n<meta name=\"twitter:card\" content=\"summary_large_image\" \/>\n<meta name=\"twitter:creator\" content=\"@sunoresearch\" \/>\n<meta name=\"twitter:site\" content=\"@sunoresearch\" \/>\n<meta name=\"twitter:label1\" content=\"Escrito por\" \/>\n\t<meta name=\"twitter:data1\" content=\"Guilherme Serrano\" \/>\n\t<meta name=\"twitter:label2\" content=\"Est. tempo de leitura\" \/>\n\t<meta name=\"twitter:data2\" content=\"2 minutos\" \/>\n<script type=\"application\/ld+json\" class=\"yoast-schema-graph\">{\"@context\":\"https:\/\/schema.org\",\"@graph\":[{\"@type\":\"NewsArticle\",\"@id\":\"https:\/\/www.suno.com.br\/noticias\/irb-irbr3-ceo-eletrobras-elet3-fraude-gss\/#article\",\"isPartOf\":{\"@id\":\"https:\/\/www.suno.com.br\/noticias\/irb-irbr3-ceo-eletrobras-elet3-fraude-gss\/\"},\"author\":{\"name\":\"Guilherme Serrano\",\"@id\":\"https:\/\/www.suno.com.br\/noticias\/#\/schema\/person\/d0f07e64bce64aa671feadfb844f04ca\"},\"headline\":\"CEO da Eletrobras (ELET3) e ex-presidente da Caixa s\u00e3o acusados pela CVM por fraude no IRB (IRBR3)\",\"datePublished\":\"2024-08-22T14:30:25+00:00\",\"dateModified\":\"2024-08-22T14:30:29+00:00\",\"mainEntityOfPage\":{\"@id\":\"https:\/\/www.suno.com.br\/noticias\/irb-irbr3-ceo-eletrobras-elet3-fraude-gss\/\"},\"wordCount\":379,\"publisher\":{\"@id\":\"https:\/\/www.suno.com.br\/noticias\/#organization\"},\"image\":{\"@id\":\"https:\/\/www.suno.com.br\/noticias\/irb-irbr3-ceo-eletrobras-elet3-fraude-gss\/#primaryimage\"},\"thumbnailUrl\":\"https:\/\/files.sunoresearch.com.br\/n\/uploads\/2023\/04\/irb-brasil-irbr3-acoes-logo-foto-divulgacao.webp\",\"keywords\":[\"Caixa Econ\u00f4mica Federal (CEF)\",\"Eletrobras (ELET3\/ELET5\/ELET6)\",\"IRB Brasil (IRBR3)\"],\"articleSection\":[\"Neg\u00f3cios\"],\"inLanguage\":\"pt-BR\"},{\"@type\":\"WebPage\",\"@id\":\"https:\/\/www.suno.com.br\/noticias\/irb-irbr3-ceo-eletrobras-elet3-fraude-gss\/\",\"url\":\"https:\/\/www.suno.com.br\/noticias\/irb-irbr3-ceo-eletrobras-elet3-fraude-gss\/\",\"name\":\"IRB (IRBR3): CEO da Eletrobras (ELET3) \u00e9 acusado por fraude\",\"isPartOf\":{\"@id\":\"https:\/\/www.suno.com.br\/noticias\/#website\"},\"primaryImageOfPage\":{\"@id\":\"https:\/\/www.suno.com.br\/noticias\/irb-irbr3-ceo-eletrobras-elet3-fraude-gss\/#primaryimage\"},\"image\":{\"@id\":\"https:\/\/www.suno.com.br\/noticias\/irb-irbr3-ceo-eletrobras-elet3-fraude-gss\/#primaryimage\"},\"thumbnailUrl\":\"https:\/\/files.sunoresearch.com.br\/n\/uploads\/2023\/04\/irb-brasil-irbr3-acoes-logo-foto-divulgacao.webp\",\"datePublished\":\"2024-08-22T14:30:25+00:00\",\"dateModified\":\"2024-08-22T14:30:29+00:00\",\"description\":\"De acordo com o jornal O Globo, o CEO da Eletrobras e o presidente da Caixa est\u00e3o entre os acusados pela fraude no IRB. Saiba mais.\",\"breadcrumb\":{\"@id\":\"https:\/\/www.suno.com.br\/noticias\/irb-irbr3-ceo-eletrobras-elet3-fraude-gss\/#breadcrumb\"},\"inLanguage\":\"pt-BR\",\"potentialAction\":[{\"@type\":\"ReadAction\",\"target\":[\"https:\/\/www.suno.com.br\/noticias\/irb-irbr3-ceo-eletrobras-elet3-fraude-gss\/\"]}]},{\"@type\":\"ImageObject\",\"inLanguage\":\"pt-BR\",\"@id\":\"https:\/\/www.suno.com.br\/noticias\/irb-irbr3-ceo-eletrobras-elet3-fraude-gss\/#primaryimage\",\"url\":\"https:\/\/files.sunoresearch.com.br\/n\/uploads\/2023\/04\/irb-brasil-irbr3-acoes-logo-foto-divulgacao.webp\",\"contentUrl\":\"https:\/\/files.sunoresearch.com.br\/n\/uploads\/2023\/04\/irb-brasil-irbr3-acoes-logo-foto-divulgacao.webp\",\"width\":1200,\"height\":675,\"caption\":\"IRB Brasil (IRBR3). Foto: Divulga\u00e7\u00e3o.\"},{\"@type\":\"BreadcrumbList\",\"@id\":\"https:\/\/www.suno.com.br\/noticias\/irb-irbr3-ceo-eletrobras-elet3-fraude-gss\/#breadcrumb\",\"itemListElement\":[{\"@type\":\"ListItem\",\"position\":1,\"name\":\"Not\u00edcias\",\"item\":\"https:\/\/www.suno.com.br\/noticias\/\"},{\"@type\":\"ListItem\",\"position\":2,\"name\":\"Neg\u00f3cios\",\"item\":\"https:\/\/www.suno.com.br\/noticias\/negocios\/\"},{\"@type\":\"ListItem\",\"position\":3,\"name\":\"CEO da Eletrobras (ELET3) e ex-presidente da Caixa s\u00e3o acusados pela CVM por fraude no IRB (IRBR3)\"}]},{\"@type\":\"WebSite\",\"@id\":\"https:\/\/www.suno.com.br\/noticias\/#website\",\"url\":\"https:\/\/www.suno.com.br\/noticias\/\",\"name\":\"Suno Not\u00edcias\",\"description\":\"Seu portal de informa\u00e7\u00e3o sobre o mundo dos investimentos\",\"publisher\":{\"@id\":\"https:\/\/www.suno.com.br\/noticias\/#organization\"},\"potentialAction\":[{\"@type\":\"SearchAction\",\"target\":{\"@type\":\"EntryPoint\",\"urlTemplate\":\"https:\/\/www.suno.com.br\/noticias\/?s={search_term_string}\"},\"query-input\":{\"@type\":\"PropertyValueSpecification\",\"valueRequired\":true,\"valueName\":\"search_term_string\"}}],\"inLanguage\":\"pt-BR\"},{\"@type\":\"Organization\",\"@id\":\"https:\/\/www.suno.com.br\/noticias\/#organization\",\"name\":\"Suno Not\u00edcias\",\"url\":\"https:\/\/www.suno.com.br\/noticias\/\",\"logo\":{\"@type\":\"ImageObject\",\"inLanguage\":\"pt-BR\",\"@id\":\"https:\/\/www.suno.com.br\/noticias\/#\/schema\/logo\/image\/\",\"url\":\"https:\/\/files.sunoresearch.com.br\/n\/uploads\/2021\/09\/suno-logo.png\",\"contentUrl\":\"https:\/\/files.sunoresearch.com.br\/n\/uploads\/2021\/09\/suno-logo.png\",\"width\":180,\"height\":180,\"caption\":\"Suno Not\u00edcias\"},\"image\":{\"@id\":\"https:\/\/www.suno.com.br\/noticias\/#\/schema\/logo\/image\/\"},\"sameAs\":[\"https:\/\/facebook.com\/sunoresearch\",\"https:\/\/x.com\/sunoresearch\",\"https:\/\/www.instagram.com\/suno\",\"https:\/\/www.linkedin.com\/company\/suno-research\/\",\"https:\/\/www.youtube.com\/c\/sunoresearch\"]},{\"@type\":\"Person\",\"@id\":\"https:\/\/www.suno.com.br\/noticias\/#\/schema\/person\/d0f07e64bce64aa671feadfb844f04ca\",\"name\":\"Guilherme Serrano\",\"image\":{\"@type\":\"ImageObject\",\"inLanguage\":\"pt-BR\",\"@id\":\"https:\/\/www.suno.com.br\/noticias\/#\/schema\/person\/image\/\",\"url\":\"https:\/\/secure.gravatar.com\/avatar\/a90be19d8c67bef61497e4522de30ac4?s=96&r=g\",\"contentUrl\":\"https:\/\/secure.gravatar.com\/avatar\/a90be19d8c67bef61497e4522de30ac4?s=96&r=g\",\"caption\":\"Guilherme Serrano\"},\"description\":\"Jornalista formado pela Faculdade C\u00e1sper L\u00edbero e p\u00f3s-graduado em Can\u00e7\u00e3o Popular pela Faculdade Santa Marcelina. Passagens por R\u00e1dio Gazeta AM, gazetaesportiva.com e TC R\u00e1dio.\",\"url\":\"https:\/\/www.suno.com.br\/noticias\/author\/guilherme-silvasuno-com-br\/\"}]}<\/script>\n<!-- \/ Yoast SEO plugin. -->","yoast_head_json":{"title":"IRB (IRBR3): CEO da Eletrobras (ELET3) \u00e9 acusado por fraude","description":"De acordo com o jornal O Globo, o CEO da Eletrobras e o presidente da Caixa est\u00e3o entre os acusados pela fraude no IRB. Saiba mais.","robots":{"index":"index","follow":"follow","max-snippet":"max-snippet:-1","max-image-preview":"max-image-preview:large","max-video-preview":"max-video-preview:-1"},"canonical":"https:\/\/www.suno.com.br\/noticias\/irb-irbr3-ceo-eletrobras-elet3-fraude-gss\/","og_locale":"pt_BR","og_type":"article","og_title":"IRB (IRBR3): CEO da Eletrobras (ELET3) \u00e9 acusado por fraude","og_description":"De acordo com o jornal O Globo, o CEO da Eletrobras e o presidente da Caixa est\u00e3o entre os acusados pela fraude no IRB. Saiba mais.","og_url":"https:\/\/www.suno.com.br\/noticias\/irb-irbr3-ceo-eletrobras-elet3-fraude-gss\/","og_site_name":"Suno Not\u00edcias","article_publisher":"https:\/\/facebook.com\/sunoresearch","og_image":[{"width":1200,"height":675,"url":"https:\/\/files.sunoresearch.com.br\/n\/uploads\/2023\/04\/irb-brasil-irbr3-acoes-logo-foto-divulgacao.webp","type":"image\/webp"}],"author":"Guilherme Serrano","twitter_card":"summary_large_image","twitter_creator":"@sunoresearch","twitter_site":"@sunoresearch","twitter_misc":{"Escrito por":"Guilherme Serrano","Est. tempo de leitura":"2 minutos"},"schema":{"@context":"https:\/\/schema.org","@graph":[{"@type":"NewsArticle","@id":"https:\/\/www.suno.com.br\/noticias\/irb-irbr3-ceo-eletrobras-elet3-fraude-gss\/#article","isPartOf":{"@id":"https:\/\/www.suno.com.br\/noticias\/irb-irbr3-ceo-eletrobras-elet3-fraude-gss\/"},"author":{"name":"Guilherme Serrano","@id":"https:\/\/www.suno.com.br\/noticias\/#\/schema\/person\/d0f07e64bce64aa671feadfb844f04ca"},"headline":"CEO da Eletrobras (ELET3) e ex-presidente da Caixa s\u00e3o acusados pela CVM por fraude no IRB (IRBR3)","datePublished":"2024-08-22T14:30:25+00:00","dateModified":"2024-08-22T14:30:29+00:00","mainEntityOfPage":{"@id":"https:\/\/www.suno.com.br\/noticias\/irb-irbr3-ceo-eletrobras-elet3-fraude-gss\/"},"wordCount":379,"publisher":{"@id":"https:\/\/www.suno.com.br\/noticias\/#organization"},"image":{"@id":"https:\/\/www.suno.com.br\/noticias\/irb-irbr3-ceo-eletrobras-elet3-fraude-gss\/#primaryimage"},"thumbnailUrl":"https:\/\/files.sunoresearch.com.br\/n\/uploads\/2023\/04\/irb-brasil-irbr3-acoes-logo-foto-divulgacao.webp","keywords":["Caixa Econ\u00f4mica Federal (CEF)","Eletrobras (ELET3\/ELET5\/ELET6)","IRB Brasil (IRBR3)"],"articleSection":["Neg\u00f3cios"],"inLanguage":"pt-BR"},{"@type":"WebPage","@id":"https:\/\/www.suno.com.br\/noticias\/irb-irbr3-ceo-eletrobras-elet3-fraude-gss\/","url":"https:\/\/www.suno.com.br\/noticias\/irb-irbr3-ceo-eletrobras-elet3-fraude-gss\/","name":"IRB (IRBR3): CEO da Eletrobras (ELET3) \u00e9 acusado por fraude","isPartOf":{"@id":"https:\/\/www.suno.com.br\/noticias\/#website"},"primaryImageOfPage":{"@id":"https:\/\/www.suno.com.br\/noticias\/irb-irbr3-ceo-eletrobras-elet3-fraude-gss\/#primaryimage"},"image":{"@id":"https:\/\/www.suno.com.br\/noticias\/irb-irbr3-ceo-eletrobras-elet3-fraude-gss\/#primaryimage"},"thumbnailUrl":"https:\/\/files.sunoresearch.com.br\/n\/uploads\/2023\/04\/irb-brasil-irbr3-acoes-logo-foto-divulgacao.webp","datePublished":"2024-08-22T14:30:25+00:00","dateModified":"2024-08-22T14:30:29+00:00","description":"De acordo com o jornal O Globo, o CEO da Eletrobras e o presidente da Caixa est\u00e3o entre os acusados pela fraude no IRB. Saiba mais.","breadcrumb":{"@id":"https:\/\/www.suno.com.br\/noticias\/irb-irbr3-ceo-eletrobras-elet3-fraude-gss\/#breadcrumb"},"inLanguage":"pt-BR","potentialAction":[{"@type":"ReadAction","target":["https:\/\/www.suno.com.br\/noticias\/irb-irbr3-ceo-eletrobras-elet3-fraude-gss\/"]}]},{"@type":"ImageObject","inLanguage":"pt-BR","@id":"https:\/\/www.suno.com.br\/noticias\/irb-irbr3-ceo-eletrobras-elet3-fraude-gss\/#primaryimage","url":"https:\/\/files.sunoresearch.com.br\/n\/uploads\/2023\/04\/irb-brasil-irbr3-acoes-logo-foto-divulgacao.webp","contentUrl":"https:\/\/files.sunoresearch.com.br\/n\/uploads\/2023\/04\/irb-brasil-irbr3-acoes-logo-foto-divulgacao.webp","width":1200,"height":675,"caption":"IRB Brasil (IRBR3). Foto: Divulga\u00e7\u00e3o."},{"@type":"BreadcrumbList","@id":"https:\/\/www.suno.com.br\/noticias\/irb-irbr3-ceo-eletrobras-elet3-fraude-gss\/#breadcrumb","itemListElement":[{"@type":"ListItem","position":1,"name":"Not\u00edcias","item":"https:\/\/www.suno.com.br\/noticias\/"},{"@type":"ListItem","position":2,"name":"Neg\u00f3cios","item":"https:\/\/www.suno.com.br\/noticias\/negocios\/"},{"@type":"ListItem","position":3,"name":"CEO da Eletrobras (ELET3) e ex-presidente da Caixa s\u00e3o acusados pela CVM por fraude no IRB (IRBR3)"}]},{"@type":"WebSite","@id":"https:\/\/www.suno.com.br\/noticias\/#website","url":"https:\/\/www.suno.com.br\/noticias\/","name":"Suno Not\u00edcias","description":"Seu portal de informa\u00e7\u00e3o sobre o mundo dos investimentos","publisher":{"@id":"https:\/\/www.suno.com.br\/noticias\/#organization"},"potentialAction":[{"@type":"SearchAction","target":{"@type":"EntryPoint","urlTemplate":"https:\/\/www.suno.com.br\/noticias\/?s={search_term_string}"},"query-input":{"@type":"PropertyValueSpecification","valueRequired":true,"valueName":"search_term_string"}}],"inLanguage":"pt-BR"},{"@type":"Organization","@id":"https:\/\/www.suno.com.br\/noticias\/#organization","name":"Suno Not\u00edcias","url":"https:\/\/www.suno.com.br\/noticias\/","logo":{"@type":"ImageObject","inLanguage":"pt-BR","@id":"https:\/\/www.suno.com.br\/noticias\/#\/schema\/logo\/image\/","url":"https:\/\/files.sunoresearch.com.br\/n\/uploads\/2021\/09\/suno-logo.png","contentUrl":"https:\/\/files.sunoresearch.com.br\/n\/uploads\/2021\/09\/suno-logo.png","width":180,"height":180,"caption":"Suno Not\u00edcias"},"image":{"@id":"https:\/\/www.suno.com.br\/noticias\/#\/schema\/logo\/image\/"},"sameAs":["https:\/\/facebook.com\/sunoresearch","https:\/\/x.com\/sunoresearch","https:\/\/www.instagram.com\/suno","https:\/\/www.linkedin.com\/company\/suno-research\/","https:\/\/www.youtube.com\/c\/sunoresearch"]},{"@type":"Person","@id":"https:\/\/www.suno.com.br\/noticias\/#\/schema\/person\/d0f07e64bce64aa671feadfb844f04ca","name":"Guilherme Serrano","image":{"@type":"ImageObject","inLanguage":"pt-BR","@id":"https:\/\/www.suno.com.br\/noticias\/#\/schema\/person\/image\/","url":"https:\/\/secure.gravatar.com\/avatar\/a90be19d8c67bef61497e4522de30ac4?s=96&r=g","contentUrl":"https:\/\/secure.gravatar.com\/avatar\/a90be19d8c67bef61497e4522de30ac4?s=96&r=g","caption":"Guilherme Serrano"},"description":"Jornalista formado pela Faculdade C\u00e1sper L\u00edbero e p\u00f3s-graduado em Can\u00e7\u00e3o Popular pela Faculdade Santa Marcelina. Passagens por R\u00e1dio Gazeta AM, gazetaesportiva.com e TC R\u00e1dio.","url":"https:\/\/www.suno.com.br\/noticias\/author\/guilherme-silvasuno-com-br\/"}]}},"default_loop_html":"<div class=\"cardsPage__listCard__boxs\"><div class=\"cardsPage__listCard__boxs__img\"><a href=\"https:\/\/www.suno.com.br\/noticias\/irb-irbr3-ceo-eletrobras-elet3-fraude-gss\/\"><img class=\"mask\" src=\"https:\/\/www.suno.com.br\/noticias\/wp-content\/themes\/suno\/resources\/images\/spotlight\/spotlight1img\/bg-mask.png\" alt=\"Image Mask\"\/><img src=\"https:\/\/files.sunoresearch.com.br\/n\/uploads\/2023\/04\/irb-brasil-irbr3-acoes-logo-foto-divulgacao-400x200.webp\" alt=\"CEO da Eletrobras (ELET3) e ex-presidente da Caixa s\u00e3o acusados pela CVM por fraude no IRB (IRBR3)\"\/><\/a><span class=\"spotlightCategory\"><a href=\"https:\/\/www.suno.com.br\/noticias\/negocios\/\">Neg\u00f3cios<\/a><\/span><\/div><div class=\"cardsPage__listCard__boxs__content\"><a href=\"https:\/\/www.suno.com.br\/noticias\/irb-irbr3-ceo-eletrobras-elet3-fraude-gss\/\"><h2 class=\"content__title\">CEO da Eletrobras (ELET3) e ex-presidente da Caixa s\u00e3o acusados pela CVM por fraude no IRB (IRBR3)<\/h2><\/a><div class=\"newsContent__article__meta\"><div class=\"newsContent__article__meta__authorBox\"><a href=\"https:\/\/www.suno.com.br\/noticias\/author\/guilherme-silvasuno-com-br\/\" class=\"authorBox__avatar noMobi\"><img src=\"https:\/\/secure.gravatar.com\/avatar\/a90be19d8c67bef61497e4522de30ac4?s=96&#038;r=g\" alt=\"Guilherme Serrano\"><\/a><div class=\"authorBox__name\"><span>por\n\t\t\t<a href=\"https:\/\/www.suno.com.br\/noticias\/author\/guilherme-silvasuno-com-br\/\"><span itemprop=\"author\">Guilherme Serrano<\/span><\/a><\/span><time datetime=\"2024-08-22T11:30:25-03:00\" itemprop=\"datePublished\">22\/08\/2024 11:30<\/time><\/div><\/div><\/div><\/div><\/div>","single_layout":"posts","amp_enabled":true,"_links":{"self":[{"href":"https:\/\/www.suno.com.br\/noticias\/wp-json\/wp\/v2\/posts\/571800"}],"collection":[{"href":"https:\/\/www.suno.com.br\/noticias\/wp-json\/wp\/v2\/posts"}],"about":[{"href":"https:\/\/www.suno.com.br\/noticias\/wp-json\/wp\/v2\/types\/post"}],"author":[{"embeddable":true,"href":"https:\/\/www.suno.com.br\/noticias\/wp-json\/wp\/v2\/users\/376"}],"replies":[{"embeddable":true,"href":"https:\/\/www.suno.com.br\/noticias\/wp-json\/wp\/v2\/comments?post=571800"}],"version-history":[{"count":2,"href":"https:\/\/www.suno.com.br\/noticias\/wp-json\/wp\/v2\/posts\/571800\/revisions"}],"predecessor-version":[{"id":571806,"href":"https:\/\/www.suno.com.br\/noticias\/wp-json\/wp\/v2\/posts\/571800\/revisions\/571806"}],"wp:featuredmedia":[{"embeddable":true,"href":"https:\/\/www.suno.com.br\/noticias\/wp-json\/wp\/v2\/media\/395093"}],"wp:attachment":[{"href":"https:\/\/www.suno.com.br\/noticias\/wp-json\/wp\/v2\/media?parent=571800"}],"wp:term":[{"taxonomy":"category","embeddable":true,"href":"https:\/\/www.suno.com.br\/noticias\/wp-json\/wp\/v2\/categories?post=571800"},{"taxonomy":"post_tag","embeddable":true,"href":"https:\/\/www.suno.com.br\/noticias\/wp-json\/wp\/v2\/tags?post=571800"},{"taxonomy":"suno_strategy","embeddable":true,"href":"https:\/\/www.suno.com.br\/noticias\/wp-json\/wp\/v2\/suno_strategy?post=571800"}],"curies":[{"name":"wp","href":"https:\/\/api.w.org\/{rel}","templated":true}]}}