{"id":57171,"date":"2020-03-17T17:42:23","date_gmt":"2020-03-17T20:42:23","guid":{"rendered":"https:\/\/www.suno.com.br\/noticias\/?p=57171"},"modified":"2020-03-17T17:42:23","modified_gmt":"2020-03-17T20:42:23","slug":"santander-reduz-projecao-alta-pib-2020","status":"publish","type":"post","link":"https:\/\/www.suno.com.br\/noticias\/santander-reduz-projecao-alta-pib-2020\/","title":{"rendered":"Santander reduz proje\u00e7\u00f5es de alta do PIB brasileiro em 2020 e 2021"},"content":{"rendered":"<p>O <a href=\"https:\/\/www.suno.com.br\/acoes\/sanb11\/\"><strong>Santander<\/strong> <strong>Brasil<\/strong> (SANB11)<\/a> reduziu nesta ter\u00e7a-feira (17) suas proje\u00e7\u00f5es para o crescimento do <a href=\"https:\/\/www.suno.com.br\/artigos\/pib-produto-interno-bruto\/\">Produto Interno Bruto (PIB)<\/a> do Brasil em 2020 e 2021. As diminui\u00e7\u00f5es foram motivadas pelos impactos econ\u00f4micos da pandemia de coronav\u00edrus.<\/p>\t<div class=\"wrapper-featured-image\">\n\t\t<figure class=\"spotlightImg\">\n\n\t\t\t<picture>\n\t\t\t\t<source media=\"(max-width: 768px)\" srcset=\"https:\/\/files.sunoresearch.com.br\/n\/uploads\/2019\/07\/bb92fffb-santander-400x200.webp\">\n\t\t\t\t<img loading=\"lazy\" decoding=\"async\" class=\"newsContent__article__imgCapa lazyloadDisabled newsContent__article__imgCapa--noCaption\" src=\"https:\/\/files.sunoresearch.com.br\/n\/uploads\/2019\/07\/bb92fffb-santander-jpg.webp\" width=\"800\" height=\"450\" alt=\"Santander reduz proje\u00e7\u00f5es de alta do PIB brasileiro em 2020 e 2021\" fetchpriority=high \/>\n\t\t\t<\/picture>\n\n\t\t\t<figcaption class=\"wp-caption-text wp-caption-text--hide\">Santander (foto: divulga\u00e7\u00e3o)<\/figcaption>\n\t\t<\/figure>\n\t<\/div>\n\n\n\n<p>De acordo com o economista-chefe do Santander, Mauricio Oreng, a previs\u00e3o de crescimento do <strong>PIB<\/strong> do Brasil em 2020 passou de 2%, da proje\u00e7\u00e3o anterior, para 1%. Al\u00e9m disso, a estimativa para 2021 caiu de 2,5% para 2%.<\/p>\n<p>O executivo informou que a institui\u00e7\u00e3o financeira prev\u00ea contra\u00e7\u00e3o de 0,2% da economia brasileira no primeiro trimestre deste ano. A queda no segundo trimestre dever\u00e1 ser ainda mais acentuada, de 0,4%. Por outro lado, a proje\u00e7\u00e3o \u00e9 de avan\u00e7o de 0,4% e 0,5% para os dois \u00faltimos trimestres do ano, respectivamente.<\/p>\n<p><a href=\"https:\/\/www.suno.com.br\/nossas-assinaturas\/suno-premium\/\">Saiba mais: Oportunidades \u00fanicas surgiram com a queda na bolsa! Aproveite e acesse agora nossos relat\u00f3rios para assinantes.<\/a><\/p>\n<p>&#8220;Trabalhamos com um cen\u00e1rio onde o impacto do surto come\u00e7a a dissipar no segundo trimestre. Isso vai ficando mais vis\u00edvel no terceiro trimestre e, no quarto trimestre, voltamos \u00e0 normalidade&#8221;, afirmou Oreng.<\/p>\n<p>Segundo o economista, a desacelera\u00e7\u00e3o da demanda global \u00e9 um dos principais fatores para o recuo da economia do Pa\u00eds, visto que afetar\u00e1 as exporta\u00e7\u00f5es brasileiras.<\/p>\n\t<p>\n\t\t<a href=\"https:\/\/lp.suno.com.br\/ao\/servico-especializado-suno-tf\/?utm_source=adwords&#038;utm_medium=search&#038;utm_campaign=search.servico.funilconsultoria&#038;utm_content=1147_responsivo-a&#038;hsa_acc=2326072784&#038;hsa_cam=18022897917&#038;hsa_grp=141470255993&#038;hsa_ad=616145467912&#038;hsa_src=g&#038;hsa_tgt=kwd-303658942458&#038;hsa_kw=gestora+de+investimentos&#038;hsa_mt=b&#038;hsa_net=adwords&#038;hsa_ver=3&#038;gad_source=1&#038;gclid=CjwKCAjw1emzBhB8EiwAHwZZxQMvA3xJVRzLGZ70LmuSzR55X-KvxijSay8c5Hm88Sznnq97j8XbORoC-sMQAvD_BwE\" target=\"_blank\" data-element=\"shortcode-suno-banner\" title=\"Banner SUNO, clique e saiba mais\">\n\t\t\t<picture>\n\t\t\t\t<source media=\"(max-width: 500px)\" srcset=\"https:\/\/files.sunoresearch.com.br\/n\/uploads\/2024\/06\/400x300-Mobile-Artigos-4-1.png\">\n\t\t\t\t<img class=\"newsContent__article__imgCapa newsContent__article__imgCapa--banner\"\n\t\t\t\t\tsrc=\"https:\/\/files.sunoresearch.com.br\/n\/uploads\/2024\/06\/1420x240-Banner-Artigos-1-_-Banner-Materias-2-1.png\"\n\t\t\t\t\tdata-promo-id=\"563609\"\t\t\t\t\t\t\t\t\t\twidth='1420' height='240'\t\t\t\t\talt=\"https:\/\/files.sunoresearch.com.br\/n\/uploads\/2024\/06\/1420x240-Banner-Artigos-1-_-Banner-Materias-2-1.png\"\n\t\t\t\t>\n\t\t\t<\/picture>\n\t\t<\/a>\n\t<\/p>\n\n\n<p>Al\u00e9m disso, o executivo salientou que as previs\u00f5es divulgadas nesta ter\u00e7a podem ser revistas para baixo, conforme os desdobramentos da pandemia. Para 2021, Oreng afirmou que o cen\u00e1rio pode ser um pouco mais otimista, principalmente se a agenda de reformas do governo avan\u00e7ar.<\/p>\n<h2>Proje\u00e7\u00e3o anterior do Santander para o PIB<\/h2>\n<p>O Santander j\u00e1 havia revisado para baixo as proje\u00e7\u00f5es para o PIB em 2020 e 2021 no in\u00edcio de fevereiro. Na ocasi\u00e3o, a previs\u00e3o para este ano passou de 2,3% para 2%. J\u00e1 a estimativa para o ano que vem caiu de 3% para 2,5%.<\/p>\n<p><a href=\"https:\/\/www.suno.com.br\/noticias\/santander-reduz-projecao-de-alta-do-pib-de-23-para-2-em-2020\/\">Saiba mais: Santander reduz proje\u00e7\u00e3o de alta do PIB de 2,3% para 2% em 2020<\/a><\/p>\n<p>Quando a proje\u00e7\u00e3o anterior foi publicada, o Pa\u00eds ainda n\u00e3o contava com nenhum caso de coronav\u00edrus. Al\u00e9m disso, os impactos da epidemia na economia global ainda n\u00e3o eram t\u00e3o alarmantes. Dessa forma, conforme o relat\u00f3rio, a queda aconteceu por conta dos resultados da atividade econ\u00f4mica do Brasil no quarto trimestre do ano passado.<\/p>\n<p>\u201cApesar das revis\u00f5es baixistas, entendemos que a composi\u00e7\u00e3o do crescimento dom\u00e9stico segue positiva, em particular com a maior participa\u00e7\u00e3o da demanda do setor privado\u201d, informou o relat\u00f3rio divulgado pelo <strong>Santander<\/strong> em fevereiro.<\/p>\n\n","protected":false},"excerpt":{"rendered":"<p>O Santander Brasil (SANB11) reduziu nesta ter\u00e7a-feira (17) suas proje\u00e7\u00f5es para o crescimento do Produto Interno Bruto (PIB) do Brasil em 2020 e 2021. As diminui\u00e7\u00f5es foram motivadas pelos impactos econ\u00f4micos da pandemia de coronav\u00edrus. Santander (foto: divulga\u00e7\u00e3o) De acordo com o economista-chefe do Santander, Mauricio Oreng, a previs\u00e3o de crescimento do PIB do Brasil [&hellip;]<\/p>\n","protected":false},"author":18,"featured_media":31869,"comment_status":"closed","ping_status":"closed","sticky":false,"template":"","format":"standard","meta":[],"categories":[64],"tags":[2487,807,624],"suno_strategy":[],"class_list":["post-57171","post","type-post","status-publish","format-standard","has-post-thumbnail","hentry","category-negocios","tag-coronavirus","tag-produto-interno-bruto-pib","tag-santander-sanb11-sanb3-sanb4"],"yoast_head":"<!-- This site is optimized with the Yoast SEO plugin v24.4 - https:\/\/yoast.com\/wordpress\/plugins\/seo\/ -->\n<title>Santander reduz proje\u00e7\u00f5es de alta do PIB em 2020 e 2021<\/title>\n<meta name=\"description\" content=\"O Santander Brasil reduziu suas proje\u00e7\u00f5es para o crescimento do Produto Interno Bruto (PIB) do Brasil em 2020 e 2021. Clique para saber mais.\" \/>\n<meta name=\"robots\" content=\"index, follow, max-snippet:-1, max-image-preview:large, max-video-preview:-1\" \/>\n<link rel=\"canonical\" href=\"https:\/\/www.suno.com.br\/noticias\/santander-reduz-projecao-alta-pib-2020\/\" \/>\n<meta property=\"og:locale\" content=\"pt_BR\" \/>\n<meta property=\"og:type\" content=\"article\" \/>\n<meta property=\"og:title\" content=\"Santander reduz proje\u00e7\u00f5es de alta do PIB em 2020 e 2021\" \/>\n<meta property=\"og:description\" content=\"O Santander Brasil reduziu suas proje\u00e7\u00f5es para o crescimento do Produto Interno Bruto (PIB) do Brasil em 2020 e 2021. Clique para saber mais.\" \/>\n<meta property=\"og:url\" content=\"https:\/\/www.suno.com.br\/noticias\/santander-reduz-projecao-alta-pib-2020\/\" \/>\n<meta property=\"og:site_name\" content=\"Suno Not\u00edcias\" \/>\n<meta property=\"article:publisher\" content=\"https:\/\/facebook.com\/sunoresearch\" \/>\n<meta property=\"og:image\" content=\"https:\/\/files.sunoresearch.com.br\/n\/uploads\/2019\/07\/bb92fffb-santander.jpg\" \/>\n\t<meta property=\"og:image:width\" content=\"770\" \/>\n\t<meta property=\"og:image:height\" content=\"478\" \/>\n\t<meta property=\"og:image:type\" content=\"image\/jpeg\" \/>\n<meta name=\"author\" content=\"Giovanna Oliveira\" \/>\n<meta name=\"twitter:card\" content=\"summary_large_image\" \/>\n<meta name=\"twitter:creator\" content=\"@sunoresearch\" \/>\n<meta name=\"twitter:site\" content=\"@sunoresearch\" \/>\n<meta name=\"twitter:label1\" content=\"Escrito por\" \/>\n\t<meta name=\"twitter:data1\" content=\"Giovanna Oliveira\" \/>\n\t<meta name=\"twitter:label2\" content=\"Est. tempo de leitura\" \/>\n\t<meta name=\"twitter:data2\" content=\"2 minutos\" \/>\n<script type=\"application\/ld+json\" class=\"yoast-schema-graph\">{\"@context\":\"https:\/\/schema.org\",\"@graph\":[{\"@type\":\"NewsArticle\",\"@id\":\"https:\/\/www.suno.com.br\/noticias\/santander-reduz-projecao-alta-pib-2020\/#article\",\"isPartOf\":{\"@id\":\"https:\/\/www.suno.com.br\/noticias\/santander-reduz-projecao-alta-pib-2020\/\"},\"author\":{\"name\":\"Giovanna Oliveira\",\"@id\":\"https:\/\/www.suno.com.br\/noticias\/#\/schema\/person\/4e19e3d2575736e5283d58eb3199d120\"},\"headline\":\"Santander reduz proje\u00e7\u00f5es de alta do PIB brasileiro em 2020 e 2021\",\"datePublished\":\"2020-03-17T20:42:23+00:00\",\"mainEntityOfPage\":{\"@id\":\"https:\/\/www.suno.com.br\/noticias\/santander-reduz-projecao-alta-pib-2020\/\"},\"wordCount\":435,\"publisher\":{\"@id\":\"https:\/\/www.suno.com.br\/noticias\/#organization\"},\"image\":{\"@id\":\"https:\/\/www.suno.com.br\/noticias\/santander-reduz-projecao-alta-pib-2020\/#primaryimage\"},\"thumbnailUrl\":\"https:\/\/files.sunoresearch.com.br\/n\/uploads\/2019\/07\/bb92fffb-santander-jpg.webp\",\"keywords\":[\"coronav\u00edrus\",\"Produto Interno Bruto (PIB)\",\"Santander (SANB11\/SANB3\/SANB4)\"],\"articleSection\":[\"Neg\u00f3cios\"],\"inLanguage\":\"pt-BR\"},{\"@type\":\"WebPage\",\"@id\":\"https:\/\/www.suno.com.br\/noticias\/santander-reduz-projecao-alta-pib-2020\/\",\"url\":\"https:\/\/www.suno.com.br\/noticias\/santander-reduz-projecao-alta-pib-2020\/\",\"name\":\"Santander reduz proje\u00e7\u00f5es de alta do PIB em 2020 e 2021\",\"isPartOf\":{\"@id\":\"https:\/\/www.suno.com.br\/noticias\/#website\"},\"primaryImageOfPage\":{\"@id\":\"https:\/\/www.suno.com.br\/noticias\/santander-reduz-projecao-alta-pib-2020\/#primaryimage\"},\"image\":{\"@id\":\"https:\/\/www.suno.com.br\/noticias\/santander-reduz-projecao-alta-pib-2020\/#primaryimage\"},\"thumbnailUrl\":\"https:\/\/files.sunoresearch.com.br\/n\/uploads\/2019\/07\/bb92fffb-santander-jpg.webp\",\"datePublished\":\"2020-03-17T20:42:23+00:00\",\"description\":\"O Santander Brasil reduziu suas proje\u00e7\u00f5es para o crescimento do Produto Interno Bruto (PIB) do Brasil em 2020 e 2021. Clique para saber mais.\",\"breadcrumb\":{\"@id\":\"https:\/\/www.suno.com.br\/noticias\/santander-reduz-projecao-alta-pib-2020\/#breadcrumb\"},\"inLanguage\":\"pt-BR\",\"potentialAction\":[{\"@type\":\"ReadAction\",\"target\":[\"https:\/\/www.suno.com.br\/noticias\/santander-reduz-projecao-alta-pib-2020\/\"]}]},{\"@type\":\"ImageObject\",\"inLanguage\":\"pt-BR\",\"@id\":\"https:\/\/www.suno.com.br\/noticias\/santander-reduz-projecao-alta-pib-2020\/#primaryimage\",\"url\":\"https:\/\/files.sunoresearch.com.br\/n\/uploads\/2019\/07\/bb92fffb-santander-jpg.webp\",\"contentUrl\":\"https:\/\/files.sunoresearch.com.br\/n\/uploads\/2019\/07\/bb92fffb-santander-jpg.webp\",\"width\":770,\"height\":478,\"caption\":\"Santander (foto: divulga\u00e7\u00e3o)\"},{\"@type\":\"BreadcrumbList\",\"@id\":\"https:\/\/www.suno.com.br\/noticias\/santander-reduz-projecao-alta-pib-2020\/#breadcrumb\",\"itemListElement\":[{\"@type\":\"ListItem\",\"position\":1,\"name\":\"Not\u00edcias\",\"item\":\"https:\/\/www.suno.com.br\/noticias\/\"},{\"@type\":\"ListItem\",\"position\":2,\"name\":\"Neg\u00f3cios\",\"item\":\"https:\/\/www.suno.com.br\/noticias\/negocios\/\"},{\"@type\":\"ListItem\",\"position\":3,\"name\":\"Santander reduz proje\u00e7\u00f5es de alta do PIB brasileiro em 2020 e 2021\"}]},{\"@type\":\"WebSite\",\"@id\":\"https:\/\/www.suno.com.br\/noticias\/#website\",\"url\":\"https:\/\/www.suno.com.br\/noticias\/\",\"name\":\"Suno Not\u00edcias\",\"description\":\"Seu portal de informa\u00e7\u00e3o sobre o mundo dos investimentos\",\"publisher\":{\"@id\":\"https:\/\/www.suno.com.br\/noticias\/#organization\"},\"potentialAction\":[{\"@type\":\"SearchAction\",\"target\":{\"@type\":\"EntryPoint\",\"urlTemplate\":\"https:\/\/www.suno.com.br\/noticias\/?s={search_term_string}\"},\"query-input\":{\"@type\":\"PropertyValueSpecification\",\"valueRequired\":true,\"valueName\":\"search_term_string\"}}],\"inLanguage\":\"pt-BR\"},{\"@type\":\"Organization\",\"@id\":\"https:\/\/www.suno.com.br\/noticias\/#organization\",\"name\":\"Suno Not\u00edcias\",\"url\":\"https:\/\/www.suno.com.br\/noticias\/\",\"logo\":{\"@type\":\"ImageObject\",\"inLanguage\":\"pt-BR\",\"@id\":\"https:\/\/www.suno.com.br\/noticias\/#\/schema\/logo\/image\/\",\"url\":\"https:\/\/files.sunoresearch.com.br\/n\/uploads\/2021\/09\/suno-logo.png\",\"contentUrl\":\"https:\/\/files.sunoresearch.com.br\/n\/uploads\/2021\/09\/suno-logo.png\",\"width\":180,\"height\":180,\"caption\":\"Suno Not\u00edcias\"},\"image\":{\"@id\":\"https:\/\/www.suno.com.br\/noticias\/#\/schema\/logo\/image\/\"},\"sameAs\":[\"https:\/\/facebook.com\/sunoresearch\",\"https:\/\/x.com\/sunoresearch\",\"https:\/\/www.instagram.com\/suno\",\"https:\/\/www.linkedin.com\/company\/suno-research\/\",\"https:\/\/www.youtube.com\/c\/sunoresearch\"]},{\"@type\":\"Person\",\"@id\":\"https:\/\/www.suno.com.br\/noticias\/#\/schema\/person\/4e19e3d2575736e5283d58eb3199d120\",\"name\":\"Giovanna Oliveira\",\"image\":{\"@type\":\"ImageObject\",\"inLanguage\":\"pt-BR\",\"@id\":\"https:\/\/www.suno.com.br\/noticias\/#\/schema\/person\/image\/\",\"url\":\"https:\/\/secure.gravatar.com\/avatar\/9a37b3ae208962ac568992d0ffdbc2eb?s=96&r=g\",\"contentUrl\":\"https:\/\/secure.gravatar.com\/avatar\/9a37b3ae208962ac568992d0ffdbc2eb?s=96&r=g\",\"caption\":\"Giovanna Oliveira\"},\"description\":\"Giovanna Oliveira escreve sobre economia e pol\u00edtica. Foi rep\u00f3rter do portal de jornalismo da ESPM-SP e produziu conte\u00fado para a Corinthians TV. \u00c9 estudante da ESPM.\",\"url\":\"https:\/\/www.suno.com.br\/noticias\/author\/giovanna\/\"}]}<\/script>\n<!-- \/ Yoast SEO plugin. -->","yoast_head_json":{"title":"Santander reduz proje\u00e7\u00f5es de alta do PIB em 2020 e 2021","description":"O Santander Brasil reduziu suas proje\u00e7\u00f5es para o crescimento do Produto Interno Bruto (PIB) do Brasil em 2020 e 2021. Clique para saber mais.","robots":{"index":"index","follow":"follow","max-snippet":"max-snippet:-1","max-image-preview":"max-image-preview:large","max-video-preview":"max-video-preview:-1"},"canonical":"https:\/\/www.suno.com.br\/noticias\/santander-reduz-projecao-alta-pib-2020\/","og_locale":"pt_BR","og_type":"article","og_title":"Santander reduz proje\u00e7\u00f5es de alta do PIB em 2020 e 2021","og_description":"O Santander Brasil reduziu suas proje\u00e7\u00f5es para o crescimento do Produto Interno Bruto (PIB) do Brasil em 2020 e 2021. Clique para saber mais.","og_url":"https:\/\/www.suno.com.br\/noticias\/santander-reduz-projecao-alta-pib-2020\/","og_site_name":"Suno Not\u00edcias","article_publisher":"https:\/\/facebook.com\/sunoresearch","og_image":[{"width":770,"height":478,"url":"https:\/\/files.sunoresearch.com.br\/n\/uploads\/2019\/07\/bb92fffb-santander.jpg","type":"image\/jpeg"}],"author":"Giovanna Oliveira","twitter_card":"summary_large_image","twitter_creator":"@sunoresearch","twitter_site":"@sunoresearch","twitter_misc":{"Escrito por":"Giovanna Oliveira","Est. tempo de leitura":"2 minutos"},"schema":{"@context":"https:\/\/schema.org","@graph":[{"@type":"NewsArticle","@id":"https:\/\/www.suno.com.br\/noticias\/santander-reduz-projecao-alta-pib-2020\/#article","isPartOf":{"@id":"https:\/\/www.suno.com.br\/noticias\/santander-reduz-projecao-alta-pib-2020\/"},"author":{"name":"Giovanna Oliveira","@id":"https:\/\/www.suno.com.br\/noticias\/#\/schema\/person\/4e19e3d2575736e5283d58eb3199d120"},"headline":"Santander reduz proje\u00e7\u00f5es de alta do PIB brasileiro em 2020 e 2021","datePublished":"2020-03-17T20:42:23+00:00","mainEntityOfPage":{"@id":"https:\/\/www.suno.com.br\/noticias\/santander-reduz-projecao-alta-pib-2020\/"},"wordCount":435,"publisher":{"@id":"https:\/\/www.suno.com.br\/noticias\/#organization"},"image":{"@id":"https:\/\/www.suno.com.br\/noticias\/santander-reduz-projecao-alta-pib-2020\/#primaryimage"},"thumbnailUrl":"https:\/\/files.sunoresearch.com.br\/n\/uploads\/2019\/07\/bb92fffb-santander-jpg.webp","keywords":["coronav\u00edrus","Produto Interno Bruto (PIB)","Santander (SANB11\/SANB3\/SANB4)"],"articleSection":["Neg\u00f3cios"],"inLanguage":"pt-BR"},{"@type":"WebPage","@id":"https:\/\/www.suno.com.br\/noticias\/santander-reduz-projecao-alta-pib-2020\/","url":"https:\/\/www.suno.com.br\/noticias\/santander-reduz-projecao-alta-pib-2020\/","name":"Santander reduz proje\u00e7\u00f5es de alta do PIB em 2020 e 2021","isPartOf":{"@id":"https:\/\/www.suno.com.br\/noticias\/#website"},"primaryImageOfPage":{"@id":"https:\/\/www.suno.com.br\/noticias\/santander-reduz-projecao-alta-pib-2020\/#primaryimage"},"image":{"@id":"https:\/\/www.suno.com.br\/noticias\/santander-reduz-projecao-alta-pib-2020\/#primaryimage"},"thumbnailUrl":"https:\/\/files.sunoresearch.com.br\/n\/uploads\/2019\/07\/bb92fffb-santander-jpg.webp","datePublished":"2020-03-17T20:42:23+00:00","description":"O Santander Brasil reduziu suas proje\u00e7\u00f5es para o crescimento do Produto Interno Bruto (PIB) do Brasil em 2020 e 2021. Clique para saber mais.","breadcrumb":{"@id":"https:\/\/www.suno.com.br\/noticias\/santander-reduz-projecao-alta-pib-2020\/#breadcrumb"},"inLanguage":"pt-BR","potentialAction":[{"@type":"ReadAction","target":["https:\/\/www.suno.com.br\/noticias\/santander-reduz-projecao-alta-pib-2020\/"]}]},{"@type":"ImageObject","inLanguage":"pt-BR","@id":"https:\/\/www.suno.com.br\/noticias\/santander-reduz-projecao-alta-pib-2020\/#primaryimage","url":"https:\/\/files.sunoresearch.com.br\/n\/uploads\/2019\/07\/bb92fffb-santander-jpg.webp","contentUrl":"https:\/\/files.sunoresearch.com.br\/n\/uploads\/2019\/07\/bb92fffb-santander-jpg.webp","width":770,"height":478,"caption":"Santander (foto: divulga\u00e7\u00e3o)"},{"@type":"BreadcrumbList","@id":"https:\/\/www.suno.com.br\/noticias\/santander-reduz-projecao-alta-pib-2020\/#breadcrumb","itemListElement":[{"@type":"ListItem","position":1,"name":"Not\u00edcias","item":"https:\/\/www.suno.com.br\/noticias\/"},{"@type":"ListItem","position":2,"name":"Neg\u00f3cios","item":"https:\/\/www.suno.com.br\/noticias\/negocios\/"},{"@type":"ListItem","position":3,"name":"Santander reduz proje\u00e7\u00f5es de alta do PIB brasileiro em 2020 e 2021"}]},{"@type":"WebSite","@id":"https:\/\/www.suno.com.br\/noticias\/#website","url":"https:\/\/www.suno.com.br\/noticias\/","name":"Suno Not\u00edcias","description":"Seu portal de informa\u00e7\u00e3o sobre o mundo dos investimentos","publisher":{"@id":"https:\/\/www.suno.com.br\/noticias\/#organization"},"potentialAction":[{"@type":"SearchAction","target":{"@type":"EntryPoint","urlTemplate":"https:\/\/www.suno.com.br\/noticias\/?s={search_term_string}"},"query-input":{"@type":"PropertyValueSpecification","valueRequired":true,"valueName":"search_term_string"}}],"inLanguage":"pt-BR"},{"@type":"Organization","@id":"https:\/\/www.suno.com.br\/noticias\/#organization","name":"Suno Not\u00edcias","url":"https:\/\/www.suno.com.br\/noticias\/","logo":{"@type":"ImageObject","inLanguage":"pt-BR","@id":"https:\/\/www.suno.com.br\/noticias\/#\/schema\/logo\/image\/","url":"https:\/\/files.sunoresearch.com.br\/n\/uploads\/2021\/09\/suno-logo.png","contentUrl":"https:\/\/files.sunoresearch.com.br\/n\/uploads\/2021\/09\/suno-logo.png","width":180,"height":180,"caption":"Suno Not\u00edcias"},"image":{"@id":"https:\/\/www.suno.com.br\/noticias\/#\/schema\/logo\/image\/"},"sameAs":["https:\/\/facebook.com\/sunoresearch","https:\/\/x.com\/sunoresearch","https:\/\/www.instagram.com\/suno","https:\/\/www.linkedin.com\/company\/suno-research\/","https:\/\/www.youtube.com\/c\/sunoresearch"]},{"@type":"Person","@id":"https:\/\/www.suno.com.br\/noticias\/#\/schema\/person\/4e19e3d2575736e5283d58eb3199d120","name":"Giovanna Oliveira","image":{"@type":"ImageObject","inLanguage":"pt-BR","@id":"https:\/\/www.suno.com.br\/noticias\/#\/schema\/person\/image\/","url":"https:\/\/secure.gravatar.com\/avatar\/9a37b3ae208962ac568992d0ffdbc2eb?s=96&r=g","contentUrl":"https:\/\/secure.gravatar.com\/avatar\/9a37b3ae208962ac568992d0ffdbc2eb?s=96&r=g","caption":"Giovanna Oliveira"},"description":"Giovanna Oliveira escreve sobre economia e pol\u00edtica. Foi rep\u00f3rter do portal de jornalismo da ESPM-SP e produziu conte\u00fado para a Corinthians TV. \u00c9 estudante da ESPM.","url":"https:\/\/www.suno.com.br\/noticias\/author\/giovanna\/"}]}},"default_loop_html":"<div class=\"cardsPage__listCard__boxs\"><div class=\"cardsPage__listCard__boxs__img\"><a href=\"https:\/\/www.suno.com.br\/noticias\/santander-reduz-projecao-alta-pib-2020\/\"><img class=\"mask\" src=\"https:\/\/www.suno.com.br\/noticias\/wp-content\/themes\/suno\/resources\/images\/spotlight\/spotlight1img\/bg-mask.png\" alt=\"Image Mask\"\/><img src=\"https:\/\/files.sunoresearch.com.br\/n\/uploads\/2019\/07\/bb92fffb-santander-400x200.webp\" alt=\"Santander reduz proje\u00e7\u00f5es de alta do PIB brasileiro em 2020 e 2021\"\/><\/a><span class=\"spotlightCategory\"><a href=\"https:\/\/www.suno.com.br\/noticias\/negocios\/\">Neg\u00f3cios<\/a><\/span><\/div><div class=\"cardsPage__listCard__boxs__content\"><a href=\"https:\/\/www.suno.com.br\/noticias\/santander-reduz-projecao-alta-pib-2020\/\"><h2 class=\"content__title\">Santander reduz proje\u00e7\u00f5es de alta do PIB brasileiro em 2020 e 2021<\/h2><\/a><div class=\"newsContent__article__meta\"><div class=\"newsContent__article__meta__authorBox\"><a href=\"https:\/\/www.suno.com.br\/noticias\/author\/giovanna\/\" class=\"authorBox__avatar noMobi\"><img src=\"https:\/\/files.sunoresearch.com.br\/n\/uploads\/2019\/06\/952a89ca-screenshot_20190608-171507-150x150.webp\" alt=\"Giovanna Oliveira\"><\/a><div class=\"authorBox__name\"><span>por\n\t\t\t<a href=\"https:\/\/www.suno.com.br\/noticias\/author\/giovanna\/\"><span itemprop=\"author\">Giovanna Oliveira<\/span><\/a><\/span><time datetime=\"2020-03-17T17:42:23-03:00\" itemprop=\"datePublished\">17\/03\/2020 17:42<\/time><\/div><\/div><\/div><\/div><\/div>","single_layout":"posts","amp_enabled":true,"_links":{"self":[{"href":"https:\/\/www.suno.com.br\/noticias\/wp-json\/wp\/v2\/posts\/57171"}],"collection":[{"href":"https:\/\/www.suno.com.br\/noticias\/wp-json\/wp\/v2\/posts"}],"about":[{"href":"https:\/\/www.suno.com.br\/noticias\/wp-json\/wp\/v2\/types\/post"}],"author":[{"embeddable":true,"href":"https:\/\/www.suno.com.br\/noticias\/wp-json\/wp\/v2\/users\/18"}],"replies":[{"embeddable":true,"href":"https:\/\/www.suno.com.br\/noticias\/wp-json\/wp\/v2\/comments?post=57171"}],"version-history":[{"count":0,"href":"https:\/\/www.suno.com.br\/noticias\/wp-json\/wp\/v2\/posts\/57171\/revisions"}],"wp:featuredmedia":[{"embeddable":true,"href":"https:\/\/www.suno.com.br\/noticias\/wp-json\/wp\/v2\/media\/31869"}],"wp:attachment":[{"href":"https:\/\/www.suno.com.br\/noticias\/wp-json\/wp\/v2\/media?parent=57171"}],"wp:term":[{"taxonomy":"category","embeddable":true,"href":"https:\/\/www.suno.com.br\/noticias\/wp-json\/wp\/v2\/categories?post=57171"},{"taxonomy":"post_tag","embeddable":true,"href":"https:\/\/www.suno.com.br\/noticias\/wp-json\/wp\/v2\/tags?post=57171"},{"taxonomy":"suno_strategy","embeddable":true,"href":"https:\/\/www.suno.com.br\/noticias\/wp-json\/wp\/v2\/suno_strategy?post=57171"}],"curies":[{"name":"wp","href":"https:\/\/api.w.org\/{rel}","templated":true}]}}