{"id":57151,"date":"2020-03-17T15:58:43","date_gmt":"2020-03-17T18:58:43","guid":{"rendered":"https:\/\/www.suno.com.br\/noticias\/?p=57151"},"modified":"2020-04-09T18:23:40","modified_gmt":"2020-04-09T21:23:40","slug":"ford-suspende-producao-europa","status":"publish","type":"post","link":"https:\/\/www.suno.com.br\/noticias\/ford-suspende-producao-europa\/","title":{"rendered":"Ford paralisa produ\u00e7\u00e3o na Europa em raz\u00e3o da pandemia de coronav\u00edrus"},"content":{"rendered":"<p>A <strong>Ford<\/strong> anunciou nesta ter\u00e7a-feira (17) que interromper\u00e1, a partir de quinta-feira (19) a produ\u00e7\u00e3o em suas principais f\u00e1bricas na Europa. A medida visa conter os efeitos da pandemia do novo\u00a0 coronav\u00edrus (covid-19).<\/p>\t<div class=\"wrapper-featured-image\">\n\t\t<figure class=\"spotlightImg\">\n\n\t\t\t<picture>\n\t\t\t\t<source media=\"(max-width: 768px)\" srcset=\"https:\/\/files.sunoresearch.com.br\/n\/uploads\/2020\/01\/d1f3d9ba-ford-400x200.webp\">\n\t\t\t\t<img loading=\"lazy\" decoding=\"async\" class=\"newsContent__article__imgCapa lazyloadDisabled newsContent__article__imgCapa--noCaption\" src=\"https:\/\/files.sunoresearch.com.br\/n\/uploads\/2020\/01\/d1f3d9ba-ford-800x450.webp\" width=\"800\" height=\"450\" alt=\"Ford paralisa produ\u00e7\u00e3o na Europa em raz\u00e3o da pandemia de coronav\u00edrus\" fetchpriority=high \/>\n\t\t\t<\/picture>\n\n\t\t\t<figcaption class=\"wp-caption-text wp-caption-text--hide\">Ford: hist\u00f3ria da montadora tem Fordl\u00e2ndia e sa\u00edda do Brasil<\/figcaption>\n\t\t<\/figure>\n\t<\/div>\n\n\n\n<p>Segundo a <strong>Ford,<\/strong> a suspens\u00e3o das atividades tem previs\u00e3o de duas semanas de dura\u00e7\u00e3o. A medida ter\u00e1 impacto sobre as f\u00e1bricas de Col\u00f4nia e Saarlouis, na Alemanha, e de Craiova, na Rom\u00eania.<\/p>\n<p>&#8220;Apesar do impacto do <strong>coronav\u00edrus<\/strong> em nossas instala\u00e7\u00f5es ter sido limitado, seus efeitos sobre nosso empregados, concession\u00e1rias, fornecedores e consumidores, assim como na sociedade europeia em geral, \u00e9 sem precedentes&#8221;, declarou o presidente na Ford na Europa, Stuart Rowley.<\/p>\n<p>Na \u00faltima segunda-feira (16), fabricante de autom\u00f3veis tamb\u00e9m interrompeu as atividades na f\u00e1brica de Val\u00eancia, na Espanha. A medida veio ap\u00f3s a not\u00edcia de que tr\u00eas funcion\u00e1rios haviam contra\u00eddo o novo v\u00edrus durante o final de semana.<\/p>\n<p><a href=\"https:\/\/www.suno.com.br\/noticias\/venda-da-ford-na-china-caem\/\">Saiba mais: Vendas da Ford na China caem pelo terceiro ano consecutivo<\/a><\/p>\n<p>A Ford ainda informou que o recebimento de pe\u00e7as em suas f\u00e1bricas no continente europeu tamb\u00e9m foi suspenso. Ao mesmo tempo, as vendas nas concession\u00e1rias registraram forte queda, ap\u00f3s o fechamento das ind\u00fastrias.<\/p>\n<h2>Fabricante Daimler suspende atividades na Europa<\/h2>\n<p>Na mesma linha da Ford, a <strong>Daimler,<\/strong> dona da Mercedes-Benz, informou a suspens\u00e3o de grande parte das atividades na Europa. A companhia interromper\u00e1 a produ\u00e7\u00e3o e o exerc\u00edcio de algumas fun\u00e7\u00f5es do setor administrativo.<\/p>\n<p>A fabricante alem\u00e3 \u00e9 a mais recente companhia automobil\u00edstica a interromper as fun\u00e7\u00f5es devido ao coronav\u00edrus. A Daimler declarou que ainda n\u00e3o \u00e9 poss\u00edvel afirmar qual o impacto\u00a0 econ\u00f4mico das paralisa\u00e7\u00e3o das f\u00e1bricas.<\/p>\n<p>Al\u00e9m da Daimler e da <strong>Ford,<\/strong> medidas semelhantes foram tomadas pela Volkswagen, Renault, Peugeot, Fiat Chrysler Automobiles e Nissan. O movimento das fabricantes tem a finalidade de proteger os funcion\u00e1rios do novo coronav\u00edrus, assim como se alinhar com o pol\u00edtica governamental.<\/p>\n\n","protected":false},"excerpt":{"rendered":"<p>A Ford anunciou nesta ter\u00e7a-feira (17) que interromper\u00e1, a partir de quinta-feira (19) a produ\u00e7\u00e3o em suas principais f\u00e1bricas na Europa. A medida visa conter os efeitos da pandemia do novo\u00a0 coronav\u00edrus (covid-19). Ford: hist\u00f3ria da montadora tem Fordl\u00e2ndia e sa\u00edda do Brasil Segundo a Ford, a suspens\u00e3o das atividades tem previs\u00e3o de duas semanas [&hellip;]<\/p>\n","protected":false},"author":35,"featured_media":49477,"comment_status":"closed","ping_status":"closed","sticky":false,"template":"","format":"standard","meta":[],"categories":[63],"tags":[2487,870],"suno_strategy":[],"class_list":["post-57151","post","type-post","status-publish","format-standard","has-post-thumbnail","hentry","category-internacional","tag-coronavirus","tag-ford-fdmo34"],"yoast_head":"<!-- This site is optimized with the Yoast SEO plugin v24.4 - https:\/\/yoast.com\/wordpress\/plugins\/seo\/ -->\n<title>Ford paralisa produ\u00e7\u00e3o na Europa em raz\u00e3o da pandemia de coronav\u00edrus<\/title>\n<meta name=\"description\" content=\"A Ford anunciou que interromper\u00e1, a partir de quinta-feira (19) a produ\u00e7\u00e3o em suas principais f\u00e1bricas na Europa. Clique para saber mais\" \/>\n<meta name=\"robots\" content=\"index, follow, max-snippet:-1, max-image-preview:large, max-video-preview:-1\" \/>\n<link rel=\"canonical\" href=\"https:\/\/www.suno.com.br\/noticias\/ford-suspende-producao-europa\/\" \/>\n<meta property=\"og:locale\" content=\"pt_BR\" \/>\n<meta property=\"og:type\" content=\"article\" \/>\n<meta property=\"og:title\" content=\"Ford paralisa produ\u00e7\u00e3o na Europa em raz\u00e3o da pandemia de coronav\u00edrus\" \/>\n<meta property=\"og:description\" content=\"A Ford anunciou que interromper\u00e1, a partir de quinta-feira (19) a produ\u00e7\u00e3o em suas principais f\u00e1bricas na Europa. Clique para saber mais\" \/>\n<meta property=\"og:url\" content=\"https:\/\/www.suno.com.br\/noticias\/ford-suspende-producao-europa\/\" \/>\n<meta property=\"og:site_name\" content=\"Suno Not\u00edcias\" \/>\n<meta property=\"article:publisher\" content=\"https:\/\/facebook.com\/sunoresearch\" \/>\n<meta property=\"og:image\" content=\"https:\/\/files.sunoresearch.com.br\/n\/uploads\/2020\/01\/d1f3d9ba-ford.jpg\" \/>\n\t<meta property=\"og:image:width\" content=\"1943\" \/>\n\t<meta property=\"og:image:height\" content=\"1357\" \/>\n\t<meta property=\"og:image:type\" content=\"image\/jpeg\" \/>\n<meta name=\"author\" content=\"Arthur Guimar\u00e3es\" \/>\n<meta name=\"twitter:card\" content=\"summary_large_image\" \/>\n<meta name=\"twitter:creator\" content=\"@sunoresearch\" \/>\n<meta name=\"twitter:site\" content=\"@sunoresearch\" \/>\n<meta name=\"twitter:label1\" content=\"Escrito por\" \/>\n\t<meta name=\"twitter:data1\" content=\"Arthur Guimar\u00e3es\" \/>\n\t<meta name=\"twitter:label2\" content=\"Est. tempo de leitura\" \/>\n\t<meta name=\"twitter:data2\" content=\"2 minutos\" \/>\n<script type=\"application\/ld+json\" class=\"yoast-schema-graph\">{\"@context\":\"https:\/\/schema.org\",\"@graph\":[{\"@type\":\"NewsArticle\",\"@id\":\"https:\/\/www.suno.com.br\/noticias\/ford-suspende-producao-europa\/#article\",\"isPartOf\":{\"@id\":\"https:\/\/www.suno.com.br\/noticias\/ford-suspende-producao-europa\/\"},\"author\":{\"name\":\"Arthur Guimar\u00e3es\",\"@id\":\"https:\/\/www.suno.com.br\/noticias\/#\/schema\/person\/053a750a709a263919a20f976caae91c\"},\"headline\":\"Ford paralisa produ\u00e7\u00e3o na Europa em raz\u00e3o da pandemia de coronav\u00edrus\",\"datePublished\":\"2020-03-17T18:58:43+00:00\",\"dateModified\":\"2020-04-09T21:23:40+00:00\",\"mainEntityOfPage\":{\"@id\":\"https:\/\/www.suno.com.br\/noticias\/ford-suspende-producao-europa\/\"},\"wordCount\":361,\"publisher\":{\"@id\":\"https:\/\/www.suno.com.br\/noticias\/#organization\"},\"image\":{\"@id\":\"https:\/\/www.suno.com.br\/noticias\/ford-suspende-producao-europa\/#primaryimage\"},\"thumbnailUrl\":\"https:\/\/files.sunoresearch.com.br\/n\/uploads\/2020\/01\/d1f3d9ba-ford-jpg.webp\",\"keywords\":[\"coronav\u00edrus\",\"Ford (FDMO34)\"],\"articleSection\":[\"Internacional\"],\"inLanguage\":\"pt-BR\"},{\"@type\":\"WebPage\",\"@id\":\"https:\/\/www.suno.com.br\/noticias\/ford-suspende-producao-europa\/\",\"url\":\"https:\/\/www.suno.com.br\/noticias\/ford-suspende-producao-europa\/\",\"name\":\"Ford paralisa produ\u00e7\u00e3o na Europa em raz\u00e3o da pandemia de coronav\u00edrus\",\"isPartOf\":{\"@id\":\"https:\/\/www.suno.com.br\/noticias\/#website\"},\"primaryImageOfPage\":{\"@id\":\"https:\/\/www.suno.com.br\/noticias\/ford-suspende-producao-europa\/#primaryimage\"},\"image\":{\"@id\":\"https:\/\/www.suno.com.br\/noticias\/ford-suspende-producao-europa\/#primaryimage\"},\"thumbnailUrl\":\"https:\/\/files.sunoresearch.com.br\/n\/uploads\/2020\/01\/d1f3d9ba-ford-jpg.webp\",\"datePublished\":\"2020-03-17T18:58:43+00:00\",\"dateModified\":\"2020-04-09T21:23:40+00:00\",\"description\":\"A Ford anunciou que interromper\u00e1, a partir de quinta-feira (19) a produ\u00e7\u00e3o em suas principais f\u00e1bricas na Europa. Clique para saber mais\",\"breadcrumb\":{\"@id\":\"https:\/\/www.suno.com.br\/noticias\/ford-suspende-producao-europa\/#breadcrumb\"},\"inLanguage\":\"pt-BR\",\"potentialAction\":[{\"@type\":\"ReadAction\",\"target\":[\"https:\/\/www.suno.com.br\/noticias\/ford-suspende-producao-europa\/\"]}]},{\"@type\":\"ImageObject\",\"inLanguage\":\"pt-BR\",\"@id\":\"https:\/\/www.suno.com.br\/noticias\/ford-suspende-producao-europa\/#primaryimage\",\"url\":\"https:\/\/files.sunoresearch.com.br\/n\/uploads\/2020\/01\/d1f3d9ba-ford-jpg.webp\",\"contentUrl\":\"https:\/\/files.sunoresearch.com.br\/n\/uploads\/2020\/01\/d1f3d9ba-ford-jpg.webp\",\"width\":1943,\"height\":1357,\"caption\":\"Ford: hist\u00f3ria da montadora tem Fordl\u00e2ndia e sa\u00edda do Brasil\"},{\"@type\":\"BreadcrumbList\",\"@id\":\"https:\/\/www.suno.com.br\/noticias\/ford-suspende-producao-europa\/#breadcrumb\",\"itemListElement\":[{\"@type\":\"ListItem\",\"position\":1,\"name\":\"Not\u00edcias\",\"item\":\"https:\/\/www.suno.com.br\/noticias\/\"},{\"@type\":\"ListItem\",\"position\":2,\"name\":\"Internacional\",\"item\":\"https:\/\/www.suno.com.br\/noticias\/internacional\/\"},{\"@type\":\"ListItem\",\"position\":3,\"name\":\"Ford paralisa produ\u00e7\u00e3o na Europa em raz\u00e3o da pandemia de coronav\u00edrus\"}]},{\"@type\":\"WebSite\",\"@id\":\"https:\/\/www.suno.com.br\/noticias\/#website\",\"url\":\"https:\/\/www.suno.com.br\/noticias\/\",\"name\":\"Suno Not\u00edcias\",\"description\":\"Seu portal de informa\u00e7\u00e3o sobre o mundo dos investimentos\",\"publisher\":{\"@id\":\"https:\/\/www.suno.com.br\/noticias\/#organization\"},\"potentialAction\":[{\"@type\":\"SearchAction\",\"target\":{\"@type\":\"EntryPoint\",\"urlTemplate\":\"https:\/\/www.suno.com.br\/noticias\/?s={search_term_string}\"},\"query-input\":{\"@type\":\"PropertyValueSpecification\",\"valueRequired\":true,\"valueName\":\"search_term_string\"}}],\"inLanguage\":\"pt-BR\"},{\"@type\":\"Organization\",\"@id\":\"https:\/\/www.suno.com.br\/noticias\/#organization\",\"name\":\"Suno Not\u00edcias\",\"url\":\"https:\/\/www.suno.com.br\/noticias\/\",\"logo\":{\"@type\":\"ImageObject\",\"inLanguage\":\"pt-BR\",\"@id\":\"https:\/\/www.suno.com.br\/noticias\/#\/schema\/logo\/image\/\",\"url\":\"https:\/\/files.sunoresearch.com.br\/n\/uploads\/2021\/09\/suno-logo.png\",\"contentUrl\":\"https:\/\/files.sunoresearch.com.br\/n\/uploads\/2021\/09\/suno-logo.png\",\"width\":180,\"height\":180,\"caption\":\"Suno Not\u00edcias\"},\"image\":{\"@id\":\"https:\/\/www.suno.com.br\/noticias\/#\/schema\/logo\/image\/\"},\"sameAs\":[\"https:\/\/facebook.com\/sunoresearch\",\"https:\/\/x.com\/sunoresearch\",\"https:\/\/www.instagram.com\/suno\",\"https:\/\/www.linkedin.com\/company\/suno-research\/\",\"https:\/\/www.youtube.com\/c\/sunoresearch\"]},{\"@type\":\"Person\",\"@id\":\"https:\/\/www.suno.com.br\/noticias\/#\/schema\/person\/053a750a709a263919a20f976caae91c\",\"name\":\"Arthur Guimar\u00e3es\",\"image\":{\"@type\":\"ImageObject\",\"inLanguage\":\"pt-BR\",\"@id\":\"https:\/\/www.suno.com.br\/noticias\/#\/schema\/person\/image\/\",\"url\":\"https:\/\/secure.gravatar.com\/avatar\/1affd86a11209ae09eb6dd3bcad3e96c?s=96&r=g\",\"contentUrl\":\"https:\/\/secure.gravatar.com\/avatar\/1affd86a11209ae09eb6dd3bcad3e96c?s=96&r=g\",\"caption\":\"Arthur Guimar\u00e3es\"},\"description\":\"Arthur Guimar\u00e3es escreve sobre pol\u00edtica, economia e neg\u00f3cios para o portal de not\u00edcias da Suno Research. Atualmente, \u00e9 estudante de jornalismo pela Faculdade C\u00e1sper L\u00edbero.\",\"url\":\"https:\/\/www.suno.com.br\/noticias\/author\/arthur-guimaraes\/\"}]}<\/script>\n<!-- \/ Yoast SEO plugin. -->","yoast_head_json":{"title":"Ford paralisa produ\u00e7\u00e3o na Europa em raz\u00e3o da pandemia de coronav\u00edrus","description":"A Ford anunciou que interromper\u00e1, a partir de quinta-feira (19) a produ\u00e7\u00e3o em suas principais f\u00e1bricas na Europa. Clique para saber mais","robots":{"index":"index","follow":"follow","max-snippet":"max-snippet:-1","max-image-preview":"max-image-preview:large","max-video-preview":"max-video-preview:-1"},"canonical":"https:\/\/www.suno.com.br\/noticias\/ford-suspende-producao-europa\/","og_locale":"pt_BR","og_type":"article","og_title":"Ford paralisa produ\u00e7\u00e3o na Europa em raz\u00e3o da pandemia de coronav\u00edrus","og_description":"A Ford anunciou que interromper\u00e1, a partir de quinta-feira (19) a produ\u00e7\u00e3o em suas principais f\u00e1bricas na Europa. Clique para saber mais","og_url":"https:\/\/www.suno.com.br\/noticias\/ford-suspende-producao-europa\/","og_site_name":"Suno Not\u00edcias","article_publisher":"https:\/\/facebook.com\/sunoresearch","og_image":[{"width":1943,"height":1357,"url":"https:\/\/files.sunoresearch.com.br\/n\/uploads\/2020\/01\/d1f3d9ba-ford.jpg","type":"image\/jpeg"}],"author":"Arthur Guimar\u00e3es","twitter_card":"summary_large_image","twitter_creator":"@sunoresearch","twitter_site":"@sunoresearch","twitter_misc":{"Escrito por":"Arthur Guimar\u00e3es","Est. tempo de leitura":"2 minutos"},"schema":{"@context":"https:\/\/schema.org","@graph":[{"@type":"NewsArticle","@id":"https:\/\/www.suno.com.br\/noticias\/ford-suspende-producao-europa\/#article","isPartOf":{"@id":"https:\/\/www.suno.com.br\/noticias\/ford-suspende-producao-europa\/"},"author":{"name":"Arthur Guimar\u00e3es","@id":"https:\/\/www.suno.com.br\/noticias\/#\/schema\/person\/053a750a709a263919a20f976caae91c"},"headline":"Ford paralisa produ\u00e7\u00e3o na Europa em raz\u00e3o da pandemia de coronav\u00edrus","datePublished":"2020-03-17T18:58:43+00:00","dateModified":"2020-04-09T21:23:40+00:00","mainEntityOfPage":{"@id":"https:\/\/www.suno.com.br\/noticias\/ford-suspende-producao-europa\/"},"wordCount":361,"publisher":{"@id":"https:\/\/www.suno.com.br\/noticias\/#organization"},"image":{"@id":"https:\/\/www.suno.com.br\/noticias\/ford-suspende-producao-europa\/#primaryimage"},"thumbnailUrl":"https:\/\/files.sunoresearch.com.br\/n\/uploads\/2020\/01\/d1f3d9ba-ford-jpg.webp","keywords":["coronav\u00edrus","Ford (FDMO34)"],"articleSection":["Internacional"],"inLanguage":"pt-BR"},{"@type":"WebPage","@id":"https:\/\/www.suno.com.br\/noticias\/ford-suspende-producao-europa\/","url":"https:\/\/www.suno.com.br\/noticias\/ford-suspende-producao-europa\/","name":"Ford paralisa produ\u00e7\u00e3o na Europa em raz\u00e3o da pandemia de coronav\u00edrus","isPartOf":{"@id":"https:\/\/www.suno.com.br\/noticias\/#website"},"primaryImageOfPage":{"@id":"https:\/\/www.suno.com.br\/noticias\/ford-suspende-producao-europa\/#primaryimage"},"image":{"@id":"https:\/\/www.suno.com.br\/noticias\/ford-suspende-producao-europa\/#primaryimage"},"thumbnailUrl":"https:\/\/files.sunoresearch.com.br\/n\/uploads\/2020\/01\/d1f3d9ba-ford-jpg.webp","datePublished":"2020-03-17T18:58:43+00:00","dateModified":"2020-04-09T21:23:40+00:00","description":"A Ford anunciou que interromper\u00e1, a partir de quinta-feira (19) a produ\u00e7\u00e3o em suas principais f\u00e1bricas na Europa. Clique para saber mais","breadcrumb":{"@id":"https:\/\/www.suno.com.br\/noticias\/ford-suspende-producao-europa\/#breadcrumb"},"inLanguage":"pt-BR","potentialAction":[{"@type":"ReadAction","target":["https:\/\/www.suno.com.br\/noticias\/ford-suspende-producao-europa\/"]}]},{"@type":"ImageObject","inLanguage":"pt-BR","@id":"https:\/\/www.suno.com.br\/noticias\/ford-suspende-producao-europa\/#primaryimage","url":"https:\/\/files.sunoresearch.com.br\/n\/uploads\/2020\/01\/d1f3d9ba-ford-jpg.webp","contentUrl":"https:\/\/files.sunoresearch.com.br\/n\/uploads\/2020\/01\/d1f3d9ba-ford-jpg.webp","width":1943,"height":1357,"caption":"Ford: hist\u00f3ria da montadora tem Fordl\u00e2ndia e sa\u00edda do Brasil"},{"@type":"BreadcrumbList","@id":"https:\/\/www.suno.com.br\/noticias\/ford-suspende-producao-europa\/#breadcrumb","itemListElement":[{"@type":"ListItem","position":1,"name":"Not\u00edcias","item":"https:\/\/www.suno.com.br\/noticias\/"},{"@type":"ListItem","position":2,"name":"Internacional","item":"https:\/\/www.suno.com.br\/noticias\/internacional\/"},{"@type":"ListItem","position":3,"name":"Ford paralisa produ\u00e7\u00e3o na Europa em raz\u00e3o da pandemia de coronav\u00edrus"}]},{"@type":"WebSite","@id":"https:\/\/www.suno.com.br\/noticias\/#website","url":"https:\/\/www.suno.com.br\/noticias\/","name":"Suno Not\u00edcias","description":"Seu portal de informa\u00e7\u00e3o sobre o mundo dos investimentos","publisher":{"@id":"https:\/\/www.suno.com.br\/noticias\/#organization"},"potentialAction":[{"@type":"SearchAction","target":{"@type":"EntryPoint","urlTemplate":"https:\/\/www.suno.com.br\/noticias\/?s={search_term_string}"},"query-input":{"@type":"PropertyValueSpecification","valueRequired":true,"valueName":"search_term_string"}}],"inLanguage":"pt-BR"},{"@type":"Organization","@id":"https:\/\/www.suno.com.br\/noticias\/#organization","name":"Suno Not\u00edcias","url":"https:\/\/www.suno.com.br\/noticias\/","logo":{"@type":"ImageObject","inLanguage":"pt-BR","@id":"https:\/\/www.suno.com.br\/noticias\/#\/schema\/logo\/image\/","url":"https:\/\/files.sunoresearch.com.br\/n\/uploads\/2021\/09\/suno-logo.png","contentUrl":"https:\/\/files.sunoresearch.com.br\/n\/uploads\/2021\/09\/suno-logo.png","width":180,"height":180,"caption":"Suno Not\u00edcias"},"image":{"@id":"https:\/\/www.suno.com.br\/noticias\/#\/schema\/logo\/image\/"},"sameAs":["https:\/\/facebook.com\/sunoresearch","https:\/\/x.com\/sunoresearch","https:\/\/www.instagram.com\/suno","https:\/\/www.linkedin.com\/company\/suno-research\/","https:\/\/www.youtube.com\/c\/sunoresearch"]},{"@type":"Person","@id":"https:\/\/www.suno.com.br\/noticias\/#\/schema\/person\/053a750a709a263919a20f976caae91c","name":"Arthur Guimar\u00e3es","image":{"@type":"ImageObject","inLanguage":"pt-BR","@id":"https:\/\/www.suno.com.br\/noticias\/#\/schema\/person\/image\/","url":"https:\/\/secure.gravatar.com\/avatar\/1affd86a11209ae09eb6dd3bcad3e96c?s=96&r=g","contentUrl":"https:\/\/secure.gravatar.com\/avatar\/1affd86a11209ae09eb6dd3bcad3e96c?s=96&r=g","caption":"Arthur Guimar\u00e3es"},"description":"Arthur Guimar\u00e3es escreve sobre pol\u00edtica, economia e neg\u00f3cios para o portal de not\u00edcias da Suno Research. Atualmente, \u00e9 estudante de jornalismo pela Faculdade C\u00e1sper L\u00edbero.","url":"https:\/\/www.suno.com.br\/noticias\/author\/arthur-guimaraes\/"}]}},"default_loop_html":"<div class=\"cardsPage__listCard__boxs\"><div class=\"cardsPage__listCard__boxs__img\"><a href=\"https:\/\/www.suno.com.br\/noticias\/ford-suspende-producao-europa\/\"><img class=\"mask\" src=\"https:\/\/www.suno.com.br\/noticias\/wp-content\/themes\/suno\/resources\/images\/spotlight\/spotlight1img\/bg-mask.png\" alt=\"Image Mask\"\/><img src=\"https:\/\/files.sunoresearch.com.br\/n\/uploads\/2020\/01\/d1f3d9ba-ford-400x200.webp\" alt=\"Ford paralisa produ\u00e7\u00e3o na Europa em raz\u00e3o da pandemia de coronav\u00edrus\"\/><\/a><span class=\"spotlightCategory\"><a href=\"https:\/\/www.suno.com.br\/noticias\/internacional\/\">Internacional<\/a><\/span><\/div><div class=\"cardsPage__listCard__boxs__content\"><a href=\"https:\/\/www.suno.com.br\/noticias\/ford-suspende-producao-europa\/\"><h2 class=\"content__title\">Ford paralisa produ\u00e7\u00e3o na Europa em raz\u00e3o da pandemia de coronav\u00edrus<\/h2><\/a><div class=\"newsContent__article__meta\"><div class=\"newsContent__article__meta__authorBox\"><a href=\"https:\/\/www.suno.com.br\/noticias\/author\/arthur-guimaraes\/\" class=\"authorBox__avatar noMobi\"><img src=\"https:\/\/files.sunoresearch.com.br\/n\/uploads\/2020\/02\/dfb40897-eu-150x150.webp\" alt=\"Arthur Guimar\u00e3es\"><\/a><div class=\"authorBox__name\"><span>por\n\t\t\t<a href=\"https:\/\/www.suno.com.br\/noticias\/author\/arthur-guimaraes\/\"><span itemprop=\"author\">Arthur Guimar\u00e3es<\/span><\/a><\/span><time datetime=\"2020-03-17T15:58:43-03:00\" itemprop=\"datePublished\">17\/03\/2020 15:58<\/time><\/div><\/div><\/div><\/div><\/div>","single_layout":"posts","amp_enabled":true,"_links":{"self":[{"href":"https:\/\/www.suno.com.br\/noticias\/wp-json\/wp\/v2\/posts\/57151"}],"collection":[{"href":"https:\/\/www.suno.com.br\/noticias\/wp-json\/wp\/v2\/posts"}],"about":[{"href":"https:\/\/www.suno.com.br\/noticias\/wp-json\/wp\/v2\/types\/post"}],"author":[{"embeddable":true,"href":"https:\/\/www.suno.com.br\/noticias\/wp-json\/wp\/v2\/users\/35"}],"replies":[{"embeddable":true,"href":"https:\/\/www.suno.com.br\/noticias\/wp-json\/wp\/v2\/comments?post=57151"}],"version-history":[{"count":0,"href":"https:\/\/www.suno.com.br\/noticias\/wp-json\/wp\/v2\/posts\/57151\/revisions"}],"wp:featuredmedia":[{"embeddable":true,"href":"https:\/\/www.suno.com.br\/noticias\/wp-json\/wp\/v2\/media\/49477"}],"wp:attachment":[{"href":"https:\/\/www.suno.com.br\/noticias\/wp-json\/wp\/v2\/media?parent=57151"}],"wp:term":[{"taxonomy":"category","embeddable":true,"href":"https:\/\/www.suno.com.br\/noticias\/wp-json\/wp\/v2\/categories?post=57151"},{"taxonomy":"post_tag","embeddable":true,"href":"https:\/\/www.suno.com.br\/noticias\/wp-json\/wp\/v2\/tags?post=57151"},{"taxonomy":"suno_strategy","embeddable":true,"href":"https:\/\/www.suno.com.br\/noticias\/wp-json\/wp\/v2\/suno_strategy?post=57151"}],"curies":[{"name":"wp","href":"https:\/\/api.w.org\/{rel}","templated":true}]}}