{"id":571449,"date":"2024-08-20T12:32:22","date_gmt":"2024-08-20T15:32:22","guid":{"rendered":"https:\/\/www.suno.com.br\/noticias\/?p=571449"},"modified":"2024-08-20T15:37:13","modified_gmt":"2024-08-20T18:37:13","slug":"ibovespa-maxima-recorde-bolsa-de-valores-evm","status":"publish","type":"post","link":"https:\/\/www.suno.com.br\/noticias\/ibovespa-maxima-recorde-bolsa-de-valores-evm\/","title":{"rendered":"Ibovespa: O que explica o novo recorde da bolsa de valores?"},"content":{"rendered":"<p>Recentemente o <strong>Ibovespa<\/strong> vem renovando a sua m\u00e1xima hist\u00f3rica, chegando a quebrar o recorde de cota\u00e7\u00e3o do fechamento nesta segunda (19), aos 135.777 pontos.<\/p><div class=\"videoFull \">\n\t\t\t<div class=\"videoWrapper yt-lazyload center\"\n\t\t\t\tdata-width=\"960\"\n\t\t\t\tdata-height=\"540\"\n\t\t\t\tdata-id=\"387jZ9p5CNU\"\n\t\t\t\tdata-alt=\"V\u00eddeo do YouTube - clique para reproduzir\"\n\t\t\t\tdata-logo=\"3\"\n\t\t\t\tdata-imagequality=\"maxres\">\n\t\t\t<\/div>\n\t\t<\/div><script type=\"application\/ld+json\">{\"@context\":\"https:\/\/schema.org\",\"@type\":\"VideoObject\",\"name\":\"\ud83d\udd34IBOVESPA RENOVA M\u00c1XIMA HIST\u00d3RICA | MGLU3 e BHIA3 disparam | Mais dividendos do Ita\u00fa (ITUB4)?\",\"description\":\"\ud83d\udd34TENHA UMA CARTEIRA PERSONALIZADA: https:\/\/lp.suno.com.br\/ao\/consultoria-de-investimentos\/?utm_source=suno-noticias&utm_medium=live&utm_campaign=seuconsultorresponde&utm_content=19082024 00:00 In\u00edcio do v\u00eddeo 01:50 Fechamento de preg\u00e3o 08:31 BBDC4 dispara com relat\u00f3rio do Goldman Sachs 10:56 BHIA3 e MGLU3 sobem 13:27 XP revisa proje\u00e7\u00e3o da Selic 17:04 ITUB4 aumentar\u00e1 dividendos? 19:08 Indicadores do dia & agenda \ud83d\udd34\ud835\udc08\ud835\udc0d\ud835\udc12\ud835\udc02\ud835\udc11\ud835\udc04\ud835\udc15\ud835\udc00-\ud835\udc12\ud835\udc04 \ud835\udc0d\ud835\udc0e \ud835\udc02\ud835\udc00\ud835\udc0d\ud835\udc00\ud835\udc0b \ud835\udc04 \ud835\udc00\ud835\udc13\ud835\udc08\ud835\udc15\ud835\udc04 \ud835\udc0e \ud835\udc12\ud835\udc08\ud835\udc0d\ud835\udc0e \ud83d\udc47 https:\/\/bit.ly\/INSCREVA-SEATIVEOSINO \ud83d\udc47 \ud835\udc12\ud835\udc22\ud835\udc20\ud835\udc1a \ud835\udc27\ud835\udc28\ud835\udc2c\ud835\udc2c\ud835\udc1a\ud835\udc2c r\ud835\udc1e\ud835\udc1d\ud835\udc1e\ud835\udc2c\u2026\",\"duration\":\"PT22M11S\",\"embedUrl\":\"https:\/\/www.youtube.com\/embed\/387jZ9p5CNU\",\"regionsAllowed\":\"en-US\",\"interactionStatistic\":{\"@type\":\"InteractionCounter\",\"interactionType\":{\"@type\":\"WatchAction\"},\"userInteractionCount\":3319},\"thumbnailUrl\":\"https:\/\/i.ytimg.com\/vi\/387jZ9p5CNU\/default.jpg\",\"uploadDate\":\"2024-08-19T22:25:56Z\"}<\/script>\n\n\n\n\n\t<p>\n\t\t<a href=\"https:\/\/lp.suno.com.br\/planilha-da-vida-financeira\/\" target=\"_blank\" data-element=\"shortcode-suno-banner\" title=\"Banner SUNO, clique e saiba mais\">\n\t\t\t<picture>\n\t\t\t\t<source media=\"(max-width: 500px)\" srcset=\"https:\/\/files.sunoresearch.com.br\/n\/uploads\/2023\/04\/400x300-Planilha-vida-financeira-true.png\">\n\t\t\t\t<img class=\"newsContent__article__imgCapa newsContent__article__imgCapa--banner\"\n\t\t\t\t\tsrc=\"https:\/\/files.sunoresearch.com.br\/n\/uploads\/2023\/04\/1420x240-Planilha-vida-financeira-true.png\"\n\t\t\t\t\tdata-promo-id=\"106682\"\t\t\t\t\t\t\t\t\t\twidth='1420' height='240'\t\t\t\t\talt=\"https:\/\/files.sunoresearch.com.br\/n\/uploads\/2023\/04\/1420x240-Planilha-vida-financeira-true.png\"\n\t\t\t\t>\n\t\t\t<\/picture>\n\t\t<\/a>\n\t<\/p>\n\n\n\n\n\n\n\n<p>No caso do preg\u00e3o de segunda (19), a <strong>cota\u00e7\u00e3o do Ibovespa<\/strong> teve influ\u00eancia de uma alta de cerca de 2% dos pap\u00e9is da <a class=\"suno-keyword\" target=\"_blank\" data-force=\"yes\" data-priority=\"2\" href=\"https:\/\/www.suno.com.br\/acoes\/VALE3\/\" rel=\"noopener\">Vale (VALE3)<\/a>, que acompanharam a cota\u00e7\u00e3o do min\u00e9rio, al\u00e9m de uma alta expressiva de 5% do <a class=\"suno-keyword\" target=\"_blank\" data-force=\"yes\" data-priority=\"2\" href=\"https:\/\/www.suno.com.br\/acoes\/BBDC4\/\" rel=\"noopener\">Bradesco (BBDC4)<\/a>, que respondeu positivamente a um relat\u00f3rio de <a class=\"suno-keyword\" target=\"_blank\" data-force=\"no\" data-priority=\"1\" href=\"https:\/\/www.suno.com.br\/artigos\/sell-side\/\" rel=\"noopener\">sell side<\/a> do Goldman Sachs elevando a recomenda\u00e7\u00e3o para as a\u00e7\u00f5es da companhia.<\/p>\n\n\n\n<p>O rali recente &#8211; que contemplou oito altas consecutivas &#8211; teve uma influ\u00eancia relevante do setor de bancos e <a class=\"suno-keyword\" target=\"_blank\" data-force=\"no\" data-priority=\"1\" href=\"https:\/\/www.suno.com.br\/artigos\/instituicoes-financeiras\/\" rel=\"noopener\">institui\u00e7\u00f5es financeiras<\/a>, dado que a temporada de balan\u00e7os mostrou resultados robustos.<\/p>\n\n\n\n<p>Bancos que estavam bem posicionados e tinham expectativas altas se sa\u00edram bem, como o <a class=\"suno-keyword\" target=\"_blank\" data-force=\"yes\" data-priority=\"2\" href=\"https:\/\/www.suno.com.br\/acoes\/ITUB4\/\" rel=\"noopener\">Ita\u00fa (ITUB4)<\/a>, que teve um lucro recorde de mais de R$ 10 bilh\u00f5es, e bancos que tinham perspectivas piores, como o Bradesco, surpreenderam positivamente ao mostrar n\u00fameros melhores em termos de provisionamento e rentabilidade.<\/p>\n\n\n\n<p>Nesse cen\u00e1rio, praticamente todos os pap\u00e9is do setor tiveram altas expressivas, sendo que os bancos incumbentes tem um peso relevante na carteira do \u00edndice &#8211; ent\u00e3o colaborando para o novo <strong>recorde do Ibovespa<\/strong>.<\/p>\n\n\n\n<h2 class=\"wp-block-heading\">Ventos favor\u00e1veis para o Ibovespa incluem BC, Fed e menos preocupa\u00e7\u00f5es sobre recess\u00e3o nos EUA<\/h2>\n\n\n\n<p>Outro fator que explica a <strong>m\u00e1xima do Ibovespa<\/strong> \u00e9 o fluxo de <a class=\"suno-keyword\" data-force=\"no\" data-priority=\"1\" href=\"https:\/\/www.suno.com.br\/artigos\/capital-estrangeiro\/\" target=\"_blank\" rel=\"noopener\">capital estrangeiro<\/a>. <\/p>\n\n\n\n<p>Conforme dados recentes da B3 (B3SA3), a bolsa de valores brasileira, o <strong>investidor estrangeiro<\/strong> deixou de representar sa\u00eddas l\u00edquidas em janelas mensais e agora o saldo passou a ser positivo.<\/p>\n\n\n\n<p>Em julho houve uma entrada l\u00edquida de R$ 7,35 bilh\u00f5es na <strong>bolsa de valores<\/strong> brasileira por parte do investidor estrangeiro. Em agosto, at\u00e9 o dia 15, o saldo fica positivo em R$ 4,06 bilh\u00f5es.<\/p>\n\n\n\n<p>&#8220;O fluxo de capital estrangeiro tem sido um impulsionador crucial, \u00e0 medida que os investidores buscam retornos atrativos em um ambiente global de juros baixos. A resili\u00eancia das empresas listadas na B3, que t\u00eam mostrado resultados financeiros s\u00f3lidos, tamb\u00e9m desempenhou um papel vital&#8221;, explica F\u00e1bio Murad, s\u00f3cio da Ip\u00ea Avalia\u00e7\u00f5es.<\/p>\n\n\n\t<p>\n\t\t<a href=\"https:\/\/lp.suno.com.br\/ebook-como-analisar-uma-acao\/\" target=\"_blank\" data-element=\"shortcode-suno-banner\" title=\"Banner SUNO, clique e saiba mais\">\n\t\t\t<picture>\n\t\t\t\t<source media=\"(max-width: 500px)\" srcset=\"https:\/\/files.sunoresearch.com.br\/n\/uploads\/2023\/03\/Ebook-Acoes-Mobile.jpg\">\n\t\t\t\t<img class=\"newsContent__article__imgCapa newsContent__article__imgCapa--banner\"\n\t\t\t\t\tsrc=\"https:\/\/files.sunoresearch.com.br\/n\/uploads\/2023\/03\/Ebook-Acoes-Desktop.jpg\"\n\t\t\t\t\tdata-promo-id=\"378302\"\t\t\t\t\t\t\t\t\t\twidth='1420' height='286'\t\t\t\t\talt=\"https:\/\/files.sunoresearch.com.br\/n\/uploads\/2023\/03\/Ebook-Acoes-Desktop.jpg\"\n\t\t\t\t>\n\t\t\t<\/picture>\n\t\t<\/a>\n\t<\/p>\n\n\n\n\n\n<p>&#8220;Olhando para o futuro, \u00e9 razo\u00e1vel esperar que o Ibovespa continue a mostrar for\u00e7a, especialmente se o Banco Central mantiver uma postura conservadora em rela\u00e7\u00e3o \u00e0 <a class=\"suno-keyword\" target=\"_blank\" data-force=\"no\" data-priority=\"1\" href=\"https:\/\/www.suno.com.br\/artigos\/politica-monetaria\/\" rel=\"noopener\">pol\u00edtica monet\u00e1ria<\/a>, como indicado pelo Boletim Focus. No entanto, os investidores devem se preparar para poss\u00edveis per\u00edodos de volatilidade, particularmente em resposta a eventos globais, como os discursos dos banqueiros centrais no simp\u00f3sio de Jackson Hole&#8221;, completa.<\/p>\n\n\n\n<p>Nesse contexto, vale lembrar que o arrefecimento dos temores de uma <a class=\"suno-keyword\" target=\"_blank\" data-force=\"no\" data-priority=\"1\" href=\"https:\/\/www.suno.com.br\/artigos\/recessao-economica\/\" rel=\"noopener\">recess\u00e3o econ\u00f4mica<\/a> nos Estados Unidos tamb\u00e9m contribuiu positivamente &#8211; tanto para o <strong>recorde da bolsa de valores<\/strong> brasileira quanto para as altas registradas em Nova York nos \u00faltimos dias.<\/p>\n\n\n\n<p>&#8220;A m\u00e1xima do mercado \u00e9 que ele tende a precificar o que ainda deve acontecer e as novas expectativas. Um dos grandes temores que presenciamos recentemente \u00e9 o risco de recess\u00e3o nos EUA; contudo, a nova din\u00e2mica tem mostrado que n\u00e3o \u00e9 algo t\u00e3o preocupante, ou melhor, algo t\u00e3o grave&#8221;, observa Sidney Lima, Analista CNPI da Ouro Preto Investimentos<\/p>\n\n\n\n<p>&#8220;No contexto local, a tr\u00e9gua do presidente em rela\u00e7\u00e3o aos ataques diretos ao Banco Central torna o ambiente mais amistoso e mais suscet\u00edvel a investimentos, mesmo que o Banco Central venha sinalizando que seguir\u00e1 mantendo um posicionamento t\u00e9cnico e que far\u00e1 o que for necess\u00e1rio para conduzir a din\u00e2mica inflacion\u00e1ria de forma respons\u00e1vel&#8221;, conclui.<\/p>\n\n\n\n<p>No mesmo sentido, Jefferson Laatus, chefe-estrategista do grupo Laatus, comenta que os dados do \u00cdndice de Pre\u00e7os ao Produtor (PPI) dos Estados Unidos foram um sinal positivo, indicando uma desacelera\u00e7\u00e3o na infla\u00e7\u00e3o ao produtor. <\/p>\n\n\n\n<p>&#8220;Esse cen\u00e1rio aumenta a press\u00e3o sobre o FED para um poss\u00edvel corte de juros em setembro. Para o Brasil, isso \u00e9 positivo para a <a class=\"suno-keyword\" data-force=\"no\" data-priority=\"3\" href=\"https:\/\/www.suno.com.br\/guias\/bolsa-de-valores\/\" target=\"_blank\" rel=\"noopener\"><strong>Bolsa de Valores<\/strong><\/a> pois com a sinaliza\u00e7\u00e3o de Gal\u00edpolo de que o Banco Central pode aumentar os juros, e com a expectativa de corte de juros nos EUA, o <a class=\"suno-keyword\" data-force=\"no\" data-priority=\"1\" href=\"https:\/\/www.suno.com.br\/artigos\/carry-trade\/\" target=\"_blank\" rel=\"noopener\">Carry Trade<\/a> se torna mais atrativo para os investidores, o que beneficia o mercado brasileiro; por isso que a gente v\u00ea um d\u00f3lar desacelerando, v\u00ea uma Bolsa ganhando for\u00e7a&#8221;.<\/p>\n\n\n\n<p>O especialista ainda aponta que o diferencial de juros entre o Brasil e os Estados Unidos, com o aumento esperado aqui e o corte esperado l\u00e1 fora, est\u00e1 aumentando significativamente. <\/p>\n\n\n\n<p>&#8220;Al\u00e9m disso, a redu\u00e7\u00e3o na posi\u00e7\u00e3o de Carry Trade em rela\u00e7\u00e3o ao iene japon\u00eas tamb\u00e9m contribui para essa din\u00e2mica. Em resumo, esse cen\u00e1rio sugere um d\u00f3lar mais fraco e perspectivas mais positivas para o <strong>Ibovespa<\/strong>&#8220;.<\/p>\n\n\n\t<p>\n\t\t<a href=\"https:\/\/lp.suno.com.br\/planilha-da-vida-financeira\/\" target=\"_blank\" data-element=\"shortcode-suno-banner\" title=\"Banner SUNO, clique e saiba mais\">\n\t\t\t<picture>\n\t\t\t\t<source media=\"(max-width: 500px)\" srcset=\"https:\/\/files.sunoresearch.com.br\/n\/uploads\/2023\/04\/400x300-Planilha-vida-financeira-true.png\">\n\t\t\t\t<img class=\"newsContent__article__imgCapa newsContent__article__imgCapa--banner\"\n\t\t\t\t\tsrc=\"https:\/\/files.sunoresearch.com.br\/n\/uploads\/2023\/04\/1420x240-Planilha-vida-financeira-true.png\"\n\t\t\t\t\tdata-promo-id=\"383123\"\t\t\t\t\t\t\t\t\t\twidth='1420' height='240'\t\t\t\t\talt=\"https:\/\/files.sunoresearch.com.br\/n\/uploads\/2023\/04\/1420x240-Planilha-vida-financeira-true.png\"\n\t\t\t\t>\n\t\t\t<\/picture>\n\t\t<\/a>\n\t<\/p>\n\n\n","protected":false},"excerpt":{"rendered":"<p>Recentemente o Ibovespa vem renovando a sua m\u00e1xima hist\u00f3rica, chegando a quebrar o recorde de cota\u00e7\u00e3o do fechamento nesta segunda (19), aos 135.777 pontos. No caso do preg\u00e3o de segunda (19), a cota\u00e7\u00e3o do Ibovespa teve influ\u00eancia de uma alta de cerca de 2% dos pap\u00e9is da Vale (VALE3), que acompanharam a cota\u00e7\u00e3o do min\u00e9rio, [&hellip;]<\/p>\n","protected":false},"author":73,"featured_media":496276,"comment_status":"closed","ping_status":"closed","sticky":false,"template":"","format":"standard","meta":[],"categories":[60],"tags":[309,105816,721],"suno_strategy":[],"class_list":["post-571449","post","type-post","status-publish","format-standard","has-post-thumbnail","hentry","category-mercado","tag-bolsa-de-valores","tag-especialistas","tag-ibovespa"],"yoast_head":"<!-- This site is optimized with the Yoast SEO plugin v24.4 - https:\/\/yoast.com\/wordpress\/plugins\/seo\/ -->\n<title>Ibovespa: O que explica o novo recorde da bolsa de valores?<\/title>\n<meta name=\"description\" content=\"Ibovespa renovou m\u00e1ximas recentemente; alta das bolsa de valores vem com aprecia\u00e7\u00e3o de a\u00e7\u00f5es de bancos e melhora do cen\u00e1rio nos EUA\" \/>\n<meta name=\"robots\" content=\"index, follow, max-snippet:-1, max-image-preview:large, max-video-preview:-1\" \/>\n<link rel=\"canonical\" href=\"https:\/\/www.suno.com.br\/noticias\/ibovespa-maxima-recorde-bolsa-de-valores-evm\/\" \/>\n<meta property=\"og:locale\" content=\"pt_BR\" \/>\n<meta property=\"og:type\" content=\"article\" \/>\n<meta property=\"og:title\" content=\"Ibovespa: O que explica o novo recorde da bolsa de valores?\" \/>\n<meta property=\"og:description\" content=\"Ibovespa renovou m\u00e1ximas recentemente; alta das bolsa de valores vem com aprecia\u00e7\u00e3o de a\u00e7\u00f5es de bancos e melhora do cen\u00e1rio nos EUA\" \/>\n<meta property=\"og:url\" content=\"https:\/\/www.suno.com.br\/noticias\/ibovespa-maxima-recorde-bolsa-de-valores-evm\/\" \/>\n<meta property=\"og:site_name\" content=\"Suno Not\u00edcias\" \/>\n<meta property=\"article:publisher\" content=\"https:\/\/facebook.com\/sunoresearch\" \/>\n<meta property=\"og:image\" content=\"https:\/\/files.sunoresearch.com.br\/n\/uploads\/2023\/12\/xadrez-economia-acoes-bolsa-ibovespa.jpg\" \/>\n\t<meta property=\"og:image:width\" content=\"1333\" \/>\n\t<meta property=\"og:image:height\" content=\"800\" \/>\n\t<meta property=\"og:image:type\" content=\"image\/jpeg\" \/>\n<meta name=\"author\" content=\"Eduardo Vargas\" \/>\n<meta name=\"twitter:card\" content=\"summary_large_image\" \/>\n<meta name=\"twitter:creator\" content=\"@sunoresearch\" \/>\n<meta name=\"twitter:site\" content=\"@sunoresearch\" \/>\n<meta name=\"twitter:label1\" content=\"Escrito por\" \/>\n\t<meta name=\"twitter:data1\" content=\"Eduardo Vargas\" \/>\n\t<meta name=\"twitter:label2\" content=\"Est. tempo de leitura\" \/>\n\t<meta name=\"twitter:data2\" content=\"5 minutos\" \/>\n<script type=\"application\/ld+json\" class=\"yoast-schema-graph\">{\"@context\":\"https:\/\/schema.org\",\"@graph\":[{\"@type\":\"NewsArticle\",\"@id\":\"https:\/\/www.suno.com.br\/noticias\/ibovespa-maxima-recorde-bolsa-de-valores-evm\/#article\",\"isPartOf\":{\"@id\":\"https:\/\/www.suno.com.br\/noticias\/ibovespa-maxima-recorde-bolsa-de-valores-evm\/\"},\"author\":{\"name\":\"Eduardo Vargas\",\"@id\":\"https:\/\/www.suno.com.br\/noticias\/#\/schema\/person\/7f4d362bf3518e76090143ae77bb49a5\"},\"headline\":\"Ibovespa: O que explica o novo recorde da bolsa de valores?\",\"datePublished\":\"2024-08-20T15:32:22+00:00\",\"dateModified\":\"2024-08-20T18:37:13+00:00\",\"mainEntityOfPage\":{\"@id\":\"https:\/\/www.suno.com.br\/noticias\/ibovespa-maxima-recorde-bolsa-de-valores-evm\/\"},\"wordCount\":822,\"publisher\":{\"@id\":\"https:\/\/www.suno.com.br\/noticias\/#organization\"},\"image\":{\"@id\":\"https:\/\/www.suno.com.br\/noticias\/ibovespa-maxima-recorde-bolsa-de-valores-evm\/#primaryimage\"},\"thumbnailUrl\":\"https:\/\/files.sunoresearch.com.br\/n\/uploads\/2023\/12\/xadrez-economia-acoes-bolsa-ibovespa.jpg\",\"keywords\":[\"Bolsa de Valores\",\"Especialistas\",\"Ibovespa\"],\"articleSection\":[\"Mercado\"],\"inLanguage\":\"pt-BR\"},{\"@type\":\"WebPage\",\"@id\":\"https:\/\/www.suno.com.br\/noticias\/ibovespa-maxima-recorde-bolsa-de-valores-evm\/\",\"url\":\"https:\/\/www.suno.com.br\/noticias\/ibovespa-maxima-recorde-bolsa-de-valores-evm\/\",\"name\":\"Ibovespa: O que explica o novo recorde da bolsa de valores?\",\"isPartOf\":{\"@id\":\"https:\/\/www.suno.com.br\/noticias\/#website\"},\"primaryImageOfPage\":{\"@id\":\"https:\/\/www.suno.com.br\/noticias\/ibovespa-maxima-recorde-bolsa-de-valores-evm\/#primaryimage\"},\"image\":{\"@id\":\"https:\/\/www.suno.com.br\/noticias\/ibovespa-maxima-recorde-bolsa-de-valores-evm\/#primaryimage\"},\"thumbnailUrl\":\"https:\/\/files.sunoresearch.com.br\/n\/uploads\/2023\/12\/xadrez-economia-acoes-bolsa-ibovespa.jpg\",\"datePublished\":\"2024-08-20T15:32:22+00:00\",\"dateModified\":\"2024-08-20T18:37:13+00:00\",\"description\":\"Ibovespa renovou m\u00e1ximas recentemente; alta das bolsa de valores vem com aprecia\u00e7\u00e3o de a\u00e7\u00f5es de bancos e melhora do cen\u00e1rio nos EUA\",\"breadcrumb\":{\"@id\":\"https:\/\/www.suno.com.br\/noticias\/ibovespa-maxima-recorde-bolsa-de-valores-evm\/#breadcrumb\"},\"inLanguage\":\"pt-BR\",\"potentialAction\":[{\"@type\":\"ReadAction\",\"target\":[\"https:\/\/www.suno.com.br\/noticias\/ibovespa-maxima-recorde-bolsa-de-valores-evm\/\"]}]},{\"@type\":\"ImageObject\",\"inLanguage\":\"pt-BR\",\"@id\":\"https:\/\/www.suno.com.br\/noticias\/ibovespa-maxima-recorde-bolsa-de-valores-evm\/#primaryimage\",\"url\":\"https:\/\/files.sunoresearch.com.br\/n\/uploads\/2023\/12\/xadrez-economia-acoes-bolsa-ibovespa.jpg\",\"contentUrl\":\"https:\/\/files.sunoresearch.com.br\/n\/uploads\/2023\/12\/xadrez-economia-acoes-bolsa-ibovespa.jpg\",\"width\":1333,\"height\":800,\"caption\":\"Ibovespa - Foto: iStock\"},{\"@type\":\"BreadcrumbList\",\"@id\":\"https:\/\/www.suno.com.br\/noticias\/ibovespa-maxima-recorde-bolsa-de-valores-evm\/#breadcrumb\",\"itemListElement\":[{\"@type\":\"ListItem\",\"position\":1,\"name\":\"Not\u00edcias\",\"item\":\"https:\/\/www.suno.com.br\/noticias\/\"},{\"@type\":\"ListItem\",\"position\":2,\"name\":\"Mercado\",\"item\":\"https:\/\/www.suno.com.br\/noticias\/mercado\/\"},{\"@type\":\"ListItem\",\"position\":3,\"name\":\"Ibovespa: O que explica o novo recorde da bolsa de valores?\"}]},{\"@type\":\"WebSite\",\"@id\":\"https:\/\/www.suno.com.br\/noticias\/#website\",\"url\":\"https:\/\/www.suno.com.br\/noticias\/\",\"name\":\"Suno Not\u00edcias\",\"description\":\"Seu portal de informa\u00e7\u00e3o sobre o mundo dos investimentos\",\"publisher\":{\"@id\":\"https:\/\/www.suno.com.br\/noticias\/#organization\"},\"potentialAction\":[{\"@type\":\"SearchAction\",\"target\":{\"@type\":\"EntryPoint\",\"urlTemplate\":\"https:\/\/www.suno.com.br\/noticias\/?s={search_term_string}\"},\"query-input\":{\"@type\":\"PropertyValueSpecification\",\"valueRequired\":true,\"valueName\":\"search_term_string\"}}],\"inLanguage\":\"pt-BR\"},{\"@type\":\"Organization\",\"@id\":\"https:\/\/www.suno.com.br\/noticias\/#organization\",\"name\":\"Suno Not\u00edcias\",\"url\":\"https:\/\/www.suno.com.br\/noticias\/\",\"logo\":{\"@type\":\"ImageObject\",\"inLanguage\":\"pt-BR\",\"@id\":\"https:\/\/www.suno.com.br\/noticias\/#\/schema\/logo\/image\/\",\"url\":\"https:\/\/files.sunoresearch.com.br\/n\/uploads\/2021\/09\/suno-logo.png\",\"contentUrl\":\"https:\/\/files.sunoresearch.com.br\/n\/uploads\/2021\/09\/suno-logo.png\",\"width\":180,\"height\":180,\"caption\":\"Suno Not\u00edcias\"},\"image\":{\"@id\":\"https:\/\/www.suno.com.br\/noticias\/#\/schema\/logo\/image\/\"},\"sameAs\":[\"https:\/\/facebook.com\/sunoresearch\",\"https:\/\/x.com\/sunoresearch\",\"https:\/\/www.instagram.com\/suno\",\"https:\/\/www.linkedin.com\/company\/suno-research\/\",\"https:\/\/www.youtube.com\/c\/sunoresearch\"]},{\"@type\":\"Person\",\"@id\":\"https:\/\/www.suno.com.br\/noticias\/#\/schema\/person\/7f4d362bf3518e76090143ae77bb49a5\",\"name\":\"Eduardo Vargas\",\"image\":{\"@type\":\"ImageObject\",\"inLanguage\":\"pt-BR\",\"@id\":\"https:\/\/www.suno.com.br\/noticias\/#\/schema\/person\/image\/\",\"url\":\"https:\/\/secure.gravatar.com\/avatar\/dac340933427a22924c9f99d1eb2e3f2?s=96&r=g\",\"contentUrl\":\"https:\/\/secure.gravatar.com\/avatar\/dac340933427a22924c9f99d1eb2e3f2?s=96&r=g\",\"caption\":\"Eduardo Vargas\"},\"description\":\"Jornalista formado pela UFSC, cobre macroeconomia, neg\u00f3cios e startups para o Suno Not\u00edcias, escrevendo principalmente not\u00edcias sobre o mercado financeiro e a bolsa de valores. No YouTube e no Instagram, \u00e9 respons\u00e1vel pela produ\u00e7\u00e3o de Reels e Shorts do Suno Not\u00edcias. Anteriormente, trabalhou cobrindo economia e cotidiano no ND+ e para o ND, maior jornal impresso de Santa Catarina. Cursou um semestre letivo de Estudos de M\u00eddia na Universidad de Buenos Aires.\",\"url\":\"https:\/\/www.suno.com.br\/noticias\/author\/eduardo-vargas\/\"}]}<\/script>\n<!-- \/ Yoast SEO plugin. -->","yoast_head_json":{"title":"Ibovespa: O que explica o novo recorde da bolsa de valores?","description":"Ibovespa renovou m\u00e1ximas recentemente; alta das bolsa de valores vem com aprecia\u00e7\u00e3o de a\u00e7\u00f5es de bancos e melhora do cen\u00e1rio nos EUA","robots":{"index":"index","follow":"follow","max-snippet":"max-snippet:-1","max-image-preview":"max-image-preview:large","max-video-preview":"max-video-preview:-1"},"canonical":"https:\/\/www.suno.com.br\/noticias\/ibovespa-maxima-recorde-bolsa-de-valores-evm\/","og_locale":"pt_BR","og_type":"article","og_title":"Ibovespa: O que explica o novo recorde da bolsa de valores?","og_description":"Ibovespa renovou m\u00e1ximas recentemente; alta das bolsa de valores vem com aprecia\u00e7\u00e3o de a\u00e7\u00f5es de bancos e melhora do cen\u00e1rio nos EUA","og_url":"https:\/\/www.suno.com.br\/noticias\/ibovespa-maxima-recorde-bolsa-de-valores-evm\/","og_site_name":"Suno Not\u00edcias","article_publisher":"https:\/\/facebook.com\/sunoresearch","og_image":[{"width":1333,"height":800,"url":"https:\/\/files.sunoresearch.com.br\/n\/uploads\/2023\/12\/xadrez-economia-acoes-bolsa-ibovespa.jpg","type":"image\/jpeg"}],"author":"Eduardo Vargas","twitter_card":"summary_large_image","twitter_creator":"@sunoresearch","twitter_site":"@sunoresearch","twitter_misc":{"Escrito por":"Eduardo Vargas","Est. tempo de leitura":"5 minutos"},"schema":{"@context":"https:\/\/schema.org","@graph":[{"@type":"NewsArticle","@id":"https:\/\/www.suno.com.br\/noticias\/ibovespa-maxima-recorde-bolsa-de-valores-evm\/#article","isPartOf":{"@id":"https:\/\/www.suno.com.br\/noticias\/ibovespa-maxima-recorde-bolsa-de-valores-evm\/"},"author":{"name":"Eduardo Vargas","@id":"https:\/\/www.suno.com.br\/noticias\/#\/schema\/person\/7f4d362bf3518e76090143ae77bb49a5"},"headline":"Ibovespa: O que explica o novo recorde da bolsa de valores?","datePublished":"2024-08-20T15:32:22+00:00","dateModified":"2024-08-20T18:37:13+00:00","mainEntityOfPage":{"@id":"https:\/\/www.suno.com.br\/noticias\/ibovespa-maxima-recorde-bolsa-de-valores-evm\/"},"wordCount":822,"publisher":{"@id":"https:\/\/www.suno.com.br\/noticias\/#organization"},"image":{"@id":"https:\/\/www.suno.com.br\/noticias\/ibovespa-maxima-recorde-bolsa-de-valores-evm\/#primaryimage"},"thumbnailUrl":"https:\/\/files.sunoresearch.com.br\/n\/uploads\/2023\/12\/xadrez-economia-acoes-bolsa-ibovespa.jpg","keywords":["Bolsa de Valores","Especialistas","Ibovespa"],"articleSection":["Mercado"],"inLanguage":"pt-BR"},{"@type":"WebPage","@id":"https:\/\/www.suno.com.br\/noticias\/ibovespa-maxima-recorde-bolsa-de-valores-evm\/","url":"https:\/\/www.suno.com.br\/noticias\/ibovespa-maxima-recorde-bolsa-de-valores-evm\/","name":"Ibovespa: O que explica o novo recorde da bolsa de valores?","isPartOf":{"@id":"https:\/\/www.suno.com.br\/noticias\/#website"},"primaryImageOfPage":{"@id":"https:\/\/www.suno.com.br\/noticias\/ibovespa-maxima-recorde-bolsa-de-valores-evm\/#primaryimage"},"image":{"@id":"https:\/\/www.suno.com.br\/noticias\/ibovespa-maxima-recorde-bolsa-de-valores-evm\/#primaryimage"},"thumbnailUrl":"https:\/\/files.sunoresearch.com.br\/n\/uploads\/2023\/12\/xadrez-economia-acoes-bolsa-ibovespa.jpg","datePublished":"2024-08-20T15:32:22+00:00","dateModified":"2024-08-20T18:37:13+00:00","description":"Ibovespa renovou m\u00e1ximas recentemente; alta das bolsa de valores vem com aprecia\u00e7\u00e3o de a\u00e7\u00f5es de bancos e melhora do cen\u00e1rio nos EUA","breadcrumb":{"@id":"https:\/\/www.suno.com.br\/noticias\/ibovespa-maxima-recorde-bolsa-de-valores-evm\/#breadcrumb"},"inLanguage":"pt-BR","potentialAction":[{"@type":"ReadAction","target":["https:\/\/www.suno.com.br\/noticias\/ibovespa-maxima-recorde-bolsa-de-valores-evm\/"]}]},{"@type":"ImageObject","inLanguage":"pt-BR","@id":"https:\/\/www.suno.com.br\/noticias\/ibovespa-maxima-recorde-bolsa-de-valores-evm\/#primaryimage","url":"https:\/\/files.sunoresearch.com.br\/n\/uploads\/2023\/12\/xadrez-economia-acoes-bolsa-ibovespa.jpg","contentUrl":"https:\/\/files.sunoresearch.com.br\/n\/uploads\/2023\/12\/xadrez-economia-acoes-bolsa-ibovespa.jpg","width":1333,"height":800,"caption":"Ibovespa - Foto: iStock"},{"@type":"BreadcrumbList","@id":"https:\/\/www.suno.com.br\/noticias\/ibovespa-maxima-recorde-bolsa-de-valores-evm\/#breadcrumb","itemListElement":[{"@type":"ListItem","position":1,"name":"Not\u00edcias","item":"https:\/\/www.suno.com.br\/noticias\/"},{"@type":"ListItem","position":2,"name":"Mercado","item":"https:\/\/www.suno.com.br\/noticias\/mercado\/"},{"@type":"ListItem","position":3,"name":"Ibovespa: O que explica o novo recorde da bolsa de valores?"}]},{"@type":"WebSite","@id":"https:\/\/www.suno.com.br\/noticias\/#website","url":"https:\/\/www.suno.com.br\/noticias\/","name":"Suno Not\u00edcias","description":"Seu portal de informa\u00e7\u00e3o sobre o mundo dos investimentos","publisher":{"@id":"https:\/\/www.suno.com.br\/noticias\/#organization"},"potentialAction":[{"@type":"SearchAction","target":{"@type":"EntryPoint","urlTemplate":"https:\/\/www.suno.com.br\/noticias\/?s={search_term_string}"},"query-input":{"@type":"PropertyValueSpecification","valueRequired":true,"valueName":"search_term_string"}}],"inLanguage":"pt-BR"},{"@type":"Organization","@id":"https:\/\/www.suno.com.br\/noticias\/#organization","name":"Suno Not\u00edcias","url":"https:\/\/www.suno.com.br\/noticias\/","logo":{"@type":"ImageObject","inLanguage":"pt-BR","@id":"https:\/\/www.suno.com.br\/noticias\/#\/schema\/logo\/image\/","url":"https:\/\/files.sunoresearch.com.br\/n\/uploads\/2021\/09\/suno-logo.png","contentUrl":"https:\/\/files.sunoresearch.com.br\/n\/uploads\/2021\/09\/suno-logo.png","width":180,"height":180,"caption":"Suno Not\u00edcias"},"image":{"@id":"https:\/\/www.suno.com.br\/noticias\/#\/schema\/logo\/image\/"},"sameAs":["https:\/\/facebook.com\/sunoresearch","https:\/\/x.com\/sunoresearch","https:\/\/www.instagram.com\/suno","https:\/\/www.linkedin.com\/company\/suno-research\/","https:\/\/www.youtube.com\/c\/sunoresearch"]},{"@type":"Person","@id":"https:\/\/www.suno.com.br\/noticias\/#\/schema\/person\/7f4d362bf3518e76090143ae77bb49a5","name":"Eduardo Vargas","image":{"@type":"ImageObject","inLanguage":"pt-BR","@id":"https:\/\/www.suno.com.br\/noticias\/#\/schema\/person\/image\/","url":"https:\/\/secure.gravatar.com\/avatar\/dac340933427a22924c9f99d1eb2e3f2?s=96&r=g","contentUrl":"https:\/\/secure.gravatar.com\/avatar\/dac340933427a22924c9f99d1eb2e3f2?s=96&r=g","caption":"Eduardo Vargas"},"description":"Jornalista formado pela UFSC, cobre macroeconomia, neg\u00f3cios e startups para o Suno Not\u00edcias, escrevendo principalmente not\u00edcias sobre o mercado financeiro e a bolsa de valores. No YouTube e no Instagram, \u00e9 respons\u00e1vel pela produ\u00e7\u00e3o de Reels e Shorts do Suno Not\u00edcias. Anteriormente, trabalhou cobrindo economia e cotidiano no ND+ e para o ND, maior jornal impresso de Santa Catarina. Cursou um semestre letivo de Estudos de M\u00eddia na Universidad de Buenos Aires.","url":"https:\/\/www.suno.com.br\/noticias\/author\/eduardo-vargas\/"}]}},"default_loop_html":"<div class=\"cardsPage__listCard__boxs\"><div class=\"cardsPage__listCard__boxs__img\"><a href=\"https:\/\/www.suno.com.br\/noticias\/ibovespa-maxima-recorde-bolsa-de-valores-evm\/\"><img class=\"mask\" src=\"https:\/\/www.suno.com.br\/noticias\/wp-content\/themes\/suno\/resources\/images\/spotlight\/spotlight1img\/bg-mask.png\" alt=\"Image Mask\"\/><img src=\"https:\/\/files.sunoresearch.com.br\/n\/uploads\/2023\/12\/xadrez-economia-acoes-bolsa-ibovespa-400x200.jpg\" alt=\"Ibovespa: O que explica o novo recorde da bolsa de valores?\"\/><\/a><span class=\"spotlightCategory\"><a href=\"https:\/\/www.suno.com.br\/noticias\/mercado\/\">Mercado<\/a><\/span><\/div><div class=\"cardsPage__listCard__boxs__content\"><a href=\"https:\/\/www.suno.com.br\/noticias\/ibovespa-maxima-recorde-bolsa-de-valores-evm\/\"><h2 class=\"content__title\">Ibovespa: O que explica o novo recorde da bolsa de valores?<\/h2><\/a><div class=\"newsContent__article__meta\"><div class=\"newsContent__article__meta__authorBox\"><a href=\"https:\/\/www.suno.com.br\/noticias\/author\/eduardo-vargas\/\" class=\"authorBox__avatar noMobi\"><img src=\"https:\/\/secure.gravatar.com\/avatar\/dac340933427a22924c9f99d1eb2e3f2?s=96&#038;r=g\" alt=\"Eduardo Vargas\"><\/a><div class=\"authorBox__name\"><span>por\n\t\t\t<a href=\"https:\/\/www.suno.com.br\/noticias\/author\/eduardo-vargas\/\"><span itemprop=\"author\">Eduardo Vargas<\/span><\/a><\/span><time datetime=\"2024-08-20T12:32:22-03:00\" itemprop=\"datePublished\">20\/08\/2024 12:32<\/time><\/div><\/div><\/div><\/div><\/div>","single_layout":"posts","amp_enabled":true,"_links":{"self":[{"href":"https:\/\/www.suno.com.br\/noticias\/wp-json\/wp\/v2\/posts\/571449"}],"collection":[{"href":"https:\/\/www.suno.com.br\/noticias\/wp-json\/wp\/v2\/posts"}],"about":[{"href":"https:\/\/www.suno.com.br\/noticias\/wp-json\/wp\/v2\/types\/post"}],"author":[{"embeddable":true,"href":"https:\/\/www.suno.com.br\/noticias\/wp-json\/wp\/v2\/users\/73"}],"replies":[{"embeddable":true,"href":"https:\/\/www.suno.com.br\/noticias\/wp-json\/wp\/v2\/comments?post=571449"}],"version-history":[{"count":3,"href":"https:\/\/www.suno.com.br\/noticias\/wp-json\/wp\/v2\/posts\/571449\/revisions"}],"predecessor-version":[{"id":571498,"href":"https:\/\/www.suno.com.br\/noticias\/wp-json\/wp\/v2\/posts\/571449\/revisions\/571498"}],"wp:featuredmedia":[{"embeddable":true,"href":"https:\/\/www.suno.com.br\/noticias\/wp-json\/wp\/v2\/media\/496276"}],"wp:attachment":[{"href":"https:\/\/www.suno.com.br\/noticias\/wp-json\/wp\/v2\/media?parent=571449"}],"wp:term":[{"taxonomy":"category","embeddable":true,"href":"https:\/\/www.suno.com.br\/noticias\/wp-json\/wp\/v2\/categories?post=571449"},{"taxonomy":"post_tag","embeddable":true,"href":"https:\/\/www.suno.com.br\/noticias\/wp-json\/wp\/v2\/tags?post=571449"},{"taxonomy":"suno_strategy","embeddable":true,"href":"https:\/\/www.suno.com.br\/noticias\/wp-json\/wp\/v2\/suno_strategy?post=571449"}],"curies":[{"name":"wp","href":"https:\/\/api.w.org\/{rel}","templated":true}]}}