{"id":570975,"date":"2024-08-16T09:42:41","date_gmt":"2024-08-16T12:42:41","guid":{"rendered":"https:\/\/www.suno.com.br\/noticias\/?p=570975"},"modified":"2024-08-16T09:42:46","modified_gmt":"2024-08-16T12:42:46","slug":"bolsas-asiaticas-16082024-ec-gss","status":"publish","type":"post","link":"https:\/\/www.suno.com.br\/noticias\/bolsas-asiaticas-16082024-ec-gss\/","title":{"rendered":"Bolsas asi\u00e1ticas fecham em forte alta e Europa avan\u00e7a nesta sexta"},"content":{"rendered":"<p>As <strong>bolsas asi\u00e1ticas<\/strong> fecharam majoritariamente em alta robusta nesta sexta-feira (16), ap\u00f3s <a class=\"suno-keyword\" data-force=\"no\" data-priority=\"2\" href=\"https:\/\/www.suno.com.br\/artigos\/wall-street\/\" target=\"_blank\" rel=\"noopener\">Wall Street<\/a> estender seu rali recente na esteira de s\u00f3lidos dados econ\u00f4micos dos EUA que dissiparam temores sobre uma poss\u00edvel recess\u00e3o na maior economia do mundo.<\/p>\t<div class=\"wrapper-featured-image\">\n\t\t<figure class=\"spotlightImg\">\n\n\t\t\t<picture>\n\t\t\t\t<source media=\"(max-width: 768px)\" srcset=\"https:\/\/files.sunoresearch.com.br\/n\/uploads\/2023\/10\/jezael-melgoza-tUVf65KIVpI-unsplash-400x200.jpg\">\n\t\t\t\t<img loading=\"lazy\" decoding=\"async\" class=\"newsContent__article__imgCapa lazyloadDisabled \" src=\"https:\/\/files.sunoresearch.com.br\/n\/uploads\/2023\/10\/jezael-melgoza-tUVf65KIVpI-unsplash-800x450.jpg\" width=\"800\" height=\"450\" alt=\"Bolsas asi\u00e1ticas fecham em forte alta e Europa avan\u00e7a nesta sexta\" fetchpriority=high \/>\n\t\t\t<\/picture>\n\n\t\t\t<figcaption class=\"wp-caption-text wp-caption-text--show\">Bolsas asi\u00e1ticas. Foto: Unsplash.<\/figcaption>\n\t\t<\/figure>\n\t<\/div>\n\n\n\n\n\n\n\n\t<p>\n\t\t<a href=\"https:\/\/lp.suno.com.br\/planilha-da-vida-financeira\/\" target=\"_blank\" data-element=\"shortcode-suno-banner\" title=\"Banner SUNO, clique e saiba mais\">\n\t\t\t<picture>\n\t\t\t\t<source media=\"(max-width: 500px)\" srcset=\"https:\/\/files.sunoresearch.com.br\/n\/uploads\/2023\/04\/400x300-Planilha-vida-financeira-true.png\">\n\t\t\t\t<img class=\"newsContent__article__imgCapa newsContent__article__imgCapa--banner\"\n\t\t\t\t\tsrc=\"https:\/\/files.sunoresearch.com.br\/n\/uploads\/2023\/04\/1420x240-Planilha-vida-financeira-true.png\"\n\t\t\t\t\tdata-promo-id=\"106682\"\t\t\t\t\t\t\t\t\t\twidth='1420' height='240'\t\t\t\t\talt=\"https:\/\/files.sunoresearch.com.br\/n\/uploads\/2023\/04\/1420x240-Planilha-vida-financeira-true.png\"\n\t\t\t\t>\n\t\t\t<\/picture>\n\t\t<\/a>\n\t<\/p>\n\n\n\n\n\n<p>Liderando os ganhos, o \u00edndice japon\u00eas<strong> Nikkei <\/strong>saltou 3,64% em T\u00f3quio, a 38.062,67 pontos, encerrando a semana com ganho de 8,67%, o maior desde abril de 2020.<\/p>\n\n\n\n<p>Em outras partes da regi\u00e3o asi\u00e1tica, o sul-coreano <strong>Kospi <\/strong>voltou de um feriado com alta de 1,99% em Seul, a 2.697,23 pontos, acumulando avan\u00e7o de 4,2% na semana, o primeiro depois de cinco semanas negativas. O <strong>Hang Seng<\/strong> subiu 1,88% em Hong Kong, a 17.430,16 pontos, e o <strong>Taiex <\/strong>registrou ganho de 2,07% em Taiwan, a 22.349,33 pontos.<\/p>\n\n\n\n<p>Ontem, as bolsas de Nova York tiveram altas de 1,4% a 2,3%, em seu terceiro preg\u00e3o positivo, ap\u00f3s uma s\u00e9rie de dados econ\u00f4micos dos EUA melhores do que o esperado abafar preocupa\u00e7\u00f5es de que a economia americana pudesse estar se encaminhando para uma recess\u00e3o, temor que havia sido deflagrado pelo \u00faltimo relat\u00f3rio de emprego do pa\u00eds, o chamado payroll.<\/p>\n\n\n\n<p>Na China continental, os mercados ficaram sem dire\u00e7\u00e3o \u00fanica hoje, ainda repercutindo a bateria de indicadores locais mistos desta semana. O <strong>Xangai Composto<\/strong> garantiu alta marginal de 0,07%, a 2.879,43 pontos, mas o menos abrangente <strong>Shenzhen Composto<\/strong> caiu 0,30%, a 1.548,93 pontos.<\/p>\n\n\n\n<p>Na Oceania, a bolsa de Sydney acompanhou Wall Street, e o S&amp;P\/ASX 200 avan\u00e7ou 1,34%, a 7.971,10 pontos. Ao longo da semana, o \u00edndice australiano acumulou alta de 2,5%, a maior desde dezembro do ano passado.<\/p>\n\n\n\n<h2 class=\"wp-block-heading\">Bolsas da Europa operam em alta<\/h2>\n\n\n\n<p>As <a class=\"suno-keyword\" target=\"_blank\" data-force=\"no\" data-priority=\"1\" href=\"https:\/\/www.suno.com.br\/artigos\/bolsas-europeias\/\" rel=\"noopener\">bolsas europeias<\/a> operam majoritariamente em alta na manh\u00e3 desta sexta-feira, \u00e0 medida que um sentimento positivo prevalece nos mercados acion\u00e1rios globais ap\u00f3s dados animadores dos EUA consolidarem expectativas de que os juros b\u00e1sicos americanos come\u00e7ar\u00e3o a ser reduzidos a partir de setembro.<\/p>\n\n\n\n<p>Por volta das 6h40 (de Bras\u00edlia), o \u00edndice pan-europeu <strong>Stoxx 600<\/strong> avan\u00e7ava 0,50%, a 512,45 pontos, encaminhando-se para garantir seu melhor desempenho semanal desde maio.<\/p>\n\n\n\n<p>Ontem, as a\u00e7\u00f5es em Wall Street avan\u00e7aram com for\u00e7a pelo terceiro preg\u00e3o seguido ap\u00f3s uma s\u00e9rie de s\u00f3lidos indicadores dos EUA, que n\u00e3o apenas dissiparam temores sobre uma poss\u00edvel recess\u00e3o na maior economia do mundo, como refor\u00e7aram expectativas de que o Federal Reserve (Fed, o banco central americano) anunciar\u00e1, no m\u00eas que vem, seu primeiro corte de juros em quatro anos e meio.<\/p>\n\n\n\t<p>\n\t\t<a href=\"https:\/\/lp.suno.com.br\/ebook-como-analisar-uma-acao\/\" target=\"_blank\" data-element=\"shortcode-suno-banner\" title=\"Banner SUNO, clique e saiba mais\">\n\t\t\t<picture>\n\t\t\t\t<source media=\"(max-width: 500px)\" srcset=\"https:\/\/files.sunoresearch.com.br\/n\/uploads\/2023\/03\/Ebook-Acoes-Mobile.jpg\">\n\t\t\t\t<img class=\"newsContent__article__imgCapa newsContent__article__imgCapa--banner\"\n\t\t\t\t\tsrc=\"https:\/\/files.sunoresearch.com.br\/n\/uploads\/2023\/03\/Ebook-Acoes-Desktop.jpg\"\n\t\t\t\t\tdata-promo-id=\"378302\"\t\t\t\t\t\t\t\t\t\twidth='1420' height='286'\t\t\t\t\talt=\"https:\/\/files.sunoresearch.com.br\/n\/uploads\/2023\/03\/Ebook-Acoes-Desktop.jpg\"\n\t\t\t\t>\n\t\t\t<\/picture>\n\t\t<\/a>\n\t<\/p>\n\n\n\n\n\n<p>Hoje, o foco nos EUA \u00e9 a pesquisa da Universidade de Michigan sobre <a class=\"suno-keyword\" data-force=\"no\" data-priority=\"1\" href=\"https:\/\/www.suno.com.br\/artigos\/confianca-do-consumidor\/\" target=\"_blank\" rel=\"noopener\">confian\u00e7a do consumidor<\/a> e expectativas de infla\u00e7\u00e3o.<\/p>\n\n\n\n<p>De volta \u00e0 Europa, a <a class=\"suno-keyword\" target=\"_blank\" data-force=\"no\" data-priority=\"1\" href=\"https:\/\/www.suno.com.br\/artigos\/zona-do-euro\/\" rel=\"noopener\">zona do euro<\/a> ampliou seu super\u00e1vit comercial ajustado em junho, para 17,5 bilh\u00f5es de euros, e as vendas no varejo do Reino Unido tiveram alta mensal de 0,5% em julho, mas cresceram menos que o esperado.<\/p>\n\n\n\n<p>\u00c0s 6h55 (de Bras\u00edlia), a Bolsa de Mil\u00e3o liderava os ganhos ao voltar de um feriado, com salto de 2,32%, enquanto a de Paris avan\u00e7ava 0,40% e a de Frankfurt subia 0,80%. As de Madri e Lisboa tinham altas de 0,62% e 0,06%, respectivamente. Na contram\u00e3o, a de Londres ca\u00eda 0,33%, na esteira da atualiza\u00e7\u00e3o do varejo brit\u00e2nico.<\/p>\n\n\n\n<p>Entre a\u00e7\u00f5es individuais, a da empresa de biotecnologia dinamarquesa Bavarian Nordic, que tem a \u00fanica vacina para Mpox aprovada nos EUA e na Europa, subia 15,3% em Copenhague, ampliando robustos ganhos de ontem, ap\u00f3s a Organiza\u00e7\u00e3o Mundial da Sa\u00fade (OMS) declarar esta semana a doen\u00e7a viral como uma emerg\u00eancia de sa\u00fade p\u00fablica de import\u00e2ncia internacional. J\u00e1 a da Bayer avan\u00e7ava 12,4% em Frankfurt, ap\u00f3s a empresa qu\u00edmica e farmac\u00eautica alem\u00e3 sair vitoriosa de uma batalha judicial envolvendo o herbicida Roundup.<\/p>\n\n\n\n<p><em>Com informa\u00e7\u00f5es da Dow Jones Newswires e Estad\u00e3o Conte\u00fado<\/em><\/p>\n\n\n\t<p>\n\t\t<a href=\"https:\/\/lp.suno.com.br\/planilha-da-vida-financeira\/\" target=\"_blank\" data-element=\"shortcode-suno-banner\" title=\"Banner SUNO, clique e saiba mais\">\n\t\t\t<picture>\n\t\t\t\t<source media=\"(max-width: 500px)\" srcset=\"https:\/\/files.sunoresearch.com.br\/n\/uploads\/2023\/04\/400x300-Planilha-vida-financeira-true.png\">\n\t\t\t\t<img class=\"newsContent__article__imgCapa newsContent__article__imgCapa--banner\"\n\t\t\t\t\tsrc=\"https:\/\/files.sunoresearch.com.br\/n\/uploads\/2023\/04\/1420x240-Planilha-vida-financeira-true.png\"\n\t\t\t\t\tdata-promo-id=\"383123\"\t\t\t\t\t\t\t\t\t\twidth='1420' height='240'\t\t\t\t\talt=\"https:\/\/files.sunoresearch.com.br\/n\/uploads\/2023\/04\/1420x240-Planilha-vida-financeira-true.png\"\n\t\t\t\t>\n\t\t\t<\/picture>\n\t\t<\/a>\n\t<\/p>\n\n\n","protected":false},"excerpt":{"rendered":"<p>As bolsas asi\u00e1ticas fecharam majoritariamente em alta robusta nesta sexta-feira (16), ap\u00f3s Wall Street estender seu rali recente na esteira de s\u00f3lidos dados econ\u00f4micos dos EUA que dissiparam temores sobre uma poss\u00edvel recess\u00e3o na maior economia do mundo. Bolsas asi\u00e1ticas. Foto: Unsplash. Liderando os ganhos, o \u00edndice japon\u00eas Nikkei saltou 3,64% em T\u00f3quio, a 38.062,67 [&hellip;]<\/p>\n","protected":false},"author":376,"featured_media":474667,"comment_status":"closed","ping_status":"closed","sticky":false,"template":"","format":"standard","meta":[],"categories":[64],"tags":[104703],"suno_strategy":[],"class_list":["post-570975","post","type-post","status-publish","format-standard","has-post-thumbnail","hentry","category-negocios","tag-bolsas-mundiais"],"yoast_head":"<!-- This site is optimized with the Yoast SEO plugin v24.4 - https:\/\/yoast.com\/wordpress\/plugins\/seo\/ -->\n<title>Bolsas asi\u00e1ticas fecham em forte alta e Europa avan\u00e7a nesta sexta<\/title>\n<meta name=\"description\" content=\"As bolsas asi\u00e1ticas seguiram o \u00edmpeto de Wall Street e fecharam em forte alta. Na Europa, o tom tamb\u00e9m \u00e9 positivo.\" \/>\n<meta name=\"robots\" content=\"index, follow, max-snippet:-1, max-image-preview:large, max-video-preview:-1\" \/>\n<link rel=\"canonical\" href=\"https:\/\/www.suno.com.br\/noticias\/bolsas-asiaticas-16082024-ec-gss\/\" \/>\n<meta property=\"og:locale\" content=\"pt_BR\" \/>\n<meta property=\"og:type\" content=\"article\" \/>\n<meta property=\"og:title\" content=\"Bolsas asi\u00e1ticas fecham em forte alta e Europa avan\u00e7a nesta sexta\" \/>\n<meta property=\"og:description\" content=\"As bolsas asi\u00e1ticas seguiram o \u00edmpeto de Wall Street e fecharam em forte alta. Na Europa, o tom tamb\u00e9m \u00e9 positivo.\" \/>\n<meta property=\"og:url\" content=\"https:\/\/www.suno.com.br\/noticias\/bolsas-asiaticas-16082024-ec-gss\/\" \/>\n<meta property=\"og:site_name\" content=\"Suno Not\u00edcias\" \/>\n<meta property=\"article:publisher\" content=\"https:\/\/facebook.com\/sunoresearch\" \/>\n<meta property=\"og:image\" content=\"https:\/\/files.sunoresearch.com.br\/n\/uploads\/2023\/10\/jezael-melgoza-tUVf65KIVpI-unsplash-scaled.jpg\" \/>\n\t<meta property=\"og:image:width\" content=\"2560\" \/>\n\t<meta property=\"og:image:height\" content=\"1646\" \/>\n\t<meta property=\"og:image:type\" content=\"image\/jpeg\" \/>\n<meta name=\"author\" content=\"Guilherme Serrano\" \/>\n<meta name=\"twitter:card\" content=\"summary_large_image\" \/>\n<meta name=\"twitter:creator\" content=\"@sunoresearch\" \/>\n<meta name=\"twitter:site\" content=\"@sunoresearch\" \/>\n<meta name=\"twitter:label1\" content=\"Escrito por\" \/>\n\t<meta name=\"twitter:data1\" content=\"Guilherme Serrano\" \/>\n\t<meta name=\"twitter:label2\" content=\"Est. tempo de leitura\" \/>\n\t<meta name=\"twitter:data2\" content=\"4 minutos\" \/>\n<script type=\"application\/ld+json\" class=\"yoast-schema-graph\">{\"@context\":\"https:\/\/schema.org\",\"@graph\":[{\"@type\":\"NewsArticle\",\"@id\":\"https:\/\/www.suno.com.br\/noticias\/bolsas-asiaticas-16082024-ec-gss\/#article\",\"isPartOf\":{\"@id\":\"https:\/\/www.suno.com.br\/noticias\/bolsas-asiaticas-16082024-ec-gss\/\"},\"author\":{\"name\":\"Guilherme Serrano\",\"@id\":\"https:\/\/www.suno.com.br\/noticias\/#\/schema\/person\/d0f07e64bce64aa671feadfb844f04ca\"},\"headline\":\"Bolsas asi\u00e1ticas fecham em forte alta e Europa avan\u00e7a nesta sexta\",\"datePublished\":\"2024-08-16T12:42:41+00:00\",\"dateModified\":\"2024-08-16T12:42:46+00:00\",\"mainEntityOfPage\":{\"@id\":\"https:\/\/www.suno.com.br\/noticias\/bolsas-asiaticas-16082024-ec-gss\/\"},\"wordCount\":659,\"publisher\":{\"@id\":\"https:\/\/www.suno.com.br\/noticias\/#organization\"},\"image\":{\"@id\":\"https:\/\/www.suno.com.br\/noticias\/bolsas-asiaticas-16082024-ec-gss\/#primaryimage\"},\"thumbnailUrl\":\"https:\/\/files.sunoresearch.com.br\/n\/uploads\/2023\/10\/jezael-melgoza-tUVf65KIVpI-unsplash-scaled.jpg\",\"keywords\":[\"Bolsas mundiais\"],\"articleSection\":[\"Neg\u00f3cios\"],\"inLanguage\":\"pt-BR\"},{\"@type\":\"WebPage\",\"@id\":\"https:\/\/www.suno.com.br\/noticias\/bolsas-asiaticas-16082024-ec-gss\/\",\"url\":\"https:\/\/www.suno.com.br\/noticias\/bolsas-asiaticas-16082024-ec-gss\/\",\"name\":\"Bolsas asi\u00e1ticas fecham em forte alta e Europa avan\u00e7a nesta sexta\",\"isPartOf\":{\"@id\":\"https:\/\/www.suno.com.br\/noticias\/#website\"},\"primaryImageOfPage\":{\"@id\":\"https:\/\/www.suno.com.br\/noticias\/bolsas-asiaticas-16082024-ec-gss\/#primaryimage\"},\"image\":{\"@id\":\"https:\/\/www.suno.com.br\/noticias\/bolsas-asiaticas-16082024-ec-gss\/#primaryimage\"},\"thumbnailUrl\":\"https:\/\/files.sunoresearch.com.br\/n\/uploads\/2023\/10\/jezael-melgoza-tUVf65KIVpI-unsplash-scaled.jpg\",\"datePublished\":\"2024-08-16T12:42:41+00:00\",\"dateModified\":\"2024-08-16T12:42:46+00:00\",\"description\":\"As bolsas asi\u00e1ticas seguiram o \u00edmpeto de Wall Street e fecharam em forte alta. Na Europa, o tom tamb\u00e9m \u00e9 positivo.\",\"breadcrumb\":{\"@id\":\"https:\/\/www.suno.com.br\/noticias\/bolsas-asiaticas-16082024-ec-gss\/#breadcrumb\"},\"inLanguage\":\"pt-BR\",\"potentialAction\":[{\"@type\":\"ReadAction\",\"target\":[\"https:\/\/www.suno.com.br\/noticias\/bolsas-asiaticas-16082024-ec-gss\/\"]}]},{\"@type\":\"ImageObject\",\"inLanguage\":\"pt-BR\",\"@id\":\"https:\/\/www.suno.com.br\/noticias\/bolsas-asiaticas-16082024-ec-gss\/#primaryimage\",\"url\":\"https:\/\/files.sunoresearch.com.br\/n\/uploads\/2023\/10\/jezael-melgoza-tUVf65KIVpI-unsplash-scaled.jpg\",\"contentUrl\":\"https:\/\/files.sunoresearch.com.br\/n\/uploads\/2023\/10\/jezael-melgoza-tUVf65KIVpI-unsplash-scaled.jpg\",\"width\":2560,\"height\":1646,\"caption\":\"Bolsas asi\u00e1ticas. Foto: Unsplash.\"},{\"@type\":\"BreadcrumbList\",\"@id\":\"https:\/\/www.suno.com.br\/noticias\/bolsas-asiaticas-16082024-ec-gss\/#breadcrumb\",\"itemListElement\":[{\"@type\":\"ListItem\",\"position\":1,\"name\":\"Not\u00edcias\",\"item\":\"https:\/\/www.suno.com.br\/noticias\/\"},{\"@type\":\"ListItem\",\"position\":2,\"name\":\"Neg\u00f3cios\",\"item\":\"https:\/\/www.suno.com.br\/noticias\/negocios\/\"},{\"@type\":\"ListItem\",\"position\":3,\"name\":\"Bolsas asi\u00e1ticas fecham em forte alta e Europa avan\u00e7a nesta sexta\"}]},{\"@type\":\"WebSite\",\"@id\":\"https:\/\/www.suno.com.br\/noticias\/#website\",\"url\":\"https:\/\/www.suno.com.br\/noticias\/\",\"name\":\"Suno Not\u00edcias\",\"description\":\"Seu portal de informa\u00e7\u00e3o sobre o mundo dos investimentos\",\"publisher\":{\"@id\":\"https:\/\/www.suno.com.br\/noticias\/#organization\"},\"potentialAction\":[{\"@type\":\"SearchAction\",\"target\":{\"@type\":\"EntryPoint\",\"urlTemplate\":\"https:\/\/www.suno.com.br\/noticias\/?s={search_term_string}\"},\"query-input\":{\"@type\":\"PropertyValueSpecification\",\"valueRequired\":true,\"valueName\":\"search_term_string\"}}],\"inLanguage\":\"pt-BR\"},{\"@type\":\"Organization\",\"@id\":\"https:\/\/www.suno.com.br\/noticias\/#organization\",\"name\":\"Suno Not\u00edcias\",\"url\":\"https:\/\/www.suno.com.br\/noticias\/\",\"logo\":{\"@type\":\"ImageObject\",\"inLanguage\":\"pt-BR\",\"@id\":\"https:\/\/www.suno.com.br\/noticias\/#\/schema\/logo\/image\/\",\"url\":\"https:\/\/files.sunoresearch.com.br\/n\/uploads\/2021\/09\/suno-logo.png\",\"contentUrl\":\"https:\/\/files.sunoresearch.com.br\/n\/uploads\/2021\/09\/suno-logo.png\",\"width\":180,\"height\":180,\"caption\":\"Suno Not\u00edcias\"},\"image\":{\"@id\":\"https:\/\/www.suno.com.br\/noticias\/#\/schema\/logo\/image\/\"},\"sameAs\":[\"https:\/\/facebook.com\/sunoresearch\",\"https:\/\/x.com\/sunoresearch\",\"https:\/\/www.instagram.com\/suno\",\"https:\/\/www.linkedin.com\/company\/suno-research\/\",\"https:\/\/www.youtube.com\/c\/sunoresearch\"]},{\"@type\":\"Person\",\"@id\":\"https:\/\/www.suno.com.br\/noticias\/#\/schema\/person\/d0f07e64bce64aa671feadfb844f04ca\",\"name\":\"Guilherme Serrano\",\"image\":{\"@type\":\"ImageObject\",\"inLanguage\":\"pt-BR\",\"@id\":\"https:\/\/www.suno.com.br\/noticias\/#\/schema\/person\/image\/\",\"url\":\"https:\/\/secure.gravatar.com\/avatar\/a90be19d8c67bef61497e4522de30ac4?s=96&r=g\",\"contentUrl\":\"https:\/\/secure.gravatar.com\/avatar\/a90be19d8c67bef61497e4522de30ac4?s=96&r=g\",\"caption\":\"Guilherme Serrano\"},\"description\":\"Jornalista formado pela Faculdade C\u00e1sper L\u00edbero e p\u00f3s-graduado em Can\u00e7\u00e3o Popular pela Faculdade Santa Marcelina. Passagens por R\u00e1dio Gazeta AM, gazetaesportiva.com e TC R\u00e1dio.\",\"url\":\"https:\/\/www.suno.com.br\/noticias\/author\/guilherme-silvasuno-com-br\/\"}]}<\/script>\n<!-- \/ Yoast SEO plugin. -->","yoast_head_json":{"title":"Bolsas asi\u00e1ticas fecham em forte alta e Europa avan\u00e7a nesta sexta","description":"As bolsas asi\u00e1ticas seguiram o \u00edmpeto de Wall Street e fecharam em forte alta. Na Europa, o tom tamb\u00e9m \u00e9 positivo.","robots":{"index":"index","follow":"follow","max-snippet":"max-snippet:-1","max-image-preview":"max-image-preview:large","max-video-preview":"max-video-preview:-1"},"canonical":"https:\/\/www.suno.com.br\/noticias\/bolsas-asiaticas-16082024-ec-gss\/","og_locale":"pt_BR","og_type":"article","og_title":"Bolsas asi\u00e1ticas fecham em forte alta e Europa avan\u00e7a nesta sexta","og_description":"As bolsas asi\u00e1ticas seguiram o \u00edmpeto de Wall Street e fecharam em forte alta. Na Europa, o tom tamb\u00e9m \u00e9 positivo.","og_url":"https:\/\/www.suno.com.br\/noticias\/bolsas-asiaticas-16082024-ec-gss\/","og_site_name":"Suno Not\u00edcias","article_publisher":"https:\/\/facebook.com\/sunoresearch","og_image":[{"width":2560,"height":1646,"url":"https:\/\/files.sunoresearch.com.br\/n\/uploads\/2023\/10\/jezael-melgoza-tUVf65KIVpI-unsplash-scaled.jpg","type":"image\/jpeg"}],"author":"Guilherme Serrano","twitter_card":"summary_large_image","twitter_creator":"@sunoresearch","twitter_site":"@sunoresearch","twitter_misc":{"Escrito por":"Guilherme Serrano","Est. tempo de leitura":"4 minutos"},"schema":{"@context":"https:\/\/schema.org","@graph":[{"@type":"NewsArticle","@id":"https:\/\/www.suno.com.br\/noticias\/bolsas-asiaticas-16082024-ec-gss\/#article","isPartOf":{"@id":"https:\/\/www.suno.com.br\/noticias\/bolsas-asiaticas-16082024-ec-gss\/"},"author":{"name":"Guilherme Serrano","@id":"https:\/\/www.suno.com.br\/noticias\/#\/schema\/person\/d0f07e64bce64aa671feadfb844f04ca"},"headline":"Bolsas asi\u00e1ticas fecham em forte alta e Europa avan\u00e7a nesta sexta","datePublished":"2024-08-16T12:42:41+00:00","dateModified":"2024-08-16T12:42:46+00:00","mainEntityOfPage":{"@id":"https:\/\/www.suno.com.br\/noticias\/bolsas-asiaticas-16082024-ec-gss\/"},"wordCount":659,"publisher":{"@id":"https:\/\/www.suno.com.br\/noticias\/#organization"},"image":{"@id":"https:\/\/www.suno.com.br\/noticias\/bolsas-asiaticas-16082024-ec-gss\/#primaryimage"},"thumbnailUrl":"https:\/\/files.sunoresearch.com.br\/n\/uploads\/2023\/10\/jezael-melgoza-tUVf65KIVpI-unsplash-scaled.jpg","keywords":["Bolsas mundiais"],"articleSection":["Neg\u00f3cios"],"inLanguage":"pt-BR"},{"@type":"WebPage","@id":"https:\/\/www.suno.com.br\/noticias\/bolsas-asiaticas-16082024-ec-gss\/","url":"https:\/\/www.suno.com.br\/noticias\/bolsas-asiaticas-16082024-ec-gss\/","name":"Bolsas asi\u00e1ticas fecham em forte alta e Europa avan\u00e7a nesta sexta","isPartOf":{"@id":"https:\/\/www.suno.com.br\/noticias\/#website"},"primaryImageOfPage":{"@id":"https:\/\/www.suno.com.br\/noticias\/bolsas-asiaticas-16082024-ec-gss\/#primaryimage"},"image":{"@id":"https:\/\/www.suno.com.br\/noticias\/bolsas-asiaticas-16082024-ec-gss\/#primaryimage"},"thumbnailUrl":"https:\/\/files.sunoresearch.com.br\/n\/uploads\/2023\/10\/jezael-melgoza-tUVf65KIVpI-unsplash-scaled.jpg","datePublished":"2024-08-16T12:42:41+00:00","dateModified":"2024-08-16T12:42:46+00:00","description":"As bolsas asi\u00e1ticas seguiram o \u00edmpeto de Wall Street e fecharam em forte alta. Na Europa, o tom tamb\u00e9m \u00e9 positivo.","breadcrumb":{"@id":"https:\/\/www.suno.com.br\/noticias\/bolsas-asiaticas-16082024-ec-gss\/#breadcrumb"},"inLanguage":"pt-BR","potentialAction":[{"@type":"ReadAction","target":["https:\/\/www.suno.com.br\/noticias\/bolsas-asiaticas-16082024-ec-gss\/"]}]},{"@type":"ImageObject","inLanguage":"pt-BR","@id":"https:\/\/www.suno.com.br\/noticias\/bolsas-asiaticas-16082024-ec-gss\/#primaryimage","url":"https:\/\/files.sunoresearch.com.br\/n\/uploads\/2023\/10\/jezael-melgoza-tUVf65KIVpI-unsplash-scaled.jpg","contentUrl":"https:\/\/files.sunoresearch.com.br\/n\/uploads\/2023\/10\/jezael-melgoza-tUVf65KIVpI-unsplash-scaled.jpg","width":2560,"height":1646,"caption":"Bolsas asi\u00e1ticas. Foto: Unsplash."},{"@type":"BreadcrumbList","@id":"https:\/\/www.suno.com.br\/noticias\/bolsas-asiaticas-16082024-ec-gss\/#breadcrumb","itemListElement":[{"@type":"ListItem","position":1,"name":"Not\u00edcias","item":"https:\/\/www.suno.com.br\/noticias\/"},{"@type":"ListItem","position":2,"name":"Neg\u00f3cios","item":"https:\/\/www.suno.com.br\/noticias\/negocios\/"},{"@type":"ListItem","position":3,"name":"Bolsas asi\u00e1ticas fecham em forte alta e Europa avan\u00e7a nesta sexta"}]},{"@type":"WebSite","@id":"https:\/\/www.suno.com.br\/noticias\/#website","url":"https:\/\/www.suno.com.br\/noticias\/","name":"Suno Not\u00edcias","description":"Seu portal de informa\u00e7\u00e3o sobre o mundo dos investimentos","publisher":{"@id":"https:\/\/www.suno.com.br\/noticias\/#organization"},"potentialAction":[{"@type":"SearchAction","target":{"@type":"EntryPoint","urlTemplate":"https:\/\/www.suno.com.br\/noticias\/?s={search_term_string}"},"query-input":{"@type":"PropertyValueSpecification","valueRequired":true,"valueName":"search_term_string"}}],"inLanguage":"pt-BR"},{"@type":"Organization","@id":"https:\/\/www.suno.com.br\/noticias\/#organization","name":"Suno Not\u00edcias","url":"https:\/\/www.suno.com.br\/noticias\/","logo":{"@type":"ImageObject","inLanguage":"pt-BR","@id":"https:\/\/www.suno.com.br\/noticias\/#\/schema\/logo\/image\/","url":"https:\/\/files.sunoresearch.com.br\/n\/uploads\/2021\/09\/suno-logo.png","contentUrl":"https:\/\/files.sunoresearch.com.br\/n\/uploads\/2021\/09\/suno-logo.png","width":180,"height":180,"caption":"Suno Not\u00edcias"},"image":{"@id":"https:\/\/www.suno.com.br\/noticias\/#\/schema\/logo\/image\/"},"sameAs":["https:\/\/facebook.com\/sunoresearch","https:\/\/x.com\/sunoresearch","https:\/\/www.instagram.com\/suno","https:\/\/www.linkedin.com\/company\/suno-research\/","https:\/\/www.youtube.com\/c\/sunoresearch"]},{"@type":"Person","@id":"https:\/\/www.suno.com.br\/noticias\/#\/schema\/person\/d0f07e64bce64aa671feadfb844f04ca","name":"Guilherme Serrano","image":{"@type":"ImageObject","inLanguage":"pt-BR","@id":"https:\/\/www.suno.com.br\/noticias\/#\/schema\/person\/image\/","url":"https:\/\/secure.gravatar.com\/avatar\/a90be19d8c67bef61497e4522de30ac4?s=96&r=g","contentUrl":"https:\/\/secure.gravatar.com\/avatar\/a90be19d8c67bef61497e4522de30ac4?s=96&r=g","caption":"Guilherme Serrano"},"description":"Jornalista formado pela Faculdade C\u00e1sper L\u00edbero e p\u00f3s-graduado em Can\u00e7\u00e3o Popular pela Faculdade Santa Marcelina. Passagens por R\u00e1dio Gazeta AM, gazetaesportiva.com e TC R\u00e1dio.","url":"https:\/\/www.suno.com.br\/noticias\/author\/guilherme-silvasuno-com-br\/"}]}},"default_loop_html":"<div class=\"cardsPage__listCard__boxs\"><div class=\"cardsPage__listCard__boxs__img\"><a href=\"https:\/\/www.suno.com.br\/noticias\/bolsas-asiaticas-16082024-ec-gss\/\"><img class=\"mask\" src=\"https:\/\/www.suno.com.br\/noticias\/wp-content\/themes\/suno\/resources\/images\/spotlight\/spotlight1img\/bg-mask.png\" alt=\"Image Mask\"\/><img src=\"https:\/\/files.sunoresearch.com.br\/n\/uploads\/2023\/10\/jezael-melgoza-tUVf65KIVpI-unsplash-400x200.jpg\" alt=\"Bolsas asi\u00e1ticas fecham em forte alta e Europa avan\u00e7a nesta sexta\"\/><\/a><span class=\"spotlightCategory\"><a href=\"https:\/\/www.suno.com.br\/noticias\/negocios\/\">Neg\u00f3cios<\/a><\/span><\/div><div class=\"cardsPage__listCard__boxs__content\"><a href=\"https:\/\/www.suno.com.br\/noticias\/bolsas-asiaticas-16082024-ec-gss\/\"><h2 class=\"content__title\">Bolsas asi\u00e1ticas fecham em forte alta e Europa avan\u00e7a nesta sexta<\/h2><\/a><div class=\"newsContent__article__meta\"><div class=\"newsContent__article__meta__authorBox\"><a href=\"https:\/\/www.suno.com.br\/noticias\/author\/guilherme-silvasuno-com-br\/\" class=\"authorBox__avatar noMobi\"><img src=\"https:\/\/secure.gravatar.com\/avatar\/a90be19d8c67bef61497e4522de30ac4?s=96&#038;r=g\" alt=\"Guilherme Serrano\"><\/a><div class=\"authorBox__name\"><span>por\n\t\t\t<a href=\"https:\/\/www.suno.com.br\/noticias\/author\/guilherme-silvasuno-com-br\/\"><span itemprop=\"author\">Guilherme Serrano<\/span><\/a><\/span><time datetime=\"2024-08-16T09:42:41-03:00\" itemprop=\"datePublished\">16\/08\/2024 09:42<\/time><\/div><\/div><\/div><\/div><\/div>","single_layout":"posts","amp_enabled":true,"_links":{"self":[{"href":"https:\/\/www.suno.com.br\/noticias\/wp-json\/wp\/v2\/posts\/570975"}],"collection":[{"href":"https:\/\/www.suno.com.br\/noticias\/wp-json\/wp\/v2\/posts"}],"about":[{"href":"https:\/\/www.suno.com.br\/noticias\/wp-json\/wp\/v2\/types\/post"}],"author":[{"embeddable":true,"href":"https:\/\/www.suno.com.br\/noticias\/wp-json\/wp\/v2\/users\/376"}],"replies":[{"embeddable":true,"href":"https:\/\/www.suno.com.br\/noticias\/wp-json\/wp\/v2\/comments?post=570975"}],"version-history":[{"count":2,"href":"https:\/\/www.suno.com.br\/noticias\/wp-json\/wp\/v2\/posts\/570975\/revisions"}],"predecessor-version":[{"id":570997,"href":"https:\/\/www.suno.com.br\/noticias\/wp-json\/wp\/v2\/posts\/570975\/revisions\/570997"}],"wp:featuredmedia":[{"embeddable":true,"href":"https:\/\/www.suno.com.br\/noticias\/wp-json\/wp\/v2\/media\/474667"}],"wp:attachment":[{"href":"https:\/\/www.suno.com.br\/noticias\/wp-json\/wp\/v2\/media?parent=570975"}],"wp:term":[{"taxonomy":"category","embeddable":true,"href":"https:\/\/www.suno.com.br\/noticias\/wp-json\/wp\/v2\/categories?post=570975"},{"taxonomy":"post_tag","embeddable":true,"href":"https:\/\/www.suno.com.br\/noticias\/wp-json\/wp\/v2\/tags?post=570975"},{"taxonomy":"suno_strategy","embeddable":true,"href":"https:\/\/www.suno.com.br\/noticias\/wp-json\/wp\/v2\/suno_strategy?post=570975"}],"curies":[{"name":"wp","href":"https:\/\/api.w.org\/{rel}","templated":true}]}}