{"id":570616,"date":"2024-08-14T14:52:42","date_gmt":"2024-08-14T17:52:42","guid":{"rendered":"https:\/\/www.suno.com.br\/noticias\/?p=570616"},"modified":"2024-08-14T14:53:08","modified_gmt":"2024-08-14T17:53:08","slug":"acoees-da-sabesp-sbsp3-alta-128-evm","status":"publish","type":"post","link":"https:\/\/www.suno.com.br\/noticias\/acoees-da-sabesp-sbsp3-alta-128-evm\/","title":{"rendered":"A\u00e7\u00f5es da Sabesp (SBSP3) a R$ 128? Morgan Stanley acredita que sim"},"content":{"rendered":"<p>O Morgan Stanley elevou o pre\u00e7o-alvo das a\u00e7\u00f5es da <a class=\"suno-keyword\" data-force=\"yes\" data-priority=\"2\" href=\"https:\/\/www.suno.com.br\/acoes\/SBSP3\/\" target=\"_blank\" rel=\"noopener\"><strong>Sabesp<\/strong> (SBSP3)<\/a> para R$ 128, de R$ 68 anteriores.<\/p><div class=\"videoFull \">\n\t\t\t<div class=\"videoWrapper yt-lazyload center\"\n\t\t\t\tdata-width=\"960\"\n\t\t\t\tdata-height=\"540\"\n\t\t\t\tdata-id=\"0mtebs_KAsg\"\n\t\t\t\tdata-alt=\"V\u00eddeo do YouTube - clique para reproduzir\"\n\t\t\t\tdata-logo=\"3\"\n\t\t\t\tdata-imagequality=\"maxres\">\n\t\t\t<\/div>\n\t\t<\/div><script type=\"application\/ld+json\">{\"@context\":\"https:\/\/schema.org\",\"@type\":\"VideoObject\",\"name\":\"\ud83d\udd34IBOVESPA SOBE COM BBAS3 E ITUB4 | Dividendos da Taesa (TAEE11) | CSN Minera\u00e7\u00e3o (CMIN3) dispara\",\"description\":\"\ud83d\udd34TENHA UMA CARTEIRA PERSONALIZADA: https:\/\/lp.suno.com.br\/ao\/consultoria-de-investimentos\/?utm_source=suno-noticias&utm_medium=live&utm_campaign=seuconsultorresponde&utm_content=13082024 00:00 In\u00edcio do v\u00eddeo 01:54 Fechamento de preg\u00e3o 05:12 Resultado e dividendos da Taesa 09:30 Alta de CMIN3 11:34 NTCO3 afunda com RJ e balan\u00e7o 13:56 Riscos para dividendos da Petrobras 16:08 Indicadores do dia & agenda de amanh\u00e3 \ud83d\udd34\ud835\udc08\ud835\udc0d\ud835\udc12\ud835\udc02\ud835\udc11\ud835\udc04\ud835\udc15\ud835\udc00-\ud835\udc12\ud835\udc04 \ud835\udc0d\ud835\udc0e \ud835\udc02\ud835\udc00\ud835\udc0d\ud835\udc00\ud835\udc0b \ud835\udc04 \ud835\udc00\ud835\udc13\ud835\udc08\ud835\udc15\ud835\udc04 \ud835\udc0e \ud835\udc12\ud835\udc08\ud835\udc0d\ud835\udc0e \ud83d\udc47 https:\/\/bit.ly\/INSCREVA-SEATIVEOSINO \ud83d\udc47 \ud835\udc12\ud835\udc22\ud835\udc20\ud835\udc1a\u2026\",\"duration\":\"PT18M26S\",\"embedUrl\":\"https:\/\/www.youtube.com\/embed\/0mtebs_KAsg\",\"regionsAllowed\":\"en-US\",\"interactionStatistic\":{\"@type\":\"InteractionCounter\",\"interactionType\":{\"@type\":\"WatchAction\"},\"userInteractionCount\":2349},\"thumbnailUrl\":\"https:\/\/i.ytimg.com\/vi\/0mtebs_KAsg\/default.jpg\",\"uploadDate\":\"2024-08-13T22:22:20Z\"}<\/script>\n\n\n\n\n\t<p>\n\t\t<a href=\"https:\/\/lp.suno.com.br\/planilha-da-vida-financeira\/\" target=\"_blank\" data-element=\"shortcode-suno-banner\" title=\"Banner SUNO, clique e saiba mais\">\n\t\t\t<picture>\n\t\t\t\t<source media=\"(max-width: 500px)\" srcset=\"https:\/\/files.sunoresearch.com.br\/n\/uploads\/2023\/04\/400x300-Planilha-vida-financeira-true.png\">\n\t\t\t\t<img class=\"newsContent__article__imgCapa newsContent__article__imgCapa--banner\"\n\t\t\t\t\tsrc=\"https:\/\/files.sunoresearch.com.br\/n\/uploads\/2023\/04\/1420x240-Planilha-vida-financeira-true.png\"\n\t\t\t\t\tdata-promo-id=\"106682\"\t\t\t\t\t\t\t\t\t\twidth='1420' height='240'\t\t\t\t\talt=\"https:\/\/files.sunoresearch.com.br\/n\/uploads\/2023\/04\/1420x240-Planilha-vida-financeira-true.png\"\n\t\t\t\t>\n\t\t\t<\/picture>\n\t\t<\/a>\n\t<\/p>\n\n\n\n\n\n\n\n<p>Al\u00e9m da <strong>privatiza\u00e7\u00e3o da Sabesp<\/strong>, o que contribuiu com a tese da casa foi o fato de a Equatorial (EQTL3) figurar como acionista de refer\u00eancia, o que os analistas consideram um ponto positivo.<\/p>\n\n\n\n<p>A recomenda\u00e7\u00e3o, desta forma, \u00e9 de compra para as <strong>a\u00e7\u00f5es da Sabesp<\/strong>, eleita a favorita da casa para o segmento de utilities.<\/p>\n\n\n\n<p>A tese de investimentos \u00e9 vista como &#8220;simples&#8221;, enquanto a companhia mostra um tempo m\u00e9dio de contratos considerado atrativo, com um duration na casa dos 13 anos &#8211; j\u00e1 que ap\u00f3s a privatiza\u00e7\u00e3o contratos foram estendidos para 2060.<\/p>\n\n\n\n<p>Juntamente com isso, a casa destaca uma perspectiva de alto crescimento dado o plano de capex atual.<\/p>\n\n\n\n<p>Apesar disso, o plano pode ser um risco para tarifas e <a class=\"suno-keyword\" target=\"_blank\" data-force=\"no\" data-priority=\"1\" href=\"https:\/\/www.suno.com.br\/guias\/dividendos\/\" rel=\"noopener\">dividendos<\/a> da companhia a depender da execu\u00e7\u00e3o.<\/p>\n\n\n\n<p>Olhando para os indicadores e m\u00faltiplos, o Morgan Stanley frisa a <a class=\"suno-keyword\" target=\"_blank\" data-force=\"no\" data-priority=\"1\" href=\"https:\/\/www.suno.com.br\/artigos\/taxa-interna-de-retorno\/\" rel=\"noopener\">taxa interna de retorno<\/a> (TIR) real de capital de 12% como positiva, al\u00e9m de ficar acima dos seus pares do setor de saneamento.<\/p>\n\n\n\t<p>\n\t\t<a href=\"https:\/\/lp.suno.com.br\/ebook-como-analisar-uma-acao\/\" target=\"_blank\" data-element=\"shortcode-suno-banner\" title=\"Banner SUNO, clique e saiba mais\">\n\t\t\t<picture>\n\t\t\t\t<source media=\"(max-width: 500px)\" srcset=\"https:\/\/files.sunoresearch.com.br\/n\/uploads\/2023\/03\/Ebook-Acoes-Mobile.jpg\">\n\t\t\t\t<img class=\"newsContent__article__imgCapa newsContent__article__imgCapa--banner\"\n\t\t\t\t\tsrc=\"https:\/\/files.sunoresearch.com.br\/n\/uploads\/2023\/03\/Ebook-Acoes-Desktop.jpg\"\n\t\t\t\t\tdata-promo-id=\"378302\"\t\t\t\t\t\t\t\t\t\twidth='1420' height='286'\t\t\t\t\talt=\"https:\/\/files.sunoresearch.com.br\/n\/uploads\/2023\/03\/Ebook-Acoes-Desktop.jpg\"\n\t\t\t\t>\n\t\t\t<\/picture>\n\t\t<\/a>\n\t<\/p>\n\n\n\n\n\n<h2 class=\"wp-block-heading\">BBA espera &#8216;extens\u00e3o do rali&#8217; da Sabesp<\/h2>\n\n\n\n<p>Ap\u00f3s a divulga\u00e7\u00e3o do seu balan\u00e7o trimestral, o Ita\u00fa BBA tamb\u00e9m reiterou vis\u00e3o positiva acerca da companhia.<\/p>\n\n\n\n<p>Vendo o lucro de R$ 1,21 bilh\u00e3o, os especialistas reiteraram recomenda\u00e7\u00e3o de compra para <strong>SBSP3<\/strong>, com pre\u00e7o-alvo de R$ 143,40.<\/p>\n\n\n\n<p>O Ita\u00fa BBA destaca que alguns indicadores da companhia no segundo trimestre de 2024, como o Ebitda recorrente, ficaram acima das proje\u00e7\u00f5es da casa.<\/p>\n\n\n\n<p>O BBA tamb\u00e9m destaca a redu\u00e7\u00e3o &#8220;significativa&#8221; nas despesas com inadimpl\u00eancia, uma queda de 67% na base anual. <\/p>\n\n\n\n<p>A casa reafirma que as a\u00e7\u00f5es da empresa seguem sendo uma das principais escolhas no setor de utilities, sendo que essa vis\u00e3o positiva sobre a empresa \u00e9 baseada por fatores como:<\/p>\n\n\n\n<ul class=\"wp-block-list\">\n<li>Avalia\u00e7\u00e3o atraente<\/li>\n\n\n\n<li>Perspectiva de crescimento promissora<\/li>\n\n\n\n<li>Potencial significativo de alta em ganhos de efici\u00eancia<\/li>\n<\/ul>\n\n\n\n<p>&#8220;Portanto, devemos esperar mais not\u00edcias sobre isso em breve, com a pr\u00f3xima assembleia de acionistas para votar o novo <a class=\"suno-keyword\" data-force=\"no\" data-priority=\"1\" href=\"https:\/\/www.suno.com.br\/artigos\/conselho-administracao\/\" target=\"_blank\" rel=\"noopener\">conselho de administra\u00e7\u00e3o<\/a> ocorrendo antes do esperado, provavelmente em setembro&#8221;, diz o relat\u00f3rio sobre a <strong>Sabesp<\/strong>.<\/p>\n\n\n\t<p>\n\t\t<a href=\"https:\/\/lp.suno.com.br\/planilha-da-vida-financeira\/\" target=\"_blank\" data-element=\"shortcode-suno-banner\" title=\"Banner SUNO, clique e saiba mais\">\n\t\t\t<picture>\n\t\t\t\t<source media=\"(max-width: 500px)\" srcset=\"https:\/\/files.sunoresearch.com.br\/n\/uploads\/2023\/04\/400x300-Planilha-vida-financeira-true.png\">\n\t\t\t\t<img class=\"newsContent__article__imgCapa newsContent__article__imgCapa--banner\"\n\t\t\t\t\tsrc=\"https:\/\/files.sunoresearch.com.br\/n\/uploads\/2023\/04\/1420x240-Planilha-vida-financeira-true.png\"\n\t\t\t\t\tdata-promo-id=\"383123\"\t\t\t\t\t\t\t\t\t\twidth='1420' height='240'\t\t\t\t\talt=\"https:\/\/files.sunoresearch.com.br\/n\/uploads\/2023\/04\/1420x240-Planilha-vida-financeira-true.png\"\n\t\t\t\t>\n\t\t\t<\/picture>\n\t\t<\/a>\n\t<\/p>\n\n\n","protected":false},"excerpt":{"rendered":"<p>O Morgan Stanley elevou o pre\u00e7o-alvo das a\u00e7\u00f5es da Sabesp (SBSP3) para R$ 128, de R$ 68 anteriores. Al\u00e9m da privatiza\u00e7\u00e3o da Sabesp, o que contribuiu com a tese da casa foi o fato de a Equatorial (EQTL3) figurar como acionista de refer\u00eancia, o que os analistas consideram um ponto positivo. A recomenda\u00e7\u00e3o, desta forma, [&hellip;]<\/p>\n","protected":false},"author":73,"featured_media":489221,"comment_status":"closed","ping_status":"closed","sticky":false,"template":"","format":"standard","meta":[],"categories":[64],"tags":[105816,621,106765],"suno_strategy":[],"class_list":["post-570616","post","type-post","status-publish","format-standard","has-post-thumbnail","hentry","category-negocios","tag-especialistas","tag-sabesp","tag-sabesp-sbsp3"],"yoast_head":"<!-- This site is optimized with the Yoast SEO plugin v24.4 - https:\/\/yoast.com\/wordpress\/plugins\/seo\/ -->\n<title>A\u00e7\u00f5es da Sabesp (SBSP3) a R$ 128?<\/title>\n<meta name=\"description\" content=\"Al\u00e9m da privatiza\u00e7\u00e3o da Sabesp, o que contribuiu com a tese da casa foi o fato de a Equatorial figurar como acionista de refer\u00eancia\" \/>\n<meta name=\"robots\" content=\"index, follow, max-snippet:-1, max-image-preview:large, max-video-preview:-1\" \/>\n<link rel=\"canonical\" href=\"https:\/\/www.suno.com.br\/noticias\/acoees-da-sabesp-sbsp3-alta-128-evm\/\" \/>\n<meta property=\"og:locale\" content=\"pt_BR\" \/>\n<meta property=\"og:type\" content=\"article\" \/>\n<meta property=\"og:title\" content=\"A\u00e7\u00f5es da Sabesp (SBSP3) a R$ 128?\" \/>\n<meta property=\"og:description\" content=\"Al\u00e9m da privatiza\u00e7\u00e3o da Sabesp, o que contribuiu com a tese da casa foi o fato de a Equatorial figurar como acionista de refer\u00eancia\" \/>\n<meta property=\"og:url\" content=\"https:\/\/www.suno.com.br\/noticias\/acoees-da-sabesp-sbsp3-alta-128-evm\/\" \/>\n<meta property=\"og:site_name\" content=\"Suno Not\u00edcias\" \/>\n<meta property=\"article:publisher\" content=\"https:\/\/facebook.com\/sunoresearch\" \/>\n<meta property=\"og:image\" content=\"https:\/\/files.sunoresearch.com.br\/n\/uploads\/2023\/11\/sabesp-sbsp3-privatizacao-saneamento.jpg\" \/>\n\t<meta property=\"og:image:width\" content=\"1200\" \/>\n\t<meta property=\"og:image:height\" content=\"800\" \/>\n\t<meta property=\"og:image:type\" content=\"image\/jpeg\" \/>\n<meta name=\"author\" content=\"Eduardo Vargas\" \/>\n<meta name=\"twitter:card\" content=\"summary_large_image\" \/>\n<meta name=\"twitter:creator\" content=\"@sunoresearch\" \/>\n<meta name=\"twitter:site\" content=\"@sunoresearch\" \/>\n<meta name=\"twitter:label1\" content=\"Escrito por\" \/>\n\t<meta name=\"twitter:data1\" content=\"Eduardo Vargas\" \/>\n\t<meta name=\"twitter:label2\" content=\"Est. tempo de leitura\" \/>\n\t<meta name=\"twitter:data2\" content=\"2 minutos\" \/>\n<script type=\"application\/ld+json\" class=\"yoast-schema-graph\">{\"@context\":\"https:\/\/schema.org\",\"@graph\":[{\"@type\":\"NewsArticle\",\"@id\":\"https:\/\/www.suno.com.br\/noticias\/acoees-da-sabesp-sbsp3-alta-128-evm\/#article\",\"isPartOf\":{\"@id\":\"https:\/\/www.suno.com.br\/noticias\/acoees-da-sabesp-sbsp3-alta-128-evm\/\"},\"author\":{\"name\":\"Eduardo Vargas\",\"@id\":\"https:\/\/www.suno.com.br\/noticias\/#\/schema\/person\/7f4d362bf3518e76090143ae77bb49a5\"},\"headline\":\"A\u00e7\u00f5es da Sabesp (SBSP3) a R$ 128? Morgan Stanley acredita que sim\",\"datePublished\":\"2024-08-14T17:52:42+00:00\",\"dateModified\":\"2024-08-14T17:53:08+00:00\",\"mainEntityOfPage\":{\"@id\":\"https:\/\/www.suno.com.br\/noticias\/acoees-da-sabesp-sbsp3-alta-128-evm\/\"},\"wordCount\":389,\"publisher\":{\"@id\":\"https:\/\/www.suno.com.br\/noticias\/#organization\"},\"image\":{\"@id\":\"https:\/\/www.suno.com.br\/noticias\/acoees-da-sabesp-sbsp3-alta-128-evm\/#primaryimage\"},\"thumbnailUrl\":\"https:\/\/files.sunoresearch.com.br\/n\/uploads\/2023\/11\/sabesp-sbsp3-privatizacao-saneamento.jpg\",\"keywords\":[\"Especialistas\",\"Sabesp\",\"Sabesp (SBSP3)\"],\"articleSection\":[\"Neg\u00f3cios\"],\"inLanguage\":\"pt-BR\"},{\"@type\":\"WebPage\",\"@id\":\"https:\/\/www.suno.com.br\/noticias\/acoees-da-sabesp-sbsp3-alta-128-evm\/\",\"url\":\"https:\/\/www.suno.com.br\/noticias\/acoees-da-sabesp-sbsp3-alta-128-evm\/\",\"name\":\"A\u00e7\u00f5es da Sabesp (SBSP3) a R$ 128?\",\"isPartOf\":{\"@id\":\"https:\/\/www.suno.com.br\/noticias\/#website\"},\"primaryImageOfPage\":{\"@id\":\"https:\/\/www.suno.com.br\/noticias\/acoees-da-sabesp-sbsp3-alta-128-evm\/#primaryimage\"},\"image\":{\"@id\":\"https:\/\/www.suno.com.br\/noticias\/acoees-da-sabesp-sbsp3-alta-128-evm\/#primaryimage\"},\"thumbnailUrl\":\"https:\/\/files.sunoresearch.com.br\/n\/uploads\/2023\/11\/sabesp-sbsp3-privatizacao-saneamento.jpg\",\"datePublished\":\"2024-08-14T17:52:42+00:00\",\"dateModified\":\"2024-08-14T17:53:08+00:00\",\"description\":\"Al\u00e9m da privatiza\u00e7\u00e3o da Sabesp, o que contribuiu com a tese da casa foi o fato de a Equatorial figurar como acionista de refer\u00eancia\",\"breadcrumb\":{\"@id\":\"https:\/\/www.suno.com.br\/noticias\/acoees-da-sabesp-sbsp3-alta-128-evm\/#breadcrumb\"},\"inLanguage\":\"pt-BR\",\"potentialAction\":[{\"@type\":\"ReadAction\",\"target\":[\"https:\/\/www.suno.com.br\/noticias\/acoees-da-sabesp-sbsp3-alta-128-evm\/\"]}]},{\"@type\":\"ImageObject\",\"inLanguage\":\"pt-BR\",\"@id\":\"https:\/\/www.suno.com.br\/noticias\/acoees-da-sabesp-sbsp3-alta-128-evm\/#primaryimage\",\"url\":\"https:\/\/files.sunoresearch.com.br\/n\/uploads\/2023\/11\/sabesp-sbsp3-privatizacao-saneamento.jpg\",\"contentUrl\":\"https:\/\/files.sunoresearch.com.br\/n\/uploads\/2023\/11\/sabesp-sbsp3-privatizacao-saneamento.jpg\",\"width\":1200,\"height\":800,\"caption\":\"Sabesp (SBSP3). Foto: Reprodu\u00e7\u00e3o\/ Facebook\"},{\"@type\":\"BreadcrumbList\",\"@id\":\"https:\/\/www.suno.com.br\/noticias\/acoees-da-sabesp-sbsp3-alta-128-evm\/#breadcrumb\",\"itemListElement\":[{\"@type\":\"ListItem\",\"position\":1,\"name\":\"Not\u00edcias\",\"item\":\"https:\/\/www.suno.com.br\/noticias\/\"},{\"@type\":\"ListItem\",\"position\":2,\"name\":\"Neg\u00f3cios\",\"item\":\"https:\/\/www.suno.com.br\/noticias\/negocios\/\"},{\"@type\":\"ListItem\",\"position\":3,\"name\":\"A\u00e7\u00f5es da Sabesp (SBSP3) a R$ 128? Morgan Stanley acredita que sim\"}]},{\"@type\":\"WebSite\",\"@id\":\"https:\/\/www.suno.com.br\/noticias\/#website\",\"url\":\"https:\/\/www.suno.com.br\/noticias\/\",\"name\":\"Suno Not\u00edcias\",\"description\":\"Seu portal de informa\u00e7\u00e3o sobre o mundo dos investimentos\",\"publisher\":{\"@id\":\"https:\/\/www.suno.com.br\/noticias\/#organization\"},\"potentialAction\":[{\"@type\":\"SearchAction\",\"target\":{\"@type\":\"EntryPoint\",\"urlTemplate\":\"https:\/\/www.suno.com.br\/noticias\/?s={search_term_string}\"},\"query-input\":{\"@type\":\"PropertyValueSpecification\",\"valueRequired\":true,\"valueName\":\"search_term_string\"}}],\"inLanguage\":\"pt-BR\"},{\"@type\":\"Organization\",\"@id\":\"https:\/\/www.suno.com.br\/noticias\/#organization\",\"name\":\"Suno Not\u00edcias\",\"url\":\"https:\/\/www.suno.com.br\/noticias\/\",\"logo\":{\"@type\":\"ImageObject\",\"inLanguage\":\"pt-BR\",\"@id\":\"https:\/\/www.suno.com.br\/noticias\/#\/schema\/logo\/image\/\",\"url\":\"https:\/\/files.sunoresearch.com.br\/n\/uploads\/2021\/09\/suno-logo.png\",\"contentUrl\":\"https:\/\/files.sunoresearch.com.br\/n\/uploads\/2021\/09\/suno-logo.png\",\"width\":180,\"height\":180,\"caption\":\"Suno Not\u00edcias\"},\"image\":{\"@id\":\"https:\/\/www.suno.com.br\/noticias\/#\/schema\/logo\/image\/\"},\"sameAs\":[\"https:\/\/facebook.com\/sunoresearch\",\"https:\/\/x.com\/sunoresearch\",\"https:\/\/www.instagram.com\/suno\",\"https:\/\/www.linkedin.com\/company\/suno-research\/\",\"https:\/\/www.youtube.com\/c\/sunoresearch\"]},{\"@type\":\"Person\",\"@id\":\"https:\/\/www.suno.com.br\/noticias\/#\/schema\/person\/7f4d362bf3518e76090143ae77bb49a5\",\"name\":\"Eduardo Vargas\",\"image\":{\"@type\":\"ImageObject\",\"inLanguage\":\"pt-BR\",\"@id\":\"https:\/\/www.suno.com.br\/noticias\/#\/schema\/person\/image\/\",\"url\":\"https:\/\/secure.gravatar.com\/avatar\/dac340933427a22924c9f99d1eb2e3f2?s=96&r=g\",\"contentUrl\":\"https:\/\/secure.gravatar.com\/avatar\/dac340933427a22924c9f99d1eb2e3f2?s=96&r=g\",\"caption\":\"Eduardo Vargas\"},\"description\":\"Jornalista formado pela UFSC, cobre macroeconomia, neg\u00f3cios e startups para o Suno Not\u00edcias, escrevendo principalmente not\u00edcias sobre o mercado financeiro e a bolsa de valores. No YouTube e no Instagram, \u00e9 respons\u00e1vel pela produ\u00e7\u00e3o de Reels e Shorts do Suno Not\u00edcias. Anteriormente, trabalhou cobrindo economia e cotidiano no ND+ e para o ND, maior jornal impresso de Santa Catarina. Cursou um semestre letivo de Estudos de M\u00eddia na Universidad de Buenos Aires.\",\"url\":\"https:\/\/www.suno.com.br\/noticias\/author\/eduardo-vargas\/\"}]}<\/script>\n<!-- \/ Yoast SEO plugin. -->","yoast_head_json":{"title":"A\u00e7\u00f5es da Sabesp (SBSP3) a R$ 128?","description":"Al\u00e9m da privatiza\u00e7\u00e3o da Sabesp, o que contribuiu com a tese da casa foi o fato de a Equatorial figurar como acionista de refer\u00eancia","robots":{"index":"index","follow":"follow","max-snippet":"max-snippet:-1","max-image-preview":"max-image-preview:large","max-video-preview":"max-video-preview:-1"},"canonical":"https:\/\/www.suno.com.br\/noticias\/acoees-da-sabesp-sbsp3-alta-128-evm\/","og_locale":"pt_BR","og_type":"article","og_title":"A\u00e7\u00f5es da Sabesp (SBSP3) a R$ 128?","og_description":"Al\u00e9m da privatiza\u00e7\u00e3o da Sabesp, o que contribuiu com a tese da casa foi o fato de a Equatorial figurar como acionista de refer\u00eancia","og_url":"https:\/\/www.suno.com.br\/noticias\/acoees-da-sabesp-sbsp3-alta-128-evm\/","og_site_name":"Suno Not\u00edcias","article_publisher":"https:\/\/facebook.com\/sunoresearch","og_image":[{"width":1200,"height":800,"url":"https:\/\/files.sunoresearch.com.br\/n\/uploads\/2023\/11\/sabesp-sbsp3-privatizacao-saneamento.jpg","type":"image\/jpeg"}],"author":"Eduardo Vargas","twitter_card":"summary_large_image","twitter_creator":"@sunoresearch","twitter_site":"@sunoresearch","twitter_misc":{"Escrito por":"Eduardo Vargas","Est. tempo de leitura":"2 minutos"},"schema":{"@context":"https:\/\/schema.org","@graph":[{"@type":"NewsArticle","@id":"https:\/\/www.suno.com.br\/noticias\/acoees-da-sabesp-sbsp3-alta-128-evm\/#article","isPartOf":{"@id":"https:\/\/www.suno.com.br\/noticias\/acoees-da-sabesp-sbsp3-alta-128-evm\/"},"author":{"name":"Eduardo Vargas","@id":"https:\/\/www.suno.com.br\/noticias\/#\/schema\/person\/7f4d362bf3518e76090143ae77bb49a5"},"headline":"A\u00e7\u00f5es da Sabesp (SBSP3) a R$ 128? Morgan Stanley acredita que sim","datePublished":"2024-08-14T17:52:42+00:00","dateModified":"2024-08-14T17:53:08+00:00","mainEntityOfPage":{"@id":"https:\/\/www.suno.com.br\/noticias\/acoees-da-sabesp-sbsp3-alta-128-evm\/"},"wordCount":389,"publisher":{"@id":"https:\/\/www.suno.com.br\/noticias\/#organization"},"image":{"@id":"https:\/\/www.suno.com.br\/noticias\/acoees-da-sabesp-sbsp3-alta-128-evm\/#primaryimage"},"thumbnailUrl":"https:\/\/files.sunoresearch.com.br\/n\/uploads\/2023\/11\/sabesp-sbsp3-privatizacao-saneamento.jpg","keywords":["Especialistas","Sabesp","Sabesp (SBSP3)"],"articleSection":["Neg\u00f3cios"],"inLanguage":"pt-BR"},{"@type":"WebPage","@id":"https:\/\/www.suno.com.br\/noticias\/acoees-da-sabesp-sbsp3-alta-128-evm\/","url":"https:\/\/www.suno.com.br\/noticias\/acoees-da-sabesp-sbsp3-alta-128-evm\/","name":"A\u00e7\u00f5es da Sabesp (SBSP3) a R$ 128?","isPartOf":{"@id":"https:\/\/www.suno.com.br\/noticias\/#website"},"primaryImageOfPage":{"@id":"https:\/\/www.suno.com.br\/noticias\/acoees-da-sabesp-sbsp3-alta-128-evm\/#primaryimage"},"image":{"@id":"https:\/\/www.suno.com.br\/noticias\/acoees-da-sabesp-sbsp3-alta-128-evm\/#primaryimage"},"thumbnailUrl":"https:\/\/files.sunoresearch.com.br\/n\/uploads\/2023\/11\/sabesp-sbsp3-privatizacao-saneamento.jpg","datePublished":"2024-08-14T17:52:42+00:00","dateModified":"2024-08-14T17:53:08+00:00","description":"Al\u00e9m da privatiza\u00e7\u00e3o da Sabesp, o que contribuiu com a tese da casa foi o fato de a Equatorial figurar como acionista de refer\u00eancia","breadcrumb":{"@id":"https:\/\/www.suno.com.br\/noticias\/acoees-da-sabesp-sbsp3-alta-128-evm\/#breadcrumb"},"inLanguage":"pt-BR","potentialAction":[{"@type":"ReadAction","target":["https:\/\/www.suno.com.br\/noticias\/acoees-da-sabesp-sbsp3-alta-128-evm\/"]}]},{"@type":"ImageObject","inLanguage":"pt-BR","@id":"https:\/\/www.suno.com.br\/noticias\/acoees-da-sabesp-sbsp3-alta-128-evm\/#primaryimage","url":"https:\/\/files.sunoresearch.com.br\/n\/uploads\/2023\/11\/sabesp-sbsp3-privatizacao-saneamento.jpg","contentUrl":"https:\/\/files.sunoresearch.com.br\/n\/uploads\/2023\/11\/sabesp-sbsp3-privatizacao-saneamento.jpg","width":1200,"height":800,"caption":"Sabesp (SBSP3). Foto: Reprodu\u00e7\u00e3o\/ Facebook"},{"@type":"BreadcrumbList","@id":"https:\/\/www.suno.com.br\/noticias\/acoees-da-sabesp-sbsp3-alta-128-evm\/#breadcrumb","itemListElement":[{"@type":"ListItem","position":1,"name":"Not\u00edcias","item":"https:\/\/www.suno.com.br\/noticias\/"},{"@type":"ListItem","position":2,"name":"Neg\u00f3cios","item":"https:\/\/www.suno.com.br\/noticias\/negocios\/"},{"@type":"ListItem","position":3,"name":"A\u00e7\u00f5es da Sabesp (SBSP3) a R$ 128? Morgan Stanley acredita que sim"}]},{"@type":"WebSite","@id":"https:\/\/www.suno.com.br\/noticias\/#website","url":"https:\/\/www.suno.com.br\/noticias\/","name":"Suno Not\u00edcias","description":"Seu portal de informa\u00e7\u00e3o sobre o mundo dos investimentos","publisher":{"@id":"https:\/\/www.suno.com.br\/noticias\/#organization"},"potentialAction":[{"@type":"SearchAction","target":{"@type":"EntryPoint","urlTemplate":"https:\/\/www.suno.com.br\/noticias\/?s={search_term_string}"},"query-input":{"@type":"PropertyValueSpecification","valueRequired":true,"valueName":"search_term_string"}}],"inLanguage":"pt-BR"},{"@type":"Organization","@id":"https:\/\/www.suno.com.br\/noticias\/#organization","name":"Suno Not\u00edcias","url":"https:\/\/www.suno.com.br\/noticias\/","logo":{"@type":"ImageObject","inLanguage":"pt-BR","@id":"https:\/\/www.suno.com.br\/noticias\/#\/schema\/logo\/image\/","url":"https:\/\/files.sunoresearch.com.br\/n\/uploads\/2021\/09\/suno-logo.png","contentUrl":"https:\/\/files.sunoresearch.com.br\/n\/uploads\/2021\/09\/suno-logo.png","width":180,"height":180,"caption":"Suno Not\u00edcias"},"image":{"@id":"https:\/\/www.suno.com.br\/noticias\/#\/schema\/logo\/image\/"},"sameAs":["https:\/\/facebook.com\/sunoresearch","https:\/\/x.com\/sunoresearch","https:\/\/www.instagram.com\/suno","https:\/\/www.linkedin.com\/company\/suno-research\/","https:\/\/www.youtube.com\/c\/sunoresearch"]},{"@type":"Person","@id":"https:\/\/www.suno.com.br\/noticias\/#\/schema\/person\/7f4d362bf3518e76090143ae77bb49a5","name":"Eduardo Vargas","image":{"@type":"ImageObject","inLanguage":"pt-BR","@id":"https:\/\/www.suno.com.br\/noticias\/#\/schema\/person\/image\/","url":"https:\/\/secure.gravatar.com\/avatar\/dac340933427a22924c9f99d1eb2e3f2?s=96&r=g","contentUrl":"https:\/\/secure.gravatar.com\/avatar\/dac340933427a22924c9f99d1eb2e3f2?s=96&r=g","caption":"Eduardo Vargas"},"description":"Jornalista formado pela UFSC, cobre macroeconomia, neg\u00f3cios e startups para o Suno Not\u00edcias, escrevendo principalmente not\u00edcias sobre o mercado financeiro e a bolsa de valores. No YouTube e no Instagram, \u00e9 respons\u00e1vel pela produ\u00e7\u00e3o de Reels e Shorts do Suno Not\u00edcias. Anteriormente, trabalhou cobrindo economia e cotidiano no ND+ e para o ND, maior jornal impresso de Santa Catarina. Cursou um semestre letivo de Estudos de M\u00eddia na Universidad de Buenos Aires.","url":"https:\/\/www.suno.com.br\/noticias\/author\/eduardo-vargas\/"}]}},"default_loop_html":"<div class=\"cardsPage__listCard__boxs\"><div class=\"cardsPage__listCard__boxs__img\"><a href=\"https:\/\/www.suno.com.br\/noticias\/acoees-da-sabesp-sbsp3-alta-128-evm\/\"><img class=\"mask\" src=\"https:\/\/www.suno.com.br\/noticias\/wp-content\/themes\/suno\/resources\/images\/spotlight\/spotlight1img\/bg-mask.png\" alt=\"Image Mask\"\/><img src=\"https:\/\/files.sunoresearch.com.br\/n\/uploads\/2023\/11\/sabesp-sbsp3-privatizacao-saneamento-400x200.jpg\" alt=\"A\u00e7\u00f5es da Sabesp (SBSP3) a R$ 128? Morgan Stanley acredita que sim\"\/><\/a><span class=\"spotlightCategory\"><a href=\"https:\/\/www.suno.com.br\/noticias\/negocios\/\">Neg\u00f3cios<\/a><\/span><\/div><div class=\"cardsPage__listCard__boxs__content\"><a href=\"https:\/\/www.suno.com.br\/noticias\/acoees-da-sabesp-sbsp3-alta-128-evm\/\"><h2 class=\"content__title\">A\u00e7\u00f5es da Sabesp (SBSP3) a R$ 128? Morgan Stanley acredita que sim<\/h2><\/a><div class=\"newsContent__article__meta\"><div class=\"newsContent__article__meta__authorBox\"><a href=\"https:\/\/www.suno.com.br\/noticias\/author\/eduardo-vargas\/\" class=\"authorBox__avatar noMobi\"><img src=\"https:\/\/secure.gravatar.com\/avatar\/dac340933427a22924c9f99d1eb2e3f2?s=96&#038;r=g\" alt=\"Eduardo Vargas\"><\/a><div class=\"authorBox__name\"><span>por\n\t\t\t<a href=\"https:\/\/www.suno.com.br\/noticias\/author\/eduardo-vargas\/\"><span itemprop=\"author\">Eduardo Vargas<\/span><\/a><\/span><time datetime=\"2024-08-14T14:52:42-03:00\" itemprop=\"datePublished\">14\/08\/2024 14:52<\/time><\/div><\/div><\/div><\/div><\/div>","single_layout":"posts","amp_enabled":true,"_links":{"self":[{"href":"https:\/\/www.suno.com.br\/noticias\/wp-json\/wp\/v2\/posts\/570616"}],"collection":[{"href":"https:\/\/www.suno.com.br\/noticias\/wp-json\/wp\/v2\/posts"}],"about":[{"href":"https:\/\/www.suno.com.br\/noticias\/wp-json\/wp\/v2\/types\/post"}],"author":[{"embeddable":true,"href":"https:\/\/www.suno.com.br\/noticias\/wp-json\/wp\/v2\/users\/73"}],"replies":[{"embeddable":true,"href":"https:\/\/www.suno.com.br\/noticias\/wp-json\/wp\/v2\/comments?post=570616"}],"version-history":[{"count":3,"href":"https:\/\/www.suno.com.br\/noticias\/wp-json\/wp\/v2\/posts\/570616\/revisions"}],"predecessor-version":[{"id":570622,"href":"https:\/\/www.suno.com.br\/noticias\/wp-json\/wp\/v2\/posts\/570616\/revisions\/570622"}],"wp:featuredmedia":[{"embeddable":true,"href":"https:\/\/www.suno.com.br\/noticias\/wp-json\/wp\/v2\/media\/489221"}],"wp:attachment":[{"href":"https:\/\/www.suno.com.br\/noticias\/wp-json\/wp\/v2\/media?parent=570616"}],"wp:term":[{"taxonomy":"category","embeddable":true,"href":"https:\/\/www.suno.com.br\/noticias\/wp-json\/wp\/v2\/categories?post=570616"},{"taxonomy":"post_tag","embeddable":true,"href":"https:\/\/www.suno.com.br\/noticias\/wp-json\/wp\/v2\/tags?post=570616"},{"taxonomy":"suno_strategy","embeddable":true,"href":"https:\/\/www.suno.com.br\/noticias\/wp-json\/wp\/v2\/suno_strategy?post=570616"}],"curies":[{"name":"wp","href":"https:\/\/api.w.org\/{rel}","templated":true}]}}