{"id":570356,"date":"2024-08-13T12:03:08","date_gmt":"2024-08-13T15:03:08","guid":{"rendered":"https:\/\/www.suno.com.br\/noticias\/?p=570356"},"modified":"2024-08-13T12:03:14","modified_gmt":"2024-08-13T15:03:14","slug":"ipca-convergindo-meta-movimento-longo-campos-neto-evm","status":"publish","type":"post","link":"https:\/\/www.suno.com.br\/noticias\/ipca-convergindo-meta-movimento-longo-campos-neto-evm\/","title":{"rendered":"IPCA est\u00e1 convergindo para meta em &#8216;movimento longo&#8217;, diz Campos Neto"},"content":{"rendered":"<p>O presidente do Banco Central, <a class=\"suno-keyword\" data-force=\"no\" data-priority=\"2\" href=\"https:\/\/www.suno.com.br\/tudo-sobre\/roberto-campos-neto\/\" target=\"_blank\" rel=\"noopener\">Roberto Campos Neto<\/a>, declarou que \u00e9 poss\u00edvel ver a infla\u00e7\u00e3o, <a href=\"https:\/\/www.suno.com.br\/noticias\/ipca-empresas-inflacao-projecoes-firmus-bc-evm\/\">mensurada pelo <strong>IPCA<\/strong><\/a>, convergindo para a meta em um &#8216;movimento mais longo&#8217;.<\/p><div class=\"videoFull \">\n\t\t\t<div class=\"videoWrapper yt-lazyload center\"\n\t\t\t\tdata-width=\"960\"\n\t\t\t\tdata-height=\"540\"\n\t\t\t\tdata-id=\"mXCKH05YGgA\"\n\t\t\t\tdata-alt=\"V\u00eddeo do YouTube - clique para reproduzir\"\n\t\t\t\tdata-logo=\"3\"\n\t\t\t\tdata-imagequality=\"maxres\">\n\t\t\t<\/div>\n\t\t<\/div><script type=\"application\/ld+json\">{\"@context\":\"https:\/\/schema.org\",\"@type\":\"VideoObject\",\"name\":\"\ud83d\udd34IBOVESPA SOBE AOS 131 MIL PONTOS COM PETROBRAS (PETR4) | Nova alta da Selic | BHIA3 dispara\",\"description\":\"\ud83d\udd34TENHA UMA CARTEIRA PERSONALIZADA: https:\/\/lp.suno.com.br\/ao\/consultoria-de-investimentos\/?utm_source=suno-noticias&utm_medium=live&utm_campaign=seuconsultorresponde&utm_content=12082024 00:00 In\u00edcio do v\u00eddeo 01:50 Fechamento de preg\u00e3o 05:45 O que esperar dos dividendos extraordin\u00e1rios da Petrobras 08:35 Azul afunda com resultado pior do que o esperado 11:00 Alta da Selic est\u00e1 na mesa, diz Gal\u00edpolo 13:59 Empresas esperam IPCA maior 15:37 Indicadores do dia & agenda \ud83d\udd34\ud835\udc08\ud835\udc0d\ud835\udc12\ud835\udc02\ud835\udc11\ud835\udc04\ud835\udc15\ud835\udc00-\ud835\udc12\ud835\udc04 \ud835\udc0d\ud835\udc0e \ud835\udc02\ud835\udc00\ud835\udc0d\ud835\udc00\ud835\udc0b\u2026\",\"duration\":\"PT18M47S\",\"embedUrl\":\"https:\/\/www.youtube.com\/embed\/mXCKH05YGgA\",\"regionsAllowed\":\"en-US\",\"interactionStatistic\":{\"@type\":\"InteractionCounter\",\"interactionType\":{\"@type\":\"WatchAction\"},\"userInteractionCount\":3246},\"thumbnailUrl\":\"https:\/\/i.ytimg.com\/vi\/mXCKH05YGgA\/default.jpg\",\"uploadDate\":\"2024-08-12T22:31:21Z\"}<\/script>\n\n\n\n\n\t<p>\n\t\t<a href=\"\" target=\"_blank\" data-element=\"shortcode-suno-banner\" title=\"Banner SUNO, clique e saiba mais\">\n\t\t\t<picture>\n\t\t\t\t<source media=\"(max-width: 500px)\" srcset=\"\">\n\t\t\t\t<img class=\"newsContent__article__imgCapa newsContent__article__imgCapa--banner\"\n\t\t\t\t\tsrc=\"\"\n\t\t\t\t\tdata-promo-id=\"240038\"\t\t\t\t\t\t\t\t\t\t\t\t\t\t\talt=\"\"\n\t\t\t\t>\n\t\t\t<\/picture>\n\t\t<\/a>\n\t<\/p>\n\n\n\n\n\n\n\n<p>Segundo <strong><a href=\"https:\/\/www.suno.com.br\/noticias\/campos-neto-confia-compromisso-meta-inflacao-evm\/\">Campos Neto<\/a><\/strong>, esse movimento \u00e9 visto mesmo que a m\u00e9dia dos n\u00facleos do IPCA tenha &#8216;come\u00e7ado a apontar um pouco para cima&#8217;.<\/p>\n\n\n\n<p>&#8220;O <a href=\"https:\/\/www.suno.com.br\/noticias\/banco-central-tem-que-ficar-longe-de-arena-politica-diz-campos-neto\/\">Banco Central est\u00e1 atento a esse movimento<\/a>, \u00e9 importante entender o que est\u00e1 acontecendo, mas at\u00e9 agora a gente tem sido capaz de ter um crescimento maior do que o esperado, com n\u00fameros de m\u00e3o de obra muito bons, muito satisfat\u00f3rios, ainda sem uma press\u00e3o muito grande na parte de servi\u00e7os, mas a gente come\u00e7a a ver que tem uma press\u00e3o&#8221;, disse.<\/p>\n\n\n\n<p>Campos Neto participou de audi\u00eancia na Comiss\u00e3o de Finan\u00e7as e Tributa\u00e7\u00e3o da C\u00e2mara dos Deputados nesta ter\u00e7a-feira (13).<\/p>\n\n\n\n<p>O presidente do BC ainda observou que existe um debate sobre se a m\u00e3o de obra apertada gera <strong>infla\u00e7\u00e3o<\/strong> ou n\u00e3o e como afeta a parte de servi\u00e7o.<\/p>\n\n\n\n<h2 class=\"wp-block-heading\">BC precisa mirar sempre na meta<\/h2>\n\n\n\n<p>Durante a audi\u00eancia, Campos Neto tamb\u00e9m declarou que a autoridade monet\u00e1ria precisa &#8216;sempre estar atenta \u00e0 miss\u00e3o de cumprir a <strong>meta de infla\u00e7\u00e3o<\/strong>&#8216;.<\/p>\n\n\n\n<p>Em sua fala, ele observou que o Brasil passou a ter as mesmas regras de demais pa\u00edses &#8211; especialmente do G20 &#8211; ao adotar a meta cont\u00ednua de infla\u00e7\u00e3o.<\/p>\n\n\n\t<p>\n\t\t<a href=\"https:\/\/lp.suno.com.br\/ebook-gratuito-investindo-no-exterior\/\" target=\"_blank\" data-element=\"shortcode-suno-banner\" title=\"Banner SUNO, clique e saiba mais\">\n\t\t\t<picture>\n\t\t\t\t<source media=\"(max-width: 500px)\" srcset=\"https:\/\/files.sunoresearch.com.br\/n\/uploads\/2023\/03\/400x300-Investindo-no-exterior.png\">\n\t\t\t\t<img class=\"newsContent__article__imgCapa newsContent__article__imgCapa--banner\"\n\t\t\t\t\tsrc=\"https:\/\/files.sunoresearch.com.br\/n\/uploads\/2023\/03\/1420x240-Investindo-no-exterior.png\"\n\t\t\t\t\tdata-promo-id=\"383161\"\t\t\t\t\t\t\t\t\t\twidth='1420' height='240'\t\t\t\t\talt=\"https:\/\/files.sunoresearch.com.br\/n\/uploads\/2023\/03\/1420x240-Investindo-no-exterior.png\"\n\t\t\t\t>\n\t\t\t<\/picture>\n\t\t<\/a>\n\t<\/p>\n\n\n\n\n\n<p>&#8220;A gente tem uma meta, um centro da meta, um intervalo de toler\u00e2ncia, e \u00e9 importante que o Banco Central esteja sempre atento nessa miss\u00e3o de cumprimento (da meta)&#8221;, disse, durante a audi\u00eancia.<\/p>\n\n\n\n<p>Al\u00e9m disso o presidente do BC citou o impacto das expectativas de infla\u00e7\u00e3o.<\/p>\n\n\n\n<p>&#8220;\u00c9 importante voc\u00ea olhar o que as pessoas esperam de infla\u00e7\u00e3o na frente. Al\u00e9m disso, quando as pessoas t\u00eam uma expectativa de infla\u00e7\u00e3o alta na frente, ela se reverbera em aumentos, em antecipa\u00e7\u00e3o de aumento de infla\u00e7\u00e3o, que acaba afetando a infla\u00e7\u00e3o corrente&#8221;, disse.<\/p>\n\n\n\n<p>&#8220;O Banco Central avalia bastante esse processo de ancoragem. Quando a infla\u00e7\u00e3o est\u00e1 ancorada, a gente tem um custo de combater a infla\u00e7\u00e3o que \u00e9 muito menor, muito mais linear. Ele \u00e9 muito menor e muito mais eficiente&#8221;, concluiu.<\/p>\n\n\n\n<h2 class=\"wp-block-heading\">Mercado espera 4,2% de IPCA neste ano<\/h2>\n\n\n\n<p>Conforme a <a href=\"https:\/\/www.bcb.gov.br\/content\/focus\/focus\/R20240809.pdf\">edi\u00e7\u00e3o mais recente do Boletim Focus<\/a>, a expectativa do mercado financeiro para o <strong>IPCA<\/strong> deste ano \u00e9 de 4,20%, sendo a 4\u00aa semana consecutiva de eleva\u00e7\u00e3o das proje\u00e7\u00f5es. Para o ano de 2025 a proje\u00e7\u00e3o foi cortada para 3,97%.<\/p>\n\n\n\t<p>\n\t\t<a href=\"https:\/\/lp.suno.com.br\/planilha-da-vida-financeira\/\" target=\"_blank\" data-element=\"shortcode-suno-banner\" title=\"Banner SUNO, clique e saiba mais\">\n\t\t\t<picture>\n\t\t\t\t<source media=\"(max-width: 500px)\" srcset=\"https:\/\/files.sunoresearch.com.br\/n\/uploads\/2023\/04\/400x300-Planilha-vida-financeira-true.png\">\n\t\t\t\t<img class=\"newsContent__article__imgCapa newsContent__article__imgCapa--banner\"\n\t\t\t\t\tsrc=\"https:\/\/files.sunoresearch.com.br\/n\/uploads\/2023\/04\/1420x240-Planilha-vida-financeira-true.png\"\n\t\t\t\t\tdata-promo-id=\"383123\"\t\t\t\t\t\t\t\t\t\twidth='1420' height='240'\t\t\t\t\talt=\"https:\/\/files.sunoresearch.com.br\/n\/uploads\/2023\/04\/1420x240-Planilha-vida-financeira-true.png\"\n\t\t\t\t>\n\t\t\t<\/picture>\n\t\t<\/a>\n\t<\/p>\n\n\n","protected":false},"excerpt":{"rendered":"<p>O presidente do Banco Central, Roberto Campos Neto, declarou que \u00e9 poss\u00edvel ver a infla\u00e7\u00e3o, mensurada pelo IPCA, convergindo para a meta em um &#8216;movimento mais longo&#8217;. Segundo Campos Neto, esse movimento \u00e9 visto mesmo que a m\u00e9dia dos n\u00facleos do IPCA tenha &#8216;come\u00e7ado a apontar um pouco para cima&#8217;. &#8220;O Banco Central est\u00e1 atento [&hellip;]<\/p>\n","protected":false},"author":73,"featured_media":549774,"comment_status":"closed","ping_status":"closed","sticky":false,"template":"","format":"standard","meta":[],"categories":[62],"tags":[850,966,1113],"suno_strategy":[],"class_list":["post-570356","post","type-post","status-publish","format-standard","has-post-thumbnail","hentry","category-economia","tag-inflacao","tag-ipca","tag-roberto-campos-neto"],"yoast_head":"<!-- This site is optimized with the Yoast SEO plugin v24.4 - https:\/\/yoast.com\/wordpress\/plugins\/seo\/ -->\n<title>IPCA est\u00e1 convergindo para meta, diz Campos Neto<\/title>\n<meta name=\"description\" content=\"Segundo Campos Neto, esse movimento \u00e9 visto mesmo que a m\u00e9dia dos n\u00facleos do IPCA tenha &#039;come\u00e7ado a apontar um pouco para cima&#039;\" \/>\n<meta name=\"robots\" content=\"index, follow, max-snippet:-1, max-image-preview:large, max-video-preview:-1\" \/>\n<link rel=\"canonical\" href=\"https:\/\/www.suno.com.br\/noticias\/ipca-convergindo-meta-movimento-longo-campos-neto-evm\/\" \/>\n<meta property=\"og:locale\" content=\"pt_BR\" \/>\n<meta property=\"og:type\" content=\"article\" \/>\n<meta property=\"og:title\" content=\"IPCA est\u00e1 convergindo para meta, diz Campos Neto\" \/>\n<meta property=\"og:description\" content=\"Segundo Campos Neto, esse movimento \u00e9 visto mesmo que a m\u00e9dia dos n\u00facleos do IPCA tenha &#039;come\u00e7ado a apontar um pouco para cima&#039;\" \/>\n<meta property=\"og:url\" content=\"https:\/\/www.suno.com.br\/noticias\/ipca-convergindo-meta-movimento-longo-campos-neto-evm\/\" \/>\n<meta property=\"og:site_name\" content=\"Suno Not\u00edcias\" \/>\n<meta property=\"article:publisher\" content=\"https:\/\/facebook.com\/sunoresearch\" \/>\n<meta property=\"og:image\" content=\"https:\/\/files.sunoresearch.com.br\/n\/uploads\/2024\/05\/Copom-Campos-Neto-Selic-scaled.jpg\" \/>\n\t<meta property=\"og:image:width\" content=\"2560\" \/>\n\t<meta property=\"og:image:height\" content=\"1707\" \/>\n\t<meta property=\"og:image:type\" content=\"image\/jpeg\" \/>\n<meta name=\"author\" content=\"Eduardo Vargas\" \/>\n<meta name=\"twitter:card\" content=\"summary_large_image\" \/>\n<meta name=\"twitter:creator\" content=\"@sunoresearch\" \/>\n<meta name=\"twitter:site\" content=\"@sunoresearch\" \/>\n<meta name=\"twitter:label1\" content=\"Escrito por\" \/>\n\t<meta name=\"twitter:data1\" content=\"Eduardo Vargas\" \/>\n\t<meta name=\"twitter:label2\" content=\"Est. tempo de leitura\" \/>\n\t<meta name=\"twitter:data2\" content=\"3 minutos\" \/>\n<script type=\"application\/ld+json\" class=\"yoast-schema-graph\">{\"@context\":\"https:\/\/schema.org\",\"@graph\":[{\"@type\":\"NewsArticle\",\"@id\":\"https:\/\/www.suno.com.br\/noticias\/ipca-convergindo-meta-movimento-longo-campos-neto-evm\/#article\",\"isPartOf\":{\"@id\":\"https:\/\/www.suno.com.br\/noticias\/ipca-convergindo-meta-movimento-longo-campos-neto-evm\/\"},\"author\":{\"name\":\"Eduardo Vargas\",\"@id\":\"https:\/\/www.suno.com.br\/noticias\/#\/schema\/person\/7f4d362bf3518e76090143ae77bb49a5\"},\"headline\":\"IPCA est\u00e1 convergindo para meta em &#8216;movimento longo&#8217;, diz Campos Neto\",\"datePublished\":\"2024-08-13T15:03:08+00:00\",\"dateModified\":\"2024-08-13T15:03:14+00:00\",\"mainEntityOfPage\":{\"@id\":\"https:\/\/www.suno.com.br\/noticias\/ipca-convergindo-meta-movimento-longo-campos-neto-evm\/\"},\"wordCount\":447,\"publisher\":{\"@id\":\"https:\/\/www.suno.com.br\/noticias\/#organization\"},\"image\":{\"@id\":\"https:\/\/www.suno.com.br\/noticias\/ipca-convergindo-meta-movimento-longo-campos-neto-evm\/#primaryimage\"},\"thumbnailUrl\":\"https:\/\/files.sunoresearch.com.br\/n\/uploads\/2024\/05\/Copom-Campos-Neto-Selic-scaled.jpg\",\"keywords\":[\"infla\u00e7\u00e3o\",\"IPCA\",\"Roberto Campos Neto\"],\"articleSection\":[\"Economia\"],\"inLanguage\":\"pt-BR\"},{\"@type\":\"WebPage\",\"@id\":\"https:\/\/www.suno.com.br\/noticias\/ipca-convergindo-meta-movimento-longo-campos-neto-evm\/\",\"url\":\"https:\/\/www.suno.com.br\/noticias\/ipca-convergindo-meta-movimento-longo-campos-neto-evm\/\",\"name\":\"IPCA est\u00e1 convergindo para meta, diz Campos Neto\",\"isPartOf\":{\"@id\":\"https:\/\/www.suno.com.br\/noticias\/#website\"},\"primaryImageOfPage\":{\"@id\":\"https:\/\/www.suno.com.br\/noticias\/ipca-convergindo-meta-movimento-longo-campos-neto-evm\/#primaryimage\"},\"image\":{\"@id\":\"https:\/\/www.suno.com.br\/noticias\/ipca-convergindo-meta-movimento-longo-campos-neto-evm\/#primaryimage\"},\"thumbnailUrl\":\"https:\/\/files.sunoresearch.com.br\/n\/uploads\/2024\/05\/Copom-Campos-Neto-Selic-scaled.jpg\",\"datePublished\":\"2024-08-13T15:03:08+00:00\",\"dateModified\":\"2024-08-13T15:03:14+00:00\",\"description\":\"Segundo Campos Neto, esse movimento \u00e9 visto mesmo que a m\u00e9dia dos n\u00facleos do IPCA tenha 'come\u00e7ado a apontar um pouco para cima'\",\"breadcrumb\":{\"@id\":\"https:\/\/www.suno.com.br\/noticias\/ipca-convergindo-meta-movimento-longo-campos-neto-evm\/#breadcrumb\"},\"inLanguage\":\"pt-BR\",\"potentialAction\":[{\"@type\":\"ReadAction\",\"target\":[\"https:\/\/www.suno.com.br\/noticias\/ipca-convergindo-meta-movimento-longo-campos-neto-evm\/\"]}]},{\"@type\":\"ImageObject\",\"inLanguage\":\"pt-BR\",\"@id\":\"https:\/\/www.suno.com.br\/noticias\/ipca-convergindo-meta-movimento-longo-campos-neto-evm\/#primaryimage\",\"url\":\"https:\/\/files.sunoresearch.com.br\/n\/uploads\/2024\/05\/Copom-Campos-Neto-Selic-scaled.jpg\",\"contentUrl\":\"https:\/\/files.sunoresearch.com.br\/n\/uploads\/2024\/05\/Copom-Campos-Neto-Selic-scaled.jpg\",\"width\":2560,\"height\":1707,\"caption\":\"Taxas sobem ap\u00f3s fala de Campos Neto e avan\u00e7o no rendimento dos t\u00edtulos dos Estados Unidos. Foto: Fabio Rodrigues-Pozzebom\/Ag\u00eancia Brasil\"},{\"@type\":\"BreadcrumbList\",\"@id\":\"https:\/\/www.suno.com.br\/noticias\/ipca-convergindo-meta-movimento-longo-campos-neto-evm\/#breadcrumb\",\"itemListElement\":[{\"@type\":\"ListItem\",\"position\":1,\"name\":\"Not\u00edcias\",\"item\":\"https:\/\/www.suno.com.br\/noticias\/\"},{\"@type\":\"ListItem\",\"position\":2,\"name\":\"Economia\",\"item\":\"https:\/\/www.suno.com.br\/noticias\/economia\/\"},{\"@type\":\"ListItem\",\"position\":3,\"name\":\"IPCA est\u00e1 convergindo para meta em &#8216;movimento longo&#8217;, diz Campos Neto\"}]},{\"@type\":\"WebSite\",\"@id\":\"https:\/\/www.suno.com.br\/noticias\/#website\",\"url\":\"https:\/\/www.suno.com.br\/noticias\/\",\"name\":\"Suno Not\u00edcias\",\"description\":\"Seu portal de informa\u00e7\u00e3o sobre o mundo dos investimentos\",\"publisher\":{\"@id\":\"https:\/\/www.suno.com.br\/noticias\/#organization\"},\"potentialAction\":[{\"@type\":\"SearchAction\",\"target\":{\"@type\":\"EntryPoint\",\"urlTemplate\":\"https:\/\/www.suno.com.br\/noticias\/?s={search_term_string}\"},\"query-input\":{\"@type\":\"PropertyValueSpecification\",\"valueRequired\":true,\"valueName\":\"search_term_string\"}}],\"inLanguage\":\"pt-BR\"},{\"@type\":\"Organization\",\"@id\":\"https:\/\/www.suno.com.br\/noticias\/#organization\",\"name\":\"Suno Not\u00edcias\",\"url\":\"https:\/\/www.suno.com.br\/noticias\/\",\"logo\":{\"@type\":\"ImageObject\",\"inLanguage\":\"pt-BR\",\"@id\":\"https:\/\/www.suno.com.br\/noticias\/#\/schema\/logo\/image\/\",\"url\":\"https:\/\/files.sunoresearch.com.br\/n\/uploads\/2021\/09\/suno-logo.png\",\"contentUrl\":\"https:\/\/files.sunoresearch.com.br\/n\/uploads\/2021\/09\/suno-logo.png\",\"width\":180,\"height\":180,\"caption\":\"Suno Not\u00edcias\"},\"image\":{\"@id\":\"https:\/\/www.suno.com.br\/noticias\/#\/schema\/logo\/image\/\"},\"sameAs\":[\"https:\/\/facebook.com\/sunoresearch\",\"https:\/\/x.com\/sunoresearch\",\"https:\/\/www.instagram.com\/suno\",\"https:\/\/www.linkedin.com\/company\/suno-research\/\",\"https:\/\/www.youtube.com\/c\/sunoresearch\"]},{\"@type\":\"Person\",\"@id\":\"https:\/\/www.suno.com.br\/noticias\/#\/schema\/person\/7f4d362bf3518e76090143ae77bb49a5\",\"name\":\"Eduardo Vargas\",\"image\":{\"@type\":\"ImageObject\",\"inLanguage\":\"pt-BR\",\"@id\":\"https:\/\/www.suno.com.br\/noticias\/#\/schema\/person\/image\/\",\"url\":\"https:\/\/secure.gravatar.com\/avatar\/dac340933427a22924c9f99d1eb2e3f2?s=96&r=g\",\"contentUrl\":\"https:\/\/secure.gravatar.com\/avatar\/dac340933427a22924c9f99d1eb2e3f2?s=96&r=g\",\"caption\":\"Eduardo Vargas\"},\"description\":\"Jornalista formado pela UFSC, cobre macroeconomia, neg\u00f3cios e startups para o Suno Not\u00edcias, escrevendo principalmente not\u00edcias sobre o mercado financeiro e a bolsa de valores. No YouTube e no Instagram, \u00e9 respons\u00e1vel pela produ\u00e7\u00e3o de Reels e Shorts do Suno Not\u00edcias. Anteriormente, trabalhou cobrindo economia e cotidiano no ND+ e para o ND, maior jornal impresso de Santa Catarina. Cursou um semestre letivo de Estudos de M\u00eddia na Universidad de Buenos Aires.\",\"url\":\"https:\/\/www.suno.com.br\/noticias\/author\/eduardo-vargas\/\"}]}<\/script>\n<!-- \/ Yoast SEO plugin. -->","yoast_head_json":{"title":"IPCA est\u00e1 convergindo para meta, diz Campos Neto","description":"Segundo Campos Neto, esse movimento \u00e9 visto mesmo que a m\u00e9dia dos n\u00facleos do IPCA tenha 'come\u00e7ado a apontar um pouco para cima'","robots":{"index":"index","follow":"follow","max-snippet":"max-snippet:-1","max-image-preview":"max-image-preview:large","max-video-preview":"max-video-preview:-1"},"canonical":"https:\/\/www.suno.com.br\/noticias\/ipca-convergindo-meta-movimento-longo-campos-neto-evm\/","og_locale":"pt_BR","og_type":"article","og_title":"IPCA est\u00e1 convergindo para meta, diz Campos Neto","og_description":"Segundo Campos Neto, esse movimento \u00e9 visto mesmo que a m\u00e9dia dos n\u00facleos do IPCA tenha 'come\u00e7ado a apontar um pouco para cima'","og_url":"https:\/\/www.suno.com.br\/noticias\/ipca-convergindo-meta-movimento-longo-campos-neto-evm\/","og_site_name":"Suno Not\u00edcias","article_publisher":"https:\/\/facebook.com\/sunoresearch","og_image":[{"width":2560,"height":1707,"url":"https:\/\/files.sunoresearch.com.br\/n\/uploads\/2024\/05\/Copom-Campos-Neto-Selic-scaled.jpg","type":"image\/jpeg"}],"author":"Eduardo Vargas","twitter_card":"summary_large_image","twitter_creator":"@sunoresearch","twitter_site":"@sunoresearch","twitter_misc":{"Escrito por":"Eduardo Vargas","Est. tempo de leitura":"3 minutos"},"schema":{"@context":"https:\/\/schema.org","@graph":[{"@type":"NewsArticle","@id":"https:\/\/www.suno.com.br\/noticias\/ipca-convergindo-meta-movimento-longo-campos-neto-evm\/#article","isPartOf":{"@id":"https:\/\/www.suno.com.br\/noticias\/ipca-convergindo-meta-movimento-longo-campos-neto-evm\/"},"author":{"name":"Eduardo Vargas","@id":"https:\/\/www.suno.com.br\/noticias\/#\/schema\/person\/7f4d362bf3518e76090143ae77bb49a5"},"headline":"IPCA est\u00e1 convergindo para meta em &#8216;movimento longo&#8217;, diz Campos Neto","datePublished":"2024-08-13T15:03:08+00:00","dateModified":"2024-08-13T15:03:14+00:00","mainEntityOfPage":{"@id":"https:\/\/www.suno.com.br\/noticias\/ipca-convergindo-meta-movimento-longo-campos-neto-evm\/"},"wordCount":447,"publisher":{"@id":"https:\/\/www.suno.com.br\/noticias\/#organization"},"image":{"@id":"https:\/\/www.suno.com.br\/noticias\/ipca-convergindo-meta-movimento-longo-campos-neto-evm\/#primaryimage"},"thumbnailUrl":"https:\/\/files.sunoresearch.com.br\/n\/uploads\/2024\/05\/Copom-Campos-Neto-Selic-scaled.jpg","keywords":["infla\u00e7\u00e3o","IPCA","Roberto Campos Neto"],"articleSection":["Economia"],"inLanguage":"pt-BR"},{"@type":"WebPage","@id":"https:\/\/www.suno.com.br\/noticias\/ipca-convergindo-meta-movimento-longo-campos-neto-evm\/","url":"https:\/\/www.suno.com.br\/noticias\/ipca-convergindo-meta-movimento-longo-campos-neto-evm\/","name":"IPCA est\u00e1 convergindo para meta, diz Campos Neto","isPartOf":{"@id":"https:\/\/www.suno.com.br\/noticias\/#website"},"primaryImageOfPage":{"@id":"https:\/\/www.suno.com.br\/noticias\/ipca-convergindo-meta-movimento-longo-campos-neto-evm\/#primaryimage"},"image":{"@id":"https:\/\/www.suno.com.br\/noticias\/ipca-convergindo-meta-movimento-longo-campos-neto-evm\/#primaryimage"},"thumbnailUrl":"https:\/\/files.sunoresearch.com.br\/n\/uploads\/2024\/05\/Copom-Campos-Neto-Selic-scaled.jpg","datePublished":"2024-08-13T15:03:08+00:00","dateModified":"2024-08-13T15:03:14+00:00","description":"Segundo Campos Neto, esse movimento \u00e9 visto mesmo que a m\u00e9dia dos n\u00facleos do IPCA tenha 'come\u00e7ado a apontar um pouco para cima'","breadcrumb":{"@id":"https:\/\/www.suno.com.br\/noticias\/ipca-convergindo-meta-movimento-longo-campos-neto-evm\/#breadcrumb"},"inLanguage":"pt-BR","potentialAction":[{"@type":"ReadAction","target":["https:\/\/www.suno.com.br\/noticias\/ipca-convergindo-meta-movimento-longo-campos-neto-evm\/"]}]},{"@type":"ImageObject","inLanguage":"pt-BR","@id":"https:\/\/www.suno.com.br\/noticias\/ipca-convergindo-meta-movimento-longo-campos-neto-evm\/#primaryimage","url":"https:\/\/files.sunoresearch.com.br\/n\/uploads\/2024\/05\/Copom-Campos-Neto-Selic-scaled.jpg","contentUrl":"https:\/\/files.sunoresearch.com.br\/n\/uploads\/2024\/05\/Copom-Campos-Neto-Selic-scaled.jpg","width":2560,"height":1707,"caption":"Taxas sobem ap\u00f3s fala de Campos Neto e avan\u00e7o no rendimento dos t\u00edtulos dos Estados Unidos. Foto: Fabio Rodrigues-Pozzebom\/Ag\u00eancia Brasil"},{"@type":"BreadcrumbList","@id":"https:\/\/www.suno.com.br\/noticias\/ipca-convergindo-meta-movimento-longo-campos-neto-evm\/#breadcrumb","itemListElement":[{"@type":"ListItem","position":1,"name":"Not\u00edcias","item":"https:\/\/www.suno.com.br\/noticias\/"},{"@type":"ListItem","position":2,"name":"Economia","item":"https:\/\/www.suno.com.br\/noticias\/economia\/"},{"@type":"ListItem","position":3,"name":"IPCA est\u00e1 convergindo para meta em &#8216;movimento longo&#8217;, diz Campos Neto"}]},{"@type":"WebSite","@id":"https:\/\/www.suno.com.br\/noticias\/#website","url":"https:\/\/www.suno.com.br\/noticias\/","name":"Suno Not\u00edcias","description":"Seu portal de informa\u00e7\u00e3o sobre o mundo dos investimentos","publisher":{"@id":"https:\/\/www.suno.com.br\/noticias\/#organization"},"potentialAction":[{"@type":"SearchAction","target":{"@type":"EntryPoint","urlTemplate":"https:\/\/www.suno.com.br\/noticias\/?s={search_term_string}"},"query-input":{"@type":"PropertyValueSpecification","valueRequired":true,"valueName":"search_term_string"}}],"inLanguage":"pt-BR"},{"@type":"Organization","@id":"https:\/\/www.suno.com.br\/noticias\/#organization","name":"Suno Not\u00edcias","url":"https:\/\/www.suno.com.br\/noticias\/","logo":{"@type":"ImageObject","inLanguage":"pt-BR","@id":"https:\/\/www.suno.com.br\/noticias\/#\/schema\/logo\/image\/","url":"https:\/\/files.sunoresearch.com.br\/n\/uploads\/2021\/09\/suno-logo.png","contentUrl":"https:\/\/files.sunoresearch.com.br\/n\/uploads\/2021\/09\/suno-logo.png","width":180,"height":180,"caption":"Suno Not\u00edcias"},"image":{"@id":"https:\/\/www.suno.com.br\/noticias\/#\/schema\/logo\/image\/"},"sameAs":["https:\/\/facebook.com\/sunoresearch","https:\/\/x.com\/sunoresearch","https:\/\/www.instagram.com\/suno","https:\/\/www.linkedin.com\/company\/suno-research\/","https:\/\/www.youtube.com\/c\/sunoresearch"]},{"@type":"Person","@id":"https:\/\/www.suno.com.br\/noticias\/#\/schema\/person\/7f4d362bf3518e76090143ae77bb49a5","name":"Eduardo Vargas","image":{"@type":"ImageObject","inLanguage":"pt-BR","@id":"https:\/\/www.suno.com.br\/noticias\/#\/schema\/person\/image\/","url":"https:\/\/secure.gravatar.com\/avatar\/dac340933427a22924c9f99d1eb2e3f2?s=96&r=g","contentUrl":"https:\/\/secure.gravatar.com\/avatar\/dac340933427a22924c9f99d1eb2e3f2?s=96&r=g","caption":"Eduardo Vargas"},"description":"Jornalista formado pela UFSC, cobre macroeconomia, neg\u00f3cios e startups para o Suno Not\u00edcias, escrevendo principalmente not\u00edcias sobre o mercado financeiro e a bolsa de valores. No YouTube e no Instagram, \u00e9 respons\u00e1vel pela produ\u00e7\u00e3o de Reels e Shorts do Suno Not\u00edcias. Anteriormente, trabalhou cobrindo economia e cotidiano no ND+ e para o ND, maior jornal impresso de Santa Catarina. Cursou um semestre letivo de Estudos de M\u00eddia na Universidad de Buenos Aires.","url":"https:\/\/www.suno.com.br\/noticias\/author\/eduardo-vargas\/"}]}},"default_loop_html":"<div class=\"cardsPage__listCard__boxs\"><div class=\"cardsPage__listCard__boxs__img\"><a href=\"https:\/\/www.suno.com.br\/noticias\/ipca-convergindo-meta-movimento-longo-campos-neto-evm\/\"><img class=\"mask\" src=\"https:\/\/www.suno.com.br\/noticias\/wp-content\/themes\/suno\/resources\/images\/spotlight\/spotlight1img\/bg-mask.png\" alt=\"Image Mask\"\/><img src=\"https:\/\/files.sunoresearch.com.br\/n\/uploads\/2024\/05\/Copom-Campos-Neto-Selic-400x200.jpg\" alt=\"IPCA est\u00e1 convergindo para meta em &#8216;movimento longo&#8217;, diz Campos Neto\"\/><\/a><span class=\"spotlightCategory\"><a href=\"https:\/\/www.suno.com.br\/noticias\/economia\/\">Economia<\/a><\/span><\/div><div class=\"cardsPage__listCard__boxs__content\"><a href=\"https:\/\/www.suno.com.br\/noticias\/ipca-convergindo-meta-movimento-longo-campos-neto-evm\/\"><h2 class=\"content__title\">IPCA est\u00e1 convergindo para meta em &#8216;movimento longo&#8217;, diz Campos Neto<\/h2><\/a><div class=\"newsContent__article__meta\"><div class=\"newsContent__article__meta__authorBox\"><a href=\"https:\/\/www.suno.com.br\/noticias\/author\/eduardo-vargas\/\" class=\"authorBox__avatar noMobi\"><img src=\"https:\/\/secure.gravatar.com\/avatar\/dac340933427a22924c9f99d1eb2e3f2?s=96&#038;r=g\" alt=\"Eduardo Vargas\"><\/a><div class=\"authorBox__name\"><span>por\n\t\t\t<a href=\"https:\/\/www.suno.com.br\/noticias\/author\/eduardo-vargas\/\"><span itemprop=\"author\">Eduardo Vargas<\/span><\/a><\/span><time datetime=\"2024-08-13T12:03:08-03:00\" itemprop=\"datePublished\">13\/08\/2024 12:03<\/time><\/div><\/div><\/div><\/div><\/div>","single_layout":"posts","amp_enabled":true,"_links":{"self":[{"href":"https:\/\/www.suno.com.br\/noticias\/wp-json\/wp\/v2\/posts\/570356"}],"collection":[{"href":"https:\/\/www.suno.com.br\/noticias\/wp-json\/wp\/v2\/posts"}],"about":[{"href":"https:\/\/www.suno.com.br\/noticias\/wp-json\/wp\/v2\/types\/post"}],"author":[{"embeddable":true,"href":"https:\/\/www.suno.com.br\/noticias\/wp-json\/wp\/v2\/users\/73"}],"replies":[{"embeddable":true,"href":"https:\/\/www.suno.com.br\/noticias\/wp-json\/wp\/v2\/comments?post=570356"}],"version-history":[{"count":3,"href":"https:\/\/www.suno.com.br\/noticias\/wp-json\/wp\/v2\/posts\/570356\/revisions"}],"predecessor-version":[{"id":570363,"href":"https:\/\/www.suno.com.br\/noticias\/wp-json\/wp\/v2\/posts\/570356\/revisions\/570363"}],"wp:featuredmedia":[{"embeddable":true,"href":"https:\/\/www.suno.com.br\/noticias\/wp-json\/wp\/v2\/media\/549774"}],"wp:attachment":[{"href":"https:\/\/www.suno.com.br\/noticias\/wp-json\/wp\/v2\/media?parent=570356"}],"wp:term":[{"taxonomy":"category","embeddable":true,"href":"https:\/\/www.suno.com.br\/noticias\/wp-json\/wp\/v2\/categories?post=570356"},{"taxonomy":"post_tag","embeddable":true,"href":"https:\/\/www.suno.com.br\/noticias\/wp-json\/wp\/v2\/tags?post=570356"},{"taxonomy":"suno_strategy","embeddable":true,"href":"https:\/\/www.suno.com.br\/noticias\/wp-json\/wp\/v2\/suno_strategy?post=570356"}],"curies":[{"name":"wp","href":"https:\/\/api.w.org\/{rel}","templated":true}]}}