{"id":57028,"date":"2020-03-17T09:06:20","date_gmt":"2020-03-17T12:06:20","guid":{"rendered":"https:\/\/www.suno.com.br\/noticias\/?p=57028"},"modified":"2021-06-14T00:22:01","modified_gmt":"2021-06-14T03:22:01","slug":"agenda-do-dia-marfrig-gol-hering-eletrobras-17032020","status":"publish","type":"post","link":"https:\/\/www.suno.com.br\/noticias\/agenda-do-dia-marfrig-gol-hering-eletrobras-17032020\/","title":{"rendered":"Agenda do Dia: Marfrig; Gol; Hering; Oi; Eletrobras"},"content":{"rendered":"<p>Os assuntos da <strong>Agenda<\/strong> <strong>do<\/strong> <strong>Dia<\/strong> desta ter\u00e7a-feira (17) prometem mexer com o mercado interno e o externo.<\/p>\t<div class=\"wrapper-featured-image\">\n\t\t<figure class=\"spotlightImg\">\n\n\t\t\t<picture>\n\t\t\t\t<source media=\"(max-width: 768px)\" srcset=\"https:\/\/files.sunoresearch.com.br\/n\/uploads\/2019\/12\/a5ac8a1b-marfrig-400x200.webp\">\n\t\t\t\t<img loading=\"lazy\" decoding=\"async\" class=\"newsContent__article__imgCapa lazyloadDisabled newsContent__article__imgCapa--noCaption\" src=\"https:\/\/files.sunoresearch.com.br\/n\/uploads\/2019\/12\/a5ac8a1b-marfrig-800x450.webp\" width=\"800\" height=\"450\" alt=\"Agenda do Dia: Marfrig; Gol; Hering; Oi; Eletrobras\" fetchpriority=high \/>\n\t\t\t<\/picture>\n\n\t\t\t<figcaption class=\"wp-caption-text wp-caption-text--hide\">Marfrig (MRFG3): nos neg\u00f3cios do controlador, ESG em alta<\/figcaption>\n\t\t<\/figure>\n\t<\/div>\n\n\n\n<p>A <b>Marfrig<\/b> comunicou que realizou mudan\u00e7as em seu quadro diretivo. A\u00a0<strong>Gol<\/strong> informou ao mercado novas a\u00e7\u00f5es da empresa em resposta ao impacto do coronav\u00edrus em suas opera\u00e7\u00f5es.<\/p>\n<p>Al\u00e9m disso, a Agenda do Dia conta tamb\u00e9m com a not\u00edcia sobre a <strong>Hering<\/strong><b>, <\/b>que anunciou o fim do seu programa de recompra de a\u00e7\u00f5es.<\/p>\n<p>Confira os principais pontos da Agenda do Dia:<\/p>\n<h2>Marfrig<\/h2>\n<p>A <strong>Marfrig Global Foods <a href=\"https:\/\/www.suno.com.br\/acoes\/mrfg3\/\">(MRFG3)<\/a><\/strong> comunicou na \u00faltima segunda-feira (16) que Miguel de Souza Gularte foi nomeado como diretor presidente da companhia. Gularte \u00e9 CEO da opera\u00e7\u00e3o da empresa na Am\u00e9rica do Sul desde 2018. O novo diretor presidente substituir\u00e1 Jos\u00e9 Eduardo de Oliveira Miron.<\/p>\n<p>Gularte tem 61 anos, \u00e9 m\u00e9dico veterin\u00e1rio, possui cerca de 40 anos de experi\u00eancia de trabalho com carne bovina e est\u00e1 na empresa h\u00e1 dois anos.<\/p>\n<p><a href=\"https:\/\/www.suno.com.br\/nossas-assinaturas\/suno-premium\/\">Bolsa em queda livre!? Aproveita as maiores oportunidades da bolsa brasileira com nosso acesso Suno Premium.<\/a><\/p>\n<p>A companhia tamb\u00e9m comunicou que est\u00e1 realizando mudan\u00e7as em sua diretoria estatu\u00e1ria. O atual vice-presidente de gest\u00e3o e planejamento, F\u00e1bio Taiate Cunha Vasconcellos, se desligou da empresa e o diretor estatu\u00e1rio Tang David assumiu a vice-presid\u00eancia de Finan\u00e7as e de Rela\u00e7\u00f5es com Investidores.<\/p>\n<p>Vale destacar que a Marfrig \u00e9 a empresa brasileira do setor de frigor\u00edficos com a melhor estrutura de capital e menor alvancagem do setor.<\/p>\n<h2>Gol<\/h2>\n<p>A <a href=\"https:\/\/www.suno.com.br\/acoes\/goll4\/\"><strong>Gol (GOLL4)<\/strong> <\/a>fez um comunicado a cerca do impacto do coronav\u00edrus em seus neg\u00f3cios. A companhia ir\u00e1 readequar sua malha a\u00e9rea por causa da pandemia do coronav\u00edrus. De acordo com a Gol, nenhum voo dom\u00e9stico ser\u00e1 cancelado, por\u00e9m a a\u00e9rea ir\u00e1 diminuir sua capacidade total entre 60% e 70% at\u00e9 meados de junho. Nas rotas internas, a redu\u00e7\u00e3o ficar\u00e1 em uma fatia de 50% e 60%.<\/p>\n<p>&#8220;A Gol est\u00e1 monitorando ativamente as buscas por passagens e tend\u00eancias de vendas, bem como a din\u00e2mica do setor de empresas a\u00e9reas em geral. Em fevereiro, a Companhia observou um efeito muito pequeno com o avan\u00e7o do Covid-19, e n\u00e3o foi preciso ajustar o seu n\u00edvel de servi\u00e7o aos Clientes. No entanto, nesses \u00faltimos dias, houve um decl\u00ednio mais significativo na demanda em todo o mercado de viagens a\u00e9reas no Brasil&#8221;, informou a empresa em nota.<\/p>\n<div>\u201cAjustar nossos voos para refletir a mudan\u00e7a na demanda dos Clientes \u00e9 sensato, prudente e consistente com nosso posicionamento de l\u00edder de mercado\u201d, afirma Eduardo Bernardes, vice-presidente de Vendas e Marketing da Gol.<\/div>\n<h2>Cia Hering<\/h2>\n<div>A <a href=\"https:\/\/www.suno.com.br\/acoes\/hgtx3\/\"><strong>Cia. Hering (HGTX3)<\/strong><\/a> comunicou na \u00faltima segunda-feira (16) que seu Conselho de Administra\u00e7\u00e3o, em reuni\u00e3o realizada em 16 de mar\u00e7o de 2020, aprovou por unanimidade o encerramento do <a href=\"https:\/\/www.suno.com.br\/artigos\/recompra-de-acoes-o-que-e-e-como-funciona\/\">Programa de Recompra de A\u00e7\u00f5es<\/a> da pr\u00f3pria empresa, aprovado pelo Conselho de Administra\u00e7\u00e3o, em reuni\u00e3o realizada em 05 de fevereiro de 2020. O programa previa a recompra de 1.490.000 a\u00e7\u00f5es ordin\u00e1rias e foi integralmente conclu\u00eddo.<\/div>\n<h2>Oi<\/h2>\n<p>Em comunicado ao mercado, realizado na \u00faltima segunda-feira (16), a <strong>Oi<\/strong> <a href=\"https:\/\/www.suno.com.br\/acoes\/oibr3\/\">(OIBR3)<\/a> apresentou sua gera\u00e7\u00e3o de caixa referente ao m\u00eas de janeiro. A empresa teve uma gera\u00e7\u00e3o negativa de R$ 413 milh\u00f5es de caixa operacional l\u00edquido.<\/p>\n<p>Em rela\u00e7\u00e3o ao m\u00eas anterior, houve uma alta de R$ 82 milh\u00f5es, j\u00e1 que em dezembro foram registrado R$ 331 milh\u00f5es negativos na gera\u00e7\u00e3o de <a href=\"https:\/\/www.suno.com.br\/artigos\/geracao-de-caixa\/\">caixa operacional l\u00edquida.<\/a><\/p>\n<h2>Eletrobras<\/h2>\n<div>A <strong>Eletrobras<\/strong> informou ao mercado, por meio de um fato relevante, que transferiu o controle acion\u00e1rio da Amazonas Gera\u00e7\u00e3o e Transmiss\u00e3o de Energia (AmGT) para a Centrais El\u00e9tricas do Norte do Brasil (Eletronorte). De acordo com a Eletrobras, foram transferidas para a Eletronorte 497,9 milh\u00f5es de a\u00e7\u00f5es ordin\u00e1rias, no valor de R$ 3,1 bilh\u00f5es, a ser ajustado.<\/div>\n<p>A <strong>Agenda<\/strong> <strong>do<\/strong> <strong>Dia<\/strong> da <a href=\"https:\/\/www.youtube.com\/channel\/UCWDeEIDAIi_oYKDiqwfGyRg\">Suno<\/a> mostra os principais acontecimentos que prometem movimentar o mercado durante o dia.<\/p>\n\n","protected":false},"excerpt":{"rendered":"<p>Os assuntos da Agenda do Dia desta ter\u00e7a-feira (17) prometem mexer com o mercado interno e o externo. Marfrig (MRFG3): nos neg\u00f3cios do controlador, ESG em alta A Marfrig comunicou que realizou mudan\u00e7as em seu quadro diretivo. A\u00a0Gol informou ao mercado novas a\u00e7\u00f5es da empresa em resposta ao impacto do coronav\u00edrus em suas opera\u00e7\u00f5es. Al\u00e9m [&hellip;]<\/p>\n","protected":false},"author":19,"featured_media":46987,"comment_status":"closed","ping_status":"closed","sticky":false,"template":"","format":"standard","meta":[],"categories":[64],"tags":[1980,2030,455,489,552,584],"suno_strategy":[],"class_list":["post-57028","post","type-post","status-publish","format-standard","has-post-thumbnail","hentry","category-negocios","tag-agenda-do-dia","tag-cia-hering-hgtx3","tag-eletrobras-elet3-elet5-elet6","tag-gol-linhas-aereas-goll11-goll4","tag-marfrig-mrfg3","tag-oi-oibr3-oibr4"],"yoast_head":"<!-- This site is optimized with the Yoast SEO plugin v24.4 - https:\/\/yoast.com\/wordpress\/plugins\/seo\/ -->\n<title>Agenda do Dia: Marfrig; Gol; Hering; Oi; Eletrobras<\/title>\n<meta name=\"description\" content=\"Agenda do Dia: mudan\u00e7as na diretoria da Marfrig; novas medidas da Gol em rela\u00e7\u00e3o ao coronav\u00edrus; Hering; Oi; Eletrobras. Clique e saiba mais.\" \/>\n<meta name=\"robots\" content=\"index, follow, max-snippet:-1, max-image-preview:large, max-video-preview:-1\" \/>\n<link rel=\"canonical\" href=\"https:\/\/www.suno.com.br\/noticias\/agenda-do-dia-marfrig-gol-hering-eletrobras-17032020\/\" \/>\n<meta property=\"og:locale\" content=\"pt_BR\" \/>\n<meta property=\"og:type\" content=\"article\" \/>\n<meta property=\"og:title\" content=\"Agenda do Dia: Marfrig; Gol; Hering; Oi; Eletrobras\" \/>\n<meta property=\"og:description\" content=\"Agenda do Dia: mudan\u00e7as na diretoria da Marfrig; novas medidas da Gol em rela\u00e7\u00e3o ao coronav\u00edrus; Hering; Oi; Eletrobras. Clique e saiba mais.\" \/>\n<meta property=\"og:url\" content=\"https:\/\/www.suno.com.br\/noticias\/agenda-do-dia-marfrig-gol-hering-eletrobras-17032020\/\" \/>\n<meta property=\"og:site_name\" content=\"Suno Not\u00edcias\" \/>\n<meta property=\"article:publisher\" content=\"https:\/\/facebook.com\/sunoresearch\" \/>\n<meta property=\"og:image\" content=\"https:\/\/files.sunoresearch.com.br\/n\/uploads\/2019\/12\/a5ac8a1b-marfrig.jpg\" \/>\n\t<meta property=\"og:image:width\" content=\"848\" \/>\n\t<meta property=\"og:image:height\" content=\"477\" \/>\n\t<meta property=\"og:image:type\" content=\"image\/jpeg\" \/>\n<meta name=\"author\" content=\"Juliano Passaro\" \/>\n<meta name=\"twitter:card\" content=\"summary_large_image\" \/>\n<meta name=\"twitter:creator\" content=\"@sunoresearch\" \/>\n<meta name=\"twitter:site\" content=\"@sunoresearch\" \/>\n<meta name=\"twitter:label1\" content=\"Escrito por\" \/>\n\t<meta name=\"twitter:data1\" content=\"Juliano Passaro\" \/>\n\t<meta name=\"twitter:label2\" content=\"Est. tempo de leitura\" \/>\n\t<meta name=\"twitter:data2\" content=\"3 minutos\" \/>\n<script type=\"application\/ld+json\" class=\"yoast-schema-graph\">{\"@context\":\"https:\/\/schema.org\",\"@graph\":[{\"@type\":\"NewsArticle\",\"@id\":\"https:\/\/www.suno.com.br\/noticias\/agenda-do-dia-marfrig-gol-hering-eletrobras-17032020\/#article\",\"isPartOf\":{\"@id\":\"https:\/\/www.suno.com.br\/noticias\/agenda-do-dia-marfrig-gol-hering-eletrobras-17032020\/\"},\"author\":{\"name\":\"Juliano Passaro\",\"@id\":\"https:\/\/www.suno.com.br\/noticias\/#\/schema\/person\/1db762f78ffd8919a648a63e425953e3\"},\"headline\":\"Agenda do Dia: Marfrig; Gol; Hering; Oi; Eletrobras\",\"datePublished\":\"2020-03-17T12:06:20+00:00\",\"dateModified\":\"2021-06-14T03:22:01+00:00\",\"mainEntityOfPage\":{\"@id\":\"https:\/\/www.suno.com.br\/noticias\/agenda-do-dia-marfrig-gol-hering-eletrobras-17032020\/\"},\"wordCount\":681,\"publisher\":{\"@id\":\"https:\/\/www.suno.com.br\/noticias\/#organization\"},\"image\":{\"@id\":\"https:\/\/www.suno.com.br\/noticias\/agenda-do-dia-marfrig-gol-hering-eletrobras-17032020\/#primaryimage\"},\"thumbnailUrl\":\"https:\/\/files.sunoresearch.com.br\/n\/uploads\/2019\/12\/a5ac8a1b-marfrig-jpg.webp\",\"keywords\":[\"agenda do dia\",\"Cia Hering (HGTX3)\",\"Eletrobras (ELET3\/ELET5\/ELET6)\",\"Gol Linhas A\u00e9reas (GOLL11\/GOLL4)\",\"Marfrig (MRFG3)\",\"Oi (OIBR3\/OIBR4)\"],\"articleSection\":[\"Neg\u00f3cios\"],\"inLanguage\":\"pt-BR\"},{\"@type\":\"WebPage\",\"@id\":\"https:\/\/www.suno.com.br\/noticias\/agenda-do-dia-marfrig-gol-hering-eletrobras-17032020\/\",\"url\":\"https:\/\/www.suno.com.br\/noticias\/agenda-do-dia-marfrig-gol-hering-eletrobras-17032020\/\",\"name\":\"Agenda do Dia: Marfrig; Gol; Hering; Oi; Eletrobras\",\"isPartOf\":{\"@id\":\"https:\/\/www.suno.com.br\/noticias\/#website\"},\"primaryImageOfPage\":{\"@id\":\"https:\/\/www.suno.com.br\/noticias\/agenda-do-dia-marfrig-gol-hering-eletrobras-17032020\/#primaryimage\"},\"image\":{\"@id\":\"https:\/\/www.suno.com.br\/noticias\/agenda-do-dia-marfrig-gol-hering-eletrobras-17032020\/#primaryimage\"},\"thumbnailUrl\":\"https:\/\/files.sunoresearch.com.br\/n\/uploads\/2019\/12\/a5ac8a1b-marfrig-jpg.webp\",\"datePublished\":\"2020-03-17T12:06:20+00:00\",\"dateModified\":\"2021-06-14T03:22:01+00:00\",\"description\":\"Agenda do Dia: mudan\u00e7as na diretoria da Marfrig; novas medidas da Gol em rela\u00e7\u00e3o ao coronav\u00edrus; Hering; Oi; Eletrobras. Clique e saiba mais.\",\"breadcrumb\":{\"@id\":\"https:\/\/www.suno.com.br\/noticias\/agenda-do-dia-marfrig-gol-hering-eletrobras-17032020\/#breadcrumb\"},\"inLanguage\":\"pt-BR\",\"potentialAction\":[{\"@type\":\"ReadAction\",\"target\":[\"https:\/\/www.suno.com.br\/noticias\/agenda-do-dia-marfrig-gol-hering-eletrobras-17032020\/\"]}]},{\"@type\":\"ImageObject\",\"inLanguage\":\"pt-BR\",\"@id\":\"https:\/\/www.suno.com.br\/noticias\/agenda-do-dia-marfrig-gol-hering-eletrobras-17032020\/#primaryimage\",\"url\":\"https:\/\/files.sunoresearch.com.br\/n\/uploads\/2019\/12\/a5ac8a1b-marfrig-jpg.webp\",\"contentUrl\":\"https:\/\/files.sunoresearch.com.br\/n\/uploads\/2019\/12\/a5ac8a1b-marfrig-jpg.webp\",\"width\":848,\"height\":477,\"caption\":\"Marfrig (MRFG3): nos neg\u00f3cios do controlador, ESG em alta\"},{\"@type\":\"BreadcrumbList\",\"@id\":\"https:\/\/www.suno.com.br\/noticias\/agenda-do-dia-marfrig-gol-hering-eletrobras-17032020\/#breadcrumb\",\"itemListElement\":[{\"@type\":\"ListItem\",\"position\":1,\"name\":\"Not\u00edcias\",\"item\":\"https:\/\/www.suno.com.br\/noticias\/\"},{\"@type\":\"ListItem\",\"position\":2,\"name\":\"Neg\u00f3cios\",\"item\":\"https:\/\/www.suno.com.br\/noticias\/negocios\/\"},{\"@type\":\"ListItem\",\"position\":3,\"name\":\"Agenda do Dia: Marfrig; Gol; Hering; Oi; Eletrobras\"}]},{\"@type\":\"WebSite\",\"@id\":\"https:\/\/www.suno.com.br\/noticias\/#website\",\"url\":\"https:\/\/www.suno.com.br\/noticias\/\",\"name\":\"Suno Not\u00edcias\",\"description\":\"Seu portal de informa\u00e7\u00e3o sobre o mundo dos investimentos\",\"publisher\":{\"@id\":\"https:\/\/www.suno.com.br\/noticias\/#organization\"},\"potentialAction\":[{\"@type\":\"SearchAction\",\"target\":{\"@type\":\"EntryPoint\",\"urlTemplate\":\"https:\/\/www.suno.com.br\/noticias\/?s={search_term_string}\"},\"query-input\":{\"@type\":\"PropertyValueSpecification\",\"valueRequired\":true,\"valueName\":\"search_term_string\"}}],\"inLanguage\":\"pt-BR\"},{\"@type\":\"Organization\",\"@id\":\"https:\/\/www.suno.com.br\/noticias\/#organization\",\"name\":\"Suno Not\u00edcias\",\"url\":\"https:\/\/www.suno.com.br\/noticias\/\",\"logo\":{\"@type\":\"ImageObject\",\"inLanguage\":\"pt-BR\",\"@id\":\"https:\/\/www.suno.com.br\/noticias\/#\/schema\/logo\/image\/\",\"url\":\"https:\/\/files.sunoresearch.com.br\/n\/uploads\/2021\/09\/suno-logo.png\",\"contentUrl\":\"https:\/\/files.sunoresearch.com.br\/n\/uploads\/2021\/09\/suno-logo.png\",\"width\":180,\"height\":180,\"caption\":\"Suno Not\u00edcias\"},\"image\":{\"@id\":\"https:\/\/www.suno.com.br\/noticias\/#\/schema\/logo\/image\/\"},\"sameAs\":[\"https:\/\/facebook.com\/sunoresearch\",\"https:\/\/x.com\/sunoresearch\",\"https:\/\/www.instagram.com\/suno\",\"https:\/\/www.linkedin.com\/company\/suno-research\/\",\"https:\/\/www.youtube.com\/c\/sunoresearch\"]},{\"@type\":\"Person\",\"@id\":\"https:\/\/www.suno.com.br\/noticias\/#\/schema\/person\/1db762f78ffd8919a648a63e425953e3\",\"name\":\"Juliano Passaro\",\"image\":{\"@type\":\"ImageObject\",\"inLanguage\":\"pt-BR\",\"@id\":\"https:\/\/www.suno.com.br\/noticias\/#\/schema\/person\/image\/\",\"url\":\"https:\/\/secure.gravatar.com\/avatar\/743d4df28eebf6dcc46b4ad03c319e92?s=96&r=g\",\"contentUrl\":\"https:\/\/secure.gravatar.com\/avatar\/743d4df28eebf6dcc46b4ad03c319e92?s=96&r=g\",\"caption\":\"Juliano Passaro\"},\"description\":\"Juliano Passaro escreve sobre pol\u00edtica, economia e neg\u00f3cios para o portal da Suno Research. Antes da Suno, trabalhou no Portal da Band. \u00c9 formado em jornalismo pela Universidade Presbiteriana Mackenzie.\",\"url\":\"https:\/\/www.suno.com.br\/noticias\/author\/juliano\/\"}]}<\/script>\n<!-- \/ Yoast SEO plugin. -->","yoast_head_json":{"title":"Agenda do Dia: Marfrig; Gol; Hering; Oi; Eletrobras","description":"Agenda do Dia: mudan\u00e7as na diretoria da Marfrig; novas medidas da Gol em rela\u00e7\u00e3o ao coronav\u00edrus; Hering; Oi; Eletrobras. Clique e saiba mais.","robots":{"index":"index","follow":"follow","max-snippet":"max-snippet:-1","max-image-preview":"max-image-preview:large","max-video-preview":"max-video-preview:-1"},"canonical":"https:\/\/www.suno.com.br\/noticias\/agenda-do-dia-marfrig-gol-hering-eletrobras-17032020\/","og_locale":"pt_BR","og_type":"article","og_title":"Agenda do Dia: Marfrig; Gol; Hering; Oi; Eletrobras","og_description":"Agenda do Dia: mudan\u00e7as na diretoria da Marfrig; novas medidas da Gol em rela\u00e7\u00e3o ao coronav\u00edrus; Hering; Oi; Eletrobras. Clique e saiba mais.","og_url":"https:\/\/www.suno.com.br\/noticias\/agenda-do-dia-marfrig-gol-hering-eletrobras-17032020\/","og_site_name":"Suno Not\u00edcias","article_publisher":"https:\/\/facebook.com\/sunoresearch","og_image":[{"width":848,"height":477,"url":"https:\/\/files.sunoresearch.com.br\/n\/uploads\/2019\/12\/a5ac8a1b-marfrig.jpg","type":"image\/jpeg"}],"author":"Juliano Passaro","twitter_card":"summary_large_image","twitter_creator":"@sunoresearch","twitter_site":"@sunoresearch","twitter_misc":{"Escrito por":"Juliano Passaro","Est. tempo de leitura":"3 minutos"},"schema":{"@context":"https:\/\/schema.org","@graph":[{"@type":"NewsArticle","@id":"https:\/\/www.suno.com.br\/noticias\/agenda-do-dia-marfrig-gol-hering-eletrobras-17032020\/#article","isPartOf":{"@id":"https:\/\/www.suno.com.br\/noticias\/agenda-do-dia-marfrig-gol-hering-eletrobras-17032020\/"},"author":{"name":"Juliano Passaro","@id":"https:\/\/www.suno.com.br\/noticias\/#\/schema\/person\/1db762f78ffd8919a648a63e425953e3"},"headline":"Agenda do Dia: Marfrig; Gol; Hering; Oi; Eletrobras","datePublished":"2020-03-17T12:06:20+00:00","dateModified":"2021-06-14T03:22:01+00:00","mainEntityOfPage":{"@id":"https:\/\/www.suno.com.br\/noticias\/agenda-do-dia-marfrig-gol-hering-eletrobras-17032020\/"},"wordCount":681,"publisher":{"@id":"https:\/\/www.suno.com.br\/noticias\/#organization"},"image":{"@id":"https:\/\/www.suno.com.br\/noticias\/agenda-do-dia-marfrig-gol-hering-eletrobras-17032020\/#primaryimage"},"thumbnailUrl":"https:\/\/files.sunoresearch.com.br\/n\/uploads\/2019\/12\/a5ac8a1b-marfrig-jpg.webp","keywords":["agenda do dia","Cia Hering (HGTX3)","Eletrobras (ELET3\/ELET5\/ELET6)","Gol Linhas A\u00e9reas (GOLL11\/GOLL4)","Marfrig (MRFG3)","Oi (OIBR3\/OIBR4)"],"articleSection":["Neg\u00f3cios"],"inLanguage":"pt-BR"},{"@type":"WebPage","@id":"https:\/\/www.suno.com.br\/noticias\/agenda-do-dia-marfrig-gol-hering-eletrobras-17032020\/","url":"https:\/\/www.suno.com.br\/noticias\/agenda-do-dia-marfrig-gol-hering-eletrobras-17032020\/","name":"Agenda do Dia: Marfrig; Gol; Hering; Oi; Eletrobras","isPartOf":{"@id":"https:\/\/www.suno.com.br\/noticias\/#website"},"primaryImageOfPage":{"@id":"https:\/\/www.suno.com.br\/noticias\/agenda-do-dia-marfrig-gol-hering-eletrobras-17032020\/#primaryimage"},"image":{"@id":"https:\/\/www.suno.com.br\/noticias\/agenda-do-dia-marfrig-gol-hering-eletrobras-17032020\/#primaryimage"},"thumbnailUrl":"https:\/\/files.sunoresearch.com.br\/n\/uploads\/2019\/12\/a5ac8a1b-marfrig-jpg.webp","datePublished":"2020-03-17T12:06:20+00:00","dateModified":"2021-06-14T03:22:01+00:00","description":"Agenda do Dia: mudan\u00e7as na diretoria da Marfrig; novas medidas da Gol em rela\u00e7\u00e3o ao coronav\u00edrus; Hering; Oi; Eletrobras. Clique e saiba mais.","breadcrumb":{"@id":"https:\/\/www.suno.com.br\/noticias\/agenda-do-dia-marfrig-gol-hering-eletrobras-17032020\/#breadcrumb"},"inLanguage":"pt-BR","potentialAction":[{"@type":"ReadAction","target":["https:\/\/www.suno.com.br\/noticias\/agenda-do-dia-marfrig-gol-hering-eletrobras-17032020\/"]}]},{"@type":"ImageObject","inLanguage":"pt-BR","@id":"https:\/\/www.suno.com.br\/noticias\/agenda-do-dia-marfrig-gol-hering-eletrobras-17032020\/#primaryimage","url":"https:\/\/files.sunoresearch.com.br\/n\/uploads\/2019\/12\/a5ac8a1b-marfrig-jpg.webp","contentUrl":"https:\/\/files.sunoresearch.com.br\/n\/uploads\/2019\/12\/a5ac8a1b-marfrig-jpg.webp","width":848,"height":477,"caption":"Marfrig (MRFG3): nos neg\u00f3cios do controlador, ESG em alta"},{"@type":"BreadcrumbList","@id":"https:\/\/www.suno.com.br\/noticias\/agenda-do-dia-marfrig-gol-hering-eletrobras-17032020\/#breadcrumb","itemListElement":[{"@type":"ListItem","position":1,"name":"Not\u00edcias","item":"https:\/\/www.suno.com.br\/noticias\/"},{"@type":"ListItem","position":2,"name":"Neg\u00f3cios","item":"https:\/\/www.suno.com.br\/noticias\/negocios\/"},{"@type":"ListItem","position":3,"name":"Agenda do Dia: Marfrig; Gol; Hering; Oi; Eletrobras"}]},{"@type":"WebSite","@id":"https:\/\/www.suno.com.br\/noticias\/#website","url":"https:\/\/www.suno.com.br\/noticias\/","name":"Suno Not\u00edcias","description":"Seu portal de informa\u00e7\u00e3o sobre o mundo dos investimentos","publisher":{"@id":"https:\/\/www.suno.com.br\/noticias\/#organization"},"potentialAction":[{"@type":"SearchAction","target":{"@type":"EntryPoint","urlTemplate":"https:\/\/www.suno.com.br\/noticias\/?s={search_term_string}"},"query-input":{"@type":"PropertyValueSpecification","valueRequired":true,"valueName":"search_term_string"}}],"inLanguage":"pt-BR"},{"@type":"Organization","@id":"https:\/\/www.suno.com.br\/noticias\/#organization","name":"Suno Not\u00edcias","url":"https:\/\/www.suno.com.br\/noticias\/","logo":{"@type":"ImageObject","inLanguage":"pt-BR","@id":"https:\/\/www.suno.com.br\/noticias\/#\/schema\/logo\/image\/","url":"https:\/\/files.sunoresearch.com.br\/n\/uploads\/2021\/09\/suno-logo.png","contentUrl":"https:\/\/files.sunoresearch.com.br\/n\/uploads\/2021\/09\/suno-logo.png","width":180,"height":180,"caption":"Suno Not\u00edcias"},"image":{"@id":"https:\/\/www.suno.com.br\/noticias\/#\/schema\/logo\/image\/"},"sameAs":["https:\/\/facebook.com\/sunoresearch","https:\/\/x.com\/sunoresearch","https:\/\/www.instagram.com\/suno","https:\/\/www.linkedin.com\/company\/suno-research\/","https:\/\/www.youtube.com\/c\/sunoresearch"]},{"@type":"Person","@id":"https:\/\/www.suno.com.br\/noticias\/#\/schema\/person\/1db762f78ffd8919a648a63e425953e3","name":"Juliano Passaro","image":{"@type":"ImageObject","inLanguage":"pt-BR","@id":"https:\/\/www.suno.com.br\/noticias\/#\/schema\/person\/image\/","url":"https:\/\/secure.gravatar.com\/avatar\/743d4df28eebf6dcc46b4ad03c319e92?s=96&r=g","contentUrl":"https:\/\/secure.gravatar.com\/avatar\/743d4df28eebf6dcc46b4ad03c319e92?s=96&r=g","caption":"Juliano Passaro"},"description":"Juliano Passaro escreve sobre pol\u00edtica, economia e neg\u00f3cios para o portal da Suno Research. Antes da Suno, trabalhou no Portal da Band. \u00c9 formado em jornalismo pela Universidade Presbiteriana Mackenzie.","url":"https:\/\/www.suno.com.br\/noticias\/author\/juliano\/"}]}},"default_loop_html":"<div class=\"cardsPage__listCard__boxs\"><div class=\"cardsPage__listCard__boxs__img\"><a href=\"https:\/\/www.suno.com.br\/noticias\/agenda-do-dia-marfrig-gol-hering-eletrobras-17032020\/\"><img class=\"mask\" src=\"https:\/\/www.suno.com.br\/noticias\/wp-content\/themes\/suno\/resources\/images\/spotlight\/spotlight1img\/bg-mask.png\" alt=\"Image Mask\"\/><img src=\"https:\/\/files.sunoresearch.com.br\/n\/uploads\/2019\/12\/a5ac8a1b-marfrig-400x200.webp\" alt=\"Agenda do Dia: Marfrig; Gol; Hering; Oi; Eletrobras\"\/><\/a><span class=\"spotlightCategory\"><a href=\"https:\/\/www.suno.com.br\/noticias\/negocios\/\">Neg\u00f3cios<\/a><\/span><\/div><div class=\"cardsPage__listCard__boxs__content\"><a href=\"https:\/\/www.suno.com.br\/noticias\/agenda-do-dia-marfrig-gol-hering-eletrobras-17032020\/\"><h2 class=\"content__title\">Agenda do Dia: Marfrig; Gol; Hering; Oi; Eletrobras<\/h2><\/a><div class=\"newsContent__article__meta\"><div class=\"newsContent__article__meta__authorBox\"><a href=\"https:\/\/www.suno.com.br\/noticias\/author\/juliano\/\" class=\"authorBox__avatar noMobi\"><img src=\"https:\/\/files.sunoresearch.com.br\/n\/uploads\/2019\/06\/7cc3efea-whatsapp-image-2019-07-18-at-21.59.33-e1563499821209-150x150.webp\" alt=\"Juliano Passaro\"><\/a><div class=\"authorBox__name\"><span>por\n\t\t\t<a href=\"https:\/\/www.suno.com.br\/noticias\/author\/juliano\/\"><span itemprop=\"author\">Juliano Passaro<\/span><\/a><\/span><time datetime=\"2020-03-17T09:06:20-03:00\" itemprop=\"datePublished\">17\/03\/2020 09:06<\/time><\/div><\/div><\/div><\/div><\/div>","single_layout":"posts","amp_enabled":true,"_links":{"self":[{"href":"https:\/\/www.suno.com.br\/noticias\/wp-json\/wp\/v2\/posts\/57028"}],"collection":[{"href":"https:\/\/www.suno.com.br\/noticias\/wp-json\/wp\/v2\/posts"}],"about":[{"href":"https:\/\/www.suno.com.br\/noticias\/wp-json\/wp\/v2\/types\/post"}],"author":[{"embeddable":true,"href":"https:\/\/www.suno.com.br\/noticias\/wp-json\/wp\/v2\/users\/19"}],"replies":[{"embeddable":true,"href":"https:\/\/www.suno.com.br\/noticias\/wp-json\/wp\/v2\/comments?post=57028"}],"version-history":[{"count":1,"href":"https:\/\/www.suno.com.br\/noticias\/wp-json\/wp\/v2\/posts\/57028\/revisions"}],"predecessor-version":[{"id":157626,"href":"https:\/\/www.suno.com.br\/noticias\/wp-json\/wp\/v2\/posts\/57028\/revisions\/157626"}],"wp:featuredmedia":[{"embeddable":true,"href":"https:\/\/www.suno.com.br\/noticias\/wp-json\/wp\/v2\/media\/46987"}],"wp:attachment":[{"href":"https:\/\/www.suno.com.br\/noticias\/wp-json\/wp\/v2\/media?parent=57028"}],"wp:term":[{"taxonomy":"category","embeddable":true,"href":"https:\/\/www.suno.com.br\/noticias\/wp-json\/wp\/v2\/categories?post=57028"},{"taxonomy":"post_tag","embeddable":true,"href":"https:\/\/www.suno.com.br\/noticias\/wp-json\/wp\/v2\/tags?post=57028"},{"taxonomy":"suno_strategy","embeddable":true,"href":"https:\/\/www.suno.com.br\/noticias\/wp-json\/wp\/v2\/suno_strategy?post=57028"}],"curies":[{"name":"wp","href":"https:\/\/api.w.org\/{rel}","templated":true}]}}