{"id":570223,"date":"2024-08-12T16:00:16","date_gmt":"2024-08-12T19:00:16","guid":{"rendered":"https:\/\/www.suno.com.br\/noticias\/?p=570223"},"modified":"2024-08-12T16:34:52","modified_gmt":"2024-08-12T19:34:52","slug":"alta-da-selic-na-mesa-gabriel-galipolo-bc-evm","status":"publish","type":"post","link":"https:\/\/www.suno.com.br\/noticias\/alta-da-selic-na-mesa-gabriel-galipolo-bc-evm\/","title":{"rendered":"Gabriel Gal\u00edpolo, diretor do BC, diz que alta da Selic &#8220;est\u00e1 na mesa&#8221;"},"content":{"rendered":"<p>O diretor de pol\u00edtica do Banco Central, Gabriel Gal\u00edpolo, comentou que a &#8216;<a href=\"https:\/\/www.suno.com.br\/noticias\/selic-boletim-focus-12082024-ec-gss\/\">alta da <strong>Selic<\/strong> est\u00e1, sim, na mesa<\/a>&#8216; nesta segunda-feira (12) durante o 2\u00ba Warren Institutional Day.<\/p><div class=\"videoFull \">\n\t\t\t<div class=\"videoWrapper yt-lazyload center\"\n\t\t\t\tdata-width=\"960\"\n\t\t\t\tdata-height=\"540\"\n\t\t\t\tdata-id=\"WWwfCgeZI3M\"\n\t\t\t\tdata-alt=\"V\u00eddeo do YouTube - clique para reproduzir\"\n\t\t\t\tdata-logo=\"3\"\n\t\t\t\tdata-imagequality=\"maxres\">\n\t\t\t<\/div>\n\t\t<\/div><script type=\"application\/ld+json\">{\"@context\":\"https:\/\/schema.org\",\"@type\":\"VideoObject\",\"name\":\"\ud83d\udd34 PRIMEIRO PREJU\u00cdZO DA PETROBRAS (PETR4) DESDE 2020 | Ibovespa 130 mil pontos | B3 (B3SA3) dispara\",\"description\":\"\ud83d\udd34TENHA UMA CARTEIRA PERSONALIZADA: https:\/\/lp.suno.com.br\/ao\/consultoria-de-investimentos\/?utm_source=suno-noticias&utm_medium=live&utm_campaign=seuconsultorresponde&utm_content=09082024 00:00 In\u00edcio do v\u00eddeo 01:45 Fechamento de preg\u00e3o 06:32 Preju\u00edzo da Petrobras 08:54 Dividendos PETR4 12:07 IPCA de julho 13:55 MGLU3 sobe com balan\u00e7o 15:37 B3SA3 dispara com 2T24 e recompra 17:21 Indicadores do dia & agenda \ud83d\udd34\ud835\udc08\ud835\udc0d\ud835\udc12\ud835\udc02\ud835\udc11\ud835\udc04\ud835\udc15\ud835\udc00-\ud835\udc12\ud835\udc04 \ud835\udc0d\ud835\udc0e \ud835\udc02\ud835\udc00\ud835\udc0d\ud835\udc00\ud835\udc0b \ud835\udc04 \ud835\udc00\ud835\udc13\ud835\udc08\ud835\udc15\ud835\udc04 \ud835\udc0e \ud835\udc12\ud835\udc08\ud835\udc0d\ud835\udc0e \ud83d\udc47 https:\/\/bit.ly\/INSCREVA-SEATIVEOSINO \ud83d\udc47 \ud835\udc12\ud835\udc22\ud835\udc20\ud835\udc1a \ud835\udc27\ud835\udc28\ud835\udc2c\ud835\udc2c\ud835\udc1a\ud835\udc2c r\ud835\udc1e\ud835\udc1d\ud835\udc1e\ud835\udc2c\u2026\",\"duration\":\"PT19M47S\",\"embedUrl\":\"https:\/\/www.youtube.com\/embed\/WWwfCgeZI3M\",\"regionsAllowed\":\"en-US\",\"interactionStatistic\":{\"@type\":\"InteractionCounter\",\"interactionType\":{\"@type\":\"WatchAction\"},\"userInteractionCount\":5013},\"thumbnailUrl\":\"https:\/\/i.ytimg.com\/vi\/WWwfCgeZI3M\/default.jpg\",\"uploadDate\":\"2024-08-09T22:25:07Z\"}<\/script>\n\n\n\n\n\t<p>\n\t\t<a href=\"\" target=\"_blank\" data-element=\"shortcode-suno-banner\" title=\"Banner SUNO, clique e saiba mais\">\n\t\t\t<picture>\n\t\t\t\t<source media=\"(max-width: 500px)\" srcset=\"\">\n\t\t\t\t<img class=\"newsContent__article__imgCapa newsContent__article__imgCapa--banner\"\n\t\t\t\t\tsrc=\"\"\n\t\t\t\t\tdata-promo-id=\"240038\"\t\t\t\t\t\t\t\t\t\t\t\t\t\t\talt=\"\"\n\t\t\t\t>\n\t\t\t<\/picture>\n\t\t<\/a>\n\t<\/p>\n\n\n\n\n\n\n\n<p>&#8220;Tivemos uma postura no passado que foi lida como retirada da mesa a possibilidade de <strong>alta da Selic<\/strong>. A alta est\u00e1 na mesa sim e queremos ver como isso vai se desdobrar&#8221;, declarou <strong>Gal\u00edpolo<\/strong>.<\/p>\n\n\n\n<p>O diretor disse que quer que sua postura n\u00e3o seja tida como &#8216;descolada&#8217; da \u00faltima Ata do Comit\u00ea de <a class=\"suno-keyword\" target=\"_blank\" data-force=\"no\" data-priority=\"1\" href=\"https:\/\/www.suno.com.br\/artigos\/politica-monetaria\/\" rel=\"noopener\">Pol\u00edtica Monet\u00e1ria<\/a>, ou ata do Copom.<\/p>\n\n\n\n<p>Segundo o <strong>diretor de pol\u00edtica monet\u00e1ria<\/strong>, a Ata do Copom n\u00e3o forneceu nenhum tipo de guidance, sem assumir compromisso ou contrarar uma nova eleva\u00e7\u00e3o da <strong>taxa de juros<\/strong>.<\/p>\n\n\n\n<p>&#8220;Estamos abertos aos dados e com todas as alternativas na mesa. N\u00e3o estamos querendo pegar o mercado do contrap\u00e9. Migramos de um ciclo de corte para uma taxa mais restrita por mais tempo. Essa frase reflete uma governan\u00e7a que j\u00e1 foi utilizada no passado pelo <strong>Banco Central<\/strong>&#8220;.<\/p>\n\n\n\n<p>Gal\u00edpolo ainda adotou um tom mais austero, destacando que &#8216;cabe ao BC deixar a taxa restritiva por tempo suficiente para chegarmos \u00e0 meta [de <strong>infla\u00e7\u00e3o<\/strong>]&#8221;.<\/p>\n\n\n\t<p>\n\t\t<a href=\"https:\/\/lp.suno.com.br\/ebook-gratuito-investindo-no-exterior\/\" target=\"_blank\" data-element=\"shortcode-suno-banner\" title=\"Banner SUNO, clique e saiba mais\">\n\t\t\t<picture>\n\t\t\t\t<source media=\"(max-width: 500px)\" srcset=\"https:\/\/files.sunoresearch.com.br\/n\/uploads\/2023\/03\/400x300-Investindo-no-exterior.png\">\n\t\t\t\t<img class=\"newsContent__article__imgCapa newsContent__article__imgCapa--banner\"\n\t\t\t\t\tsrc=\"https:\/\/files.sunoresearch.com.br\/n\/uploads\/2023\/03\/1420x240-Investindo-no-exterior.png\"\n\t\t\t\t\tdata-promo-id=\"383161\"\t\t\t\t\t\t\t\t\t\twidth='1420' height='240'\t\t\t\t\talt=\"https:\/\/files.sunoresearch.com.br\/n\/uploads\/2023\/03\/1420x240-Investindo-no-exterior.png\"\n\t\t\t\t>\n\t\t\t<\/picture>\n\t\t<\/a>\n\t<\/p>\n\n\n\n\n\n<h2 class=\"wp-block-heading\">Cen\u00e1rio \u00e9 desconfort\u00e1vel para chegar \u00e0 meta<\/h2>\n\n\n\n<p>Durante sua fala no Warren Institutional Day, Gabriel Gal\u00edpolo ainda disse que &#8220;quer coordenar expectativas&#8221;, e que &#8216;olhar par aum lado e tocar para o outro&#8217; n\u00e3o \u00e9 saud\u00e1vel para o BC.<\/p>\n\n\n\n<p>&#8220;O cen\u00e1rio \u00e9 desconfort\u00e1vel par ao cumprimento da meta e para uma melhora das vari\u00e1veis, Essa vis\u00e3o acaba derivando com uma rela\u00e7\u00e3o mec\u00e2nica de qual o n\u00edvel que precisa chegar o d\u00f3lar para gerar uma rea\u00e7\u00e3o da pol\u00edtica monet\u00e1ria&#8221;, disse.<\/p>\n\n\n\n<p>&#8220;O IPCA veio maior do que o esperado e a composi\u00e7\u00e3o do IPCA traz uma s\u00e9rie de alertas. Apesar do horizonte do BC, existe uma grande discuss\u00e3o sobre o hiato existente entre os hiatos que o mercado detinha&#8221;, conclui o presidente do BC.<\/p>\n\n\n\n<h2 class=\"wp-block-heading\">Expectativas para Selic<\/h2>\n\n\n\n<p>Na edi\u00e7\u00e3o mais recente do <a class=\"suno-keyword\" data-force=\"no\" data-priority=\"2\" href=\"https:\/\/www.suno.com.br\/artigos\/boletim-focus\/\" target=\"_blank\" rel=\"noopener\">Boletim Focus<\/a>, divulgada <a href=\"https:\/\/www.bcb.gov.br\/content\/focus\/focus\/R20240809.pdf\">nesta segunda (12), \u00e9 visto que o mercado manteve as proje\u00e7\u00f5es<\/a> para a <strong>Taxa Selic<\/strong> para este e pr\u00f3ximo ano inalteradas.<\/p>\n\n\n\n<p>O consenso do mercado financeiro espera uma <strong>Selic<\/strong> de 10,50% neste ano e de 9,75% no pr\u00f3ximo ano. J\u00e1 para 2026 a expectativa \u00e9 de juros de 9%.<\/p>\n\n\n\t<p>\n\t\t<a href=\"https:\/\/lp.suno.com.br\/planilha-da-vida-financeira\/\" target=\"_blank\" data-element=\"shortcode-suno-banner\" title=\"Banner SUNO, clique e saiba mais\">\n\t\t\t<picture>\n\t\t\t\t<source media=\"(max-width: 500px)\" srcset=\"https:\/\/files.sunoresearch.com.br\/n\/uploads\/2023\/04\/400x300-Planilha-vida-financeira-true.png\">\n\t\t\t\t<img class=\"newsContent__article__imgCapa newsContent__article__imgCapa--banner\"\n\t\t\t\t\tsrc=\"https:\/\/files.sunoresearch.com.br\/n\/uploads\/2023\/04\/1420x240-Planilha-vida-financeira-true.png\"\n\t\t\t\t\tdata-promo-id=\"383123\"\t\t\t\t\t\t\t\t\t\twidth='1420' height='240'\t\t\t\t\talt=\"https:\/\/files.sunoresearch.com.br\/n\/uploads\/2023\/04\/1420x240-Planilha-vida-financeira-true.png\"\n\t\t\t\t>\n\t\t\t<\/picture>\n\t\t<\/a>\n\t<\/p>\n\n\n","protected":false},"excerpt":{"rendered":"<p>O diretor de pol\u00edtica do Banco Central, Gabriel Gal\u00edpolo, comentou que a &#8216;alta da Selic est\u00e1, sim, na mesa&#8216; nesta segunda-feira (12) durante o 2\u00ba Warren Institutional Day. &#8220;Tivemos uma postura no passado que foi lida como retirada da mesa a possibilidade de alta da Selic. A alta est\u00e1 na mesa sim e queremos ver [&hellip;]<\/p>\n","protected":false},"author":73,"featured_media":570225,"comment_status":"closed","ping_status":"closed","sticky":false,"template":"","format":"standard","meta":[],"categories":[62],"tags":[105816,2448,1752,290],"suno_strategy":[],"class_list":["post-570223","post","type-post","status-publish","format-standard","has-post-thumbnail","hentry","category-economia","tag-especialistas","tag-politica-monetaria","tag-taxa-de-juros","tag-taxa-selic"],"yoast_head":"<!-- This site is optimized with the Yoast SEO plugin v24.4 - https:\/\/yoast.com\/wordpress\/plugins\/seo\/ -->\n<title>Selic: poss\u00edvel alta est\u00e1 na mesa, diz Gal\u00edpolo<\/title>\n<meta name=\"description\" content=\"&quot;A alta est\u00e1 na mesa sim e queremos ver como isso vai se desdobrar&quot;, declarou o diretor de pol\u00edtica monet\u00e1ria do BC, Gabriel Gal\u00edpolo\" \/>\n<meta name=\"robots\" content=\"index, follow, max-snippet:-1, max-image-preview:large, max-video-preview:-1\" \/>\n<link rel=\"canonical\" href=\"https:\/\/www.suno.com.br\/noticias\/alta-da-selic-na-mesa-gabriel-galipolo-bc-evm\/\" \/>\n<meta property=\"og:locale\" content=\"pt_BR\" \/>\n<meta property=\"og:type\" content=\"article\" \/>\n<meta property=\"og:title\" content=\"Selic: poss\u00edvel alta est\u00e1 na mesa, diz Gal\u00edpolo\" \/>\n<meta property=\"og:description\" content=\"&quot;A alta est\u00e1 na mesa sim e queremos ver como isso vai se desdobrar&quot;, declarou o diretor de pol\u00edtica monet\u00e1ria do BC, Gabriel Gal\u00edpolo\" \/>\n<meta property=\"og:url\" content=\"https:\/\/www.suno.com.br\/noticias\/alta-da-selic-na-mesa-gabriel-galipolo-bc-evm\/\" \/>\n<meta property=\"og:site_name\" content=\"Suno Not\u00edcias\" \/>\n<meta property=\"article:publisher\" content=\"https:\/\/facebook.com\/sunoresearch\" \/>\n<meta property=\"og:image\" content=\"https:\/\/files.sunoresearch.com.br\/n\/uploads\/2024\/08\/IMGM4203-scaled.jpg\" \/>\n\t<meta property=\"og:image:width\" content=\"2560\" \/>\n\t<meta property=\"og:image:height\" content=\"1707\" \/>\n\t<meta property=\"og:image:type\" content=\"image\/jpeg\" \/>\n<meta name=\"author\" content=\"Eduardo Vargas\" \/>\n<meta name=\"twitter:card\" content=\"summary_large_image\" \/>\n<meta name=\"twitter:creator\" content=\"@sunoresearch\" \/>\n<meta name=\"twitter:site\" content=\"@sunoresearch\" \/>\n<meta name=\"twitter:label1\" content=\"Escrito por\" \/>\n\t<meta name=\"twitter:data1\" content=\"Eduardo Vargas\" \/>\n\t<meta name=\"twitter:label2\" content=\"Est. tempo de leitura\" \/>\n\t<meta name=\"twitter:data2\" content=\"3 minutos\" \/>\n<script type=\"application\/ld+json\" class=\"yoast-schema-graph\">{\"@context\":\"https:\/\/schema.org\",\"@graph\":[{\"@type\":\"NewsArticle\",\"@id\":\"https:\/\/www.suno.com.br\/noticias\/alta-da-selic-na-mesa-gabriel-galipolo-bc-evm\/#article\",\"isPartOf\":{\"@id\":\"https:\/\/www.suno.com.br\/noticias\/alta-da-selic-na-mesa-gabriel-galipolo-bc-evm\/\"},\"author\":{\"name\":\"Eduardo Vargas\",\"@id\":\"https:\/\/www.suno.com.br\/noticias\/#\/schema\/person\/7f4d362bf3518e76090143ae77bb49a5\"},\"headline\":\"Gabriel Gal\u00edpolo, diretor do BC, diz que alta da Selic &#8220;est\u00e1 na mesa&#8221;\",\"datePublished\":\"2024-08-12T19:00:16+00:00\",\"dateModified\":\"2024-08-12T19:34:52+00:00\",\"mainEntityOfPage\":{\"@id\":\"https:\/\/www.suno.com.br\/noticias\/alta-da-selic-na-mesa-gabriel-galipolo-bc-evm\/\"},\"wordCount\":415,\"publisher\":{\"@id\":\"https:\/\/www.suno.com.br\/noticias\/#organization\"},\"image\":{\"@id\":\"https:\/\/www.suno.com.br\/noticias\/alta-da-selic-na-mesa-gabriel-galipolo-bc-evm\/#primaryimage\"},\"thumbnailUrl\":\"https:\/\/files.sunoresearch.com.br\/n\/uploads\/2024\/08\/IMGM4203-scaled.jpg\",\"keywords\":[\"Especialistas\",\"pol\u00edtica monet\u00e1ria\",\"taxa de juros\",\"Taxa Selic\"],\"articleSection\":[\"Economia\"],\"inLanguage\":\"pt-BR\"},{\"@type\":\"WebPage\",\"@id\":\"https:\/\/www.suno.com.br\/noticias\/alta-da-selic-na-mesa-gabriel-galipolo-bc-evm\/\",\"url\":\"https:\/\/www.suno.com.br\/noticias\/alta-da-selic-na-mesa-gabriel-galipolo-bc-evm\/\",\"name\":\"Selic: poss\u00edvel alta est\u00e1 na mesa, diz Gal\u00edpolo\",\"isPartOf\":{\"@id\":\"https:\/\/www.suno.com.br\/noticias\/#website\"},\"primaryImageOfPage\":{\"@id\":\"https:\/\/www.suno.com.br\/noticias\/alta-da-selic-na-mesa-gabriel-galipolo-bc-evm\/#primaryimage\"},\"image\":{\"@id\":\"https:\/\/www.suno.com.br\/noticias\/alta-da-selic-na-mesa-gabriel-galipolo-bc-evm\/#primaryimage\"},\"thumbnailUrl\":\"https:\/\/files.sunoresearch.com.br\/n\/uploads\/2024\/08\/IMGM4203-scaled.jpg\",\"datePublished\":\"2024-08-12T19:00:16+00:00\",\"dateModified\":\"2024-08-12T19:34:52+00:00\",\"description\":\"\\\"A alta est\u00e1 na mesa sim e queremos ver como isso vai se desdobrar\\\", declarou o diretor de pol\u00edtica monet\u00e1ria do BC, Gabriel Gal\u00edpolo\",\"breadcrumb\":{\"@id\":\"https:\/\/www.suno.com.br\/noticias\/alta-da-selic-na-mesa-gabriel-galipolo-bc-evm\/#breadcrumb\"},\"inLanguage\":\"pt-BR\",\"potentialAction\":[{\"@type\":\"ReadAction\",\"target\":[\"https:\/\/www.suno.com.br\/noticias\/alta-da-selic-na-mesa-gabriel-galipolo-bc-evm\/\"]}]},{\"@type\":\"ImageObject\",\"inLanguage\":\"pt-BR\",\"@id\":\"https:\/\/www.suno.com.br\/noticias\/alta-da-selic-na-mesa-gabriel-galipolo-bc-evm\/#primaryimage\",\"url\":\"https:\/\/files.sunoresearch.com.br\/n\/uploads\/2024\/08\/IMGM4203-scaled.jpg\",\"contentUrl\":\"https:\/\/files.sunoresearch.com.br\/n\/uploads\/2024\/08\/IMGM4203-scaled.jpg\",\"width\":2560,\"height\":1707,\"caption\":\"Gabriel Gal\u00edpolo, Diretor de Pol\u00edtica Monet\u00e1ria do Banco Central (BC) - Foto: Divulga\u00e7\u00e3o\/Warren Investimentos\"},{\"@type\":\"BreadcrumbList\",\"@id\":\"https:\/\/www.suno.com.br\/noticias\/alta-da-selic-na-mesa-gabriel-galipolo-bc-evm\/#breadcrumb\",\"itemListElement\":[{\"@type\":\"ListItem\",\"position\":1,\"name\":\"Not\u00edcias\",\"item\":\"https:\/\/www.suno.com.br\/noticias\/\"},{\"@type\":\"ListItem\",\"position\":2,\"name\":\"Economia\",\"item\":\"https:\/\/www.suno.com.br\/noticias\/economia\/\"},{\"@type\":\"ListItem\",\"position\":3,\"name\":\"Gabriel Gal\u00edpolo, diretor do BC, diz que alta da Selic &#8220;est\u00e1 na mesa&#8221;\"}]},{\"@type\":\"WebSite\",\"@id\":\"https:\/\/www.suno.com.br\/noticias\/#website\",\"url\":\"https:\/\/www.suno.com.br\/noticias\/\",\"name\":\"Suno Not\u00edcias\",\"description\":\"Seu portal de informa\u00e7\u00e3o sobre o mundo dos investimentos\",\"publisher\":{\"@id\":\"https:\/\/www.suno.com.br\/noticias\/#organization\"},\"potentialAction\":[{\"@type\":\"SearchAction\",\"target\":{\"@type\":\"EntryPoint\",\"urlTemplate\":\"https:\/\/www.suno.com.br\/noticias\/?s={search_term_string}\"},\"query-input\":{\"@type\":\"PropertyValueSpecification\",\"valueRequired\":true,\"valueName\":\"search_term_string\"}}],\"inLanguage\":\"pt-BR\"},{\"@type\":\"Organization\",\"@id\":\"https:\/\/www.suno.com.br\/noticias\/#organization\",\"name\":\"Suno Not\u00edcias\",\"url\":\"https:\/\/www.suno.com.br\/noticias\/\",\"logo\":{\"@type\":\"ImageObject\",\"inLanguage\":\"pt-BR\",\"@id\":\"https:\/\/www.suno.com.br\/noticias\/#\/schema\/logo\/image\/\",\"url\":\"https:\/\/files.sunoresearch.com.br\/n\/uploads\/2021\/09\/suno-logo.png\",\"contentUrl\":\"https:\/\/files.sunoresearch.com.br\/n\/uploads\/2021\/09\/suno-logo.png\",\"width\":180,\"height\":180,\"caption\":\"Suno Not\u00edcias\"},\"image\":{\"@id\":\"https:\/\/www.suno.com.br\/noticias\/#\/schema\/logo\/image\/\"},\"sameAs\":[\"https:\/\/facebook.com\/sunoresearch\",\"https:\/\/x.com\/sunoresearch\",\"https:\/\/www.instagram.com\/suno\",\"https:\/\/www.linkedin.com\/company\/suno-research\/\",\"https:\/\/www.youtube.com\/c\/sunoresearch\"]},{\"@type\":\"Person\",\"@id\":\"https:\/\/www.suno.com.br\/noticias\/#\/schema\/person\/7f4d362bf3518e76090143ae77bb49a5\",\"name\":\"Eduardo Vargas\",\"image\":{\"@type\":\"ImageObject\",\"inLanguage\":\"pt-BR\",\"@id\":\"https:\/\/www.suno.com.br\/noticias\/#\/schema\/person\/image\/\",\"url\":\"https:\/\/secure.gravatar.com\/avatar\/dac340933427a22924c9f99d1eb2e3f2?s=96&r=g\",\"contentUrl\":\"https:\/\/secure.gravatar.com\/avatar\/dac340933427a22924c9f99d1eb2e3f2?s=96&r=g\",\"caption\":\"Eduardo Vargas\"},\"description\":\"Jornalista formado pela UFSC, cobre macroeconomia, neg\u00f3cios e startups para o Suno Not\u00edcias, escrevendo principalmente not\u00edcias sobre o mercado financeiro e a bolsa de valores. No YouTube e no Instagram, \u00e9 respons\u00e1vel pela produ\u00e7\u00e3o de Reels e Shorts do Suno Not\u00edcias. Anteriormente, trabalhou cobrindo economia e cotidiano no ND+ e para o ND, maior jornal impresso de Santa Catarina. Cursou um semestre letivo de Estudos de M\u00eddia na Universidad de Buenos Aires.\",\"url\":\"https:\/\/www.suno.com.br\/noticias\/author\/eduardo-vargas\/\"}]}<\/script>\n<!-- \/ Yoast SEO plugin. -->","yoast_head_json":{"title":"Selic: poss\u00edvel alta est\u00e1 na mesa, diz Gal\u00edpolo","description":"\"A alta est\u00e1 na mesa sim e queremos ver como isso vai se desdobrar\", declarou o diretor de pol\u00edtica monet\u00e1ria do BC, Gabriel Gal\u00edpolo","robots":{"index":"index","follow":"follow","max-snippet":"max-snippet:-1","max-image-preview":"max-image-preview:large","max-video-preview":"max-video-preview:-1"},"canonical":"https:\/\/www.suno.com.br\/noticias\/alta-da-selic-na-mesa-gabriel-galipolo-bc-evm\/","og_locale":"pt_BR","og_type":"article","og_title":"Selic: poss\u00edvel alta est\u00e1 na mesa, diz Gal\u00edpolo","og_description":"\"A alta est\u00e1 na mesa sim e queremos ver como isso vai se desdobrar\", declarou o diretor de pol\u00edtica monet\u00e1ria do BC, Gabriel Gal\u00edpolo","og_url":"https:\/\/www.suno.com.br\/noticias\/alta-da-selic-na-mesa-gabriel-galipolo-bc-evm\/","og_site_name":"Suno Not\u00edcias","article_publisher":"https:\/\/facebook.com\/sunoresearch","og_image":[{"width":2560,"height":1707,"url":"https:\/\/files.sunoresearch.com.br\/n\/uploads\/2024\/08\/IMGM4203-scaled.jpg","type":"image\/jpeg"}],"author":"Eduardo Vargas","twitter_card":"summary_large_image","twitter_creator":"@sunoresearch","twitter_site":"@sunoresearch","twitter_misc":{"Escrito por":"Eduardo Vargas","Est. tempo de leitura":"3 minutos"},"schema":{"@context":"https:\/\/schema.org","@graph":[{"@type":"NewsArticle","@id":"https:\/\/www.suno.com.br\/noticias\/alta-da-selic-na-mesa-gabriel-galipolo-bc-evm\/#article","isPartOf":{"@id":"https:\/\/www.suno.com.br\/noticias\/alta-da-selic-na-mesa-gabriel-galipolo-bc-evm\/"},"author":{"name":"Eduardo Vargas","@id":"https:\/\/www.suno.com.br\/noticias\/#\/schema\/person\/7f4d362bf3518e76090143ae77bb49a5"},"headline":"Gabriel Gal\u00edpolo, diretor do BC, diz que alta da Selic &#8220;est\u00e1 na mesa&#8221;","datePublished":"2024-08-12T19:00:16+00:00","dateModified":"2024-08-12T19:34:52+00:00","mainEntityOfPage":{"@id":"https:\/\/www.suno.com.br\/noticias\/alta-da-selic-na-mesa-gabriel-galipolo-bc-evm\/"},"wordCount":415,"publisher":{"@id":"https:\/\/www.suno.com.br\/noticias\/#organization"},"image":{"@id":"https:\/\/www.suno.com.br\/noticias\/alta-da-selic-na-mesa-gabriel-galipolo-bc-evm\/#primaryimage"},"thumbnailUrl":"https:\/\/files.sunoresearch.com.br\/n\/uploads\/2024\/08\/IMGM4203-scaled.jpg","keywords":["Especialistas","pol\u00edtica monet\u00e1ria","taxa de juros","Taxa Selic"],"articleSection":["Economia"],"inLanguage":"pt-BR"},{"@type":"WebPage","@id":"https:\/\/www.suno.com.br\/noticias\/alta-da-selic-na-mesa-gabriel-galipolo-bc-evm\/","url":"https:\/\/www.suno.com.br\/noticias\/alta-da-selic-na-mesa-gabriel-galipolo-bc-evm\/","name":"Selic: poss\u00edvel alta est\u00e1 na mesa, diz Gal\u00edpolo","isPartOf":{"@id":"https:\/\/www.suno.com.br\/noticias\/#website"},"primaryImageOfPage":{"@id":"https:\/\/www.suno.com.br\/noticias\/alta-da-selic-na-mesa-gabriel-galipolo-bc-evm\/#primaryimage"},"image":{"@id":"https:\/\/www.suno.com.br\/noticias\/alta-da-selic-na-mesa-gabriel-galipolo-bc-evm\/#primaryimage"},"thumbnailUrl":"https:\/\/files.sunoresearch.com.br\/n\/uploads\/2024\/08\/IMGM4203-scaled.jpg","datePublished":"2024-08-12T19:00:16+00:00","dateModified":"2024-08-12T19:34:52+00:00","description":"\"A alta est\u00e1 na mesa sim e queremos ver como isso vai se desdobrar\", declarou o diretor de pol\u00edtica monet\u00e1ria do BC, Gabriel Gal\u00edpolo","breadcrumb":{"@id":"https:\/\/www.suno.com.br\/noticias\/alta-da-selic-na-mesa-gabriel-galipolo-bc-evm\/#breadcrumb"},"inLanguage":"pt-BR","potentialAction":[{"@type":"ReadAction","target":["https:\/\/www.suno.com.br\/noticias\/alta-da-selic-na-mesa-gabriel-galipolo-bc-evm\/"]}]},{"@type":"ImageObject","inLanguage":"pt-BR","@id":"https:\/\/www.suno.com.br\/noticias\/alta-da-selic-na-mesa-gabriel-galipolo-bc-evm\/#primaryimage","url":"https:\/\/files.sunoresearch.com.br\/n\/uploads\/2024\/08\/IMGM4203-scaled.jpg","contentUrl":"https:\/\/files.sunoresearch.com.br\/n\/uploads\/2024\/08\/IMGM4203-scaled.jpg","width":2560,"height":1707,"caption":"Gabriel Gal\u00edpolo, Diretor de Pol\u00edtica Monet\u00e1ria do Banco Central (BC) - Foto: Divulga\u00e7\u00e3o\/Warren Investimentos"},{"@type":"BreadcrumbList","@id":"https:\/\/www.suno.com.br\/noticias\/alta-da-selic-na-mesa-gabriel-galipolo-bc-evm\/#breadcrumb","itemListElement":[{"@type":"ListItem","position":1,"name":"Not\u00edcias","item":"https:\/\/www.suno.com.br\/noticias\/"},{"@type":"ListItem","position":2,"name":"Economia","item":"https:\/\/www.suno.com.br\/noticias\/economia\/"},{"@type":"ListItem","position":3,"name":"Gabriel Gal\u00edpolo, diretor do BC, diz que alta da Selic &#8220;est\u00e1 na mesa&#8221;"}]},{"@type":"WebSite","@id":"https:\/\/www.suno.com.br\/noticias\/#website","url":"https:\/\/www.suno.com.br\/noticias\/","name":"Suno Not\u00edcias","description":"Seu portal de informa\u00e7\u00e3o sobre o mundo dos investimentos","publisher":{"@id":"https:\/\/www.suno.com.br\/noticias\/#organization"},"potentialAction":[{"@type":"SearchAction","target":{"@type":"EntryPoint","urlTemplate":"https:\/\/www.suno.com.br\/noticias\/?s={search_term_string}"},"query-input":{"@type":"PropertyValueSpecification","valueRequired":true,"valueName":"search_term_string"}}],"inLanguage":"pt-BR"},{"@type":"Organization","@id":"https:\/\/www.suno.com.br\/noticias\/#organization","name":"Suno Not\u00edcias","url":"https:\/\/www.suno.com.br\/noticias\/","logo":{"@type":"ImageObject","inLanguage":"pt-BR","@id":"https:\/\/www.suno.com.br\/noticias\/#\/schema\/logo\/image\/","url":"https:\/\/files.sunoresearch.com.br\/n\/uploads\/2021\/09\/suno-logo.png","contentUrl":"https:\/\/files.sunoresearch.com.br\/n\/uploads\/2021\/09\/suno-logo.png","width":180,"height":180,"caption":"Suno Not\u00edcias"},"image":{"@id":"https:\/\/www.suno.com.br\/noticias\/#\/schema\/logo\/image\/"},"sameAs":["https:\/\/facebook.com\/sunoresearch","https:\/\/x.com\/sunoresearch","https:\/\/www.instagram.com\/suno","https:\/\/www.linkedin.com\/company\/suno-research\/","https:\/\/www.youtube.com\/c\/sunoresearch"]},{"@type":"Person","@id":"https:\/\/www.suno.com.br\/noticias\/#\/schema\/person\/7f4d362bf3518e76090143ae77bb49a5","name":"Eduardo Vargas","image":{"@type":"ImageObject","inLanguage":"pt-BR","@id":"https:\/\/www.suno.com.br\/noticias\/#\/schema\/person\/image\/","url":"https:\/\/secure.gravatar.com\/avatar\/dac340933427a22924c9f99d1eb2e3f2?s=96&r=g","contentUrl":"https:\/\/secure.gravatar.com\/avatar\/dac340933427a22924c9f99d1eb2e3f2?s=96&r=g","caption":"Eduardo Vargas"},"description":"Jornalista formado pela UFSC, cobre macroeconomia, neg\u00f3cios e startups para o Suno Not\u00edcias, escrevendo principalmente not\u00edcias sobre o mercado financeiro e a bolsa de valores. No YouTube e no Instagram, \u00e9 respons\u00e1vel pela produ\u00e7\u00e3o de Reels e Shorts do Suno Not\u00edcias. Anteriormente, trabalhou cobrindo economia e cotidiano no ND+ e para o ND, maior jornal impresso de Santa Catarina. Cursou um semestre letivo de Estudos de M\u00eddia na Universidad de Buenos Aires.","url":"https:\/\/www.suno.com.br\/noticias\/author\/eduardo-vargas\/"}]}},"default_loop_html":"<div class=\"cardsPage__listCard__boxs\"><div class=\"cardsPage__listCard__boxs__img\"><a href=\"https:\/\/www.suno.com.br\/noticias\/alta-da-selic-na-mesa-gabriel-galipolo-bc-evm\/\"><img class=\"mask\" src=\"https:\/\/www.suno.com.br\/noticias\/wp-content\/themes\/suno\/resources\/images\/spotlight\/spotlight1img\/bg-mask.png\" alt=\"Image Mask\"\/><img src=\"https:\/\/files.sunoresearch.com.br\/n\/uploads\/2024\/08\/IMGM4203-400x200.jpg\" alt=\"Gabriel Gal\u00edpolo, diretor do BC, diz que alta da Selic &#8220;est\u00e1 na mesa&#8221;\"\/><\/a><span class=\"spotlightCategory\"><a href=\"https:\/\/www.suno.com.br\/noticias\/economia\/\">Economia<\/a><\/span><\/div><div class=\"cardsPage__listCard__boxs__content\"><a href=\"https:\/\/www.suno.com.br\/noticias\/alta-da-selic-na-mesa-gabriel-galipolo-bc-evm\/\"><h2 class=\"content__title\">Gabriel Gal\u00edpolo, diretor do BC, diz que alta da Selic &#8220;est\u00e1 na mesa&#8221;<\/h2><\/a><div class=\"newsContent__article__meta\"><div class=\"newsContent__article__meta__authorBox\"><a href=\"https:\/\/www.suno.com.br\/noticias\/author\/eduardo-vargas\/\" class=\"authorBox__avatar noMobi\"><img src=\"https:\/\/secure.gravatar.com\/avatar\/dac340933427a22924c9f99d1eb2e3f2?s=96&#038;r=g\" alt=\"Eduardo Vargas\"><\/a><div class=\"authorBox__name\"><span>por\n\t\t\t<a href=\"https:\/\/www.suno.com.br\/noticias\/author\/eduardo-vargas\/\"><span itemprop=\"author\">Eduardo Vargas<\/span><\/a><\/span><time datetime=\"2024-08-12T16:00:16-03:00\" itemprop=\"datePublished\">12\/08\/2024 16:00<\/time><\/div><\/div><\/div><\/div><\/div>","single_layout":"posts","amp_enabled":true,"_links":{"self":[{"href":"https:\/\/www.suno.com.br\/noticias\/wp-json\/wp\/v2\/posts\/570223"}],"collection":[{"href":"https:\/\/www.suno.com.br\/noticias\/wp-json\/wp\/v2\/posts"}],"about":[{"href":"https:\/\/www.suno.com.br\/noticias\/wp-json\/wp\/v2\/types\/post"}],"author":[{"embeddable":true,"href":"https:\/\/www.suno.com.br\/noticias\/wp-json\/wp\/v2\/users\/73"}],"replies":[{"embeddable":true,"href":"https:\/\/www.suno.com.br\/noticias\/wp-json\/wp\/v2\/comments?post=570223"}],"version-history":[{"count":2,"href":"https:\/\/www.suno.com.br\/noticias\/wp-json\/wp\/v2\/posts\/570223\/revisions"}],"predecessor-version":[{"id":570247,"href":"https:\/\/www.suno.com.br\/noticias\/wp-json\/wp\/v2\/posts\/570223\/revisions\/570247"}],"wp:featuredmedia":[{"embeddable":true,"href":"https:\/\/www.suno.com.br\/noticias\/wp-json\/wp\/v2\/media\/570225"}],"wp:attachment":[{"href":"https:\/\/www.suno.com.br\/noticias\/wp-json\/wp\/v2\/media?parent=570223"}],"wp:term":[{"taxonomy":"category","embeddable":true,"href":"https:\/\/www.suno.com.br\/noticias\/wp-json\/wp\/v2\/categories?post=570223"},{"taxonomy":"post_tag","embeddable":true,"href":"https:\/\/www.suno.com.br\/noticias\/wp-json\/wp\/v2\/tags?post=570223"},{"taxonomy":"suno_strategy","embeddable":true,"href":"https:\/\/www.suno.com.br\/noticias\/wp-json\/wp\/v2\/suno_strategy?post=570223"}],"curies":[{"name":"wp","href":"https:\/\/api.w.org\/{rel}","templated":true}]}}