{"id":570089,"date":"2024-08-09T20:48:00","date_gmt":"2024-08-09T23:48:00","guid":{"rendered":"https:\/\/www.suno.com.br\/noticias\/?p=570089"},"modified":"2024-08-09T20:06:45","modified_gmt":"2024-08-09T23:06:45","slug":"eternit-sai-recuperacao-judicial-seis-anos-evm","status":"publish","type":"post","link":"https:\/\/www.suno.com.br\/noticias\/eternit-sai-recuperacao-judicial-seis-anos-evm\/","title":{"rendered":"Eternit (ETER3) sai de recupera\u00e7\u00e3o judicial ap\u00f3s seis anos de reestrutura\u00e7\u00e3o"},"content":{"rendered":"<p>Ap\u00f3s mais de seis anos de intensa reestrutura\u00e7\u00e3o, a <a class=\"suno-keyword\" data-force=\"yes\" data-priority=\"2\" href=\"https:\/\/www.suno.com.br\/acoes\/ETER3\/\" target=\"_blank\" rel=\"noopener\"><strong>Eternit<\/strong> (ETER3)<\/a> anunciou que a Justi\u00e7a aprovou o encerramento de seu processo de recupera\u00e7\u00e3o judicial. <\/p><div class=\"videoFull \">\n\t\t\t<div class=\"videoWrapper yt-lazyload center\"\n\t\t\t\tdata-width=\"960\"\n\t\t\t\tdata-height=\"540\"\n\t\t\t\tdata-id=\"WWwfCgeZI3M\"\n\t\t\t\tdata-alt=\"V\u00eddeo do YouTube - clique para reproduzir\"\n\t\t\t\tdata-logo=\"3\"\n\t\t\t\tdata-imagequality=\"maxres\">\n\t\t\t<\/div>\n\t\t<\/div><script type=\"application\/ld+json\">{\"@context\":\"https:\/\/schema.org\",\"@type\":\"VideoObject\",\"name\":\"\ud83d\udd34 PRIMEIRO PREJU\u00cdZO DA PETROBRAS (PETR4) DESDE 2020 | Ibovespa 130 mil pontos | B3 (B3SA3) dispara\",\"description\":\"\ud83d\udd34TENHA UMA CARTEIRA PERSONALIZADA: https:\/\/lp.suno.com.br\/ao\/consultoria-de-investimentos\/?utm_source=suno-noticias&utm_medium=live&utm_campaign=seuconsultorresponde&utm_content=09082024 00:00 In\u00edcio do v\u00eddeo 01:45 Fechamento de preg\u00e3o 06:32 Preju\u00edzo da Petrobras 08:54 Dividendos PETR4 12:07 IPCA de julho 13:55 MGLU3 sobe com balan\u00e7o 15:37 B3SA3 dispara com 2T24 e recompra 17:21 Indicadores do dia & agenda \ud83d\udd34\ud835\udc08\ud835\udc0d\ud835\udc12\ud835\udc02\ud835\udc11\ud835\udc04\ud835\udc15\ud835\udc00-\ud835\udc12\ud835\udc04 \ud835\udc0d\ud835\udc0e \ud835\udc02\ud835\udc00\ud835\udc0d\ud835\udc00\ud835\udc0b \ud835\udc04 \ud835\udc00\ud835\udc13\ud835\udc08\ud835\udc15\ud835\udc04 \ud835\udc0e \ud835\udc12\ud835\udc08\ud835\udc0d\ud835\udc0e \ud83d\udc47 https:\/\/bit.ly\/INSCREVA-SEATIVEOSINO \ud83d\udc47 \ud835\udc12\ud835\udc22\ud835\udc20\ud835\udc1a \ud835\udc27\ud835\udc28\ud835\udc2c\ud835\udc2c\ud835\udc1a\ud835\udc2c r\ud835\udc1e\ud835\udc1d\ud835\udc1e\ud835\udc2c\u2026\",\"duration\":\"PT19M47S\",\"embedUrl\":\"https:\/\/www.youtube.com\/embed\/WWwfCgeZI3M\",\"regionsAllowed\":\"en-US\",\"interactionStatistic\":{\"@type\":\"InteractionCounter\",\"interactionType\":{\"@type\":\"WatchAction\"},\"userInteractionCount\":5013},\"thumbnailUrl\":\"https:\/\/i.ytimg.com\/vi\/WWwfCgeZI3M\/default.jpg\",\"uploadDate\":\"2024-08-09T22:25:07Z\"}<\/script>\n\n\n\n\n\t<p>\n\t\t<a href=\"https:\/\/lp.suno.com.br\/planilha-da-vida-financeira\/\" target=\"_blank\" data-element=\"shortcode-suno-banner\" title=\"Banner SUNO, clique e saiba mais\">\n\t\t\t<picture>\n\t\t\t\t<source media=\"(max-width: 500px)\" srcset=\"https:\/\/files.sunoresearch.com.br\/n\/uploads\/2023\/04\/400x300-Planilha-vida-financeira-true.png\">\n\t\t\t\t<img class=\"newsContent__article__imgCapa newsContent__article__imgCapa--banner\"\n\t\t\t\t\tsrc=\"https:\/\/files.sunoresearch.com.br\/n\/uploads\/2023\/04\/1420x240-Planilha-vida-financeira-true.png\"\n\t\t\t\t\tdata-promo-id=\"106682\"\t\t\t\t\t\t\t\t\t\twidth='1420' height='240'\t\t\t\t\talt=\"https:\/\/files.sunoresearch.com.br\/n\/uploads\/2023\/04\/1420x240-Planilha-vida-financeira-true.png\"\n\t\t\t\t>\n\t\t\t<\/picture>\n\t\t<\/a>\n\t<\/p>\n\n\n\n\n\n\n\n<p>O processo de <strong>reestrutura\u00e7\u00e3o da Eternit<\/strong> incluiu a venda de ativos n\u00e3o operacionais e a antecipa\u00e7\u00e3o do pedido de recupera\u00e7\u00e3o judicial.<\/p>\n\n\n\n<p>Al\u00e9m disso, a pandemia deu um incremento no setor de <strong>constru\u00e7\u00e3o civil<\/strong>, o que valorizou os ativos da empresa e auxiliou na supera\u00e7\u00e3o da crise.<\/p>\n\n\n\n<p>A empresa j\u00e1 provisionou R$ 54 milh\u00f5es para enfrentar poss\u00edveis a\u00e7\u00f5es judiciais no futuro.<\/p>\n\n\n\n<p>Agora, com a recupera\u00e7\u00e3o judicial encerrada, a Eternit busca diversificar seu portf\u00f3lio para evitar depend\u00eancia excessiva de um \u00fanico neg\u00f3cio.<\/p>\n\n\n\n<p>A empresa est\u00e1 explorando novos mercados, como sistemas construtivos e energia fotovoltaica, com planos para expandir sua produ\u00e7\u00e3o de telhas solares em 2026.<\/p>\n\n\n\n<p>O <strong>resultado da Eternit<\/strong> ser\u00e1 divulgado no dia 16 de agosto, mostrando como ficar\u00e1 o futuro da companhia p\u00f3s <strong>recupera\u00e7\u00e3o judicial<\/strong>.<\/p>\n\n\n\t<p>\n\t\t<a href=\"https:\/\/lp.suno.com.br\/ebook-como-analisar-uma-acao\/\" target=\"_blank\" data-element=\"shortcode-suno-banner\" title=\"Banner SUNO, clique e saiba mais\">\n\t\t\t<picture>\n\t\t\t\t<source media=\"(max-width: 500px)\" srcset=\"https:\/\/files.sunoresearch.com.br\/n\/uploads\/2023\/03\/Ebook-Acoes-Mobile.jpg\">\n\t\t\t\t<img class=\"newsContent__article__imgCapa newsContent__article__imgCapa--banner\"\n\t\t\t\t\tsrc=\"https:\/\/files.sunoresearch.com.br\/n\/uploads\/2023\/03\/Ebook-Acoes-Desktop.jpg\"\n\t\t\t\t\tdata-promo-id=\"378302\"\t\t\t\t\t\t\t\t\t\twidth='1420' height='286'\t\t\t\t\talt=\"https:\/\/files.sunoresearch.com.br\/n\/uploads\/2023\/03\/Ebook-Acoes-Desktop.jpg\"\n\t\t\t\t>\n\t\t\t<\/picture>\n\t\t<\/a>\n\t<\/p>\n\n\n\n\n\n<h2 class=\"wp-block-heading\">Eternit entrou em recupera\u00e7\u00e3o judicial ap\u00f3s proibi\u00e7\u00e3o do amianto<\/h2>\n\n\n\n<p>A Eternit entrou em recupera\u00e7\u00e3o judicial em 2018, principalmente devido \u00e0 proibi\u00e7\u00e3o do uso de amianto no Brasil, material crucial para seus produtos. A proibi\u00e7\u00e3o veio de medida do <a href=\"https:\/\/portal.stf.jus.br\/\">Supremo Tribunal Federal (STF)<\/a> em 2017, que considerou a natureza cancer\u00edgena do amianto e a impossibilidade de uso seguro.<\/p>\n\n\n\n<p>A empresa fez uma transi\u00e7\u00e3o dif\u00edcil para o uso de fibra de polipropileno. Essa nova mat\u00e9ria-prima, que exige maior cuidado no processo produtivo, agora responde por dois ter\u00e7os do faturamento da Eternit.<\/p>\n\n\n\n<p>Apesar da proibi\u00e7\u00e3o do amianto no Brasil, a <strong>Eternit<\/strong> ainda mant\u00e9m a extra\u00e7\u00e3o do material em Mina\u00e7u, Goi\u00e1s, com base em uma lei estadual que permite a exporta\u00e7\u00e3o do min\u00e9rio. No entanto, essa legisla\u00e7\u00e3o \u00e9 contestada, o que cria incertezas para o futuro da mina e para a pr\u00f3pria empresa.<\/p>\n\n\n\t<p>\n\t\t<a href=\"https:\/\/lp.suno.com.br\/planilha-da-vida-financeira\/\" target=\"_blank\" data-element=\"shortcode-suno-banner\" title=\"Banner SUNO, clique e saiba mais\">\n\t\t\t<picture>\n\t\t\t\t<source media=\"(max-width: 500px)\" srcset=\"https:\/\/files.sunoresearch.com.br\/n\/uploads\/2023\/04\/400x300-Planilha-vida-financeira-true.png\">\n\t\t\t\t<img class=\"newsContent__article__imgCapa newsContent__article__imgCapa--banner\"\n\t\t\t\t\tsrc=\"https:\/\/files.sunoresearch.com.br\/n\/uploads\/2023\/04\/1420x240-Planilha-vida-financeira-true.png\"\n\t\t\t\t\tdata-promo-id=\"383123\"\t\t\t\t\t\t\t\t\t\twidth='1420' height='240'\t\t\t\t\talt=\"https:\/\/files.sunoresearch.com.br\/n\/uploads\/2023\/04\/1420x240-Planilha-vida-financeira-true.png\"\n\t\t\t\t>\n\t\t\t<\/picture>\n\t\t<\/a>\n\t<\/p>\n\n\n","protected":false},"excerpt":{"rendered":"<p>Ap\u00f3s mais de seis anos de intensa reestrutura\u00e7\u00e3o, a Eternit (ETER3) anunciou que a Justi\u00e7a aprovou o encerramento de seu processo de recupera\u00e7\u00e3o judicial. O processo de reestrutura\u00e7\u00e3o da Eternit incluiu a venda de ativos n\u00e3o operacionais e a antecipa\u00e7\u00e3o do pedido de recupera\u00e7\u00e3o judicial. Al\u00e9m disso, a pandemia deu um incremento no setor de [&hellip;]<\/p>\n","protected":false},"author":73,"featured_media":26811,"comment_status":"closed","ping_status":"closed","sticky":false,"template":"","format":"standard","meta":[],"categories":[64],"tags":[1156],"suno_strategy":[],"class_list":["post-570089","post","type-post","status-publish","format-standard","has-post-thumbnail","hentry","category-negocios","tag-construcao-civil"],"yoast_head":"<!-- This site is optimized with the Yoast SEO plugin v24.4 - https:\/\/yoast.com\/wordpress\/plugins\/seo\/ -->\n<title>Eternit (ETER3) sai de recupera\u00e7\u00e3o judicial ap\u00f3s seis anos<\/title>\n<meta name=\"description\" content=\"O processo de reestrutura\u00e7\u00e3o da Eternit incluiu a venda de ativos n\u00e3o operacionais e a antecipa\u00e7\u00e3o do pedido de recupera\u00e7\u00e3o judicial\" \/>\n<meta name=\"robots\" content=\"index, follow, max-snippet:-1, max-image-preview:large, max-video-preview:-1\" \/>\n<link rel=\"canonical\" href=\"https:\/\/www.suno.com.br\/noticias\/eternit-sai-recuperacao-judicial-seis-anos-evm\/\" \/>\n<meta property=\"og:locale\" content=\"pt_BR\" \/>\n<meta property=\"og:type\" content=\"article\" \/>\n<meta property=\"og:title\" content=\"Eternit (ETER3) sai de recupera\u00e7\u00e3o judicial ap\u00f3s seis anos\" \/>\n<meta property=\"og:description\" content=\"O processo de reestrutura\u00e7\u00e3o da Eternit incluiu a venda de ativos n\u00e3o operacionais e a antecipa\u00e7\u00e3o do pedido de recupera\u00e7\u00e3o judicial\" \/>\n<meta property=\"og:url\" content=\"https:\/\/www.suno.com.br\/noticias\/eternit-sai-recuperacao-judicial-seis-anos-evm\/\" \/>\n<meta property=\"og:site_name\" content=\"Suno Not\u00edcias\" \/>\n<meta property=\"article:publisher\" content=\"https:\/\/facebook.com\/sunoresearch\" \/>\n<meta property=\"og:image\" content=\"http:\/\/files.sunoresearch.com.br\/n\/uploads\/2019\/05\/28dc62f4-eternit.jpg\" \/>\n\t<meta property=\"og:image:width\" content=\"1200\" \/>\n\t<meta property=\"og:image:height\" content=\"800\" \/>\n\t<meta property=\"og:image:type\" content=\"image\/jpeg\" \/>\n<meta name=\"author\" content=\"Eduardo Vargas\" \/>\n<meta name=\"twitter:card\" content=\"summary_large_image\" \/>\n<meta name=\"twitter:creator\" content=\"@sunoresearch\" \/>\n<meta name=\"twitter:site\" content=\"@sunoresearch\" \/>\n<meta name=\"twitter:label1\" content=\"Escrito por\" \/>\n\t<meta name=\"twitter:data1\" content=\"Eduardo Vargas\" \/>\n\t<meta name=\"twitter:label2\" content=\"Est. tempo de leitura\" \/>\n\t<meta name=\"twitter:data2\" content=\"2 minutos\" \/>\n<script type=\"application\/ld+json\" class=\"yoast-schema-graph\">{\"@context\":\"https:\/\/schema.org\",\"@graph\":[{\"@type\":\"NewsArticle\",\"@id\":\"https:\/\/www.suno.com.br\/noticias\/eternit-sai-recuperacao-judicial-seis-anos-evm\/#article\",\"isPartOf\":{\"@id\":\"https:\/\/www.suno.com.br\/noticias\/eternit-sai-recuperacao-judicial-seis-anos-evm\/\"},\"author\":{\"name\":\"Eduardo Vargas\",\"@id\":\"https:\/\/www.suno.com.br\/noticias\/#\/schema\/person\/7f4d362bf3518e76090143ae77bb49a5\"},\"headline\":\"Eternit (ETER3) sai de recupera\u00e7\u00e3o judicial ap\u00f3s seis anos de reestrutura\u00e7\u00e3o\",\"datePublished\":\"2024-08-09T23:48:00+00:00\",\"mainEntityOfPage\":{\"@id\":\"https:\/\/www.suno.com.br\/noticias\/eternit-sai-recuperacao-judicial-seis-anos-evm\/\"},\"wordCount\":344,\"publisher\":{\"@id\":\"https:\/\/www.suno.com.br\/noticias\/#organization\"},\"image\":{\"@id\":\"https:\/\/www.suno.com.br\/noticias\/eternit-sai-recuperacao-judicial-seis-anos-evm\/#primaryimage\"},\"thumbnailUrl\":\"https:\/\/files.sunoresearch.com.br\/n\/uploads\/2019\/05\/28dc62f4-eternit-jpg.webp\",\"keywords\":[\"constru\u00e7\u00e3o civil\"],\"articleSection\":[\"Neg\u00f3cios\"],\"inLanguage\":\"pt-BR\"},{\"@type\":\"WebPage\",\"@id\":\"https:\/\/www.suno.com.br\/noticias\/eternit-sai-recuperacao-judicial-seis-anos-evm\/\",\"url\":\"https:\/\/www.suno.com.br\/noticias\/eternit-sai-recuperacao-judicial-seis-anos-evm\/\",\"name\":\"Eternit (ETER3) sai de recupera\u00e7\u00e3o judicial ap\u00f3s seis anos\",\"isPartOf\":{\"@id\":\"https:\/\/www.suno.com.br\/noticias\/#website\"},\"primaryImageOfPage\":{\"@id\":\"https:\/\/www.suno.com.br\/noticias\/eternit-sai-recuperacao-judicial-seis-anos-evm\/#primaryimage\"},\"image\":{\"@id\":\"https:\/\/www.suno.com.br\/noticias\/eternit-sai-recuperacao-judicial-seis-anos-evm\/#primaryimage\"},\"thumbnailUrl\":\"https:\/\/files.sunoresearch.com.br\/n\/uploads\/2019\/05\/28dc62f4-eternit-jpg.webp\",\"datePublished\":\"2024-08-09T23:48:00+00:00\",\"description\":\"O processo de reestrutura\u00e7\u00e3o da Eternit incluiu a venda de ativos n\u00e3o operacionais e a antecipa\u00e7\u00e3o do pedido de recupera\u00e7\u00e3o judicial\",\"breadcrumb\":{\"@id\":\"https:\/\/www.suno.com.br\/noticias\/eternit-sai-recuperacao-judicial-seis-anos-evm\/#breadcrumb\"},\"inLanguage\":\"pt-BR\",\"potentialAction\":[{\"@type\":\"ReadAction\",\"target\":[\"https:\/\/www.suno.com.br\/noticias\/eternit-sai-recuperacao-judicial-seis-anos-evm\/\"]}]},{\"@type\":\"ImageObject\",\"inLanguage\":\"pt-BR\",\"@id\":\"https:\/\/www.suno.com.br\/noticias\/eternit-sai-recuperacao-judicial-seis-anos-evm\/#primaryimage\",\"url\":\"https:\/\/files.sunoresearch.com.br\/n\/uploads\/2019\/05\/28dc62f4-eternit-jpg.webp\",\"contentUrl\":\"https:\/\/files.sunoresearch.com.br\/n\/uploads\/2019\/05\/28dc62f4-eternit-jpg.webp\",\"width\":1200,\"height\":800,\"caption\":\"A Eternit \u00e9 l\u00edder nacional de mercado no segmento de coberturas. (divulga\u00e7\u00e3o)\"},{\"@type\":\"BreadcrumbList\",\"@id\":\"https:\/\/www.suno.com.br\/noticias\/eternit-sai-recuperacao-judicial-seis-anos-evm\/#breadcrumb\",\"itemListElement\":[{\"@type\":\"ListItem\",\"position\":1,\"name\":\"Not\u00edcias\",\"item\":\"https:\/\/www.suno.com.br\/noticias\/\"},{\"@type\":\"ListItem\",\"position\":2,\"name\":\"Neg\u00f3cios\",\"item\":\"https:\/\/www.suno.com.br\/noticias\/negocios\/\"},{\"@type\":\"ListItem\",\"position\":3,\"name\":\"Eternit (ETER3) sai de recupera\u00e7\u00e3o judicial ap\u00f3s seis anos de reestrutura\u00e7\u00e3o\"}]},{\"@type\":\"WebSite\",\"@id\":\"https:\/\/www.suno.com.br\/noticias\/#website\",\"url\":\"https:\/\/www.suno.com.br\/noticias\/\",\"name\":\"Suno Not\u00edcias\",\"description\":\"Seu portal de informa\u00e7\u00e3o sobre o mundo dos investimentos\",\"publisher\":{\"@id\":\"https:\/\/www.suno.com.br\/noticias\/#organization\"},\"potentialAction\":[{\"@type\":\"SearchAction\",\"target\":{\"@type\":\"EntryPoint\",\"urlTemplate\":\"https:\/\/www.suno.com.br\/noticias\/?s={search_term_string}\"},\"query-input\":{\"@type\":\"PropertyValueSpecification\",\"valueRequired\":true,\"valueName\":\"search_term_string\"}}],\"inLanguage\":\"pt-BR\"},{\"@type\":\"Organization\",\"@id\":\"https:\/\/www.suno.com.br\/noticias\/#organization\",\"name\":\"Suno Not\u00edcias\",\"url\":\"https:\/\/www.suno.com.br\/noticias\/\",\"logo\":{\"@type\":\"ImageObject\",\"inLanguage\":\"pt-BR\",\"@id\":\"https:\/\/www.suno.com.br\/noticias\/#\/schema\/logo\/image\/\",\"url\":\"https:\/\/files.sunoresearch.com.br\/n\/uploads\/2021\/09\/suno-logo.png\",\"contentUrl\":\"https:\/\/files.sunoresearch.com.br\/n\/uploads\/2021\/09\/suno-logo.png\",\"width\":180,\"height\":180,\"caption\":\"Suno Not\u00edcias\"},\"image\":{\"@id\":\"https:\/\/www.suno.com.br\/noticias\/#\/schema\/logo\/image\/\"},\"sameAs\":[\"https:\/\/facebook.com\/sunoresearch\",\"https:\/\/x.com\/sunoresearch\",\"https:\/\/www.instagram.com\/suno\",\"https:\/\/www.linkedin.com\/company\/suno-research\/\",\"https:\/\/www.youtube.com\/c\/sunoresearch\"]},{\"@type\":\"Person\",\"@id\":\"https:\/\/www.suno.com.br\/noticias\/#\/schema\/person\/7f4d362bf3518e76090143ae77bb49a5\",\"name\":\"Eduardo Vargas\",\"image\":{\"@type\":\"ImageObject\",\"inLanguage\":\"pt-BR\",\"@id\":\"https:\/\/www.suno.com.br\/noticias\/#\/schema\/person\/image\/\",\"url\":\"https:\/\/secure.gravatar.com\/avatar\/dac340933427a22924c9f99d1eb2e3f2?s=96&r=g\",\"contentUrl\":\"https:\/\/secure.gravatar.com\/avatar\/dac340933427a22924c9f99d1eb2e3f2?s=96&r=g\",\"caption\":\"Eduardo Vargas\"},\"description\":\"Jornalista formado pela UFSC, cobre macroeconomia, neg\u00f3cios e startups para o Suno Not\u00edcias, escrevendo principalmente not\u00edcias sobre o mercado financeiro e a bolsa de valores. No YouTube e no Instagram, \u00e9 respons\u00e1vel pela produ\u00e7\u00e3o de Reels e Shorts do Suno Not\u00edcias. Anteriormente, trabalhou cobrindo economia e cotidiano no ND+ e para o ND, maior jornal impresso de Santa Catarina. Cursou um semestre letivo de Estudos de M\u00eddia na Universidad de Buenos Aires.\",\"url\":\"https:\/\/www.suno.com.br\/noticias\/author\/eduardo-vargas\/\"}]}<\/script>\n<!-- \/ Yoast SEO plugin. -->","yoast_head_json":{"title":"Eternit (ETER3) sai de recupera\u00e7\u00e3o judicial ap\u00f3s seis anos","description":"O processo de reestrutura\u00e7\u00e3o da Eternit incluiu a venda de ativos n\u00e3o operacionais e a antecipa\u00e7\u00e3o do pedido de recupera\u00e7\u00e3o judicial","robots":{"index":"index","follow":"follow","max-snippet":"max-snippet:-1","max-image-preview":"max-image-preview:large","max-video-preview":"max-video-preview:-1"},"canonical":"https:\/\/www.suno.com.br\/noticias\/eternit-sai-recuperacao-judicial-seis-anos-evm\/","og_locale":"pt_BR","og_type":"article","og_title":"Eternit (ETER3) sai de recupera\u00e7\u00e3o judicial ap\u00f3s seis anos","og_description":"O processo de reestrutura\u00e7\u00e3o da Eternit incluiu a venda de ativos n\u00e3o operacionais e a antecipa\u00e7\u00e3o do pedido de recupera\u00e7\u00e3o judicial","og_url":"https:\/\/www.suno.com.br\/noticias\/eternit-sai-recuperacao-judicial-seis-anos-evm\/","og_site_name":"Suno Not\u00edcias","article_publisher":"https:\/\/facebook.com\/sunoresearch","og_image":[{"width":1200,"height":800,"url":"http:\/\/files.sunoresearch.com.br\/n\/uploads\/2019\/05\/28dc62f4-eternit.jpg","type":"image\/jpeg"}],"author":"Eduardo Vargas","twitter_card":"summary_large_image","twitter_creator":"@sunoresearch","twitter_site":"@sunoresearch","twitter_misc":{"Escrito por":"Eduardo Vargas","Est. tempo de leitura":"2 minutos"},"schema":{"@context":"https:\/\/schema.org","@graph":[{"@type":"NewsArticle","@id":"https:\/\/www.suno.com.br\/noticias\/eternit-sai-recuperacao-judicial-seis-anos-evm\/#article","isPartOf":{"@id":"https:\/\/www.suno.com.br\/noticias\/eternit-sai-recuperacao-judicial-seis-anos-evm\/"},"author":{"name":"Eduardo Vargas","@id":"https:\/\/www.suno.com.br\/noticias\/#\/schema\/person\/7f4d362bf3518e76090143ae77bb49a5"},"headline":"Eternit (ETER3) sai de recupera\u00e7\u00e3o judicial ap\u00f3s seis anos de reestrutura\u00e7\u00e3o","datePublished":"2024-08-09T23:48:00+00:00","mainEntityOfPage":{"@id":"https:\/\/www.suno.com.br\/noticias\/eternit-sai-recuperacao-judicial-seis-anos-evm\/"},"wordCount":344,"publisher":{"@id":"https:\/\/www.suno.com.br\/noticias\/#organization"},"image":{"@id":"https:\/\/www.suno.com.br\/noticias\/eternit-sai-recuperacao-judicial-seis-anos-evm\/#primaryimage"},"thumbnailUrl":"https:\/\/files.sunoresearch.com.br\/n\/uploads\/2019\/05\/28dc62f4-eternit-jpg.webp","keywords":["constru\u00e7\u00e3o civil"],"articleSection":["Neg\u00f3cios"],"inLanguage":"pt-BR"},{"@type":"WebPage","@id":"https:\/\/www.suno.com.br\/noticias\/eternit-sai-recuperacao-judicial-seis-anos-evm\/","url":"https:\/\/www.suno.com.br\/noticias\/eternit-sai-recuperacao-judicial-seis-anos-evm\/","name":"Eternit (ETER3) sai de recupera\u00e7\u00e3o judicial ap\u00f3s seis anos","isPartOf":{"@id":"https:\/\/www.suno.com.br\/noticias\/#website"},"primaryImageOfPage":{"@id":"https:\/\/www.suno.com.br\/noticias\/eternit-sai-recuperacao-judicial-seis-anos-evm\/#primaryimage"},"image":{"@id":"https:\/\/www.suno.com.br\/noticias\/eternit-sai-recuperacao-judicial-seis-anos-evm\/#primaryimage"},"thumbnailUrl":"https:\/\/files.sunoresearch.com.br\/n\/uploads\/2019\/05\/28dc62f4-eternit-jpg.webp","datePublished":"2024-08-09T23:48:00+00:00","description":"O processo de reestrutura\u00e7\u00e3o da Eternit incluiu a venda de ativos n\u00e3o operacionais e a antecipa\u00e7\u00e3o do pedido de recupera\u00e7\u00e3o judicial","breadcrumb":{"@id":"https:\/\/www.suno.com.br\/noticias\/eternit-sai-recuperacao-judicial-seis-anos-evm\/#breadcrumb"},"inLanguage":"pt-BR","potentialAction":[{"@type":"ReadAction","target":["https:\/\/www.suno.com.br\/noticias\/eternit-sai-recuperacao-judicial-seis-anos-evm\/"]}]},{"@type":"ImageObject","inLanguage":"pt-BR","@id":"https:\/\/www.suno.com.br\/noticias\/eternit-sai-recuperacao-judicial-seis-anos-evm\/#primaryimage","url":"https:\/\/files.sunoresearch.com.br\/n\/uploads\/2019\/05\/28dc62f4-eternit-jpg.webp","contentUrl":"https:\/\/files.sunoresearch.com.br\/n\/uploads\/2019\/05\/28dc62f4-eternit-jpg.webp","width":1200,"height":800,"caption":"A Eternit \u00e9 l\u00edder nacional de mercado no segmento de coberturas. (divulga\u00e7\u00e3o)"},{"@type":"BreadcrumbList","@id":"https:\/\/www.suno.com.br\/noticias\/eternit-sai-recuperacao-judicial-seis-anos-evm\/#breadcrumb","itemListElement":[{"@type":"ListItem","position":1,"name":"Not\u00edcias","item":"https:\/\/www.suno.com.br\/noticias\/"},{"@type":"ListItem","position":2,"name":"Neg\u00f3cios","item":"https:\/\/www.suno.com.br\/noticias\/negocios\/"},{"@type":"ListItem","position":3,"name":"Eternit (ETER3) sai de recupera\u00e7\u00e3o judicial ap\u00f3s seis anos de reestrutura\u00e7\u00e3o"}]},{"@type":"WebSite","@id":"https:\/\/www.suno.com.br\/noticias\/#website","url":"https:\/\/www.suno.com.br\/noticias\/","name":"Suno Not\u00edcias","description":"Seu portal de informa\u00e7\u00e3o sobre o mundo dos investimentos","publisher":{"@id":"https:\/\/www.suno.com.br\/noticias\/#organization"},"potentialAction":[{"@type":"SearchAction","target":{"@type":"EntryPoint","urlTemplate":"https:\/\/www.suno.com.br\/noticias\/?s={search_term_string}"},"query-input":{"@type":"PropertyValueSpecification","valueRequired":true,"valueName":"search_term_string"}}],"inLanguage":"pt-BR"},{"@type":"Organization","@id":"https:\/\/www.suno.com.br\/noticias\/#organization","name":"Suno Not\u00edcias","url":"https:\/\/www.suno.com.br\/noticias\/","logo":{"@type":"ImageObject","inLanguage":"pt-BR","@id":"https:\/\/www.suno.com.br\/noticias\/#\/schema\/logo\/image\/","url":"https:\/\/files.sunoresearch.com.br\/n\/uploads\/2021\/09\/suno-logo.png","contentUrl":"https:\/\/files.sunoresearch.com.br\/n\/uploads\/2021\/09\/suno-logo.png","width":180,"height":180,"caption":"Suno Not\u00edcias"},"image":{"@id":"https:\/\/www.suno.com.br\/noticias\/#\/schema\/logo\/image\/"},"sameAs":["https:\/\/facebook.com\/sunoresearch","https:\/\/x.com\/sunoresearch","https:\/\/www.instagram.com\/suno","https:\/\/www.linkedin.com\/company\/suno-research\/","https:\/\/www.youtube.com\/c\/sunoresearch"]},{"@type":"Person","@id":"https:\/\/www.suno.com.br\/noticias\/#\/schema\/person\/7f4d362bf3518e76090143ae77bb49a5","name":"Eduardo Vargas","image":{"@type":"ImageObject","inLanguage":"pt-BR","@id":"https:\/\/www.suno.com.br\/noticias\/#\/schema\/person\/image\/","url":"https:\/\/secure.gravatar.com\/avatar\/dac340933427a22924c9f99d1eb2e3f2?s=96&r=g","contentUrl":"https:\/\/secure.gravatar.com\/avatar\/dac340933427a22924c9f99d1eb2e3f2?s=96&r=g","caption":"Eduardo Vargas"},"description":"Jornalista formado pela UFSC, cobre macroeconomia, neg\u00f3cios e startups para o Suno Not\u00edcias, escrevendo principalmente not\u00edcias sobre o mercado financeiro e a bolsa de valores. No YouTube e no Instagram, \u00e9 respons\u00e1vel pela produ\u00e7\u00e3o de Reels e Shorts do Suno Not\u00edcias. Anteriormente, trabalhou cobrindo economia e cotidiano no ND+ e para o ND, maior jornal impresso de Santa Catarina. Cursou um semestre letivo de Estudos de M\u00eddia na Universidad de Buenos Aires.","url":"https:\/\/www.suno.com.br\/noticias\/author\/eduardo-vargas\/"}]}},"default_loop_html":"<div class=\"cardsPage__listCard__boxs\"><div class=\"cardsPage__listCard__boxs__img\"><a href=\"https:\/\/www.suno.com.br\/noticias\/eternit-sai-recuperacao-judicial-seis-anos-evm\/\"><img class=\"mask\" src=\"https:\/\/www.suno.com.br\/noticias\/wp-content\/themes\/suno\/resources\/images\/spotlight\/spotlight1img\/bg-mask.png\" alt=\"Image Mask\"\/><img src=\"https:\/\/files.sunoresearch.com.br\/n\/uploads\/2019\/05\/28dc62f4-eternit-400x200.webp\" alt=\"Eternit (ETER3) sai de recupera\u00e7\u00e3o judicial ap\u00f3s seis anos de reestrutura\u00e7\u00e3o\"\/><\/a><span class=\"spotlightCategory\"><a href=\"https:\/\/www.suno.com.br\/noticias\/negocios\/\">Neg\u00f3cios<\/a><\/span><\/div><div class=\"cardsPage__listCard__boxs__content\"><a href=\"https:\/\/www.suno.com.br\/noticias\/eternit-sai-recuperacao-judicial-seis-anos-evm\/\"><h2 class=\"content__title\">Eternit (ETER3) sai de recupera\u00e7\u00e3o judicial ap\u00f3s seis anos de reestrutura\u00e7\u00e3o<\/h2><\/a><div class=\"newsContent__article__meta\"><div class=\"newsContent__article__meta__authorBox\"><a href=\"https:\/\/www.suno.com.br\/noticias\/author\/eduardo-vargas\/\" class=\"authorBox__avatar noMobi\"><img src=\"https:\/\/secure.gravatar.com\/avatar\/dac340933427a22924c9f99d1eb2e3f2?s=96&#038;r=g\" alt=\"Eduardo Vargas\"><\/a><div class=\"authorBox__name\"><span>por\n\t\t\t<a href=\"https:\/\/www.suno.com.br\/noticias\/author\/eduardo-vargas\/\"><span itemprop=\"author\">Eduardo Vargas<\/span><\/a><\/span><time datetime=\"2024-08-09T20:48:00-03:00\" itemprop=\"datePublished\">09\/08\/2024 20:48<\/time><\/div><\/div><\/div><\/div><\/div>","single_layout":"posts","amp_enabled":true,"_links":{"self":[{"href":"https:\/\/www.suno.com.br\/noticias\/wp-json\/wp\/v2\/posts\/570089"}],"collection":[{"href":"https:\/\/www.suno.com.br\/noticias\/wp-json\/wp\/v2\/posts"}],"about":[{"href":"https:\/\/www.suno.com.br\/noticias\/wp-json\/wp\/v2\/types\/post"}],"author":[{"embeddable":true,"href":"https:\/\/www.suno.com.br\/noticias\/wp-json\/wp\/v2\/users\/73"}],"replies":[{"embeddable":true,"href":"https:\/\/www.suno.com.br\/noticias\/wp-json\/wp\/v2\/comments?post=570089"}],"version-history":[{"count":3,"href":"https:\/\/www.suno.com.br\/noticias\/wp-json\/wp\/v2\/posts\/570089\/revisions"}],"predecessor-version":[{"id":570094,"href":"https:\/\/www.suno.com.br\/noticias\/wp-json\/wp\/v2\/posts\/570089\/revisions\/570094"}],"wp:featuredmedia":[{"embeddable":true,"href":"https:\/\/www.suno.com.br\/noticias\/wp-json\/wp\/v2\/media\/26811"}],"wp:attachment":[{"href":"https:\/\/www.suno.com.br\/noticias\/wp-json\/wp\/v2\/media?parent=570089"}],"wp:term":[{"taxonomy":"category","embeddable":true,"href":"https:\/\/www.suno.com.br\/noticias\/wp-json\/wp\/v2\/categories?post=570089"},{"taxonomy":"post_tag","embeddable":true,"href":"https:\/\/www.suno.com.br\/noticias\/wp-json\/wp\/v2\/tags?post=570089"},{"taxonomy":"suno_strategy","embeddable":true,"href":"https:\/\/www.suno.com.br\/noticias\/wp-json\/wp\/v2\/suno_strategy?post=570089"}],"curies":[{"name":"wp","href":"https:\/\/api.w.org\/{rel}","templated":true}]}}