{"id":570016,"date":"2024-08-09T14:30:25","date_gmt":"2024-08-09T17:30:25","guid":{"rendered":"https:\/\/www.suno.com.br\/noticias\/?p=570016"},"modified":"2024-08-09T14:30:29","modified_gmt":"2024-08-09T17:30:29","slug":"sabesp-sbsp3-2t24-extensao-rali-bba-gss","status":"publish","type":"post","link":"https:\/\/www.suno.com.br\/noticias\/sabesp-sbsp3-2t24-extensao-rali-bba-gss\/","title":{"rendered":"BBA mant\u00e9m vis\u00e3o positiva para Sabesp (SBSP3) ap\u00f3s balan\u00e7o e projeta extens\u00e3o do rali"},"content":{"rendered":"<p>A <strong>Sabesp<\/strong> (<a class=\"suno-keyword\" data-force=\"yes\" data-priority=\"2\" href=\"https:\/\/www.suno.com.br\/analitica\/acoes\/sbsp3\/\" target=\"_blank\" rel=\"noopener\">SBSP3<\/a>) reportou um <a class=\"suno-keyword\" data-force=\"no\" data-priority=\"1\" href=\"https:\/\/www.suno.com.br\/artigos\/lucro-liquido\/\" target=\"_blank\" rel=\"noopener\">lucro l\u00edquido<\/a> de R$ 1,21 bilh\u00e3o no segundo trimestre deste ano, em seu \u00faltimo balan\u00e7o como empresa estatal. Ap\u00f3s a divulga\u00e7\u00e3o dos resultados, o Ita\u00fa BBA reafirmou sua vis\u00e3o otimista para as a\u00e7\u00f5es da empresa e projetou uma extens\u00e3o do atual rali.<\/p>\t<div class=\"wrapper-featured-image\">\n\t\t<figure class=\"spotlightImg\">\n\n\t\t\t<picture>\n\t\t\t\t<source media=\"(max-width: 768px)\" srcset=\"https:\/\/files.sunoresearch.com.br\/n\/uploads\/2023\/09\/sabesp-sbsp3-400x200.jpg\">\n\t\t\t\t<img loading=\"lazy\" decoding=\"async\" class=\"newsContent__article__imgCapa lazyloadDisabled \" src=\"https:\/\/files.sunoresearch.com.br\/n\/uploads\/2023\/09\/sabesp-sbsp3-800x450.jpg\" width=\"800\" height=\"450\" alt=\"BBA mant\u00e9m vis\u00e3o positiva para Sabesp (SBSP3) ap\u00f3s balan\u00e7o e projeta extens\u00e3o do rali\" fetchpriority=high \/>\n\t\t\t<\/picture>\n\n\t\t\t<figcaption class=\"wp-caption-text wp-caption-text--show\">Sabesp (SBSP3). Foto: Divulga\u00e7\u00e3o<\/figcaption>\n\t\t<\/figure>\n\t<\/div>\n\n\n\n\n\n\n\n\t<p>\n\t\t<a href=\"https:\/\/lp.suno.com.br\/planilha-da-vida-financeira\/\" target=\"_blank\" data-element=\"shortcode-suno-banner\" title=\"Banner SUNO, clique e saiba mais\">\n\t\t\t<picture>\n\t\t\t\t<source media=\"(max-width: 500px)\" srcset=\"https:\/\/files.sunoresearch.com.br\/n\/uploads\/2023\/04\/400x300-Planilha-vida-financeira-true.png\">\n\t\t\t\t<img class=\"newsContent__article__imgCapa newsContent__article__imgCapa--banner\"\n\t\t\t\t\tsrc=\"https:\/\/files.sunoresearch.com.br\/n\/uploads\/2023\/04\/1420x240-Planilha-vida-financeira-true.png\"\n\t\t\t\t\tdata-promo-id=\"106682\"\t\t\t\t\t\t\t\t\t\twidth='1420' height='240'\t\t\t\t\talt=\"https:\/\/files.sunoresearch.com.br\/n\/uploads\/2023\/04\/1420x240-Planilha-vida-financeira-true.png\"\n\t\t\t\t>\n\t\t\t<\/picture>\n\t\t<\/a>\n\t<\/p>\n\n\n\n\n\n<p>O Ita\u00fa BBA destaca que alguns indicadores da <strong>Sabesp no 2T24<\/strong>, como o Ebitda recorrente, ficaram acima das proje\u00e7\u00f5es da casa. Isso se d\u00e1, de acordo com os analistas, pelos n\u00fameros de despesas gerais e das provis\u00f5es melhores do que o previsto.<\/p>\n\n\n\n<p>A casa tamb\u00e9m destaca a redu\u00e7\u00e3o &#8220;significativa&#8221; nas despesas com inadimpl\u00eancia, uma queda de 67% na base anual. <\/p>\n\n\n\n<p>J\u00e1 o lucro l\u00edquido, tamb\u00e9m acima do projetado pelo BBA, se deu, na vis\u00e3o dos analistas, pelo impacto muito melhor do que o esperado em rela\u00e7\u00e3o \u00e0s <a class=\"suno-keyword\" target=\"_blank\" data-force=\"no\" data-priority=\"1\" href=\"https:\/\/www.suno.com.br\/artigos\/despesas-financeiras\/\" rel=\"noopener\">despesas financeiras<\/a> l\u00edquidas. <\/p>\n\n\n\n<p>A casa reafirma que as <strong>a\u00e7\u00f5es da Sabesp<\/strong> seguem sendo uma das principais escolhas no setor de utilidades p\u00fablicas, sendo que essa vis\u00e3o positiva sobre a empresa \u00e9 baseada por fatores como:<\/p>\n\n\n\n<ul class=\"wp-block-list\">\n<li>Avalia\u00e7\u00e3o atraente<\/li>\n\n\n\n<li>Perspectiva de crescimento promissora<\/li>\n\n\n\n<li>Potencial significativo de alta em ganhos de efici\u00eancia<\/li>\n<\/ul>\n\n\n\t<p>\n\t\t<a href=\"https:\/\/lp.suno.com.br\/ebook-como-analisar-uma-acao\/\" target=\"_blank\" data-element=\"shortcode-suno-banner\" title=\"Banner SUNO, clique e saiba mais\">\n\t\t\t<picture>\n\t\t\t\t<source media=\"(max-width: 500px)\" srcset=\"https:\/\/files.sunoresearch.com.br\/n\/uploads\/2023\/03\/Ebook-Acoes-Mobile.jpg\">\n\t\t\t\t<img class=\"newsContent__article__imgCapa newsContent__article__imgCapa--banner\"\n\t\t\t\t\tsrc=\"https:\/\/files.sunoresearch.com.br\/n\/uploads\/2023\/03\/Ebook-Acoes-Desktop.jpg\"\n\t\t\t\t\tdata-promo-id=\"378302\"\t\t\t\t\t\t\t\t\t\twidth='1420' height='286'\t\t\t\t\talt=\"https:\/\/files.sunoresearch.com.br\/n\/uploads\/2023\/03\/Ebook-Acoes-Desktop.jpg\"\n\t\t\t\t>\n\t\t\t<\/picture>\n\t\t<\/a>\n\t<\/p>\n\n\n\n\n\n<p>Os analistas ainda veem com bons olhos o que o investidor estrat\u00e9gico da <strong>SBSP3<\/strong>, a Equatorial, poder\u00e1 trazer \u00e0 mesa, &#8220;acelerando o processo de recupera\u00e7\u00e3o e ajudando a Sabesp a atingir a universaliza\u00e7\u00e3o dos servi\u00e7os at\u00e9 2029&#8221;.<\/p>\n\n\n\n<p>Alguns catalisadores para a empresa a serem observados daqui em diante, segundo o Ita\u00fa BBA, s\u00e3o:<\/p>\n\n\n\n<ul class=\"wp-block-list\">\n<li>An\u00fancios de governan\u00e7a, incluindo um novo conselho de administra\u00e7\u00e3o e nova equipe de gest\u00e3o<\/li>\n\n\n\n<li>An\u00fancios da nova estrat\u00e9gia e prioridades<\/li>\n<\/ul>\n\n\n\n<p>Alguns detalhes de governan\u00e7a, pondera a casa, dependiam da autoriza\u00e7\u00e3o do Cade, o que j\u00e1 aconteceu.<\/p>\n\n\n\n<p>&#8220;Portanto, devemos esperar mais not\u00edcias sobre isso em breve, com a pr\u00f3xima assembleia de acionistas para votar o novo <a class=\"suno-keyword\" target=\"_blank\" data-force=\"no\" data-priority=\"1\" href=\"https:\/\/www.suno.com.br\/artigos\/conselho-administracao\/\" rel=\"noopener\">conselho de administra\u00e7\u00e3o<\/a> ocorrendo antes do esperado, provavelmente em setembro&#8221;, diz o relat\u00f3rio.<\/p>\n\n\n\n<p>O Ita\u00fa BBA tem recomenda\u00e7\u00e3o outperform (compra) para as a\u00e7\u00f5es da <strong>Sabesp<\/strong> (SBSP3), com pre\u00e7o-alvo de R$ 143,40.<\/p>\n\n\n\t<p>\n\t\t<a href=\"https:\/\/lp.suno.com.br\/planilha-da-vida-financeira\/\" target=\"_blank\" data-element=\"shortcode-suno-banner\" title=\"Banner SUNO, clique e saiba mais\">\n\t\t\t<picture>\n\t\t\t\t<source media=\"(max-width: 500px)\" srcset=\"https:\/\/files.sunoresearch.com.br\/n\/uploads\/2023\/04\/400x300-Planilha-vida-financeira-true.png\">\n\t\t\t\t<img class=\"newsContent__article__imgCapa newsContent__article__imgCapa--banner\"\n\t\t\t\t\tsrc=\"https:\/\/files.sunoresearch.com.br\/n\/uploads\/2023\/04\/1420x240-Planilha-vida-financeira-true.png\"\n\t\t\t\t\tdata-promo-id=\"383123\"\t\t\t\t\t\t\t\t\t\twidth='1420' height='240'\t\t\t\t\talt=\"https:\/\/files.sunoresearch.com.br\/n\/uploads\/2023\/04\/1420x240-Planilha-vida-financeira-true.png\"\n\t\t\t\t>\n\t\t\t<\/picture>\n\t\t<\/a>\n\t<\/p>\n\n\n","protected":false},"excerpt":{"rendered":"<p>A Sabesp (SBSP3) reportou um lucro l\u00edquido de R$ 1,21 bilh\u00e3o no segundo trimestre deste ano, em seu \u00faltimo balan\u00e7o como empresa estatal. Ap\u00f3s a divulga\u00e7\u00e3o dos resultados, o Ita\u00fa BBA reafirmou sua vis\u00e3o otimista para as a\u00e7\u00f5es da empresa e projetou uma extens\u00e3o do atual rali. Sabesp (SBSP3). Foto: Divulga\u00e7\u00e3o O Ita\u00fa BBA destaca [&hellip;]<\/p>\n","protected":false},"author":376,"featured_media":452743,"comment_status":"closed","ping_status":"closed","sticky":false,"template":"","format":"standard","meta":[],"categories":[64],"tags":[106765],"suno_strategy":[],"class_list":["post-570016","post","type-post","status-publish","format-standard","has-post-thumbnail","hentry","category-negocios","tag-sabesp-sbsp3"],"yoast_head":"<!-- This site is optimized with the Yoast SEO plugin v24.4 - https:\/\/yoast.com\/wordpress\/plugins\/seo\/ -->\n<title>Sabesp (SBSP3): BBA projeta extens\u00e3o do rali ap\u00f3s balan\u00e7o<\/title>\n<meta name=\"description\" content=\"Ap\u00f3s a Sabesp reportar seu balan\u00e7o do 2T24, o Ita\u00fa BBA manteve vis\u00e3o otimista sobre a empresa. Clique para detalhes.\" \/>\n<meta name=\"robots\" content=\"index, follow, max-snippet:-1, max-image-preview:large, max-video-preview:-1\" \/>\n<link rel=\"canonical\" href=\"https:\/\/www.suno.com.br\/noticias\/sabesp-sbsp3-2t24-extensao-rali-bba-gss\/\" \/>\n<meta property=\"og:locale\" content=\"pt_BR\" \/>\n<meta property=\"og:type\" content=\"article\" \/>\n<meta property=\"og:title\" content=\"Sabesp (SBSP3): BBA projeta extens\u00e3o do rali ap\u00f3s balan\u00e7o\" \/>\n<meta property=\"og:description\" content=\"Ap\u00f3s a Sabesp reportar seu balan\u00e7o do 2T24, o Ita\u00fa BBA manteve vis\u00e3o otimista sobre a empresa. Clique para detalhes.\" \/>\n<meta property=\"og:url\" content=\"https:\/\/www.suno.com.br\/noticias\/sabesp-sbsp3-2t24-extensao-rali-bba-gss\/\" \/>\n<meta property=\"og:site_name\" content=\"Suno Not\u00edcias\" \/>\n<meta property=\"article:publisher\" content=\"https:\/\/facebook.com\/sunoresearch\" \/>\n<meta property=\"og:image\" content=\"https:\/\/files.sunoresearch.com.br\/n\/uploads\/2023\/09\/sabesp-sbsp3.jpg\" \/>\n\t<meta property=\"og:image:width\" content=\"1200\" \/>\n\t<meta property=\"og:image:height\" content=\"800\" \/>\n\t<meta property=\"og:image:type\" content=\"image\/jpeg\" \/>\n<meta name=\"author\" content=\"Guilherme Serrano\" \/>\n<meta name=\"twitter:card\" content=\"summary_large_image\" \/>\n<meta name=\"twitter:creator\" content=\"@sunoresearch\" \/>\n<meta name=\"twitter:site\" content=\"@sunoresearch\" \/>\n<meta name=\"twitter:label1\" content=\"Escrito por\" \/>\n\t<meta name=\"twitter:data1\" content=\"Guilherme Serrano\" \/>\n\t<meta name=\"twitter:label2\" content=\"Est. tempo de leitura\" \/>\n\t<meta name=\"twitter:data2\" content=\"2 minutos\" \/>\n<script type=\"application\/ld+json\" class=\"yoast-schema-graph\">{\"@context\":\"https:\/\/schema.org\",\"@graph\":[{\"@type\":\"NewsArticle\",\"@id\":\"https:\/\/www.suno.com.br\/noticias\/sabesp-sbsp3-2t24-extensao-rali-bba-gss\/#article\",\"isPartOf\":{\"@id\":\"https:\/\/www.suno.com.br\/noticias\/sabesp-sbsp3-2t24-extensao-rali-bba-gss\/\"},\"author\":{\"name\":\"Guilherme Serrano\",\"@id\":\"https:\/\/www.suno.com.br\/noticias\/#\/schema\/person\/d0f07e64bce64aa671feadfb844f04ca\"},\"headline\":\"BBA mant\u00e9m vis\u00e3o positiva para Sabesp (SBSP3) ap\u00f3s balan\u00e7o e projeta extens\u00e3o do rali\",\"datePublished\":\"2024-08-09T17:30:25+00:00\",\"dateModified\":\"2024-08-09T17:30:29+00:00\",\"mainEntityOfPage\":{\"@id\":\"https:\/\/www.suno.com.br\/noticias\/sabesp-sbsp3-2t24-extensao-rali-bba-gss\/\"},\"wordCount\":388,\"publisher\":{\"@id\":\"https:\/\/www.suno.com.br\/noticias\/#organization\"},\"image\":{\"@id\":\"https:\/\/www.suno.com.br\/noticias\/sabesp-sbsp3-2t24-extensao-rali-bba-gss\/#primaryimage\"},\"thumbnailUrl\":\"https:\/\/files.sunoresearch.com.br\/n\/uploads\/2023\/09\/sabesp-sbsp3.jpg\",\"keywords\":[\"Sabesp (SBSP3)\"],\"articleSection\":[\"Neg\u00f3cios\"],\"inLanguage\":\"pt-BR\"},{\"@type\":\"WebPage\",\"@id\":\"https:\/\/www.suno.com.br\/noticias\/sabesp-sbsp3-2t24-extensao-rali-bba-gss\/\",\"url\":\"https:\/\/www.suno.com.br\/noticias\/sabesp-sbsp3-2t24-extensao-rali-bba-gss\/\",\"name\":\"Sabesp (SBSP3): BBA projeta extens\u00e3o do rali ap\u00f3s balan\u00e7o\",\"isPartOf\":{\"@id\":\"https:\/\/www.suno.com.br\/noticias\/#website\"},\"primaryImageOfPage\":{\"@id\":\"https:\/\/www.suno.com.br\/noticias\/sabesp-sbsp3-2t24-extensao-rali-bba-gss\/#primaryimage\"},\"image\":{\"@id\":\"https:\/\/www.suno.com.br\/noticias\/sabesp-sbsp3-2t24-extensao-rali-bba-gss\/#primaryimage\"},\"thumbnailUrl\":\"https:\/\/files.sunoresearch.com.br\/n\/uploads\/2023\/09\/sabesp-sbsp3.jpg\",\"datePublished\":\"2024-08-09T17:30:25+00:00\",\"dateModified\":\"2024-08-09T17:30:29+00:00\",\"description\":\"Ap\u00f3s a Sabesp reportar seu balan\u00e7o do 2T24, o Ita\u00fa BBA manteve vis\u00e3o otimista sobre a empresa. Clique para detalhes.\",\"breadcrumb\":{\"@id\":\"https:\/\/www.suno.com.br\/noticias\/sabesp-sbsp3-2t24-extensao-rali-bba-gss\/#breadcrumb\"},\"inLanguage\":\"pt-BR\",\"potentialAction\":[{\"@type\":\"ReadAction\",\"target\":[\"https:\/\/www.suno.com.br\/noticias\/sabesp-sbsp3-2t24-extensao-rali-bba-gss\/\"]}]},{\"@type\":\"ImageObject\",\"inLanguage\":\"pt-BR\",\"@id\":\"https:\/\/www.suno.com.br\/noticias\/sabesp-sbsp3-2t24-extensao-rali-bba-gss\/#primaryimage\",\"url\":\"https:\/\/files.sunoresearch.com.br\/n\/uploads\/2023\/09\/sabesp-sbsp3.jpg\",\"contentUrl\":\"https:\/\/files.sunoresearch.com.br\/n\/uploads\/2023\/09\/sabesp-sbsp3.jpg\",\"width\":1200,\"height\":800,\"caption\":\"Sabesp (SBSP3). Foto: Divulga\u00e7\u00e3o\"},{\"@type\":\"BreadcrumbList\",\"@id\":\"https:\/\/www.suno.com.br\/noticias\/sabesp-sbsp3-2t24-extensao-rali-bba-gss\/#breadcrumb\",\"itemListElement\":[{\"@type\":\"ListItem\",\"position\":1,\"name\":\"Not\u00edcias\",\"item\":\"https:\/\/www.suno.com.br\/noticias\/\"},{\"@type\":\"ListItem\",\"position\":2,\"name\":\"Neg\u00f3cios\",\"item\":\"https:\/\/www.suno.com.br\/noticias\/negocios\/\"},{\"@type\":\"ListItem\",\"position\":3,\"name\":\"BBA mant\u00e9m vis\u00e3o positiva para Sabesp (SBSP3) ap\u00f3s balan\u00e7o e projeta extens\u00e3o do rali\"}]},{\"@type\":\"WebSite\",\"@id\":\"https:\/\/www.suno.com.br\/noticias\/#website\",\"url\":\"https:\/\/www.suno.com.br\/noticias\/\",\"name\":\"Suno Not\u00edcias\",\"description\":\"Seu portal de informa\u00e7\u00e3o sobre o mundo dos investimentos\",\"publisher\":{\"@id\":\"https:\/\/www.suno.com.br\/noticias\/#organization\"},\"potentialAction\":[{\"@type\":\"SearchAction\",\"target\":{\"@type\":\"EntryPoint\",\"urlTemplate\":\"https:\/\/www.suno.com.br\/noticias\/?s={search_term_string}\"},\"query-input\":{\"@type\":\"PropertyValueSpecification\",\"valueRequired\":true,\"valueName\":\"search_term_string\"}}],\"inLanguage\":\"pt-BR\"},{\"@type\":\"Organization\",\"@id\":\"https:\/\/www.suno.com.br\/noticias\/#organization\",\"name\":\"Suno Not\u00edcias\",\"url\":\"https:\/\/www.suno.com.br\/noticias\/\",\"logo\":{\"@type\":\"ImageObject\",\"inLanguage\":\"pt-BR\",\"@id\":\"https:\/\/www.suno.com.br\/noticias\/#\/schema\/logo\/image\/\",\"url\":\"https:\/\/files.sunoresearch.com.br\/n\/uploads\/2021\/09\/suno-logo.png\",\"contentUrl\":\"https:\/\/files.sunoresearch.com.br\/n\/uploads\/2021\/09\/suno-logo.png\",\"width\":180,\"height\":180,\"caption\":\"Suno Not\u00edcias\"},\"image\":{\"@id\":\"https:\/\/www.suno.com.br\/noticias\/#\/schema\/logo\/image\/\"},\"sameAs\":[\"https:\/\/facebook.com\/sunoresearch\",\"https:\/\/x.com\/sunoresearch\",\"https:\/\/www.instagram.com\/suno\",\"https:\/\/www.linkedin.com\/company\/suno-research\/\",\"https:\/\/www.youtube.com\/c\/sunoresearch\"]},{\"@type\":\"Person\",\"@id\":\"https:\/\/www.suno.com.br\/noticias\/#\/schema\/person\/d0f07e64bce64aa671feadfb844f04ca\",\"name\":\"Guilherme Serrano\",\"image\":{\"@type\":\"ImageObject\",\"inLanguage\":\"pt-BR\",\"@id\":\"https:\/\/www.suno.com.br\/noticias\/#\/schema\/person\/image\/\",\"url\":\"https:\/\/secure.gravatar.com\/avatar\/a90be19d8c67bef61497e4522de30ac4?s=96&r=g\",\"contentUrl\":\"https:\/\/secure.gravatar.com\/avatar\/a90be19d8c67bef61497e4522de30ac4?s=96&r=g\",\"caption\":\"Guilherme Serrano\"},\"description\":\"Jornalista formado pela Faculdade C\u00e1sper L\u00edbero e p\u00f3s-graduado em Can\u00e7\u00e3o Popular pela Faculdade Santa Marcelina. Passagens por R\u00e1dio Gazeta AM, gazetaesportiva.com e TC R\u00e1dio.\",\"url\":\"https:\/\/www.suno.com.br\/noticias\/author\/guilherme-silvasuno-com-br\/\"}]}<\/script>\n<!-- \/ Yoast SEO plugin. -->","yoast_head_json":{"title":"Sabesp (SBSP3): BBA projeta extens\u00e3o do rali ap\u00f3s balan\u00e7o","description":"Ap\u00f3s a Sabesp reportar seu balan\u00e7o do 2T24, o Ita\u00fa BBA manteve vis\u00e3o otimista sobre a empresa. Clique para detalhes.","robots":{"index":"index","follow":"follow","max-snippet":"max-snippet:-1","max-image-preview":"max-image-preview:large","max-video-preview":"max-video-preview:-1"},"canonical":"https:\/\/www.suno.com.br\/noticias\/sabesp-sbsp3-2t24-extensao-rali-bba-gss\/","og_locale":"pt_BR","og_type":"article","og_title":"Sabesp (SBSP3): BBA projeta extens\u00e3o do rali ap\u00f3s balan\u00e7o","og_description":"Ap\u00f3s a Sabesp reportar seu balan\u00e7o do 2T24, o Ita\u00fa BBA manteve vis\u00e3o otimista sobre a empresa. Clique para detalhes.","og_url":"https:\/\/www.suno.com.br\/noticias\/sabesp-sbsp3-2t24-extensao-rali-bba-gss\/","og_site_name":"Suno Not\u00edcias","article_publisher":"https:\/\/facebook.com\/sunoresearch","og_image":[{"width":1200,"height":800,"url":"https:\/\/files.sunoresearch.com.br\/n\/uploads\/2023\/09\/sabesp-sbsp3.jpg","type":"image\/jpeg"}],"author":"Guilherme Serrano","twitter_card":"summary_large_image","twitter_creator":"@sunoresearch","twitter_site":"@sunoresearch","twitter_misc":{"Escrito por":"Guilherme Serrano","Est. tempo de leitura":"2 minutos"},"schema":{"@context":"https:\/\/schema.org","@graph":[{"@type":"NewsArticle","@id":"https:\/\/www.suno.com.br\/noticias\/sabesp-sbsp3-2t24-extensao-rali-bba-gss\/#article","isPartOf":{"@id":"https:\/\/www.suno.com.br\/noticias\/sabesp-sbsp3-2t24-extensao-rali-bba-gss\/"},"author":{"name":"Guilherme Serrano","@id":"https:\/\/www.suno.com.br\/noticias\/#\/schema\/person\/d0f07e64bce64aa671feadfb844f04ca"},"headline":"BBA mant\u00e9m vis\u00e3o positiva para Sabesp (SBSP3) ap\u00f3s balan\u00e7o e projeta extens\u00e3o do rali","datePublished":"2024-08-09T17:30:25+00:00","dateModified":"2024-08-09T17:30:29+00:00","mainEntityOfPage":{"@id":"https:\/\/www.suno.com.br\/noticias\/sabesp-sbsp3-2t24-extensao-rali-bba-gss\/"},"wordCount":388,"publisher":{"@id":"https:\/\/www.suno.com.br\/noticias\/#organization"},"image":{"@id":"https:\/\/www.suno.com.br\/noticias\/sabesp-sbsp3-2t24-extensao-rali-bba-gss\/#primaryimage"},"thumbnailUrl":"https:\/\/files.sunoresearch.com.br\/n\/uploads\/2023\/09\/sabesp-sbsp3.jpg","keywords":["Sabesp (SBSP3)"],"articleSection":["Neg\u00f3cios"],"inLanguage":"pt-BR"},{"@type":"WebPage","@id":"https:\/\/www.suno.com.br\/noticias\/sabesp-sbsp3-2t24-extensao-rali-bba-gss\/","url":"https:\/\/www.suno.com.br\/noticias\/sabesp-sbsp3-2t24-extensao-rali-bba-gss\/","name":"Sabesp (SBSP3): BBA projeta extens\u00e3o do rali ap\u00f3s balan\u00e7o","isPartOf":{"@id":"https:\/\/www.suno.com.br\/noticias\/#website"},"primaryImageOfPage":{"@id":"https:\/\/www.suno.com.br\/noticias\/sabesp-sbsp3-2t24-extensao-rali-bba-gss\/#primaryimage"},"image":{"@id":"https:\/\/www.suno.com.br\/noticias\/sabesp-sbsp3-2t24-extensao-rali-bba-gss\/#primaryimage"},"thumbnailUrl":"https:\/\/files.sunoresearch.com.br\/n\/uploads\/2023\/09\/sabesp-sbsp3.jpg","datePublished":"2024-08-09T17:30:25+00:00","dateModified":"2024-08-09T17:30:29+00:00","description":"Ap\u00f3s a Sabesp reportar seu balan\u00e7o do 2T24, o Ita\u00fa BBA manteve vis\u00e3o otimista sobre a empresa. Clique para detalhes.","breadcrumb":{"@id":"https:\/\/www.suno.com.br\/noticias\/sabesp-sbsp3-2t24-extensao-rali-bba-gss\/#breadcrumb"},"inLanguage":"pt-BR","potentialAction":[{"@type":"ReadAction","target":["https:\/\/www.suno.com.br\/noticias\/sabesp-sbsp3-2t24-extensao-rali-bba-gss\/"]}]},{"@type":"ImageObject","inLanguage":"pt-BR","@id":"https:\/\/www.suno.com.br\/noticias\/sabesp-sbsp3-2t24-extensao-rali-bba-gss\/#primaryimage","url":"https:\/\/files.sunoresearch.com.br\/n\/uploads\/2023\/09\/sabesp-sbsp3.jpg","contentUrl":"https:\/\/files.sunoresearch.com.br\/n\/uploads\/2023\/09\/sabesp-sbsp3.jpg","width":1200,"height":800,"caption":"Sabesp (SBSP3). Foto: Divulga\u00e7\u00e3o"},{"@type":"BreadcrumbList","@id":"https:\/\/www.suno.com.br\/noticias\/sabesp-sbsp3-2t24-extensao-rali-bba-gss\/#breadcrumb","itemListElement":[{"@type":"ListItem","position":1,"name":"Not\u00edcias","item":"https:\/\/www.suno.com.br\/noticias\/"},{"@type":"ListItem","position":2,"name":"Neg\u00f3cios","item":"https:\/\/www.suno.com.br\/noticias\/negocios\/"},{"@type":"ListItem","position":3,"name":"BBA mant\u00e9m vis\u00e3o positiva para Sabesp (SBSP3) ap\u00f3s balan\u00e7o e projeta extens\u00e3o do rali"}]},{"@type":"WebSite","@id":"https:\/\/www.suno.com.br\/noticias\/#website","url":"https:\/\/www.suno.com.br\/noticias\/","name":"Suno Not\u00edcias","description":"Seu portal de informa\u00e7\u00e3o sobre o mundo dos investimentos","publisher":{"@id":"https:\/\/www.suno.com.br\/noticias\/#organization"},"potentialAction":[{"@type":"SearchAction","target":{"@type":"EntryPoint","urlTemplate":"https:\/\/www.suno.com.br\/noticias\/?s={search_term_string}"},"query-input":{"@type":"PropertyValueSpecification","valueRequired":true,"valueName":"search_term_string"}}],"inLanguage":"pt-BR"},{"@type":"Organization","@id":"https:\/\/www.suno.com.br\/noticias\/#organization","name":"Suno Not\u00edcias","url":"https:\/\/www.suno.com.br\/noticias\/","logo":{"@type":"ImageObject","inLanguage":"pt-BR","@id":"https:\/\/www.suno.com.br\/noticias\/#\/schema\/logo\/image\/","url":"https:\/\/files.sunoresearch.com.br\/n\/uploads\/2021\/09\/suno-logo.png","contentUrl":"https:\/\/files.sunoresearch.com.br\/n\/uploads\/2021\/09\/suno-logo.png","width":180,"height":180,"caption":"Suno Not\u00edcias"},"image":{"@id":"https:\/\/www.suno.com.br\/noticias\/#\/schema\/logo\/image\/"},"sameAs":["https:\/\/facebook.com\/sunoresearch","https:\/\/x.com\/sunoresearch","https:\/\/www.instagram.com\/suno","https:\/\/www.linkedin.com\/company\/suno-research\/","https:\/\/www.youtube.com\/c\/sunoresearch"]},{"@type":"Person","@id":"https:\/\/www.suno.com.br\/noticias\/#\/schema\/person\/d0f07e64bce64aa671feadfb844f04ca","name":"Guilherme Serrano","image":{"@type":"ImageObject","inLanguage":"pt-BR","@id":"https:\/\/www.suno.com.br\/noticias\/#\/schema\/person\/image\/","url":"https:\/\/secure.gravatar.com\/avatar\/a90be19d8c67bef61497e4522de30ac4?s=96&r=g","contentUrl":"https:\/\/secure.gravatar.com\/avatar\/a90be19d8c67bef61497e4522de30ac4?s=96&r=g","caption":"Guilherme Serrano"},"description":"Jornalista formado pela Faculdade C\u00e1sper L\u00edbero e p\u00f3s-graduado em Can\u00e7\u00e3o Popular pela Faculdade Santa Marcelina. Passagens por R\u00e1dio Gazeta AM, gazetaesportiva.com e TC R\u00e1dio.","url":"https:\/\/www.suno.com.br\/noticias\/author\/guilherme-silvasuno-com-br\/"}]}},"default_loop_html":"<div class=\"cardsPage__listCard__boxs\"><div class=\"cardsPage__listCard__boxs__img\"><a href=\"https:\/\/www.suno.com.br\/noticias\/sabesp-sbsp3-2t24-extensao-rali-bba-gss\/\"><img class=\"mask\" src=\"https:\/\/www.suno.com.br\/noticias\/wp-content\/themes\/suno\/resources\/images\/spotlight\/spotlight1img\/bg-mask.png\" alt=\"Image Mask\"\/><img src=\"https:\/\/files.sunoresearch.com.br\/n\/uploads\/2023\/09\/sabesp-sbsp3-400x200.jpg\" alt=\"BBA mant\u00e9m vis\u00e3o positiva para Sabesp (SBSP3) ap\u00f3s balan\u00e7o e projeta extens\u00e3o do rali\"\/><\/a><span class=\"spotlightCategory\"><a href=\"https:\/\/www.suno.com.br\/noticias\/negocios\/\">Neg\u00f3cios<\/a><\/span><\/div><div class=\"cardsPage__listCard__boxs__content\"><a href=\"https:\/\/www.suno.com.br\/noticias\/sabesp-sbsp3-2t24-extensao-rali-bba-gss\/\"><h2 class=\"content__title\">BBA mant\u00e9m vis\u00e3o positiva para Sabesp (SBSP3) ap\u00f3s balan\u00e7o e projeta extens\u00e3o do rali<\/h2><\/a><div class=\"newsContent__article__meta\"><div class=\"newsContent__article__meta__authorBox\"><a href=\"https:\/\/www.suno.com.br\/noticias\/author\/guilherme-silvasuno-com-br\/\" class=\"authorBox__avatar noMobi\"><img src=\"https:\/\/secure.gravatar.com\/avatar\/a90be19d8c67bef61497e4522de30ac4?s=96&#038;r=g\" alt=\"Guilherme Serrano\"><\/a><div class=\"authorBox__name\"><span>por\n\t\t\t<a href=\"https:\/\/www.suno.com.br\/noticias\/author\/guilherme-silvasuno-com-br\/\"><span itemprop=\"author\">Guilherme Serrano<\/span><\/a><\/span><time datetime=\"2024-08-09T14:30:25-03:00\" itemprop=\"datePublished\">09\/08\/2024 14:30<\/time><\/div><\/div><\/div><\/div><\/div>","single_layout":"posts","amp_enabled":true,"_links":{"self":[{"href":"https:\/\/www.suno.com.br\/noticias\/wp-json\/wp\/v2\/posts\/570016"}],"collection":[{"href":"https:\/\/www.suno.com.br\/noticias\/wp-json\/wp\/v2\/posts"}],"about":[{"href":"https:\/\/www.suno.com.br\/noticias\/wp-json\/wp\/v2\/types\/post"}],"author":[{"embeddable":true,"href":"https:\/\/www.suno.com.br\/noticias\/wp-json\/wp\/v2\/users\/376"}],"replies":[{"embeddable":true,"href":"https:\/\/www.suno.com.br\/noticias\/wp-json\/wp\/v2\/comments?post=570016"}],"version-history":[{"count":2,"href":"https:\/\/www.suno.com.br\/noticias\/wp-json\/wp\/v2\/posts\/570016\/revisions"}],"predecessor-version":[{"id":570019,"href":"https:\/\/www.suno.com.br\/noticias\/wp-json\/wp\/v2\/posts\/570016\/revisions\/570019"}],"wp:featuredmedia":[{"embeddable":true,"href":"https:\/\/www.suno.com.br\/noticias\/wp-json\/wp\/v2\/media\/452743"}],"wp:attachment":[{"href":"https:\/\/www.suno.com.br\/noticias\/wp-json\/wp\/v2\/media?parent=570016"}],"wp:term":[{"taxonomy":"category","embeddable":true,"href":"https:\/\/www.suno.com.br\/noticias\/wp-json\/wp\/v2\/categories?post=570016"},{"taxonomy":"post_tag","embeddable":true,"href":"https:\/\/www.suno.com.br\/noticias\/wp-json\/wp\/v2\/tags?post=570016"},{"taxonomy":"suno_strategy","embeddable":true,"href":"https:\/\/www.suno.com.br\/noticias\/wp-json\/wp\/v2\/suno_strategy?post=570016"}],"curies":[{"name":"wp","href":"https:\/\/api.w.org\/{rel}","templated":true}]}}