{"id":569667,"date":"2024-08-08T10:24:14","date_gmt":"2024-08-08T13:24:14","guid":{"rendered":"https:\/\/www.suno.com.br\/noticias\/?p=569667"},"modified":"2024-08-08T10:24:17","modified_gmt":"2024-08-08T13:24:17","slug":"bolsas-asiaticas-08082024-ec-gss","status":"publish","type":"post","link":"https:\/\/www.suno.com.br\/noticias\/bolsas-asiaticas-08082024-ec-gss\/","title":{"rendered":"Bolsas asi\u00e1ticas fecham em baixa e Europa volta ao negativo"},"content":{"rendered":"<p>As <strong>bolsas asi\u00e1ticas<\/strong> e do Pac\u00edfico fecharam majoritariamente em baixa nesta quinta-feira (08), \u00e0 medida que <a class=\"suno-keyword\" data-force=\"no\" data-priority=\"2\" href=\"https:\/\/www.suno.com.br\/artigos\/wall-street\/\" target=\"_blank\" rel=\"noopener\">Wall Street<\/a> voltou a sofrer perdas ontem ap\u00f3s um breve al\u00edvio da turbul\u00eancia recente.<\/p>\t<div class=\"wrapper-featured-image\">\n\t\t<figure class=\"spotlightImg\">\n\n\t\t\t<picture>\n\t\t\t\t<source media=\"(max-width: 768px)\" srcset=\"https:\/\/files.sunoresearch.com.br\/n\/uploads\/2024\/02\/iStock-1024776016-400x200.jpg\">\n\t\t\t\t<img loading=\"lazy\" decoding=\"async\" class=\"newsContent__article__imgCapa lazyloadDisabled \" src=\"https:\/\/files.sunoresearch.com.br\/n\/uploads\/2024\/02\/iStock-1024776016-800x450.jpg\" width=\"800\" height=\"450\" alt=\"Bolsas asi\u00e1ticas fecham em baixa e Europa volta ao negativo\" fetchpriority=high \/>\n\t\t\t<\/picture>\n\n\t\t\t<figcaption class=\"wp-caption-text wp-caption-text--show\">bolsa de valores. Foto: iStock.<\/figcaption>\n\t\t<\/figure>\n\t<\/div>\n\n\n\n\n\n\n\n\t<p>\n\t\t<a href=\"https:\/\/lp.suno.com.br\/planilha-da-vida-financeira\/\" target=\"_blank\" data-element=\"shortcode-suno-banner\" title=\"Banner SUNO, clique e saiba mais\">\n\t\t\t<picture>\n\t\t\t\t<source media=\"(max-width: 500px)\" srcset=\"https:\/\/files.sunoresearch.com.br\/n\/uploads\/2023\/04\/400x300-Planilha-vida-financeira-true.png\">\n\t\t\t\t<img class=\"newsContent__article__imgCapa newsContent__article__imgCapa--banner\"\n\t\t\t\t\tsrc=\"https:\/\/files.sunoresearch.com.br\/n\/uploads\/2023\/04\/1420x240-Planilha-vida-financeira-true.png\"\n\t\t\t\t\tdata-promo-id=\"106682\"\t\t\t\t\t\t\t\t\t\twidth='1420' height='240'\t\t\t\t\talt=\"https:\/\/files.sunoresearch.com.br\/n\/uploads\/2023\/04\/1420x240-Planilha-vida-financeira-true.png\"\n\t\t\t\t>\n\t\t\t<\/picture>\n\t\t<\/a>\n\t<\/p>\n\n\n\n\n\n<p>O \u00edndice japon\u00eas <strong>Nikkei<\/strong>, que foi alvo de extrema volatilidade nos primeiros dias da semana, caiu 0,74% em T\u00f3quio, a 34.831,15 pontos, enquanto o <strong>Taiex<\/strong> recuou 2% em Taiwan, a 20.870,10 pontos, e o sul-coreano <strong>Kospi<\/strong> cedeu 0,45% em Seul, a 2.556,73 pontos.<\/p>\n\n\n\n<p>Ontem, as bolsas de Nova York tiveram perdas de 0,60% a 1%, lideradas por a\u00e7\u00f5es de tecnologia, depois de se recuperarem brevemente no preg\u00e3o anterior dos robustos tombos que haviam amargado em meio a preocupa\u00e7\u00f5es com a sa\u00fade econ\u00f4mica dos EUA.<\/p>\n\n\n\n<p>Em dia de agenda mais leve, investidores v\u00e3o acompanhar nas pr\u00f3ximas horas pesquisa semanal dos EUA sobre pedidos de aux\u00edlio-desemprego, principalmente depois de dados fracos do <a class=\"suno-keyword\" target=\"_blank\" data-force=\"no\" data-priority=\"2\" href=\"https:\/\/www.suno.com.br\/artigos\/mercado-de-trabalho\/\" rel=\"noopener\">mercado de trabalho<\/a> americano gerarem temores de que a maior economia do mundo pudesse estar caminhando para uma recess\u00e3o.<\/p>\n\n\n\n<p>Na China continental, o <strong>Xangai Composto<\/strong> ficou est\u00e1vel hoje, em 2.869,90 pontos, e o menos abrangente <strong>Shenzhen Composto <\/strong>apresentou leve baixa de 0,12%, a 1.564,26 pontos. J\u00e1 em Hong Kong, o <strong>Hang Seng<\/strong> garantiu alta apenas marginal no final da sess\u00e3o, de 0,08%, a 16.891,83 pontos.<\/p>\n\n\n\n<p>Na Oceania, a bolsa australiana seguiu o vi\u00e9s negativo da \u00c1sia e ficou no vermelho, pressionada por a\u00e7\u00f5es ligadas a commodities. O S&amp;P\/ASX 200 caiu 0,23% em Sydney, a 7.682,00 pontos.<\/p>\n\n\n\t<p>\n\t\t<a href=\"https:\/\/lp.suno.com.br\/ebook-como-analisar-uma-acao\/\" target=\"_blank\" data-element=\"shortcode-suno-banner\" title=\"Banner SUNO, clique e saiba mais\">\n\t\t\t<picture>\n\t\t\t\t<source media=\"(max-width: 500px)\" srcset=\"https:\/\/files.sunoresearch.com.br\/n\/uploads\/2023\/03\/Ebook-Acoes-Mobile.jpg\">\n\t\t\t\t<img class=\"newsContent__article__imgCapa newsContent__article__imgCapa--banner\"\n\t\t\t\t\tsrc=\"https:\/\/files.sunoresearch.com.br\/n\/uploads\/2023\/03\/Ebook-Acoes-Desktop.jpg\"\n\t\t\t\t\tdata-promo-id=\"378302\"\t\t\t\t\t\t\t\t\t\twidth='1420' height='286'\t\t\t\t\talt=\"https:\/\/files.sunoresearch.com.br\/n\/uploads\/2023\/03\/Ebook-Acoes-Desktop.jpg\"\n\t\t\t\t>\n\t\t\t<\/picture>\n\t\t<\/a>\n\t<\/p>\n\n\n\n\n\n<h2 class=\"wp-block-heading\">Bolsas da Europa espelham Wall Street e voltam a cair ap\u00f3s breve al\u00edvio<\/h2>\n\n\n\n<p>As <a class=\"suno-keyword\" target=\"_blank\" data-force=\"no\" data-priority=\"1\" href=\"https:\/\/www.suno.com.br\/artigos\/bolsas-europeias\/\" rel=\"noopener\">bolsas europeias<\/a> operam em baixa na manh\u00e3 desta quinta-feira, ap\u00f3s a breve recupera\u00e7\u00e3o do preg\u00e3o anterior, seguindo Wall Street, que tamb\u00e9m voltou ao vermelho ontem depois de um al\u00edvio tempor\u00e1rio da recente turbul\u00eancia.<\/p>\n\n\n\n<p>Por volta das 5h55 (de Bras\u00edlia), o \u00edndice pan-europeu Stoxx 600 recuava 0,85%, a 491,76 pontos.<\/p>\n\n\n\n<p>Ontem, as bolsas de Nova York tiveram perdas de 0,60% a 1%, lideradas por a\u00e7\u00f5es de tecnologia, depois de se recuperarem brevemente no preg\u00e3o anterior dos robustos tombos que haviam amargado em meio a preocupa\u00e7\u00f5es com a sa\u00fade econ\u00f4mica dos EUA.<\/p>\n\n\n\n<p>Tamb\u00e9m na Europa, o sub\u00edndice do setor de tecnologia se destacava negativamente, com queda de 1,52% no hor\u00e1rio acima.<\/p>\n\n\n\n<p>Em dia de agenda mais leve, investidores v\u00e3o acompanhar nas pr\u00f3ximas horas pesquisa semanal dos EUA sobre pedidos de aux\u00edlio-desemprego, principalmente depois de dados fracos do mercado de trabalho americano gerarem temores sobre uma poss\u00edvel recess\u00e3o na maior economia do mundo.<\/p>\n\n\n\n<p>\u00c0s 6h10 (de Bras\u00edlia), a Bolsa de Londres ca\u00eda 0,92%, a de Paris recuava 0,93% e a de Frankfurt cedia 0,47%. J\u00e1 as de Mil\u00e3o, Madri e Lisboa tinham baixas de 1,03%, 0,87% e 0,51%, respectivamente.<\/p>\n\n\n\n<p><em>*Com informa\u00e7\u00f5es da Dow Jones Newswires e Estad\u00e3o Conte\u00fado<\/em><\/p>\n\n\n\t<p>\n\t\t<a href=\"https:\/\/lp.suno.com.br\/planilha-da-vida-financeira\/\" target=\"_blank\" data-element=\"shortcode-suno-banner\" title=\"Banner SUNO, clique e saiba mais\">\n\t\t\t<picture>\n\t\t\t\t<source media=\"(max-width: 500px)\" srcset=\"https:\/\/files.sunoresearch.com.br\/n\/uploads\/2023\/04\/400x300-Planilha-vida-financeira-true.png\">\n\t\t\t\t<img class=\"newsContent__article__imgCapa newsContent__article__imgCapa--banner\"\n\t\t\t\t\tsrc=\"https:\/\/files.sunoresearch.com.br\/n\/uploads\/2023\/04\/1420x240-Planilha-vida-financeira-true.png\"\n\t\t\t\t\tdata-promo-id=\"383123\"\t\t\t\t\t\t\t\t\t\twidth='1420' height='240'\t\t\t\t\talt=\"https:\/\/files.sunoresearch.com.br\/n\/uploads\/2023\/04\/1420x240-Planilha-vida-financeira-true.png\"\n\t\t\t\t>\n\t\t\t<\/picture>\n\t\t<\/a>\n\t<\/p>\n\n\n","protected":false},"excerpt":{"rendered":"<p>As bolsas asi\u00e1ticas e do Pac\u00edfico fecharam majoritariamente em baixa nesta quinta-feira (08), \u00e0 medida que Wall Street voltou a sofrer perdas ontem ap\u00f3s um breve al\u00edvio da turbul\u00eancia recente. bolsa de valores. Foto: iStock. O \u00edndice japon\u00eas Nikkei, que foi alvo de extrema volatilidade nos primeiros dias da semana, caiu 0,74% em T\u00f3quio, a [&hellip;]<\/p>\n","protected":false},"author":376,"featured_media":526970,"comment_status":"closed","ping_status":"closed","sticky":false,"template":"","format":"standard","meta":[],"categories":[64],"tags":[104703],"suno_strategy":[],"class_list":["post-569667","post","type-post","status-publish","format-standard","has-post-thumbnail","hentry","category-negocios","tag-bolsas-mundiais"],"yoast_head":"<!-- This site is optimized with the Yoast SEO plugin v24.4 - https:\/\/yoast.com\/wordpress\/plugins\/seo\/ -->\n<title>Bolsas asi\u00e1ticas fecham em baixa e Europa volta ao negativo<\/title>\n<meta name=\"description\" content=\"As bolsas asi\u00e1ticas fecharam em baixa nesta quinta (08) e as europeias recuam, acompanhando o mau desempenho de Wall Street na v\u00e9spera.\" \/>\n<meta name=\"robots\" content=\"index, follow, max-snippet:-1, max-image-preview:large, max-video-preview:-1\" \/>\n<link rel=\"canonical\" href=\"https:\/\/www.suno.com.br\/noticias\/bolsas-asiaticas-08082024-ec-gss\/\" \/>\n<meta property=\"og:locale\" content=\"pt_BR\" \/>\n<meta property=\"og:type\" content=\"article\" \/>\n<meta property=\"og:title\" content=\"Bolsas asi\u00e1ticas fecham em baixa e Europa volta ao negativo\" \/>\n<meta property=\"og:description\" content=\"As bolsas asi\u00e1ticas fecharam em baixa nesta quinta (08) e as europeias recuam, acompanhando o mau desempenho de Wall Street na v\u00e9spera.\" \/>\n<meta property=\"og:url\" content=\"https:\/\/www.suno.com.br\/noticias\/bolsas-asiaticas-08082024-ec-gss\/\" \/>\n<meta property=\"og:site_name\" content=\"Suno Not\u00edcias\" \/>\n<meta property=\"article:publisher\" content=\"https:\/\/facebook.com\/sunoresearch\" \/>\n<meta property=\"og:image\" content=\"https:\/\/files.sunoresearch.com.br\/n\/uploads\/2024\/02\/iStock-1024776016.jpg\" \/>\n\t<meta property=\"og:image:width\" content=\"1254\" \/>\n\t<meta property=\"og:image:height\" content=\"836\" \/>\n\t<meta property=\"og:image:type\" content=\"image\/jpeg\" \/>\n<meta name=\"author\" content=\"Guilherme Serrano\" \/>\n<meta name=\"twitter:card\" content=\"summary_large_image\" \/>\n<meta name=\"twitter:creator\" content=\"@sunoresearch\" \/>\n<meta name=\"twitter:site\" content=\"@sunoresearch\" \/>\n<meta name=\"twitter:label1\" content=\"Escrito por\" \/>\n\t<meta name=\"twitter:data1\" content=\"Guilherme Serrano\" \/>\n\t<meta name=\"twitter:label2\" content=\"Est. tempo de leitura\" \/>\n\t<meta name=\"twitter:data2\" content=\"3 minutos\" \/>\n<script type=\"application\/ld+json\" class=\"yoast-schema-graph\">{\"@context\":\"https:\/\/schema.org\",\"@graph\":[{\"@type\":\"NewsArticle\",\"@id\":\"https:\/\/www.suno.com.br\/noticias\/bolsas-asiaticas-08082024-ec-gss\/#article\",\"isPartOf\":{\"@id\":\"https:\/\/www.suno.com.br\/noticias\/bolsas-asiaticas-08082024-ec-gss\/\"},\"author\":{\"name\":\"Guilherme Serrano\",\"@id\":\"https:\/\/www.suno.com.br\/noticias\/#\/schema\/person\/d0f07e64bce64aa671feadfb844f04ca\"},\"headline\":\"Bolsas asi\u00e1ticas fecham em baixa e Europa volta ao negativo\",\"datePublished\":\"2024-08-08T13:24:14+00:00\",\"dateModified\":\"2024-08-08T13:24:17+00:00\",\"mainEntityOfPage\":{\"@id\":\"https:\/\/www.suno.com.br\/noticias\/bolsas-asiaticas-08082024-ec-gss\/\"},\"wordCount\":487,\"publisher\":{\"@id\":\"https:\/\/www.suno.com.br\/noticias\/#organization\"},\"image\":{\"@id\":\"https:\/\/www.suno.com.br\/noticias\/bolsas-asiaticas-08082024-ec-gss\/#primaryimage\"},\"thumbnailUrl\":\"https:\/\/files.sunoresearch.com.br\/n\/uploads\/2024\/02\/iStock-1024776016.jpg\",\"keywords\":[\"Bolsas mundiais\"],\"articleSection\":[\"Neg\u00f3cios\"],\"inLanguage\":\"pt-BR\"},{\"@type\":\"WebPage\",\"@id\":\"https:\/\/www.suno.com.br\/noticias\/bolsas-asiaticas-08082024-ec-gss\/\",\"url\":\"https:\/\/www.suno.com.br\/noticias\/bolsas-asiaticas-08082024-ec-gss\/\",\"name\":\"Bolsas asi\u00e1ticas fecham em baixa e Europa volta ao negativo\",\"isPartOf\":{\"@id\":\"https:\/\/www.suno.com.br\/noticias\/#website\"},\"primaryImageOfPage\":{\"@id\":\"https:\/\/www.suno.com.br\/noticias\/bolsas-asiaticas-08082024-ec-gss\/#primaryimage\"},\"image\":{\"@id\":\"https:\/\/www.suno.com.br\/noticias\/bolsas-asiaticas-08082024-ec-gss\/#primaryimage\"},\"thumbnailUrl\":\"https:\/\/files.sunoresearch.com.br\/n\/uploads\/2024\/02\/iStock-1024776016.jpg\",\"datePublished\":\"2024-08-08T13:24:14+00:00\",\"dateModified\":\"2024-08-08T13:24:17+00:00\",\"description\":\"As bolsas asi\u00e1ticas fecharam em baixa nesta quinta (08) e as europeias recuam, acompanhando o mau desempenho de Wall Street na v\u00e9spera.\",\"breadcrumb\":{\"@id\":\"https:\/\/www.suno.com.br\/noticias\/bolsas-asiaticas-08082024-ec-gss\/#breadcrumb\"},\"inLanguage\":\"pt-BR\",\"potentialAction\":[{\"@type\":\"ReadAction\",\"target\":[\"https:\/\/www.suno.com.br\/noticias\/bolsas-asiaticas-08082024-ec-gss\/\"]}]},{\"@type\":\"ImageObject\",\"inLanguage\":\"pt-BR\",\"@id\":\"https:\/\/www.suno.com.br\/noticias\/bolsas-asiaticas-08082024-ec-gss\/#primaryimage\",\"url\":\"https:\/\/files.sunoresearch.com.br\/n\/uploads\/2024\/02\/iStock-1024776016.jpg\",\"contentUrl\":\"https:\/\/files.sunoresearch.com.br\/n\/uploads\/2024\/02\/iStock-1024776016.jpg\",\"width\":1254,\"height\":836,\"caption\":\"bolsa de valores. Foto: iStock.\"},{\"@type\":\"BreadcrumbList\",\"@id\":\"https:\/\/www.suno.com.br\/noticias\/bolsas-asiaticas-08082024-ec-gss\/#breadcrumb\",\"itemListElement\":[{\"@type\":\"ListItem\",\"position\":1,\"name\":\"Not\u00edcias\",\"item\":\"https:\/\/www.suno.com.br\/noticias\/\"},{\"@type\":\"ListItem\",\"position\":2,\"name\":\"Neg\u00f3cios\",\"item\":\"https:\/\/www.suno.com.br\/noticias\/negocios\/\"},{\"@type\":\"ListItem\",\"position\":3,\"name\":\"Bolsas asi\u00e1ticas fecham em baixa e Europa volta ao negativo\"}]},{\"@type\":\"WebSite\",\"@id\":\"https:\/\/www.suno.com.br\/noticias\/#website\",\"url\":\"https:\/\/www.suno.com.br\/noticias\/\",\"name\":\"Suno Not\u00edcias\",\"description\":\"Seu portal de informa\u00e7\u00e3o sobre o mundo dos investimentos\",\"publisher\":{\"@id\":\"https:\/\/www.suno.com.br\/noticias\/#organization\"},\"potentialAction\":[{\"@type\":\"SearchAction\",\"target\":{\"@type\":\"EntryPoint\",\"urlTemplate\":\"https:\/\/www.suno.com.br\/noticias\/?s={search_term_string}\"},\"query-input\":{\"@type\":\"PropertyValueSpecification\",\"valueRequired\":true,\"valueName\":\"search_term_string\"}}],\"inLanguage\":\"pt-BR\"},{\"@type\":\"Organization\",\"@id\":\"https:\/\/www.suno.com.br\/noticias\/#organization\",\"name\":\"Suno Not\u00edcias\",\"url\":\"https:\/\/www.suno.com.br\/noticias\/\",\"logo\":{\"@type\":\"ImageObject\",\"inLanguage\":\"pt-BR\",\"@id\":\"https:\/\/www.suno.com.br\/noticias\/#\/schema\/logo\/image\/\",\"url\":\"https:\/\/files.sunoresearch.com.br\/n\/uploads\/2021\/09\/suno-logo.png\",\"contentUrl\":\"https:\/\/files.sunoresearch.com.br\/n\/uploads\/2021\/09\/suno-logo.png\",\"width\":180,\"height\":180,\"caption\":\"Suno Not\u00edcias\"},\"image\":{\"@id\":\"https:\/\/www.suno.com.br\/noticias\/#\/schema\/logo\/image\/\"},\"sameAs\":[\"https:\/\/facebook.com\/sunoresearch\",\"https:\/\/x.com\/sunoresearch\",\"https:\/\/www.instagram.com\/suno\",\"https:\/\/www.linkedin.com\/company\/suno-research\/\",\"https:\/\/www.youtube.com\/c\/sunoresearch\"]},{\"@type\":\"Person\",\"@id\":\"https:\/\/www.suno.com.br\/noticias\/#\/schema\/person\/d0f07e64bce64aa671feadfb844f04ca\",\"name\":\"Guilherme Serrano\",\"image\":{\"@type\":\"ImageObject\",\"inLanguage\":\"pt-BR\",\"@id\":\"https:\/\/www.suno.com.br\/noticias\/#\/schema\/person\/image\/\",\"url\":\"https:\/\/secure.gravatar.com\/avatar\/a90be19d8c67bef61497e4522de30ac4?s=96&r=g\",\"contentUrl\":\"https:\/\/secure.gravatar.com\/avatar\/a90be19d8c67bef61497e4522de30ac4?s=96&r=g\",\"caption\":\"Guilherme Serrano\"},\"description\":\"Jornalista formado pela Faculdade C\u00e1sper L\u00edbero e p\u00f3s-graduado em Can\u00e7\u00e3o Popular pela Faculdade Santa Marcelina. Passagens por R\u00e1dio Gazeta AM, gazetaesportiva.com e TC R\u00e1dio.\",\"url\":\"https:\/\/www.suno.com.br\/noticias\/author\/guilherme-silvasuno-com-br\/\"}]}<\/script>\n<!-- \/ Yoast SEO plugin. -->","yoast_head_json":{"title":"Bolsas asi\u00e1ticas fecham em baixa e Europa volta ao negativo","description":"As bolsas asi\u00e1ticas fecharam em baixa nesta quinta (08) e as europeias recuam, acompanhando o mau desempenho de Wall Street na v\u00e9spera.","robots":{"index":"index","follow":"follow","max-snippet":"max-snippet:-1","max-image-preview":"max-image-preview:large","max-video-preview":"max-video-preview:-1"},"canonical":"https:\/\/www.suno.com.br\/noticias\/bolsas-asiaticas-08082024-ec-gss\/","og_locale":"pt_BR","og_type":"article","og_title":"Bolsas asi\u00e1ticas fecham em baixa e Europa volta ao negativo","og_description":"As bolsas asi\u00e1ticas fecharam em baixa nesta quinta (08) e as europeias recuam, acompanhando o mau desempenho de Wall Street na v\u00e9spera.","og_url":"https:\/\/www.suno.com.br\/noticias\/bolsas-asiaticas-08082024-ec-gss\/","og_site_name":"Suno Not\u00edcias","article_publisher":"https:\/\/facebook.com\/sunoresearch","og_image":[{"width":1254,"height":836,"url":"https:\/\/files.sunoresearch.com.br\/n\/uploads\/2024\/02\/iStock-1024776016.jpg","type":"image\/jpeg"}],"author":"Guilherme Serrano","twitter_card":"summary_large_image","twitter_creator":"@sunoresearch","twitter_site":"@sunoresearch","twitter_misc":{"Escrito por":"Guilherme Serrano","Est. tempo de leitura":"3 minutos"},"schema":{"@context":"https:\/\/schema.org","@graph":[{"@type":"NewsArticle","@id":"https:\/\/www.suno.com.br\/noticias\/bolsas-asiaticas-08082024-ec-gss\/#article","isPartOf":{"@id":"https:\/\/www.suno.com.br\/noticias\/bolsas-asiaticas-08082024-ec-gss\/"},"author":{"name":"Guilherme Serrano","@id":"https:\/\/www.suno.com.br\/noticias\/#\/schema\/person\/d0f07e64bce64aa671feadfb844f04ca"},"headline":"Bolsas asi\u00e1ticas fecham em baixa e Europa volta ao negativo","datePublished":"2024-08-08T13:24:14+00:00","dateModified":"2024-08-08T13:24:17+00:00","mainEntityOfPage":{"@id":"https:\/\/www.suno.com.br\/noticias\/bolsas-asiaticas-08082024-ec-gss\/"},"wordCount":487,"publisher":{"@id":"https:\/\/www.suno.com.br\/noticias\/#organization"},"image":{"@id":"https:\/\/www.suno.com.br\/noticias\/bolsas-asiaticas-08082024-ec-gss\/#primaryimage"},"thumbnailUrl":"https:\/\/files.sunoresearch.com.br\/n\/uploads\/2024\/02\/iStock-1024776016.jpg","keywords":["Bolsas mundiais"],"articleSection":["Neg\u00f3cios"],"inLanguage":"pt-BR"},{"@type":"WebPage","@id":"https:\/\/www.suno.com.br\/noticias\/bolsas-asiaticas-08082024-ec-gss\/","url":"https:\/\/www.suno.com.br\/noticias\/bolsas-asiaticas-08082024-ec-gss\/","name":"Bolsas asi\u00e1ticas fecham em baixa e Europa volta ao negativo","isPartOf":{"@id":"https:\/\/www.suno.com.br\/noticias\/#website"},"primaryImageOfPage":{"@id":"https:\/\/www.suno.com.br\/noticias\/bolsas-asiaticas-08082024-ec-gss\/#primaryimage"},"image":{"@id":"https:\/\/www.suno.com.br\/noticias\/bolsas-asiaticas-08082024-ec-gss\/#primaryimage"},"thumbnailUrl":"https:\/\/files.sunoresearch.com.br\/n\/uploads\/2024\/02\/iStock-1024776016.jpg","datePublished":"2024-08-08T13:24:14+00:00","dateModified":"2024-08-08T13:24:17+00:00","description":"As bolsas asi\u00e1ticas fecharam em baixa nesta quinta (08) e as europeias recuam, acompanhando o mau desempenho de Wall Street na v\u00e9spera.","breadcrumb":{"@id":"https:\/\/www.suno.com.br\/noticias\/bolsas-asiaticas-08082024-ec-gss\/#breadcrumb"},"inLanguage":"pt-BR","potentialAction":[{"@type":"ReadAction","target":["https:\/\/www.suno.com.br\/noticias\/bolsas-asiaticas-08082024-ec-gss\/"]}]},{"@type":"ImageObject","inLanguage":"pt-BR","@id":"https:\/\/www.suno.com.br\/noticias\/bolsas-asiaticas-08082024-ec-gss\/#primaryimage","url":"https:\/\/files.sunoresearch.com.br\/n\/uploads\/2024\/02\/iStock-1024776016.jpg","contentUrl":"https:\/\/files.sunoresearch.com.br\/n\/uploads\/2024\/02\/iStock-1024776016.jpg","width":1254,"height":836,"caption":"bolsa de valores. Foto: iStock."},{"@type":"BreadcrumbList","@id":"https:\/\/www.suno.com.br\/noticias\/bolsas-asiaticas-08082024-ec-gss\/#breadcrumb","itemListElement":[{"@type":"ListItem","position":1,"name":"Not\u00edcias","item":"https:\/\/www.suno.com.br\/noticias\/"},{"@type":"ListItem","position":2,"name":"Neg\u00f3cios","item":"https:\/\/www.suno.com.br\/noticias\/negocios\/"},{"@type":"ListItem","position":3,"name":"Bolsas asi\u00e1ticas fecham em baixa e Europa volta ao negativo"}]},{"@type":"WebSite","@id":"https:\/\/www.suno.com.br\/noticias\/#website","url":"https:\/\/www.suno.com.br\/noticias\/","name":"Suno Not\u00edcias","description":"Seu portal de informa\u00e7\u00e3o sobre o mundo dos investimentos","publisher":{"@id":"https:\/\/www.suno.com.br\/noticias\/#organization"},"potentialAction":[{"@type":"SearchAction","target":{"@type":"EntryPoint","urlTemplate":"https:\/\/www.suno.com.br\/noticias\/?s={search_term_string}"},"query-input":{"@type":"PropertyValueSpecification","valueRequired":true,"valueName":"search_term_string"}}],"inLanguage":"pt-BR"},{"@type":"Organization","@id":"https:\/\/www.suno.com.br\/noticias\/#organization","name":"Suno Not\u00edcias","url":"https:\/\/www.suno.com.br\/noticias\/","logo":{"@type":"ImageObject","inLanguage":"pt-BR","@id":"https:\/\/www.suno.com.br\/noticias\/#\/schema\/logo\/image\/","url":"https:\/\/files.sunoresearch.com.br\/n\/uploads\/2021\/09\/suno-logo.png","contentUrl":"https:\/\/files.sunoresearch.com.br\/n\/uploads\/2021\/09\/suno-logo.png","width":180,"height":180,"caption":"Suno Not\u00edcias"},"image":{"@id":"https:\/\/www.suno.com.br\/noticias\/#\/schema\/logo\/image\/"},"sameAs":["https:\/\/facebook.com\/sunoresearch","https:\/\/x.com\/sunoresearch","https:\/\/www.instagram.com\/suno","https:\/\/www.linkedin.com\/company\/suno-research\/","https:\/\/www.youtube.com\/c\/sunoresearch"]},{"@type":"Person","@id":"https:\/\/www.suno.com.br\/noticias\/#\/schema\/person\/d0f07e64bce64aa671feadfb844f04ca","name":"Guilherme Serrano","image":{"@type":"ImageObject","inLanguage":"pt-BR","@id":"https:\/\/www.suno.com.br\/noticias\/#\/schema\/person\/image\/","url":"https:\/\/secure.gravatar.com\/avatar\/a90be19d8c67bef61497e4522de30ac4?s=96&r=g","contentUrl":"https:\/\/secure.gravatar.com\/avatar\/a90be19d8c67bef61497e4522de30ac4?s=96&r=g","caption":"Guilherme Serrano"},"description":"Jornalista formado pela Faculdade C\u00e1sper L\u00edbero e p\u00f3s-graduado em Can\u00e7\u00e3o Popular pela Faculdade Santa Marcelina. Passagens por R\u00e1dio Gazeta AM, gazetaesportiva.com e TC R\u00e1dio.","url":"https:\/\/www.suno.com.br\/noticias\/author\/guilherme-silvasuno-com-br\/"}]}},"default_loop_html":"<div class=\"cardsPage__listCard__boxs\"><div class=\"cardsPage__listCard__boxs__img\"><a href=\"https:\/\/www.suno.com.br\/noticias\/bolsas-asiaticas-08082024-ec-gss\/\"><img class=\"mask\" src=\"https:\/\/www.suno.com.br\/noticias\/wp-content\/themes\/suno\/resources\/images\/spotlight\/spotlight1img\/bg-mask.png\" alt=\"Image Mask\"\/><img src=\"https:\/\/files.sunoresearch.com.br\/n\/uploads\/2024\/02\/iStock-1024776016-400x200.jpg\" alt=\"Bolsas asi\u00e1ticas fecham em baixa e Europa volta ao negativo\"\/><\/a><span class=\"spotlightCategory\"><a href=\"https:\/\/www.suno.com.br\/noticias\/negocios\/\">Neg\u00f3cios<\/a><\/span><\/div><div class=\"cardsPage__listCard__boxs__content\"><a href=\"https:\/\/www.suno.com.br\/noticias\/bolsas-asiaticas-08082024-ec-gss\/\"><h2 class=\"content__title\">Bolsas asi\u00e1ticas fecham em baixa e Europa volta ao negativo<\/h2><\/a><div class=\"newsContent__article__meta\"><div class=\"newsContent__article__meta__authorBox\"><a href=\"https:\/\/www.suno.com.br\/noticias\/author\/guilherme-silvasuno-com-br\/\" class=\"authorBox__avatar noMobi\"><img src=\"https:\/\/secure.gravatar.com\/avatar\/a90be19d8c67bef61497e4522de30ac4?s=96&#038;r=g\" alt=\"Guilherme Serrano\"><\/a><div class=\"authorBox__name\"><span>por\n\t\t\t<a href=\"https:\/\/www.suno.com.br\/noticias\/author\/guilherme-silvasuno-com-br\/\"><span itemprop=\"author\">Guilherme Serrano<\/span><\/a><\/span><time datetime=\"2024-08-08T10:24:14-03:00\" itemprop=\"datePublished\">08\/08\/2024 10:24<\/time><\/div><\/div><\/div><\/div><\/div>","single_layout":"posts","amp_enabled":true,"_links":{"self":[{"href":"https:\/\/www.suno.com.br\/noticias\/wp-json\/wp\/v2\/posts\/569667"}],"collection":[{"href":"https:\/\/www.suno.com.br\/noticias\/wp-json\/wp\/v2\/posts"}],"about":[{"href":"https:\/\/www.suno.com.br\/noticias\/wp-json\/wp\/v2\/types\/post"}],"author":[{"embeddable":true,"href":"https:\/\/www.suno.com.br\/noticias\/wp-json\/wp\/v2\/users\/376"}],"replies":[{"embeddable":true,"href":"https:\/\/www.suno.com.br\/noticias\/wp-json\/wp\/v2\/comments?post=569667"}],"version-history":[{"count":2,"href":"https:\/\/www.suno.com.br\/noticias\/wp-json\/wp\/v2\/posts\/569667\/revisions"}],"predecessor-version":[{"id":569702,"href":"https:\/\/www.suno.com.br\/noticias\/wp-json\/wp\/v2\/posts\/569667\/revisions\/569702"}],"wp:featuredmedia":[{"embeddable":true,"href":"https:\/\/www.suno.com.br\/noticias\/wp-json\/wp\/v2\/media\/526970"}],"wp:attachment":[{"href":"https:\/\/www.suno.com.br\/noticias\/wp-json\/wp\/v2\/media?parent=569667"}],"wp:term":[{"taxonomy":"category","embeddable":true,"href":"https:\/\/www.suno.com.br\/noticias\/wp-json\/wp\/v2\/categories?post=569667"},{"taxonomy":"post_tag","embeddable":true,"href":"https:\/\/www.suno.com.br\/noticias\/wp-json\/wp\/v2\/tags?post=569667"},{"taxonomy":"suno_strategy","embeddable":true,"href":"https:\/\/www.suno.com.br\/noticias\/wp-json\/wp\/v2\/suno_strategy?post=569667"}],"curies":[{"name":"wp","href":"https:\/\/api.w.org\/{rel}","templated":true}]}}