{"id":569651,"date":"2024-08-08T11:33:10","date_gmt":"2024-08-08T14:33:10","guid":{"rendered":"https:\/\/www.suno.com.br\/noticias\/?p=569651"},"modified":"2024-08-08T11:33:14","modified_gmt":"2024-08-08T14:33:14","slug":"news-agenda-dividendos-fundo-imobiliario-bcff11-agosto-gss","status":"publish","type":"post","link":"https:\/\/www.suno.com.br\/noticias\/news-agenda-dividendos-fundo-imobiliario-bcff11-agosto-gss\/","title":{"rendered":"FII BCFF11 anuncia rendimentos de R$ 0,07 em agosto"},"content":{"rendered":"<p>O FII BTG Fundo de Fundos (<a href=\"https:\/\/www.suno.com.br\/fundos-imobiliarios\/BCFF11\/\"><strong>BCFF11<\/strong><\/a>) anunciou em um comunicado que vai distribuir aos seus cotistas R$ 0,07 por cota em proventos no m\u00eas de agosto.<\/p>\t<div class=\"wrapper-featured-image\">\n\t\t<figure class=\"spotlightImg\">\n\n\t\t\t<picture>\n\t\t\t\t<source media=\"(max-width: 768px)\" srcset=\"https:\/\/files.sunoresearch.com.br\/n\/uploads\/2023\/11\/fundos-imobiliarios-4-400x200.jpg\">\n\t\t\t\t<img loading=\"lazy\" decoding=\"async\" class=\"newsContent__article__imgCapa lazyloadDisabled \" src=\"https:\/\/files.sunoresearch.com.br\/n\/uploads\/2023\/11\/fundos-imobiliarios-4-800x450.jpg\" width=\"800\" height=\"450\" alt=\"FII BCFF11 anuncia rendimentos de R$ 0,07 em agosto\" fetchpriority=high \/>\n\t\t\t<\/picture>\n\n\t\t\t<figcaption class=\"wp-caption-text wp-caption-text--show\">dividendos fIIs. Foto: Pixabay<\/figcaption>\n\t\t<\/figure>\n\t<\/div>\n\n\n\n\n\n\t<p>\n\t\t<a href=\"\" target=\"_blank\" data-element=\"shortcode-suno-banner\" title=\"Banner SUNO, clique e saiba mais\">\n\t\t\t<picture>\n\t\t\t\t<source media=\"(max-width: 500px)\" srcset=\"\">\n\t\t\t\t<img class=\"newsContent__article__imgCapa newsContent__article__imgCapa--banner\"\n\t\t\t\t\tsrc=\"\"\n\t\t\t\t\tdata-promo-id=\"77050\"\t\t\t\t\t\t\t\t\t\t\t\t\t\t\talt=\"\"\n\t\t\t\t>\n\t\t\t<\/picture>\n\t\t<\/a>\n\t<\/p>\n\n\n\n\n\n<p>Somente ter\u00e1 direito aos <strong>dividendos do BCFF11<\/strong> quem for cotista do FII at\u00e9 o final do dia 7 de agosto. Por isso, os investidores do fundo na quinta-feira (8) n\u00e3o ter\u00e3o acesso a esses rendimentos.<\/p>\n\n\n\n<p>O investidor que estiver dentro desses pr\u00e9-requisitos ter\u00e1 o dinheiro em sua conta em 14 de agosto.<\/p>\n\n\n\n<p>Os <strong>rendimentos do BCFF11<\/strong> correspondem aos ganhos registrados em agosto. O valor \u00e9 o mesmo que o pago no m\u00eas anterior.<\/p>\n\n\n\n<p>Na compara\u00e7\u00e3o com o m\u00eas anterior, <strong>dividend yield do BCFF11<\/strong> passou de 0,83% para 0,85%, levando em considera\u00e7\u00e3o a varia\u00e7\u00e3o do valor do FII na B3.<\/p>\n\n\n\n<p>Em 12 meses, o DY ficou em 10,3095%.<\/p>\n\n\n\t<p>\n\t\t<a href=\"https:\/\/lp.suno.com.br\/planilha-controle-gastos\/\" target=\"_blank\" data-element=\"shortcode-suno-banner\" title=\"Banner SUNO, clique e saiba mais\">\n\t\t\t<picture>\n\t\t\t\t<source media=\"(max-width: 500px)\" srcset=\"https:\/\/files.sunoresearch.com.br\/n\/uploads\/2023\/03\/400x300-Planilha-controle-de-gastos.png\">\n\t\t\t\t<img class=\"newsContent__article__imgCapa newsContent__article__imgCapa--banner\"\n\t\t\t\t\tsrc=\"https:\/\/files.sunoresearch.com.br\/n\/uploads\/2023\/03\/1420x240-Planilha-controle-de-gastos.png\"\n\t\t\t\t\tdata-promo-id=\"101751\"\t\t\t\t\t\t\t\t\t\twidth='1420' height='240'\t\t\t\t\talt=\"https:\/\/files.sunoresearch.com.br\/n\/uploads\/2023\/03\/1420x240-Planilha-controle-de-gastos.png\"\n\t\t\t\t>\n\t\t\t<\/picture>\n\t\t<\/a>\n\t<\/p>\n\n\n\n\n\n<h2 class=\"wp-block-heading\">Confira os detalhes sobre os <a class=\"suno-keyword\" target=\"_blank\" data-force=\"no\" data-priority=\"1\" href=\"https:\/\/www.suno.com.br\/guias\/dividendos\/\" rel=\"noopener\">dividendos<\/a> do <a class=\"suno-keyword\" target=\"_blank\" data-force=\"yes\" data-priority=\"2\" href=\"https:\/\/www.suno.com.br\/fundos-imobiliarios\/bcff11\/\" rel=\"noopener\">BCFF11<\/a>:<\/h2>\n\n\n\n<p><strong>FII BTG Fundo de Fundos (BCFF11)<\/strong><\/p>\n\n\n\n<ul class=\"wp-block-list\">\n<li>Rendimento: R$ 0,0700<\/li>\n\n\n\n<li>Data de corte: 07\/08\/2024<\/li>\n\n\n\n<li>Data do pagamento: 14\/08\/2024<\/li>\n\n\n\n<li>Dividend yield da distribui\u00e7\u00e3o: 0,85%<\/li>\n<\/ul>\n\n\n\n<h2 class=\"wp-block-heading\">Dividendos do BCFF11 (12m)<\/h2>\n\n\n\n<figure class=\"wp-block-table\"><table><tbody><tr><td>Tipo<\/td><td>M\u00eas de Pagamento<\/td><td>Valor<\/td><\/tr><tr><td>Rendimento<\/td><td>Agosto\/2024<\/td><td>R$ 0,0700<\/td><\/tr><tr><td>Rendimento<\/td><td>Julho\/2024<\/td><td>R$ 0,0700<\/td><\/tr><tr><td>Rendimento<\/td><td>Junho\/2024<\/td><td>R$ 0,0700<\/td><\/tr><tr><td>Rendimento<\/td><td>Maio\/2024<\/td><td>R$ 0,0700<\/td><\/tr><tr><td>Rendimento<\/td><td>Abril\/2024<\/td><td>R$ 0,0770<\/td><\/tr><tr><td>Rendimento<\/td><td>Mar\u00e7o\/2024<\/td><td>R$ 0,0725<\/td><\/tr><tr><td>Rendimento<\/td><td>Fevereiro\/2024<\/td><td>R$ 0,0700<\/td><\/tr><tr><td>Rendimento<\/td><td>Janeiro\/2024<\/td><td>R$ 0,0700<\/td><\/tr><tr><td>Rendimento<\/td><td>Dezembro\/2023<\/td><td>R$ 0,0700<\/td><\/tr><tr><td>Rendimento<\/td><td>Novembro\/2023<\/td><td>R$ 0,0700<\/td><\/tr><tr><td>Rendimento<\/td><td>Outubro\/2023<\/td><td>R$ 0,0700<\/td><\/tr><tr><td>Rendimento<\/td><td>Setembro\/2023<\/td><td>R$ 0,0700<\/td><\/tr><\/tbody><\/table><\/figure>\n\n\n\n<h2 class=\"wp-block-heading\">Saiba as principais caracter\u00edsticas do fundo imobili\u00e1rio BCFF11<\/h2>\n\n\n\n<p>O fundo imobili\u00e1rio BCFF11 tem sua administra\u00e7\u00e3o realizada pelo BTG Pactual. Sua tese de investimento se d\u00e1 principalmente em Fundo de Fundos, desde sua constitui\u00e7\u00e3o ocorrida em dezembro de 2009.<\/p>\n\n\n\t<p>\n\t\t<a href=\"https:\/\/lp.suno.com.br\/planilha-da-vida-financeira\/\" target=\"_blank\" data-element=\"shortcode-suno-banner\" title=\"Banner SUNO, clique e saiba mais\">\n\t\t\t<picture>\n\t\t\t\t<source media=\"(max-width: 500px)\" srcset=\"https:\/\/files.sunoresearch.com.br\/n\/uploads\/2023\/04\/400x300-Planilha-vida-financeira-true.png\">\n\t\t\t\t<img class=\"newsContent__article__imgCapa newsContent__article__imgCapa--banner\"\n\t\t\t\t\tsrc=\"https:\/\/files.sunoresearch.com.br\/n\/uploads\/2023\/04\/1420x240-Planilha-vida-financeira-true.png\"\n\t\t\t\t\tdata-promo-id=\"106682\"\t\t\t\t\t\t\t\t\t\twidth='1420' height='240'\t\t\t\t\talt=\"https:\/\/files.sunoresearch.com.br\/n\/uploads\/2023\/04\/1420x240-Planilha-vida-financeira-true.png\"\n\t\t\t\t>\n\t\t\t<\/picture>\n\t\t<\/a>\n\t<\/p>\n\n\n\n\n\n<p>As cotas do FII BTG Fundo de Fundos s\u00e3o compradas e vendidas por meio da bolsa de valores brasileira, a B3. Ele tem cerca de 355.580 cotistas e um <a class=\"suno-keyword\" target=\"_blank\" data-force=\"no\" data-priority=\"1\" href=\"https:\/\/www.suno.com.br\/artigos\/valor-de-mercado\/\" rel=\"noopener\">valor de mercado<\/a> de R$ 1.660.286.037,76. Ele faz parte da <a class=\"suno-keyword\" target=\"_blank\" data-force=\"no\" data-priority=\"1\" href=\"https:\/\/www.suno.com.br\/artigos\/carteira-teorica\/\" rel=\"noopener\">carteira te\u00f3rica<\/a> do IFIX.<\/p>\n\n\n\n<p>A cota\u00e7\u00e3o do BCFF11 alta de 0,49 no \u00faltimo dia na bolsa e fechou vendido a R$ 8,24. O FII&nbsp; desvalorizou -1,08% nos \u00faltimos trinta dias e registrou um recuo de -9,25% em 12 meses.<\/p>\n\n\n\n<p>O <strong>fundo BCFF11<\/strong> tem um patrim\u00f4nio l\u00edquido de R$ 1.888.064.638,58. Dividido pelo n\u00famero de cotas, o <a class=\"suno-keyword\" target=\"_blank\" data-force=\"no\" data-priority=\"1\" href=\"https:\/\/www.suno.com.br\/artigos\/valor-patrimonial\/\" rel=\"noopener\">valor patrimonial<\/a> por papel \u00e9 de R$ 9,37.<\/p>\n\n\n\n<p>A rela\u00e7\u00e3o entre o valor da cota do fundo e o seu valor patrimonial \u00e9 um indicador usado para an\u00e1lise de compra e venda de fundos imobili\u00e1rios e a\u00e7\u00f5es. Uma boa indica\u00e7\u00e3o ao investidor \u00e9 quando essa divis\u00e3o fica abaixo de 1, o que favorece o investimento, embora n\u00e3o deve ser um indicador utilizado sozinho para investir em FIIs.<\/p>\n\n\n\t<p>\n\t\t<a href=\"https:\/\/lp.suno.com.br\/ebook-como-analisar-uma-acao\/\" target=\"_blank\" data-element=\"shortcode-suno-banner\" title=\"Banner SUNO, clique e saiba mais\">\n\t\t\t<picture>\n\t\t\t\t<source media=\"(max-width: 500px)\" srcset=\"https:\/\/files.sunoresearch.com.br\/n\/uploads\/2023\/03\/Ebook-Acoes-Mobile-1.jpg\">\n\t\t\t\t<img class=\"newsContent__article__imgCapa newsContent__article__imgCapa--banner\"\n\t\t\t\t\tsrc=\"https:\/\/files.sunoresearch.com.br\/n\/uploads\/2023\/03\/Ebook-Acoes-Desktop-1.jpg\"\n\t\t\t\t\tdata-promo-id=\"171998\"\t\t\t\t\t\t\t\t\t\twidth='1420' height='286'\t\t\t\t\talt=\"https:\/\/files.sunoresearch.com.br\/n\/uploads\/2023\/03\/Ebook-Acoes-Desktop-1.jpg\"\n\t\t\t\t>\n\t\t\t<\/picture>\n\t\t<\/a>\n\t<\/p>\n\n\n\n\n\n<h2 class=\"wp-block-heading\">FIIs na B3<\/h2>\n\n\n\n<p>No \u00faltimo preg\u00e3o, o IFIX teve uma alta de 0.0553%, aos 3.349 pontos.<\/p>\n\n\n\n<p>Veja as principais altas e baixas do \u00faltimo preg\u00e3o:<\/p>\n\n\n\n<h3 class=\"wp-block-heading\">Maiores altas no dia<\/h3>\n\n\n\n<ul class=\"wp-block-list\">\n<li>LGCP11: Alta de 1,54%<\/li>\n\n\n\n<li>BLMG11: Alta de 1,52%<\/li>\n\n\n\n<li>KFOF11: Alta de 1,32%<\/li>\n\n\n\n<li>XPSF11: Alta de 1,09%<\/li>\n\n\n\n<li>PORD11: Alta de 0,89%<\/li>\n<\/ul>\n\n\n\n<h3 class=\"wp-block-heading\">Maiores baixas no dia<\/h3>\n\n\n\n<ul class=\"wp-block-list\">\n<li>BROF11: Baixa de 1,38%<\/li>\n\n\n\n<li>XPIN11: Baixa de 1,22%<\/li>\n\n\n\n<li>BTRA11: Baixa de 1,13%<\/li>\n\n\n\n<li>AJFI11: Baixa de 1,05%<\/li>\n\n\n\n<li>PATL11: Baixa de 0,95%<\/li>\n<\/ul>\n\n\n\n<p>Clique <a href=\"https:\/\/www.suno.com.br\/noticias\/imoveis\/\">aqui<\/a> e entenda o que acontece no mercado de fundos imobili\u00e1rios ou veja tudo sobre o FII <strong>BCFF11<\/strong> <a href=\"https:\/\/www.suno.com.br\/noticias\/tags\/BCFF11\/\">aqui<\/a>.<\/p>\n\n\n\t<p>\n\t\t<a href=\"https:\/\/lp.suno.com.br\/planilha-controle-gastos\/\" target=\"_blank\" data-element=\"shortcode-suno-banner\" title=\"Banner SUNO, clique e saiba mais\">\n\t\t\t<picture>\n\t\t\t\t<source media=\"(max-width: 500px)\" srcset=\"https:\/\/files.sunoresearch.com.br\/n\/uploads\/2023\/03\/400x300-Planilha-controle-de-gastos.png\">\n\t\t\t\t<img class=\"newsContent__article__imgCapa newsContent__article__imgCapa--banner\"\n\t\t\t\t\tsrc=\"https:\/\/files.sunoresearch.com.br\/n\/uploads\/2023\/03\/1420x240-Planilha-controle-de-gastos.png\"\n\t\t\t\t\tdata-promo-id=\"101751\"\t\t\t\t\t\t\t\t\t\twidth='1420' height='240'\t\t\t\t\talt=\"https:\/\/files.sunoresearch.com.br\/n\/uploads\/2023\/03\/1420x240-Planilha-controle-de-gastos.png\"\n\t\t\t\t>\n\t\t\t<\/picture>\n\t\t<\/a>\n\t<\/p>\n\n\n","protected":false},"excerpt":{"rendered":"<p>O FII BTG Fundo de Fundos (BCFF11) anunciou em um comunicado que vai distribuir aos seus cotistas R$ 0,07 por cota em proventos no m\u00eas de agosto. dividendos fIIs. Foto: Pixabay Somente ter\u00e1 direito aos dividendos do BCFF11 quem for cotista do FII at\u00e9 o final do dia 7 de agosto. Por isso, os investidores [&hellip;]<\/p>\n","protected":false},"author":376,"featured_media":480901,"comment_status":"closed","ping_status":"closed","sticky":false,"template":"","format":"standard","meta":[],"categories":[66],"tags":[106083,315],"suno_strategy":[],"class_list":["post-569651","post","type-post","status-publish","format-standard","has-post-thumbnail","hentry","category-fiis","tag-bcff11","tag-fundos-imobiliarios-fiis"],"yoast_head":"<!-- This site is optimized with the Yoast SEO plugin v24.4 - https:\/\/yoast.com\/wordpress\/plugins\/seo\/ -->\n<title>FII BCFF11 anuncia rendimentos de R$ 0,07 em agosto<\/title>\n<meta name=\"description\" content=\"O FII BCFF11 anunciou o pagamento de rendimentos em agosto. Clique aqui para saber os detalhes sobre os dividendos do BCFF11.\" \/>\n<meta name=\"robots\" content=\"index, follow, max-snippet:-1, max-image-preview:large, max-video-preview:-1\" \/>\n<link rel=\"canonical\" href=\"https:\/\/www.suno.com.br\/noticias\/news-agenda-dividendos-fundo-imobiliario-bcff11-agosto-gss\/\" \/>\n<meta property=\"og:locale\" content=\"pt_BR\" \/>\n<meta property=\"og:type\" content=\"article\" \/>\n<meta property=\"og:title\" content=\"FII BCFF11 anuncia rendimentos de R$ 0,07 em agosto\" \/>\n<meta property=\"og:description\" content=\"O FII BCFF11 anunciou o pagamento de rendimentos em agosto. Clique aqui para saber os detalhes sobre os dividendos do BCFF11.\" \/>\n<meta property=\"og:url\" content=\"https:\/\/www.suno.com.br\/noticias\/news-agenda-dividendos-fundo-imobiliario-bcff11-agosto-gss\/\" \/>\n<meta property=\"og:site_name\" content=\"Suno Not\u00edcias\" \/>\n<meta property=\"article:publisher\" content=\"https:\/\/facebook.com\/sunoresearch\" \/>\n<meta property=\"og:image\" content=\"https:\/\/files.sunoresearch.com.br\/n\/uploads\/2023\/11\/fundos-imobiliarios-4.jpg\" \/>\n\t<meta property=\"og:image:width\" content=\"1280\" \/>\n\t<meta property=\"og:image:height\" content=\"839\" \/>\n\t<meta property=\"og:image:type\" content=\"image\/jpeg\" \/>\n<meta name=\"author\" content=\"Guilherme Serrano\" \/>\n<meta name=\"twitter:card\" content=\"summary_large_image\" \/>\n<meta name=\"twitter:creator\" content=\"@sunoresearch\" \/>\n<meta name=\"twitter:site\" content=\"@sunoresearch\" \/>\n<meta name=\"twitter:label1\" content=\"Escrito por\" \/>\n\t<meta name=\"twitter:data1\" content=\"Guilherme Serrano\" \/>\n\t<meta name=\"twitter:label2\" content=\"Est. tempo de leitura\" \/>\n\t<meta name=\"twitter:data2\" content=\"3 minutos\" \/>\n<script type=\"application\/ld+json\" class=\"yoast-schema-graph\">{\"@context\":\"https:\/\/schema.org\",\"@graph\":[{\"@type\":\"NewsArticle\",\"@id\":\"https:\/\/www.suno.com.br\/noticias\/news-agenda-dividendos-fundo-imobiliario-bcff11-agosto-gss\/#article\",\"isPartOf\":{\"@id\":\"https:\/\/www.suno.com.br\/noticias\/news-agenda-dividendos-fundo-imobiliario-bcff11-agosto-gss\/\"},\"author\":{\"name\":\"Guilherme Serrano\",\"@id\":\"https:\/\/www.suno.com.br\/noticias\/#\/schema\/person\/d0f07e64bce64aa671feadfb844f04ca\"},\"headline\":\"FII BCFF11 anuncia rendimentos de R$ 0,07 em agosto\",\"datePublished\":\"2024-08-08T14:33:10+00:00\",\"dateModified\":\"2024-08-08T14:33:14+00:00\",\"mainEntityOfPage\":{\"@id\":\"https:\/\/www.suno.com.br\/noticias\/news-agenda-dividendos-fundo-imobiliario-bcff11-agosto-gss\/\"},\"wordCount\":521,\"publisher\":{\"@id\":\"https:\/\/www.suno.com.br\/noticias\/#organization\"},\"image\":{\"@id\":\"https:\/\/www.suno.com.br\/noticias\/news-agenda-dividendos-fundo-imobiliario-bcff11-agosto-gss\/#primaryimage\"},\"thumbnailUrl\":\"https:\/\/files.sunoresearch.com.br\/n\/uploads\/2023\/11\/fundos-imobiliarios-4.jpg\",\"keywords\":[\"BCFF11\",\"Fundos Imobili\u00e1rios (FIIs)\"],\"articleSection\":[\"FIIs\"],\"inLanguage\":\"pt-BR\"},{\"@type\":\"WebPage\",\"@id\":\"https:\/\/www.suno.com.br\/noticias\/news-agenda-dividendos-fundo-imobiliario-bcff11-agosto-gss\/\",\"url\":\"https:\/\/www.suno.com.br\/noticias\/news-agenda-dividendos-fundo-imobiliario-bcff11-agosto-gss\/\",\"name\":\"FII BCFF11 anuncia rendimentos de R$ 0,07 em agosto\",\"isPartOf\":{\"@id\":\"https:\/\/www.suno.com.br\/noticias\/#website\"},\"primaryImageOfPage\":{\"@id\":\"https:\/\/www.suno.com.br\/noticias\/news-agenda-dividendos-fundo-imobiliario-bcff11-agosto-gss\/#primaryimage\"},\"image\":{\"@id\":\"https:\/\/www.suno.com.br\/noticias\/news-agenda-dividendos-fundo-imobiliario-bcff11-agosto-gss\/#primaryimage\"},\"thumbnailUrl\":\"https:\/\/files.sunoresearch.com.br\/n\/uploads\/2023\/11\/fundos-imobiliarios-4.jpg\",\"datePublished\":\"2024-08-08T14:33:10+00:00\",\"dateModified\":\"2024-08-08T14:33:14+00:00\",\"description\":\"O FII BCFF11 anunciou o pagamento de rendimentos em agosto. Clique aqui para saber os detalhes sobre os dividendos do BCFF11.\",\"breadcrumb\":{\"@id\":\"https:\/\/www.suno.com.br\/noticias\/news-agenda-dividendos-fundo-imobiliario-bcff11-agosto-gss\/#breadcrumb\"},\"inLanguage\":\"pt-BR\",\"potentialAction\":[{\"@type\":\"ReadAction\",\"target\":[\"https:\/\/www.suno.com.br\/noticias\/news-agenda-dividendos-fundo-imobiliario-bcff11-agosto-gss\/\"]}]},{\"@type\":\"ImageObject\",\"inLanguage\":\"pt-BR\",\"@id\":\"https:\/\/www.suno.com.br\/noticias\/news-agenda-dividendos-fundo-imobiliario-bcff11-agosto-gss\/#primaryimage\",\"url\":\"https:\/\/files.sunoresearch.com.br\/n\/uploads\/2023\/11\/fundos-imobiliarios-4.jpg\",\"contentUrl\":\"https:\/\/files.sunoresearch.com.br\/n\/uploads\/2023\/11\/fundos-imobiliarios-4.jpg\",\"width\":1280,\"height\":839,\"caption\":\"dividendos fIIs. Foto: Pixabay\"},{\"@type\":\"BreadcrumbList\",\"@id\":\"https:\/\/www.suno.com.br\/noticias\/news-agenda-dividendos-fundo-imobiliario-bcff11-agosto-gss\/#breadcrumb\",\"itemListElement\":[{\"@type\":\"ListItem\",\"position\":1,\"name\":\"Not\u00edcias\",\"item\":\"https:\/\/www.suno.com.br\/noticias\/\"},{\"@type\":\"ListItem\",\"position\":2,\"name\":\"FIIs\",\"item\":\"https:\/\/www.suno.com.br\/noticias\/fiis\/\"},{\"@type\":\"ListItem\",\"position\":3,\"name\":\"FII BCFF11 anuncia rendimentos de R$ 0,07 em agosto\"}]},{\"@type\":\"WebSite\",\"@id\":\"https:\/\/www.suno.com.br\/noticias\/#website\",\"url\":\"https:\/\/www.suno.com.br\/noticias\/\",\"name\":\"Suno Not\u00edcias\",\"description\":\"Seu portal de informa\u00e7\u00e3o sobre o mundo dos investimentos\",\"publisher\":{\"@id\":\"https:\/\/www.suno.com.br\/noticias\/#organization\"},\"potentialAction\":[{\"@type\":\"SearchAction\",\"target\":{\"@type\":\"EntryPoint\",\"urlTemplate\":\"https:\/\/www.suno.com.br\/noticias\/?s={search_term_string}\"},\"query-input\":{\"@type\":\"PropertyValueSpecification\",\"valueRequired\":true,\"valueName\":\"search_term_string\"}}],\"inLanguage\":\"pt-BR\"},{\"@type\":\"Organization\",\"@id\":\"https:\/\/www.suno.com.br\/noticias\/#organization\",\"name\":\"Suno Not\u00edcias\",\"url\":\"https:\/\/www.suno.com.br\/noticias\/\",\"logo\":{\"@type\":\"ImageObject\",\"inLanguage\":\"pt-BR\",\"@id\":\"https:\/\/www.suno.com.br\/noticias\/#\/schema\/logo\/image\/\",\"url\":\"https:\/\/files.sunoresearch.com.br\/n\/uploads\/2021\/09\/suno-logo.png\",\"contentUrl\":\"https:\/\/files.sunoresearch.com.br\/n\/uploads\/2021\/09\/suno-logo.png\",\"width\":180,\"height\":180,\"caption\":\"Suno Not\u00edcias\"},\"image\":{\"@id\":\"https:\/\/www.suno.com.br\/noticias\/#\/schema\/logo\/image\/\"},\"sameAs\":[\"https:\/\/facebook.com\/sunoresearch\",\"https:\/\/x.com\/sunoresearch\",\"https:\/\/www.instagram.com\/suno\",\"https:\/\/www.linkedin.com\/company\/suno-research\/\",\"https:\/\/www.youtube.com\/c\/sunoresearch\"]},{\"@type\":\"Person\",\"@id\":\"https:\/\/www.suno.com.br\/noticias\/#\/schema\/person\/d0f07e64bce64aa671feadfb844f04ca\",\"name\":\"Guilherme Serrano\",\"image\":{\"@type\":\"ImageObject\",\"inLanguage\":\"pt-BR\",\"@id\":\"https:\/\/www.suno.com.br\/noticias\/#\/schema\/person\/image\/\",\"url\":\"https:\/\/secure.gravatar.com\/avatar\/a90be19d8c67bef61497e4522de30ac4?s=96&r=g\",\"contentUrl\":\"https:\/\/secure.gravatar.com\/avatar\/a90be19d8c67bef61497e4522de30ac4?s=96&r=g\",\"caption\":\"Guilherme Serrano\"},\"description\":\"Jornalista formado pela Faculdade C\u00e1sper L\u00edbero e p\u00f3s-graduado em Can\u00e7\u00e3o Popular pela Faculdade Santa Marcelina. Passagens por R\u00e1dio Gazeta AM, gazetaesportiva.com e TC R\u00e1dio.\",\"url\":\"https:\/\/www.suno.com.br\/noticias\/author\/guilherme-silvasuno-com-br\/\"}]}<\/script>\n<!-- \/ Yoast SEO plugin. -->","yoast_head_json":{"title":"FII BCFF11 anuncia rendimentos de R$ 0,07 em agosto","description":"O FII BCFF11 anunciou o pagamento de rendimentos em agosto. Clique aqui para saber os detalhes sobre os dividendos do BCFF11.","robots":{"index":"index","follow":"follow","max-snippet":"max-snippet:-1","max-image-preview":"max-image-preview:large","max-video-preview":"max-video-preview:-1"},"canonical":"https:\/\/www.suno.com.br\/noticias\/news-agenda-dividendos-fundo-imobiliario-bcff11-agosto-gss\/","og_locale":"pt_BR","og_type":"article","og_title":"FII BCFF11 anuncia rendimentos de R$ 0,07 em agosto","og_description":"O FII BCFF11 anunciou o pagamento de rendimentos em agosto. Clique aqui para saber os detalhes sobre os dividendos do BCFF11.","og_url":"https:\/\/www.suno.com.br\/noticias\/news-agenda-dividendos-fundo-imobiliario-bcff11-agosto-gss\/","og_site_name":"Suno Not\u00edcias","article_publisher":"https:\/\/facebook.com\/sunoresearch","og_image":[{"width":1280,"height":839,"url":"https:\/\/files.sunoresearch.com.br\/n\/uploads\/2023\/11\/fundos-imobiliarios-4.jpg","type":"image\/jpeg"}],"author":"Guilherme Serrano","twitter_card":"summary_large_image","twitter_creator":"@sunoresearch","twitter_site":"@sunoresearch","twitter_misc":{"Escrito por":"Guilherme Serrano","Est. tempo de leitura":"3 minutos"},"schema":{"@context":"https:\/\/schema.org","@graph":[{"@type":"NewsArticle","@id":"https:\/\/www.suno.com.br\/noticias\/news-agenda-dividendos-fundo-imobiliario-bcff11-agosto-gss\/#article","isPartOf":{"@id":"https:\/\/www.suno.com.br\/noticias\/news-agenda-dividendos-fundo-imobiliario-bcff11-agosto-gss\/"},"author":{"name":"Guilherme Serrano","@id":"https:\/\/www.suno.com.br\/noticias\/#\/schema\/person\/d0f07e64bce64aa671feadfb844f04ca"},"headline":"FII BCFF11 anuncia rendimentos de R$ 0,07 em agosto","datePublished":"2024-08-08T14:33:10+00:00","dateModified":"2024-08-08T14:33:14+00:00","mainEntityOfPage":{"@id":"https:\/\/www.suno.com.br\/noticias\/news-agenda-dividendos-fundo-imobiliario-bcff11-agosto-gss\/"},"wordCount":521,"publisher":{"@id":"https:\/\/www.suno.com.br\/noticias\/#organization"},"image":{"@id":"https:\/\/www.suno.com.br\/noticias\/news-agenda-dividendos-fundo-imobiliario-bcff11-agosto-gss\/#primaryimage"},"thumbnailUrl":"https:\/\/files.sunoresearch.com.br\/n\/uploads\/2023\/11\/fundos-imobiliarios-4.jpg","keywords":["BCFF11","Fundos Imobili\u00e1rios (FIIs)"],"articleSection":["FIIs"],"inLanguage":"pt-BR"},{"@type":"WebPage","@id":"https:\/\/www.suno.com.br\/noticias\/news-agenda-dividendos-fundo-imobiliario-bcff11-agosto-gss\/","url":"https:\/\/www.suno.com.br\/noticias\/news-agenda-dividendos-fundo-imobiliario-bcff11-agosto-gss\/","name":"FII BCFF11 anuncia rendimentos de R$ 0,07 em agosto","isPartOf":{"@id":"https:\/\/www.suno.com.br\/noticias\/#website"},"primaryImageOfPage":{"@id":"https:\/\/www.suno.com.br\/noticias\/news-agenda-dividendos-fundo-imobiliario-bcff11-agosto-gss\/#primaryimage"},"image":{"@id":"https:\/\/www.suno.com.br\/noticias\/news-agenda-dividendos-fundo-imobiliario-bcff11-agosto-gss\/#primaryimage"},"thumbnailUrl":"https:\/\/files.sunoresearch.com.br\/n\/uploads\/2023\/11\/fundos-imobiliarios-4.jpg","datePublished":"2024-08-08T14:33:10+00:00","dateModified":"2024-08-08T14:33:14+00:00","description":"O FII BCFF11 anunciou o pagamento de rendimentos em agosto. Clique aqui para saber os detalhes sobre os dividendos do BCFF11.","breadcrumb":{"@id":"https:\/\/www.suno.com.br\/noticias\/news-agenda-dividendos-fundo-imobiliario-bcff11-agosto-gss\/#breadcrumb"},"inLanguage":"pt-BR","potentialAction":[{"@type":"ReadAction","target":["https:\/\/www.suno.com.br\/noticias\/news-agenda-dividendos-fundo-imobiliario-bcff11-agosto-gss\/"]}]},{"@type":"ImageObject","inLanguage":"pt-BR","@id":"https:\/\/www.suno.com.br\/noticias\/news-agenda-dividendos-fundo-imobiliario-bcff11-agosto-gss\/#primaryimage","url":"https:\/\/files.sunoresearch.com.br\/n\/uploads\/2023\/11\/fundos-imobiliarios-4.jpg","contentUrl":"https:\/\/files.sunoresearch.com.br\/n\/uploads\/2023\/11\/fundos-imobiliarios-4.jpg","width":1280,"height":839,"caption":"dividendos fIIs. Foto: Pixabay"},{"@type":"BreadcrumbList","@id":"https:\/\/www.suno.com.br\/noticias\/news-agenda-dividendos-fundo-imobiliario-bcff11-agosto-gss\/#breadcrumb","itemListElement":[{"@type":"ListItem","position":1,"name":"Not\u00edcias","item":"https:\/\/www.suno.com.br\/noticias\/"},{"@type":"ListItem","position":2,"name":"FIIs","item":"https:\/\/www.suno.com.br\/noticias\/fiis\/"},{"@type":"ListItem","position":3,"name":"FII BCFF11 anuncia rendimentos de R$ 0,07 em agosto"}]},{"@type":"WebSite","@id":"https:\/\/www.suno.com.br\/noticias\/#website","url":"https:\/\/www.suno.com.br\/noticias\/","name":"Suno Not\u00edcias","description":"Seu portal de informa\u00e7\u00e3o sobre o mundo dos investimentos","publisher":{"@id":"https:\/\/www.suno.com.br\/noticias\/#organization"},"potentialAction":[{"@type":"SearchAction","target":{"@type":"EntryPoint","urlTemplate":"https:\/\/www.suno.com.br\/noticias\/?s={search_term_string}"},"query-input":{"@type":"PropertyValueSpecification","valueRequired":true,"valueName":"search_term_string"}}],"inLanguage":"pt-BR"},{"@type":"Organization","@id":"https:\/\/www.suno.com.br\/noticias\/#organization","name":"Suno Not\u00edcias","url":"https:\/\/www.suno.com.br\/noticias\/","logo":{"@type":"ImageObject","inLanguage":"pt-BR","@id":"https:\/\/www.suno.com.br\/noticias\/#\/schema\/logo\/image\/","url":"https:\/\/files.sunoresearch.com.br\/n\/uploads\/2021\/09\/suno-logo.png","contentUrl":"https:\/\/files.sunoresearch.com.br\/n\/uploads\/2021\/09\/suno-logo.png","width":180,"height":180,"caption":"Suno Not\u00edcias"},"image":{"@id":"https:\/\/www.suno.com.br\/noticias\/#\/schema\/logo\/image\/"},"sameAs":["https:\/\/facebook.com\/sunoresearch","https:\/\/x.com\/sunoresearch","https:\/\/www.instagram.com\/suno","https:\/\/www.linkedin.com\/company\/suno-research\/","https:\/\/www.youtube.com\/c\/sunoresearch"]},{"@type":"Person","@id":"https:\/\/www.suno.com.br\/noticias\/#\/schema\/person\/d0f07e64bce64aa671feadfb844f04ca","name":"Guilherme Serrano","image":{"@type":"ImageObject","inLanguage":"pt-BR","@id":"https:\/\/www.suno.com.br\/noticias\/#\/schema\/person\/image\/","url":"https:\/\/secure.gravatar.com\/avatar\/a90be19d8c67bef61497e4522de30ac4?s=96&r=g","contentUrl":"https:\/\/secure.gravatar.com\/avatar\/a90be19d8c67bef61497e4522de30ac4?s=96&r=g","caption":"Guilherme Serrano"},"description":"Jornalista formado pela Faculdade C\u00e1sper L\u00edbero e p\u00f3s-graduado em Can\u00e7\u00e3o Popular pela Faculdade Santa Marcelina. Passagens por R\u00e1dio Gazeta AM, gazetaesportiva.com e TC R\u00e1dio.","url":"https:\/\/www.suno.com.br\/noticias\/author\/guilherme-silvasuno-com-br\/"}]}},"default_loop_html":"<div class=\"cardsPage__listCard__boxs\"><div class=\"cardsPage__listCard__boxs__img\"><a href=\"https:\/\/www.suno.com.br\/noticias\/news-agenda-dividendos-fundo-imobiliario-bcff11-agosto-gss\/\"><img class=\"mask\" src=\"https:\/\/www.suno.com.br\/noticias\/wp-content\/themes\/suno\/resources\/images\/spotlight\/spotlight1img\/bg-mask.png\" alt=\"Image Mask\"\/><img src=\"https:\/\/files.sunoresearch.com.br\/n\/uploads\/2023\/11\/fundos-imobiliarios-4-400x200.jpg\" alt=\"FII BCFF11 anuncia rendimentos de R$ 0,07 em agosto\"\/><\/a><span class=\"spotlightCategory\"><a href=\"https:\/\/www.suno.com.br\/noticias\/fiis\/\">FIIs<\/a><\/span><\/div><div class=\"cardsPage__listCard__boxs__content\"><a href=\"https:\/\/www.suno.com.br\/noticias\/news-agenda-dividendos-fundo-imobiliario-bcff11-agosto-gss\/\"><h2 class=\"content__title\">FII BCFF11 anuncia rendimentos de R$ 0,07 em agosto<\/h2><\/a><div class=\"newsContent__article__meta\"><div class=\"newsContent__article__meta__authorBox\"><a href=\"https:\/\/www.suno.com.br\/noticias\/author\/guilherme-silvasuno-com-br\/\" class=\"authorBox__avatar noMobi\"><img src=\"https:\/\/secure.gravatar.com\/avatar\/a90be19d8c67bef61497e4522de30ac4?s=96&#038;r=g\" alt=\"Guilherme Serrano\"><\/a><div class=\"authorBox__name\"><span>por\n\t\t\t<a href=\"https:\/\/www.suno.com.br\/noticias\/author\/guilherme-silvasuno-com-br\/\"><span itemprop=\"author\">Guilherme Serrano<\/span><\/a><\/span><time datetime=\"2024-08-08T11:33:10-03:00\" itemprop=\"datePublished\">08\/08\/2024 11:33<\/time><\/div><\/div><\/div><\/div><\/div>","single_layout":"posts","amp_enabled":true,"_links":{"self":[{"href":"https:\/\/www.suno.com.br\/noticias\/wp-json\/wp\/v2\/posts\/569651"}],"collection":[{"href":"https:\/\/www.suno.com.br\/noticias\/wp-json\/wp\/v2\/posts"}],"about":[{"href":"https:\/\/www.suno.com.br\/noticias\/wp-json\/wp\/v2\/types\/post"}],"author":[{"embeddable":true,"href":"https:\/\/www.suno.com.br\/noticias\/wp-json\/wp\/v2\/users\/376"}],"replies":[{"embeddable":true,"href":"https:\/\/www.suno.com.br\/noticias\/wp-json\/wp\/v2\/comments?post=569651"}],"version-history":[{"count":2,"href":"https:\/\/www.suno.com.br\/noticias\/wp-json\/wp\/v2\/posts\/569651\/revisions"}],"predecessor-version":[{"id":569739,"href":"https:\/\/www.suno.com.br\/noticias\/wp-json\/wp\/v2\/posts\/569651\/revisions\/569739"}],"wp:featuredmedia":[{"embeddable":true,"href":"https:\/\/www.suno.com.br\/noticias\/wp-json\/wp\/v2\/media\/480901"}],"wp:attachment":[{"href":"https:\/\/www.suno.com.br\/noticias\/wp-json\/wp\/v2\/media?parent=569651"}],"wp:term":[{"taxonomy":"category","embeddable":true,"href":"https:\/\/www.suno.com.br\/noticias\/wp-json\/wp\/v2\/categories?post=569651"},{"taxonomy":"post_tag","embeddable":true,"href":"https:\/\/www.suno.com.br\/noticias\/wp-json\/wp\/v2\/tags?post=569651"},{"taxonomy":"suno_strategy","embeddable":true,"href":"https:\/\/www.suno.com.br\/noticias\/wp-json\/wp\/v2\/suno_strategy?post=569651"}],"curies":[{"name":"wp","href":"https:\/\/api.w.org\/{rel}","templated":true}]}}