{"id":569616,"date":"2024-08-07T19:00:50","date_gmt":"2024-08-07T22:00:50","guid":{"rendered":"https:\/\/www.suno.com.br\/noticias\/?p=569616"},"modified":"2024-08-07T19:00:53","modified_gmt":"2024-08-07T22:00:53","slug":"ifix-fechamento-070824","status":"publish","type":"post","link":"https:\/\/www.suno.com.br\/noticias\/ifix-fechamento-070824\/","title":{"rendered":"BCFF11 fecha em alta em dia de an\u00fancio de dividendos; IFIX fecha em alta"},"content":{"rendered":"<p>O fundo imobili\u00e1rio <strong>BCFF11 <\/strong>fechou em alta de 0,49% nesta quarta-feira (7), negociado a R$ 8,24, no dia em que anunciou um novo pagamento de <a class=\"suno-keyword\" data-force=\"no\" data-priority=\"1\" href=\"https:\/\/www.suno.com.br\/guias\/dividendos\/\" target=\"_blank\" rel=\"noopener\">dividendos<\/a>, de R$ 0,07 por cota, valor est\u00e1vel pelo quarto m\u00eas consecutivo.<\/p>\t<div class=\"wrapper-featured-image\">\n\t\t<figure class=\"spotlightImg\">\n\n\t\t\t<picture>\n\t\t\t\t<source media=\"(max-width: 768px)\" srcset=\"https:\/\/files.sunoresearch.com.br\/n\/uploads\/2024\/08\/FIIs-logistica-4-fp-400x200.jpg\">\n\t\t\t\t<img loading=\"lazy\" decoding=\"async\" class=\"newsContent__article__imgCapa lazyloadDisabled \" src=\"https:\/\/files.sunoresearch.com.br\/n\/uploads\/2024\/08\/FIIs-logistica-4-fp-800x450.jpg\" width=\"800\" height=\"450\" alt=\"BCFF11 fecha em alta em dia de an\u00fancio de dividendos; IFIX fecha em alta\" fetchpriority=high \/>\n\t\t\t<\/picture>\n\n\t\t\t<figcaption class=\"wp-caption-text wp-caption-text--show\">Fundo imobili\u00e1rio de galp\u00f5es industriais, IBBP11- Foto: Freepik<\/figcaption>\n\t\t<\/figure>\n\t<\/div>\n\n\n\n\n\n<p>\t<p>\n\t\t<a href=\"\" target=\"_blank\" data-element=\"shortcode-suno-banner\" title=\"Banner SUNO, clique e saiba mais\">\n\t\t\t<picture>\n\t\t\t\t<source media=\"(max-width: 500px)\" srcset=\"\">\n\t\t\t\t<img class=\"newsContent__article__imgCapa newsContent__article__imgCapa--banner\"\n\t\t\t\t\tsrc=\"\"\n\t\t\t\t\tdata-promo-id=\"89005\"\t\t\t\t\t\t\t\t\t\t\t\t\t\t\talt=\"\"\n\t\t\t\t>\n\t\t\t<\/picture>\n\t\t<\/a>\n\t<\/p>\n\nx<\/p>\n\n\n\n<p>Os <strong>dividendos do BCFF11<\/strong> ser\u00e3o pagos em 14 de, de acordo com a posi\u00e7\u00e3o dos investidores ap\u00f3s o encerramento do preg\u00e3o desta quarta, em que o FII teve 314.133 cotas negociadas, com um volume financeiro de R$ 2,59 milh\u00f5es.<\/p>\n\n\n\n<p>O <a class=\"suno-keyword\" target=\"_blank\" data-force=\"yes\" data-priority=\"2\" href=\"https:\/\/www.suno.com.br\/fundos-imobiliarios\/bcff11\/\" rel=\"noopener\">BCFF11<\/a> est\u00e1 em meio a uma assembleia geral extraordin\u00e1ria (AGE) aberta at\u00e9 o dia 12 de agosto que vai votar a fus\u00e3o do fundo com o BTHF11, hedge fund que hoje \u00e9 negociado no mercado cetipado, tamb\u00e9m sob administra\u00e7\u00e3o e gest\u00e3o do BTG Pactual.&nbsp;<\/p>\n\n\n\n<p>A ideia \u00e9 substituir o atual fundo de fundos, o mais antigo do segmento no mercado, por uma estrutura de mais liberdade para a gest\u00e3o, com mandato para adquirir qualquer tipo de ativo relacionado ao mercado imobili\u00e1rio, inclusive im\u00f3veis e empresas do setor.<\/p>\n\n\n\n<figure class=\"wp-block-embed is-type-video is-provider-youtube wp-block-embed-youtube wp-embed-aspect-16-9 wp-has-aspect-ratio\"><div class=\"wp-block-embed__wrapper\">\n<iframe loading=\"lazy\" title=\"BCFF &amp; BTHF: O que esperar da fusa\u0303o dos FIIs? O que muda para o investidor?\" width=\"1080\" height=\"608\" src=\"https:\/\/www.youtube.com\/embed\/3gRn4dDqu9M?feature=oembed\" frameborder=\"0\" allow=\"accelerometer; autoplay; clipboard-write; encrypted-media; gyroscope; picture-in-picture; web-share\" referrerpolicy=\"strict-origin-when-cross-origin\" allowfullscreen><\/iframe>\n<\/div><\/figure>\n\n\n\n<h2 class=\"wp-block-heading\">BCFF11 fecha em alta; IFIX reverte tend\u00eancia e volta a subir<\/h2>\n\n\n\n<p>O <strong>IFIX <\/strong>reverteu a tend\u00eancia de queda do in\u00edcio da semana e voltou a operar em alta, com fechamento em 3.349,29 pontos, avan\u00e7o de 0,05% em rela\u00e7\u00e3o ao fechamento da v\u00e9spera, em 3.347,44 pontos.<\/p>\n\n\n\t<p>\n\t\t<a href=\"https:\/\/lp.suno.com.br\/minicurso-investindo-fiis\/\" target=\"_blank\" data-element=\"shortcode-suno-banner\" title=\"Banner SUNO, clique e saiba mais\">\n\t\t\t<picture>\n\t\t\t\t<source media=\"(max-width: 500px)\" srcset=\"https:\/\/files.sunoresearch.com.br\/n\/uploads\/2023\/03\/400x300-Minicurso-FIIS.png\">\n\t\t\t\t<img class=\"newsContent__article__imgCapa newsContent__article__imgCapa--banner\"\n\t\t\t\t\tsrc=\"https:\/\/files.sunoresearch.com.br\/n\/uploads\/2023\/03\/1420x240-Minicurso-FIIS.png\"\n\t\t\t\t\tdata-promo-id=\"383125\"\t\t\t\t\t\t\t\t\t\twidth='1420' height='240'\t\t\t\t\talt=\"https:\/\/files.sunoresearch.com.br\/n\/uploads\/2023\/03\/1420x240-Minicurso-FIIS.png\"\n\t\t\t\t>\n\t\t\t<\/picture>\n\t\t<\/a>\n\t<\/p>\n\n\n\n\n\n<p>O <strong>\u00edndice de FIIs<\/strong> operou em patamar positivo durante praticamente todo o dia, atingindo logo cedo a m\u00e1xima de 3.354,94 pontos nos primeiros minutos do preg\u00e3o, e depois caindo durante a tarde, chegando a recuar para a m\u00ednima de 3.346,27 pontos antes de se recuperar nos minutos finais de negocia\u00e7\u00f5es.<\/p>\n\n\n\n<p>Mesmo com o resultado positivo, o IFIX ainda acumula queda na semana, de , e no m\u00eas de agosto, de 0,47%, impactada especialmente pelo&nbsp; desempenho ruim de segunda-feira (5), quando o mercado de <a class=\"suno-keyword\" target=\"_blank\" data-force=\"no\" data-priority=\"2\" href=\"https:\/\/www.suno.com.br\/artigos\/renda-variavel-7-dicas\/\" rel=\"noopener\">renda vari\u00e1vel<\/a> foi impactada por queda de bolsas no Jap\u00e3o que se estenderam por todo o mundo. No acumulado do ano, o resultado do IFIX permanece positivo, em 1,14%.<\/p>\n\n\n\n<p>Veja as principais altas do dia:<\/p>\n\n\n\n<figure class=\"wp-block-table\"><table><tbody><tr><td><strong>Fundo<\/strong><\/td><td><strong>Fechamento<\/strong><\/td><td><strong>Varia\u00e7\u00e3o<\/strong><\/td><\/tr><tr><td>LGCP11<\/td><td>R$ 86,50<\/td><td>+1,54%<\/td><\/tr><tr><td>BLMG11<\/td><td>R$ 38,69<\/td><td>+1,52%<\/td><\/tr><tr><td>KFOF11<\/td><td>R$ 89,05<\/td><td><strong>+<\/strong>1,32%<\/td><\/tr><tr><td>FATN11<\/td><td>R$ 91,29<\/td><td><strong>+<\/strong>1,26%<\/td><\/tr><tr><td>XPSF11<\/td><td>R$ 7,44<\/td><td>+1,09%<\/td><\/tr><\/tbody><\/table><\/figure>\n\n\n\n<p>Entre as principais baixas do dia, aparecem:<\/p>\n\n\n\n<figure class=\"wp-block-table\"><table><tbody><tr><td><strong>Fundo<\/strong><\/td><td><strong>Fechamento<\/strong><\/td><td><strong>Varia\u00e7\u00e3o<\/strong><\/td><\/tr><tr><td>BROF11<\/td><td>R$ 47,76<\/td><td>-1,38%<\/td><\/tr><tr><td>XPIN11<\/td><td>R$ 78,43<\/td><td>-1,22%<\/td><\/tr><tr><td>BTRA11<\/td><td>R$ 48,21<\/td><td>-1,13%<\/td><\/tr><tr><td>AJFI11<\/td><td>R$ 8,45<\/td><td>-1,05%<\/td><\/tr><tr><td>PATL11<\/td><td>R$ 60,18<\/td><td>-0,95%<\/td><\/tr><\/tbody><\/table><\/figure>\n\n\n\n<p>Em volume de cotas vendidas ao longo do preg\u00e3o, os mais negociados foram<\/p>\n\n\n\n<ul class=\"wp-block-list\">\n<li><a href=\"https:\/\/fiis.com.br\/mxrf11\">MXRF11<\/a> &#8211; 1.805.798<\/li>\n\n\n\n<li><a href=\"https:\/\/fiis.com.br\/cpts11\">CPTS11<\/a> &#8211; 706.391<\/li>\n\n\n\n<li><a href=\"https:\/\/fiis.com.br\/gare11\">GARE11<\/a> &#8211; 439.523<\/li>\n\n\n\n<li><a href=\"https:\/\/fiis.com.br\/vgir11\">VGIR11<\/a> &#8211; 405.601<\/li>\n\n\n\n<li><a href=\"https:\/\/fiis.com.br\/VGHF11\">VGHF11<\/a> &#8211; 376.616<\/li>\n<\/ul>\n\n\n\n<p>O IFIX \u00e9 o principal \u00edndice do mercado de FIIs. Na atual <a class=\"suno-keyword\" target=\"_blank\" data-force=\"no\" data-priority=\"1\" href=\"https:\/\/www.suno.com.br\/artigos\/carteira-teorica\/\" rel=\"noopener\">carteira te\u00f3rica<\/a>, apresentada em maio e com validade at\u00e9 o fim de agosto, figuram 112 ativos, entre eles o <strong>BCFF11<\/strong>, escolhidos pela B3 a partir de indicadores como <a class=\"suno-keyword\" target=\"_blank\" data-force=\"no\" data-priority=\"1\" href=\"https:\/\/www.suno.com.br\/artigos\/valor-patrimonial\/\" rel=\"noopener\">valor patrimonial<\/a> e liquidez das cotas, al\u00e9m de outros fatores.<\/p>\n\n\n\n<p>.<\/p>\n\n\n\t<p>\n\t\t<a href=\"https:\/\/lp.suno.com.br\/planilha-da-vida-financeira\/\" target=\"_blank\" data-element=\"shortcode-suno-banner\" title=\"Banner SUNO, clique e saiba mais\">\n\t\t\t<picture>\n\t\t\t\t<source media=\"(max-width: 500px)\" srcset=\"https:\/\/files.sunoresearch.com.br\/n\/uploads\/2023\/04\/400x300-Planilha-vida-financeira-true.png\">\n\t\t\t\t<img class=\"newsContent__article__imgCapa newsContent__article__imgCapa--banner\"\n\t\t\t\t\tsrc=\"https:\/\/files.sunoresearch.com.br\/n\/uploads\/2023\/04\/1420x240-Planilha-vida-financeira-true.png\"\n\t\t\t\t\tdata-promo-id=\"383123\"\t\t\t\t\t\t\t\t\t\twidth='1420' height='240'\t\t\t\t\talt=\"https:\/\/files.sunoresearch.com.br\/n\/uploads\/2023\/04\/1420x240-Planilha-vida-financeira-true.png\"\n\t\t\t\t>\n\t\t\t<\/picture>\n\t\t<\/a>\n\t<\/p>\n\n\n","protected":false},"excerpt":{"rendered":"<p>BCFF11 anunciou pagamento de R$ 0,07 por cota e espera vota\u00e7\u00e3o de cotistas em AGE; IFIX reverte tend\u00eancia do in\u00edcio da semana.<\/p>\n","protected":false},"author":339,"featured_media":569617,"comment_status":"closed","ping_status":"closed","sticky":false,"template":"","format":"standard","meta":[],"categories":[66],"tags":[106083,295,315,2689],"suno_strategy":[],"class_list":["post-569616","post","type-post","status-publish","format-standard","has-post-thumbnail","hentry","category-fiis","tag-bcff11","tag-dividendos","tag-fundos-imobiliarios-fiis","tag-ifix"],"yoast_head":"<!-- This site is optimized with the Yoast SEO plugin v24.4 - https:\/\/yoast.com\/wordpress\/plugins\/seo\/ -->\n<title>BCFF11 fecha em alta em dia de dividendos; IFIX fecha em alta<\/title>\n<meta name=\"description\" content=\"BCFF11 anunciou pagamento de R$ 0,07 por cota e espera vota\u00e7\u00e3o de cotistas em AGE; IFIX reverte tend\u00eancia do in\u00edcio da semana.\" \/>\n<meta name=\"robots\" content=\"index, follow, max-snippet:-1, max-image-preview:large, max-video-preview:-1\" \/>\n<link rel=\"canonical\" href=\"https:\/\/www.suno.com.br\/noticias\/ifix-fechamento-070824\/\" \/>\n<meta property=\"og:locale\" content=\"pt_BR\" \/>\n<meta property=\"og:type\" content=\"article\" \/>\n<meta property=\"og:title\" content=\"BCFF11 fecha em alta em dia de dividendos; IFIX fecha em alta\" \/>\n<meta property=\"og:description\" content=\"BCFF11 anunciou pagamento de R$ 0,07 por cota e espera vota\u00e7\u00e3o de cotistas em AGE; IFIX reverte tend\u00eancia do in\u00edcio da semana.\" \/>\n<meta property=\"og:url\" content=\"https:\/\/www.suno.com.br\/noticias\/ifix-fechamento-070824\/\" \/>\n<meta property=\"og:site_name\" content=\"Suno Not\u00edcias\" \/>\n<meta property=\"article:publisher\" content=\"https:\/\/facebook.com\/sunoresearch\" \/>\n<meta property=\"og:image\" content=\"https:\/\/files.sunoresearch.com.br\/n\/uploads\/2024\/08\/FIIs-logistica-4-fp.jpg\" \/>\n\t<meta property=\"og:image:width\" content=\"1500\" \/>\n\t<meta property=\"og:image:height\" content=\"1000\" \/>\n\t<meta property=\"og:image:type\" content=\"image\/jpeg\" \/>\n<meta name=\"author\" content=\"Fernando Cesarotti\" \/>\n<meta name=\"twitter:card\" content=\"summary_large_image\" \/>\n<meta name=\"twitter:creator\" content=\"@sunoresearch\" \/>\n<meta name=\"twitter:site\" content=\"@sunoresearch\" \/>\n<meta name=\"twitter:label1\" content=\"Escrito por\" \/>\n\t<meta name=\"twitter:data1\" content=\"Fernando Cesarotti\" \/>\n\t<meta name=\"twitter:label2\" content=\"Est. tempo de leitura\" \/>\n\t<meta name=\"twitter:data2\" content=\"3 minutos\" \/>\n<script type=\"application\/ld+json\" class=\"yoast-schema-graph\">{\"@context\":\"https:\/\/schema.org\",\"@graph\":[{\"@type\":\"NewsArticle\",\"@id\":\"https:\/\/www.suno.com.br\/noticias\/ifix-fechamento-070824\/#article\",\"isPartOf\":{\"@id\":\"https:\/\/www.suno.com.br\/noticias\/ifix-fechamento-070824\/\"},\"author\":{\"name\":\"Fernando Cesarotti\",\"@id\":\"https:\/\/www.suno.com.br\/noticias\/#\/schema\/person\/02171f82e02ec2306ed662847e114507\"},\"headline\":\"BCFF11 fecha em alta em dia de an\u00fancio de dividendos; IFIX fecha em alta\",\"datePublished\":\"2024-08-07T22:00:50+00:00\",\"dateModified\":\"2024-08-07T22:00:53+00:00\",\"mainEntityOfPage\":{\"@id\":\"https:\/\/www.suno.com.br\/noticias\/ifix-fechamento-070824\/\"},\"wordCount\":487,\"publisher\":{\"@id\":\"https:\/\/www.suno.com.br\/noticias\/#organization\"},\"image\":{\"@id\":\"https:\/\/www.suno.com.br\/noticias\/ifix-fechamento-070824\/#primaryimage\"},\"thumbnailUrl\":\"https:\/\/files.sunoresearch.com.br\/n\/uploads\/2024\/08\/FIIs-logistica-4-fp.jpg\",\"keywords\":[\"BCFF11\",\"dividendos\",\"Fundos Imobili\u00e1rios (FIIs)\",\"IFIX\"],\"articleSection\":[\"FIIs\"],\"inLanguage\":\"pt-BR\"},{\"@type\":\"WebPage\",\"@id\":\"https:\/\/www.suno.com.br\/noticias\/ifix-fechamento-070824\/\",\"url\":\"https:\/\/www.suno.com.br\/noticias\/ifix-fechamento-070824\/\",\"name\":\"BCFF11 fecha em alta em dia de dividendos; IFIX fecha em alta\",\"isPartOf\":{\"@id\":\"https:\/\/www.suno.com.br\/noticias\/#website\"},\"primaryImageOfPage\":{\"@id\":\"https:\/\/www.suno.com.br\/noticias\/ifix-fechamento-070824\/#primaryimage\"},\"image\":{\"@id\":\"https:\/\/www.suno.com.br\/noticias\/ifix-fechamento-070824\/#primaryimage\"},\"thumbnailUrl\":\"https:\/\/files.sunoresearch.com.br\/n\/uploads\/2024\/08\/FIIs-logistica-4-fp.jpg\",\"datePublished\":\"2024-08-07T22:00:50+00:00\",\"dateModified\":\"2024-08-07T22:00:53+00:00\",\"description\":\"BCFF11 anunciou pagamento de R$ 0,07 por cota e espera vota\u00e7\u00e3o de cotistas em AGE; IFIX reverte tend\u00eancia do in\u00edcio da semana.\",\"breadcrumb\":{\"@id\":\"https:\/\/www.suno.com.br\/noticias\/ifix-fechamento-070824\/#breadcrumb\"},\"inLanguage\":\"pt-BR\",\"potentialAction\":[{\"@type\":\"ReadAction\",\"target\":[\"https:\/\/www.suno.com.br\/noticias\/ifix-fechamento-070824\/\"]}]},{\"@type\":\"ImageObject\",\"inLanguage\":\"pt-BR\",\"@id\":\"https:\/\/www.suno.com.br\/noticias\/ifix-fechamento-070824\/#primaryimage\",\"url\":\"https:\/\/files.sunoresearch.com.br\/n\/uploads\/2024\/08\/FIIs-logistica-4-fp.jpg\",\"contentUrl\":\"https:\/\/files.sunoresearch.com.br\/n\/uploads\/2024\/08\/FIIs-logistica-4-fp.jpg\",\"width\":1500,\"height\":1000,\"caption\":\"Fundo imobili\u00e1rio de galp\u00f5es industriais, IBBP11- Foto: Freepik\"},{\"@type\":\"BreadcrumbList\",\"@id\":\"https:\/\/www.suno.com.br\/noticias\/ifix-fechamento-070824\/#breadcrumb\",\"itemListElement\":[{\"@type\":\"ListItem\",\"position\":1,\"name\":\"Not\u00edcias\",\"item\":\"https:\/\/www.suno.com.br\/noticias\/\"},{\"@type\":\"ListItem\",\"position\":2,\"name\":\"FIIs\",\"item\":\"https:\/\/www.suno.com.br\/noticias\/fiis\/\"},{\"@type\":\"ListItem\",\"position\":3,\"name\":\"BCFF11 fecha em alta em dia de an\u00fancio de dividendos; IFIX fecha em alta\"}]},{\"@type\":\"WebSite\",\"@id\":\"https:\/\/www.suno.com.br\/noticias\/#website\",\"url\":\"https:\/\/www.suno.com.br\/noticias\/\",\"name\":\"Suno Not\u00edcias\",\"description\":\"Seu portal de informa\u00e7\u00e3o sobre o mundo dos investimentos\",\"publisher\":{\"@id\":\"https:\/\/www.suno.com.br\/noticias\/#organization\"},\"potentialAction\":[{\"@type\":\"SearchAction\",\"target\":{\"@type\":\"EntryPoint\",\"urlTemplate\":\"https:\/\/www.suno.com.br\/noticias\/?s={search_term_string}\"},\"query-input\":{\"@type\":\"PropertyValueSpecification\",\"valueRequired\":true,\"valueName\":\"search_term_string\"}}],\"inLanguage\":\"pt-BR\"},{\"@type\":\"Organization\",\"@id\":\"https:\/\/www.suno.com.br\/noticias\/#organization\",\"name\":\"Suno Not\u00edcias\",\"url\":\"https:\/\/www.suno.com.br\/noticias\/\",\"logo\":{\"@type\":\"ImageObject\",\"inLanguage\":\"pt-BR\",\"@id\":\"https:\/\/www.suno.com.br\/noticias\/#\/schema\/logo\/image\/\",\"url\":\"https:\/\/files.sunoresearch.com.br\/n\/uploads\/2021\/09\/suno-logo.png\",\"contentUrl\":\"https:\/\/files.sunoresearch.com.br\/n\/uploads\/2021\/09\/suno-logo.png\",\"width\":180,\"height\":180,\"caption\":\"Suno Not\u00edcias\"},\"image\":{\"@id\":\"https:\/\/www.suno.com.br\/noticias\/#\/schema\/logo\/image\/\"},\"sameAs\":[\"https:\/\/facebook.com\/sunoresearch\",\"https:\/\/x.com\/sunoresearch\",\"https:\/\/www.instagram.com\/suno\",\"https:\/\/www.linkedin.com\/company\/suno-research\/\",\"https:\/\/www.youtube.com\/c\/sunoresearch\"]},{\"@type\":\"Person\",\"@id\":\"https:\/\/www.suno.com.br\/noticias\/#\/schema\/person\/02171f82e02ec2306ed662847e114507\",\"name\":\"Fernando Cesarotti\",\"image\":{\"@type\":\"ImageObject\",\"inLanguage\":\"pt-BR\",\"@id\":\"https:\/\/www.suno.com.br\/noticias\/#\/schema\/person\/image\/\",\"url\":\"https:\/\/secure.gravatar.com\/avatar\/fc3a37e1dd6249fd3cfdc1702d00d404?s=96&r=g\",\"contentUrl\":\"https:\/\/secure.gravatar.com\/avatar\/fc3a37e1dd6249fd3cfdc1702d00d404?s=96&r=g\",\"caption\":\"Fernando Cesarotti\"},\"description\":\"Jornalista, editor do FIIs.com.br. Graduado pela Unesp, com p\u00f3s-gradua\u00e7\u00e3o em Jornalismo Liter\u00e1rio, com mais de 20 anos de experi\u00eancia em coberturas de economia, pol\u00edtica e esportes. Passagem tamb\u00e9m pelo meio acad\u00eamico, como professor universit\u00e1rio em cursos de Comunica\u00e7\u00e3o e l\u00edder de empresa j\u00fanior.\",\"url\":\"https:\/\/www.suno.com.br\/noticias\/author\/fcesarottigmail-com\/\"}]}<\/script>\n<!-- \/ Yoast SEO plugin. -->","yoast_head_json":{"title":"BCFF11 fecha em alta em dia de dividendos; IFIX fecha em alta","description":"BCFF11 anunciou pagamento de R$ 0,07 por cota e espera vota\u00e7\u00e3o de cotistas em AGE; IFIX reverte tend\u00eancia do in\u00edcio da semana.","robots":{"index":"index","follow":"follow","max-snippet":"max-snippet:-1","max-image-preview":"max-image-preview:large","max-video-preview":"max-video-preview:-1"},"canonical":"https:\/\/www.suno.com.br\/noticias\/ifix-fechamento-070824\/","og_locale":"pt_BR","og_type":"article","og_title":"BCFF11 fecha em alta em dia de dividendos; IFIX fecha em alta","og_description":"BCFF11 anunciou pagamento de R$ 0,07 por cota e espera vota\u00e7\u00e3o de cotistas em AGE; IFIX reverte tend\u00eancia do in\u00edcio da semana.","og_url":"https:\/\/www.suno.com.br\/noticias\/ifix-fechamento-070824\/","og_site_name":"Suno Not\u00edcias","article_publisher":"https:\/\/facebook.com\/sunoresearch","og_image":[{"width":1500,"height":1000,"url":"https:\/\/files.sunoresearch.com.br\/n\/uploads\/2024\/08\/FIIs-logistica-4-fp.jpg","type":"image\/jpeg"}],"author":"Fernando Cesarotti","twitter_card":"summary_large_image","twitter_creator":"@sunoresearch","twitter_site":"@sunoresearch","twitter_misc":{"Escrito por":"Fernando Cesarotti","Est. tempo de leitura":"3 minutos"},"schema":{"@context":"https:\/\/schema.org","@graph":[{"@type":"NewsArticle","@id":"https:\/\/www.suno.com.br\/noticias\/ifix-fechamento-070824\/#article","isPartOf":{"@id":"https:\/\/www.suno.com.br\/noticias\/ifix-fechamento-070824\/"},"author":{"name":"Fernando Cesarotti","@id":"https:\/\/www.suno.com.br\/noticias\/#\/schema\/person\/02171f82e02ec2306ed662847e114507"},"headline":"BCFF11 fecha em alta em dia de an\u00fancio de dividendos; IFIX fecha em alta","datePublished":"2024-08-07T22:00:50+00:00","dateModified":"2024-08-07T22:00:53+00:00","mainEntityOfPage":{"@id":"https:\/\/www.suno.com.br\/noticias\/ifix-fechamento-070824\/"},"wordCount":487,"publisher":{"@id":"https:\/\/www.suno.com.br\/noticias\/#organization"},"image":{"@id":"https:\/\/www.suno.com.br\/noticias\/ifix-fechamento-070824\/#primaryimage"},"thumbnailUrl":"https:\/\/files.sunoresearch.com.br\/n\/uploads\/2024\/08\/FIIs-logistica-4-fp.jpg","keywords":["BCFF11","dividendos","Fundos Imobili\u00e1rios (FIIs)","IFIX"],"articleSection":["FIIs"],"inLanguage":"pt-BR"},{"@type":"WebPage","@id":"https:\/\/www.suno.com.br\/noticias\/ifix-fechamento-070824\/","url":"https:\/\/www.suno.com.br\/noticias\/ifix-fechamento-070824\/","name":"BCFF11 fecha em alta em dia de dividendos; IFIX fecha em alta","isPartOf":{"@id":"https:\/\/www.suno.com.br\/noticias\/#website"},"primaryImageOfPage":{"@id":"https:\/\/www.suno.com.br\/noticias\/ifix-fechamento-070824\/#primaryimage"},"image":{"@id":"https:\/\/www.suno.com.br\/noticias\/ifix-fechamento-070824\/#primaryimage"},"thumbnailUrl":"https:\/\/files.sunoresearch.com.br\/n\/uploads\/2024\/08\/FIIs-logistica-4-fp.jpg","datePublished":"2024-08-07T22:00:50+00:00","dateModified":"2024-08-07T22:00:53+00:00","description":"BCFF11 anunciou pagamento de R$ 0,07 por cota e espera vota\u00e7\u00e3o de cotistas em AGE; IFIX reverte tend\u00eancia do in\u00edcio da semana.","breadcrumb":{"@id":"https:\/\/www.suno.com.br\/noticias\/ifix-fechamento-070824\/#breadcrumb"},"inLanguage":"pt-BR","potentialAction":[{"@type":"ReadAction","target":["https:\/\/www.suno.com.br\/noticias\/ifix-fechamento-070824\/"]}]},{"@type":"ImageObject","inLanguage":"pt-BR","@id":"https:\/\/www.suno.com.br\/noticias\/ifix-fechamento-070824\/#primaryimage","url":"https:\/\/files.sunoresearch.com.br\/n\/uploads\/2024\/08\/FIIs-logistica-4-fp.jpg","contentUrl":"https:\/\/files.sunoresearch.com.br\/n\/uploads\/2024\/08\/FIIs-logistica-4-fp.jpg","width":1500,"height":1000,"caption":"Fundo imobili\u00e1rio de galp\u00f5es industriais, IBBP11- Foto: Freepik"},{"@type":"BreadcrumbList","@id":"https:\/\/www.suno.com.br\/noticias\/ifix-fechamento-070824\/#breadcrumb","itemListElement":[{"@type":"ListItem","position":1,"name":"Not\u00edcias","item":"https:\/\/www.suno.com.br\/noticias\/"},{"@type":"ListItem","position":2,"name":"FIIs","item":"https:\/\/www.suno.com.br\/noticias\/fiis\/"},{"@type":"ListItem","position":3,"name":"BCFF11 fecha em alta em dia de an\u00fancio de dividendos; IFIX fecha em alta"}]},{"@type":"WebSite","@id":"https:\/\/www.suno.com.br\/noticias\/#website","url":"https:\/\/www.suno.com.br\/noticias\/","name":"Suno Not\u00edcias","description":"Seu portal de informa\u00e7\u00e3o sobre o mundo dos investimentos","publisher":{"@id":"https:\/\/www.suno.com.br\/noticias\/#organization"},"potentialAction":[{"@type":"SearchAction","target":{"@type":"EntryPoint","urlTemplate":"https:\/\/www.suno.com.br\/noticias\/?s={search_term_string}"},"query-input":{"@type":"PropertyValueSpecification","valueRequired":true,"valueName":"search_term_string"}}],"inLanguage":"pt-BR"},{"@type":"Organization","@id":"https:\/\/www.suno.com.br\/noticias\/#organization","name":"Suno Not\u00edcias","url":"https:\/\/www.suno.com.br\/noticias\/","logo":{"@type":"ImageObject","inLanguage":"pt-BR","@id":"https:\/\/www.suno.com.br\/noticias\/#\/schema\/logo\/image\/","url":"https:\/\/files.sunoresearch.com.br\/n\/uploads\/2021\/09\/suno-logo.png","contentUrl":"https:\/\/files.sunoresearch.com.br\/n\/uploads\/2021\/09\/suno-logo.png","width":180,"height":180,"caption":"Suno Not\u00edcias"},"image":{"@id":"https:\/\/www.suno.com.br\/noticias\/#\/schema\/logo\/image\/"},"sameAs":["https:\/\/facebook.com\/sunoresearch","https:\/\/x.com\/sunoresearch","https:\/\/www.instagram.com\/suno","https:\/\/www.linkedin.com\/company\/suno-research\/","https:\/\/www.youtube.com\/c\/sunoresearch"]},{"@type":"Person","@id":"https:\/\/www.suno.com.br\/noticias\/#\/schema\/person\/02171f82e02ec2306ed662847e114507","name":"Fernando Cesarotti","image":{"@type":"ImageObject","inLanguage":"pt-BR","@id":"https:\/\/www.suno.com.br\/noticias\/#\/schema\/person\/image\/","url":"https:\/\/secure.gravatar.com\/avatar\/fc3a37e1dd6249fd3cfdc1702d00d404?s=96&r=g","contentUrl":"https:\/\/secure.gravatar.com\/avatar\/fc3a37e1dd6249fd3cfdc1702d00d404?s=96&r=g","caption":"Fernando Cesarotti"},"description":"Jornalista, editor do FIIs.com.br. Graduado pela Unesp, com p\u00f3s-gradua\u00e7\u00e3o em Jornalismo Liter\u00e1rio, com mais de 20 anos de experi\u00eancia em coberturas de economia, pol\u00edtica e esportes. Passagem tamb\u00e9m pelo meio acad\u00eamico, como professor universit\u00e1rio em cursos de Comunica\u00e7\u00e3o e l\u00edder de empresa j\u00fanior.","url":"https:\/\/www.suno.com.br\/noticias\/author\/fcesarottigmail-com\/"}]}},"default_loop_html":"<div class=\"cardsPage__listCard__boxs\"><div class=\"cardsPage__listCard__boxs__img\"><a href=\"https:\/\/www.suno.com.br\/noticias\/ifix-fechamento-070824\/\"><img class=\"mask\" src=\"https:\/\/www.suno.com.br\/noticias\/wp-content\/themes\/suno\/resources\/images\/spotlight\/spotlight1img\/bg-mask.png\" alt=\"Image Mask\"\/><img src=\"https:\/\/files.sunoresearch.com.br\/n\/uploads\/2024\/08\/FIIs-logistica-4-fp-400x200.jpg\" alt=\"BCFF11 fecha em alta em dia de an\u00fancio de dividendos; IFIX fecha em alta\"\/><\/a><span class=\"spotlightCategory\"><a href=\"https:\/\/www.suno.com.br\/noticias\/fiis\/\">FIIs<\/a><\/span><\/div><div class=\"cardsPage__listCard__boxs__content\"><a href=\"https:\/\/www.suno.com.br\/noticias\/ifix-fechamento-070824\/\"><h2 class=\"content__title\">BCFF11 fecha em alta em dia de an\u00fancio de dividendos; IFIX fecha em alta<\/h2><\/a><div class=\"newsContent__article__meta\"><div class=\"newsContent__article__meta__authorBox\"><a href=\"https:\/\/www.suno.com.br\/noticias\/author\/fcesarottigmail-com\/\" class=\"authorBox__avatar noMobi\"><img src=\"https:\/\/files.sunoresearch.com.br\/n\/uploads\/2024\/02\/perfil-150x150.jpg\" alt=\"Fernando Cesarotti\"><\/a><div class=\"authorBox__name\"><span>por\n\t\t\t<a href=\"https:\/\/www.suno.com.br\/noticias\/author\/fcesarottigmail-com\/\"><span itemprop=\"author\">Fernando Cesarotti<\/span><\/a><\/span><time datetime=\"2024-08-07T19:00:50-03:00\" itemprop=\"datePublished\">07\/08\/2024 19:00<\/time><\/div><\/div><\/div><\/div><\/div>","single_layout":"posts","amp_enabled":true,"_links":{"self":[{"href":"https:\/\/www.suno.com.br\/noticias\/wp-json\/wp\/v2\/posts\/569616"}],"collection":[{"href":"https:\/\/www.suno.com.br\/noticias\/wp-json\/wp\/v2\/posts"}],"about":[{"href":"https:\/\/www.suno.com.br\/noticias\/wp-json\/wp\/v2\/types\/post"}],"author":[{"embeddable":true,"href":"https:\/\/www.suno.com.br\/noticias\/wp-json\/wp\/v2\/users\/339"}],"replies":[{"embeddable":true,"href":"https:\/\/www.suno.com.br\/noticias\/wp-json\/wp\/v2\/comments?post=569616"}],"version-history":[{"count":1,"href":"https:\/\/www.suno.com.br\/noticias\/wp-json\/wp\/v2\/posts\/569616\/revisions"}],"predecessor-version":[{"id":569618,"href":"https:\/\/www.suno.com.br\/noticias\/wp-json\/wp\/v2\/posts\/569616\/revisions\/569618"}],"wp:featuredmedia":[{"embeddable":true,"href":"https:\/\/www.suno.com.br\/noticias\/wp-json\/wp\/v2\/media\/569617"}],"wp:attachment":[{"href":"https:\/\/www.suno.com.br\/noticias\/wp-json\/wp\/v2\/media?parent=569616"}],"wp:term":[{"taxonomy":"category","embeddable":true,"href":"https:\/\/www.suno.com.br\/noticias\/wp-json\/wp\/v2\/categories?post=569616"},{"taxonomy":"post_tag","embeddable":true,"href":"https:\/\/www.suno.com.br\/noticias\/wp-json\/wp\/v2\/tags?post=569616"},{"taxonomy":"suno_strategy","embeddable":true,"href":"https:\/\/www.suno.com.br\/noticias\/wp-json\/wp\/v2\/suno_strategy?post=569616"}],"curies":[{"name":"wp","href":"https:\/\/api.w.org\/{rel}","templated":true}]}}