{"id":56947,"date":"2020-03-16T17:34:19","date_gmt":"2020-03-16T20:34:19","guid":{"rendered":"https:\/\/www.suno.com.br\/noticias\/?p=56947"},"modified":"2020-03-16T17:36:01","modified_gmt":"2020-03-16T20:36:01","slug":"dolar-fecha-acima-cinco","status":"publish","type":"post","link":"https:\/\/www.suno.com.br\/noticias\/dolar-fecha-acima-cinco\/","title":{"rendered":"D\u00f3lar encerra em alta de 4,86% e bate R$ 5 pela primeira vez na hist\u00f3ria"},"content":{"rendered":"<p>O <strong>d\u00f3lar<\/strong> encerrou as negocia\u00e7\u00f5es desta segunda-feira (16) com forte alta de <span class=\"chart-info-val green\"> <span class=\"ng-binding\">4,86<\/span><label class=\"percent\">%, cotado a R$ <span class=\"chart-info-val ng-binding\">5,0467<\/span> na venda. Esta \u00e9 <label class=\"percent\">primeira vez na hist\u00f3ria que a <\/label>moeda americana atinge a casa dos R$ 5.<\/label><\/span><\/p>\t<div class=\"wrapper-featured-image\">\n\t\t<figure class=\"spotlightImg\">\n\n\t\t\t<picture>\n\t\t\t\t<source media=\"(max-width: 768px)\" srcset=\"https:\/\/files.sunoresearch.com.br\/n\/uploads\/2019\/03\/de905e16-d\u00f3lar-400x200.webp\">\n\t\t\t\t<img loading=\"lazy\" decoding=\"async\" class=\"newsContent__article__imgCapa lazyloadDisabled newsContent__article__imgCapa--noCaption\" src=\"https:\/\/files.sunoresearch.com.br\/n\/uploads\/2019\/03\/de905e16-d\u00f3lar-800x450.webp\" width=\"800\" height=\"450\" alt=\"D\u00f3lar encerra em alta de 4,86% e bate R$ 5 pela primeira vez na hist\u00f3ria\" fetchpriority=high \/>\n\t\t\t<\/picture>\n\n\t\t\t<figcaption class=\"wp-caption-text wp-caption-text--hide\">O d\u00f3lar hoje teve um dia de forte volatilidade, respercutindo a vit\u00f3ria de Biden e as not\u00edcias sobre a vacina da Pfizer<\/figcaption>\n\t\t<\/figure>\n\t<\/div>\n\n\n\n<p>O <strong>d\u00f3lar<\/strong> registrou seu maior valor nominal (sem considerar infla\u00e7\u00e3o) no in\u00edcio desta semana. A moeda americana fechou, pela primeira vez, na casa dos R$ 5 devido \u00e0s recentes preocupa\u00e7\u00f5es com o novo <strong>coronav\u00edrus<\/strong> (covid-19).<\/p>\n<p>O mercado seguiu tenso em vista da a\u00e7\u00e3o dos bancos centrais de anunciarem medidas contra o avan\u00e7o da pandemia. Com destaque para o segundo corte na taxa de juros feita pelo Banco Central dos Estados Unidos que assustou os investidores quanto ao real impacto do coronav\u00edrus.<\/p>\n<p>Confira as principais not\u00edcias que movimentam o mercado de c\u00e2mbio:<\/p>\n<ul>\n<li><strong>Fed<\/strong> anuncia corte da taxa de juros para 0%<\/li>\n<li><strong>FMI<\/strong> diz estar pronto para combater a pandemia com US$ 1 tri<\/li>\n<li><strong>Boletim Focus<\/strong> reduz previs\u00e3o do PIB e da Selic para 2020<\/li>\n<\/ul>\n<h2>Fed anuncia corte da taxa de juros para 0%<\/h2>\n<p>O <a href=\"https:\/\/www.suno.com.br\/artigos\/fed\/\"><strong>Federal Reserve (Fed)<\/strong><\/a> anunciou, no \u00faltimo domingo (15), um novo corte na sua taxa de juros, mantendo-a entre 0% e 0,25%. A medida foi feita de forma emergencial, tendo em vista frear os impactos da pandemia nos Estados Unidos.<\/p>\n<p><a href=\"https:\/\/www.suno.com.br\/noticias\/fed-anuncia-corte-da-taxa-de-juros\/\">Saiba mais: Fed anuncia corte da taxa de juros para 0% e divulga plano de est\u00edmulos<\/a><\/p>\n<p>A autoridade monet\u00e1ria central norte-americana tamb\u00e9m anunciou um pacote de est\u00edmulos \u00e0 economia por conta do avan\u00e7o do coronav\u00edrus. Por meio de <a href=\"https:\/\/www.suno.com.br\/artigos\/quantitative-easing\/\"><em>Quantitative Easing (QE)<\/em><\/a>, o Fed ir\u00e1 injetar US$ 700 bilh\u00f5es (R$ 3,40 trilh\u00f5es) para sustentar a atividade econ\u00f4mica da maior pot\u00eancia do planeta.<\/p>\n<p>Ser\u00e3o comprados US$ 500 bilh\u00f5es em <strong>t\u00edtulos do Tesouro<\/strong> e US$ 200 bilh\u00f5es em valores hipotec\u00e1rios. Est\u00e1 foi uma a\u00e7\u00e3o amplamente usada durante as recess\u00f5es econ\u00f4micas da crise financeira de 2008 nos Estados Unidos e durante a crise do Euro na Uni\u00e3o Europeia.<\/p>\n\t<p>\n\t\t<a href=\"https:\/\/lp2.suno.com.br\/lm\/minicurso-construindo-um-portfolio-milionario?utm_campaign=_SNCEBB048DA_sc.mcpm26&#038;utm_source=suno.com.br&#038;utm_medium=banner.noticias\" target=\"_blank\" data-element=\"shortcode-suno-banner\" title=\"Banner SUNO, clique e saiba mais\">\n\t\t\t<picture>\n\t\t\t\t<source media=\"(max-width: 500px)\" srcset=\"https:\/\/files.sunoresearch.com.br\/n\/uploads\/2026\/01\/MB-PS-HOME-DE-ARTIGOS-400x300-ID_01_x1-jpg.webp\">\n\t\t\t\t<img class=\"newsContent__article__imgCapa newsContent__article__imgCapa--banner\"\n\t\t\t\t\tsrc=\"https:\/\/files.sunoresearch.com.br\/n\/uploads\/2026\/01\/DT-PS-HOME-DE-ARTIGOS-1420x240-ID_01_x1-jpg.webp\"\n\t\t\t\t\tdata-promo-id=\"638432\"\t\t\t\t\t\t\t\t\t\twidth='1420' height='240'\t\t\t\t\talt=\"https:\/\/files.sunoresearch.com.br\/n\/uploads\/2026\/01\/DT-PS-HOME-DE-ARTIGOS-1420x240-ID_01_x1-jpg.webp\"\n\t\t\t\t>\n\t\t\t<\/picture>\n\t\t<\/a>\n\t<\/p>\n\n\n<p>Esse \u00e9 o segundo corte na taxa de juros do banco central estadunidense em menos de duas semanas. No dia 3 de mar\u00e7o, antes da reuni\u00e3o agendada, o <strong>Fed<\/strong> havia cortado a<a href=\"https:\/\/www.suno.com.br\/artigos\/taxa-de-juros\/\"> taxa de juros<\/a> para 1,0% e 1,25%.<\/p>\n<h2>FMI diz estar pronto para combater a pandemia com US$ 1 tri<\/h2>\n<p>O <strong>Fundo Monet\u00e1rio Internacional (FMI)<\/strong> informou que est\u00e1 preparado para mobilizar sua capacidade de empr\u00e9stimo de US$ 1 trilh\u00e3o para auxiliar os pa\u00edses no combate da pandemia do novo<strong> coronav\u00edrus<\/strong> (Covid-19).<\/p>\n<p><a href=\"https:\/\/www.suno.com.br\/noticias\/coronavirus-fmi-diz-estar-pronto-para-combater-a-pandemia-com-us-1-tri\/\">Saiba mais: Coronav\u00edrus: FMI diz estar pronto para combater a pandemia com US$ 1 tri<\/a><\/p>\n<p>&#8220;O FMI est\u00e1 pronto para mobilizar a capacidade de empr\u00e9stimo de US$ 1 trilh\u00e3o para ajudar nossos membros. O mundo deve estimular de forma conjunta e coordenada a economia global, como fez durante a crise de 2008, para enfrentar os efeitos da pandemia do coronav\u00edrus&#8221;, disse a diretora-gerente do fundo, Kristalina Georgieva.<\/p>\n<p>De acordo com Georgieva, o FMI tem US$ 50 bilh\u00f5es em fundos de emerg\u00eancia flex\u00edveis, com US$ 10 bilh\u00f5es dispon\u00edveis sem taxas de juros. Al\u00e9m disso, o fundo tem 40 acordos de empr\u00e9stimos em tramita\u00e7\u00e3o pelo valor de US$ 200 bilh\u00f5es.<\/p>\n<h2>Boletim Focus reduz previs\u00e3o do PIB e da Selic para 2020<\/h2>\n<p>Os especialistas do mercado financeiro, respons\u00e1veis pela elabora\u00e7\u00e3o do<strong><a href=\"https:\/\/www.suno.com.br\/artigos\/relatorio-focus\/\"> Boletim Focus<\/a><\/strong>, diminu\u00edram a previs\u00e3o do <strong><a href=\"https:\/\/www.suno.com.br\/artigos\/pib-produto-interno-bruto\/\">Produto Interno Bruto (PIB)<\/a><\/strong> de 2020 de 1,99% para 1,68%. A <strong><a href=\"https:\/\/www.suno.com.br\/artigos\/taxa-selic\/\">taxa Selic<\/a><\/strong> tamb\u00e9m foi revisada para baixo, saindo de 4,25% ao ano para 3,75%.<\/p>\n<p><a href=\"https:\/\/www.suno.com.br\/noticias\/boletim-focus-reduz-previsao-do-pib-e-da-selic-para-2020\/\">Saiba mais: Boletim Focus reduz previs\u00e3o do PIB e da Selic para 2020<\/a><\/p>\n<p>Na primeira leitura do Boletim Focus deste ano, a economia do Brasil iria crescer 2,30%. Trata-se da 5\u00aa\u00a0 semana consecutiva de redu\u00e7\u00e3o do PIB brasileiro.<\/p>\n<p>Confira, em detalhes, as expectativas do mercado para <strong>2020:<\/strong><\/p>\n<ul>\n<li><strong>PIB:<\/strong> a proje\u00e7\u00e3o do crescimento da economia caiu para 1,68%.<\/li>\n<li><strong>IPCA: <\/strong>a proje\u00e7\u00e3o diminuiu de 3,20% para 3,05%. A meta central para 2020 ser\u00e1 de 4%, com intervalo de toler\u00e2ncia entre 2,5% e 5,5%.<\/li>\n<li><strong>Taxa Selic:<\/strong> a previs\u00e3o caiu para 3,75%.<\/li>\n<li><strong>D\u00f3lar:<\/strong> os <a href=\"https:\/\/www.youtube.com\/watch?v=1npgrRjO7iE\">investidores<\/a> aumentaram a previs\u00e3o para R$ 4,35.<\/li>\n<li><strong>Balan\u00e7a Comercial:<\/strong> a expectativa para o super\u00e1vit caiu de US$ 36,40 bilh\u00f5es para US$ 36,10 bilh\u00f5es.<\/li>\n<li><strong>Investimento estrangeiro direto: <\/strong>os economistas indicaram que ser\u00e1 de US$ 80 bilh\u00f5es.<\/li>\n<\/ul>\n<h2>\u00daltima cota\u00e7\u00e3o do d\u00f3lar<\/h2>\n<p>Na \u00faltima sess\u00e3o, sexta-feira (13), o <strong>d\u00f3lar<\/strong> encerrou em alta de 0,566%, cotado a R$ 4,80.<\/p>\n\n","protected":false},"excerpt":{"rendered":"<p>O d\u00f3lar encerrou as negocia\u00e7\u00f5es desta segunda-feira (16) com forte alta de 4,86%, cotado a R$ 5,0467 na venda. Esta \u00e9 primeira vez na hist\u00f3ria que a moeda americana atinge a casa dos R$ 5. O d\u00f3lar hoje teve um dia de forte volatilidade, respercutindo a vit\u00f3ria de Biden e as not\u00edcias sobre a vacina [&hellip;]<\/p>\n","protected":false},"author":35,"featured_media":19509,"comment_status":"closed","ping_status":"closed","sticky":false,"template":"","format":"standard","meta":[],"categories":[60],"tags":[834,2487,326,776,806],"suno_strategy":[],"class_list":["post-56947","post","type-post","status-publish","format-standard","has-post-thumbnail","hentry","category-mercado","tag-boletim-focus","tag-coronavirus","tag-dolar","tag-federal-reseve-fed","tag-fundo-monetario-internacional-fmi"],"yoast_head":"<!-- This site is optimized with the Yoast SEO plugin v24.4 - https:\/\/yoast.com\/wordpress\/plugins\/seo\/ -->\n<title>D\u00f3lar encerra em alta de 4,86% e bate R$ 5 pela primeira vez na hist\u00f3ria<\/title>\n<meta name=\"description\" content=\"O d\u00f3lar encerrou nesta segunda-feira (16) em alta de 4,86%, cotado acima dos R$ 5 pela primeira vez na hist\u00f3ria. Clique para saber mais\" \/>\n<meta name=\"robots\" content=\"index, follow, max-snippet:-1, max-image-preview:large, max-video-preview:-1\" \/>\n<link rel=\"canonical\" href=\"https:\/\/www.suno.com.br\/noticias\/dolar-fecha-acima-cinco\/\" \/>\n<meta property=\"og:locale\" content=\"pt_BR\" \/>\n<meta property=\"og:type\" content=\"article\" \/>\n<meta property=\"og:title\" content=\"D\u00f3lar encerra em alta de 4,86% e bate R$ 5 pela primeira vez na hist\u00f3ria\" \/>\n<meta property=\"og:description\" content=\"O d\u00f3lar encerrou nesta segunda-feira (16) em alta de 4,86%, cotado acima dos R$ 5 pela primeira vez na hist\u00f3ria. Clique para saber mais\" \/>\n<meta property=\"og:url\" content=\"https:\/\/www.suno.com.br\/noticias\/dolar-fecha-acima-cinco\/\" \/>\n<meta property=\"og:site_name\" content=\"Suno Not\u00edcias\" \/>\n<meta property=\"article:publisher\" content=\"https:\/\/facebook.com\/sunoresearch\" \/>\n<meta property=\"og:image\" content=\"https:\/\/files.sunoresearch.com.br\/n\/uploads\/2019\/03\/de905e16-d\u00f3lar.jpg\" \/>\n\t<meta property=\"og:image:width\" content=\"960\" \/>\n\t<meta property=\"og:image:height\" content=\"617\" \/>\n\t<meta property=\"og:image:type\" content=\"image\/jpeg\" \/>\n<meta name=\"author\" content=\"Arthur Guimar\u00e3es\" \/>\n<meta name=\"twitter:card\" content=\"summary_large_image\" \/>\n<meta name=\"twitter:creator\" content=\"@sunoresearch\" \/>\n<meta name=\"twitter:site\" content=\"@sunoresearch\" \/>\n<meta name=\"twitter:label1\" content=\"Escrito por\" \/>\n\t<meta name=\"twitter:data1\" content=\"Arthur Guimar\u00e3es\" \/>\n\t<meta name=\"twitter:label2\" content=\"Est. tempo de leitura\" \/>\n\t<meta name=\"twitter:data2\" content=\"4 minutos\" \/>\n<script type=\"application\/ld+json\" class=\"yoast-schema-graph\">{\"@context\":\"https:\/\/schema.org\",\"@graph\":[{\"@type\":\"NewsArticle\",\"@id\":\"https:\/\/www.suno.com.br\/noticias\/dolar-fecha-acima-cinco\/#article\",\"isPartOf\":{\"@id\":\"https:\/\/www.suno.com.br\/noticias\/dolar-fecha-acima-cinco\/\"},\"author\":{\"name\":\"Arthur Guimar\u00e3es\",\"@id\":\"https:\/\/www.suno.com.br\/noticias\/#\/schema\/person\/053a750a709a263919a20f976caae91c\"},\"headline\":\"D\u00f3lar encerra em alta de 4,86% e bate R$ 5 pela primeira vez na hist\u00f3ria\",\"datePublished\":\"2020-03-16T20:34:19+00:00\",\"dateModified\":\"2020-03-16T20:36:01+00:00\",\"mainEntityOfPage\":{\"@id\":\"https:\/\/www.suno.com.br\/noticias\/dolar-fecha-acima-cinco\/\"},\"wordCount\":741,\"publisher\":{\"@id\":\"https:\/\/www.suno.com.br\/noticias\/#organization\"},\"image\":{\"@id\":\"https:\/\/www.suno.com.br\/noticias\/dolar-fecha-acima-cinco\/#primaryimage\"},\"thumbnailUrl\":\"https:\/\/files.sunoresearch.com.br\/n\/uploads\/2019\/03\/de905e16-d\u00f3lar-jpg.webp\",\"keywords\":[\"Boletim Focus\",\"coronav\u00edrus\",\"d\u00f3lar\",\"Federal Reserve (FED)\",\"Fundo Monet\u00e1rio Internacional (FMI)\"],\"articleSection\":[\"Mercado\"],\"inLanguage\":\"pt-BR\"},{\"@type\":\"WebPage\",\"@id\":\"https:\/\/www.suno.com.br\/noticias\/dolar-fecha-acima-cinco\/\",\"url\":\"https:\/\/www.suno.com.br\/noticias\/dolar-fecha-acima-cinco\/\",\"name\":\"D\u00f3lar encerra em alta de 4,86% e bate R$ 5 pela primeira vez na hist\u00f3ria\",\"isPartOf\":{\"@id\":\"https:\/\/www.suno.com.br\/noticias\/#website\"},\"primaryImageOfPage\":{\"@id\":\"https:\/\/www.suno.com.br\/noticias\/dolar-fecha-acima-cinco\/#primaryimage\"},\"image\":{\"@id\":\"https:\/\/www.suno.com.br\/noticias\/dolar-fecha-acima-cinco\/#primaryimage\"},\"thumbnailUrl\":\"https:\/\/files.sunoresearch.com.br\/n\/uploads\/2019\/03\/de905e16-d\u00f3lar-jpg.webp\",\"datePublished\":\"2020-03-16T20:34:19+00:00\",\"dateModified\":\"2020-03-16T20:36:01+00:00\",\"description\":\"O d\u00f3lar encerrou nesta segunda-feira (16) em alta de 4,86%, cotado acima dos R$ 5 pela primeira vez na hist\u00f3ria. Clique para saber mais\",\"breadcrumb\":{\"@id\":\"https:\/\/www.suno.com.br\/noticias\/dolar-fecha-acima-cinco\/#breadcrumb\"},\"inLanguage\":\"pt-BR\",\"potentialAction\":[{\"@type\":\"ReadAction\",\"target\":[\"https:\/\/www.suno.com.br\/noticias\/dolar-fecha-acima-cinco\/\"]}]},{\"@type\":\"ImageObject\",\"inLanguage\":\"pt-BR\",\"@id\":\"https:\/\/www.suno.com.br\/noticias\/dolar-fecha-acima-cinco\/#primaryimage\",\"url\":\"https:\/\/files.sunoresearch.com.br\/n\/uploads\/2019\/03\/de905e16-d\u00f3lar-jpg.webp\",\"contentUrl\":\"https:\/\/files.sunoresearch.com.br\/n\/uploads\/2019\/03\/de905e16-d\u00f3lar-jpg.webp\",\"width\":960,\"height\":617,\"caption\":\"O d\u00f3lar hoje teve um dia de forte volatilidade, respercutindo a vit\u00f3ria de Biden e as not\u00edcias sobre a vacina da Pfizer\"},{\"@type\":\"BreadcrumbList\",\"@id\":\"https:\/\/www.suno.com.br\/noticias\/dolar-fecha-acima-cinco\/#breadcrumb\",\"itemListElement\":[{\"@type\":\"ListItem\",\"position\":1,\"name\":\"Not\u00edcias\",\"item\":\"https:\/\/www.suno.com.br\/noticias\/\"},{\"@type\":\"ListItem\",\"position\":2,\"name\":\"Mercado\",\"item\":\"https:\/\/www.suno.com.br\/noticias\/mercado\/\"},{\"@type\":\"ListItem\",\"position\":3,\"name\":\"D\u00f3lar encerra em alta de 4,86% e bate R$ 5 pela primeira vez na hist\u00f3ria\"}]},{\"@type\":\"WebSite\",\"@id\":\"https:\/\/www.suno.com.br\/noticias\/#website\",\"url\":\"https:\/\/www.suno.com.br\/noticias\/\",\"name\":\"Suno Not\u00edcias\",\"description\":\"Seu portal de informa\u00e7\u00e3o sobre o mundo dos investimentos\",\"publisher\":{\"@id\":\"https:\/\/www.suno.com.br\/noticias\/#organization\"},\"potentialAction\":[{\"@type\":\"SearchAction\",\"target\":{\"@type\":\"EntryPoint\",\"urlTemplate\":\"https:\/\/www.suno.com.br\/noticias\/?s={search_term_string}\"},\"query-input\":{\"@type\":\"PropertyValueSpecification\",\"valueRequired\":true,\"valueName\":\"search_term_string\"}}],\"inLanguage\":\"pt-BR\"},{\"@type\":\"Organization\",\"@id\":\"https:\/\/www.suno.com.br\/noticias\/#organization\",\"name\":\"Suno Not\u00edcias\",\"url\":\"https:\/\/www.suno.com.br\/noticias\/\",\"logo\":{\"@type\":\"ImageObject\",\"inLanguage\":\"pt-BR\",\"@id\":\"https:\/\/www.suno.com.br\/noticias\/#\/schema\/logo\/image\/\",\"url\":\"https:\/\/files.sunoresearch.com.br\/n\/uploads\/2021\/09\/suno-logo.png\",\"contentUrl\":\"https:\/\/files.sunoresearch.com.br\/n\/uploads\/2021\/09\/suno-logo.png\",\"width\":180,\"height\":180,\"caption\":\"Suno Not\u00edcias\"},\"image\":{\"@id\":\"https:\/\/www.suno.com.br\/noticias\/#\/schema\/logo\/image\/\"},\"sameAs\":[\"https:\/\/facebook.com\/sunoresearch\",\"https:\/\/x.com\/sunoresearch\",\"https:\/\/www.instagram.com\/suno\",\"https:\/\/www.linkedin.com\/company\/suno-research\/\",\"https:\/\/www.youtube.com\/c\/sunoresearch\"]},{\"@type\":\"Person\",\"@id\":\"https:\/\/www.suno.com.br\/noticias\/#\/schema\/person\/053a750a709a263919a20f976caae91c\",\"name\":\"Arthur Guimar\u00e3es\",\"image\":{\"@type\":\"ImageObject\",\"inLanguage\":\"pt-BR\",\"@id\":\"https:\/\/www.suno.com.br\/noticias\/#\/schema\/person\/image\/\",\"url\":\"https:\/\/secure.gravatar.com\/avatar\/1affd86a11209ae09eb6dd3bcad3e96c?s=96&r=g\",\"contentUrl\":\"https:\/\/secure.gravatar.com\/avatar\/1affd86a11209ae09eb6dd3bcad3e96c?s=96&r=g\",\"caption\":\"Arthur Guimar\u00e3es\"},\"description\":\"Arthur Guimar\u00e3es escreve sobre pol\u00edtica, economia e neg\u00f3cios para o portal de not\u00edcias da Suno Research. Atualmente, \u00e9 estudante de jornalismo pela Faculdade C\u00e1sper L\u00edbero.\",\"url\":\"https:\/\/www.suno.com.br\/noticias\/author\/arthur-guimaraes\/\"}]}<\/script>\n<!-- \/ Yoast SEO plugin. -->","yoast_head_json":{"title":"D\u00f3lar encerra em alta de 4,86% e bate R$ 5 pela primeira vez na hist\u00f3ria","description":"O d\u00f3lar encerrou nesta segunda-feira (16) em alta de 4,86%, cotado acima dos R$ 5 pela primeira vez na hist\u00f3ria. Clique para saber mais","robots":{"index":"index","follow":"follow","max-snippet":"max-snippet:-1","max-image-preview":"max-image-preview:large","max-video-preview":"max-video-preview:-1"},"canonical":"https:\/\/www.suno.com.br\/noticias\/dolar-fecha-acima-cinco\/","og_locale":"pt_BR","og_type":"article","og_title":"D\u00f3lar encerra em alta de 4,86% e bate R$ 5 pela primeira vez na hist\u00f3ria","og_description":"O d\u00f3lar encerrou nesta segunda-feira (16) em alta de 4,86%, cotado acima dos R$ 5 pela primeira vez na hist\u00f3ria. Clique para saber mais","og_url":"https:\/\/www.suno.com.br\/noticias\/dolar-fecha-acima-cinco\/","og_site_name":"Suno Not\u00edcias","article_publisher":"https:\/\/facebook.com\/sunoresearch","og_image":[{"width":960,"height":617,"url":"https:\/\/files.sunoresearch.com.br\/n\/uploads\/2019\/03\/de905e16-d\u00f3lar.jpg","type":"image\/jpeg"}],"author":"Arthur Guimar\u00e3es","twitter_card":"summary_large_image","twitter_creator":"@sunoresearch","twitter_site":"@sunoresearch","twitter_misc":{"Escrito por":"Arthur Guimar\u00e3es","Est. tempo de leitura":"4 minutos"},"schema":{"@context":"https:\/\/schema.org","@graph":[{"@type":"NewsArticle","@id":"https:\/\/www.suno.com.br\/noticias\/dolar-fecha-acima-cinco\/#article","isPartOf":{"@id":"https:\/\/www.suno.com.br\/noticias\/dolar-fecha-acima-cinco\/"},"author":{"name":"Arthur Guimar\u00e3es","@id":"https:\/\/www.suno.com.br\/noticias\/#\/schema\/person\/053a750a709a263919a20f976caae91c"},"headline":"D\u00f3lar encerra em alta de 4,86% e bate R$ 5 pela primeira vez na hist\u00f3ria","datePublished":"2020-03-16T20:34:19+00:00","dateModified":"2020-03-16T20:36:01+00:00","mainEntityOfPage":{"@id":"https:\/\/www.suno.com.br\/noticias\/dolar-fecha-acima-cinco\/"},"wordCount":741,"publisher":{"@id":"https:\/\/www.suno.com.br\/noticias\/#organization"},"image":{"@id":"https:\/\/www.suno.com.br\/noticias\/dolar-fecha-acima-cinco\/#primaryimage"},"thumbnailUrl":"https:\/\/files.sunoresearch.com.br\/n\/uploads\/2019\/03\/de905e16-d\u00f3lar-jpg.webp","keywords":["Boletim Focus","coronav\u00edrus","d\u00f3lar","Federal Reserve (FED)","Fundo Monet\u00e1rio Internacional (FMI)"],"articleSection":["Mercado"],"inLanguage":"pt-BR"},{"@type":"WebPage","@id":"https:\/\/www.suno.com.br\/noticias\/dolar-fecha-acima-cinco\/","url":"https:\/\/www.suno.com.br\/noticias\/dolar-fecha-acima-cinco\/","name":"D\u00f3lar encerra em alta de 4,86% e bate R$ 5 pela primeira vez na hist\u00f3ria","isPartOf":{"@id":"https:\/\/www.suno.com.br\/noticias\/#website"},"primaryImageOfPage":{"@id":"https:\/\/www.suno.com.br\/noticias\/dolar-fecha-acima-cinco\/#primaryimage"},"image":{"@id":"https:\/\/www.suno.com.br\/noticias\/dolar-fecha-acima-cinco\/#primaryimage"},"thumbnailUrl":"https:\/\/files.sunoresearch.com.br\/n\/uploads\/2019\/03\/de905e16-d\u00f3lar-jpg.webp","datePublished":"2020-03-16T20:34:19+00:00","dateModified":"2020-03-16T20:36:01+00:00","description":"O d\u00f3lar encerrou nesta segunda-feira (16) em alta de 4,86%, cotado acima dos R$ 5 pela primeira vez na hist\u00f3ria. Clique para saber mais","breadcrumb":{"@id":"https:\/\/www.suno.com.br\/noticias\/dolar-fecha-acima-cinco\/#breadcrumb"},"inLanguage":"pt-BR","potentialAction":[{"@type":"ReadAction","target":["https:\/\/www.suno.com.br\/noticias\/dolar-fecha-acima-cinco\/"]}]},{"@type":"ImageObject","inLanguage":"pt-BR","@id":"https:\/\/www.suno.com.br\/noticias\/dolar-fecha-acima-cinco\/#primaryimage","url":"https:\/\/files.sunoresearch.com.br\/n\/uploads\/2019\/03\/de905e16-d\u00f3lar-jpg.webp","contentUrl":"https:\/\/files.sunoresearch.com.br\/n\/uploads\/2019\/03\/de905e16-d\u00f3lar-jpg.webp","width":960,"height":617,"caption":"O d\u00f3lar hoje teve um dia de forte volatilidade, respercutindo a vit\u00f3ria de Biden e as not\u00edcias sobre a vacina da Pfizer"},{"@type":"BreadcrumbList","@id":"https:\/\/www.suno.com.br\/noticias\/dolar-fecha-acima-cinco\/#breadcrumb","itemListElement":[{"@type":"ListItem","position":1,"name":"Not\u00edcias","item":"https:\/\/www.suno.com.br\/noticias\/"},{"@type":"ListItem","position":2,"name":"Mercado","item":"https:\/\/www.suno.com.br\/noticias\/mercado\/"},{"@type":"ListItem","position":3,"name":"D\u00f3lar encerra em alta de 4,86% e bate R$ 5 pela primeira vez na hist\u00f3ria"}]},{"@type":"WebSite","@id":"https:\/\/www.suno.com.br\/noticias\/#website","url":"https:\/\/www.suno.com.br\/noticias\/","name":"Suno Not\u00edcias","description":"Seu portal de informa\u00e7\u00e3o sobre o mundo dos investimentos","publisher":{"@id":"https:\/\/www.suno.com.br\/noticias\/#organization"},"potentialAction":[{"@type":"SearchAction","target":{"@type":"EntryPoint","urlTemplate":"https:\/\/www.suno.com.br\/noticias\/?s={search_term_string}"},"query-input":{"@type":"PropertyValueSpecification","valueRequired":true,"valueName":"search_term_string"}}],"inLanguage":"pt-BR"},{"@type":"Organization","@id":"https:\/\/www.suno.com.br\/noticias\/#organization","name":"Suno Not\u00edcias","url":"https:\/\/www.suno.com.br\/noticias\/","logo":{"@type":"ImageObject","inLanguage":"pt-BR","@id":"https:\/\/www.suno.com.br\/noticias\/#\/schema\/logo\/image\/","url":"https:\/\/files.sunoresearch.com.br\/n\/uploads\/2021\/09\/suno-logo.png","contentUrl":"https:\/\/files.sunoresearch.com.br\/n\/uploads\/2021\/09\/suno-logo.png","width":180,"height":180,"caption":"Suno Not\u00edcias"},"image":{"@id":"https:\/\/www.suno.com.br\/noticias\/#\/schema\/logo\/image\/"},"sameAs":["https:\/\/facebook.com\/sunoresearch","https:\/\/x.com\/sunoresearch","https:\/\/www.instagram.com\/suno","https:\/\/www.linkedin.com\/company\/suno-research\/","https:\/\/www.youtube.com\/c\/sunoresearch"]},{"@type":"Person","@id":"https:\/\/www.suno.com.br\/noticias\/#\/schema\/person\/053a750a709a263919a20f976caae91c","name":"Arthur Guimar\u00e3es","image":{"@type":"ImageObject","inLanguage":"pt-BR","@id":"https:\/\/www.suno.com.br\/noticias\/#\/schema\/person\/image\/","url":"https:\/\/secure.gravatar.com\/avatar\/1affd86a11209ae09eb6dd3bcad3e96c?s=96&r=g","contentUrl":"https:\/\/secure.gravatar.com\/avatar\/1affd86a11209ae09eb6dd3bcad3e96c?s=96&r=g","caption":"Arthur Guimar\u00e3es"},"description":"Arthur Guimar\u00e3es escreve sobre pol\u00edtica, economia e neg\u00f3cios para o portal de not\u00edcias da Suno Research. Atualmente, \u00e9 estudante de jornalismo pela Faculdade C\u00e1sper L\u00edbero.","url":"https:\/\/www.suno.com.br\/noticias\/author\/arthur-guimaraes\/"}]}},"default_loop_html":"<div class=\"cardsPage__listCard__boxs\"><div class=\"cardsPage__listCard__boxs__img\"><a href=\"https:\/\/www.suno.com.br\/noticias\/dolar-fecha-acima-cinco\/\"><img class=\"mask\" src=\"https:\/\/www.suno.com.br\/noticias\/wp-content\/themes\/suno\/resources\/images\/spotlight\/spotlight1img\/bg-mask.png\" alt=\"Image Mask\"\/><img src=\"https:\/\/files.sunoresearch.com.br\/n\/uploads\/2019\/03\/de905e16-d\u00f3lar-400x200.webp\" alt=\"D\u00f3lar encerra em alta de 4,86% e bate R$ 5 pela primeira vez na hist\u00f3ria\"\/><\/a><span class=\"spotlightCategory\"><a href=\"https:\/\/www.suno.com.br\/noticias\/mercado\/\">Mercado<\/a><\/span><\/div><div class=\"cardsPage__listCard__boxs__content\"><a href=\"https:\/\/www.suno.com.br\/noticias\/dolar-fecha-acima-cinco\/\"><h2 class=\"content__title\">D\u00f3lar encerra em alta de 4,86% e bate R$ 5 pela primeira vez na hist\u00f3ria<\/h2><\/a><div class=\"newsContent__article__meta\"><div class=\"newsContent__article__meta__authorBox\"><a href=\"https:\/\/www.suno.com.br\/noticias\/author\/arthur-guimaraes\/\" class=\"authorBox__avatar noMobi\"><img src=\"https:\/\/files.sunoresearch.com.br\/n\/uploads\/2020\/02\/dfb40897-eu-150x150.webp\" alt=\"Arthur Guimar\u00e3es\"><\/a><div class=\"authorBox__name\"><span>por\n\t\t\t<a href=\"https:\/\/www.suno.com.br\/noticias\/author\/arthur-guimaraes\/\"><span itemprop=\"author\">Arthur Guimar\u00e3es<\/span><\/a><\/span><time datetime=\"2020-03-16T17:34:19-03:00\" itemprop=\"datePublished\">16\/03\/2020 17:34<\/time><\/div><\/div><\/div><\/div><\/div>","single_layout":"posts","amp_enabled":true,"_links":{"self":[{"href":"https:\/\/www.suno.com.br\/noticias\/wp-json\/wp\/v2\/posts\/56947"}],"collection":[{"href":"https:\/\/www.suno.com.br\/noticias\/wp-json\/wp\/v2\/posts"}],"about":[{"href":"https:\/\/www.suno.com.br\/noticias\/wp-json\/wp\/v2\/types\/post"}],"author":[{"embeddable":true,"href":"https:\/\/www.suno.com.br\/noticias\/wp-json\/wp\/v2\/users\/35"}],"replies":[{"embeddable":true,"href":"https:\/\/www.suno.com.br\/noticias\/wp-json\/wp\/v2\/comments?post=56947"}],"version-history":[{"count":0,"href":"https:\/\/www.suno.com.br\/noticias\/wp-json\/wp\/v2\/posts\/56947\/revisions"}],"wp:featuredmedia":[{"embeddable":true,"href":"https:\/\/www.suno.com.br\/noticias\/wp-json\/wp\/v2\/media\/19509"}],"wp:attachment":[{"href":"https:\/\/www.suno.com.br\/noticias\/wp-json\/wp\/v2\/media?parent=56947"}],"wp:term":[{"taxonomy":"category","embeddable":true,"href":"https:\/\/www.suno.com.br\/noticias\/wp-json\/wp\/v2\/categories?post=56947"},{"taxonomy":"post_tag","embeddable":true,"href":"https:\/\/www.suno.com.br\/noticias\/wp-json\/wp\/v2\/tags?post=56947"},{"taxonomy":"suno_strategy","embeddable":true,"href":"https:\/\/www.suno.com.br\/noticias\/wp-json\/wp\/v2\/suno_strategy?post=56947"}],"curies":[{"name":"wp","href":"https:\/\/api.w.org\/{rel}","templated":true}]}}