{"id":569373,"date":"2024-08-06T16:43:26","date_gmt":"2024-08-06T19:43:26","guid":{"rendered":"https:\/\/www.suno.com.br\/noticias\/?p=569373"},"modified":"2024-08-06T16:43:29","modified_gmt":"2024-08-06T19:43:29","slug":"vale-vale3-guido-mantega-nenhuma-vontade-gss","status":"publish","type":"post","link":"https:\/\/www.suno.com.br\/noticias\/vale-vale3-guido-mantega-nenhuma-vontade-gss\/","title":{"rendered":"Guido Mantega diz que n\u00e3o tem &#8220;nenhuma vontade&#8221; de trabalhar na Vale (VALE3)"},"content":{"rendered":"<p>A novela sobre a sucess\u00e3o da <strong>Vale<\/strong> (<a class=\"suno-keyword\" data-force=\"yes\" data-priority=\"2\" href=\"https:\/\/www.suno.com.br\/analitica\/acoes\/vale3\/\" target=\"_blank\" rel=\"noopener\">VALE3<\/a>) ainda est\u00e1 em curso, e um dos cap\u00edtulos mais apimentados envolveu uma poss\u00edvel indica\u00e7\u00e3o do ex-ministro da Fazenda, Guido Mantega, ao cargo de CEO da mineradora. Nesta segunda-feira (05), contudo, ele fez quest\u00e3o de negar o movimento.<\/p>\t<div class=\"wrapper-featured-image\">\n\t\t<figure class=\"spotlightImg\">\n\n\t\t\t<picture>\n\t\t\t\t<source media=\"(max-width: 768px)\" srcset=\"https:\/\/files.sunoresearch.com.br\/n\/uploads\/2024\/01\/Guido-Mantega-1-400x200.jpg\">\n\t\t\t\t<img loading=\"lazy\" decoding=\"async\" class=\"newsContent__article__imgCapa lazyloadDisabled \" src=\"https:\/\/files.sunoresearch.com.br\/n\/uploads\/2024\/01\/Guido-Mantega-1-800x450.jpg\" width=\"800\" height=\"450\" alt=\"Guido Mantega diz que n\u00e3o tem &#8220;nenhuma vontade&#8221; de trabalhar na Vale (VALE3)\" fetchpriority=high \/>\n\t\t\t<\/picture>\n\n\t\t\t<figcaption class=\"wp-caption-text wp-caption-text--show\">Guido Mantega. Foto: Antonio Cruz\/Ag\u00eancia Brasil<\/figcaption>\n\t\t<\/figure>\n\t<\/div>\n\n\n\n\n\n\n\n\t<p>\n\t\t<a href=\"https:\/\/lp.suno.com.br\/planilha-da-vida-financeira\/\" target=\"_blank\" data-element=\"shortcode-suno-banner\" title=\"Banner SUNO, clique e saiba mais\">\n\t\t\t<picture>\n\t\t\t\t<source media=\"(max-width: 500px)\" srcset=\"https:\/\/files.sunoresearch.com.br\/n\/uploads\/2023\/04\/400x300-Planilha-vida-financeira-true.png\">\n\t\t\t\t<img class=\"newsContent__article__imgCapa newsContent__article__imgCapa--banner\"\n\t\t\t\t\tsrc=\"https:\/\/files.sunoresearch.com.br\/n\/uploads\/2023\/04\/1420x240-Planilha-vida-financeira-true.png\"\n\t\t\t\t\tdata-promo-id=\"106682\"\t\t\t\t\t\t\t\t\t\twidth='1420' height='240'\t\t\t\t\talt=\"https:\/\/files.sunoresearch.com.br\/n\/uploads\/2023\/04\/1420x240-Planilha-vida-financeira-true.png\"\n\t\t\t\t>\n\t\t\t<\/picture>\n\t\t<\/a>\n\t<\/p>\n\n\n\n\n\n<p>No in\u00edcio do ano, surgiram not\u00edcias dando conta de que o presidente da Rep\u00fablica, Luiz In\u00e1cio Lula da Silva, trabalhou para emplacar <strong>Guido Mantega<\/strong> na <strong>presid\u00eancia da Vale<\/strong>, o que desagradou bastante o mercado. Contudo, em entrevista \u00e0 Reuters, Mantega afirmou que n\u00e3o havia &#8220;nenhuma possibilidade, mesmo porque eu n\u00e3o tenho nenhuma vontade de ir para l\u00e1&#8221;.<\/p>\n\n\n\n<p><strong>Mantega<\/strong>, ali\u00e1s, afirmou que n\u00e3o v\u00ea rela\u00e7\u00e3o direta entre a queda das <strong>a\u00e7\u00f5es da Vale<\/strong> e a possibilidade dele assumir a mineradora.<\/p>\n\n\n\n<p>\u201cSe voc\u00ea vai l\u00e1 olhar as a\u00e7\u00f5es, vai ver que elas est\u00e3o mais baixas do que quando eu poderia ir para a Vale. Quando se cogitava que eu pudesse ir, as a\u00e7\u00f5es estavam em R$ 75, hoje elas est\u00e3o em R$ 62. Vai dizer que \u00e9 por minha causa? N\u00e3o \u00e9 por minha causa&#8221;, afirmou.<\/p>\n\n\n\n<p>Ap\u00f3s o fracasso em emplacar <strong>Mantega na Vale<\/strong>, Lula estaria tentando indicar o ex-ministro para uma vaga no conselho da <strong>Braskem<\/strong> (<a class=\"suno-keyword\" target=\"_blank\" data-force=\"yes\" data-priority=\"2\" href=\"https:\/\/www.suno.com.br\/analitica\/acoes\/brkm5\/\" rel=\"noopener\">BRKM5<\/a>). De acordo com Mantega, contudo, a ideia n\u00e3o avan\u00e7ou.<\/p>\n\n\n\n<p>\u201cN\u00e3o sei o que est\u00e1 acontecendo, n\u00e3o recebi mais nenhuma informa\u00e7\u00e3o a respeito\u201d, disse.<\/p>\n\n\n\t<p>\n\t\t<a href=\"https:\/\/lp.suno.com.br\/ebook-como-analisar-uma-acao\/\" target=\"_blank\" data-element=\"shortcode-suno-banner\" title=\"Banner SUNO, clique e saiba mais\">\n\t\t\t<picture>\n\t\t\t\t<source media=\"(max-width: 500px)\" srcset=\"https:\/\/files.sunoresearch.com.br\/n\/uploads\/2023\/03\/Ebook-Acoes-Mobile.jpg\">\n\t\t\t\t<img class=\"newsContent__article__imgCapa newsContent__article__imgCapa--banner\"\n\t\t\t\t\tsrc=\"https:\/\/files.sunoresearch.com.br\/n\/uploads\/2023\/03\/Ebook-Acoes-Desktop.jpg\"\n\t\t\t\t\tdata-promo-id=\"378302\"\t\t\t\t\t\t\t\t\t\twidth='1420' height='286'\t\t\t\t\talt=\"https:\/\/files.sunoresearch.com.br\/n\/uploads\/2023\/03\/Ebook-Acoes-Desktop.jpg\"\n\t\t\t\t>\n\t\t\t<\/picture>\n\t\t<\/a>\n\t<\/p>\n\n\n\n\n\n<h2 class=\"wp-block-heading\">Sucess\u00e3o da Vale (VALE3) tem lista paralela com dois nomes ligados ao governo, diz jornal<\/h2>\n\n\n\n<p>De acordo com o jornal O Estado de S. Paulo, a <strong>sucess\u00e3o da Vale<\/strong> (<strong>VALE3<\/strong>) tem, al\u00e9m da lista de 15 poss\u00edveis candidatos elaborada pela consultoria Russel Reynolds, uma lista paralela composta por dois nomes ligados ao governo.<\/p>\n\n\n\n<p>Segundo a publica\u00e7\u00e3o, estariam na corrida pela presid\u00eancia da Vale o secret\u00e1rio executivo do Minist\u00e9rio de Fazenda, Dario Durigan, e o diretor executivo de minerais ferrosos e carv\u00e3o da Vale, Marcelo Spinelli, que \u00e9 tido como uma aposta do ministro de Minas e Energia, Alexandre Silveira.<\/p>\n\n\n\n<p>Ou seja: o cen\u00e1rio, diz o jornal, \u00e9 diferente daquele no qual o presidente da Rep\u00fablica, Luiz In\u00e1cio Lula da Silva, teria tentado emplacar Guido Mantega como CEO da <strong>Vale<\/strong>. Isso porque, desta vez, n\u00e3o h\u00e1 um candidato do governo, mas sim, nomes ligados \u00e0 Bras\u00edlia.<\/p>\n\n\n\t<p>\n\t\t<a href=\"https:\/\/lp.suno.com.br\/planilha-da-vida-financeira\/\" target=\"_blank\" data-element=\"shortcode-suno-banner\" title=\"Banner SUNO, clique e saiba mais\">\n\t\t\t<picture>\n\t\t\t\t<source media=\"(max-width: 500px)\" srcset=\"https:\/\/files.sunoresearch.com.br\/n\/uploads\/2023\/04\/400x300-Planilha-vida-financeira-true.png\">\n\t\t\t\t<img class=\"newsContent__article__imgCapa newsContent__article__imgCapa--banner\"\n\t\t\t\t\tsrc=\"https:\/\/files.sunoresearch.com.br\/n\/uploads\/2023\/04\/1420x240-Planilha-vida-financeira-true.png\"\n\t\t\t\t\tdata-promo-id=\"383123\"\t\t\t\t\t\t\t\t\t\twidth='1420' height='240'\t\t\t\t\talt=\"https:\/\/files.sunoresearch.com.br\/n\/uploads\/2023\/04\/1420x240-Planilha-vida-financeira-true.png\"\n\t\t\t\t>\n\t\t\t<\/picture>\n\t\t<\/a>\n\t<\/p>\n\n\n","protected":false},"excerpt":{"rendered":"<p>A novela sobre a sucess\u00e3o da Vale (VALE3) ainda est\u00e1 em curso, e um dos cap\u00edtulos mais apimentados envolveu uma poss\u00edvel indica\u00e7\u00e3o do ex-ministro da Fazenda, Guido Mantega, ao cargo de CEO da mineradora. Nesta segunda-feira (05), contudo, ele fez quest\u00e3o de negar o movimento. Guido Mantega. Foto: Antonio Cruz\/Ag\u00eancia Brasil No in\u00edcio do ano, [&hellip;]<\/p>\n","protected":false},"author":376,"featured_media":516484,"comment_status":"closed","ping_status":"closed","sticky":false,"template":"","format":"standard","meta":[],"categories":[64],"tags":[676],"suno_strategy":[],"class_list":["post-569373","post","type-post","status-publish","format-standard","has-post-thumbnail","hentry","category-negocios","tag-vale-vale3"],"yoast_head":"<!-- This site is optimized with the Yoast SEO plugin v24.4 - https:\/\/yoast.com\/wordpress\/plugins\/seo\/ -->\n<title>Vale (VALE3): Mantega nega desejo de trabalhar na mineradora<\/title>\n<meta name=\"description\" content=\"Ap\u00f3s a tentativa de emplacar Guido Mantega como CEO da Vale, o ex-ministro afirmou que n\u00e3o tem &quot;nenhuma vontade&quot; de trabalhar na empresa.\" \/>\n<meta name=\"robots\" content=\"index, follow, max-snippet:-1, max-image-preview:large, max-video-preview:-1\" \/>\n<link rel=\"canonical\" href=\"https:\/\/www.suno.com.br\/noticias\/vale-vale3-guido-mantega-nenhuma-vontade-gss\/\" \/>\n<meta property=\"og:locale\" content=\"pt_BR\" \/>\n<meta property=\"og:type\" content=\"article\" \/>\n<meta property=\"og:title\" content=\"Vale (VALE3): Mantega nega desejo de trabalhar na mineradora\" \/>\n<meta property=\"og:description\" content=\"Ap\u00f3s a tentativa de emplacar Guido Mantega como CEO da Vale, o ex-ministro afirmou que n\u00e3o tem &quot;nenhuma vontade&quot; de trabalhar na empresa.\" \/>\n<meta property=\"og:url\" content=\"https:\/\/www.suno.com.br\/noticias\/vale-vale3-guido-mantega-nenhuma-vontade-gss\/\" \/>\n<meta property=\"og:site_name\" content=\"Suno Not\u00edcias\" \/>\n<meta property=\"article:publisher\" content=\"https:\/\/facebook.com\/sunoresearch\" \/>\n<meta property=\"og:image\" content=\"https:\/\/files.sunoresearch.com.br\/n\/uploads\/2024\/01\/Guido-Mantega-1.jpg\" \/>\n\t<meta property=\"og:image:width\" content=\"1400\" \/>\n\t<meta property=\"og:image:height\" content=\"838\" \/>\n\t<meta property=\"og:image:type\" content=\"image\/jpeg\" \/>\n<meta name=\"author\" content=\"Guilherme Serrano\" \/>\n<meta name=\"twitter:card\" content=\"summary_large_image\" \/>\n<meta name=\"twitter:creator\" content=\"@sunoresearch\" \/>\n<meta name=\"twitter:site\" content=\"@sunoresearch\" \/>\n<meta name=\"twitter:label1\" content=\"Escrito por\" \/>\n\t<meta name=\"twitter:data1\" content=\"Guilherme Serrano\" \/>\n\t<meta name=\"twitter:label2\" content=\"Est. tempo de leitura\" \/>\n\t<meta name=\"twitter:data2\" content=\"3 minutos\" \/>\n<script type=\"application\/ld+json\" class=\"yoast-schema-graph\">{\"@context\":\"https:\/\/schema.org\",\"@graph\":[{\"@type\":\"NewsArticle\",\"@id\":\"https:\/\/www.suno.com.br\/noticias\/vale-vale3-guido-mantega-nenhuma-vontade-gss\/#article\",\"isPartOf\":{\"@id\":\"https:\/\/www.suno.com.br\/noticias\/vale-vale3-guido-mantega-nenhuma-vontade-gss\/\"},\"author\":{\"name\":\"Guilherme Serrano\",\"@id\":\"https:\/\/www.suno.com.br\/noticias\/#\/schema\/person\/d0f07e64bce64aa671feadfb844f04ca\"},\"headline\":\"Guido Mantega diz que n\u00e3o tem &#8220;nenhuma vontade&#8221; de trabalhar na Vale (VALE3)\",\"datePublished\":\"2024-08-06T19:43:26+00:00\",\"dateModified\":\"2024-08-06T19:43:29+00:00\",\"mainEntityOfPage\":{\"@id\":\"https:\/\/www.suno.com.br\/noticias\/vale-vale3-guido-mantega-nenhuma-vontade-gss\/\"},\"wordCount\":423,\"publisher\":{\"@id\":\"https:\/\/www.suno.com.br\/noticias\/#organization\"},\"image\":{\"@id\":\"https:\/\/www.suno.com.br\/noticias\/vale-vale3-guido-mantega-nenhuma-vontade-gss\/#primaryimage\"},\"thumbnailUrl\":\"https:\/\/files.sunoresearch.com.br\/n\/uploads\/2024\/01\/Guido-Mantega-1.jpg\",\"keywords\":[\"Vale (VALE3)\"],\"articleSection\":[\"Neg\u00f3cios\"],\"inLanguage\":\"pt-BR\"},{\"@type\":\"WebPage\",\"@id\":\"https:\/\/www.suno.com.br\/noticias\/vale-vale3-guido-mantega-nenhuma-vontade-gss\/\",\"url\":\"https:\/\/www.suno.com.br\/noticias\/vale-vale3-guido-mantega-nenhuma-vontade-gss\/\",\"name\":\"Vale (VALE3): Mantega nega desejo de trabalhar na mineradora\",\"isPartOf\":{\"@id\":\"https:\/\/www.suno.com.br\/noticias\/#website\"},\"primaryImageOfPage\":{\"@id\":\"https:\/\/www.suno.com.br\/noticias\/vale-vale3-guido-mantega-nenhuma-vontade-gss\/#primaryimage\"},\"image\":{\"@id\":\"https:\/\/www.suno.com.br\/noticias\/vale-vale3-guido-mantega-nenhuma-vontade-gss\/#primaryimage\"},\"thumbnailUrl\":\"https:\/\/files.sunoresearch.com.br\/n\/uploads\/2024\/01\/Guido-Mantega-1.jpg\",\"datePublished\":\"2024-08-06T19:43:26+00:00\",\"dateModified\":\"2024-08-06T19:43:29+00:00\",\"description\":\"Ap\u00f3s a tentativa de emplacar Guido Mantega como CEO da Vale, o ex-ministro afirmou que n\u00e3o tem \\\"nenhuma vontade\\\" de trabalhar na empresa.\",\"breadcrumb\":{\"@id\":\"https:\/\/www.suno.com.br\/noticias\/vale-vale3-guido-mantega-nenhuma-vontade-gss\/#breadcrumb\"},\"inLanguage\":\"pt-BR\",\"potentialAction\":[{\"@type\":\"ReadAction\",\"target\":[\"https:\/\/www.suno.com.br\/noticias\/vale-vale3-guido-mantega-nenhuma-vontade-gss\/\"]}]},{\"@type\":\"ImageObject\",\"inLanguage\":\"pt-BR\",\"@id\":\"https:\/\/www.suno.com.br\/noticias\/vale-vale3-guido-mantega-nenhuma-vontade-gss\/#primaryimage\",\"url\":\"https:\/\/files.sunoresearch.com.br\/n\/uploads\/2024\/01\/Guido-Mantega-1.jpg\",\"contentUrl\":\"https:\/\/files.sunoresearch.com.br\/n\/uploads\/2024\/01\/Guido-Mantega-1.jpg\",\"width\":1400,\"height\":838,\"caption\":\"Guido Mantega. Foto: Antonio Cruz\/Ag\u00eancia Brasil\"},{\"@type\":\"BreadcrumbList\",\"@id\":\"https:\/\/www.suno.com.br\/noticias\/vale-vale3-guido-mantega-nenhuma-vontade-gss\/#breadcrumb\",\"itemListElement\":[{\"@type\":\"ListItem\",\"position\":1,\"name\":\"Not\u00edcias\",\"item\":\"https:\/\/www.suno.com.br\/noticias\/\"},{\"@type\":\"ListItem\",\"position\":2,\"name\":\"Neg\u00f3cios\",\"item\":\"https:\/\/www.suno.com.br\/noticias\/negocios\/\"},{\"@type\":\"ListItem\",\"position\":3,\"name\":\"Guido Mantega diz que n\u00e3o tem &#8220;nenhuma vontade&#8221; de trabalhar na Vale (VALE3)\"}]},{\"@type\":\"WebSite\",\"@id\":\"https:\/\/www.suno.com.br\/noticias\/#website\",\"url\":\"https:\/\/www.suno.com.br\/noticias\/\",\"name\":\"Suno Not\u00edcias\",\"description\":\"Seu portal de informa\u00e7\u00e3o sobre o mundo dos investimentos\",\"publisher\":{\"@id\":\"https:\/\/www.suno.com.br\/noticias\/#organization\"},\"potentialAction\":[{\"@type\":\"SearchAction\",\"target\":{\"@type\":\"EntryPoint\",\"urlTemplate\":\"https:\/\/www.suno.com.br\/noticias\/?s={search_term_string}\"},\"query-input\":{\"@type\":\"PropertyValueSpecification\",\"valueRequired\":true,\"valueName\":\"search_term_string\"}}],\"inLanguage\":\"pt-BR\"},{\"@type\":\"Organization\",\"@id\":\"https:\/\/www.suno.com.br\/noticias\/#organization\",\"name\":\"Suno Not\u00edcias\",\"url\":\"https:\/\/www.suno.com.br\/noticias\/\",\"logo\":{\"@type\":\"ImageObject\",\"inLanguage\":\"pt-BR\",\"@id\":\"https:\/\/www.suno.com.br\/noticias\/#\/schema\/logo\/image\/\",\"url\":\"https:\/\/files.sunoresearch.com.br\/n\/uploads\/2021\/09\/suno-logo.png\",\"contentUrl\":\"https:\/\/files.sunoresearch.com.br\/n\/uploads\/2021\/09\/suno-logo.png\",\"width\":180,\"height\":180,\"caption\":\"Suno Not\u00edcias\"},\"image\":{\"@id\":\"https:\/\/www.suno.com.br\/noticias\/#\/schema\/logo\/image\/\"},\"sameAs\":[\"https:\/\/facebook.com\/sunoresearch\",\"https:\/\/x.com\/sunoresearch\",\"https:\/\/www.instagram.com\/suno\",\"https:\/\/www.linkedin.com\/company\/suno-research\/\",\"https:\/\/www.youtube.com\/c\/sunoresearch\"]},{\"@type\":\"Person\",\"@id\":\"https:\/\/www.suno.com.br\/noticias\/#\/schema\/person\/d0f07e64bce64aa671feadfb844f04ca\",\"name\":\"Guilherme Serrano\",\"image\":{\"@type\":\"ImageObject\",\"inLanguage\":\"pt-BR\",\"@id\":\"https:\/\/www.suno.com.br\/noticias\/#\/schema\/person\/image\/\",\"url\":\"https:\/\/secure.gravatar.com\/avatar\/a90be19d8c67bef61497e4522de30ac4?s=96&r=g\",\"contentUrl\":\"https:\/\/secure.gravatar.com\/avatar\/a90be19d8c67bef61497e4522de30ac4?s=96&r=g\",\"caption\":\"Guilherme Serrano\"},\"description\":\"Jornalista formado pela Faculdade C\u00e1sper L\u00edbero e p\u00f3s-graduado em Can\u00e7\u00e3o Popular pela Faculdade Santa Marcelina. Passagens por R\u00e1dio Gazeta AM, gazetaesportiva.com e TC R\u00e1dio.\",\"url\":\"https:\/\/www.suno.com.br\/noticias\/author\/guilherme-silvasuno-com-br\/\"}]}<\/script>\n<!-- \/ Yoast SEO plugin. -->","yoast_head_json":{"title":"Vale (VALE3): Mantega nega desejo de trabalhar na mineradora","description":"Ap\u00f3s a tentativa de emplacar Guido Mantega como CEO da Vale, o ex-ministro afirmou que n\u00e3o tem \"nenhuma vontade\" de trabalhar na empresa.","robots":{"index":"index","follow":"follow","max-snippet":"max-snippet:-1","max-image-preview":"max-image-preview:large","max-video-preview":"max-video-preview:-1"},"canonical":"https:\/\/www.suno.com.br\/noticias\/vale-vale3-guido-mantega-nenhuma-vontade-gss\/","og_locale":"pt_BR","og_type":"article","og_title":"Vale (VALE3): Mantega nega desejo de trabalhar na mineradora","og_description":"Ap\u00f3s a tentativa de emplacar Guido Mantega como CEO da Vale, o ex-ministro afirmou que n\u00e3o tem \"nenhuma vontade\" de trabalhar na empresa.","og_url":"https:\/\/www.suno.com.br\/noticias\/vale-vale3-guido-mantega-nenhuma-vontade-gss\/","og_site_name":"Suno Not\u00edcias","article_publisher":"https:\/\/facebook.com\/sunoresearch","og_image":[{"width":1400,"height":838,"url":"https:\/\/files.sunoresearch.com.br\/n\/uploads\/2024\/01\/Guido-Mantega-1.jpg","type":"image\/jpeg"}],"author":"Guilherme Serrano","twitter_card":"summary_large_image","twitter_creator":"@sunoresearch","twitter_site":"@sunoresearch","twitter_misc":{"Escrito por":"Guilherme Serrano","Est. tempo de leitura":"3 minutos"},"schema":{"@context":"https:\/\/schema.org","@graph":[{"@type":"NewsArticle","@id":"https:\/\/www.suno.com.br\/noticias\/vale-vale3-guido-mantega-nenhuma-vontade-gss\/#article","isPartOf":{"@id":"https:\/\/www.suno.com.br\/noticias\/vale-vale3-guido-mantega-nenhuma-vontade-gss\/"},"author":{"name":"Guilherme Serrano","@id":"https:\/\/www.suno.com.br\/noticias\/#\/schema\/person\/d0f07e64bce64aa671feadfb844f04ca"},"headline":"Guido Mantega diz que n\u00e3o tem &#8220;nenhuma vontade&#8221; de trabalhar na Vale (VALE3)","datePublished":"2024-08-06T19:43:26+00:00","dateModified":"2024-08-06T19:43:29+00:00","mainEntityOfPage":{"@id":"https:\/\/www.suno.com.br\/noticias\/vale-vale3-guido-mantega-nenhuma-vontade-gss\/"},"wordCount":423,"publisher":{"@id":"https:\/\/www.suno.com.br\/noticias\/#organization"},"image":{"@id":"https:\/\/www.suno.com.br\/noticias\/vale-vale3-guido-mantega-nenhuma-vontade-gss\/#primaryimage"},"thumbnailUrl":"https:\/\/files.sunoresearch.com.br\/n\/uploads\/2024\/01\/Guido-Mantega-1.jpg","keywords":["Vale (VALE3)"],"articleSection":["Neg\u00f3cios"],"inLanguage":"pt-BR"},{"@type":"WebPage","@id":"https:\/\/www.suno.com.br\/noticias\/vale-vale3-guido-mantega-nenhuma-vontade-gss\/","url":"https:\/\/www.suno.com.br\/noticias\/vale-vale3-guido-mantega-nenhuma-vontade-gss\/","name":"Vale (VALE3): Mantega nega desejo de trabalhar na mineradora","isPartOf":{"@id":"https:\/\/www.suno.com.br\/noticias\/#website"},"primaryImageOfPage":{"@id":"https:\/\/www.suno.com.br\/noticias\/vale-vale3-guido-mantega-nenhuma-vontade-gss\/#primaryimage"},"image":{"@id":"https:\/\/www.suno.com.br\/noticias\/vale-vale3-guido-mantega-nenhuma-vontade-gss\/#primaryimage"},"thumbnailUrl":"https:\/\/files.sunoresearch.com.br\/n\/uploads\/2024\/01\/Guido-Mantega-1.jpg","datePublished":"2024-08-06T19:43:26+00:00","dateModified":"2024-08-06T19:43:29+00:00","description":"Ap\u00f3s a tentativa de emplacar Guido Mantega como CEO da Vale, o ex-ministro afirmou que n\u00e3o tem \"nenhuma vontade\" de trabalhar na empresa.","breadcrumb":{"@id":"https:\/\/www.suno.com.br\/noticias\/vale-vale3-guido-mantega-nenhuma-vontade-gss\/#breadcrumb"},"inLanguage":"pt-BR","potentialAction":[{"@type":"ReadAction","target":["https:\/\/www.suno.com.br\/noticias\/vale-vale3-guido-mantega-nenhuma-vontade-gss\/"]}]},{"@type":"ImageObject","inLanguage":"pt-BR","@id":"https:\/\/www.suno.com.br\/noticias\/vale-vale3-guido-mantega-nenhuma-vontade-gss\/#primaryimage","url":"https:\/\/files.sunoresearch.com.br\/n\/uploads\/2024\/01\/Guido-Mantega-1.jpg","contentUrl":"https:\/\/files.sunoresearch.com.br\/n\/uploads\/2024\/01\/Guido-Mantega-1.jpg","width":1400,"height":838,"caption":"Guido Mantega. Foto: Antonio Cruz\/Ag\u00eancia Brasil"},{"@type":"BreadcrumbList","@id":"https:\/\/www.suno.com.br\/noticias\/vale-vale3-guido-mantega-nenhuma-vontade-gss\/#breadcrumb","itemListElement":[{"@type":"ListItem","position":1,"name":"Not\u00edcias","item":"https:\/\/www.suno.com.br\/noticias\/"},{"@type":"ListItem","position":2,"name":"Neg\u00f3cios","item":"https:\/\/www.suno.com.br\/noticias\/negocios\/"},{"@type":"ListItem","position":3,"name":"Guido Mantega diz que n\u00e3o tem &#8220;nenhuma vontade&#8221; de trabalhar na Vale (VALE3)"}]},{"@type":"WebSite","@id":"https:\/\/www.suno.com.br\/noticias\/#website","url":"https:\/\/www.suno.com.br\/noticias\/","name":"Suno Not\u00edcias","description":"Seu portal de informa\u00e7\u00e3o sobre o mundo dos investimentos","publisher":{"@id":"https:\/\/www.suno.com.br\/noticias\/#organization"},"potentialAction":[{"@type":"SearchAction","target":{"@type":"EntryPoint","urlTemplate":"https:\/\/www.suno.com.br\/noticias\/?s={search_term_string}"},"query-input":{"@type":"PropertyValueSpecification","valueRequired":true,"valueName":"search_term_string"}}],"inLanguage":"pt-BR"},{"@type":"Organization","@id":"https:\/\/www.suno.com.br\/noticias\/#organization","name":"Suno Not\u00edcias","url":"https:\/\/www.suno.com.br\/noticias\/","logo":{"@type":"ImageObject","inLanguage":"pt-BR","@id":"https:\/\/www.suno.com.br\/noticias\/#\/schema\/logo\/image\/","url":"https:\/\/files.sunoresearch.com.br\/n\/uploads\/2021\/09\/suno-logo.png","contentUrl":"https:\/\/files.sunoresearch.com.br\/n\/uploads\/2021\/09\/suno-logo.png","width":180,"height":180,"caption":"Suno Not\u00edcias"},"image":{"@id":"https:\/\/www.suno.com.br\/noticias\/#\/schema\/logo\/image\/"},"sameAs":["https:\/\/facebook.com\/sunoresearch","https:\/\/x.com\/sunoresearch","https:\/\/www.instagram.com\/suno","https:\/\/www.linkedin.com\/company\/suno-research\/","https:\/\/www.youtube.com\/c\/sunoresearch"]},{"@type":"Person","@id":"https:\/\/www.suno.com.br\/noticias\/#\/schema\/person\/d0f07e64bce64aa671feadfb844f04ca","name":"Guilherme Serrano","image":{"@type":"ImageObject","inLanguage":"pt-BR","@id":"https:\/\/www.suno.com.br\/noticias\/#\/schema\/person\/image\/","url":"https:\/\/secure.gravatar.com\/avatar\/a90be19d8c67bef61497e4522de30ac4?s=96&r=g","contentUrl":"https:\/\/secure.gravatar.com\/avatar\/a90be19d8c67bef61497e4522de30ac4?s=96&r=g","caption":"Guilherme Serrano"},"description":"Jornalista formado pela Faculdade C\u00e1sper L\u00edbero e p\u00f3s-graduado em Can\u00e7\u00e3o Popular pela Faculdade Santa Marcelina. Passagens por R\u00e1dio Gazeta AM, gazetaesportiva.com e TC R\u00e1dio.","url":"https:\/\/www.suno.com.br\/noticias\/author\/guilherme-silvasuno-com-br\/"}]}},"default_loop_html":"<div class=\"cardsPage__listCard__boxs\"><div class=\"cardsPage__listCard__boxs__img\"><a href=\"https:\/\/www.suno.com.br\/noticias\/vale-vale3-guido-mantega-nenhuma-vontade-gss\/\"><img class=\"mask\" src=\"https:\/\/www.suno.com.br\/noticias\/wp-content\/themes\/suno\/resources\/images\/spotlight\/spotlight1img\/bg-mask.png\" alt=\"Image Mask\"\/><img src=\"https:\/\/files.sunoresearch.com.br\/n\/uploads\/2024\/01\/Guido-Mantega-1-400x200.jpg\" alt=\"Guido Mantega diz que n\u00e3o tem &#8220;nenhuma vontade&#8221; de trabalhar na Vale (VALE3)\"\/><\/a><span class=\"spotlightCategory\"><a href=\"https:\/\/www.suno.com.br\/noticias\/negocios\/\">Neg\u00f3cios<\/a><\/span><\/div><div class=\"cardsPage__listCard__boxs__content\"><a href=\"https:\/\/www.suno.com.br\/noticias\/vale-vale3-guido-mantega-nenhuma-vontade-gss\/\"><h2 class=\"content__title\">Guido Mantega diz que n\u00e3o tem &#8220;nenhuma vontade&#8221; de trabalhar na Vale (VALE3)<\/h2><\/a><div class=\"newsContent__article__meta\"><div class=\"newsContent__article__meta__authorBox\"><a href=\"https:\/\/www.suno.com.br\/noticias\/author\/guilherme-silvasuno-com-br\/\" class=\"authorBox__avatar noMobi\"><img src=\"https:\/\/secure.gravatar.com\/avatar\/a90be19d8c67bef61497e4522de30ac4?s=96&#038;r=g\" alt=\"Guilherme Serrano\"><\/a><div class=\"authorBox__name\"><span>por\n\t\t\t<a href=\"https:\/\/www.suno.com.br\/noticias\/author\/guilherme-silvasuno-com-br\/\"><span itemprop=\"author\">Guilherme Serrano<\/span><\/a><\/span><time datetime=\"2024-08-06T16:43:26-03:00\" itemprop=\"datePublished\">06\/08\/2024 16:43<\/time><\/div><\/div><\/div><\/div><\/div>","single_layout":"posts","amp_enabled":true,"_links":{"self":[{"href":"https:\/\/www.suno.com.br\/noticias\/wp-json\/wp\/v2\/posts\/569373"}],"collection":[{"href":"https:\/\/www.suno.com.br\/noticias\/wp-json\/wp\/v2\/posts"}],"about":[{"href":"https:\/\/www.suno.com.br\/noticias\/wp-json\/wp\/v2\/types\/post"}],"author":[{"embeddable":true,"href":"https:\/\/www.suno.com.br\/noticias\/wp-json\/wp\/v2\/users\/376"}],"replies":[{"embeddable":true,"href":"https:\/\/www.suno.com.br\/noticias\/wp-json\/wp\/v2\/comments?post=569373"}],"version-history":[{"count":2,"href":"https:\/\/www.suno.com.br\/noticias\/wp-json\/wp\/v2\/posts\/569373\/revisions"}],"predecessor-version":[{"id":569378,"href":"https:\/\/www.suno.com.br\/noticias\/wp-json\/wp\/v2\/posts\/569373\/revisions\/569378"}],"wp:featuredmedia":[{"embeddable":true,"href":"https:\/\/www.suno.com.br\/noticias\/wp-json\/wp\/v2\/media\/516484"}],"wp:attachment":[{"href":"https:\/\/www.suno.com.br\/noticias\/wp-json\/wp\/v2\/media?parent=569373"}],"wp:term":[{"taxonomy":"category","embeddable":true,"href":"https:\/\/www.suno.com.br\/noticias\/wp-json\/wp\/v2\/categories?post=569373"},{"taxonomy":"post_tag","embeddable":true,"href":"https:\/\/www.suno.com.br\/noticias\/wp-json\/wp\/v2\/tags?post=569373"},{"taxonomy":"suno_strategy","embeddable":true,"href":"https:\/\/www.suno.com.br\/noticias\/wp-json\/wp\/v2\/suno_strategy?post=569373"}],"curies":[{"name":"wp","href":"https:\/\/api.w.org\/{rel}","templated":true}]}}