{"id":569314,"date":"2024-08-06T13:47:27","date_gmt":"2024-08-06T16:47:27","guid":{"rendered":"https:\/\/www.suno.com.br\/noticias\/?p=569314"},"modified":"2024-08-06T13:47:33","modified_gmt":"2024-08-06T16:47:33","slug":"tom-duro-ata-do-copom-taxas-de-juros-alta-evm","status":"publish","type":"post","link":"https:\/\/www.suno.com.br\/noticias\/tom-duro-ata-do-copom-taxas-de-juros-alta-evm\/","title":{"rendered":"Ap\u00f3s &#8216;tom duro&#8217; da Ata do Copom, taxas de juros operam em alta"},"content":{"rendered":"<p>As taxas de juros negociadas no <a class=\"suno-keyword\" data-force=\"no\" data-priority=\"1\" href=\"https:\/\/www.suno.com.br\/artigos\/contrato-futuro\/\" target=\"_blank\" rel=\"noopener\">mercado futuro<\/a> ganharam f\u00f4lego recentemente e registram alta em toda a extens\u00e3o da curva, em uma recomposi\u00e7\u00e3o de pr\u00eamios essencialmente relacionada ao tom mais &#8220;hawkish&#8221; (duro) da ata da reuni\u00e3o do Comit\u00ea de Pol\u00edtica Monet\u00e1ria (Copom), a <strong>Ata do Copom<\/strong>, divulgada mais cedo nesta ter\u00e7a (6).<\/p><div class=\"videoFull \">\n\t\t\t<div class=\"videoWrapper yt-lazyload center\"\n\t\t\t\tdata-width=\"960\"\n\t\t\t\tdata-height=\"540\"\n\t\t\t\tdata-id=\"diVY0yqHPGE\"\n\t\t\t\tdata-alt=\"V\u00eddeo do YouTube - clique para reproduzir\"\n\t\t\t\tdata-logo=\"3\"\n\t\t\t\tdata-imagequality=\"maxres\">\n\t\t\t<\/div>\n\t\t<\/div><script type=\"application\/ld+json\">{\"@context\":\"https:\/\/schema.org\",\"@type\":\"VideoObject\",\"name\":\"\ud83d\udd34 IBOVESPA CAI EM DIA DE P\u00c2NICO | Bradesco (BBDC4) dispara | Dividendos BB Seguridade (BBSE3)\",\"description\":\"\ud83d\udd34TENHA UMA CARTEIRA PERSONALIZADA: https:\/\/lp.suno.com.br\/ao\/consultoria-de-investimentos\/?utm_medium=appsuno&utm_source=NAI&utm_campaign=sc.ns.20240724.captacao.consultoria.app.ao 00:00 In\u00edcio do v\u00eddeo 02:05 Fechamento de mercado 07:41 Entenda o motivo das bolsas terem ca\u00eddo 13:40 Resultado e dividendos BBSE3 16:58 BBDC4 dispara ap\u00f3s balan\u00e7o 20:20 Lista paralela para CEO da Vale 23:45 Indicadores do dia & agenda de amanh\u00e3 Acompanhando as perdas dos mercados globais, o Ibovespa est\u00e1\u2026\",\"duration\":\"PT28M22S\",\"embedUrl\":\"https:\/\/www.youtube.com\/embed\/diVY0yqHPGE\",\"regionsAllowed\":\"en-US\",\"interactionStatistic\":{\"@type\":\"InteractionCounter\",\"interactionType\":{\"@type\":\"WatchAction\"},\"userInteractionCount\":3448},\"thumbnailUrl\":\"https:\/\/i.ytimg.com\/vi\/diVY0yqHPGE\/default.jpg\",\"uploadDate\":\"2024-08-05T22:32:46Z\"}<\/script>\n\n\n\n\n\t<p>\n\t\t<a href=\"\" target=\"_blank\" data-element=\"shortcode-suno-banner\" title=\"Banner SUNO, clique e saiba mais\">\n\t\t\t<picture>\n\t\t\t\t<source media=\"(max-width: 500px)\" srcset=\"\">\n\t\t\t\t<img class=\"newsContent__article__imgCapa newsContent__article__imgCapa--banner\"\n\t\t\t\t\tsrc=\"\"\n\t\t\t\t\tdata-promo-id=\"240038\"\t\t\t\t\t\t\t\t\t\t\t\t\t\t\talt=\"\"\n\t\t\t\t>\n\t\t\t<\/picture>\n\t\t<\/a>\n\t<\/p>\n\n\n\n\n\n\n\n<p>A <strong>Ata do Copom<\/strong> confirmou que o <strong>Banco Central<\/strong> v\u00ea com cautela alguns fatores que podem levar \u00e0 acelera\u00e7\u00e3o da infla\u00e7\u00e3o e que, unanimemente, n\u00e3o hesitar\u00e1 em elevar os juros, se for necess\u00e1rio.<\/p>\n\n\n\n<p>Com isso, o mercado refor\u00e7a apostas na eleva\u00e7\u00e3o da <strong><a href=\"https:\/\/www.suno.com.br\/noticias\/selic-boletim-focus-05082024-ec-gss\/\">taxa Selic<\/a><\/strong>, embora analistas acreditem que essa possibilidade seja improv\u00e1vel.<\/p>\n\n\n\n<p>&#8220;O mais prov\u00e1vel \u00e9 que o BC mantenha a taxa Selic inalterada por mais tempo, o que elimina apostas na possibilidade de retomada dos cortes ainda este ano&#8221;, afirma Julio Hegedus, economista-chefe da consultoria Confiance Tec.<\/p>\n\n\n\n<p>\u00c0s 11h40, o contrato de Dep\u00f3sito Interfinanceiro (DI) com vencimento em janeiro de 2025 tinha taxa de 10,660%, contra 10,587% do ajuste de ontem.<\/p>\n\n\n\n<p>A taxa do vencimento de janeiro de 2026, mais negociado, estava em 11,445%, na m\u00e1xima do dia, ante 11,229% do ajuste de ontem.<\/p>\n\n\n\t<p>\n\t\t<a href=\"https:\/\/lp.suno.com.br\/ebook-gratuito-investindo-no-exterior\/\" target=\"_blank\" data-element=\"shortcode-suno-banner\" title=\"Banner SUNO, clique e saiba mais\">\n\t\t\t<picture>\n\t\t\t\t<source media=\"(max-width: 500px)\" srcset=\"https:\/\/files.sunoresearch.com.br\/n\/uploads\/2023\/03\/400x300-Investindo-no-exterior.png\">\n\t\t\t\t<img class=\"newsContent__article__imgCapa newsContent__article__imgCapa--banner\"\n\t\t\t\t\tsrc=\"https:\/\/files.sunoresearch.com.br\/n\/uploads\/2023\/03\/1420x240-Investindo-no-exterior.png\"\n\t\t\t\t\tdata-promo-id=\"383161\"\t\t\t\t\t\t\t\t\t\twidth='1420' height='240'\t\t\t\t\talt=\"https:\/\/files.sunoresearch.com.br\/n\/uploads\/2023\/03\/1420x240-Investindo-no-exterior.png\"\n\t\t\t\t>\n\t\t\t<\/picture>\n\t\t<\/a>\n\t<\/p>\n\n\n\n\n\n<h2 class=\"wp-block-heading\">Copom n\u00e3o hesitar\u00e1 em elevar a taxa Selic caso seja necess\u00e1rio, diz ata<\/h2>\n\n\n\n<p>A ata do Copom afirma que o cen\u00e1rio atual \u00e9 desafiador, marcado por proje\u00e7\u00f5es elevadas e com mais riscos para a alta da infla\u00e7\u00e3o. Com isso, o comit\u00ea avalia que o momento \u00e9 de maior cautela e de acompanhamento dos condicionantes da infla\u00e7\u00e3o, sem se comprometer com estrat\u00e9gias futuras em rela\u00e7\u00e3o \u00e0 <strong>Selic<\/strong>.<\/p>\n\n\n\n<p>Ainda assim o documento mostra que o colegiado, por unanimidade, &#8220;refor\u00e7ou que n\u00e3o hesitar\u00e1 em elevar a<strong> taxa de juros<\/strong> para assegurar a converg\u00eancia da infla\u00e7\u00e3o \u00e0 meta se julgar apropriado&#8221;.<\/p>\n\n\n\n<p>O comit\u00ea diz que h\u00e1 fatores que risco para a infla\u00e7\u00e3o nas duas dire\u00e7\u00f5es, ainda que tenha enfatizado os pontos que pressionam para a alta.<\/p>\n\n\n\n<p>De acordo com o documento, os riscos para o cen\u00e1rio inflacion\u00e1rio s\u00e3o:<\/p>\n\n\n\n<ul class=\"wp-block-list\">\n<li>Desancoragem das expectativas de infla\u00e7\u00e3o por per\u00edodo mais prolongado;<\/li>\n\n\n\n<li>Maior resili\u00eancia na infla\u00e7\u00e3o de servi\u00e7os do que a projetada em fun\u00e7\u00e3o de um hiato do produto mais apertado;<\/li>\n\n\n\n<li>Conjun\u00e7\u00e3o de pol\u00edticas econ\u00f4micas externa e interna que tenham impacto inflacion\u00e1rio, como uma taxa de c\u00e2mbio persistentemente mais depreciada<\/li>\n<\/ul>\n\n\n\n<p>Em rela\u00e7\u00e3o aos riscos de baixa, o colegiado do Copom citou a desacelera\u00e7\u00e3o da atividade econ\u00f4mica global mais acentuada do que a projetada e impactos mais fortes que os esperados do aperto monet\u00e1rio sobre a desinfla\u00e7\u00e3o global.<\/p>\n\n\n\n<p>Em rela\u00e7\u00e3o ao cen\u00e1rio global, a ata destaca que o cen\u00e1rio se mant\u00e9m adverso, diante das incertezas sobre os impactos da <a class=\"suno-keyword\" data-force=\"no\" data-priority=\"1\" href=\"https:\/\/www.suno.com.br\/artigos\/politica-monetaria\/\" target=\"_blank\" rel=\"noopener\">pol\u00edtica monet\u00e1ria<\/a> dos Estados Unidos para a condu\u00e7\u00e3o da taxa Selic.<\/p>\n\n\n\n<p>&#8220;O Comit\u00ea avalia que as conjunturas dom\u00e9stica e internacional exigem ainda maior cautela na condu\u00e7\u00e3o da pol\u00edtica monet\u00e1ria. Em particular, os impactos inflacion\u00e1rios decorrentes dos movimentos das vari\u00e1veis de mercado e das expectativas de infla\u00e7\u00e3o, caso esses se mostrem persistentes, corroboram a necessidade de maior vigil\u00e2ncia&#8221;, diz a ata.<\/p>\n\n\n\n<p>Al\u00e9m disso, na <strong>Ata do Copom<\/strong> o colegiado novamente destacou que perseguir a reancoragem das expectativas de infla\u00e7\u00e3o \u00e9 um elemento essencial para assegurar a converg\u00eancia da infla\u00e7\u00e3o para a meta.<\/p>\n\n\n\n<p>Com Estad\u00e3o Conte\u00fado<\/p>\n\n\n\t<p>\n\t\t<a href=\"https:\/\/lp.suno.com.br\/planilha-da-vida-financeira\/\" target=\"_blank\" data-element=\"shortcode-suno-banner\" title=\"Banner SUNO, clique e saiba mais\">\n\t\t\t<picture>\n\t\t\t\t<source media=\"(max-width: 500px)\" srcset=\"https:\/\/files.sunoresearch.com.br\/n\/uploads\/2023\/04\/400x300-Planilha-vida-financeira-true.png\">\n\t\t\t\t<img class=\"newsContent__article__imgCapa newsContent__article__imgCapa--banner\"\n\t\t\t\t\tsrc=\"https:\/\/files.sunoresearch.com.br\/n\/uploads\/2023\/04\/1420x240-Planilha-vida-financeira-true.png\"\n\t\t\t\t\tdata-promo-id=\"383123\"\t\t\t\t\t\t\t\t\t\twidth='1420' height='240'\t\t\t\t\talt=\"https:\/\/files.sunoresearch.com.br\/n\/uploads\/2023\/04\/1420x240-Planilha-vida-financeira-true.png\"\n\t\t\t\t>\n\t\t\t<\/picture>\n\t\t<\/a>\n\t<\/p>\n\n\n","protected":false},"excerpt":{"rendered":"<p>As taxas de juros negociadas no mercado futuro ganharam f\u00f4lego recentemente e registram alta em toda a extens\u00e3o da curva, em uma recomposi\u00e7\u00e3o de pr\u00eamios essencialmente relacionada ao tom mais &#8220;hawkish&#8221; (duro) da ata da reuni\u00e3o do Comit\u00ea de Pol\u00edtica Monet\u00e1ria (Copom), a Ata do Copom, divulgada mais cedo nesta ter\u00e7a (6). A Ata do [&hellip;]<\/p>\n","protected":false},"author":73,"featured_media":356744,"comment_status":"closed","ping_status":"closed","sticky":false,"template":"","format":"standard","meta":[],"categories":[62],"tags":[106444,1104],"suno_strategy":[],"class_list":["post-569314","post","type-post","status-publish","format-standard","has-post-thumbnail","hentry","category-economia","tag-agencias","tag-copom"],"yoast_head":"<!-- This site is optimized with the Yoast SEO plugin v24.4 - https:\/\/yoast.com\/wordpress\/plugins\/seo\/ -->\n<title>Ap\u00f3s &#039;tom duro&#039; da Ata do Copom, taxas de juros operam em alta<\/title>\n<meta name=\"description\" content=\"A Ata do Copom confirmou que o BC v\u00ea com cautela alguns fatores que podem levar \u00e0 acelera\u00e7\u00e3o da infla\u00e7\u00e3o e que juros podem ser elevados\" \/>\n<meta name=\"robots\" content=\"index, follow, max-snippet:-1, max-image-preview:large, max-video-preview:-1\" \/>\n<link rel=\"canonical\" href=\"https:\/\/www.suno.com.br\/noticias\/tom-duro-ata-do-copom-taxas-de-juros-alta-evm\/\" \/>\n<meta property=\"og:locale\" content=\"pt_BR\" \/>\n<meta property=\"og:type\" content=\"article\" \/>\n<meta property=\"og:title\" content=\"Ap\u00f3s &#039;tom duro&#039; da Ata do Copom, taxas de juros operam em alta\" \/>\n<meta property=\"og:description\" content=\"A Ata do Copom confirmou que o BC v\u00ea com cautela alguns fatores que podem levar \u00e0 acelera\u00e7\u00e3o da infla\u00e7\u00e3o e que juros podem ser elevados\" \/>\n<meta property=\"og:url\" content=\"https:\/\/www.suno.com.br\/noticias\/tom-duro-ata-do-copom-taxas-de-juros-alta-evm\/\" \/>\n<meta property=\"og:site_name\" content=\"Suno Not\u00edcias\" \/>\n<meta property=\"article:publisher\" content=\"https:\/\/facebook.com\/sunoresearch\" \/>\n<meta property=\"og:image\" content=\"https:\/\/files.sunoresearch.com.br\/n\/uploads\/2023\/02\/banco-central.jpg\" \/>\n\t<meta property=\"og:image:width\" content=\"1280\" \/>\n\t<meta property=\"og:image:height\" content=\"853\" \/>\n\t<meta property=\"og:image:type\" content=\"image\/jpeg\" \/>\n<meta name=\"author\" content=\"Eduardo Vargas\" \/>\n<meta name=\"twitter:card\" content=\"summary_large_image\" \/>\n<meta name=\"twitter:creator\" content=\"@sunoresearch\" \/>\n<meta name=\"twitter:site\" content=\"@sunoresearch\" \/>\n<meta name=\"twitter:label1\" content=\"Escrito por\" \/>\n\t<meta name=\"twitter:data1\" content=\"Eduardo Vargas\" \/>\n\t<meta name=\"twitter:label2\" content=\"Est. tempo de leitura\" \/>\n\t<meta name=\"twitter:data2\" content=\"3 minutos\" \/>\n<script type=\"application\/ld+json\" class=\"yoast-schema-graph\">{\"@context\":\"https:\/\/schema.org\",\"@graph\":[{\"@type\":\"NewsArticle\",\"@id\":\"https:\/\/www.suno.com.br\/noticias\/tom-duro-ata-do-copom-taxas-de-juros-alta-evm\/#article\",\"isPartOf\":{\"@id\":\"https:\/\/www.suno.com.br\/noticias\/tom-duro-ata-do-copom-taxas-de-juros-alta-evm\/\"},\"author\":{\"name\":\"Eduardo Vargas\",\"@id\":\"https:\/\/www.suno.com.br\/noticias\/#\/schema\/person\/7f4d362bf3518e76090143ae77bb49a5\"},\"headline\":\"Ap\u00f3s &#8216;tom duro&#8217; da Ata do Copom, taxas de juros operam em alta\",\"datePublished\":\"2024-08-06T16:47:27+00:00\",\"dateModified\":\"2024-08-06T16:47:33+00:00\",\"mainEntityOfPage\":{\"@id\":\"https:\/\/www.suno.com.br\/noticias\/tom-duro-ata-do-copom-taxas-de-juros-alta-evm\/\"},\"wordCount\":601,\"publisher\":{\"@id\":\"https:\/\/www.suno.com.br\/noticias\/#organization\"},\"image\":{\"@id\":\"https:\/\/www.suno.com.br\/noticias\/tom-duro-ata-do-copom-taxas-de-juros-alta-evm\/#primaryimage\"},\"thumbnailUrl\":\"https:\/\/files.sunoresearch.com.br\/n\/uploads\/2023\/02\/banco-central.jpg\",\"keywords\":[\"Ag\u00eancias\",\"Copom\"],\"articleSection\":[\"Economia\"],\"inLanguage\":\"pt-BR\"},{\"@type\":\"WebPage\",\"@id\":\"https:\/\/www.suno.com.br\/noticias\/tom-duro-ata-do-copom-taxas-de-juros-alta-evm\/\",\"url\":\"https:\/\/www.suno.com.br\/noticias\/tom-duro-ata-do-copom-taxas-de-juros-alta-evm\/\",\"name\":\"Ap\u00f3s 'tom duro' da Ata do Copom, taxas de juros operam em alta\",\"isPartOf\":{\"@id\":\"https:\/\/www.suno.com.br\/noticias\/#website\"},\"primaryImageOfPage\":{\"@id\":\"https:\/\/www.suno.com.br\/noticias\/tom-duro-ata-do-copom-taxas-de-juros-alta-evm\/#primaryimage\"},\"image\":{\"@id\":\"https:\/\/www.suno.com.br\/noticias\/tom-duro-ata-do-copom-taxas-de-juros-alta-evm\/#primaryimage\"},\"thumbnailUrl\":\"https:\/\/files.sunoresearch.com.br\/n\/uploads\/2023\/02\/banco-central.jpg\",\"datePublished\":\"2024-08-06T16:47:27+00:00\",\"dateModified\":\"2024-08-06T16:47:33+00:00\",\"description\":\"A Ata do Copom confirmou que o BC v\u00ea com cautela alguns fatores que podem levar \u00e0 acelera\u00e7\u00e3o da infla\u00e7\u00e3o e que juros podem ser elevados\",\"breadcrumb\":{\"@id\":\"https:\/\/www.suno.com.br\/noticias\/tom-duro-ata-do-copom-taxas-de-juros-alta-evm\/#breadcrumb\"},\"inLanguage\":\"pt-BR\",\"potentialAction\":[{\"@type\":\"ReadAction\",\"target\":[\"https:\/\/www.suno.com.br\/noticias\/tom-duro-ata-do-copom-taxas-de-juros-alta-evm\/\"]}]},{\"@type\":\"ImageObject\",\"inLanguage\":\"pt-BR\",\"@id\":\"https:\/\/www.suno.com.br\/noticias\/tom-duro-ata-do-copom-taxas-de-juros-alta-evm\/#primaryimage\",\"url\":\"https:\/\/files.sunoresearch.com.br\/n\/uploads\/2023\/02\/banco-central.jpg\",\"contentUrl\":\"https:\/\/files.sunoresearch.com.br\/n\/uploads\/2023\/02\/banco-central.jpg\",\"width\":1280,\"height\":853,\"caption\":\"Banco Central: Copom e Selic. Foto: Marcello Casal Jr\/Ag\u00eancia Brasil\"},{\"@type\":\"BreadcrumbList\",\"@id\":\"https:\/\/www.suno.com.br\/noticias\/tom-duro-ata-do-copom-taxas-de-juros-alta-evm\/#breadcrumb\",\"itemListElement\":[{\"@type\":\"ListItem\",\"position\":1,\"name\":\"Not\u00edcias\",\"item\":\"https:\/\/www.suno.com.br\/noticias\/\"},{\"@type\":\"ListItem\",\"position\":2,\"name\":\"Economia\",\"item\":\"https:\/\/www.suno.com.br\/noticias\/economia\/\"},{\"@type\":\"ListItem\",\"position\":3,\"name\":\"Ap\u00f3s &#8216;tom duro&#8217; da Ata do Copom, taxas de juros operam em alta\"}]},{\"@type\":\"WebSite\",\"@id\":\"https:\/\/www.suno.com.br\/noticias\/#website\",\"url\":\"https:\/\/www.suno.com.br\/noticias\/\",\"name\":\"Suno Not\u00edcias\",\"description\":\"Seu portal de informa\u00e7\u00e3o sobre o mundo dos investimentos\",\"publisher\":{\"@id\":\"https:\/\/www.suno.com.br\/noticias\/#organization\"},\"potentialAction\":[{\"@type\":\"SearchAction\",\"target\":{\"@type\":\"EntryPoint\",\"urlTemplate\":\"https:\/\/www.suno.com.br\/noticias\/?s={search_term_string}\"},\"query-input\":{\"@type\":\"PropertyValueSpecification\",\"valueRequired\":true,\"valueName\":\"search_term_string\"}}],\"inLanguage\":\"pt-BR\"},{\"@type\":\"Organization\",\"@id\":\"https:\/\/www.suno.com.br\/noticias\/#organization\",\"name\":\"Suno Not\u00edcias\",\"url\":\"https:\/\/www.suno.com.br\/noticias\/\",\"logo\":{\"@type\":\"ImageObject\",\"inLanguage\":\"pt-BR\",\"@id\":\"https:\/\/www.suno.com.br\/noticias\/#\/schema\/logo\/image\/\",\"url\":\"https:\/\/files.sunoresearch.com.br\/n\/uploads\/2021\/09\/suno-logo.png\",\"contentUrl\":\"https:\/\/files.sunoresearch.com.br\/n\/uploads\/2021\/09\/suno-logo.png\",\"width\":180,\"height\":180,\"caption\":\"Suno Not\u00edcias\"},\"image\":{\"@id\":\"https:\/\/www.suno.com.br\/noticias\/#\/schema\/logo\/image\/\"},\"sameAs\":[\"https:\/\/facebook.com\/sunoresearch\",\"https:\/\/x.com\/sunoresearch\",\"https:\/\/www.instagram.com\/suno\",\"https:\/\/www.linkedin.com\/company\/suno-research\/\",\"https:\/\/www.youtube.com\/c\/sunoresearch\"]},{\"@type\":\"Person\",\"@id\":\"https:\/\/www.suno.com.br\/noticias\/#\/schema\/person\/7f4d362bf3518e76090143ae77bb49a5\",\"name\":\"Eduardo Vargas\",\"image\":{\"@type\":\"ImageObject\",\"inLanguage\":\"pt-BR\",\"@id\":\"https:\/\/www.suno.com.br\/noticias\/#\/schema\/person\/image\/\",\"url\":\"https:\/\/secure.gravatar.com\/avatar\/dac340933427a22924c9f99d1eb2e3f2?s=96&r=g\",\"contentUrl\":\"https:\/\/secure.gravatar.com\/avatar\/dac340933427a22924c9f99d1eb2e3f2?s=96&r=g\",\"caption\":\"Eduardo Vargas\"},\"description\":\"Jornalista formado pela UFSC, cobre macroeconomia, neg\u00f3cios e startups para o Suno Not\u00edcias, escrevendo principalmente not\u00edcias sobre o mercado financeiro e a bolsa de valores. No YouTube e no Instagram, \u00e9 respons\u00e1vel pela produ\u00e7\u00e3o de Reels e Shorts do Suno Not\u00edcias. Anteriormente, trabalhou cobrindo economia e cotidiano no ND+ e para o ND, maior jornal impresso de Santa Catarina. Cursou um semestre letivo de Estudos de M\u00eddia na Universidad de Buenos Aires.\",\"url\":\"https:\/\/www.suno.com.br\/noticias\/author\/eduardo-vargas\/\"}]}<\/script>\n<!-- \/ Yoast SEO plugin. -->","yoast_head_json":{"title":"Ap\u00f3s 'tom duro' da Ata do Copom, taxas de juros operam em alta","description":"A Ata do Copom confirmou que o BC v\u00ea com cautela alguns fatores que podem levar \u00e0 acelera\u00e7\u00e3o da infla\u00e7\u00e3o e que juros podem ser elevados","robots":{"index":"index","follow":"follow","max-snippet":"max-snippet:-1","max-image-preview":"max-image-preview:large","max-video-preview":"max-video-preview:-1"},"canonical":"https:\/\/www.suno.com.br\/noticias\/tom-duro-ata-do-copom-taxas-de-juros-alta-evm\/","og_locale":"pt_BR","og_type":"article","og_title":"Ap\u00f3s 'tom duro' da Ata do Copom, taxas de juros operam em alta","og_description":"A Ata do Copom confirmou que o BC v\u00ea com cautela alguns fatores que podem levar \u00e0 acelera\u00e7\u00e3o da infla\u00e7\u00e3o e que juros podem ser elevados","og_url":"https:\/\/www.suno.com.br\/noticias\/tom-duro-ata-do-copom-taxas-de-juros-alta-evm\/","og_site_name":"Suno Not\u00edcias","article_publisher":"https:\/\/facebook.com\/sunoresearch","og_image":[{"width":1280,"height":853,"url":"https:\/\/files.sunoresearch.com.br\/n\/uploads\/2023\/02\/banco-central.jpg","type":"image\/jpeg"}],"author":"Eduardo Vargas","twitter_card":"summary_large_image","twitter_creator":"@sunoresearch","twitter_site":"@sunoresearch","twitter_misc":{"Escrito por":"Eduardo Vargas","Est. tempo de leitura":"3 minutos"},"schema":{"@context":"https:\/\/schema.org","@graph":[{"@type":"NewsArticle","@id":"https:\/\/www.suno.com.br\/noticias\/tom-duro-ata-do-copom-taxas-de-juros-alta-evm\/#article","isPartOf":{"@id":"https:\/\/www.suno.com.br\/noticias\/tom-duro-ata-do-copom-taxas-de-juros-alta-evm\/"},"author":{"name":"Eduardo Vargas","@id":"https:\/\/www.suno.com.br\/noticias\/#\/schema\/person\/7f4d362bf3518e76090143ae77bb49a5"},"headline":"Ap\u00f3s &#8216;tom duro&#8217; da Ata do Copom, taxas de juros operam em alta","datePublished":"2024-08-06T16:47:27+00:00","dateModified":"2024-08-06T16:47:33+00:00","mainEntityOfPage":{"@id":"https:\/\/www.suno.com.br\/noticias\/tom-duro-ata-do-copom-taxas-de-juros-alta-evm\/"},"wordCount":601,"publisher":{"@id":"https:\/\/www.suno.com.br\/noticias\/#organization"},"image":{"@id":"https:\/\/www.suno.com.br\/noticias\/tom-duro-ata-do-copom-taxas-de-juros-alta-evm\/#primaryimage"},"thumbnailUrl":"https:\/\/files.sunoresearch.com.br\/n\/uploads\/2023\/02\/banco-central.jpg","keywords":["Ag\u00eancias","Copom"],"articleSection":["Economia"],"inLanguage":"pt-BR"},{"@type":"WebPage","@id":"https:\/\/www.suno.com.br\/noticias\/tom-duro-ata-do-copom-taxas-de-juros-alta-evm\/","url":"https:\/\/www.suno.com.br\/noticias\/tom-duro-ata-do-copom-taxas-de-juros-alta-evm\/","name":"Ap\u00f3s 'tom duro' da Ata do Copom, taxas de juros operam em alta","isPartOf":{"@id":"https:\/\/www.suno.com.br\/noticias\/#website"},"primaryImageOfPage":{"@id":"https:\/\/www.suno.com.br\/noticias\/tom-duro-ata-do-copom-taxas-de-juros-alta-evm\/#primaryimage"},"image":{"@id":"https:\/\/www.suno.com.br\/noticias\/tom-duro-ata-do-copom-taxas-de-juros-alta-evm\/#primaryimage"},"thumbnailUrl":"https:\/\/files.sunoresearch.com.br\/n\/uploads\/2023\/02\/banco-central.jpg","datePublished":"2024-08-06T16:47:27+00:00","dateModified":"2024-08-06T16:47:33+00:00","description":"A Ata do Copom confirmou que o BC v\u00ea com cautela alguns fatores que podem levar \u00e0 acelera\u00e7\u00e3o da infla\u00e7\u00e3o e que juros podem ser elevados","breadcrumb":{"@id":"https:\/\/www.suno.com.br\/noticias\/tom-duro-ata-do-copom-taxas-de-juros-alta-evm\/#breadcrumb"},"inLanguage":"pt-BR","potentialAction":[{"@type":"ReadAction","target":["https:\/\/www.suno.com.br\/noticias\/tom-duro-ata-do-copom-taxas-de-juros-alta-evm\/"]}]},{"@type":"ImageObject","inLanguage":"pt-BR","@id":"https:\/\/www.suno.com.br\/noticias\/tom-duro-ata-do-copom-taxas-de-juros-alta-evm\/#primaryimage","url":"https:\/\/files.sunoresearch.com.br\/n\/uploads\/2023\/02\/banco-central.jpg","contentUrl":"https:\/\/files.sunoresearch.com.br\/n\/uploads\/2023\/02\/banco-central.jpg","width":1280,"height":853,"caption":"Banco Central: Copom e Selic. Foto: Marcello Casal Jr\/Ag\u00eancia Brasil"},{"@type":"BreadcrumbList","@id":"https:\/\/www.suno.com.br\/noticias\/tom-duro-ata-do-copom-taxas-de-juros-alta-evm\/#breadcrumb","itemListElement":[{"@type":"ListItem","position":1,"name":"Not\u00edcias","item":"https:\/\/www.suno.com.br\/noticias\/"},{"@type":"ListItem","position":2,"name":"Economia","item":"https:\/\/www.suno.com.br\/noticias\/economia\/"},{"@type":"ListItem","position":3,"name":"Ap\u00f3s &#8216;tom duro&#8217; da Ata do Copom, taxas de juros operam em alta"}]},{"@type":"WebSite","@id":"https:\/\/www.suno.com.br\/noticias\/#website","url":"https:\/\/www.suno.com.br\/noticias\/","name":"Suno Not\u00edcias","description":"Seu portal de informa\u00e7\u00e3o sobre o mundo dos investimentos","publisher":{"@id":"https:\/\/www.suno.com.br\/noticias\/#organization"},"potentialAction":[{"@type":"SearchAction","target":{"@type":"EntryPoint","urlTemplate":"https:\/\/www.suno.com.br\/noticias\/?s={search_term_string}"},"query-input":{"@type":"PropertyValueSpecification","valueRequired":true,"valueName":"search_term_string"}}],"inLanguage":"pt-BR"},{"@type":"Organization","@id":"https:\/\/www.suno.com.br\/noticias\/#organization","name":"Suno Not\u00edcias","url":"https:\/\/www.suno.com.br\/noticias\/","logo":{"@type":"ImageObject","inLanguage":"pt-BR","@id":"https:\/\/www.suno.com.br\/noticias\/#\/schema\/logo\/image\/","url":"https:\/\/files.sunoresearch.com.br\/n\/uploads\/2021\/09\/suno-logo.png","contentUrl":"https:\/\/files.sunoresearch.com.br\/n\/uploads\/2021\/09\/suno-logo.png","width":180,"height":180,"caption":"Suno Not\u00edcias"},"image":{"@id":"https:\/\/www.suno.com.br\/noticias\/#\/schema\/logo\/image\/"},"sameAs":["https:\/\/facebook.com\/sunoresearch","https:\/\/x.com\/sunoresearch","https:\/\/www.instagram.com\/suno","https:\/\/www.linkedin.com\/company\/suno-research\/","https:\/\/www.youtube.com\/c\/sunoresearch"]},{"@type":"Person","@id":"https:\/\/www.suno.com.br\/noticias\/#\/schema\/person\/7f4d362bf3518e76090143ae77bb49a5","name":"Eduardo Vargas","image":{"@type":"ImageObject","inLanguage":"pt-BR","@id":"https:\/\/www.suno.com.br\/noticias\/#\/schema\/person\/image\/","url":"https:\/\/secure.gravatar.com\/avatar\/dac340933427a22924c9f99d1eb2e3f2?s=96&r=g","contentUrl":"https:\/\/secure.gravatar.com\/avatar\/dac340933427a22924c9f99d1eb2e3f2?s=96&r=g","caption":"Eduardo Vargas"},"description":"Jornalista formado pela UFSC, cobre macroeconomia, neg\u00f3cios e startups para o Suno Not\u00edcias, escrevendo principalmente not\u00edcias sobre o mercado financeiro e a bolsa de valores. No YouTube e no Instagram, \u00e9 respons\u00e1vel pela produ\u00e7\u00e3o de Reels e Shorts do Suno Not\u00edcias. Anteriormente, trabalhou cobrindo economia e cotidiano no ND+ e para o ND, maior jornal impresso de Santa Catarina. Cursou um semestre letivo de Estudos de M\u00eddia na Universidad de Buenos Aires.","url":"https:\/\/www.suno.com.br\/noticias\/author\/eduardo-vargas\/"}]}},"default_loop_html":"<div class=\"cardsPage__listCard__boxs\"><div class=\"cardsPage__listCard__boxs__img\"><a href=\"https:\/\/www.suno.com.br\/noticias\/tom-duro-ata-do-copom-taxas-de-juros-alta-evm\/\"><img class=\"mask\" src=\"https:\/\/www.suno.com.br\/noticias\/wp-content\/themes\/suno\/resources\/images\/spotlight\/spotlight1img\/bg-mask.png\" alt=\"Image Mask\"\/><img src=\"https:\/\/files.sunoresearch.com.br\/n\/uploads\/2023\/02\/banco-central-400x200.jpg\" alt=\"Ap\u00f3s &#8216;tom duro&#8217; da Ata do Copom, taxas de juros operam em alta\"\/><\/a><span class=\"spotlightCategory\"><a href=\"https:\/\/www.suno.com.br\/noticias\/economia\/\">Economia<\/a><\/span><\/div><div class=\"cardsPage__listCard__boxs__content\"><a href=\"https:\/\/www.suno.com.br\/noticias\/tom-duro-ata-do-copom-taxas-de-juros-alta-evm\/\"><h2 class=\"content__title\">Ap\u00f3s &#8216;tom duro&#8217; da Ata do Copom, taxas de juros operam em alta<\/h2><\/a><div class=\"newsContent__article__meta\"><div class=\"newsContent__article__meta__authorBox\"><a href=\"https:\/\/www.suno.com.br\/noticias\/author\/eduardo-vargas\/\" class=\"authorBox__avatar noMobi\"><img src=\"https:\/\/secure.gravatar.com\/avatar\/dac340933427a22924c9f99d1eb2e3f2?s=96&#038;r=g\" alt=\"Eduardo Vargas\"><\/a><div class=\"authorBox__name\"><span>por\n\t\t\t<a href=\"https:\/\/www.suno.com.br\/noticias\/author\/eduardo-vargas\/\"><span itemprop=\"author\">Eduardo Vargas<\/span><\/a><\/span><time datetime=\"2024-08-06T13:47:27-03:00\" itemprop=\"datePublished\">06\/08\/2024 13:47<\/time><\/div><\/div><\/div><\/div><\/div>","single_layout":"posts","amp_enabled":true,"_links":{"self":[{"href":"https:\/\/www.suno.com.br\/noticias\/wp-json\/wp\/v2\/posts\/569314"}],"collection":[{"href":"https:\/\/www.suno.com.br\/noticias\/wp-json\/wp\/v2\/posts"}],"about":[{"href":"https:\/\/www.suno.com.br\/noticias\/wp-json\/wp\/v2\/types\/post"}],"author":[{"embeddable":true,"href":"https:\/\/www.suno.com.br\/noticias\/wp-json\/wp\/v2\/users\/73"}],"replies":[{"embeddable":true,"href":"https:\/\/www.suno.com.br\/noticias\/wp-json\/wp\/v2\/comments?post=569314"}],"version-history":[{"count":3,"href":"https:\/\/www.suno.com.br\/noticias\/wp-json\/wp\/v2\/posts\/569314\/revisions"}],"predecessor-version":[{"id":569345,"href":"https:\/\/www.suno.com.br\/noticias\/wp-json\/wp\/v2\/posts\/569314\/revisions\/569345"}],"wp:featuredmedia":[{"embeddable":true,"href":"https:\/\/www.suno.com.br\/noticias\/wp-json\/wp\/v2\/media\/356744"}],"wp:attachment":[{"href":"https:\/\/www.suno.com.br\/noticias\/wp-json\/wp\/v2\/media?parent=569314"}],"wp:term":[{"taxonomy":"category","embeddable":true,"href":"https:\/\/www.suno.com.br\/noticias\/wp-json\/wp\/v2\/categories?post=569314"},{"taxonomy":"post_tag","embeddable":true,"href":"https:\/\/www.suno.com.br\/noticias\/wp-json\/wp\/v2\/tags?post=569314"},{"taxonomy":"suno_strategy","embeddable":true,"href":"https:\/\/www.suno.com.br\/noticias\/wp-json\/wp\/v2\/suno_strategy?post=569314"}],"curies":[{"name":"wp","href":"https:\/\/api.w.org\/{rel}","templated":true}]}}