{"id":569111,"date":"2024-08-05T12:14:21","date_gmt":"2024-08-05T15:14:21","guid":{"rendered":"https:\/\/www.suno.com.br\/noticias\/?p=569111"},"modified":"2024-08-08T11:05:19","modified_gmt":"2024-08-08T14:05:19","slug":"vgir11-lgcp11-agenda-oferta-fii-evm","status":"publish","type":"post","link":"https:\/\/www.suno.com.br\/noticias\/vgir11-lgcp11-agenda-oferta-fii-evm\/","title":{"rendered":"VGIR11, LGCP11: Veja a agenda de ofertas de FIIs da semana"},"content":{"rendered":"<p>Nesta semana, as ofertas de <a class=\"suno-keyword\" target=\"_blank\" data-force=\"no\" data-priority=\"2\" href=\"https:\/\/www.suno.com.br\/fundos-imobiliarios\/\" rel=\"noopener\">fundos imobili\u00e1rios<\/a> devem ficar no radar dos investidores. Os cotistas ficar\u00e3o de olho no in\u00edcio dos per\u00edodos de prefer\u00eancia, com destaque para as ofertas do FII <strong>VGIR11<\/strong> e do FII LGCP11.<\/p>\t<div class=\"wrapper-featured-image\">\n\t\t<figure class=\"spotlightImg\">\n\n\t\t\t<picture>\n\t\t\t\t<source media=\"(max-width: 768px)\" srcset=\"https:\/\/files.sunoresearch.com.br\/n\/uploads\/2024\/08\/FIIs-40-400x200.jpg\">\n\t\t\t\t<img loading=\"lazy\" decoding=\"async\" class=\"newsContent__article__imgCapa lazyloadDisabled \" src=\"https:\/\/files.sunoresearch.com.br\/n\/uploads\/2024\/08\/FIIs-40-800x450.jpg\" width=\"800\" height=\"450\" alt=\"VGIR11, LGCP11: Veja a agenda de ofertas de FIIs da semana\" fetchpriority=high \/>\n\t\t\t<\/picture>\n\n\t\t\t<figcaption class=\"wp-caption-text wp-caption-text--show\">Fundos imobili\u00e1rios: veja os FIIs recomendados para investir em agosto de 2024. Foto: Pixabay<\/figcaption>\n\t\t<\/figure>\n\t<\/div>\n\n\n\n\n\n\t<p>\n\t\t<a href=\"\" target=\"_blank\" data-element=\"shortcode-suno-banner\" title=\"Banner SUNO, clique e saiba mais\">\n\t\t\t<picture>\n\t\t\t\t<source media=\"(max-width: 500px)\" srcset=\"\">\n\t\t\t\t<img class=\"newsContent__article__imgCapa newsContent__article__imgCapa--banner\"\n\t\t\t\t\tsrc=\"\"\n\t\t\t\t\tdata-promo-id=\"77050\"\t\t\t\t\t\t\t\t\t\t\t\t\t\t\talt=\"\"\n\t\t\t\t>\n\t\t\t<\/picture>\n\t\t<\/a>\n\t<\/p>\n\n\n\n\n\n<p>O investidor precisa ficar atento para n\u00e3o perder os prazos de prefer\u00eancia dos <strong>fundos imobili\u00e1rios<\/strong>, caso deseja participar das ofertas.<\/p>\n\n\n\n<p>Veja abaixo o cronograma das emiss\u00f5es desta semana:<\/p>\n\n\n\n<h2 class=\"wp-block-heading\">In\u00edcio do per\u00edodo de prefer\u00eancia dos FIIs<\/h2>\n\n\n\n<p>N\u00e3o h\u00e1 nenhuma <strong>oferta de fundo imobili\u00e1rio<\/strong> cujo per\u00edodo de prefer\u00eancia ter\u00e1 in\u00edcio nesta semana.<\/p>\n\n\n\n<p>O per\u00edodo prefer\u00eancia nas ofertas \u00e9 importante para os atuais cotistas que desejam adquirir mais cotas do FII durante a emiss\u00e3o.<\/p>\n\n\n\n<h2 class=\"wp-block-heading\">Per\u00edodos de prefer\u00eancia que terminam essa semana<\/h2>\n\n\n\n<h3 class=\"wp-block-heading\">VGIR11<\/h3>\n\n\n\n<p>O FII <a class=\"suno-keyword\" target=\"_blank\" data-force=\"yes\" data-priority=\"2\" href=\"https:\/\/www.suno.com.br\/fundos-imobiliarios\/vgir11\/\" rel=\"noopener\">VGIR11<\/a> \u00e9 um fundo de Pap\u00e9is, com investimentos em Fundo de Papel.<\/p>\n\n\n\n<p>Essa \u00e9 a 8\u00aa emiss\u00e3o de cotas do fundo imobili\u00e1rio VGIR11, que est\u00e1 ofertando 51.975.052 novas cotas.<\/p>\n\n\n\n<p>A oferta p\u00fablica quer captar R$ 500.000.000,24.A data de prefer\u00eancia ficou definida de 24\/07\/2024 a 05\/08\/2024.<br>A propor\u00e7\u00e3o do per\u00edodo de prefer\u00eancia soma 36,31.<br>A taxa de emiss\u00e3o ficou em 2,39% e o coordenador-l\u00edder \u00e9 XP Investimentos.<\/p>\n\n\n\t<p>\n\t\t<a href=\"https:\/\/lp.suno.com.br\/planilha-controle-gastos\/\" target=\"_blank\" data-element=\"shortcode-suno-banner\" title=\"Banner SUNO, clique e saiba mais\">\n\t\t\t<picture>\n\t\t\t\t<source media=\"(max-width: 500px)\" srcset=\"https:\/\/files.sunoresearch.com.br\/n\/uploads\/2023\/03\/400x300-Planilha-controle-de-gastos.png\">\n\t\t\t\t<img class=\"newsContent__article__imgCapa newsContent__article__imgCapa--banner\"\n\t\t\t\t\tsrc=\"https:\/\/files.sunoresearch.com.br\/n\/uploads\/2023\/03\/1420x240-Planilha-controle-de-gastos.png\"\n\t\t\t\t\tdata-promo-id=\"101751\"\t\t\t\t\t\t\t\t\t\twidth='1420' height='240'\t\t\t\t\talt=\"https:\/\/files.sunoresearch.com.br\/n\/uploads\/2023\/03\/1420x240-Planilha-controle-de-gastos.png\"\n\t\t\t\t>\n\t\t\t<\/picture>\n\t\t<\/a>\n\t<\/p>\n\n\n\n\n\n<h2 class=\"wp-block-heading\">Per\u00edodos de sobra de ofertas de FII que come\u00e7am essa semana<\/h2>\n\n\n\n<p>Nesta semana n\u00e3o est\u00e1 previsto o in\u00edcio do per\u00edodo de sobras de nenhuma oferta de fundo imobili\u00e1rio.<\/p>\n\n\n\n<h2 class=\"wp-block-heading\">Fim do per\u00edodo de sobra de ofertas de fundos imobili\u00e1rios<\/h2>\n\n\n\n<h3 class=\"wp-block-heading\">LGCP11<\/h3>\n\n\n\n<p>O FII LGCP11 \u00e9 um fundo de Im\u00f3veis Industriais e Log\u00edsticos, com investimentos em Fundo de Tijolo.<\/p>\n\n\n\n<p>Essa \u00e9 a 4\u00aa emiss\u00e3o de cotas do fundo imobili\u00e1rio LGCP11, que est\u00e1 ofertando 1.497.007 novas cotas.<\/p>\n\n\n\n<p>A <a class=\"suno-keyword\" target=\"_blank\" data-force=\"no\" data-priority=\"1\" href=\"https:\/\/www.suno.com.br\/artigos\/oferta-restrita\/\" rel=\"noopener\">oferta restrita<\/a> quer captar R$ 125.000.084,50.A data de prefer\u00eancia ficou definida de 01\/08\/2024 a 06\/08\/2024.<br>A propor\u00e7\u00e3o do per\u00edodo de prefer\u00eancia soma 33,93.<br>A taxa de emiss\u00e3o ficou em 3,10% e o coordenador-l\u00edder \u00e9 Inter DTVM.<\/p>\n\n\n\n<h2 class=\"wp-block-heading\">In\u00edcio do per\u00edodo de subscri\u00e7\u00e3o<\/h2>\n\n\n\n<h3 class=\"wp-block-heading\">EXES11<\/h3>\n\n\n\n<p>O FII EXES11 \u00e9 um fundo receb\u00edveis imobili\u00e1rios. Essa \u00e9 a 4\u00aa emiss\u00e3o de cotas do fundo EXES11, com o objetivo de captar R$ 200 milh\u00f5es.\u00a0<\/p>\n\n\n\n<p>Encerrada a primeira fase da oferta de cotas do EXES11 na \u00faltima sexta-feira (2), referente ao per\u00edodo de direito \u00e0 prefer\u00eancia, o EXES11 avan\u00e7a para seu per\u00edodo de subscri\u00e7\u00e3o, que come\u00e7ou nesta segunda-feira (6) e vai at\u00e9 o dia 16 de agosto.&nbsp;<\/p>\n\n\n\n<p>O valor unit\u00e1rio da cota foi fixado em R$9,59, com um investimento m\u00ednimo de R$95,90, correspondente a 10 cotas. <\/p>\n\n\n\n<h2 class=\"wp-block-heading\">Fim do per\u00edodo de ofertas p\u00fablica de FIIs<\/h2>\n\n\n\n<p>N\u00e3o est\u00e3o previstos encerramentos de <strong>ofertas p\u00fablicas de FIIs<\/strong> nesta semana.<\/p>\n\n\n\n<h2 class=\"wp-block-heading\">Emiss\u00f5es de FIIs<\/h2>\n\n\n\n<p>Em geral, os <strong>FIIs<\/strong> emitem novas cotas para aumentar seu capital, ou ent\u00e3o quando est\u00e3o sendo estruturados.<\/p>\n\n\n\n<p>Neste processo, o fundo emite novas cota e as vende no mercado. O dinheiro arrecadado na oferta permite que o FII invista em novos ativos ou reforme aqueles que j\u00e1 est\u00e3o em sua carteira.<\/p>\n\n\n\n<p>Esta mat\u00e9ria n\u00e3o \u00e9 uma recomenda\u00e7\u00e3o de investimento em Fundos imobili\u00e1rios. Lembre-se de que, antes de investir em <a class=\"suno-keyword\" target=\"_blank\" data-force=\"no\" data-priority=\"2\" href=\"https:\/\/www.suno.com.br\/artigos\/renda-variavel-7-dicas\/\" rel=\"noopener\">renda vari\u00e1vel<\/a>, \u00e9 fundamental quitar suas d\u00edvidas e fazer uma reserva de emerg\u00eancia.<\/p>\n\n\n\t<p>\n\t\t<a href=\"https:\/\/lp.suno.com.br\/ebook-como-analisar-uma-acao\/\" target=\"_blank\" data-element=\"shortcode-suno-banner\" title=\"Banner SUNO, clique e saiba mais\">\n\t\t\t<picture>\n\t\t\t\t<source media=\"(max-width: 500px)\" srcset=\"https:\/\/files.sunoresearch.com.br\/n\/uploads\/2023\/03\/Ebook-Acoes-Mobile-1.jpg\">\n\t\t\t\t<img class=\"newsContent__article__imgCapa newsContent__article__imgCapa--banner\"\n\t\t\t\t\tsrc=\"https:\/\/files.sunoresearch.com.br\/n\/uploads\/2023\/03\/Ebook-Acoes-Desktop-1.jpg\"\n\t\t\t\t\tdata-promo-id=\"171998\"\t\t\t\t\t\t\t\t\t\twidth='1420' height='286'\t\t\t\t\talt=\"https:\/\/files.sunoresearch.com.br\/n\/uploads\/2023\/03\/Ebook-Acoes-Desktop-1.jpg\"\n\t\t\t\t>\n\t\t\t<\/picture>\n\t\t<\/a>\n\t<\/p>\n\n\n","protected":false},"excerpt":{"rendered":"<p>Nesta semana, as ofertas de fundos imobili\u00e1rios devem ficar no radar dos investidores. Os cotistas ficar\u00e3o de olho no in\u00edcio dos per\u00edodos de prefer\u00eancia, com destaque para as ofertas do FII VGIR11 e do FII LGCP11. Fundos imobili\u00e1rios: veja os FIIs recomendados para investir em agosto de 2024. Foto: Pixabay O investidor precisa ficar atento [&hellip;]<\/p>\n","protected":false},"author":73,"featured_media":568840,"comment_status":"closed","ping_status":"closed","sticky":false,"template":"","format":"standard","meta":[],"categories":[66],"tags":[315],"suno_strategy":[],"class_list":["post-569111","post","type-post","status-publish","format-standard","has-post-thumbnail","hentry","category-fiis","tag-fundos-imobiliarios-fiis"],"yoast_head":"<!-- This site is optimized with the Yoast SEO plugin v24.4 - https:\/\/yoast.com\/wordpress\/plugins\/seo\/ -->\n<title>VGIR11, LGCP11: Veja a agenda de ofertas de FIIs da semana<\/title>\n<meta name=\"description\" content=\"Nesta semana, as ofertas de fundos imobili\u00e1rios devem ficar no radar dos investidores; cotistas ficar\u00e3o de olho no in\u00edcio dos per\u00edodos de prefer\u00eancia, com destaque para as ofertas do FII VGIR11 e do FII LGCP11\" \/>\n<meta name=\"robots\" content=\"index, follow, max-snippet:-1, max-image-preview:large, max-video-preview:-1\" \/>\n<link rel=\"canonical\" href=\"https:\/\/www.suno.com.br\/noticias\/vgir11-lgcp11-agenda-oferta-fii-evm\/\" \/>\n<meta property=\"og:locale\" content=\"pt_BR\" \/>\n<meta property=\"og:type\" content=\"article\" \/>\n<meta property=\"og:title\" content=\"VGIR11, LGCP11: Veja a agenda de ofertas de FIIs da semana\" \/>\n<meta property=\"og:description\" content=\"Nesta semana, as ofertas de fundos imobili\u00e1rios devem ficar no radar dos investidores; cotistas ficar\u00e3o de olho no in\u00edcio dos per\u00edodos de prefer\u00eancia, com destaque para as ofertas do FII VGIR11 e do FII LGCP11\" \/>\n<meta property=\"og:url\" content=\"https:\/\/www.suno.com.br\/noticias\/vgir11-lgcp11-agenda-oferta-fii-evm\/\" \/>\n<meta property=\"og:site_name\" content=\"Suno Not\u00edcias\" \/>\n<meta property=\"article:publisher\" content=\"https:\/\/facebook.com\/sunoresearch\" \/>\n<meta property=\"og:image\" content=\"https:\/\/files.sunoresearch.com.br\/n\/uploads\/2024\/08\/FIIs-40.jpg\" \/>\n\t<meta property=\"og:image:width\" content=\"1280\" \/>\n\t<meta property=\"og:image:height\" content=\"960\" \/>\n\t<meta property=\"og:image:type\" content=\"image\/jpeg\" \/>\n<meta name=\"author\" content=\"Eduardo Vargas\" \/>\n<meta name=\"twitter:card\" content=\"summary_large_image\" \/>\n<meta name=\"twitter:creator\" content=\"@sunoresearch\" \/>\n<meta name=\"twitter:site\" content=\"@sunoresearch\" \/>\n<meta name=\"twitter:label1\" content=\"Escrito por\" \/>\n\t<meta name=\"twitter:data1\" content=\"Eduardo Vargas\" \/>\n\t<meta name=\"twitter:label2\" content=\"Est. tempo de leitura\" \/>\n\t<meta name=\"twitter:data2\" content=\"3 minutos\" \/>\n<script type=\"application\/ld+json\" class=\"yoast-schema-graph\">{\"@context\":\"https:\/\/schema.org\",\"@graph\":[{\"@type\":\"NewsArticle\",\"@id\":\"https:\/\/www.suno.com.br\/noticias\/vgir11-lgcp11-agenda-oferta-fii-evm\/#article\",\"isPartOf\":{\"@id\":\"https:\/\/www.suno.com.br\/noticias\/vgir11-lgcp11-agenda-oferta-fii-evm\/\"},\"author\":{\"name\":\"Eduardo Vargas\",\"@id\":\"https:\/\/www.suno.com.br\/noticias\/#\/schema\/person\/7f4d362bf3518e76090143ae77bb49a5\"},\"headline\":\"VGIR11, LGCP11: Veja a agenda de ofertas de FIIs da semana\",\"datePublished\":\"2024-08-05T15:14:21+00:00\",\"dateModified\":\"2024-08-08T14:05:19+00:00\",\"mainEntityOfPage\":{\"@id\":\"https:\/\/www.suno.com.br\/noticias\/vgir11-lgcp11-agenda-oferta-fii-evm\/\"},\"wordCount\":562,\"publisher\":{\"@id\":\"https:\/\/www.suno.com.br\/noticias\/#organization\"},\"image\":{\"@id\":\"https:\/\/www.suno.com.br\/noticias\/vgir11-lgcp11-agenda-oferta-fii-evm\/#primaryimage\"},\"thumbnailUrl\":\"https:\/\/files.sunoresearch.com.br\/n\/uploads\/2024\/08\/FIIs-40.jpg\",\"keywords\":[\"Fundos Imobili\u00e1rios (FIIs)\"],\"articleSection\":[\"FIIs\"],\"inLanguage\":\"pt-BR\"},{\"@type\":\"WebPage\",\"@id\":\"https:\/\/www.suno.com.br\/noticias\/vgir11-lgcp11-agenda-oferta-fii-evm\/\",\"url\":\"https:\/\/www.suno.com.br\/noticias\/vgir11-lgcp11-agenda-oferta-fii-evm\/\",\"name\":\"VGIR11, LGCP11: Veja a agenda de ofertas de FIIs da semana\",\"isPartOf\":{\"@id\":\"https:\/\/www.suno.com.br\/noticias\/#website\"},\"primaryImageOfPage\":{\"@id\":\"https:\/\/www.suno.com.br\/noticias\/vgir11-lgcp11-agenda-oferta-fii-evm\/#primaryimage\"},\"image\":{\"@id\":\"https:\/\/www.suno.com.br\/noticias\/vgir11-lgcp11-agenda-oferta-fii-evm\/#primaryimage\"},\"thumbnailUrl\":\"https:\/\/files.sunoresearch.com.br\/n\/uploads\/2024\/08\/FIIs-40.jpg\",\"datePublished\":\"2024-08-05T15:14:21+00:00\",\"dateModified\":\"2024-08-08T14:05:19+00:00\",\"description\":\"Nesta semana, as ofertas de fundos imobili\u00e1rios devem ficar no radar dos investidores; cotistas ficar\u00e3o de olho no in\u00edcio dos per\u00edodos de prefer\u00eancia, com destaque para as ofertas do FII VGIR11 e do FII LGCP11\",\"breadcrumb\":{\"@id\":\"https:\/\/www.suno.com.br\/noticias\/vgir11-lgcp11-agenda-oferta-fii-evm\/#breadcrumb\"},\"inLanguage\":\"pt-BR\",\"potentialAction\":[{\"@type\":\"ReadAction\",\"target\":[\"https:\/\/www.suno.com.br\/noticias\/vgir11-lgcp11-agenda-oferta-fii-evm\/\"]}]},{\"@type\":\"ImageObject\",\"inLanguage\":\"pt-BR\",\"@id\":\"https:\/\/www.suno.com.br\/noticias\/vgir11-lgcp11-agenda-oferta-fii-evm\/#primaryimage\",\"url\":\"https:\/\/files.sunoresearch.com.br\/n\/uploads\/2024\/08\/FIIs-40.jpg\",\"contentUrl\":\"https:\/\/files.sunoresearch.com.br\/n\/uploads\/2024\/08\/FIIs-40.jpg\",\"width\":1280,\"height\":960,\"caption\":\"Fundos imobili\u00e1rios: veja os FIIs recomendados para investir em agosto de 2024. Foto: Pixabay\"},{\"@type\":\"BreadcrumbList\",\"@id\":\"https:\/\/www.suno.com.br\/noticias\/vgir11-lgcp11-agenda-oferta-fii-evm\/#breadcrumb\",\"itemListElement\":[{\"@type\":\"ListItem\",\"position\":1,\"name\":\"Not\u00edcias\",\"item\":\"https:\/\/www.suno.com.br\/noticias\/\"},{\"@type\":\"ListItem\",\"position\":2,\"name\":\"FIIs\",\"item\":\"https:\/\/www.suno.com.br\/noticias\/fiis\/\"},{\"@type\":\"ListItem\",\"position\":3,\"name\":\"VGIR11, LGCP11: Veja a agenda de ofertas de FIIs da semana\"}]},{\"@type\":\"WebSite\",\"@id\":\"https:\/\/www.suno.com.br\/noticias\/#website\",\"url\":\"https:\/\/www.suno.com.br\/noticias\/\",\"name\":\"Suno Not\u00edcias\",\"description\":\"Seu portal de informa\u00e7\u00e3o sobre o mundo dos investimentos\",\"publisher\":{\"@id\":\"https:\/\/www.suno.com.br\/noticias\/#organization\"},\"potentialAction\":[{\"@type\":\"SearchAction\",\"target\":{\"@type\":\"EntryPoint\",\"urlTemplate\":\"https:\/\/www.suno.com.br\/noticias\/?s={search_term_string}\"},\"query-input\":{\"@type\":\"PropertyValueSpecification\",\"valueRequired\":true,\"valueName\":\"search_term_string\"}}],\"inLanguage\":\"pt-BR\"},{\"@type\":\"Organization\",\"@id\":\"https:\/\/www.suno.com.br\/noticias\/#organization\",\"name\":\"Suno Not\u00edcias\",\"url\":\"https:\/\/www.suno.com.br\/noticias\/\",\"logo\":{\"@type\":\"ImageObject\",\"inLanguage\":\"pt-BR\",\"@id\":\"https:\/\/www.suno.com.br\/noticias\/#\/schema\/logo\/image\/\",\"url\":\"https:\/\/files.sunoresearch.com.br\/n\/uploads\/2021\/09\/suno-logo.png\",\"contentUrl\":\"https:\/\/files.sunoresearch.com.br\/n\/uploads\/2021\/09\/suno-logo.png\",\"width\":180,\"height\":180,\"caption\":\"Suno Not\u00edcias\"},\"image\":{\"@id\":\"https:\/\/www.suno.com.br\/noticias\/#\/schema\/logo\/image\/\"},\"sameAs\":[\"https:\/\/facebook.com\/sunoresearch\",\"https:\/\/x.com\/sunoresearch\",\"https:\/\/www.instagram.com\/suno\",\"https:\/\/www.linkedin.com\/company\/suno-research\/\",\"https:\/\/www.youtube.com\/c\/sunoresearch\"]},{\"@type\":\"Person\",\"@id\":\"https:\/\/www.suno.com.br\/noticias\/#\/schema\/person\/7f4d362bf3518e76090143ae77bb49a5\",\"name\":\"Eduardo Vargas\",\"image\":{\"@type\":\"ImageObject\",\"inLanguage\":\"pt-BR\",\"@id\":\"https:\/\/www.suno.com.br\/noticias\/#\/schema\/person\/image\/\",\"url\":\"https:\/\/secure.gravatar.com\/avatar\/dac340933427a22924c9f99d1eb2e3f2?s=96&r=g\",\"contentUrl\":\"https:\/\/secure.gravatar.com\/avatar\/dac340933427a22924c9f99d1eb2e3f2?s=96&r=g\",\"caption\":\"Eduardo Vargas\"},\"description\":\"Jornalista formado pela UFSC, cobre macroeconomia, neg\u00f3cios e startups para o Suno Not\u00edcias, escrevendo principalmente not\u00edcias sobre o mercado financeiro e a bolsa de valores. No YouTube e no Instagram, \u00e9 respons\u00e1vel pela produ\u00e7\u00e3o de Reels e Shorts do Suno Not\u00edcias. Anteriormente, trabalhou cobrindo economia e cotidiano no ND+ e para o ND, maior jornal impresso de Santa Catarina. Cursou um semestre letivo de Estudos de M\u00eddia na Universidad de Buenos Aires.\",\"url\":\"https:\/\/www.suno.com.br\/noticias\/author\/eduardo-vargas\/\"}]}<\/script>\n<!-- \/ Yoast SEO plugin. -->","yoast_head_json":{"title":"VGIR11, LGCP11: Veja a agenda de ofertas de FIIs da semana","description":"Nesta semana, as ofertas de fundos imobili\u00e1rios devem ficar no radar dos investidores; cotistas ficar\u00e3o de olho no in\u00edcio dos per\u00edodos de prefer\u00eancia, com destaque para as ofertas do FII VGIR11 e do FII LGCP11","robots":{"index":"index","follow":"follow","max-snippet":"max-snippet:-1","max-image-preview":"max-image-preview:large","max-video-preview":"max-video-preview:-1"},"canonical":"https:\/\/www.suno.com.br\/noticias\/vgir11-lgcp11-agenda-oferta-fii-evm\/","og_locale":"pt_BR","og_type":"article","og_title":"VGIR11, LGCP11: Veja a agenda de ofertas de FIIs da semana","og_description":"Nesta semana, as ofertas de fundos imobili\u00e1rios devem ficar no radar dos investidores; cotistas ficar\u00e3o de olho no in\u00edcio dos per\u00edodos de prefer\u00eancia, com destaque para as ofertas do FII VGIR11 e do FII LGCP11","og_url":"https:\/\/www.suno.com.br\/noticias\/vgir11-lgcp11-agenda-oferta-fii-evm\/","og_site_name":"Suno Not\u00edcias","article_publisher":"https:\/\/facebook.com\/sunoresearch","og_image":[{"width":1280,"height":960,"url":"https:\/\/files.sunoresearch.com.br\/n\/uploads\/2024\/08\/FIIs-40.jpg","type":"image\/jpeg"}],"author":"Eduardo Vargas","twitter_card":"summary_large_image","twitter_creator":"@sunoresearch","twitter_site":"@sunoresearch","twitter_misc":{"Escrito por":"Eduardo Vargas","Est. tempo de leitura":"3 minutos"},"schema":{"@context":"https:\/\/schema.org","@graph":[{"@type":"NewsArticle","@id":"https:\/\/www.suno.com.br\/noticias\/vgir11-lgcp11-agenda-oferta-fii-evm\/#article","isPartOf":{"@id":"https:\/\/www.suno.com.br\/noticias\/vgir11-lgcp11-agenda-oferta-fii-evm\/"},"author":{"name":"Eduardo Vargas","@id":"https:\/\/www.suno.com.br\/noticias\/#\/schema\/person\/7f4d362bf3518e76090143ae77bb49a5"},"headline":"VGIR11, LGCP11: Veja a agenda de ofertas de FIIs da semana","datePublished":"2024-08-05T15:14:21+00:00","dateModified":"2024-08-08T14:05:19+00:00","mainEntityOfPage":{"@id":"https:\/\/www.suno.com.br\/noticias\/vgir11-lgcp11-agenda-oferta-fii-evm\/"},"wordCount":562,"publisher":{"@id":"https:\/\/www.suno.com.br\/noticias\/#organization"},"image":{"@id":"https:\/\/www.suno.com.br\/noticias\/vgir11-lgcp11-agenda-oferta-fii-evm\/#primaryimage"},"thumbnailUrl":"https:\/\/files.sunoresearch.com.br\/n\/uploads\/2024\/08\/FIIs-40.jpg","keywords":["Fundos Imobili\u00e1rios (FIIs)"],"articleSection":["FIIs"],"inLanguage":"pt-BR"},{"@type":"WebPage","@id":"https:\/\/www.suno.com.br\/noticias\/vgir11-lgcp11-agenda-oferta-fii-evm\/","url":"https:\/\/www.suno.com.br\/noticias\/vgir11-lgcp11-agenda-oferta-fii-evm\/","name":"VGIR11, LGCP11: Veja a agenda de ofertas de FIIs da semana","isPartOf":{"@id":"https:\/\/www.suno.com.br\/noticias\/#website"},"primaryImageOfPage":{"@id":"https:\/\/www.suno.com.br\/noticias\/vgir11-lgcp11-agenda-oferta-fii-evm\/#primaryimage"},"image":{"@id":"https:\/\/www.suno.com.br\/noticias\/vgir11-lgcp11-agenda-oferta-fii-evm\/#primaryimage"},"thumbnailUrl":"https:\/\/files.sunoresearch.com.br\/n\/uploads\/2024\/08\/FIIs-40.jpg","datePublished":"2024-08-05T15:14:21+00:00","dateModified":"2024-08-08T14:05:19+00:00","description":"Nesta semana, as ofertas de fundos imobili\u00e1rios devem ficar no radar dos investidores; cotistas ficar\u00e3o de olho no in\u00edcio dos per\u00edodos de prefer\u00eancia, com destaque para as ofertas do FII VGIR11 e do FII LGCP11","breadcrumb":{"@id":"https:\/\/www.suno.com.br\/noticias\/vgir11-lgcp11-agenda-oferta-fii-evm\/#breadcrumb"},"inLanguage":"pt-BR","potentialAction":[{"@type":"ReadAction","target":["https:\/\/www.suno.com.br\/noticias\/vgir11-lgcp11-agenda-oferta-fii-evm\/"]}]},{"@type":"ImageObject","inLanguage":"pt-BR","@id":"https:\/\/www.suno.com.br\/noticias\/vgir11-lgcp11-agenda-oferta-fii-evm\/#primaryimage","url":"https:\/\/files.sunoresearch.com.br\/n\/uploads\/2024\/08\/FIIs-40.jpg","contentUrl":"https:\/\/files.sunoresearch.com.br\/n\/uploads\/2024\/08\/FIIs-40.jpg","width":1280,"height":960,"caption":"Fundos imobili\u00e1rios: veja os FIIs recomendados para investir em agosto de 2024. Foto: Pixabay"},{"@type":"BreadcrumbList","@id":"https:\/\/www.suno.com.br\/noticias\/vgir11-lgcp11-agenda-oferta-fii-evm\/#breadcrumb","itemListElement":[{"@type":"ListItem","position":1,"name":"Not\u00edcias","item":"https:\/\/www.suno.com.br\/noticias\/"},{"@type":"ListItem","position":2,"name":"FIIs","item":"https:\/\/www.suno.com.br\/noticias\/fiis\/"},{"@type":"ListItem","position":3,"name":"VGIR11, LGCP11: Veja a agenda de ofertas de FIIs da semana"}]},{"@type":"WebSite","@id":"https:\/\/www.suno.com.br\/noticias\/#website","url":"https:\/\/www.suno.com.br\/noticias\/","name":"Suno Not\u00edcias","description":"Seu portal de informa\u00e7\u00e3o sobre o mundo dos investimentos","publisher":{"@id":"https:\/\/www.suno.com.br\/noticias\/#organization"},"potentialAction":[{"@type":"SearchAction","target":{"@type":"EntryPoint","urlTemplate":"https:\/\/www.suno.com.br\/noticias\/?s={search_term_string}"},"query-input":{"@type":"PropertyValueSpecification","valueRequired":true,"valueName":"search_term_string"}}],"inLanguage":"pt-BR"},{"@type":"Organization","@id":"https:\/\/www.suno.com.br\/noticias\/#organization","name":"Suno Not\u00edcias","url":"https:\/\/www.suno.com.br\/noticias\/","logo":{"@type":"ImageObject","inLanguage":"pt-BR","@id":"https:\/\/www.suno.com.br\/noticias\/#\/schema\/logo\/image\/","url":"https:\/\/files.sunoresearch.com.br\/n\/uploads\/2021\/09\/suno-logo.png","contentUrl":"https:\/\/files.sunoresearch.com.br\/n\/uploads\/2021\/09\/suno-logo.png","width":180,"height":180,"caption":"Suno Not\u00edcias"},"image":{"@id":"https:\/\/www.suno.com.br\/noticias\/#\/schema\/logo\/image\/"},"sameAs":["https:\/\/facebook.com\/sunoresearch","https:\/\/x.com\/sunoresearch","https:\/\/www.instagram.com\/suno","https:\/\/www.linkedin.com\/company\/suno-research\/","https:\/\/www.youtube.com\/c\/sunoresearch"]},{"@type":"Person","@id":"https:\/\/www.suno.com.br\/noticias\/#\/schema\/person\/7f4d362bf3518e76090143ae77bb49a5","name":"Eduardo Vargas","image":{"@type":"ImageObject","inLanguage":"pt-BR","@id":"https:\/\/www.suno.com.br\/noticias\/#\/schema\/person\/image\/","url":"https:\/\/secure.gravatar.com\/avatar\/dac340933427a22924c9f99d1eb2e3f2?s=96&r=g","contentUrl":"https:\/\/secure.gravatar.com\/avatar\/dac340933427a22924c9f99d1eb2e3f2?s=96&r=g","caption":"Eduardo Vargas"},"description":"Jornalista formado pela UFSC, cobre macroeconomia, neg\u00f3cios e startups para o Suno Not\u00edcias, escrevendo principalmente not\u00edcias sobre o mercado financeiro e a bolsa de valores. No YouTube e no Instagram, \u00e9 respons\u00e1vel pela produ\u00e7\u00e3o de Reels e Shorts do Suno Not\u00edcias. Anteriormente, trabalhou cobrindo economia e cotidiano no ND+ e para o ND, maior jornal impresso de Santa Catarina. Cursou um semestre letivo de Estudos de M\u00eddia na Universidad de Buenos Aires.","url":"https:\/\/www.suno.com.br\/noticias\/author\/eduardo-vargas\/"}]}},"default_loop_html":"<div class=\"cardsPage__listCard__boxs\"><div class=\"cardsPage__listCard__boxs__img\"><a href=\"https:\/\/www.suno.com.br\/noticias\/vgir11-lgcp11-agenda-oferta-fii-evm\/\"><img class=\"mask\" src=\"https:\/\/www.suno.com.br\/noticias\/wp-content\/themes\/suno\/resources\/images\/spotlight\/spotlight1img\/bg-mask.png\" alt=\"Image Mask\"\/><img src=\"https:\/\/files.sunoresearch.com.br\/n\/uploads\/2024\/08\/FIIs-40-400x200.jpg\" alt=\"VGIR11, LGCP11: Veja a agenda de ofertas de FIIs da semana\"\/><\/a><span class=\"spotlightCategory\"><a href=\"https:\/\/www.suno.com.br\/noticias\/fiis\/\">FIIs<\/a><\/span><\/div><div class=\"cardsPage__listCard__boxs__content\"><a href=\"https:\/\/www.suno.com.br\/noticias\/vgir11-lgcp11-agenda-oferta-fii-evm\/\"><h2 class=\"content__title\">VGIR11, LGCP11: Veja a agenda de ofertas de FIIs da semana<\/h2><\/a><div class=\"newsContent__article__meta\"><div class=\"newsContent__article__meta__authorBox\"><a href=\"https:\/\/www.suno.com.br\/noticias\/author\/eduardo-vargas\/\" class=\"authorBox__avatar noMobi\"><img src=\"https:\/\/secure.gravatar.com\/avatar\/dac340933427a22924c9f99d1eb2e3f2?s=96&#038;r=g\" alt=\"Eduardo Vargas\"><\/a><div class=\"authorBox__name\"><span>por\n\t\t\t<a href=\"https:\/\/www.suno.com.br\/noticias\/author\/eduardo-vargas\/\"><span itemprop=\"author\">Eduardo Vargas<\/span><\/a><\/span><time datetime=\"2024-08-05T12:14:21-03:00\" itemprop=\"datePublished\">05\/08\/2024 12:14<\/time><\/div><\/div><\/div><\/div><\/div>","single_layout":"posts","amp_enabled":true,"_links":{"self":[{"href":"https:\/\/www.suno.com.br\/noticias\/wp-json\/wp\/v2\/posts\/569111"}],"collection":[{"href":"https:\/\/www.suno.com.br\/noticias\/wp-json\/wp\/v2\/posts"}],"about":[{"href":"https:\/\/www.suno.com.br\/noticias\/wp-json\/wp\/v2\/types\/post"}],"author":[{"embeddable":true,"href":"https:\/\/www.suno.com.br\/noticias\/wp-json\/wp\/v2\/users\/73"}],"replies":[{"embeddable":true,"href":"https:\/\/www.suno.com.br\/noticias\/wp-json\/wp\/v2\/comments?post=569111"}],"version-history":[{"count":2,"href":"https:\/\/www.suno.com.br\/noticias\/wp-json\/wp\/v2\/posts\/569111\/revisions"}],"predecessor-version":[{"id":569727,"href":"https:\/\/www.suno.com.br\/noticias\/wp-json\/wp\/v2\/posts\/569111\/revisions\/569727"}],"wp:featuredmedia":[{"embeddable":true,"href":"https:\/\/www.suno.com.br\/noticias\/wp-json\/wp\/v2\/media\/568840"}],"wp:attachment":[{"href":"https:\/\/www.suno.com.br\/noticias\/wp-json\/wp\/v2\/media?parent=569111"}],"wp:term":[{"taxonomy":"category","embeddable":true,"href":"https:\/\/www.suno.com.br\/noticias\/wp-json\/wp\/v2\/categories?post=569111"},{"taxonomy":"post_tag","embeddable":true,"href":"https:\/\/www.suno.com.br\/noticias\/wp-json\/wp\/v2\/tags?post=569111"},{"taxonomy":"suno_strategy","embeddable":true,"href":"https:\/\/www.suno.com.br\/noticias\/wp-json\/wp\/v2\/suno_strategy?post=569111"}],"curies":[{"name":"wp","href":"https:\/\/api.w.org\/{rel}","templated":true}]}}