{"id":569054,"date":"2024-08-02T16:19:27","date_gmt":"2024-08-02T19:19:27","guid":{"rendered":"https:\/\/www.suno.com.br\/noticias\/?p=569054"},"modified":"2024-08-02T16:19:30","modified_gmt":"2024-08-02T19:19:30","slug":"weg-wege3-btg-eleva-alvo-neutra-gss","status":"publish","type":"post","link":"https:\/\/www.suno.com.br\/noticias\/weg-wege3-btg-eleva-alvo-neutra-gss\/","title":{"rendered":"BTG Pactual eleva pre\u00e7o-alvo para Weg (WEGE3), mas mant\u00e9m recomenda\u00e7\u00e3o &#8216;neutra&#8217;"},"content":{"rendered":"<p>A <strong>Weg<\/strong> (<a class=\"suno-keyword\" data-force=\"yes\" data-priority=\"2\" href=\"https:\/\/www.suno.com.br\/analitica\/acoes\/wege3\/\" target=\"_blank\" rel=\"noopener\">WEGE3<\/a>) reportou um <a class=\"suno-keyword\" data-force=\"no\" data-priority=\"1\" href=\"https:\/\/www.suno.com.br\/artigos\/lucro-liquido\/\" target=\"_blank\" rel=\"noopener\">lucro l\u00edquido<\/a> de R$ 1,44 bilh\u00e3o no segundo trimestre de 2024, alta de 5,40% na base anual. Ap\u00f3s o balan\u00e7o, o BTG Pactual elevou o pre\u00e7o-alvo para as a\u00e7\u00f5es de R$ 50 para R$ 60, mas manteve recomenda\u00e7\u00e3o &#8220;neutra&#8221;. <\/p>\t<div class=\"wrapper-featured-image\">\n\t\t<figure class=\"spotlightImg\">\n\n\t\t\t<picture>\n\t\t\t\t<source media=\"(max-width: 768px)\" srcset=\"https:\/\/files.sunoresearch.com.br\/n\/uploads\/2022\/07\/weg-400x200.jpg\">\n\t\t\t\t<img loading=\"lazy\" decoding=\"async\" class=\"newsContent__article__imgCapa lazyloadDisabled \" src=\"https:\/\/files.sunoresearch.com.br\/n\/uploads\/2022\/07\/weg-800x450.jpg\" width=\"800\" height=\"450\" alt=\"BTG Pactual eleva pre\u00e7o-alvo para Weg (WEGE3), mas mant\u00e9m recomenda\u00e7\u00e3o &#8216;neutra&#8217;\" fetchpriority=high \/>\n\t\t\t<\/picture>\n\n\t\t\t<figcaption class=\"wp-caption-text wp-caption-text--show\">Weg (WEGE3). Foto: Divulga\u00e7\u00e3o<\/figcaption>\n\t\t<\/figure>\n\t<\/div>\n\n\n\n\n\n\n\n\t<p>\n\t\t<a href=\"https:\/\/lp.suno.com.br\/planilha-da-vida-financeira\/\" target=\"_blank\" data-element=\"shortcode-suno-banner\" title=\"Banner SUNO, clique e saiba mais\">\n\t\t\t<picture>\n\t\t\t\t<source media=\"(max-width: 500px)\" srcset=\"https:\/\/files.sunoresearch.com.br\/n\/uploads\/2023\/04\/400x300-Planilha-vida-financeira-true.png\">\n\t\t\t\t<img class=\"newsContent__article__imgCapa newsContent__article__imgCapa--banner\"\n\t\t\t\t\tsrc=\"https:\/\/files.sunoresearch.com.br\/n\/uploads\/2023\/04\/1420x240-Planilha-vida-financeira-true.png\"\n\t\t\t\t\tdata-promo-id=\"106682\"\t\t\t\t\t\t\t\t\t\twidth='1420' height='240'\t\t\t\t\talt=\"https:\/\/files.sunoresearch.com.br\/n\/uploads\/2023\/04\/1420x240-Planilha-vida-financeira-true.png\"\n\t\t\t\t>\n\t\t\t<\/picture>\n\t\t<\/a>\n\t<\/p>\n\n\n\n\n\n<p>Os analistas afirmam que a empresa continua a surpreender positivamente com o seu s\u00f3lido momento de lucros, que foram impulsionados pelo desempenho do mercado nos Estados Unidos e pelo segmento de transmiss\u00e3o e distribui\u00e7\u00e3o no Brasil.<\/p>\n\n\n\n<p>&#8220;N\u00e3o consideramos um bom ponto de entrada, mas a atitude defensiva da Weg durante per\u00edodos de turbul\u00eancia de mercado (como estamos atualmente testemunhando no Brasil) a faz negociar com um pr\u00eamio de escassez&#8221;, afirma o relat\u00f3rio.<\/p>\n\n\n\n<p>A casa fala em resultados de alta qualidade para a <strong>Weg no 2T24<\/strong>, com uma retomada de crescimento da <a class=\"suno-keyword\" target=\"_blank\" data-force=\"no\" data-priority=\"1\" href=\"https:\/\/www.suno.com.br\/artigos\/o-que-receita-liquida\/\" rel=\"noopener\">receita l\u00edquida<\/a>. A deprecia\u00e7\u00e3o do real, dizem os analistas, tamb\u00e9m ajudou significativamente. <\/p>\n\n\n\n<p>Durante a teleconfer\u00eancia de <strong>resultados da Weg<\/strong>, a diretoria da empresa indicou que as margens devem permanecer fortes, apoiadas por um desempenho robusto de produtos de ciclo longo e taxas de c\u00e2mbio favor\u00e1veis. <\/p>\n\n\n\n<p>&#8220;Apesar do forte impulso de lucros, acreditamos que o desempenho impressionante das <strong>a\u00e7\u00f5es da Weg<\/strong> no acumulado do ano (+44%) j\u00e1 precificou esses resultados positivos. Portanto, mantemos nossa classifica\u00e7\u00e3o neutra&#8221;, diz o BTG Pactual.<\/p>\n\n\n\t<p>\n\t\t<a href=\"https:\/\/lp.suno.com.br\/ebook-como-analisar-uma-acao\/\" target=\"_blank\" data-element=\"shortcode-suno-banner\" title=\"Banner SUNO, clique e saiba mais\">\n\t\t\t<picture>\n\t\t\t\t<source media=\"(max-width: 500px)\" srcset=\"https:\/\/files.sunoresearch.com.br\/n\/uploads\/2023\/03\/Ebook-Acoes-Mobile.jpg\">\n\t\t\t\t<img class=\"newsContent__article__imgCapa newsContent__article__imgCapa--banner\"\n\t\t\t\t\tsrc=\"https:\/\/files.sunoresearch.com.br\/n\/uploads\/2023\/03\/Ebook-Acoes-Desktop.jpg\"\n\t\t\t\t\tdata-promo-id=\"378302\"\t\t\t\t\t\t\t\t\t\twidth='1420' height='286'\t\t\t\t\talt=\"https:\/\/files.sunoresearch.com.br\/n\/uploads\/2023\/03\/Ebook-Acoes-Desktop.jpg\"\n\t\t\t\t>\n\t\t\t<\/picture>\n\t\t<\/a>\n\t<\/p>\n\n\n\n\n\n<h2 class=\"wp-block-heading\">Weg (WEGE3) anuncia quase R$ 787 milh\u00f5es em dividendos<\/h2>\n\n\n\n<p>A Weg (<strong>WEGE3<\/strong>) anunciou <a class=\"suno-keyword\" target=\"_blank\" data-force=\"no\" data-priority=\"1\" href=\"https:\/\/www.suno.com.br\/guias\/dividendos\/\" rel=\"noopener\">dividendos<\/a> no valor otal de R$ 786,876 milh\u00f5es.<\/p>\n\n\n\n<p>Os dividendos correspondem a R$ 0,1875520617 por a\u00e7\u00e3o. Ter\u00e3o direito aos proventos os investidores com a\u00e7\u00f5es da companhia na sess\u00e3o do dia 02 de agosto.<\/p>\n\n\n\n<p>Os <strong>pap\u00e9is WEGE3<\/strong> passam a ser negociados ex-dividendos a partir de 05 de agosto. O pagamento dos dividendos, bem como dos JCP anunciados em mar\u00e7o e junho, ocorre no dia 14 de agosto.<\/p>\n\n\n\n<h2 class=\"wp-block-heading\">Desempenho das a\u00e7\u00f5es<\/h2>\n\n\n\n<p>Confira a movimenta\u00e7\u00e3o dos pap\u00e9is da <strong>Weg<\/strong> (WEGE3) nos \u00faltimos 30 dias:<\/p>\n\n\n\n<div class=\"pluginQuotation\">\n  <p class=\"ticker\">\n    Cota\u00e7\u00e3o <span>wege3<\/span>\n  <\/p>\n  <div class=\"info\">\n    <div class=\"leftSide\">\n      Gr\u00e1fico gerado em: 02\/08\/2024    <\/div>\n\t\t\t\t\t<div class=\"rightSide\">\n\t\t\t\t\t<span class=\"period\">\n\t\t\t\t\t\t1 M\u00eas\t\t\t\t\t<\/span>\n\t\t\t<\/div>\n\t\t  <\/div>\n\n  <div id=\"chart-17f7a67c4937bf02a0cf88c30ff40550\" data-block-hash=\"17f7a67c4937bf02a0cf88c30ff40550\"  class=\"chart\" style=\"width:100%;height:400px;\"><\/div>\n\n  <div class=\"pluginQuotation__footer\">\n    <div class=\"dataChart\">\n\n      <div class=\"dataChart__div1 variation\">\n        <div class=\"value-positive\">\n          18,55 (+7,81%)        <\/div>\n        <div class=\"text\">\n          Varia\u00e7\u00e3o do per\u00edodo\n        <\/div>\n      <\/div>\n\n      <div class=\"dataChart__div2 minMax\">\n        <div class=\"value\">\n          R$\u00a041,89        <\/div>\n        <div class=\"text\">\n          M\u00ednima\n        <\/div>\n      <\/div>\n\n      <div class=\"dataChart__div3 minMax\">\n        <div class=\"value\">\n          R$\u00a052,84        <\/div>\n        <div class=\"text\">\n          M\u00e1xima\n        <\/div>\n      <\/div>\n\n\t\t\t<div class=\"dataChart__div4 rightSide\">\n\t\t\t\t<div class=\"analiticaSource\">\n\t\t\t\t\t<span>\n\t\t\t\t\t\tFonte:\n\t\t\t\t\t<\/span>\n\t\t\t\t\t<img decoding=\"async\" class=\"analiticaLogo\" src=\"https:\/\/www.suno.com.br\/noticias\/wp-content\/plugins\/suno-block-ticker-quotation\/src\/suno-analitica-logo.png\" alt=\"Logo Suno Anal\u00edtica\" \/>\n\t\t\t\t<\/div>\n\n\t\t\t\t<a href=\"https:\/\/www.suno.com.br\/analitica\/acoes\/wege3\" target=\"_blank\">\n\t\t\t\t\t<span>\n\t\t\t\t\t\tVer mais cota\u00e7\u00f5es\n\t\t\t\t\t<\/span>\n\t\t\t\t\t<svg xmlns=\"http:\/\/www.w3.org\/2000\/svg\" width=\"9\" height=\"8\" viewBox=\"0 0 9 8\" fill=\"none\">\n\t\t\t\t\t\t<path d=\"M4.20996 0L3.50496 0.705L6.29496 3.5H0.209961V4.5H6.29496L3.50496 7.295L4.20996 8L8.20996 4L4.20996 0Z\" fill=\"#D42126\" \/>\n\t\t\t\t\t<\/svg>\n\t\t\t\t<\/a>\n    <\/div>\n\n    <\/div>\n  <\/div>\n<\/div>\n\n\n<script type=\"text\/javascript\">\n  let chart_17f7a67c4937bf02a0cf88c30ff40550 = document.getElementById('chart-17f7a67c4937bf02a0cf88c30ff40550');\n  let data_json_17f7a67c4937bf02a0cf88c30ff40550 = \"[{\\\"date\\\":\\\"03\\\\\\\/07\\\\\\\/24 \\\",\\\"value\\\":42.11},{\\\"date\\\":\\\"04\\\\\\\/07\\\\\\\/24 \\\",\\\"value\\\":41.89},{\\\"date\\\":\\\"05\\\\\\\/07\\\\\\\/24 \\\",\\\"value\\\":42.19},{\\\"date\\\":\\\"08\\\\\\\/07\\\\\\\/24 \\\",\\\"value\\\":44.47},{\\\"date\\\":\\\"09\\\\\\\/07\\\\\\\/24 \\\",\\\"value\\\":44.55},{\\\"date\\\":\\\"10\\\\\\\/07\\\\\\\/24 \\\",\\\"value\\\":44.05},{\\\"date\\\":\\\"11\\\\\\\/07\\\\\\\/24 \\\",\\\"value\\\":44.96},{\\\"date\\\":\\\"12\\\\\\\/07\\\\\\\/24 \\\",\\\"value\\\":45.88},{\\\"date\\\":\\\"15\\\\\\\/07\\\\\\\/24 \\\",\\\"value\\\":46.51},{\\\"date\\\":\\\"16\\\\\\\/07\\\\\\\/24 \\\",\\\"value\\\":46.68},{\\\"date\\\":\\\"17\\\\\\\/07\\\\\\\/24 \\\",\\\"value\\\":47.05},{\\\"date\\\":\\\"18\\\\\\\/07\\\\\\\/24 \\\",\\\"value\\\":47.4},{\\\"date\\\":\\\"19\\\\\\\/07\\\\\\\/24 \\\",\\\"value\\\":47.29},{\\\"date\\\":\\\"22\\\\\\\/07\\\\\\\/24 \\\",\\\"value\\\":47.17},{\\\"date\\\":\\\"23\\\\\\\/07\\\\\\\/24 \\\",\\\"value\\\":47.05},{\\\"date\\\":\\\"24\\\\\\\/07\\\\\\\/24 \\\",\\\"value\\\":46.65},{\\\"date\\\":\\\"25\\\\\\\/07\\\\\\\/24 \\\",\\\"value\\\":45.95},{\\\"date\\\":\\\"26\\\\\\\/07\\\\\\\/24 \\\",\\\"value\\\":46.92},{\\\"date\\\":\\\"29\\\\\\\/07\\\\\\\/24 \\\",\\\"value\\\":46.48},{\\\"date\\\":\\\"30\\\\\\\/07\\\\\\\/24 \\\",\\\"value\\\":45.86},{\\\"date\\\":\\\"31\\\\\\\/07\\\\\\\/24 \\\",\\\"value\\\":50.66},{\\\"date\\\":\\\"01\\\\\\\/08\\\\\\\/24 \\\",\\\"value\\\":52.84},{\\\"date\\\":\\\"02\\\\\\\/08\\\\\\\/24 \\\",\\\"value\\\":49.92}]\";\n  let isPositive_17f7a67c4937bf02a0cf88c30ff40550 = true;\n\n  let color_17f7a67c4937bf02a0cf88c30ff40550 = isPositive_17f7a67c4937bf02a0cf88c30ff40550 ? '#3AB53A' : '#D92C2D';\n\n  let data_17f7a67c4937bf02a0cf88c30ff40550 = JSON.parse(data_json_17f7a67c4937bf02a0cf88c30ff40550);\n\n  const result_17f7a67c4937bf02a0cf88c30ff40550 = {\n    date: [],\n    value: [],\n  };\n\n  data_17f7a67c4937bf02a0cf88c30ff40550.forEach((item) => {\n    result_17f7a67c4937bf02a0cf88c30ff40550.date.push(item.date);\n    result_17f7a67c4937bf02a0cf88c30ff40550.value.push(Number(item.value));\n  });\n\n  let option_17f7a67c4937bf02a0cf88c30ff40550 = {\n    \/\/ variavel de cor global\n    color: [color_17f7a67c4937bf02a0cf88c30ff40550],\n    title: {\n      text: '',\n    },\n    tooltip: {\n      trigger: 'axis',\n      axisPointer: {\n        type: 'cross',\n        label: {\n          \/\/ cor dos valores em X e Y\n          backgroundColor: color_17f7a67c4937bf02a0cf88c30ff40550,\n          formatter: (value) => {\n            if (typeof value.value === 'number') {\n              return Number(value.value).toLocaleString('pt-br', {\n                style: 'currency',\n                currency: 'BRL'\n              });\n            }\n            return value.value;\n          },\n        },\n      },\n      valueFormatter: (value) => Number(value).toLocaleString('pt-br', {\n        style: 'currency',\n        currency: 'BRL'\n      }),\n    },\n    legend: {\n      \/\/ data: ['Valor de Fechamento'],\n      show: false,\n    },\n    toolbox: {\n      feature: {\n        saveAsImage: {\n          show: false,\n        },\n      },\n    },\n    grid: {\n      left: '0px',\n      right: '0px',\n      bottom: '0px',\n      containLabel: true,\n    },\n    xAxis: [{\n      type: 'category',\n      data: result_17f7a67c4937bf02a0cf88c30ff40550.date,\n      boundaryGap: true,\n    }],\n    yAxis: [{\n      type: 'value',\n      min: Math.min(...result_17f7a67c4937bf02a0cf88c30ff40550.value),\n      max: Math.max(...result_17f7a67c4937bf02a0cf88c30ff40550.value),\n      axisLabel: {\n        formatter: (value) => value.toLocaleString('pt-br', {\n          style: 'currency',\n          currency: 'BRL'\n        }),\n      },\n    }],\n    series: [{\n      name: 'Valor de Fechamento',\n      type: 'line',\n      stack: 'Total',\n      \/\/ cor do grafico\n      areaStyle: {},\n      emphasis: {\n        focus: 'series',\n      },\n      data: result_17f7a67c4937bf02a0cf88c30ff40550.value,\n      \/\/ cor da linha\n      lineStyle: {\n        color: color_17f7a67c4937bf02a0cf88c30ff40550,\n      },\n    }, ],\n  };\n\n\twindow.chart_17f7a67c4937bf02a0cf88c30ff40550 = {\n\t\tel: chart_17f7a67c4937bf02a0cf88c30ff40550,\n\t\toption: option_17f7a67c4937bf02a0cf88c30ff40550\t};\n\n\n<\/script>\n\n\n\t<p>\n\t\t<a href=\"https:\/\/lp.suno.com.br\/planilha-da-vida-financeira\/\" target=\"_blank\" data-element=\"shortcode-suno-banner\" title=\"Banner SUNO, clique e saiba mais\">\n\t\t\t<picture>\n\t\t\t\t<source media=\"(max-width: 500px)\" srcset=\"https:\/\/files.sunoresearch.com.br\/n\/uploads\/2023\/04\/400x300-Planilha-vida-financeira-true.png\">\n\t\t\t\t<img class=\"newsContent__article__imgCapa newsContent__article__imgCapa--banner\"\n\t\t\t\t\tsrc=\"https:\/\/files.sunoresearch.com.br\/n\/uploads\/2023\/04\/1420x240-Planilha-vida-financeira-true.png\"\n\t\t\t\t\tdata-promo-id=\"383123\"\t\t\t\t\t\t\t\t\t\twidth='1420' height='240'\t\t\t\t\talt=\"https:\/\/files.sunoresearch.com.br\/n\/uploads\/2023\/04\/1420x240-Planilha-vida-financeira-true.png\"\n\t\t\t\t>\n\t\t\t<\/picture>\n\t\t<\/a>\n\t<\/p>\n\n\n","protected":false},"excerpt":{"rendered":"<p>A Weg (WEGE3) reportou um lucro l\u00edquido de R$ 1,44 bilh\u00e3o no segundo trimestre de 2024, alta de 5,40% na base anual. Ap\u00f3s o balan\u00e7o, o BTG Pactual elevou o pre\u00e7o-alvo para as a\u00e7\u00f5es de R$ 50 para R$ 60, mas manteve recomenda\u00e7\u00e3o &#8220;neutra&#8221;. Weg (WEGE3). Foto: Divulga\u00e7\u00e3o Os analistas afirmam que a empresa continua [&hellip;]<\/p>\n","protected":false},"author":376,"featured_media":277335,"comment_status":"closed","ping_status":"closed","sticky":false,"template":"","format":"standard","meta":[],"categories":[64],"tags":[681],"suno_strategy":[],"class_list":["post-569054","post","type-post","status-publish","format-standard","has-post-thumbnail","hentry","category-negocios","tag-weg-wege3"],"yoast_head":"<!-- This site is optimized with the Yoast SEO plugin v24.4 - https:\/\/yoast.com\/wordpress\/plugins\/seo\/ -->\n<title>Weg (WEGE3): BTG eleva pre\u00e7o-alvo, mas mant\u00e9m &#039;neutra&#039;<\/title>\n<meta name=\"description\" content=\"Ap\u00f3s o balan\u00e7o da Weg, o BTG Pactual elevou o pre\u00e7o-alvo das a\u00e7\u00f5es, mas manteve recomenda\u00e7\u00e3o neutra. Clique para entender o porqu\u00ea.\" \/>\n<meta name=\"robots\" content=\"index, follow, max-snippet:-1, max-image-preview:large, max-video-preview:-1\" \/>\n<link rel=\"canonical\" href=\"https:\/\/www.suno.com.br\/noticias\/weg-wege3-btg-eleva-alvo-neutra-gss\/\" \/>\n<meta property=\"og:locale\" content=\"pt_BR\" \/>\n<meta property=\"og:type\" content=\"article\" \/>\n<meta property=\"og:title\" content=\"Weg (WEGE3): BTG eleva pre\u00e7o-alvo, mas mant\u00e9m &#039;neutra&#039;\" \/>\n<meta property=\"og:description\" content=\"Ap\u00f3s o balan\u00e7o da Weg, o BTG Pactual elevou o pre\u00e7o-alvo das a\u00e7\u00f5es, mas manteve recomenda\u00e7\u00e3o neutra. Clique para entender o porqu\u00ea.\" \/>\n<meta property=\"og:url\" content=\"https:\/\/www.suno.com.br\/noticias\/weg-wege3-btg-eleva-alvo-neutra-gss\/\" \/>\n<meta property=\"og:site_name\" content=\"Suno Not\u00edcias\" \/>\n<meta property=\"article:publisher\" content=\"https:\/\/facebook.com\/sunoresearch\" \/>\n<meta property=\"og:image\" content=\"https:\/\/files.sunoresearch.com.br\/n\/uploads\/2022\/07\/weg.jpg\" \/>\n\t<meta property=\"og:image:width\" content=\"1400\" \/>\n\t<meta property=\"og:image:height\" content=\"824\" \/>\n\t<meta property=\"og:image:type\" content=\"image\/jpeg\" \/>\n<meta name=\"author\" content=\"Guilherme Serrano\" \/>\n<meta name=\"twitter:card\" content=\"summary_large_image\" \/>\n<meta name=\"twitter:creator\" content=\"@sunoresearch\" \/>\n<meta name=\"twitter:site\" content=\"@sunoresearch\" \/>\n<meta name=\"twitter:label1\" content=\"Escrito por\" \/>\n\t<meta name=\"twitter:data1\" content=\"Guilherme Serrano\" \/>\n\t<meta name=\"twitter:label2\" content=\"Est. tempo de leitura\" \/>\n\t<meta name=\"twitter:data2\" content=\"2 minutos\" \/>\n<script type=\"application\/ld+json\" class=\"yoast-schema-graph\">{\"@context\":\"https:\/\/schema.org\",\"@graph\":[{\"@type\":\"NewsArticle\",\"@id\":\"https:\/\/www.suno.com.br\/noticias\/weg-wege3-btg-eleva-alvo-neutra-gss\/#article\",\"isPartOf\":{\"@id\":\"https:\/\/www.suno.com.br\/noticias\/weg-wege3-btg-eleva-alvo-neutra-gss\/\"},\"author\":{\"name\":\"Guilherme Serrano\",\"@id\":\"https:\/\/www.suno.com.br\/noticias\/#\/schema\/person\/d0f07e64bce64aa671feadfb844f04ca\"},\"headline\":\"BTG Pactual eleva pre\u00e7o-alvo para Weg (WEGE3), mas mant\u00e9m recomenda\u00e7\u00e3o &#8216;neutra&#8217;\",\"datePublished\":\"2024-08-02T19:19:27+00:00\",\"dateModified\":\"2024-08-02T19:19:30+00:00\",\"mainEntityOfPage\":{\"@id\":\"https:\/\/www.suno.com.br\/noticias\/weg-wege3-btg-eleva-alvo-neutra-gss\/\"},\"wordCount\":352,\"publisher\":{\"@id\":\"https:\/\/www.suno.com.br\/noticias\/#organization\"},\"image\":{\"@id\":\"https:\/\/www.suno.com.br\/noticias\/weg-wege3-btg-eleva-alvo-neutra-gss\/#primaryimage\"},\"thumbnailUrl\":\"https:\/\/files.sunoresearch.com.br\/n\/uploads\/2022\/07\/weg.jpg\",\"keywords\":[\"Weg (WEGE3)\"],\"articleSection\":[\"Neg\u00f3cios\"],\"inLanguage\":\"pt-BR\"},{\"@type\":\"WebPage\",\"@id\":\"https:\/\/www.suno.com.br\/noticias\/weg-wege3-btg-eleva-alvo-neutra-gss\/\",\"url\":\"https:\/\/www.suno.com.br\/noticias\/weg-wege3-btg-eleva-alvo-neutra-gss\/\",\"name\":\"Weg (WEGE3): BTG eleva pre\u00e7o-alvo, mas mant\u00e9m 'neutra'\",\"isPartOf\":{\"@id\":\"https:\/\/www.suno.com.br\/noticias\/#website\"},\"primaryImageOfPage\":{\"@id\":\"https:\/\/www.suno.com.br\/noticias\/weg-wege3-btg-eleva-alvo-neutra-gss\/#primaryimage\"},\"image\":{\"@id\":\"https:\/\/www.suno.com.br\/noticias\/weg-wege3-btg-eleva-alvo-neutra-gss\/#primaryimage\"},\"thumbnailUrl\":\"https:\/\/files.sunoresearch.com.br\/n\/uploads\/2022\/07\/weg.jpg\",\"datePublished\":\"2024-08-02T19:19:27+00:00\",\"dateModified\":\"2024-08-02T19:19:30+00:00\",\"description\":\"Ap\u00f3s o balan\u00e7o da Weg, o BTG Pactual elevou o pre\u00e7o-alvo das a\u00e7\u00f5es, mas manteve recomenda\u00e7\u00e3o neutra. Clique para entender o porqu\u00ea.\",\"breadcrumb\":{\"@id\":\"https:\/\/www.suno.com.br\/noticias\/weg-wege3-btg-eleva-alvo-neutra-gss\/#breadcrumb\"},\"inLanguage\":\"pt-BR\",\"potentialAction\":[{\"@type\":\"ReadAction\",\"target\":[\"https:\/\/www.suno.com.br\/noticias\/weg-wege3-btg-eleva-alvo-neutra-gss\/\"]}]},{\"@type\":\"ImageObject\",\"inLanguage\":\"pt-BR\",\"@id\":\"https:\/\/www.suno.com.br\/noticias\/weg-wege3-btg-eleva-alvo-neutra-gss\/#primaryimage\",\"url\":\"https:\/\/files.sunoresearch.com.br\/n\/uploads\/2022\/07\/weg.jpg\",\"contentUrl\":\"https:\/\/files.sunoresearch.com.br\/n\/uploads\/2022\/07\/weg.jpg\",\"width\":1400,\"height\":824,\"caption\":\"Weg (WEGE3). Foto: Divulga\u00e7\u00e3o\"},{\"@type\":\"BreadcrumbList\",\"@id\":\"https:\/\/www.suno.com.br\/noticias\/weg-wege3-btg-eleva-alvo-neutra-gss\/#breadcrumb\",\"itemListElement\":[{\"@type\":\"ListItem\",\"position\":1,\"name\":\"Not\u00edcias\",\"item\":\"https:\/\/www.suno.com.br\/noticias\/\"},{\"@type\":\"ListItem\",\"position\":2,\"name\":\"Neg\u00f3cios\",\"item\":\"https:\/\/www.suno.com.br\/noticias\/negocios\/\"},{\"@type\":\"ListItem\",\"position\":3,\"name\":\"BTG Pactual eleva pre\u00e7o-alvo para Weg (WEGE3), mas mant\u00e9m recomenda\u00e7\u00e3o &#8216;neutra&#8217;\"}]},{\"@type\":\"WebSite\",\"@id\":\"https:\/\/www.suno.com.br\/noticias\/#website\",\"url\":\"https:\/\/www.suno.com.br\/noticias\/\",\"name\":\"Suno Not\u00edcias\",\"description\":\"Seu portal de informa\u00e7\u00e3o sobre o mundo dos investimentos\",\"publisher\":{\"@id\":\"https:\/\/www.suno.com.br\/noticias\/#organization\"},\"potentialAction\":[{\"@type\":\"SearchAction\",\"target\":{\"@type\":\"EntryPoint\",\"urlTemplate\":\"https:\/\/www.suno.com.br\/noticias\/?s={search_term_string}\"},\"query-input\":{\"@type\":\"PropertyValueSpecification\",\"valueRequired\":true,\"valueName\":\"search_term_string\"}}],\"inLanguage\":\"pt-BR\"},{\"@type\":\"Organization\",\"@id\":\"https:\/\/www.suno.com.br\/noticias\/#organization\",\"name\":\"Suno Not\u00edcias\",\"url\":\"https:\/\/www.suno.com.br\/noticias\/\",\"logo\":{\"@type\":\"ImageObject\",\"inLanguage\":\"pt-BR\",\"@id\":\"https:\/\/www.suno.com.br\/noticias\/#\/schema\/logo\/image\/\",\"url\":\"https:\/\/files.sunoresearch.com.br\/n\/uploads\/2021\/09\/suno-logo.png\",\"contentUrl\":\"https:\/\/files.sunoresearch.com.br\/n\/uploads\/2021\/09\/suno-logo.png\",\"width\":180,\"height\":180,\"caption\":\"Suno Not\u00edcias\"},\"image\":{\"@id\":\"https:\/\/www.suno.com.br\/noticias\/#\/schema\/logo\/image\/\"},\"sameAs\":[\"https:\/\/facebook.com\/sunoresearch\",\"https:\/\/x.com\/sunoresearch\",\"https:\/\/www.instagram.com\/suno\",\"https:\/\/www.linkedin.com\/company\/suno-research\/\",\"https:\/\/www.youtube.com\/c\/sunoresearch\"]},{\"@type\":\"Person\",\"@id\":\"https:\/\/www.suno.com.br\/noticias\/#\/schema\/person\/d0f07e64bce64aa671feadfb844f04ca\",\"name\":\"Guilherme Serrano\",\"image\":{\"@type\":\"ImageObject\",\"inLanguage\":\"pt-BR\",\"@id\":\"https:\/\/www.suno.com.br\/noticias\/#\/schema\/person\/image\/\",\"url\":\"https:\/\/secure.gravatar.com\/avatar\/a90be19d8c67bef61497e4522de30ac4?s=96&r=g\",\"contentUrl\":\"https:\/\/secure.gravatar.com\/avatar\/a90be19d8c67bef61497e4522de30ac4?s=96&r=g\",\"caption\":\"Guilherme Serrano\"},\"description\":\"Jornalista formado pela Faculdade C\u00e1sper L\u00edbero e p\u00f3s-graduado em Can\u00e7\u00e3o Popular pela Faculdade Santa Marcelina. Passagens por R\u00e1dio Gazeta AM, gazetaesportiva.com e TC R\u00e1dio.\",\"url\":\"https:\/\/www.suno.com.br\/noticias\/author\/guilherme-silvasuno-com-br\/\"}]}<\/script>\n<!-- \/ Yoast SEO plugin. -->","yoast_head_json":{"title":"Weg (WEGE3): BTG eleva pre\u00e7o-alvo, mas mant\u00e9m 'neutra'","description":"Ap\u00f3s o balan\u00e7o da Weg, o BTG Pactual elevou o pre\u00e7o-alvo das a\u00e7\u00f5es, mas manteve recomenda\u00e7\u00e3o neutra. Clique para entender o porqu\u00ea.","robots":{"index":"index","follow":"follow","max-snippet":"max-snippet:-1","max-image-preview":"max-image-preview:large","max-video-preview":"max-video-preview:-1"},"canonical":"https:\/\/www.suno.com.br\/noticias\/weg-wege3-btg-eleva-alvo-neutra-gss\/","og_locale":"pt_BR","og_type":"article","og_title":"Weg (WEGE3): BTG eleva pre\u00e7o-alvo, mas mant\u00e9m 'neutra'","og_description":"Ap\u00f3s o balan\u00e7o da Weg, o BTG Pactual elevou o pre\u00e7o-alvo das a\u00e7\u00f5es, mas manteve recomenda\u00e7\u00e3o neutra. Clique para entender o porqu\u00ea.","og_url":"https:\/\/www.suno.com.br\/noticias\/weg-wege3-btg-eleva-alvo-neutra-gss\/","og_site_name":"Suno Not\u00edcias","article_publisher":"https:\/\/facebook.com\/sunoresearch","og_image":[{"width":1400,"height":824,"url":"https:\/\/files.sunoresearch.com.br\/n\/uploads\/2022\/07\/weg.jpg","type":"image\/jpeg"}],"author":"Guilherme Serrano","twitter_card":"summary_large_image","twitter_creator":"@sunoresearch","twitter_site":"@sunoresearch","twitter_misc":{"Escrito por":"Guilherme Serrano","Est. tempo de leitura":"2 minutos"},"schema":{"@context":"https:\/\/schema.org","@graph":[{"@type":"NewsArticle","@id":"https:\/\/www.suno.com.br\/noticias\/weg-wege3-btg-eleva-alvo-neutra-gss\/#article","isPartOf":{"@id":"https:\/\/www.suno.com.br\/noticias\/weg-wege3-btg-eleva-alvo-neutra-gss\/"},"author":{"name":"Guilherme Serrano","@id":"https:\/\/www.suno.com.br\/noticias\/#\/schema\/person\/d0f07e64bce64aa671feadfb844f04ca"},"headline":"BTG Pactual eleva pre\u00e7o-alvo para Weg (WEGE3), mas mant\u00e9m recomenda\u00e7\u00e3o &#8216;neutra&#8217;","datePublished":"2024-08-02T19:19:27+00:00","dateModified":"2024-08-02T19:19:30+00:00","mainEntityOfPage":{"@id":"https:\/\/www.suno.com.br\/noticias\/weg-wege3-btg-eleva-alvo-neutra-gss\/"},"wordCount":352,"publisher":{"@id":"https:\/\/www.suno.com.br\/noticias\/#organization"},"image":{"@id":"https:\/\/www.suno.com.br\/noticias\/weg-wege3-btg-eleva-alvo-neutra-gss\/#primaryimage"},"thumbnailUrl":"https:\/\/files.sunoresearch.com.br\/n\/uploads\/2022\/07\/weg.jpg","keywords":["Weg (WEGE3)"],"articleSection":["Neg\u00f3cios"],"inLanguage":"pt-BR"},{"@type":"WebPage","@id":"https:\/\/www.suno.com.br\/noticias\/weg-wege3-btg-eleva-alvo-neutra-gss\/","url":"https:\/\/www.suno.com.br\/noticias\/weg-wege3-btg-eleva-alvo-neutra-gss\/","name":"Weg (WEGE3): BTG eleva pre\u00e7o-alvo, mas mant\u00e9m 'neutra'","isPartOf":{"@id":"https:\/\/www.suno.com.br\/noticias\/#website"},"primaryImageOfPage":{"@id":"https:\/\/www.suno.com.br\/noticias\/weg-wege3-btg-eleva-alvo-neutra-gss\/#primaryimage"},"image":{"@id":"https:\/\/www.suno.com.br\/noticias\/weg-wege3-btg-eleva-alvo-neutra-gss\/#primaryimage"},"thumbnailUrl":"https:\/\/files.sunoresearch.com.br\/n\/uploads\/2022\/07\/weg.jpg","datePublished":"2024-08-02T19:19:27+00:00","dateModified":"2024-08-02T19:19:30+00:00","description":"Ap\u00f3s o balan\u00e7o da Weg, o BTG Pactual elevou o pre\u00e7o-alvo das a\u00e7\u00f5es, mas manteve recomenda\u00e7\u00e3o neutra. Clique para entender o porqu\u00ea.","breadcrumb":{"@id":"https:\/\/www.suno.com.br\/noticias\/weg-wege3-btg-eleva-alvo-neutra-gss\/#breadcrumb"},"inLanguage":"pt-BR","potentialAction":[{"@type":"ReadAction","target":["https:\/\/www.suno.com.br\/noticias\/weg-wege3-btg-eleva-alvo-neutra-gss\/"]}]},{"@type":"ImageObject","inLanguage":"pt-BR","@id":"https:\/\/www.suno.com.br\/noticias\/weg-wege3-btg-eleva-alvo-neutra-gss\/#primaryimage","url":"https:\/\/files.sunoresearch.com.br\/n\/uploads\/2022\/07\/weg.jpg","contentUrl":"https:\/\/files.sunoresearch.com.br\/n\/uploads\/2022\/07\/weg.jpg","width":1400,"height":824,"caption":"Weg (WEGE3). Foto: Divulga\u00e7\u00e3o"},{"@type":"BreadcrumbList","@id":"https:\/\/www.suno.com.br\/noticias\/weg-wege3-btg-eleva-alvo-neutra-gss\/#breadcrumb","itemListElement":[{"@type":"ListItem","position":1,"name":"Not\u00edcias","item":"https:\/\/www.suno.com.br\/noticias\/"},{"@type":"ListItem","position":2,"name":"Neg\u00f3cios","item":"https:\/\/www.suno.com.br\/noticias\/negocios\/"},{"@type":"ListItem","position":3,"name":"BTG Pactual eleva pre\u00e7o-alvo para Weg (WEGE3), mas mant\u00e9m recomenda\u00e7\u00e3o &#8216;neutra&#8217;"}]},{"@type":"WebSite","@id":"https:\/\/www.suno.com.br\/noticias\/#website","url":"https:\/\/www.suno.com.br\/noticias\/","name":"Suno Not\u00edcias","description":"Seu portal de informa\u00e7\u00e3o sobre o mundo dos investimentos","publisher":{"@id":"https:\/\/www.suno.com.br\/noticias\/#organization"},"potentialAction":[{"@type":"SearchAction","target":{"@type":"EntryPoint","urlTemplate":"https:\/\/www.suno.com.br\/noticias\/?s={search_term_string}"},"query-input":{"@type":"PropertyValueSpecification","valueRequired":true,"valueName":"search_term_string"}}],"inLanguage":"pt-BR"},{"@type":"Organization","@id":"https:\/\/www.suno.com.br\/noticias\/#organization","name":"Suno Not\u00edcias","url":"https:\/\/www.suno.com.br\/noticias\/","logo":{"@type":"ImageObject","inLanguage":"pt-BR","@id":"https:\/\/www.suno.com.br\/noticias\/#\/schema\/logo\/image\/","url":"https:\/\/files.sunoresearch.com.br\/n\/uploads\/2021\/09\/suno-logo.png","contentUrl":"https:\/\/files.sunoresearch.com.br\/n\/uploads\/2021\/09\/suno-logo.png","width":180,"height":180,"caption":"Suno Not\u00edcias"},"image":{"@id":"https:\/\/www.suno.com.br\/noticias\/#\/schema\/logo\/image\/"},"sameAs":["https:\/\/facebook.com\/sunoresearch","https:\/\/x.com\/sunoresearch","https:\/\/www.instagram.com\/suno","https:\/\/www.linkedin.com\/company\/suno-research\/","https:\/\/www.youtube.com\/c\/sunoresearch"]},{"@type":"Person","@id":"https:\/\/www.suno.com.br\/noticias\/#\/schema\/person\/d0f07e64bce64aa671feadfb844f04ca","name":"Guilherme Serrano","image":{"@type":"ImageObject","inLanguage":"pt-BR","@id":"https:\/\/www.suno.com.br\/noticias\/#\/schema\/person\/image\/","url":"https:\/\/secure.gravatar.com\/avatar\/a90be19d8c67bef61497e4522de30ac4?s=96&r=g","contentUrl":"https:\/\/secure.gravatar.com\/avatar\/a90be19d8c67bef61497e4522de30ac4?s=96&r=g","caption":"Guilherme Serrano"},"description":"Jornalista formado pela Faculdade C\u00e1sper L\u00edbero e p\u00f3s-graduado em Can\u00e7\u00e3o Popular pela Faculdade Santa Marcelina. Passagens por R\u00e1dio Gazeta AM, gazetaesportiva.com e TC R\u00e1dio.","url":"https:\/\/www.suno.com.br\/noticias\/author\/guilherme-silvasuno-com-br\/"}]}},"default_loop_html":"<div class=\"cardsPage__listCard__boxs\"><div class=\"cardsPage__listCard__boxs__img\"><a href=\"https:\/\/www.suno.com.br\/noticias\/weg-wege3-btg-eleva-alvo-neutra-gss\/\"><img class=\"mask\" src=\"https:\/\/www.suno.com.br\/noticias\/wp-content\/themes\/suno\/resources\/images\/spotlight\/spotlight1img\/bg-mask.png\" alt=\"Image Mask\"\/><img src=\"https:\/\/files.sunoresearch.com.br\/n\/uploads\/2022\/07\/weg-400x200.jpg\" alt=\"BTG Pactual eleva pre\u00e7o-alvo para Weg (WEGE3), mas mant\u00e9m recomenda\u00e7\u00e3o &#8216;neutra&#8217;\"\/><\/a><span class=\"spotlightCategory\"><a href=\"https:\/\/www.suno.com.br\/noticias\/negocios\/\">Neg\u00f3cios<\/a><\/span><\/div><div class=\"cardsPage__listCard__boxs__content\"><a href=\"https:\/\/www.suno.com.br\/noticias\/weg-wege3-btg-eleva-alvo-neutra-gss\/\"><h2 class=\"content__title\">BTG Pactual eleva pre\u00e7o-alvo para Weg (WEGE3), mas mant\u00e9m recomenda\u00e7\u00e3o &#8216;neutra&#8217;<\/h2><\/a><div class=\"newsContent__article__meta\"><div class=\"newsContent__article__meta__authorBox\"><a href=\"https:\/\/www.suno.com.br\/noticias\/author\/guilherme-silvasuno-com-br\/\" class=\"authorBox__avatar noMobi\"><img src=\"https:\/\/secure.gravatar.com\/avatar\/a90be19d8c67bef61497e4522de30ac4?s=96&#038;r=g\" alt=\"Guilherme Serrano\"><\/a><div class=\"authorBox__name\"><span>por\n\t\t\t<a href=\"https:\/\/www.suno.com.br\/noticias\/author\/guilherme-silvasuno-com-br\/\"><span itemprop=\"author\">Guilherme Serrano<\/span><\/a><\/span><time datetime=\"2024-08-02T16:19:27-03:00\" itemprop=\"datePublished\">02\/08\/2024 16:19<\/time><\/div><\/div><\/div><\/div><\/div>","single_layout":"posts","amp_enabled":true,"_links":{"self":[{"href":"https:\/\/www.suno.com.br\/noticias\/wp-json\/wp\/v2\/posts\/569054"}],"collection":[{"href":"https:\/\/www.suno.com.br\/noticias\/wp-json\/wp\/v2\/posts"}],"about":[{"href":"https:\/\/www.suno.com.br\/noticias\/wp-json\/wp\/v2\/types\/post"}],"author":[{"embeddable":true,"href":"https:\/\/www.suno.com.br\/noticias\/wp-json\/wp\/v2\/users\/376"}],"replies":[{"embeddable":true,"href":"https:\/\/www.suno.com.br\/noticias\/wp-json\/wp\/v2\/comments?post=569054"}],"version-history":[{"count":2,"href":"https:\/\/www.suno.com.br\/noticias\/wp-json\/wp\/v2\/posts\/569054\/revisions"}],"predecessor-version":[{"id":569058,"href":"https:\/\/www.suno.com.br\/noticias\/wp-json\/wp\/v2\/posts\/569054\/revisions\/569058"}],"wp:featuredmedia":[{"embeddable":true,"href":"https:\/\/www.suno.com.br\/noticias\/wp-json\/wp\/v2\/media\/277335"}],"wp:attachment":[{"href":"https:\/\/www.suno.com.br\/noticias\/wp-json\/wp\/v2\/media?parent=569054"}],"wp:term":[{"taxonomy":"category","embeddable":true,"href":"https:\/\/www.suno.com.br\/noticias\/wp-json\/wp\/v2\/categories?post=569054"},{"taxonomy":"post_tag","embeddable":true,"href":"https:\/\/www.suno.com.br\/noticias\/wp-json\/wp\/v2\/tags?post=569054"},{"taxonomy":"suno_strategy","embeddable":true,"href":"https:\/\/www.suno.com.br\/noticias\/wp-json\/wp\/v2\/suno_strategy?post=569054"}],"curies":[{"name":"wp","href":"https:\/\/api.w.org\/{rel}","templated":true}]}}