{"id":568957,"date":"2024-08-02T09:49:14","date_gmt":"2024-08-02T12:49:14","guid":{"rendered":"https:\/\/www.suno.com.br\/noticias\/?p=568957"},"modified":"2024-08-02T09:49:18","modified_gmt":"2024-08-02T12:49:18","slug":"eletrobras-elet3-governo-prazo-acordo-ec-gss","status":"publish","type":"post","link":"https:\/\/www.suno.com.br\/noticias\/eletrobras-elet3-governo-prazo-acordo-ec-gss\/","title":{"rendered":"Governo pede ao STF mais prazo para acordo sobre participa\u00e7\u00e3o na Eletrobras (ELET3)"},"content":{"rendered":"<p>O governo, por meio da Advocacia-Geral da Uni\u00e3o (AGU), protocolou nesta quinta-feira, 1\u00ba, no Supremo Tribunal Federal (STF) um pedido para prorrogar por mais 45 dias o prazo para a tentativa de concilia\u00e7\u00e3o com a <strong>Eletrobras<\/strong> (<a class=\"suno-keyword\" data-force=\"yes\" data-priority=\"2\" href=\"https:\/\/www.suno.com.br\/analitica\/acoes\/elet3\/\" target=\"_blank\" rel=\"noopener\">ELET3<\/a>) na a\u00e7\u00e3o que discute o poder de voto da Uni\u00e3o no conselho da empresa. <\/p>\t<div class=\"wrapper-featured-image\">\n\t\t<figure class=\"spotlightImg\">\n\n\t\t\t<picture>\n\t\t\t\t<source media=\"(max-width: 768px)\" srcset=\"https:\/\/files.sunoresearch.com.br\/n\/uploads\/2022\/06\/eletrobras-logo-1-400x200.png\">\n\t\t\t\t<img loading=\"lazy\" decoding=\"async\" class=\"newsContent__article__imgCapa lazyloadDisabled \" src=\"https:\/\/files.sunoresearch.com.br\/n\/uploads\/2022\/06\/eletrobras-logo-1-800x450.png\" width=\"800\" height=\"450\" alt=\"Governo pede ao STF mais prazo para acordo sobre participa\u00e7\u00e3o na Eletrobras (ELET3)\" fetchpriority=high \/>\n\t\t\t<\/picture>\n\n\t\t\t<figcaption class=\"wp-caption-text wp-caption-text--show\">Eletrobras (ELET3). Foto: Reprodu\u00e7\u00e3o<\/figcaption>\n\t\t<\/figure>\n\t<\/div>\n\n\n\n\n\n\n\n\t<p>\n\t\t<a href=\"https:\/\/lp.suno.com.br\/planilha-da-vida-financeira\/\" target=\"_blank\" data-element=\"shortcode-suno-banner\" title=\"Banner SUNO, clique e saiba mais\">\n\t\t\t<picture>\n\t\t\t\t<source media=\"(max-width: 500px)\" srcset=\"https:\/\/files.sunoresearch.com.br\/n\/uploads\/2023\/04\/400x300-Planilha-vida-financeira-true.png\">\n\t\t\t\t<img class=\"newsContent__article__imgCapa newsContent__article__imgCapa--banner\"\n\t\t\t\t\tsrc=\"https:\/\/files.sunoresearch.com.br\/n\/uploads\/2023\/04\/1420x240-Planilha-vida-financeira-true.png\"\n\t\t\t\t\tdata-promo-id=\"106682\"\t\t\t\t\t\t\t\t\t\twidth='1420' height='240'\t\t\t\t\talt=\"https:\/\/files.sunoresearch.com.br\/n\/uploads\/2023\/04\/1420x240-Planilha-vida-financeira-true.png\"\n\t\t\t\t>\n\t\t\t<\/picture>\n\t\t<\/a>\n\t<\/p>\n\n\n\n\n\n<p>&#8220;Embora seja poss\u00edvel afirmar que as tratativas est\u00e3o em fase conclusiva do processo conciliat\u00f3rio, \u00e9 necess\u00e1rio reconhecer que a complexidade intr\u00ednseca do caso exige a discuss\u00e3o e a finaliza\u00e7\u00e3o minuciosa de alguns pontos cruciais&#8221;, disse o ministro da AGU, Jorge Messias, na peti\u00e7\u00e3o.<\/p>\n\n\n\n<p>O pedido ser\u00e1 analisado pelo relator do caso, Kassio Nunes Marques. O prazo j\u00e1 foi prorrogado duas vezes, por 90 dias cada, desde dezembro. No ano passado, a AGU ingressou com uma a\u00e7\u00e3o no STF alegando que, embora o governo tenha 43% do capital da Eletrobras, h\u00e1 sub-representa\u00e7\u00e3o no conselho e preju\u00edzo ao Estado.<\/p>\n\n\n\n<h2 class=\"wp-block-heading\"><b>Eletronuclear<\/b><\/h2>\n\n\n\n<p>O <strong>governo Lula <\/strong>negocia trocar parte das a\u00e7\u00f5es que tem na Eletrobras para assumir o controle total da Eletronuclear. A venda de a\u00e7\u00f5es da Uni\u00e3o na Eletrobras deve ficar entre 1% a 2%, segundo interlocutores do governo ouvidos pela reportagem.<\/p>\n\n\n\n<p>O acordo est\u00e1 no ajuste fino e tem no escopo central a participa\u00e7\u00e3o da Uni\u00e3o no Conselho Administrativo da empresa privatizada em 2022. A avalia\u00e7\u00e3o \u00e9 que ambas as partes est\u00e3o dispostas a ceder nas negocia\u00e7\u00f5es.<\/p>\n\n\n\n<p>A Eletrobras n\u00e3o tem interesse na <strong>Eletronuclear<\/strong>, por sua &#8220;estrat\u00e9gia&#8221; de energia renov\u00e1vel, apurou a reportagem. A energia nuclear, que tem um ur\u00e2nio na cadeia de suprimento, n\u00e3o \u00e9 considerada renov\u00e1vel.<\/p>\n\n\n\t<p>\n\t\t<a href=\"https:\/\/lp.suno.com.br\/ebook-como-analisar-uma-acao\/\" target=\"_blank\" data-element=\"shortcode-suno-banner\" title=\"Banner SUNO, clique e saiba mais\">\n\t\t\t<picture>\n\t\t\t\t<source media=\"(max-width: 500px)\" srcset=\"https:\/\/files.sunoresearch.com.br\/n\/uploads\/2023\/03\/Ebook-Acoes-Mobile.jpg\">\n\t\t\t\t<img class=\"newsContent__article__imgCapa newsContent__article__imgCapa--banner\"\n\t\t\t\t\tsrc=\"https:\/\/files.sunoresearch.com.br\/n\/uploads\/2023\/03\/Ebook-Acoes-Desktop.jpg\"\n\t\t\t\t\tdata-promo-id=\"378302\"\t\t\t\t\t\t\t\t\t\twidth='1420' height='286'\t\t\t\t\talt=\"https:\/\/files.sunoresearch.com.br\/n\/uploads\/2023\/03\/Ebook-Acoes-Desktop.jpg\"\n\t\t\t\t>\n\t\t\t<\/picture>\n\t\t<\/a>\n\t<\/p>\n\n\n\n\n\n<h2 class=\"wp-block-heading\"><b>Outorga<\/b><\/h2>\n\n\n\n<p>Al\u00e9m do n\u00famero de conselheiros, a Uni\u00e3o deseja que a Eletrobras antecipe parte dos R$ 32 bilh\u00f5es que dever\u00e3o ser pagos pela empresa ao longo de 25 anos a t\u00edtulo de outorga. A demanda \u00e9 que a empresa antecipe cerca de R$ 26 bilh\u00f5es, sendo uma parte neste ano e outra no ano que vem. Durante o governo Jair Bolsonaro, no ato da privatiza\u00e7\u00e3o, a empresa antecipou R$ 5 bilh\u00f5es.<\/p>\n\n\n\n<p>O Minist\u00e9rio de Minas Energia espera usar esses recursos para reduzir a Conta de Desenvolvimento Energ\u00e9tico (CDE), que re\u00fane subs\u00eddios que encarecem a conta de luz. O governo baixou uma medida provis\u00f3ria em abril prevendo, entre outras medidas, a autoriza\u00e7\u00e3o para que esse valor fosse antecipado por meio de uma opera\u00e7\u00e3o de mercado (securitiza\u00e7\u00e3o) &#8211; mas essa iniciativa n\u00e3o avan\u00e7ou.<\/p>\n\n\n\n<p>Nesta quinta-feira, 1\u00ba, o ministro de Minas e Energia, Alexandre Silveira, afirmou que o processo para a securitiza\u00e7\u00e3o pode ser iniciado independentemente do fechamento do acordo com a empresa sobre o n\u00famero de cadeiras no Conselho. &#8220;Estamos andando para a securitiza\u00e7\u00e3o em paralelo ao acordo&#8221;, declarou o ministro em conversa com jornalistas.<\/p>\n\n\n\n<p>As negocia\u00e7\u00f5es em andamento est\u00e3o centralizadas em tr\u00eas temas: a participa\u00e7\u00e3o da Uni\u00e3o nos Conselhos de Administra\u00e7\u00e3o e Fiscal da Companhia; a antecipa\u00e7\u00e3o de recursos devidos \u00e0 Conta de Desenvolvimento Energ\u00e9tico (CDE); e venda de <strong>a\u00e7\u00f5es da Eletrobras<\/strong> para o controle total da Uni\u00e3o na Eletronuclear.<\/p>\n\n\n\n<p>O ministro Silveira n\u00e3o confirmou o n\u00famero de cadeiras no conselho, que tende a ficar em tr\u00eas, segundo interlocutores. A pretens\u00e3o, disse o ministro, \u00e9 ter proporcionalidade com o n\u00famero de a\u00e7\u00f5es do governo na Eletrobras, em 43%. Para ele, a <strong>Eletrobras<\/strong> era a empresa que a Uni\u00e3o &#8220;tinha um bra\u00e7o&#8221; no setor el\u00e9trico, ao criticar o <a class=\"suno-keyword\" target=\"_blank\" data-force=\"no\" data-priority=\"2\" href=\"https:\/\/www.suno.com.br\/artigos\/privatizacao\/\" rel=\"noopener\">processo de privatiza\u00e7\u00e3o<\/a>.<\/p>\n\n\n\n<p><em>Com Estad\u00e3o Conte\u00fado<\/em><\/p>\n\n\n\t<p>\n\t\t<a href=\"https:\/\/lp.suno.com.br\/planilha-da-vida-financeira\/\" target=\"_blank\" data-element=\"shortcode-suno-banner\" title=\"Banner SUNO, clique e saiba mais\">\n\t\t\t<picture>\n\t\t\t\t<source media=\"(max-width: 500px)\" srcset=\"https:\/\/files.sunoresearch.com.br\/n\/uploads\/2023\/04\/400x300-Planilha-vida-financeira-true.png\">\n\t\t\t\t<img class=\"newsContent__article__imgCapa newsContent__article__imgCapa--banner\"\n\t\t\t\t\tsrc=\"https:\/\/files.sunoresearch.com.br\/n\/uploads\/2023\/04\/1420x240-Planilha-vida-financeira-true.png\"\n\t\t\t\t\tdata-promo-id=\"383123\"\t\t\t\t\t\t\t\t\t\twidth='1420' height='240'\t\t\t\t\talt=\"https:\/\/files.sunoresearch.com.br\/n\/uploads\/2023\/04\/1420x240-Planilha-vida-financeira-true.png\"\n\t\t\t\t>\n\t\t\t<\/picture>\n\t\t<\/a>\n\t<\/p>\n\n\n","protected":false},"excerpt":{"rendered":"<p>O governo, por meio da Advocacia-Geral da Uni\u00e3o (AGU), protocolou nesta quinta-feira, 1\u00ba, no Supremo Tribunal Federal (STF) um pedido para prorrogar por mais 45 dias o prazo para a tentativa de concilia\u00e7\u00e3o com a Eletrobras (ELET3) na a\u00e7\u00e3o que discute o poder de voto da Uni\u00e3o no conselho da empresa. Eletrobras (ELET3). Foto: Reprodu\u00e7\u00e3o [&hellip;]<\/p>\n","protected":false},"author":376,"featured_media":265253,"comment_status":"closed","ping_status":"closed","sticky":false,"template":"","format":"standard","meta":[],"categories":[64],"tags":[455],"suno_strategy":[],"class_list":["post-568957","post","type-post","status-publish","format-standard","has-post-thumbnail","hentry","category-negocios","tag-eletrobras-elet3-elet5-elet6"],"yoast_head":"<!-- This site is optimized with the Yoast SEO plugin v24.4 - https:\/\/yoast.com\/wordpress\/plugins\/seo\/ -->\n<title>Eletrobras (ELET3): governo pede mais prazo para acordo<\/title>\n<meta name=\"description\" content=\"A tentativa de concilia\u00e7\u00e3o entre o governo e a Eletrobras envolvendo a disputa por assentos no conselho da empresa segue sem resolu\u00e7\u00e3o.\" \/>\n<meta name=\"robots\" content=\"index, follow, max-snippet:-1, max-image-preview:large, max-video-preview:-1\" \/>\n<link rel=\"canonical\" href=\"https:\/\/www.suno.com.br\/noticias\/eletrobras-elet3-governo-prazo-acordo-ec-gss\/\" \/>\n<meta property=\"og:locale\" content=\"pt_BR\" \/>\n<meta property=\"og:type\" content=\"article\" \/>\n<meta property=\"og:title\" content=\"Eletrobras (ELET3): governo pede mais prazo para acordo\" \/>\n<meta property=\"og:description\" content=\"A tentativa de concilia\u00e7\u00e3o entre o governo e a Eletrobras envolvendo a disputa por assentos no conselho da empresa segue sem resolu\u00e7\u00e3o.\" \/>\n<meta property=\"og:url\" content=\"https:\/\/www.suno.com.br\/noticias\/eletrobras-elet3-governo-prazo-acordo-ec-gss\/\" \/>\n<meta property=\"og:site_name\" content=\"Suno Not\u00edcias\" \/>\n<meta property=\"article:publisher\" content=\"https:\/\/facebook.com\/sunoresearch\" \/>\n<meta property=\"og:image\" content=\"https:\/\/files.sunoresearch.com.br\/n\/uploads\/2022\/06\/eletrobras-logo-1.png\" \/>\n\t<meta property=\"og:image:width\" content=\"3500\" \/>\n\t<meta property=\"og:image:height\" content=\"2187\" \/>\n\t<meta property=\"og:image:type\" content=\"image\/png\" \/>\n<meta name=\"author\" content=\"Guilherme Serrano\" \/>\n<meta name=\"twitter:card\" content=\"summary_large_image\" \/>\n<meta name=\"twitter:creator\" content=\"@sunoresearch\" \/>\n<meta name=\"twitter:site\" content=\"@sunoresearch\" \/>\n<meta name=\"twitter:label1\" content=\"Escrito por\" \/>\n\t<meta name=\"twitter:data1\" content=\"Guilherme Serrano\" \/>\n\t<meta name=\"twitter:label2\" content=\"Est. tempo de leitura\" \/>\n\t<meta name=\"twitter:data2\" content=\"4 minutos\" \/>\n<script type=\"application\/ld+json\" class=\"yoast-schema-graph\">{\"@context\":\"https:\/\/schema.org\",\"@graph\":[{\"@type\":\"NewsArticle\",\"@id\":\"https:\/\/www.suno.com.br\/noticias\/eletrobras-elet3-governo-prazo-acordo-ec-gss\/#article\",\"isPartOf\":{\"@id\":\"https:\/\/www.suno.com.br\/noticias\/eletrobras-elet3-governo-prazo-acordo-ec-gss\/\"},\"author\":{\"name\":\"Guilherme Serrano\",\"@id\":\"https:\/\/www.suno.com.br\/noticias\/#\/schema\/person\/d0f07e64bce64aa671feadfb844f04ca\"},\"headline\":\"Governo pede ao STF mais prazo para acordo sobre participa\u00e7\u00e3o na Eletrobras (ELET3)\",\"datePublished\":\"2024-08-02T12:49:14+00:00\",\"dateModified\":\"2024-08-02T12:49:18+00:00\",\"mainEntityOfPage\":{\"@id\":\"https:\/\/www.suno.com.br\/noticias\/eletrobras-elet3-governo-prazo-acordo-ec-gss\/\"},\"wordCount\":625,\"publisher\":{\"@id\":\"https:\/\/www.suno.com.br\/noticias\/#organization\"},\"image\":{\"@id\":\"https:\/\/www.suno.com.br\/noticias\/eletrobras-elet3-governo-prazo-acordo-ec-gss\/#primaryimage\"},\"thumbnailUrl\":\"https:\/\/files.sunoresearch.com.br\/n\/uploads\/2022\/06\/eletrobras-logo-1.png\",\"keywords\":[\"Eletrobras (ELET3\/ELET5\/ELET6)\"],\"articleSection\":[\"Neg\u00f3cios\"],\"inLanguage\":\"pt-BR\"},{\"@type\":\"WebPage\",\"@id\":\"https:\/\/www.suno.com.br\/noticias\/eletrobras-elet3-governo-prazo-acordo-ec-gss\/\",\"url\":\"https:\/\/www.suno.com.br\/noticias\/eletrobras-elet3-governo-prazo-acordo-ec-gss\/\",\"name\":\"Eletrobras (ELET3): governo pede mais prazo para acordo\",\"isPartOf\":{\"@id\":\"https:\/\/www.suno.com.br\/noticias\/#website\"},\"primaryImageOfPage\":{\"@id\":\"https:\/\/www.suno.com.br\/noticias\/eletrobras-elet3-governo-prazo-acordo-ec-gss\/#primaryimage\"},\"image\":{\"@id\":\"https:\/\/www.suno.com.br\/noticias\/eletrobras-elet3-governo-prazo-acordo-ec-gss\/#primaryimage\"},\"thumbnailUrl\":\"https:\/\/files.sunoresearch.com.br\/n\/uploads\/2022\/06\/eletrobras-logo-1.png\",\"datePublished\":\"2024-08-02T12:49:14+00:00\",\"dateModified\":\"2024-08-02T12:49:18+00:00\",\"description\":\"A tentativa de concilia\u00e7\u00e3o entre o governo e a Eletrobras envolvendo a disputa por assentos no conselho da empresa segue sem resolu\u00e7\u00e3o.\",\"breadcrumb\":{\"@id\":\"https:\/\/www.suno.com.br\/noticias\/eletrobras-elet3-governo-prazo-acordo-ec-gss\/#breadcrumb\"},\"inLanguage\":\"pt-BR\",\"potentialAction\":[{\"@type\":\"ReadAction\",\"target\":[\"https:\/\/www.suno.com.br\/noticias\/eletrobras-elet3-governo-prazo-acordo-ec-gss\/\"]}]},{\"@type\":\"ImageObject\",\"inLanguage\":\"pt-BR\",\"@id\":\"https:\/\/www.suno.com.br\/noticias\/eletrobras-elet3-governo-prazo-acordo-ec-gss\/#primaryimage\",\"url\":\"https:\/\/files.sunoresearch.com.br\/n\/uploads\/2022\/06\/eletrobras-logo-1.png\",\"contentUrl\":\"https:\/\/files.sunoresearch.com.br\/n\/uploads\/2022\/06\/eletrobras-logo-1.png\",\"width\":3500,\"height\":2187,\"caption\":\"Eletrobras (ELET3). Foto: Reprodu\u00e7\u00e3o\"},{\"@type\":\"BreadcrumbList\",\"@id\":\"https:\/\/www.suno.com.br\/noticias\/eletrobras-elet3-governo-prazo-acordo-ec-gss\/#breadcrumb\",\"itemListElement\":[{\"@type\":\"ListItem\",\"position\":1,\"name\":\"Not\u00edcias\",\"item\":\"https:\/\/www.suno.com.br\/noticias\/\"},{\"@type\":\"ListItem\",\"position\":2,\"name\":\"Neg\u00f3cios\",\"item\":\"https:\/\/www.suno.com.br\/noticias\/negocios\/\"},{\"@type\":\"ListItem\",\"position\":3,\"name\":\"Governo pede ao STF mais prazo para acordo sobre participa\u00e7\u00e3o na Eletrobras (ELET3)\"}]},{\"@type\":\"WebSite\",\"@id\":\"https:\/\/www.suno.com.br\/noticias\/#website\",\"url\":\"https:\/\/www.suno.com.br\/noticias\/\",\"name\":\"Suno Not\u00edcias\",\"description\":\"Seu portal de informa\u00e7\u00e3o sobre o mundo dos investimentos\",\"publisher\":{\"@id\":\"https:\/\/www.suno.com.br\/noticias\/#organization\"},\"potentialAction\":[{\"@type\":\"SearchAction\",\"target\":{\"@type\":\"EntryPoint\",\"urlTemplate\":\"https:\/\/www.suno.com.br\/noticias\/?s={search_term_string}\"},\"query-input\":{\"@type\":\"PropertyValueSpecification\",\"valueRequired\":true,\"valueName\":\"search_term_string\"}}],\"inLanguage\":\"pt-BR\"},{\"@type\":\"Organization\",\"@id\":\"https:\/\/www.suno.com.br\/noticias\/#organization\",\"name\":\"Suno Not\u00edcias\",\"url\":\"https:\/\/www.suno.com.br\/noticias\/\",\"logo\":{\"@type\":\"ImageObject\",\"inLanguage\":\"pt-BR\",\"@id\":\"https:\/\/www.suno.com.br\/noticias\/#\/schema\/logo\/image\/\",\"url\":\"https:\/\/files.sunoresearch.com.br\/n\/uploads\/2021\/09\/suno-logo.png\",\"contentUrl\":\"https:\/\/files.sunoresearch.com.br\/n\/uploads\/2021\/09\/suno-logo.png\",\"width\":180,\"height\":180,\"caption\":\"Suno Not\u00edcias\"},\"image\":{\"@id\":\"https:\/\/www.suno.com.br\/noticias\/#\/schema\/logo\/image\/\"},\"sameAs\":[\"https:\/\/facebook.com\/sunoresearch\",\"https:\/\/x.com\/sunoresearch\",\"https:\/\/www.instagram.com\/suno\",\"https:\/\/www.linkedin.com\/company\/suno-research\/\",\"https:\/\/www.youtube.com\/c\/sunoresearch\"]},{\"@type\":\"Person\",\"@id\":\"https:\/\/www.suno.com.br\/noticias\/#\/schema\/person\/d0f07e64bce64aa671feadfb844f04ca\",\"name\":\"Guilherme Serrano\",\"image\":{\"@type\":\"ImageObject\",\"inLanguage\":\"pt-BR\",\"@id\":\"https:\/\/www.suno.com.br\/noticias\/#\/schema\/person\/image\/\",\"url\":\"https:\/\/secure.gravatar.com\/avatar\/a90be19d8c67bef61497e4522de30ac4?s=96&r=g\",\"contentUrl\":\"https:\/\/secure.gravatar.com\/avatar\/a90be19d8c67bef61497e4522de30ac4?s=96&r=g\",\"caption\":\"Guilherme Serrano\"},\"description\":\"Jornalista formado pela Faculdade C\u00e1sper L\u00edbero e p\u00f3s-graduado em Can\u00e7\u00e3o Popular pela Faculdade Santa Marcelina. Passagens por R\u00e1dio Gazeta AM, gazetaesportiva.com e TC R\u00e1dio.\",\"url\":\"https:\/\/www.suno.com.br\/noticias\/author\/guilherme-silvasuno-com-br\/\"}]}<\/script>\n<!-- \/ Yoast SEO plugin. -->","yoast_head_json":{"title":"Eletrobras (ELET3): governo pede mais prazo para acordo","description":"A tentativa de concilia\u00e7\u00e3o entre o governo e a Eletrobras envolvendo a disputa por assentos no conselho da empresa segue sem resolu\u00e7\u00e3o.","robots":{"index":"index","follow":"follow","max-snippet":"max-snippet:-1","max-image-preview":"max-image-preview:large","max-video-preview":"max-video-preview:-1"},"canonical":"https:\/\/www.suno.com.br\/noticias\/eletrobras-elet3-governo-prazo-acordo-ec-gss\/","og_locale":"pt_BR","og_type":"article","og_title":"Eletrobras (ELET3): governo pede mais prazo para acordo","og_description":"A tentativa de concilia\u00e7\u00e3o entre o governo e a Eletrobras envolvendo a disputa por assentos no conselho da empresa segue sem resolu\u00e7\u00e3o.","og_url":"https:\/\/www.suno.com.br\/noticias\/eletrobras-elet3-governo-prazo-acordo-ec-gss\/","og_site_name":"Suno Not\u00edcias","article_publisher":"https:\/\/facebook.com\/sunoresearch","og_image":[{"width":3500,"height":2187,"url":"https:\/\/files.sunoresearch.com.br\/n\/uploads\/2022\/06\/eletrobras-logo-1.png","type":"image\/png"}],"author":"Guilherme Serrano","twitter_card":"summary_large_image","twitter_creator":"@sunoresearch","twitter_site":"@sunoresearch","twitter_misc":{"Escrito por":"Guilherme Serrano","Est. tempo de leitura":"4 minutos"},"schema":{"@context":"https:\/\/schema.org","@graph":[{"@type":"NewsArticle","@id":"https:\/\/www.suno.com.br\/noticias\/eletrobras-elet3-governo-prazo-acordo-ec-gss\/#article","isPartOf":{"@id":"https:\/\/www.suno.com.br\/noticias\/eletrobras-elet3-governo-prazo-acordo-ec-gss\/"},"author":{"name":"Guilherme Serrano","@id":"https:\/\/www.suno.com.br\/noticias\/#\/schema\/person\/d0f07e64bce64aa671feadfb844f04ca"},"headline":"Governo pede ao STF mais prazo para acordo sobre participa\u00e7\u00e3o na Eletrobras (ELET3)","datePublished":"2024-08-02T12:49:14+00:00","dateModified":"2024-08-02T12:49:18+00:00","mainEntityOfPage":{"@id":"https:\/\/www.suno.com.br\/noticias\/eletrobras-elet3-governo-prazo-acordo-ec-gss\/"},"wordCount":625,"publisher":{"@id":"https:\/\/www.suno.com.br\/noticias\/#organization"},"image":{"@id":"https:\/\/www.suno.com.br\/noticias\/eletrobras-elet3-governo-prazo-acordo-ec-gss\/#primaryimage"},"thumbnailUrl":"https:\/\/files.sunoresearch.com.br\/n\/uploads\/2022\/06\/eletrobras-logo-1.png","keywords":["Eletrobras (ELET3\/ELET5\/ELET6)"],"articleSection":["Neg\u00f3cios"],"inLanguage":"pt-BR"},{"@type":"WebPage","@id":"https:\/\/www.suno.com.br\/noticias\/eletrobras-elet3-governo-prazo-acordo-ec-gss\/","url":"https:\/\/www.suno.com.br\/noticias\/eletrobras-elet3-governo-prazo-acordo-ec-gss\/","name":"Eletrobras (ELET3): governo pede mais prazo para acordo","isPartOf":{"@id":"https:\/\/www.suno.com.br\/noticias\/#website"},"primaryImageOfPage":{"@id":"https:\/\/www.suno.com.br\/noticias\/eletrobras-elet3-governo-prazo-acordo-ec-gss\/#primaryimage"},"image":{"@id":"https:\/\/www.suno.com.br\/noticias\/eletrobras-elet3-governo-prazo-acordo-ec-gss\/#primaryimage"},"thumbnailUrl":"https:\/\/files.sunoresearch.com.br\/n\/uploads\/2022\/06\/eletrobras-logo-1.png","datePublished":"2024-08-02T12:49:14+00:00","dateModified":"2024-08-02T12:49:18+00:00","description":"A tentativa de concilia\u00e7\u00e3o entre o governo e a Eletrobras envolvendo a disputa por assentos no conselho da empresa segue sem resolu\u00e7\u00e3o.","breadcrumb":{"@id":"https:\/\/www.suno.com.br\/noticias\/eletrobras-elet3-governo-prazo-acordo-ec-gss\/#breadcrumb"},"inLanguage":"pt-BR","potentialAction":[{"@type":"ReadAction","target":["https:\/\/www.suno.com.br\/noticias\/eletrobras-elet3-governo-prazo-acordo-ec-gss\/"]}]},{"@type":"ImageObject","inLanguage":"pt-BR","@id":"https:\/\/www.suno.com.br\/noticias\/eletrobras-elet3-governo-prazo-acordo-ec-gss\/#primaryimage","url":"https:\/\/files.sunoresearch.com.br\/n\/uploads\/2022\/06\/eletrobras-logo-1.png","contentUrl":"https:\/\/files.sunoresearch.com.br\/n\/uploads\/2022\/06\/eletrobras-logo-1.png","width":3500,"height":2187,"caption":"Eletrobras (ELET3). Foto: Reprodu\u00e7\u00e3o"},{"@type":"BreadcrumbList","@id":"https:\/\/www.suno.com.br\/noticias\/eletrobras-elet3-governo-prazo-acordo-ec-gss\/#breadcrumb","itemListElement":[{"@type":"ListItem","position":1,"name":"Not\u00edcias","item":"https:\/\/www.suno.com.br\/noticias\/"},{"@type":"ListItem","position":2,"name":"Neg\u00f3cios","item":"https:\/\/www.suno.com.br\/noticias\/negocios\/"},{"@type":"ListItem","position":3,"name":"Governo pede ao STF mais prazo para acordo sobre participa\u00e7\u00e3o na Eletrobras (ELET3)"}]},{"@type":"WebSite","@id":"https:\/\/www.suno.com.br\/noticias\/#website","url":"https:\/\/www.suno.com.br\/noticias\/","name":"Suno Not\u00edcias","description":"Seu portal de informa\u00e7\u00e3o sobre o mundo dos investimentos","publisher":{"@id":"https:\/\/www.suno.com.br\/noticias\/#organization"},"potentialAction":[{"@type":"SearchAction","target":{"@type":"EntryPoint","urlTemplate":"https:\/\/www.suno.com.br\/noticias\/?s={search_term_string}"},"query-input":{"@type":"PropertyValueSpecification","valueRequired":true,"valueName":"search_term_string"}}],"inLanguage":"pt-BR"},{"@type":"Organization","@id":"https:\/\/www.suno.com.br\/noticias\/#organization","name":"Suno Not\u00edcias","url":"https:\/\/www.suno.com.br\/noticias\/","logo":{"@type":"ImageObject","inLanguage":"pt-BR","@id":"https:\/\/www.suno.com.br\/noticias\/#\/schema\/logo\/image\/","url":"https:\/\/files.sunoresearch.com.br\/n\/uploads\/2021\/09\/suno-logo.png","contentUrl":"https:\/\/files.sunoresearch.com.br\/n\/uploads\/2021\/09\/suno-logo.png","width":180,"height":180,"caption":"Suno Not\u00edcias"},"image":{"@id":"https:\/\/www.suno.com.br\/noticias\/#\/schema\/logo\/image\/"},"sameAs":["https:\/\/facebook.com\/sunoresearch","https:\/\/x.com\/sunoresearch","https:\/\/www.instagram.com\/suno","https:\/\/www.linkedin.com\/company\/suno-research\/","https:\/\/www.youtube.com\/c\/sunoresearch"]},{"@type":"Person","@id":"https:\/\/www.suno.com.br\/noticias\/#\/schema\/person\/d0f07e64bce64aa671feadfb844f04ca","name":"Guilherme Serrano","image":{"@type":"ImageObject","inLanguage":"pt-BR","@id":"https:\/\/www.suno.com.br\/noticias\/#\/schema\/person\/image\/","url":"https:\/\/secure.gravatar.com\/avatar\/a90be19d8c67bef61497e4522de30ac4?s=96&r=g","contentUrl":"https:\/\/secure.gravatar.com\/avatar\/a90be19d8c67bef61497e4522de30ac4?s=96&r=g","caption":"Guilherme Serrano"},"description":"Jornalista formado pela Faculdade C\u00e1sper L\u00edbero e p\u00f3s-graduado em Can\u00e7\u00e3o Popular pela Faculdade Santa Marcelina. Passagens por R\u00e1dio Gazeta AM, gazetaesportiva.com e TC R\u00e1dio.","url":"https:\/\/www.suno.com.br\/noticias\/author\/guilherme-silvasuno-com-br\/"}]}},"default_loop_html":"<div class=\"cardsPage__listCard__boxs\"><div class=\"cardsPage__listCard__boxs__img\"><a href=\"https:\/\/www.suno.com.br\/noticias\/eletrobras-elet3-governo-prazo-acordo-ec-gss\/\"><img class=\"mask\" src=\"https:\/\/www.suno.com.br\/noticias\/wp-content\/themes\/suno\/resources\/images\/spotlight\/spotlight1img\/bg-mask.png\" alt=\"Image Mask\"\/><img src=\"https:\/\/files.sunoresearch.com.br\/n\/uploads\/2022\/06\/eletrobras-logo-1-400x200.png\" alt=\"Governo pede ao STF mais prazo para acordo sobre participa\u00e7\u00e3o na Eletrobras (ELET3)\"\/><\/a><span class=\"spotlightCategory\"><a href=\"https:\/\/www.suno.com.br\/noticias\/negocios\/\">Neg\u00f3cios<\/a><\/span><\/div><div class=\"cardsPage__listCard__boxs__content\"><a href=\"https:\/\/www.suno.com.br\/noticias\/eletrobras-elet3-governo-prazo-acordo-ec-gss\/\"><h2 class=\"content__title\">Governo pede ao STF mais prazo para acordo sobre participa\u00e7\u00e3o na Eletrobras (ELET3)<\/h2><\/a><div class=\"newsContent__article__meta\"><div class=\"newsContent__article__meta__authorBox\"><a href=\"https:\/\/www.suno.com.br\/noticias\/author\/guilherme-silvasuno-com-br\/\" class=\"authorBox__avatar noMobi\"><img src=\"https:\/\/secure.gravatar.com\/avatar\/a90be19d8c67bef61497e4522de30ac4?s=96&#038;r=g\" alt=\"Guilherme Serrano\"><\/a><div class=\"authorBox__name\"><span>por\n\t\t\t<a href=\"https:\/\/www.suno.com.br\/noticias\/author\/guilherme-silvasuno-com-br\/\"><span itemprop=\"author\">Guilherme Serrano<\/span><\/a><\/span><time datetime=\"2024-08-02T09:49:14-03:00\" itemprop=\"datePublished\">02\/08\/2024 09:49<\/time><\/div><\/div><\/div><\/div><\/div>","single_layout":"posts","amp_enabled":true,"_links":{"self":[{"href":"https:\/\/www.suno.com.br\/noticias\/wp-json\/wp\/v2\/posts\/568957"}],"collection":[{"href":"https:\/\/www.suno.com.br\/noticias\/wp-json\/wp\/v2\/posts"}],"about":[{"href":"https:\/\/www.suno.com.br\/noticias\/wp-json\/wp\/v2\/types\/post"}],"author":[{"embeddable":true,"href":"https:\/\/www.suno.com.br\/noticias\/wp-json\/wp\/v2\/users\/376"}],"replies":[{"embeddable":true,"href":"https:\/\/www.suno.com.br\/noticias\/wp-json\/wp\/v2\/comments?post=568957"}],"version-history":[{"count":2,"href":"https:\/\/www.suno.com.br\/noticias\/wp-json\/wp\/v2\/posts\/568957\/revisions"}],"predecessor-version":[{"id":568985,"href":"https:\/\/www.suno.com.br\/noticias\/wp-json\/wp\/v2\/posts\/568957\/revisions\/568985"}],"wp:featuredmedia":[{"embeddable":true,"href":"https:\/\/www.suno.com.br\/noticias\/wp-json\/wp\/v2\/media\/265253"}],"wp:attachment":[{"href":"https:\/\/www.suno.com.br\/noticias\/wp-json\/wp\/v2\/media?parent=568957"}],"wp:term":[{"taxonomy":"category","embeddable":true,"href":"https:\/\/www.suno.com.br\/noticias\/wp-json\/wp\/v2\/categories?post=568957"},{"taxonomy":"post_tag","embeddable":true,"href":"https:\/\/www.suno.com.br\/noticias\/wp-json\/wp\/v2\/tags?post=568957"},{"taxonomy":"suno_strategy","embeddable":true,"href":"https:\/\/www.suno.com.br\/noticias\/wp-json\/wp\/v2\/suno_strategy?post=568957"}],"curies":[{"name":"wp","href":"https:\/\/api.w.org\/{rel}","templated":true}]}}