{"id":568859,"date":"2024-08-01T16:06:06","date_gmt":"2024-08-01T19:06:06","guid":{"rendered":"https:\/\/www.suno.com.br\/noticias\/?p=568859"},"modified":"2024-08-01T16:06:09","modified_gmt":"2024-08-01T19:06:09","slug":"petrobras-petr4-magda-chambriard-indicacoes-politicas-coluna-gss-2","status":"publish","type":"post","link":"https:\/\/www.suno.com.br\/noticias\/petrobras-petr4-magda-chambriard-indicacoes-politicas-coluna-gss-2\/","title":{"rendered":"Magda Chambriard amplia indica\u00e7\u00f5es pol\u00edticas na Petrobras (PETR4), diz coluna"},"content":{"rendered":"<p>De acordo com a colunista Malu Gaspar, do jornal O Globo, Magda Chambriard, presidente da <strong>Petrobras<\/strong> (<a class=\"suno-keyword\" data-force=\"yes\" data-priority=\"2\" href=\"https:\/\/www.suno.com.br\/analitica\/acoes\/petr4\/\" target=\"_blank\" rel=\"noopener\">PETR4<\/a>), vem promovendo mudan\u00e7as nas ger\u00eancias-executivas da companhia com o objetivo de acomodar indica\u00e7\u00f5es pol\u00edticas.<\/p>\t<div class=\"wrapper-featured-image\">\n\t\t<figure class=\"spotlightImg\">\n\n\t\t\t<picture>\n\t\t\t\t<source media=\"(max-width: 768px)\" srcset=\"https:\/\/files.sunoresearch.com.br\/n\/uploads\/2024\/05\/Coletiva_Magda-Chambriard-1-1-400x200.jpg\">\n\t\t\t\t<img loading=\"lazy\" decoding=\"async\" class=\"newsContent__article__imgCapa lazyloadDisabled \" src=\"https:\/\/files.sunoresearch.com.br\/n\/uploads\/2024\/05\/Coletiva_Magda-Chambriard-1-1-800x450.jpg\" width=\"800\" height=\"450\" alt=\"Magda Chambriard amplia indica\u00e7\u00f5es pol\u00edticas na Petrobras (PETR4), diz coluna\" fetchpriority=high \/>\n\t\t\t<\/picture>\n\n\t\t\t<figcaption class=\"wp-caption-text wp-caption-text--show\">Magda Chambriard, CEO da Petrobras. Foto: Rafael Pereira\/Ag\u00eancia Petrobras<\/figcaption>\n\t\t<\/figure>\n\t<\/div>\n\n\n\n\n\n\n\n\t<p>\n\t\t<a href=\"https:\/\/lp.suno.com.br\/planilha-da-vida-financeira\/\" target=\"_blank\" data-element=\"shortcode-suno-banner\" title=\"Banner SUNO, clique e saiba mais\">\n\t\t\t<picture>\n\t\t\t\t<source media=\"(max-width: 500px)\" srcset=\"https:\/\/files.sunoresearch.com.br\/n\/uploads\/2023\/04\/400x300-Planilha-vida-financeira-true.png\">\n\t\t\t\t<img class=\"newsContent__article__imgCapa newsContent__article__imgCapa--banner\"\n\t\t\t\t\tsrc=\"https:\/\/files.sunoresearch.com.br\/n\/uploads\/2023\/04\/1420x240-Planilha-vida-financeira-true.png\"\n\t\t\t\t\tdata-promo-id=\"106682\"\t\t\t\t\t\t\t\t\t\twidth='1420' height='240'\t\t\t\t\talt=\"https:\/\/files.sunoresearch.com.br\/n\/uploads\/2023\/04\/1420x240-Planilha-vida-financeira-true.png\"\n\t\t\t\t>\n\t\t\t<\/picture>\n\t\t<\/a>\n\t<\/p>\n\n\n\n\n\n<p>Nesta quarta-feira (31), segundo a publica\u00e7\u00e3o, uma reuni\u00e3o da c\u00fapula da empresa confirmou a destitui\u00e7\u00e3o de nove executivos e a sa\u00edda de dois dirigentes. O movimento seria visto como um esfor\u00e7o para acomodar indica\u00e7\u00f5es pol\u00edticas do Partido dos Trabalhadores (<strong>PT<\/strong>), do presidente da Rep\u00fablica, Luiz In\u00e1cio <strong>Lula<\/strong> da Silva, e da Federa\u00e7\u00e3o \u00danica dos Petroleiros (<strong>FUP<\/strong>).<\/p>\n\n\n\n<p>A diretoria executiva da Petrobras deliberou pela sa\u00edda de <strong>Suen Marcet<\/strong>, gerente-executivo de Sistemas Submarinos e de <strong>Leonardo Mau\u00e9s<\/strong>, gerente-executivo de Gest\u00e3o Integrada de Recursos e Projetos. Os profissionais eram remanescentes da gest\u00e3o Jean Paul Prates, que foi demitido por Lula em maio deste ano.<\/p>\n\n\n\n<p>As ger\u00eancias-executivas s\u00e3o consideradas estrat\u00e9gicas para a companhia, uma vez que alguns dos profissionais que ocupam esses cargos possuem assentos no comit\u00ea estatut\u00e1rio de investimentos, ao lado de <strong>diretores da Petrobras<\/strong>. Al\u00e9m disso, os sal\u00e1rios est\u00e3o em torno dos R$ 80 mil, e os cargos concentram poderes e or\u00e7amentos \u00e0 frente de vice-presidentes de empresas privadas.<\/p>\n\n\n\t<p>\n\t\t<a href=\"https:\/\/lp.suno.com.br\/ebook-como-analisar-uma-acao\/\" target=\"_blank\" data-element=\"shortcode-suno-banner\" title=\"Banner SUNO, clique e saiba mais\">\n\t\t\t<picture>\n\t\t\t\t<source media=\"(max-width: 500px)\" srcset=\"https:\/\/files.sunoresearch.com.br\/n\/uploads\/2023\/03\/Ebook-Acoes-Mobile.jpg\">\n\t\t\t\t<img class=\"newsContent__article__imgCapa newsContent__article__imgCapa--banner\"\n\t\t\t\t\tsrc=\"https:\/\/files.sunoresearch.com.br\/n\/uploads\/2023\/03\/Ebook-Acoes-Desktop.jpg\"\n\t\t\t\t\tdata-promo-id=\"378302\"\t\t\t\t\t\t\t\t\t\twidth='1420' height='286'\t\t\t\t\talt=\"https:\/\/files.sunoresearch.com.br\/n\/uploads\/2023\/03\/Ebook-Acoes-Desktop.jpg\"\n\t\t\t\t>\n\t\t\t<\/picture>\n\t\t<\/a>\n\t<\/p>\n\n\n\n\n\n<p>De acordo com a colunista, a reuni\u00e3o tamb\u00e9m oficializou uma troca em massa de gerentes-executivos. As mudan\u00e7as mais relevantes dizem respeito \u00e0 sa\u00edda de <strong>Marcio Kahn<\/strong>, respons\u00e1vel pelo campo de B\u00fazios e <strong>Ana Zettel<\/strong>, gerente de gest\u00e3o de parcerias e processos de Explora\u00e7\u00e3o e Produ\u00e7\u00e3o, \u00e1rea respons\u00e1vel pela administra\u00e7\u00e3o das parcerias da Petrobras com outras empresas, da ger\u00eancia do portf\u00f3lio da companhia e da avalia\u00e7\u00e3o do desempenho dos campos.<\/p>\n\n\n\n<p>A publica\u00e7\u00e3o ainda complementa dizendo que Kahn ser\u00e1 substitu\u00eddo por <strong>Wagner Victer<\/strong>, ex-secret\u00e1rio de energia do Rio de Janeiro nos governos Anthony Garotinho e Rosinha. Ele foi servidor da Petrobras, mas se afastou da companhia h\u00e1 pelo menos 24 anos para assumir cargos pol\u00edticos, e agora vai administrar o maior campo de petr\u00f3leo em \u00e1guas profundas do mundo.<\/p>\n\n\n\n<h2 class=\"wp-block-heading\">Desempenho das a\u00e7\u00f5es da Petrobras (PETR4):<\/h2>\n\n\n\n<p>Confira a movimenta\u00e7\u00e3o dos pap\u00e9is da <strong>Petrobras<\/strong> (PETR4) nos \u00faltimos 30 dias:<\/p>\n\n\n\n<div class=\"pluginQuotation\">\n  <p class=\"ticker\">\n    Cota\u00e7\u00e3o <span>petr4<\/span>\n  <\/p>\n  <div class=\"info\">\n    <div class=\"leftSide\">\n      Gr\u00e1fico gerado em: 01\/08\/2024    <\/div>\n\t\t\t\t\t<div class=\"rightSide\">\n\t\t\t\t\t<span class=\"period\">\n\t\t\t\t\t\t1 M\u00eas\t\t\t\t\t<\/span>\n\t\t\t<\/div>\n\t\t  <\/div>\n\n  <div id=\"chart-386bbe13a7e5636316a226a857efb342\" data-block-hash=\"386bbe13a7e5636316a226a857efb342\"  class=\"chart\" style=\"width:100%;height:400px;\"><\/div>\n\n  <div class=\"pluginQuotation__footer\">\n    <div class=\"dataChart\">\n\n      <div class=\"dataChart__div1 variation\">\n        <div class=\"value-negative\">\n          -4,28 (-1,65%)        <\/div>\n        <div class=\"text\">\n          Varia\u00e7\u00e3o do per\u00edodo\n        <\/div>\n      <\/div>\n\n      <div class=\"dataChart__div2 minMax\">\n        <div class=\"value\">\n          R$\u00a036,65        <\/div>\n        <div class=\"text\">\n          M\u00ednima\n        <\/div>\n      <\/div>\n\n      <div class=\"dataChart__div3 minMax\">\n        <div class=\"value\">\n          R$\u00a038,69        <\/div>\n        <div class=\"text\">\n          M\u00e1xima\n        <\/div>\n      <\/div>\n\n\t\t\t<div class=\"dataChart__div4 rightSide\">\n\t\t\t\t<div class=\"analiticaSource\">\n\t\t\t\t\t<span>\n\t\t\t\t\t\tFonte:\n\t\t\t\t\t<\/span>\n\t\t\t\t\t<img decoding=\"async\" class=\"analiticaLogo\" src=\"https:\/\/www.suno.com.br\/noticias\/wp-content\/plugins\/suno-block-ticker-quotation\/src\/suno-analitica-logo.png\" alt=\"Logo Suno Anal\u00edtica\" \/>\n\t\t\t\t<\/div>\n\n\t\t\t\t<a href=\"https:\/\/www.suno.com.br\/analitica\/acoes\/petr4\" target=\"_blank\">\n\t\t\t\t\t<span>\n\t\t\t\t\t\tVer mais cota\u00e7\u00f5es\n\t\t\t\t\t<\/span>\n\t\t\t\t\t<svg xmlns=\"http:\/\/www.w3.org\/2000\/svg\" width=\"9\" height=\"8\" viewBox=\"0 0 9 8\" fill=\"none\">\n\t\t\t\t\t\t<path d=\"M4.20996 0L3.50496 0.705L6.29496 3.5H0.209961V4.5H6.29496L3.50496 7.295L4.20996 8L8.20996 4L4.20996 0Z\" fill=\"#D42126\" \/>\n\t\t\t\t\t<\/svg>\n\t\t\t\t<\/a>\n    <\/div>\n\n    <\/div>\n  <\/div>\n<\/div>\n\n\n<script type=\"text\/javascript\">\n  let chart_386bbe13a7e5636316a226a857efb342 = document.getElementById('chart-386bbe13a7e5636316a226a857efb342');\n  let data_json_386bbe13a7e5636316a226a857efb342 = \"[{\\\"date\\\":\\\"02\\\\\\\/07\\\\\\\/24 \\\",\\\"value\\\":38.51},{\\\"date\\\":\\\"03\\\\\\\/07\\\\\\\/24 \\\",\\\"value\\\":37.84},{\\\"date\\\":\\\"04\\\\\\\/07\\\\\\\/24 \\\",\\\"value\\\":37.32},{\\\"date\\\":\\\"05\\\\\\\/07\\\\\\\/24 \\\",\\\"value\\\":37.52},{\\\"date\\\":\\\"08\\\\\\\/07\\\\\\\/24 \\\",\\\"value\\\":38.44},{\\\"date\\\":\\\"09\\\\\\\/07\\\\\\\/24 \\\",\\\"value\\\":38.43},{\\\"date\\\":\\\"10\\\\\\\/07\\\\\\\/24 \\\",\\\"value\\\":38.07},{\\\"date\\\":\\\"11\\\\\\\/07\\\\\\\/24 \\\",\\\"value\\\":38.33},{\\\"date\\\":\\\"12\\\\\\\/07\\\\\\\/24 \\\",\\\"value\\\":38.15},{\\\"date\\\":\\\"15\\\\\\\/07\\\\\\\/24 \\\",\\\"value\\\":38.5},{\\\"date\\\":\\\"16\\\\\\\/07\\\\\\\/24 \\\",\\\"value\\\":38.4},{\\\"date\\\":\\\"17\\\\\\\/07\\\\\\\/24 \\\",\\\"value\\\":38.6},{\\\"date\\\":\\\"18\\\\\\\/07\\\\\\\/24 \\\",\\\"value\\\":38.53},{\\\"date\\\":\\\"19\\\\\\\/07\\\\\\\/24 \\\",\\\"value\\\":38.69},{\\\"date\\\":\\\"22\\\\\\\/07\\\\\\\/24 \\\",\\\"value\\\":37.92},{\\\"date\\\":\\\"23\\\\\\\/07\\\\\\\/24 \\\",\\\"value\\\":37.43},{\\\"date\\\":\\\"24\\\\\\\/07\\\\\\\/24 \\\",\\\"value\\\":37.73},{\\\"date\\\":\\\"25\\\\\\\/07\\\\\\\/24 \\\",\\\"value\\\":37.68},{\\\"date\\\":\\\"26\\\\\\\/07\\\\\\\/24 \\\",\\\"value\\\":37.64},{\\\"date\\\":\\\"29\\\\\\\/07\\\\\\\/24 \\\",\\\"value\\\":36.88},{\\\"date\\\":\\\"30\\\\\\\/07\\\\\\\/24 \\\",\\\"value\\\":36.65},{\\\"date\\\":\\\"31\\\\\\\/07\\\\\\\/24 \\\",\\\"value\\\":37.41},{\\\"date\\\":\\\"01\\\\\\\/08\\\\\\\/24 \\\",\\\"value\\\":36.86}]\";\n  let isPositive_386bbe13a7e5636316a226a857efb342 = \"\";\n\n  let color_386bbe13a7e5636316a226a857efb342 = isPositive_386bbe13a7e5636316a226a857efb342 ? '#3AB53A' : '#D92C2D';\n\n  let data_386bbe13a7e5636316a226a857efb342 = JSON.parse(data_json_386bbe13a7e5636316a226a857efb342);\n\n  const result_386bbe13a7e5636316a226a857efb342 = {\n    date: [],\n    value: [],\n  };\n\n  data_386bbe13a7e5636316a226a857efb342.forEach((item) => {\n    result_386bbe13a7e5636316a226a857efb342.date.push(item.date);\n    result_386bbe13a7e5636316a226a857efb342.value.push(Number(item.value));\n  });\n\n  let option_386bbe13a7e5636316a226a857efb342 = {\n    \/\/ variavel de cor global\n    color: [color_386bbe13a7e5636316a226a857efb342],\n    title: {\n      text: '',\n    },\n    tooltip: {\n      trigger: 'axis',\n      axisPointer: {\n        type: 'cross',\n        label: {\n          \/\/ cor dos valores em X e Y\n          backgroundColor: color_386bbe13a7e5636316a226a857efb342,\n          formatter: (value) => {\n            if (typeof value.value === 'number') {\n              return Number(value.value).toLocaleString('pt-br', {\n                style: 'currency',\n                currency: 'BRL'\n              });\n            }\n            return value.value;\n          },\n        },\n      },\n      valueFormatter: (value) => Number(value).toLocaleString('pt-br', {\n        style: 'currency',\n        currency: 'BRL'\n      }),\n    },\n    legend: {\n      \/\/ data: ['Valor de Fechamento'],\n      show: false,\n    },\n    toolbox: {\n      feature: {\n        saveAsImage: {\n          show: false,\n        },\n      },\n    },\n    grid: {\n      left: '0px',\n      right: '0px',\n      bottom: '0px',\n      containLabel: true,\n    },\n    xAxis: [{\n      type: 'category',\n      data: result_386bbe13a7e5636316a226a857efb342.date,\n      boundaryGap: true,\n    }],\n    yAxis: [{\n      type: 'value',\n      min: Math.min(...result_386bbe13a7e5636316a226a857efb342.value),\n      max: Math.max(...result_386bbe13a7e5636316a226a857efb342.value),\n      axisLabel: {\n        formatter: (value) => value.toLocaleString('pt-br', {\n          style: 'currency',\n          currency: 'BRL'\n        }),\n      },\n    }],\n    series: [{\n      name: 'Valor de Fechamento',\n      type: 'line',\n      stack: 'Total',\n      \/\/ cor do grafico\n      areaStyle: {},\n      emphasis: {\n        focus: 'series',\n      },\n      data: result_386bbe13a7e5636316a226a857efb342.value,\n      \/\/ cor da linha\n      lineStyle: {\n        color: color_386bbe13a7e5636316a226a857efb342,\n      },\n    }, ],\n  };\n\n\twindow.chart_386bbe13a7e5636316a226a857efb342 = {\n\t\tel: chart_386bbe13a7e5636316a226a857efb342,\n\t\toption: option_386bbe13a7e5636316a226a857efb342\t};\n\n\n<\/script>\n\n\n\t<p>\n\t\t<a href=\"https:\/\/lp.suno.com.br\/planilha-da-vida-financeira\/\" target=\"_blank\" data-element=\"shortcode-suno-banner\" title=\"Banner SUNO, clique e saiba mais\">\n\t\t\t<picture>\n\t\t\t\t<source media=\"(max-width: 500px)\" srcset=\"https:\/\/files.sunoresearch.com.br\/n\/uploads\/2023\/04\/400x300-Planilha-vida-financeira-true.png\">\n\t\t\t\t<img class=\"newsContent__article__imgCapa newsContent__article__imgCapa--banner\"\n\t\t\t\t\tsrc=\"https:\/\/files.sunoresearch.com.br\/n\/uploads\/2023\/04\/1420x240-Planilha-vida-financeira-true.png\"\n\t\t\t\t\tdata-promo-id=\"383123\"\t\t\t\t\t\t\t\t\t\twidth='1420' height='240'\t\t\t\t\talt=\"https:\/\/files.sunoresearch.com.br\/n\/uploads\/2023\/04\/1420x240-Planilha-vida-financeira-true.png\"\n\t\t\t\t>\n\t\t\t<\/picture>\n\t\t<\/a>\n\t<\/p>\n\n\n","protected":false},"excerpt":{"rendered":"<p>De acordo com a colunista Malu Gaspar, do jornal O Globo, Magda Chambriard, presidente da Petrobras (PETR4), vem promovendo mudan\u00e7as nas ger\u00eancias-executivas da companhia com o objetivo de acomodar indica\u00e7\u00f5es pol\u00edticas. Magda Chambriard, CEO da Petrobras. Foto: Rafael Pereira\/Ag\u00eancia Petrobras Nesta quarta-feira (31), segundo a publica\u00e7\u00e3o, uma reuni\u00e3o da c\u00fapula da empresa confirmou a destitui\u00e7\u00e3o [&hellip;]<\/p>\n","protected":false},"author":376,"featured_media":557670,"comment_status":"closed","ping_status":"closed","sticky":false,"template":"","format":"standard","meta":[],"categories":[64],"tags":[595],"suno_strategy":[],"class_list":["post-568859","post","type-post","status-publish","format-standard","has-post-thumbnail","hentry","category-negocios","tag-petrobras-petr4"],"yoast_head":"<!-- This site is optimized with the Yoast SEO plugin v24.4 - https:\/\/yoast.com\/wordpress\/plugins\/seo\/ -->\n<title>Petrobras (PETR4): indica\u00e7\u00f5es pol\u00edticas aumentam com Magda<\/title>\n<meta name=\"description\" content=\"De acordo com a colunista Malu Gaspar, Magda Chambriard vem promovendo mudan\u00e7as para acomodar indica\u00e7\u00f5es pol\u00edticas na Petrobras.\" \/>\n<meta name=\"robots\" content=\"index, follow, max-snippet:-1, max-image-preview:large, max-video-preview:-1\" \/>\n<link rel=\"canonical\" href=\"https:\/\/www.suno.com.br\/noticias\/petrobras-petr4-magda-chambriard-indicacoes-politicas-coluna-gss-2\/\" \/>\n<meta property=\"og:locale\" content=\"pt_BR\" \/>\n<meta property=\"og:type\" content=\"article\" \/>\n<meta property=\"og:title\" content=\"Petrobras (PETR4): indica\u00e7\u00f5es pol\u00edticas aumentam com Magda\" \/>\n<meta property=\"og:description\" content=\"De acordo com a colunista Malu Gaspar, Magda Chambriard vem promovendo mudan\u00e7as para acomodar indica\u00e7\u00f5es pol\u00edticas na Petrobras.\" \/>\n<meta property=\"og:url\" content=\"https:\/\/www.suno.com.br\/noticias\/petrobras-petr4-magda-chambriard-indicacoes-politicas-coluna-gss-2\/\" \/>\n<meta property=\"og:site_name\" content=\"Suno Not\u00edcias\" \/>\n<meta property=\"article:publisher\" content=\"https:\/\/facebook.com\/sunoresearch\" \/>\n<meta property=\"og:image\" content=\"https:\/\/files.sunoresearch.com.br\/n\/uploads\/2024\/05\/Coletiva_Magda-Chambriard-1-1.jpg\" \/>\n\t<meta property=\"og:image:width\" content=\"1200\" \/>\n\t<meta property=\"og:image:height\" content=\"800\" \/>\n\t<meta property=\"og:image:type\" content=\"image\/jpeg\" \/>\n<meta name=\"author\" content=\"Guilherme Serrano\" \/>\n<meta name=\"twitter:card\" content=\"summary_large_image\" \/>\n<meta name=\"twitter:creator\" content=\"@sunoresearch\" \/>\n<meta name=\"twitter:site\" content=\"@sunoresearch\" \/>\n<meta name=\"twitter:label1\" content=\"Escrito por\" \/>\n\t<meta name=\"twitter:data1\" content=\"Guilherme Serrano\" \/>\n\t<meta name=\"twitter:label2\" content=\"Est. tempo de leitura\" \/>\n\t<meta name=\"twitter:data2\" content=\"2 minutos\" \/>\n<script type=\"application\/ld+json\" class=\"yoast-schema-graph\">{\"@context\":\"https:\/\/schema.org\",\"@graph\":[{\"@type\":\"NewsArticle\",\"@id\":\"https:\/\/www.suno.com.br\/noticias\/petrobras-petr4-magda-chambriard-indicacoes-politicas-coluna-gss-2\/#article\",\"isPartOf\":{\"@id\":\"https:\/\/www.suno.com.br\/noticias\/petrobras-petr4-magda-chambriard-indicacoes-politicas-coluna-gss-2\/\"},\"author\":{\"name\":\"Guilherme Serrano\",\"@id\":\"https:\/\/www.suno.com.br\/noticias\/#\/schema\/person\/d0f07e64bce64aa671feadfb844f04ca\"},\"headline\":\"Magda Chambriard amplia indica\u00e7\u00f5es pol\u00edticas na Petrobras (PETR4), diz coluna\",\"datePublished\":\"2024-08-01T19:06:06+00:00\",\"dateModified\":\"2024-08-01T19:06:09+00:00\",\"mainEntityOfPage\":{\"@id\":\"https:\/\/www.suno.com.br\/noticias\/petrobras-petr4-magda-chambriard-indicacoes-politicas-coluna-gss-2\/\"},\"wordCount\":397,\"publisher\":{\"@id\":\"https:\/\/www.suno.com.br\/noticias\/#organization\"},\"image\":{\"@id\":\"https:\/\/www.suno.com.br\/noticias\/petrobras-petr4-magda-chambriard-indicacoes-politicas-coluna-gss-2\/#primaryimage\"},\"thumbnailUrl\":\"https:\/\/files.sunoresearch.com.br\/n\/uploads\/2024\/05\/Coletiva_Magda-Chambriard-1-1.jpg\",\"keywords\":[\"Petrobras (PETR4)\"],\"articleSection\":[\"Neg\u00f3cios\"],\"inLanguage\":\"pt-BR\"},{\"@type\":\"WebPage\",\"@id\":\"https:\/\/www.suno.com.br\/noticias\/petrobras-petr4-magda-chambriard-indicacoes-politicas-coluna-gss-2\/\",\"url\":\"https:\/\/www.suno.com.br\/noticias\/petrobras-petr4-magda-chambriard-indicacoes-politicas-coluna-gss-2\/\",\"name\":\"Petrobras (PETR4): indica\u00e7\u00f5es pol\u00edticas aumentam com Magda\",\"isPartOf\":{\"@id\":\"https:\/\/www.suno.com.br\/noticias\/#website\"},\"primaryImageOfPage\":{\"@id\":\"https:\/\/www.suno.com.br\/noticias\/petrobras-petr4-magda-chambriard-indicacoes-politicas-coluna-gss-2\/#primaryimage\"},\"image\":{\"@id\":\"https:\/\/www.suno.com.br\/noticias\/petrobras-petr4-magda-chambriard-indicacoes-politicas-coluna-gss-2\/#primaryimage\"},\"thumbnailUrl\":\"https:\/\/files.sunoresearch.com.br\/n\/uploads\/2024\/05\/Coletiva_Magda-Chambriard-1-1.jpg\",\"datePublished\":\"2024-08-01T19:06:06+00:00\",\"dateModified\":\"2024-08-01T19:06:09+00:00\",\"description\":\"De acordo com a colunista Malu Gaspar, Magda Chambriard vem promovendo mudan\u00e7as para acomodar indica\u00e7\u00f5es pol\u00edticas na Petrobras.\",\"breadcrumb\":{\"@id\":\"https:\/\/www.suno.com.br\/noticias\/petrobras-petr4-magda-chambriard-indicacoes-politicas-coluna-gss-2\/#breadcrumb\"},\"inLanguage\":\"pt-BR\",\"potentialAction\":[{\"@type\":\"ReadAction\",\"target\":[\"https:\/\/www.suno.com.br\/noticias\/petrobras-petr4-magda-chambriard-indicacoes-politicas-coluna-gss-2\/\"]}]},{\"@type\":\"ImageObject\",\"inLanguage\":\"pt-BR\",\"@id\":\"https:\/\/www.suno.com.br\/noticias\/petrobras-petr4-magda-chambriard-indicacoes-politicas-coluna-gss-2\/#primaryimage\",\"url\":\"https:\/\/files.sunoresearch.com.br\/n\/uploads\/2024\/05\/Coletiva_Magda-Chambriard-1-1.jpg\",\"contentUrl\":\"https:\/\/files.sunoresearch.com.br\/n\/uploads\/2024\/05\/Coletiva_Magda-Chambriard-1-1.jpg\",\"width\":1200,\"height\":800,\"caption\":\"Magda Chambriard, CEO da Petrobras. Foto: Rafael Pereira\/Ag\u00eancia Petrobras\"},{\"@type\":\"BreadcrumbList\",\"@id\":\"https:\/\/www.suno.com.br\/noticias\/petrobras-petr4-magda-chambriard-indicacoes-politicas-coluna-gss-2\/#breadcrumb\",\"itemListElement\":[{\"@type\":\"ListItem\",\"position\":1,\"name\":\"Not\u00edcias\",\"item\":\"https:\/\/www.suno.com.br\/noticias\/\"},{\"@type\":\"ListItem\",\"position\":2,\"name\":\"Neg\u00f3cios\",\"item\":\"https:\/\/www.suno.com.br\/noticias\/negocios\/\"},{\"@type\":\"ListItem\",\"position\":3,\"name\":\"Magda Chambriard amplia indica\u00e7\u00f5es pol\u00edticas na Petrobras (PETR4), diz coluna\"}]},{\"@type\":\"WebSite\",\"@id\":\"https:\/\/www.suno.com.br\/noticias\/#website\",\"url\":\"https:\/\/www.suno.com.br\/noticias\/\",\"name\":\"Suno Not\u00edcias\",\"description\":\"Seu portal de informa\u00e7\u00e3o sobre o mundo dos investimentos\",\"publisher\":{\"@id\":\"https:\/\/www.suno.com.br\/noticias\/#organization\"},\"potentialAction\":[{\"@type\":\"SearchAction\",\"target\":{\"@type\":\"EntryPoint\",\"urlTemplate\":\"https:\/\/www.suno.com.br\/noticias\/?s={search_term_string}\"},\"query-input\":{\"@type\":\"PropertyValueSpecification\",\"valueRequired\":true,\"valueName\":\"search_term_string\"}}],\"inLanguage\":\"pt-BR\"},{\"@type\":\"Organization\",\"@id\":\"https:\/\/www.suno.com.br\/noticias\/#organization\",\"name\":\"Suno Not\u00edcias\",\"url\":\"https:\/\/www.suno.com.br\/noticias\/\",\"logo\":{\"@type\":\"ImageObject\",\"inLanguage\":\"pt-BR\",\"@id\":\"https:\/\/www.suno.com.br\/noticias\/#\/schema\/logo\/image\/\",\"url\":\"https:\/\/files.sunoresearch.com.br\/n\/uploads\/2021\/09\/suno-logo.png\",\"contentUrl\":\"https:\/\/files.sunoresearch.com.br\/n\/uploads\/2021\/09\/suno-logo.png\",\"width\":180,\"height\":180,\"caption\":\"Suno Not\u00edcias\"},\"image\":{\"@id\":\"https:\/\/www.suno.com.br\/noticias\/#\/schema\/logo\/image\/\"},\"sameAs\":[\"https:\/\/facebook.com\/sunoresearch\",\"https:\/\/x.com\/sunoresearch\",\"https:\/\/www.instagram.com\/suno\",\"https:\/\/www.linkedin.com\/company\/suno-research\/\",\"https:\/\/www.youtube.com\/c\/sunoresearch\"]},{\"@type\":\"Person\",\"@id\":\"https:\/\/www.suno.com.br\/noticias\/#\/schema\/person\/d0f07e64bce64aa671feadfb844f04ca\",\"name\":\"Guilherme Serrano\",\"image\":{\"@type\":\"ImageObject\",\"inLanguage\":\"pt-BR\",\"@id\":\"https:\/\/www.suno.com.br\/noticias\/#\/schema\/person\/image\/\",\"url\":\"https:\/\/secure.gravatar.com\/avatar\/a90be19d8c67bef61497e4522de30ac4?s=96&r=g\",\"contentUrl\":\"https:\/\/secure.gravatar.com\/avatar\/a90be19d8c67bef61497e4522de30ac4?s=96&r=g\",\"caption\":\"Guilherme Serrano\"},\"description\":\"Jornalista formado pela Faculdade C\u00e1sper L\u00edbero e p\u00f3s-graduado em Can\u00e7\u00e3o Popular pela Faculdade Santa Marcelina. Passagens por R\u00e1dio Gazeta AM, gazetaesportiva.com e TC R\u00e1dio.\",\"url\":\"https:\/\/www.suno.com.br\/noticias\/author\/guilherme-silvasuno-com-br\/\"}]}<\/script>\n<!-- \/ Yoast SEO plugin. -->","yoast_head_json":{"title":"Petrobras (PETR4): indica\u00e7\u00f5es pol\u00edticas aumentam com Magda","description":"De acordo com a colunista Malu Gaspar, Magda Chambriard vem promovendo mudan\u00e7as para acomodar indica\u00e7\u00f5es pol\u00edticas na Petrobras.","robots":{"index":"index","follow":"follow","max-snippet":"max-snippet:-1","max-image-preview":"max-image-preview:large","max-video-preview":"max-video-preview:-1"},"canonical":"https:\/\/www.suno.com.br\/noticias\/petrobras-petr4-magda-chambriard-indicacoes-politicas-coluna-gss-2\/","og_locale":"pt_BR","og_type":"article","og_title":"Petrobras (PETR4): indica\u00e7\u00f5es pol\u00edticas aumentam com Magda","og_description":"De acordo com a colunista Malu Gaspar, Magda Chambriard vem promovendo mudan\u00e7as para acomodar indica\u00e7\u00f5es pol\u00edticas na Petrobras.","og_url":"https:\/\/www.suno.com.br\/noticias\/petrobras-petr4-magda-chambriard-indicacoes-politicas-coluna-gss-2\/","og_site_name":"Suno Not\u00edcias","article_publisher":"https:\/\/facebook.com\/sunoresearch","og_image":[{"width":1200,"height":800,"url":"https:\/\/files.sunoresearch.com.br\/n\/uploads\/2024\/05\/Coletiva_Magda-Chambriard-1-1.jpg","type":"image\/jpeg"}],"author":"Guilherme Serrano","twitter_card":"summary_large_image","twitter_creator":"@sunoresearch","twitter_site":"@sunoresearch","twitter_misc":{"Escrito por":"Guilherme Serrano","Est. tempo de leitura":"2 minutos"},"schema":{"@context":"https:\/\/schema.org","@graph":[{"@type":"NewsArticle","@id":"https:\/\/www.suno.com.br\/noticias\/petrobras-petr4-magda-chambriard-indicacoes-politicas-coluna-gss-2\/#article","isPartOf":{"@id":"https:\/\/www.suno.com.br\/noticias\/petrobras-petr4-magda-chambriard-indicacoes-politicas-coluna-gss-2\/"},"author":{"name":"Guilherme Serrano","@id":"https:\/\/www.suno.com.br\/noticias\/#\/schema\/person\/d0f07e64bce64aa671feadfb844f04ca"},"headline":"Magda Chambriard amplia indica\u00e7\u00f5es pol\u00edticas na Petrobras (PETR4), diz coluna","datePublished":"2024-08-01T19:06:06+00:00","dateModified":"2024-08-01T19:06:09+00:00","mainEntityOfPage":{"@id":"https:\/\/www.suno.com.br\/noticias\/petrobras-petr4-magda-chambriard-indicacoes-politicas-coluna-gss-2\/"},"wordCount":397,"publisher":{"@id":"https:\/\/www.suno.com.br\/noticias\/#organization"},"image":{"@id":"https:\/\/www.suno.com.br\/noticias\/petrobras-petr4-magda-chambriard-indicacoes-politicas-coluna-gss-2\/#primaryimage"},"thumbnailUrl":"https:\/\/files.sunoresearch.com.br\/n\/uploads\/2024\/05\/Coletiva_Magda-Chambriard-1-1.jpg","keywords":["Petrobras (PETR4)"],"articleSection":["Neg\u00f3cios"],"inLanguage":"pt-BR"},{"@type":"WebPage","@id":"https:\/\/www.suno.com.br\/noticias\/petrobras-petr4-magda-chambriard-indicacoes-politicas-coluna-gss-2\/","url":"https:\/\/www.suno.com.br\/noticias\/petrobras-petr4-magda-chambriard-indicacoes-politicas-coluna-gss-2\/","name":"Petrobras (PETR4): indica\u00e7\u00f5es pol\u00edticas aumentam com Magda","isPartOf":{"@id":"https:\/\/www.suno.com.br\/noticias\/#website"},"primaryImageOfPage":{"@id":"https:\/\/www.suno.com.br\/noticias\/petrobras-petr4-magda-chambriard-indicacoes-politicas-coluna-gss-2\/#primaryimage"},"image":{"@id":"https:\/\/www.suno.com.br\/noticias\/petrobras-petr4-magda-chambriard-indicacoes-politicas-coluna-gss-2\/#primaryimage"},"thumbnailUrl":"https:\/\/files.sunoresearch.com.br\/n\/uploads\/2024\/05\/Coletiva_Magda-Chambriard-1-1.jpg","datePublished":"2024-08-01T19:06:06+00:00","dateModified":"2024-08-01T19:06:09+00:00","description":"De acordo com a colunista Malu Gaspar, Magda Chambriard vem promovendo mudan\u00e7as para acomodar indica\u00e7\u00f5es pol\u00edticas na Petrobras.","breadcrumb":{"@id":"https:\/\/www.suno.com.br\/noticias\/petrobras-petr4-magda-chambriard-indicacoes-politicas-coluna-gss-2\/#breadcrumb"},"inLanguage":"pt-BR","potentialAction":[{"@type":"ReadAction","target":["https:\/\/www.suno.com.br\/noticias\/petrobras-petr4-magda-chambriard-indicacoes-politicas-coluna-gss-2\/"]}]},{"@type":"ImageObject","inLanguage":"pt-BR","@id":"https:\/\/www.suno.com.br\/noticias\/petrobras-petr4-magda-chambriard-indicacoes-politicas-coluna-gss-2\/#primaryimage","url":"https:\/\/files.sunoresearch.com.br\/n\/uploads\/2024\/05\/Coletiva_Magda-Chambriard-1-1.jpg","contentUrl":"https:\/\/files.sunoresearch.com.br\/n\/uploads\/2024\/05\/Coletiva_Magda-Chambriard-1-1.jpg","width":1200,"height":800,"caption":"Magda Chambriard, CEO da Petrobras. Foto: Rafael Pereira\/Ag\u00eancia Petrobras"},{"@type":"BreadcrumbList","@id":"https:\/\/www.suno.com.br\/noticias\/petrobras-petr4-magda-chambriard-indicacoes-politicas-coluna-gss-2\/#breadcrumb","itemListElement":[{"@type":"ListItem","position":1,"name":"Not\u00edcias","item":"https:\/\/www.suno.com.br\/noticias\/"},{"@type":"ListItem","position":2,"name":"Neg\u00f3cios","item":"https:\/\/www.suno.com.br\/noticias\/negocios\/"},{"@type":"ListItem","position":3,"name":"Magda Chambriard amplia indica\u00e7\u00f5es pol\u00edticas na Petrobras (PETR4), diz coluna"}]},{"@type":"WebSite","@id":"https:\/\/www.suno.com.br\/noticias\/#website","url":"https:\/\/www.suno.com.br\/noticias\/","name":"Suno Not\u00edcias","description":"Seu portal de informa\u00e7\u00e3o sobre o mundo dos investimentos","publisher":{"@id":"https:\/\/www.suno.com.br\/noticias\/#organization"},"potentialAction":[{"@type":"SearchAction","target":{"@type":"EntryPoint","urlTemplate":"https:\/\/www.suno.com.br\/noticias\/?s={search_term_string}"},"query-input":{"@type":"PropertyValueSpecification","valueRequired":true,"valueName":"search_term_string"}}],"inLanguage":"pt-BR"},{"@type":"Organization","@id":"https:\/\/www.suno.com.br\/noticias\/#organization","name":"Suno Not\u00edcias","url":"https:\/\/www.suno.com.br\/noticias\/","logo":{"@type":"ImageObject","inLanguage":"pt-BR","@id":"https:\/\/www.suno.com.br\/noticias\/#\/schema\/logo\/image\/","url":"https:\/\/files.sunoresearch.com.br\/n\/uploads\/2021\/09\/suno-logo.png","contentUrl":"https:\/\/files.sunoresearch.com.br\/n\/uploads\/2021\/09\/suno-logo.png","width":180,"height":180,"caption":"Suno Not\u00edcias"},"image":{"@id":"https:\/\/www.suno.com.br\/noticias\/#\/schema\/logo\/image\/"},"sameAs":["https:\/\/facebook.com\/sunoresearch","https:\/\/x.com\/sunoresearch","https:\/\/www.instagram.com\/suno","https:\/\/www.linkedin.com\/company\/suno-research\/","https:\/\/www.youtube.com\/c\/sunoresearch"]},{"@type":"Person","@id":"https:\/\/www.suno.com.br\/noticias\/#\/schema\/person\/d0f07e64bce64aa671feadfb844f04ca","name":"Guilherme Serrano","image":{"@type":"ImageObject","inLanguage":"pt-BR","@id":"https:\/\/www.suno.com.br\/noticias\/#\/schema\/person\/image\/","url":"https:\/\/secure.gravatar.com\/avatar\/a90be19d8c67bef61497e4522de30ac4?s=96&r=g","contentUrl":"https:\/\/secure.gravatar.com\/avatar\/a90be19d8c67bef61497e4522de30ac4?s=96&r=g","caption":"Guilherme Serrano"},"description":"Jornalista formado pela Faculdade C\u00e1sper L\u00edbero e p\u00f3s-graduado em Can\u00e7\u00e3o Popular pela Faculdade Santa Marcelina. Passagens por R\u00e1dio Gazeta AM, gazetaesportiva.com e TC R\u00e1dio.","url":"https:\/\/www.suno.com.br\/noticias\/author\/guilherme-silvasuno-com-br\/"}]}},"default_loop_html":"<div class=\"cardsPage__listCard__boxs\"><div class=\"cardsPage__listCard__boxs__img\"><a href=\"https:\/\/www.suno.com.br\/noticias\/petrobras-petr4-magda-chambriard-indicacoes-politicas-coluna-gss-2\/\"><img class=\"mask\" src=\"https:\/\/www.suno.com.br\/noticias\/wp-content\/themes\/suno\/resources\/images\/spotlight\/spotlight1img\/bg-mask.png\" alt=\"Image Mask\"\/><img src=\"https:\/\/files.sunoresearch.com.br\/n\/uploads\/2024\/05\/Coletiva_Magda-Chambriard-1-1-400x200.jpg\" alt=\"Magda Chambriard amplia indica\u00e7\u00f5es pol\u00edticas na Petrobras (PETR4), diz coluna\"\/><\/a><span class=\"spotlightCategory\"><a href=\"https:\/\/www.suno.com.br\/noticias\/negocios\/\">Neg\u00f3cios<\/a><\/span><\/div><div class=\"cardsPage__listCard__boxs__content\"><a href=\"https:\/\/www.suno.com.br\/noticias\/petrobras-petr4-magda-chambriard-indicacoes-politicas-coluna-gss-2\/\"><h2 class=\"content__title\">Magda Chambriard amplia indica\u00e7\u00f5es pol\u00edticas na Petrobras (PETR4), diz coluna<\/h2><\/a><div class=\"newsContent__article__meta\"><div class=\"newsContent__article__meta__authorBox\"><a href=\"https:\/\/www.suno.com.br\/noticias\/author\/guilherme-silvasuno-com-br\/\" class=\"authorBox__avatar noMobi\"><img src=\"https:\/\/secure.gravatar.com\/avatar\/a90be19d8c67bef61497e4522de30ac4?s=96&#038;r=g\" alt=\"Guilherme Serrano\"><\/a><div class=\"authorBox__name\"><span>por\n\t\t\t<a href=\"https:\/\/www.suno.com.br\/noticias\/author\/guilherme-silvasuno-com-br\/\"><span itemprop=\"author\">Guilherme Serrano<\/span><\/a><\/span><time datetime=\"2024-08-01T16:06:06-03:00\" itemprop=\"datePublished\">01\/08\/2024 16:06<\/time><\/div><\/div><\/div><\/div><\/div>","single_layout":"posts","amp_enabled":true,"_links":{"self":[{"href":"https:\/\/www.suno.com.br\/noticias\/wp-json\/wp\/v2\/posts\/568859"}],"collection":[{"href":"https:\/\/www.suno.com.br\/noticias\/wp-json\/wp\/v2\/posts"}],"about":[{"href":"https:\/\/www.suno.com.br\/noticias\/wp-json\/wp\/v2\/types\/post"}],"author":[{"embeddable":true,"href":"https:\/\/www.suno.com.br\/noticias\/wp-json\/wp\/v2\/users\/376"}],"replies":[{"embeddable":true,"href":"https:\/\/www.suno.com.br\/noticias\/wp-json\/wp\/v2\/comments?post=568859"}],"version-history":[{"count":2,"href":"https:\/\/www.suno.com.br\/noticias\/wp-json\/wp\/v2\/posts\/568859\/revisions"}],"predecessor-version":[{"id":568863,"href":"https:\/\/www.suno.com.br\/noticias\/wp-json\/wp\/v2\/posts\/568859\/revisions\/568863"}],"wp:featuredmedia":[{"embeddable":true,"href":"https:\/\/www.suno.com.br\/noticias\/wp-json\/wp\/v2\/media\/557670"}],"wp:attachment":[{"href":"https:\/\/www.suno.com.br\/noticias\/wp-json\/wp\/v2\/media?parent=568859"}],"wp:term":[{"taxonomy":"category","embeddable":true,"href":"https:\/\/www.suno.com.br\/noticias\/wp-json\/wp\/v2\/categories?post=568859"},{"taxonomy":"post_tag","embeddable":true,"href":"https:\/\/www.suno.com.br\/noticias\/wp-json\/wp\/v2\/tags?post=568859"},{"taxonomy":"suno_strategy","embeddable":true,"href":"https:\/\/www.suno.com.br\/noticias\/wp-json\/wp\/v2\/suno_strategy?post=568859"}],"curies":[{"name":"wp","href":"https:\/\/api.w.org\/{rel}","templated":true}]}}