{"id":568375,"date":"2024-07-30T13:14:16","date_gmt":"2024-07-30T16:14:16","guid":{"rendered":"https:\/\/www.suno.com.br\/noticias\/?p=568375"},"modified":"2024-07-30T13:14:22","modified_gmt":"2024-07-30T16:14:22","slug":"fundos-de-acoes-brilham-valorizacao-ibovespa-gb","status":"publish","type":"post","link":"https:\/\/www.suno.com.br\/noticias\/fundos-de-acoes-brilham-valorizacao-ibovespa-gb\/","title":{"rendered":"Fundos de a\u00e7\u00f5es surfam valoriza\u00e7\u00e3o do Ibovespa e correm atr\u00e1s do preju\u00edzo no ano"},"content":{"rendered":"<p>Depois de meses em terreno negativo, os <strong>fundos de a\u00e7\u00f5es<\/strong> est\u00e3o em recupera\u00e7\u00e3o. Superando as diferentes classes de investimentos, os fundos que investem em pap\u00e9is da bolsa voltaram ao positivo.<\/p>\t<div class=\"wrapper-featured-image\">\n\t\t<figure class=\"spotlightImg\">\n\n\t\t\t<picture>\n\t\t\t\t<source media=\"(max-width: 768px)\" srcset=\"https:\/\/files.sunoresearch.com.br\/n\/uploads\/2024\/07\/investir-1-400x200.jpg\">\n\t\t\t\t<img loading=\"lazy\" decoding=\"async\" class=\"newsContent__article__imgCapa lazyloadDisabled \" src=\"https:\/\/files.sunoresearch.com.br\/n\/uploads\/2024\/07\/investir-1-800x450.jpg\" width=\"800\" height=\"450\" alt=\"Fundos de a\u00e7\u00f5es surfam valoriza\u00e7\u00e3o do Ibovespa e correm atr\u00e1s do preju\u00edzo no ano\" fetchpriority=high \/>\n\t\t\t<\/picture>\n\n\t\t\t<figcaption class=\"wp-caption-text wp-caption-text--show\">Renda Fixa. Foto: iStock<\/figcaption>\n\t\t<\/figure>\n\t<\/div>\n\n\n\n\n\n\t<p>\n\t\t<a href=\"https:\/\/lp.suno.com.br\/planilha-da-vida-financeira\/\" target=\"_blank\" data-element=\"shortcode-suno-banner\" title=\"Banner SUNO, clique e saiba mais\">\n\t\t\t<picture>\n\t\t\t\t<source media=\"(max-width: 500px)\" srcset=\"https:\/\/files.sunoresearch.com.br\/n\/uploads\/2023\/04\/400x300-Planilha-vida-financeira-true.png\">\n\t\t\t\t<img class=\"newsContent__article__imgCapa newsContent__article__imgCapa--banner\"\n\t\t\t\t\tsrc=\"https:\/\/files.sunoresearch.com.br\/n\/uploads\/2023\/04\/1420x240-Planilha-vida-financeira-true.png\"\n\t\t\t\t\tdata-promo-id=\"106682\"\t\t\t\t\t\t\t\t\t\twidth='1420' height='240'\t\t\t\t\talt=\"https:\/\/files.sunoresearch.com.br\/n\/uploads\/2023\/04\/1420x240-Planilha-vida-financeira-true.png\"\n\t\t\t\t>\n\t\t\t<\/picture>\n\t\t<\/a>\n\t<\/p>\n\n\n\n\n\n<p>No m\u00eas de julho, os <strong>fundos de small caps<\/strong> e <strong>fundos long only<\/strong> &#8211; que apenas compram a\u00e7\u00f5es de empresas &#8211; est\u00e3o respectivamente no \u201ctopo\u201d dos melhores desempenhos, segundo levantamento da Quantum, a pedido da XP. <\/p>\n\n\n\n<figure class=\"wp-block-image size-full\"><img loading=\"lazy\" decoding=\"async\" width=\"821\" height=\"641\" src=\"https:\/\/files.sunoresearch.com.br\/n\/uploads\/2024\/07\/fundos-acoes-julho.jpg\" alt=\"\" class=\"wp-image-568379\" srcset=\"https:\/\/files.sunoresearch.com.br\/n\/uploads\/2024\/07\/fundos-acoes-julho.jpg 821w, https:\/\/files.sunoresearch.com.br\/n\/uploads\/2024\/07\/fundos-acoes-julho-300x234.jpg 300w, https:\/\/files.sunoresearch.com.br\/n\/uploads\/2024\/07\/fundos-acoes-julho-768x600.jpg 768w, https:\/\/files.sunoresearch.com.br\/n\/uploads\/2024\/07\/fundos-acoes-julho-150x117.jpg 150w\" sizes=\"(max-width: 821px) 100vw, 821px\" \/><\/figure>\n\n\n\n<p>Neste caso, o desempenho dos fundos reflete a alta do <a href=\"https:\/\/www.suno.com.br\/artigos\/ibovespa\/\">Ibovespa<\/a><strong> <\/strong>no m\u00eas de julho, atribu\u00edda a uma combina\u00e7\u00e3o de fatores positivos, segundo os especialistas Jo\u00e3o Mamede, gestor de equity da <strong>AZ Quest<\/strong>, e Isabel Lemos, da <strong>Fator Asset<\/strong>.&nbsp;<\/p>\n\n\n\n<p>Mamede destaca que a melhora do cen\u00e1rio internacional, impulsionada por dados de<strong> <a href=\"https:\/\/www.suno.com.br\/guias\/inflacao\/\">infla\u00e7\u00e3o<\/a><\/strong> mais favor\u00e1veis nos Estados Unidos, geraram expectativas de cortes de juros pelo Federal Reserve, o que aumentou a disposi\u00e7\u00e3o dos investidores em assumir riscos.&nbsp;<\/p>\n\n\n\n<p>Ele tamb\u00e9m menciona o compromisso do governo brasileiro em cumprir o arcabou\u00e7o fiscal, sinalizando poss\u00edveis contingenciamentos de despesas, o que aliviou temores de descumprimento.<\/p>\n\n\n\n<p>De igual modo, Isabel Lemos enfatiza que essa mudan\u00e7a de postura do governo federal em busca de solu\u00e7\u00f5es para o <strong>ajuste fiscal<\/strong>, ajudou a restaurar a confian\u00e7a do mercado. Isso explica a valoriza\u00e7\u00e3o das a\u00e7\u00f5es na bolsa e, consequentemente, a melhora dos fundos de a\u00e7\u00f5es.&nbsp;<\/p>\n\n\n\n<p>Adicionalmente, a manuten\u00e7\u00e3o da <strong><a href=\"https:\/\/www.suno.com.br\/noticias\/selic-estagnada-opcoes-investimentos-fundos\/\">taxa Selic<\/a><\/strong> em 10,5% trouxe maior credibilidade \u00e0 <a class=\"suno-keyword\" target=\"_blank\" data-force=\"no\" data-priority=\"1\" href=\"https:\/\/www.suno.com.br\/artigos\/politica-monetaria\/\" rel=\"noopener\">pol\u00edtica monet\u00e1ria<\/a>. Lemos observa que a recupera\u00e7\u00e3o das a\u00e7\u00f5es deve ser apoiada por a\u00e7\u00f5es concretas do governo no <a class=\"suno-keyword\" target=\"_blank\" data-force=\"no\" data-priority=\"1\" href=\"https:\/\/www.suno.com.br\/artigos\/ajuste-fiscal\/\" rel=\"noopener\">ajuste fiscal<\/a> e que setores como infraestrutura e consumo est\u00e3o bem posicionados para aproveitar esse cen\u00e1rio mais benigno.<\/p>\n\n\n\t<div data-element=\"shortcode-read-more\" class=\"knowMore\">\n\t\t\t\t<span class=\"knowMore__title\">Leia mais<\/span>\n\t\t\t\t<a class=\"knowMore__link\" href=\"https:\/\/www.suno.com.br\/noticias\/ibovespa-fechamento-260724-go\/\">\n\t\t\tIbovespa sobe mais de 1% ap\u00f3s dados de infla\u00e7\u00e3o nos EUA e balan\u00e7o da Vale (VALE3)\t\t<\/a>\n\t<\/div>\n\n\n\n\n<h2 class=\"wp-block-heading\">O cen\u00e1rio internacional deu um \u201cempurr\u00e3ozinho\u201d no Ibovespa; e os fundos agradecem<\/h2>\n\n\n\n<p>A taxa de juros e a curva de <strong>juros nos Estados Unidos<\/strong> fecharam um pouco ao longo desse m\u00eas por conta dessas leituras mais positivas de infla\u00e7\u00e3o no pa\u00eds, aponta Jo\u00e3o Mamede. Os especialistas apontam que, como os dados da atividade econ\u00f4mica vieram mais fracos, pelo menos at\u00e9 a primeira metade do m\u00eas, o mercado se animou com uma queda de juros nos EUA.<\/p>\n\n\n\n<p>\u201cO mercado come\u00e7ou a precificar uma probabilidade um pouco maior do Fed j\u00e1 come\u00e7ar a cortar juros entre setembro e outubro, num prazo um pouco mais curto do que a gente estava anteriormente\u201d, afirma o gestor da AZ Quest.<\/p>\n\n\n\n<p>No cen\u00e1rio interno, o que trouxe mais \u00edmpeto aos investidores foi a sinaliza\u00e7\u00e3o que o governo cortar\u00e1 alguma redu\u00e7\u00e3o de despesa: algum tipo de contingenciamento maior de despesas, o que pode favorecer o cumprimento do arcabou\u00e7o em 2024 e 2025.&nbsp;<\/p>\n\n\n\n<p>Al\u00e9m disso, o <a class=\"suno-keyword\" target=\"_blank\" data-force=\"no\" data-priority=\"2\" href=\"https:\/\/www.suno.com.br\/artigos\/mercado-de-acoes\/\" rel=\"noopener\">mercado de a\u00e7\u00f5es<\/a> no Brasil est\u00e1 muito amassado e com empresas negociando com m\u00faltiplos muito descontados. Isabel Lemos comenta que a expectativa da redu\u00e7\u00e3o dos <strong>juros<\/strong> nos EUA e a melhora no cen\u00e1rio fiscal no Brasil, \u201cdestravou uma r\u00e1pida recupera\u00e7\u00e3o de pre\u00e7os\u201d, destaca.&nbsp;Obviamente, os fundos de a\u00e7\u00f5es levaram a melhor nessa valoriza\u00e7\u00e3o recente. <\/p>\n\n\n\n<p>No entanto, n\u00e3o h\u00e1 muito o que comemorar. A gestora diz que ainda permanecem as incertezas quanto aos ajustes necess\u00e1rios para o atingimento da <a class=\"suno-keyword\" target=\"_blank\" data-force=\"no\" data-priority=\"1\" href=\"https:\/\/www.suno.com.br\/artigos\/meta-fiscal\/\" rel=\"noopener\">meta fiscal<\/a>.&nbsp;<\/p>\n\n\n\n<p>No segundo semestre, ser\u00e1 necess\u00e1rio muito mais que sinaliza\u00e7\u00f5es, \u201cmas a\u00e7\u00f5es concretas do governo em rela\u00e7\u00e3o ao ajuste fiscal\u201d. Se assim for, destaca a gestora, o mercado pode melhorar ainda mais, com o pre\u00e7o das a\u00e7\u00f5es reagindo positivamente e os <strong>fundos de a\u00e7\u00f5es <\/strong>se beneficiando.<\/p>\n\n\n\n\n\t<p>\n\t\t<a href=\"https:\/\/lp.suno.com.br\/planilha-da-vida-financeira\/\" target=\"_blank\" data-element=\"shortcode-suno-banner\" title=\"Banner SUNO, clique e saiba mais\">\n\t\t\t<picture>\n\t\t\t\t<source media=\"(max-width: 500px)\" srcset=\"https:\/\/files.sunoresearch.com.br\/n\/uploads\/2023\/04\/400x300-Planilha-vida-financeira-true.png\">\n\t\t\t\t<img class=\"newsContent__article__imgCapa newsContent__article__imgCapa--banner\"\n\t\t\t\t\tsrc=\"https:\/\/files.sunoresearch.com.br\/n\/uploads\/2023\/04\/1420x240-Planilha-vida-financeira-true.png\"\n\t\t\t\t\tdata-promo-id=\"383123\"\t\t\t\t\t\t\t\t\t\twidth='1420' height='240'\t\t\t\t\talt=\"https:\/\/files.sunoresearch.com.br\/n\/uploads\/2023\/04\/1420x240-Planilha-vida-financeira-true.png\"\n\t\t\t\t>\n\t\t\t<\/picture>\n\t\t<\/a>\n\t<\/p>\n\n\n","protected":false},"excerpt":{"rendered":"<p>Depois de meses em terreno negativo, os fundos de a\u00e7\u00f5es est\u00e3o em recupera\u00e7\u00e3o. Superando as diferentes classes de investimentos, os fundos que investem em pap\u00e9is da bolsa voltaram ao positivo. Renda Fixa. Foto: iStock No m\u00eas de julho, os fundos de small caps e fundos long only &#8211; que apenas compram a\u00e7\u00f5es de empresas &#8211; [&hellip;]<\/p>\n","protected":false},"author":172,"featured_media":568382,"comment_status":"closed","ping_status":"closed","sticky":false,"template":"","format":"standard","meta":[],"categories":[64],"tags":[1545,313,721],"suno_strategy":[],"class_list":["post-568375","post","type-post","status-publish","format-standard","has-post-thumbnail","hentry","category-negocios","tag-fundos-de-acoes","tag-fundos-de-investimento","tag-ibovespa"],"yoast_head":"<!-- This site is optimized with the Yoast SEO plugin v24.4 - https:\/\/yoast.com\/wordpress\/plugins\/seo\/ -->\n<title>Fundos de a\u00e7\u00f5es revertem preju\u00edzo com recente alta do Ibovespa<\/title>\n<meta name=\"description\" content=\"Depois de meses em terreno negativo, os fundos de a\u00e7\u00f5es est\u00e3o em recupera\u00e7\u00e3o. Veja a an\u00e1lise de especialistas do mercado.\" \/>\n<meta name=\"robots\" content=\"index, follow, max-snippet:-1, max-image-preview:large, max-video-preview:-1\" \/>\n<link rel=\"canonical\" href=\"https:\/\/www.suno.com.br\/noticias\/fundos-de-acoes-brilham-valorizacao-ibovespa-gb\/\" \/>\n<meta property=\"og:locale\" content=\"pt_BR\" \/>\n<meta property=\"og:type\" content=\"article\" \/>\n<meta property=\"og:title\" content=\"Fundos de a\u00e7\u00f5es revertem preju\u00edzo com recente alta do Ibovespa\" \/>\n<meta property=\"og:description\" content=\"Depois de meses em terreno negativo, os fundos de a\u00e7\u00f5es est\u00e3o em recupera\u00e7\u00e3o. Veja a an\u00e1lise de especialistas do mercado.\" \/>\n<meta property=\"og:url\" content=\"https:\/\/www.suno.com.br\/noticias\/fundos-de-acoes-brilham-valorizacao-ibovespa-gb\/\" \/>\n<meta property=\"og:site_name\" content=\"Suno Not\u00edcias\" \/>\n<meta property=\"article:publisher\" content=\"https:\/\/facebook.com\/sunoresearch\" \/>\n<meta property=\"og:image\" content=\"https:\/\/files.sunoresearch.com.br\/n\/uploads\/2024\/07\/investir-1.jpg\" \/>\n\t<meta property=\"og:image:width\" content=\"1200\" \/>\n\t<meta property=\"og:image:height\" content=\"801\" \/>\n\t<meta property=\"og:image:type\" content=\"image\/jpeg\" \/>\n<meta name=\"author\" content=\"Gustavo Bianch\" \/>\n<meta name=\"twitter:card\" content=\"summary_large_image\" \/>\n<meta name=\"twitter:creator\" content=\"@sunoresearch\" \/>\n<meta name=\"twitter:site\" content=\"@sunoresearch\" \/>\n<meta name=\"twitter:label1\" content=\"Escrito por\" \/>\n\t<meta name=\"twitter:data1\" content=\"Gustavo Bianch\" \/>\n\t<meta name=\"twitter:label2\" content=\"Est. tempo de leitura\" \/>\n\t<meta name=\"twitter:data2\" content=\"4 minutos\" \/>\n<script type=\"application\/ld+json\" class=\"yoast-schema-graph\">{\"@context\":\"https:\/\/schema.org\",\"@graph\":[{\"@type\":\"NewsArticle\",\"@id\":\"https:\/\/www.suno.com.br\/noticias\/fundos-de-acoes-brilham-valorizacao-ibovespa-gb\/#article\",\"isPartOf\":{\"@id\":\"https:\/\/www.suno.com.br\/noticias\/fundos-de-acoes-brilham-valorizacao-ibovespa-gb\/\"},\"author\":{\"name\":\"Gustavo Bianch\",\"@id\":\"https:\/\/www.suno.com.br\/noticias\/#\/schema\/person\/a72c0794bc524e8100a01ae3d3b6becb\"},\"headline\":\"Fundos de a\u00e7\u00f5es surfam valoriza\u00e7\u00e3o do Ibovespa e correm atr\u00e1s do preju\u00edzo no ano\",\"datePublished\":\"2024-07-30T16:14:16+00:00\",\"dateModified\":\"2024-07-30T16:14:22+00:00\",\"mainEntityOfPage\":{\"@id\":\"https:\/\/www.suno.com.br\/noticias\/fundos-de-acoes-brilham-valorizacao-ibovespa-gb\/\"},\"wordCount\":633,\"publisher\":{\"@id\":\"https:\/\/www.suno.com.br\/noticias\/#organization\"},\"image\":{\"@id\":\"https:\/\/www.suno.com.br\/noticias\/fundos-de-acoes-brilham-valorizacao-ibovespa-gb\/#primaryimage\"},\"thumbnailUrl\":\"https:\/\/files.sunoresearch.com.br\/n\/uploads\/2024\/07\/investir-1.jpg\",\"keywords\":[\"Fundos de a\u00e7\u00f5es\",\"Fundos de investimento\",\"Ibovespa\"],\"articleSection\":[\"Neg\u00f3cios\"],\"inLanguage\":\"pt-BR\"},{\"@type\":\"WebPage\",\"@id\":\"https:\/\/www.suno.com.br\/noticias\/fundos-de-acoes-brilham-valorizacao-ibovespa-gb\/\",\"url\":\"https:\/\/www.suno.com.br\/noticias\/fundos-de-acoes-brilham-valorizacao-ibovespa-gb\/\",\"name\":\"Fundos de a\u00e7\u00f5es revertem preju\u00edzo com recente alta do Ibovespa\",\"isPartOf\":{\"@id\":\"https:\/\/www.suno.com.br\/noticias\/#website\"},\"primaryImageOfPage\":{\"@id\":\"https:\/\/www.suno.com.br\/noticias\/fundos-de-acoes-brilham-valorizacao-ibovespa-gb\/#primaryimage\"},\"image\":{\"@id\":\"https:\/\/www.suno.com.br\/noticias\/fundos-de-acoes-brilham-valorizacao-ibovespa-gb\/#primaryimage\"},\"thumbnailUrl\":\"https:\/\/files.sunoresearch.com.br\/n\/uploads\/2024\/07\/investir-1.jpg\",\"datePublished\":\"2024-07-30T16:14:16+00:00\",\"dateModified\":\"2024-07-30T16:14:22+00:00\",\"description\":\"Depois de meses em terreno negativo, os fundos de a\u00e7\u00f5es est\u00e3o em recupera\u00e7\u00e3o. Veja a an\u00e1lise de especialistas do mercado.\",\"breadcrumb\":{\"@id\":\"https:\/\/www.suno.com.br\/noticias\/fundos-de-acoes-brilham-valorizacao-ibovespa-gb\/#breadcrumb\"},\"inLanguage\":\"pt-BR\",\"potentialAction\":[{\"@type\":\"ReadAction\",\"target\":[\"https:\/\/www.suno.com.br\/noticias\/fundos-de-acoes-brilham-valorizacao-ibovespa-gb\/\"]}]},{\"@type\":\"ImageObject\",\"inLanguage\":\"pt-BR\",\"@id\":\"https:\/\/www.suno.com.br\/noticias\/fundos-de-acoes-brilham-valorizacao-ibovespa-gb\/#primaryimage\",\"url\":\"https:\/\/files.sunoresearch.com.br\/n\/uploads\/2024\/07\/investir-1.jpg\",\"contentUrl\":\"https:\/\/files.sunoresearch.com.br\/n\/uploads\/2024\/07\/investir-1.jpg\",\"width\":1200,\"height\":801,\"caption\":\"Renda Fixa. Foto: iStock\"},{\"@type\":\"BreadcrumbList\",\"@id\":\"https:\/\/www.suno.com.br\/noticias\/fundos-de-acoes-brilham-valorizacao-ibovespa-gb\/#breadcrumb\",\"itemListElement\":[{\"@type\":\"ListItem\",\"position\":1,\"name\":\"Not\u00edcias\",\"item\":\"https:\/\/www.suno.com.br\/noticias\/\"},{\"@type\":\"ListItem\",\"position\":2,\"name\":\"Neg\u00f3cios\",\"item\":\"https:\/\/www.suno.com.br\/noticias\/negocios\/\"},{\"@type\":\"ListItem\",\"position\":3,\"name\":\"Fundos de a\u00e7\u00f5es surfam valoriza\u00e7\u00e3o do Ibovespa e correm atr\u00e1s do preju\u00edzo no ano\"}]},{\"@type\":\"WebSite\",\"@id\":\"https:\/\/www.suno.com.br\/noticias\/#website\",\"url\":\"https:\/\/www.suno.com.br\/noticias\/\",\"name\":\"Suno Not\u00edcias\",\"description\":\"Seu portal de informa\u00e7\u00e3o sobre o mundo dos investimentos\",\"publisher\":{\"@id\":\"https:\/\/www.suno.com.br\/noticias\/#organization\"},\"potentialAction\":[{\"@type\":\"SearchAction\",\"target\":{\"@type\":\"EntryPoint\",\"urlTemplate\":\"https:\/\/www.suno.com.br\/noticias\/?s={search_term_string}\"},\"query-input\":{\"@type\":\"PropertyValueSpecification\",\"valueRequired\":true,\"valueName\":\"search_term_string\"}}],\"inLanguage\":\"pt-BR\"},{\"@type\":\"Organization\",\"@id\":\"https:\/\/www.suno.com.br\/noticias\/#organization\",\"name\":\"Suno Not\u00edcias\",\"url\":\"https:\/\/www.suno.com.br\/noticias\/\",\"logo\":{\"@type\":\"ImageObject\",\"inLanguage\":\"pt-BR\",\"@id\":\"https:\/\/www.suno.com.br\/noticias\/#\/schema\/logo\/image\/\",\"url\":\"https:\/\/files.sunoresearch.com.br\/n\/uploads\/2021\/09\/suno-logo.png\",\"contentUrl\":\"https:\/\/files.sunoresearch.com.br\/n\/uploads\/2021\/09\/suno-logo.png\",\"width\":180,\"height\":180,\"caption\":\"Suno Not\u00edcias\"},\"image\":{\"@id\":\"https:\/\/www.suno.com.br\/noticias\/#\/schema\/logo\/image\/\"},\"sameAs\":[\"https:\/\/facebook.com\/sunoresearch\",\"https:\/\/x.com\/sunoresearch\",\"https:\/\/www.instagram.com\/suno\",\"https:\/\/www.linkedin.com\/company\/suno-research\/\",\"https:\/\/www.youtube.com\/c\/sunoresearch\"]},{\"@type\":\"Person\",\"@id\":\"https:\/\/www.suno.com.br\/noticias\/#\/schema\/person\/a72c0794bc524e8100a01ae3d3b6becb\",\"name\":\"Gustavo Bianch\",\"image\":{\"@type\":\"ImageObject\",\"inLanguage\":\"pt-BR\",\"@id\":\"https:\/\/www.suno.com.br\/noticias\/#\/schema\/person\/image\/\",\"url\":\"https:\/\/secure.gravatar.com\/avatar\/a8da2835aade1ac6c1eede0339ead827?s=96&r=g\",\"contentUrl\":\"https:\/\/secure.gravatar.com\/avatar\/a8da2835aade1ac6c1eede0339ead827?s=96&r=g\",\"caption\":\"Gustavo Bianch\"},\"description\":\"Jornalista com doutorado pela UFMG e produtor de conte\u00fado da unidade de m\u00eddias da Suno. Tamb\u00e9m trabalha no FIIs.com.br e Funds Explorer, fazendo a cobertura sobre FIIs, Fiagro e FI-Infra.\",\"url\":\"https:\/\/www.suno.com.br\/noticias\/author\/gustavo-silva\/\"}]}<\/script>\n<!-- \/ Yoast SEO plugin. -->","yoast_head_json":{"title":"Fundos de a\u00e7\u00f5es revertem preju\u00edzo com recente alta do Ibovespa","description":"Depois de meses em terreno negativo, os fundos de a\u00e7\u00f5es est\u00e3o em recupera\u00e7\u00e3o. Veja a an\u00e1lise de especialistas do mercado.","robots":{"index":"index","follow":"follow","max-snippet":"max-snippet:-1","max-image-preview":"max-image-preview:large","max-video-preview":"max-video-preview:-1"},"canonical":"https:\/\/www.suno.com.br\/noticias\/fundos-de-acoes-brilham-valorizacao-ibovespa-gb\/","og_locale":"pt_BR","og_type":"article","og_title":"Fundos de a\u00e7\u00f5es revertem preju\u00edzo com recente alta do Ibovespa","og_description":"Depois de meses em terreno negativo, os fundos de a\u00e7\u00f5es est\u00e3o em recupera\u00e7\u00e3o. Veja a an\u00e1lise de especialistas do mercado.","og_url":"https:\/\/www.suno.com.br\/noticias\/fundos-de-acoes-brilham-valorizacao-ibovespa-gb\/","og_site_name":"Suno Not\u00edcias","article_publisher":"https:\/\/facebook.com\/sunoresearch","og_image":[{"width":1200,"height":801,"url":"https:\/\/files.sunoresearch.com.br\/n\/uploads\/2024\/07\/investir-1.jpg","type":"image\/jpeg"}],"author":"Gustavo Bianch","twitter_card":"summary_large_image","twitter_creator":"@sunoresearch","twitter_site":"@sunoresearch","twitter_misc":{"Escrito por":"Gustavo Bianch","Est. tempo de leitura":"4 minutos"},"schema":{"@context":"https:\/\/schema.org","@graph":[{"@type":"NewsArticle","@id":"https:\/\/www.suno.com.br\/noticias\/fundos-de-acoes-brilham-valorizacao-ibovespa-gb\/#article","isPartOf":{"@id":"https:\/\/www.suno.com.br\/noticias\/fundos-de-acoes-brilham-valorizacao-ibovespa-gb\/"},"author":{"name":"Gustavo Bianch","@id":"https:\/\/www.suno.com.br\/noticias\/#\/schema\/person\/a72c0794bc524e8100a01ae3d3b6becb"},"headline":"Fundos de a\u00e7\u00f5es surfam valoriza\u00e7\u00e3o do Ibovespa e correm atr\u00e1s do preju\u00edzo no ano","datePublished":"2024-07-30T16:14:16+00:00","dateModified":"2024-07-30T16:14:22+00:00","mainEntityOfPage":{"@id":"https:\/\/www.suno.com.br\/noticias\/fundos-de-acoes-brilham-valorizacao-ibovespa-gb\/"},"wordCount":633,"publisher":{"@id":"https:\/\/www.suno.com.br\/noticias\/#organization"},"image":{"@id":"https:\/\/www.suno.com.br\/noticias\/fundos-de-acoes-brilham-valorizacao-ibovespa-gb\/#primaryimage"},"thumbnailUrl":"https:\/\/files.sunoresearch.com.br\/n\/uploads\/2024\/07\/investir-1.jpg","keywords":["Fundos de a\u00e7\u00f5es","Fundos de investimento","Ibovespa"],"articleSection":["Neg\u00f3cios"],"inLanguage":"pt-BR"},{"@type":"WebPage","@id":"https:\/\/www.suno.com.br\/noticias\/fundos-de-acoes-brilham-valorizacao-ibovespa-gb\/","url":"https:\/\/www.suno.com.br\/noticias\/fundos-de-acoes-brilham-valorizacao-ibovespa-gb\/","name":"Fundos de a\u00e7\u00f5es revertem preju\u00edzo com recente alta do Ibovespa","isPartOf":{"@id":"https:\/\/www.suno.com.br\/noticias\/#website"},"primaryImageOfPage":{"@id":"https:\/\/www.suno.com.br\/noticias\/fundos-de-acoes-brilham-valorizacao-ibovespa-gb\/#primaryimage"},"image":{"@id":"https:\/\/www.suno.com.br\/noticias\/fundos-de-acoes-brilham-valorizacao-ibovespa-gb\/#primaryimage"},"thumbnailUrl":"https:\/\/files.sunoresearch.com.br\/n\/uploads\/2024\/07\/investir-1.jpg","datePublished":"2024-07-30T16:14:16+00:00","dateModified":"2024-07-30T16:14:22+00:00","description":"Depois de meses em terreno negativo, os fundos de a\u00e7\u00f5es est\u00e3o em recupera\u00e7\u00e3o. Veja a an\u00e1lise de especialistas do mercado.","breadcrumb":{"@id":"https:\/\/www.suno.com.br\/noticias\/fundos-de-acoes-brilham-valorizacao-ibovespa-gb\/#breadcrumb"},"inLanguage":"pt-BR","potentialAction":[{"@type":"ReadAction","target":["https:\/\/www.suno.com.br\/noticias\/fundos-de-acoes-brilham-valorizacao-ibovespa-gb\/"]}]},{"@type":"ImageObject","inLanguage":"pt-BR","@id":"https:\/\/www.suno.com.br\/noticias\/fundos-de-acoes-brilham-valorizacao-ibovespa-gb\/#primaryimage","url":"https:\/\/files.sunoresearch.com.br\/n\/uploads\/2024\/07\/investir-1.jpg","contentUrl":"https:\/\/files.sunoresearch.com.br\/n\/uploads\/2024\/07\/investir-1.jpg","width":1200,"height":801,"caption":"Renda Fixa. Foto: iStock"},{"@type":"BreadcrumbList","@id":"https:\/\/www.suno.com.br\/noticias\/fundos-de-acoes-brilham-valorizacao-ibovespa-gb\/#breadcrumb","itemListElement":[{"@type":"ListItem","position":1,"name":"Not\u00edcias","item":"https:\/\/www.suno.com.br\/noticias\/"},{"@type":"ListItem","position":2,"name":"Neg\u00f3cios","item":"https:\/\/www.suno.com.br\/noticias\/negocios\/"},{"@type":"ListItem","position":3,"name":"Fundos de a\u00e7\u00f5es surfam valoriza\u00e7\u00e3o do Ibovespa e correm atr\u00e1s do preju\u00edzo no ano"}]},{"@type":"WebSite","@id":"https:\/\/www.suno.com.br\/noticias\/#website","url":"https:\/\/www.suno.com.br\/noticias\/","name":"Suno Not\u00edcias","description":"Seu portal de informa\u00e7\u00e3o sobre o mundo dos investimentos","publisher":{"@id":"https:\/\/www.suno.com.br\/noticias\/#organization"},"potentialAction":[{"@type":"SearchAction","target":{"@type":"EntryPoint","urlTemplate":"https:\/\/www.suno.com.br\/noticias\/?s={search_term_string}"},"query-input":{"@type":"PropertyValueSpecification","valueRequired":true,"valueName":"search_term_string"}}],"inLanguage":"pt-BR"},{"@type":"Organization","@id":"https:\/\/www.suno.com.br\/noticias\/#organization","name":"Suno Not\u00edcias","url":"https:\/\/www.suno.com.br\/noticias\/","logo":{"@type":"ImageObject","inLanguage":"pt-BR","@id":"https:\/\/www.suno.com.br\/noticias\/#\/schema\/logo\/image\/","url":"https:\/\/files.sunoresearch.com.br\/n\/uploads\/2021\/09\/suno-logo.png","contentUrl":"https:\/\/files.sunoresearch.com.br\/n\/uploads\/2021\/09\/suno-logo.png","width":180,"height":180,"caption":"Suno Not\u00edcias"},"image":{"@id":"https:\/\/www.suno.com.br\/noticias\/#\/schema\/logo\/image\/"},"sameAs":["https:\/\/facebook.com\/sunoresearch","https:\/\/x.com\/sunoresearch","https:\/\/www.instagram.com\/suno","https:\/\/www.linkedin.com\/company\/suno-research\/","https:\/\/www.youtube.com\/c\/sunoresearch"]},{"@type":"Person","@id":"https:\/\/www.suno.com.br\/noticias\/#\/schema\/person\/a72c0794bc524e8100a01ae3d3b6becb","name":"Gustavo Bianch","image":{"@type":"ImageObject","inLanguage":"pt-BR","@id":"https:\/\/www.suno.com.br\/noticias\/#\/schema\/person\/image\/","url":"https:\/\/secure.gravatar.com\/avatar\/a8da2835aade1ac6c1eede0339ead827?s=96&r=g","contentUrl":"https:\/\/secure.gravatar.com\/avatar\/a8da2835aade1ac6c1eede0339ead827?s=96&r=g","caption":"Gustavo Bianch"},"description":"Jornalista com doutorado pela UFMG e produtor de conte\u00fado da unidade de m\u00eddias da Suno. Tamb\u00e9m trabalha no FIIs.com.br e Funds Explorer, fazendo a cobertura sobre FIIs, Fiagro e FI-Infra.","url":"https:\/\/www.suno.com.br\/noticias\/author\/gustavo-silva\/"}]}},"default_loop_html":"<div class=\"cardsPage__listCard__boxs\"><div class=\"cardsPage__listCard__boxs__img\"><a href=\"https:\/\/www.suno.com.br\/noticias\/fundos-de-acoes-brilham-valorizacao-ibovespa-gb\/\"><img class=\"mask\" src=\"https:\/\/www.suno.com.br\/noticias\/wp-content\/themes\/suno\/resources\/images\/spotlight\/spotlight1img\/bg-mask.png\" alt=\"Image Mask\"\/><img src=\"https:\/\/files.sunoresearch.com.br\/n\/uploads\/2024\/07\/investir-1-400x200.jpg\" alt=\"Fundos de a\u00e7\u00f5es surfam valoriza\u00e7\u00e3o do Ibovespa e correm atr\u00e1s do preju\u00edzo no ano\"\/><\/a><span class=\"spotlightCategory\"><a href=\"https:\/\/www.suno.com.br\/noticias\/negocios\/\">Neg\u00f3cios<\/a><\/span><\/div><div class=\"cardsPage__listCard__boxs__content\"><a href=\"https:\/\/www.suno.com.br\/noticias\/fundos-de-acoes-brilham-valorizacao-ibovespa-gb\/\"><h2 class=\"content__title\">Fundos de a\u00e7\u00f5es surfam valoriza\u00e7\u00e3o do Ibovespa e correm atr\u00e1s do preju\u00edzo no ano<\/h2><\/a><div class=\"newsContent__article__meta\"><div class=\"newsContent__article__meta__authorBox\"><a href=\"https:\/\/www.suno.com.br\/noticias\/author\/gustavo-silva\/\" class=\"authorBox__avatar noMobi\"><img src=\"https:\/\/files.sunoresearch.com.br\/n\/uploads\/2024\/06\/41337ec3172142e15d749bd3a95a5216.jpeg\" alt=\"Gustavo Bianch\"><\/a><div class=\"authorBox__name\"><span>por\n\t\t\t<a href=\"https:\/\/www.suno.com.br\/noticias\/author\/gustavo-silva\/\"><span itemprop=\"author\">Gustavo Bianch<\/span><\/a><\/span><time datetime=\"2024-07-30T13:14:16-03:00\" itemprop=\"datePublished\">30\/07\/2024 13:14<\/time><\/div><\/div><\/div><\/div><\/div>","single_layout":"posts","amp_enabled":true,"_links":{"self":[{"href":"https:\/\/www.suno.com.br\/noticias\/wp-json\/wp\/v2\/posts\/568375"}],"collection":[{"href":"https:\/\/www.suno.com.br\/noticias\/wp-json\/wp\/v2\/posts"}],"about":[{"href":"https:\/\/www.suno.com.br\/noticias\/wp-json\/wp\/v2\/types\/post"}],"author":[{"embeddable":true,"href":"https:\/\/www.suno.com.br\/noticias\/wp-json\/wp\/v2\/users\/172"}],"replies":[{"embeddable":true,"href":"https:\/\/www.suno.com.br\/noticias\/wp-json\/wp\/v2\/comments?post=568375"}],"version-history":[{"count":3,"href":"https:\/\/www.suno.com.br\/noticias\/wp-json\/wp\/v2\/posts\/568375\/revisions"}],"predecessor-version":[{"id":568395,"href":"https:\/\/www.suno.com.br\/noticias\/wp-json\/wp\/v2\/posts\/568375\/revisions\/568395"}],"wp:featuredmedia":[{"embeddable":true,"href":"https:\/\/www.suno.com.br\/noticias\/wp-json\/wp\/v2\/media\/568382"}],"wp:attachment":[{"href":"https:\/\/www.suno.com.br\/noticias\/wp-json\/wp\/v2\/media?parent=568375"}],"wp:term":[{"taxonomy":"category","embeddable":true,"href":"https:\/\/www.suno.com.br\/noticias\/wp-json\/wp\/v2\/categories?post=568375"},{"taxonomy":"post_tag","embeddable":true,"href":"https:\/\/www.suno.com.br\/noticias\/wp-json\/wp\/v2\/tags?post=568375"},{"taxonomy":"suno_strategy","embeddable":true,"href":"https:\/\/www.suno.com.br\/noticias\/wp-json\/wp\/v2\/suno_strategy?post=568375"}],"curies":[{"name":"wp","href":"https:\/\/api.w.org\/{rel}","templated":true}]}}