{"id":568265,"date":"2024-07-29T16:43:29","date_gmt":"2024-07-29T19:43:29","guid":{"rendered":"https:\/\/www.suno.com.br\/noticias\/?p=568265"},"modified":"2024-07-29T16:43:33","modified_gmt":"2024-07-29T19:43:33","slug":"sabesp-sbsp3-xp-pos-privatizacao-gss","status":"publish","type":"post","link":"https:\/\/www.suno.com.br\/noticias\/sabesp-sbsp3-xp-pos-privatizacao-gss\/","title":{"rendered":"Sabesp (SBSP3) pode ir a quanto com a privatiza\u00e7\u00e3o conclu\u00edda? Veja estimativa da XP"},"content":{"rendered":"<p>Com o <a class=\"suno-keyword\" data-force=\"no\" data-priority=\"2\" href=\"https:\/\/www.suno.com.br\/artigos\/privatizacao\/\" target=\"_blank\" rel=\"noopener\">processo de privatiza\u00e7\u00e3o<\/a> da <strong>Sabesp<\/strong> (<a class=\"suno-keyword\" data-force=\"yes\" data-priority=\"2\" href=\"https:\/\/www.suno.com.br\/analitica\/acoes\/sbsp3\/\" target=\"_blank\" rel=\"noopener\">SBSP3<\/a>) conclu\u00eddo, a XP emitiu um novo relat\u00f3rio sobre a empresa. A recomenda\u00e7\u00e3o de compra foi mantida, e o pre\u00e7o-alvo para as a\u00e7\u00f5es foi elevado de R$ 110 para R$ 123.<\/p>\t<div class=\"wrapper-featured-image\">\n\t\t<figure class=\"spotlightImg\">\n\n\t\t\t<picture>\n\t\t\t\t<source media=\"(max-width: 768px)\" srcset=\"https:\/\/files.sunoresearch.com.br\/n\/uploads\/2021\/03\/bc798517-sabesp_2-400x200.webp\">\n\t\t\t\t<img loading=\"lazy\" decoding=\"async\" class=\"newsContent__article__imgCapa lazyloadDisabled \" src=\"https:\/\/files.sunoresearch.com.br\/n\/uploads\/2021\/03\/bc798517-sabesp_2-800x450.webp\" width=\"800\" height=\"450\" alt=\"Sabesp (SBSP3) pode ir a quanto com a privatiza\u00e7\u00e3o conclu\u00edda? Veja estimativa da XP\" fetchpriority=high \/>\n\t\t\t<\/picture>\n\n\t\t\t<figcaption class=\"wp-caption-text wp-caption-text--show\">Sabesp (SBSP3) - Foto: Divulga\u00e7\u00e3o<\/figcaption>\n\t\t<\/figure>\n\t<\/div>\n\n\n\n\n\n\n\n\t<p>\n\t\t<a href=\"https:\/\/lp.suno.com.br\/planilha-da-vida-financeira\/\" target=\"_blank\" data-element=\"shortcode-suno-banner\" title=\"Banner SUNO, clique e saiba mais\">\n\t\t\t<picture>\n\t\t\t\t<source media=\"(max-width: 500px)\" srcset=\"https:\/\/files.sunoresearch.com.br\/n\/uploads\/2023\/04\/400x300-Planilha-vida-financeira-true.png\">\n\t\t\t\t<img class=\"newsContent__article__imgCapa newsContent__article__imgCapa--banner\"\n\t\t\t\t\tsrc=\"https:\/\/files.sunoresearch.com.br\/n\/uploads\/2023\/04\/1420x240-Planilha-vida-financeira-true.png\"\n\t\t\t\t\tdata-promo-id=\"106682\"\t\t\t\t\t\t\t\t\t\twidth='1420' height='240'\t\t\t\t\talt=\"https:\/\/files.sunoresearch.com.br\/n\/uploads\/2023\/04\/1420x240-Planilha-vida-financeira-true.png\"\n\t\t\t\t>\n\t\t\t<\/picture>\n\t\t<\/a>\n\t<\/p>\n\n\n\n\n\n<p>A<strong> Equatorial<\/strong> (<a class=\"suno-keyword\" data-force=\"yes\" data-priority=\"2\" href=\"https:\/\/www.suno.com.br\/analitica\/acoes\/eqtl3\/\" target=\"_blank\" rel=\"noopener\">EQTL3<\/a>) tornou-se acionista da companhia de saneamento, com participa\u00e7\u00e3o de 15% na empresa. Isso, dizem os analistas, deve impulsionar o processo de turnaround da Sabesp, devido \u00e0 experi\u00eancia da empresa de energia em recupera\u00e7\u00e3o operacional no setor. <\/p>\n\n\n\n<p>O modelo de <strong>privatiza\u00e7\u00e3o da Sabesp<\/strong>, que conta com um parceiro estrat\u00e9gico, era o melhor cen\u00e1rio previsto pela XP. Nessa nova realidade, diz o relat\u00f3rio, a &#8220;nova Sabesp&#8221; ter\u00e1 melhores entregas operacionais e deve fechar sua lacuna com os pares privados. <\/p>\n\n\n\n<p>&#8220;Acreditamos que, sob o controle da Equatorial, a Sabesp poder\u00e1 aproximar suas receitas do n\u00edvel regulat\u00f3rio, adotando uma pol\u00edtica de descontos mais assertiva e reduzindo discrep\u00e2ncias nos erros de faturamento&#8221;, diz a XP.<\/p>\n\n\n\n<p>Al\u00e9m disso, os analistas esperam que a companhia de saneamento reduza &#8220;fortemente&#8221; o seu <a class=\"suno-keyword\" data-force=\"no\" data-priority=\"3\" href=\"https:\/\/www.suno.com.br\/artigos\/capex-e-opex\/\" target=\"_blank\" rel=\"noopener\">opex (despesas operacionais)<\/a>, &#8220;como vimos em todos os processos de turnaround liderados pela Equatorial&#8221;.<\/p>\n\n\n\n<p>Se por um lado o opex deve cair, por outro \u00e9 esperado que o capex (investimento) aumente, e esse \u00e9 o principal risco apontado pelos analistas da XP.<\/p>\n\n\n\t<p>\n\t\t<a href=\"https:\/\/lp.suno.com.br\/ebook-como-analisar-uma-acao\/\" target=\"_blank\" data-element=\"shortcode-suno-banner\" title=\"Banner SUNO, clique e saiba mais\">\n\t\t\t<picture>\n\t\t\t\t<source media=\"(max-width: 500px)\" srcset=\"https:\/\/files.sunoresearch.com.br\/n\/uploads\/2023\/03\/Ebook-Acoes-Mobile.jpg\">\n\t\t\t\t<img class=\"newsContent__article__imgCapa newsContent__article__imgCapa--banner\"\n\t\t\t\t\tsrc=\"https:\/\/files.sunoresearch.com.br\/n\/uploads\/2023\/03\/Ebook-Acoes-Desktop.jpg\"\n\t\t\t\t\tdata-promo-id=\"378302\"\t\t\t\t\t\t\t\t\t\twidth='1420' height='286'\t\t\t\t\talt=\"https:\/\/files.sunoresearch.com.br\/n\/uploads\/2023\/03\/Ebook-Acoes-Desktop.jpg\"\n\t\t\t\t>\n\t\t\t<\/picture>\n\t\t<\/a>\n\t<\/p>\n\n\n\n\n\n<p>Para alcan\u00e7ar a universaliza\u00e7\u00e3o e outras quest\u00f5es contratuais, ser\u00e3o demandados R$ 70 bilh\u00f5es em capex, valor cerca de 2,7 vezes superior ao <strong>capex da Sabesp<\/strong> dos \u00faltimos cinco anos. Al\u00e9m disso, a viabilidade do plano tamb\u00e9m \u00e9 questionada.<\/p>\n\n\n\n<p>&#8220;Temos uma preocupa\u00e7\u00e3o particular com as resid\u00eancias irregulares, que foram inclu\u00eddas no C\u00f3digo de Saneamento. Vale ressaltar que o contrato de concess\u00e3o estabelece medidas severas em caso de n\u00e3o cumprimento das metas de universaliza\u00e7\u00e3o por meio do fator U&#8221;, completam os analistas da XP em relat\u00f3rio.<\/p>\n\n\n\n<p>A XP tem recomenda\u00e7\u00e3o de compra para as <strong>a\u00e7\u00f5es da Sabesp<\/strong> (<strong>SPSB3<\/strong>), com pre\u00e7o-alvo de R$ 123. Atualmente, os pap\u00e9is s\u00e3o negociados na casa dos R$ 86.<\/p>\n\n\n\n<h2 class=\"wp-block-heading\">Desempenho das a\u00e7\u00f5es da Sabesp (SBSP3)<\/h2>\n\n\n\n<p>Confira a movimenta\u00e7\u00e3o dos pap\u00e9is da <strong>Sabesp<\/strong> (SBSP3) nos \u00faltimos 30 dias.<\/p>\n\n\n\n<div class=\"pluginQuotation\">\n  <p class=\"ticker\">\n    Cota\u00e7\u00e3o <span>SBSP3<\/span>\n  <\/p>\n  <div class=\"info\">\n    <div class=\"leftSide\">\n      Gr\u00e1fico gerado em: 29\/07\/2024    <\/div>\n\t\t\t\t\t<div class=\"rightSide\">\n\t\t\t\t\t<span class=\"period\">\n\t\t\t\t\t\t1 M\u00eas\t\t\t\t\t<\/span>\n\t\t\t<\/div>\n\t\t  <\/div>\n\n  <div id=\"chart-f24e7c01e1553db6d85b7f22e0975caa\" data-block-hash=\"f24e7c01e1553db6d85b7f22e0975caa\"  class=\"chart\" style=\"width:100%;height:400px;\"><\/div>\n\n  <div class=\"pluginQuotation__footer\">\n    <div class=\"dataChart\">\n\n      <div class=\"dataChart__div1 variation\">\n        <div class=\"value-positive\">\n          10,60 (+8,28%)        <\/div>\n        <div class=\"text\">\n          Varia\u00e7\u00e3o do per\u00edodo\n        <\/div>\n      <\/div>\n\n      <div class=\"dataChart__div2 minMax\">\n        <div class=\"value\">\n          R$\u00a077,85        <\/div>\n        <div class=\"text\">\n          M\u00ednima\n        <\/div>\n      <\/div>\n\n      <div class=\"dataChart__div3 minMax\">\n        <div class=\"value\">\n          R$\u00a089,20        <\/div>\n        <div class=\"text\">\n          M\u00e1xima\n        <\/div>\n      <\/div>\n\n\t\t\t<div class=\"dataChart__div4 rightSide\">\n\t\t\t\t<div class=\"analiticaSource\">\n\t\t\t\t\t<span>\n\t\t\t\t\t\tFonte:\n\t\t\t\t\t<\/span>\n\t\t\t\t\t<img decoding=\"async\" class=\"analiticaLogo\" src=\"https:\/\/www.suno.com.br\/noticias\/wp-content\/plugins\/suno-block-ticker-quotation\/src\/suno-analitica-logo.png\" alt=\"Logo Suno Anal\u00edtica\" \/>\n\t\t\t\t<\/div>\n\n\t\t\t\t<a href=\"https:\/\/www.suno.com.br\/analitica\/acoes\/SBSP3\" target=\"_blank\">\n\t\t\t\t\t<span>\n\t\t\t\t\t\tVer mais cota\u00e7\u00f5es\n\t\t\t\t\t<\/span>\n\t\t\t\t\t<svg xmlns=\"http:\/\/www.w3.org\/2000\/svg\" width=\"9\" height=\"8\" viewBox=\"0 0 9 8\" fill=\"none\">\n\t\t\t\t\t\t<path d=\"M4.20996 0L3.50496 0.705L6.29496 3.5H0.209961V4.5H6.29496L3.50496 7.295L4.20996 8L8.20996 4L4.20996 0Z\" fill=\"#D42126\" \/>\n\t\t\t\t\t<\/svg>\n\t\t\t\t<\/a>\n    <\/div>\n\n    <\/div>\n  <\/div>\n<\/div>\n\n\n<script type=\"text\/javascript\">\n  let chart_f24e7c01e1553db6d85b7f22e0975caa = document.getElementById('chart-f24e7c01e1553db6d85b7f22e0975caa');\n  let data_json_f24e7c01e1553db6d85b7f22e0975caa = \"[{\\\"date\\\":\\\"01\\\\\\\/07\\\\\\\/24 \\\",\\\"value\\\":78.15},{\\\"date\\\":\\\"02\\\\\\\/07\\\\\\\/24 \\\",\\\"value\\\":77.85},{\\\"date\\\":\\\"03\\\\\\\/07\\\\\\\/24 \\\",\\\"value\\\":80.65},{\\\"date\\\":\\\"04\\\\\\\/07\\\\\\\/24 \\\",\\\"value\\\":81.7},{\\\"date\\\":\\\"05\\\\\\\/07\\\\\\\/24 \\\",\\\"value\\\":82.08},{\\\"date\\\":\\\"08\\\\\\\/07\\\\\\\/24 \\\",\\\"value\\\":83.11},{\\\"date\\\":\\\"09\\\\\\\/07\\\\\\\/24 \\\",\\\"value\\\":84.27},{\\\"date\\\":\\\"10\\\\\\\/07\\\\\\\/24 \\\",\\\"value\\\":85.1},{\\\"date\\\":\\\"11\\\\\\\/07\\\\\\\/24 \\\",\\\"value\\\":84.33},{\\\"date\\\":\\\"12\\\\\\\/07\\\\\\\/24 \\\",\\\"value\\\":83.15},{\\\"date\\\":\\\"15\\\\\\\/07\\\\\\\/24 \\\",\\\"value\\\":81.67},{\\\"date\\\":\\\"16\\\\\\\/07\\\\\\\/24 \\\",\\\"value\\\":81.55},{\\\"date\\\":\\\"17\\\\\\\/07\\\\\\\/24 \\\",\\\"value\\\":83.2},{\\\"date\\\":\\\"18\\\\\\\/07\\\\\\\/24 \\\",\\\"value\\\":82.02},{\\\"date\\\":\\\"19\\\\\\\/07\\\\\\\/24 \\\",\\\"value\\\":84.9},{\\\"date\\\":\\\"22\\\\\\\/07\\\\\\\/24 \\\",\\\"value\\\":87},{\\\"date\\\":\\\"23\\\\\\\/07\\\\\\\/24 \\\",\\\"value\\\":88.64},{\\\"date\\\":\\\"24\\\\\\\/07\\\\\\\/24 \\\",\\\"value\\\":89.2},{\\\"date\\\":\\\"25\\\\\\\/07\\\\\\\/24 \\\",\\\"value\\\":86.72},{\\\"date\\\":\\\"26\\\\\\\/07\\\\\\\/24 \\\",\\\"value\\\":86.8},{\\\"date\\\":\\\"29\\\\\\\/07\\\\\\\/24 \\\",\\\"value\\\":86.43}]\";\n  let isPositive_f24e7c01e1553db6d85b7f22e0975caa = true;\n\n  let color_f24e7c01e1553db6d85b7f22e0975caa = isPositive_f24e7c01e1553db6d85b7f22e0975caa ? '#3AB53A' : '#D92C2D';\n\n  let data_f24e7c01e1553db6d85b7f22e0975caa = JSON.parse(data_json_f24e7c01e1553db6d85b7f22e0975caa);\n\n  const result_f24e7c01e1553db6d85b7f22e0975caa = {\n    date: [],\n    value: [],\n  };\n\n  data_f24e7c01e1553db6d85b7f22e0975caa.forEach((item) => {\n    result_f24e7c01e1553db6d85b7f22e0975caa.date.push(item.date);\n    result_f24e7c01e1553db6d85b7f22e0975caa.value.push(Number(item.value));\n  });\n\n  let option_f24e7c01e1553db6d85b7f22e0975caa = {\n    \/\/ variavel de cor global\n    color: [color_f24e7c01e1553db6d85b7f22e0975caa],\n    title: {\n      text: '',\n    },\n    tooltip: {\n      trigger: 'axis',\n      axisPointer: {\n        type: 'cross',\n        label: {\n          \/\/ cor dos valores em X e Y\n          backgroundColor: color_f24e7c01e1553db6d85b7f22e0975caa,\n          formatter: (value) => {\n            if (typeof value.value === 'number') {\n              return Number(value.value).toLocaleString('pt-br', {\n                style: 'currency',\n                currency: 'BRL'\n              });\n            }\n            return value.value;\n          },\n        },\n      },\n      valueFormatter: (value) => Number(value).toLocaleString('pt-br', {\n        style: 'currency',\n        currency: 'BRL'\n      }),\n    },\n    legend: {\n      \/\/ data: ['Valor de Fechamento'],\n      show: false,\n    },\n    toolbox: {\n      feature: {\n        saveAsImage: {\n          show: false,\n        },\n      },\n    },\n    grid: {\n      left: '0px',\n      right: '0px',\n      bottom: '0px',\n      containLabel: true,\n    },\n    xAxis: [{\n      type: 'category',\n      data: result_f24e7c01e1553db6d85b7f22e0975caa.date,\n      boundaryGap: true,\n    }],\n    yAxis: [{\n      type: 'value',\n      min: Math.min(...result_f24e7c01e1553db6d85b7f22e0975caa.value),\n      max: Math.max(...result_f24e7c01e1553db6d85b7f22e0975caa.value),\n      axisLabel: {\n        formatter: (value) => value.toLocaleString('pt-br', {\n          style: 'currency',\n          currency: 'BRL'\n        }),\n      },\n    }],\n    series: [{\n      name: 'Valor de Fechamento',\n      type: 'line',\n      stack: 'Total',\n      \/\/ cor do grafico\n      areaStyle: {},\n      emphasis: {\n        focus: 'series',\n      },\n      data: result_f24e7c01e1553db6d85b7f22e0975caa.value,\n      \/\/ cor da linha\n      lineStyle: {\n        color: color_f24e7c01e1553db6d85b7f22e0975caa,\n      },\n    }, ],\n  };\n\n\twindow.chart_f24e7c01e1553db6d85b7f22e0975caa = {\n\t\tel: chart_f24e7c01e1553db6d85b7f22e0975caa,\n\t\toption: option_f24e7c01e1553db6d85b7f22e0975caa\t};\n\n\n<\/script>\n\n\n\t<p>\n\t\t<a href=\"https:\/\/lp.suno.com.br\/planilha-da-vida-financeira\/\" target=\"_blank\" data-element=\"shortcode-suno-banner\" title=\"Banner SUNO, clique e saiba mais\">\n\t\t\t<picture>\n\t\t\t\t<source media=\"(max-width: 500px)\" srcset=\"https:\/\/files.sunoresearch.com.br\/n\/uploads\/2023\/04\/400x300-Planilha-vida-financeira-true.png\">\n\t\t\t\t<img class=\"newsContent__article__imgCapa newsContent__article__imgCapa--banner\"\n\t\t\t\t\tsrc=\"https:\/\/files.sunoresearch.com.br\/n\/uploads\/2023\/04\/1420x240-Planilha-vida-financeira-true.png\"\n\t\t\t\t\tdata-promo-id=\"383123\"\t\t\t\t\t\t\t\t\t\twidth='1420' height='240'\t\t\t\t\talt=\"https:\/\/files.sunoresearch.com.br\/n\/uploads\/2023\/04\/1420x240-Planilha-vida-financeira-true.png\"\n\t\t\t\t>\n\t\t\t<\/picture>\n\t\t<\/a>\n\t<\/p>\n\n\n","protected":false},"excerpt":{"rendered":"<p>Com o processo de privatiza\u00e7\u00e3o da Sabesp (SBSP3) conclu\u00eddo, a XP emitiu um novo relat\u00f3rio sobre a empresa. A recomenda\u00e7\u00e3o de compra foi mantida, e o pre\u00e7o-alvo para as a\u00e7\u00f5es foi elevado de R$ 110 para R$ 123. Sabesp (SBSP3) &#8211; Foto: Divulga\u00e7\u00e3o A Equatorial (EQTL3) tornou-se acionista da companhia de saneamento, com participa\u00e7\u00e3o de [&hellip;]<\/p>\n","protected":false},"author":376,"featured_media":130442,"comment_status":"closed","ping_status":"closed","sticky":false,"template":"","format":"standard","meta":[],"categories":[64],"tags":[106765],"suno_strategy":[],"class_list":["post-568265","post","type-post","status-publish","format-standard","has-post-thumbnail","hentry","category-negocios","tag-sabesp-sbsp3"],"yoast_head":"<!-- This site is optimized with the Yoast SEO plugin v24.4 - https:\/\/yoast.com\/wordpress\/plugins\/seo\/ -->\n<title>Sabesp (SBSP3) vai a quanto com privatiza\u00e7\u00e3o? XP responde<\/title>\n<meta name=\"description\" content=\"Com a privatiza\u00e7\u00e3o da Sabesp conclu\u00edda, a XP emitiu um novo relat\u00f3rio sobre a empresa. Clique para saber o pre\u00e7o-alvo dos analistas.\" \/>\n<meta name=\"robots\" content=\"index, follow, max-snippet:-1, max-image-preview:large, max-video-preview:-1\" \/>\n<link rel=\"canonical\" href=\"https:\/\/www.suno.com.br\/noticias\/sabesp-sbsp3-xp-pos-privatizacao-gss\/\" \/>\n<meta property=\"og:locale\" content=\"pt_BR\" \/>\n<meta property=\"og:type\" content=\"article\" \/>\n<meta property=\"og:title\" content=\"Sabesp (SBSP3) vai a quanto com privatiza\u00e7\u00e3o? XP responde\" \/>\n<meta property=\"og:description\" content=\"Com a privatiza\u00e7\u00e3o da Sabesp conclu\u00edda, a XP emitiu um novo relat\u00f3rio sobre a empresa. Clique para saber o pre\u00e7o-alvo dos analistas.\" \/>\n<meta property=\"og:url\" content=\"https:\/\/www.suno.com.br\/noticias\/sabesp-sbsp3-xp-pos-privatizacao-gss\/\" \/>\n<meta property=\"og:site_name\" content=\"Suno Not\u00edcias\" \/>\n<meta property=\"article:publisher\" content=\"https:\/\/facebook.com\/sunoresearch\" \/>\n<meta property=\"og:image\" content=\"https:\/\/files.sunoresearch.com.br\/n\/uploads\/2021\/03\/bc798517-sabesp_2.jpg\" \/>\n\t<meta property=\"og:image:width\" content=\"1200\" \/>\n\t<meta property=\"og:image:height\" content=\"900\" \/>\n\t<meta property=\"og:image:type\" content=\"image\/jpeg\" \/>\n<meta name=\"author\" content=\"Guilherme Serrano\" \/>\n<meta name=\"twitter:card\" content=\"summary_large_image\" \/>\n<meta name=\"twitter:creator\" content=\"@sunoresearch\" \/>\n<meta name=\"twitter:site\" content=\"@sunoresearch\" \/>\n<meta name=\"twitter:label1\" content=\"Escrito por\" \/>\n\t<meta name=\"twitter:data1\" content=\"Guilherme Serrano\" \/>\n\t<meta name=\"twitter:label2\" content=\"Est. tempo de leitura\" \/>\n\t<meta name=\"twitter:data2\" content=\"2 minutos\" \/>\n<script type=\"application\/ld+json\" class=\"yoast-schema-graph\">{\"@context\":\"https:\/\/schema.org\",\"@graph\":[{\"@type\":\"NewsArticle\",\"@id\":\"https:\/\/www.suno.com.br\/noticias\/sabesp-sbsp3-xp-pos-privatizacao-gss\/#article\",\"isPartOf\":{\"@id\":\"https:\/\/www.suno.com.br\/noticias\/sabesp-sbsp3-xp-pos-privatizacao-gss\/\"},\"author\":{\"name\":\"Guilherme Serrano\",\"@id\":\"https:\/\/www.suno.com.br\/noticias\/#\/schema\/person\/d0f07e64bce64aa671feadfb844f04ca\"},\"headline\":\"Sabesp (SBSP3) pode ir a quanto com a privatiza\u00e7\u00e3o conclu\u00edda? Veja estimativa da XP\",\"datePublished\":\"2024-07-29T19:43:29+00:00\",\"dateModified\":\"2024-07-29T19:43:33+00:00\",\"mainEntityOfPage\":{\"@id\":\"https:\/\/www.suno.com.br\/noticias\/sabesp-sbsp3-xp-pos-privatizacao-gss\/\"},\"wordCount\":390,\"publisher\":{\"@id\":\"https:\/\/www.suno.com.br\/noticias\/#organization\"},\"image\":{\"@id\":\"https:\/\/www.suno.com.br\/noticias\/sabesp-sbsp3-xp-pos-privatizacao-gss\/#primaryimage\"},\"thumbnailUrl\":\"https:\/\/files.sunoresearch.com.br\/n\/uploads\/2021\/03\/bc798517-sabesp_2-jpg.webp\",\"keywords\":[\"Sabesp (SBSP3)\"],\"articleSection\":[\"Neg\u00f3cios\"],\"inLanguage\":\"pt-BR\"},{\"@type\":\"WebPage\",\"@id\":\"https:\/\/www.suno.com.br\/noticias\/sabesp-sbsp3-xp-pos-privatizacao-gss\/\",\"url\":\"https:\/\/www.suno.com.br\/noticias\/sabesp-sbsp3-xp-pos-privatizacao-gss\/\",\"name\":\"Sabesp (SBSP3) vai a quanto com privatiza\u00e7\u00e3o? XP responde\",\"isPartOf\":{\"@id\":\"https:\/\/www.suno.com.br\/noticias\/#website\"},\"primaryImageOfPage\":{\"@id\":\"https:\/\/www.suno.com.br\/noticias\/sabesp-sbsp3-xp-pos-privatizacao-gss\/#primaryimage\"},\"image\":{\"@id\":\"https:\/\/www.suno.com.br\/noticias\/sabesp-sbsp3-xp-pos-privatizacao-gss\/#primaryimage\"},\"thumbnailUrl\":\"https:\/\/files.sunoresearch.com.br\/n\/uploads\/2021\/03\/bc798517-sabesp_2-jpg.webp\",\"datePublished\":\"2024-07-29T19:43:29+00:00\",\"dateModified\":\"2024-07-29T19:43:33+00:00\",\"description\":\"Com a privatiza\u00e7\u00e3o da Sabesp conclu\u00edda, a XP emitiu um novo relat\u00f3rio sobre a empresa. Clique para saber o pre\u00e7o-alvo dos analistas.\",\"breadcrumb\":{\"@id\":\"https:\/\/www.suno.com.br\/noticias\/sabesp-sbsp3-xp-pos-privatizacao-gss\/#breadcrumb\"},\"inLanguage\":\"pt-BR\",\"potentialAction\":[{\"@type\":\"ReadAction\",\"target\":[\"https:\/\/www.suno.com.br\/noticias\/sabesp-sbsp3-xp-pos-privatizacao-gss\/\"]}]},{\"@type\":\"ImageObject\",\"inLanguage\":\"pt-BR\",\"@id\":\"https:\/\/www.suno.com.br\/noticias\/sabesp-sbsp3-xp-pos-privatizacao-gss\/#primaryimage\",\"url\":\"https:\/\/files.sunoresearch.com.br\/n\/uploads\/2021\/03\/bc798517-sabesp_2-jpg.webp\",\"contentUrl\":\"https:\/\/files.sunoresearch.com.br\/n\/uploads\/2021\/03\/bc798517-sabesp_2-jpg.webp\",\"width\":1200,\"height\":900,\"caption\":\"Sabesp (SBSP3) - Foto: Divulga\u00e7\u00e3o\"},{\"@type\":\"BreadcrumbList\",\"@id\":\"https:\/\/www.suno.com.br\/noticias\/sabesp-sbsp3-xp-pos-privatizacao-gss\/#breadcrumb\",\"itemListElement\":[{\"@type\":\"ListItem\",\"position\":1,\"name\":\"Not\u00edcias\",\"item\":\"https:\/\/www.suno.com.br\/noticias\/\"},{\"@type\":\"ListItem\",\"position\":2,\"name\":\"Neg\u00f3cios\",\"item\":\"https:\/\/www.suno.com.br\/noticias\/negocios\/\"},{\"@type\":\"ListItem\",\"position\":3,\"name\":\"Sabesp (SBSP3) pode ir a quanto com a privatiza\u00e7\u00e3o conclu\u00edda? Veja estimativa da XP\"}]},{\"@type\":\"WebSite\",\"@id\":\"https:\/\/www.suno.com.br\/noticias\/#website\",\"url\":\"https:\/\/www.suno.com.br\/noticias\/\",\"name\":\"Suno Not\u00edcias\",\"description\":\"Seu portal de informa\u00e7\u00e3o sobre o mundo dos investimentos\",\"publisher\":{\"@id\":\"https:\/\/www.suno.com.br\/noticias\/#organization\"},\"potentialAction\":[{\"@type\":\"SearchAction\",\"target\":{\"@type\":\"EntryPoint\",\"urlTemplate\":\"https:\/\/www.suno.com.br\/noticias\/?s={search_term_string}\"},\"query-input\":{\"@type\":\"PropertyValueSpecification\",\"valueRequired\":true,\"valueName\":\"search_term_string\"}}],\"inLanguage\":\"pt-BR\"},{\"@type\":\"Organization\",\"@id\":\"https:\/\/www.suno.com.br\/noticias\/#organization\",\"name\":\"Suno Not\u00edcias\",\"url\":\"https:\/\/www.suno.com.br\/noticias\/\",\"logo\":{\"@type\":\"ImageObject\",\"inLanguage\":\"pt-BR\",\"@id\":\"https:\/\/www.suno.com.br\/noticias\/#\/schema\/logo\/image\/\",\"url\":\"https:\/\/files.sunoresearch.com.br\/n\/uploads\/2021\/09\/suno-logo.png\",\"contentUrl\":\"https:\/\/files.sunoresearch.com.br\/n\/uploads\/2021\/09\/suno-logo.png\",\"width\":180,\"height\":180,\"caption\":\"Suno Not\u00edcias\"},\"image\":{\"@id\":\"https:\/\/www.suno.com.br\/noticias\/#\/schema\/logo\/image\/\"},\"sameAs\":[\"https:\/\/facebook.com\/sunoresearch\",\"https:\/\/x.com\/sunoresearch\",\"https:\/\/www.instagram.com\/suno\",\"https:\/\/www.linkedin.com\/company\/suno-research\/\",\"https:\/\/www.youtube.com\/c\/sunoresearch\"]},{\"@type\":\"Person\",\"@id\":\"https:\/\/www.suno.com.br\/noticias\/#\/schema\/person\/d0f07e64bce64aa671feadfb844f04ca\",\"name\":\"Guilherme Serrano\",\"image\":{\"@type\":\"ImageObject\",\"inLanguage\":\"pt-BR\",\"@id\":\"https:\/\/www.suno.com.br\/noticias\/#\/schema\/person\/image\/\",\"url\":\"https:\/\/secure.gravatar.com\/avatar\/a90be19d8c67bef61497e4522de30ac4?s=96&r=g\",\"contentUrl\":\"https:\/\/secure.gravatar.com\/avatar\/a90be19d8c67bef61497e4522de30ac4?s=96&r=g\",\"caption\":\"Guilherme Serrano\"},\"description\":\"Jornalista formado pela Faculdade C\u00e1sper L\u00edbero e p\u00f3s-graduado em Can\u00e7\u00e3o Popular pela Faculdade Santa Marcelina. Passagens por R\u00e1dio Gazeta AM, gazetaesportiva.com e TC R\u00e1dio.\",\"url\":\"https:\/\/www.suno.com.br\/noticias\/author\/guilherme-silvasuno-com-br\/\"}]}<\/script>\n<!-- \/ Yoast SEO plugin. -->","yoast_head_json":{"title":"Sabesp (SBSP3) vai a quanto com privatiza\u00e7\u00e3o? XP responde","description":"Com a privatiza\u00e7\u00e3o da Sabesp conclu\u00edda, a XP emitiu um novo relat\u00f3rio sobre a empresa. Clique para saber o pre\u00e7o-alvo dos analistas.","robots":{"index":"index","follow":"follow","max-snippet":"max-snippet:-1","max-image-preview":"max-image-preview:large","max-video-preview":"max-video-preview:-1"},"canonical":"https:\/\/www.suno.com.br\/noticias\/sabesp-sbsp3-xp-pos-privatizacao-gss\/","og_locale":"pt_BR","og_type":"article","og_title":"Sabesp (SBSP3) vai a quanto com privatiza\u00e7\u00e3o? XP responde","og_description":"Com a privatiza\u00e7\u00e3o da Sabesp conclu\u00edda, a XP emitiu um novo relat\u00f3rio sobre a empresa. Clique para saber o pre\u00e7o-alvo dos analistas.","og_url":"https:\/\/www.suno.com.br\/noticias\/sabesp-sbsp3-xp-pos-privatizacao-gss\/","og_site_name":"Suno Not\u00edcias","article_publisher":"https:\/\/facebook.com\/sunoresearch","og_image":[{"width":1200,"height":900,"url":"https:\/\/files.sunoresearch.com.br\/n\/uploads\/2021\/03\/bc798517-sabesp_2.jpg","type":"image\/jpeg"}],"author":"Guilherme Serrano","twitter_card":"summary_large_image","twitter_creator":"@sunoresearch","twitter_site":"@sunoresearch","twitter_misc":{"Escrito por":"Guilherme Serrano","Est. tempo de leitura":"2 minutos"},"schema":{"@context":"https:\/\/schema.org","@graph":[{"@type":"NewsArticle","@id":"https:\/\/www.suno.com.br\/noticias\/sabesp-sbsp3-xp-pos-privatizacao-gss\/#article","isPartOf":{"@id":"https:\/\/www.suno.com.br\/noticias\/sabesp-sbsp3-xp-pos-privatizacao-gss\/"},"author":{"name":"Guilherme Serrano","@id":"https:\/\/www.suno.com.br\/noticias\/#\/schema\/person\/d0f07e64bce64aa671feadfb844f04ca"},"headline":"Sabesp (SBSP3) pode ir a quanto com a privatiza\u00e7\u00e3o conclu\u00edda? Veja estimativa da XP","datePublished":"2024-07-29T19:43:29+00:00","dateModified":"2024-07-29T19:43:33+00:00","mainEntityOfPage":{"@id":"https:\/\/www.suno.com.br\/noticias\/sabesp-sbsp3-xp-pos-privatizacao-gss\/"},"wordCount":390,"publisher":{"@id":"https:\/\/www.suno.com.br\/noticias\/#organization"},"image":{"@id":"https:\/\/www.suno.com.br\/noticias\/sabesp-sbsp3-xp-pos-privatizacao-gss\/#primaryimage"},"thumbnailUrl":"https:\/\/files.sunoresearch.com.br\/n\/uploads\/2021\/03\/bc798517-sabesp_2-jpg.webp","keywords":["Sabesp (SBSP3)"],"articleSection":["Neg\u00f3cios"],"inLanguage":"pt-BR"},{"@type":"WebPage","@id":"https:\/\/www.suno.com.br\/noticias\/sabesp-sbsp3-xp-pos-privatizacao-gss\/","url":"https:\/\/www.suno.com.br\/noticias\/sabesp-sbsp3-xp-pos-privatizacao-gss\/","name":"Sabesp (SBSP3) vai a quanto com privatiza\u00e7\u00e3o? XP responde","isPartOf":{"@id":"https:\/\/www.suno.com.br\/noticias\/#website"},"primaryImageOfPage":{"@id":"https:\/\/www.suno.com.br\/noticias\/sabesp-sbsp3-xp-pos-privatizacao-gss\/#primaryimage"},"image":{"@id":"https:\/\/www.suno.com.br\/noticias\/sabesp-sbsp3-xp-pos-privatizacao-gss\/#primaryimage"},"thumbnailUrl":"https:\/\/files.sunoresearch.com.br\/n\/uploads\/2021\/03\/bc798517-sabesp_2-jpg.webp","datePublished":"2024-07-29T19:43:29+00:00","dateModified":"2024-07-29T19:43:33+00:00","description":"Com a privatiza\u00e7\u00e3o da Sabesp conclu\u00edda, a XP emitiu um novo relat\u00f3rio sobre a empresa. Clique para saber o pre\u00e7o-alvo dos analistas.","breadcrumb":{"@id":"https:\/\/www.suno.com.br\/noticias\/sabesp-sbsp3-xp-pos-privatizacao-gss\/#breadcrumb"},"inLanguage":"pt-BR","potentialAction":[{"@type":"ReadAction","target":["https:\/\/www.suno.com.br\/noticias\/sabesp-sbsp3-xp-pos-privatizacao-gss\/"]}]},{"@type":"ImageObject","inLanguage":"pt-BR","@id":"https:\/\/www.suno.com.br\/noticias\/sabesp-sbsp3-xp-pos-privatizacao-gss\/#primaryimage","url":"https:\/\/files.sunoresearch.com.br\/n\/uploads\/2021\/03\/bc798517-sabesp_2-jpg.webp","contentUrl":"https:\/\/files.sunoresearch.com.br\/n\/uploads\/2021\/03\/bc798517-sabesp_2-jpg.webp","width":1200,"height":900,"caption":"Sabesp (SBSP3) - Foto: Divulga\u00e7\u00e3o"},{"@type":"BreadcrumbList","@id":"https:\/\/www.suno.com.br\/noticias\/sabesp-sbsp3-xp-pos-privatizacao-gss\/#breadcrumb","itemListElement":[{"@type":"ListItem","position":1,"name":"Not\u00edcias","item":"https:\/\/www.suno.com.br\/noticias\/"},{"@type":"ListItem","position":2,"name":"Neg\u00f3cios","item":"https:\/\/www.suno.com.br\/noticias\/negocios\/"},{"@type":"ListItem","position":3,"name":"Sabesp (SBSP3) pode ir a quanto com a privatiza\u00e7\u00e3o conclu\u00edda? Veja estimativa da XP"}]},{"@type":"WebSite","@id":"https:\/\/www.suno.com.br\/noticias\/#website","url":"https:\/\/www.suno.com.br\/noticias\/","name":"Suno Not\u00edcias","description":"Seu portal de informa\u00e7\u00e3o sobre o mundo dos investimentos","publisher":{"@id":"https:\/\/www.suno.com.br\/noticias\/#organization"},"potentialAction":[{"@type":"SearchAction","target":{"@type":"EntryPoint","urlTemplate":"https:\/\/www.suno.com.br\/noticias\/?s={search_term_string}"},"query-input":{"@type":"PropertyValueSpecification","valueRequired":true,"valueName":"search_term_string"}}],"inLanguage":"pt-BR"},{"@type":"Organization","@id":"https:\/\/www.suno.com.br\/noticias\/#organization","name":"Suno Not\u00edcias","url":"https:\/\/www.suno.com.br\/noticias\/","logo":{"@type":"ImageObject","inLanguage":"pt-BR","@id":"https:\/\/www.suno.com.br\/noticias\/#\/schema\/logo\/image\/","url":"https:\/\/files.sunoresearch.com.br\/n\/uploads\/2021\/09\/suno-logo.png","contentUrl":"https:\/\/files.sunoresearch.com.br\/n\/uploads\/2021\/09\/suno-logo.png","width":180,"height":180,"caption":"Suno Not\u00edcias"},"image":{"@id":"https:\/\/www.suno.com.br\/noticias\/#\/schema\/logo\/image\/"},"sameAs":["https:\/\/facebook.com\/sunoresearch","https:\/\/x.com\/sunoresearch","https:\/\/www.instagram.com\/suno","https:\/\/www.linkedin.com\/company\/suno-research\/","https:\/\/www.youtube.com\/c\/sunoresearch"]},{"@type":"Person","@id":"https:\/\/www.suno.com.br\/noticias\/#\/schema\/person\/d0f07e64bce64aa671feadfb844f04ca","name":"Guilherme Serrano","image":{"@type":"ImageObject","inLanguage":"pt-BR","@id":"https:\/\/www.suno.com.br\/noticias\/#\/schema\/person\/image\/","url":"https:\/\/secure.gravatar.com\/avatar\/a90be19d8c67bef61497e4522de30ac4?s=96&r=g","contentUrl":"https:\/\/secure.gravatar.com\/avatar\/a90be19d8c67bef61497e4522de30ac4?s=96&r=g","caption":"Guilherme Serrano"},"description":"Jornalista formado pela Faculdade C\u00e1sper L\u00edbero e p\u00f3s-graduado em Can\u00e7\u00e3o Popular pela Faculdade Santa Marcelina. Passagens por R\u00e1dio Gazeta AM, gazetaesportiva.com e TC R\u00e1dio.","url":"https:\/\/www.suno.com.br\/noticias\/author\/guilherme-silvasuno-com-br\/"}]}},"default_loop_html":"<div class=\"cardsPage__listCard__boxs\"><div class=\"cardsPage__listCard__boxs__img\"><a href=\"https:\/\/www.suno.com.br\/noticias\/sabesp-sbsp3-xp-pos-privatizacao-gss\/\"><img class=\"mask\" src=\"https:\/\/www.suno.com.br\/noticias\/wp-content\/themes\/suno\/resources\/images\/spotlight\/spotlight1img\/bg-mask.png\" alt=\"Image Mask\"\/><img src=\"https:\/\/files.sunoresearch.com.br\/n\/uploads\/2021\/03\/bc798517-sabesp_2-400x200.webp\" alt=\"Sabesp (SBSP3) pode ir a quanto com a privatiza\u00e7\u00e3o conclu\u00edda? Veja estimativa da XP\"\/><\/a><span class=\"spotlightCategory\"><a href=\"https:\/\/www.suno.com.br\/noticias\/negocios\/\">Neg\u00f3cios<\/a><\/span><\/div><div class=\"cardsPage__listCard__boxs__content\"><a href=\"https:\/\/www.suno.com.br\/noticias\/sabesp-sbsp3-xp-pos-privatizacao-gss\/\"><h2 class=\"content__title\">Sabesp (SBSP3) pode ir a quanto com a privatiza\u00e7\u00e3o conclu\u00edda? Veja estimativa da XP<\/h2><\/a><div class=\"newsContent__article__meta\"><div class=\"newsContent__article__meta__authorBox\"><a href=\"https:\/\/www.suno.com.br\/noticias\/author\/guilherme-silvasuno-com-br\/\" class=\"authorBox__avatar noMobi\"><img src=\"https:\/\/secure.gravatar.com\/avatar\/a90be19d8c67bef61497e4522de30ac4?s=96&#038;r=g\" alt=\"Guilherme Serrano\"><\/a><div class=\"authorBox__name\"><span>por\n\t\t\t<a href=\"https:\/\/www.suno.com.br\/noticias\/author\/guilherme-silvasuno-com-br\/\"><span itemprop=\"author\">Guilherme Serrano<\/span><\/a><\/span><time datetime=\"2024-07-29T16:43:29-03:00\" itemprop=\"datePublished\">29\/07\/2024 16:43<\/time><\/div><\/div><\/div><\/div><\/div>","single_layout":"posts","amp_enabled":true,"_links":{"self":[{"href":"https:\/\/www.suno.com.br\/noticias\/wp-json\/wp\/v2\/posts\/568265"}],"collection":[{"href":"https:\/\/www.suno.com.br\/noticias\/wp-json\/wp\/v2\/posts"}],"about":[{"href":"https:\/\/www.suno.com.br\/noticias\/wp-json\/wp\/v2\/types\/post"}],"author":[{"embeddable":true,"href":"https:\/\/www.suno.com.br\/noticias\/wp-json\/wp\/v2\/users\/376"}],"replies":[{"embeddable":true,"href":"https:\/\/www.suno.com.br\/noticias\/wp-json\/wp\/v2\/comments?post=568265"}],"version-history":[{"count":2,"href":"https:\/\/www.suno.com.br\/noticias\/wp-json\/wp\/v2\/posts\/568265\/revisions"}],"predecessor-version":[{"id":568274,"href":"https:\/\/www.suno.com.br\/noticias\/wp-json\/wp\/v2\/posts\/568265\/revisions\/568274"}],"wp:featuredmedia":[{"embeddable":true,"href":"https:\/\/www.suno.com.br\/noticias\/wp-json\/wp\/v2\/media\/130442"}],"wp:attachment":[{"href":"https:\/\/www.suno.com.br\/noticias\/wp-json\/wp\/v2\/media?parent=568265"}],"wp:term":[{"taxonomy":"category","embeddable":true,"href":"https:\/\/www.suno.com.br\/noticias\/wp-json\/wp\/v2\/categories?post=568265"},{"taxonomy":"post_tag","embeddable":true,"href":"https:\/\/www.suno.com.br\/noticias\/wp-json\/wp\/v2\/tags?post=568265"},{"taxonomy":"suno_strategy","embeddable":true,"href":"https:\/\/www.suno.com.br\/noticias\/wp-json\/wp\/v2\/suno_strategy?post=568265"}],"curies":[{"name":"wp","href":"https:\/\/api.w.org\/{rel}","templated":true}]}}