{"id":568102,"date":"2024-07-26T16:54:53","date_gmt":"2024-07-26T19:54:53","guid":{"rendered":"https:\/\/www.suno.com.br\/noticias\/?p=568102"},"modified":"2024-07-26T16:54:56","modified_gmt":"2024-07-26T19:54:56","slug":"vale-vale3-dividendos-extraordinarios-depende-cfo-gss","status":"publish","type":"post","link":"https:\/\/www.suno.com.br\/noticias\/vale-vale3-dividendos-extraordinarios-depende-cfo-gss\/","title":{"rendered":"Dividendos extraordin\u00e1rios da Vale (VALE3) dependem de alguns fatores, diz CFO; veja quais"},"content":{"rendered":"<p>Nesta quinta-feira (25), a <strong>Vale<\/strong> (<a class=\"suno-keyword\" data-force=\"yes\" data-priority=\"2\" href=\"https:\/\/www.suno.com.br\/analitica\/acoes\/vale3\/\" target=\"_blank\" rel=\"noopener\">VALE3<\/a>) divulgou seus resultados do segundo trimestre e anunciou o pagamento de R$ 8,9 bilh\u00f5es em <a class=\"suno-keyword\" data-force=\"no\" data-priority=\"1\" href=\"https:\/\/www.suno.com.br\/artigos\/entenda-o-jcp\/\" target=\"_blank\" rel=\"noopener\">juros sobre capital pr\u00f3prio<\/a>. Agora, a expectativa fica por conta dos poss\u00edveis <a class=\"suno-keyword\" data-force=\"no\" data-priority=\"1\" href=\"https:\/\/www.suno.com.br\/guias\/dividendos\/\" target=\"_blank\" rel=\"noopener\">dividendos<\/a> extraordin\u00e1rios no segundo semestre.<\/p>\t<div class=\"wrapper-featured-image\">\n\t\t<figure class=\"spotlightImg\">\n\n\t\t\t<picture>\n\t\t\t\t<source media=\"(max-width: 768px)\" srcset=\"https:\/\/files.sunoresearch.com.br\/n\/uploads\/2023\/02\/vale-vale3-1-400x200.jpg\">\n\t\t\t\t<img loading=\"lazy\" decoding=\"async\" class=\"newsContent__article__imgCapa lazyloadDisabled \" src=\"https:\/\/files.sunoresearch.com.br\/n\/uploads\/2023\/02\/vale-vale3-1-800x450.jpg\" width=\"800\" height=\"450\" alt=\"Dividendos extraordin\u00e1rios da Vale (VALE3) dependem de alguns fatores, diz CFO; veja quais\" fetchpriority=high \/>\n\t\t\t<\/picture>\n\n\t\t\t<figcaption class=\"wp-caption-text wp-caption-text--show\">A\u00e7\u00f5es da Vale (VALE3) sobem com revis\u00e3o do min\u00e9rio e possibilidade de dividendos. Foto: Reprodu\u00e7\u00e3o Facebook<\/figcaption>\n\t\t<\/figure>\n\t<\/div>\n\n\n\n\n\n\n\n\t<p>\n\t\t<a href=\"\" target=\"_blank\" data-element=\"shortcode-suno-banner\" title=\"Banner SUNO, clique e saiba mais\">\n\t\t\t<picture>\n\t\t\t\t<source media=\"(max-width: 500px)\" srcset=\"\">\n\t\t\t\t<img class=\"newsContent__article__imgCapa newsContent__article__imgCapa--banner\"\n\t\t\t\t\tsrc=\"\"\n\t\t\t\t\tdata-promo-id=\"89005\"\t\t\t\t\t\t\t\t\t\t\t\t\t\t\talt=\"\"\n\t\t\t\t>\n\t\t\t<\/picture>\n\t\t<\/a>\n\t<\/p>\n\n\n\n\n\n<p>Durante a teleconfer\u00eancia de resultados, o vice-presidente executivo de finan\u00e7as e de <a class=\"suno-keyword\" data-force=\"no\" data-priority=\"1\" href=\"https:\/\/www.suno.com.br\/artigos\/relacoes-com-investidores\/\" target=\"_blank\" rel=\"noopener\">rela\u00e7\u00f5es com investidores<\/a> da empresa, Gustavo Pimenta, disse que o pagamento de <strong>dividendos extraordin\u00e1rios da Vale<\/strong> depende, sobretudo, de dois fatores: <\/p>\n\n\n\n<ul class=\"wp-block-list\">\n<li>Pre\u00e7o do <strong>min\u00e9rio de ferro<\/strong><\/li>\n\n\n\n<li>Resolu\u00e7\u00e3o do pagamento das multas relacionadas ao desastre de Mariana<\/li>\n<\/ul>\n\n\n\n<p>No caso da <strong>cota\u00e7\u00e3o do min\u00e9rio de ferro<\/strong>, o problema vem sendo a demanda da China, que \u00e9 a maior consumidora da commodity no mundo. Com incertezas acerca das perspectivas econ\u00f4micas por l\u00e1, o pre\u00e7o do min\u00e9rio recua cerca de 20% no ano. <\/p>\n\n\n\n<p>Marcelo Spinelli, vice-presidente executivo de solu\u00e7\u00f5es de <strong>min\u00e9rio de ferro da Vale<\/strong>, afirmou que a China vive um &#8220;novo normal forte&#8221;, se referindo \u00e0 recupera\u00e7\u00e3o da economia chinesa p\u00f3s pandemia de coronavirus.<\/p>\n\n\n\n<p>\u201cDo lado da demanda, n\u00f3s temos um olhar positivo sobre China, quando n\u00f3s vemos este novo normal que chamamos de resili\u00eancia da economia chinesa\u201d, diz.<\/p>\n\n\n\t<p>\n\t\t<a href=\"https:\/\/lp.suno.com.br\/minicurso-investindo-fiis\/\" target=\"_blank\" data-element=\"shortcode-suno-banner\" title=\"Banner SUNO, clique e saiba mais\">\n\t\t\t<picture>\n\t\t\t\t<source media=\"(max-width: 500px)\" srcset=\"https:\/\/files.sunoresearch.com.br\/n\/uploads\/2023\/03\/400x300-Minicurso-FIIS.png\">\n\t\t\t\t<img class=\"newsContent__article__imgCapa newsContent__article__imgCapa--banner\"\n\t\t\t\t\tsrc=\"https:\/\/files.sunoresearch.com.br\/n\/uploads\/2023\/03\/1420x240-Minicurso-FIIS.png\"\n\t\t\t\t\tdata-promo-id=\"383125\"\t\t\t\t\t\t\t\t\t\twidth='1420' height='240'\t\t\t\t\talt=\"https:\/\/files.sunoresearch.com.br\/n\/uploads\/2023\/03\/1420x240-Minicurso-FIIS.png\"\n\t\t\t\t>\n\t\t\t<\/picture>\n\t\t<\/a>\n\t<\/p>\n\n\n\n\n\n<p>Spinelli complementou dizendo que a mineradora est\u00e1 atenta tamb\u00e9m ao n\u00edvel de exporta\u00e7\u00f5es de produtos de a\u00e7o da China, al\u00e9m de ter destacado um bom crescimento na demanda de outras regi\u00f5es, como Sudeste da \u00c1sia, \u00cdndia e Oriente M\u00e9dio.<\/p>\n\n\n\n<p>Em rela\u00e7\u00e3o aos acordos sobre o <strong>desastre de Mariana<\/strong>, os executivos afirmam que est\u00e3o otimistas. O CEO da Vale, <a class=\"suno-keyword\" target=\"_blank\" data-force=\"no\" data-priority=\"2\" href=\"https:\/\/www.suno.com.br\/tudo-sobre\/eduardo-bartolomeo\/\" rel=\"noopener\">Eduardo Bartolomeo<\/a>, afirmou que &#8220;todas as partes est\u00e3o muito engajadas&#8221; e projeta um acordo para os &#8220;pr\u00f3ximos meses&#8221;.<\/p>\n\n\n\n<h2 class=\"wp-block-heading\">Vale (VALE3) anuncia R$ 8,9 bilh\u00f5es em juros sobre capital pr\u00f3prio; veja valor por a\u00e7\u00e3o<\/h2>\n\n\n\n<p>Nesta quinta-feira (25), a Vale (<strong>VALE3<\/strong>) anunciou o pagamento de R$ 8,940 bilh\u00f5es em juros sobre capital pr\u00f3prio (JCP), o equivalente a R$ 2,093798142 por a\u00e7\u00e3o em valores brutos sujeitos \u00e0 incid\u00eancia de impostos.<\/p>\n\n\n\n<p>Os <strong>JCP da Vale<\/strong> t\u00eam como base o segundo trimestre deste ano e, segundo a companhia, est\u00e1 em linha com a pol\u00edtica de remunera\u00e7\u00e3o da empresa.<\/p>\n\n\n\n<p>A data de corte para o pagamento dos <strong>proventos da Vale<\/strong> ser\u00e1 no dia 2 de agosto. J\u00e1 o pagamento ocorre no dia 4 de setembro. As a\u00e7\u00f5es da Vale passam ser negociada ex-JCP no dia 5 de agosto.<\/p>\n\n\n\n<p>J\u00e1 em rela\u00e7\u00e3o \u00e0s ADRs da <strong>Vale<\/strong> negociadas em Nova York, a <a class=\"suno-keyword\" target=\"_blank\" data-force=\"no\" data-priority=\"1\" href=\"https:\/\/www.suno.com.br\/artigos\/data-ex\/\" rel=\"noopener\">data ex<\/a> tamb\u00e9m ser\u00e1 no dia 5 de agosto de 2024, mas o pagamento ocorre a partir de 11 de setembro.<\/p>\n\n\n\t<p>\n\t\t<a href=\"https:\/\/lp.suno.com.br\/planilha-da-vida-financeira\/\" target=\"_blank\" data-element=\"shortcode-suno-banner\" title=\"Banner SUNO, clique e saiba mais\">\n\t\t\t<picture>\n\t\t\t\t<source media=\"(max-width: 500px)\" srcset=\"https:\/\/files.sunoresearch.com.br\/n\/uploads\/2023\/04\/400x300-Planilha-vida-financeira-true.png\">\n\t\t\t\t<img class=\"newsContent__article__imgCapa newsContent__article__imgCapa--banner\"\n\t\t\t\t\tsrc=\"https:\/\/files.sunoresearch.com.br\/n\/uploads\/2023\/04\/1420x240-Planilha-vida-financeira-true.png\"\n\t\t\t\t\tdata-promo-id=\"383123\"\t\t\t\t\t\t\t\t\t\twidth='1420' height='240'\t\t\t\t\talt=\"https:\/\/files.sunoresearch.com.br\/n\/uploads\/2023\/04\/1420x240-Planilha-vida-financeira-true.png\"\n\t\t\t\t>\n\t\t\t<\/picture>\n\t\t<\/a>\n\t<\/p>\n\n\n","protected":false},"excerpt":{"rendered":"<p>Nesta quinta-feira (25), a Vale (VALE3) divulgou seus resultados do segundo trimestre e anunciou o pagamento de R$ 8,9 bilh\u00f5es em juros sobre capital pr\u00f3prio. Agora, a expectativa fica por conta dos poss\u00edveis dividendos extraordin\u00e1rios no segundo semestre. A\u00e7\u00f5es da Vale (VALE3) sobem com revis\u00e3o do min\u00e9rio e possibilidade de dividendos. Foto: Reprodu\u00e7\u00e3o Facebook Durante [&hellip;]<\/p>\n","protected":false},"author":376,"featured_media":368083,"comment_status":"closed","ping_status":"closed","sticky":false,"template":"","format":"standard","meta":[],"categories":[64],"tags":[295,676],"suno_strategy":[],"class_list":["post-568102","post","type-post","status-publish","format-standard","has-post-thumbnail","hentry","category-negocios","tag-dividendos","tag-vale-vale3"],"yoast_head":"<!-- This site is optimized with the Yoast SEO plugin v24.4 - https:\/\/yoast.com\/wordpress\/plugins\/seo\/ -->\n<title>Vale (VALE3) pagar\u00e1 dividendos extraordin\u00e1rios?<\/title>\n<meta name=\"description\" content=\"O vice-presidente de finan\u00e7as da Vale, Gustavo Pimenta, falou sobre a possibilidade de pagamento de dividendos extraordin\u00e1rios.\" \/>\n<meta name=\"robots\" content=\"index, follow, max-snippet:-1, max-image-preview:large, max-video-preview:-1\" \/>\n<link rel=\"canonical\" href=\"https:\/\/www.suno.com.br\/noticias\/vale-vale3-dividendos-extraordinarios-depende-cfo-gss\/\" \/>\n<meta property=\"og:locale\" content=\"pt_BR\" \/>\n<meta property=\"og:type\" content=\"article\" \/>\n<meta property=\"og:title\" content=\"Vale (VALE3) pagar\u00e1 dividendos extraordin\u00e1rios?\" \/>\n<meta property=\"og:description\" content=\"O vice-presidente de finan\u00e7as da Vale, Gustavo Pimenta, falou sobre a possibilidade de pagamento de dividendos extraordin\u00e1rios.\" \/>\n<meta property=\"og:url\" content=\"https:\/\/www.suno.com.br\/noticias\/vale-vale3-dividendos-extraordinarios-depende-cfo-gss\/\" \/>\n<meta property=\"og:site_name\" content=\"Suno Not\u00edcias\" \/>\n<meta property=\"article:publisher\" content=\"https:\/\/facebook.com\/sunoresearch\" \/>\n<meta property=\"og:image\" content=\"https:\/\/files.sunoresearch.com.br\/n\/uploads\/2023\/02\/vale-vale3-1.jpg\" \/>\n\t<meta property=\"og:image:width\" content=\"1433\" \/>\n\t<meta property=\"og:image:height\" content=\"800\" \/>\n\t<meta property=\"og:image:type\" content=\"image\/jpeg\" \/>\n<meta name=\"author\" content=\"Guilherme Serrano\" \/>\n<meta name=\"twitter:card\" content=\"summary_large_image\" \/>\n<meta name=\"twitter:creator\" content=\"@sunoresearch\" \/>\n<meta name=\"twitter:site\" content=\"@sunoresearch\" \/>\n<meta name=\"twitter:label1\" content=\"Escrito por\" \/>\n\t<meta name=\"twitter:data1\" content=\"Guilherme Serrano\" \/>\n\t<meta name=\"twitter:label2\" content=\"Est. tempo de leitura\" \/>\n\t<meta name=\"twitter:data2\" content=\"3 minutos\" \/>\n<script type=\"application\/ld+json\" class=\"yoast-schema-graph\">{\"@context\":\"https:\/\/schema.org\",\"@graph\":[{\"@type\":\"NewsArticle\",\"@id\":\"https:\/\/www.suno.com.br\/noticias\/vale-vale3-dividendos-extraordinarios-depende-cfo-gss\/#article\",\"isPartOf\":{\"@id\":\"https:\/\/www.suno.com.br\/noticias\/vale-vale3-dividendos-extraordinarios-depende-cfo-gss\/\"},\"author\":{\"name\":\"Guilherme Serrano\",\"@id\":\"https:\/\/www.suno.com.br\/noticias\/#\/schema\/person\/d0f07e64bce64aa671feadfb844f04ca\"},\"headline\":\"Dividendos extraordin\u00e1rios da Vale (VALE3) dependem de alguns fatores, diz CFO; veja quais\",\"datePublished\":\"2024-07-26T19:54:53+00:00\",\"dateModified\":\"2024-07-26T19:54:56+00:00\",\"mainEntityOfPage\":{\"@id\":\"https:\/\/www.suno.com.br\/noticias\/vale-vale3-dividendos-extraordinarios-depende-cfo-gss\/\"},\"wordCount\":463,\"publisher\":{\"@id\":\"https:\/\/www.suno.com.br\/noticias\/#organization\"},\"image\":{\"@id\":\"https:\/\/www.suno.com.br\/noticias\/vale-vale3-dividendos-extraordinarios-depende-cfo-gss\/#primaryimage\"},\"thumbnailUrl\":\"https:\/\/files.sunoresearch.com.br\/n\/uploads\/2023\/02\/vale-vale3-1.jpg\",\"keywords\":[\"dividendos\",\"Vale (VALE3)\"],\"articleSection\":[\"Neg\u00f3cios\"],\"inLanguage\":\"pt-BR\"},{\"@type\":\"WebPage\",\"@id\":\"https:\/\/www.suno.com.br\/noticias\/vale-vale3-dividendos-extraordinarios-depende-cfo-gss\/\",\"url\":\"https:\/\/www.suno.com.br\/noticias\/vale-vale3-dividendos-extraordinarios-depende-cfo-gss\/\",\"name\":\"Vale (VALE3) pagar\u00e1 dividendos extraordin\u00e1rios?\",\"isPartOf\":{\"@id\":\"https:\/\/www.suno.com.br\/noticias\/#website\"},\"primaryImageOfPage\":{\"@id\":\"https:\/\/www.suno.com.br\/noticias\/vale-vale3-dividendos-extraordinarios-depende-cfo-gss\/#primaryimage\"},\"image\":{\"@id\":\"https:\/\/www.suno.com.br\/noticias\/vale-vale3-dividendos-extraordinarios-depende-cfo-gss\/#primaryimage\"},\"thumbnailUrl\":\"https:\/\/files.sunoresearch.com.br\/n\/uploads\/2023\/02\/vale-vale3-1.jpg\",\"datePublished\":\"2024-07-26T19:54:53+00:00\",\"dateModified\":\"2024-07-26T19:54:56+00:00\",\"description\":\"O vice-presidente de finan\u00e7as da Vale, Gustavo Pimenta, falou sobre a possibilidade de pagamento de dividendos extraordin\u00e1rios.\",\"breadcrumb\":{\"@id\":\"https:\/\/www.suno.com.br\/noticias\/vale-vale3-dividendos-extraordinarios-depende-cfo-gss\/#breadcrumb\"},\"inLanguage\":\"pt-BR\",\"potentialAction\":[{\"@type\":\"ReadAction\",\"target\":[\"https:\/\/www.suno.com.br\/noticias\/vale-vale3-dividendos-extraordinarios-depende-cfo-gss\/\"]}]},{\"@type\":\"ImageObject\",\"inLanguage\":\"pt-BR\",\"@id\":\"https:\/\/www.suno.com.br\/noticias\/vale-vale3-dividendos-extraordinarios-depende-cfo-gss\/#primaryimage\",\"url\":\"https:\/\/files.sunoresearch.com.br\/n\/uploads\/2023\/02\/vale-vale3-1.jpg\",\"contentUrl\":\"https:\/\/files.sunoresearch.com.br\/n\/uploads\/2023\/02\/vale-vale3-1.jpg\",\"width\":1433,\"height\":800,\"caption\":\"A\u00e7\u00f5es da Vale (VALE3) sobem com revis\u00e3o do min\u00e9rio e possibilidade de dividendos. Foto: Reprodu\u00e7\u00e3o Facebook\"},{\"@type\":\"BreadcrumbList\",\"@id\":\"https:\/\/www.suno.com.br\/noticias\/vale-vale3-dividendos-extraordinarios-depende-cfo-gss\/#breadcrumb\",\"itemListElement\":[{\"@type\":\"ListItem\",\"position\":1,\"name\":\"Not\u00edcias\",\"item\":\"https:\/\/www.suno.com.br\/noticias\/\"},{\"@type\":\"ListItem\",\"position\":2,\"name\":\"Neg\u00f3cios\",\"item\":\"https:\/\/www.suno.com.br\/noticias\/negocios\/\"},{\"@type\":\"ListItem\",\"position\":3,\"name\":\"Dividendos extraordin\u00e1rios da Vale (VALE3) dependem de alguns fatores, diz CFO; veja quais\"}]},{\"@type\":\"WebSite\",\"@id\":\"https:\/\/www.suno.com.br\/noticias\/#website\",\"url\":\"https:\/\/www.suno.com.br\/noticias\/\",\"name\":\"Suno Not\u00edcias\",\"description\":\"Seu portal de informa\u00e7\u00e3o sobre o mundo dos investimentos\",\"publisher\":{\"@id\":\"https:\/\/www.suno.com.br\/noticias\/#organization\"},\"potentialAction\":[{\"@type\":\"SearchAction\",\"target\":{\"@type\":\"EntryPoint\",\"urlTemplate\":\"https:\/\/www.suno.com.br\/noticias\/?s={search_term_string}\"},\"query-input\":{\"@type\":\"PropertyValueSpecification\",\"valueRequired\":true,\"valueName\":\"search_term_string\"}}],\"inLanguage\":\"pt-BR\"},{\"@type\":\"Organization\",\"@id\":\"https:\/\/www.suno.com.br\/noticias\/#organization\",\"name\":\"Suno Not\u00edcias\",\"url\":\"https:\/\/www.suno.com.br\/noticias\/\",\"logo\":{\"@type\":\"ImageObject\",\"inLanguage\":\"pt-BR\",\"@id\":\"https:\/\/www.suno.com.br\/noticias\/#\/schema\/logo\/image\/\",\"url\":\"https:\/\/files.sunoresearch.com.br\/n\/uploads\/2021\/09\/suno-logo.png\",\"contentUrl\":\"https:\/\/files.sunoresearch.com.br\/n\/uploads\/2021\/09\/suno-logo.png\",\"width\":180,\"height\":180,\"caption\":\"Suno Not\u00edcias\"},\"image\":{\"@id\":\"https:\/\/www.suno.com.br\/noticias\/#\/schema\/logo\/image\/\"},\"sameAs\":[\"https:\/\/facebook.com\/sunoresearch\",\"https:\/\/x.com\/sunoresearch\",\"https:\/\/www.instagram.com\/suno\",\"https:\/\/www.linkedin.com\/company\/suno-research\/\",\"https:\/\/www.youtube.com\/c\/sunoresearch\"]},{\"@type\":\"Person\",\"@id\":\"https:\/\/www.suno.com.br\/noticias\/#\/schema\/person\/d0f07e64bce64aa671feadfb844f04ca\",\"name\":\"Guilherme Serrano\",\"image\":{\"@type\":\"ImageObject\",\"inLanguage\":\"pt-BR\",\"@id\":\"https:\/\/www.suno.com.br\/noticias\/#\/schema\/person\/image\/\",\"url\":\"https:\/\/secure.gravatar.com\/avatar\/a90be19d8c67bef61497e4522de30ac4?s=96&r=g\",\"contentUrl\":\"https:\/\/secure.gravatar.com\/avatar\/a90be19d8c67bef61497e4522de30ac4?s=96&r=g\",\"caption\":\"Guilherme Serrano\"},\"description\":\"Jornalista formado pela Faculdade C\u00e1sper L\u00edbero e p\u00f3s-graduado em Can\u00e7\u00e3o Popular pela Faculdade Santa Marcelina. Passagens por R\u00e1dio Gazeta AM, gazetaesportiva.com e TC R\u00e1dio.\",\"url\":\"https:\/\/www.suno.com.br\/noticias\/author\/guilherme-silvasuno-com-br\/\"}]}<\/script>\n<!-- \/ Yoast SEO plugin. -->","yoast_head_json":{"title":"Vale (VALE3) pagar\u00e1 dividendos extraordin\u00e1rios?","description":"O vice-presidente de finan\u00e7as da Vale, Gustavo Pimenta, falou sobre a possibilidade de pagamento de dividendos extraordin\u00e1rios.","robots":{"index":"index","follow":"follow","max-snippet":"max-snippet:-1","max-image-preview":"max-image-preview:large","max-video-preview":"max-video-preview:-1"},"canonical":"https:\/\/www.suno.com.br\/noticias\/vale-vale3-dividendos-extraordinarios-depende-cfo-gss\/","og_locale":"pt_BR","og_type":"article","og_title":"Vale (VALE3) pagar\u00e1 dividendos extraordin\u00e1rios?","og_description":"O vice-presidente de finan\u00e7as da Vale, Gustavo Pimenta, falou sobre a possibilidade de pagamento de dividendos extraordin\u00e1rios.","og_url":"https:\/\/www.suno.com.br\/noticias\/vale-vale3-dividendos-extraordinarios-depende-cfo-gss\/","og_site_name":"Suno Not\u00edcias","article_publisher":"https:\/\/facebook.com\/sunoresearch","og_image":[{"width":1433,"height":800,"url":"https:\/\/files.sunoresearch.com.br\/n\/uploads\/2023\/02\/vale-vale3-1.jpg","type":"image\/jpeg"}],"author":"Guilherme Serrano","twitter_card":"summary_large_image","twitter_creator":"@sunoresearch","twitter_site":"@sunoresearch","twitter_misc":{"Escrito por":"Guilherme Serrano","Est. tempo de leitura":"3 minutos"},"schema":{"@context":"https:\/\/schema.org","@graph":[{"@type":"NewsArticle","@id":"https:\/\/www.suno.com.br\/noticias\/vale-vale3-dividendos-extraordinarios-depende-cfo-gss\/#article","isPartOf":{"@id":"https:\/\/www.suno.com.br\/noticias\/vale-vale3-dividendos-extraordinarios-depende-cfo-gss\/"},"author":{"name":"Guilherme Serrano","@id":"https:\/\/www.suno.com.br\/noticias\/#\/schema\/person\/d0f07e64bce64aa671feadfb844f04ca"},"headline":"Dividendos extraordin\u00e1rios da Vale (VALE3) dependem de alguns fatores, diz CFO; veja quais","datePublished":"2024-07-26T19:54:53+00:00","dateModified":"2024-07-26T19:54:56+00:00","mainEntityOfPage":{"@id":"https:\/\/www.suno.com.br\/noticias\/vale-vale3-dividendos-extraordinarios-depende-cfo-gss\/"},"wordCount":463,"publisher":{"@id":"https:\/\/www.suno.com.br\/noticias\/#organization"},"image":{"@id":"https:\/\/www.suno.com.br\/noticias\/vale-vale3-dividendos-extraordinarios-depende-cfo-gss\/#primaryimage"},"thumbnailUrl":"https:\/\/files.sunoresearch.com.br\/n\/uploads\/2023\/02\/vale-vale3-1.jpg","keywords":["dividendos","Vale (VALE3)"],"articleSection":["Neg\u00f3cios"],"inLanguage":"pt-BR"},{"@type":"WebPage","@id":"https:\/\/www.suno.com.br\/noticias\/vale-vale3-dividendos-extraordinarios-depende-cfo-gss\/","url":"https:\/\/www.suno.com.br\/noticias\/vale-vale3-dividendos-extraordinarios-depende-cfo-gss\/","name":"Vale (VALE3) pagar\u00e1 dividendos extraordin\u00e1rios?","isPartOf":{"@id":"https:\/\/www.suno.com.br\/noticias\/#website"},"primaryImageOfPage":{"@id":"https:\/\/www.suno.com.br\/noticias\/vale-vale3-dividendos-extraordinarios-depende-cfo-gss\/#primaryimage"},"image":{"@id":"https:\/\/www.suno.com.br\/noticias\/vale-vale3-dividendos-extraordinarios-depende-cfo-gss\/#primaryimage"},"thumbnailUrl":"https:\/\/files.sunoresearch.com.br\/n\/uploads\/2023\/02\/vale-vale3-1.jpg","datePublished":"2024-07-26T19:54:53+00:00","dateModified":"2024-07-26T19:54:56+00:00","description":"O vice-presidente de finan\u00e7as da Vale, Gustavo Pimenta, falou sobre a possibilidade de pagamento de dividendos extraordin\u00e1rios.","breadcrumb":{"@id":"https:\/\/www.suno.com.br\/noticias\/vale-vale3-dividendos-extraordinarios-depende-cfo-gss\/#breadcrumb"},"inLanguage":"pt-BR","potentialAction":[{"@type":"ReadAction","target":["https:\/\/www.suno.com.br\/noticias\/vale-vale3-dividendos-extraordinarios-depende-cfo-gss\/"]}]},{"@type":"ImageObject","inLanguage":"pt-BR","@id":"https:\/\/www.suno.com.br\/noticias\/vale-vale3-dividendos-extraordinarios-depende-cfo-gss\/#primaryimage","url":"https:\/\/files.sunoresearch.com.br\/n\/uploads\/2023\/02\/vale-vale3-1.jpg","contentUrl":"https:\/\/files.sunoresearch.com.br\/n\/uploads\/2023\/02\/vale-vale3-1.jpg","width":1433,"height":800,"caption":"A\u00e7\u00f5es da Vale (VALE3) sobem com revis\u00e3o do min\u00e9rio e possibilidade de dividendos. Foto: Reprodu\u00e7\u00e3o Facebook"},{"@type":"BreadcrumbList","@id":"https:\/\/www.suno.com.br\/noticias\/vale-vale3-dividendos-extraordinarios-depende-cfo-gss\/#breadcrumb","itemListElement":[{"@type":"ListItem","position":1,"name":"Not\u00edcias","item":"https:\/\/www.suno.com.br\/noticias\/"},{"@type":"ListItem","position":2,"name":"Neg\u00f3cios","item":"https:\/\/www.suno.com.br\/noticias\/negocios\/"},{"@type":"ListItem","position":3,"name":"Dividendos extraordin\u00e1rios da Vale (VALE3) dependem de alguns fatores, diz CFO; veja quais"}]},{"@type":"WebSite","@id":"https:\/\/www.suno.com.br\/noticias\/#website","url":"https:\/\/www.suno.com.br\/noticias\/","name":"Suno Not\u00edcias","description":"Seu portal de informa\u00e7\u00e3o sobre o mundo dos investimentos","publisher":{"@id":"https:\/\/www.suno.com.br\/noticias\/#organization"},"potentialAction":[{"@type":"SearchAction","target":{"@type":"EntryPoint","urlTemplate":"https:\/\/www.suno.com.br\/noticias\/?s={search_term_string}"},"query-input":{"@type":"PropertyValueSpecification","valueRequired":true,"valueName":"search_term_string"}}],"inLanguage":"pt-BR"},{"@type":"Organization","@id":"https:\/\/www.suno.com.br\/noticias\/#organization","name":"Suno Not\u00edcias","url":"https:\/\/www.suno.com.br\/noticias\/","logo":{"@type":"ImageObject","inLanguage":"pt-BR","@id":"https:\/\/www.suno.com.br\/noticias\/#\/schema\/logo\/image\/","url":"https:\/\/files.sunoresearch.com.br\/n\/uploads\/2021\/09\/suno-logo.png","contentUrl":"https:\/\/files.sunoresearch.com.br\/n\/uploads\/2021\/09\/suno-logo.png","width":180,"height":180,"caption":"Suno Not\u00edcias"},"image":{"@id":"https:\/\/www.suno.com.br\/noticias\/#\/schema\/logo\/image\/"},"sameAs":["https:\/\/facebook.com\/sunoresearch","https:\/\/x.com\/sunoresearch","https:\/\/www.instagram.com\/suno","https:\/\/www.linkedin.com\/company\/suno-research\/","https:\/\/www.youtube.com\/c\/sunoresearch"]},{"@type":"Person","@id":"https:\/\/www.suno.com.br\/noticias\/#\/schema\/person\/d0f07e64bce64aa671feadfb844f04ca","name":"Guilherme Serrano","image":{"@type":"ImageObject","inLanguage":"pt-BR","@id":"https:\/\/www.suno.com.br\/noticias\/#\/schema\/person\/image\/","url":"https:\/\/secure.gravatar.com\/avatar\/a90be19d8c67bef61497e4522de30ac4?s=96&r=g","contentUrl":"https:\/\/secure.gravatar.com\/avatar\/a90be19d8c67bef61497e4522de30ac4?s=96&r=g","caption":"Guilherme Serrano"},"description":"Jornalista formado pela Faculdade C\u00e1sper L\u00edbero e p\u00f3s-graduado em Can\u00e7\u00e3o Popular pela Faculdade Santa Marcelina. Passagens por R\u00e1dio Gazeta AM, gazetaesportiva.com e TC R\u00e1dio.","url":"https:\/\/www.suno.com.br\/noticias\/author\/guilherme-silvasuno-com-br\/"}]}},"default_loop_html":"<div class=\"cardsPage__listCard__boxs\"><div class=\"cardsPage__listCard__boxs__img\"><a href=\"https:\/\/www.suno.com.br\/noticias\/vale-vale3-dividendos-extraordinarios-depende-cfo-gss\/\"><img class=\"mask\" src=\"https:\/\/www.suno.com.br\/noticias\/wp-content\/themes\/suno\/resources\/images\/spotlight\/spotlight1img\/bg-mask.png\" alt=\"Image Mask\"\/><img src=\"https:\/\/files.sunoresearch.com.br\/n\/uploads\/2023\/02\/vale-vale3-1-400x200.jpg\" alt=\"Dividendos extraordin\u00e1rios da Vale (VALE3) dependem de alguns fatores, diz CFO; veja quais\"\/><\/a><span class=\"spotlightCategory\"><a href=\"https:\/\/www.suno.com.br\/noticias\/negocios\/\">Neg\u00f3cios<\/a><\/span><\/div><div class=\"cardsPage__listCard__boxs__content\"><a href=\"https:\/\/www.suno.com.br\/noticias\/vale-vale3-dividendos-extraordinarios-depende-cfo-gss\/\"><h2 class=\"content__title\">Dividendos extraordin\u00e1rios da Vale (VALE3) dependem de alguns fatores, diz CFO; veja quais<\/h2><\/a><div class=\"newsContent__article__meta\"><div class=\"newsContent__article__meta__authorBox\"><a href=\"https:\/\/www.suno.com.br\/noticias\/author\/guilherme-silvasuno-com-br\/\" class=\"authorBox__avatar noMobi\"><img src=\"https:\/\/secure.gravatar.com\/avatar\/a90be19d8c67bef61497e4522de30ac4?s=96&#038;r=g\" alt=\"Guilherme Serrano\"><\/a><div class=\"authorBox__name\"><span>por\n\t\t\t<a href=\"https:\/\/www.suno.com.br\/noticias\/author\/guilherme-silvasuno-com-br\/\"><span itemprop=\"author\">Guilherme Serrano<\/span><\/a><\/span><time datetime=\"2024-07-26T16:54:53-03:00\" itemprop=\"datePublished\">26\/07\/2024 16:54<\/time><\/div><\/div><\/div><\/div><\/div>","single_layout":"posts","amp_enabled":true,"_links":{"self":[{"href":"https:\/\/www.suno.com.br\/noticias\/wp-json\/wp\/v2\/posts\/568102"}],"collection":[{"href":"https:\/\/www.suno.com.br\/noticias\/wp-json\/wp\/v2\/posts"}],"about":[{"href":"https:\/\/www.suno.com.br\/noticias\/wp-json\/wp\/v2\/types\/post"}],"author":[{"embeddable":true,"href":"https:\/\/www.suno.com.br\/noticias\/wp-json\/wp\/v2\/users\/376"}],"replies":[{"embeddable":true,"href":"https:\/\/www.suno.com.br\/noticias\/wp-json\/wp\/v2\/comments?post=568102"}],"version-history":[{"count":2,"href":"https:\/\/www.suno.com.br\/noticias\/wp-json\/wp\/v2\/posts\/568102\/revisions"}],"predecessor-version":[{"id":568106,"href":"https:\/\/www.suno.com.br\/noticias\/wp-json\/wp\/v2\/posts\/568102\/revisions\/568106"}],"wp:featuredmedia":[{"embeddable":true,"href":"https:\/\/www.suno.com.br\/noticias\/wp-json\/wp\/v2\/media\/368083"}],"wp:attachment":[{"href":"https:\/\/www.suno.com.br\/noticias\/wp-json\/wp\/v2\/media?parent=568102"}],"wp:term":[{"taxonomy":"category","embeddable":true,"href":"https:\/\/www.suno.com.br\/noticias\/wp-json\/wp\/v2\/categories?post=568102"},{"taxonomy":"post_tag","embeddable":true,"href":"https:\/\/www.suno.com.br\/noticias\/wp-json\/wp\/v2\/tags?post=568102"},{"taxonomy":"suno_strategy","embeddable":true,"href":"https:\/\/www.suno.com.br\/noticias\/wp-json\/wp\/v2\/suno_strategy?post=568102"}],"curies":[{"name":"wp","href":"https:\/\/api.w.org\/{rel}","templated":true}]}}