{"id":568009,"date":"2024-07-26T09:58:42","date_gmt":"2024-07-26T12:58:42","guid":{"rendered":"https:\/\/www.suno.com.br\/noticias\/?p=568009"},"modified":"2024-07-26T09:58:45","modified_gmt":"2024-07-26T12:58:45","slug":"vale-vale3-jcp-2t24-gss","status":"publish","type":"post","link":"https:\/\/www.suno.com.br\/noticias\/vale-vale3-jcp-2t24-gss\/","title":{"rendered":"Vale (VALE3) anuncia R$ 8,9 bilh\u00f5es em juros sobre capital pr\u00f3prio; veja valor por a\u00e7\u00e3o"},"content":{"rendered":"<p>Nesta quinta-feira (25), a <strong>Vale<\/strong> (<a class=\"suno-keyword\" data-force=\"yes\" data-priority=\"2\" href=\"https:\/\/www.suno.com.br\/analitica\/acoes\/vale3\/\" target=\"_blank\" rel=\"noopener\">VALE3<\/a>) anunciou o pagamento de R$ 8,940 bilh\u00f5es em <a class=\"suno-keyword\" data-force=\"no\" data-priority=\"1\" href=\"https:\/\/www.suno.com.br\/artigos\/entenda-o-jcp\/\" target=\"_blank\" rel=\"noopener\">juros sobre capital pr\u00f3prio<\/a> (JCP), o equivalente a R$ 2,093798142 por a\u00e7\u00e3o em valores brutos sujeitos \u00e0 incid\u00eancia de impostos.<\/p>\t<div class=\"wrapper-featured-image\">\n\t\t<figure class=\"spotlightImg\">\n\n\t\t\t<picture>\n\t\t\t\t<source media=\"(max-width: 768px)\" srcset=\"https:\/\/files.sunoresearch.com.br\/n\/uploads\/2023\/04\/vale_vale3-1-400x200.jpg\">\n\t\t\t\t<img loading=\"lazy\" decoding=\"async\" class=\"newsContent__article__imgCapa lazyloadDisabled \" src=\"https:\/\/files.sunoresearch.com.br\/n\/uploads\/2023\/04\/vale_vale3-1-800x450.jpg\" width=\"800\" height=\"450\" alt=\"Vale (VALE3) anuncia R$ 8,9 bilh\u00f5es em juros sobre capital pr\u00f3prio; veja valor por a\u00e7\u00e3o\" fetchpriority=high \/>\n\t\t\t<\/picture>\n\n\t\t\t<figcaption class=\"wp-caption-text wp-caption-text--show\">Vale sobe 1,92% e lidera ganhos do dia. Foto: Ag\u00eancia Vale<\/figcaption>\n\t\t<\/figure>\n\t<\/div>\n\n\n\n\n\n\n\n\t<p>\n\t\t<a href=\"\" target=\"_blank\" data-element=\"shortcode-suno-banner\" title=\"Banner SUNO, clique e saiba mais\">\n\t\t\t<picture>\n\t\t\t\t<source media=\"(max-width: 500px)\" srcset=\"\">\n\t\t\t\t<img class=\"newsContent__article__imgCapa newsContent__article__imgCapa--banner\"\n\t\t\t\t\tsrc=\"\"\n\t\t\t\t\tdata-promo-id=\"89005\"\t\t\t\t\t\t\t\t\t\t\t\t\t\t\talt=\"\"\n\t\t\t\t>\n\t\t\t<\/picture>\n\t\t<\/a>\n\t<\/p>\n\n\n\n\n\n<p>Os <strong>JCP da Vale<\/strong> t\u00eam como base o segundo trimestre deste ano e, segundo a companhia, est\u00e1 em linha com a pol\u00edtica de remunera\u00e7\u00e3o da empresa.<\/p>\n\n\n\n<p>A data de corte para o pagamento dos <strong>proventos da Vale<\/strong> ser\u00e1 no dia 2 de agosto. J\u00e1 o pagamento ocorre no dia 4 de setembro. As <strong>a\u00e7\u00f5es da Vale<\/strong> passam ser negociada ex-JCP no dia 5 de agosto.<\/p>\n\n\n\n<p>J\u00e1 em rela\u00e7\u00e3o \u00e0s <strong>ADRs da Vale<\/strong> negociadas em Nova York, a <a class=\"suno-keyword\" target=\"_blank\" data-force=\"no\" data-priority=\"1\" href=\"https:\/\/www.suno.com.br\/artigos\/data-ex\/\" rel=\"noopener\">data ex<\/a> tamb\u00e9m ser\u00e1 no dia 5 de agosto de 2024, mas o pagamento ocorre a partir de 11 de setembro. <\/p>\n\n\n\n<p>\u201cO valor a ser pago por a\u00e7\u00e3o pode sofrer pequena varia\u00e7\u00e3o at\u00e9 as datas de corte em decorr\u00eancia do programa de <a class=\"suno-keyword\" target=\"_blank\" data-force=\"no\" data-priority=\"1\" href=\"https:\/\/www.suno.com.br\/artigos\/recompra-de-acoes\/\" rel=\"noopener\">recompra de a\u00e7\u00f5es<\/a>, que impacta o n\u00famero de <a class=\"suno-keyword\" target=\"_blank\" data-force=\"no\" data-priority=\"1\" href=\"https:\/\/www.suno.com.br\/artigos\/acoes-em-tesouraria\/\" rel=\"noopener\">a\u00e7\u00f5es em tesouraria<\/a>\u201d, diz a companhia.<\/p>\n\n\n\n<p>Tendo em vista o valor bruto, a remunera\u00e7\u00e3o de R$ 2,09 equivale a um <strong>dividend yield da Vale<\/strong> de 3,45%, com base na cota\u00e7\u00e3o do fechamento do papel nesta quinta-feira, a R$ 60,57.<\/p>\n\n\n\n<h2 class=\"wp-block-heading\">Vale (VALE3) tem lucro de US$ 2,769 bilh\u00f5es no 2\u00ba trimestre, alta de 210%<\/h2>\n\n\n\n<p>A Vale (<strong>VALE3<\/strong>) apresentou <a class=\"suno-keyword\" target=\"_blank\" data-force=\"no\" data-priority=\"1\" href=\"https:\/\/www.suno.com.br\/artigos\/lucro-liquido\/\" rel=\"noopener\">lucro l\u00edquido<\/a> de US$ 2,769 bilh\u00f5es no segundo trimestre deste ano, alta de 210% ante igual per\u00edodo de 2023 e 65% superior na compara\u00e7\u00e3o trimestral, de acordo com balan\u00e7o divulgado nesta quinta-feira, 25.<\/p>\n\n\n\n<p>A expans\u00e3o reflete o aumento das vendas de min\u00e9rio de ferro, que tiveram expans\u00e3o anual de 7% e no trimestre de 25%, impulsionadas por uma produ\u00e7\u00e3o recorde para um segundo trimestre desde 2018, bem como pelas vendas de estoques, de acordo com o balan\u00e7o.<\/p>\n\n\n\t<p>\n\t\t<a href=\"https:\/\/lp.suno.com.br\/minicurso-investindo-fiis\/\" target=\"_blank\" data-element=\"shortcode-suno-banner\" title=\"Banner SUNO, clique e saiba mais\">\n\t\t\t<picture>\n\t\t\t\t<source media=\"(max-width: 500px)\" srcset=\"https:\/\/files.sunoresearch.com.br\/n\/uploads\/2023\/03\/400x300-Minicurso-FIIS.png\">\n\t\t\t\t<img class=\"newsContent__article__imgCapa newsContent__article__imgCapa--banner\"\n\t\t\t\t\tsrc=\"https:\/\/files.sunoresearch.com.br\/n\/uploads\/2023\/03\/1420x240-Minicurso-FIIS.png\"\n\t\t\t\t\tdata-promo-id=\"383125\"\t\t\t\t\t\t\t\t\t\twidth='1420' height='240'\t\t\t\t\talt=\"https:\/\/files.sunoresearch.com.br\/n\/uploads\/2023\/03\/1420x240-Minicurso-FIIS.png\"\n\t\t\t\t>\n\t\t\t<\/picture>\n\t\t<\/a>\n\t<\/p>\n\n\n\n\n\n<p>O Ebitda (lucro antes dos juros, impostos, <a class=\"suno-keyword\" data-force=\"no\" data-priority=\"1\" href=\"https:\/\/www.suno.com.br\/artigos\/depreciacao-amortizacao\/\" target=\"_blank\" rel=\"noopener\">deprecia\u00e7\u00e3o e amortiza\u00e7\u00e3o<\/a>) ajustado ficou em US$ 3,993 bilh\u00f5es, resultado est\u00e1vel na compara\u00e7\u00e3o com o segundo per\u00edodo de 2023 e 16% maior na compara\u00e7\u00e3o com os tr\u00eas meses imediatamente anteriores.<\/p>\n\n\n\n<p>A <a class=\"suno-keyword\" target=\"_blank\" data-force=\"no\" data-priority=\"1\" href=\"https:\/\/www.suno.com.br\/artigos\/o-que-receita-liquida\/\" rel=\"noopener\">receita l\u00edquida<\/a> de vendas da Vale no segundo trimestre de 2024 somaram US$ 9,920 bilh\u00f5es, aumento de 3% ante igual per\u00edodo do ano anterior . Na compara\u00e7\u00e3o trimestral, quando a cifra anterior foi de US$ 8,459 bilh\u00f5es, houve avan\u00e7o de 17%.<\/p>\n\n\n\n<p>\u201cNosso forte desempenho operacional continua trimestre ap\u00f3s trimestre. Em Solu\u00e7\u00f5es de Min\u00e9rio de Ferro, alcan\u00e7amos uma produ\u00e7\u00e3o recorde para um segundo trimestre desde 2018\u201d, comenta o presidente da Vale, Eduardo Bartolomeo, no balan\u00e7o.<\/p>\n\n\n\n<p>Segundo ele, como parte do objetivo estrat\u00e9gico da Vale, de se tornar o fornecedor preferido de a\u00e7o de baixo carbono, a empresa est\u00e1 avan\u00e7ando em projetos importantes de crescimento, como Vargem Grande e Capanema, que juntos adicionar\u00e3o 30 Mt de capacidade nos pr\u00f3ximos doze meses.<\/p>\n\n\n\n<p><em>Com Estad\u00e3o Conte\u00fado<\/em><\/p>\n\n\n\n<h2 class=\"wp-block-heading\">Desempenho das a\u00e7\u00f5es<\/h2>\n\n\n\n<p>Veja o movimento dos pap\u00e9is da <strong>Vale <\/strong>(VALE3) nos \u00faltimos 30 dias:<\/p>\n\n\n\n<div class=\"pluginQuotation\">\n  <p class=\"ticker\">\n    Cota\u00e7\u00e3o <span>VALE3<\/span>\n  <\/p>\n  <div class=\"info\">\n    <div class=\"leftSide\">\n      Gr\u00e1fico gerado em: 26\/07\/2024    <\/div>\n\t\t\t\t\t<div class=\"rightSide\">\n\t\t\t\t\t<span class=\"period\">\n\t\t\t\t\t\t1 M\u00eas\t\t\t\t\t<\/span>\n\t\t\t<\/div>\n\t\t  <\/div>\n\n  <div id=\"chart-da37a5c8928ae74322a9e12c93c89d4b\" data-block-hash=\"da37a5c8928ae74322a9e12c93c89d4b\"  class=\"chart\" style=\"width:100%;height:400px;\"><\/div>\n\n  <div class=\"pluginQuotation__footer\">\n    <div class=\"dataChart\">\n\n      <div class=\"dataChart__div1 variation\">\n        <div class=\"value-negative\">\n          -1,35 (-0,83%)        <\/div>\n        <div class=\"text\">\n          Varia\u00e7\u00e3o do per\u00edodo\n        <\/div>\n      <\/div>\n\n      <div class=\"dataChart__div2 minMax\">\n        <div class=\"value\">\n          R$\u00a060,23        <\/div>\n        <div class=\"text\">\n          M\u00ednima\n        <\/div>\n      <\/div>\n\n      <div class=\"dataChart__div3 minMax\">\n        <div class=\"value\">\n          R$\u00a064,18        <\/div>\n        <div class=\"text\">\n          M\u00e1xima\n        <\/div>\n      <\/div>\n\n\t\t\t<div class=\"dataChart__div4 rightSide\">\n\t\t\t\t<div class=\"analiticaSource\">\n\t\t\t\t\t<span>\n\t\t\t\t\t\tFonte:\n\t\t\t\t\t<\/span>\n\t\t\t\t\t<img decoding=\"async\" class=\"analiticaLogo\" src=\"https:\/\/www.suno.com.br\/noticias\/wp-content\/plugins\/suno-block-ticker-quotation\/src\/suno-analitica-logo.png\" alt=\"Logo Suno Anal\u00edtica\" \/>\n\t\t\t\t<\/div>\n\n\t\t\t\t<a href=\"https:\/\/www.suno.com.br\/analitica\/acoes\/VALE3\" target=\"_blank\">\n\t\t\t\t\t<span>\n\t\t\t\t\t\tVer mais cota\u00e7\u00f5es\n\t\t\t\t\t<\/span>\n\t\t\t\t\t<svg xmlns=\"http:\/\/www.w3.org\/2000\/svg\" width=\"9\" height=\"8\" viewBox=\"0 0 9 8\" fill=\"none\">\n\t\t\t\t\t\t<path d=\"M4.20996 0L3.50496 0.705L6.29496 3.5H0.209961V4.5H6.29496L3.50496 7.295L4.20996 8L8.20996 4L4.20996 0Z\" fill=\"#D42126\" \/>\n\t\t\t\t\t<\/svg>\n\t\t\t\t<\/a>\n    <\/div>\n\n    <\/div>\n  <\/div>\n<\/div>\n\n\n<script type=\"text\/javascript\">\n  let chart_da37a5c8928ae74322a9e12c93c89d4b = document.getElementById('chart-da37a5c8928ae74322a9e12c93c89d4b');\n  let data_json_da37a5c8928ae74322a9e12c93c89d4b = \"[{\\\"date\\\":\\\"26\\\\\\\/06\\\\\\\/24 \\\",\\\"value\\\":61.4},{\\\"date\\\":\\\"27\\\\\\\/06\\\\\\\/24 \\\",\\\"value\\\":61.56},{\\\"date\\\":\\\"28\\\\\\\/06\\\\\\\/24 \\\",\\\"value\\\":62.22},{\\\"date\\\":\\\"01\\\\\\\/07\\\\\\\/24 \\\",\\\"value\\\":63.14},{\\\"date\\\":\\\"02\\\\\\\/07\\\\\\\/24 \\\",\\\"value\\\":62.93},{\\\"date\\\":\\\"03\\\\\\\/07\\\\\\\/24 \\\",\\\"value\\\":64.18},{\\\"date\\\":\\\"04\\\\\\\/07\\\\\\\/24 \\\",\\\"value\\\":63.86},{\\\"date\\\":\\\"05\\\\\\\/07\\\\\\\/24 \\\",\\\"value\\\":63.6},{\\\"date\\\":\\\"08\\\\\\\/07\\\\\\\/24 \\\",\\\"value\\\":63.1},{\\\"date\\\":\\\"09\\\\\\\/07\\\\\\\/24 \\\",\\\"value\\\":63.02},{\\\"date\\\":\\\"10\\\\\\\/07\\\\\\\/24 \\\",\\\"value\\\":62.17},{\\\"date\\\":\\\"11\\\\\\\/07\\\\\\\/24 \\\",\\\"value\\\":62.01},{\\\"date\\\":\\\"12\\\\\\\/07\\\\\\\/24 \\\",\\\"value\\\":62.92},{\\\"date\\\":\\\"15\\\\\\\/07\\\\\\\/24 \\\",\\\"value\\\":62.99},{\\\"date\\\":\\\"16\\\\\\\/07\\\\\\\/24 \\\",\\\"value\\\":62.33},{\\\"date\\\":\\\"17\\\\\\\/07\\\\\\\/24 \\\",\\\"value\\\":61.75},{\\\"date\\\":\\\"18\\\\\\\/07\\\\\\\/24 \\\",\\\"value\\\":61.17},{\\\"date\\\":\\\"19\\\\\\\/07\\\\\\\/24 \\\",\\\"value\\\":61.12},{\\\"date\\\":\\\"22\\\\\\\/07\\\\\\\/24 \\\",\\\"value\\\":61.05},{\\\"date\\\":\\\"23\\\\\\\/07\\\\\\\/24 \\\",\\\"value\\\":60.23},{\\\"date\\\":\\\"24\\\\\\\/07\\\\\\\/24 \\\",\\\"value\\\":60.6},{\\\"date\\\":\\\"25\\\\\\\/07\\\\\\\/24 \\\",\\\"value\\\":60.57}]\";\n  let isPositive_da37a5c8928ae74322a9e12c93c89d4b = \"\";\n\n  let color_da37a5c8928ae74322a9e12c93c89d4b = isPositive_da37a5c8928ae74322a9e12c93c89d4b ? '#3AB53A' : '#D92C2D';\n\n  let data_da37a5c8928ae74322a9e12c93c89d4b = JSON.parse(data_json_da37a5c8928ae74322a9e12c93c89d4b);\n\n  const result_da37a5c8928ae74322a9e12c93c89d4b = {\n    date: [],\n    value: [],\n  };\n\n  data_da37a5c8928ae74322a9e12c93c89d4b.forEach((item) => {\n    result_da37a5c8928ae74322a9e12c93c89d4b.date.push(item.date);\n    result_da37a5c8928ae74322a9e12c93c89d4b.value.push(Number(item.value));\n  });\n\n  let option_da37a5c8928ae74322a9e12c93c89d4b = {\n    \/\/ variavel de cor global\n    color: [color_da37a5c8928ae74322a9e12c93c89d4b],\n    title: {\n      text: '',\n    },\n    tooltip: {\n      trigger: 'axis',\n      axisPointer: {\n        type: 'cross',\n        label: {\n          \/\/ cor dos valores em X e Y\n          backgroundColor: color_da37a5c8928ae74322a9e12c93c89d4b,\n          formatter: (value) => {\n            if (typeof value.value === 'number') {\n              return Number(value.value).toLocaleString('pt-br', {\n                style: 'currency',\n                currency: 'BRL'\n              });\n            }\n            return value.value;\n          },\n        },\n      },\n      valueFormatter: (value) => Number(value).toLocaleString('pt-br', {\n        style: 'currency',\n        currency: 'BRL'\n      }),\n    },\n    legend: {\n      \/\/ data: ['Valor de Fechamento'],\n      show: false,\n    },\n    toolbox: {\n      feature: {\n        saveAsImage: {\n          show: false,\n        },\n      },\n    },\n    grid: {\n      left: '0px',\n      right: '0px',\n      bottom: '0px',\n      containLabel: true,\n    },\n    xAxis: [{\n      type: 'category',\n      data: result_da37a5c8928ae74322a9e12c93c89d4b.date,\n      boundaryGap: true,\n    }],\n    yAxis: [{\n      type: 'value',\n      min: Math.min(...result_da37a5c8928ae74322a9e12c93c89d4b.value),\n      max: Math.max(...result_da37a5c8928ae74322a9e12c93c89d4b.value),\n      axisLabel: {\n        formatter: (value) => value.toLocaleString('pt-br', {\n          style: 'currency',\n          currency: 'BRL'\n        }),\n      },\n    }],\n    series: [{\n      name: 'Valor de Fechamento',\n      type: 'line',\n      stack: 'Total',\n      \/\/ cor do grafico\n      areaStyle: {},\n      emphasis: {\n        focus: 'series',\n      },\n      data: result_da37a5c8928ae74322a9e12c93c89d4b.value,\n      \/\/ cor da linha\n      lineStyle: {\n        color: color_da37a5c8928ae74322a9e12c93c89d4b,\n      },\n    }, ],\n  };\n\n\twindow.chart_da37a5c8928ae74322a9e12c93c89d4b = {\n\t\tel: chart_da37a5c8928ae74322a9e12c93c89d4b,\n\t\toption: option_da37a5c8928ae74322a9e12c93c89d4b\t};\n\n\n<\/script>\n\n\n\t<p>\n\t\t<a href=\"https:\/\/lp.suno.com.br\/planilha-da-vida-financeira\/\" target=\"_blank\" data-element=\"shortcode-suno-banner\" title=\"Banner SUNO, clique e saiba mais\">\n\t\t\t<picture>\n\t\t\t\t<source media=\"(max-width: 500px)\" srcset=\"https:\/\/files.sunoresearch.com.br\/n\/uploads\/2023\/04\/400x300-Planilha-vida-financeira-true.png\">\n\t\t\t\t<img class=\"newsContent__article__imgCapa newsContent__article__imgCapa--banner\"\n\t\t\t\t\tsrc=\"https:\/\/files.sunoresearch.com.br\/n\/uploads\/2023\/04\/1420x240-Planilha-vida-financeira-true.png\"\n\t\t\t\t\tdata-promo-id=\"383123\"\t\t\t\t\t\t\t\t\t\twidth='1420' height='240'\t\t\t\t\talt=\"https:\/\/files.sunoresearch.com.br\/n\/uploads\/2023\/04\/1420x240-Planilha-vida-financeira-true.png\"\n\t\t\t\t>\n\t\t\t<\/picture>\n\t\t<\/a>\n\t<\/p>\n\n\n","protected":false},"excerpt":{"rendered":"<p>Nesta quinta-feira (25), a Vale (VALE3) anunciou o pagamento de R$ 8,940 bilh\u00f5es em juros sobre capital pr\u00f3prio (JCP), o equivalente a R$ 2,093798142 por a\u00e7\u00e3o em valores brutos sujeitos \u00e0 incid\u00eancia de impostos. Vale sobe 1,92% e lidera ganhos do dia. Foto: Ag\u00eancia Vale Os JCP da Vale t\u00eam como base o segundo trimestre [&hellip;]<\/p>\n","protected":false},"author":376,"featured_media":394402,"comment_status":"closed","ping_status":"closed","sticky":false,"template":"","format":"standard","meta":[],"categories":[64],"tags":[295,676],"suno_strategy":[],"class_list":["post-568009","post","type-post","status-publish","format-standard","has-post-thumbnail","hentry","category-negocios","tag-dividendos","tag-vale-vale3"],"yoast_head":"<!-- This site is optimized with the Yoast SEO plugin v24.4 - https:\/\/yoast.com\/wordpress\/plugins\/seo\/ -->\n<title>Vale (VALE3) anuncia R$ 8,9 bilh\u00f5es em JCP; veja valor por a\u00e7\u00e3o<\/title>\n<meta name=\"description\" content=\"Nesta quinta-feira (25), a Vale (VALE3) anunciou o pagamento de R$ 8,940 bilh\u00f5es em juros sobre capital pr\u00f3prio (JCP). Saiba mais.\" \/>\n<meta name=\"robots\" content=\"index, follow, max-snippet:-1, max-image-preview:large, max-video-preview:-1\" \/>\n<link rel=\"canonical\" href=\"https:\/\/www.suno.com.br\/noticias\/vale-vale3-jcp-2t24-gss\/\" \/>\n<meta property=\"og:locale\" content=\"pt_BR\" \/>\n<meta property=\"og:type\" content=\"article\" \/>\n<meta property=\"og:title\" content=\"Vale (VALE3) anuncia R$ 8,9 bilh\u00f5es em JCP; veja valor por a\u00e7\u00e3o\" \/>\n<meta property=\"og:description\" content=\"Nesta quinta-feira (25), a Vale (VALE3) anunciou o pagamento de R$ 8,940 bilh\u00f5es em juros sobre capital pr\u00f3prio (JCP). Saiba mais.\" \/>\n<meta property=\"og:url\" content=\"https:\/\/www.suno.com.br\/noticias\/vale-vale3-jcp-2t24-gss\/\" \/>\n<meta property=\"og:site_name\" content=\"Suno Not\u00edcias\" \/>\n<meta property=\"article:publisher\" content=\"https:\/\/facebook.com\/sunoresearch\" \/>\n<meta property=\"og:image\" content=\"https:\/\/files.sunoresearch.com.br\/n\/uploads\/2023\/04\/vale_vale3-1.jpg\" \/>\n\t<meta property=\"og:image:width\" content=\"1200\" \/>\n\t<meta property=\"og:image:height\" content=\"801\" \/>\n\t<meta property=\"og:image:type\" content=\"image\/jpeg\" \/>\n<meta name=\"author\" content=\"Guilherme Serrano\" \/>\n<meta name=\"twitter:card\" content=\"summary_large_image\" \/>\n<meta name=\"twitter:creator\" content=\"@sunoresearch\" \/>\n<meta name=\"twitter:site\" content=\"@sunoresearch\" \/>\n<meta name=\"twitter:label1\" content=\"Escrito por\" \/>\n\t<meta name=\"twitter:data1\" content=\"Guilherme Serrano\" \/>\n\t<meta name=\"twitter:label2\" content=\"Est. tempo de leitura\" \/>\n\t<meta name=\"twitter:data2\" content=\"3 minutos\" \/>\n<script type=\"application\/ld+json\" class=\"yoast-schema-graph\">{\"@context\":\"https:\/\/schema.org\",\"@graph\":[{\"@type\":\"NewsArticle\",\"@id\":\"https:\/\/www.suno.com.br\/noticias\/vale-vale3-jcp-2t24-gss\/#article\",\"isPartOf\":{\"@id\":\"https:\/\/www.suno.com.br\/noticias\/vale-vale3-jcp-2t24-gss\/\"},\"author\":{\"name\":\"Guilherme Serrano\",\"@id\":\"https:\/\/www.suno.com.br\/noticias\/#\/schema\/person\/d0f07e64bce64aa671feadfb844f04ca\"},\"headline\":\"Vale (VALE3) anuncia R$ 8,9 bilh\u00f5es em juros sobre capital pr\u00f3prio; veja valor por a\u00e7\u00e3o\",\"datePublished\":\"2024-07-26T12:58:42+00:00\",\"dateModified\":\"2024-07-26T12:58:45+00:00\",\"mainEntityOfPage\":{\"@id\":\"https:\/\/www.suno.com.br\/noticias\/vale-vale3-jcp-2t24-gss\/\"},\"wordCount\":518,\"publisher\":{\"@id\":\"https:\/\/www.suno.com.br\/noticias\/#organization\"},\"image\":{\"@id\":\"https:\/\/www.suno.com.br\/noticias\/vale-vale3-jcp-2t24-gss\/#primaryimage\"},\"thumbnailUrl\":\"https:\/\/files.sunoresearch.com.br\/n\/uploads\/2023\/04\/vale_vale3-1.jpg\",\"keywords\":[\"dividendos\",\"Vale (VALE3)\"],\"articleSection\":[\"Neg\u00f3cios\"],\"inLanguage\":\"pt-BR\"},{\"@type\":\"WebPage\",\"@id\":\"https:\/\/www.suno.com.br\/noticias\/vale-vale3-jcp-2t24-gss\/\",\"url\":\"https:\/\/www.suno.com.br\/noticias\/vale-vale3-jcp-2t24-gss\/\",\"name\":\"Vale (VALE3) anuncia R$ 8,9 bilh\u00f5es em JCP; veja valor por a\u00e7\u00e3o\",\"isPartOf\":{\"@id\":\"https:\/\/www.suno.com.br\/noticias\/#website\"},\"primaryImageOfPage\":{\"@id\":\"https:\/\/www.suno.com.br\/noticias\/vale-vale3-jcp-2t24-gss\/#primaryimage\"},\"image\":{\"@id\":\"https:\/\/www.suno.com.br\/noticias\/vale-vale3-jcp-2t24-gss\/#primaryimage\"},\"thumbnailUrl\":\"https:\/\/files.sunoresearch.com.br\/n\/uploads\/2023\/04\/vale_vale3-1.jpg\",\"datePublished\":\"2024-07-26T12:58:42+00:00\",\"dateModified\":\"2024-07-26T12:58:45+00:00\",\"description\":\"Nesta quinta-feira (25), a Vale (VALE3) anunciou o pagamento de R$ 8,940 bilh\u00f5es em juros sobre capital pr\u00f3prio (JCP). Saiba mais.\",\"breadcrumb\":{\"@id\":\"https:\/\/www.suno.com.br\/noticias\/vale-vale3-jcp-2t24-gss\/#breadcrumb\"},\"inLanguage\":\"pt-BR\",\"potentialAction\":[{\"@type\":\"ReadAction\",\"target\":[\"https:\/\/www.suno.com.br\/noticias\/vale-vale3-jcp-2t24-gss\/\"]}]},{\"@type\":\"ImageObject\",\"inLanguage\":\"pt-BR\",\"@id\":\"https:\/\/www.suno.com.br\/noticias\/vale-vale3-jcp-2t24-gss\/#primaryimage\",\"url\":\"https:\/\/files.sunoresearch.com.br\/n\/uploads\/2023\/04\/vale_vale3-1.jpg\",\"contentUrl\":\"https:\/\/files.sunoresearch.com.br\/n\/uploads\/2023\/04\/vale_vale3-1.jpg\",\"width\":1200,\"height\":801,\"caption\":\"Vale sobe 1,92% e lidera ganhos do dia. Foto: Ag\u00eancia Vale\"},{\"@type\":\"BreadcrumbList\",\"@id\":\"https:\/\/www.suno.com.br\/noticias\/vale-vale3-jcp-2t24-gss\/#breadcrumb\",\"itemListElement\":[{\"@type\":\"ListItem\",\"position\":1,\"name\":\"Not\u00edcias\",\"item\":\"https:\/\/www.suno.com.br\/noticias\/\"},{\"@type\":\"ListItem\",\"position\":2,\"name\":\"Neg\u00f3cios\",\"item\":\"https:\/\/www.suno.com.br\/noticias\/negocios\/\"},{\"@type\":\"ListItem\",\"position\":3,\"name\":\"Vale (VALE3) anuncia R$ 8,9 bilh\u00f5es em juros sobre capital pr\u00f3prio; veja valor por a\u00e7\u00e3o\"}]},{\"@type\":\"WebSite\",\"@id\":\"https:\/\/www.suno.com.br\/noticias\/#website\",\"url\":\"https:\/\/www.suno.com.br\/noticias\/\",\"name\":\"Suno Not\u00edcias\",\"description\":\"Seu portal de informa\u00e7\u00e3o sobre o mundo dos investimentos\",\"publisher\":{\"@id\":\"https:\/\/www.suno.com.br\/noticias\/#organization\"},\"potentialAction\":[{\"@type\":\"SearchAction\",\"target\":{\"@type\":\"EntryPoint\",\"urlTemplate\":\"https:\/\/www.suno.com.br\/noticias\/?s={search_term_string}\"},\"query-input\":{\"@type\":\"PropertyValueSpecification\",\"valueRequired\":true,\"valueName\":\"search_term_string\"}}],\"inLanguage\":\"pt-BR\"},{\"@type\":\"Organization\",\"@id\":\"https:\/\/www.suno.com.br\/noticias\/#organization\",\"name\":\"Suno Not\u00edcias\",\"url\":\"https:\/\/www.suno.com.br\/noticias\/\",\"logo\":{\"@type\":\"ImageObject\",\"inLanguage\":\"pt-BR\",\"@id\":\"https:\/\/www.suno.com.br\/noticias\/#\/schema\/logo\/image\/\",\"url\":\"https:\/\/files.sunoresearch.com.br\/n\/uploads\/2021\/09\/suno-logo.png\",\"contentUrl\":\"https:\/\/files.sunoresearch.com.br\/n\/uploads\/2021\/09\/suno-logo.png\",\"width\":180,\"height\":180,\"caption\":\"Suno Not\u00edcias\"},\"image\":{\"@id\":\"https:\/\/www.suno.com.br\/noticias\/#\/schema\/logo\/image\/\"},\"sameAs\":[\"https:\/\/facebook.com\/sunoresearch\",\"https:\/\/x.com\/sunoresearch\",\"https:\/\/www.instagram.com\/suno\",\"https:\/\/www.linkedin.com\/company\/suno-research\/\",\"https:\/\/www.youtube.com\/c\/sunoresearch\"]},{\"@type\":\"Person\",\"@id\":\"https:\/\/www.suno.com.br\/noticias\/#\/schema\/person\/d0f07e64bce64aa671feadfb844f04ca\",\"name\":\"Guilherme Serrano\",\"image\":{\"@type\":\"ImageObject\",\"inLanguage\":\"pt-BR\",\"@id\":\"https:\/\/www.suno.com.br\/noticias\/#\/schema\/person\/image\/\",\"url\":\"https:\/\/secure.gravatar.com\/avatar\/a90be19d8c67bef61497e4522de30ac4?s=96&r=g\",\"contentUrl\":\"https:\/\/secure.gravatar.com\/avatar\/a90be19d8c67bef61497e4522de30ac4?s=96&r=g\",\"caption\":\"Guilherme Serrano\"},\"description\":\"Jornalista formado pela Faculdade C\u00e1sper L\u00edbero e p\u00f3s-graduado em Can\u00e7\u00e3o Popular pela Faculdade Santa Marcelina. Passagens por R\u00e1dio Gazeta AM, gazetaesportiva.com e TC R\u00e1dio.\",\"url\":\"https:\/\/www.suno.com.br\/noticias\/author\/guilherme-silvasuno-com-br\/\"}]}<\/script>\n<!-- \/ Yoast SEO plugin. -->","yoast_head_json":{"title":"Vale (VALE3) anuncia R$ 8,9 bilh\u00f5es em JCP; veja valor por a\u00e7\u00e3o","description":"Nesta quinta-feira (25), a Vale (VALE3) anunciou o pagamento de R$ 8,940 bilh\u00f5es em juros sobre capital pr\u00f3prio (JCP). Saiba mais.","robots":{"index":"index","follow":"follow","max-snippet":"max-snippet:-1","max-image-preview":"max-image-preview:large","max-video-preview":"max-video-preview:-1"},"canonical":"https:\/\/www.suno.com.br\/noticias\/vale-vale3-jcp-2t24-gss\/","og_locale":"pt_BR","og_type":"article","og_title":"Vale (VALE3) anuncia R$ 8,9 bilh\u00f5es em JCP; veja valor por a\u00e7\u00e3o","og_description":"Nesta quinta-feira (25), a Vale (VALE3) anunciou o pagamento de R$ 8,940 bilh\u00f5es em juros sobre capital pr\u00f3prio (JCP). Saiba mais.","og_url":"https:\/\/www.suno.com.br\/noticias\/vale-vale3-jcp-2t24-gss\/","og_site_name":"Suno Not\u00edcias","article_publisher":"https:\/\/facebook.com\/sunoresearch","og_image":[{"width":1200,"height":801,"url":"https:\/\/files.sunoresearch.com.br\/n\/uploads\/2023\/04\/vale_vale3-1.jpg","type":"image\/jpeg"}],"author":"Guilherme Serrano","twitter_card":"summary_large_image","twitter_creator":"@sunoresearch","twitter_site":"@sunoresearch","twitter_misc":{"Escrito por":"Guilherme Serrano","Est. tempo de leitura":"3 minutos"},"schema":{"@context":"https:\/\/schema.org","@graph":[{"@type":"NewsArticle","@id":"https:\/\/www.suno.com.br\/noticias\/vale-vale3-jcp-2t24-gss\/#article","isPartOf":{"@id":"https:\/\/www.suno.com.br\/noticias\/vale-vale3-jcp-2t24-gss\/"},"author":{"name":"Guilherme Serrano","@id":"https:\/\/www.suno.com.br\/noticias\/#\/schema\/person\/d0f07e64bce64aa671feadfb844f04ca"},"headline":"Vale (VALE3) anuncia R$ 8,9 bilh\u00f5es em juros sobre capital pr\u00f3prio; veja valor por a\u00e7\u00e3o","datePublished":"2024-07-26T12:58:42+00:00","dateModified":"2024-07-26T12:58:45+00:00","mainEntityOfPage":{"@id":"https:\/\/www.suno.com.br\/noticias\/vale-vale3-jcp-2t24-gss\/"},"wordCount":518,"publisher":{"@id":"https:\/\/www.suno.com.br\/noticias\/#organization"},"image":{"@id":"https:\/\/www.suno.com.br\/noticias\/vale-vale3-jcp-2t24-gss\/#primaryimage"},"thumbnailUrl":"https:\/\/files.sunoresearch.com.br\/n\/uploads\/2023\/04\/vale_vale3-1.jpg","keywords":["dividendos","Vale (VALE3)"],"articleSection":["Neg\u00f3cios"],"inLanguage":"pt-BR"},{"@type":"WebPage","@id":"https:\/\/www.suno.com.br\/noticias\/vale-vale3-jcp-2t24-gss\/","url":"https:\/\/www.suno.com.br\/noticias\/vale-vale3-jcp-2t24-gss\/","name":"Vale (VALE3) anuncia R$ 8,9 bilh\u00f5es em JCP; veja valor por a\u00e7\u00e3o","isPartOf":{"@id":"https:\/\/www.suno.com.br\/noticias\/#website"},"primaryImageOfPage":{"@id":"https:\/\/www.suno.com.br\/noticias\/vale-vale3-jcp-2t24-gss\/#primaryimage"},"image":{"@id":"https:\/\/www.suno.com.br\/noticias\/vale-vale3-jcp-2t24-gss\/#primaryimage"},"thumbnailUrl":"https:\/\/files.sunoresearch.com.br\/n\/uploads\/2023\/04\/vale_vale3-1.jpg","datePublished":"2024-07-26T12:58:42+00:00","dateModified":"2024-07-26T12:58:45+00:00","description":"Nesta quinta-feira (25), a Vale (VALE3) anunciou o pagamento de R$ 8,940 bilh\u00f5es em juros sobre capital pr\u00f3prio (JCP). Saiba mais.","breadcrumb":{"@id":"https:\/\/www.suno.com.br\/noticias\/vale-vale3-jcp-2t24-gss\/#breadcrumb"},"inLanguage":"pt-BR","potentialAction":[{"@type":"ReadAction","target":["https:\/\/www.suno.com.br\/noticias\/vale-vale3-jcp-2t24-gss\/"]}]},{"@type":"ImageObject","inLanguage":"pt-BR","@id":"https:\/\/www.suno.com.br\/noticias\/vale-vale3-jcp-2t24-gss\/#primaryimage","url":"https:\/\/files.sunoresearch.com.br\/n\/uploads\/2023\/04\/vale_vale3-1.jpg","contentUrl":"https:\/\/files.sunoresearch.com.br\/n\/uploads\/2023\/04\/vale_vale3-1.jpg","width":1200,"height":801,"caption":"Vale sobe 1,92% e lidera ganhos do dia. Foto: Ag\u00eancia Vale"},{"@type":"BreadcrumbList","@id":"https:\/\/www.suno.com.br\/noticias\/vale-vale3-jcp-2t24-gss\/#breadcrumb","itemListElement":[{"@type":"ListItem","position":1,"name":"Not\u00edcias","item":"https:\/\/www.suno.com.br\/noticias\/"},{"@type":"ListItem","position":2,"name":"Neg\u00f3cios","item":"https:\/\/www.suno.com.br\/noticias\/negocios\/"},{"@type":"ListItem","position":3,"name":"Vale (VALE3) anuncia R$ 8,9 bilh\u00f5es em juros sobre capital pr\u00f3prio; veja valor por a\u00e7\u00e3o"}]},{"@type":"WebSite","@id":"https:\/\/www.suno.com.br\/noticias\/#website","url":"https:\/\/www.suno.com.br\/noticias\/","name":"Suno Not\u00edcias","description":"Seu portal de informa\u00e7\u00e3o sobre o mundo dos investimentos","publisher":{"@id":"https:\/\/www.suno.com.br\/noticias\/#organization"},"potentialAction":[{"@type":"SearchAction","target":{"@type":"EntryPoint","urlTemplate":"https:\/\/www.suno.com.br\/noticias\/?s={search_term_string}"},"query-input":{"@type":"PropertyValueSpecification","valueRequired":true,"valueName":"search_term_string"}}],"inLanguage":"pt-BR"},{"@type":"Organization","@id":"https:\/\/www.suno.com.br\/noticias\/#organization","name":"Suno Not\u00edcias","url":"https:\/\/www.suno.com.br\/noticias\/","logo":{"@type":"ImageObject","inLanguage":"pt-BR","@id":"https:\/\/www.suno.com.br\/noticias\/#\/schema\/logo\/image\/","url":"https:\/\/files.sunoresearch.com.br\/n\/uploads\/2021\/09\/suno-logo.png","contentUrl":"https:\/\/files.sunoresearch.com.br\/n\/uploads\/2021\/09\/suno-logo.png","width":180,"height":180,"caption":"Suno Not\u00edcias"},"image":{"@id":"https:\/\/www.suno.com.br\/noticias\/#\/schema\/logo\/image\/"},"sameAs":["https:\/\/facebook.com\/sunoresearch","https:\/\/x.com\/sunoresearch","https:\/\/www.instagram.com\/suno","https:\/\/www.linkedin.com\/company\/suno-research\/","https:\/\/www.youtube.com\/c\/sunoresearch"]},{"@type":"Person","@id":"https:\/\/www.suno.com.br\/noticias\/#\/schema\/person\/d0f07e64bce64aa671feadfb844f04ca","name":"Guilherme Serrano","image":{"@type":"ImageObject","inLanguage":"pt-BR","@id":"https:\/\/www.suno.com.br\/noticias\/#\/schema\/person\/image\/","url":"https:\/\/secure.gravatar.com\/avatar\/a90be19d8c67bef61497e4522de30ac4?s=96&r=g","contentUrl":"https:\/\/secure.gravatar.com\/avatar\/a90be19d8c67bef61497e4522de30ac4?s=96&r=g","caption":"Guilherme Serrano"},"description":"Jornalista formado pela Faculdade C\u00e1sper L\u00edbero e p\u00f3s-graduado em Can\u00e7\u00e3o Popular pela Faculdade Santa Marcelina. Passagens por R\u00e1dio Gazeta AM, gazetaesportiva.com e TC R\u00e1dio.","url":"https:\/\/www.suno.com.br\/noticias\/author\/guilherme-silvasuno-com-br\/"}]}},"default_loop_html":"<div class=\"cardsPage__listCard__boxs\"><div class=\"cardsPage__listCard__boxs__img\"><a href=\"https:\/\/www.suno.com.br\/noticias\/vale-vale3-jcp-2t24-gss\/\"><img class=\"mask\" src=\"https:\/\/www.suno.com.br\/noticias\/wp-content\/themes\/suno\/resources\/images\/spotlight\/spotlight1img\/bg-mask.png\" alt=\"Image Mask\"\/><img src=\"https:\/\/files.sunoresearch.com.br\/n\/uploads\/2023\/04\/vale_vale3-1-400x200.jpg\" alt=\"Vale (VALE3) anuncia R$ 8,9 bilh\u00f5es em juros sobre capital pr\u00f3prio; veja valor por a\u00e7\u00e3o\"\/><\/a><span class=\"spotlightCategory\"><a href=\"https:\/\/www.suno.com.br\/noticias\/negocios\/\">Neg\u00f3cios<\/a><\/span><\/div><div class=\"cardsPage__listCard__boxs__content\"><a href=\"https:\/\/www.suno.com.br\/noticias\/vale-vale3-jcp-2t24-gss\/\"><h2 class=\"content__title\">Vale (VALE3) anuncia R$ 8,9 bilh\u00f5es em juros sobre capital pr\u00f3prio; veja valor por a\u00e7\u00e3o<\/h2><\/a><div class=\"newsContent__article__meta\"><div class=\"newsContent__article__meta__authorBox\"><a href=\"https:\/\/www.suno.com.br\/noticias\/author\/guilherme-silvasuno-com-br\/\" class=\"authorBox__avatar noMobi\"><img src=\"https:\/\/secure.gravatar.com\/avatar\/a90be19d8c67bef61497e4522de30ac4?s=96&#038;r=g\" alt=\"Guilherme Serrano\"><\/a><div class=\"authorBox__name\"><span>por\n\t\t\t<a href=\"https:\/\/www.suno.com.br\/noticias\/author\/guilherme-silvasuno-com-br\/\"><span itemprop=\"author\">Guilherme Serrano<\/span><\/a><\/span><time datetime=\"2024-07-26T09:58:42-03:00\" itemprop=\"datePublished\">26\/07\/2024 09:58<\/time><\/div><\/div><\/div><\/div><\/div>","single_layout":"posts","amp_enabled":true,"_links":{"self":[{"href":"https:\/\/www.suno.com.br\/noticias\/wp-json\/wp\/v2\/posts\/568009"}],"collection":[{"href":"https:\/\/www.suno.com.br\/noticias\/wp-json\/wp\/v2\/posts"}],"about":[{"href":"https:\/\/www.suno.com.br\/noticias\/wp-json\/wp\/v2\/types\/post"}],"author":[{"embeddable":true,"href":"https:\/\/www.suno.com.br\/noticias\/wp-json\/wp\/v2\/users\/376"}],"replies":[{"embeddable":true,"href":"https:\/\/www.suno.com.br\/noticias\/wp-json\/wp\/v2\/comments?post=568009"}],"version-history":[{"count":2,"href":"https:\/\/www.suno.com.br\/noticias\/wp-json\/wp\/v2\/posts\/568009\/revisions"}],"predecessor-version":[{"id":568014,"href":"https:\/\/www.suno.com.br\/noticias\/wp-json\/wp\/v2\/posts\/568009\/revisions\/568014"}],"wp:featuredmedia":[{"embeddable":true,"href":"https:\/\/www.suno.com.br\/noticias\/wp-json\/wp\/v2\/media\/394402"}],"wp:attachment":[{"href":"https:\/\/www.suno.com.br\/noticias\/wp-json\/wp\/v2\/media?parent=568009"}],"wp:term":[{"taxonomy":"category","embeddable":true,"href":"https:\/\/www.suno.com.br\/noticias\/wp-json\/wp\/v2\/categories?post=568009"},{"taxonomy":"post_tag","embeddable":true,"href":"https:\/\/www.suno.com.br\/noticias\/wp-json\/wp\/v2\/tags?post=568009"},{"taxonomy":"suno_strategy","embeddable":true,"href":"https:\/\/www.suno.com.br\/noticias\/wp-json\/wp\/v2\/suno_strategy?post=568009"}],"curies":[{"name":"wp","href":"https:\/\/api.w.org\/{rel}","templated":true}]}}