{"id":567964,"date":"2024-07-25T19:26:12","date_gmt":"2024-07-25T22:26:12","guid":{"rendered":"https:\/\/www.suno.com.br\/noticias\/?p=567964"},"modified":"2024-07-25T19:27:04","modified_gmt":"2024-07-25T22:27:04","slug":"ifix-fechamento-250724","status":"publish","type":"post","link":"https:\/\/www.suno.com.br\/noticias\/ifix-fechamento-250724\/","title":{"rendered":"FII de im\u00f3veis rurais dispara ap\u00f3s alta em dividendos; IFIX sofre a quarta queda seguida"},"content":{"rendered":"<p>O <strong>FII <\/strong>BTRA11, que atua no segmento de im\u00f3veis rurais, liderou as altas no mercado de fundos imobili\u00e1rios desta quinta-feira (25), com mais de 3% de valoriza\u00e7\u00e3o, um dia depois de anunciar <a class=\"suno-keyword\" data-force=\"no\" data-priority=\"1\" href=\"https:\/\/www.suno.com.br\/guias\/dividendos\/\" target=\"_blank\" rel=\"noopener\">dividendos<\/a> 26% maiores que nos meses anteriores, em preg\u00e3o marcado pela quarta queda consecutiva no IFIX.<\/p>\t<div class=\"wrapper-featured-image\">\n\t\t<figure class=\"spotlightImg\">\n\n\t\t\t<picture>\n\t\t\t\t<source media=\"(max-width: 768px)\" srcset=\"https:\/\/files.sunoresearch.com.br\/n\/uploads\/2024\/07\/Fiagros-agronegocio-FP-1-400x200.jpg\">\n\t\t\t\t<img loading=\"lazy\" decoding=\"async\" class=\"newsContent__article__imgCapa lazyloadDisabled \" src=\"https:\/\/files.sunoresearch.com.br\/n\/uploads\/2024\/07\/Fiagros-agronegocio-FP-1-800x450.jpg\" width=\"800\" height=\"450\" alt=\"FII de im\u00f3veis rurais dispara ap\u00f3s alta em dividendos; IFIX sofre a quarta queda seguida\" fetchpriority=high \/>\n\t\t\t<\/picture>\n\n\t\t\t<figcaption class=\"wp-caption-text wp-caption-text--show\">FII BTRA11 liderou altas - Foto: freepik<\/figcaption>\n\t\t<\/figure>\n\t<\/div>\n\n\n\n\n\n\t<p>\n\t\t<a href=\"https:\/\/lp.suno.com.br\/plataforma-de-controle-de-investimentos\/\" target=\"_blank\" data-element=\"shortcode-suno-banner\" title=\"Banner SUNO, clique e saiba mais\">\n\t\t\t<picture>\n\t\t\t\t<source media=\"(max-width: 500px)\" srcset=\"https:\/\/files.sunoresearch.com.br\/n\/uploads\/2023\/03\/400x300-Controle-de-Investimentos.png\">\n\t\t\t\t<img class=\"newsContent__article__imgCapa newsContent__article__imgCapa--banner\"\n\t\t\t\t\tsrc=\"https:\/\/files.sunoresearch.com.br\/n\/uploads\/2023\/03\/1420x240-Controle-de-Investimentos.png\"\n\t\t\t\t\tdata-promo-id=\"383162\"\t\t\t\t\t\t\t\t\t\twidth='1420' height='240'\t\t\t\t\talt=\"https:\/\/files.sunoresearch.com.br\/n\/uploads\/2023\/03\/1420x240-Controle-de-Investimentos.png\"\n\t\t\t\t>\n\t\t\t<\/picture>\n\t\t<\/a>\n\t<\/p>\n\n\n\n\n\n<p>O principal <strong>\u00edndice de FIIs <\/strong>do mercado fechou em 3.375,00 pontos, com queda de 0,19% em rela\u00e7\u00e3o \u00e0 v\u00e9spera, a mais acentuada para um s\u00f3 dia nesta semana.&nbsp;<\/p>\n\n\n\n<p>A cota\u00e7\u00e3o do <strong>FII BTRA11 <\/strong>fechou em R$ 54,00, alta de 3,38% em rela\u00e7\u00e3o \u00e0 v\u00e9spera, quando anunciou dividendos de R$ 0,38 por cota para pagamento na pr\u00f3xima quarta-feira (31), depois de uma s\u00e9rie de distribui\u00e7\u00f5es de R$ 0,30 durante o primeiro semestre.<\/p>\n\n\n\n<p>A valoriza\u00e7\u00e3o se deu mesmo com os compradores do dia j\u00e1 sem direito ao recebimento dos dividendos deste m\u00eas, j\u00e1 que a <a class=\"suno-keyword\" target=\"_blank\" data-force=\"no\" data-priority=\"2\" href=\"https:\/\/www.suno.com.br\/artigos\/dividendos-datas-importantes\/\" rel=\"noopener\">data com<\/a>, de fechamento dos benefici\u00e1rios, foi no mesmo dia do an\u00fancio, no qual o fundo fechou em R$ 52,61. Durante o dia, o BTRA11 teve volume financeiro de R$ 1,190 milh\u00e3o.<\/p>\n\n\n\t<p>\n\t\t<a href=\"\" target=\"_blank\" data-element=\"shortcode-suno-banner\" title=\"Banner SUNO, clique e saiba mais\">\n\t\t\t<picture>\n\t\t\t\t<source media=\"(max-width: 500px)\" srcset=\"\">\n\t\t\t\t<img class=\"newsContent__article__imgCapa newsContent__article__imgCapa--banner\"\n\t\t\t\t\tsrc=\"\"\n\t\t\t\t\tdata-promo-id=\"77014\"\t\t\t\t\t\t\t\t\t\t\t\t\t\t\talt=\"\"\n\t\t\t\t>\n\t\t\t<\/picture>\n\t\t<\/a>\n\t<\/p>\n\n\n\n\n\n<h2 class=\"wp-block-heading\">FII BTRA11 lidera altas; veja outros destaques<\/h2>\n\n\n\n<p>Depois de uma alta inicial, atingindo o pico de 3.386,81 pontos \u00e0s 10h20, o <strong>IFIX<\/strong> entrou em patamar negativo cerca de meia hora depois e passou todo o preg\u00e3o em vi\u00e9s negativo, chegando \u00e0 m\u00ednima de 3.372,14 pontos \u00e0s 16h09.<\/p>\n\n\n\n<p>O \u00ed<strong>ndice de fundos imobili\u00e1rios<\/strong> acumula queda de 0,49% na semana, mas mant\u00e9m resultado positivo para o m\u00eas de julho, de 0,83%. No ano, o IFIX registra valoriza\u00e7\u00e3o de 1,92%.<\/p>\n\n\n\n<p>Analistas acreditam que o mercado j\u00e1 est\u00e1 em compasso de espera para a Super Quarta, na semana que vem, quando as autoridades monet\u00e1rias anunciam decis\u00f5es sobre juros nos Estados Unidos e no Brasil. Ainda que a manuten\u00e7\u00e3o dos valores atuais seja a expectativa un\u00e2nime, os agentes aguardam pelos comunicados para tentar projetar quando as taxas de juros come\u00e7ar\u00e3o a cair nos dois pa\u00edses.&nbsp;<\/p>\n\n\n\t<p>\n\t\t<a href=\"https:\/\/lp.suno.com.br\/ebook-investindo-em-fiis\/\" target=\"_blank\" data-element=\"shortcode-suno-banner\" title=\"Banner SUNO, clique e saiba mais\">\n\t\t\t<picture>\n\t\t\t\t<source media=\"(max-width: 500px)\" srcset=\"https:\/\/files.sunoresearch.com.br\/n\/uploads\/2023\/07\/Ebook-Fundos-Imobiliarios-Mobile.jpg\">\n\t\t\t\t<img class=\"newsContent__article__imgCapa newsContent__article__imgCapa--banner\"\n\t\t\t\t\tsrc=\"https:\/\/files.sunoresearch.com.br\/n\/uploads\/2023\/07\/Ebook-Fundos-Imobiliarios-Desktop.jpg\"\n\t\t\t\t\tdata-promo-id=\"378301\"\t\t\t\t\t\t\t\t\t\twidth='1420' height='286'\t\t\t\t\talt=\"https:\/\/files.sunoresearch.com.br\/n\/uploads\/2023\/07\/Ebook-Fundos-Imobiliarios-Desktop.jpg\"\n\t\t\t\t>\n\t\t\t<\/picture>\n\t\t<\/a>\n\t<\/p>\n\n\n\n\n\n<p>No caso brasileiro, o IPCA-15 de julho anunciado tamb\u00e9m nesta quinta, acima das proje\u00e7\u00f5es, deve servir para prolongar o cen\u00e1rio de Selic em 10,5% ao ano, o que \u00e9 visto como negativo para o mercado de <a class=\"suno-keyword\" target=\"_blank\" data-force=\"no\" data-priority=\"2\" href=\"https:\/\/www.suno.com.br\/artigos\/renda-variavel-7-dicas\/\" rel=\"noopener\">renda vari\u00e1vel<\/a>.<\/p>\n\n\n\n<p>Coincidentemente, o IFIX n\u00e3o fechava em queda por quatro preg\u00f5es seguidos desde junho, quando viveu seu pior momento do ano, caindo abaixo de 3.300 pontos, dias antes da reuni\u00e3o anterior do Copom, que marcou o fim do ciclo de queda da Selic ap\u00f3s sete cortes seguidos.<\/p>\n\n\n\n<p>Confira as principais altas do dia:<\/p>\n\n\n\n<figure class=\"wp-block-table\"><table><tbody><tr><td><strong>Fundo<\/strong><\/td><td><strong>Varia\u00e7\u00e3o<\/strong><\/td><td><strong>Fechamento<\/strong><\/td><\/tr><tr><td>BTRA11<\/td><td>+3,38%<\/td><td>R$ 54,00<\/td><\/tr><tr><td>LGCP11<\/td><td>+1,61%<\/td><td>R$ 86,37<\/td><\/tr><tr><td>PATL11<\/td><td>+0,60%<\/td><td>R$ 61,75<\/td><\/tr><tr><td>MCCI11<\/td><td>+0,58%<\/td><td>R$ 92,67<\/td><\/tr><tr><td>SNEL11<\/td><td>+0,54%<\/td><td>R$ 9,34<\/td><\/tr><\/tbody><\/table><\/figure>\n\n\n\t<p>\n\t\t<a href=\"https:\/\/lp.suno.com.br\/minicurso-investindo-fiis\/\" target=\"_blank\" data-element=\"shortcode-suno-banner\" title=\"Banner SUNO, clique e saiba mais\">\n\t\t\t<picture>\n\t\t\t\t<source media=\"(max-width: 500px)\" srcset=\"https:\/\/files.sunoresearch.com.br\/n\/uploads\/2023\/03\/400x300-Minicurso-FIIS.png\">\n\t\t\t\t<img class=\"newsContent__article__imgCapa newsContent__article__imgCapa--banner\"\n\t\t\t\t\tsrc=\"https:\/\/files.sunoresearch.com.br\/n\/uploads\/2023\/03\/1420x240-Minicurso-FIIS.png\"\n\t\t\t\t\tdata-promo-id=\"383125\"\t\t\t\t\t\t\t\t\t\twidth='1420' height='240'\t\t\t\t\talt=\"https:\/\/files.sunoresearch.com.br\/n\/uploads\/2023\/03\/1420x240-Minicurso-FIIS.png\"\n\t\t\t\t>\n\t\t\t<\/picture>\n\t\t<\/a>\n\t<\/p>\n\n\n\n\n\n<p>Entre as principais quedas, ficaram os seguintes <strong>fundos imobili\u00e1rios<\/strong>:<\/p>\n\n\n\n<figure class=\"wp-block-table\"><table><tbody><tr><td><strong>Fundo<\/strong><\/td><td><strong>Varia\u00e7\u00e3o<\/strong><\/td><td><strong>Fechamento<\/strong><\/td><\/tr><tr><td>VINO11<\/td><td>-1,59%<\/td><td>R$ 6,18<\/td><\/tr><tr><td>VISC11<\/td><td>-1,16%<\/td><td>R$ 113,20<\/td><\/tr><tr><td>JSAF11<\/td><td>-1,07%<\/td><td>R$ 93,88<\/td><\/tr><tr><td>TVRI11<\/td><td>-1,05%<\/td><td>R$ 101,93<\/td><\/tr><tr><td>RBRL11<\/td><td>-0,92%<\/td><td>R$ 77,35<\/td><\/tr><\/tbody><\/table><\/figure>\n\n\n\n<p>Em volume de cotas vendidas ao longo do preg\u00e3o, os mais negociados foram<\/p>\n\n\n\n<ul class=\"wp-block-list\">\n<li><a href=\"https:\/\/fiis.com.br\/mxrf11\">MXRF11<\/a> &#8211; 972.687<\/li>\n\n\n\n<li><a href=\"https:\/\/fiis.com.br\/knsc11\">KNSC11<\/a> &#8211; 634.375<\/li>\n\n\n\n<li><a href=\"https:\/\/fiis.com.br\/gare11\">GARE11<\/a> &#8211; 518.804<\/li>\n\n\n\n<li><a href=\"https:\/\/fiis.com.br\/cpts11\">CPTS11<\/a> &#8211; 502.751<\/li>\n\n\n\n<li><a href=\"https:\/\/fiis.com.br\/VGHF11\">VGHF11<\/a> &#8211; 338.966<\/li>\n<\/ul>\n\n\n\n<p>O IFIX \u00e9 o principal \u00edndice do mercado de FIIs. Na atual <a class=\"suno-keyword\" target=\"_blank\" data-force=\"no\" data-priority=\"1\" href=\"https:\/\/www.suno.com.br\/artigos\/carteira-teorica\/\" rel=\"noopener\">carteira te\u00f3rica<\/a>, apresentada em maio e com validade at\u00e9 o fim de agosto, figuram 112 ativos, escolhidos pela B3 a partir de indicadores como <a class=\"suno-keyword\" target=\"_blank\" data-force=\"no\" data-priority=\"1\" href=\"https:\/\/www.suno.com.br\/artigos\/valor-patrimonial\/\" rel=\"noopener\">valor patrimonial<\/a> e liquidez das cotas de cada <strong>FII<\/strong>, al\u00e9m de outros fatores.<\/p>\n\n\n\t<p>\n\t\t<a href=\"https:\/\/lp.suno.com.br\/planilha-da-vida-financeira\/\" target=\"_blank\" data-element=\"shortcode-suno-banner\" title=\"Banner SUNO, clique e saiba mais\">\n\t\t\t<picture>\n\t\t\t\t<source media=\"(max-width: 500px)\" srcset=\"https:\/\/files.sunoresearch.com.br\/n\/uploads\/2023\/04\/400x300-Planilha-vida-financeira-true.png\">\n\t\t\t\t<img class=\"newsContent__article__imgCapa newsContent__article__imgCapa--banner\"\n\t\t\t\t\tsrc=\"https:\/\/files.sunoresearch.com.br\/n\/uploads\/2023\/04\/1420x240-Planilha-vida-financeira-true.png\"\n\t\t\t\t\tdata-promo-id=\"383123\"\t\t\t\t\t\t\t\t\t\twidth='1420' height='240'\t\t\t\t\talt=\"https:\/\/files.sunoresearch.com.br\/n\/uploads\/2023\/04\/1420x240-Planilha-vida-financeira-true.png\"\n\t\t\t\t>\n\t\t\t<\/picture>\n\t\t<\/a>\n\t<\/p>\n\n\n","protected":false},"excerpt":{"rendered":"<p>FII BTRA11 sobe acima de 3%, um dia depois de anunciar alta de 26% em dividendos; veja os destaques do dia no mercado.<\/p>\n","protected":false},"author":339,"featured_media":567968,"comment_status":"closed","ping_status":"closed","sticky":false,"template":"","format":"standard","meta":[],"categories":[66],"tags":[295,315,2689],"suno_strategy":[],"class_list":["post-567964","post","type-post","status-publish","format-standard","has-post-thumbnail","hentry","category-fiis","tag-dividendos","tag-fundos-imobiliarios-fiis","tag-ifix"],"yoast_head":"<!-- This site is optimized with the Yoast SEO plugin v24.4 - https:\/\/yoast.com\/wordpress\/plugins\/seo\/ -->\n<title>FII dispara ap\u00f3s alta em dividendos; IFIX sofre 4\u00aa queda seguida<\/title>\n<meta name=\"description\" content=\"FII BTRA11 sobe acima de 3%, um dia depois de anunciar alta de 26% em dividendos; veja os destaques do dia no mercado.\" \/>\n<meta name=\"robots\" content=\"index, follow, max-snippet:-1, max-image-preview:large, max-video-preview:-1\" \/>\n<link rel=\"canonical\" href=\"https:\/\/www.suno.com.br\/noticias\/ifix-fechamento-250724\/\" \/>\n<meta property=\"og:locale\" content=\"pt_BR\" \/>\n<meta property=\"og:type\" content=\"article\" \/>\n<meta property=\"og:title\" content=\"FII dispara ap\u00f3s alta em dividendos; IFIX sofre 4\u00aa queda seguida\" \/>\n<meta property=\"og:description\" content=\"FII BTRA11 sobe acima de 3%, um dia depois de anunciar alta de 26% em dividendos; veja os destaques do dia no mercado.\" \/>\n<meta property=\"og:url\" content=\"https:\/\/www.suno.com.br\/noticias\/ifix-fechamento-250724\/\" \/>\n<meta property=\"og:site_name\" content=\"Suno Not\u00edcias\" \/>\n<meta property=\"article:publisher\" content=\"https:\/\/facebook.com\/sunoresearch\" \/>\n<meta property=\"og:image\" content=\"https:\/\/files.sunoresearch.com.br\/n\/uploads\/2024\/07\/Fiagros-agronegocio-FP-1.jpg\" \/>\n\t<meta property=\"og:image:width\" content=\"1280\" \/>\n\t<meta property=\"og:image:height\" content=\"853\" \/>\n\t<meta property=\"og:image:type\" content=\"image\/jpeg\" \/>\n<meta name=\"author\" content=\"Fernando Cesarotti\" \/>\n<meta name=\"twitter:card\" content=\"summary_large_image\" \/>\n<meta name=\"twitter:creator\" content=\"@sunoresearch\" \/>\n<meta name=\"twitter:site\" content=\"@sunoresearch\" \/>\n<meta name=\"twitter:label1\" content=\"Escrito por\" \/>\n\t<meta name=\"twitter:data1\" content=\"Fernando Cesarotti\" \/>\n\t<meta name=\"twitter:label2\" content=\"Est. tempo de leitura\" \/>\n\t<meta name=\"twitter:data2\" content=\"3 minutos\" \/>\n<script type=\"application\/ld+json\" class=\"yoast-schema-graph\">{\"@context\":\"https:\/\/schema.org\",\"@graph\":[{\"@type\":\"NewsArticle\",\"@id\":\"https:\/\/www.suno.com.br\/noticias\/ifix-fechamento-250724\/#article\",\"isPartOf\":{\"@id\":\"https:\/\/www.suno.com.br\/noticias\/ifix-fechamento-250724\/\"},\"author\":{\"name\":\"Fernando Cesarotti\",\"@id\":\"https:\/\/www.suno.com.br\/noticias\/#\/schema\/person\/02171f82e02ec2306ed662847e114507\"},\"headline\":\"FII de im\u00f3veis rurais dispara ap\u00f3s alta em dividendos; IFIX sofre a quarta queda seguida\",\"datePublished\":\"2024-07-25T22:26:12+00:00\",\"dateModified\":\"2024-07-25T22:27:04+00:00\",\"mainEntityOfPage\":{\"@id\":\"https:\/\/www.suno.com.br\/noticias\/ifix-fechamento-250724\/\"},\"wordCount\":569,\"publisher\":{\"@id\":\"https:\/\/www.suno.com.br\/noticias\/#organization\"},\"image\":{\"@id\":\"https:\/\/www.suno.com.br\/noticias\/ifix-fechamento-250724\/#primaryimage\"},\"thumbnailUrl\":\"https:\/\/files.sunoresearch.com.br\/n\/uploads\/2024\/07\/Fiagros-agronegocio-FP-1.jpg\",\"keywords\":[\"dividendos\",\"Fundos Imobili\u00e1rios (FIIs)\",\"IFIX\"],\"articleSection\":[\"FIIs\"],\"inLanguage\":\"pt-BR\"},{\"@type\":\"WebPage\",\"@id\":\"https:\/\/www.suno.com.br\/noticias\/ifix-fechamento-250724\/\",\"url\":\"https:\/\/www.suno.com.br\/noticias\/ifix-fechamento-250724\/\",\"name\":\"FII dispara ap\u00f3s alta em dividendos; IFIX sofre 4\u00aa queda seguida\",\"isPartOf\":{\"@id\":\"https:\/\/www.suno.com.br\/noticias\/#website\"},\"primaryImageOfPage\":{\"@id\":\"https:\/\/www.suno.com.br\/noticias\/ifix-fechamento-250724\/#primaryimage\"},\"image\":{\"@id\":\"https:\/\/www.suno.com.br\/noticias\/ifix-fechamento-250724\/#primaryimage\"},\"thumbnailUrl\":\"https:\/\/files.sunoresearch.com.br\/n\/uploads\/2024\/07\/Fiagros-agronegocio-FP-1.jpg\",\"datePublished\":\"2024-07-25T22:26:12+00:00\",\"dateModified\":\"2024-07-25T22:27:04+00:00\",\"description\":\"FII BTRA11 sobe acima de 3%, um dia depois de anunciar alta de 26% em dividendos; veja os destaques do dia no mercado.\",\"breadcrumb\":{\"@id\":\"https:\/\/www.suno.com.br\/noticias\/ifix-fechamento-250724\/#breadcrumb\"},\"inLanguage\":\"pt-BR\",\"potentialAction\":[{\"@type\":\"ReadAction\",\"target\":[\"https:\/\/www.suno.com.br\/noticias\/ifix-fechamento-250724\/\"]}]},{\"@type\":\"ImageObject\",\"inLanguage\":\"pt-BR\",\"@id\":\"https:\/\/www.suno.com.br\/noticias\/ifix-fechamento-250724\/#primaryimage\",\"url\":\"https:\/\/files.sunoresearch.com.br\/n\/uploads\/2024\/07\/Fiagros-agronegocio-FP-1.jpg\",\"contentUrl\":\"https:\/\/files.sunoresearch.com.br\/n\/uploads\/2024\/07\/Fiagros-agronegocio-FP-1.jpg\",\"width\":1280,\"height\":853,\"caption\":\"FII BTRA11 liderou altas - Foto: freepik\"},{\"@type\":\"BreadcrumbList\",\"@id\":\"https:\/\/www.suno.com.br\/noticias\/ifix-fechamento-250724\/#breadcrumb\",\"itemListElement\":[{\"@type\":\"ListItem\",\"position\":1,\"name\":\"Not\u00edcias\",\"item\":\"https:\/\/www.suno.com.br\/noticias\/\"},{\"@type\":\"ListItem\",\"position\":2,\"name\":\"FIIs\",\"item\":\"https:\/\/www.suno.com.br\/noticias\/fiis\/\"},{\"@type\":\"ListItem\",\"position\":3,\"name\":\"FII de im\u00f3veis rurais dispara ap\u00f3s alta em dividendos; IFIX sofre a quarta queda seguida\"}]},{\"@type\":\"WebSite\",\"@id\":\"https:\/\/www.suno.com.br\/noticias\/#website\",\"url\":\"https:\/\/www.suno.com.br\/noticias\/\",\"name\":\"Suno Not\u00edcias\",\"description\":\"Seu portal de informa\u00e7\u00e3o sobre o mundo dos investimentos\",\"publisher\":{\"@id\":\"https:\/\/www.suno.com.br\/noticias\/#organization\"},\"potentialAction\":[{\"@type\":\"SearchAction\",\"target\":{\"@type\":\"EntryPoint\",\"urlTemplate\":\"https:\/\/www.suno.com.br\/noticias\/?s={search_term_string}\"},\"query-input\":{\"@type\":\"PropertyValueSpecification\",\"valueRequired\":true,\"valueName\":\"search_term_string\"}}],\"inLanguage\":\"pt-BR\"},{\"@type\":\"Organization\",\"@id\":\"https:\/\/www.suno.com.br\/noticias\/#organization\",\"name\":\"Suno Not\u00edcias\",\"url\":\"https:\/\/www.suno.com.br\/noticias\/\",\"logo\":{\"@type\":\"ImageObject\",\"inLanguage\":\"pt-BR\",\"@id\":\"https:\/\/www.suno.com.br\/noticias\/#\/schema\/logo\/image\/\",\"url\":\"https:\/\/files.sunoresearch.com.br\/n\/uploads\/2021\/09\/suno-logo.png\",\"contentUrl\":\"https:\/\/files.sunoresearch.com.br\/n\/uploads\/2021\/09\/suno-logo.png\",\"width\":180,\"height\":180,\"caption\":\"Suno Not\u00edcias\"},\"image\":{\"@id\":\"https:\/\/www.suno.com.br\/noticias\/#\/schema\/logo\/image\/\"},\"sameAs\":[\"https:\/\/facebook.com\/sunoresearch\",\"https:\/\/x.com\/sunoresearch\",\"https:\/\/www.instagram.com\/suno\",\"https:\/\/www.linkedin.com\/company\/suno-research\/\",\"https:\/\/www.youtube.com\/c\/sunoresearch\"]},{\"@type\":\"Person\",\"@id\":\"https:\/\/www.suno.com.br\/noticias\/#\/schema\/person\/02171f82e02ec2306ed662847e114507\",\"name\":\"Fernando Cesarotti\",\"image\":{\"@type\":\"ImageObject\",\"inLanguage\":\"pt-BR\",\"@id\":\"https:\/\/www.suno.com.br\/noticias\/#\/schema\/person\/image\/\",\"url\":\"https:\/\/secure.gravatar.com\/avatar\/fc3a37e1dd6249fd3cfdc1702d00d404?s=96&r=g\",\"contentUrl\":\"https:\/\/secure.gravatar.com\/avatar\/fc3a37e1dd6249fd3cfdc1702d00d404?s=96&r=g\",\"caption\":\"Fernando Cesarotti\"},\"description\":\"Jornalista, editor do FIIs.com.br. Graduado pela Unesp, com p\u00f3s-gradua\u00e7\u00e3o em Jornalismo Liter\u00e1rio, com mais de 20 anos de experi\u00eancia em coberturas de economia, pol\u00edtica e esportes. Passagem tamb\u00e9m pelo meio acad\u00eamico, como professor universit\u00e1rio em cursos de Comunica\u00e7\u00e3o e l\u00edder de empresa j\u00fanior.\",\"url\":\"https:\/\/www.suno.com.br\/noticias\/author\/fcesarottigmail-com\/\"}]}<\/script>\n<!-- \/ Yoast SEO plugin. -->","yoast_head_json":{"title":"FII dispara ap\u00f3s alta em dividendos; IFIX sofre 4\u00aa queda seguida","description":"FII BTRA11 sobe acima de 3%, um dia depois de anunciar alta de 26% em dividendos; veja os destaques do dia no mercado.","robots":{"index":"index","follow":"follow","max-snippet":"max-snippet:-1","max-image-preview":"max-image-preview:large","max-video-preview":"max-video-preview:-1"},"canonical":"https:\/\/www.suno.com.br\/noticias\/ifix-fechamento-250724\/","og_locale":"pt_BR","og_type":"article","og_title":"FII dispara ap\u00f3s alta em dividendos; IFIX sofre 4\u00aa queda seguida","og_description":"FII BTRA11 sobe acima de 3%, um dia depois de anunciar alta de 26% em dividendos; veja os destaques do dia no mercado.","og_url":"https:\/\/www.suno.com.br\/noticias\/ifix-fechamento-250724\/","og_site_name":"Suno Not\u00edcias","article_publisher":"https:\/\/facebook.com\/sunoresearch","og_image":[{"width":1280,"height":853,"url":"https:\/\/files.sunoresearch.com.br\/n\/uploads\/2024\/07\/Fiagros-agronegocio-FP-1.jpg","type":"image\/jpeg"}],"author":"Fernando Cesarotti","twitter_card":"summary_large_image","twitter_creator":"@sunoresearch","twitter_site":"@sunoresearch","twitter_misc":{"Escrito por":"Fernando Cesarotti","Est. tempo de leitura":"3 minutos"},"schema":{"@context":"https:\/\/schema.org","@graph":[{"@type":"NewsArticle","@id":"https:\/\/www.suno.com.br\/noticias\/ifix-fechamento-250724\/#article","isPartOf":{"@id":"https:\/\/www.suno.com.br\/noticias\/ifix-fechamento-250724\/"},"author":{"name":"Fernando Cesarotti","@id":"https:\/\/www.suno.com.br\/noticias\/#\/schema\/person\/02171f82e02ec2306ed662847e114507"},"headline":"FII de im\u00f3veis rurais dispara ap\u00f3s alta em dividendos; IFIX sofre a quarta queda seguida","datePublished":"2024-07-25T22:26:12+00:00","dateModified":"2024-07-25T22:27:04+00:00","mainEntityOfPage":{"@id":"https:\/\/www.suno.com.br\/noticias\/ifix-fechamento-250724\/"},"wordCount":569,"publisher":{"@id":"https:\/\/www.suno.com.br\/noticias\/#organization"},"image":{"@id":"https:\/\/www.suno.com.br\/noticias\/ifix-fechamento-250724\/#primaryimage"},"thumbnailUrl":"https:\/\/files.sunoresearch.com.br\/n\/uploads\/2024\/07\/Fiagros-agronegocio-FP-1.jpg","keywords":["dividendos","Fundos Imobili\u00e1rios (FIIs)","IFIX"],"articleSection":["FIIs"],"inLanguage":"pt-BR"},{"@type":"WebPage","@id":"https:\/\/www.suno.com.br\/noticias\/ifix-fechamento-250724\/","url":"https:\/\/www.suno.com.br\/noticias\/ifix-fechamento-250724\/","name":"FII dispara ap\u00f3s alta em dividendos; IFIX sofre 4\u00aa queda seguida","isPartOf":{"@id":"https:\/\/www.suno.com.br\/noticias\/#website"},"primaryImageOfPage":{"@id":"https:\/\/www.suno.com.br\/noticias\/ifix-fechamento-250724\/#primaryimage"},"image":{"@id":"https:\/\/www.suno.com.br\/noticias\/ifix-fechamento-250724\/#primaryimage"},"thumbnailUrl":"https:\/\/files.sunoresearch.com.br\/n\/uploads\/2024\/07\/Fiagros-agronegocio-FP-1.jpg","datePublished":"2024-07-25T22:26:12+00:00","dateModified":"2024-07-25T22:27:04+00:00","description":"FII BTRA11 sobe acima de 3%, um dia depois de anunciar alta de 26% em dividendos; veja os destaques do dia no mercado.","breadcrumb":{"@id":"https:\/\/www.suno.com.br\/noticias\/ifix-fechamento-250724\/#breadcrumb"},"inLanguage":"pt-BR","potentialAction":[{"@type":"ReadAction","target":["https:\/\/www.suno.com.br\/noticias\/ifix-fechamento-250724\/"]}]},{"@type":"ImageObject","inLanguage":"pt-BR","@id":"https:\/\/www.suno.com.br\/noticias\/ifix-fechamento-250724\/#primaryimage","url":"https:\/\/files.sunoresearch.com.br\/n\/uploads\/2024\/07\/Fiagros-agronegocio-FP-1.jpg","contentUrl":"https:\/\/files.sunoresearch.com.br\/n\/uploads\/2024\/07\/Fiagros-agronegocio-FP-1.jpg","width":1280,"height":853,"caption":"FII BTRA11 liderou altas - Foto: freepik"},{"@type":"BreadcrumbList","@id":"https:\/\/www.suno.com.br\/noticias\/ifix-fechamento-250724\/#breadcrumb","itemListElement":[{"@type":"ListItem","position":1,"name":"Not\u00edcias","item":"https:\/\/www.suno.com.br\/noticias\/"},{"@type":"ListItem","position":2,"name":"FIIs","item":"https:\/\/www.suno.com.br\/noticias\/fiis\/"},{"@type":"ListItem","position":3,"name":"FII de im\u00f3veis rurais dispara ap\u00f3s alta em dividendos; IFIX sofre a quarta queda seguida"}]},{"@type":"WebSite","@id":"https:\/\/www.suno.com.br\/noticias\/#website","url":"https:\/\/www.suno.com.br\/noticias\/","name":"Suno Not\u00edcias","description":"Seu portal de informa\u00e7\u00e3o sobre o mundo dos investimentos","publisher":{"@id":"https:\/\/www.suno.com.br\/noticias\/#organization"},"potentialAction":[{"@type":"SearchAction","target":{"@type":"EntryPoint","urlTemplate":"https:\/\/www.suno.com.br\/noticias\/?s={search_term_string}"},"query-input":{"@type":"PropertyValueSpecification","valueRequired":true,"valueName":"search_term_string"}}],"inLanguage":"pt-BR"},{"@type":"Organization","@id":"https:\/\/www.suno.com.br\/noticias\/#organization","name":"Suno Not\u00edcias","url":"https:\/\/www.suno.com.br\/noticias\/","logo":{"@type":"ImageObject","inLanguage":"pt-BR","@id":"https:\/\/www.suno.com.br\/noticias\/#\/schema\/logo\/image\/","url":"https:\/\/files.sunoresearch.com.br\/n\/uploads\/2021\/09\/suno-logo.png","contentUrl":"https:\/\/files.sunoresearch.com.br\/n\/uploads\/2021\/09\/suno-logo.png","width":180,"height":180,"caption":"Suno Not\u00edcias"},"image":{"@id":"https:\/\/www.suno.com.br\/noticias\/#\/schema\/logo\/image\/"},"sameAs":["https:\/\/facebook.com\/sunoresearch","https:\/\/x.com\/sunoresearch","https:\/\/www.instagram.com\/suno","https:\/\/www.linkedin.com\/company\/suno-research\/","https:\/\/www.youtube.com\/c\/sunoresearch"]},{"@type":"Person","@id":"https:\/\/www.suno.com.br\/noticias\/#\/schema\/person\/02171f82e02ec2306ed662847e114507","name":"Fernando Cesarotti","image":{"@type":"ImageObject","inLanguage":"pt-BR","@id":"https:\/\/www.suno.com.br\/noticias\/#\/schema\/person\/image\/","url":"https:\/\/secure.gravatar.com\/avatar\/fc3a37e1dd6249fd3cfdc1702d00d404?s=96&r=g","contentUrl":"https:\/\/secure.gravatar.com\/avatar\/fc3a37e1dd6249fd3cfdc1702d00d404?s=96&r=g","caption":"Fernando Cesarotti"},"description":"Jornalista, editor do FIIs.com.br. Graduado pela Unesp, com p\u00f3s-gradua\u00e7\u00e3o em Jornalismo Liter\u00e1rio, com mais de 20 anos de experi\u00eancia em coberturas de economia, pol\u00edtica e esportes. Passagem tamb\u00e9m pelo meio acad\u00eamico, como professor universit\u00e1rio em cursos de Comunica\u00e7\u00e3o e l\u00edder de empresa j\u00fanior.","url":"https:\/\/www.suno.com.br\/noticias\/author\/fcesarottigmail-com\/"}]}},"default_loop_html":"<div class=\"cardsPage__listCard__boxs\"><div class=\"cardsPage__listCard__boxs__img\"><a href=\"https:\/\/www.suno.com.br\/noticias\/ifix-fechamento-250724\/\"><img class=\"mask\" src=\"https:\/\/www.suno.com.br\/noticias\/wp-content\/themes\/suno\/resources\/images\/spotlight\/spotlight1img\/bg-mask.png\" alt=\"Image Mask\"\/><img src=\"https:\/\/files.sunoresearch.com.br\/n\/uploads\/2024\/07\/Fiagros-agronegocio-FP-1-400x200.jpg\" alt=\"FII de im\u00f3veis rurais dispara ap\u00f3s alta em dividendos; IFIX sofre a quarta queda seguida\"\/><\/a><span class=\"spotlightCategory\"><a href=\"https:\/\/www.suno.com.br\/noticias\/fiis\/\">FIIs<\/a><\/span><\/div><div class=\"cardsPage__listCard__boxs__content\"><a href=\"https:\/\/www.suno.com.br\/noticias\/ifix-fechamento-250724\/\"><h2 class=\"content__title\">FII de im\u00f3veis rurais dispara ap\u00f3s alta em dividendos; IFIX sofre a quarta queda seguida<\/h2><\/a><div class=\"newsContent__article__meta\"><div class=\"newsContent__article__meta__authorBox\"><a href=\"https:\/\/www.suno.com.br\/noticias\/author\/fcesarottigmail-com\/\" class=\"authorBox__avatar noMobi\"><img src=\"https:\/\/files.sunoresearch.com.br\/n\/uploads\/2024\/02\/perfil-150x150.jpg\" alt=\"Fernando Cesarotti\"><\/a><div class=\"authorBox__name\"><span>por\n\t\t\t<a href=\"https:\/\/www.suno.com.br\/noticias\/author\/fcesarottigmail-com\/\"><span itemprop=\"author\">Fernando Cesarotti<\/span><\/a><\/span><time datetime=\"2024-07-25T19:26:12-03:00\" itemprop=\"datePublished\">25\/07\/2024 19:26<\/time><\/div><\/div><\/div><\/div><\/div>","single_layout":"posts","amp_enabled":true,"_links":{"self":[{"href":"https:\/\/www.suno.com.br\/noticias\/wp-json\/wp\/v2\/posts\/567964"}],"collection":[{"href":"https:\/\/www.suno.com.br\/noticias\/wp-json\/wp\/v2\/posts"}],"about":[{"href":"https:\/\/www.suno.com.br\/noticias\/wp-json\/wp\/v2\/types\/post"}],"author":[{"embeddable":true,"href":"https:\/\/www.suno.com.br\/noticias\/wp-json\/wp\/v2\/users\/339"}],"replies":[{"embeddable":true,"href":"https:\/\/www.suno.com.br\/noticias\/wp-json\/wp\/v2\/comments?post=567964"}],"version-history":[{"count":2,"href":"https:\/\/www.suno.com.br\/noticias\/wp-json\/wp\/v2\/posts\/567964\/revisions"}],"predecessor-version":[{"id":567970,"href":"https:\/\/www.suno.com.br\/noticias\/wp-json\/wp\/v2\/posts\/567964\/revisions\/567970"}],"wp:featuredmedia":[{"embeddable":true,"href":"https:\/\/www.suno.com.br\/noticias\/wp-json\/wp\/v2\/media\/567968"}],"wp:attachment":[{"href":"https:\/\/www.suno.com.br\/noticias\/wp-json\/wp\/v2\/media?parent=567964"}],"wp:term":[{"taxonomy":"category","embeddable":true,"href":"https:\/\/www.suno.com.br\/noticias\/wp-json\/wp\/v2\/categories?post=567964"},{"taxonomy":"post_tag","embeddable":true,"href":"https:\/\/www.suno.com.br\/noticias\/wp-json\/wp\/v2\/tags?post=567964"},{"taxonomy":"suno_strategy","embeddable":true,"href":"https:\/\/www.suno.com.br\/noticias\/wp-json\/wp\/v2\/suno_strategy?post=567964"}],"curies":[{"name":"wp","href":"https:\/\/api.w.org\/{rel}","templated":true}]}}