{"id":567830,"date":"2024-07-25T09:41:31","date_gmt":"2024-07-25T12:41:31","guid":{"rendered":"https:\/\/www.suno.com.br\/noticias\/?p=567830"},"modified":"2024-07-25T09:41:35","modified_gmt":"2024-07-25T12:41:35","slug":"bolsas-asiaticas-baixa-europa-cai-tombo-eua-ec-gss","status":"publish","type":"post","link":"https:\/\/www.suno.com.br\/noticias\/bolsas-asiaticas-baixa-europa-cai-tombo-eua-ec-gss\/","title":{"rendered":"Bolsas da \u00c1sia fecham em baixa e Europa recua ap\u00f3s tombo em Wall Street"},"content":{"rendered":"<p>As <strong>bolsas asi\u00e1ticas<\/strong> fecharam em baixa nesta quinta-feira (25), ap\u00f3s <a class=\"suno-keyword\" data-force=\"no\" data-priority=\"2\" href=\"https:\/\/www.suno.com.br\/artigos\/wall-street\/\" target=\"_blank\" rel=\"noopener\">Wall Street<\/a> sofrer robustas perdas ontem em meio a preocupa\u00e7\u00f5es com os resultados de big techs, como s\u00e3o conhecidas grandes empresas de tecnologia dos EUA.<\/p>\t<div class=\"wrapper-featured-image\">\n\t\t<figure class=\"spotlightImg\">\n\n\t\t\t<picture>\n\t\t\t\t<source media=\"(max-width: 768px)\" srcset=\"https:\/\/files.sunoresearch.com.br\/n\/uploads\/2024\/04\/iStock-485815882-400x200.jpg\">\n\t\t\t\t<img loading=\"lazy\" decoding=\"async\" class=\"newsContent__article__imgCapa lazyloadDisabled \" src=\"https:\/\/files.sunoresearch.com.br\/n\/uploads\/2024\/04\/iStock-485815882-800x450.jpg\" width=\"800\" height=\"450\" alt=\"Bolsas da \u00c1sia fecham em baixa e Europa recua ap\u00f3s tombo em Wall Street\" fetchpriority=high \/>\n\t\t\t<\/picture>\n\n\t\t\t<figcaption class=\"wp-caption-text wp-caption-text--show\">Foto: iStock<\/figcaption>\n\t\t<\/figure>\n\t<\/div>\n\n\n\n\n\n\n\n\t<p>\n\t\t<a href=\"https:\/\/lp.suno.com.br\/planilha-da-vida-financeira\/\" target=\"_blank\" data-element=\"shortcode-suno-banner\" title=\"Banner SUNO, clique e saiba mais\">\n\t\t\t<picture>\n\t\t\t\t<source media=\"(max-width: 500px)\" srcset=\"https:\/\/files.sunoresearch.com.br\/n\/uploads\/2023\/04\/400x300-Planilha-vida-financeira-true.png\">\n\t\t\t\t<img class=\"newsContent__article__imgCapa newsContent__article__imgCapa--banner\"\n\t\t\t\t\tsrc=\"https:\/\/files.sunoresearch.com.br\/n\/uploads\/2023\/04\/1420x240-Planilha-vida-financeira-true.png\"\n\t\t\t\t\tdata-promo-id=\"106682\"\t\t\t\t\t\t\t\t\t\twidth='1420' height='240'\t\t\t\t\talt=\"https:\/\/files.sunoresearch.com.br\/n\/uploads\/2023\/04\/1420x240-Planilha-vida-financeira-true.png\"\n\t\t\t\t>\n\t\t\t<\/picture>\n\t\t<\/a>\n\t<\/p>\n\n\n\n\n\n<p>Liderando as perdas na \u00c1sia, o \u00edndice japon\u00eas <strong>Nikkei <\/strong>tombou 3,28% em T\u00f3quio, a 37.869,521 pontos, entrando em territ\u00f3rio de contra\u00e7\u00e3o depois de acumular perdas de mais de 10% desde a m\u00e1xima hist\u00f3rica que atingiu em 11 de julho. O <strong>Hang Seng<\/strong> recuou 1,77% em Hong Kong, a 17.004,97 pontos, e o sul-coreano <strong>Kospi <\/strong>cedeu 1,74% em Seul, a 2.710,65 pontos.<\/p>\n\n\n\n<p>Na China continental, os mercados tiveram desempenho misto, sem mostrar rea\u00e7\u00e3o significativa a uma inesperada decis\u00e3o do banco central do pa\u00eds, o PBoC, de cortar mais uma de suas taxas de juros, ap\u00f3s reduzir suas taxas principais no come\u00e7o da semana. O <strong>Xangai Composto<\/strong> caiu 0,52%, a 2.886,74 pontos, mas o menos abrangente <strong>Shenzhen Composto<\/strong> teve alta marginal de 0,07%, a 1.547,41 pontos.<\/p>\n\n\n\n<p>Em Taiwan, n\u00e3o houve neg\u00f3cios hoje pelo segundo dia consecutivo devido a feriados locais.<\/p>\n\n\n\n<p>Ontem, as bolsas de Nova York amargaram perdas acentuadas, com os \u00edndices Nasdaq e <a class=\"suno-keyword\" target=\"_blank\" data-force=\"no\" data-priority=\"3\" href=\"https:\/\/www.suno.com.br\/artigos\/sp-500\/\" rel=\"noopener\">S&amp;P 500<\/a> registrando o pior desempenho di\u00e1rio desde 2022, ap\u00f3s rea\u00e7\u00e3o negativa de investidores aos balan\u00e7os e perspectivas das big techs Tesla, montadora de ve\u00edculos el\u00e9tricos de Elon Musk, e Alphabet, controladora do Google.<\/p>\n\n\n\n<p>Na Oceania, a bolsa australiana encerrou o preg\u00e3o desta quinta no menor n\u00edvel em duas semanas, tamb\u00e9m sob o peso de Wall Street. O S&amp;P\/ASX 200 caiu 1,29% em Sydney, a 7.861,20 pontos.<\/p>\n\n\n\t<p>\n\t\t<a href=\"https:\/\/lp.suno.com.br\/ebook-como-analisar-uma-acao\/\" target=\"_blank\" data-element=\"shortcode-suno-banner\" title=\"Banner SUNO, clique e saiba mais\">\n\t\t\t<picture>\n\t\t\t\t<source media=\"(max-width: 500px)\" srcset=\"https:\/\/files.sunoresearch.com.br\/n\/uploads\/2023\/03\/Ebook-Acoes-Mobile.jpg\">\n\t\t\t\t<img class=\"newsContent__article__imgCapa newsContent__article__imgCapa--banner\"\n\t\t\t\t\tsrc=\"https:\/\/files.sunoresearch.com.br\/n\/uploads\/2023\/03\/Ebook-Acoes-Desktop.jpg\"\n\t\t\t\t\tdata-promo-id=\"378302\"\t\t\t\t\t\t\t\t\t\twidth='1420' height='286'\t\t\t\t\talt=\"https:\/\/files.sunoresearch.com.br\/n\/uploads\/2023\/03\/Ebook-Acoes-Desktop.jpg\"\n\t\t\t\t>\n\t\t\t<\/picture>\n\t\t<\/a>\n\t<\/p>\n\n\n\n\n\n<h2 class=\"wp-block-heading\">Europa tem baixa expressiva<\/h2>\n\n\n\n<p>As <strong>bolsas europeias<\/strong> operam em baixa expressiva na manh\u00e3 desta quinta-feira, ap\u00f3s Wall Street sofrer robustas perdas ontem e tamb\u00e9m na esteira de uma s\u00e9rie de balan\u00e7os de grandes empresas da regi\u00e3o.<\/p>\n\n\n\n<p>Por volta das 6h55 (de Bras\u00edlia), o \u00edndice pan-europeu Stoxx 600 tinha queda de 1,45%, a 504,85 pontos.<\/p>\n\n\n\n<p>Ontem, as bolsas de Nova York amargaram perdas acentuadas, com os \u00edndices Nasdaq e S&amp;P 500 registrando o pior desempenho di\u00e1rio desde 2022, ap\u00f3s rea\u00e7\u00e3o negativa de investidores aos balan\u00e7os e perspectivas das big techs Tesla, montadora de ve\u00edculos el\u00e9tricos de Elon Musk, e Alphabet, controladora do Google.<\/p>\n\n\n\n<p>Os \u00faltimos balan\u00e7os europeus, por sua vez, geraram rea\u00e7\u00f5es mistas.<\/p>\n\n\n\n<p>A Stellantis, grupo que re\u00fane as montadoras Fiat Chrysler e Peugeot, registrou um tombo de 48% no lucro do primeiro semestre, e sua a\u00e7\u00e3o ca\u00eda 7,8% em Mil\u00e3o, no hor\u00e1rio acima. J\u00e1 a a\u00e7\u00e3o da Unilever saltava 5,8% em Londres, ap\u00f3s a multinacional anglo-holandesa divulgar faturamento semestral maior do que o esperado. Ainda no mercado ingl\u00eas, a Anglo American recuava 0,60%, ap\u00f3s a mineradora &#8211; que foi alvo de tentativas de aquisi\u00e7\u00e3o pela BHP meses atr\u00e1s &#8211; registrar preju\u00edzo na primeira metade do ano em fun\u00e7\u00e3o de uma baixa cont\u00e1bil.<\/p>\n\n\n\n<p>No notici\u00e1rio macroecon\u00f4mico, o \u00edndice Ifo de sentimento das empresas da Alemanha decepcionou com uma inesperada queda em julho.<\/p>\n\n\n\n<p>No meio da manh\u00e3, a aten\u00e7\u00e3o de investidores na Europa vai se voltar a para a leitura inicial do <a class=\"suno-keyword\" target=\"_blank\" data-force=\"no\" data-priority=\"2\" href=\"https:\/\/www.suno.com.br\/artigos\/pib-produto-interno-bruto\/\" rel=\"noopener\">Produto Interno Bruto (PIB)<\/a> dos EUA referente ao segundo trimestre. A mesma pesquisa traz dados sobre o PCE, \u00edndice de infla\u00e7\u00e3o preferido do Federal Reserve (Fed, o banco central americano).<\/p>\n\n\n\n<p>\u00c0s 7h11 (de Bras\u00edlia), a Bolsa de Londres ca\u00eda 0,88%, a de Paris recuava 1,88% e a de Frankfurt cedia 1,33%. J\u00e1 as de Mil\u00e3o, Madri e Lisboa tinham baixas de 2,55%, 1,61% e 3,11%, respectivamente.<\/p>\n\n\n\n<p><em>*Com informa\u00e7\u00f5es da Dow Jones Newswires e Estad\u00e3o Conte\u00fado<\/em><\/p>\n\n\n\t<p>\n\t\t<a href=\"https:\/\/lp.suno.com.br\/planilha-da-vida-financeira\/\" target=\"_blank\" data-element=\"shortcode-suno-banner\" title=\"Banner SUNO, clique e saiba mais\">\n\t\t\t<picture>\n\t\t\t\t<source media=\"(max-width: 500px)\" srcset=\"https:\/\/files.sunoresearch.com.br\/n\/uploads\/2023\/04\/400x300-Planilha-vida-financeira-true.png\">\n\t\t\t\t<img class=\"newsContent__article__imgCapa newsContent__article__imgCapa--banner\"\n\t\t\t\t\tsrc=\"https:\/\/files.sunoresearch.com.br\/n\/uploads\/2023\/04\/1420x240-Planilha-vida-financeira-true.png\"\n\t\t\t\t\tdata-promo-id=\"383123\"\t\t\t\t\t\t\t\t\t\twidth='1420' height='240'\t\t\t\t\talt=\"https:\/\/files.sunoresearch.com.br\/n\/uploads\/2023\/04\/1420x240-Planilha-vida-financeira-true.png\"\n\t\t\t\t>\n\t\t\t<\/picture>\n\t\t<\/a>\n\t<\/p>\n\n\n","protected":false},"excerpt":{"rendered":"<p>As bolsas asi\u00e1ticas fecharam em baixa nesta quinta-feira (25), ap\u00f3s Wall Street sofrer robustas perdas ontem em meio a preocupa\u00e7\u00f5es com os resultados de big techs, como s\u00e3o conhecidas grandes empresas de tecnologia dos EUA. Foto: iStock Liderando as perdas na \u00c1sia, o \u00edndice japon\u00eas Nikkei tombou 3,28% em T\u00f3quio, a 37.869,521 pontos, entrando em [&hellip;]<\/p>\n","protected":false},"author":376,"featured_media":539467,"comment_status":"closed","ping_status":"closed","sticky":false,"template":"","format":"standard","meta":[],"categories":[64],"tags":[104703],"suno_strategy":[],"class_list":["post-567830","post","type-post","status-publish","format-standard","has-post-thumbnail","hentry","category-negocios","tag-bolsas-mundiais"],"yoast_head":"<!-- This site is optimized with the Yoast SEO plugin v24.4 - https:\/\/yoast.com\/wordpress\/plugins\/seo\/ -->\n<title>Bolsas da \u00c1sia fecham em baixa e Europa recua com EUA<\/title>\n<meta name=\"description\" content=\"As bolsas asi\u00e1ticas fecharam em baixa nesta quinta-feira (25) e a Europa recua, refletindo o tombo em Wall Street na v\u00e9spera.\" \/>\n<meta name=\"robots\" content=\"index, follow, max-snippet:-1, max-image-preview:large, max-video-preview:-1\" \/>\n<link rel=\"canonical\" href=\"https:\/\/www.suno.com.br\/noticias\/bolsas-asiaticas-baixa-europa-cai-tombo-eua-ec-gss\/\" \/>\n<meta property=\"og:locale\" content=\"pt_BR\" \/>\n<meta property=\"og:type\" content=\"article\" \/>\n<meta property=\"og:title\" content=\"Bolsas da \u00c1sia fecham em baixa e Europa recua com EUA\" \/>\n<meta property=\"og:description\" content=\"As bolsas asi\u00e1ticas fecharam em baixa nesta quinta-feira (25) e a Europa recua, refletindo o tombo em Wall Street na v\u00e9spera.\" \/>\n<meta property=\"og:url\" content=\"https:\/\/www.suno.com.br\/noticias\/bolsas-asiaticas-baixa-europa-cai-tombo-eua-ec-gss\/\" \/>\n<meta property=\"og:site_name\" content=\"Suno Not\u00edcias\" \/>\n<meta property=\"article:publisher\" content=\"https:\/\/facebook.com\/sunoresearch\" \/>\n<meta property=\"og:image\" content=\"https:\/\/files.sunoresearch.com.br\/n\/uploads\/2024\/04\/iStock-485815882.jpg\" \/>\n\t<meta property=\"og:image:width\" content=\"1254\" \/>\n\t<meta property=\"og:image:height\" content=\"836\" \/>\n\t<meta property=\"og:image:type\" content=\"image\/jpeg\" \/>\n<meta name=\"author\" content=\"Guilherme Serrano\" \/>\n<meta name=\"twitter:card\" content=\"summary_large_image\" \/>\n<meta name=\"twitter:creator\" content=\"@sunoresearch\" \/>\n<meta name=\"twitter:site\" content=\"@sunoresearch\" \/>\n<meta name=\"twitter:label1\" content=\"Escrito por\" \/>\n\t<meta name=\"twitter:data1\" content=\"Guilherme Serrano\" \/>\n\t<meta name=\"twitter:label2\" content=\"Est. tempo de leitura\" \/>\n\t<meta name=\"twitter:data2\" content=\"4 minutos\" \/>\n<script type=\"application\/ld+json\" class=\"yoast-schema-graph\">{\"@context\":\"https:\/\/schema.org\",\"@graph\":[{\"@type\":\"NewsArticle\",\"@id\":\"https:\/\/www.suno.com.br\/noticias\/bolsas-asiaticas-baixa-europa-cai-tombo-eua-ec-gss\/#article\",\"isPartOf\":{\"@id\":\"https:\/\/www.suno.com.br\/noticias\/bolsas-asiaticas-baixa-europa-cai-tombo-eua-ec-gss\/\"},\"author\":{\"name\":\"Guilherme Serrano\",\"@id\":\"https:\/\/www.suno.com.br\/noticias\/#\/schema\/person\/d0f07e64bce64aa671feadfb844f04ca\"},\"headline\":\"Bolsas da \u00c1sia fecham em baixa e Europa recua ap\u00f3s tombo em Wall Street\",\"datePublished\":\"2024-07-25T12:41:31+00:00\",\"dateModified\":\"2024-07-25T12:41:35+00:00\",\"mainEntityOfPage\":{\"@id\":\"https:\/\/www.suno.com.br\/noticias\/bolsas-asiaticas-baixa-europa-cai-tombo-eua-ec-gss\/\"},\"wordCount\":631,\"publisher\":{\"@id\":\"https:\/\/www.suno.com.br\/noticias\/#organization\"},\"image\":{\"@id\":\"https:\/\/www.suno.com.br\/noticias\/bolsas-asiaticas-baixa-europa-cai-tombo-eua-ec-gss\/#primaryimage\"},\"thumbnailUrl\":\"https:\/\/files.sunoresearch.com.br\/n\/uploads\/2024\/04\/iStock-485815882.jpg\",\"keywords\":[\"Bolsas mundiais\"],\"articleSection\":[\"Neg\u00f3cios\"],\"inLanguage\":\"pt-BR\"},{\"@type\":\"WebPage\",\"@id\":\"https:\/\/www.suno.com.br\/noticias\/bolsas-asiaticas-baixa-europa-cai-tombo-eua-ec-gss\/\",\"url\":\"https:\/\/www.suno.com.br\/noticias\/bolsas-asiaticas-baixa-europa-cai-tombo-eua-ec-gss\/\",\"name\":\"Bolsas da \u00c1sia fecham em baixa e Europa recua com EUA\",\"isPartOf\":{\"@id\":\"https:\/\/www.suno.com.br\/noticias\/#website\"},\"primaryImageOfPage\":{\"@id\":\"https:\/\/www.suno.com.br\/noticias\/bolsas-asiaticas-baixa-europa-cai-tombo-eua-ec-gss\/#primaryimage\"},\"image\":{\"@id\":\"https:\/\/www.suno.com.br\/noticias\/bolsas-asiaticas-baixa-europa-cai-tombo-eua-ec-gss\/#primaryimage\"},\"thumbnailUrl\":\"https:\/\/files.sunoresearch.com.br\/n\/uploads\/2024\/04\/iStock-485815882.jpg\",\"datePublished\":\"2024-07-25T12:41:31+00:00\",\"dateModified\":\"2024-07-25T12:41:35+00:00\",\"description\":\"As bolsas asi\u00e1ticas fecharam em baixa nesta quinta-feira (25) e a Europa recua, refletindo o tombo em Wall Street na v\u00e9spera.\",\"breadcrumb\":{\"@id\":\"https:\/\/www.suno.com.br\/noticias\/bolsas-asiaticas-baixa-europa-cai-tombo-eua-ec-gss\/#breadcrumb\"},\"inLanguage\":\"pt-BR\",\"potentialAction\":[{\"@type\":\"ReadAction\",\"target\":[\"https:\/\/www.suno.com.br\/noticias\/bolsas-asiaticas-baixa-europa-cai-tombo-eua-ec-gss\/\"]}]},{\"@type\":\"ImageObject\",\"inLanguage\":\"pt-BR\",\"@id\":\"https:\/\/www.suno.com.br\/noticias\/bolsas-asiaticas-baixa-europa-cai-tombo-eua-ec-gss\/#primaryimage\",\"url\":\"https:\/\/files.sunoresearch.com.br\/n\/uploads\/2024\/04\/iStock-485815882.jpg\",\"contentUrl\":\"https:\/\/files.sunoresearch.com.br\/n\/uploads\/2024\/04\/iStock-485815882.jpg\",\"width\":1254,\"height\":836,\"caption\":\"Foto: iStock\"},{\"@type\":\"BreadcrumbList\",\"@id\":\"https:\/\/www.suno.com.br\/noticias\/bolsas-asiaticas-baixa-europa-cai-tombo-eua-ec-gss\/#breadcrumb\",\"itemListElement\":[{\"@type\":\"ListItem\",\"position\":1,\"name\":\"Not\u00edcias\",\"item\":\"https:\/\/www.suno.com.br\/noticias\/\"},{\"@type\":\"ListItem\",\"position\":2,\"name\":\"Neg\u00f3cios\",\"item\":\"https:\/\/www.suno.com.br\/noticias\/negocios\/\"},{\"@type\":\"ListItem\",\"position\":3,\"name\":\"Bolsas da \u00c1sia fecham em baixa e Europa recua ap\u00f3s tombo em Wall Street\"}]},{\"@type\":\"WebSite\",\"@id\":\"https:\/\/www.suno.com.br\/noticias\/#website\",\"url\":\"https:\/\/www.suno.com.br\/noticias\/\",\"name\":\"Suno Not\u00edcias\",\"description\":\"Seu portal de informa\u00e7\u00e3o sobre o mundo dos investimentos\",\"publisher\":{\"@id\":\"https:\/\/www.suno.com.br\/noticias\/#organization\"},\"potentialAction\":[{\"@type\":\"SearchAction\",\"target\":{\"@type\":\"EntryPoint\",\"urlTemplate\":\"https:\/\/www.suno.com.br\/noticias\/?s={search_term_string}\"},\"query-input\":{\"@type\":\"PropertyValueSpecification\",\"valueRequired\":true,\"valueName\":\"search_term_string\"}}],\"inLanguage\":\"pt-BR\"},{\"@type\":\"Organization\",\"@id\":\"https:\/\/www.suno.com.br\/noticias\/#organization\",\"name\":\"Suno Not\u00edcias\",\"url\":\"https:\/\/www.suno.com.br\/noticias\/\",\"logo\":{\"@type\":\"ImageObject\",\"inLanguage\":\"pt-BR\",\"@id\":\"https:\/\/www.suno.com.br\/noticias\/#\/schema\/logo\/image\/\",\"url\":\"https:\/\/files.sunoresearch.com.br\/n\/uploads\/2021\/09\/suno-logo.png\",\"contentUrl\":\"https:\/\/files.sunoresearch.com.br\/n\/uploads\/2021\/09\/suno-logo.png\",\"width\":180,\"height\":180,\"caption\":\"Suno Not\u00edcias\"},\"image\":{\"@id\":\"https:\/\/www.suno.com.br\/noticias\/#\/schema\/logo\/image\/\"},\"sameAs\":[\"https:\/\/facebook.com\/sunoresearch\",\"https:\/\/x.com\/sunoresearch\",\"https:\/\/www.instagram.com\/suno\",\"https:\/\/www.linkedin.com\/company\/suno-research\/\",\"https:\/\/www.youtube.com\/c\/sunoresearch\"]},{\"@type\":\"Person\",\"@id\":\"https:\/\/www.suno.com.br\/noticias\/#\/schema\/person\/d0f07e64bce64aa671feadfb844f04ca\",\"name\":\"Guilherme Serrano\",\"image\":{\"@type\":\"ImageObject\",\"inLanguage\":\"pt-BR\",\"@id\":\"https:\/\/www.suno.com.br\/noticias\/#\/schema\/person\/image\/\",\"url\":\"https:\/\/secure.gravatar.com\/avatar\/a90be19d8c67bef61497e4522de30ac4?s=96&r=g\",\"contentUrl\":\"https:\/\/secure.gravatar.com\/avatar\/a90be19d8c67bef61497e4522de30ac4?s=96&r=g\",\"caption\":\"Guilherme Serrano\"},\"description\":\"Jornalista formado pela Faculdade C\u00e1sper L\u00edbero e p\u00f3s-graduado em Can\u00e7\u00e3o Popular pela Faculdade Santa Marcelina. Passagens por R\u00e1dio Gazeta AM, gazetaesportiva.com e TC R\u00e1dio.\",\"url\":\"https:\/\/www.suno.com.br\/noticias\/author\/guilherme-silvasuno-com-br\/\"}]}<\/script>\n<!-- \/ Yoast SEO plugin. -->","yoast_head_json":{"title":"Bolsas da \u00c1sia fecham em baixa e Europa recua com EUA","description":"As bolsas asi\u00e1ticas fecharam em baixa nesta quinta-feira (25) e a Europa recua, refletindo o tombo em Wall Street na v\u00e9spera.","robots":{"index":"index","follow":"follow","max-snippet":"max-snippet:-1","max-image-preview":"max-image-preview:large","max-video-preview":"max-video-preview:-1"},"canonical":"https:\/\/www.suno.com.br\/noticias\/bolsas-asiaticas-baixa-europa-cai-tombo-eua-ec-gss\/","og_locale":"pt_BR","og_type":"article","og_title":"Bolsas da \u00c1sia fecham em baixa e Europa recua com EUA","og_description":"As bolsas asi\u00e1ticas fecharam em baixa nesta quinta-feira (25) e a Europa recua, refletindo o tombo em Wall Street na v\u00e9spera.","og_url":"https:\/\/www.suno.com.br\/noticias\/bolsas-asiaticas-baixa-europa-cai-tombo-eua-ec-gss\/","og_site_name":"Suno Not\u00edcias","article_publisher":"https:\/\/facebook.com\/sunoresearch","og_image":[{"width":1254,"height":836,"url":"https:\/\/files.sunoresearch.com.br\/n\/uploads\/2024\/04\/iStock-485815882.jpg","type":"image\/jpeg"}],"author":"Guilherme Serrano","twitter_card":"summary_large_image","twitter_creator":"@sunoresearch","twitter_site":"@sunoresearch","twitter_misc":{"Escrito por":"Guilherme Serrano","Est. tempo de leitura":"4 minutos"},"schema":{"@context":"https:\/\/schema.org","@graph":[{"@type":"NewsArticle","@id":"https:\/\/www.suno.com.br\/noticias\/bolsas-asiaticas-baixa-europa-cai-tombo-eua-ec-gss\/#article","isPartOf":{"@id":"https:\/\/www.suno.com.br\/noticias\/bolsas-asiaticas-baixa-europa-cai-tombo-eua-ec-gss\/"},"author":{"name":"Guilherme Serrano","@id":"https:\/\/www.suno.com.br\/noticias\/#\/schema\/person\/d0f07e64bce64aa671feadfb844f04ca"},"headline":"Bolsas da \u00c1sia fecham em baixa e Europa recua ap\u00f3s tombo em Wall Street","datePublished":"2024-07-25T12:41:31+00:00","dateModified":"2024-07-25T12:41:35+00:00","mainEntityOfPage":{"@id":"https:\/\/www.suno.com.br\/noticias\/bolsas-asiaticas-baixa-europa-cai-tombo-eua-ec-gss\/"},"wordCount":631,"publisher":{"@id":"https:\/\/www.suno.com.br\/noticias\/#organization"},"image":{"@id":"https:\/\/www.suno.com.br\/noticias\/bolsas-asiaticas-baixa-europa-cai-tombo-eua-ec-gss\/#primaryimage"},"thumbnailUrl":"https:\/\/files.sunoresearch.com.br\/n\/uploads\/2024\/04\/iStock-485815882.jpg","keywords":["Bolsas mundiais"],"articleSection":["Neg\u00f3cios"],"inLanguage":"pt-BR"},{"@type":"WebPage","@id":"https:\/\/www.suno.com.br\/noticias\/bolsas-asiaticas-baixa-europa-cai-tombo-eua-ec-gss\/","url":"https:\/\/www.suno.com.br\/noticias\/bolsas-asiaticas-baixa-europa-cai-tombo-eua-ec-gss\/","name":"Bolsas da \u00c1sia fecham em baixa e Europa recua com EUA","isPartOf":{"@id":"https:\/\/www.suno.com.br\/noticias\/#website"},"primaryImageOfPage":{"@id":"https:\/\/www.suno.com.br\/noticias\/bolsas-asiaticas-baixa-europa-cai-tombo-eua-ec-gss\/#primaryimage"},"image":{"@id":"https:\/\/www.suno.com.br\/noticias\/bolsas-asiaticas-baixa-europa-cai-tombo-eua-ec-gss\/#primaryimage"},"thumbnailUrl":"https:\/\/files.sunoresearch.com.br\/n\/uploads\/2024\/04\/iStock-485815882.jpg","datePublished":"2024-07-25T12:41:31+00:00","dateModified":"2024-07-25T12:41:35+00:00","description":"As bolsas asi\u00e1ticas fecharam em baixa nesta quinta-feira (25) e a Europa recua, refletindo o tombo em Wall Street na v\u00e9spera.","breadcrumb":{"@id":"https:\/\/www.suno.com.br\/noticias\/bolsas-asiaticas-baixa-europa-cai-tombo-eua-ec-gss\/#breadcrumb"},"inLanguage":"pt-BR","potentialAction":[{"@type":"ReadAction","target":["https:\/\/www.suno.com.br\/noticias\/bolsas-asiaticas-baixa-europa-cai-tombo-eua-ec-gss\/"]}]},{"@type":"ImageObject","inLanguage":"pt-BR","@id":"https:\/\/www.suno.com.br\/noticias\/bolsas-asiaticas-baixa-europa-cai-tombo-eua-ec-gss\/#primaryimage","url":"https:\/\/files.sunoresearch.com.br\/n\/uploads\/2024\/04\/iStock-485815882.jpg","contentUrl":"https:\/\/files.sunoresearch.com.br\/n\/uploads\/2024\/04\/iStock-485815882.jpg","width":1254,"height":836,"caption":"Foto: iStock"},{"@type":"BreadcrumbList","@id":"https:\/\/www.suno.com.br\/noticias\/bolsas-asiaticas-baixa-europa-cai-tombo-eua-ec-gss\/#breadcrumb","itemListElement":[{"@type":"ListItem","position":1,"name":"Not\u00edcias","item":"https:\/\/www.suno.com.br\/noticias\/"},{"@type":"ListItem","position":2,"name":"Neg\u00f3cios","item":"https:\/\/www.suno.com.br\/noticias\/negocios\/"},{"@type":"ListItem","position":3,"name":"Bolsas da \u00c1sia fecham em baixa e Europa recua ap\u00f3s tombo em Wall Street"}]},{"@type":"WebSite","@id":"https:\/\/www.suno.com.br\/noticias\/#website","url":"https:\/\/www.suno.com.br\/noticias\/","name":"Suno Not\u00edcias","description":"Seu portal de informa\u00e7\u00e3o sobre o mundo dos investimentos","publisher":{"@id":"https:\/\/www.suno.com.br\/noticias\/#organization"},"potentialAction":[{"@type":"SearchAction","target":{"@type":"EntryPoint","urlTemplate":"https:\/\/www.suno.com.br\/noticias\/?s={search_term_string}"},"query-input":{"@type":"PropertyValueSpecification","valueRequired":true,"valueName":"search_term_string"}}],"inLanguage":"pt-BR"},{"@type":"Organization","@id":"https:\/\/www.suno.com.br\/noticias\/#organization","name":"Suno Not\u00edcias","url":"https:\/\/www.suno.com.br\/noticias\/","logo":{"@type":"ImageObject","inLanguage":"pt-BR","@id":"https:\/\/www.suno.com.br\/noticias\/#\/schema\/logo\/image\/","url":"https:\/\/files.sunoresearch.com.br\/n\/uploads\/2021\/09\/suno-logo.png","contentUrl":"https:\/\/files.sunoresearch.com.br\/n\/uploads\/2021\/09\/suno-logo.png","width":180,"height":180,"caption":"Suno Not\u00edcias"},"image":{"@id":"https:\/\/www.suno.com.br\/noticias\/#\/schema\/logo\/image\/"},"sameAs":["https:\/\/facebook.com\/sunoresearch","https:\/\/x.com\/sunoresearch","https:\/\/www.instagram.com\/suno","https:\/\/www.linkedin.com\/company\/suno-research\/","https:\/\/www.youtube.com\/c\/sunoresearch"]},{"@type":"Person","@id":"https:\/\/www.suno.com.br\/noticias\/#\/schema\/person\/d0f07e64bce64aa671feadfb844f04ca","name":"Guilherme Serrano","image":{"@type":"ImageObject","inLanguage":"pt-BR","@id":"https:\/\/www.suno.com.br\/noticias\/#\/schema\/person\/image\/","url":"https:\/\/secure.gravatar.com\/avatar\/a90be19d8c67bef61497e4522de30ac4?s=96&r=g","contentUrl":"https:\/\/secure.gravatar.com\/avatar\/a90be19d8c67bef61497e4522de30ac4?s=96&r=g","caption":"Guilherme Serrano"},"description":"Jornalista formado pela Faculdade C\u00e1sper L\u00edbero e p\u00f3s-graduado em Can\u00e7\u00e3o Popular pela Faculdade Santa Marcelina. Passagens por R\u00e1dio Gazeta AM, gazetaesportiva.com e TC R\u00e1dio.","url":"https:\/\/www.suno.com.br\/noticias\/author\/guilherme-silvasuno-com-br\/"}]}},"default_loop_html":"<div class=\"cardsPage__listCard__boxs\"><div class=\"cardsPage__listCard__boxs__img\"><a href=\"https:\/\/www.suno.com.br\/noticias\/bolsas-asiaticas-baixa-europa-cai-tombo-eua-ec-gss\/\"><img class=\"mask\" src=\"https:\/\/www.suno.com.br\/noticias\/wp-content\/themes\/suno\/resources\/images\/spotlight\/spotlight1img\/bg-mask.png\" alt=\"Image Mask\"\/><img src=\"https:\/\/files.sunoresearch.com.br\/n\/uploads\/2024\/04\/iStock-485815882-400x200.jpg\" alt=\"Bolsas da \u00c1sia fecham em baixa e Europa recua ap\u00f3s tombo em Wall Street\"\/><\/a><span class=\"spotlightCategory\"><a href=\"https:\/\/www.suno.com.br\/noticias\/negocios\/\">Neg\u00f3cios<\/a><\/span><\/div><div class=\"cardsPage__listCard__boxs__content\"><a href=\"https:\/\/www.suno.com.br\/noticias\/bolsas-asiaticas-baixa-europa-cai-tombo-eua-ec-gss\/\"><h2 class=\"content__title\">Bolsas da \u00c1sia fecham em baixa e Europa recua ap\u00f3s tombo em Wall Street<\/h2><\/a><div class=\"newsContent__article__meta\"><div class=\"newsContent__article__meta__authorBox\"><a href=\"https:\/\/www.suno.com.br\/noticias\/author\/guilherme-silvasuno-com-br\/\" class=\"authorBox__avatar noMobi\"><img src=\"https:\/\/secure.gravatar.com\/avatar\/a90be19d8c67bef61497e4522de30ac4?s=96&#038;r=g\" alt=\"Guilherme Serrano\"><\/a><div class=\"authorBox__name\"><span>por\n\t\t\t<a href=\"https:\/\/www.suno.com.br\/noticias\/author\/guilherme-silvasuno-com-br\/\"><span itemprop=\"author\">Guilherme Serrano<\/span><\/a><\/span><time datetime=\"2024-07-25T09:41:31-03:00\" itemprop=\"datePublished\">25\/07\/2024 09:41<\/time><\/div><\/div><\/div><\/div><\/div>","single_layout":"posts","amp_enabled":true,"_links":{"self":[{"href":"https:\/\/www.suno.com.br\/noticias\/wp-json\/wp\/v2\/posts\/567830"}],"collection":[{"href":"https:\/\/www.suno.com.br\/noticias\/wp-json\/wp\/v2\/posts"}],"about":[{"href":"https:\/\/www.suno.com.br\/noticias\/wp-json\/wp\/v2\/types\/post"}],"author":[{"embeddable":true,"href":"https:\/\/www.suno.com.br\/noticias\/wp-json\/wp\/v2\/users\/376"}],"replies":[{"embeddable":true,"href":"https:\/\/www.suno.com.br\/noticias\/wp-json\/wp\/v2\/comments?post=567830"}],"version-history":[{"count":2,"href":"https:\/\/www.suno.com.br\/noticias\/wp-json\/wp\/v2\/posts\/567830\/revisions"}],"predecessor-version":[{"id":567853,"href":"https:\/\/www.suno.com.br\/noticias\/wp-json\/wp\/v2\/posts\/567830\/revisions\/567853"}],"wp:featuredmedia":[{"embeddable":true,"href":"https:\/\/www.suno.com.br\/noticias\/wp-json\/wp\/v2\/media\/539467"}],"wp:attachment":[{"href":"https:\/\/www.suno.com.br\/noticias\/wp-json\/wp\/v2\/media?parent=567830"}],"wp:term":[{"taxonomy":"category","embeddable":true,"href":"https:\/\/www.suno.com.br\/noticias\/wp-json\/wp\/v2\/categories?post=567830"},{"taxonomy":"post_tag","embeddable":true,"href":"https:\/\/www.suno.com.br\/noticias\/wp-json\/wp\/v2\/tags?post=567830"},{"taxonomy":"suno_strategy","embeddable":true,"href":"https:\/\/www.suno.com.br\/noticias\/wp-json\/wp\/v2\/suno_strategy?post=567830"}],"curies":[{"name":"wp","href":"https:\/\/api.w.org\/{rel}","templated":true}]}}