{"id":567444,"date":"2024-07-23T10:24:14","date_gmt":"2024-07-23T13:24:14","guid":{"rendered":"https:\/\/www.suno.com.br\/noticias\/?p=567444"},"modified":"2024-07-23T12:54:39","modified_gmt":"2024-07-23T15:54:39","slug":"itau-itub4-cubo-uruguai-ec-gss","status":"publish","type":"post","link":"https:\/\/www.suno.com.br\/noticias\/itau-itub4-cubo-uruguai-ec-gss\/","title":{"rendered":"Projeto voltado \u00e0 inova\u00e7\u00e3o tecnol\u00f3gica do Ita\u00fa (ITUB4) mira expans\u00e3o e abre sede no Uruguai"},"content":{"rendered":"<p>O Cubo <strong>Ita\u00fa<\/strong>, espa\u00e7o de fomento \u00e0 inova\u00e7\u00e3o tecnol\u00f3gica criado pelo <a class=\"suno-keyword\" data-force=\"yes\" data-priority=\"2\" href=\"https:\/\/www.suno.com.br\/acoes\/ITUB4\/\" target=\"_blank\" rel=\"noopener\">Ita\u00fa Unibanco (ITUB4)<\/a>, vai inaugurar uma sede em Montevid\u00e9u, capital do Uruguai, em um passo de expans\u00e3o internacional. <\/p>\t<div class=\"wrapper-featured-image\">\n\t\t<figure class=\"spotlightImg\">\n\n\t\t\t<picture>\n\t\t\t\t<source media=\"(max-width: 768px)\" srcset=\"https:\/\/files.sunoresearch.com.br\/n\/uploads\/2023\/08\/Agencia-Itau-Unibanco-400x200.jpg\">\n\t\t\t\t<img loading=\"lazy\" decoding=\"async\" class=\"newsContent__article__imgCapa lazyloadDisabled \" src=\"https:\/\/files.sunoresearch.com.br\/n\/uploads\/2023\/08\/Agencia-Itau-Unibanco-800x450.jpg\" width=\"800\" height=\"450\" alt=\"Projeto voltado \u00e0 inova\u00e7\u00e3o tecnol\u00f3gica do Ita\u00fa (ITUB4) mira expans\u00e3o e abre sede no Uruguai\" fetchpriority=high \/>\n\t\t\t<\/picture>\n\n\t\t\t<figcaption class=\"wp-caption-text wp-caption-text--show\">Foto: Divulga\u00e7\u00e3o\/ Ita\u00fa <\/figcaption>\n\t\t<\/figure>\n\t<\/div>\n\n\n\n\n\n\n\n\t<p>\n\t\t<a href=\"https:\/\/lp.suno.com.br\/planilha-da-vida-financeira\/\" target=\"_blank\" data-element=\"shortcode-suno-banner\" title=\"Banner SUNO, clique e saiba mais\">\n\t\t\t<picture>\n\t\t\t\t<source media=\"(max-width: 500px)\" srcset=\"https:\/\/files.sunoresearch.com.br\/n\/uploads\/2023\/04\/400x300-Planilha-vida-financeira-true.png\">\n\t\t\t\t<img class=\"newsContent__article__imgCapa newsContent__article__imgCapa--banner\"\n\t\t\t\t\tsrc=\"https:\/\/files.sunoresearch.com.br\/n\/uploads\/2023\/04\/1420x240-Planilha-vida-financeira-true.png\"\n\t\t\t\t\tdata-promo-id=\"106682\"\t\t\t\t\t\t\t\t\t\twidth='1420' height='240'\t\t\t\t\talt=\"https:\/\/files.sunoresearch.com.br\/n\/uploads\/2023\/04\/1420x240-Planilha-vida-financeira-true.png\"\n\t\t\t\t>\n\t\t\t<\/picture>\n\t\t<\/a>\n\t<\/p>\n\n\n\n\n\n<p>Criado h\u00e1 nove anos, o projeto tem atualmente uma sede na Vila Ol\u00edmpia, zona oeste de S\u00e3o Paulo, como um ambiente multicanal de intera\u00e7\u00e3o entre os membros.<\/p>\n\n\n\n<p>Em solo uruguaio, o projeto ser\u00e1 liderado por Juan Manuel Porcaro, respons\u00e1vel pela Am\u00e9rica Latina no Cubo.<\/p>\n\n\n\n<p>&#8220;Nossa chegada ao Uruguai n\u00e3o apenas \u00e9 uma expans\u00e3o de espa\u00e7o, mas um aumento nas oportunidades de curadoria, conex\u00e3o, neg\u00f3cios, acesso a talentos, novas tecnologias, capital por meio dos fundos de venture capital, entre in\u00fameras outras&#8221;, afirma em nota o CEO do <strong>Cubo Ita\u00fa<\/strong>, Paulo Costa.<\/p>\n\n\n\n<p>A partir desta ter\u00e7a, em parceria com o <strong>Ita\u00fa Uruguai<\/strong>, o <strong>Cubo Uruguai <\/strong>receber\u00e1 e realizar\u00e1 eventos de inova\u00e7\u00e3o e tecnologia na nova sede, que fica na regi\u00e3o central da capital uruguaia. Segundo Costa, os pr\u00f3ximos passos ser\u00e3o divulgados em breve, ap\u00f3s a defini\u00e7\u00e3o final sobre outros pontos da opera\u00e7\u00e3o.<\/p>\n\n\n\t<p>\n\t\t<a href=\"https:\/\/lp.suno.com.br\/ebook-como-analisar-uma-acao\/\" target=\"_blank\" data-element=\"shortcode-suno-banner\" title=\"Banner SUNO, clique e saiba mais\">\n\t\t\t<picture>\n\t\t\t\t<source media=\"(max-width: 500px)\" srcset=\"https:\/\/files.sunoresearch.com.br\/n\/uploads\/2023\/03\/Ebook-Acoes-Mobile.jpg\">\n\t\t\t\t<img class=\"newsContent__article__imgCapa newsContent__article__imgCapa--banner\"\n\t\t\t\t\tsrc=\"https:\/\/files.sunoresearch.com.br\/n\/uploads\/2023\/03\/Ebook-Acoes-Desktop.jpg\"\n\t\t\t\t\tdata-promo-id=\"378302\"\t\t\t\t\t\t\t\t\t\twidth='1420' height='286'\t\t\t\t\talt=\"https:\/\/files.sunoresearch.com.br\/n\/uploads\/2023\/03\/Ebook-Acoes-Desktop.jpg\"\n\t\t\t\t>\n\t\t\t<\/picture>\n\t\t<\/a>\n\t<\/p>\n\n\n\n\n\n<p>De acordo com dados da Startup Blink, mencionados pelo CEO do Cubo, o Uruguai \u00e9 uma das cinco maiores comunidades de inova\u00e7\u00e3o da Am\u00e9rica Latina, e tem um ambiente est\u00e1vel para o desenvolvimento de startups. A plataforma planeja ajudar no interc\u00e2mbio de inova\u00e7\u00f5es, levando empresas inovadoras do Brasil para outros mercados da regi\u00e3o e vice-versa.<\/p>\n\n\n\n<p>O <strong>Cubo<\/strong> foi criado pelo Ita\u00fa no Brasil em 2015 em parceria com a gestora de venture capital (que compra participa\u00e7\u00f5es em empresas de tecnologia de capital fechado) Redpoint eventures. Atualmente, conta com mais de 500 startups no portf\u00f3lio, que atuam em mais de 25 segmentos de mercado.<\/p>\n\n\n\n<p>O sistema do <strong>Ita\u00fa<\/strong> \u00e9 uma esp\u00e9cie de ponto de encontro entre as empresas inovadoras e nomes estabelecidos da economia tradicional, que buscam inova\u00e7\u00f5es para acelerar as transforma\u00e7\u00f5es cultural e digital dentro de casa.<\/p>\n\n\n\n<p><em>Com Estad\u00e3o Conte\u00fado<\/em><\/p>\n\n\n\t<p>\n\t\t<a href=\"https:\/\/lp.suno.com.br\/planilha-da-vida-financeira\/\" target=\"_blank\" data-element=\"shortcode-suno-banner\" title=\"Banner SUNO, clique e saiba mais\">\n\t\t\t<picture>\n\t\t\t\t<source media=\"(max-width: 500px)\" srcset=\"https:\/\/files.sunoresearch.com.br\/n\/uploads\/2023\/04\/400x300-Planilha-vida-financeira-true.png\">\n\t\t\t\t<img class=\"newsContent__article__imgCapa newsContent__article__imgCapa--banner\"\n\t\t\t\t\tsrc=\"https:\/\/files.sunoresearch.com.br\/n\/uploads\/2023\/04\/1420x240-Planilha-vida-financeira-true.png\"\n\t\t\t\t\tdata-promo-id=\"383123\"\t\t\t\t\t\t\t\t\t\twidth='1420' height='240'\t\t\t\t\talt=\"https:\/\/files.sunoresearch.com.br\/n\/uploads\/2023\/04\/1420x240-Planilha-vida-financeira-true.png\"\n\t\t\t\t>\n\t\t\t<\/picture>\n\t\t<\/a>\n\t<\/p>\n\n\n","protected":false},"excerpt":{"rendered":"<p>O Cubo Ita\u00fa, espa\u00e7o de fomento \u00e0 inova\u00e7\u00e3o tecnol\u00f3gica criado pelo Ita\u00fa Unibanco (ITUB4), vai inaugurar uma sede em Montevid\u00e9u, capital do Uruguai, em um passo de expans\u00e3o internacional. Foto: Divulga\u00e7\u00e3o\/ Ita\u00fa Criado h\u00e1 nove anos, o projeto tem atualmente uma sede na Vila Ol\u00edmpia, zona oeste de S\u00e3o Paulo, como um ambiente multicanal de [&hellip;]<\/p>\n","protected":false},"author":376,"featured_media":437301,"comment_status":"closed","ping_status":"closed","sticky":false,"template":"","format":"standard","meta":[],"categories":[64],"tags":[519],"suno_strategy":[],"class_list":["post-567444","post","type-post","status-publish","format-standard","has-post-thumbnail","hentry","category-negocios","tag-itau-unibanco-itub3-itub4"],"yoast_head":"<!-- This site is optimized with the Yoast SEO plugin v24.4 - https:\/\/yoast.com\/wordpress\/plugins\/seo\/ -->\n<title>Ita\u00fa (ITUB4) abre sede do Cubo no Uruguai<\/title>\n<meta name=\"description\" content=\"O Cubo Ita\u00fa, espa\u00e7o de fomento \u00e0 inova\u00e7\u00e3o tecnol\u00f3gica criado pelo Ita\u00fa Unibanco (ITUB4), vai inaugurar uma sede em Montevid\u00e9u.\" \/>\n<meta name=\"robots\" content=\"index, follow, max-snippet:-1, max-image-preview:large, max-video-preview:-1\" \/>\n<link rel=\"canonical\" href=\"https:\/\/www.suno.com.br\/noticias\/itau-itub4-cubo-uruguai-ec-gss\/\" \/>\n<meta property=\"og:locale\" content=\"pt_BR\" \/>\n<meta property=\"og:type\" content=\"article\" \/>\n<meta property=\"og:title\" content=\"Ita\u00fa (ITUB4) abre sede do Cubo no Uruguai\" \/>\n<meta property=\"og:description\" content=\"O Cubo Ita\u00fa, espa\u00e7o de fomento \u00e0 inova\u00e7\u00e3o tecnol\u00f3gica criado pelo Ita\u00fa Unibanco (ITUB4), vai inaugurar uma sede em Montevid\u00e9u.\" \/>\n<meta property=\"og:url\" content=\"https:\/\/www.suno.com.br\/noticias\/itau-itub4-cubo-uruguai-ec-gss\/\" \/>\n<meta property=\"og:site_name\" content=\"Suno Not\u00edcias\" \/>\n<meta property=\"article:publisher\" content=\"https:\/\/facebook.com\/sunoresearch\" \/>\n<meta property=\"og:image\" content=\"https:\/\/files.sunoresearch.com.br\/n\/uploads\/2023\/08\/Agencia-Itau-Unibanco.jpg\" \/>\n\t<meta property=\"og:image:width\" content=\"1210\" \/>\n\t<meta property=\"og:image:height\" content=\"800\" \/>\n\t<meta property=\"og:image:type\" content=\"image\/jpeg\" \/>\n<meta name=\"author\" content=\"Guilherme Serrano\" \/>\n<meta name=\"twitter:card\" content=\"summary_large_image\" \/>\n<meta name=\"twitter:creator\" content=\"@sunoresearch\" \/>\n<meta name=\"twitter:site\" content=\"@sunoresearch\" \/>\n<meta name=\"twitter:label1\" content=\"Escrito por\" \/>\n\t<meta name=\"twitter:data1\" content=\"Guilherme Serrano\" \/>\n\t<meta name=\"twitter:label2\" content=\"Est. tempo de leitura\" \/>\n\t<meta name=\"twitter:data2\" content=\"2 minutos\" \/>\n<script type=\"application\/ld+json\" class=\"yoast-schema-graph\">{\"@context\":\"https:\/\/schema.org\",\"@graph\":[{\"@type\":\"NewsArticle\",\"@id\":\"https:\/\/www.suno.com.br\/noticias\/itau-itub4-cubo-uruguai-ec-gss\/#article\",\"isPartOf\":{\"@id\":\"https:\/\/www.suno.com.br\/noticias\/itau-itub4-cubo-uruguai-ec-gss\/\"},\"author\":{\"name\":\"Guilherme Serrano\",\"@id\":\"https:\/\/www.suno.com.br\/noticias\/#\/schema\/person\/d0f07e64bce64aa671feadfb844f04ca\"},\"headline\":\"Projeto voltado \u00e0 inova\u00e7\u00e3o tecnol\u00f3gica do Ita\u00fa (ITUB4) mira expans\u00e3o e abre sede no Uruguai\",\"datePublished\":\"2024-07-23T13:24:14+00:00\",\"dateModified\":\"2024-07-23T15:54:39+00:00\",\"mainEntityOfPage\":{\"@id\":\"https:\/\/www.suno.com.br\/noticias\/itau-itub4-cubo-uruguai-ec-gss\/\"},\"wordCount\":365,\"publisher\":{\"@id\":\"https:\/\/www.suno.com.br\/noticias\/#organization\"},\"image\":{\"@id\":\"https:\/\/www.suno.com.br\/noticias\/itau-itub4-cubo-uruguai-ec-gss\/#primaryimage\"},\"thumbnailUrl\":\"https:\/\/files.sunoresearch.com.br\/n\/uploads\/2023\/08\/Agencia-Itau-Unibanco.jpg\",\"keywords\":[\"Ita\u00fa Unibanco (ITUB3\/ITUB4)\"],\"articleSection\":[\"Neg\u00f3cios\"],\"inLanguage\":\"pt-BR\"},{\"@type\":\"WebPage\",\"@id\":\"https:\/\/www.suno.com.br\/noticias\/itau-itub4-cubo-uruguai-ec-gss\/\",\"url\":\"https:\/\/www.suno.com.br\/noticias\/itau-itub4-cubo-uruguai-ec-gss\/\",\"name\":\"Ita\u00fa (ITUB4) abre sede do Cubo no Uruguai\",\"isPartOf\":{\"@id\":\"https:\/\/www.suno.com.br\/noticias\/#website\"},\"primaryImageOfPage\":{\"@id\":\"https:\/\/www.suno.com.br\/noticias\/itau-itub4-cubo-uruguai-ec-gss\/#primaryimage\"},\"image\":{\"@id\":\"https:\/\/www.suno.com.br\/noticias\/itau-itub4-cubo-uruguai-ec-gss\/#primaryimage\"},\"thumbnailUrl\":\"https:\/\/files.sunoresearch.com.br\/n\/uploads\/2023\/08\/Agencia-Itau-Unibanco.jpg\",\"datePublished\":\"2024-07-23T13:24:14+00:00\",\"dateModified\":\"2024-07-23T15:54:39+00:00\",\"description\":\"O Cubo Ita\u00fa, espa\u00e7o de fomento \u00e0 inova\u00e7\u00e3o tecnol\u00f3gica criado pelo Ita\u00fa Unibanco (ITUB4), vai inaugurar uma sede em Montevid\u00e9u.\",\"breadcrumb\":{\"@id\":\"https:\/\/www.suno.com.br\/noticias\/itau-itub4-cubo-uruguai-ec-gss\/#breadcrumb\"},\"inLanguage\":\"pt-BR\",\"potentialAction\":[{\"@type\":\"ReadAction\",\"target\":[\"https:\/\/www.suno.com.br\/noticias\/itau-itub4-cubo-uruguai-ec-gss\/\"]}]},{\"@type\":\"ImageObject\",\"inLanguage\":\"pt-BR\",\"@id\":\"https:\/\/www.suno.com.br\/noticias\/itau-itub4-cubo-uruguai-ec-gss\/#primaryimage\",\"url\":\"https:\/\/files.sunoresearch.com.br\/n\/uploads\/2023\/08\/Agencia-Itau-Unibanco.jpg\",\"contentUrl\":\"https:\/\/files.sunoresearch.com.br\/n\/uploads\/2023\/08\/Agencia-Itau-Unibanco.jpg\",\"width\":1210,\"height\":800,\"caption\":\"Foto: Divulga\u00e7\u00e3o\/ Ita\u00fa\"},{\"@type\":\"BreadcrumbList\",\"@id\":\"https:\/\/www.suno.com.br\/noticias\/itau-itub4-cubo-uruguai-ec-gss\/#breadcrumb\",\"itemListElement\":[{\"@type\":\"ListItem\",\"position\":1,\"name\":\"Not\u00edcias\",\"item\":\"https:\/\/www.suno.com.br\/noticias\/\"},{\"@type\":\"ListItem\",\"position\":2,\"name\":\"Neg\u00f3cios\",\"item\":\"https:\/\/www.suno.com.br\/noticias\/negocios\/\"},{\"@type\":\"ListItem\",\"position\":3,\"name\":\"Projeto voltado \u00e0 inova\u00e7\u00e3o tecnol\u00f3gica do Ita\u00fa (ITUB4) mira expans\u00e3o e abre sede no Uruguai\"}]},{\"@type\":\"WebSite\",\"@id\":\"https:\/\/www.suno.com.br\/noticias\/#website\",\"url\":\"https:\/\/www.suno.com.br\/noticias\/\",\"name\":\"Suno Not\u00edcias\",\"description\":\"Seu portal de informa\u00e7\u00e3o sobre o mundo dos investimentos\",\"publisher\":{\"@id\":\"https:\/\/www.suno.com.br\/noticias\/#organization\"},\"potentialAction\":[{\"@type\":\"SearchAction\",\"target\":{\"@type\":\"EntryPoint\",\"urlTemplate\":\"https:\/\/www.suno.com.br\/noticias\/?s={search_term_string}\"},\"query-input\":{\"@type\":\"PropertyValueSpecification\",\"valueRequired\":true,\"valueName\":\"search_term_string\"}}],\"inLanguage\":\"pt-BR\"},{\"@type\":\"Organization\",\"@id\":\"https:\/\/www.suno.com.br\/noticias\/#organization\",\"name\":\"Suno Not\u00edcias\",\"url\":\"https:\/\/www.suno.com.br\/noticias\/\",\"logo\":{\"@type\":\"ImageObject\",\"inLanguage\":\"pt-BR\",\"@id\":\"https:\/\/www.suno.com.br\/noticias\/#\/schema\/logo\/image\/\",\"url\":\"https:\/\/files.sunoresearch.com.br\/n\/uploads\/2021\/09\/suno-logo.png\",\"contentUrl\":\"https:\/\/files.sunoresearch.com.br\/n\/uploads\/2021\/09\/suno-logo.png\",\"width\":180,\"height\":180,\"caption\":\"Suno Not\u00edcias\"},\"image\":{\"@id\":\"https:\/\/www.suno.com.br\/noticias\/#\/schema\/logo\/image\/\"},\"sameAs\":[\"https:\/\/facebook.com\/sunoresearch\",\"https:\/\/x.com\/sunoresearch\",\"https:\/\/www.instagram.com\/suno\",\"https:\/\/www.linkedin.com\/company\/suno-research\/\",\"https:\/\/www.youtube.com\/c\/sunoresearch\"]},{\"@type\":\"Person\",\"@id\":\"https:\/\/www.suno.com.br\/noticias\/#\/schema\/person\/d0f07e64bce64aa671feadfb844f04ca\",\"name\":\"Guilherme Serrano\",\"image\":{\"@type\":\"ImageObject\",\"inLanguage\":\"pt-BR\",\"@id\":\"https:\/\/www.suno.com.br\/noticias\/#\/schema\/person\/image\/\",\"url\":\"https:\/\/secure.gravatar.com\/avatar\/a90be19d8c67bef61497e4522de30ac4?s=96&r=g\",\"contentUrl\":\"https:\/\/secure.gravatar.com\/avatar\/a90be19d8c67bef61497e4522de30ac4?s=96&r=g\",\"caption\":\"Guilherme Serrano\"},\"description\":\"Jornalista formado pela Faculdade C\u00e1sper L\u00edbero e p\u00f3s-graduado em Can\u00e7\u00e3o Popular pela Faculdade Santa Marcelina. Passagens por R\u00e1dio Gazeta AM, gazetaesportiva.com e TC R\u00e1dio.\",\"url\":\"https:\/\/www.suno.com.br\/noticias\/author\/guilherme-silvasuno-com-br\/\"}]}<\/script>\n<!-- \/ Yoast SEO plugin. -->","yoast_head_json":{"title":"Ita\u00fa (ITUB4) abre sede do Cubo no Uruguai","description":"O Cubo Ita\u00fa, espa\u00e7o de fomento \u00e0 inova\u00e7\u00e3o tecnol\u00f3gica criado pelo Ita\u00fa Unibanco (ITUB4), vai inaugurar uma sede em Montevid\u00e9u.","robots":{"index":"index","follow":"follow","max-snippet":"max-snippet:-1","max-image-preview":"max-image-preview:large","max-video-preview":"max-video-preview:-1"},"canonical":"https:\/\/www.suno.com.br\/noticias\/itau-itub4-cubo-uruguai-ec-gss\/","og_locale":"pt_BR","og_type":"article","og_title":"Ita\u00fa (ITUB4) abre sede do Cubo no Uruguai","og_description":"O Cubo Ita\u00fa, espa\u00e7o de fomento \u00e0 inova\u00e7\u00e3o tecnol\u00f3gica criado pelo Ita\u00fa Unibanco (ITUB4), vai inaugurar uma sede em Montevid\u00e9u.","og_url":"https:\/\/www.suno.com.br\/noticias\/itau-itub4-cubo-uruguai-ec-gss\/","og_site_name":"Suno Not\u00edcias","article_publisher":"https:\/\/facebook.com\/sunoresearch","og_image":[{"width":1210,"height":800,"url":"https:\/\/files.sunoresearch.com.br\/n\/uploads\/2023\/08\/Agencia-Itau-Unibanco.jpg","type":"image\/jpeg"}],"author":"Guilherme Serrano","twitter_card":"summary_large_image","twitter_creator":"@sunoresearch","twitter_site":"@sunoresearch","twitter_misc":{"Escrito por":"Guilherme Serrano","Est. tempo de leitura":"2 minutos"},"schema":{"@context":"https:\/\/schema.org","@graph":[{"@type":"NewsArticle","@id":"https:\/\/www.suno.com.br\/noticias\/itau-itub4-cubo-uruguai-ec-gss\/#article","isPartOf":{"@id":"https:\/\/www.suno.com.br\/noticias\/itau-itub4-cubo-uruguai-ec-gss\/"},"author":{"name":"Guilherme Serrano","@id":"https:\/\/www.suno.com.br\/noticias\/#\/schema\/person\/d0f07e64bce64aa671feadfb844f04ca"},"headline":"Projeto voltado \u00e0 inova\u00e7\u00e3o tecnol\u00f3gica do Ita\u00fa (ITUB4) mira expans\u00e3o e abre sede no Uruguai","datePublished":"2024-07-23T13:24:14+00:00","dateModified":"2024-07-23T15:54:39+00:00","mainEntityOfPage":{"@id":"https:\/\/www.suno.com.br\/noticias\/itau-itub4-cubo-uruguai-ec-gss\/"},"wordCount":365,"publisher":{"@id":"https:\/\/www.suno.com.br\/noticias\/#organization"},"image":{"@id":"https:\/\/www.suno.com.br\/noticias\/itau-itub4-cubo-uruguai-ec-gss\/#primaryimage"},"thumbnailUrl":"https:\/\/files.sunoresearch.com.br\/n\/uploads\/2023\/08\/Agencia-Itau-Unibanco.jpg","keywords":["Ita\u00fa Unibanco (ITUB3\/ITUB4)"],"articleSection":["Neg\u00f3cios"],"inLanguage":"pt-BR"},{"@type":"WebPage","@id":"https:\/\/www.suno.com.br\/noticias\/itau-itub4-cubo-uruguai-ec-gss\/","url":"https:\/\/www.suno.com.br\/noticias\/itau-itub4-cubo-uruguai-ec-gss\/","name":"Ita\u00fa (ITUB4) abre sede do Cubo no Uruguai","isPartOf":{"@id":"https:\/\/www.suno.com.br\/noticias\/#website"},"primaryImageOfPage":{"@id":"https:\/\/www.suno.com.br\/noticias\/itau-itub4-cubo-uruguai-ec-gss\/#primaryimage"},"image":{"@id":"https:\/\/www.suno.com.br\/noticias\/itau-itub4-cubo-uruguai-ec-gss\/#primaryimage"},"thumbnailUrl":"https:\/\/files.sunoresearch.com.br\/n\/uploads\/2023\/08\/Agencia-Itau-Unibanco.jpg","datePublished":"2024-07-23T13:24:14+00:00","dateModified":"2024-07-23T15:54:39+00:00","description":"O Cubo Ita\u00fa, espa\u00e7o de fomento \u00e0 inova\u00e7\u00e3o tecnol\u00f3gica criado pelo Ita\u00fa Unibanco (ITUB4), vai inaugurar uma sede em Montevid\u00e9u.","breadcrumb":{"@id":"https:\/\/www.suno.com.br\/noticias\/itau-itub4-cubo-uruguai-ec-gss\/#breadcrumb"},"inLanguage":"pt-BR","potentialAction":[{"@type":"ReadAction","target":["https:\/\/www.suno.com.br\/noticias\/itau-itub4-cubo-uruguai-ec-gss\/"]}]},{"@type":"ImageObject","inLanguage":"pt-BR","@id":"https:\/\/www.suno.com.br\/noticias\/itau-itub4-cubo-uruguai-ec-gss\/#primaryimage","url":"https:\/\/files.sunoresearch.com.br\/n\/uploads\/2023\/08\/Agencia-Itau-Unibanco.jpg","contentUrl":"https:\/\/files.sunoresearch.com.br\/n\/uploads\/2023\/08\/Agencia-Itau-Unibanco.jpg","width":1210,"height":800,"caption":"Foto: Divulga\u00e7\u00e3o\/ Ita\u00fa"},{"@type":"BreadcrumbList","@id":"https:\/\/www.suno.com.br\/noticias\/itau-itub4-cubo-uruguai-ec-gss\/#breadcrumb","itemListElement":[{"@type":"ListItem","position":1,"name":"Not\u00edcias","item":"https:\/\/www.suno.com.br\/noticias\/"},{"@type":"ListItem","position":2,"name":"Neg\u00f3cios","item":"https:\/\/www.suno.com.br\/noticias\/negocios\/"},{"@type":"ListItem","position":3,"name":"Projeto voltado \u00e0 inova\u00e7\u00e3o tecnol\u00f3gica do Ita\u00fa (ITUB4) mira expans\u00e3o e abre sede no Uruguai"}]},{"@type":"WebSite","@id":"https:\/\/www.suno.com.br\/noticias\/#website","url":"https:\/\/www.suno.com.br\/noticias\/","name":"Suno Not\u00edcias","description":"Seu portal de informa\u00e7\u00e3o sobre o mundo dos investimentos","publisher":{"@id":"https:\/\/www.suno.com.br\/noticias\/#organization"},"potentialAction":[{"@type":"SearchAction","target":{"@type":"EntryPoint","urlTemplate":"https:\/\/www.suno.com.br\/noticias\/?s={search_term_string}"},"query-input":{"@type":"PropertyValueSpecification","valueRequired":true,"valueName":"search_term_string"}}],"inLanguage":"pt-BR"},{"@type":"Organization","@id":"https:\/\/www.suno.com.br\/noticias\/#organization","name":"Suno Not\u00edcias","url":"https:\/\/www.suno.com.br\/noticias\/","logo":{"@type":"ImageObject","inLanguage":"pt-BR","@id":"https:\/\/www.suno.com.br\/noticias\/#\/schema\/logo\/image\/","url":"https:\/\/files.sunoresearch.com.br\/n\/uploads\/2021\/09\/suno-logo.png","contentUrl":"https:\/\/files.sunoresearch.com.br\/n\/uploads\/2021\/09\/suno-logo.png","width":180,"height":180,"caption":"Suno Not\u00edcias"},"image":{"@id":"https:\/\/www.suno.com.br\/noticias\/#\/schema\/logo\/image\/"},"sameAs":["https:\/\/facebook.com\/sunoresearch","https:\/\/x.com\/sunoresearch","https:\/\/www.instagram.com\/suno","https:\/\/www.linkedin.com\/company\/suno-research\/","https:\/\/www.youtube.com\/c\/sunoresearch"]},{"@type":"Person","@id":"https:\/\/www.suno.com.br\/noticias\/#\/schema\/person\/d0f07e64bce64aa671feadfb844f04ca","name":"Guilherme Serrano","image":{"@type":"ImageObject","inLanguage":"pt-BR","@id":"https:\/\/www.suno.com.br\/noticias\/#\/schema\/person\/image\/","url":"https:\/\/secure.gravatar.com\/avatar\/a90be19d8c67bef61497e4522de30ac4?s=96&r=g","contentUrl":"https:\/\/secure.gravatar.com\/avatar\/a90be19d8c67bef61497e4522de30ac4?s=96&r=g","caption":"Guilherme Serrano"},"description":"Jornalista formado pela Faculdade C\u00e1sper L\u00edbero e p\u00f3s-graduado em Can\u00e7\u00e3o Popular pela Faculdade Santa Marcelina. Passagens por R\u00e1dio Gazeta AM, gazetaesportiva.com e TC R\u00e1dio.","url":"https:\/\/www.suno.com.br\/noticias\/author\/guilherme-silvasuno-com-br\/"}]}},"default_loop_html":"<div class=\"cardsPage__listCard__boxs\"><div class=\"cardsPage__listCard__boxs__img\"><a href=\"https:\/\/www.suno.com.br\/noticias\/itau-itub4-cubo-uruguai-ec-gss\/\"><img class=\"mask\" src=\"https:\/\/www.suno.com.br\/noticias\/wp-content\/themes\/suno\/resources\/images\/spotlight\/spotlight1img\/bg-mask.png\" alt=\"Image Mask\"\/><img src=\"https:\/\/files.sunoresearch.com.br\/n\/uploads\/2023\/08\/Agencia-Itau-Unibanco-400x200.jpg\" alt=\"Projeto voltado \u00e0 inova\u00e7\u00e3o tecnol\u00f3gica do Ita\u00fa (ITUB4) mira expans\u00e3o e abre sede no Uruguai\"\/><\/a><span class=\"spotlightCategory\"><a href=\"https:\/\/www.suno.com.br\/noticias\/negocios\/\">Neg\u00f3cios<\/a><\/span><\/div><div class=\"cardsPage__listCard__boxs__content\"><a href=\"https:\/\/www.suno.com.br\/noticias\/itau-itub4-cubo-uruguai-ec-gss\/\"><h2 class=\"content__title\">Projeto voltado \u00e0 inova\u00e7\u00e3o tecnol\u00f3gica do Ita\u00fa (ITUB4) mira expans\u00e3o e abre sede no Uruguai<\/h2><\/a><div class=\"newsContent__article__meta\"><div class=\"newsContent__article__meta__authorBox\"><a href=\"https:\/\/www.suno.com.br\/noticias\/author\/guilherme-silvasuno-com-br\/\" class=\"authorBox__avatar noMobi\"><img src=\"https:\/\/secure.gravatar.com\/avatar\/a90be19d8c67bef61497e4522de30ac4?s=96&#038;r=g\" alt=\"Guilherme Serrano\"><\/a><div class=\"authorBox__name\"><span>por\n\t\t\t<a href=\"https:\/\/www.suno.com.br\/noticias\/author\/guilherme-silvasuno-com-br\/\"><span itemprop=\"author\">Guilherme Serrano<\/span><\/a><\/span><time datetime=\"2024-07-23T10:24:14-03:00\" itemprop=\"datePublished\">23\/07\/2024 10:24<\/time><\/div><\/div><\/div><\/div><\/div>","single_layout":"posts","amp_enabled":true,"_links":{"self":[{"href":"https:\/\/www.suno.com.br\/noticias\/wp-json\/wp\/v2\/posts\/567444"}],"collection":[{"href":"https:\/\/www.suno.com.br\/noticias\/wp-json\/wp\/v2\/posts"}],"about":[{"href":"https:\/\/www.suno.com.br\/noticias\/wp-json\/wp\/v2\/types\/post"}],"author":[{"embeddable":true,"href":"https:\/\/www.suno.com.br\/noticias\/wp-json\/wp\/v2\/users\/376"}],"replies":[{"embeddable":true,"href":"https:\/\/www.suno.com.br\/noticias\/wp-json\/wp\/v2\/comments?post=567444"}],"version-history":[{"count":3,"href":"https:\/\/www.suno.com.br\/noticias\/wp-json\/wp\/v2\/posts\/567444\/revisions"}],"predecessor-version":[{"id":567492,"href":"https:\/\/www.suno.com.br\/noticias\/wp-json\/wp\/v2\/posts\/567444\/revisions\/567492"}],"wp:featuredmedia":[{"embeddable":true,"href":"https:\/\/www.suno.com.br\/noticias\/wp-json\/wp\/v2\/media\/437301"}],"wp:attachment":[{"href":"https:\/\/www.suno.com.br\/noticias\/wp-json\/wp\/v2\/media?parent=567444"}],"wp:term":[{"taxonomy":"category","embeddable":true,"href":"https:\/\/www.suno.com.br\/noticias\/wp-json\/wp\/v2\/categories?post=567444"},{"taxonomy":"post_tag","embeddable":true,"href":"https:\/\/www.suno.com.br\/noticias\/wp-json\/wp\/v2\/tags?post=567444"},{"taxonomy":"suno_strategy","embeddable":true,"href":"https:\/\/www.suno.com.br\/noticias\/wp-json\/wp\/v2\/suno_strategy?post=567444"}],"curies":[{"name":"wp","href":"https:\/\/api.w.org\/{rel}","templated":true}]}}