{"id":567370,"date":"2024-07-22T11:27:00","date_gmt":"2024-07-22T14:27:00","guid":{"rendered":"https:\/\/www.suno.com.br\/noticias\/?p=567370"},"modified":"2024-07-22T11:35:07","modified_gmt":"2024-07-22T14:35:07","slug":"vale-vale3-dario-durigan-apoio-presidencia-gss","status":"publish","type":"post","link":"https:\/\/www.suno.com.br\/noticias\/vale-vale3-dario-durigan-apoio-presidencia-gss\/","title":{"rendered":"Dario Durigan tem apoio do Bradesco (BBDC4) e da Cosan (CSAN3) para assumir a Vale (VALE3)"},"content":{"rendered":"<p>Dario Durigan, secret\u00e1rio-executivo do <a class=\"suno-keyword\" data-force=\"no\" data-priority=\"2\" href=\"https:\/\/www.suno.com.br\/artigos\/ministerio-da-fazenda\/\" target=\"_blank\" rel=\"noopener\">Minist\u00e9rio da Fazenda<\/a>, tem recebido apoio para assumir a presid\u00eancia da <strong>Vale<\/strong> (<a class=\"suno-keyword\" data-force=\"yes\" data-priority=\"2\" href=\"https:\/\/www.suno.com.br\/analitica\/acoes\/vale3\/\" target=\"_blank\" rel=\"noopener\">VALE3<\/a>), de acordo com o colunista Lauro Jardim, do jornal O Globo.<\/p>\t<div class=\"wrapper-featured-image\">\n\t\t<figure class=\"spotlightImg\">\n\n\t\t\t<picture>\n\t\t\t\t<source media=\"(max-width: 768px)\" srcset=\"https:\/\/files.sunoresearch.com.br\/n\/uploads\/2024\/07\/53750669829_140d356315_k-400x200.jpg\">\n\t\t\t\t<img loading=\"lazy\" decoding=\"async\" class=\"newsContent__article__imgCapa lazyloadDisabled \" src=\"https:\/\/files.sunoresearch.com.br\/n\/uploads\/2024\/07\/53750669829_140d356315_k-800x450.jpg\" width=\"800\" height=\"450\" alt=\"Dario Durigan tem apoio do Bradesco (BBDC4) e da Cosan (CSAN3) para assumir a Vale (VALE3)\" fetchpriority=high \/>\n\t\t\t<\/picture>\n\n\t\t\t<figcaption class=\"wp-caption-text wp-caption-text--show\">Dario Durigan, cotado para assumir a Vale. Foto: Saulo Cruz\/Ag\u00eancia Senado<\/figcaption>\n\t\t<\/figure>\n\t<\/div>\n\n\n\n\n\n\n\n\t<p>\n\t\t<a href=\"https:\/\/lp.suno.com.br\/planilha-da-vida-financeira\/\" target=\"_blank\" data-element=\"shortcode-suno-banner\" title=\"Banner SUNO, clique e saiba mais\">\n\t\t\t<picture>\n\t\t\t\t<source media=\"(max-width: 500px)\" srcset=\"https:\/\/files.sunoresearch.com.br\/n\/uploads\/2023\/04\/400x300-Planilha-vida-financeira-true.png\">\n\t\t\t\t<img class=\"newsContent__article__imgCapa newsContent__article__imgCapa--banner\"\n\t\t\t\t\tsrc=\"https:\/\/files.sunoresearch.com.br\/n\/uploads\/2023\/04\/1420x240-Planilha-vida-financeira-true.png\"\n\t\t\t\t\tdata-promo-id=\"106682\"\t\t\t\t\t\t\t\t\t\twidth='1420' height='240'\t\t\t\t\talt=\"https:\/\/files.sunoresearch.com.br\/n\/uploads\/2023\/04\/1420x240-Planilha-vida-financeira-true.png\"\n\t\t\t\t>\n\t\t\t<\/picture>\n\t\t<\/a>\n\t<\/p>\n\n\n\n\n\n<p>Segundo a publica\u00e7\u00e3o, <strong>Dario Durigan<\/strong> recebeu duas aprova\u00e7\u00f5es importantes: a de <strong>Rubens Ometto<\/strong>, dono da <strong>Cosan<\/strong> (<a class=\"suno-keyword\" data-force=\"yes\" data-priority=\"2\" href=\"https:\/\/www.suno.com.br\/analitica\/acoes\/csan3\/\" target=\"_blank\" rel=\"noopener\">CSAN3<\/a>), empresa que tem 4,9% de participa\u00e7\u00e3o na Vale, e tamb\u00e9m do<strong> Bradesco<\/strong> (<a class=\"suno-keyword\" data-force=\"yes\" data-priority=\"2\" href=\"https:\/\/www.suno.com.br\/analitica\/acoes\/bbdc4\/\" target=\"_blank\" rel=\"noopener\">BBDC4<\/a>), outro acionista relevante da empresa.<\/p>\n\n\n\n<p>Al\u00e9m disso, <strong>Durigan<\/strong> ainda contaria com tr\u00eas votos do governo no conselho da Vale: do ex presidente da Previ, Daniel Stieler; do atual, Jo\u00e3o Fukunaga; e o de Andr\u00e9 Viana, representante dos funcion\u00e1rios. <\/p>\n\n\n\n<p>Contudo, diz a publica\u00e7\u00e3o, o bra\u00e7o direito de Fernando Haddad teria que integrar a lista tr\u00edplice de indicados, que ser\u00e1 votada em setembro pelo <a class=\"suno-keyword\" target=\"_blank\" data-force=\"no\" data-priority=\"1\" href=\"https:\/\/www.suno.com.br\/artigos\/conselho-administracao\/\" rel=\"noopener\">conselho de administra\u00e7\u00e3o<\/a>. A entrada de Durigan na lista, diz Jardim, ser\u00e1 outra batalha. <\/p>\n\n\n\n<p>Enquanto isso, segundo o colunista, o presidente da Rep\u00fablica, Luiz In\u00e1cio Lula da Silva, continua &#8220;acompanhando de perto&#8221; o processo de <strong>sucess\u00e3o da Vale<\/strong>.<\/p>\n\n\n\t<p>\n\t\t<a href=\"https:\/\/lp.suno.com.br\/ebook-como-analisar-uma-acao\/\" target=\"_blank\" data-element=\"shortcode-suno-banner\" title=\"Banner SUNO, clique e saiba mais\">\n\t\t\t<picture>\n\t\t\t\t<source media=\"(max-width: 500px)\" srcset=\"https:\/\/files.sunoresearch.com.br\/n\/uploads\/2023\/03\/Ebook-Acoes-Mobile.jpg\">\n\t\t\t\t<img class=\"newsContent__article__imgCapa newsContent__article__imgCapa--banner\"\n\t\t\t\t\tsrc=\"https:\/\/files.sunoresearch.com.br\/n\/uploads\/2023\/03\/Ebook-Acoes-Desktop.jpg\"\n\t\t\t\t\tdata-promo-id=\"378302\"\t\t\t\t\t\t\t\t\t\twidth='1420' height='286'\t\t\t\t\talt=\"https:\/\/files.sunoresearch.com.br\/n\/uploads\/2023\/03\/Ebook-Acoes-Desktop.jpg\"\n\t\t\t\t>\n\t\t\t<\/picture>\n\t\t<\/a>\n\t<\/p>\n\n\n\n\n\n<h2 class=\"wp-block-heading\">Relembre o caso<\/h2>\n\n\n\n<p>De acordo com o colunista Lauro Jardim, do jornal O Globo, o atual secret\u00e1rio-executivo do Minist\u00e9rio da Fazenda, Dario Durigan, est\u00e1 sendo cotado para assumir a presid\u00eancia da Vale (<strong>VALE3<\/strong>).<\/p>\n\n\n\n<p>Dario Durigan, bra\u00e7o direito de Fernando Haddad na pasta, teria sido sondado por conselheiros da mineradora para entrar na corrida da sucess\u00e3o da Vale.<\/p>\n\n\n\n<p>Segundo a publica\u00e7\u00e3o, Durigan tem dito que, apesar do cargo que ocupa, n\u00e3o quer ser visto como candidato do governo. Al\u00e9m disso, teria topado ir adiante nas conversas apenas se houver um consenso em torno do seu nome.<\/p>\n\n\n\n<p>O atual secret\u00e1rio-executivo do Minist\u00e9rio da Fazenda \u00e9 graduado em Direito pela Universidade de S\u00e3o Paulo (USP) e j\u00e1 atuou como diretor de pol\u00edticas p\u00fablicas do WhatsApp no Brasil. Ele integra o <a class=\"suno-keyword\" target=\"_blank\" data-force=\"no\" data-priority=\"1\" href=\"https:\/\/www.suno.com.br\/artigos\/conselho-fiscal\/\" rel=\"noopener\">conselho fiscal<\/a> da <strong>Vale<\/strong> e \u00e9 presidente do conselho de administra\u00e7\u00e3o do <a class=\"suno-keyword\" target=\"_blank\" data-force=\"yes\" data-priority=\"2\" href=\"https:\/\/www.suno.com.br\/acoes\/BBAS3\/\" rel=\"noopener\">Banco do Brasil (BBAS3)<\/a>.<\/p>\n\n\n\t<p>\n\t\t<a href=\"https:\/\/lp.suno.com.br\/planilha-da-vida-financeira\/\" target=\"_blank\" data-element=\"shortcode-suno-banner\" title=\"Banner SUNO, clique e saiba mais\">\n\t\t\t<picture>\n\t\t\t\t<source media=\"(max-width: 500px)\" srcset=\"https:\/\/files.sunoresearch.com.br\/n\/uploads\/2023\/04\/400x300-Planilha-vida-financeira-true.png\">\n\t\t\t\t<img class=\"newsContent__article__imgCapa newsContent__article__imgCapa--banner\"\n\t\t\t\t\tsrc=\"https:\/\/files.sunoresearch.com.br\/n\/uploads\/2023\/04\/1420x240-Planilha-vida-financeira-true.png\"\n\t\t\t\t\tdata-promo-id=\"383123\"\t\t\t\t\t\t\t\t\t\twidth='1420' height='240'\t\t\t\t\talt=\"https:\/\/files.sunoresearch.com.br\/n\/uploads\/2023\/04\/1420x240-Planilha-vida-financeira-true.png\"\n\t\t\t\t>\n\t\t\t<\/picture>\n\t\t<\/a>\n\t<\/p>\n\n\n","protected":false},"excerpt":{"rendered":"<p>Dario Durigan, secret\u00e1rio-executivo do Minist\u00e9rio da Fazenda, tem recebido apoio para assumir a presid\u00eancia da Vale (VALE3), de acordo com o colunista Lauro Jardim, do jornal O Globo. Dario Durigan, cotado para assumir a Vale. Foto: Saulo Cruz\/Ag\u00eancia Senado Segundo a publica\u00e7\u00e3o, Dario Durigan recebeu duas aprova\u00e7\u00f5es importantes: a de Rubens Ometto, dono da Cosan [&hellip;]<\/p>\n","protected":false},"author":376,"featured_media":566870,"comment_status":"closed","ping_status":"closed","sticky":false,"template":"","format":"standard","meta":[],"categories":[64],"tags":[676],"suno_strategy":[],"class_list":["post-567370","post","type-post","status-publish","format-standard","has-post-thumbnail","hentry","category-negocios","tag-vale-vale3"],"yoast_head":"<!-- This site is optimized with the Yoast SEO plugin v24.4 - https:\/\/yoast.com\/wordpress\/plugins\/seo\/ -->\n<title>Vale (VALE3): Dario Durigan tem apoio para assumir presid\u00eancia<\/title>\n<meta name=\"description\" content=\"De acordo com o colunista Lauro Jardim, o atual secret\u00e1rio-executivo da Fazenda tem recebido apoio para assumir o cargo de CEO da Vale.\" \/>\n<meta name=\"robots\" content=\"index, follow, max-snippet:-1, max-image-preview:large, max-video-preview:-1\" \/>\n<link rel=\"canonical\" href=\"https:\/\/www.suno.com.br\/noticias\/vale-vale3-dario-durigan-apoio-presidencia-gss\/\" \/>\n<meta property=\"og:locale\" content=\"pt_BR\" \/>\n<meta property=\"og:type\" content=\"article\" \/>\n<meta property=\"og:title\" content=\"Vale (VALE3): Dario Durigan tem apoio para assumir presid\u00eancia\" \/>\n<meta property=\"og:description\" content=\"De acordo com o colunista Lauro Jardim, o atual secret\u00e1rio-executivo da Fazenda tem recebido apoio para assumir o cargo de CEO da Vale.\" \/>\n<meta property=\"og:url\" content=\"https:\/\/www.suno.com.br\/noticias\/vale-vale3-dario-durigan-apoio-presidencia-gss\/\" \/>\n<meta property=\"og:site_name\" content=\"Suno Not\u00edcias\" \/>\n<meta property=\"article:publisher\" content=\"https:\/\/facebook.com\/sunoresearch\" \/>\n<meta property=\"og:image\" content=\"https:\/\/files.sunoresearch.com.br\/n\/uploads\/2024\/07\/53750669829_140d356315_k.jpg\" \/>\n\t<meta property=\"og:image:width\" content=\"2047\" \/>\n\t<meta property=\"og:image:height\" content=\"1365\" \/>\n\t<meta property=\"og:image:type\" content=\"image\/jpeg\" \/>\n<meta name=\"author\" content=\"Guilherme Serrano\" \/>\n<meta name=\"twitter:card\" content=\"summary_large_image\" \/>\n<meta name=\"twitter:creator\" content=\"@sunoresearch\" \/>\n<meta name=\"twitter:site\" content=\"@sunoresearch\" \/>\n<meta name=\"twitter:label1\" content=\"Escrito por\" \/>\n\t<meta name=\"twitter:data1\" content=\"Guilherme Serrano\" \/>\n\t<meta name=\"twitter:label2\" content=\"Est. tempo de leitura\" \/>\n\t<meta name=\"twitter:data2\" content=\"2 minutos\" \/>\n<script type=\"application\/ld+json\" class=\"yoast-schema-graph\">{\"@context\":\"https:\/\/schema.org\",\"@graph\":[{\"@type\":\"NewsArticle\",\"@id\":\"https:\/\/www.suno.com.br\/noticias\/vale-vale3-dario-durigan-apoio-presidencia-gss\/#article\",\"isPartOf\":{\"@id\":\"https:\/\/www.suno.com.br\/noticias\/vale-vale3-dario-durigan-apoio-presidencia-gss\/\"},\"author\":{\"name\":\"Guilherme Serrano\",\"@id\":\"https:\/\/www.suno.com.br\/noticias\/#\/schema\/person\/d0f07e64bce64aa671feadfb844f04ca\"},\"headline\":\"Dario Durigan tem apoio do Bradesco (BBDC4) e da Cosan (CSAN3) para assumir a Vale (VALE3)\",\"datePublished\":\"2024-07-22T14:27:00+00:00\",\"dateModified\":\"2024-07-22T14:35:07+00:00\",\"mainEntityOfPage\":{\"@id\":\"https:\/\/www.suno.com.br\/noticias\/vale-vale3-dario-durigan-apoio-presidencia-gss\/\"},\"wordCount\":355,\"publisher\":{\"@id\":\"https:\/\/www.suno.com.br\/noticias\/#organization\"},\"image\":{\"@id\":\"https:\/\/www.suno.com.br\/noticias\/vale-vale3-dario-durigan-apoio-presidencia-gss\/#primaryimage\"},\"thumbnailUrl\":\"https:\/\/files.sunoresearch.com.br\/n\/uploads\/2024\/07\/53750669829_140d356315_k.jpg\",\"keywords\":[\"Vale (VALE3)\"],\"articleSection\":[\"Neg\u00f3cios\"],\"inLanguage\":\"pt-BR\"},{\"@type\":\"WebPage\",\"@id\":\"https:\/\/www.suno.com.br\/noticias\/vale-vale3-dario-durigan-apoio-presidencia-gss\/\",\"url\":\"https:\/\/www.suno.com.br\/noticias\/vale-vale3-dario-durigan-apoio-presidencia-gss\/\",\"name\":\"Vale (VALE3): Dario Durigan tem apoio para assumir presid\u00eancia\",\"isPartOf\":{\"@id\":\"https:\/\/www.suno.com.br\/noticias\/#website\"},\"primaryImageOfPage\":{\"@id\":\"https:\/\/www.suno.com.br\/noticias\/vale-vale3-dario-durigan-apoio-presidencia-gss\/#primaryimage\"},\"image\":{\"@id\":\"https:\/\/www.suno.com.br\/noticias\/vale-vale3-dario-durigan-apoio-presidencia-gss\/#primaryimage\"},\"thumbnailUrl\":\"https:\/\/files.sunoresearch.com.br\/n\/uploads\/2024\/07\/53750669829_140d356315_k.jpg\",\"datePublished\":\"2024-07-22T14:27:00+00:00\",\"dateModified\":\"2024-07-22T14:35:07+00:00\",\"description\":\"De acordo com o colunista Lauro Jardim, o atual secret\u00e1rio-executivo da Fazenda tem recebido apoio para assumir o cargo de CEO da Vale.\",\"breadcrumb\":{\"@id\":\"https:\/\/www.suno.com.br\/noticias\/vale-vale3-dario-durigan-apoio-presidencia-gss\/#breadcrumb\"},\"inLanguage\":\"pt-BR\",\"potentialAction\":[{\"@type\":\"ReadAction\",\"target\":[\"https:\/\/www.suno.com.br\/noticias\/vale-vale3-dario-durigan-apoio-presidencia-gss\/\"]}]},{\"@type\":\"ImageObject\",\"inLanguage\":\"pt-BR\",\"@id\":\"https:\/\/www.suno.com.br\/noticias\/vale-vale3-dario-durigan-apoio-presidencia-gss\/#primaryimage\",\"url\":\"https:\/\/files.sunoresearch.com.br\/n\/uploads\/2024\/07\/53750669829_140d356315_k.jpg\",\"contentUrl\":\"https:\/\/files.sunoresearch.com.br\/n\/uploads\/2024\/07\/53750669829_140d356315_k.jpg\",\"width\":2047,\"height\":1365,\"caption\":\"Dario Durigan, cotado para assumir a Vale. Foto: Saulo Cruz\/Ag\u00eancia Senado\"},{\"@type\":\"BreadcrumbList\",\"@id\":\"https:\/\/www.suno.com.br\/noticias\/vale-vale3-dario-durigan-apoio-presidencia-gss\/#breadcrumb\",\"itemListElement\":[{\"@type\":\"ListItem\",\"position\":1,\"name\":\"Not\u00edcias\",\"item\":\"https:\/\/www.suno.com.br\/noticias\/\"},{\"@type\":\"ListItem\",\"position\":2,\"name\":\"Neg\u00f3cios\",\"item\":\"https:\/\/www.suno.com.br\/noticias\/negocios\/\"},{\"@type\":\"ListItem\",\"position\":3,\"name\":\"Dario Durigan tem apoio do Bradesco (BBDC4) e da Cosan (CSAN3) para assumir a Vale (VALE3)\"}]},{\"@type\":\"WebSite\",\"@id\":\"https:\/\/www.suno.com.br\/noticias\/#website\",\"url\":\"https:\/\/www.suno.com.br\/noticias\/\",\"name\":\"Suno Not\u00edcias\",\"description\":\"Seu portal de informa\u00e7\u00e3o sobre o mundo dos investimentos\",\"publisher\":{\"@id\":\"https:\/\/www.suno.com.br\/noticias\/#organization\"},\"potentialAction\":[{\"@type\":\"SearchAction\",\"target\":{\"@type\":\"EntryPoint\",\"urlTemplate\":\"https:\/\/www.suno.com.br\/noticias\/?s={search_term_string}\"},\"query-input\":{\"@type\":\"PropertyValueSpecification\",\"valueRequired\":true,\"valueName\":\"search_term_string\"}}],\"inLanguage\":\"pt-BR\"},{\"@type\":\"Organization\",\"@id\":\"https:\/\/www.suno.com.br\/noticias\/#organization\",\"name\":\"Suno Not\u00edcias\",\"url\":\"https:\/\/www.suno.com.br\/noticias\/\",\"logo\":{\"@type\":\"ImageObject\",\"inLanguage\":\"pt-BR\",\"@id\":\"https:\/\/www.suno.com.br\/noticias\/#\/schema\/logo\/image\/\",\"url\":\"https:\/\/files.sunoresearch.com.br\/n\/uploads\/2021\/09\/suno-logo.png\",\"contentUrl\":\"https:\/\/files.sunoresearch.com.br\/n\/uploads\/2021\/09\/suno-logo.png\",\"width\":180,\"height\":180,\"caption\":\"Suno Not\u00edcias\"},\"image\":{\"@id\":\"https:\/\/www.suno.com.br\/noticias\/#\/schema\/logo\/image\/\"},\"sameAs\":[\"https:\/\/facebook.com\/sunoresearch\",\"https:\/\/x.com\/sunoresearch\",\"https:\/\/www.instagram.com\/suno\",\"https:\/\/www.linkedin.com\/company\/suno-research\/\",\"https:\/\/www.youtube.com\/c\/sunoresearch\"]},{\"@type\":\"Person\",\"@id\":\"https:\/\/www.suno.com.br\/noticias\/#\/schema\/person\/d0f07e64bce64aa671feadfb844f04ca\",\"name\":\"Guilherme Serrano\",\"image\":{\"@type\":\"ImageObject\",\"inLanguage\":\"pt-BR\",\"@id\":\"https:\/\/www.suno.com.br\/noticias\/#\/schema\/person\/image\/\",\"url\":\"https:\/\/secure.gravatar.com\/avatar\/a90be19d8c67bef61497e4522de30ac4?s=96&r=g\",\"contentUrl\":\"https:\/\/secure.gravatar.com\/avatar\/a90be19d8c67bef61497e4522de30ac4?s=96&r=g\",\"caption\":\"Guilherme Serrano\"},\"description\":\"Jornalista formado pela Faculdade C\u00e1sper L\u00edbero e p\u00f3s-graduado em Can\u00e7\u00e3o Popular pela Faculdade Santa Marcelina. Passagens por R\u00e1dio Gazeta AM, gazetaesportiva.com e TC R\u00e1dio.\",\"url\":\"https:\/\/www.suno.com.br\/noticias\/author\/guilherme-silvasuno-com-br\/\"}]}<\/script>\n<!-- \/ Yoast SEO plugin. -->","yoast_head_json":{"title":"Vale (VALE3): Dario Durigan tem apoio para assumir presid\u00eancia","description":"De acordo com o colunista Lauro Jardim, o atual secret\u00e1rio-executivo da Fazenda tem recebido apoio para assumir o cargo de CEO da Vale.","robots":{"index":"index","follow":"follow","max-snippet":"max-snippet:-1","max-image-preview":"max-image-preview:large","max-video-preview":"max-video-preview:-1"},"canonical":"https:\/\/www.suno.com.br\/noticias\/vale-vale3-dario-durigan-apoio-presidencia-gss\/","og_locale":"pt_BR","og_type":"article","og_title":"Vale (VALE3): Dario Durigan tem apoio para assumir presid\u00eancia","og_description":"De acordo com o colunista Lauro Jardim, o atual secret\u00e1rio-executivo da Fazenda tem recebido apoio para assumir o cargo de CEO da Vale.","og_url":"https:\/\/www.suno.com.br\/noticias\/vale-vale3-dario-durigan-apoio-presidencia-gss\/","og_site_name":"Suno Not\u00edcias","article_publisher":"https:\/\/facebook.com\/sunoresearch","og_image":[{"width":2047,"height":1365,"url":"https:\/\/files.sunoresearch.com.br\/n\/uploads\/2024\/07\/53750669829_140d356315_k.jpg","type":"image\/jpeg"}],"author":"Guilherme Serrano","twitter_card":"summary_large_image","twitter_creator":"@sunoresearch","twitter_site":"@sunoresearch","twitter_misc":{"Escrito por":"Guilherme Serrano","Est. tempo de leitura":"2 minutos"},"schema":{"@context":"https:\/\/schema.org","@graph":[{"@type":"NewsArticle","@id":"https:\/\/www.suno.com.br\/noticias\/vale-vale3-dario-durigan-apoio-presidencia-gss\/#article","isPartOf":{"@id":"https:\/\/www.suno.com.br\/noticias\/vale-vale3-dario-durigan-apoio-presidencia-gss\/"},"author":{"name":"Guilherme Serrano","@id":"https:\/\/www.suno.com.br\/noticias\/#\/schema\/person\/d0f07e64bce64aa671feadfb844f04ca"},"headline":"Dario Durigan tem apoio do Bradesco (BBDC4) e da Cosan (CSAN3) para assumir a Vale (VALE3)","datePublished":"2024-07-22T14:27:00+00:00","dateModified":"2024-07-22T14:35:07+00:00","mainEntityOfPage":{"@id":"https:\/\/www.suno.com.br\/noticias\/vale-vale3-dario-durigan-apoio-presidencia-gss\/"},"wordCount":355,"publisher":{"@id":"https:\/\/www.suno.com.br\/noticias\/#organization"},"image":{"@id":"https:\/\/www.suno.com.br\/noticias\/vale-vale3-dario-durigan-apoio-presidencia-gss\/#primaryimage"},"thumbnailUrl":"https:\/\/files.sunoresearch.com.br\/n\/uploads\/2024\/07\/53750669829_140d356315_k.jpg","keywords":["Vale (VALE3)"],"articleSection":["Neg\u00f3cios"],"inLanguage":"pt-BR"},{"@type":"WebPage","@id":"https:\/\/www.suno.com.br\/noticias\/vale-vale3-dario-durigan-apoio-presidencia-gss\/","url":"https:\/\/www.suno.com.br\/noticias\/vale-vale3-dario-durigan-apoio-presidencia-gss\/","name":"Vale (VALE3): Dario Durigan tem apoio para assumir presid\u00eancia","isPartOf":{"@id":"https:\/\/www.suno.com.br\/noticias\/#website"},"primaryImageOfPage":{"@id":"https:\/\/www.suno.com.br\/noticias\/vale-vale3-dario-durigan-apoio-presidencia-gss\/#primaryimage"},"image":{"@id":"https:\/\/www.suno.com.br\/noticias\/vale-vale3-dario-durigan-apoio-presidencia-gss\/#primaryimage"},"thumbnailUrl":"https:\/\/files.sunoresearch.com.br\/n\/uploads\/2024\/07\/53750669829_140d356315_k.jpg","datePublished":"2024-07-22T14:27:00+00:00","dateModified":"2024-07-22T14:35:07+00:00","description":"De acordo com o colunista Lauro Jardim, o atual secret\u00e1rio-executivo da Fazenda tem recebido apoio para assumir o cargo de CEO da Vale.","breadcrumb":{"@id":"https:\/\/www.suno.com.br\/noticias\/vale-vale3-dario-durigan-apoio-presidencia-gss\/#breadcrumb"},"inLanguage":"pt-BR","potentialAction":[{"@type":"ReadAction","target":["https:\/\/www.suno.com.br\/noticias\/vale-vale3-dario-durigan-apoio-presidencia-gss\/"]}]},{"@type":"ImageObject","inLanguage":"pt-BR","@id":"https:\/\/www.suno.com.br\/noticias\/vale-vale3-dario-durigan-apoio-presidencia-gss\/#primaryimage","url":"https:\/\/files.sunoresearch.com.br\/n\/uploads\/2024\/07\/53750669829_140d356315_k.jpg","contentUrl":"https:\/\/files.sunoresearch.com.br\/n\/uploads\/2024\/07\/53750669829_140d356315_k.jpg","width":2047,"height":1365,"caption":"Dario Durigan, cotado para assumir a Vale. Foto: Saulo Cruz\/Ag\u00eancia Senado"},{"@type":"BreadcrumbList","@id":"https:\/\/www.suno.com.br\/noticias\/vale-vale3-dario-durigan-apoio-presidencia-gss\/#breadcrumb","itemListElement":[{"@type":"ListItem","position":1,"name":"Not\u00edcias","item":"https:\/\/www.suno.com.br\/noticias\/"},{"@type":"ListItem","position":2,"name":"Neg\u00f3cios","item":"https:\/\/www.suno.com.br\/noticias\/negocios\/"},{"@type":"ListItem","position":3,"name":"Dario Durigan tem apoio do Bradesco (BBDC4) e da Cosan (CSAN3) para assumir a Vale (VALE3)"}]},{"@type":"WebSite","@id":"https:\/\/www.suno.com.br\/noticias\/#website","url":"https:\/\/www.suno.com.br\/noticias\/","name":"Suno Not\u00edcias","description":"Seu portal de informa\u00e7\u00e3o sobre o mundo dos investimentos","publisher":{"@id":"https:\/\/www.suno.com.br\/noticias\/#organization"},"potentialAction":[{"@type":"SearchAction","target":{"@type":"EntryPoint","urlTemplate":"https:\/\/www.suno.com.br\/noticias\/?s={search_term_string}"},"query-input":{"@type":"PropertyValueSpecification","valueRequired":true,"valueName":"search_term_string"}}],"inLanguage":"pt-BR"},{"@type":"Organization","@id":"https:\/\/www.suno.com.br\/noticias\/#organization","name":"Suno Not\u00edcias","url":"https:\/\/www.suno.com.br\/noticias\/","logo":{"@type":"ImageObject","inLanguage":"pt-BR","@id":"https:\/\/www.suno.com.br\/noticias\/#\/schema\/logo\/image\/","url":"https:\/\/files.sunoresearch.com.br\/n\/uploads\/2021\/09\/suno-logo.png","contentUrl":"https:\/\/files.sunoresearch.com.br\/n\/uploads\/2021\/09\/suno-logo.png","width":180,"height":180,"caption":"Suno Not\u00edcias"},"image":{"@id":"https:\/\/www.suno.com.br\/noticias\/#\/schema\/logo\/image\/"},"sameAs":["https:\/\/facebook.com\/sunoresearch","https:\/\/x.com\/sunoresearch","https:\/\/www.instagram.com\/suno","https:\/\/www.linkedin.com\/company\/suno-research\/","https:\/\/www.youtube.com\/c\/sunoresearch"]},{"@type":"Person","@id":"https:\/\/www.suno.com.br\/noticias\/#\/schema\/person\/d0f07e64bce64aa671feadfb844f04ca","name":"Guilherme Serrano","image":{"@type":"ImageObject","inLanguage":"pt-BR","@id":"https:\/\/www.suno.com.br\/noticias\/#\/schema\/person\/image\/","url":"https:\/\/secure.gravatar.com\/avatar\/a90be19d8c67bef61497e4522de30ac4?s=96&r=g","contentUrl":"https:\/\/secure.gravatar.com\/avatar\/a90be19d8c67bef61497e4522de30ac4?s=96&r=g","caption":"Guilherme Serrano"},"description":"Jornalista formado pela Faculdade C\u00e1sper L\u00edbero e p\u00f3s-graduado em Can\u00e7\u00e3o Popular pela Faculdade Santa Marcelina. Passagens por R\u00e1dio Gazeta AM, gazetaesportiva.com e TC R\u00e1dio.","url":"https:\/\/www.suno.com.br\/noticias\/author\/guilherme-silvasuno-com-br\/"}]}},"default_loop_html":"<div class=\"cardsPage__listCard__boxs\"><div class=\"cardsPage__listCard__boxs__img\"><a href=\"https:\/\/www.suno.com.br\/noticias\/vale-vale3-dario-durigan-apoio-presidencia-gss\/\"><img class=\"mask\" src=\"https:\/\/www.suno.com.br\/noticias\/wp-content\/themes\/suno\/resources\/images\/spotlight\/spotlight1img\/bg-mask.png\" alt=\"Image Mask\"\/><img src=\"https:\/\/files.sunoresearch.com.br\/n\/uploads\/2024\/07\/53750669829_140d356315_k-400x200.jpg\" alt=\"Dario Durigan tem apoio do Bradesco (BBDC4) e da Cosan (CSAN3) para assumir a Vale (VALE3)\"\/><\/a><span class=\"spotlightCategory\"><a href=\"https:\/\/www.suno.com.br\/noticias\/negocios\/\">Neg\u00f3cios<\/a><\/span><\/div><div class=\"cardsPage__listCard__boxs__content\"><a href=\"https:\/\/www.suno.com.br\/noticias\/vale-vale3-dario-durigan-apoio-presidencia-gss\/\"><h2 class=\"content__title\">Dario Durigan tem apoio do Bradesco (BBDC4) e da Cosan (CSAN3) para assumir a Vale (VALE3)<\/h2><\/a><div class=\"newsContent__article__meta\"><div class=\"newsContent__article__meta__authorBox\"><a href=\"https:\/\/www.suno.com.br\/noticias\/author\/guilherme-silvasuno-com-br\/\" class=\"authorBox__avatar noMobi\"><img src=\"https:\/\/secure.gravatar.com\/avatar\/a90be19d8c67bef61497e4522de30ac4?s=96&#038;r=g\" alt=\"Guilherme Serrano\"><\/a><div class=\"authorBox__name\"><span>por\n\t\t\t<a href=\"https:\/\/www.suno.com.br\/noticias\/author\/guilherme-silvasuno-com-br\/\"><span itemprop=\"author\">Guilherme Serrano<\/span><\/a><\/span><time datetime=\"2024-07-22T11:27:00-03:00\" itemprop=\"datePublished\">22\/07\/2024 11:27<\/time><\/div><\/div><\/div><\/div><\/div>","single_layout":"posts","amp_enabled":true,"_links":{"self":[{"href":"https:\/\/www.suno.com.br\/noticias\/wp-json\/wp\/v2\/posts\/567370"}],"collection":[{"href":"https:\/\/www.suno.com.br\/noticias\/wp-json\/wp\/v2\/posts"}],"about":[{"href":"https:\/\/www.suno.com.br\/noticias\/wp-json\/wp\/v2\/types\/post"}],"author":[{"embeddable":true,"href":"https:\/\/www.suno.com.br\/noticias\/wp-json\/wp\/v2\/users\/376"}],"replies":[{"embeddable":true,"href":"https:\/\/www.suno.com.br\/noticias\/wp-json\/wp\/v2\/comments?post=567370"}],"version-history":[{"count":2,"href":"https:\/\/www.suno.com.br\/noticias\/wp-json\/wp\/v2\/posts\/567370\/revisions"}],"predecessor-version":[{"id":567374,"href":"https:\/\/www.suno.com.br\/noticias\/wp-json\/wp\/v2\/posts\/567370\/revisions\/567374"}],"wp:featuredmedia":[{"embeddable":true,"href":"https:\/\/www.suno.com.br\/noticias\/wp-json\/wp\/v2\/media\/566870"}],"wp:attachment":[{"href":"https:\/\/www.suno.com.br\/noticias\/wp-json\/wp\/v2\/media?parent=567370"}],"wp:term":[{"taxonomy":"category","embeddable":true,"href":"https:\/\/www.suno.com.br\/noticias\/wp-json\/wp\/v2\/categories?post=567370"},{"taxonomy":"post_tag","embeddable":true,"href":"https:\/\/www.suno.com.br\/noticias\/wp-json\/wp\/v2\/tags?post=567370"},{"taxonomy":"suno_strategy","embeddable":true,"href":"https:\/\/www.suno.com.br\/noticias\/wp-json\/wp\/v2\/suno_strategy?post=567370"}],"curies":[{"name":"wp","href":"https:\/\/api.w.org\/{rel}","templated":true}]}}