{"id":567194,"date":"2024-07-19T16:49:28","date_gmt":"2024-07-19T19:49:28","guid":{"rendered":"https:\/\/www.suno.com.br\/noticias\/?p=567194"},"modified":"2024-07-19T16:49:33","modified_gmt":"2024-07-19T19:49:33","slug":"dividendos-da-eletrobras-elet3-podem-subir-apos-venda-da-participacao-na-isa-cteep-trpl4","status":"publish","type":"post","link":"https:\/\/www.suno.com.br\/noticias\/dividendos-da-eletrobras-elet3-podem-subir-apos-venda-da-participacao-na-isa-cteep-trpl4\/","title":{"rendered":"Dividendos da Eletrobras (ELET3) podem subir ap\u00f3s venda da participa\u00e7\u00e3o na ISA Cteep (TRPL4)?"},"content":{"rendered":"<p>Nesta quinta-feira (18), a <strong>Eletrobras<\/strong> (<a class=\"suno-keyword\" data-force=\"yes\" data-priority=\"2\" href=\"https:\/\/www.suno.com.br\/analitica\/acoes\/elet3\/\" target=\"_blank\" rel=\"noopener\">ELET3<\/a>) precificou a oferta das a\u00e7\u00f5es que det\u00e9m na <a class=\"suno-keyword\" data-force=\"yes\" data-priority=\"2\" href=\"https:\/\/www.suno.com.br\/acoes\/TRPL4\/\" target=\"_blank\" rel=\"noopener\">ISA Cteep (<\/a><a class=\"suno-keyword\" data-force=\"yes\" data-priority=\"2\" href=\"https:\/\/www.suno.com.br\/analitica\/acoes\/trpl4\/\" target=\"_blank\" rel=\"noopener\">TRPL4<\/a>). E de acordo com o Goldman Sachs, o movimento pode se refletir no percentual de <a class=\"suno-keyword\" data-force=\"no\" data-priority=\"1\" href=\"https:\/\/www.suno.com.br\/guias\/dividendos\/\" target=\"_blank\" rel=\"noopener\">dividendos<\/a> a serem pagos pela ex-estatal.<\/p>\t<div class=\"wrapper-featured-image\">\n\t\t<figure class=\"spotlightImg\">\n\n\t\t\t<picture>\n\t\t\t\t<source media=\"(max-width: 768px)\" srcset=\"https:\/\/files.sunoresearch.com.br\/n\/uploads\/2021\/02\/c3b3f26a-eletrobras-400x200.webp\">\n\t\t\t\t<img loading=\"lazy\" decoding=\"async\" class=\"newsContent__article__imgCapa lazyloadDisabled \" src=\"https:\/\/files.sunoresearch.com.br\/n\/uploads\/2021\/02\/c3b3f26a-eletrobras-800x450.webp\" width=\"800\" height=\"450\" alt=\"Dividendos da Eletrobras (ELET3) podem subir ap\u00f3s venda da participa\u00e7\u00e3o na ISA Cteep (TRPL4)?\" fetchpriority=high \/>\n\t\t\t<\/picture>\n\n\t\t\t<figcaption class=\"wp-caption-text wp-caption-text--show\">Eletrobras (ELET3). Foto: Divulga\u00e7\u00e3o.<\/figcaption>\n\t\t<\/figure>\n\t<\/div>\n\n\n\n\n\n\n\n\t<p>\n\t\t<a href=\"\" target=\"_blank\" data-element=\"shortcode-suno-banner\" title=\"Banner SUNO, clique e saiba mais\">\n\t\t\t<picture>\n\t\t\t\t<source media=\"(max-width: 500px)\" srcset=\"\">\n\t\t\t\t<img class=\"newsContent__article__imgCapa newsContent__article__imgCapa--banner\"\n\t\t\t\t\tsrc=\"\"\n\t\t\t\t\tdata-promo-id=\"89005\"\t\t\t\t\t\t\t\t\t\t\t\t\t\t\talt=\"\"\n\t\t\t\t>\n\t\t\t<\/picture>\n\t\t<\/a>\n\t<\/p>\n\n\n\n\n\n<p>De acordo com os analistas da casa, a venda de parte da fatia da Eletrobras na <strong>ISA Cteep<\/strong> \u00e9 positiva para a <strong>ELET<\/strong>, ainda que j\u00e1 fosse esperada. Al\u00e9m disso, os <strong>dividendos da Eletrobras<\/strong> podem subir daqui para frente.<\/p>\n\n\n\n<p>\u201cPensamos que este \u00e9 um desenvolvimento positivo, pois representa mais um passo na dire\u00e7\u00e3o da simplifica\u00e7\u00e3o da estrutura societ\u00e1ria, al\u00e9m de aumentar a liquidez da empresa. E, potencialmente, pode gerar <strong>dividendos<\/strong> mais elevados no futuro\u201d, diz o Goldman Sachs.<\/p>\n\n\n\n<p>Por outro lado, a casa pondera que, antes de aumentar os dividendos, a companhia precisa resolver algumas quest\u00f5es pendentes, como a potencial antecipa\u00e7\u00e3o da CDE (Conta de Desenvolvimento Energ\u00e9tico) e a redu\u00e7\u00e3o da parcela de capacidade n\u00e3o contratada.<\/p>\n\n\n\n<p>O Goldman Sachs tem recomenda\u00e7\u00e3o de compra para as <strong>a\u00e7\u00f5es da Eletrobras<\/strong>, com <a class=\"suno-keyword\" target=\"_blank\" data-force=\"no\" data-priority=\"1\" href=\"https:\/\/www.suno.com.br\/artigos\/preco-alvo\/\" rel=\"noopener\">pre\u00e7o alvo<\/a> de R$ 54 para <strong>ELET3<\/strong> e de R$ 60 para <strong>ELET6<\/strong>.<\/p>\n\n\n\n<p>Antes da precifica\u00e7\u00e3o, a Genial Investimentos j\u00e1 havia divulgado um relat\u00f3rio citando essa possibilidade de aumento nos dividendos da el\u00e9trica.<\/p>\n\n\n\n<p>A casa afirma que o evento \u00e9 positivo para as a\u00e7\u00f5es da Eletrobras, ainda que n\u00e3o traga um impacto transformacional para a tese. Os analistas destacam que a venda ocorre em meio a uma grande reformula\u00e7\u00e3o do portf\u00f3lio da empresa, que j\u00e1 vem se desenhando desde antes da sua privatiza\u00e7\u00e3o.<\/p>\n\n\n\n<p>Os dividendos da Eletrobras podem ser beneficiados da venda da participa\u00e7\u00e3o na ISA Cteep, diz a Genial, uma vez que os recursos obtidos com a oferta podem ser destinados aos proventos.<\/p>\n\n\n\t<p>\n\t\t<a href=\"https:\/\/lp.suno.com.br\/minicurso-investindo-fiis\/\" target=\"_blank\" data-element=\"shortcode-suno-banner\" title=\"Banner SUNO, clique e saiba mais\">\n\t\t\t<picture>\n\t\t\t\t<source media=\"(max-width: 500px)\" srcset=\"https:\/\/files.sunoresearch.com.br\/n\/uploads\/2023\/03\/400x300-Minicurso-FIIS.png\">\n\t\t\t\t<img class=\"newsContent__article__imgCapa newsContent__article__imgCapa--banner\"\n\t\t\t\t\tsrc=\"https:\/\/files.sunoresearch.com.br\/n\/uploads\/2023\/03\/1420x240-Minicurso-FIIS.png\"\n\t\t\t\t\tdata-promo-id=\"383125\"\t\t\t\t\t\t\t\t\t\twidth='1420' height='240'\t\t\t\t\talt=\"https:\/\/files.sunoresearch.com.br\/n\/uploads\/2023\/03\/1420x240-Minicurso-FIIS.png\"\n\t\t\t\t>\n\t\t\t<\/picture>\n\t\t<\/a>\n\t<\/p>\n\n\n\n\n\n<h2 class=\"wp-block-heading\">Veja detalhes da precifica\u00e7\u00e3o<\/h2>\n\n\n\n<p>Nesta quinta-feira (18), a <a class=\"suno-keyword\" target=\"_blank\" data-force=\"yes\" data-priority=\"2\" href=\"https:\/\/www.suno.com.br\/acoes\/ELET3\/\" rel=\"noopener\">Eletrobras (ELET3)<\/a> fixou o pre\u00e7o da oferta das a\u00e7\u00f5es que det\u00e9m na ISA Cteep (<strong>TRPL4<\/strong>) a R$ 23,50 por papel. A opera\u00e7\u00e3o movimentou, ao todo, R$ 2,185 bilh\u00f5es.<\/p>\n\n\n\n<p>O pre\u00e7o por a\u00e7\u00e3o da ISA Cteep ficou abaixo do patamar de R$ 26,06 no qual o papel fechou nesta quinta-feira.<\/p>\n\n\n\n<p>Ao todo, a Eletrobras vendeu 93 milh\u00f5es de <strong>a\u00e7\u00f5es da ISA Cteep<\/strong>, incluindo o lote adicional de 33 milh\u00f5es de pap\u00e9is.<\/p>\n\n\n\n<p>A liquida\u00e7\u00e3o da oferta est\u00e1 marcada para a pr\u00f3xima ter\u00e7a-feira, dia 23 de julho. Depois disso, a Eletrobras passar\u00e1 a deter 117.399.836 <a class=\"suno-keyword\" target=\"_blank\" data-force=\"no\" data-priority=\"1\" href=\"https:\/\/www.suno.com.br\/artigos\/acoes-preferenciais\/\" rel=\"noopener\">a\u00e7\u00f5es preferenciais<\/a> e 25.106.829 <a class=\"suno-keyword\" target=\"_blank\" data-force=\"no\" data-priority=\"1\" href=\"https:\/\/www.suno.com.br\/artigos\/o-que-sao-acoes-ordinarias-preferenciais-e-units\/\" rel=\"noopener\">a\u00e7\u00f5es ordin\u00e1rias<\/a> de emiss\u00e3o da companhia, o que representa 21,62% do capital social total da Transmissora Paulista.<\/p>\n\n\n\n<p>Antes da venda, a ELET detinha 25,1 milh\u00f5es de a\u00e7\u00f5es ordin\u00e1rias (<a class=\"suno-keyword\" target=\"_blank\" data-force=\"yes\" data-priority=\"2\" href=\"https:\/\/www.suno.com.br\/analitica\/acoes\/trpl3\/\" rel=\"noopener\">TRPL3<\/a>) e 210,3 milh\u00f5es de a\u00e7\u00f5es ordin\u00e1rias (TRPL4), o que representava uma participa\u00e7\u00e3o total de 35,7% na empresa.<\/p>\n\n\n\n<p>O movimento ocorre em linha com a estrat\u00e9gia da <strong>Eletrobras<\/strong> de simplificar o seu portf\u00f3lio a partir da venda de participa\u00e7\u00f5es minorit\u00e1rias e n\u00e3o estrat\u00e9gicas.<\/p>\n\n\n\t<p>\n\t\t<a href=\"https:\/\/lp.suno.com.br\/planilha-da-vida-financeira\/\" target=\"_blank\" data-element=\"shortcode-suno-banner\" title=\"Banner SUNO, clique e saiba mais\">\n\t\t\t<picture>\n\t\t\t\t<source media=\"(max-width: 500px)\" srcset=\"https:\/\/files.sunoresearch.com.br\/n\/uploads\/2023\/04\/400x300-Planilha-vida-financeira-true.png\">\n\t\t\t\t<img class=\"newsContent__article__imgCapa newsContent__article__imgCapa--banner\"\n\t\t\t\t\tsrc=\"https:\/\/files.sunoresearch.com.br\/n\/uploads\/2023\/04\/1420x240-Planilha-vida-financeira-true.png\"\n\t\t\t\t\tdata-promo-id=\"383123\"\t\t\t\t\t\t\t\t\t\twidth='1420' height='240'\t\t\t\t\talt=\"https:\/\/files.sunoresearch.com.br\/n\/uploads\/2023\/04\/1420x240-Planilha-vida-financeira-true.png\"\n\t\t\t\t>\n\t\t\t<\/picture>\n\t\t<\/a>\n\t<\/p>\n\n\n","protected":false},"excerpt":{"rendered":"<p>Nesta quinta-feira (18), a Eletrobras (ELET3) precificou a oferta das a\u00e7\u00f5es que det\u00e9m na ISA Cteep (TRPL4). E de acordo com o Goldman Sachs, o movimento pode se refletir no percentual de dividendos a serem pagos pela ex-estatal. Eletrobras (ELET3). Foto: Divulga\u00e7\u00e3o. De acordo com os analistas da casa, a venda de parte da fatia [&hellip;]<\/p>\n","protected":false},"author":376,"featured_media":125973,"comment_status":"closed","ping_status":"closed","sticky":false,"template":"","format":"standard","meta":[],"categories":[64],"tags":[295,455],"suno_strategy":[],"class_list":["post-567194","post","type-post","status-publish","format-standard","has-post-thumbnail","hentry","category-negocios","tag-dividendos","tag-eletrobras-elet3-elet5-elet6"],"yoast_head":"<!-- This site is optimized with the Yoast SEO plugin v24.4 - https:\/\/yoast.com\/wordpress\/plugins\/seo\/ -->\n<title>Eletrobras (ELET3): dividendos podem subir?<\/title>\n<meta name=\"description\" content=\"Ap\u00f3s a Eletrobras precificar a oferta das a\u00e7\u00f5es da ISA Cteep (TRPL4), o Goldman Sachs citou a possibilidade de alta nos dividendos.\" \/>\n<meta name=\"robots\" content=\"index, follow, max-snippet:-1, max-image-preview:large, max-video-preview:-1\" \/>\n<link rel=\"canonical\" href=\"https:\/\/www.suno.com.br\/noticias\/dividendos-da-eletrobras-elet3-podem-subir-apos-venda-da-participacao-na-isa-cteep-trpl4\/\" \/>\n<meta property=\"og:locale\" content=\"pt_BR\" \/>\n<meta property=\"og:type\" content=\"article\" \/>\n<meta property=\"og:title\" content=\"Eletrobras (ELET3): dividendos podem subir?\" \/>\n<meta property=\"og:description\" content=\"Ap\u00f3s a Eletrobras precificar a oferta das a\u00e7\u00f5es da ISA Cteep (TRPL4), o Goldman Sachs citou a possibilidade de alta nos dividendos.\" \/>\n<meta property=\"og:url\" content=\"https:\/\/www.suno.com.br\/noticias\/dividendos-da-eletrobras-elet3-podem-subir-apos-venda-da-participacao-na-isa-cteep-trpl4\/\" \/>\n<meta property=\"og:site_name\" content=\"Suno Not\u00edcias\" \/>\n<meta property=\"article:publisher\" content=\"https:\/\/facebook.com\/sunoresearch\" \/>\n<meta property=\"og:image\" content=\"https:\/\/files.sunoresearch.com.br\/n\/uploads\/2021\/02\/c3b3f26a-eletrobras.jpg\" \/>\n\t<meta property=\"og:image:width\" content=\"1200\" \/>\n\t<meta property=\"og:image:height\" content=\"800\" \/>\n\t<meta property=\"og:image:type\" content=\"image\/jpeg\" \/>\n<meta name=\"author\" content=\"Guilherme Serrano\" \/>\n<meta name=\"twitter:card\" content=\"summary_large_image\" \/>\n<meta name=\"twitter:creator\" content=\"@sunoresearch\" \/>\n<meta name=\"twitter:site\" content=\"@sunoresearch\" \/>\n<meta name=\"twitter:label1\" content=\"Escrito por\" \/>\n\t<meta name=\"twitter:data1\" content=\"Guilherme Serrano\" \/>\n\t<meta name=\"twitter:label2\" content=\"Est. tempo de leitura\" \/>\n\t<meta name=\"twitter:data2\" content=\"3 minutos\" \/>\n<script type=\"application\/ld+json\" class=\"yoast-schema-graph\">{\"@context\":\"https:\/\/schema.org\",\"@graph\":[{\"@type\":\"NewsArticle\",\"@id\":\"https:\/\/www.suno.com.br\/noticias\/dividendos-da-eletrobras-elet3-podem-subir-apos-venda-da-participacao-na-isa-cteep-trpl4\/#article\",\"isPartOf\":{\"@id\":\"https:\/\/www.suno.com.br\/noticias\/dividendos-da-eletrobras-elet3-podem-subir-apos-venda-da-participacao-na-isa-cteep-trpl4\/\"},\"author\":{\"name\":\"Guilherme Serrano\",\"@id\":\"https:\/\/www.suno.com.br\/noticias\/#\/schema\/person\/d0f07e64bce64aa671feadfb844f04ca\"},\"headline\":\"Dividendos da Eletrobras (ELET3) podem subir ap\u00f3s venda da participa\u00e7\u00e3o na ISA Cteep (TRPL4)?\",\"datePublished\":\"2024-07-19T19:49:28+00:00\",\"dateModified\":\"2024-07-19T19:49:33+00:00\",\"mainEntityOfPage\":{\"@id\":\"https:\/\/www.suno.com.br\/noticias\/dividendos-da-eletrobras-elet3-podem-subir-apos-venda-da-participacao-na-isa-cteep-trpl4\/\"},\"wordCount\":518,\"publisher\":{\"@id\":\"https:\/\/www.suno.com.br\/noticias\/#organization\"},\"image\":{\"@id\":\"https:\/\/www.suno.com.br\/noticias\/dividendos-da-eletrobras-elet3-podem-subir-apos-venda-da-participacao-na-isa-cteep-trpl4\/#primaryimage\"},\"thumbnailUrl\":\"https:\/\/files.sunoresearch.com.br\/n\/uploads\/2021\/02\/c3b3f26a-eletrobras-jpg.webp\",\"keywords\":[\"dividendos\",\"Eletrobras (ELET3\/ELET5\/ELET6)\"],\"articleSection\":[\"Neg\u00f3cios\"],\"inLanguage\":\"pt-BR\"},{\"@type\":\"WebPage\",\"@id\":\"https:\/\/www.suno.com.br\/noticias\/dividendos-da-eletrobras-elet3-podem-subir-apos-venda-da-participacao-na-isa-cteep-trpl4\/\",\"url\":\"https:\/\/www.suno.com.br\/noticias\/dividendos-da-eletrobras-elet3-podem-subir-apos-venda-da-participacao-na-isa-cteep-trpl4\/\",\"name\":\"Eletrobras (ELET3): dividendos podem subir?\",\"isPartOf\":{\"@id\":\"https:\/\/www.suno.com.br\/noticias\/#website\"},\"primaryImageOfPage\":{\"@id\":\"https:\/\/www.suno.com.br\/noticias\/dividendos-da-eletrobras-elet3-podem-subir-apos-venda-da-participacao-na-isa-cteep-trpl4\/#primaryimage\"},\"image\":{\"@id\":\"https:\/\/www.suno.com.br\/noticias\/dividendos-da-eletrobras-elet3-podem-subir-apos-venda-da-participacao-na-isa-cteep-trpl4\/#primaryimage\"},\"thumbnailUrl\":\"https:\/\/files.sunoresearch.com.br\/n\/uploads\/2021\/02\/c3b3f26a-eletrobras-jpg.webp\",\"datePublished\":\"2024-07-19T19:49:28+00:00\",\"dateModified\":\"2024-07-19T19:49:33+00:00\",\"description\":\"Ap\u00f3s a Eletrobras precificar a oferta das a\u00e7\u00f5es da ISA Cteep (TRPL4), o Goldman Sachs citou a possibilidade de alta nos dividendos.\",\"breadcrumb\":{\"@id\":\"https:\/\/www.suno.com.br\/noticias\/dividendos-da-eletrobras-elet3-podem-subir-apos-venda-da-participacao-na-isa-cteep-trpl4\/#breadcrumb\"},\"inLanguage\":\"pt-BR\",\"potentialAction\":[{\"@type\":\"ReadAction\",\"target\":[\"https:\/\/www.suno.com.br\/noticias\/dividendos-da-eletrobras-elet3-podem-subir-apos-venda-da-participacao-na-isa-cteep-trpl4\/\"]}]},{\"@type\":\"ImageObject\",\"inLanguage\":\"pt-BR\",\"@id\":\"https:\/\/www.suno.com.br\/noticias\/dividendos-da-eletrobras-elet3-podem-subir-apos-venda-da-participacao-na-isa-cteep-trpl4\/#primaryimage\",\"url\":\"https:\/\/files.sunoresearch.com.br\/n\/uploads\/2021\/02\/c3b3f26a-eletrobras-jpg.webp\",\"contentUrl\":\"https:\/\/files.sunoresearch.com.br\/n\/uploads\/2021\/02\/c3b3f26a-eletrobras-jpg.webp\",\"width\":1200,\"height\":800,\"caption\":\"Eletrobras (ELET3). Foto: Divulga\u00e7\u00e3o.\"},{\"@type\":\"BreadcrumbList\",\"@id\":\"https:\/\/www.suno.com.br\/noticias\/dividendos-da-eletrobras-elet3-podem-subir-apos-venda-da-participacao-na-isa-cteep-trpl4\/#breadcrumb\",\"itemListElement\":[{\"@type\":\"ListItem\",\"position\":1,\"name\":\"Not\u00edcias\",\"item\":\"https:\/\/www.suno.com.br\/noticias\/\"},{\"@type\":\"ListItem\",\"position\":2,\"name\":\"Neg\u00f3cios\",\"item\":\"https:\/\/www.suno.com.br\/noticias\/negocios\/\"},{\"@type\":\"ListItem\",\"position\":3,\"name\":\"Dividendos da Eletrobras (ELET3) podem subir ap\u00f3s venda da participa\u00e7\u00e3o na ISA Cteep (TRPL4)?\"}]},{\"@type\":\"WebSite\",\"@id\":\"https:\/\/www.suno.com.br\/noticias\/#website\",\"url\":\"https:\/\/www.suno.com.br\/noticias\/\",\"name\":\"Suno Not\u00edcias\",\"description\":\"Seu portal de informa\u00e7\u00e3o sobre o mundo dos investimentos\",\"publisher\":{\"@id\":\"https:\/\/www.suno.com.br\/noticias\/#organization\"},\"potentialAction\":[{\"@type\":\"SearchAction\",\"target\":{\"@type\":\"EntryPoint\",\"urlTemplate\":\"https:\/\/www.suno.com.br\/noticias\/?s={search_term_string}\"},\"query-input\":{\"@type\":\"PropertyValueSpecification\",\"valueRequired\":true,\"valueName\":\"search_term_string\"}}],\"inLanguage\":\"pt-BR\"},{\"@type\":\"Organization\",\"@id\":\"https:\/\/www.suno.com.br\/noticias\/#organization\",\"name\":\"Suno Not\u00edcias\",\"url\":\"https:\/\/www.suno.com.br\/noticias\/\",\"logo\":{\"@type\":\"ImageObject\",\"inLanguage\":\"pt-BR\",\"@id\":\"https:\/\/www.suno.com.br\/noticias\/#\/schema\/logo\/image\/\",\"url\":\"https:\/\/files.sunoresearch.com.br\/n\/uploads\/2021\/09\/suno-logo.png\",\"contentUrl\":\"https:\/\/files.sunoresearch.com.br\/n\/uploads\/2021\/09\/suno-logo.png\",\"width\":180,\"height\":180,\"caption\":\"Suno Not\u00edcias\"},\"image\":{\"@id\":\"https:\/\/www.suno.com.br\/noticias\/#\/schema\/logo\/image\/\"},\"sameAs\":[\"https:\/\/facebook.com\/sunoresearch\",\"https:\/\/x.com\/sunoresearch\",\"https:\/\/www.instagram.com\/suno\",\"https:\/\/www.linkedin.com\/company\/suno-research\/\",\"https:\/\/www.youtube.com\/c\/sunoresearch\"]},{\"@type\":\"Person\",\"@id\":\"https:\/\/www.suno.com.br\/noticias\/#\/schema\/person\/d0f07e64bce64aa671feadfb844f04ca\",\"name\":\"Guilherme Serrano\",\"image\":{\"@type\":\"ImageObject\",\"inLanguage\":\"pt-BR\",\"@id\":\"https:\/\/www.suno.com.br\/noticias\/#\/schema\/person\/image\/\",\"url\":\"https:\/\/secure.gravatar.com\/avatar\/a90be19d8c67bef61497e4522de30ac4?s=96&r=g\",\"contentUrl\":\"https:\/\/secure.gravatar.com\/avatar\/a90be19d8c67bef61497e4522de30ac4?s=96&r=g\",\"caption\":\"Guilherme Serrano\"},\"description\":\"Jornalista formado pela Faculdade C\u00e1sper L\u00edbero e p\u00f3s-graduado em Can\u00e7\u00e3o Popular pela Faculdade Santa Marcelina. Passagens por R\u00e1dio Gazeta AM, gazetaesportiva.com e TC R\u00e1dio.\",\"url\":\"https:\/\/www.suno.com.br\/noticias\/author\/guilherme-silvasuno-com-br\/\"}]}<\/script>\n<!-- \/ Yoast SEO plugin. -->","yoast_head_json":{"title":"Eletrobras (ELET3): dividendos podem subir?","description":"Ap\u00f3s a Eletrobras precificar a oferta das a\u00e7\u00f5es da ISA Cteep (TRPL4), o Goldman Sachs citou a possibilidade de alta nos dividendos.","robots":{"index":"index","follow":"follow","max-snippet":"max-snippet:-1","max-image-preview":"max-image-preview:large","max-video-preview":"max-video-preview:-1"},"canonical":"https:\/\/www.suno.com.br\/noticias\/dividendos-da-eletrobras-elet3-podem-subir-apos-venda-da-participacao-na-isa-cteep-trpl4\/","og_locale":"pt_BR","og_type":"article","og_title":"Eletrobras (ELET3): dividendos podem subir?","og_description":"Ap\u00f3s a Eletrobras precificar a oferta das a\u00e7\u00f5es da ISA Cteep (TRPL4), o Goldman Sachs citou a possibilidade de alta nos dividendos.","og_url":"https:\/\/www.suno.com.br\/noticias\/dividendos-da-eletrobras-elet3-podem-subir-apos-venda-da-participacao-na-isa-cteep-trpl4\/","og_site_name":"Suno Not\u00edcias","article_publisher":"https:\/\/facebook.com\/sunoresearch","og_image":[{"width":1200,"height":800,"url":"https:\/\/files.sunoresearch.com.br\/n\/uploads\/2021\/02\/c3b3f26a-eletrobras.jpg","type":"image\/jpeg"}],"author":"Guilherme Serrano","twitter_card":"summary_large_image","twitter_creator":"@sunoresearch","twitter_site":"@sunoresearch","twitter_misc":{"Escrito por":"Guilherme Serrano","Est. tempo de leitura":"3 minutos"},"schema":{"@context":"https:\/\/schema.org","@graph":[{"@type":"NewsArticle","@id":"https:\/\/www.suno.com.br\/noticias\/dividendos-da-eletrobras-elet3-podem-subir-apos-venda-da-participacao-na-isa-cteep-trpl4\/#article","isPartOf":{"@id":"https:\/\/www.suno.com.br\/noticias\/dividendos-da-eletrobras-elet3-podem-subir-apos-venda-da-participacao-na-isa-cteep-trpl4\/"},"author":{"name":"Guilherme Serrano","@id":"https:\/\/www.suno.com.br\/noticias\/#\/schema\/person\/d0f07e64bce64aa671feadfb844f04ca"},"headline":"Dividendos da Eletrobras (ELET3) podem subir ap\u00f3s venda da participa\u00e7\u00e3o na ISA Cteep (TRPL4)?","datePublished":"2024-07-19T19:49:28+00:00","dateModified":"2024-07-19T19:49:33+00:00","mainEntityOfPage":{"@id":"https:\/\/www.suno.com.br\/noticias\/dividendos-da-eletrobras-elet3-podem-subir-apos-venda-da-participacao-na-isa-cteep-trpl4\/"},"wordCount":518,"publisher":{"@id":"https:\/\/www.suno.com.br\/noticias\/#organization"},"image":{"@id":"https:\/\/www.suno.com.br\/noticias\/dividendos-da-eletrobras-elet3-podem-subir-apos-venda-da-participacao-na-isa-cteep-trpl4\/#primaryimage"},"thumbnailUrl":"https:\/\/files.sunoresearch.com.br\/n\/uploads\/2021\/02\/c3b3f26a-eletrobras-jpg.webp","keywords":["dividendos","Eletrobras (ELET3\/ELET5\/ELET6)"],"articleSection":["Neg\u00f3cios"],"inLanguage":"pt-BR"},{"@type":"WebPage","@id":"https:\/\/www.suno.com.br\/noticias\/dividendos-da-eletrobras-elet3-podem-subir-apos-venda-da-participacao-na-isa-cteep-trpl4\/","url":"https:\/\/www.suno.com.br\/noticias\/dividendos-da-eletrobras-elet3-podem-subir-apos-venda-da-participacao-na-isa-cteep-trpl4\/","name":"Eletrobras (ELET3): dividendos podem subir?","isPartOf":{"@id":"https:\/\/www.suno.com.br\/noticias\/#website"},"primaryImageOfPage":{"@id":"https:\/\/www.suno.com.br\/noticias\/dividendos-da-eletrobras-elet3-podem-subir-apos-venda-da-participacao-na-isa-cteep-trpl4\/#primaryimage"},"image":{"@id":"https:\/\/www.suno.com.br\/noticias\/dividendos-da-eletrobras-elet3-podem-subir-apos-venda-da-participacao-na-isa-cteep-trpl4\/#primaryimage"},"thumbnailUrl":"https:\/\/files.sunoresearch.com.br\/n\/uploads\/2021\/02\/c3b3f26a-eletrobras-jpg.webp","datePublished":"2024-07-19T19:49:28+00:00","dateModified":"2024-07-19T19:49:33+00:00","description":"Ap\u00f3s a Eletrobras precificar a oferta das a\u00e7\u00f5es da ISA Cteep (TRPL4), o Goldman Sachs citou a possibilidade de alta nos dividendos.","breadcrumb":{"@id":"https:\/\/www.suno.com.br\/noticias\/dividendos-da-eletrobras-elet3-podem-subir-apos-venda-da-participacao-na-isa-cteep-trpl4\/#breadcrumb"},"inLanguage":"pt-BR","potentialAction":[{"@type":"ReadAction","target":["https:\/\/www.suno.com.br\/noticias\/dividendos-da-eletrobras-elet3-podem-subir-apos-venda-da-participacao-na-isa-cteep-trpl4\/"]}]},{"@type":"ImageObject","inLanguage":"pt-BR","@id":"https:\/\/www.suno.com.br\/noticias\/dividendos-da-eletrobras-elet3-podem-subir-apos-venda-da-participacao-na-isa-cteep-trpl4\/#primaryimage","url":"https:\/\/files.sunoresearch.com.br\/n\/uploads\/2021\/02\/c3b3f26a-eletrobras-jpg.webp","contentUrl":"https:\/\/files.sunoresearch.com.br\/n\/uploads\/2021\/02\/c3b3f26a-eletrobras-jpg.webp","width":1200,"height":800,"caption":"Eletrobras (ELET3). Foto: Divulga\u00e7\u00e3o."},{"@type":"BreadcrumbList","@id":"https:\/\/www.suno.com.br\/noticias\/dividendos-da-eletrobras-elet3-podem-subir-apos-venda-da-participacao-na-isa-cteep-trpl4\/#breadcrumb","itemListElement":[{"@type":"ListItem","position":1,"name":"Not\u00edcias","item":"https:\/\/www.suno.com.br\/noticias\/"},{"@type":"ListItem","position":2,"name":"Neg\u00f3cios","item":"https:\/\/www.suno.com.br\/noticias\/negocios\/"},{"@type":"ListItem","position":3,"name":"Dividendos da Eletrobras (ELET3) podem subir ap\u00f3s venda da participa\u00e7\u00e3o na ISA Cteep (TRPL4)?"}]},{"@type":"WebSite","@id":"https:\/\/www.suno.com.br\/noticias\/#website","url":"https:\/\/www.suno.com.br\/noticias\/","name":"Suno Not\u00edcias","description":"Seu portal de informa\u00e7\u00e3o sobre o mundo dos investimentos","publisher":{"@id":"https:\/\/www.suno.com.br\/noticias\/#organization"},"potentialAction":[{"@type":"SearchAction","target":{"@type":"EntryPoint","urlTemplate":"https:\/\/www.suno.com.br\/noticias\/?s={search_term_string}"},"query-input":{"@type":"PropertyValueSpecification","valueRequired":true,"valueName":"search_term_string"}}],"inLanguage":"pt-BR"},{"@type":"Organization","@id":"https:\/\/www.suno.com.br\/noticias\/#organization","name":"Suno Not\u00edcias","url":"https:\/\/www.suno.com.br\/noticias\/","logo":{"@type":"ImageObject","inLanguage":"pt-BR","@id":"https:\/\/www.suno.com.br\/noticias\/#\/schema\/logo\/image\/","url":"https:\/\/files.sunoresearch.com.br\/n\/uploads\/2021\/09\/suno-logo.png","contentUrl":"https:\/\/files.sunoresearch.com.br\/n\/uploads\/2021\/09\/suno-logo.png","width":180,"height":180,"caption":"Suno Not\u00edcias"},"image":{"@id":"https:\/\/www.suno.com.br\/noticias\/#\/schema\/logo\/image\/"},"sameAs":["https:\/\/facebook.com\/sunoresearch","https:\/\/x.com\/sunoresearch","https:\/\/www.instagram.com\/suno","https:\/\/www.linkedin.com\/company\/suno-research\/","https:\/\/www.youtube.com\/c\/sunoresearch"]},{"@type":"Person","@id":"https:\/\/www.suno.com.br\/noticias\/#\/schema\/person\/d0f07e64bce64aa671feadfb844f04ca","name":"Guilherme Serrano","image":{"@type":"ImageObject","inLanguage":"pt-BR","@id":"https:\/\/www.suno.com.br\/noticias\/#\/schema\/person\/image\/","url":"https:\/\/secure.gravatar.com\/avatar\/a90be19d8c67bef61497e4522de30ac4?s=96&r=g","contentUrl":"https:\/\/secure.gravatar.com\/avatar\/a90be19d8c67bef61497e4522de30ac4?s=96&r=g","caption":"Guilherme Serrano"},"description":"Jornalista formado pela Faculdade C\u00e1sper L\u00edbero e p\u00f3s-graduado em Can\u00e7\u00e3o Popular pela Faculdade Santa Marcelina. Passagens por R\u00e1dio Gazeta AM, gazetaesportiva.com e TC R\u00e1dio.","url":"https:\/\/www.suno.com.br\/noticias\/author\/guilherme-silvasuno-com-br\/"}]}},"default_loop_html":"<div class=\"cardsPage__listCard__boxs\"><div class=\"cardsPage__listCard__boxs__img\"><a href=\"https:\/\/www.suno.com.br\/noticias\/dividendos-da-eletrobras-elet3-podem-subir-apos-venda-da-participacao-na-isa-cteep-trpl4\/\"><img class=\"mask\" src=\"https:\/\/www.suno.com.br\/noticias\/wp-content\/themes\/suno\/resources\/images\/spotlight\/spotlight1img\/bg-mask.png\" alt=\"Image Mask\"\/><img src=\"https:\/\/files.sunoresearch.com.br\/n\/uploads\/2021\/02\/c3b3f26a-eletrobras-400x200.webp\" alt=\"Dividendos da Eletrobras (ELET3) podem subir ap\u00f3s venda da participa\u00e7\u00e3o na ISA Cteep (TRPL4)?\"\/><\/a><span class=\"spotlightCategory\"><a href=\"https:\/\/www.suno.com.br\/noticias\/negocios\/\">Neg\u00f3cios<\/a><\/span><\/div><div class=\"cardsPage__listCard__boxs__content\"><a href=\"https:\/\/www.suno.com.br\/noticias\/dividendos-da-eletrobras-elet3-podem-subir-apos-venda-da-participacao-na-isa-cteep-trpl4\/\"><h2 class=\"content__title\">Dividendos da Eletrobras (ELET3) podem subir ap\u00f3s venda da participa\u00e7\u00e3o na ISA Cteep (TRPL4)?<\/h2><\/a><div class=\"newsContent__article__meta\"><div class=\"newsContent__article__meta__authorBox\"><a href=\"https:\/\/www.suno.com.br\/noticias\/author\/guilherme-silvasuno-com-br\/\" class=\"authorBox__avatar noMobi\"><img src=\"https:\/\/secure.gravatar.com\/avatar\/a90be19d8c67bef61497e4522de30ac4?s=96&#038;r=g\" alt=\"Guilherme Serrano\"><\/a><div class=\"authorBox__name\"><span>por\n\t\t\t<a href=\"https:\/\/www.suno.com.br\/noticias\/author\/guilherme-silvasuno-com-br\/\"><span itemprop=\"author\">Guilherme Serrano<\/span><\/a><\/span><time datetime=\"2024-07-19T16:49:28-03:00\" itemprop=\"datePublished\">19\/07\/2024 16:49<\/time><\/div><\/div><\/div><\/div><\/div>","single_layout":"posts","amp_enabled":true,"_links":{"self":[{"href":"https:\/\/www.suno.com.br\/noticias\/wp-json\/wp\/v2\/posts\/567194"}],"collection":[{"href":"https:\/\/www.suno.com.br\/noticias\/wp-json\/wp\/v2\/posts"}],"about":[{"href":"https:\/\/www.suno.com.br\/noticias\/wp-json\/wp\/v2\/types\/post"}],"author":[{"embeddable":true,"href":"https:\/\/www.suno.com.br\/noticias\/wp-json\/wp\/v2\/users\/376"}],"replies":[{"embeddable":true,"href":"https:\/\/www.suno.com.br\/noticias\/wp-json\/wp\/v2\/comments?post=567194"}],"version-history":[{"count":3,"href":"https:\/\/www.suno.com.br\/noticias\/wp-json\/wp\/v2\/posts\/567194\/revisions"}],"predecessor-version":[{"id":567204,"href":"https:\/\/www.suno.com.br\/noticias\/wp-json\/wp\/v2\/posts\/567194\/revisions\/567204"}],"wp:featuredmedia":[{"embeddable":true,"href":"https:\/\/www.suno.com.br\/noticias\/wp-json\/wp\/v2\/media\/125973"}],"wp:attachment":[{"href":"https:\/\/www.suno.com.br\/noticias\/wp-json\/wp\/v2\/media?parent=567194"}],"wp:term":[{"taxonomy":"category","embeddable":true,"href":"https:\/\/www.suno.com.br\/noticias\/wp-json\/wp\/v2\/categories?post=567194"},{"taxonomy":"post_tag","embeddable":true,"href":"https:\/\/www.suno.com.br\/noticias\/wp-json\/wp\/v2\/tags?post=567194"},{"taxonomy":"suno_strategy","embeddable":true,"href":"https:\/\/www.suno.com.br\/noticias\/wp-json\/wp\/v2\/suno_strategy?post=567194"}],"curies":[{"name":"wp","href":"https:\/\/api.w.org\/{rel}","templated":true}]}}