{"id":56718,"date":"2020-03-15T18:26:53","date_gmt":"2020-03-15T21:26:53","guid":{"rendered":"https:\/\/www.suno.com.br\/noticias\/?p=56718"},"modified":"2021-06-13T23:38:27","modified_gmt":"2021-06-14T02:38:27","slug":"fed-anuncia-corte-da-taxa-de-juros","status":"publish","type":"post","link":"https:\/\/www.suno.com.br\/noticias\/fed-anuncia-corte-da-taxa-de-juros\/","title":{"rendered":"Fed anuncia corte da taxa de juros para 0% e divulga plano de est\u00edmulos"},"content":{"rendered":"<p>O <a href=\"https:\/\/www.suno.com.br\/artigos\/fed\/\">Federal Reserve (<strong>Fed<\/strong>)<\/a>, banco central dos Estados Unidos, de forma emergencial anunciou, neste domingo (15), um corte na sua taxa de juros, mantendo-a entre 0% e 0,25%.<\/p>\t<div class=\"wrapper-featured-image\">\n\t\t<figure class=\"spotlightImg\">\n\n\t\t\t<picture>\n\t\t\t\t<source media=\"(max-width: 768px)\" srcset=\"https:\/\/files.sunoresearch.com.br\/n\/uploads\/2020\/03\/f0da3679-fed-400x200.webp\">\n\t\t\t\t<img loading=\"lazy\" decoding=\"async\" class=\"newsContent__article__imgCapa lazyloadDisabled newsContent__article__imgCapa--noCaption\" src=\"https:\/\/files.sunoresearch.com.br\/n\/uploads\/2020\/03\/f0da3679-fed-800x450.webp\" width=\"800\" height=\"450\" alt=\"Fed anuncia corte da taxa de juros para 0% e divulga plano de est\u00edmulos\" fetchpriority=high \/>\n\t\t\t<\/picture>\n\n\t\t\t<figcaption class=\"wp-caption-text wp-caption-text--hide\">Sede do Federal Reserve (Fed) em Washington D.C.<\/figcaption>\n\t\t<\/figure>\n\t<\/div>\n\n\n\n<p>A autoridade monet\u00e1ria central norte-americana tamb\u00e9m anunciou um pacote de est\u00edmulos \u00e0 economia por conta do avan\u00e7o do <strong>coronav\u00edrus<\/strong> (Covid-19). Por meio de <a href=\"https:\/\/www.suno.com.br\/artigos\/quantitative-easing\/\"><em>Quantitative Easing (QE)<\/em><\/a>, o Fed ir\u00e1 injetar US$ 700 bilh\u00f5es (R$ 3,40 trilh\u00f5es) para sustentar a atividade econ\u00f4mica da maior pot\u00eancia do planeta.<\/p>\n<p>Ser\u00e3o comprados US$ 500 bilh\u00f5es em t\u00edtulos do Tesouro e US$ 200 bilh\u00f5es em valores hipotec\u00e1rios.<\/p>\n<p>Esse \u00e9 o segundo corte na taxa de juros do banco central estadunidense em menos de duas semanas. No dia 3 de mar\u00e7o, antes da reuni\u00e3o agendada, o Fed havia cortado a<a href=\"https:\/\/www.suno.com.br\/artigos\/taxa-de-juros\/\"> taxa de juros<\/a> para 1,0% e 1,25%.<\/p>\n<p><a href=\"https:\/\/www.suno.com.br\/nossas-assinaturas\/suno-premium\/\">Bolsa em queda livre!? Aproveita as maiores oportunidades da bolsa brasileira com nosso acesso Suno Premium<\/a><\/p>\n<div class=\"mc-column content-text active-extra-styles \" data-block-type=\"unstyled\" data-block-weight=\"38\" data-block-id=\"3\">\n<p class=\"content-text__container \" data-track-category=\"Link no Texto\" data-track-links=\"\">No comunicado divulgado neste domingo, o Fed disse que &#8220;est\u00e1 monitorando cuidadosamente os mercados de cr\u00e9dito e est\u00e1 preparado para usar toda a sua gama de ferramentas para apoiar o fluxo de cr\u00e9dito para fam\u00edlias e empresas&#8221;.<\/p>\n<p data-track-category=\"Link no Texto\" data-track-links=\"\">No in\u00edcio deste m\u00eas, o banco central dos EUA j\u00e1 havia dito que \u201co coronav\u00edrus apresenta riscos crescentes para a atividade econ\u00f4mica&#8221;.<\/p>\n<p>Ap\u00f3s o an\u00fancio do Fed , o presidente norte-americano, <a href=\"https:\/\/www.suno.com.br\/tudo-sobre\/donald-trump\/\">Donald Trump<\/a>, parabenizou a iniciativa, a considerando &#8220;formid\u00e1vel&#8221;. O mandat\u00e1rio vinha criticando a autoridade monet\u00e1ria do pa\u00eds sistematicamente, solicitando novos cortes na taxa de juros.<\/p>\n\t<p>\n\t\t<a href=\"https:\/\/lp.suno.com.br\/asset\/fundos\/suno-fiagro-snag11\/\" target=\"_blank\" data-element=\"shortcode-suno-banner\" title=\"Banner SUNO, clique e saiba mais\">\n\t\t\t<picture>\n\t\t\t\t<source media=\"(max-width: 500px)\" srcset=\"https:\/\/files.sunoresearch.com.br\/n\/uploads\/2024\/03\/400x300-Mobile-Artigos-1_SNAG.png\">\n\t\t\t\t<img class=\"newsContent__article__imgCapa newsContent__article__imgCapa--banner\"\n\t\t\t\t\tsrc=\"https:\/\/files.sunoresearch.com.br\/n\/uploads\/2024\/03\/1420x240-Banner-Artigos-1-_-Banner-Materias-1_SNAG.png\"\n\t\t\t\t\tdata-promo-id=\"364416\"\t\t\t\t\t\t\t\t\t\twidth='1420' height='240'\t\t\t\t\talt=\"https:\/\/files.sunoresearch.com.br\/n\/uploads\/2024\/03\/1420x240-Banner-Artigos-1-_-Banner-Materias-1_SNAG.png\"\n\t\t\t\t>\n\t\t\t<\/picture>\n\t\t<\/a>\n\t<\/p>\n\n\n<p>Na \u00faltima ter\u00e7a-feira (10), Trump, em sua conta pessoal do Twitter, endossou o seu pedido para que a <a href=\"https:\/\/www.suno.com.br\/artigos\/politica-monetaria\/\">pol\u00edtica monet\u00e1ria<\/a> fosse flexibilizada para apoiar a economia do pa\u00eds.<\/p>\n<p>Para ele, o Fed, comandado por <strong><a href=\"https:\/\/www.suno.com.br\/tudo-sobre\/jerome-powell\/\">Jerome Powell<\/a><\/strong>, estava sendo &#8220;lento para agir, ap\u00f3s ter elevado os juros muito r\u00e1pido e os reduzindo muito devagar&#8221;. O presidente ressalta que a taxa de juros dos Estados Unidos deveria ser compat\u00edvel com o n\u00edvel das na\u00e7\u00f5es concorrentes.<\/p>\n<p class=\"twitter-tweet\">\n<p dir=\"ltr\" lang=\"en\">Our pathetic, slow moving Federal Reserve, headed by Jay Powell, who raised rates too fast and lowered too late, should get our Fed Rate down to the levels of our competitor nations. They now have as much as a two point advantage, with even bigger currency help. Also, stimulate!<\/p>\n<p>\u2014 Donald J. Trump (@realDonaldTrump) <a href=\"https:\/\/twitter.com\/realDonaldTrump\/status\/1237377697917140992?ref_src=twsrc%5Etfw\">March 10, 2020<\/a><\/p>\n<p><script async src=\"https:\/\/platform.twitter.com\/widgets.js\" charset=\"utf-8\"><\/script><\/p>\n<\/div>\n<p>Na \u00faltima quinta-feira (12), o <a href=\"https:\/\/www.suno.com.br\/artigos\/bce\/\">Banco Central Europeu (BCE)<\/a> tamb\u00e9m anunciou um pacote est\u00edmulos para dar suporte ao setor financeiro, com o intuito de reduzir os <a href=\"https:\/\/www.youtube.com\/watch?v=0snRYzfHan0\">impactos do v\u00edrus que assola o mundo<\/a>.<\/p>\n<p>O pacote inclui uma rodada adicional de opera\u00e7\u00f5es de refinanciamento de longo prazo (TLTRO, na sigla em ingl\u00eas), condi\u00e7\u00f5es mais favor\u00e1veis a esses empr\u00e9stimos e um programa adicional de recompra de ativos, a exemplo do <strong>Fed<\/strong>. Esta \u00faltima medida prev\u00ea o desembolso de 120 bilh\u00f5es de euros (R$ 667,34 bilh\u00f5es).<\/p>\n\n","protected":false},"excerpt":{"rendered":"<p>O Federal Reserve (Fed), banco central dos Estados Unidos, de forma emergencial anunciou, neste domingo (15), um corte na sua taxa de juros, mantendo-a entre 0% e 0,25%. Sede do Federal Reserve (Fed) em Washington D.C. A autoridade monet\u00e1ria central norte-americana tamb\u00e9m anunciou um pacote de est\u00edmulos \u00e0 economia por conta do avan\u00e7o do coronav\u00edrus [&hellip;]<\/p>\n","protected":false},"author":24,"featured_media":54759,"comment_status":"closed","ping_status":"closed","sticky":false,"template":"","format":"standard","meta":[],"categories":[63],"tags":[793,776,1752],"suno_strategy":[],"class_list":["post-56718","post","type-post","status-publish","format-standard","has-post-thumbnail","hentry","category-internacional","tag-estados-unidos-eua","tag-federal-reseve-fed","tag-taxa-de-juros"],"yoast_head":"<!-- This site is optimized with the Yoast SEO plugin v24.4 - https:\/\/yoast.com\/wordpress\/plugins\/seo\/ -->\n<title>Fed anuncia corte da taxa de juros para 0% e divulga plano de est\u00edmulos<\/title>\n<meta name=\"description\" content=\"O Federal Reserve (Fed), banco central dos EUA, de forma emergencial anunciou, neste domingo, um corte na sua taxa de juros. Saiba mais.\" \/>\n<meta name=\"robots\" content=\"index, follow, max-snippet:-1, max-image-preview:large, max-video-preview:-1\" \/>\n<link rel=\"canonical\" href=\"https:\/\/www.suno.com.br\/noticias\/fed-anuncia-corte-da-taxa-de-juros\/\" \/>\n<meta property=\"og:locale\" content=\"pt_BR\" \/>\n<meta property=\"og:type\" content=\"article\" \/>\n<meta property=\"og:title\" content=\"Fed anuncia corte da taxa de juros para 0% e divulga plano de est\u00edmulos\" \/>\n<meta property=\"og:description\" content=\"O Federal Reserve (Fed), banco central dos EUA, de forma emergencial anunciou, neste domingo, um corte na sua taxa de juros. Saiba mais.\" \/>\n<meta property=\"og:url\" content=\"https:\/\/www.suno.com.br\/noticias\/fed-anuncia-corte-da-taxa-de-juros\/\" \/>\n<meta property=\"og:site_name\" content=\"Suno Not\u00edcias\" \/>\n<meta property=\"article:publisher\" content=\"https:\/\/facebook.com\/sunoresearch\" \/>\n<meta property=\"og:image\" content=\"https:\/\/files.sunoresearch.com.br\/n\/uploads\/2020\/03\/f0da3679-fed.jpg\" \/>\n\t<meta property=\"og:image:width\" content=\"2112\" \/>\n\t<meta property=\"og:image:height\" content=\"1260\" \/>\n\t<meta property=\"og:image:type\" content=\"image\/jpeg\" \/>\n<meta name=\"author\" content=\"Jader Lazarini\" \/>\n<meta name=\"twitter:card\" content=\"summary_large_image\" \/>\n<meta name=\"twitter:creator\" content=\"@sunoresearch\" \/>\n<meta name=\"twitter:site\" content=\"@sunoresearch\" \/>\n<meta name=\"twitter:label1\" content=\"Escrito por\" \/>\n\t<meta name=\"twitter:data1\" content=\"Jader Lazarini\" \/>\n\t<meta name=\"twitter:label2\" content=\"Est. tempo de leitura\" \/>\n\t<meta name=\"twitter:data2\" content=\"2 minutos\" \/>\n<script type=\"application\/ld+json\" class=\"yoast-schema-graph\">{\"@context\":\"https:\/\/schema.org\",\"@graph\":[{\"@type\":\"NewsArticle\",\"@id\":\"https:\/\/www.suno.com.br\/noticias\/fed-anuncia-corte-da-taxa-de-juros\/#article\",\"isPartOf\":{\"@id\":\"https:\/\/www.suno.com.br\/noticias\/fed-anuncia-corte-da-taxa-de-juros\/\"},\"author\":{\"name\":\"Jader Lazarini\",\"@id\":\"https:\/\/www.suno.com.br\/noticias\/#\/schema\/person\/918d79de1f0281f01599b93f9ea6e23f\"},\"headline\":\"Fed anuncia corte da taxa de juros para 0% e divulga plano de est\u00edmulos\",\"datePublished\":\"2020-03-15T21:26:53+00:00\",\"dateModified\":\"2021-06-14T02:38:27+00:00\",\"mainEntityOfPage\":{\"@id\":\"https:\/\/www.suno.com.br\/noticias\/fed-anuncia-corte-da-taxa-de-juros\/\"},\"wordCount\":504,\"publisher\":{\"@id\":\"https:\/\/www.suno.com.br\/noticias\/#organization\"},\"image\":{\"@id\":\"https:\/\/www.suno.com.br\/noticias\/fed-anuncia-corte-da-taxa-de-juros\/#primaryimage\"},\"thumbnailUrl\":\"https:\/\/files.sunoresearch.com.br\/n\/uploads\/2020\/03\/f0da3679-fed-jpg.webp\",\"keywords\":[\"Estados Unidos (EUA)\",\"Federal Reserve (FED)\",\"taxa de juros\"],\"articleSection\":[\"Internacional\"],\"inLanguage\":\"pt-BR\"},{\"@type\":\"WebPage\",\"@id\":\"https:\/\/www.suno.com.br\/noticias\/fed-anuncia-corte-da-taxa-de-juros\/\",\"url\":\"https:\/\/www.suno.com.br\/noticias\/fed-anuncia-corte-da-taxa-de-juros\/\",\"name\":\"Fed anuncia corte da taxa de juros para 0% e divulga plano de est\u00edmulos\",\"isPartOf\":{\"@id\":\"https:\/\/www.suno.com.br\/noticias\/#website\"},\"primaryImageOfPage\":{\"@id\":\"https:\/\/www.suno.com.br\/noticias\/fed-anuncia-corte-da-taxa-de-juros\/#primaryimage\"},\"image\":{\"@id\":\"https:\/\/www.suno.com.br\/noticias\/fed-anuncia-corte-da-taxa-de-juros\/#primaryimage\"},\"thumbnailUrl\":\"https:\/\/files.sunoresearch.com.br\/n\/uploads\/2020\/03\/f0da3679-fed-jpg.webp\",\"datePublished\":\"2020-03-15T21:26:53+00:00\",\"dateModified\":\"2021-06-14T02:38:27+00:00\",\"description\":\"O Federal Reserve (Fed), banco central dos EUA, de forma emergencial anunciou, neste domingo, um corte na sua taxa de juros. Saiba mais.\",\"breadcrumb\":{\"@id\":\"https:\/\/www.suno.com.br\/noticias\/fed-anuncia-corte-da-taxa-de-juros\/#breadcrumb\"},\"inLanguage\":\"pt-BR\",\"potentialAction\":[{\"@type\":\"ReadAction\",\"target\":[\"https:\/\/www.suno.com.br\/noticias\/fed-anuncia-corte-da-taxa-de-juros\/\"]}]},{\"@type\":\"ImageObject\",\"inLanguage\":\"pt-BR\",\"@id\":\"https:\/\/www.suno.com.br\/noticias\/fed-anuncia-corte-da-taxa-de-juros\/#primaryimage\",\"url\":\"https:\/\/files.sunoresearch.com.br\/n\/uploads\/2020\/03\/f0da3679-fed-jpg.webp\",\"contentUrl\":\"https:\/\/files.sunoresearch.com.br\/n\/uploads\/2020\/03\/f0da3679-fed-jpg.webp\",\"width\":2112,\"height\":1260,\"caption\":\"Sede do Federal Reserve (Fed) em Washington D.C.\"},{\"@type\":\"BreadcrumbList\",\"@id\":\"https:\/\/www.suno.com.br\/noticias\/fed-anuncia-corte-da-taxa-de-juros\/#breadcrumb\",\"itemListElement\":[{\"@type\":\"ListItem\",\"position\":1,\"name\":\"Not\u00edcias\",\"item\":\"https:\/\/www.suno.com.br\/noticias\/\"},{\"@type\":\"ListItem\",\"position\":2,\"name\":\"Internacional\",\"item\":\"https:\/\/www.suno.com.br\/noticias\/internacional\/\"},{\"@type\":\"ListItem\",\"position\":3,\"name\":\"Fed anuncia corte da taxa de juros para 0% e divulga plano de est\u00edmulos\"}]},{\"@type\":\"WebSite\",\"@id\":\"https:\/\/www.suno.com.br\/noticias\/#website\",\"url\":\"https:\/\/www.suno.com.br\/noticias\/\",\"name\":\"Suno Not\u00edcias\",\"description\":\"Seu portal de informa\u00e7\u00e3o sobre o mundo dos investimentos\",\"publisher\":{\"@id\":\"https:\/\/www.suno.com.br\/noticias\/#organization\"},\"potentialAction\":[{\"@type\":\"SearchAction\",\"target\":{\"@type\":\"EntryPoint\",\"urlTemplate\":\"https:\/\/www.suno.com.br\/noticias\/?s={search_term_string}\"},\"query-input\":{\"@type\":\"PropertyValueSpecification\",\"valueRequired\":true,\"valueName\":\"search_term_string\"}}],\"inLanguage\":\"pt-BR\"},{\"@type\":\"Organization\",\"@id\":\"https:\/\/www.suno.com.br\/noticias\/#organization\",\"name\":\"Suno Not\u00edcias\",\"url\":\"https:\/\/www.suno.com.br\/noticias\/\",\"logo\":{\"@type\":\"ImageObject\",\"inLanguage\":\"pt-BR\",\"@id\":\"https:\/\/www.suno.com.br\/noticias\/#\/schema\/logo\/image\/\",\"url\":\"https:\/\/files.sunoresearch.com.br\/n\/uploads\/2021\/09\/suno-logo.png\",\"contentUrl\":\"https:\/\/files.sunoresearch.com.br\/n\/uploads\/2021\/09\/suno-logo.png\",\"width\":180,\"height\":180,\"caption\":\"Suno Not\u00edcias\"},\"image\":{\"@id\":\"https:\/\/www.suno.com.br\/noticias\/#\/schema\/logo\/image\/\"},\"sameAs\":[\"https:\/\/facebook.com\/sunoresearch\",\"https:\/\/x.com\/sunoresearch\",\"https:\/\/www.instagram.com\/suno\",\"https:\/\/www.linkedin.com\/company\/suno-research\/\",\"https:\/\/www.youtube.com\/c\/sunoresearch\"]},{\"@type\":\"Person\",\"@id\":\"https:\/\/www.suno.com.br\/noticias\/#\/schema\/person\/918d79de1f0281f01599b93f9ea6e23f\",\"name\":\"Jader Lazarini\",\"image\":{\"@type\":\"ImageObject\",\"inLanguage\":\"pt-BR\",\"@id\":\"https:\/\/www.suno.com.br\/noticias\/#\/schema\/person\/image\/\",\"url\":\"https:\/\/secure.gravatar.com\/avatar\/3c1ad8caa51589841baeb923fcddea97?s=96&r=g\",\"contentUrl\":\"https:\/\/secure.gravatar.com\/avatar\/3c1ad8caa51589841baeb923fcddea97?s=96&r=g\",\"caption\":\"Jader Lazarini\"},\"description\":\"Jader Lazarini escreve sobre investimentos, finan\u00e7as, economia e neg\u00f3cios. \u00c9 bacharel em Rela\u00e7\u00f5es Internacionais e analista CNPI (2619).\",\"url\":\"https:\/\/www.suno.com.br\/noticias\/author\/jader-lazarini\/\"}]}<\/script>\n<!-- \/ Yoast SEO plugin. -->","yoast_head_json":{"title":"Fed anuncia corte da taxa de juros para 0% e divulga plano de est\u00edmulos","description":"O Federal Reserve (Fed), banco central dos EUA, de forma emergencial anunciou, neste domingo, um corte na sua taxa de juros. Saiba mais.","robots":{"index":"index","follow":"follow","max-snippet":"max-snippet:-1","max-image-preview":"max-image-preview:large","max-video-preview":"max-video-preview:-1"},"canonical":"https:\/\/www.suno.com.br\/noticias\/fed-anuncia-corte-da-taxa-de-juros\/","og_locale":"pt_BR","og_type":"article","og_title":"Fed anuncia corte da taxa de juros para 0% e divulga plano de est\u00edmulos","og_description":"O Federal Reserve (Fed), banco central dos EUA, de forma emergencial anunciou, neste domingo, um corte na sua taxa de juros. Saiba mais.","og_url":"https:\/\/www.suno.com.br\/noticias\/fed-anuncia-corte-da-taxa-de-juros\/","og_site_name":"Suno Not\u00edcias","article_publisher":"https:\/\/facebook.com\/sunoresearch","og_image":[{"width":2112,"height":1260,"url":"https:\/\/files.sunoresearch.com.br\/n\/uploads\/2020\/03\/f0da3679-fed.jpg","type":"image\/jpeg"}],"author":"Jader Lazarini","twitter_card":"summary_large_image","twitter_creator":"@sunoresearch","twitter_site":"@sunoresearch","twitter_misc":{"Escrito por":"Jader Lazarini","Est. tempo de leitura":"2 minutos"},"schema":{"@context":"https:\/\/schema.org","@graph":[{"@type":"NewsArticle","@id":"https:\/\/www.suno.com.br\/noticias\/fed-anuncia-corte-da-taxa-de-juros\/#article","isPartOf":{"@id":"https:\/\/www.suno.com.br\/noticias\/fed-anuncia-corte-da-taxa-de-juros\/"},"author":{"name":"Jader Lazarini","@id":"https:\/\/www.suno.com.br\/noticias\/#\/schema\/person\/918d79de1f0281f01599b93f9ea6e23f"},"headline":"Fed anuncia corte da taxa de juros para 0% e divulga plano de est\u00edmulos","datePublished":"2020-03-15T21:26:53+00:00","dateModified":"2021-06-14T02:38:27+00:00","mainEntityOfPage":{"@id":"https:\/\/www.suno.com.br\/noticias\/fed-anuncia-corte-da-taxa-de-juros\/"},"wordCount":504,"publisher":{"@id":"https:\/\/www.suno.com.br\/noticias\/#organization"},"image":{"@id":"https:\/\/www.suno.com.br\/noticias\/fed-anuncia-corte-da-taxa-de-juros\/#primaryimage"},"thumbnailUrl":"https:\/\/files.sunoresearch.com.br\/n\/uploads\/2020\/03\/f0da3679-fed-jpg.webp","keywords":["Estados Unidos (EUA)","Federal Reserve (FED)","taxa de juros"],"articleSection":["Internacional"],"inLanguage":"pt-BR"},{"@type":"WebPage","@id":"https:\/\/www.suno.com.br\/noticias\/fed-anuncia-corte-da-taxa-de-juros\/","url":"https:\/\/www.suno.com.br\/noticias\/fed-anuncia-corte-da-taxa-de-juros\/","name":"Fed anuncia corte da taxa de juros para 0% e divulga plano de est\u00edmulos","isPartOf":{"@id":"https:\/\/www.suno.com.br\/noticias\/#website"},"primaryImageOfPage":{"@id":"https:\/\/www.suno.com.br\/noticias\/fed-anuncia-corte-da-taxa-de-juros\/#primaryimage"},"image":{"@id":"https:\/\/www.suno.com.br\/noticias\/fed-anuncia-corte-da-taxa-de-juros\/#primaryimage"},"thumbnailUrl":"https:\/\/files.sunoresearch.com.br\/n\/uploads\/2020\/03\/f0da3679-fed-jpg.webp","datePublished":"2020-03-15T21:26:53+00:00","dateModified":"2021-06-14T02:38:27+00:00","description":"O Federal Reserve (Fed), banco central dos EUA, de forma emergencial anunciou, neste domingo, um corte na sua taxa de juros. Saiba mais.","breadcrumb":{"@id":"https:\/\/www.suno.com.br\/noticias\/fed-anuncia-corte-da-taxa-de-juros\/#breadcrumb"},"inLanguage":"pt-BR","potentialAction":[{"@type":"ReadAction","target":["https:\/\/www.suno.com.br\/noticias\/fed-anuncia-corte-da-taxa-de-juros\/"]}]},{"@type":"ImageObject","inLanguage":"pt-BR","@id":"https:\/\/www.suno.com.br\/noticias\/fed-anuncia-corte-da-taxa-de-juros\/#primaryimage","url":"https:\/\/files.sunoresearch.com.br\/n\/uploads\/2020\/03\/f0da3679-fed-jpg.webp","contentUrl":"https:\/\/files.sunoresearch.com.br\/n\/uploads\/2020\/03\/f0da3679-fed-jpg.webp","width":2112,"height":1260,"caption":"Sede do Federal Reserve (Fed) em Washington D.C."},{"@type":"BreadcrumbList","@id":"https:\/\/www.suno.com.br\/noticias\/fed-anuncia-corte-da-taxa-de-juros\/#breadcrumb","itemListElement":[{"@type":"ListItem","position":1,"name":"Not\u00edcias","item":"https:\/\/www.suno.com.br\/noticias\/"},{"@type":"ListItem","position":2,"name":"Internacional","item":"https:\/\/www.suno.com.br\/noticias\/internacional\/"},{"@type":"ListItem","position":3,"name":"Fed anuncia corte da taxa de juros para 0% e divulga plano de est\u00edmulos"}]},{"@type":"WebSite","@id":"https:\/\/www.suno.com.br\/noticias\/#website","url":"https:\/\/www.suno.com.br\/noticias\/","name":"Suno Not\u00edcias","description":"Seu portal de informa\u00e7\u00e3o sobre o mundo dos investimentos","publisher":{"@id":"https:\/\/www.suno.com.br\/noticias\/#organization"},"potentialAction":[{"@type":"SearchAction","target":{"@type":"EntryPoint","urlTemplate":"https:\/\/www.suno.com.br\/noticias\/?s={search_term_string}"},"query-input":{"@type":"PropertyValueSpecification","valueRequired":true,"valueName":"search_term_string"}}],"inLanguage":"pt-BR"},{"@type":"Organization","@id":"https:\/\/www.suno.com.br\/noticias\/#organization","name":"Suno Not\u00edcias","url":"https:\/\/www.suno.com.br\/noticias\/","logo":{"@type":"ImageObject","inLanguage":"pt-BR","@id":"https:\/\/www.suno.com.br\/noticias\/#\/schema\/logo\/image\/","url":"https:\/\/files.sunoresearch.com.br\/n\/uploads\/2021\/09\/suno-logo.png","contentUrl":"https:\/\/files.sunoresearch.com.br\/n\/uploads\/2021\/09\/suno-logo.png","width":180,"height":180,"caption":"Suno Not\u00edcias"},"image":{"@id":"https:\/\/www.suno.com.br\/noticias\/#\/schema\/logo\/image\/"},"sameAs":["https:\/\/facebook.com\/sunoresearch","https:\/\/x.com\/sunoresearch","https:\/\/www.instagram.com\/suno","https:\/\/www.linkedin.com\/company\/suno-research\/","https:\/\/www.youtube.com\/c\/sunoresearch"]},{"@type":"Person","@id":"https:\/\/www.suno.com.br\/noticias\/#\/schema\/person\/918d79de1f0281f01599b93f9ea6e23f","name":"Jader Lazarini","image":{"@type":"ImageObject","inLanguage":"pt-BR","@id":"https:\/\/www.suno.com.br\/noticias\/#\/schema\/person\/image\/","url":"https:\/\/secure.gravatar.com\/avatar\/3c1ad8caa51589841baeb923fcddea97?s=96&r=g","contentUrl":"https:\/\/secure.gravatar.com\/avatar\/3c1ad8caa51589841baeb923fcddea97?s=96&r=g","caption":"Jader Lazarini"},"description":"Jader Lazarini escreve sobre investimentos, finan\u00e7as, economia e neg\u00f3cios. \u00c9 bacharel em Rela\u00e7\u00f5es Internacionais e analista CNPI (2619).","url":"https:\/\/www.suno.com.br\/noticias\/author\/jader-lazarini\/"}]}},"default_loop_html":"<div class=\"cardsPage__listCard__boxs\"><div class=\"cardsPage__listCard__boxs__img\"><a href=\"https:\/\/www.suno.com.br\/noticias\/fed-anuncia-corte-da-taxa-de-juros\/\"><img class=\"mask\" src=\"https:\/\/www.suno.com.br\/noticias\/wp-content\/themes\/suno\/resources\/images\/spotlight\/spotlight1img\/bg-mask.png\" alt=\"Image Mask\"\/><img src=\"https:\/\/files.sunoresearch.com.br\/n\/uploads\/2020\/03\/f0da3679-fed-400x200.webp\" alt=\"Fed anuncia corte da taxa de juros para 0% e divulga plano de est\u00edmulos\"\/><\/a><span class=\"spotlightCategory\"><a href=\"https:\/\/www.suno.com.br\/noticias\/internacional\/\">Internacional<\/a><\/span><\/div><div class=\"cardsPage__listCard__boxs__content\"><a href=\"https:\/\/www.suno.com.br\/noticias\/fed-anuncia-corte-da-taxa-de-juros\/\"><h2 class=\"content__title\">Fed anuncia corte da taxa de juros para 0% e divulga plano de est\u00edmulos<\/h2><\/a><div class=\"newsContent__article__meta\"><div class=\"newsContent__article__meta__authorBox\"><a href=\"https:\/\/www.suno.com.br\/noticias\/author\/jader-lazarini\/\" class=\"authorBox__avatar noMobi\"><img src=\"https:\/\/files.sunoresearch.com.br\/n\/uploads\/2021\/01\/178e6598-foto-perfil-2-150x150.jpg\" alt=\"Jader Lazarini\"><\/a><div class=\"authorBox__name\"><span>por\n\t\t\t<a href=\"https:\/\/www.suno.com.br\/noticias\/author\/jader-lazarini\/\"><span itemprop=\"author\">Jader Lazarini<\/span><\/a><\/span><time datetime=\"2020-03-15T18:26:53-03:00\" itemprop=\"datePublished\">15\/03\/2020 18:26<\/time><\/div><\/div><\/div><\/div><\/div>","single_layout":"posts","amp_enabled":true,"_links":{"self":[{"href":"https:\/\/www.suno.com.br\/noticias\/wp-json\/wp\/v2\/posts\/56718"}],"collection":[{"href":"https:\/\/www.suno.com.br\/noticias\/wp-json\/wp\/v2\/posts"}],"about":[{"href":"https:\/\/www.suno.com.br\/noticias\/wp-json\/wp\/v2\/types\/post"}],"author":[{"embeddable":true,"href":"https:\/\/www.suno.com.br\/noticias\/wp-json\/wp\/v2\/users\/24"}],"replies":[{"embeddable":true,"href":"https:\/\/www.suno.com.br\/noticias\/wp-json\/wp\/v2\/comments?post=56718"}],"version-history":[{"count":1,"href":"https:\/\/www.suno.com.br\/noticias\/wp-json\/wp\/v2\/posts\/56718\/revisions"}],"predecessor-version":[{"id":157129,"href":"https:\/\/www.suno.com.br\/noticias\/wp-json\/wp\/v2\/posts\/56718\/revisions\/157129"}],"wp:featuredmedia":[{"embeddable":true,"href":"https:\/\/www.suno.com.br\/noticias\/wp-json\/wp\/v2\/media\/54759"}],"wp:attachment":[{"href":"https:\/\/www.suno.com.br\/noticias\/wp-json\/wp\/v2\/media?parent=56718"}],"wp:term":[{"taxonomy":"category","embeddable":true,"href":"https:\/\/www.suno.com.br\/noticias\/wp-json\/wp\/v2\/categories?post=56718"},{"taxonomy":"post_tag","embeddable":true,"href":"https:\/\/www.suno.com.br\/noticias\/wp-json\/wp\/v2\/tags?post=56718"},{"taxonomy":"suno_strategy","embeddable":true,"href":"https:\/\/www.suno.com.br\/noticias\/wp-json\/wp\/v2\/suno_strategy?post=56718"}],"curies":[{"name":"wp","href":"https:\/\/api.w.org\/{rel}","templated":true}]}}