{"id":56658,"date":"2020-03-14T09:26:01","date_gmt":"2020-03-14T12:26:01","guid":{"rendered":"https:\/\/www.suno.com.br\/noticias\/?p=56658"},"modified":"2020-03-16T17:44:07","modified_gmt":"2020-03-16T20:44:07","slug":"gol-goll4-anula-plano-smiles-smls3","status":"publish","type":"post","link":"https:\/\/www.suno.com.br\/noticias\/gol-goll4-anula-plano-smiles-smls3\/","title":{"rendered":"Gol (GOLL4) anula plano de reorganiza\u00e7\u00e3o societ\u00e1ria da Smiles (SMLS3)"},"content":{"rendered":"<p>A <strong><a href=\"https:\/\/www.suno.com.br\/acoes\/goll4\/\">Gol Linhas A\u00e9reas (GOLL4)<\/a><\/strong> informou na noite da \u00faltima sexta-feira (13) que cancelou o plano de reorganiza\u00e7\u00e3o societ\u00e1ria da <a href=\"https:\/\/www.suno.com.br\/acoes\/smls3\/\"><strong>Smiles (SMLS3)<\/strong><\/a><strong>.<\/strong> As mudan\u00e7as no programa de fidelidade foram adiadas por causa das turbul\u00eancias nos mercados financeiros provocadas pelo surto de <strong>coronav\u00edrus (covid-19).<\/strong><\/p>\t<div class=\"wrapper-featured-image\">\n\t\t<figure class=\"spotlightImg\">\n\n\t\t\t<picture>\n\t\t\t\t<source media=\"(max-width: 768px)\" srcset=\"https:\/\/files.sunoresearch.com.br\/n\/uploads\/2019\/06\/6d0ccee2-gol-smiles-400x200.webp\">\n\t\t\t\t<img loading=\"lazy\" decoding=\"async\" class=\"newsContent__article__imgCapa lazyloadDisabled newsContent__article__imgCapa--noCaption\" src=\"https:\/\/files.sunoresearch.com.br\/n\/uploads\/2019\/06\/6d0ccee2-gol-smiles-png.webp\" width=\"800\" height=\"450\" alt=\"Gol (GOLL4) anula plano de reorganiza\u00e7\u00e3o societ\u00e1ria da Smiles (SMLS3)\" fetchpriority=high \/>\n\t\t\t<\/picture>\n\n\t\t\t<figcaption class=\"wp-caption-text wp-caption-text--hide\">Gol (GOLL4): Acionistas da Smiles solicitam R$ 1,6 bilh\u00e3o)<\/figcaption>\n\t\t<\/figure>\n\t<\/div>\n\n\n\n<p>No fato relevante com o qual informou o adiamento da assembleia sobre a Smiles, a Gol salientou que a medida reflete \u201ceventos extraordin\u00e1rios ocorridos nos \u00faltimos dias nos mercados nacional e internacional, e em especial por for\u00e7a dos seus impactos estruturantes no setor de avia\u00e7\u00e3o\u201d.<\/p>\n<p>Por isso, a assembleia extraordin\u00e1ria de acionistas prevista para o dia 18 de mar\u00e7o, e que deveria deliberar sobre a proposta de mudan\u00e7a, foi cancelada.<\/p>\n<p><a href=\"https:\/\/www.suno.com.br\/noticias\/assembleia-gol-incorporacao-smiles-dia-18\/\">Saiba mais: Assembleia Geral da Gol sobre incorpora\u00e7\u00e3o da Smiles ser\u00e1 retomada no dia 18<\/a><\/p>\n<p>O p\u00e2nico provocado pelo surto de coronav\u00edrus nos mercados gerou fortes quedas nos mercados internacionais. Na semana passada o <strong><a href=\"https:\/\/www.suno.com.br\/artigos\/ibovespa\/\">Ibovespa<\/a> <\/strong>registrou quatro interrup\u00e7\u00f5es por <a href=\"https:\/\/www.suno.com.br\/artigos\/circuit-breaker\/\"><strong>circuit breaker<\/strong><\/a> e uma trava das negocia\u00e7\u00f5es seguida de leil\u00e3o por causa do excesso de baixas.<\/p>\n<h2>Anuncio da incorpora\u00e7\u00e3o da Smiles<\/h2>\n<p>Em meados de fevereiro a Gol tinha anunciado a inten\u00e7\u00e3o de incorporar a Smiles.\u00a0Durante a teleconfer\u00eancia apresentando o balan\u00e7o de resultados de 2019, o vice-presidente financeiro, Richard Lark, afirmou que uma assembleia entre acionistas da a\u00e9rea e do programa de fidelidade teria ocorrido em 5 de mar\u00e7o. Na ocasi\u00e3o, as empresas deveriam ter decidido sobre a <strong><a href=\"https:\/\/www.suno.com.br\/artigos\/fusoes-aquisicoes\/\">fus\u00e3o<\/a><\/strong>.<\/p>\n\t<p>\n\t\t<a href=\"https:\/\/lp.suno.com.br\/ao\/sessao-estrategica-consultoria-c\/?utm_source=suno-noticias&#038;utm_medium=banner&#038;utm_campaing=dividendos-taxacao-pl\" target=\"_blank\" data-element=\"shortcode-suno-banner\" title=\"Banner SUNO, clique e saiba mais\">\n\t\t\t<picture>\n\t\t\t\t<source media=\"(max-width: 500px)\" srcset=\"https:\/\/files.sunoresearch.com.br\/n\/uploads\/2025\/09\/300x400.webp\">\n\t\t\t\t<img class=\"newsContent__article__imgCapa newsContent__article__imgCapa--banner\"\n\t\t\t\t\tsrc=\"https:\/\/files.sunoresearch.com.br\/n\/uploads\/2025\/09\/SN-DT-1420x240-1.webp\"\n\t\t\t\t\tdata-promo-id=\"628283\"\t\t\t\t\t\t\t\t\t\twidth='1420' height='240'\t\t\t\t\talt=\"https:\/\/files.sunoresearch.com.br\/n\/uploads\/2025\/09\/SN-DT-1420x240-1.webp\"\n\t\t\t\t>\n\t\t\t<\/picture>\n\t\t<\/a>\n\t<\/p>\n\n\n<p>\u201c\u00c9 prov\u00e1vel que a Gol liquide a incorpora\u00e7\u00e3o da Smiles em maio. A incorpora\u00e7\u00e3o vai gerar melhorias em gastos tribut\u00e1rios e nos rendimentos. A gera\u00e7\u00e3o de caixa ser\u00e1 maior\u201d, afirmou o executivo na ocasi\u00e3o.<\/p>\n<p>Entretanto, a reuni\u00e3o n\u00e3o aconteceu por n\u00e3o ter acionistas suficiente para ser realizada. Em seguida, por causa das fortes quedas registradas no mercado, a Gol adiou a <a href=\"https:\/\/www.suno.com.br\/artigos\/assembleia-geral-extraordinaria\/\">assembleia geral extraordin\u00e1ria (AGE)<\/a> para o dia 18. E, com o fato relevante divulgado na sexta, acabou cancelando o evento.<\/p>\n<p><a href=\"https:\/\/www.suno.com.br\/nossas-assinaturas\/suno-premium\/\">Bolsa em queda livre!? Aproveita as maiores oportunidades da bolsa brasileira com nosso acesso Suno Premium<\/a><\/p>\n<p>Desde o final de janeiro, a companhia j\u00e1 det\u00e9m o controle da empresa de fidelidade de forma indireta. Isso porque a GLA, subsidi\u00e1ria da <strong>Gol<\/strong>, adquiriu as a\u00e7\u00f5es da <strong>Smiles<\/strong> no m\u00eas passado.<\/p>\n\n","protected":false},"excerpt":{"rendered":"<p>A Gol Linhas A\u00e9reas (GOLL4) informou na noite da \u00faltima sexta-feira (13) que cancelou o plano de reorganiza\u00e7\u00e3o societ\u00e1ria da Smiles (SMLS3). As mudan\u00e7as no programa de fidelidade foram adiadas por causa das turbul\u00eancias nos mercados financeiros provocadas pelo surto de coronav\u00edrus (covid-19). Gol (GOLL4): Acionistas da Smiles solicitam R$ 1,6 bilh\u00e3o) No fato relevante [&hellip;]<\/p>\n","protected":false},"author":9,"featured_media":28795,"comment_status":"closed","ping_status":"closed","sticky":false,"template":"","format":"standard","meta":[],"categories":[64],"tags":[489,637],"suno_strategy":[],"class_list":["post-56658","post","type-post","status-publish","format-standard","has-post-thumbnail","hentry","category-negocios","tag-gol-linhas-aereas-goll11-goll4","tag-smiles-smls3"],"yoast_head":"<!-- This site is optimized with the Yoast SEO plugin v24.4 - https:\/\/yoast.com\/wordpress\/plugins\/seo\/ -->\n<title>Gol (GOLL4) anula plano de reorganiza\u00e7\u00e3o societ\u00e1ria da Smiles (SMLS3)<\/title>\n<meta name=\"description\" content=\"A Gol Linhas A\u00e9reas (GOLL4) informou que cancelou o plano de reorganiza\u00e7\u00e3o societ\u00e1ria da Smiles (SMLS3). Clique aqui para saber mais.\" \/>\n<meta name=\"robots\" content=\"index, follow, max-snippet:-1, max-image-preview:large, max-video-preview:-1\" \/>\n<link rel=\"canonical\" href=\"https:\/\/www.suno.com.br\/noticias\/gol-goll4-anula-plano-smiles-smls3\/\" \/>\n<meta property=\"og:locale\" content=\"pt_BR\" \/>\n<meta property=\"og:type\" content=\"article\" \/>\n<meta property=\"og:title\" content=\"Gol (GOLL4) anula plano de reorganiza\u00e7\u00e3o societ\u00e1ria da Smiles (SMLS3)\" \/>\n<meta property=\"og:description\" content=\"A Gol Linhas A\u00e9reas (GOLL4) informou que cancelou o plano de reorganiza\u00e7\u00e3o societ\u00e1ria da Smiles (SMLS3). Clique aqui para saber mais.\" \/>\n<meta property=\"og:url\" content=\"https:\/\/www.suno.com.br\/noticias\/gol-goll4-anula-plano-smiles-smls3\/\" \/>\n<meta property=\"og:site_name\" content=\"Suno Not\u00edcias\" \/>\n<meta property=\"article:publisher\" content=\"https:\/\/facebook.com\/sunoresearch\" \/>\n<meta property=\"og:image\" content=\"https:\/\/files.sunoresearch.com.br\/n\/uploads\/2019\/06\/6d0ccee2-gol-smiles.png\" \/>\n\t<meta property=\"og:image:width\" content=\"568\" \/>\n\t<meta property=\"og:image:height\" content=\"388\" \/>\n\t<meta property=\"og:image:type\" content=\"image\/png\" \/>\n<meta name=\"author\" content=\"Carlo Cauti\" \/>\n<meta name=\"twitter:card\" content=\"summary_large_image\" \/>\n<meta name=\"twitter:creator\" content=\"@sunoresearch\" \/>\n<meta name=\"twitter:site\" content=\"@sunoresearch\" \/>\n<meta name=\"twitter:label1\" content=\"Escrito por\" \/>\n\t<meta name=\"twitter:data1\" content=\"Carlo Cauti\" \/>\n\t<meta name=\"twitter:label2\" content=\"Est. tempo de leitura\" \/>\n\t<meta name=\"twitter:data2\" content=\"2 minutos\" \/>\n<script type=\"application\/ld+json\" class=\"yoast-schema-graph\">{\"@context\":\"https:\/\/schema.org\",\"@graph\":[{\"@type\":\"NewsArticle\",\"@id\":\"https:\/\/www.suno.com.br\/noticias\/gol-goll4-anula-plano-smiles-smls3\/#article\",\"isPartOf\":{\"@id\":\"https:\/\/www.suno.com.br\/noticias\/gol-goll4-anula-plano-smiles-smls3\/\"},\"author\":{\"name\":\"Carlo Cauti\",\"@id\":\"https:\/\/www.suno.com.br\/noticias\/#\/schema\/person\/e6e0f723cc177805027f4566c1d5e0c8\"},\"headline\":\"Gol (GOLL4) anula plano de reorganiza\u00e7\u00e3o societ\u00e1ria da Smiles (SMLS3)\",\"datePublished\":\"2020-03-14T12:26:01+00:00\",\"dateModified\":\"2020-03-16T20:44:07+00:00\",\"mainEntityOfPage\":{\"@id\":\"https:\/\/www.suno.com.br\/noticias\/gol-goll4-anula-plano-smiles-smls3\/\"},\"wordCount\":417,\"publisher\":{\"@id\":\"https:\/\/www.suno.com.br\/noticias\/#organization\"},\"image\":{\"@id\":\"https:\/\/www.suno.com.br\/noticias\/gol-goll4-anula-plano-smiles-smls3\/#primaryimage\"},\"thumbnailUrl\":\"https:\/\/files.sunoresearch.com.br\/n\/uploads\/2019\/06\/6d0ccee2-gol-smiles-png.webp\",\"keywords\":[\"Gol Linhas A\u00e9reas (GOLL11\/GOLL4)\",\"Smiles (SMLS3)\"],\"articleSection\":[\"Neg\u00f3cios\"],\"inLanguage\":\"pt-BR\"},{\"@type\":\"WebPage\",\"@id\":\"https:\/\/www.suno.com.br\/noticias\/gol-goll4-anula-plano-smiles-smls3\/\",\"url\":\"https:\/\/www.suno.com.br\/noticias\/gol-goll4-anula-plano-smiles-smls3\/\",\"name\":\"Gol (GOLL4) anula plano de reorganiza\u00e7\u00e3o societ\u00e1ria da Smiles (SMLS3)\",\"isPartOf\":{\"@id\":\"https:\/\/www.suno.com.br\/noticias\/#website\"},\"primaryImageOfPage\":{\"@id\":\"https:\/\/www.suno.com.br\/noticias\/gol-goll4-anula-plano-smiles-smls3\/#primaryimage\"},\"image\":{\"@id\":\"https:\/\/www.suno.com.br\/noticias\/gol-goll4-anula-plano-smiles-smls3\/#primaryimage\"},\"thumbnailUrl\":\"https:\/\/files.sunoresearch.com.br\/n\/uploads\/2019\/06\/6d0ccee2-gol-smiles-png.webp\",\"datePublished\":\"2020-03-14T12:26:01+00:00\",\"dateModified\":\"2020-03-16T20:44:07+00:00\",\"description\":\"A Gol Linhas A\u00e9reas (GOLL4) informou que cancelou o plano de reorganiza\u00e7\u00e3o societ\u00e1ria da Smiles (SMLS3). Clique aqui para saber mais.\",\"breadcrumb\":{\"@id\":\"https:\/\/www.suno.com.br\/noticias\/gol-goll4-anula-plano-smiles-smls3\/#breadcrumb\"},\"inLanguage\":\"pt-BR\",\"potentialAction\":[{\"@type\":\"ReadAction\",\"target\":[\"https:\/\/www.suno.com.br\/noticias\/gol-goll4-anula-plano-smiles-smls3\/\"]}]},{\"@type\":\"ImageObject\",\"inLanguage\":\"pt-BR\",\"@id\":\"https:\/\/www.suno.com.br\/noticias\/gol-goll4-anula-plano-smiles-smls3\/#primaryimage\",\"url\":\"https:\/\/files.sunoresearch.com.br\/n\/uploads\/2019\/06\/6d0ccee2-gol-smiles-png.webp\",\"contentUrl\":\"https:\/\/files.sunoresearch.com.br\/n\/uploads\/2019\/06\/6d0ccee2-gol-smiles-png.webp\",\"width\":568,\"height\":388,\"caption\":\"Gol (GOLL4): Acionistas da Smiles solicitam R$ 1,6 bilh\u00e3o)\"},{\"@type\":\"BreadcrumbList\",\"@id\":\"https:\/\/www.suno.com.br\/noticias\/gol-goll4-anula-plano-smiles-smls3\/#breadcrumb\",\"itemListElement\":[{\"@type\":\"ListItem\",\"position\":1,\"name\":\"Not\u00edcias\",\"item\":\"https:\/\/www.suno.com.br\/noticias\/\"},{\"@type\":\"ListItem\",\"position\":2,\"name\":\"Neg\u00f3cios\",\"item\":\"https:\/\/www.suno.com.br\/noticias\/negocios\/\"},{\"@type\":\"ListItem\",\"position\":3,\"name\":\"Gol (GOLL4) anula plano de reorganiza\u00e7\u00e3o societ\u00e1ria da Smiles (SMLS3)\"}]},{\"@type\":\"WebSite\",\"@id\":\"https:\/\/www.suno.com.br\/noticias\/#website\",\"url\":\"https:\/\/www.suno.com.br\/noticias\/\",\"name\":\"Suno Not\u00edcias\",\"description\":\"Seu portal de informa\u00e7\u00e3o sobre o mundo dos investimentos\",\"publisher\":{\"@id\":\"https:\/\/www.suno.com.br\/noticias\/#organization\"},\"potentialAction\":[{\"@type\":\"SearchAction\",\"target\":{\"@type\":\"EntryPoint\",\"urlTemplate\":\"https:\/\/www.suno.com.br\/noticias\/?s={search_term_string}\"},\"query-input\":{\"@type\":\"PropertyValueSpecification\",\"valueRequired\":true,\"valueName\":\"search_term_string\"}}],\"inLanguage\":\"pt-BR\"},{\"@type\":\"Organization\",\"@id\":\"https:\/\/www.suno.com.br\/noticias\/#organization\",\"name\":\"Suno Not\u00edcias\",\"url\":\"https:\/\/www.suno.com.br\/noticias\/\",\"logo\":{\"@type\":\"ImageObject\",\"inLanguage\":\"pt-BR\",\"@id\":\"https:\/\/www.suno.com.br\/noticias\/#\/schema\/logo\/image\/\",\"url\":\"https:\/\/files.sunoresearch.com.br\/n\/uploads\/2021\/09\/suno-logo.png\",\"contentUrl\":\"https:\/\/files.sunoresearch.com.br\/n\/uploads\/2021\/09\/suno-logo.png\",\"width\":180,\"height\":180,\"caption\":\"Suno Not\u00edcias\"},\"image\":{\"@id\":\"https:\/\/www.suno.com.br\/noticias\/#\/schema\/logo\/image\/\"},\"sameAs\":[\"https:\/\/facebook.com\/sunoresearch\",\"https:\/\/x.com\/sunoresearch\",\"https:\/\/www.instagram.com\/suno\",\"https:\/\/www.linkedin.com\/company\/suno-research\/\",\"https:\/\/www.youtube.com\/c\/sunoresearch\"]},{\"@type\":\"Person\",\"@id\":\"https:\/\/www.suno.com.br\/noticias\/#\/schema\/person\/e6e0f723cc177805027f4566c1d5e0c8\",\"name\":\"Carlo Cauti\",\"image\":{\"@type\":\"ImageObject\",\"inLanguage\":\"pt-BR\",\"@id\":\"https:\/\/www.suno.com.br\/noticias\/#\/schema\/person\/image\/\",\"url\":\"https:\/\/secure.gravatar.com\/avatar\/3ada9e0bd164c23abd4792a9606d583c?s=96&r=g\",\"contentUrl\":\"https:\/\/secure.gravatar.com\/avatar\/3ada9e0bd164c23abd4792a9606d583c?s=96&r=g\",\"caption\":\"Carlo Cauti\"},\"description\":\"Editor multim\u00eddia do SUNO Not\u00edcias. Italiano, formado em Ci\u00eancias Pol\u00edticas pela universidade LUISS G. Carli de Roma e mestre cum laude em Rela\u00e7\u00f5es Internacionais, Jornalismo Internacional e de Guerra e em Economia Internacional. Concluiu tamb\u00e9m um MBA em Finan\u00e7as na B3. No Brasil, teve passagem por ve\u00edculos como Estad\u00e3o, Globo, Veja e EXAME. e nas ag\u00eancias de not\u00edcias italianas ANSA e NOVA.\",\"url\":\"https:\/\/www.suno.com.br\/noticias\/author\/carlo-cauti\/\"}]}<\/script>\n<!-- \/ Yoast SEO plugin. -->","yoast_head_json":{"title":"Gol (GOLL4) anula plano de reorganiza\u00e7\u00e3o societ\u00e1ria da Smiles (SMLS3)","description":"A Gol Linhas A\u00e9reas (GOLL4) informou que cancelou o plano de reorganiza\u00e7\u00e3o societ\u00e1ria da Smiles (SMLS3). Clique aqui para saber mais.","robots":{"index":"index","follow":"follow","max-snippet":"max-snippet:-1","max-image-preview":"max-image-preview:large","max-video-preview":"max-video-preview:-1"},"canonical":"https:\/\/www.suno.com.br\/noticias\/gol-goll4-anula-plano-smiles-smls3\/","og_locale":"pt_BR","og_type":"article","og_title":"Gol (GOLL4) anula plano de reorganiza\u00e7\u00e3o societ\u00e1ria da Smiles (SMLS3)","og_description":"A Gol Linhas A\u00e9reas (GOLL4) informou que cancelou o plano de reorganiza\u00e7\u00e3o societ\u00e1ria da Smiles (SMLS3). Clique aqui para saber mais.","og_url":"https:\/\/www.suno.com.br\/noticias\/gol-goll4-anula-plano-smiles-smls3\/","og_site_name":"Suno Not\u00edcias","article_publisher":"https:\/\/facebook.com\/sunoresearch","og_image":[{"width":568,"height":388,"url":"https:\/\/files.sunoresearch.com.br\/n\/uploads\/2019\/06\/6d0ccee2-gol-smiles.png","type":"image\/png"}],"author":"Carlo Cauti","twitter_card":"summary_large_image","twitter_creator":"@sunoresearch","twitter_site":"@sunoresearch","twitter_misc":{"Escrito por":"Carlo Cauti","Est. tempo de leitura":"2 minutos"},"schema":{"@context":"https:\/\/schema.org","@graph":[{"@type":"NewsArticle","@id":"https:\/\/www.suno.com.br\/noticias\/gol-goll4-anula-plano-smiles-smls3\/#article","isPartOf":{"@id":"https:\/\/www.suno.com.br\/noticias\/gol-goll4-anula-plano-smiles-smls3\/"},"author":{"name":"Carlo Cauti","@id":"https:\/\/www.suno.com.br\/noticias\/#\/schema\/person\/e6e0f723cc177805027f4566c1d5e0c8"},"headline":"Gol (GOLL4) anula plano de reorganiza\u00e7\u00e3o societ\u00e1ria da Smiles (SMLS3)","datePublished":"2020-03-14T12:26:01+00:00","dateModified":"2020-03-16T20:44:07+00:00","mainEntityOfPage":{"@id":"https:\/\/www.suno.com.br\/noticias\/gol-goll4-anula-plano-smiles-smls3\/"},"wordCount":417,"publisher":{"@id":"https:\/\/www.suno.com.br\/noticias\/#organization"},"image":{"@id":"https:\/\/www.suno.com.br\/noticias\/gol-goll4-anula-plano-smiles-smls3\/#primaryimage"},"thumbnailUrl":"https:\/\/files.sunoresearch.com.br\/n\/uploads\/2019\/06\/6d0ccee2-gol-smiles-png.webp","keywords":["Gol Linhas A\u00e9reas (GOLL11\/GOLL4)","Smiles (SMLS3)"],"articleSection":["Neg\u00f3cios"],"inLanguage":"pt-BR"},{"@type":"WebPage","@id":"https:\/\/www.suno.com.br\/noticias\/gol-goll4-anula-plano-smiles-smls3\/","url":"https:\/\/www.suno.com.br\/noticias\/gol-goll4-anula-plano-smiles-smls3\/","name":"Gol (GOLL4) anula plano de reorganiza\u00e7\u00e3o societ\u00e1ria da Smiles (SMLS3)","isPartOf":{"@id":"https:\/\/www.suno.com.br\/noticias\/#website"},"primaryImageOfPage":{"@id":"https:\/\/www.suno.com.br\/noticias\/gol-goll4-anula-plano-smiles-smls3\/#primaryimage"},"image":{"@id":"https:\/\/www.suno.com.br\/noticias\/gol-goll4-anula-plano-smiles-smls3\/#primaryimage"},"thumbnailUrl":"https:\/\/files.sunoresearch.com.br\/n\/uploads\/2019\/06\/6d0ccee2-gol-smiles-png.webp","datePublished":"2020-03-14T12:26:01+00:00","dateModified":"2020-03-16T20:44:07+00:00","description":"A Gol Linhas A\u00e9reas (GOLL4) informou que cancelou o plano de reorganiza\u00e7\u00e3o societ\u00e1ria da Smiles (SMLS3). Clique aqui para saber mais.","breadcrumb":{"@id":"https:\/\/www.suno.com.br\/noticias\/gol-goll4-anula-plano-smiles-smls3\/#breadcrumb"},"inLanguage":"pt-BR","potentialAction":[{"@type":"ReadAction","target":["https:\/\/www.suno.com.br\/noticias\/gol-goll4-anula-plano-smiles-smls3\/"]}]},{"@type":"ImageObject","inLanguage":"pt-BR","@id":"https:\/\/www.suno.com.br\/noticias\/gol-goll4-anula-plano-smiles-smls3\/#primaryimage","url":"https:\/\/files.sunoresearch.com.br\/n\/uploads\/2019\/06\/6d0ccee2-gol-smiles-png.webp","contentUrl":"https:\/\/files.sunoresearch.com.br\/n\/uploads\/2019\/06\/6d0ccee2-gol-smiles-png.webp","width":568,"height":388,"caption":"Gol (GOLL4): Acionistas da Smiles solicitam R$ 1,6 bilh\u00e3o)"},{"@type":"BreadcrumbList","@id":"https:\/\/www.suno.com.br\/noticias\/gol-goll4-anula-plano-smiles-smls3\/#breadcrumb","itemListElement":[{"@type":"ListItem","position":1,"name":"Not\u00edcias","item":"https:\/\/www.suno.com.br\/noticias\/"},{"@type":"ListItem","position":2,"name":"Neg\u00f3cios","item":"https:\/\/www.suno.com.br\/noticias\/negocios\/"},{"@type":"ListItem","position":3,"name":"Gol (GOLL4) anula plano de reorganiza\u00e7\u00e3o societ\u00e1ria da Smiles (SMLS3)"}]},{"@type":"WebSite","@id":"https:\/\/www.suno.com.br\/noticias\/#website","url":"https:\/\/www.suno.com.br\/noticias\/","name":"Suno Not\u00edcias","description":"Seu portal de informa\u00e7\u00e3o sobre o mundo dos investimentos","publisher":{"@id":"https:\/\/www.suno.com.br\/noticias\/#organization"},"potentialAction":[{"@type":"SearchAction","target":{"@type":"EntryPoint","urlTemplate":"https:\/\/www.suno.com.br\/noticias\/?s={search_term_string}"},"query-input":{"@type":"PropertyValueSpecification","valueRequired":true,"valueName":"search_term_string"}}],"inLanguage":"pt-BR"},{"@type":"Organization","@id":"https:\/\/www.suno.com.br\/noticias\/#organization","name":"Suno Not\u00edcias","url":"https:\/\/www.suno.com.br\/noticias\/","logo":{"@type":"ImageObject","inLanguage":"pt-BR","@id":"https:\/\/www.suno.com.br\/noticias\/#\/schema\/logo\/image\/","url":"https:\/\/files.sunoresearch.com.br\/n\/uploads\/2021\/09\/suno-logo.png","contentUrl":"https:\/\/files.sunoresearch.com.br\/n\/uploads\/2021\/09\/suno-logo.png","width":180,"height":180,"caption":"Suno Not\u00edcias"},"image":{"@id":"https:\/\/www.suno.com.br\/noticias\/#\/schema\/logo\/image\/"},"sameAs":["https:\/\/facebook.com\/sunoresearch","https:\/\/x.com\/sunoresearch","https:\/\/www.instagram.com\/suno","https:\/\/www.linkedin.com\/company\/suno-research\/","https:\/\/www.youtube.com\/c\/sunoresearch"]},{"@type":"Person","@id":"https:\/\/www.suno.com.br\/noticias\/#\/schema\/person\/e6e0f723cc177805027f4566c1d5e0c8","name":"Carlo Cauti","image":{"@type":"ImageObject","inLanguage":"pt-BR","@id":"https:\/\/www.suno.com.br\/noticias\/#\/schema\/person\/image\/","url":"https:\/\/secure.gravatar.com\/avatar\/3ada9e0bd164c23abd4792a9606d583c?s=96&r=g","contentUrl":"https:\/\/secure.gravatar.com\/avatar\/3ada9e0bd164c23abd4792a9606d583c?s=96&r=g","caption":"Carlo Cauti"},"description":"Editor multim\u00eddia do SUNO Not\u00edcias. Italiano, formado em Ci\u00eancias Pol\u00edticas pela universidade LUISS G. Carli de Roma e mestre cum laude em Rela\u00e7\u00f5es Internacionais, Jornalismo Internacional e de Guerra e em Economia Internacional. Concluiu tamb\u00e9m um MBA em Finan\u00e7as na B3. No Brasil, teve passagem por ve\u00edculos como Estad\u00e3o, Globo, Veja e EXAME. e nas ag\u00eancias de not\u00edcias italianas ANSA e NOVA.","url":"https:\/\/www.suno.com.br\/noticias\/author\/carlo-cauti\/"}]}},"default_loop_html":"<div class=\"cardsPage__listCard__boxs\"><div class=\"cardsPage__listCard__boxs__img\"><a href=\"https:\/\/www.suno.com.br\/noticias\/gol-goll4-anula-plano-smiles-smls3\/\"><img class=\"mask\" src=\"https:\/\/www.suno.com.br\/noticias\/wp-content\/themes\/suno\/resources\/images\/spotlight\/spotlight1img\/bg-mask.png\" alt=\"Image Mask\"\/><img src=\"https:\/\/files.sunoresearch.com.br\/n\/uploads\/2019\/06\/6d0ccee2-gol-smiles-400x200.webp\" alt=\"Gol (GOLL4) anula plano de reorganiza\u00e7\u00e3o societ\u00e1ria da Smiles (SMLS3)\"\/><\/a><span class=\"spotlightCategory\"><a href=\"https:\/\/www.suno.com.br\/noticias\/negocios\/\">Neg\u00f3cios<\/a><\/span><\/div><div class=\"cardsPage__listCard__boxs__content\"><a href=\"https:\/\/www.suno.com.br\/noticias\/gol-goll4-anula-plano-smiles-smls3\/\"><h2 class=\"content__title\">Gol (GOLL4) anula plano de reorganiza\u00e7\u00e3o societ\u00e1ria da Smiles (SMLS3)<\/h2><\/a><div class=\"newsContent__article__meta\"><div class=\"newsContent__article__meta__authorBox\"><a href=\"https:\/\/www.suno.com.br\/noticias\/author\/carlo-cauti\/\" class=\"authorBox__avatar noMobi\"><img src=\"https:\/\/files.sunoresearch.com.br\/n\/uploads\/2020\/08\/e3745f9a-perfil-carlo-cauti-150x150.webp\" alt=\"Carlo Cauti\"><\/a><div class=\"authorBox__name\"><span>por\n\t\t\t<a href=\"https:\/\/www.suno.com.br\/noticias\/author\/carlo-cauti\/\"><span itemprop=\"author\">Carlo Cauti<\/span><\/a><\/span><time datetime=\"2020-03-14T09:26:01-03:00\" itemprop=\"datePublished\">14\/03\/2020 09:26<\/time><\/div><\/div><\/div><\/div><\/div>","single_layout":"posts","amp_enabled":true,"_links":{"self":[{"href":"https:\/\/www.suno.com.br\/noticias\/wp-json\/wp\/v2\/posts\/56658"}],"collection":[{"href":"https:\/\/www.suno.com.br\/noticias\/wp-json\/wp\/v2\/posts"}],"about":[{"href":"https:\/\/www.suno.com.br\/noticias\/wp-json\/wp\/v2\/types\/post"}],"author":[{"embeddable":true,"href":"https:\/\/www.suno.com.br\/noticias\/wp-json\/wp\/v2\/users\/9"}],"replies":[{"embeddable":true,"href":"https:\/\/www.suno.com.br\/noticias\/wp-json\/wp\/v2\/comments?post=56658"}],"version-history":[{"count":0,"href":"https:\/\/www.suno.com.br\/noticias\/wp-json\/wp\/v2\/posts\/56658\/revisions"}],"wp:featuredmedia":[{"embeddable":true,"href":"https:\/\/www.suno.com.br\/noticias\/wp-json\/wp\/v2\/media\/28795"}],"wp:attachment":[{"href":"https:\/\/www.suno.com.br\/noticias\/wp-json\/wp\/v2\/media?parent=56658"}],"wp:term":[{"taxonomy":"category","embeddable":true,"href":"https:\/\/www.suno.com.br\/noticias\/wp-json\/wp\/v2\/categories?post=56658"},{"taxonomy":"post_tag","embeddable":true,"href":"https:\/\/www.suno.com.br\/noticias\/wp-json\/wp\/v2\/tags?post=56658"},{"taxonomy":"suno_strategy","embeddable":true,"href":"https:\/\/www.suno.com.br\/noticias\/wp-json\/wp\/v2\/suno_strategy?post=56658"}],"curies":[{"name":"wp","href":"https:\/\/api.w.org\/{rel}","templated":true}]}}