{"id":566541,"date":"2024-07-15T15:06:40","date_gmt":"2024-07-15T18:06:40","guid":{"rendered":"https:\/\/www.suno.com.br\/noticias\/?p=566541"},"modified":"2024-07-15T15:06:43","modified_gmt":"2024-07-15T18:06:43","slug":"eletrobras-elet3-venda-isa-cteep-trpl4-dividendos-gss","status":"publish","type":"post","link":"https:\/\/www.suno.com.br\/noticias\/eletrobras-elet3-venda-isa-cteep-trpl4-dividendos-gss\/","title":{"rendered":"Eletrobras (ELET3) pagar\u00e1 mais dividendos ap\u00f3s vender participa\u00e7\u00e3o na ISA Cteep (TRPL4)?"},"content":{"rendered":"<p>Na \u00faltima sexta-feira (12), a <strong>Eletrobras<\/strong> (ELET3) registrou uma oferta p\u00fablica para vender parte da fatia que det\u00e9m na <a class=\"suno-keyword\" data-force=\"yes\" data-priority=\"2\" href=\"https:\/\/www.suno.com.br\/acoes\/TRPL4\/\" target=\"_blank\" rel=\"noopener\">ISA Cteep (TRPL4)<\/a>. E, de acordo com an\u00e1lise da Genial Investimentos, a opera\u00e7\u00e3o pode se traduzir em um maior percentual de <a class=\"suno-keyword\" data-force=\"no\" data-priority=\"1\" href=\"https:\/\/www.suno.com.br\/guias\/dividendos\/\" target=\"_blank\" rel=\"noopener\">dividendos<\/a>.<\/p>\t<div class=\"wrapper-featured-image\">\n\t\t<figure class=\"spotlightImg\">\n\n\t\t\t<picture>\n\t\t\t\t<source media=\"(max-width: 768px)\" srcset=\"https:\/\/files.sunoresearch.com.br\/n\/uploads\/2022\/06\/eletrobras-sede-400x200.jpg\">\n\t\t\t\t<img loading=\"lazy\" decoding=\"async\" class=\"newsContent__article__imgCapa lazyloadDisabled \" src=\"https:\/\/files.sunoresearch.com.br\/n\/uploads\/2022\/06\/eletrobras-sede-800x450.jpg\" width=\"800\" height=\"450\" alt=\"Eletrobras (ELET3) pagar\u00e1 mais dividendos ap\u00f3s vender participa\u00e7\u00e3o na ISA Cteep (TRPL4)?\" fetchpriority=high \/>\n\t\t\t<\/picture>\n\n\t\t\t<figcaption class=\"wp-caption-text wp-caption-text--show\">Eletrobras. Foto: Divulga\u00e7\u00e3o<\/figcaption>\n\t\t<\/figure>\n\t<\/div>\n\n\n\n\n\n\n\n\t<p>\n\t\t<a href=\"\" target=\"_blank\" data-element=\"shortcode-suno-banner\" title=\"Banner SUNO, clique e saiba mais\">\n\t\t\t<picture>\n\t\t\t\t<source media=\"(max-width: 500px)\" srcset=\"\">\n\t\t\t\t<img class=\"newsContent__article__imgCapa newsContent__article__imgCapa--banner\"\n\t\t\t\t\tsrc=\"\"\n\t\t\t\t\tdata-promo-id=\"89005\"\t\t\t\t\t\t\t\t\t\t\t\t\t\t\talt=\"\"\n\t\t\t\t>\n\t\t\t<\/picture>\n\t\t<\/a>\n\t<\/p>\n\n\n\n\n\n<p>A Eletrobras, que det\u00e9m uma fatia de 35,7% na <strong>ISA Cteep<\/strong>, registrou uma oferta de at\u00e9 130 milh\u00f5es de <strong>a\u00e7\u00f5es TRPL4<\/strong>, em uma opera\u00e7\u00e3o que deve levantar entre R$ 1,5 e R$ 3,4 bilh\u00f5es. A distribui\u00e7\u00e3o \u00e9 destinada exclusivamente a investidores institucionais e pode gerar um montante equivalente a 1,6% e 3,7% do <a class=\"suno-keyword\" data-force=\"no\" data-priority=\"1\" href=\"https:\/\/www.suno.com.br\/artigos\/valor-de-mercado\/\" target=\"_blank\" rel=\"noopener\">valor de mercado<\/a> atual da Eletrobras. <\/p>\n\n\n\n<p>Em relat\u00f3rio, a Genial Investimentos afirma que o evento \u00e9 positivo para as <strong>a\u00e7\u00f5es da Eletrobras<\/strong>, ainda que n\u00e3o traga um impacto transformacional para a tese. Os analistas destacam que a venda ocorre em meio a uma grande reformula\u00e7\u00e3o do portf\u00f3lio da empresa, que j\u00e1 vem se desenhando desde antes da sua privatiza\u00e7\u00e3o.<\/p>\n\n\n\n<p>Para a ISA Cteep, a casa considera o evento neutro, &#8220;ainda que deva pressionas as cota\u00e7\u00f5es do pap\u00e9is no <a class=\"suno-keyword\" target=\"_blank\" data-force=\"no\" data-priority=\"1\" href=\"https:\/\/www.suno.com.br\/artigos\/curto-prazo\/\" rel=\"noopener\">curto prazo<\/a>&#8220;. Segundo os analistas, o movimento n\u00e3o altera o case da empresa em termos fundamentais.<\/p>\n\n\n\n<p>Os <strong>dividendos da Eletrobras<\/strong>, contudo, podem ser beneficiados da venda da participa\u00e7\u00e3o na ISA Cteep, diz a Genial, uma vez que os recursos obtidos com a oferta podem ser destinados aos proventos.<\/p>\n\n\n\t<p>\n\t\t<a href=\"https:\/\/lp.suno.com.br\/minicurso-investindo-fiis\/\" target=\"_blank\" data-element=\"shortcode-suno-banner\" title=\"Banner SUNO, clique e saiba mais\">\n\t\t\t<picture>\n\t\t\t\t<source media=\"(max-width: 500px)\" srcset=\"https:\/\/files.sunoresearch.com.br\/n\/uploads\/2023\/03\/400x300-Minicurso-FIIS.png\">\n\t\t\t\t<img class=\"newsContent__article__imgCapa newsContent__article__imgCapa--banner\"\n\t\t\t\t\tsrc=\"https:\/\/files.sunoresearch.com.br\/n\/uploads\/2023\/03\/1420x240-Minicurso-FIIS.png\"\n\t\t\t\t\tdata-promo-id=\"383125\"\t\t\t\t\t\t\t\t\t\twidth='1420' height='240'\t\t\t\t\talt=\"https:\/\/files.sunoresearch.com.br\/n\/uploads\/2023\/03\/1420x240-Minicurso-FIIS.png\"\n\t\t\t\t>\n\t\t\t<\/picture>\n\t\t<\/a>\n\t<\/p>\n\n\n\n\n\n<p>&#8220;Em nossa leitura, a empresa deve distribuir esses recursos no formato de dividendos. A empresa fechou o 1T24 com endividamento de R$42 bilh\u00f5es e uma rela\u00e7\u00e3o <a class=\"suno-keyword\" data-force=\"no\" data-priority=\"1\" href=\"https:\/\/www.suno.com.br\/artigos\/divida-liquida\/\" target=\"_blank\" rel=\"noopener\">d\u00edvida l\u00edquida<\/a>\/ebitda de 2,4x \u2013 julgamos esse valor mais do que suficiente para sustentar o plano de investimento da empresa, tendo em vista principalmente a natureza do neg\u00f3cio da empresa&#8221;: gera\u00e7\u00e3o e transmiss\u00e3o, neg\u00f3cios est\u00e1veis, receita garantida e de <a class=\"suno-keyword\" data-force=\"no\" data-priority=\"1\" href=\"https:\/\/www.suno.com.br\/artigos\/longo-prazo\/\" target=\"_blank\" rel=\"noopener\">longo prazo<\/a>&#8221; escreve o analista Vitor Sousa.<\/p>\n\n\n\n<p>A Genial tem recomenda\u00e7\u00e3o de compra para os <strong>pap\u00e9is da Eletrobras<\/strong> (<strong>ELET3<\/strong>), com pre\u00e7o-alvo de R$ 52. Para as <strong>a\u00e7\u00f5es da ISA Cteep<\/strong> (<strong>TRPL4<\/strong>), a recomenda\u00e7\u00e3o \u00e9 &#8220;manter&#8221;, com pre\u00e7o-alvo de R$ 28.<\/p>\n\n\n\n<h2 class=\"wp-block-heading\">Desempenho das a\u00e7\u00f5es da Eletrobras (ELET3)<\/h2>\n\n\n\n<p>Confira a movimenta\u00e7\u00e3o dos pap\u00e9is da <strong>Eletrobras<\/strong> (ELET3) ao longo dos \u00faltimos 30 dias:<\/p>\n\n\n\n<div class=\"pluginQuotation\">\n  <p class=\"ticker\">\n    Cota\u00e7\u00e3o <span>elet3<\/span>\n  <\/p>\n  <div class=\"info\">\n    <div class=\"leftSide\">\n      Gr\u00e1fico gerado em: 15\/07\/2024    <\/div>\n\t\t\t\t\t<div class=\"rightSide\">\n\t\t\t\t\t<span class=\"period\">\n\t\t\t\t\t\t1 M\u00eas\t\t\t\t\t<\/span>\n\t\t\t<\/div>\n\t\t  <\/div>\n\n  <div id=\"chart-5b2a51d49a6c066016582cc018bc80ed\" data-block-hash=\"5b2a51d49a6c066016582cc018bc80ed\"  class=\"chart\" style=\"width:100%;height:400px;\"><\/div>\n\n  <div class=\"pluginQuotation__footer\">\n    <div class=\"dataChart\">\n\n      <div class=\"dataChart__div1 variation\">\n        <div class=\"value-positive\">\n          10,44 (+3,67%)        <\/div>\n        <div class=\"text\">\n          Varia\u00e7\u00e3o do per\u00edodo\n        <\/div>\n      <\/div>\n\n      <div class=\"dataChart__div2 minMax\">\n        <div class=\"value\">\n          R$\u00a034,49        <\/div>\n        <div class=\"text\">\n          M\u00ednima\n        <\/div>\n      <\/div>\n\n      <div class=\"dataChart__div3 minMax\">\n        <div class=\"value\">\n          R$\u00a039,10        <\/div>\n        <div class=\"text\">\n          M\u00e1xima\n        <\/div>\n      <\/div>\n\n\t\t\t<div class=\"dataChart__div4 rightSide\">\n\t\t\t\t<div class=\"analiticaSource\">\n\t\t\t\t\t<span>\n\t\t\t\t\t\tFonte:\n\t\t\t\t\t<\/span>\n\t\t\t\t\t<img decoding=\"async\" class=\"analiticaLogo\" src=\"https:\/\/www.suno.com.br\/noticias\/wp-content\/plugins\/suno-block-ticker-quotation\/src\/suno-analitica-logo.png\" alt=\"Logo Suno Anal\u00edtica\" \/>\n\t\t\t\t<\/div>\n\n\t\t\t\t<a href=\"https:\/\/www.suno.com.br\/analitica\/acoes\/elet3\" target=\"_blank\">\n\t\t\t\t\t<span>\n\t\t\t\t\t\tVer mais cota\u00e7\u00f5es\n\t\t\t\t\t<\/span>\n\t\t\t\t\t<svg xmlns=\"http:\/\/www.w3.org\/2000\/svg\" width=\"9\" height=\"8\" viewBox=\"0 0 9 8\" fill=\"none\">\n\t\t\t\t\t\t<path d=\"M4.20996 0L3.50496 0.705L6.29496 3.5H0.209961V4.5H6.29496L3.50496 7.295L4.20996 8L8.20996 4L4.20996 0Z\" fill=\"#D42126\" \/>\n\t\t\t\t\t<\/svg>\n\t\t\t\t<\/a>\n    <\/div>\n\n    <\/div>\n  <\/div>\n<\/div>\n\n\n<script type=\"text\/javascript\">\n  let chart_5b2a51d49a6c066016582cc018bc80ed = document.getElementById('chart-5b2a51d49a6c066016582cc018bc80ed');\n  let data_json_5b2a51d49a6c066016582cc018bc80ed = \"[{\\\"date\\\":\\\"17\\\\\\\/06\\\\\\\/24 \\\",\\\"value\\\":35.14},{\\\"date\\\":\\\"18\\\\\\\/06\\\\\\\/24 \\\",\\\"value\\\":35.03},{\\\"date\\\":\\\"19\\\\\\\/06\\\\\\\/24 \\\",\\\"value\\\":35.05},{\\\"date\\\":\\\"20\\\\\\\/06\\\\\\\/24 \\\",\\\"value\\\":34.49},{\\\"date\\\":\\\"21\\\\\\\/06\\\\\\\/24 \\\",\\\"value\\\":34.69},{\\\"date\\\":\\\"24\\\\\\\/06\\\\\\\/24 \\\",\\\"value\\\":34.99},{\\\"date\\\":\\\"25\\\\\\\/06\\\\\\\/24 \\\",\\\"value\\\":34.83},{\\\"date\\\":\\\"26\\\\\\\/06\\\\\\\/24 \\\",\\\"value\\\":34.7},{\\\"date\\\":\\\"27\\\\\\\/06\\\\\\\/24 \\\",\\\"value\\\":35.66},{\\\"date\\\":\\\"28\\\\\\\/06\\\\\\\/24 \\\",\\\"value\\\":35.85},{\\\"date\\\":\\\"01\\\\\\\/07\\\\\\\/24 \\\",\\\"value\\\":36.67},{\\\"date\\\":\\\"02\\\\\\\/07\\\\\\\/24 \\\",\\\"value\\\":37.18},{\\\"date\\\":\\\"03\\\\\\\/07\\\\\\\/24 \\\",\\\"value\\\":37.42},{\\\"date\\\":\\\"04\\\\\\\/07\\\\\\\/24 \\\",\\\"value\\\":37.98},{\\\"date\\\":\\\"05\\\\\\\/07\\\\\\\/24 \\\",\\\"value\\\":37.98},{\\\"date\\\":\\\"08\\\\\\\/07\\\\\\\/24 \\\",\\\"value\\\":37.9},{\\\"date\\\":\\\"09\\\\\\\/07\\\\\\\/24 \\\",\\\"value\\\":38.59},{\\\"date\\\":\\\"10\\\\\\\/07\\\\\\\/24 \\\",\\\"value\\\":38.24},{\\\"date\\\":\\\"11\\\\\\\/07\\\\\\\/24 \\\",\\\"value\\\":38.69},{\\\"date\\\":\\\"12\\\\\\\/07\\\\\\\/24 \\\",\\\"value\\\":39.1},{\\\"date\\\":\\\"15\\\\\\\/07\\\\\\\/24 \\\",\\\"value\\\":38.81}]\";\n  let isPositive_5b2a51d49a6c066016582cc018bc80ed = true;\n\n  let color_5b2a51d49a6c066016582cc018bc80ed = isPositive_5b2a51d49a6c066016582cc018bc80ed ? '#3AB53A' : '#D92C2D';\n\n  let data_5b2a51d49a6c066016582cc018bc80ed = JSON.parse(data_json_5b2a51d49a6c066016582cc018bc80ed);\n\n  const result_5b2a51d49a6c066016582cc018bc80ed = {\n    date: [],\n    value: [],\n  };\n\n  data_5b2a51d49a6c066016582cc018bc80ed.forEach((item) => {\n    result_5b2a51d49a6c066016582cc018bc80ed.date.push(item.date);\n    result_5b2a51d49a6c066016582cc018bc80ed.value.push(Number(item.value));\n  });\n\n  let option_5b2a51d49a6c066016582cc018bc80ed = {\n    \/\/ variavel de cor global\n    color: [color_5b2a51d49a6c066016582cc018bc80ed],\n    title: {\n      text: '',\n    },\n    tooltip: {\n      trigger: 'axis',\n      axisPointer: {\n        type: 'cross',\n        label: {\n          \/\/ cor dos valores em X e Y\n          backgroundColor: color_5b2a51d49a6c066016582cc018bc80ed,\n          formatter: (value) => {\n            if (typeof value.value === 'number') {\n              return Number(value.value).toLocaleString('pt-br', {\n                style: 'currency',\n                currency: 'BRL'\n              });\n            }\n            return value.value;\n          },\n        },\n      },\n      valueFormatter: (value) => Number(value).toLocaleString('pt-br', {\n        style: 'currency',\n        currency: 'BRL'\n      }),\n    },\n    legend: {\n      \/\/ data: ['Valor de Fechamento'],\n      show: false,\n    },\n    toolbox: {\n      feature: {\n        saveAsImage: {\n          show: false,\n        },\n      },\n    },\n    grid: {\n      left: '0px',\n      right: '0px',\n      bottom: '0px',\n      containLabel: true,\n    },\n    xAxis: [{\n      type: 'category',\n      data: result_5b2a51d49a6c066016582cc018bc80ed.date,\n      boundaryGap: true,\n    }],\n    yAxis: [{\n      type: 'value',\n      min: Math.min(...result_5b2a51d49a6c066016582cc018bc80ed.value),\n      max: Math.max(...result_5b2a51d49a6c066016582cc018bc80ed.value),\n      axisLabel: {\n        formatter: (value) => value.toLocaleString('pt-br', {\n          style: 'currency',\n          currency: 'BRL'\n        }),\n      },\n    }],\n    series: [{\n      name: 'Valor de Fechamento',\n      type: 'line',\n      stack: 'Total',\n      \/\/ cor do grafico\n      areaStyle: {},\n      emphasis: {\n        focus: 'series',\n      },\n      data: result_5b2a51d49a6c066016582cc018bc80ed.value,\n      \/\/ cor da linha\n      lineStyle: {\n        color: color_5b2a51d49a6c066016582cc018bc80ed,\n      },\n    }, ],\n  };\n\n\twindow.chart_5b2a51d49a6c066016582cc018bc80ed = {\n\t\tel: chart_5b2a51d49a6c066016582cc018bc80ed,\n\t\toption: option_5b2a51d49a6c066016582cc018bc80ed\t};\n\n\n<\/script>\n\n\n\t<p>\n\t\t<a href=\"https:\/\/lp.suno.com.br\/planilha-da-vida-financeira\/\" target=\"_blank\" data-element=\"shortcode-suno-banner\" title=\"Banner SUNO, clique e saiba mais\">\n\t\t\t<picture>\n\t\t\t\t<source media=\"(max-width: 500px)\" srcset=\"https:\/\/files.sunoresearch.com.br\/n\/uploads\/2023\/04\/400x300-Planilha-vida-financeira-true.png\">\n\t\t\t\t<img class=\"newsContent__article__imgCapa newsContent__article__imgCapa--banner\"\n\t\t\t\t\tsrc=\"https:\/\/files.sunoresearch.com.br\/n\/uploads\/2023\/04\/1420x240-Planilha-vida-financeira-true.png\"\n\t\t\t\t\tdata-promo-id=\"383123\"\t\t\t\t\t\t\t\t\t\twidth='1420' height='240'\t\t\t\t\talt=\"https:\/\/files.sunoresearch.com.br\/n\/uploads\/2023\/04\/1420x240-Planilha-vida-financeira-true.png\"\n\t\t\t\t>\n\t\t\t<\/picture>\n\t\t<\/a>\n\t<\/p>\n\n\n","protected":false},"excerpt":{"rendered":"<p>Na \u00faltima sexta-feira (12), a Eletrobras (ELET3) registrou uma oferta p\u00fablica para vender parte da fatia que det\u00e9m na ISA Cteep (TRPL4). E, de acordo com an\u00e1lise da Genial Investimentos, a opera\u00e7\u00e3o pode se traduzir em um maior percentual de dividendos. Eletrobras. Foto: Divulga\u00e7\u00e3o A Eletrobras, que det\u00e9m uma fatia de 35,7% na ISA Cteep, [&hellip;]<\/p>\n","protected":false},"author":376,"featured_media":266355,"comment_status":"closed","ping_status":"closed","sticky":false,"template":"","format":"standard","meta":[],"categories":[64],"tags":[295,455],"suno_strategy":[],"class_list":["post-566541","post","type-post","status-publish","format-standard","has-post-thumbnail","hentry","category-negocios","tag-dividendos","tag-eletrobras-elet3-elet5-elet6"],"yoast_head":"<!-- This site is optimized with the Yoast SEO plugin v24.4 - https:\/\/yoast.com\/wordpress\/plugins\/seo\/ -->\n<title>Eletrobras (ELET3) pode pagar mais dividendos; entenda a tese<\/title>\n<meta name=\"description\" content=\"A Eletrobras (ELET3) vender\u00e1 parte de sua fatia na ISA Cteep (TRPL4), e o movimento pode se traduzir em mais dividendos. Clique e entenda.\" \/>\n<meta name=\"robots\" content=\"index, follow, max-snippet:-1, max-image-preview:large, max-video-preview:-1\" \/>\n<link rel=\"canonical\" href=\"https:\/\/www.suno.com.br\/noticias\/eletrobras-elet3-venda-isa-cteep-trpl4-dividendos-gss\/\" \/>\n<meta property=\"og:locale\" content=\"pt_BR\" \/>\n<meta property=\"og:type\" content=\"article\" \/>\n<meta property=\"og:title\" content=\"Eletrobras (ELET3) pode pagar mais dividendos; entenda a tese\" \/>\n<meta property=\"og:description\" content=\"A Eletrobras (ELET3) vender\u00e1 parte de sua fatia na ISA Cteep (TRPL4), e o movimento pode se traduzir em mais dividendos. Clique e entenda.\" \/>\n<meta property=\"og:url\" content=\"https:\/\/www.suno.com.br\/noticias\/eletrobras-elet3-venda-isa-cteep-trpl4-dividendos-gss\/\" \/>\n<meta property=\"og:site_name\" content=\"Suno Not\u00edcias\" \/>\n<meta property=\"article:publisher\" content=\"https:\/\/facebook.com\/sunoresearch\" \/>\n<meta property=\"og:image\" content=\"https:\/\/files.sunoresearch.com.br\/n\/uploads\/2022\/06\/eletrobras-sede.jpg\" \/>\n\t<meta property=\"og:image:width\" content=\"1200\" \/>\n\t<meta property=\"og:image:height\" content=\"800\" \/>\n\t<meta property=\"og:image:type\" content=\"image\/jpeg\" \/>\n<meta name=\"author\" content=\"Guilherme Serrano\" \/>\n<meta name=\"twitter:card\" content=\"summary_large_image\" \/>\n<meta name=\"twitter:creator\" content=\"@sunoresearch\" \/>\n<meta name=\"twitter:site\" content=\"@sunoresearch\" \/>\n<meta name=\"twitter:label1\" content=\"Escrito por\" \/>\n\t<meta name=\"twitter:data1\" content=\"Guilherme Serrano\" \/>\n\t<meta name=\"twitter:label2\" content=\"Est. tempo de leitura\" \/>\n\t<meta name=\"twitter:data2\" content=\"2 minutos\" \/>\n<script type=\"application\/ld+json\" class=\"yoast-schema-graph\">{\"@context\":\"https:\/\/schema.org\",\"@graph\":[{\"@type\":\"NewsArticle\",\"@id\":\"https:\/\/www.suno.com.br\/noticias\/eletrobras-elet3-venda-isa-cteep-trpl4-dividendos-gss\/#article\",\"isPartOf\":{\"@id\":\"https:\/\/www.suno.com.br\/noticias\/eletrobras-elet3-venda-isa-cteep-trpl4-dividendos-gss\/\"},\"author\":{\"name\":\"Guilherme Serrano\",\"@id\":\"https:\/\/www.suno.com.br\/noticias\/#\/schema\/person\/d0f07e64bce64aa671feadfb844f04ca\"},\"headline\":\"Eletrobras (ELET3) pagar\u00e1 mais dividendos ap\u00f3s vender participa\u00e7\u00e3o na ISA Cteep (TRPL4)?\",\"datePublished\":\"2024-07-15T18:06:40+00:00\",\"dateModified\":\"2024-07-15T18:06:43+00:00\",\"mainEntityOfPage\":{\"@id\":\"https:\/\/www.suno.com.br\/noticias\/eletrobras-elet3-venda-isa-cteep-trpl4-dividendos-gss\/\"},\"wordCount\":393,\"publisher\":{\"@id\":\"https:\/\/www.suno.com.br\/noticias\/#organization\"},\"image\":{\"@id\":\"https:\/\/www.suno.com.br\/noticias\/eletrobras-elet3-venda-isa-cteep-trpl4-dividendos-gss\/#primaryimage\"},\"thumbnailUrl\":\"https:\/\/files.sunoresearch.com.br\/n\/uploads\/2022\/06\/eletrobras-sede.jpg\",\"keywords\":[\"dividendos\",\"Eletrobras (ELET3\/ELET5\/ELET6)\"],\"articleSection\":[\"Neg\u00f3cios\"],\"inLanguage\":\"pt-BR\"},{\"@type\":\"WebPage\",\"@id\":\"https:\/\/www.suno.com.br\/noticias\/eletrobras-elet3-venda-isa-cteep-trpl4-dividendos-gss\/\",\"url\":\"https:\/\/www.suno.com.br\/noticias\/eletrobras-elet3-venda-isa-cteep-trpl4-dividendos-gss\/\",\"name\":\"Eletrobras (ELET3) pode pagar mais dividendos; entenda a tese\",\"isPartOf\":{\"@id\":\"https:\/\/www.suno.com.br\/noticias\/#website\"},\"primaryImageOfPage\":{\"@id\":\"https:\/\/www.suno.com.br\/noticias\/eletrobras-elet3-venda-isa-cteep-trpl4-dividendos-gss\/#primaryimage\"},\"image\":{\"@id\":\"https:\/\/www.suno.com.br\/noticias\/eletrobras-elet3-venda-isa-cteep-trpl4-dividendos-gss\/#primaryimage\"},\"thumbnailUrl\":\"https:\/\/files.sunoresearch.com.br\/n\/uploads\/2022\/06\/eletrobras-sede.jpg\",\"datePublished\":\"2024-07-15T18:06:40+00:00\",\"dateModified\":\"2024-07-15T18:06:43+00:00\",\"description\":\"A Eletrobras (ELET3) vender\u00e1 parte de sua fatia na ISA Cteep (TRPL4), e o movimento pode se traduzir em mais dividendos. Clique e entenda.\",\"breadcrumb\":{\"@id\":\"https:\/\/www.suno.com.br\/noticias\/eletrobras-elet3-venda-isa-cteep-trpl4-dividendos-gss\/#breadcrumb\"},\"inLanguage\":\"pt-BR\",\"potentialAction\":[{\"@type\":\"ReadAction\",\"target\":[\"https:\/\/www.suno.com.br\/noticias\/eletrobras-elet3-venda-isa-cteep-trpl4-dividendos-gss\/\"]}]},{\"@type\":\"ImageObject\",\"inLanguage\":\"pt-BR\",\"@id\":\"https:\/\/www.suno.com.br\/noticias\/eletrobras-elet3-venda-isa-cteep-trpl4-dividendos-gss\/#primaryimage\",\"url\":\"https:\/\/files.sunoresearch.com.br\/n\/uploads\/2022\/06\/eletrobras-sede.jpg\",\"contentUrl\":\"https:\/\/files.sunoresearch.com.br\/n\/uploads\/2022\/06\/eletrobras-sede.jpg\",\"width\":1200,\"height\":800,\"caption\":\"Eletrobras. Foto: Divulga\u00e7\u00e3o\"},{\"@type\":\"BreadcrumbList\",\"@id\":\"https:\/\/www.suno.com.br\/noticias\/eletrobras-elet3-venda-isa-cteep-trpl4-dividendos-gss\/#breadcrumb\",\"itemListElement\":[{\"@type\":\"ListItem\",\"position\":1,\"name\":\"Not\u00edcias\",\"item\":\"https:\/\/www.suno.com.br\/noticias\/\"},{\"@type\":\"ListItem\",\"position\":2,\"name\":\"Neg\u00f3cios\",\"item\":\"https:\/\/www.suno.com.br\/noticias\/negocios\/\"},{\"@type\":\"ListItem\",\"position\":3,\"name\":\"Eletrobras (ELET3) pagar\u00e1 mais dividendos ap\u00f3s vender participa\u00e7\u00e3o na ISA Cteep (TRPL4)?\"}]},{\"@type\":\"WebSite\",\"@id\":\"https:\/\/www.suno.com.br\/noticias\/#website\",\"url\":\"https:\/\/www.suno.com.br\/noticias\/\",\"name\":\"Suno Not\u00edcias\",\"description\":\"Seu portal de informa\u00e7\u00e3o sobre o mundo dos investimentos\",\"publisher\":{\"@id\":\"https:\/\/www.suno.com.br\/noticias\/#organization\"},\"potentialAction\":[{\"@type\":\"SearchAction\",\"target\":{\"@type\":\"EntryPoint\",\"urlTemplate\":\"https:\/\/www.suno.com.br\/noticias\/?s={search_term_string}\"},\"query-input\":{\"@type\":\"PropertyValueSpecification\",\"valueRequired\":true,\"valueName\":\"search_term_string\"}}],\"inLanguage\":\"pt-BR\"},{\"@type\":\"Organization\",\"@id\":\"https:\/\/www.suno.com.br\/noticias\/#organization\",\"name\":\"Suno Not\u00edcias\",\"url\":\"https:\/\/www.suno.com.br\/noticias\/\",\"logo\":{\"@type\":\"ImageObject\",\"inLanguage\":\"pt-BR\",\"@id\":\"https:\/\/www.suno.com.br\/noticias\/#\/schema\/logo\/image\/\",\"url\":\"https:\/\/files.sunoresearch.com.br\/n\/uploads\/2021\/09\/suno-logo.png\",\"contentUrl\":\"https:\/\/files.sunoresearch.com.br\/n\/uploads\/2021\/09\/suno-logo.png\",\"width\":180,\"height\":180,\"caption\":\"Suno Not\u00edcias\"},\"image\":{\"@id\":\"https:\/\/www.suno.com.br\/noticias\/#\/schema\/logo\/image\/\"},\"sameAs\":[\"https:\/\/facebook.com\/sunoresearch\",\"https:\/\/x.com\/sunoresearch\",\"https:\/\/www.instagram.com\/suno\",\"https:\/\/www.linkedin.com\/company\/suno-research\/\",\"https:\/\/www.youtube.com\/c\/sunoresearch\"]},{\"@type\":\"Person\",\"@id\":\"https:\/\/www.suno.com.br\/noticias\/#\/schema\/person\/d0f07e64bce64aa671feadfb844f04ca\",\"name\":\"Guilherme Serrano\",\"image\":{\"@type\":\"ImageObject\",\"inLanguage\":\"pt-BR\",\"@id\":\"https:\/\/www.suno.com.br\/noticias\/#\/schema\/person\/image\/\",\"url\":\"https:\/\/secure.gravatar.com\/avatar\/a90be19d8c67bef61497e4522de30ac4?s=96&r=g\",\"contentUrl\":\"https:\/\/secure.gravatar.com\/avatar\/a90be19d8c67bef61497e4522de30ac4?s=96&r=g\",\"caption\":\"Guilherme Serrano\"},\"description\":\"Jornalista formado pela Faculdade C\u00e1sper L\u00edbero e p\u00f3s-graduado em Can\u00e7\u00e3o Popular pela Faculdade Santa Marcelina. Passagens por R\u00e1dio Gazeta AM, gazetaesportiva.com e TC R\u00e1dio.\",\"url\":\"https:\/\/www.suno.com.br\/noticias\/author\/guilherme-silvasuno-com-br\/\"}]}<\/script>\n<!-- \/ Yoast SEO plugin. -->","yoast_head_json":{"title":"Eletrobras (ELET3) pode pagar mais dividendos; entenda a tese","description":"A Eletrobras (ELET3) vender\u00e1 parte de sua fatia na ISA Cteep (TRPL4), e o movimento pode se traduzir em mais dividendos. Clique e entenda.","robots":{"index":"index","follow":"follow","max-snippet":"max-snippet:-1","max-image-preview":"max-image-preview:large","max-video-preview":"max-video-preview:-1"},"canonical":"https:\/\/www.suno.com.br\/noticias\/eletrobras-elet3-venda-isa-cteep-trpl4-dividendos-gss\/","og_locale":"pt_BR","og_type":"article","og_title":"Eletrobras (ELET3) pode pagar mais dividendos; entenda a tese","og_description":"A Eletrobras (ELET3) vender\u00e1 parte de sua fatia na ISA Cteep (TRPL4), e o movimento pode se traduzir em mais dividendos. Clique e entenda.","og_url":"https:\/\/www.suno.com.br\/noticias\/eletrobras-elet3-venda-isa-cteep-trpl4-dividendos-gss\/","og_site_name":"Suno Not\u00edcias","article_publisher":"https:\/\/facebook.com\/sunoresearch","og_image":[{"width":1200,"height":800,"url":"https:\/\/files.sunoresearch.com.br\/n\/uploads\/2022\/06\/eletrobras-sede.jpg","type":"image\/jpeg"}],"author":"Guilherme Serrano","twitter_card":"summary_large_image","twitter_creator":"@sunoresearch","twitter_site":"@sunoresearch","twitter_misc":{"Escrito por":"Guilherme Serrano","Est. tempo de leitura":"2 minutos"},"schema":{"@context":"https:\/\/schema.org","@graph":[{"@type":"NewsArticle","@id":"https:\/\/www.suno.com.br\/noticias\/eletrobras-elet3-venda-isa-cteep-trpl4-dividendos-gss\/#article","isPartOf":{"@id":"https:\/\/www.suno.com.br\/noticias\/eletrobras-elet3-venda-isa-cteep-trpl4-dividendos-gss\/"},"author":{"name":"Guilherme Serrano","@id":"https:\/\/www.suno.com.br\/noticias\/#\/schema\/person\/d0f07e64bce64aa671feadfb844f04ca"},"headline":"Eletrobras (ELET3) pagar\u00e1 mais dividendos ap\u00f3s vender participa\u00e7\u00e3o na ISA Cteep (TRPL4)?","datePublished":"2024-07-15T18:06:40+00:00","dateModified":"2024-07-15T18:06:43+00:00","mainEntityOfPage":{"@id":"https:\/\/www.suno.com.br\/noticias\/eletrobras-elet3-venda-isa-cteep-trpl4-dividendos-gss\/"},"wordCount":393,"publisher":{"@id":"https:\/\/www.suno.com.br\/noticias\/#organization"},"image":{"@id":"https:\/\/www.suno.com.br\/noticias\/eletrobras-elet3-venda-isa-cteep-trpl4-dividendos-gss\/#primaryimage"},"thumbnailUrl":"https:\/\/files.sunoresearch.com.br\/n\/uploads\/2022\/06\/eletrobras-sede.jpg","keywords":["dividendos","Eletrobras (ELET3\/ELET5\/ELET6)"],"articleSection":["Neg\u00f3cios"],"inLanguage":"pt-BR"},{"@type":"WebPage","@id":"https:\/\/www.suno.com.br\/noticias\/eletrobras-elet3-venda-isa-cteep-trpl4-dividendos-gss\/","url":"https:\/\/www.suno.com.br\/noticias\/eletrobras-elet3-venda-isa-cteep-trpl4-dividendos-gss\/","name":"Eletrobras (ELET3) pode pagar mais dividendos; entenda a tese","isPartOf":{"@id":"https:\/\/www.suno.com.br\/noticias\/#website"},"primaryImageOfPage":{"@id":"https:\/\/www.suno.com.br\/noticias\/eletrobras-elet3-venda-isa-cteep-trpl4-dividendos-gss\/#primaryimage"},"image":{"@id":"https:\/\/www.suno.com.br\/noticias\/eletrobras-elet3-venda-isa-cteep-trpl4-dividendos-gss\/#primaryimage"},"thumbnailUrl":"https:\/\/files.sunoresearch.com.br\/n\/uploads\/2022\/06\/eletrobras-sede.jpg","datePublished":"2024-07-15T18:06:40+00:00","dateModified":"2024-07-15T18:06:43+00:00","description":"A Eletrobras (ELET3) vender\u00e1 parte de sua fatia na ISA Cteep (TRPL4), e o movimento pode se traduzir em mais dividendos. Clique e entenda.","breadcrumb":{"@id":"https:\/\/www.suno.com.br\/noticias\/eletrobras-elet3-venda-isa-cteep-trpl4-dividendos-gss\/#breadcrumb"},"inLanguage":"pt-BR","potentialAction":[{"@type":"ReadAction","target":["https:\/\/www.suno.com.br\/noticias\/eletrobras-elet3-venda-isa-cteep-trpl4-dividendos-gss\/"]}]},{"@type":"ImageObject","inLanguage":"pt-BR","@id":"https:\/\/www.suno.com.br\/noticias\/eletrobras-elet3-venda-isa-cteep-trpl4-dividendos-gss\/#primaryimage","url":"https:\/\/files.sunoresearch.com.br\/n\/uploads\/2022\/06\/eletrobras-sede.jpg","contentUrl":"https:\/\/files.sunoresearch.com.br\/n\/uploads\/2022\/06\/eletrobras-sede.jpg","width":1200,"height":800,"caption":"Eletrobras. Foto: Divulga\u00e7\u00e3o"},{"@type":"BreadcrumbList","@id":"https:\/\/www.suno.com.br\/noticias\/eletrobras-elet3-venda-isa-cteep-trpl4-dividendos-gss\/#breadcrumb","itemListElement":[{"@type":"ListItem","position":1,"name":"Not\u00edcias","item":"https:\/\/www.suno.com.br\/noticias\/"},{"@type":"ListItem","position":2,"name":"Neg\u00f3cios","item":"https:\/\/www.suno.com.br\/noticias\/negocios\/"},{"@type":"ListItem","position":3,"name":"Eletrobras (ELET3) pagar\u00e1 mais dividendos ap\u00f3s vender participa\u00e7\u00e3o na ISA Cteep (TRPL4)?"}]},{"@type":"WebSite","@id":"https:\/\/www.suno.com.br\/noticias\/#website","url":"https:\/\/www.suno.com.br\/noticias\/","name":"Suno Not\u00edcias","description":"Seu portal de informa\u00e7\u00e3o sobre o mundo dos investimentos","publisher":{"@id":"https:\/\/www.suno.com.br\/noticias\/#organization"},"potentialAction":[{"@type":"SearchAction","target":{"@type":"EntryPoint","urlTemplate":"https:\/\/www.suno.com.br\/noticias\/?s={search_term_string}"},"query-input":{"@type":"PropertyValueSpecification","valueRequired":true,"valueName":"search_term_string"}}],"inLanguage":"pt-BR"},{"@type":"Organization","@id":"https:\/\/www.suno.com.br\/noticias\/#organization","name":"Suno Not\u00edcias","url":"https:\/\/www.suno.com.br\/noticias\/","logo":{"@type":"ImageObject","inLanguage":"pt-BR","@id":"https:\/\/www.suno.com.br\/noticias\/#\/schema\/logo\/image\/","url":"https:\/\/files.sunoresearch.com.br\/n\/uploads\/2021\/09\/suno-logo.png","contentUrl":"https:\/\/files.sunoresearch.com.br\/n\/uploads\/2021\/09\/suno-logo.png","width":180,"height":180,"caption":"Suno Not\u00edcias"},"image":{"@id":"https:\/\/www.suno.com.br\/noticias\/#\/schema\/logo\/image\/"},"sameAs":["https:\/\/facebook.com\/sunoresearch","https:\/\/x.com\/sunoresearch","https:\/\/www.instagram.com\/suno","https:\/\/www.linkedin.com\/company\/suno-research\/","https:\/\/www.youtube.com\/c\/sunoresearch"]},{"@type":"Person","@id":"https:\/\/www.suno.com.br\/noticias\/#\/schema\/person\/d0f07e64bce64aa671feadfb844f04ca","name":"Guilherme Serrano","image":{"@type":"ImageObject","inLanguage":"pt-BR","@id":"https:\/\/www.suno.com.br\/noticias\/#\/schema\/person\/image\/","url":"https:\/\/secure.gravatar.com\/avatar\/a90be19d8c67bef61497e4522de30ac4?s=96&r=g","contentUrl":"https:\/\/secure.gravatar.com\/avatar\/a90be19d8c67bef61497e4522de30ac4?s=96&r=g","caption":"Guilherme Serrano"},"description":"Jornalista formado pela Faculdade C\u00e1sper L\u00edbero e p\u00f3s-graduado em Can\u00e7\u00e3o Popular pela Faculdade Santa Marcelina. Passagens por R\u00e1dio Gazeta AM, gazetaesportiva.com e TC R\u00e1dio.","url":"https:\/\/www.suno.com.br\/noticias\/author\/guilherme-silvasuno-com-br\/"}]}},"default_loop_html":"<div class=\"cardsPage__listCard__boxs\"><div class=\"cardsPage__listCard__boxs__img\"><a href=\"https:\/\/www.suno.com.br\/noticias\/eletrobras-elet3-venda-isa-cteep-trpl4-dividendos-gss\/\"><img class=\"mask\" src=\"https:\/\/www.suno.com.br\/noticias\/wp-content\/themes\/suno\/resources\/images\/spotlight\/spotlight1img\/bg-mask.png\" alt=\"Image Mask\"\/><img src=\"https:\/\/files.sunoresearch.com.br\/n\/uploads\/2022\/06\/eletrobras-sede-400x200.jpg\" alt=\"Eletrobras (ELET3) pagar\u00e1 mais dividendos ap\u00f3s vender participa\u00e7\u00e3o na ISA Cteep (TRPL4)?\"\/><\/a><span class=\"spotlightCategory\"><a href=\"https:\/\/www.suno.com.br\/noticias\/negocios\/\">Neg\u00f3cios<\/a><\/span><\/div><div class=\"cardsPage__listCard__boxs__content\"><a href=\"https:\/\/www.suno.com.br\/noticias\/eletrobras-elet3-venda-isa-cteep-trpl4-dividendos-gss\/\"><h2 class=\"content__title\">Eletrobras (ELET3) pagar\u00e1 mais dividendos ap\u00f3s vender participa\u00e7\u00e3o na ISA Cteep (TRPL4)?<\/h2><\/a><div class=\"newsContent__article__meta\"><div class=\"newsContent__article__meta__authorBox\"><a href=\"https:\/\/www.suno.com.br\/noticias\/author\/guilherme-silvasuno-com-br\/\" class=\"authorBox__avatar noMobi\"><img src=\"https:\/\/secure.gravatar.com\/avatar\/a90be19d8c67bef61497e4522de30ac4?s=96&#038;r=g\" alt=\"Guilherme Serrano\"><\/a><div class=\"authorBox__name\"><span>por\n\t\t\t<a href=\"https:\/\/www.suno.com.br\/noticias\/author\/guilherme-silvasuno-com-br\/\"><span itemprop=\"author\">Guilherme Serrano<\/span><\/a><\/span><time datetime=\"2024-07-15T15:06:40-03:00\" itemprop=\"datePublished\">15\/07\/2024 15:06<\/time><\/div><\/div><\/div><\/div><\/div>","single_layout":"posts","amp_enabled":true,"_links":{"self":[{"href":"https:\/\/www.suno.com.br\/noticias\/wp-json\/wp\/v2\/posts\/566541"}],"collection":[{"href":"https:\/\/www.suno.com.br\/noticias\/wp-json\/wp\/v2\/posts"}],"about":[{"href":"https:\/\/www.suno.com.br\/noticias\/wp-json\/wp\/v2\/types\/post"}],"author":[{"embeddable":true,"href":"https:\/\/www.suno.com.br\/noticias\/wp-json\/wp\/v2\/users\/376"}],"replies":[{"embeddable":true,"href":"https:\/\/www.suno.com.br\/noticias\/wp-json\/wp\/v2\/comments?post=566541"}],"version-history":[{"count":2,"href":"https:\/\/www.suno.com.br\/noticias\/wp-json\/wp\/v2\/posts\/566541\/revisions"}],"predecessor-version":[{"id":566546,"href":"https:\/\/www.suno.com.br\/noticias\/wp-json\/wp\/v2\/posts\/566541\/revisions\/566546"}],"wp:featuredmedia":[{"embeddable":true,"href":"https:\/\/www.suno.com.br\/noticias\/wp-json\/wp\/v2\/media\/266355"}],"wp:attachment":[{"href":"https:\/\/www.suno.com.br\/noticias\/wp-json\/wp\/v2\/media?parent=566541"}],"wp:term":[{"taxonomy":"category","embeddable":true,"href":"https:\/\/www.suno.com.br\/noticias\/wp-json\/wp\/v2\/categories?post=566541"},{"taxonomy":"post_tag","embeddable":true,"href":"https:\/\/www.suno.com.br\/noticias\/wp-json\/wp\/v2\/tags?post=566541"},{"taxonomy":"suno_strategy","embeddable":true,"href":"https:\/\/www.suno.com.br\/noticias\/wp-json\/wp\/v2\/suno_strategy?post=566541"}],"curies":[{"name":"wp","href":"https:\/\/api.w.org\/{rel}","templated":true}]}}