{"id":566265,"date":"2024-07-12T10:38:57","date_gmt":"2024-07-12T13:38:57","guid":{"rendered":"https:\/\/www.suno.com.br\/noticias\/?p=566265"},"modified":"2024-07-12T10:39:00","modified_gmt":"2024-07-12T13:39:00","slug":"dolar-itau-eleva-projecao-inflacao-gss","status":"publish","type":"post","link":"https:\/\/www.suno.com.br\/noticias\/dolar-itau-eleva-projecao-inflacao-gss\/","title":{"rendered":"D\u00f3lar: Ita\u00fa eleva proje\u00e7\u00e3o para R$ 5,30 ao final de 2024"},"content":{"rendered":"<p>Em novo relat\u00f3rio macroecon\u00f4mico sobre o Brasil, os analistas do Ita\u00fa elevaram suas proje\u00e7\u00f5es para o <strong>d\u00f3lar<\/strong> e para infla\u00e7\u00e3o ao final de 2024, destacando uma piora na percep\u00e7\u00e3o de risco fiscal.<\/p>\t<div class=\"wrapper-featured-image\">\n\t\t<figure class=\"spotlightImg\">\n\n\t\t\t<picture>\n\t\t\t\t<source media=\"(max-width: 768px)\" srcset=\"https:\/\/files.sunoresearch.com.br\/n\/uploads\/2024\/07\/iStock-1276948500-400x200.jpg\">\n\t\t\t\t<img loading=\"lazy\" decoding=\"async\" class=\"newsContent__article__imgCapa lazyloadDisabled \" src=\"https:\/\/files.sunoresearch.com.br\/n\/uploads\/2024\/07\/iStock-1276948500-800x450.jpg\" width=\"800\" height=\"450\" alt=\"D\u00f3lar: Ita\u00fa eleva proje\u00e7\u00e3o para R$ 5,30 ao final de 2024\" fetchpriority=high \/>\n\t\t\t<\/picture>\n\n\t\t\t<figcaption class=\"wp-caption-text wp-caption-text--show\">D\u00f3lar. Foto: iStock<\/figcaption>\n\t\t<\/figure>\n\t<\/div>\n\n\n\n\n\n\n\n\t<p>\n\t\t<a href=\"https:\/\/lp.suno.com.br\/ebook-como-analisar-uma-acao\/\" target=\"_blank\" data-element=\"shortcode-suno-banner\" title=\"Banner SUNO, clique e saiba mais\">\n\t\t\t<picture>\n\t\t\t\t<source media=\"(max-width: 500px)\" srcset=\"https:\/\/files.sunoresearch.com.br\/n\/uploads\/2023\/03\/Ebook-Acoes-Mobile.jpg\">\n\t\t\t\t<img class=\"newsContent__article__imgCapa newsContent__article__imgCapa--banner\"\n\t\t\t\t\tsrc=\"https:\/\/files.sunoresearch.com.br\/n\/uploads\/2023\/03\/Ebook-Acoes-Desktop.jpg\"\n\t\t\t\t\tdata-promo-id=\"378302\"\t\t\t\t\t\t\t\t\t\twidth='1420' height='286'\t\t\t\t\talt=\"https:\/\/files.sunoresearch.com.br\/n\/uploads\/2023\/03\/Ebook-Acoes-Desktop.jpg\"\n\t\t\t\t>\n\t\t\t<\/picture>\n\t\t<\/a>\n\t<\/p>\n\n\n\n\n\n<p>A casa afirma que o <strong>risco fiscal<\/strong> se agravou diante da forte alta dos gastos e uma agenda de receitas pr\u00f3xima ao limite do crescimento. Com isso, dizem os analistas, iniciativas de economia de gastos s\u00e3o fundamentais, incluindo o an\u00fancio de bloqueio de despesas de ao menos R$ 20 bilh\u00f5es.<\/p>\n\n\n\n<p>A proje\u00e7\u00e3o de <strong>d\u00e9ficit prim\u00e1rio<\/strong> para este ano foi mantida em 0,60% do PIB, ou R$ 75 bilh\u00f5es. Para 2025, a expectativa \u00e9 de d\u00e9ficit de 0,90% do Produto Interno Bruto brasileiro, ou R$ 105 bilh\u00f5es.<\/p>\n\n\n\n<p>J\u00e1 em rela\u00e7\u00e3o ao <strong>c\u00e2mbio<\/strong>, a previs\u00e3o do Ita\u00fa foi elevada para R$ 5,30 ao final de 2024, ante R$ 5,15. Para 2025, os analistas agora esperam um d\u00f3lar a R$ 5,40, ante R$ 5,25, refletindo a deteriora\u00e7\u00e3o dos mercados quanto \u00e0s incertezas dom\u00e9sticas.<\/p>\n\n\n\n<p>&#8220;Projetamos alguma aprecia\u00e7\u00e3o do c\u00e2mbio frente ao patamar atual, mas condicional ao an\u00fancio do bloqueio de despesas. Caso o cen\u00e1rio esperado n\u00e3o se confirme, podemos voltar a n\u00edveis t\u00e3o depreciados ou ainda mais do que as m\u00e1ximas recentes&#8221;, diz o Ita\u00fa em relat\u00f3rio.<\/p>\n\n\n\t<p>\n\t\t<a href=\"https:\/\/lp.suno.com.br\/ebook-gratuito-investindo-no-exterior\/\" target=\"_blank\" data-element=\"shortcode-suno-banner\" title=\"Banner SUNO, clique e saiba mais\">\n\t\t\t<picture>\n\t\t\t\t<source media=\"(max-width: 500px)\" srcset=\"https:\/\/files.sunoresearch.com.br\/n\/uploads\/2023\/03\/400x300-Investindo-no-exterior.png\">\n\t\t\t\t<img class=\"newsContent__article__imgCapa newsContent__article__imgCapa--banner\"\n\t\t\t\t\tsrc=\"https:\/\/files.sunoresearch.com.br\/n\/uploads\/2023\/03\/1420x240-Investindo-no-exterior.png\"\n\t\t\t\t\tdata-promo-id=\"383161\"\t\t\t\t\t\t\t\t\t\twidth='1420' height='240'\t\t\t\t\talt=\"https:\/\/files.sunoresearch.com.br\/n\/uploads\/2023\/03\/1420x240-Investindo-no-exterior.png\"\n\t\t\t\t>\n\t\t\t<\/picture>\n\t\t<\/a>\n\t<\/p>\n\n\n\n\n\n<p>Sobre o <strong>PIB<\/strong> deste ano, a expectativa de crescimento de 2,30% foi mantida, com o consumo sustentado e a recupera\u00e7\u00e3o do investimento. A trag\u00e9dia no Rio Grande do Sul, diz a casa, n\u00e3o parece ter afetado o <strong>crescimento do PIB<\/strong> agregado do ano.<\/p>\n\n\n\n<p>&#8220;O consumo deve continuar sustentado pelo crescimento da renda, em meio ao <a class=\"suno-keyword\" target=\"_blank\" data-force=\"no\" data-priority=\"2\" href=\"https:\/\/www.suno.com.br\/artigos\/mercado-de-trabalho\/\" rel=\"noopener\">mercado de trabalho<\/a> resiliente e a expans\u00e3o credit\u00edcia. O investimento, por sua vez, vem se recuperando, apesar de em patamar ainda historicamente baixo&#8221;, escrevem os analistas.<\/p>\n\n\n\n<p>O Ita\u00fa tamb\u00e9m espera uma <strong>infla\u00e7\u00e3o<\/strong> mais alta ao final deste ano, tendo revisado sua expectativa de 3,80% para 4%, citando os efeitos da moeda mais fraca em rela\u00e7\u00e3o aos pre\u00e7os dos alimentos e bens.<\/p>\n\n\n\n<p>&#8220;Dessa forma, incorporamos parte dos efeitos da deprecia\u00e7\u00e3o do c\u00e2mbio j\u00e1 em 2024. Incorporamos tamb\u00e9m o reajuste de 7% de gasolina anunciado recentemente pela Petrobr\u00e1s. O balan\u00e7o de riscos para nossa proje\u00e7\u00e3o segue assim\u00e9trico de alta: um c\u00e2mbio ainda mais depreciado pode ter efeitos adicionais sobre alimentos e industriais&#8221;, diz o Ita\u00fa sobre a infla\u00e7\u00e3o e o <strong>d\u00f3lar<\/strong>.<\/p>\n\n\n\t<p>\n\t\t<a href=\"https:\/\/lp.suno.com.br\/planilha-da-vida-financeira\/\" target=\"_blank\" data-element=\"shortcode-suno-banner\" title=\"Banner SUNO, clique e saiba mais\">\n\t\t\t<picture>\n\t\t\t\t<source media=\"(max-width: 500px)\" srcset=\"https:\/\/files.sunoresearch.com.br\/n\/uploads\/2023\/04\/400x300-Planilha-vida-financeira-true.png\">\n\t\t\t\t<img class=\"newsContent__article__imgCapa newsContent__article__imgCapa--banner\"\n\t\t\t\t\tsrc=\"https:\/\/files.sunoresearch.com.br\/n\/uploads\/2023\/04\/1420x240-Planilha-vida-financeira-true.png\"\n\t\t\t\t\tdata-promo-id=\"383123\"\t\t\t\t\t\t\t\t\t\twidth='1420' height='240'\t\t\t\t\talt=\"https:\/\/files.sunoresearch.com.br\/n\/uploads\/2023\/04\/1420x240-Planilha-vida-financeira-true.png\"\n\t\t\t\t>\n\t\t\t<\/picture>\n\t\t<\/a>\n\t<\/p>\n\n\n","protected":false},"excerpt":{"rendered":"<p>Em novo relat\u00f3rio macroecon\u00f4mico sobre o Brasil, os analistas do Ita\u00fa elevaram suas proje\u00e7\u00f5es para o d\u00f3lar e para infla\u00e7\u00e3o ao final de 2024, destacando uma piora na percep\u00e7\u00e3o de risco fiscal. D\u00f3lar. Foto: iStock A casa afirma que o risco fiscal se agravou diante da forte alta dos gastos e uma agenda de receitas [&hellip;]<\/p>\n","protected":false},"author":376,"featured_media":566271,"comment_status":"closed","ping_status":"closed","sticky":false,"template":"","format":"standard","meta":[],"categories":[64],"tags":[326],"suno_strategy":[],"class_list":["post-566265","post","type-post","status-publish","format-standard","has-post-thumbnail","hentry","category-negocios","tag-dolar"],"yoast_head":"<!-- This site is optimized with the Yoast SEO plugin v24.4 - https:\/\/yoast.com\/wordpress\/plugins\/seo\/ -->\n<title>D\u00f3lar: Ita\u00fa eleva proje\u00e7\u00e3o para R$ 5,30 ao final de 2024<\/title>\n<meta name=\"description\" content=\"Em novo relat\u00f3rio macroecon\u00f4mico sobre o Brasil, os analistas do Ita\u00fa elevaram suas proje\u00e7\u00f5es para o d\u00f3lar e para infla\u00e7\u00e3o ao final de 2024.\" \/>\n<meta name=\"robots\" content=\"index, follow, max-snippet:-1, max-image-preview:large, max-video-preview:-1\" \/>\n<link rel=\"canonical\" href=\"https:\/\/www.suno.com.br\/noticias\/dolar-itau-eleva-projecao-inflacao-gss\/\" \/>\n<meta property=\"og:locale\" content=\"pt_BR\" \/>\n<meta property=\"og:type\" content=\"article\" \/>\n<meta property=\"og:title\" content=\"D\u00f3lar: Ita\u00fa eleva proje\u00e7\u00e3o para R$ 5,30 ao final de 2024\" \/>\n<meta property=\"og:description\" content=\"Em novo relat\u00f3rio macroecon\u00f4mico sobre o Brasil, os analistas do Ita\u00fa elevaram suas proje\u00e7\u00f5es para o d\u00f3lar e para infla\u00e7\u00e3o ao final de 2024.\" \/>\n<meta property=\"og:url\" content=\"https:\/\/www.suno.com.br\/noticias\/dolar-itau-eleva-projecao-inflacao-gss\/\" \/>\n<meta property=\"og:site_name\" content=\"Suno Not\u00edcias\" \/>\n<meta property=\"article:publisher\" content=\"https:\/\/facebook.com\/sunoresearch\" \/>\n<meta property=\"og:image\" content=\"https:\/\/files.sunoresearch.com.br\/n\/uploads\/2024\/07\/iStock-1276948500.jpg\" \/>\n\t<meta property=\"og:image:width\" content=\"1254\" \/>\n\t<meta property=\"og:image:height\" content=\"836\" \/>\n\t<meta property=\"og:image:type\" content=\"image\/jpeg\" \/>\n<meta name=\"author\" content=\"Guilherme Serrano\" \/>\n<meta name=\"twitter:card\" content=\"summary_large_image\" \/>\n<meta name=\"twitter:creator\" content=\"@sunoresearch\" \/>\n<meta name=\"twitter:site\" content=\"@sunoresearch\" \/>\n<meta name=\"twitter:label1\" content=\"Escrito por\" \/>\n\t<meta name=\"twitter:data1\" content=\"Guilherme Serrano\" \/>\n\t<meta name=\"twitter:label2\" content=\"Est. tempo de leitura\" \/>\n\t<meta name=\"twitter:data2\" content=\"3 minutos\" \/>\n<script type=\"application\/ld+json\" class=\"yoast-schema-graph\">{\"@context\":\"https:\/\/schema.org\",\"@graph\":[{\"@type\":\"NewsArticle\",\"@id\":\"https:\/\/www.suno.com.br\/noticias\/dolar-itau-eleva-projecao-inflacao-gss\/#article\",\"isPartOf\":{\"@id\":\"https:\/\/www.suno.com.br\/noticias\/dolar-itau-eleva-projecao-inflacao-gss\/\"},\"author\":{\"name\":\"Guilherme Serrano\",\"@id\":\"https:\/\/www.suno.com.br\/noticias\/#\/schema\/person\/d0f07e64bce64aa671feadfb844f04ca\"},\"headline\":\"D\u00f3lar: Ita\u00fa eleva proje\u00e7\u00e3o para R$ 5,30 ao final de 2024\",\"datePublished\":\"2024-07-12T13:38:57+00:00\",\"dateModified\":\"2024-07-12T13:39:00+00:00\",\"mainEntityOfPage\":{\"@id\":\"https:\/\/www.suno.com.br\/noticias\/dolar-itau-eleva-projecao-inflacao-gss\/\"},\"wordCount\":430,\"publisher\":{\"@id\":\"https:\/\/www.suno.com.br\/noticias\/#organization\"},\"image\":{\"@id\":\"https:\/\/www.suno.com.br\/noticias\/dolar-itau-eleva-projecao-inflacao-gss\/#primaryimage\"},\"thumbnailUrl\":\"https:\/\/files.sunoresearch.com.br\/n\/uploads\/2024\/07\/iStock-1276948500.jpg\",\"keywords\":[\"d\u00f3lar\"],\"articleSection\":[\"Neg\u00f3cios\"],\"inLanguage\":\"pt-BR\"},{\"@type\":\"WebPage\",\"@id\":\"https:\/\/www.suno.com.br\/noticias\/dolar-itau-eleva-projecao-inflacao-gss\/\",\"url\":\"https:\/\/www.suno.com.br\/noticias\/dolar-itau-eleva-projecao-inflacao-gss\/\",\"name\":\"D\u00f3lar: Ita\u00fa eleva proje\u00e7\u00e3o para R$ 5,30 ao final de 2024\",\"isPartOf\":{\"@id\":\"https:\/\/www.suno.com.br\/noticias\/#website\"},\"primaryImageOfPage\":{\"@id\":\"https:\/\/www.suno.com.br\/noticias\/dolar-itau-eleva-projecao-inflacao-gss\/#primaryimage\"},\"image\":{\"@id\":\"https:\/\/www.suno.com.br\/noticias\/dolar-itau-eleva-projecao-inflacao-gss\/#primaryimage\"},\"thumbnailUrl\":\"https:\/\/files.sunoresearch.com.br\/n\/uploads\/2024\/07\/iStock-1276948500.jpg\",\"datePublished\":\"2024-07-12T13:38:57+00:00\",\"dateModified\":\"2024-07-12T13:39:00+00:00\",\"description\":\"Em novo relat\u00f3rio macroecon\u00f4mico sobre o Brasil, os analistas do Ita\u00fa elevaram suas proje\u00e7\u00f5es para o d\u00f3lar e para infla\u00e7\u00e3o ao final de 2024.\",\"breadcrumb\":{\"@id\":\"https:\/\/www.suno.com.br\/noticias\/dolar-itau-eleva-projecao-inflacao-gss\/#breadcrumb\"},\"inLanguage\":\"pt-BR\",\"potentialAction\":[{\"@type\":\"ReadAction\",\"target\":[\"https:\/\/www.suno.com.br\/noticias\/dolar-itau-eleva-projecao-inflacao-gss\/\"]}]},{\"@type\":\"ImageObject\",\"inLanguage\":\"pt-BR\",\"@id\":\"https:\/\/www.suno.com.br\/noticias\/dolar-itau-eleva-projecao-inflacao-gss\/#primaryimage\",\"url\":\"https:\/\/files.sunoresearch.com.br\/n\/uploads\/2024\/07\/iStock-1276948500.jpg\",\"contentUrl\":\"https:\/\/files.sunoresearch.com.br\/n\/uploads\/2024\/07\/iStock-1276948500.jpg\",\"width\":1254,\"height\":836,\"caption\":\"D\u00f3lar. Foto: iStock\"},{\"@type\":\"BreadcrumbList\",\"@id\":\"https:\/\/www.suno.com.br\/noticias\/dolar-itau-eleva-projecao-inflacao-gss\/#breadcrumb\",\"itemListElement\":[{\"@type\":\"ListItem\",\"position\":1,\"name\":\"Not\u00edcias\",\"item\":\"https:\/\/www.suno.com.br\/noticias\/\"},{\"@type\":\"ListItem\",\"position\":2,\"name\":\"Neg\u00f3cios\",\"item\":\"https:\/\/www.suno.com.br\/noticias\/negocios\/\"},{\"@type\":\"ListItem\",\"position\":3,\"name\":\"D\u00f3lar: Ita\u00fa eleva proje\u00e7\u00e3o para R$ 5,30 ao final de 2024\"}]},{\"@type\":\"WebSite\",\"@id\":\"https:\/\/www.suno.com.br\/noticias\/#website\",\"url\":\"https:\/\/www.suno.com.br\/noticias\/\",\"name\":\"Suno Not\u00edcias\",\"description\":\"Seu portal de informa\u00e7\u00e3o sobre o mundo dos investimentos\",\"publisher\":{\"@id\":\"https:\/\/www.suno.com.br\/noticias\/#organization\"},\"potentialAction\":[{\"@type\":\"SearchAction\",\"target\":{\"@type\":\"EntryPoint\",\"urlTemplate\":\"https:\/\/www.suno.com.br\/noticias\/?s={search_term_string}\"},\"query-input\":{\"@type\":\"PropertyValueSpecification\",\"valueRequired\":true,\"valueName\":\"search_term_string\"}}],\"inLanguage\":\"pt-BR\"},{\"@type\":\"Organization\",\"@id\":\"https:\/\/www.suno.com.br\/noticias\/#organization\",\"name\":\"Suno Not\u00edcias\",\"url\":\"https:\/\/www.suno.com.br\/noticias\/\",\"logo\":{\"@type\":\"ImageObject\",\"inLanguage\":\"pt-BR\",\"@id\":\"https:\/\/www.suno.com.br\/noticias\/#\/schema\/logo\/image\/\",\"url\":\"https:\/\/files.sunoresearch.com.br\/n\/uploads\/2021\/09\/suno-logo.png\",\"contentUrl\":\"https:\/\/files.sunoresearch.com.br\/n\/uploads\/2021\/09\/suno-logo.png\",\"width\":180,\"height\":180,\"caption\":\"Suno Not\u00edcias\"},\"image\":{\"@id\":\"https:\/\/www.suno.com.br\/noticias\/#\/schema\/logo\/image\/\"},\"sameAs\":[\"https:\/\/facebook.com\/sunoresearch\",\"https:\/\/x.com\/sunoresearch\",\"https:\/\/www.instagram.com\/suno\",\"https:\/\/www.linkedin.com\/company\/suno-research\/\",\"https:\/\/www.youtube.com\/c\/sunoresearch\"]},{\"@type\":\"Person\",\"@id\":\"https:\/\/www.suno.com.br\/noticias\/#\/schema\/person\/d0f07e64bce64aa671feadfb844f04ca\",\"name\":\"Guilherme Serrano\",\"image\":{\"@type\":\"ImageObject\",\"inLanguage\":\"pt-BR\",\"@id\":\"https:\/\/www.suno.com.br\/noticias\/#\/schema\/person\/image\/\",\"url\":\"https:\/\/secure.gravatar.com\/avatar\/a90be19d8c67bef61497e4522de30ac4?s=96&r=g\",\"contentUrl\":\"https:\/\/secure.gravatar.com\/avatar\/a90be19d8c67bef61497e4522de30ac4?s=96&r=g\",\"caption\":\"Guilherme Serrano\"},\"description\":\"Jornalista formado pela Faculdade C\u00e1sper L\u00edbero e p\u00f3s-graduado em Can\u00e7\u00e3o Popular pela Faculdade Santa Marcelina. Passagens por R\u00e1dio Gazeta AM, gazetaesportiva.com e TC R\u00e1dio.\",\"url\":\"https:\/\/www.suno.com.br\/noticias\/author\/guilherme-silvasuno-com-br\/\"}]}<\/script>\n<!-- \/ Yoast SEO plugin. -->","yoast_head_json":{"title":"D\u00f3lar: Ita\u00fa eleva proje\u00e7\u00e3o para R$ 5,30 ao final de 2024","description":"Em novo relat\u00f3rio macroecon\u00f4mico sobre o Brasil, os analistas do Ita\u00fa elevaram suas proje\u00e7\u00f5es para o d\u00f3lar e para infla\u00e7\u00e3o ao final de 2024.","robots":{"index":"index","follow":"follow","max-snippet":"max-snippet:-1","max-image-preview":"max-image-preview:large","max-video-preview":"max-video-preview:-1"},"canonical":"https:\/\/www.suno.com.br\/noticias\/dolar-itau-eleva-projecao-inflacao-gss\/","og_locale":"pt_BR","og_type":"article","og_title":"D\u00f3lar: Ita\u00fa eleva proje\u00e7\u00e3o para R$ 5,30 ao final de 2024","og_description":"Em novo relat\u00f3rio macroecon\u00f4mico sobre o Brasil, os analistas do Ita\u00fa elevaram suas proje\u00e7\u00f5es para o d\u00f3lar e para infla\u00e7\u00e3o ao final de 2024.","og_url":"https:\/\/www.suno.com.br\/noticias\/dolar-itau-eleva-projecao-inflacao-gss\/","og_site_name":"Suno Not\u00edcias","article_publisher":"https:\/\/facebook.com\/sunoresearch","og_image":[{"width":1254,"height":836,"url":"https:\/\/files.sunoresearch.com.br\/n\/uploads\/2024\/07\/iStock-1276948500.jpg","type":"image\/jpeg"}],"author":"Guilherme Serrano","twitter_card":"summary_large_image","twitter_creator":"@sunoresearch","twitter_site":"@sunoresearch","twitter_misc":{"Escrito por":"Guilherme Serrano","Est. tempo de leitura":"3 minutos"},"schema":{"@context":"https:\/\/schema.org","@graph":[{"@type":"NewsArticle","@id":"https:\/\/www.suno.com.br\/noticias\/dolar-itau-eleva-projecao-inflacao-gss\/#article","isPartOf":{"@id":"https:\/\/www.suno.com.br\/noticias\/dolar-itau-eleva-projecao-inflacao-gss\/"},"author":{"name":"Guilherme Serrano","@id":"https:\/\/www.suno.com.br\/noticias\/#\/schema\/person\/d0f07e64bce64aa671feadfb844f04ca"},"headline":"D\u00f3lar: Ita\u00fa eleva proje\u00e7\u00e3o para R$ 5,30 ao final de 2024","datePublished":"2024-07-12T13:38:57+00:00","dateModified":"2024-07-12T13:39:00+00:00","mainEntityOfPage":{"@id":"https:\/\/www.suno.com.br\/noticias\/dolar-itau-eleva-projecao-inflacao-gss\/"},"wordCount":430,"publisher":{"@id":"https:\/\/www.suno.com.br\/noticias\/#organization"},"image":{"@id":"https:\/\/www.suno.com.br\/noticias\/dolar-itau-eleva-projecao-inflacao-gss\/#primaryimage"},"thumbnailUrl":"https:\/\/files.sunoresearch.com.br\/n\/uploads\/2024\/07\/iStock-1276948500.jpg","keywords":["d\u00f3lar"],"articleSection":["Neg\u00f3cios"],"inLanguage":"pt-BR"},{"@type":"WebPage","@id":"https:\/\/www.suno.com.br\/noticias\/dolar-itau-eleva-projecao-inflacao-gss\/","url":"https:\/\/www.suno.com.br\/noticias\/dolar-itau-eleva-projecao-inflacao-gss\/","name":"D\u00f3lar: Ita\u00fa eleva proje\u00e7\u00e3o para R$ 5,30 ao final de 2024","isPartOf":{"@id":"https:\/\/www.suno.com.br\/noticias\/#website"},"primaryImageOfPage":{"@id":"https:\/\/www.suno.com.br\/noticias\/dolar-itau-eleva-projecao-inflacao-gss\/#primaryimage"},"image":{"@id":"https:\/\/www.suno.com.br\/noticias\/dolar-itau-eleva-projecao-inflacao-gss\/#primaryimage"},"thumbnailUrl":"https:\/\/files.sunoresearch.com.br\/n\/uploads\/2024\/07\/iStock-1276948500.jpg","datePublished":"2024-07-12T13:38:57+00:00","dateModified":"2024-07-12T13:39:00+00:00","description":"Em novo relat\u00f3rio macroecon\u00f4mico sobre o Brasil, os analistas do Ita\u00fa elevaram suas proje\u00e7\u00f5es para o d\u00f3lar e para infla\u00e7\u00e3o ao final de 2024.","breadcrumb":{"@id":"https:\/\/www.suno.com.br\/noticias\/dolar-itau-eleva-projecao-inflacao-gss\/#breadcrumb"},"inLanguage":"pt-BR","potentialAction":[{"@type":"ReadAction","target":["https:\/\/www.suno.com.br\/noticias\/dolar-itau-eleva-projecao-inflacao-gss\/"]}]},{"@type":"ImageObject","inLanguage":"pt-BR","@id":"https:\/\/www.suno.com.br\/noticias\/dolar-itau-eleva-projecao-inflacao-gss\/#primaryimage","url":"https:\/\/files.sunoresearch.com.br\/n\/uploads\/2024\/07\/iStock-1276948500.jpg","contentUrl":"https:\/\/files.sunoresearch.com.br\/n\/uploads\/2024\/07\/iStock-1276948500.jpg","width":1254,"height":836,"caption":"D\u00f3lar. Foto: iStock"},{"@type":"BreadcrumbList","@id":"https:\/\/www.suno.com.br\/noticias\/dolar-itau-eleva-projecao-inflacao-gss\/#breadcrumb","itemListElement":[{"@type":"ListItem","position":1,"name":"Not\u00edcias","item":"https:\/\/www.suno.com.br\/noticias\/"},{"@type":"ListItem","position":2,"name":"Neg\u00f3cios","item":"https:\/\/www.suno.com.br\/noticias\/negocios\/"},{"@type":"ListItem","position":3,"name":"D\u00f3lar: Ita\u00fa eleva proje\u00e7\u00e3o para R$ 5,30 ao final de 2024"}]},{"@type":"WebSite","@id":"https:\/\/www.suno.com.br\/noticias\/#website","url":"https:\/\/www.suno.com.br\/noticias\/","name":"Suno Not\u00edcias","description":"Seu portal de informa\u00e7\u00e3o sobre o mundo dos investimentos","publisher":{"@id":"https:\/\/www.suno.com.br\/noticias\/#organization"},"potentialAction":[{"@type":"SearchAction","target":{"@type":"EntryPoint","urlTemplate":"https:\/\/www.suno.com.br\/noticias\/?s={search_term_string}"},"query-input":{"@type":"PropertyValueSpecification","valueRequired":true,"valueName":"search_term_string"}}],"inLanguage":"pt-BR"},{"@type":"Organization","@id":"https:\/\/www.suno.com.br\/noticias\/#organization","name":"Suno Not\u00edcias","url":"https:\/\/www.suno.com.br\/noticias\/","logo":{"@type":"ImageObject","inLanguage":"pt-BR","@id":"https:\/\/www.suno.com.br\/noticias\/#\/schema\/logo\/image\/","url":"https:\/\/files.sunoresearch.com.br\/n\/uploads\/2021\/09\/suno-logo.png","contentUrl":"https:\/\/files.sunoresearch.com.br\/n\/uploads\/2021\/09\/suno-logo.png","width":180,"height":180,"caption":"Suno Not\u00edcias"},"image":{"@id":"https:\/\/www.suno.com.br\/noticias\/#\/schema\/logo\/image\/"},"sameAs":["https:\/\/facebook.com\/sunoresearch","https:\/\/x.com\/sunoresearch","https:\/\/www.instagram.com\/suno","https:\/\/www.linkedin.com\/company\/suno-research\/","https:\/\/www.youtube.com\/c\/sunoresearch"]},{"@type":"Person","@id":"https:\/\/www.suno.com.br\/noticias\/#\/schema\/person\/d0f07e64bce64aa671feadfb844f04ca","name":"Guilherme Serrano","image":{"@type":"ImageObject","inLanguage":"pt-BR","@id":"https:\/\/www.suno.com.br\/noticias\/#\/schema\/person\/image\/","url":"https:\/\/secure.gravatar.com\/avatar\/a90be19d8c67bef61497e4522de30ac4?s=96&r=g","contentUrl":"https:\/\/secure.gravatar.com\/avatar\/a90be19d8c67bef61497e4522de30ac4?s=96&r=g","caption":"Guilherme Serrano"},"description":"Jornalista formado pela Faculdade C\u00e1sper L\u00edbero e p\u00f3s-graduado em Can\u00e7\u00e3o Popular pela Faculdade Santa Marcelina. Passagens por R\u00e1dio Gazeta AM, gazetaesportiva.com e TC R\u00e1dio.","url":"https:\/\/www.suno.com.br\/noticias\/author\/guilherme-silvasuno-com-br\/"}]}},"default_loop_html":"<div class=\"cardsPage__listCard__boxs\"><div class=\"cardsPage__listCard__boxs__img\"><a href=\"https:\/\/www.suno.com.br\/noticias\/dolar-itau-eleva-projecao-inflacao-gss\/\"><img class=\"mask\" src=\"https:\/\/www.suno.com.br\/noticias\/wp-content\/themes\/suno\/resources\/images\/spotlight\/spotlight1img\/bg-mask.png\" alt=\"Image Mask\"\/><img src=\"https:\/\/files.sunoresearch.com.br\/n\/uploads\/2024\/07\/iStock-1276948500-400x200.jpg\" alt=\"D\u00f3lar: Ita\u00fa eleva proje\u00e7\u00e3o para R$ 5,30 ao final de 2024\"\/><\/a><span class=\"spotlightCategory\"><a href=\"https:\/\/www.suno.com.br\/noticias\/negocios\/\">Neg\u00f3cios<\/a><\/span><\/div><div class=\"cardsPage__listCard__boxs__content\"><a href=\"https:\/\/www.suno.com.br\/noticias\/dolar-itau-eleva-projecao-inflacao-gss\/\"><h2 class=\"content__title\">D\u00f3lar: Ita\u00fa eleva proje\u00e7\u00e3o para R$ 5,30 ao final de 2024<\/h2><\/a><div class=\"newsContent__article__meta\"><div class=\"newsContent__article__meta__authorBox\"><a href=\"https:\/\/www.suno.com.br\/noticias\/author\/guilherme-silvasuno-com-br\/\" class=\"authorBox__avatar noMobi\"><img src=\"https:\/\/secure.gravatar.com\/avatar\/a90be19d8c67bef61497e4522de30ac4?s=96&#038;r=g\" alt=\"Guilherme Serrano\"><\/a><div class=\"authorBox__name\"><span>por\n\t\t\t<a href=\"https:\/\/www.suno.com.br\/noticias\/author\/guilherme-silvasuno-com-br\/\"><span itemprop=\"author\">Guilherme Serrano<\/span><\/a><\/span><time datetime=\"2024-07-12T10:38:57-03:00\" itemprop=\"datePublished\">12\/07\/2024 10:38<\/time><\/div><\/div><\/div><\/div><\/div>","single_layout":"posts","amp_enabled":true,"_links":{"self":[{"href":"https:\/\/www.suno.com.br\/noticias\/wp-json\/wp\/v2\/posts\/566265"}],"collection":[{"href":"https:\/\/www.suno.com.br\/noticias\/wp-json\/wp\/v2\/posts"}],"about":[{"href":"https:\/\/www.suno.com.br\/noticias\/wp-json\/wp\/v2\/types\/post"}],"author":[{"embeddable":true,"href":"https:\/\/www.suno.com.br\/noticias\/wp-json\/wp\/v2\/users\/376"}],"replies":[{"embeddable":true,"href":"https:\/\/www.suno.com.br\/noticias\/wp-json\/wp\/v2\/comments?post=566265"}],"version-history":[{"count":2,"href":"https:\/\/www.suno.com.br\/noticias\/wp-json\/wp\/v2\/posts\/566265\/revisions"}],"predecessor-version":[{"id":566273,"href":"https:\/\/www.suno.com.br\/noticias\/wp-json\/wp\/v2\/posts\/566265\/revisions\/566273"}],"wp:featuredmedia":[{"embeddable":true,"href":"https:\/\/www.suno.com.br\/noticias\/wp-json\/wp\/v2\/media\/566271"}],"wp:attachment":[{"href":"https:\/\/www.suno.com.br\/noticias\/wp-json\/wp\/v2\/media?parent=566265"}],"wp:term":[{"taxonomy":"category","embeddable":true,"href":"https:\/\/www.suno.com.br\/noticias\/wp-json\/wp\/v2\/categories?post=566265"},{"taxonomy":"post_tag","embeddable":true,"href":"https:\/\/www.suno.com.br\/noticias\/wp-json\/wp\/v2\/tags?post=566265"},{"taxonomy":"suno_strategy","embeddable":true,"href":"https:\/\/www.suno.com.br\/noticias\/wp-json\/wp\/v2\/suno_strategy?post=566265"}],"curies":[{"name":"wp","href":"https:\/\/api.w.org\/{rel}","templated":true}]}}