{"id":566240,"date":"2024-07-12T10:00:11","date_gmt":"2024-07-12T13:00:11","guid":{"rendered":"https:\/\/www.suno.com.br\/noticias\/?p=566240"},"modified":"2024-07-12T10:00:14","modified_gmt":"2024-07-12T13:00:14","slug":"reforma-tributaria-pontos-principais-ec-gss","status":"publish","type":"post","link":"https:\/\/www.suno.com.br\/noticias\/reforma-tributaria-pontos-principais-ec-gss\/","title":{"rendered":"Reforma tribut\u00e1ria: veja 11 pontos principais da regulamenta\u00e7\u00e3o"},"content":{"rendered":"<p>A C\u00e2mara dos Deputados aprovou na noite de quarta-feira, 10, o primeiro projeto da regulamenta\u00e7\u00e3o da <strong>reforma tribut\u00e1ria<\/strong>. O texto, que altera a tributa\u00e7\u00e3o de itens do dia a dia, agora segue para an\u00e1lise do Senado. <\/p>\t<div class=\"wrapper-featured-image\">\n\t\t<figure class=\"spotlightImg\">\n\n\t\t\t<picture>\n\t\t\t\t<source media=\"(max-width: 768px)\" srcset=\"https:\/\/files.sunoresearch.com.br\/n\/uploads\/2024\/07\/iStock-1320806352-400x200.jpg\">\n\t\t\t\t<img loading=\"lazy\" decoding=\"async\" class=\"newsContent__article__imgCapa lazyloadDisabled \" src=\"https:\/\/files.sunoresearch.com.br\/n\/uploads\/2024\/07\/iStock-1320806352-800x450.jpg\" width=\"800\" height=\"450\" alt=\"Reforma tribut\u00e1ria: veja 11 pontos principais da regulamenta\u00e7\u00e3o\" fetchpriority=high \/>\n\t\t\t<\/picture>\n\n\t\t\t<figcaption class=\"wp-caption-text wp-caption-text--show\">Reforma tribut\u00e1ria. Foto: iStock<\/figcaption>\n\t\t<\/figure>\n\t<\/div>\n\n\n\n\n\n\n\n\t<p>\n\t\t<a href=\"\" target=\"_blank\" data-element=\"shortcode-suno-banner\" title=\"Banner SUNO, clique e saiba mais\">\n\t\t\t<picture>\n\t\t\t\t<source media=\"(max-width: 500px)\" srcset=\"\">\n\t\t\t\t<img class=\"newsContent__article__imgCapa newsContent__article__imgCapa--banner\"\n\t\t\t\t\tsrc=\"\"\n\t\t\t\t\tdata-promo-id=\"240038\"\t\t\t\t\t\t\t\t\t\t\t\t\t\t\talt=\"\"\n\t\t\t\t>\n\t\t\t<\/picture>\n\t\t<\/a>\n\t<\/p>\n\n\n\n\n\n<p>O projeto aprovado incluiu uma trava para a al\u00edquota do novo <strong>Imposto sobre Valor Agregado<\/strong> (<strong>IVA<\/strong>), que n\u00e3o dever\u00e1 ser superior a 26,5%, e inseriu as carnes na cesta b\u00e1sica com imposto zero, ap\u00f3s press\u00e3o do setor de alimentos, da bancada do agroneg\u00f3cio e da defesa do pr\u00f3prio presidente Luiz In\u00e1cio Lula da Silva. <\/p>\n\n\n\n<p>O texto tamb\u00e9m inclui o carv\u00e3o no chamado &#8220;imposto do pecado&#8221;, que vai incidir sobre produtos considerados nocivos \u00e0 sa\u00fade e ao meio ambiente, amplia o &#8220;cashback&#8221; e reduz a al\u00edquota para uma s\u00e9rie de medicamentos.<\/p>\n\n\n\n<p>Veja abaixo as mudan\u00e7as feitas pelos deputados:<\/p>\n\n\n\n<h2 class=\"wp-block-heading\"><b>1. Cesta b\u00e1sica<\/b><\/h2>\n\n\n\n<p>A inclus\u00e3o das carnes na <strong>cesta b\u00e1sica <\/strong>vinha sendo o principal embate da regulamenta\u00e7\u00e3o no Congresso nos \u00faltimos dias. O texto-base da proposta foi aprovado sem as prote\u00ednas animais na lista de produtos isentos. Por\u00e9m, durante a vota\u00e7\u00e3o das sugest\u00f5es de mudan\u00e7as (os chamados destaques), o relator Reginaldo Lopes (PT-MG) informou que havia decidido atender aos pleitos e passou a defender a aprova\u00e7\u00e3o de destaque apresentado pela oposi\u00e7\u00e3o. A proposta previa a inclus\u00e3o de carnes, queijo e sal na cesta b\u00e1sica com imposto zero. Antes, Lopes j\u00e1 havia ampliado a cesta b\u00e1sica com isen\u00e7\u00e3o total zero para incluir \u00f3leo de milho, aveia e farinhas.<\/p>\n\n\n\n<h2 class=\"wp-block-heading\"><b>2.Al\u00edquota reduzida<\/b><\/h2>\n\n\n\n<p>No texto-base, o relator j\u00e1 havia retirado salm\u00e3o e atum da al\u00edquota &#8220;cheia&#8221; do IVA. Esses itens migraram para o grupo com 60% de desconto em rela\u00e7\u00e3o \u00e0 al\u00edquota-padr\u00e3o. P\u00e3o de forma e extrato de tomate tamb\u00e9m foram contemplados com a al\u00edquota reduzida &#8211; antes, estavam na cobran\u00e7a integral. Outro pleito dos ruralistas atendido foi a inclus\u00e3o de nove itens na categoria de insumos agropecu\u00e1rios e aqu\u00edcolas, que tamb\u00e9m contam com redu\u00e7\u00e3o de 60% do IVA.<\/p>\n\n\n\n<h2 class=\"wp-block-heading\"><b>3. Trava para o IVA<\/b><\/h2>\n\n\n\n<p>Diante do receio de aumento na al\u00edquota-padr\u00e3o, os deputados inclu\u00edram no texto uma trava para evitar que a <strong>cobran\u00e7a do IVA<\/strong> fique acima de 26,5%, como projetado inicialmente pela equipe econ\u00f4mica. A trava passaria a valer a partir de 2033, depois do per\u00edodo de transi\u00e7\u00e3o da <a class=\"suno-keyword\" target=\"_blank\" data-force=\"no\" data-priority=\"2\" href=\"https:\/\/www.suno.com.br\/artigos\/reforma-tributaria\/\" rel=\"noopener\">reforma tribut\u00e1ria<\/a>, que come\u00e7a em 2026. Caso a al\u00edquota ultrapasse o limite, o governo ser\u00e1 obrigado a formular, em conjunto com o Comit\u00ea Gestor do IBS, um projeto de lei complementar com medidas para reduzir a <a class=\"suno-keyword\" target=\"_blank\" data-force=\"no\" data-priority=\"1\" href=\"https:\/\/www.suno.com.br\/artigos\/carga-tributaria\/\" rel=\"noopener\">carga tribut\u00e1ria<\/a>.<\/p>\n\n\n\n<h2 class=\"wp-block-heading\"><b>4. &#8216;Imposto do pecado&#8217;<\/b><\/h2>\n\n\n\n<p>O texto aprovado pela C\u00e2mara incluiu o carv\u00e3o mineral na lista de produtos sujeitos ao <strong>Imposto Seletivo<\/strong>, o chamado &#8220;<strong>imposto do pecado<\/strong>&#8220;, que vai incidir sobre itens considerados nocivos \u00e0 sa\u00fade e ao meio ambiente. Por outro lado, o texto cria uma trava de 0,25% para a al\u00edquota do Seletivo que incidir\u00e1 sobre bens minerais extra\u00eddos, como petr\u00f3leo, min\u00e9rio de ferro e g\u00e1s natural. Tamb\u00e9m foram inclu\u00eddos os jogos de azar, f\u00edsicos e digitais (como as apostas esportivas, as &#8220;bets&#8221;), al\u00e9m dos ve\u00edculos el\u00e9tricos. <\/p>\n\n\n\n<p>O &#8220;imposto do pecado&#8221; tamb\u00e9m incidir\u00e1 sobre carros a combust\u00e3o e h\u00edbridos, aeronaves, embarca\u00e7\u00f5es, cigarro, bebidas alco\u00f3licas e a\u00e7ucaradas. Nas negocia\u00e7\u00f5es de \u00faltima hora, os fabricantes de cerveja conseguiram ampliar a progressividade do Seletivo de acordo com o teor alco\u00f3lico. Trata-se de uma vit\u00f3ria das cervejarias sobre os produtores de destilados. <\/p>\n\n\n\n<p>O texto aprovado na C\u00e2mara prev\u00ea que a al\u00edquota em porcentual tamb\u00e9m poder\u00e1 ser diferenciada por categoria de produto e ser progressiva em virtude do teor de \u00e1lcool &#8211; como j\u00e1 era previsto para a al\u00edquota fixa.<\/p>\n\n\n\n<h2 class=\"wp-block-heading\"><b>5. Medicamentos<\/b><\/h2>\n\n\n\n<p>Para os rem\u00e9dios, foi concedida redu\u00e7\u00e3o de al\u00edquotas em 60% para todos aqueles registrados na Anvisa ou produzidos por farm\u00e1cias de manipula\u00e7\u00e3o. Antes, esses medicamentos estavam divididos entre desconto de 60% e al\u00edquota cheia. Outra parte dos medicamentos contar\u00e1 com isen\u00e7\u00e3o total &#8211; isso n\u00e3o foi alterado. <\/p>\n\n\n\n<p>O relator tamb\u00e9m contemplou demanda da bancada feminina e incluiu o DIU (Dispositivo Intrauterino, um m\u00e9todo anticoncepcional) e preservativos na lista de dispositivos m\u00e9dicos com redu\u00e7\u00e3o de 60% do IVA. <\/p>\n\n\n\n<p>Al\u00e9m disso, os deputados zeraram a al\u00edquota de produtos relacionados a cuidados com a sa\u00fade menstrual, como absorventes &#8211; o projeto enviado pelo governo previa apenas uma redu\u00e7\u00e3o de 60% do tributo. J\u00e1 o Viagra (citrato de sildenafila), usado para o tratamento de disfun\u00e7\u00e3o er\u00e9til e da hipertens\u00e3o pulmonar, saiu da lista de isentos e migrou para a al\u00edquota reduzida, com desconto de 60%.<\/p>\n\n\n\t<p>\n\t\t<a href=\"https:\/\/lp.suno.com.br\/ebook-gratuito-investindo-no-exterior\/\" target=\"_blank\" data-element=\"shortcode-suno-banner\" title=\"Banner SUNO, clique e saiba mais\">\n\t\t\t<picture>\n\t\t\t\t<source media=\"(max-width: 500px)\" srcset=\"https:\/\/files.sunoresearch.com.br\/n\/uploads\/2023\/03\/400x300-Investindo-no-exterior.png\">\n\t\t\t\t<img class=\"newsContent__article__imgCapa newsContent__article__imgCapa--banner\"\n\t\t\t\t\tsrc=\"https:\/\/files.sunoresearch.com.br\/n\/uploads\/2023\/03\/1420x240-Investindo-no-exterior.png\"\n\t\t\t\t\tdata-promo-id=\"383161\"\t\t\t\t\t\t\t\t\t\twidth='1420' height='240'\t\t\t\t\talt=\"https:\/\/files.sunoresearch.com.br\/n\/uploads\/2023\/03\/1420x240-Investindo-no-exterior.png\"\n\t\t\t\t>\n\t\t\t<\/picture>\n\t\t<\/a>\n\t<\/p>\n\n\n\n\n\n<h2 class=\"wp-block-heading\"><b>6. &#8216;Cashback&#8217;<\/b><\/h2>\n\n\n\n<p>O texto da reforma tribut\u00e1ria ampliou o &#8220;cashback&#8221; &#8211; sistema de devolu\u00e7\u00e3o de parte do imposto pago a pessoas de baixa renda. A proposta amplia a devolu\u00e7\u00e3o da <strong>CBS<\/strong> (o IVA de compet\u00eancia da Uni\u00e3o) de 50% para 100% nas opera\u00e7\u00f5es de fornecimento de energia el\u00e9trica, \u00e1gua, esgoto e g\u00e1s natural encanado.<\/p>\n\n\n\n<h2 class=\"wp-block-heading\"><b>7. Plano de sa\u00fade e pets<\/b><\/h2>\n\n\n\n<p>O texto autoriza que as empresas se creditem de planos de sa\u00fade coletivos previstos em conven\u00e7\u00e3o, o que antes era proibido pela proposta da Fazenda. Os deputados tamb\u00e9m inclu\u00edram planos de sa\u00fade de animais dom\u00e9sticos, os pets, com al\u00edquota reduzida em 30%.<\/p>\n\n\n\n<h2 class=\"wp-block-heading\"><b>8. Montadoras<\/b><\/h2>\n\n\n\n<p>O benef\u00edcio extra concedido a montadoras instaladas na Regi\u00e3o Nordeste foi amenizado na vers\u00e3o aprovada na C\u00e2mara. Pelo acordo, o cr\u00e9dito presumido (a ser abatido do imposto do autom\u00f3vel) a montadoras instaladas no Nordeste ser\u00e1 de 11,60%, e n\u00e3o mais de 14,5%, como previa o parecer inicial dos deputados.<\/p>\n\n\n\n<h2 class=\"wp-block-heading\"><b>9.&#8217;Nanoempreendedor&#8217;<\/b><\/h2>\n\n\n\n<p>O projeto aprovado pelos deputados cria a figura do &#8220;<strong>nanoempreendedor<\/strong>&#8220;, que ter\u00e1 tratamento diferenciado na compara\u00e7\u00e3o ao <a class=\"suno-keyword\" target=\"_blank\" data-force=\"no\" data-priority=\"3\" href=\"https:\/\/www.suno.com.br\/artigos\/mei\/\" rel=\"noopener\">Microempreendedor Individual (MEI)<\/a>. O texto estabelece que o nanoempreendedor \u00e9 aquele que tem receita inferior a R$ 40,5 mil anuais. Quem cumprir esse crit\u00e9rio n\u00e3o ser\u00e1 contribuinte do IBS e da CBS, a n\u00e3o ser que fa\u00e7a essa op\u00e7\u00e3o, e n\u00e3o haver\u00e1 contribui\u00e7\u00e3o previdenci\u00e1ria.<\/p>\n\n\n\n<h2 class=\"wp-block-heading\"><b>10. Bares e restaurantes<\/b><\/h2>\n\n\n\n<p>A C\u00e2mara atendeu aos pedidos do setor de bares e restaurantes e alterou as regras desse regime espec\u00edfico. A nova vers\u00e3o do texto prev\u00ea que os estabelecimentos poder\u00e3o se apropriar de cr\u00e9ditos do IVA nas suas aquisi\u00e7\u00f5es, os quais ser\u00e3o usados para abater futuros tributos.<\/p>\n\n\n\n<h2 class=\"wp-block-heading\"><b>11.Devolu\u00e7\u00e3o de cr\u00e9ditos <\/b><\/h2>\n\n\n\n<p>O texto da C\u00e2mara sobre a <strong>reforma tribut\u00e1ria <\/strong>reduziu de 60 para 30 dias o prazo para o ressarcimento de cr\u00e9ditos a empresas que n\u00e3o conseguirem abater todo o tributo acumulado ao longo da cadeia produtiva.<\/p>\n\n\n\n<p><em>*Com informa\u00e7\u00f5es do Estado de S. Paulo e Estad\u00e3o Conte\u00fado<\/em><\/p>\n\n\n\t<p>\n\t\t<a href=\"https:\/\/lp.suno.com.br\/planilha-da-vida-financeira\/\" target=\"_blank\" data-element=\"shortcode-suno-banner\" title=\"Banner SUNO, clique e saiba mais\">\n\t\t\t<picture>\n\t\t\t\t<source media=\"(max-width: 500px)\" srcset=\"https:\/\/files.sunoresearch.com.br\/n\/uploads\/2023\/04\/400x300-Planilha-vida-financeira-true.png\">\n\t\t\t\t<img class=\"newsContent__article__imgCapa newsContent__article__imgCapa--banner\"\n\t\t\t\t\tsrc=\"https:\/\/files.sunoresearch.com.br\/n\/uploads\/2023\/04\/1420x240-Planilha-vida-financeira-true.png\"\n\t\t\t\t\tdata-promo-id=\"383123\"\t\t\t\t\t\t\t\t\t\twidth='1420' height='240'\t\t\t\t\talt=\"https:\/\/files.sunoresearch.com.br\/n\/uploads\/2023\/04\/1420x240-Planilha-vida-financeira-true.png\"\n\t\t\t\t>\n\t\t\t<\/picture>\n\t\t<\/a>\n\t<\/p>\n\n\n","protected":false},"excerpt":{"rendered":"<p>A C\u00e2mara dos Deputados aprovou na noite de quarta-feira, 10, o primeiro projeto da regulamenta\u00e7\u00e3o da reforma tribut\u00e1ria. O texto, que altera a tributa\u00e7\u00e3o de itens do dia a dia, agora segue para an\u00e1lise do Senado. Reforma tribut\u00e1ria. Foto: iStock O projeto aprovado incluiu uma trava para a al\u00edquota do novo Imposto sobre Valor Agregado [&hellip;]<\/p>\n","protected":false},"author":376,"featured_media":566257,"comment_status":"closed","ping_status":"closed","sticky":false,"template":"","format":"standard","meta":[],"categories":[64],"tags":[1286],"suno_strategy":[],"class_list":["post-566240","post","type-post","status-publish","format-standard","has-post-thumbnail","hentry","category-negocios","tag-reforma-tributaria"],"yoast_head":"<!-- This site is optimized with the Yoast SEO plugin v24.4 - https:\/\/yoast.com\/wordpress\/plugins\/seo\/ -->\n<title>Reforma tribut\u00e1ria: veja 11 pontos principais da regulamenta\u00e7\u00e3o<\/title>\n<meta name=\"description\" content=\"A C\u00e2mara dos Deputados aprovou na noite de quarta-feira, 10, o primeiro projeto da regulamenta\u00e7\u00e3o da reforma tribut\u00e1ria. Clique e saiba mais.\" \/>\n<meta name=\"robots\" content=\"index, follow, max-snippet:-1, max-image-preview:large, max-video-preview:-1\" \/>\n<link rel=\"canonical\" href=\"https:\/\/www.suno.com.br\/noticias\/reforma-tributaria-pontos-principais-ec-gss\/\" \/>\n<meta property=\"og:locale\" content=\"pt_BR\" \/>\n<meta property=\"og:type\" content=\"article\" \/>\n<meta property=\"og:title\" content=\"Reforma tribut\u00e1ria: veja 11 pontos principais da regulamenta\u00e7\u00e3o\" \/>\n<meta property=\"og:description\" content=\"A C\u00e2mara dos Deputados aprovou na noite de quarta-feira, 10, o primeiro projeto da regulamenta\u00e7\u00e3o da reforma tribut\u00e1ria. Clique e saiba mais.\" \/>\n<meta property=\"og:url\" content=\"https:\/\/www.suno.com.br\/noticias\/reforma-tributaria-pontos-principais-ec-gss\/\" \/>\n<meta property=\"og:site_name\" content=\"Suno Not\u00edcias\" \/>\n<meta property=\"article:publisher\" content=\"https:\/\/facebook.com\/sunoresearch\" \/>\n<meta property=\"og:image\" content=\"https:\/\/files.sunoresearch.com.br\/n\/uploads\/2024\/07\/iStock-1320806352.jpg\" \/>\n\t<meta property=\"og:image:width\" content=\"1254\" \/>\n\t<meta property=\"og:image:height\" content=\"836\" \/>\n\t<meta property=\"og:image:type\" content=\"image\/jpeg\" \/>\n<meta name=\"author\" content=\"Guilherme Serrano\" \/>\n<meta name=\"twitter:card\" content=\"summary_large_image\" \/>\n<meta name=\"twitter:creator\" content=\"@sunoresearch\" \/>\n<meta name=\"twitter:site\" content=\"@sunoresearch\" \/>\n<meta name=\"twitter:label1\" content=\"Escrito por\" \/>\n\t<meta name=\"twitter:data1\" content=\"Guilherme Serrano\" \/>\n\t<meta name=\"twitter:label2\" content=\"Est. tempo de leitura\" \/>\n\t<meta name=\"twitter:data2\" content=\"6 minutos\" \/>\n<script type=\"application\/ld+json\" class=\"yoast-schema-graph\">{\"@context\":\"https:\/\/schema.org\",\"@graph\":[{\"@type\":\"NewsArticle\",\"@id\":\"https:\/\/www.suno.com.br\/noticias\/reforma-tributaria-pontos-principais-ec-gss\/#article\",\"isPartOf\":{\"@id\":\"https:\/\/www.suno.com.br\/noticias\/reforma-tributaria-pontos-principais-ec-gss\/\"},\"author\":{\"name\":\"Guilherme Serrano\",\"@id\":\"https:\/\/www.suno.com.br\/noticias\/#\/schema\/person\/d0f07e64bce64aa671feadfb844f04ca\"},\"headline\":\"Reforma tribut\u00e1ria: veja 11 pontos principais da regulamenta\u00e7\u00e3o\",\"datePublished\":\"2024-07-12T13:00:11+00:00\",\"dateModified\":\"2024-07-12T13:00:14+00:00\",\"mainEntityOfPage\":{\"@id\":\"https:\/\/www.suno.com.br\/noticias\/reforma-tributaria-pontos-principais-ec-gss\/\"},\"wordCount\":1179,\"publisher\":{\"@id\":\"https:\/\/www.suno.com.br\/noticias\/#organization\"},\"image\":{\"@id\":\"https:\/\/www.suno.com.br\/noticias\/reforma-tributaria-pontos-principais-ec-gss\/#primaryimage\"},\"thumbnailUrl\":\"https:\/\/files.sunoresearch.com.br\/n\/uploads\/2024\/07\/iStock-1320806352.jpg\",\"keywords\":[\"reforma tribut\u00e1ria\"],\"articleSection\":[\"Neg\u00f3cios\"],\"inLanguage\":\"pt-BR\"},{\"@type\":\"WebPage\",\"@id\":\"https:\/\/www.suno.com.br\/noticias\/reforma-tributaria-pontos-principais-ec-gss\/\",\"url\":\"https:\/\/www.suno.com.br\/noticias\/reforma-tributaria-pontos-principais-ec-gss\/\",\"name\":\"Reforma tribut\u00e1ria: veja 11 pontos principais da regulamenta\u00e7\u00e3o\",\"isPartOf\":{\"@id\":\"https:\/\/www.suno.com.br\/noticias\/#website\"},\"primaryImageOfPage\":{\"@id\":\"https:\/\/www.suno.com.br\/noticias\/reforma-tributaria-pontos-principais-ec-gss\/#primaryimage\"},\"image\":{\"@id\":\"https:\/\/www.suno.com.br\/noticias\/reforma-tributaria-pontos-principais-ec-gss\/#primaryimage\"},\"thumbnailUrl\":\"https:\/\/files.sunoresearch.com.br\/n\/uploads\/2024\/07\/iStock-1320806352.jpg\",\"datePublished\":\"2024-07-12T13:00:11+00:00\",\"dateModified\":\"2024-07-12T13:00:14+00:00\",\"description\":\"A C\u00e2mara dos Deputados aprovou na noite de quarta-feira, 10, o primeiro projeto da regulamenta\u00e7\u00e3o da reforma tribut\u00e1ria. Clique e saiba mais.\",\"breadcrumb\":{\"@id\":\"https:\/\/www.suno.com.br\/noticias\/reforma-tributaria-pontos-principais-ec-gss\/#breadcrumb\"},\"inLanguage\":\"pt-BR\",\"potentialAction\":[{\"@type\":\"ReadAction\",\"target\":[\"https:\/\/www.suno.com.br\/noticias\/reforma-tributaria-pontos-principais-ec-gss\/\"]}]},{\"@type\":\"ImageObject\",\"inLanguage\":\"pt-BR\",\"@id\":\"https:\/\/www.suno.com.br\/noticias\/reforma-tributaria-pontos-principais-ec-gss\/#primaryimage\",\"url\":\"https:\/\/files.sunoresearch.com.br\/n\/uploads\/2024\/07\/iStock-1320806352.jpg\",\"contentUrl\":\"https:\/\/files.sunoresearch.com.br\/n\/uploads\/2024\/07\/iStock-1320806352.jpg\",\"width\":1254,\"height\":836,\"caption\":\"Reforma tribut\u00e1ria. Foto: iStock\"},{\"@type\":\"BreadcrumbList\",\"@id\":\"https:\/\/www.suno.com.br\/noticias\/reforma-tributaria-pontos-principais-ec-gss\/#breadcrumb\",\"itemListElement\":[{\"@type\":\"ListItem\",\"position\":1,\"name\":\"Not\u00edcias\",\"item\":\"https:\/\/www.suno.com.br\/noticias\/\"},{\"@type\":\"ListItem\",\"position\":2,\"name\":\"Neg\u00f3cios\",\"item\":\"https:\/\/www.suno.com.br\/noticias\/negocios\/\"},{\"@type\":\"ListItem\",\"position\":3,\"name\":\"Reforma tribut\u00e1ria: veja 11 pontos principais da regulamenta\u00e7\u00e3o\"}]},{\"@type\":\"WebSite\",\"@id\":\"https:\/\/www.suno.com.br\/noticias\/#website\",\"url\":\"https:\/\/www.suno.com.br\/noticias\/\",\"name\":\"Suno Not\u00edcias\",\"description\":\"Seu portal de informa\u00e7\u00e3o sobre o mundo dos investimentos\",\"publisher\":{\"@id\":\"https:\/\/www.suno.com.br\/noticias\/#organization\"},\"potentialAction\":[{\"@type\":\"SearchAction\",\"target\":{\"@type\":\"EntryPoint\",\"urlTemplate\":\"https:\/\/www.suno.com.br\/noticias\/?s={search_term_string}\"},\"query-input\":{\"@type\":\"PropertyValueSpecification\",\"valueRequired\":true,\"valueName\":\"search_term_string\"}}],\"inLanguage\":\"pt-BR\"},{\"@type\":\"Organization\",\"@id\":\"https:\/\/www.suno.com.br\/noticias\/#organization\",\"name\":\"Suno Not\u00edcias\",\"url\":\"https:\/\/www.suno.com.br\/noticias\/\",\"logo\":{\"@type\":\"ImageObject\",\"inLanguage\":\"pt-BR\",\"@id\":\"https:\/\/www.suno.com.br\/noticias\/#\/schema\/logo\/image\/\",\"url\":\"https:\/\/files.sunoresearch.com.br\/n\/uploads\/2021\/09\/suno-logo.png\",\"contentUrl\":\"https:\/\/files.sunoresearch.com.br\/n\/uploads\/2021\/09\/suno-logo.png\",\"width\":180,\"height\":180,\"caption\":\"Suno Not\u00edcias\"},\"image\":{\"@id\":\"https:\/\/www.suno.com.br\/noticias\/#\/schema\/logo\/image\/\"},\"sameAs\":[\"https:\/\/facebook.com\/sunoresearch\",\"https:\/\/x.com\/sunoresearch\",\"https:\/\/www.instagram.com\/suno\",\"https:\/\/www.linkedin.com\/company\/suno-research\/\",\"https:\/\/www.youtube.com\/c\/sunoresearch\"]},{\"@type\":\"Person\",\"@id\":\"https:\/\/www.suno.com.br\/noticias\/#\/schema\/person\/d0f07e64bce64aa671feadfb844f04ca\",\"name\":\"Guilherme Serrano\",\"image\":{\"@type\":\"ImageObject\",\"inLanguage\":\"pt-BR\",\"@id\":\"https:\/\/www.suno.com.br\/noticias\/#\/schema\/person\/image\/\",\"url\":\"https:\/\/secure.gravatar.com\/avatar\/a90be19d8c67bef61497e4522de30ac4?s=96&r=g\",\"contentUrl\":\"https:\/\/secure.gravatar.com\/avatar\/a90be19d8c67bef61497e4522de30ac4?s=96&r=g\",\"caption\":\"Guilherme Serrano\"},\"description\":\"Jornalista formado pela Faculdade C\u00e1sper L\u00edbero e p\u00f3s-graduado em Can\u00e7\u00e3o Popular pela Faculdade Santa Marcelina. Passagens por R\u00e1dio Gazeta AM, gazetaesportiva.com e TC R\u00e1dio.\",\"url\":\"https:\/\/www.suno.com.br\/noticias\/author\/guilherme-silvasuno-com-br\/\"}]}<\/script>\n<!-- \/ Yoast SEO plugin. -->","yoast_head_json":{"title":"Reforma tribut\u00e1ria: veja 11 pontos principais da regulamenta\u00e7\u00e3o","description":"A C\u00e2mara dos Deputados aprovou na noite de quarta-feira, 10, o primeiro projeto da regulamenta\u00e7\u00e3o da reforma tribut\u00e1ria. Clique e saiba mais.","robots":{"index":"index","follow":"follow","max-snippet":"max-snippet:-1","max-image-preview":"max-image-preview:large","max-video-preview":"max-video-preview:-1"},"canonical":"https:\/\/www.suno.com.br\/noticias\/reforma-tributaria-pontos-principais-ec-gss\/","og_locale":"pt_BR","og_type":"article","og_title":"Reforma tribut\u00e1ria: veja 11 pontos principais da regulamenta\u00e7\u00e3o","og_description":"A C\u00e2mara dos Deputados aprovou na noite de quarta-feira, 10, o primeiro projeto da regulamenta\u00e7\u00e3o da reforma tribut\u00e1ria. Clique e saiba mais.","og_url":"https:\/\/www.suno.com.br\/noticias\/reforma-tributaria-pontos-principais-ec-gss\/","og_site_name":"Suno Not\u00edcias","article_publisher":"https:\/\/facebook.com\/sunoresearch","og_image":[{"width":1254,"height":836,"url":"https:\/\/files.sunoresearch.com.br\/n\/uploads\/2024\/07\/iStock-1320806352.jpg","type":"image\/jpeg"}],"author":"Guilherme Serrano","twitter_card":"summary_large_image","twitter_creator":"@sunoresearch","twitter_site":"@sunoresearch","twitter_misc":{"Escrito por":"Guilherme Serrano","Est. tempo de leitura":"6 minutos"},"schema":{"@context":"https:\/\/schema.org","@graph":[{"@type":"NewsArticle","@id":"https:\/\/www.suno.com.br\/noticias\/reforma-tributaria-pontos-principais-ec-gss\/#article","isPartOf":{"@id":"https:\/\/www.suno.com.br\/noticias\/reforma-tributaria-pontos-principais-ec-gss\/"},"author":{"name":"Guilherme Serrano","@id":"https:\/\/www.suno.com.br\/noticias\/#\/schema\/person\/d0f07e64bce64aa671feadfb844f04ca"},"headline":"Reforma tribut\u00e1ria: veja 11 pontos principais da regulamenta\u00e7\u00e3o","datePublished":"2024-07-12T13:00:11+00:00","dateModified":"2024-07-12T13:00:14+00:00","mainEntityOfPage":{"@id":"https:\/\/www.suno.com.br\/noticias\/reforma-tributaria-pontos-principais-ec-gss\/"},"wordCount":1179,"publisher":{"@id":"https:\/\/www.suno.com.br\/noticias\/#organization"},"image":{"@id":"https:\/\/www.suno.com.br\/noticias\/reforma-tributaria-pontos-principais-ec-gss\/#primaryimage"},"thumbnailUrl":"https:\/\/files.sunoresearch.com.br\/n\/uploads\/2024\/07\/iStock-1320806352.jpg","keywords":["reforma tribut\u00e1ria"],"articleSection":["Neg\u00f3cios"],"inLanguage":"pt-BR"},{"@type":"WebPage","@id":"https:\/\/www.suno.com.br\/noticias\/reforma-tributaria-pontos-principais-ec-gss\/","url":"https:\/\/www.suno.com.br\/noticias\/reforma-tributaria-pontos-principais-ec-gss\/","name":"Reforma tribut\u00e1ria: veja 11 pontos principais da regulamenta\u00e7\u00e3o","isPartOf":{"@id":"https:\/\/www.suno.com.br\/noticias\/#website"},"primaryImageOfPage":{"@id":"https:\/\/www.suno.com.br\/noticias\/reforma-tributaria-pontos-principais-ec-gss\/#primaryimage"},"image":{"@id":"https:\/\/www.suno.com.br\/noticias\/reforma-tributaria-pontos-principais-ec-gss\/#primaryimage"},"thumbnailUrl":"https:\/\/files.sunoresearch.com.br\/n\/uploads\/2024\/07\/iStock-1320806352.jpg","datePublished":"2024-07-12T13:00:11+00:00","dateModified":"2024-07-12T13:00:14+00:00","description":"A C\u00e2mara dos Deputados aprovou na noite de quarta-feira, 10, o primeiro projeto da regulamenta\u00e7\u00e3o da reforma tribut\u00e1ria. Clique e saiba mais.","breadcrumb":{"@id":"https:\/\/www.suno.com.br\/noticias\/reforma-tributaria-pontos-principais-ec-gss\/#breadcrumb"},"inLanguage":"pt-BR","potentialAction":[{"@type":"ReadAction","target":["https:\/\/www.suno.com.br\/noticias\/reforma-tributaria-pontos-principais-ec-gss\/"]}]},{"@type":"ImageObject","inLanguage":"pt-BR","@id":"https:\/\/www.suno.com.br\/noticias\/reforma-tributaria-pontos-principais-ec-gss\/#primaryimage","url":"https:\/\/files.sunoresearch.com.br\/n\/uploads\/2024\/07\/iStock-1320806352.jpg","contentUrl":"https:\/\/files.sunoresearch.com.br\/n\/uploads\/2024\/07\/iStock-1320806352.jpg","width":1254,"height":836,"caption":"Reforma tribut\u00e1ria. Foto: iStock"},{"@type":"BreadcrumbList","@id":"https:\/\/www.suno.com.br\/noticias\/reforma-tributaria-pontos-principais-ec-gss\/#breadcrumb","itemListElement":[{"@type":"ListItem","position":1,"name":"Not\u00edcias","item":"https:\/\/www.suno.com.br\/noticias\/"},{"@type":"ListItem","position":2,"name":"Neg\u00f3cios","item":"https:\/\/www.suno.com.br\/noticias\/negocios\/"},{"@type":"ListItem","position":3,"name":"Reforma tribut\u00e1ria: veja 11 pontos principais da regulamenta\u00e7\u00e3o"}]},{"@type":"WebSite","@id":"https:\/\/www.suno.com.br\/noticias\/#website","url":"https:\/\/www.suno.com.br\/noticias\/","name":"Suno Not\u00edcias","description":"Seu portal de informa\u00e7\u00e3o sobre o mundo dos investimentos","publisher":{"@id":"https:\/\/www.suno.com.br\/noticias\/#organization"},"potentialAction":[{"@type":"SearchAction","target":{"@type":"EntryPoint","urlTemplate":"https:\/\/www.suno.com.br\/noticias\/?s={search_term_string}"},"query-input":{"@type":"PropertyValueSpecification","valueRequired":true,"valueName":"search_term_string"}}],"inLanguage":"pt-BR"},{"@type":"Organization","@id":"https:\/\/www.suno.com.br\/noticias\/#organization","name":"Suno Not\u00edcias","url":"https:\/\/www.suno.com.br\/noticias\/","logo":{"@type":"ImageObject","inLanguage":"pt-BR","@id":"https:\/\/www.suno.com.br\/noticias\/#\/schema\/logo\/image\/","url":"https:\/\/files.sunoresearch.com.br\/n\/uploads\/2021\/09\/suno-logo.png","contentUrl":"https:\/\/files.sunoresearch.com.br\/n\/uploads\/2021\/09\/suno-logo.png","width":180,"height":180,"caption":"Suno Not\u00edcias"},"image":{"@id":"https:\/\/www.suno.com.br\/noticias\/#\/schema\/logo\/image\/"},"sameAs":["https:\/\/facebook.com\/sunoresearch","https:\/\/x.com\/sunoresearch","https:\/\/www.instagram.com\/suno","https:\/\/www.linkedin.com\/company\/suno-research\/","https:\/\/www.youtube.com\/c\/sunoresearch"]},{"@type":"Person","@id":"https:\/\/www.suno.com.br\/noticias\/#\/schema\/person\/d0f07e64bce64aa671feadfb844f04ca","name":"Guilherme Serrano","image":{"@type":"ImageObject","inLanguage":"pt-BR","@id":"https:\/\/www.suno.com.br\/noticias\/#\/schema\/person\/image\/","url":"https:\/\/secure.gravatar.com\/avatar\/a90be19d8c67bef61497e4522de30ac4?s=96&r=g","contentUrl":"https:\/\/secure.gravatar.com\/avatar\/a90be19d8c67bef61497e4522de30ac4?s=96&r=g","caption":"Guilherme Serrano"},"description":"Jornalista formado pela Faculdade C\u00e1sper L\u00edbero e p\u00f3s-graduado em Can\u00e7\u00e3o Popular pela Faculdade Santa Marcelina. Passagens por R\u00e1dio Gazeta AM, gazetaesportiva.com e TC R\u00e1dio.","url":"https:\/\/www.suno.com.br\/noticias\/author\/guilherme-silvasuno-com-br\/"}]}},"default_loop_html":"<div class=\"cardsPage__listCard__boxs\"><div class=\"cardsPage__listCard__boxs__img\"><a href=\"https:\/\/www.suno.com.br\/noticias\/reforma-tributaria-pontos-principais-ec-gss\/\"><img class=\"mask\" src=\"https:\/\/www.suno.com.br\/noticias\/wp-content\/themes\/suno\/resources\/images\/spotlight\/spotlight1img\/bg-mask.png\" alt=\"Image Mask\"\/><img src=\"https:\/\/files.sunoresearch.com.br\/n\/uploads\/2024\/07\/iStock-1320806352-400x200.jpg\" alt=\"Reforma tribut\u00e1ria: veja 11 pontos principais da regulamenta\u00e7\u00e3o\"\/><\/a><span class=\"spotlightCategory\"><a href=\"https:\/\/www.suno.com.br\/noticias\/negocios\/\">Neg\u00f3cios<\/a><\/span><\/div><div class=\"cardsPage__listCard__boxs__content\"><a href=\"https:\/\/www.suno.com.br\/noticias\/reforma-tributaria-pontos-principais-ec-gss\/\"><h2 class=\"content__title\">Reforma tribut\u00e1ria: veja 11 pontos principais da regulamenta\u00e7\u00e3o<\/h2><\/a><div class=\"newsContent__article__meta\"><div class=\"newsContent__article__meta__authorBox\"><a href=\"https:\/\/www.suno.com.br\/noticias\/author\/guilherme-silvasuno-com-br\/\" class=\"authorBox__avatar noMobi\"><img src=\"https:\/\/secure.gravatar.com\/avatar\/a90be19d8c67bef61497e4522de30ac4?s=96&#038;r=g\" alt=\"Guilherme Serrano\"><\/a><div class=\"authorBox__name\"><span>por\n\t\t\t<a href=\"https:\/\/www.suno.com.br\/noticias\/author\/guilherme-silvasuno-com-br\/\"><span itemprop=\"author\">Guilherme Serrano<\/span><\/a><\/span><time datetime=\"2024-07-12T10:00:11-03:00\" itemprop=\"datePublished\">12\/07\/2024 10:00<\/time><\/div><\/div><\/div><\/div><\/div>","single_layout":"posts","amp_enabled":true,"_links":{"self":[{"href":"https:\/\/www.suno.com.br\/noticias\/wp-json\/wp\/v2\/posts\/566240"}],"collection":[{"href":"https:\/\/www.suno.com.br\/noticias\/wp-json\/wp\/v2\/posts"}],"about":[{"href":"https:\/\/www.suno.com.br\/noticias\/wp-json\/wp\/v2\/types\/post"}],"author":[{"embeddable":true,"href":"https:\/\/www.suno.com.br\/noticias\/wp-json\/wp\/v2\/users\/376"}],"replies":[{"embeddable":true,"href":"https:\/\/www.suno.com.br\/noticias\/wp-json\/wp\/v2\/comments?post=566240"}],"version-history":[{"count":3,"href":"https:\/\/www.suno.com.br\/noticias\/wp-json\/wp\/v2\/posts\/566240\/revisions"}],"predecessor-version":[{"id":566259,"href":"https:\/\/www.suno.com.br\/noticias\/wp-json\/wp\/v2\/posts\/566240\/revisions\/566259"}],"wp:featuredmedia":[{"embeddable":true,"href":"https:\/\/www.suno.com.br\/noticias\/wp-json\/wp\/v2\/media\/566257"}],"wp:attachment":[{"href":"https:\/\/www.suno.com.br\/noticias\/wp-json\/wp\/v2\/media?parent=566240"}],"wp:term":[{"taxonomy":"category","embeddable":true,"href":"https:\/\/www.suno.com.br\/noticias\/wp-json\/wp\/v2\/categories?post=566240"},{"taxonomy":"post_tag","embeddable":true,"href":"https:\/\/www.suno.com.br\/noticias\/wp-json\/wp\/v2\/tags?post=566240"},{"taxonomy":"suno_strategy","embeddable":true,"href":"https:\/\/www.suno.com.br\/noticias\/wp-json\/wp\/v2\/suno_strategy?post=566240"}],"curies":[{"name":"wp","href":"https:\/\/api.w.org\/{rel}","templated":true}]}}