{"id":566227,"date":"2024-07-12T09:30:26","date_gmt":"2024-07-12T12:30:26","guid":{"rendered":"https:\/\/www.suno.com.br\/noticias\/?p=566227"},"modified":"2024-07-12T09:30:30","modified_gmt":"2024-07-12T12:30:30","slug":"bolsas-asiaticas-mistas-japao-baixa-europa-ganhos-ec-gss","status":"publish","type":"post","link":"https:\/\/www.suno.com.br\/noticias\/bolsas-asiaticas-mistas-japao-baixa-europa-ganhos-ec-gss\/","title":{"rendered":"Bolsas asi\u00e1ticas fecham mistas, com forte queda em T\u00f3quio; Europa estende ganhos"},"content":{"rendered":"<p>As <strong>bolsas asi\u00e1ticas<\/strong> fecharam sem dire\u00e7\u00e3o \u00fanica nesta sexta-feira (12), \u00e0 medida que a de T\u00f3quio interrompeu uma sequ\u00eancia de m\u00e1ximas hist\u00f3ricas, depois de forte avan\u00e7o do iene, e as chinesas pouco se alteraram ap\u00f3s dados locais mistos de com\u00e9rcio externo.<\/p>\t<div class=\"wrapper-featured-image\">\n\t\t<figure class=\"spotlightImg\">\n\n\t\t\t<picture>\n\t\t\t\t<source media=\"(max-width: 768px)\" srcset=\"https:\/\/files.sunoresearch.com.br\/n\/uploads\/2023\/10\/jezael-melgoza-tUVf65KIVpI-unsplash-400x200.jpg\">\n\t\t\t\t<img loading=\"lazy\" decoding=\"async\" class=\"newsContent__article__imgCapa lazyloadDisabled \" src=\"https:\/\/files.sunoresearch.com.br\/n\/uploads\/2023\/10\/jezael-melgoza-tUVf65KIVpI-unsplash-800x450.jpg\" width=\"800\" height=\"450\" alt=\"Bolsas asi\u00e1ticas fecham mistas, com forte queda em T\u00f3quio; Europa estende ganhos\" fetchpriority=high \/>\n\t\t\t<\/picture>\n\n\t\t\t<figcaption class=\"wp-caption-text wp-caption-text--show\">Bolsas asi\u00e1ticas. Foto: Unsplash.<\/figcaption>\n\t\t<\/figure>\n\t<\/div>\n\n\n\n\n\n\n\n\t<p>\n\t\t<a href=\"https:\/\/lp.suno.com.br\/planilha-da-vida-financeira\/\" target=\"_blank\" data-element=\"shortcode-suno-banner\" title=\"Banner SUNO, clique e saiba mais\">\n\t\t\t<picture>\n\t\t\t\t<source media=\"(max-width: 500px)\" srcset=\"https:\/\/files.sunoresearch.com.br\/n\/uploads\/2023\/04\/400x300-Planilha-vida-financeira-true.png\">\n\t\t\t\t<img class=\"newsContent__article__imgCapa newsContent__article__imgCapa--banner\"\n\t\t\t\t\tsrc=\"https:\/\/files.sunoresearch.com.br\/n\/uploads\/2023\/04\/1420x240-Planilha-vida-financeira-true.png\"\n\t\t\t\t\tdata-promo-id=\"106682\"\t\t\t\t\t\t\t\t\t\twidth='1420' height='240'\t\t\t\t\talt=\"https:\/\/files.sunoresearch.com.br\/n\/uploads\/2023\/04\/1420x240-Planilha-vida-financeira-true.png\"\n\t\t\t\t>\n\t\t\t<\/picture>\n\t\t<\/a>\n\t<\/p>\n\n\n\n\n\n<p>Liderando as perdas na \u00c1sia, o \u00edndice japon\u00eas <strong>Nikkei<\/strong> caiu 2,45% em T\u00f3quio, a 41.190,68 pontos, pressionado por a\u00e7\u00f5es de eletr\u00f4nicos e financeiras, depois de avan\u00e7ar a n\u00edveis recordes nos tr\u00eas preg\u00f5es anteriores. Ontem, o iene se fortaleceu de maneira incomumente acentuada ap\u00f3s o relat\u00f3rio de infla\u00e7\u00e3o ao consumidor (CPI) dos EUA, que veio abaixo do esperado, gerando especula\u00e7\u00e3o sobre poss\u00edvel interven\u00e7\u00e3o cambial por parte do governo do Jap\u00e3o. O ministro de Finan\u00e7as do pa\u00eds, Masato Kanda, n\u00e3o quis comentar o assunto.<\/p>\n\n\n\n<p>Na China continental, o <strong>Xangai Composto<\/strong> terminou a sess\u00e3o em alta marginal de 0,03%, a 2.971,30 pontos, enquanto o menos abrangente <strong>Shenzhen Composto<\/strong> apresentou modesta baixa de 0,14%, a 1.617,48 pontos, na esteira de n\u00fameros da <a class=\"suno-keyword\" target=\"_blank\" data-force=\"no\" data-priority=\"2\" href=\"https:\/\/www.suno.com.br\/artigos\/balanca-comercial\/\" rel=\"noopener\">balan\u00e7a comercial<\/a>. Em junho, as exporta\u00e7\u00f5es chinesas mostraram expans\u00e3o anual de 8,6%, maior do que se previa, mas as importa\u00e7\u00f5es sofreram uma inesperada queda de 2,3%. Investidores tamb\u00e9m est\u00e3o na expectativa pela reuni\u00e3o mais importante do ano do Partido Comunista Chin\u00eas, o Terceiro Plen\u00e1rio, que come\u00e7a na segunda-feira (15).<\/p>\n\n\n\n<p>Em outras partes da regi\u00e3o asi\u00e1tica, o <strong>Hang Seng<\/strong> avan\u00e7ou 2,59% em Hong Kong, a 18.293,38 pontos, com a ajuda de a\u00e7\u00f5es de tecnologia, enquanto o sul-coreano <strong>Kospi<\/strong> recuou 1,19% em Seul, a 2.857,00 pontos, ap\u00f3s tr\u00eas dias seguidos de ganhos, e o <strong>Taiex<\/strong> amargou perda de 1,94% em Taiwan, a 23.916,93 pontos.<\/p>\n\n\n\n<p>O comportamento misto da \u00c1sia tamb\u00e9m veio ap\u00f3s as bolsas de Nova York fecharem em dire\u00e7\u00f5es opostas ontem. O <a class=\"suno-keyword\" target=\"_blank\" data-force=\"no\" data-priority=\"2\" href=\"https:\/\/www.suno.com.br\/artigos\/indice-dow-jones-djia\/\" rel=\"noopener\">Dow Jones<\/a> teve leve alta, mas tanto o S&amp;P 500 quanto o Nasdaq &#8211; que \u00e9 focado em tecnologia &#8211; recuaram, em um poss\u00edvel movimento de corre\u00e7\u00e3o ap\u00f3s atingirem uma s\u00e9rie de recordes em preg\u00f5es recentes.<\/p>\n\n\n\n<p>Na Oceania, a bolsa australiana n\u00e3o apenas ficou no azul hoje, como alcan\u00e7ou patamar in\u00e9dito, impulsionada por a\u00e7\u00f5es de 11 das 12 maiores empresas em capitaliza\u00e7\u00e3o de mercado. O <strong>S&amp;P\/ASX 200 <\/strong>avan\u00e7ou 0,88%, a 7.959,30 pontos, superando o recorde anterior, de mar\u00e7o.<\/p>\n\n\n\t<p>\n\t\t<a href=\"https:\/\/lp.suno.com.br\/ebook-como-analisar-uma-acao\/\" target=\"_blank\" data-element=\"shortcode-suno-banner\" title=\"Banner SUNO, clique e saiba mais\">\n\t\t\t<picture>\n\t\t\t\t<source media=\"(max-width: 500px)\" srcset=\"https:\/\/files.sunoresearch.com.br\/n\/uploads\/2023\/03\/Ebook-Acoes-Mobile.jpg\">\n\t\t\t\t<img class=\"newsContent__article__imgCapa newsContent__article__imgCapa--banner\"\n\t\t\t\t\tsrc=\"https:\/\/files.sunoresearch.com.br\/n\/uploads\/2023\/03\/Ebook-Acoes-Desktop.jpg\"\n\t\t\t\t\tdata-promo-id=\"378302\"\t\t\t\t\t\t\t\t\t\twidth='1420' height='286'\t\t\t\t\talt=\"https:\/\/files.sunoresearch.com.br\/n\/uploads\/2023\/03\/Ebook-Acoes-Desktop.jpg\"\n\t\t\t\t>\n\t\t\t<\/picture>\n\t\t<\/a>\n\t<\/p>\n\n\n\n\n\n<h2 class=\"wp-block-heading\">Europa estende ganhos<\/h2>\n\n\n\n<p>As <strong>bolsas europeias<\/strong> operam em alta na manh\u00e3 desta sexta-feira, estendendo ganhos dos dois preg\u00f5es anteriores, ainda animadas com a maior possibilidade de cortes de juros nos EUA e tamb\u00e9m impulsionadas por a\u00e7\u00f5es de telecomunica\u00e7\u00f5es.<\/p>\n\n\n\n<p>Por volta das 6h25 (de Bras\u00edlia), o \u00edndice pan-europeu <strong>Stoxx 600 <\/strong>avan\u00e7ava 0,18%, a 520,44 pontos, liderado por ganhos de 0,70% do sub\u00edndice de telecomunica\u00e7\u00f5es. No setor, a sueca Ericsson se destacava, com salto de 3,6% em Estocolmo, ap\u00f3s superar expectativas de receita.<\/p>\n\n\n\n<p>O apetite por risco na Europa persiste ap\u00f3s dados da infla\u00e7\u00e3o ao consumidor (CPI) dos EUA, divulgados ontem, virem abaixo do esperado, melhorando as chances de que o Federal Reserve (Fed, o banco central americano) comece a reduzir juros neste semestre, possivelmente a partir de setembro.<\/p>\n\n\n\n<p>Hoje, os EUA divulgam n\u00fameros da infla\u00e7\u00e3o ao produtor (PPI) e pesquisa sobre <a class=\"suno-keyword\" target=\"_blank\" data-force=\"no\" data-priority=\"1\" href=\"https:\/\/www.suno.com.br\/artigos\/confianca-do-consumidor\/\" rel=\"noopener\">confian\u00e7a do consumidor<\/a>, que tamb\u00e9m traz expectativas de infla\u00e7\u00e3o.<\/p>\n\n\n\n<p>Tamb\u00e9m no radar dos europeus, est\u00e1 a temporada de balan\u00e7os dos EUA. Grandes bancos americanos, incluindo JPMorgan, publicam <a class=\"suno-keyword\" target=\"_blank\" data-force=\"no\" data-priority=\"1\" href=\"https:\/\/www.suno.com.br\/artigos\/resultados-trimestrais\/\" rel=\"noopener\">resultados trimestrais<\/a> nesta manh\u00e3.<\/p>\n\n\n\n<p>\u00c0s 6h42 (de Bras\u00edlia), a Bolsa de Londres subia 0,18%, a de Paris avan\u00e7ava 0,55% e a de Frankfurt ganhava 0,20%. J\u00e1 as de Mil\u00e3o e Madri tinham altas de 0,29% e 0,36%, respectivamente. Exce\u00e7\u00e3o, a de Lisboa ca\u00eda 0,09%.<\/p>\n\n\n\n<p><em>*Com informa\u00e7\u00f5es da Dow Jones Newswires e Estad\u00e3o Conte\u00fado<\/em><\/p>\n\n\n\t<p>\n\t\t<a href=\"https:\/\/lp.suno.com.br\/planilha-da-vida-financeira\/\" target=\"_blank\" data-element=\"shortcode-suno-banner\" title=\"Banner SUNO, clique e saiba mais\">\n\t\t\t<picture>\n\t\t\t\t<source media=\"(max-width: 500px)\" srcset=\"https:\/\/files.sunoresearch.com.br\/n\/uploads\/2023\/04\/400x300-Planilha-vida-financeira-true.png\">\n\t\t\t\t<img class=\"newsContent__article__imgCapa newsContent__article__imgCapa--banner\"\n\t\t\t\t\tsrc=\"https:\/\/files.sunoresearch.com.br\/n\/uploads\/2023\/04\/1420x240-Planilha-vida-financeira-true.png\"\n\t\t\t\t\tdata-promo-id=\"383123\"\t\t\t\t\t\t\t\t\t\twidth='1420' height='240'\t\t\t\t\talt=\"https:\/\/files.sunoresearch.com.br\/n\/uploads\/2023\/04\/1420x240-Planilha-vida-financeira-true.png\"\n\t\t\t\t>\n\t\t\t<\/picture>\n\t\t<\/a>\n\t<\/p>\n\n\n","protected":false},"excerpt":{"rendered":"<p>As bolsas asi\u00e1ticas fecharam sem dire\u00e7\u00e3o \u00fanica nesta sexta-feira (12), \u00e0 medida que a de T\u00f3quio interrompeu uma sequ\u00eancia de m\u00e1ximas hist\u00f3ricas, depois de forte avan\u00e7o do iene, e as chinesas pouco se alteraram ap\u00f3s dados locais mistos de com\u00e9rcio externo. Bolsas asi\u00e1ticas. Foto: Unsplash. Liderando as perdas na \u00c1sia, o \u00edndice japon\u00eas Nikkei caiu [&hellip;]<\/p>\n","protected":false},"author":376,"featured_media":474667,"comment_status":"closed","ping_status":"closed","sticky":false,"template":"","format":"standard","meta":[],"categories":[64],"tags":[104703],"suno_strategy":[],"class_list":["post-566227","post","type-post","status-publish","format-standard","has-post-thumbnail","hentry","category-negocios","tag-bolsas-mundiais"],"yoast_head":"<!-- This site is optimized with the Yoast SEO plugin v24.4 - https:\/\/yoast.com\/wordpress\/plugins\/seo\/ -->\n<title>Bolsas asi\u00e1ticas fecham mistas e Europa estende ganhos<\/title>\n<meta name=\"description\" content=\"As bolsas asi\u00e1ticas fecharam mistas nesta sexta-feira (11), com destaque negativo para T\u00f3quio. Na Europa, o tom positivo vem se estendendo\" \/>\n<meta name=\"robots\" content=\"index, follow, max-snippet:-1, max-image-preview:large, max-video-preview:-1\" \/>\n<link rel=\"canonical\" href=\"https:\/\/www.suno.com.br\/noticias\/bolsas-asiaticas-mistas-japao-baixa-europa-ganhos-ec-gss\/\" \/>\n<meta property=\"og:locale\" content=\"pt_BR\" \/>\n<meta property=\"og:type\" content=\"article\" \/>\n<meta property=\"og:title\" content=\"Bolsas asi\u00e1ticas fecham mistas e Europa estende ganhos\" \/>\n<meta property=\"og:description\" content=\"As bolsas asi\u00e1ticas fecharam mistas nesta sexta-feira (11), com destaque negativo para T\u00f3quio. Na Europa, o tom positivo vem se estendendo\" \/>\n<meta property=\"og:url\" content=\"https:\/\/www.suno.com.br\/noticias\/bolsas-asiaticas-mistas-japao-baixa-europa-ganhos-ec-gss\/\" \/>\n<meta property=\"og:site_name\" content=\"Suno Not\u00edcias\" \/>\n<meta property=\"article:publisher\" content=\"https:\/\/facebook.com\/sunoresearch\" \/>\n<meta property=\"og:image\" content=\"https:\/\/files.sunoresearch.com.br\/n\/uploads\/2023\/10\/jezael-melgoza-tUVf65KIVpI-unsplash-scaled.jpg\" \/>\n\t<meta property=\"og:image:width\" content=\"2560\" \/>\n\t<meta property=\"og:image:height\" content=\"1646\" \/>\n\t<meta property=\"og:image:type\" content=\"image\/jpeg\" \/>\n<meta name=\"author\" content=\"Guilherme Serrano\" \/>\n<meta name=\"twitter:card\" content=\"summary_large_image\" \/>\n<meta name=\"twitter:creator\" content=\"@sunoresearch\" \/>\n<meta name=\"twitter:site\" content=\"@sunoresearch\" \/>\n<meta name=\"twitter:label1\" content=\"Escrito por\" \/>\n\t<meta name=\"twitter:data1\" content=\"Guilherme Serrano\" \/>\n\t<meta name=\"twitter:label2\" content=\"Est. tempo de leitura\" \/>\n\t<meta name=\"twitter:data2\" content=\"4 minutos\" \/>\n<script type=\"application\/ld+json\" class=\"yoast-schema-graph\">{\"@context\":\"https:\/\/schema.org\",\"@graph\":[{\"@type\":\"NewsArticle\",\"@id\":\"https:\/\/www.suno.com.br\/noticias\/bolsas-asiaticas-mistas-japao-baixa-europa-ganhos-ec-gss\/#article\",\"isPartOf\":{\"@id\":\"https:\/\/www.suno.com.br\/noticias\/bolsas-asiaticas-mistas-japao-baixa-europa-ganhos-ec-gss\/\"},\"author\":{\"name\":\"Guilherme Serrano\",\"@id\":\"https:\/\/www.suno.com.br\/noticias\/#\/schema\/person\/d0f07e64bce64aa671feadfb844f04ca\"},\"headline\":\"Bolsas asi\u00e1ticas fecham mistas, com forte queda em T\u00f3quio; Europa estende ganhos\",\"datePublished\":\"2024-07-12T12:30:26+00:00\",\"dateModified\":\"2024-07-12T12:30:30+00:00\",\"mainEntityOfPage\":{\"@id\":\"https:\/\/www.suno.com.br\/noticias\/bolsas-asiaticas-mistas-japao-baixa-europa-ganhos-ec-gss\/\"},\"wordCount\":657,\"publisher\":{\"@id\":\"https:\/\/www.suno.com.br\/noticias\/#organization\"},\"image\":{\"@id\":\"https:\/\/www.suno.com.br\/noticias\/bolsas-asiaticas-mistas-japao-baixa-europa-ganhos-ec-gss\/#primaryimage\"},\"thumbnailUrl\":\"https:\/\/files.sunoresearch.com.br\/n\/uploads\/2023\/10\/jezael-melgoza-tUVf65KIVpI-unsplash-scaled.jpg\",\"keywords\":[\"Bolsas mundiais\"],\"articleSection\":[\"Neg\u00f3cios\"],\"inLanguage\":\"pt-BR\"},{\"@type\":\"WebPage\",\"@id\":\"https:\/\/www.suno.com.br\/noticias\/bolsas-asiaticas-mistas-japao-baixa-europa-ganhos-ec-gss\/\",\"url\":\"https:\/\/www.suno.com.br\/noticias\/bolsas-asiaticas-mistas-japao-baixa-europa-ganhos-ec-gss\/\",\"name\":\"Bolsas asi\u00e1ticas fecham mistas e Europa estende ganhos\",\"isPartOf\":{\"@id\":\"https:\/\/www.suno.com.br\/noticias\/#website\"},\"primaryImageOfPage\":{\"@id\":\"https:\/\/www.suno.com.br\/noticias\/bolsas-asiaticas-mistas-japao-baixa-europa-ganhos-ec-gss\/#primaryimage\"},\"image\":{\"@id\":\"https:\/\/www.suno.com.br\/noticias\/bolsas-asiaticas-mistas-japao-baixa-europa-ganhos-ec-gss\/#primaryimage\"},\"thumbnailUrl\":\"https:\/\/files.sunoresearch.com.br\/n\/uploads\/2023\/10\/jezael-melgoza-tUVf65KIVpI-unsplash-scaled.jpg\",\"datePublished\":\"2024-07-12T12:30:26+00:00\",\"dateModified\":\"2024-07-12T12:30:30+00:00\",\"description\":\"As bolsas asi\u00e1ticas fecharam mistas nesta sexta-feira (11), com destaque negativo para T\u00f3quio. Na Europa, o tom positivo vem se estendendo\",\"breadcrumb\":{\"@id\":\"https:\/\/www.suno.com.br\/noticias\/bolsas-asiaticas-mistas-japao-baixa-europa-ganhos-ec-gss\/#breadcrumb\"},\"inLanguage\":\"pt-BR\",\"potentialAction\":[{\"@type\":\"ReadAction\",\"target\":[\"https:\/\/www.suno.com.br\/noticias\/bolsas-asiaticas-mistas-japao-baixa-europa-ganhos-ec-gss\/\"]}]},{\"@type\":\"ImageObject\",\"inLanguage\":\"pt-BR\",\"@id\":\"https:\/\/www.suno.com.br\/noticias\/bolsas-asiaticas-mistas-japao-baixa-europa-ganhos-ec-gss\/#primaryimage\",\"url\":\"https:\/\/files.sunoresearch.com.br\/n\/uploads\/2023\/10\/jezael-melgoza-tUVf65KIVpI-unsplash-scaled.jpg\",\"contentUrl\":\"https:\/\/files.sunoresearch.com.br\/n\/uploads\/2023\/10\/jezael-melgoza-tUVf65KIVpI-unsplash-scaled.jpg\",\"width\":2560,\"height\":1646,\"caption\":\"Bolsas asi\u00e1ticas. Foto: Unsplash.\"},{\"@type\":\"BreadcrumbList\",\"@id\":\"https:\/\/www.suno.com.br\/noticias\/bolsas-asiaticas-mistas-japao-baixa-europa-ganhos-ec-gss\/#breadcrumb\",\"itemListElement\":[{\"@type\":\"ListItem\",\"position\":1,\"name\":\"Not\u00edcias\",\"item\":\"https:\/\/www.suno.com.br\/noticias\/\"},{\"@type\":\"ListItem\",\"position\":2,\"name\":\"Neg\u00f3cios\",\"item\":\"https:\/\/www.suno.com.br\/noticias\/negocios\/\"},{\"@type\":\"ListItem\",\"position\":3,\"name\":\"Bolsas asi\u00e1ticas fecham mistas, com forte queda em T\u00f3quio; Europa estende ganhos\"}]},{\"@type\":\"WebSite\",\"@id\":\"https:\/\/www.suno.com.br\/noticias\/#website\",\"url\":\"https:\/\/www.suno.com.br\/noticias\/\",\"name\":\"Suno Not\u00edcias\",\"description\":\"Seu portal de informa\u00e7\u00e3o sobre o mundo dos investimentos\",\"publisher\":{\"@id\":\"https:\/\/www.suno.com.br\/noticias\/#organization\"},\"potentialAction\":[{\"@type\":\"SearchAction\",\"target\":{\"@type\":\"EntryPoint\",\"urlTemplate\":\"https:\/\/www.suno.com.br\/noticias\/?s={search_term_string}\"},\"query-input\":{\"@type\":\"PropertyValueSpecification\",\"valueRequired\":true,\"valueName\":\"search_term_string\"}}],\"inLanguage\":\"pt-BR\"},{\"@type\":\"Organization\",\"@id\":\"https:\/\/www.suno.com.br\/noticias\/#organization\",\"name\":\"Suno Not\u00edcias\",\"url\":\"https:\/\/www.suno.com.br\/noticias\/\",\"logo\":{\"@type\":\"ImageObject\",\"inLanguage\":\"pt-BR\",\"@id\":\"https:\/\/www.suno.com.br\/noticias\/#\/schema\/logo\/image\/\",\"url\":\"https:\/\/files.sunoresearch.com.br\/n\/uploads\/2021\/09\/suno-logo.png\",\"contentUrl\":\"https:\/\/files.sunoresearch.com.br\/n\/uploads\/2021\/09\/suno-logo.png\",\"width\":180,\"height\":180,\"caption\":\"Suno Not\u00edcias\"},\"image\":{\"@id\":\"https:\/\/www.suno.com.br\/noticias\/#\/schema\/logo\/image\/\"},\"sameAs\":[\"https:\/\/facebook.com\/sunoresearch\",\"https:\/\/x.com\/sunoresearch\",\"https:\/\/www.instagram.com\/suno\",\"https:\/\/www.linkedin.com\/company\/suno-research\/\",\"https:\/\/www.youtube.com\/c\/sunoresearch\"]},{\"@type\":\"Person\",\"@id\":\"https:\/\/www.suno.com.br\/noticias\/#\/schema\/person\/d0f07e64bce64aa671feadfb844f04ca\",\"name\":\"Guilherme Serrano\",\"image\":{\"@type\":\"ImageObject\",\"inLanguage\":\"pt-BR\",\"@id\":\"https:\/\/www.suno.com.br\/noticias\/#\/schema\/person\/image\/\",\"url\":\"https:\/\/secure.gravatar.com\/avatar\/a90be19d8c67bef61497e4522de30ac4?s=96&r=g\",\"contentUrl\":\"https:\/\/secure.gravatar.com\/avatar\/a90be19d8c67bef61497e4522de30ac4?s=96&r=g\",\"caption\":\"Guilherme Serrano\"},\"description\":\"Jornalista formado pela Faculdade C\u00e1sper L\u00edbero e p\u00f3s-graduado em Can\u00e7\u00e3o Popular pela Faculdade Santa Marcelina. Passagens por R\u00e1dio Gazeta AM, gazetaesportiva.com e TC R\u00e1dio.\",\"url\":\"https:\/\/www.suno.com.br\/noticias\/author\/guilherme-silvasuno-com-br\/\"}]}<\/script>\n<!-- \/ Yoast SEO plugin. -->","yoast_head_json":{"title":"Bolsas asi\u00e1ticas fecham mistas e Europa estende ganhos","description":"As bolsas asi\u00e1ticas fecharam mistas nesta sexta-feira (11), com destaque negativo para T\u00f3quio. Na Europa, o tom positivo vem se estendendo","robots":{"index":"index","follow":"follow","max-snippet":"max-snippet:-1","max-image-preview":"max-image-preview:large","max-video-preview":"max-video-preview:-1"},"canonical":"https:\/\/www.suno.com.br\/noticias\/bolsas-asiaticas-mistas-japao-baixa-europa-ganhos-ec-gss\/","og_locale":"pt_BR","og_type":"article","og_title":"Bolsas asi\u00e1ticas fecham mistas e Europa estende ganhos","og_description":"As bolsas asi\u00e1ticas fecharam mistas nesta sexta-feira (11), com destaque negativo para T\u00f3quio. Na Europa, o tom positivo vem se estendendo","og_url":"https:\/\/www.suno.com.br\/noticias\/bolsas-asiaticas-mistas-japao-baixa-europa-ganhos-ec-gss\/","og_site_name":"Suno Not\u00edcias","article_publisher":"https:\/\/facebook.com\/sunoresearch","og_image":[{"width":2560,"height":1646,"url":"https:\/\/files.sunoresearch.com.br\/n\/uploads\/2023\/10\/jezael-melgoza-tUVf65KIVpI-unsplash-scaled.jpg","type":"image\/jpeg"}],"author":"Guilherme Serrano","twitter_card":"summary_large_image","twitter_creator":"@sunoresearch","twitter_site":"@sunoresearch","twitter_misc":{"Escrito por":"Guilherme Serrano","Est. tempo de leitura":"4 minutos"},"schema":{"@context":"https:\/\/schema.org","@graph":[{"@type":"NewsArticle","@id":"https:\/\/www.suno.com.br\/noticias\/bolsas-asiaticas-mistas-japao-baixa-europa-ganhos-ec-gss\/#article","isPartOf":{"@id":"https:\/\/www.suno.com.br\/noticias\/bolsas-asiaticas-mistas-japao-baixa-europa-ganhos-ec-gss\/"},"author":{"name":"Guilherme Serrano","@id":"https:\/\/www.suno.com.br\/noticias\/#\/schema\/person\/d0f07e64bce64aa671feadfb844f04ca"},"headline":"Bolsas asi\u00e1ticas fecham mistas, com forte queda em T\u00f3quio; Europa estende ganhos","datePublished":"2024-07-12T12:30:26+00:00","dateModified":"2024-07-12T12:30:30+00:00","mainEntityOfPage":{"@id":"https:\/\/www.suno.com.br\/noticias\/bolsas-asiaticas-mistas-japao-baixa-europa-ganhos-ec-gss\/"},"wordCount":657,"publisher":{"@id":"https:\/\/www.suno.com.br\/noticias\/#organization"},"image":{"@id":"https:\/\/www.suno.com.br\/noticias\/bolsas-asiaticas-mistas-japao-baixa-europa-ganhos-ec-gss\/#primaryimage"},"thumbnailUrl":"https:\/\/files.sunoresearch.com.br\/n\/uploads\/2023\/10\/jezael-melgoza-tUVf65KIVpI-unsplash-scaled.jpg","keywords":["Bolsas mundiais"],"articleSection":["Neg\u00f3cios"],"inLanguage":"pt-BR"},{"@type":"WebPage","@id":"https:\/\/www.suno.com.br\/noticias\/bolsas-asiaticas-mistas-japao-baixa-europa-ganhos-ec-gss\/","url":"https:\/\/www.suno.com.br\/noticias\/bolsas-asiaticas-mistas-japao-baixa-europa-ganhos-ec-gss\/","name":"Bolsas asi\u00e1ticas fecham mistas e Europa estende ganhos","isPartOf":{"@id":"https:\/\/www.suno.com.br\/noticias\/#website"},"primaryImageOfPage":{"@id":"https:\/\/www.suno.com.br\/noticias\/bolsas-asiaticas-mistas-japao-baixa-europa-ganhos-ec-gss\/#primaryimage"},"image":{"@id":"https:\/\/www.suno.com.br\/noticias\/bolsas-asiaticas-mistas-japao-baixa-europa-ganhos-ec-gss\/#primaryimage"},"thumbnailUrl":"https:\/\/files.sunoresearch.com.br\/n\/uploads\/2023\/10\/jezael-melgoza-tUVf65KIVpI-unsplash-scaled.jpg","datePublished":"2024-07-12T12:30:26+00:00","dateModified":"2024-07-12T12:30:30+00:00","description":"As bolsas asi\u00e1ticas fecharam mistas nesta sexta-feira (11), com destaque negativo para T\u00f3quio. Na Europa, o tom positivo vem se estendendo","breadcrumb":{"@id":"https:\/\/www.suno.com.br\/noticias\/bolsas-asiaticas-mistas-japao-baixa-europa-ganhos-ec-gss\/#breadcrumb"},"inLanguage":"pt-BR","potentialAction":[{"@type":"ReadAction","target":["https:\/\/www.suno.com.br\/noticias\/bolsas-asiaticas-mistas-japao-baixa-europa-ganhos-ec-gss\/"]}]},{"@type":"ImageObject","inLanguage":"pt-BR","@id":"https:\/\/www.suno.com.br\/noticias\/bolsas-asiaticas-mistas-japao-baixa-europa-ganhos-ec-gss\/#primaryimage","url":"https:\/\/files.sunoresearch.com.br\/n\/uploads\/2023\/10\/jezael-melgoza-tUVf65KIVpI-unsplash-scaled.jpg","contentUrl":"https:\/\/files.sunoresearch.com.br\/n\/uploads\/2023\/10\/jezael-melgoza-tUVf65KIVpI-unsplash-scaled.jpg","width":2560,"height":1646,"caption":"Bolsas asi\u00e1ticas. Foto: Unsplash."},{"@type":"BreadcrumbList","@id":"https:\/\/www.suno.com.br\/noticias\/bolsas-asiaticas-mistas-japao-baixa-europa-ganhos-ec-gss\/#breadcrumb","itemListElement":[{"@type":"ListItem","position":1,"name":"Not\u00edcias","item":"https:\/\/www.suno.com.br\/noticias\/"},{"@type":"ListItem","position":2,"name":"Neg\u00f3cios","item":"https:\/\/www.suno.com.br\/noticias\/negocios\/"},{"@type":"ListItem","position":3,"name":"Bolsas asi\u00e1ticas fecham mistas, com forte queda em T\u00f3quio; Europa estende ganhos"}]},{"@type":"WebSite","@id":"https:\/\/www.suno.com.br\/noticias\/#website","url":"https:\/\/www.suno.com.br\/noticias\/","name":"Suno Not\u00edcias","description":"Seu portal de informa\u00e7\u00e3o sobre o mundo dos investimentos","publisher":{"@id":"https:\/\/www.suno.com.br\/noticias\/#organization"},"potentialAction":[{"@type":"SearchAction","target":{"@type":"EntryPoint","urlTemplate":"https:\/\/www.suno.com.br\/noticias\/?s={search_term_string}"},"query-input":{"@type":"PropertyValueSpecification","valueRequired":true,"valueName":"search_term_string"}}],"inLanguage":"pt-BR"},{"@type":"Organization","@id":"https:\/\/www.suno.com.br\/noticias\/#organization","name":"Suno Not\u00edcias","url":"https:\/\/www.suno.com.br\/noticias\/","logo":{"@type":"ImageObject","inLanguage":"pt-BR","@id":"https:\/\/www.suno.com.br\/noticias\/#\/schema\/logo\/image\/","url":"https:\/\/files.sunoresearch.com.br\/n\/uploads\/2021\/09\/suno-logo.png","contentUrl":"https:\/\/files.sunoresearch.com.br\/n\/uploads\/2021\/09\/suno-logo.png","width":180,"height":180,"caption":"Suno Not\u00edcias"},"image":{"@id":"https:\/\/www.suno.com.br\/noticias\/#\/schema\/logo\/image\/"},"sameAs":["https:\/\/facebook.com\/sunoresearch","https:\/\/x.com\/sunoresearch","https:\/\/www.instagram.com\/suno","https:\/\/www.linkedin.com\/company\/suno-research\/","https:\/\/www.youtube.com\/c\/sunoresearch"]},{"@type":"Person","@id":"https:\/\/www.suno.com.br\/noticias\/#\/schema\/person\/d0f07e64bce64aa671feadfb844f04ca","name":"Guilherme Serrano","image":{"@type":"ImageObject","inLanguage":"pt-BR","@id":"https:\/\/www.suno.com.br\/noticias\/#\/schema\/person\/image\/","url":"https:\/\/secure.gravatar.com\/avatar\/a90be19d8c67bef61497e4522de30ac4?s=96&r=g","contentUrl":"https:\/\/secure.gravatar.com\/avatar\/a90be19d8c67bef61497e4522de30ac4?s=96&r=g","caption":"Guilherme Serrano"},"description":"Jornalista formado pela Faculdade C\u00e1sper L\u00edbero e p\u00f3s-graduado em Can\u00e7\u00e3o Popular pela Faculdade Santa Marcelina. Passagens por R\u00e1dio Gazeta AM, gazetaesportiva.com e TC R\u00e1dio.","url":"https:\/\/www.suno.com.br\/noticias\/author\/guilherme-silvasuno-com-br\/"}]}},"default_loop_html":"<div class=\"cardsPage__listCard__boxs\"><div class=\"cardsPage__listCard__boxs__img\"><a href=\"https:\/\/www.suno.com.br\/noticias\/bolsas-asiaticas-mistas-japao-baixa-europa-ganhos-ec-gss\/\"><img class=\"mask\" src=\"https:\/\/www.suno.com.br\/noticias\/wp-content\/themes\/suno\/resources\/images\/spotlight\/spotlight1img\/bg-mask.png\" alt=\"Image Mask\"\/><img src=\"https:\/\/files.sunoresearch.com.br\/n\/uploads\/2023\/10\/jezael-melgoza-tUVf65KIVpI-unsplash-400x200.jpg\" alt=\"Bolsas asi\u00e1ticas fecham mistas, com forte queda em T\u00f3quio; Europa estende ganhos\"\/><\/a><span class=\"spotlightCategory\"><a href=\"https:\/\/www.suno.com.br\/noticias\/negocios\/\">Neg\u00f3cios<\/a><\/span><\/div><div class=\"cardsPage__listCard__boxs__content\"><a href=\"https:\/\/www.suno.com.br\/noticias\/bolsas-asiaticas-mistas-japao-baixa-europa-ganhos-ec-gss\/\"><h2 class=\"content__title\">Bolsas asi\u00e1ticas fecham mistas, com forte queda em T\u00f3quio; Europa estende ganhos<\/h2><\/a><div class=\"newsContent__article__meta\"><div class=\"newsContent__article__meta__authorBox\"><a href=\"https:\/\/www.suno.com.br\/noticias\/author\/guilherme-silvasuno-com-br\/\" class=\"authorBox__avatar noMobi\"><img src=\"https:\/\/secure.gravatar.com\/avatar\/a90be19d8c67bef61497e4522de30ac4?s=96&#038;r=g\" alt=\"Guilherme Serrano\"><\/a><div class=\"authorBox__name\"><span>por\n\t\t\t<a href=\"https:\/\/www.suno.com.br\/noticias\/author\/guilherme-silvasuno-com-br\/\"><span itemprop=\"author\">Guilherme Serrano<\/span><\/a><\/span><time datetime=\"2024-07-12T09:30:26-03:00\" itemprop=\"datePublished\">12\/07\/2024 09:30<\/time><\/div><\/div><\/div><\/div><\/div>","single_layout":"posts","amp_enabled":true,"_links":{"self":[{"href":"https:\/\/www.suno.com.br\/noticias\/wp-json\/wp\/v2\/posts\/566227"}],"collection":[{"href":"https:\/\/www.suno.com.br\/noticias\/wp-json\/wp\/v2\/posts"}],"about":[{"href":"https:\/\/www.suno.com.br\/noticias\/wp-json\/wp\/v2\/types\/post"}],"author":[{"embeddable":true,"href":"https:\/\/www.suno.com.br\/noticias\/wp-json\/wp\/v2\/users\/376"}],"replies":[{"embeddable":true,"href":"https:\/\/www.suno.com.br\/noticias\/wp-json\/wp\/v2\/comments?post=566227"}],"version-history":[{"count":3,"href":"https:\/\/www.suno.com.br\/noticias\/wp-json\/wp\/v2\/posts\/566227\/revisions"}],"predecessor-version":[{"id":566269,"href":"https:\/\/www.suno.com.br\/noticias\/wp-json\/wp\/v2\/posts\/566227\/revisions\/566269"}],"wp:featuredmedia":[{"embeddable":true,"href":"https:\/\/www.suno.com.br\/noticias\/wp-json\/wp\/v2\/media\/474667"}],"wp:attachment":[{"href":"https:\/\/www.suno.com.br\/noticias\/wp-json\/wp\/v2\/media?parent=566227"}],"wp:term":[{"taxonomy":"category","embeddable":true,"href":"https:\/\/www.suno.com.br\/noticias\/wp-json\/wp\/v2\/categories?post=566227"},{"taxonomy":"post_tag","embeddable":true,"href":"https:\/\/www.suno.com.br\/noticias\/wp-json\/wp\/v2\/tags?post=566227"},{"taxonomy":"suno_strategy","embeddable":true,"href":"https:\/\/www.suno.com.br\/noticias\/wp-json\/wp\/v2\/suno_strategy?post=566227"}],"curies":[{"name":"wp","href":"https:\/\/api.w.org\/{rel}","templated":true}]}}