{"id":566130,"date":"2024-07-11T14:39:36","date_gmt":"2024-07-11T17:39:36","guid":{"rendered":"https:\/\/www.suno.com.br\/noticias\/?p=566130"},"modified":"2024-07-11T14:39:39","modified_gmt":"2024-07-11T17:39:39","slug":"magazine-luiza-mglu3-executivos-integracao-ali-express-gss","status":"publish","type":"post","link":"https:\/\/www.suno.com.br\/noticias\/magazine-luiza-mglu3-executivos-integracao-ali-express-gss\/","title":{"rendered":"Magazine Luiza (MGLU3) anuncia novos executivos visando integra\u00e7\u00e3o com AliExpress"},"content":{"rendered":"<p>Nesta quinta-feira (11), o <strong>Magazine Luiza<\/strong> (MGLU3) anunciou a contrata\u00e7\u00e3o de dois novos executivos, a fim de fortalecer a opera\u00e7\u00e3o de marketplace da companhia no \u00e2mbito da recente parceria firmada com o AliExpress.<\/p>\t<div class=\"wrapper-featured-image\">\n\t\t<figure class=\"spotlightImg\">\n\n\t\t\t<picture>\n\t\t\t\t<source media=\"(max-width: 768px)\" srcset=\"https:\/\/files.sunoresearch.com.br\/n\/uploads\/2021\/02\/6d0d23e6-magalu-400x200.webp\">\n\t\t\t\t<img loading=\"lazy\" decoding=\"async\" class=\"newsContent__article__imgCapa lazyloadDisabled \" src=\"https:\/\/files.sunoresearch.com.br\/n\/uploads\/2021\/02\/6d0d23e6-magalu-800x450.webp\" width=\"800\" height=\"450\" alt=\"Magazine Luiza (MGLU3) anuncia novos executivos visando integra\u00e7\u00e3o com AliExpress\" fetchpriority=high \/>\n\t\t\t<\/picture>\n\n\t\t\t<figcaption class=\"wp-caption-text wp-caption-text--show\">Magazine Luiza (MGLU3). Foto: Divulga\u00e7\u00e3o<\/figcaption>\n\t\t<\/figure>\n\t<\/div>\n\n\n\n\n\n\n\n\t<p>\n\t\t<a href=\"https:\/\/lp.suno.com.br\/planilha-da-vida-financeira\/\" target=\"_blank\" data-element=\"shortcode-suno-banner\" title=\"Banner SUNO, clique e saiba mais\">\n\t\t\t<picture>\n\t\t\t\t<source media=\"(max-width: 500px)\" srcset=\"https:\/\/files.sunoresearch.com.br\/n\/uploads\/2023\/04\/400x300-Planilha-vida-financeira-true.png\">\n\t\t\t\t<img class=\"newsContent__article__imgCapa newsContent__article__imgCapa--banner\"\n\t\t\t\t\tsrc=\"https:\/\/files.sunoresearch.com.br\/n\/uploads\/2023\/04\/1420x240-Planilha-vida-financeira-true.png\"\n\t\t\t\t\tdata-promo-id=\"106682\"\t\t\t\t\t\t\t\t\t\twidth='1420' height='240'\t\t\t\t\talt=\"https:\/\/files.sunoresearch.com.br\/n\/uploads\/2023\/04\/1420x240-Planilha-vida-financeira-true.png\"\n\t\t\t\t>\n\t\t\t<\/picture>\n\t\t<\/a>\n\t<\/p>\n\n\n\n\n\n<p>Os profissionais contratados t\u00eam experi\u00eancia em concorrentes do e-commerce internacional, como Mercado Livre (<a class=\"suno-keyword\" data-force=\"yes\" data-priority=\"2\" href=\"https:\/\/www.suno.com.br\/bdrs\/meli34\/\" target=\"_blank\" rel=\"noopener\">MELI34<\/a>) e as chinesas Shein e Shopee.<\/p>\n\n\n\n<p><strong>Raul Jacob<\/strong> atuar\u00e1 na estrutura\u00e7\u00e3o da opera\u00e7\u00e3o de cross border, que diz respeito ao transporte de produtos entre pa\u00edses. Seu primeiro desafio ser\u00e1 relacionado \u00e0 integra\u00e7\u00e3o entre o <strong>Magalu<\/strong> e o <strong>AliExpress<\/strong>. J\u00e1 <strong>Kael Louren\u00e7o<\/strong> ter\u00e1 como miss\u00e3o impulsionar o crescimento do n\u00famero de parceiros e ofertas.<\/p>\n\n\n\n<p>\u201cNosso primeiro trabalho ser\u00e1 tirar do papel esse acordo in\u00e9dito com o AliExpress. Os clientes ter\u00e3o uma experi\u00eancia de compra \u00fanica dentro do app, site e loja do Magalu. Estou muito animado com esse desafio&#8221;, diz Jacob.<\/p>\n\n\n\n<p>\u201cO Magalu j\u00e1 \u00e9 uma plataforma com muita audi\u00eancia e com uma opera\u00e7\u00e3o s\u00f3lida de marketplace. No entanto, h\u00e1 espa\u00e7o para acelerar o crescimento dessa opera\u00e7\u00e3o. J\u00e1 somos uma das principais do pa\u00eds e vamos consolidar nossa posi\u00e7\u00e3o\u201d, completa Louren\u00e7o.<\/p>\n\n\n\n<p>Raul Jacob formado em Engenharia pela Universidade Mackenzie, fez especializa\u00e7\u00e3o na brit\u00e2nica University of East London e estudou Marketing na Harvard Business School. No curr\u00edculo, tem passagens por Shein e Shopee.<\/p>\n\n\n\n<p>Kael Louren\u00e7o, que j\u00e1 atuou no Mercado Livre, \u00e9 formado em Rela\u00e7\u00f5es Internacionais pela Unesp e com especializa\u00e7\u00e3o na Universidade de Santiago de Compostela (Espanha).<\/p>\n\n\n\t<p>\n\t\t<a href=\"https:\/\/lp.suno.com.br\/ebook-como-analisar-uma-acao\/\" target=\"_blank\" data-element=\"shortcode-suno-banner\" title=\"Banner SUNO, clique e saiba mais\">\n\t\t\t<picture>\n\t\t\t\t<source media=\"(max-width: 500px)\" srcset=\"https:\/\/files.sunoresearch.com.br\/n\/uploads\/2023\/03\/Ebook-Acoes-Mobile.jpg\">\n\t\t\t\t<img class=\"newsContent__article__imgCapa newsContent__article__imgCapa--banner\"\n\t\t\t\t\tsrc=\"https:\/\/files.sunoresearch.com.br\/n\/uploads\/2023\/03\/Ebook-Acoes-Desktop.jpg\"\n\t\t\t\t\tdata-promo-id=\"378302\"\t\t\t\t\t\t\t\t\t\twidth='1420' height='286'\t\t\t\t\talt=\"https:\/\/files.sunoresearch.com.br\/n\/uploads\/2023\/03\/Ebook-Acoes-Desktop.jpg\"\n\t\t\t\t>\n\t\t\t<\/picture>\n\t\t<\/a>\n\t<\/p>\n\n\n\n\n\n<h2 class=\"wp-block-heading\">Relembre acordo entre Magazine Luiza (MGLU3) e AliExpress<\/h2>\n\n\n\n<p>No final de junho, o Magazine Luiza (<strong>MGLU3<\/strong>) e o AliExpress anunciaram a celebra\u00e7\u00e3o de um acordo estrat\u00e9gico que vai promover uma integra\u00e7\u00e3o parcial dos dois marketplaces.<\/p>\n\n\n\n<p>A parceria prev\u00ea que o AliExpress passe a vender itens da sua linha Choice nos canais digitais do Magalu. Essa divis\u00e3o da varejista chinesa diz respeito ao servi\u00e7o de compras premium que oferece produtos com melhor custo-benef\u00edcio e velocidade de entrega.<\/p>\n\n\n\n<p>O <strong>Magazine Luiza<\/strong>, por sua vez, vai oferecer produtos de estoque pr\u00f3prio (1P) na plataforma brasileira do AliExpress.<\/p>\n\n\n\t<p>\n\t\t<a href=\"https:\/\/lp.suno.com.br\/planilha-da-vida-financeira\/\" target=\"_blank\" data-element=\"shortcode-suno-banner\" title=\"Banner SUNO, clique e saiba mais\">\n\t\t\t<picture>\n\t\t\t\t<source media=\"(max-width: 500px)\" srcset=\"https:\/\/files.sunoresearch.com.br\/n\/uploads\/2023\/04\/400x300-Planilha-vida-financeira-true.png\">\n\t\t\t\t<img class=\"newsContent__article__imgCapa newsContent__article__imgCapa--banner\"\n\t\t\t\t\tsrc=\"https:\/\/files.sunoresearch.com.br\/n\/uploads\/2023\/04\/1420x240-Planilha-vida-financeira-true.png\"\n\t\t\t\t\tdata-promo-id=\"383123\"\t\t\t\t\t\t\t\t\t\twidth='1420' height='240'\t\t\t\t\talt=\"https:\/\/files.sunoresearch.com.br\/n\/uploads\/2023\/04\/1420x240-Planilha-vida-financeira-true.png\"\n\t\t\t\t>\n\t\t\t<\/picture>\n\t\t<\/a>\n\t<\/p>\n\n\n","protected":false},"excerpt":{"rendered":"<p>Nesta quinta-feira (11), o Magazine Luiza (MGLU3) anunciou a contrata\u00e7\u00e3o de dois novos executivos, a fim de fortalecer a opera\u00e7\u00e3o de marketplace da companhia no \u00e2mbito da recente parceria firmada com o AliExpress. Magazine Luiza (MGLU3). Foto: Divulga\u00e7\u00e3o Os profissionais contratados t\u00eam experi\u00eancia em concorrentes do e-commerce internacional, como Mercado Livre (MELI34) e as chinesas [&hellip;]<\/p>\n","protected":false},"author":376,"featured_media":117579,"comment_status":"closed","ping_status":"closed","sticky":false,"template":"","format":"standard","meta":[],"categories":[64],"tags":[548],"suno_strategy":[],"class_list":["post-566130","post","type-post","status-publish","format-standard","has-post-thumbnail","hentry","category-negocios","tag-magazine-luiza-mglu3"],"yoast_head":"<!-- This site is optimized with the Yoast SEO plugin v24.4 - https:\/\/yoast.com\/wordpress\/plugins\/seo\/ -->\n<title>Magazine Luiza (MGLU3) anuncia contrata\u00e7\u00e3o de novos executivos<\/title>\n<meta name=\"description\" content=\"Os novos executivos contratados pelo Magazine Luiza (MGLU3) atuar\u00e3o na integra\u00e7\u00e3o do marketplace da companhia com o do AliExpress.\" \/>\n<meta name=\"robots\" content=\"index, follow, max-snippet:-1, max-image-preview:large, max-video-preview:-1\" \/>\n<link rel=\"canonical\" href=\"https:\/\/www.suno.com.br\/noticias\/magazine-luiza-mglu3-executivos-integracao-ali-express-gss\/\" \/>\n<meta property=\"og:locale\" content=\"pt_BR\" \/>\n<meta property=\"og:type\" content=\"article\" \/>\n<meta property=\"og:title\" content=\"Magazine Luiza (MGLU3) anuncia contrata\u00e7\u00e3o de novos executivos\" \/>\n<meta property=\"og:description\" content=\"Os novos executivos contratados pelo Magazine Luiza (MGLU3) atuar\u00e3o na integra\u00e7\u00e3o do marketplace da companhia com o do AliExpress.\" \/>\n<meta property=\"og:url\" content=\"https:\/\/www.suno.com.br\/noticias\/magazine-luiza-mglu3-executivos-integracao-ali-express-gss\/\" \/>\n<meta property=\"og:site_name\" content=\"Suno Not\u00edcias\" \/>\n<meta property=\"article:publisher\" content=\"https:\/\/facebook.com\/sunoresearch\" \/>\n<meta property=\"og:image\" content=\"https:\/\/files.sunoresearch.com.br\/n\/uploads\/2021\/02\/6d0d23e6-magalu.jpg\" \/>\n\t<meta property=\"og:image:width\" content=\"1600\" \/>\n\t<meta property=\"og:image:height\" content=\"890\" \/>\n\t<meta property=\"og:image:type\" content=\"image\/jpeg\" \/>\n<meta name=\"author\" content=\"Guilherme Serrano\" \/>\n<meta name=\"twitter:card\" content=\"summary_large_image\" \/>\n<meta name=\"twitter:creator\" content=\"@sunoresearch\" \/>\n<meta name=\"twitter:site\" content=\"@sunoresearch\" \/>\n<meta name=\"twitter:label1\" content=\"Escrito por\" \/>\n\t<meta name=\"twitter:data1\" content=\"Guilherme Serrano\" \/>\n\t<meta name=\"twitter:label2\" content=\"Est. tempo de leitura\" \/>\n\t<meta name=\"twitter:data2\" content=\"2 minutos\" \/>\n<script type=\"application\/ld+json\" class=\"yoast-schema-graph\">{\"@context\":\"https:\/\/schema.org\",\"@graph\":[{\"@type\":\"NewsArticle\",\"@id\":\"https:\/\/www.suno.com.br\/noticias\/magazine-luiza-mglu3-executivos-integracao-ali-express-gss\/#article\",\"isPartOf\":{\"@id\":\"https:\/\/www.suno.com.br\/noticias\/magazine-luiza-mglu3-executivos-integracao-ali-express-gss\/\"},\"author\":{\"name\":\"Guilherme Serrano\",\"@id\":\"https:\/\/www.suno.com.br\/noticias\/#\/schema\/person\/d0f07e64bce64aa671feadfb844f04ca\"},\"headline\":\"Magazine Luiza (MGLU3) anuncia novos executivos visando integra\u00e7\u00e3o com AliExpress\",\"datePublished\":\"2024-07-11T17:39:36+00:00\",\"dateModified\":\"2024-07-11T17:39:39+00:00\",\"mainEntityOfPage\":{\"@id\":\"https:\/\/www.suno.com.br\/noticias\/magazine-luiza-mglu3-executivos-integracao-ali-express-gss\/\"},\"wordCount\":378,\"publisher\":{\"@id\":\"https:\/\/www.suno.com.br\/noticias\/#organization\"},\"image\":{\"@id\":\"https:\/\/www.suno.com.br\/noticias\/magazine-luiza-mglu3-executivos-integracao-ali-express-gss\/#primaryimage\"},\"thumbnailUrl\":\"https:\/\/files.sunoresearch.com.br\/n\/uploads\/2021\/02\/6d0d23e6-magalu-jpg.webp\",\"keywords\":[\"Magazine Luiza (MGLU3)\"],\"articleSection\":[\"Neg\u00f3cios\"],\"inLanguage\":\"pt-BR\"},{\"@type\":\"WebPage\",\"@id\":\"https:\/\/www.suno.com.br\/noticias\/magazine-luiza-mglu3-executivos-integracao-ali-express-gss\/\",\"url\":\"https:\/\/www.suno.com.br\/noticias\/magazine-luiza-mglu3-executivos-integracao-ali-express-gss\/\",\"name\":\"Magazine Luiza (MGLU3) anuncia contrata\u00e7\u00e3o de novos executivos\",\"isPartOf\":{\"@id\":\"https:\/\/www.suno.com.br\/noticias\/#website\"},\"primaryImageOfPage\":{\"@id\":\"https:\/\/www.suno.com.br\/noticias\/magazine-luiza-mglu3-executivos-integracao-ali-express-gss\/#primaryimage\"},\"image\":{\"@id\":\"https:\/\/www.suno.com.br\/noticias\/magazine-luiza-mglu3-executivos-integracao-ali-express-gss\/#primaryimage\"},\"thumbnailUrl\":\"https:\/\/files.sunoresearch.com.br\/n\/uploads\/2021\/02\/6d0d23e6-magalu-jpg.webp\",\"datePublished\":\"2024-07-11T17:39:36+00:00\",\"dateModified\":\"2024-07-11T17:39:39+00:00\",\"description\":\"Os novos executivos contratados pelo Magazine Luiza (MGLU3) atuar\u00e3o na integra\u00e7\u00e3o do marketplace da companhia com o do AliExpress.\",\"breadcrumb\":{\"@id\":\"https:\/\/www.suno.com.br\/noticias\/magazine-luiza-mglu3-executivos-integracao-ali-express-gss\/#breadcrumb\"},\"inLanguage\":\"pt-BR\",\"potentialAction\":[{\"@type\":\"ReadAction\",\"target\":[\"https:\/\/www.suno.com.br\/noticias\/magazine-luiza-mglu3-executivos-integracao-ali-express-gss\/\"]}]},{\"@type\":\"ImageObject\",\"inLanguage\":\"pt-BR\",\"@id\":\"https:\/\/www.suno.com.br\/noticias\/magazine-luiza-mglu3-executivos-integracao-ali-express-gss\/#primaryimage\",\"url\":\"https:\/\/files.sunoresearch.com.br\/n\/uploads\/2021\/02\/6d0d23e6-magalu-jpg.webp\",\"contentUrl\":\"https:\/\/files.sunoresearch.com.br\/n\/uploads\/2021\/02\/6d0d23e6-magalu-jpg.webp\",\"width\":1600,\"height\":890,\"caption\":\"Magazine Luiza (MGLU3). Foto: Divulga\u00e7\u00e3o\"},{\"@type\":\"BreadcrumbList\",\"@id\":\"https:\/\/www.suno.com.br\/noticias\/magazine-luiza-mglu3-executivos-integracao-ali-express-gss\/#breadcrumb\",\"itemListElement\":[{\"@type\":\"ListItem\",\"position\":1,\"name\":\"Not\u00edcias\",\"item\":\"https:\/\/www.suno.com.br\/noticias\/\"},{\"@type\":\"ListItem\",\"position\":2,\"name\":\"Neg\u00f3cios\",\"item\":\"https:\/\/www.suno.com.br\/noticias\/negocios\/\"},{\"@type\":\"ListItem\",\"position\":3,\"name\":\"Magazine Luiza (MGLU3) anuncia novos executivos visando integra\u00e7\u00e3o com AliExpress\"}]},{\"@type\":\"WebSite\",\"@id\":\"https:\/\/www.suno.com.br\/noticias\/#website\",\"url\":\"https:\/\/www.suno.com.br\/noticias\/\",\"name\":\"Suno Not\u00edcias\",\"description\":\"Seu portal de informa\u00e7\u00e3o sobre o mundo dos investimentos\",\"publisher\":{\"@id\":\"https:\/\/www.suno.com.br\/noticias\/#organization\"},\"potentialAction\":[{\"@type\":\"SearchAction\",\"target\":{\"@type\":\"EntryPoint\",\"urlTemplate\":\"https:\/\/www.suno.com.br\/noticias\/?s={search_term_string}\"},\"query-input\":{\"@type\":\"PropertyValueSpecification\",\"valueRequired\":true,\"valueName\":\"search_term_string\"}}],\"inLanguage\":\"pt-BR\"},{\"@type\":\"Organization\",\"@id\":\"https:\/\/www.suno.com.br\/noticias\/#organization\",\"name\":\"Suno Not\u00edcias\",\"url\":\"https:\/\/www.suno.com.br\/noticias\/\",\"logo\":{\"@type\":\"ImageObject\",\"inLanguage\":\"pt-BR\",\"@id\":\"https:\/\/www.suno.com.br\/noticias\/#\/schema\/logo\/image\/\",\"url\":\"https:\/\/files.sunoresearch.com.br\/n\/uploads\/2021\/09\/suno-logo.png\",\"contentUrl\":\"https:\/\/files.sunoresearch.com.br\/n\/uploads\/2021\/09\/suno-logo.png\",\"width\":180,\"height\":180,\"caption\":\"Suno Not\u00edcias\"},\"image\":{\"@id\":\"https:\/\/www.suno.com.br\/noticias\/#\/schema\/logo\/image\/\"},\"sameAs\":[\"https:\/\/facebook.com\/sunoresearch\",\"https:\/\/x.com\/sunoresearch\",\"https:\/\/www.instagram.com\/suno\",\"https:\/\/www.linkedin.com\/company\/suno-research\/\",\"https:\/\/www.youtube.com\/c\/sunoresearch\"]},{\"@type\":\"Person\",\"@id\":\"https:\/\/www.suno.com.br\/noticias\/#\/schema\/person\/d0f07e64bce64aa671feadfb844f04ca\",\"name\":\"Guilherme Serrano\",\"image\":{\"@type\":\"ImageObject\",\"inLanguage\":\"pt-BR\",\"@id\":\"https:\/\/www.suno.com.br\/noticias\/#\/schema\/person\/image\/\",\"url\":\"https:\/\/secure.gravatar.com\/avatar\/a90be19d8c67bef61497e4522de30ac4?s=96&r=g\",\"contentUrl\":\"https:\/\/secure.gravatar.com\/avatar\/a90be19d8c67bef61497e4522de30ac4?s=96&r=g\",\"caption\":\"Guilherme Serrano\"},\"description\":\"Jornalista formado pela Faculdade C\u00e1sper L\u00edbero e p\u00f3s-graduado em Can\u00e7\u00e3o Popular pela Faculdade Santa Marcelina. Passagens por R\u00e1dio Gazeta AM, gazetaesportiva.com e TC R\u00e1dio.\",\"url\":\"https:\/\/www.suno.com.br\/noticias\/author\/guilherme-silvasuno-com-br\/\"}]}<\/script>\n<!-- \/ Yoast SEO plugin. -->","yoast_head_json":{"title":"Magazine Luiza (MGLU3) anuncia contrata\u00e7\u00e3o de novos executivos","description":"Os novos executivos contratados pelo Magazine Luiza (MGLU3) atuar\u00e3o na integra\u00e7\u00e3o do marketplace da companhia com o do AliExpress.","robots":{"index":"index","follow":"follow","max-snippet":"max-snippet:-1","max-image-preview":"max-image-preview:large","max-video-preview":"max-video-preview:-1"},"canonical":"https:\/\/www.suno.com.br\/noticias\/magazine-luiza-mglu3-executivos-integracao-ali-express-gss\/","og_locale":"pt_BR","og_type":"article","og_title":"Magazine Luiza (MGLU3) anuncia contrata\u00e7\u00e3o de novos executivos","og_description":"Os novos executivos contratados pelo Magazine Luiza (MGLU3) atuar\u00e3o na integra\u00e7\u00e3o do marketplace da companhia com o do AliExpress.","og_url":"https:\/\/www.suno.com.br\/noticias\/magazine-luiza-mglu3-executivos-integracao-ali-express-gss\/","og_site_name":"Suno Not\u00edcias","article_publisher":"https:\/\/facebook.com\/sunoresearch","og_image":[{"width":1600,"height":890,"url":"https:\/\/files.sunoresearch.com.br\/n\/uploads\/2021\/02\/6d0d23e6-magalu.jpg","type":"image\/jpeg"}],"author":"Guilherme Serrano","twitter_card":"summary_large_image","twitter_creator":"@sunoresearch","twitter_site":"@sunoresearch","twitter_misc":{"Escrito por":"Guilherme Serrano","Est. tempo de leitura":"2 minutos"},"schema":{"@context":"https:\/\/schema.org","@graph":[{"@type":"NewsArticle","@id":"https:\/\/www.suno.com.br\/noticias\/magazine-luiza-mglu3-executivos-integracao-ali-express-gss\/#article","isPartOf":{"@id":"https:\/\/www.suno.com.br\/noticias\/magazine-luiza-mglu3-executivos-integracao-ali-express-gss\/"},"author":{"name":"Guilherme Serrano","@id":"https:\/\/www.suno.com.br\/noticias\/#\/schema\/person\/d0f07e64bce64aa671feadfb844f04ca"},"headline":"Magazine Luiza (MGLU3) anuncia novos executivos visando integra\u00e7\u00e3o com AliExpress","datePublished":"2024-07-11T17:39:36+00:00","dateModified":"2024-07-11T17:39:39+00:00","mainEntityOfPage":{"@id":"https:\/\/www.suno.com.br\/noticias\/magazine-luiza-mglu3-executivos-integracao-ali-express-gss\/"},"wordCount":378,"publisher":{"@id":"https:\/\/www.suno.com.br\/noticias\/#organization"},"image":{"@id":"https:\/\/www.suno.com.br\/noticias\/magazine-luiza-mglu3-executivos-integracao-ali-express-gss\/#primaryimage"},"thumbnailUrl":"https:\/\/files.sunoresearch.com.br\/n\/uploads\/2021\/02\/6d0d23e6-magalu-jpg.webp","keywords":["Magazine Luiza (MGLU3)"],"articleSection":["Neg\u00f3cios"],"inLanguage":"pt-BR"},{"@type":"WebPage","@id":"https:\/\/www.suno.com.br\/noticias\/magazine-luiza-mglu3-executivos-integracao-ali-express-gss\/","url":"https:\/\/www.suno.com.br\/noticias\/magazine-luiza-mglu3-executivos-integracao-ali-express-gss\/","name":"Magazine Luiza (MGLU3) anuncia contrata\u00e7\u00e3o de novos executivos","isPartOf":{"@id":"https:\/\/www.suno.com.br\/noticias\/#website"},"primaryImageOfPage":{"@id":"https:\/\/www.suno.com.br\/noticias\/magazine-luiza-mglu3-executivos-integracao-ali-express-gss\/#primaryimage"},"image":{"@id":"https:\/\/www.suno.com.br\/noticias\/magazine-luiza-mglu3-executivos-integracao-ali-express-gss\/#primaryimage"},"thumbnailUrl":"https:\/\/files.sunoresearch.com.br\/n\/uploads\/2021\/02\/6d0d23e6-magalu-jpg.webp","datePublished":"2024-07-11T17:39:36+00:00","dateModified":"2024-07-11T17:39:39+00:00","description":"Os novos executivos contratados pelo Magazine Luiza (MGLU3) atuar\u00e3o na integra\u00e7\u00e3o do marketplace da companhia com o do AliExpress.","breadcrumb":{"@id":"https:\/\/www.suno.com.br\/noticias\/magazine-luiza-mglu3-executivos-integracao-ali-express-gss\/#breadcrumb"},"inLanguage":"pt-BR","potentialAction":[{"@type":"ReadAction","target":["https:\/\/www.suno.com.br\/noticias\/magazine-luiza-mglu3-executivos-integracao-ali-express-gss\/"]}]},{"@type":"ImageObject","inLanguage":"pt-BR","@id":"https:\/\/www.suno.com.br\/noticias\/magazine-luiza-mglu3-executivos-integracao-ali-express-gss\/#primaryimage","url":"https:\/\/files.sunoresearch.com.br\/n\/uploads\/2021\/02\/6d0d23e6-magalu-jpg.webp","contentUrl":"https:\/\/files.sunoresearch.com.br\/n\/uploads\/2021\/02\/6d0d23e6-magalu-jpg.webp","width":1600,"height":890,"caption":"Magazine Luiza (MGLU3). Foto: Divulga\u00e7\u00e3o"},{"@type":"BreadcrumbList","@id":"https:\/\/www.suno.com.br\/noticias\/magazine-luiza-mglu3-executivos-integracao-ali-express-gss\/#breadcrumb","itemListElement":[{"@type":"ListItem","position":1,"name":"Not\u00edcias","item":"https:\/\/www.suno.com.br\/noticias\/"},{"@type":"ListItem","position":2,"name":"Neg\u00f3cios","item":"https:\/\/www.suno.com.br\/noticias\/negocios\/"},{"@type":"ListItem","position":3,"name":"Magazine Luiza (MGLU3) anuncia novos executivos visando integra\u00e7\u00e3o com AliExpress"}]},{"@type":"WebSite","@id":"https:\/\/www.suno.com.br\/noticias\/#website","url":"https:\/\/www.suno.com.br\/noticias\/","name":"Suno Not\u00edcias","description":"Seu portal de informa\u00e7\u00e3o sobre o mundo dos investimentos","publisher":{"@id":"https:\/\/www.suno.com.br\/noticias\/#organization"},"potentialAction":[{"@type":"SearchAction","target":{"@type":"EntryPoint","urlTemplate":"https:\/\/www.suno.com.br\/noticias\/?s={search_term_string}"},"query-input":{"@type":"PropertyValueSpecification","valueRequired":true,"valueName":"search_term_string"}}],"inLanguage":"pt-BR"},{"@type":"Organization","@id":"https:\/\/www.suno.com.br\/noticias\/#organization","name":"Suno Not\u00edcias","url":"https:\/\/www.suno.com.br\/noticias\/","logo":{"@type":"ImageObject","inLanguage":"pt-BR","@id":"https:\/\/www.suno.com.br\/noticias\/#\/schema\/logo\/image\/","url":"https:\/\/files.sunoresearch.com.br\/n\/uploads\/2021\/09\/suno-logo.png","contentUrl":"https:\/\/files.sunoresearch.com.br\/n\/uploads\/2021\/09\/suno-logo.png","width":180,"height":180,"caption":"Suno Not\u00edcias"},"image":{"@id":"https:\/\/www.suno.com.br\/noticias\/#\/schema\/logo\/image\/"},"sameAs":["https:\/\/facebook.com\/sunoresearch","https:\/\/x.com\/sunoresearch","https:\/\/www.instagram.com\/suno","https:\/\/www.linkedin.com\/company\/suno-research\/","https:\/\/www.youtube.com\/c\/sunoresearch"]},{"@type":"Person","@id":"https:\/\/www.suno.com.br\/noticias\/#\/schema\/person\/d0f07e64bce64aa671feadfb844f04ca","name":"Guilherme Serrano","image":{"@type":"ImageObject","inLanguage":"pt-BR","@id":"https:\/\/www.suno.com.br\/noticias\/#\/schema\/person\/image\/","url":"https:\/\/secure.gravatar.com\/avatar\/a90be19d8c67bef61497e4522de30ac4?s=96&r=g","contentUrl":"https:\/\/secure.gravatar.com\/avatar\/a90be19d8c67bef61497e4522de30ac4?s=96&r=g","caption":"Guilherme Serrano"},"description":"Jornalista formado pela Faculdade C\u00e1sper L\u00edbero e p\u00f3s-graduado em Can\u00e7\u00e3o Popular pela Faculdade Santa Marcelina. Passagens por R\u00e1dio Gazeta AM, gazetaesportiva.com e TC R\u00e1dio.","url":"https:\/\/www.suno.com.br\/noticias\/author\/guilherme-silvasuno-com-br\/"}]}},"default_loop_html":"<div class=\"cardsPage__listCard__boxs\"><div class=\"cardsPage__listCard__boxs__img\"><a href=\"https:\/\/www.suno.com.br\/noticias\/magazine-luiza-mglu3-executivos-integracao-ali-express-gss\/\"><img class=\"mask\" src=\"https:\/\/www.suno.com.br\/noticias\/wp-content\/themes\/suno\/resources\/images\/spotlight\/spotlight1img\/bg-mask.png\" alt=\"Image Mask\"\/><img src=\"https:\/\/files.sunoresearch.com.br\/n\/uploads\/2021\/02\/6d0d23e6-magalu-400x200.webp\" alt=\"Magazine Luiza (MGLU3) anuncia novos executivos visando integra\u00e7\u00e3o com AliExpress\"\/><\/a><span class=\"spotlightCategory\"><a href=\"https:\/\/www.suno.com.br\/noticias\/negocios\/\">Neg\u00f3cios<\/a><\/span><\/div><div class=\"cardsPage__listCard__boxs__content\"><a href=\"https:\/\/www.suno.com.br\/noticias\/magazine-luiza-mglu3-executivos-integracao-ali-express-gss\/\"><h2 class=\"content__title\">Magazine Luiza (MGLU3) anuncia novos executivos visando integra\u00e7\u00e3o com AliExpress<\/h2><\/a><div class=\"newsContent__article__meta\"><div class=\"newsContent__article__meta__authorBox\"><a href=\"https:\/\/www.suno.com.br\/noticias\/author\/guilherme-silvasuno-com-br\/\" class=\"authorBox__avatar noMobi\"><img src=\"https:\/\/secure.gravatar.com\/avatar\/a90be19d8c67bef61497e4522de30ac4?s=96&#038;r=g\" alt=\"Guilherme Serrano\"><\/a><div class=\"authorBox__name\"><span>por\n\t\t\t<a href=\"https:\/\/www.suno.com.br\/noticias\/author\/guilherme-silvasuno-com-br\/\"><span itemprop=\"author\">Guilherme Serrano<\/span><\/a><\/span><time datetime=\"2024-07-11T14:39:36-03:00\" itemprop=\"datePublished\">11\/07\/2024 14:39<\/time><\/div><\/div><\/div><\/div><\/div>","single_layout":"posts","amp_enabled":true,"_links":{"self":[{"href":"https:\/\/www.suno.com.br\/noticias\/wp-json\/wp\/v2\/posts\/566130"}],"collection":[{"href":"https:\/\/www.suno.com.br\/noticias\/wp-json\/wp\/v2\/posts"}],"about":[{"href":"https:\/\/www.suno.com.br\/noticias\/wp-json\/wp\/v2\/types\/post"}],"author":[{"embeddable":true,"href":"https:\/\/www.suno.com.br\/noticias\/wp-json\/wp\/v2\/users\/376"}],"replies":[{"embeddable":true,"href":"https:\/\/www.suno.com.br\/noticias\/wp-json\/wp\/v2\/comments?post=566130"}],"version-history":[{"count":2,"href":"https:\/\/www.suno.com.br\/noticias\/wp-json\/wp\/v2\/posts\/566130\/revisions"}],"predecessor-version":[{"id":566132,"href":"https:\/\/www.suno.com.br\/noticias\/wp-json\/wp\/v2\/posts\/566130\/revisions\/566132"}],"wp:featuredmedia":[{"embeddable":true,"href":"https:\/\/www.suno.com.br\/noticias\/wp-json\/wp\/v2\/media\/117579"}],"wp:attachment":[{"href":"https:\/\/www.suno.com.br\/noticias\/wp-json\/wp\/v2\/media?parent=566130"}],"wp:term":[{"taxonomy":"category","embeddable":true,"href":"https:\/\/www.suno.com.br\/noticias\/wp-json\/wp\/v2\/categories?post=566130"},{"taxonomy":"post_tag","embeddable":true,"href":"https:\/\/www.suno.com.br\/noticias\/wp-json\/wp\/v2\/tags?post=566130"},{"taxonomy":"suno_strategy","embeddable":true,"href":"https:\/\/www.suno.com.br\/noticias\/wp-json\/wp\/v2\/suno_strategy?post=566130"}],"curies":[{"name":"wp","href":"https:\/\/api.w.org\/{rel}","templated":true}]}}