{"id":566126,"date":"2024-07-11T15:19:47","date_gmt":"2024-07-11T18:19:47","guid":{"rendered":"https:\/\/www.suno.com.br\/noticias\/?p=566126"},"modified":"2024-07-11T19:14:36","modified_gmt":"2024-07-11T22:14:36","slug":"vale-vale3-dividendos-cair-acoes-baratas-evm","status":"publish","type":"post","link":"https:\/\/www.suno.com.br\/noticias\/vale-vale3-dividendos-cair-acoes-baratas-evm\/","title":{"rendered":"Dividendos da Vale (VALE3) devem cair, mas a\u00e7\u00f5es est\u00e3o baratas, diz analista da Suno"},"content":{"rendered":"<p>O analista CNPI da Suno Research, Jo\u00e3o Daronco, comenta que apesar de esperar uma redu\u00e7\u00e3o no patamar do <a class=\"suno-keyword\" data-force=\"no\" data-priority=\"2\" href=\"https:\/\/www.suno.com.br\/artigos\/dividend-yield-como-calcular\/\" target=\"_blank\" rel=\"noopener\">dividend yield<\/a> (DY) da <a class=\"suno-keyword\" data-force=\"yes\" data-priority=\"2\" href=\"https:\/\/www.suno.com.br\/acoes\/VALE3\/\" target=\"_blank\" rel=\"noopener\"><strong>Vale<\/strong> (VALE3)<\/a>, ainda se mant\u00e9m otimista com a companhia, dado que enxerga um valuation atrativo no patamar atual.<\/p><div class=\"videoFull \">\n\t\t\t<div class=\"videoWrapper yt-lazyload center\"\n\t\t\t\tdata-width=\"960\"\n\t\t\t\tdata-height=\"540\"\n\t\t\t\tdata-id=\"UN3zNmMnoIQ\"\n\t\t\t\tdata-alt=\"V\u00eddeo do YouTube - clique para reproduzir\"\n\t\t\t\tdata-logo=\"3\"\n\t\t\t\tdata-imagequality=\"maxres\">\n\t\t\t<\/div>\n\t\t<\/div><script type=\"application\/ld+json\">{\"@context\":\"https:\/\/schema.org\",\"@type\":\"VideoObject\",\"name\":\"VALE3: FINALMENTE A VALE SER\u00c1 UMA EMPRESA INDEPENDENTE?\",\"description\":\"N\u00e3o Fique de Fora do 1\u00ba Encontro Anual de Assinantes Suno, Ganhe B\u00f4nus e Ofertas Exclusivas: https:\/\/suno.me\/4cyn9mp Inscreva-se no canal: https:\/\/www.youtube.com\/channel\/UCwONybZQdULFV_ts2911Rqg?sub_confirmation=1 VALE3: FINALMENTE A VALE SER\u00c1 UMA EMPRESA INDEPENDENTE? No v\u00eddeo de hoje, vamos discutir uma das not\u00edcias mais quentes do mercado financeiro: a busca pelo novo CEO da Vale. A empresa, que \u00e9 uma\u2026\",\"duration\":\"PT9M3S\",\"embedUrl\":\"https:\/\/www.youtube.com\/embed\/UN3zNmMnoIQ\",\"regionsAllowed\":\"pt-BR\",\"interactionStatistic\":{\"@type\":\"InteractionCounter\",\"interactionType\":{\"@type\":\"WatchAction\"},\"userInteractionCount\":23354},\"thumbnailUrl\":\"https:\/\/i.ytimg.com\/vi\/UN3zNmMnoIQ\/default.jpg\",\"uploadDate\":\"2024-07-10T22:30:02Z\"}<\/script>\n\n\n\n\n\t<p>\n\t\t<a href=\"\" target=\"_blank\" data-element=\"shortcode-suno-banner\" title=\"Banner SUNO, clique e saiba mais\">\n\t\t\t<picture>\n\t\t\t\t<source media=\"(max-width: 500px)\" srcset=\"\">\n\t\t\t\t<img class=\"newsContent__article__imgCapa newsContent__article__imgCapa--banner\"\n\t\t\t\t\tsrc=\"\"\n\t\t\t\t\tdata-promo-id=\"250706\"\t\t\t\t\t\t\t\t\t\t\t\t\t\t\talt=\"\"\n\t\t\t\t>\n\t\t\t<\/picture>\n\t\t<\/a>\n\t<\/p>\n\n\n\n\n\n\n\n<p>Atualmente os <strong>dividendos da Vale<\/strong> representam um yield de 11%, com R$ 6,98 pagos por a\u00e7\u00e3o nos \u00faltimos 12 meses.<\/p>\n\n\n\n<p>As a\u00e7\u00f5es <strong><a href=\"https:\/\/statusinvest.com.br\/acoes\/vale3\">VALE3<\/a><\/strong>, por sua vez, negociam pouco abaixo de R$ 62 por papel, representando uma queda de 20% no acumulado do ano.<\/p>\n\n\n\n<p>&#8220;Na minha vis\u00e3o esse dividendo deve cair no futuro. Quando olhamos para os pr\u00f3ximos 12 meses, a proje\u00e7\u00e3o \u00e9 de uma que desses 11% para algo pr\u00f3ximo de 8%. Isso, principalmente porque o pre\u00e7o do min\u00e9rio de ferro caiu&#8221;, comenta Jo\u00e3o Daronco.<\/p>\n\n\n\n<p>&#8220;Sobre valuation, o pre\u00e7o de tela precifica um cen\u00e1rio pouco plaus\u00edvel. Um cen\u00e1rio de min\u00e9rio de ferro na casa dos US$ 80 por tonelada, que \u00e9 algo que eu n\u00e3o vejo. Eu enxergo o min\u00e9rio de ferro em um range de US$ 90 a US$ 100 tendo em vista o custo do produtor marginal, ou seja a Vale estaria barata nesse cen\u00e1rio&#8221;, completa.<\/p>\n\n\n\n<h2 class=\"wp-block-heading\">Nomes para CEO da Vale afastam ru\u00eddos sobre influ\u00eancia pol\u00edtica<\/h2>\n\n\n\n<p>Sobre a lista de 15 nomes ventilados para CEO da Vale, Daronco diz que v\u00ea a rela\u00e7\u00e3o de executivos com bons olhos, j\u00e1 que enxerga os nomes como t\u00e9cnicos.<\/p>\n\n\n\n<p>&#8220;Acho que alivia a tens\u00e3o do mercado sobre uma indica\u00e7\u00e3o pol\u00edtica por parte do Governo. \u00c9 um al\u00edvio grande para o mercado, e o que me causa tranquilidade \u00e9 que s\u00e3o nomes t\u00e9cnicos. O nome mais &#8216;pol\u00edtico&#8217; \u00e9 o do <a class=\"suno-keyword\" target=\"_blank\" data-force=\"no\" data-priority=\"2\" href=\"https:\/\/www.suno.com.br\/tudo-sobre\/pedro-parente\/\" rel=\"noopener\">Pedro Parente<\/a>, mas \u00e9 um nome que agrada o mercado. Quando eu olho para o trabalho que ele fez na <a class=\"suno-keyword\" data-force=\"yes\" data-priority=\"2\" href=\"https:\/\/www.suno.com.br\/acoes\/PETR4\/\" target=\"_blank\" rel=\"noopener\">Petrobras (PETR4)<\/a>, de turnaround, \u00e9 algo que me agrada&#8221;, comenta.<\/p>\n\n\n\n<p>Pedro Parente \u00e9 considerado um nome &#8216;mais pol\u00edtico&#8217; por conta do seu passado, j\u00e1 que foi ministro do Planejamento, de Minas e Energia e da Casa Civil durante os mandatos de Fernando Henrique Cardoso, do PSDB.<\/p>\n\n\n\n<p>Parente foi presidente da Petrobras entre maio de 2016 e junho de 2018, sendo conhecido pelo mercado como o executivo que reestruturou a empresa e fortaleceu sua <a class=\"suno-keyword\" data-force=\"no\" data-priority=\"1\" href=\"https:\/\/www.suno.com.br\/artigos\/saude-financeira\/\" target=\"_blank\" rel=\"noopener\">sa\u00fade financeira<\/a> ap\u00f3s a companhia somar d\u00edvidas, esc\u00e2ndalos de corrup\u00e7\u00e3o e problemas que a levaram a ter a maior d\u00edvida corporativa de todo o mundo.<\/p>\n\n\n\t<p>\n\t\t<a href=\"https:\/\/lp.suno.com.br\/ebook-como-analisar-uma-acao\/\" target=\"_blank\" data-element=\"shortcode-suno-banner\" title=\"Banner SUNO, clique e saiba mais\">\n\t\t\t<picture>\n\t\t\t\t<source media=\"(max-width: 500px)\" srcset=\"https:\/\/files.sunoresearch.com.br\/n\/uploads\/2023\/03\/Ebook-Acoes-Mobile.jpg\">\n\t\t\t\t<img class=\"newsContent__article__imgCapa newsContent__article__imgCapa--banner\"\n\t\t\t\t\tsrc=\"https:\/\/files.sunoresearch.com.br\/n\/uploads\/2023\/03\/Ebook-Acoes-Desktop.jpg\"\n\t\t\t\t\tdata-promo-id=\"378302\"\t\t\t\t\t\t\t\t\t\twidth='1420' height='286'\t\t\t\t\talt=\"https:\/\/files.sunoresearch.com.br\/n\/uploads\/2023\/03\/Ebook-Acoes-Desktop.jpg\"\n\t\t\t\t>\n\t\t\t<\/picture>\n\t\t<\/a>\n\t<\/p>\n\n\n\n\n\n<p>Al\u00e9m de Parente, a rela\u00e7\u00e3o de nomes sondados pela consultoria Russel Reynolds inclui: Francisco Gomes Neto, CEO da <a class=\"suno-keyword\" target=\"_blank\" data-force=\"yes\" data-priority=\"2\" href=\"https:\/\/www.suno.com.br\/acoes\/EMBR3\/\" rel=\"noopener\">Embraer (EMBR3)<\/a>, Gustavo Werneck, CEO da <a class=\"suno-keyword\" target=\"_blank\" data-force=\"yes\" data-priority=\"2\" href=\"https:\/\/www.suno.com.br\/acoes\/GGBR4\/\" rel=\"noopener\">Gerdau (GGBR4)<\/a>, Carlos Piani, CEO da <a class=\"suno-keyword\" target=\"_blank\" data-force=\"yes\" data-priority=\"2\" href=\"https:\/\/www.suno.com.br\/acoes\/EQTL3\/\" rel=\"noopener\">Equatorial (EQTL3)<\/a>, Cristiano Teixeira, CEO da <a class=\"suno-keyword\" target=\"_blank\" data-force=\"yes\" data-priority=\"2\" href=\"https:\/\/www.suno.com.br\/acoes\/KLBN11\/\" rel=\"noopener\">Klabin (KLBN11)<\/a>, Maur\u00edcio Bhar, CEO da <a class=\"suno-keyword\" target=\"_blank\" data-force=\"yes\" data-priority=\"2\" href=\"https:\/\/www.suno.com.br\/acoes\/EGIE3\/\" rel=\"noopener\">Engie (EGIE3)<\/a>, Antonio Maciel Neto, CEO da Caoa, Pedro Parente, ex-presidente da Petrobras (PETR4), Pablo Di Si, presidente da Volkswagen nos Estados Unidos, Ruben Marcos Fernandes, executivo da mineradora Anglo American, Marcelo Bastos, executivo da mineradora BHP e ex-Vale<\/p>\n\n\n\n<p>Juntamente com isso, o analista aponta que no contexto atual a mineradora n\u00e3o \u00e9 t\u00e3o sens\u00edvel ao management. <\/p>\n\n\n\n<p>&#8220;Tem nomes ligados a processos, efici\u00eancia. A Vale \u00e9 uma empresa em que [o management] n\u00e3o precisa tirar algo da cartola. \u00c9 uma companhia gigante, muito mais um trem que j\u00e1 est\u00e1 andando sobre os trilhos e a fun\u00e7\u00e3o [do CEO] \u00e9 manter ela neles e continuar com a velocidade&#8221;, explica.<\/p>\n\n\n\n<p>&#8220;Tivemos uma forte press\u00e3o pol\u00edtica h\u00e1 alguns trimestres, que vimos que fez pre\u00e7o. Na minha vis\u00e3o em grande parte isso \u00e9 ru\u00eddo. \u00c9 claro que temos que nos preocupar, mas o cargo de CEO de uma companhia \u00e9 curto, \u00e9 de alguns anos, dificilmente passa de quatro anos, e a Vale \u00e9 extremamente s\u00f3lida, mas n\u00e3o vai chegar algu\u00e9m l\u00e1 e quebrar ela. Minhas preocupa\u00e7\u00f5es hoje s\u00e3o mais voltadas mais para a China, sobre como isso impacta o min\u00e9rio de ferro&#8221;, complementa.<\/p>\n\n\n\n<p>Al\u00e9m disso, o analista da Suno acrescenta que a companhia tem uma estrutura que a blinda de interfer\u00eancias pol\u00edticas ainda que o governo tenha rela\u00e7\u00f5es estreitas com o <a class=\"suno-keyword\" target=\"_blank\" data-force=\"no\" data-priority=\"1\" href=\"https:\/\/www.suno.com.br\/artigos\/acionista-majoritario\/\" rel=\"noopener\">acionista majorit\u00e1rio<\/a>.<\/p>\n\n\n\n<p>&#8220;Quando pegamos uma estatal, a maioria do Conselho \u00e9 do Governo. E a\u00ed quando se tem uma vota\u00e7\u00e3o, voc\u00ea geralmente consegue ganhar ela, seja para mudan\u00e7as no estatuo, mudan\u00e7a de CEO. A Vale \u00e9 privatizada e o Governo tem a Previ, que \u00e9 minorit\u00e1ria, e precisa fazer press\u00e3o nos Conselheiros independentes para eles migrarem o volto, alinharem ao governo e &#8216;engrossarem o caldo'&#8221;, analisa.<\/p>\n\n\n\n<p>&#8220;Hoje a <strong>Vale<\/strong> \u00e9 blindada, j\u00e1 que inclsuive a maioria do Conselho \u00e9 independente&#8221;, conclui.<\/p>\n\n\n\t<p>\n\t\t<a href=\"https:\/\/lp.suno.com.br\/plataforma-de-controle-de-investimentos\/\" target=\"_blank\" data-element=\"shortcode-suno-banner\" title=\"Banner SUNO, clique e saiba mais\">\n\t\t\t<picture>\n\t\t\t\t<source media=\"(max-width: 500px)\" srcset=\"https:\/\/files.sunoresearch.com.br\/n\/uploads\/2023\/03\/400x300-Controle-de-Investimentos.png\">\n\t\t\t\t<img class=\"newsContent__article__imgCapa newsContent__article__imgCapa--banner\"\n\t\t\t\t\tsrc=\"https:\/\/files.sunoresearch.com.br\/n\/uploads\/2023\/03\/1420x240-Controle-de-Investimentos.png\"\n\t\t\t\t\tdata-promo-id=\"383162\"\t\t\t\t\t\t\t\t\t\twidth='1420' height='240'\t\t\t\t\talt=\"https:\/\/files.sunoresearch.com.br\/n\/uploads\/2023\/03\/1420x240-Controle-de-Investimentos.png\"\n\t\t\t\t>\n\t\t\t<\/picture>\n\t\t<\/a>\n\t<\/p>\n\n\n","protected":false},"excerpt":{"rendered":"<p>O analista CNPI da Suno Research, Jo\u00e3o Daronco, comenta que apesar de esperar uma redu\u00e7\u00e3o no patamar do dividend yield (DY) da Vale (VALE3), ainda se mant\u00e9m otimista com a companhia, dado que enxerga um valuation atrativo no patamar atual. Atualmente os dividendos da Vale representam um yield de 11%, com R$ 6,98 pagos por [&hellip;]<\/p>\n","protected":false},"author":73,"featured_media":566144,"comment_status":"closed","ping_status":"closed","sticky":false,"template":"","format":"standard","meta":[],"categories":[64],"tags":[295,105816,676],"suno_strategy":[],"class_list":["post-566126","post","type-post","status-publish","format-standard","has-post-thumbnail","hentry","category-negocios","tag-dividendos","tag-especialistas","tag-vale-vale3"],"yoast_head":"<!-- This site is optimized with the Yoast SEO plugin v24.4 - https:\/\/yoast.com\/wordpress\/plugins\/seo\/ -->\n<title>&#039;Dividendos da Vale (VALE3) devem cair, mas a\u00e7\u00f5es est\u00e3o baratas&#039;<\/title>\n<meta name=\"description\" content=\"O analista CNPI da Suno, Jo\u00e3o Daronco, comenta que apesar de esperar uma redu\u00e7\u00e3o no patamar do DY da Vale (VALE3), ainda se mant\u00e9m otimista\" \/>\n<meta name=\"robots\" content=\"index, follow, max-snippet:-1, max-image-preview:large, max-video-preview:-1\" \/>\n<link rel=\"canonical\" href=\"https:\/\/www.suno.com.br\/noticias\/vale-vale3-dividendos-cair-acoes-baratas-evm\/\" \/>\n<meta property=\"og:locale\" content=\"pt_BR\" \/>\n<meta property=\"og:type\" content=\"article\" \/>\n<meta property=\"og:title\" content=\"&#039;Dividendos da Vale (VALE3) devem cair, mas a\u00e7\u00f5es est\u00e3o baratas&#039;\" \/>\n<meta property=\"og:description\" content=\"O analista CNPI da Suno, Jo\u00e3o Daronco, comenta que apesar de esperar uma redu\u00e7\u00e3o no patamar do DY da Vale (VALE3), ainda se mant\u00e9m otimista\" \/>\n<meta property=\"og:url\" content=\"https:\/\/www.suno.com.br\/noticias\/vale-vale3-dividendos-cair-acoes-baratas-evm\/\" \/>\n<meta property=\"og:site_name\" content=\"Suno Not\u00edcias\" \/>\n<meta property=\"article:publisher\" content=\"https:\/\/facebook.com\/sunoresearch\" \/>\n<meta property=\"og:image\" content=\"https:\/\/files.sunoresearch.com.br\/n\/uploads\/2024\/07\/joao-daronco-analista-suno-vale-vale3-dividendos.jpg\" \/>\n\t<meta property=\"og:image:width\" content=\"1365\" \/>\n\t<meta property=\"og:image:height\" content=\"728\" \/>\n\t<meta property=\"og:image:type\" content=\"image\/jpeg\" \/>\n<meta name=\"author\" content=\"Eduardo Vargas\" \/>\n<meta name=\"twitter:card\" content=\"summary_large_image\" \/>\n<meta name=\"twitter:creator\" content=\"@sunoresearch\" \/>\n<meta name=\"twitter:site\" content=\"@sunoresearch\" \/>\n<meta name=\"twitter:label1\" content=\"Escrito por\" \/>\n\t<meta name=\"twitter:data1\" content=\"Eduardo Vargas\" \/>\n\t<meta name=\"twitter:label2\" content=\"Est. tempo de leitura\" \/>\n\t<meta name=\"twitter:data2\" content=\"5 minutos\" \/>\n<script type=\"application\/ld+json\" class=\"yoast-schema-graph\">{\"@context\":\"https:\/\/schema.org\",\"@graph\":[{\"@type\":\"NewsArticle\",\"@id\":\"https:\/\/www.suno.com.br\/noticias\/vale-vale3-dividendos-cair-acoes-baratas-evm\/#article\",\"isPartOf\":{\"@id\":\"https:\/\/www.suno.com.br\/noticias\/vale-vale3-dividendos-cair-acoes-baratas-evm\/\"},\"author\":{\"name\":\"Eduardo Vargas\",\"@id\":\"https:\/\/www.suno.com.br\/noticias\/#\/schema\/person\/7f4d362bf3518e76090143ae77bb49a5\"},\"headline\":\"Dividendos da Vale (VALE3) devem cair, mas a\u00e7\u00f5es est\u00e3o baratas, diz analista da Suno\",\"datePublished\":\"2024-07-11T18:19:47+00:00\",\"dateModified\":\"2024-07-11T22:14:36+00:00\",\"mainEntityOfPage\":{\"@id\":\"https:\/\/www.suno.com.br\/noticias\/vale-vale3-dividendos-cair-acoes-baratas-evm\/\"},\"wordCount\":784,\"publisher\":{\"@id\":\"https:\/\/www.suno.com.br\/noticias\/#organization\"},\"image\":{\"@id\":\"https:\/\/www.suno.com.br\/noticias\/vale-vale3-dividendos-cair-acoes-baratas-evm\/#primaryimage\"},\"thumbnailUrl\":\"https:\/\/files.sunoresearch.com.br\/n\/uploads\/2024\/07\/joao-daronco-analista-suno-vale-vale3-dividendos.jpg\",\"keywords\":[\"dividendos\",\"Especialistas\",\"Vale (VALE3)\"],\"articleSection\":[\"Neg\u00f3cios\"],\"inLanguage\":\"pt-BR\"},{\"@type\":\"WebPage\",\"@id\":\"https:\/\/www.suno.com.br\/noticias\/vale-vale3-dividendos-cair-acoes-baratas-evm\/\",\"url\":\"https:\/\/www.suno.com.br\/noticias\/vale-vale3-dividendos-cair-acoes-baratas-evm\/\",\"name\":\"'Dividendos da Vale (VALE3) devem cair, mas a\u00e7\u00f5es est\u00e3o baratas'\",\"isPartOf\":{\"@id\":\"https:\/\/www.suno.com.br\/noticias\/#website\"},\"primaryImageOfPage\":{\"@id\":\"https:\/\/www.suno.com.br\/noticias\/vale-vale3-dividendos-cair-acoes-baratas-evm\/#primaryimage\"},\"image\":{\"@id\":\"https:\/\/www.suno.com.br\/noticias\/vale-vale3-dividendos-cair-acoes-baratas-evm\/#primaryimage\"},\"thumbnailUrl\":\"https:\/\/files.sunoresearch.com.br\/n\/uploads\/2024\/07\/joao-daronco-analista-suno-vale-vale3-dividendos.jpg\",\"datePublished\":\"2024-07-11T18:19:47+00:00\",\"dateModified\":\"2024-07-11T22:14:36+00:00\",\"description\":\"O analista CNPI da Suno, Jo\u00e3o Daronco, comenta que apesar de esperar uma redu\u00e7\u00e3o no patamar do DY da Vale (VALE3), ainda se mant\u00e9m otimista\",\"breadcrumb\":{\"@id\":\"https:\/\/www.suno.com.br\/noticias\/vale-vale3-dividendos-cair-acoes-baratas-evm\/#breadcrumb\"},\"inLanguage\":\"pt-BR\",\"potentialAction\":[{\"@type\":\"ReadAction\",\"target\":[\"https:\/\/www.suno.com.br\/noticias\/vale-vale3-dividendos-cair-acoes-baratas-evm\/\"]}]},{\"@type\":\"ImageObject\",\"inLanguage\":\"pt-BR\",\"@id\":\"https:\/\/www.suno.com.br\/noticias\/vale-vale3-dividendos-cair-acoes-baratas-evm\/#primaryimage\",\"url\":\"https:\/\/files.sunoresearch.com.br\/n\/uploads\/2024\/07\/joao-daronco-analista-suno-vale-vale3-dividendos.jpg\",\"contentUrl\":\"https:\/\/files.sunoresearch.com.br\/n\/uploads\/2024\/07\/joao-daronco-analista-suno-vale-vale3-dividendos.jpg\",\"width\":1365,\"height\":728,\"caption\":\"Jo\u00e3o Daronco, analista CNPI da Suno Research\"},{\"@type\":\"BreadcrumbList\",\"@id\":\"https:\/\/www.suno.com.br\/noticias\/vale-vale3-dividendos-cair-acoes-baratas-evm\/#breadcrumb\",\"itemListElement\":[{\"@type\":\"ListItem\",\"position\":1,\"name\":\"Not\u00edcias\",\"item\":\"https:\/\/www.suno.com.br\/noticias\/\"},{\"@type\":\"ListItem\",\"position\":2,\"name\":\"Neg\u00f3cios\",\"item\":\"https:\/\/www.suno.com.br\/noticias\/negocios\/\"},{\"@type\":\"ListItem\",\"position\":3,\"name\":\"Dividendos da Vale (VALE3) devem cair, mas a\u00e7\u00f5es est\u00e3o baratas, diz analista da Suno\"}]},{\"@type\":\"WebSite\",\"@id\":\"https:\/\/www.suno.com.br\/noticias\/#website\",\"url\":\"https:\/\/www.suno.com.br\/noticias\/\",\"name\":\"Suno Not\u00edcias\",\"description\":\"Seu portal de informa\u00e7\u00e3o sobre o mundo dos investimentos\",\"publisher\":{\"@id\":\"https:\/\/www.suno.com.br\/noticias\/#organization\"},\"potentialAction\":[{\"@type\":\"SearchAction\",\"target\":{\"@type\":\"EntryPoint\",\"urlTemplate\":\"https:\/\/www.suno.com.br\/noticias\/?s={search_term_string}\"},\"query-input\":{\"@type\":\"PropertyValueSpecification\",\"valueRequired\":true,\"valueName\":\"search_term_string\"}}],\"inLanguage\":\"pt-BR\"},{\"@type\":\"Organization\",\"@id\":\"https:\/\/www.suno.com.br\/noticias\/#organization\",\"name\":\"Suno Not\u00edcias\",\"url\":\"https:\/\/www.suno.com.br\/noticias\/\",\"logo\":{\"@type\":\"ImageObject\",\"inLanguage\":\"pt-BR\",\"@id\":\"https:\/\/www.suno.com.br\/noticias\/#\/schema\/logo\/image\/\",\"url\":\"https:\/\/files.sunoresearch.com.br\/n\/uploads\/2021\/09\/suno-logo.png\",\"contentUrl\":\"https:\/\/files.sunoresearch.com.br\/n\/uploads\/2021\/09\/suno-logo.png\",\"width\":180,\"height\":180,\"caption\":\"Suno Not\u00edcias\"},\"image\":{\"@id\":\"https:\/\/www.suno.com.br\/noticias\/#\/schema\/logo\/image\/\"},\"sameAs\":[\"https:\/\/facebook.com\/sunoresearch\",\"https:\/\/x.com\/sunoresearch\",\"https:\/\/www.instagram.com\/suno\",\"https:\/\/www.linkedin.com\/company\/suno-research\/\",\"https:\/\/www.youtube.com\/c\/sunoresearch\"]},{\"@type\":\"Person\",\"@id\":\"https:\/\/www.suno.com.br\/noticias\/#\/schema\/person\/7f4d362bf3518e76090143ae77bb49a5\",\"name\":\"Eduardo Vargas\",\"image\":{\"@type\":\"ImageObject\",\"inLanguage\":\"pt-BR\",\"@id\":\"https:\/\/www.suno.com.br\/noticias\/#\/schema\/person\/image\/\",\"url\":\"https:\/\/secure.gravatar.com\/avatar\/dac340933427a22924c9f99d1eb2e3f2?s=96&r=g\",\"contentUrl\":\"https:\/\/secure.gravatar.com\/avatar\/dac340933427a22924c9f99d1eb2e3f2?s=96&r=g\",\"caption\":\"Eduardo Vargas\"},\"description\":\"Jornalista formado pela UFSC, cobre macroeconomia, neg\u00f3cios e startups para o Suno Not\u00edcias, escrevendo principalmente not\u00edcias sobre o mercado financeiro e a bolsa de valores. No YouTube e no Instagram, \u00e9 respons\u00e1vel pela produ\u00e7\u00e3o de Reels e Shorts do Suno Not\u00edcias. Anteriormente, trabalhou cobrindo economia e cotidiano no ND+ e para o ND, maior jornal impresso de Santa Catarina. Cursou um semestre letivo de Estudos de M\u00eddia na Universidad de Buenos Aires.\",\"url\":\"https:\/\/www.suno.com.br\/noticias\/author\/eduardo-vargas\/\"}]}<\/script>\n<!-- \/ Yoast SEO plugin. -->","yoast_head_json":{"title":"'Dividendos da Vale (VALE3) devem cair, mas a\u00e7\u00f5es est\u00e3o baratas'","description":"O analista CNPI da Suno, Jo\u00e3o Daronco, comenta que apesar de esperar uma redu\u00e7\u00e3o no patamar do DY da Vale (VALE3), ainda se mant\u00e9m otimista","robots":{"index":"index","follow":"follow","max-snippet":"max-snippet:-1","max-image-preview":"max-image-preview:large","max-video-preview":"max-video-preview:-1"},"canonical":"https:\/\/www.suno.com.br\/noticias\/vale-vale3-dividendos-cair-acoes-baratas-evm\/","og_locale":"pt_BR","og_type":"article","og_title":"'Dividendos da Vale (VALE3) devem cair, mas a\u00e7\u00f5es est\u00e3o baratas'","og_description":"O analista CNPI da Suno, Jo\u00e3o Daronco, comenta que apesar de esperar uma redu\u00e7\u00e3o no patamar do DY da Vale (VALE3), ainda se mant\u00e9m otimista","og_url":"https:\/\/www.suno.com.br\/noticias\/vale-vale3-dividendos-cair-acoes-baratas-evm\/","og_site_name":"Suno Not\u00edcias","article_publisher":"https:\/\/facebook.com\/sunoresearch","og_image":[{"width":1365,"height":728,"url":"https:\/\/files.sunoresearch.com.br\/n\/uploads\/2024\/07\/joao-daronco-analista-suno-vale-vale3-dividendos.jpg","type":"image\/jpeg"}],"author":"Eduardo Vargas","twitter_card":"summary_large_image","twitter_creator":"@sunoresearch","twitter_site":"@sunoresearch","twitter_misc":{"Escrito por":"Eduardo Vargas","Est. tempo de leitura":"5 minutos"},"schema":{"@context":"https:\/\/schema.org","@graph":[{"@type":"NewsArticle","@id":"https:\/\/www.suno.com.br\/noticias\/vale-vale3-dividendos-cair-acoes-baratas-evm\/#article","isPartOf":{"@id":"https:\/\/www.suno.com.br\/noticias\/vale-vale3-dividendos-cair-acoes-baratas-evm\/"},"author":{"name":"Eduardo Vargas","@id":"https:\/\/www.suno.com.br\/noticias\/#\/schema\/person\/7f4d362bf3518e76090143ae77bb49a5"},"headline":"Dividendos da Vale (VALE3) devem cair, mas a\u00e7\u00f5es est\u00e3o baratas, diz analista da Suno","datePublished":"2024-07-11T18:19:47+00:00","dateModified":"2024-07-11T22:14:36+00:00","mainEntityOfPage":{"@id":"https:\/\/www.suno.com.br\/noticias\/vale-vale3-dividendos-cair-acoes-baratas-evm\/"},"wordCount":784,"publisher":{"@id":"https:\/\/www.suno.com.br\/noticias\/#organization"},"image":{"@id":"https:\/\/www.suno.com.br\/noticias\/vale-vale3-dividendos-cair-acoes-baratas-evm\/#primaryimage"},"thumbnailUrl":"https:\/\/files.sunoresearch.com.br\/n\/uploads\/2024\/07\/joao-daronco-analista-suno-vale-vale3-dividendos.jpg","keywords":["dividendos","Especialistas","Vale (VALE3)"],"articleSection":["Neg\u00f3cios"],"inLanguage":"pt-BR"},{"@type":"WebPage","@id":"https:\/\/www.suno.com.br\/noticias\/vale-vale3-dividendos-cair-acoes-baratas-evm\/","url":"https:\/\/www.suno.com.br\/noticias\/vale-vale3-dividendos-cair-acoes-baratas-evm\/","name":"'Dividendos da Vale (VALE3) devem cair, mas a\u00e7\u00f5es est\u00e3o baratas'","isPartOf":{"@id":"https:\/\/www.suno.com.br\/noticias\/#website"},"primaryImageOfPage":{"@id":"https:\/\/www.suno.com.br\/noticias\/vale-vale3-dividendos-cair-acoes-baratas-evm\/#primaryimage"},"image":{"@id":"https:\/\/www.suno.com.br\/noticias\/vale-vale3-dividendos-cair-acoes-baratas-evm\/#primaryimage"},"thumbnailUrl":"https:\/\/files.sunoresearch.com.br\/n\/uploads\/2024\/07\/joao-daronco-analista-suno-vale-vale3-dividendos.jpg","datePublished":"2024-07-11T18:19:47+00:00","dateModified":"2024-07-11T22:14:36+00:00","description":"O analista CNPI da Suno, Jo\u00e3o Daronco, comenta que apesar de esperar uma redu\u00e7\u00e3o no patamar do DY da Vale (VALE3), ainda se mant\u00e9m otimista","breadcrumb":{"@id":"https:\/\/www.suno.com.br\/noticias\/vale-vale3-dividendos-cair-acoes-baratas-evm\/#breadcrumb"},"inLanguage":"pt-BR","potentialAction":[{"@type":"ReadAction","target":["https:\/\/www.suno.com.br\/noticias\/vale-vale3-dividendos-cair-acoes-baratas-evm\/"]}]},{"@type":"ImageObject","inLanguage":"pt-BR","@id":"https:\/\/www.suno.com.br\/noticias\/vale-vale3-dividendos-cair-acoes-baratas-evm\/#primaryimage","url":"https:\/\/files.sunoresearch.com.br\/n\/uploads\/2024\/07\/joao-daronco-analista-suno-vale-vale3-dividendos.jpg","contentUrl":"https:\/\/files.sunoresearch.com.br\/n\/uploads\/2024\/07\/joao-daronco-analista-suno-vale-vale3-dividendos.jpg","width":1365,"height":728,"caption":"Jo\u00e3o Daronco, analista CNPI da Suno Research"},{"@type":"BreadcrumbList","@id":"https:\/\/www.suno.com.br\/noticias\/vale-vale3-dividendos-cair-acoes-baratas-evm\/#breadcrumb","itemListElement":[{"@type":"ListItem","position":1,"name":"Not\u00edcias","item":"https:\/\/www.suno.com.br\/noticias\/"},{"@type":"ListItem","position":2,"name":"Neg\u00f3cios","item":"https:\/\/www.suno.com.br\/noticias\/negocios\/"},{"@type":"ListItem","position":3,"name":"Dividendos da Vale (VALE3) devem cair, mas a\u00e7\u00f5es est\u00e3o baratas, diz analista da Suno"}]},{"@type":"WebSite","@id":"https:\/\/www.suno.com.br\/noticias\/#website","url":"https:\/\/www.suno.com.br\/noticias\/","name":"Suno Not\u00edcias","description":"Seu portal de informa\u00e7\u00e3o sobre o mundo dos investimentos","publisher":{"@id":"https:\/\/www.suno.com.br\/noticias\/#organization"},"potentialAction":[{"@type":"SearchAction","target":{"@type":"EntryPoint","urlTemplate":"https:\/\/www.suno.com.br\/noticias\/?s={search_term_string}"},"query-input":{"@type":"PropertyValueSpecification","valueRequired":true,"valueName":"search_term_string"}}],"inLanguage":"pt-BR"},{"@type":"Organization","@id":"https:\/\/www.suno.com.br\/noticias\/#organization","name":"Suno Not\u00edcias","url":"https:\/\/www.suno.com.br\/noticias\/","logo":{"@type":"ImageObject","inLanguage":"pt-BR","@id":"https:\/\/www.suno.com.br\/noticias\/#\/schema\/logo\/image\/","url":"https:\/\/files.sunoresearch.com.br\/n\/uploads\/2021\/09\/suno-logo.png","contentUrl":"https:\/\/files.sunoresearch.com.br\/n\/uploads\/2021\/09\/suno-logo.png","width":180,"height":180,"caption":"Suno Not\u00edcias"},"image":{"@id":"https:\/\/www.suno.com.br\/noticias\/#\/schema\/logo\/image\/"},"sameAs":["https:\/\/facebook.com\/sunoresearch","https:\/\/x.com\/sunoresearch","https:\/\/www.instagram.com\/suno","https:\/\/www.linkedin.com\/company\/suno-research\/","https:\/\/www.youtube.com\/c\/sunoresearch"]},{"@type":"Person","@id":"https:\/\/www.suno.com.br\/noticias\/#\/schema\/person\/7f4d362bf3518e76090143ae77bb49a5","name":"Eduardo Vargas","image":{"@type":"ImageObject","inLanguage":"pt-BR","@id":"https:\/\/www.suno.com.br\/noticias\/#\/schema\/person\/image\/","url":"https:\/\/secure.gravatar.com\/avatar\/dac340933427a22924c9f99d1eb2e3f2?s=96&r=g","contentUrl":"https:\/\/secure.gravatar.com\/avatar\/dac340933427a22924c9f99d1eb2e3f2?s=96&r=g","caption":"Eduardo Vargas"},"description":"Jornalista formado pela UFSC, cobre macroeconomia, neg\u00f3cios e startups para o Suno Not\u00edcias, escrevendo principalmente not\u00edcias sobre o mercado financeiro e a bolsa de valores. No YouTube e no Instagram, \u00e9 respons\u00e1vel pela produ\u00e7\u00e3o de Reels e Shorts do Suno Not\u00edcias. Anteriormente, trabalhou cobrindo economia e cotidiano no ND+ e para o ND, maior jornal impresso de Santa Catarina. Cursou um semestre letivo de Estudos de M\u00eddia na Universidad de Buenos Aires.","url":"https:\/\/www.suno.com.br\/noticias\/author\/eduardo-vargas\/"}]}},"default_loop_html":"<div class=\"cardsPage__listCard__boxs\"><div class=\"cardsPage__listCard__boxs__img\"><a href=\"https:\/\/www.suno.com.br\/noticias\/vale-vale3-dividendos-cair-acoes-baratas-evm\/\"><img class=\"mask\" src=\"https:\/\/www.suno.com.br\/noticias\/wp-content\/themes\/suno\/resources\/images\/spotlight\/spotlight1img\/bg-mask.png\" alt=\"Image Mask\"\/><img src=\"https:\/\/files.sunoresearch.com.br\/n\/uploads\/2024\/07\/joao-daronco-analista-suno-vale-vale3-dividendos-400x200.jpg\" alt=\"Dividendos da Vale (VALE3) devem cair, mas a\u00e7\u00f5es est\u00e3o baratas, diz analista da Suno\"\/><\/a><span class=\"spotlightCategory\"><a href=\"https:\/\/www.suno.com.br\/noticias\/negocios\/\">Neg\u00f3cios<\/a><\/span><\/div><div class=\"cardsPage__listCard__boxs__content\"><a href=\"https:\/\/www.suno.com.br\/noticias\/vale-vale3-dividendos-cair-acoes-baratas-evm\/\"><h2 class=\"content__title\">Dividendos da Vale (VALE3) devem cair, mas a\u00e7\u00f5es est\u00e3o baratas, diz analista da Suno<\/h2><\/a><div class=\"newsContent__article__meta\"><div class=\"newsContent__article__meta__authorBox\"><a href=\"https:\/\/www.suno.com.br\/noticias\/author\/eduardo-vargas\/\" class=\"authorBox__avatar noMobi\"><img src=\"https:\/\/secure.gravatar.com\/avatar\/dac340933427a22924c9f99d1eb2e3f2?s=96&#038;r=g\" alt=\"Eduardo Vargas\"><\/a><div class=\"authorBox__name\"><span>por\n\t\t\t<a href=\"https:\/\/www.suno.com.br\/noticias\/author\/eduardo-vargas\/\"><span itemprop=\"author\">Eduardo Vargas<\/span><\/a><\/span><time datetime=\"2024-07-11T15:19:47-03:00\" itemprop=\"datePublished\">11\/07\/2024 15:19<\/time><\/div><\/div><\/div><\/div><\/div>","single_layout":"posts","amp_enabled":true,"_links":{"self":[{"href":"https:\/\/www.suno.com.br\/noticias\/wp-json\/wp\/v2\/posts\/566126"}],"collection":[{"href":"https:\/\/www.suno.com.br\/noticias\/wp-json\/wp\/v2\/posts"}],"about":[{"href":"https:\/\/www.suno.com.br\/noticias\/wp-json\/wp\/v2\/types\/post"}],"author":[{"embeddable":true,"href":"https:\/\/www.suno.com.br\/noticias\/wp-json\/wp\/v2\/users\/73"}],"replies":[{"embeddable":true,"href":"https:\/\/www.suno.com.br\/noticias\/wp-json\/wp\/v2\/comments?post=566126"}],"version-history":[{"count":3,"href":"https:\/\/www.suno.com.br\/noticias\/wp-json\/wp\/v2\/posts\/566126\/revisions"}],"predecessor-version":[{"id":566206,"href":"https:\/\/www.suno.com.br\/noticias\/wp-json\/wp\/v2\/posts\/566126\/revisions\/566206"}],"wp:featuredmedia":[{"embeddable":true,"href":"https:\/\/www.suno.com.br\/noticias\/wp-json\/wp\/v2\/media\/566144"}],"wp:attachment":[{"href":"https:\/\/www.suno.com.br\/noticias\/wp-json\/wp\/v2\/media?parent=566126"}],"wp:term":[{"taxonomy":"category","embeddable":true,"href":"https:\/\/www.suno.com.br\/noticias\/wp-json\/wp\/v2\/categories?post=566126"},{"taxonomy":"post_tag","embeddable":true,"href":"https:\/\/www.suno.com.br\/noticias\/wp-json\/wp\/v2\/tags?post=566126"},{"taxonomy":"suno_strategy","embeddable":true,"href":"https:\/\/www.suno.com.br\/noticias\/wp-json\/wp\/v2\/suno_strategy?post=566126"}],"curies":[{"name":"wp","href":"https:\/\/api.w.org\/{rel}","templated":true}]}}